[{"ano_emissao_emp":"2023","n_emp":"0000001","data_emissao":"02\/01\/2023","valor":"2.798.107,52","tipo_empenho":"Estimativo","hist_emp":"VALOR QUE SE EMPENHA PARA FAZER FACE AO PAGAMENTO DOS SUBS\u00cdDIOS DOS VEREADORES DESTA CASA LEGISLATIVA, NESTE EXERC\u00cdCIO DE 2023.","fornecedor":"FOLHA DE PAGAMENTO","denom_uni_orc":"CORPO DELIBERATIVO E SECRETARIA","funcao":"Legislativa","sub_funcao":"A\u00e7\u00e3o Legislativa","programa":"A\u00c7\u00c3O LEGISLATIVA","acao":"AQUISI\u00c7\u00c3O DE EQUIPAMENTOS DIVERSOS PARA O PROGRAMA PRIMEIRA INF\u00c2NCIA N","ident_acao":"Atividade","cat_econ":"Despesa Corrente","natureza_despesa":"Pessoal e Encargos Sociais","modalidade_despesa":"Aplica\u00e7\u00f5es Diretas","elemento_despesa":"Vencimentos e Vantagens Fixas - Pessoal Civil","sub_elem_desp":"SEM SUBELEMENTO","fonte_recurso":"Recursos do Exerc\u00edcio Corrente \/ Outros Recursos n\u00e3o Vinculados \/ -"},{"ano_emissao_emp":"2023","n_emp":"0000001","data_emissao":"02\/01\/2023","valor":"2.798.107,52","tipo_empenho":"Estimativo","hist_emp":"VALOR QUE SE EMPENHA PARA FAZER FACE AO PAGAMENTO DOS SUBS\u00cdDIOS DOS VEREADORES DESTA CASA LEGISLATIVA, NESTE EXERC\u00cdCIO DE 2023.","fornecedor":"FOLHA DE PAGAMENTO","denom_uni_orc":"CORPO DELIBERATIVO E SECRETARIA","funcao":"Legislativa","sub_funcao":"A\u00e7\u00e3o Legislativa","programa":"A\u00c7\u00c3O LEGISLATIVA","acao":"MANUTEN\u00c7\u00c3O DAS ATIVIDADES LEGISLATIVAS","ident_acao":"Atividade","cat_econ":"Despesa Corrente","natureza_despesa":"Pessoal e Encargos Sociais","modalidade_despesa":"Aplica\u00e7\u00f5es Diretas","elemento_despesa":"Vencimentos e Vantagens Fixas - Pessoal Civil","sub_elem_desp":"SEM SUBELEMENTO","fonte_recurso":"Recursos do Exerc\u00edcio Corrente \/ Outros Recursos n\u00e3o Vinculados \/ -"},{"ano_emissao_emp":"2023","n_emp":"0000002","data_emissao":"02\/01\/2023","valor":"2.025.000,00","tipo_empenho":"Estimativo","hist_emp":"VALOR QUE SE EMPENHA PARA FAZER FACE AO PAGAMENTO DOS VENCIMENTOS DOS SERVIDORES COMISSIONADOS DESTA CASA LEGISLATIVA, NESTE EXERC\u00cdCIO DE 2023.","fornecedor":"FOLHA DE PAGAMENTO","denom_uni_orc":"CORPO DELIBERATIVO E SECRETARIA","funcao":"Legislativa","sub_funcao":"A\u00e7\u00e3o Legislativa","programa":"A\u00c7\u00c3O LEGISLATIVA","acao":"AQUISI\u00c7\u00c3O DE M\u00d3VEIS, M\u00c1QUINAS E EQUIPAMENTOS DIVERSOS PARA O CONSELHO","ident_acao":"Atividade","cat_econ":"Despesa Corrente","natureza_despesa":"Pessoal e Encargos Sociais","modalidade_despesa":"Aplica\u00e7\u00f5es Diretas","elemento_despesa":"Vencimentos e Vantagens Fixas - Pessoal Civil","sub_elem_desp":"SEM SUBELEMENTO","fonte_recurso":"Recursos do Exerc\u00edcio Corrente \/ Outros Recursos n\u00e3o Vinculados \/ -"},{"ano_emissao_emp":"2023","n_emp":"0000002","data_emissao":"02\/01\/2023","valor":"2.025.000,00","tipo_empenho":"Estimativo","hist_emp":"VALOR QUE SE EMPENHA PARA FAZER FACE AO PAGAMENTO DOS VENCIMENTOS DOS SERVIDORES COMISSIONADOS DESTA CASA LEGISLATIVA, NESTE EXERC\u00cdCIO DE 2023.","fornecedor":"FOLHA DE PAGAMENTO","denom_uni_orc":"CORPO DELIBERATIVO E SECRETARIA","funcao":"Legislativa","sub_funcao":"A\u00e7\u00e3o Legislativa","programa":"A\u00c7\u00c3O LEGISLATIVA","acao":"MANUTEN\u00c7\u00c3O DAS ATIVIDADES ADMINISTRATIVAS","ident_acao":"Atividade","cat_econ":"Despesa Corrente","natureza_despesa":"Pessoal e Encargos Sociais","modalidade_despesa":"Aplica\u00e7\u00f5es Diretas","elemento_despesa":"Vencimentos e Vantagens Fixas - Pessoal Civil","sub_elem_desp":"SEM SUBELEMENTO","fonte_recurso":"Recursos do Exerc\u00edcio Corrente \/ Outros Recursos n\u00e3o Vinculados \/ -"},{"ano_emissao_emp":"2023","n_emp":"0000002","data_emissao":"02\/01\/2023","valor":"2.025.000,00","tipo_empenho":"Estimativo","hist_emp":"VALOR QUE SE EMPENHA PARA FAZER FACE AO PAGAMENTO DOS VENCIMENTOS DOS SERVIDORES COMISSIONADOS DESTA CASA LEGISLATIVA, NESTE EXERC\u00cdCIO DE 2023.","fornecedor":"FOLHA DE PAGAMENTO","denom_uni_orc":"CORPO DELIBERATIVO E SECRETARIA","funcao":"Legislativa","sub_funcao":"A\u00e7\u00e3o Legislativa","programa":"A\u00c7\u00c3O LEGISLATIVA","acao":"INDENIZA\u00c7\u00d5ES E RESTITUI\u00c7\u00d5ES DIVERSAS (FMS)","ident_acao":"Atividade","cat_econ":"Despesa Corrente","natureza_despesa":"Pessoal e Encargos Sociais","modalidade_despesa":"Aplica\u00e7\u00f5es Diretas","elemento_despesa":"Vencimentos e Vantagens Fixas - Pessoal Civil","sub_elem_desp":"SEM SUBELEMENTO","fonte_recurso":"Recursos do Exerc\u00edcio Corrente \/ Outros Recursos n\u00e3o Vinculados \/ -"},{"ano_emissao_emp":"2023","n_emp":"0000003","data_emissao":"02\/01\/2023","valor":"337.500,00","tipo_empenho":"Estimativo","hist_emp":"VALOR QUE SE EMPENHA PARA FAZER FACE AO PAGAMENTO DOS VENCIMENTOS DOS SERVIDORES EFETIVOS DESTA CASA LEGISLATIVA, NESTE EXERC\u00cdCIO DE 2023.","fornecedor":"FOLHA DE PAGAMENTO","denom_uni_orc":"CORPO DELIBERATIVO E SECRETARIA","funcao":"Legislativa","sub_funcao":"A\u00e7\u00e3o Legislativa","programa":"A\u00c7\u00c3O LEGISLATIVA","acao":"AQUISI\u00c7\u00c3O DE M\u00d3VEIS, M\u00c1QUINAS E EQUIPAMENTOS DIVERSOS PARA O CONSELHO","ident_acao":"Atividade","cat_econ":"Despesa Corrente","natureza_despesa":"Pessoal e Encargos Sociais","modalidade_despesa":"Aplica\u00e7\u00f5es Diretas","elemento_despesa":"Vencimentos e Vantagens Fixas - Pessoal Civil","sub_elem_desp":"SEM SUBELEMENTO","fonte_recurso":"Recursos do Exerc\u00edcio Corrente \/ Outros Recursos n\u00e3o Vinculados \/ -"},{"ano_emissao_emp":"2023","n_emp":"0000003","data_emissao":"02\/01\/2023","valor":"337.500,00","tipo_empenho":"Estimativo","hist_emp":"VALOR QUE SE EMPENHA PARA FAZER FACE AO PAGAMENTO DOS VENCIMENTOS DOS SERVIDORES EFETIVOS DESTA CASA LEGISLATIVA, NESTE EXERC\u00cdCIO DE 2023.","fornecedor":"FOLHA DE PAGAMENTO","denom_uni_orc":"CORPO DELIBERATIVO E SECRETARIA","funcao":"Legislativa","sub_funcao":"A\u00e7\u00e3o Legislativa","programa":"A\u00c7\u00c3O LEGISLATIVA","acao":"MANUTEN\u00c7\u00c3O DAS ATIVIDADES ADMINISTRATIVAS","ident_acao":"Atividade","cat_econ":"Despesa Corrente","natureza_despesa":"Pessoal e Encargos Sociais","modalidade_despesa":"Aplica\u00e7\u00f5es Diretas","elemento_despesa":"Vencimentos e Vantagens Fixas - Pessoal Civil","sub_elem_desp":"SEM SUBELEMENTO","fonte_recurso":"Recursos do Exerc\u00edcio Corrente \/ Outros Recursos n\u00e3o Vinculados \/ -"},{"ano_emissao_emp":"2023","n_emp":"0000003","data_emissao":"02\/01\/2023","valor":"337.500,00","tipo_empenho":"Estimativo","hist_emp":"VALOR QUE SE EMPENHA PARA FAZER FACE AO PAGAMENTO DOS VENCIMENTOS DOS SERVIDORES EFETIVOS DESTA CASA LEGISLATIVA, NESTE EXERC\u00cdCIO DE 2023.","fornecedor":"FOLHA DE PAGAMENTO","denom_uni_orc":"CORPO DELIBERATIVO E SECRETARIA","funcao":"Legislativa","sub_funcao":"A\u00e7\u00e3o Legislativa","programa":"A\u00c7\u00c3O LEGISLATIVA","acao":"INDENIZA\u00c7\u00d5ES E RESTITUI\u00c7\u00d5ES DIVERSAS (FMS)","ident_acao":"Atividade","cat_econ":"Despesa Corrente","natureza_despesa":"Pessoal e Encargos Sociais","modalidade_despesa":"Aplica\u00e7\u00f5es Diretas","elemento_despesa":"Vencimentos e Vantagens Fixas - Pessoal Civil","sub_elem_desp":"SEM SUBELEMENTO","fonte_recurso":"Recursos do Exerc\u00edcio Corrente \/ Outros Recursos n\u00e3o Vinculados \/ -"},{"ano_emissao_emp":"2023","n_emp":"0000004","data_emissao":"02\/01\/2023","valor":"108.000,00","tipo_empenho":"Estimativo","hist_emp":"VALOR QUE SE EMPENHA PARA FAZER FACE AO PAGAMENTO DA PARTE PATRONAL  DO SANTA CRUZ PREV DESTA CASA LEGISLATIVA. ESTIMATIVO PARA O EXERC\u00cdCIO DE 2023.","fornecedor":"FOLHA DE PAGAMENTO","denom_uni_orc":"CORPO DELIBERATIVO E SECRETARIA","funcao":"Legislativa","sub_funcao":"A\u00e7\u00e3o Legislativa","programa":"PREVID\u00caNCIA SOCIAL A SEGURADOS","acao":"CONTRIBUI\u00c7\u00c3O PREVIDENCI\u00c1RIA E FGTS","ident_acao":"Atividade","cat_econ":"Despesa Corrente","natureza_despesa":"Pessoal e Encargos Sociais","modalidade_despesa":"Aplica\u00e7\u00e3o Direta Decorrente de Opera\u00e7\u00e3o entre \u00d3rg\u00e3os, Fundos e Entidades Integrantes dos Or\u00e7amentos Fiscal e da Seguridade Social","elemento_despesa":"Obriga\u00e7\u00f5es Patronais","sub_elem_desp":"SEM SUBELEMENTO","fonte_recurso":"Recursos do Exerc\u00edcio Corrente \/ Outros Recursos n\u00e3o Vinculados \/ -"},{"ano_emissao_emp":"2023","n_emp":"0000004","data_emissao":"02\/01\/2023","valor":"108.000,00","tipo_empenho":"Estimativo","hist_emp":"VALOR QUE SE EMPENHA PARA FAZER FACE AO PAGAMENTO DA PARTE PATRONAL  DO SANTA CRUZ PREV DESTA CASA LEGISLATIVA. ESTIMATIVO PARA O EXERC\u00cdCIO DE 2023.","fornecedor":"FOLHA DE PAGAMENTO","denom_uni_orc":"CORPO DELIBERATIVO E SECRETARIA","funcao":"Legislativa","sub_funcao":"A\u00e7\u00e3o Legislativa","programa":"PREVID\u00caNCIA SOCIAL A SEGURADOS","acao":"RESERVA DE CONTING\u00caNCIA ( PAGAMENTO E COBERTURA DE PASSIVOS CONTINGENT","ident_acao":"Atividade","cat_econ":"Despesa Corrente","natureza_despesa":"Pessoal e Encargos Sociais","modalidade_despesa":"Aplica\u00e7\u00e3o Direta Decorrente de Opera\u00e7\u00e3o entre \u00d3rg\u00e3os, Fundos e Entidades Integrantes dos Or\u00e7amentos Fiscal e da Seguridade Social","elemento_despesa":"Obriga\u00e7\u00f5es Patronais","sub_elem_desp":"SEM SUBELEMENTO","fonte_recurso":"Recursos do Exerc\u00edcio Corrente \/ Outros Recursos n\u00e3o Vinculados \/ -"},{"ano_emissao_emp":"2023","n_emp":"0000005","data_emissao":"02\/01\/2023","valor":"984.000,00","tipo_empenho":"Estimativo","hist_emp":"VALOR QUE SE EMPENHA PARA FAZER FACE AO PAGAMENTO DA PARTE PATRONAL DO INSS DAS FOLHAS DE PAGAMENTO DOS VEREADORES E SERVIDORES COMISSIONADOS. ESTIMATIVO PARA O EXERC\u00cdCIO DE 2023.","fornecedor":"FOLHA DE PAGAMENTO","denom_uni_orc":"CORPO DELIBERATIVO E SECRETARIA","funcao":"Legislativa","sub_funcao":"A\u00e7\u00e3o Legislativa","programa":"PREVID\u00caNCIA SOCIAL A SEGURADOS","acao":"CONTRIBUI\u00c7\u00c3O PREVIDENCI\u00c1RIA E FGTS","ident_acao":"Atividade","cat_econ":"Despesa Corrente","natureza_despesa":"Pessoal e Encargos Sociais","modalidade_despesa":"Aplica\u00e7\u00f5es Diretas","elemento_despesa":"Obriga\u00e7\u00f5es Patronais","sub_elem_desp":"SEM SUBELEMENTO","fonte_recurso":"Recursos do Exerc\u00edcio Corrente \/ Outros Recursos n\u00e3o Vinculados \/ -"},{"ano_emissao_emp":"2023","n_emp":"0000005","data_emissao":"02\/01\/2023","valor":"984.000,00","tipo_empenho":"Estimativo","hist_emp":"VALOR QUE SE EMPENHA PARA FAZER FACE AO PAGAMENTO DA PARTE PATRONAL DO INSS DAS FOLHAS DE PAGAMENTO DOS VEREADORES E SERVIDORES COMISSIONADOS. ESTIMATIVO PARA O EXERC\u00cdCIO DE 2023.","fornecedor":"FOLHA DE PAGAMENTO","denom_uni_orc":"CORPO DELIBERATIVO E SECRETARIA","funcao":"Legislativa","sub_funcao":"A\u00e7\u00e3o Legislativa","programa":"PREVID\u00caNCIA SOCIAL A SEGURADOS","acao":"RESERVA DE CONTING\u00caNCIA ( PAGAMENTO E COBERTURA DE PASSIVOS CONTINGENT","ident_acao":"Atividade","cat_econ":"Despesa Corrente","natureza_despesa":"Pessoal e Encargos Sociais","modalidade_despesa":"Aplica\u00e7\u00f5es Diretas","elemento_despesa":"Obriga\u00e7\u00f5es Patronais","sub_elem_desp":"SEM SUBELEMENTO","fonte_recurso":"Recursos do Exerc\u00edcio Corrente \/ Outros Recursos n\u00e3o Vinculados \/ -"},{"ano_emissao_emp":"2023","n_emp":"0000006","data_emissao":"02\/01\/2023","valor":"45.600,00","tipo_empenho":"Estimativo","hist_emp":"VALOR QUE SE EMPENHA PARA FAZER FACE AO PAGAMENTO DO SERVI\u00c7O DE FORNECIMENTO DE ENERGIA EL\u00c9TRICA PARA ESTA CASA LEGISLATIVA. ESTIMATIVO PARA O EXERC\u00cdCIO DE 2023.","fornecedor":"NEOENERGIA","denom_uni_orc":"CORPO DELIBERATIVO E SECRETARIA","funcao":"Legislativa","sub_funcao":"A\u00e7\u00e3o Legislativa","programa":"A\u00c7\u00c3O LEGISLATIVA","acao":"AQUISI\u00c7\u00c3O DE M\u00d3VEIS, M\u00c1QUINAS E EQUIPAMENTOS DIVERSOS PARA O CONSELHO","ident_acao":"Atividade","cat_econ":"Despesa Corrente","natureza_despesa":"Outras Despesas Correntes","modalidade_despesa":"Aplica\u00e7\u00f5es Diretas","elemento_despesa":"Outros Servi\u00e7os de Terceiros - Pessoa Jur\u00eddica","sub_elem_desp":"SEM SUBELEMENTO","fonte_recurso":"Recursos do Exerc\u00edcio Corrente \/ Outros Recursos n\u00e3o Vinculados \/ -"},{"ano_emissao_emp":"2023","n_emp":"0000006","data_emissao":"02\/01\/2023","valor":"45.600,00","tipo_empenho":"Estimativo","hist_emp":"VALOR QUE SE EMPENHA PARA FAZER FACE AO PAGAMENTO DO SERVI\u00c7O DE FORNECIMENTO DE ENERGIA EL\u00c9TRICA PARA ESTA CASA LEGISLATIVA. ESTIMATIVO PARA O EXERC\u00cdCIO DE 2023.","fornecedor":"NEOENERGIA","denom_uni_orc":"CORPO DELIBERATIVO E SECRETARIA","funcao":"Legislativa","sub_funcao":"A\u00e7\u00e3o Legislativa","programa":"A\u00c7\u00c3O LEGISLATIVA","acao":"MANUTEN\u00c7\u00c3O DAS ATIVIDADES ADMINISTRATIVAS","ident_acao":"Atividade","cat_econ":"Despesa Corrente","natureza_despesa":"Outras Despesas Correntes","modalidade_despesa":"Aplica\u00e7\u00f5es Diretas","elemento_despesa":"Outros Servi\u00e7os de Terceiros - Pessoa Jur\u00eddica","sub_elem_desp":"SEM SUBELEMENTO","fonte_recurso":"Recursos do Exerc\u00edcio Corrente \/ Outros Recursos n\u00e3o Vinculados \/ -"},{"ano_emissao_emp":"2023","n_emp":"0000006","data_emissao":"02\/01\/2023","valor":"45.600,00","tipo_empenho":"Estimativo","hist_emp":"VALOR QUE SE EMPENHA PARA FAZER FACE AO PAGAMENTO DO SERVI\u00c7O DE FORNECIMENTO DE ENERGIA EL\u00c9TRICA PARA ESTA CASA LEGISLATIVA. ESTIMATIVO PARA O EXERC\u00cdCIO DE 2023.","fornecedor":"NEOENERGIA","denom_uni_orc":"CORPO DELIBERATIVO E SECRETARIA","funcao":"Legislativa","sub_funcao":"A\u00e7\u00e3o Legislativa","programa":"A\u00c7\u00c3O LEGISLATIVA","acao":"INDENIZA\u00c7\u00d5ES E RESTITUI\u00c7\u00d5ES DIVERSAS (FMS)","ident_acao":"Atividade","cat_econ":"Despesa Corrente","natureza_despesa":"Outras Despesas Correntes","modalidade_despesa":"Aplica\u00e7\u00f5es Diretas","elemento_despesa":"Outros Servi\u00e7os de Terceiros - Pessoa Jur\u00eddica","sub_elem_desp":"SEM SUBELEMENTO","fonte_recurso":"Recursos do Exerc\u00edcio Corrente \/ Outros Recursos n\u00e3o Vinculados \/ -"},{"ano_emissao_emp":"2023","n_emp":"0000007","data_emissao":"02\/01\/2023","valor":"4.200,00","tipo_empenho":"Estimativo","hist_emp":"VALOR QUE SE EMPENHA PARA FAZER FACE AO PAGAMENTO DO SERVI\u00c7O DE FORNECIMENTO DE \u00c1GUA ENCANADA E ESGOTO PARA ESTA CASA LEGISLATIVA. ESTIMATIVO PARA O EXERC\u00cdCIO DE 2023.","fornecedor":"COMPESA - COMPANHIA PERNAMBUCANA DE SANEAMENTO","denom_uni_orc":"CORPO DELIBERATIVO E SECRETARIA","funcao":"Legislativa","sub_funcao":"A\u00e7\u00e3o Legislativa","programa":"A\u00c7\u00c3O LEGISLATIVA","acao":"AQUISI\u00c7\u00c3O DE M\u00d3VEIS, M\u00c1QUINAS E EQUIPAMENTOS DIVERSOS PARA O CONSELHO","ident_acao":"Atividade","cat_econ":"Despesa Corrente","natureza_despesa":"Outras Despesas Correntes","modalidade_despesa":"Aplica\u00e7\u00f5es Diretas","elemento_despesa":"Outros Servi\u00e7os de Terceiros - Pessoa Jur\u00eddica","sub_elem_desp":"SEM SUBELEMENTO","fonte_recurso":"Recursos do Exerc\u00edcio Corrente \/ Outros Recursos n\u00e3o Vinculados \/ -"},{"ano_emissao_emp":"2023","n_emp":"0000007","data_emissao":"02\/01\/2023","valor":"4.200,00","tipo_empenho":"Estimativo","hist_emp":"VALOR QUE SE EMPENHA PARA FAZER FACE AO PAGAMENTO DO SERVI\u00c7O DE FORNECIMENTO DE \u00c1GUA ENCANADA E ESGOTO PARA ESTA CASA LEGISLATIVA. ESTIMATIVO PARA O EXERC\u00cdCIO DE 2023.","fornecedor":"COMPESA - COMPANHIA PERNAMBUCANA DE SANEAMENTO","denom_uni_orc":"CORPO DELIBERATIVO E SECRETARIA","funcao":"Legislativa","sub_funcao":"A\u00e7\u00e3o Legislativa","programa":"A\u00c7\u00c3O LEGISLATIVA","acao":"MANUTEN\u00c7\u00c3O DAS ATIVIDADES ADMINISTRATIVAS","ident_acao":"Atividade","cat_econ":"Despesa Corrente","natureza_despesa":"Outras Despesas Correntes","modalidade_despesa":"Aplica\u00e7\u00f5es Diretas","elemento_despesa":"Outros Servi\u00e7os de Terceiros - Pessoa Jur\u00eddica","sub_elem_desp":"SEM SUBELEMENTO","fonte_recurso":"Recursos do Exerc\u00edcio Corrente \/ Outros Recursos n\u00e3o Vinculados \/ -"},{"ano_emissao_emp":"2023","n_emp":"0000007","data_emissao":"02\/01\/2023","valor":"4.200,00","tipo_empenho":"Estimativo","hist_emp":"VALOR QUE SE EMPENHA PARA FAZER FACE AO PAGAMENTO DO SERVI\u00c7O DE FORNECIMENTO DE \u00c1GUA ENCANADA E ESGOTO PARA ESTA CASA LEGISLATIVA. ESTIMATIVO PARA O EXERC\u00cdCIO DE 2023.","fornecedor":"COMPESA - COMPANHIA PERNAMBUCANA DE SANEAMENTO","denom_uni_orc":"CORPO DELIBERATIVO E SECRETARIA","funcao":"Legislativa","sub_funcao":"A\u00e7\u00e3o Legislativa","programa":"A\u00c7\u00c3O LEGISLATIVA","acao":"INDENIZA\u00c7\u00d5ES E RESTITUI\u00c7\u00d5ES DIVERSAS (FMS)","ident_acao":"Atividade","cat_econ":"Despesa Corrente","natureza_despesa":"Outras Despesas Correntes","modalidade_despesa":"Aplica\u00e7\u00f5es Diretas","elemento_despesa":"Outros Servi\u00e7os de Terceiros - Pessoa Jur\u00eddica","sub_elem_desp":"SEM SUBELEMENTO","fonte_recurso":"Recursos do Exerc\u00edcio Corrente \/ Outros Recursos n\u00e3o Vinculados \/ -"},{"ano_emissao_emp":"2023","n_emp":"0000008","data_emissao":"02\/01\/2023","valor":"7.200,00","tipo_empenho":"Estimativo","hist_emp":"VALOR QUE SE EMPENHA PARA FAZER FACE AO PAGAMENTO DAS TARIFAS BANC\u00c1RIAS DESCONTADAS NO EXTRATO DA CONTA DESTA CASA LEGISLATIVA. ESTIMATIVO PARA O EXERC\u00cdCIO DE 2023.","fornecedor":"BANCO DO BRASIL","denom_uni_orc":"CORPO DELIBERATIVO E SECRETARIA","funcao":"Legislativa","sub_funcao":"A\u00e7\u00e3o Legislativa","programa":"A\u00c7\u00c3O LEGISLATIVA","acao":"AQUISI\u00c7\u00c3O DE M\u00d3VEIS, M\u00c1QUINAS E EQUIPAMENTOS DIVERSOS PARA O CONSELHO","ident_acao":"Atividade","cat_econ":"Despesa Corrente","natureza_despesa":"Outras Despesas Correntes","modalidade_despesa":"Aplica\u00e7\u00f5es Diretas","elemento_despesa":"Outros Servi\u00e7os de Terceiros - Pessoa Jur\u00eddica","sub_elem_desp":"SEM SUBELEMENTO","fonte_recurso":"Recursos do Exerc\u00edcio Corrente \/ Outros Recursos n\u00e3o Vinculados \/ -"},{"ano_emissao_emp":"2023","n_emp":"0000008","data_emissao":"02\/01\/2023","valor":"7.200,00","tipo_empenho":"Estimativo","hist_emp":"VALOR QUE SE EMPENHA PARA FAZER FACE AO PAGAMENTO DAS TARIFAS BANC\u00c1RIAS DESCONTADAS NO EXTRATO DA CONTA DESTA CASA LEGISLATIVA. ESTIMATIVO PARA O EXERC\u00cdCIO DE 2023.","fornecedor":"BANCO DO BRASIL","denom_uni_orc":"CORPO DELIBERATIVO E SECRETARIA","funcao":"Legislativa","sub_funcao":"A\u00e7\u00e3o Legislativa","programa":"A\u00c7\u00c3O LEGISLATIVA","acao":"MANUTEN\u00c7\u00c3O DAS ATIVIDADES ADMINISTRATIVAS","ident_acao":"Atividade","cat_econ":"Despesa Corrente","natureza_despesa":"Outras Despesas Correntes","modalidade_despesa":"Aplica\u00e7\u00f5es Diretas","elemento_despesa":"Outros Servi\u00e7os de Terceiros - Pessoa Jur\u00eddica","sub_elem_desp":"SEM SUBELEMENTO","fonte_recurso":"Recursos do Exerc\u00edcio Corrente \/ Outros Recursos n\u00e3o Vinculados \/ -"},{"ano_emissao_emp":"2023","n_emp":"0000008","data_emissao":"02\/01\/2023","valor":"7.200,00","tipo_empenho":"Estimativo","hist_emp":"VALOR QUE SE EMPENHA PARA FAZER FACE AO PAGAMENTO DAS TARIFAS BANC\u00c1RIAS DESCONTADAS NO EXTRATO DA CONTA DESTA CASA LEGISLATIVA. ESTIMATIVO PARA O EXERC\u00cdCIO DE 2023.","fornecedor":"BANCO DO BRASIL","denom_uni_orc":"CORPO DELIBERATIVO E SECRETARIA","funcao":"Legislativa","sub_funcao":"A\u00e7\u00e3o Legislativa","programa":"A\u00c7\u00c3O LEGISLATIVA","acao":"INDENIZA\u00c7\u00d5ES E RESTITUI\u00c7\u00d5ES DIVERSAS (FMS)","ident_acao":"Atividade","cat_econ":"Despesa Corrente","natureza_despesa":"Outras Despesas Correntes","modalidade_despesa":"Aplica\u00e7\u00f5es Diretas","elemento_despesa":"Outros Servi\u00e7os de Terceiros - Pessoa Jur\u00eddica","sub_elem_desp":"SEM SUBELEMENTO","fonte_recurso":"Recursos do Exerc\u00edcio Corrente \/ Outros Recursos n\u00e3o Vinculados \/ -"},{"ano_emissao_emp":"2023","n_emp":"0000009","data_emissao":"02\/01\/2023","valor":"15.600,00","tipo_empenho":"Estimativo","hist_emp":"VALOR QUE SE EMPENHA PARA FAZER FACE AO PAGAMENTO DO SERVI\u00c7O DE FORNECIMENTO DE ENERGIA EL\u00c9TRICA PARA O  PR\u00c9DIO QUE COMPORTA O CIDATEC EMANUEL GLIC\u00c9RIO. ESTIMATIVO PARA O EXERC\u00cdCIO DE 2023.","fornecedor":"NEOENERGIA","denom_uni_orc":"CORPO DELIBERATIVO E SECRETARIA","funcao":"Legislativa","sub_funcao":"A\u00e7\u00e3o Legislativa","programa":"A\u00c7\u00c3O LEGISLATIVA","acao":"AQUISI\u00c7\u00c3O DE M\u00d3VEIS, M\u00c1QUINAS E EQUIPAMENTOS DIVERSOS PARA O CONSELHO","ident_acao":"Atividade","cat_econ":"Despesa Corrente","natureza_despesa":"Outras Despesas Correntes","modalidade_despesa":"Aplica\u00e7\u00f5es Diretas","elemento_despesa":"Outros Servi\u00e7os de Terceiros - Pessoa Jur\u00eddica","sub_elem_desp":"SEM SUBELEMENTO","fonte_recurso":"Recursos do Exerc\u00edcio Corrente \/ Outros Recursos n\u00e3o Vinculados \/ -"},{"ano_emissao_emp":"2023","n_emp":"0000009","data_emissao":"02\/01\/2023","valor":"15.600,00","tipo_empenho":"Estimativo","hist_emp":"VALOR QUE SE EMPENHA PARA FAZER FACE AO PAGAMENTO DO SERVI\u00c7O DE FORNECIMENTO DE ENERGIA EL\u00c9TRICA PARA O  PR\u00c9DIO QUE COMPORTA O CIDATEC EMANUEL GLIC\u00c9RIO. ESTIMATIVO PARA O EXERC\u00cdCIO DE 2023.","fornecedor":"NEOENERGIA","denom_uni_orc":"CORPO DELIBERATIVO E SECRETARIA","funcao":"Legislativa","sub_funcao":"A\u00e7\u00e3o Legislativa","programa":"A\u00c7\u00c3O LEGISLATIVA","acao":"MANUTEN\u00c7\u00c3O DAS ATIVIDADES ADMINISTRATIVAS","ident_acao":"Atividade","cat_econ":"Despesa Corrente","natureza_despesa":"Outras Despesas Correntes","modalidade_despesa":"Aplica\u00e7\u00f5es Diretas","elemento_despesa":"Outros Servi\u00e7os de Terceiros - Pessoa Jur\u00eddica","sub_elem_desp":"SEM SUBELEMENTO","fonte_recurso":"Recursos do Exerc\u00edcio Corrente \/ Outros Recursos n\u00e3o Vinculados \/ -"},{"ano_emissao_emp":"2023","n_emp":"0000009","data_emissao":"02\/01\/2023","valor":"15.600,00","tipo_empenho":"Estimativo","hist_emp":"VALOR QUE SE EMPENHA PARA FAZER FACE AO PAGAMENTO DO SERVI\u00c7O DE FORNECIMENTO DE ENERGIA EL\u00c9TRICA PARA O  PR\u00c9DIO QUE COMPORTA O CIDATEC EMANUEL GLIC\u00c9RIO. ESTIMATIVO PARA O EXERC\u00cdCIO DE 2023.","fornecedor":"NEOENERGIA","denom_uni_orc":"CORPO DELIBERATIVO E SECRETARIA","funcao":"Legislativa","sub_funcao":"A\u00e7\u00e3o Legislativa","programa":"A\u00c7\u00c3O LEGISLATIVA","acao":"INDENIZA\u00c7\u00d5ES E RESTITUI\u00c7\u00d5ES DIVERSAS (FMS)","ident_acao":"Atividade","cat_econ":"Despesa Corrente","natureza_despesa":"Outras Despesas Correntes","modalidade_despesa":"Aplica\u00e7\u00f5es Diretas","elemento_despesa":"Outros Servi\u00e7os de Terceiros - Pessoa Jur\u00eddica","sub_elem_desp":"SEM SUBELEMENTO","fonte_recurso":"Recursos do Exerc\u00edcio Corrente \/ Outros Recursos n\u00e3o Vinculados \/ -"},{"ano_emissao_emp":"2023","n_emp":"0000010","data_emissao":"02\/01\/2023","valor":"720,00","tipo_empenho":"Estimativo","hist_emp":"VALOR QUE SE EMPENHA PARA FAZER FACE AO PAGAMENTO DO SERVI\u00c7O DE FORNECIMENTO DE \u00c1GUA ENCANADA E ESGOTO PARA O PR\u00c9DIO QUE COMPORTA O CIDATEC EMANUEL GLIC\u00c9RIO. ESTIMATIVO PARA O EXERC\u00cdCIO DE 2023.","fornecedor":"COMPESA - COMPANHIA PERNAMBUCANA DE SANEAMENTO","denom_uni_orc":"CORPO DELIBERATIVO E SECRETARIA","funcao":"Legislativa","sub_funcao":"A\u00e7\u00e3o Legislativa","programa":"A\u00c7\u00c3O LEGISLATIVA","acao":"AQUISI\u00c7\u00c3O DE M\u00d3VEIS, M\u00c1QUINAS E EQUIPAMENTOS DIVERSOS PARA O CONSELHO","ident_acao":"Atividade","cat_econ":"Despesa Corrente","natureza_despesa":"Outras Despesas Correntes","modalidade_despesa":"Aplica\u00e7\u00f5es Diretas","elemento_despesa":"Outros Servi\u00e7os de Terceiros - Pessoa Jur\u00eddica","sub_elem_desp":"SEM SUBELEMENTO","fonte_recurso":"Recursos do Exerc\u00edcio Corrente \/ Outros Recursos n\u00e3o Vinculados \/ -"},{"ano_emissao_emp":"2023","n_emp":"0000010","data_emissao":"02\/01\/2023","valor":"720,00","tipo_empenho":"Estimativo","hist_emp":"VALOR QUE SE EMPENHA PARA FAZER FACE AO PAGAMENTO DO SERVI\u00c7O DE FORNECIMENTO DE \u00c1GUA ENCANADA E ESGOTO PARA O PR\u00c9DIO QUE COMPORTA O CIDATEC EMANUEL GLIC\u00c9RIO. ESTIMATIVO PARA O EXERC\u00cdCIO DE 2023.","fornecedor":"COMPESA - COMPANHIA PERNAMBUCANA DE SANEAMENTO","denom_uni_orc":"CORPO DELIBERATIVO E SECRETARIA","funcao":"Legislativa","sub_funcao":"A\u00e7\u00e3o Legislativa","programa":"A\u00c7\u00c3O LEGISLATIVA","acao":"MANUTEN\u00c7\u00c3O DAS ATIVIDADES ADMINISTRATIVAS","ident_acao":"Atividade","cat_econ":"Despesa Corrente","natureza_despesa":"Outras Despesas Correntes","modalidade_despesa":"Aplica\u00e7\u00f5es Diretas","elemento_despesa":"Outros Servi\u00e7os de Terceiros - Pessoa Jur\u00eddica","sub_elem_desp":"SEM SUBELEMENTO","fonte_recurso":"Recursos do Exerc\u00edcio Corrente \/ Outros Recursos n\u00e3o Vinculados \/ -"},{"ano_emissao_emp":"2023","n_emp":"0000010","data_emissao":"02\/01\/2023","valor":"720,00","tipo_empenho":"Estimativo","hist_emp":"VALOR QUE SE EMPENHA PARA FAZER FACE AO PAGAMENTO DO SERVI\u00c7O DE FORNECIMENTO DE \u00c1GUA ENCANADA E ESGOTO PARA O PR\u00c9DIO QUE COMPORTA O CIDATEC EMANUEL GLIC\u00c9RIO. ESTIMATIVO PARA O EXERC\u00cdCIO DE 2023.","fornecedor":"COMPESA - COMPANHIA PERNAMBUCANA DE SANEAMENTO","denom_uni_orc":"CORPO DELIBERATIVO E SECRETARIA","funcao":"Legislativa","sub_funcao":"A\u00e7\u00e3o Legislativa","programa":"A\u00c7\u00c3O LEGISLATIVA","acao":"INDENIZA\u00c7\u00d5ES E RESTITUI\u00c7\u00d5ES DIVERSAS (FMS)","ident_acao":"Atividade","cat_econ":"Despesa Corrente","natureza_despesa":"Outras Despesas Correntes","modalidade_despesa":"Aplica\u00e7\u00f5es Diretas","elemento_despesa":"Outros Servi\u00e7os de Terceiros - Pessoa Jur\u00eddica","sub_elem_desp":"SEM SUBELEMENTO","fonte_recurso":"Recursos do Exerc\u00edcio Corrente \/ Outros Recursos n\u00e3o Vinculados \/ -"},{"ano_emissao_emp":"2023","n_emp":"0000011","data_emissao":"02\/01\/2023","valor":"25.589,83","tipo_empenho":"Estimativo","hist_emp":"VALOR QUE SE EMPENHA PARA FAZER FACE AO PAGAMENTO DA AQUISI\u00c7\u00c3O DE COMBUST\u00cdVEIS, CONFORME ESPECIFICA\u00c7\u00d5ES, QUANTITATIVOS E CONDI\u00c7\u00d5ES ESTABELECIDAS NAS CL\u00c1USULAS DO CONTRATO N\u00b0006\/2022, PRIMEIRA ALTERA\u00c7\u00c3O. DO PROCESSO LICITAT\u00d3RIO 004\/2021, PREG\u00c3O N\u00b0 003\/2021, FIRMADO COM ESTE PODER LEGISLATIVO.","fornecedor":"POSTO DE COMBUSTIVEL BATISTA E FERREIRA LTDA","denom_uni_orc":"CORPO DELIBERATIVO E SECRETARIA","funcao":"Legislativa","sub_funcao":"A\u00e7\u00e3o Legislativa","programa":"A\u00c7\u00c3O LEGISLATIVA","acao":"AQUISI\u00c7\u00c3O DE M\u00d3VEIS, M\u00c1QUINAS E EQUIPAMENTOS DIVERSOS PARA O CONSELHO","ident_acao":"Atividade","cat_econ":"Despesa Corrente","natureza_despesa":"Outras Despesas Correntes","modalidade_despesa":"Aplica\u00e7\u00f5es Diretas","elemento_despesa":"Material de Consumo","sub_elem_desp":"SEM SUBELEMENTO","fonte_recurso":"Recursos do Exerc\u00edcio Corrente \/ Outros Recursos n\u00e3o Vinculados \/ -"},{"ano_emissao_emp":"2023","n_emp":"0000011","data_emissao":"02\/01\/2023","valor":"25.589,83","tipo_empenho":"Estimativo","hist_emp":"VALOR QUE SE EMPENHA PARA FAZER FACE AO PAGAMENTO DA AQUISI\u00c7\u00c3O DE COMBUST\u00cdVEIS, CONFORME ESPECIFICA\u00c7\u00d5ES, QUANTITATIVOS E CONDI\u00c7\u00d5ES ESTABELECIDAS NAS CL\u00c1USULAS DO CONTRATO N\u00b0006\/2022, PRIMEIRA ALTERA\u00c7\u00c3O. DO PROCESSO LICITAT\u00d3RIO 004\/2021, PREG\u00c3O N\u00b0 003\/2021, FIRMADO COM ESTE PODER LEGISLATIVO.","fornecedor":"POSTO DE COMBUSTIVEL BATISTA E FERREIRA LTDA","denom_uni_orc":"CORPO DELIBERATIVO E SECRETARIA","funcao":"Legislativa","sub_funcao":"A\u00e7\u00e3o Legislativa","programa":"A\u00c7\u00c3O LEGISLATIVA","acao":"MANUTEN\u00c7\u00c3O DAS ATIVIDADES ADMINISTRATIVAS","ident_acao":"Atividade","cat_econ":"Despesa Corrente","natureza_despesa":"Outras Despesas Correntes","modalidade_despesa":"Aplica\u00e7\u00f5es Diretas","elemento_despesa":"Material de Consumo","sub_elem_desp":"SEM SUBELEMENTO","fonte_recurso":"Recursos do Exerc\u00edcio Corrente \/ Outros Recursos n\u00e3o Vinculados \/ -"},{"ano_emissao_emp":"2023","n_emp":"0000011","data_emissao":"02\/01\/2023","valor":"25.589,83","tipo_empenho":"Estimativo","hist_emp":"VALOR QUE SE EMPENHA PARA FAZER FACE AO PAGAMENTO DA AQUISI\u00c7\u00c3O DE COMBUST\u00cdVEIS, CONFORME ESPECIFICA\u00c7\u00d5ES, QUANTITATIVOS E CONDI\u00c7\u00d5ES ESTABELECIDAS NAS CL\u00c1USULAS DO CONTRATO N\u00b0006\/2022, PRIMEIRA ALTERA\u00c7\u00c3O. DO PROCESSO LICITAT\u00d3RIO 004\/2021, PREG\u00c3O N\u00b0 003\/2021, FIRMADO COM ESTE PODER LEGISLATIVO.","fornecedor":"POSTO DE COMBUSTIVEL BATISTA E FERREIRA LTDA","denom_uni_orc":"CORPO DELIBERATIVO E SECRETARIA","funcao":"Legislativa","sub_funcao":"A\u00e7\u00e3o Legislativa","programa":"A\u00c7\u00c3O LEGISLATIVA","acao":"INDENIZA\u00c7\u00d5ES E RESTITUI\u00c7\u00d5ES DIVERSAS (FMS)","ident_acao":"Atividade","cat_econ":"Despesa Corrente","natureza_despesa":"Outras Despesas Correntes","modalidade_despesa":"Aplica\u00e7\u00f5es Diretas","elemento_despesa":"Material de Consumo","sub_elem_desp":"SEM SUBELEMENTO","fonte_recurso":"Recursos do Exerc\u00edcio Corrente \/ Outros Recursos n\u00e3o Vinculados \/ -"},{"ano_emissao_emp":"2023","n_emp":"0000012","data_emissao":"02\/01\/2023","valor":"149.343,66","tipo_empenho":"Estimativo","hist_emp":"VALOR QUE SE EMPENHA PARA FAZER FACE AO PAGAMENTO DOS SERVI\u00c7OS DE ADMINISTRA\u00c7\u00c3O, GERENCIAMENTO E FORNECIMENTO DE CART\u00d5ES DE VALE REFEI\u00c7\u00c3O\/ALIMENTA\u00c7\u00c3O, ELETR\u00d4NICOS, EQUIPADO COM CHIP DE SEGURAN\u00c7A E COM SENHA INDIVIDUAL, PARA RECARGA MENSAL. CONFORME TERMO ADITIVO AO CONTRATO N\u00b0005\/2021 (PROCESSO DE LICITA\u00c7\u00c3O N\u00b0002\/2021 - PREG\u00c3O ELETR\u00d4NICO N\u00b0001\/2021).","fornecedor":"GIMAVE - MEIOS DE PAGAMENTOS E INFORMA\u00c7\u00d5ES LTDA","denom_uni_orc":"CORPO DELIBERATIVO E SECRETARIA","funcao":"Legislativa","sub_funcao":"A\u00e7\u00e3o Legislativa","programa":"A\u00c7\u00c3O LEGISLATIVA","acao":"AQUISI\u00c7\u00c3O DE M\u00d3VEIS, M\u00c1QUINAS E EQUIPAMENTOS DIVERSOS PARA O CONSELHO","ident_acao":"Atividade","cat_econ":"Despesa Corrente","natureza_despesa":"Outras Despesas Correntes","modalidade_despesa":"Aplica\u00e7\u00f5es Diretas","elemento_despesa":"Aux\u00edlio-Alimenta\u00e7\u00e3o","sub_elem_desp":"SEM SUBELEMENTO","fonte_recurso":"Recursos do Exerc\u00edcio Corrente \/ Outros Recursos n\u00e3o Vinculados \/ -"},{"ano_emissao_emp":"2023","n_emp":"0000012","data_emissao":"02\/01\/2023","valor":"149.343,66","tipo_empenho":"Estimativo","hist_emp":"VALOR QUE SE EMPENHA PARA FAZER FACE AO PAGAMENTO DOS SERVI\u00c7OS DE ADMINISTRA\u00c7\u00c3O, GERENCIAMENTO E FORNECIMENTO DE CART\u00d5ES DE VALE REFEI\u00c7\u00c3O\/ALIMENTA\u00c7\u00c3O, ELETR\u00d4NICOS, EQUIPADO COM CHIP DE SEGURAN\u00c7A E COM SENHA INDIVIDUAL, PARA RECARGA MENSAL. CONFORME TERMO ADITIVO AO CONTRATO N\u00b0005\/2021 (PROCESSO DE LICITA\u00c7\u00c3O N\u00b0002\/2021 - PREG\u00c3O ELETR\u00d4NICO N\u00b0001\/2021).","fornecedor":"GIMAVE - MEIOS DE PAGAMENTOS E INFORMA\u00c7\u00d5ES LTDA","denom_uni_orc":"CORPO DELIBERATIVO E SECRETARIA","funcao":"Legislativa","sub_funcao":"A\u00e7\u00e3o Legislativa","programa":"A\u00c7\u00c3O LEGISLATIVA","acao":"MANUTEN\u00c7\u00c3O DAS ATIVIDADES ADMINISTRATIVAS","ident_acao":"Atividade","cat_econ":"Despesa Corrente","natureza_despesa":"Outras Despesas Correntes","modalidade_despesa":"Aplica\u00e7\u00f5es Diretas","elemento_despesa":"Aux\u00edlio-Alimenta\u00e7\u00e3o","sub_elem_desp":"SEM SUBELEMENTO","fonte_recurso":"Recursos do Exerc\u00edcio Corrente \/ Outros Recursos n\u00e3o Vinculados \/ -"},{"ano_emissao_emp":"2023","n_emp":"0000012","data_emissao":"02\/01\/2023","valor":"149.343,66","tipo_empenho":"Estimativo","hist_emp":"VALOR QUE SE EMPENHA PARA FAZER FACE AO PAGAMENTO DOS SERVI\u00c7OS DE ADMINISTRA\u00c7\u00c3O, GERENCIAMENTO E FORNECIMENTO DE CART\u00d5ES DE VALE REFEI\u00c7\u00c3O\/ALIMENTA\u00c7\u00c3O, ELETR\u00d4NICOS, EQUIPADO COM CHIP DE SEGURAN\u00c7A E COM SENHA INDIVIDUAL, PARA RECARGA MENSAL. CONFORME TERMO ADITIVO AO CONTRATO N\u00b0005\/2021 (PROCESSO DE LICITA\u00c7\u00c3O N\u00b0002\/2021 - PREG\u00c3O ELETR\u00d4NICO N\u00b0001\/2021).","fornecedor":"GIMAVE - MEIOS DE PAGAMENTOS E INFORMA\u00c7\u00d5ES LTDA","denom_uni_orc":"CORPO DELIBERATIVO E SECRETARIA","funcao":"Legislativa","sub_funcao":"A\u00e7\u00e3o Legislativa","programa":"A\u00c7\u00c3O LEGISLATIVA","acao":"INDENIZA\u00c7\u00d5ES E RESTITUI\u00c7\u00d5ES DIVERSAS (FMS)","ident_acao":"Atividade","cat_econ":"Despesa Corrente","natureza_despesa":"Outras Despesas Correntes","modalidade_despesa":"Aplica\u00e7\u00f5es Diretas","elemento_despesa":"Aux\u00edlio-Alimenta\u00e7\u00e3o","sub_elem_desp":"SEM SUBELEMENTO","fonte_recurso":"Recursos do Exerc\u00edcio Corrente \/ Outros Recursos n\u00e3o Vinculados \/ -"},{"ano_emissao_emp":"2023","n_emp":"0000013","data_emissao":"02\/01\/2023","valor":"26.711,85","tipo_empenho":"Global","hist_emp":"VALOR QUE SE EMPENHA PARA FAZER FACE AO PAGAMENTO DOS SERVI\u00c7OS PROFISSIONAIS T\u00c9CNICOS ESPECIALIZADOS DE CONSULTORIA E ASSESSORIA ADMINISTRATIVA E GERENCIAL NAS \u00c1REAS CONT\u00c1BIL E FINANCEIRA, INCLUINDO SISTEMA INFORMATIZADO DE CONTABILIDADE E OR\u00c7AMENTO P\u00daBLICO COM SOFTWARE EM INTERFACE GR\u00c1FICA TAMB\u00c9M EM FOLHA DE PAGAMENTO, CONTROLE INTERNO, E DE ACORDO COM O PLANO DE CONTAS ESTABELECIDO PELA UNI\u00c3O. CONFORME  PRIMEIRO TERMO ADITIVO AO CONTRATO N\u00b0002\/2021 (LICITA\u00c7\u00c3O N\u00b0001\/2021 - TOMADA DE PRE\u00c7OS N\u00b0001\/2021). F","fornecedor":"CERTAM - CENTRO REGIONAL DE TREINAMENTO EM ADMINISTRA\u00c7\u00c3O MUNICIPAL LTDA EPP","denom_uni_orc":"CORPO DELIBERATIVO E SECRETARIA","funcao":"Legislativa","sub_funcao":"A\u00e7\u00e3o Legislativa","programa":"A\u00c7\u00c3O LEGISLATIVA","acao":"AQUISI\u00c7\u00c3O DE M\u00d3VEIS, M\u00c1QUINAS E EQUIPAMENTOS DIVERSOS PARA O CONSELHO","ident_acao":"Atividade","cat_econ":"Despesa Corrente","natureza_despesa":"Outras Despesas Correntes","modalidade_despesa":"Aplica\u00e7\u00f5es Diretas","elemento_despesa":"Servi\u00e7os de Consultoria","sub_elem_desp":"SEM SUBELEMENTO","fonte_recurso":"Recursos do Exerc\u00edcio Corrente \/ Outros Recursos n\u00e3o Vinculados \/ -"},{"ano_emissao_emp":"2023","n_emp":"0000013","data_emissao":"02\/01\/2023","valor":"26.711,85","tipo_empenho":"Global","hist_emp":"VALOR QUE SE EMPENHA PARA FAZER FACE AO PAGAMENTO DOS SERVI\u00c7OS PROFISSIONAIS T\u00c9CNICOS ESPECIALIZADOS DE CONSULTORIA E ASSESSORIA ADMINISTRATIVA E GERENCIAL NAS \u00c1REAS CONT\u00c1BIL E FINANCEIRA, INCLUINDO SISTEMA INFORMATIZADO DE CONTABILIDADE E OR\u00c7AMENTO P\u00daBLICO COM SOFTWARE EM INTERFACE GR\u00c1FICA TAMB\u00c9M EM FOLHA DE PAGAMENTO, CONTROLE INTERNO, E DE ACORDO COM O PLANO DE CONTAS ESTABELECIDO PELA UNI\u00c3O. CONFORME  PRIMEIRO TERMO ADITIVO AO CONTRATO N\u00b0002\/2021 (LICITA\u00c7\u00c3O N\u00b0001\/2021 - TOMADA DE PRE\u00c7OS N\u00b0001\/2021). F","fornecedor":"CERTAM - CENTRO REGIONAL DE TREINAMENTO EM ADMINISTRA\u00c7\u00c3O MUNICIPAL LTDA EPP","denom_uni_orc":"CORPO DELIBERATIVO E SECRETARIA","funcao":"Legislativa","sub_funcao":"A\u00e7\u00e3o Legislativa","programa":"A\u00c7\u00c3O LEGISLATIVA","acao":"MANUTEN\u00c7\u00c3O DAS ATIVIDADES ADMINISTRATIVAS","ident_acao":"Atividade","cat_econ":"Despesa Corrente","natureza_despesa":"Outras Despesas Correntes","modalidade_despesa":"Aplica\u00e7\u00f5es Diretas","elemento_despesa":"Servi\u00e7os de Consultoria","sub_elem_desp":"SEM SUBELEMENTO","fonte_recurso":"Recursos do Exerc\u00edcio Corrente \/ Outros Recursos n\u00e3o Vinculados \/ -"},{"ano_emissao_emp":"2023","n_emp":"0000013","data_emissao":"02\/01\/2023","valor":"26.711,85","tipo_empenho":"Global","hist_emp":"VALOR QUE SE EMPENHA PARA FAZER FACE AO PAGAMENTO DOS SERVI\u00c7OS PROFISSIONAIS T\u00c9CNICOS ESPECIALIZADOS DE CONSULTORIA E ASSESSORIA ADMINISTRATIVA E GERENCIAL NAS \u00c1REAS CONT\u00c1BIL E FINANCEIRA, INCLUINDO SISTEMA INFORMATIZADO DE CONTABILIDADE E OR\u00c7AMENTO P\u00daBLICO COM SOFTWARE EM INTERFACE GR\u00c1FICA TAMB\u00c9M EM FOLHA DE PAGAMENTO, CONTROLE INTERNO, E DE ACORDO COM O PLANO DE CONTAS ESTABELECIDO PELA UNI\u00c3O. CONFORME  PRIMEIRO TERMO ADITIVO AO CONTRATO N\u00b0002\/2021 (LICITA\u00c7\u00c3O N\u00b0001\/2021 - TOMADA DE PRE\u00c7OS N\u00b0001\/2021). F","fornecedor":"CERTAM - CENTRO REGIONAL DE TREINAMENTO EM ADMINISTRA\u00c7\u00c3O MUNICIPAL LTDA EPP","denom_uni_orc":"CORPO DELIBERATIVO E SECRETARIA","funcao":"Legislativa","sub_funcao":"A\u00e7\u00e3o Legislativa","programa":"A\u00c7\u00c3O LEGISLATIVA","acao":"INDENIZA\u00c7\u00d5ES E RESTITUI\u00c7\u00d5ES DIVERSAS (FMS)","ident_acao":"Atividade","cat_econ":"Despesa Corrente","natureza_despesa":"Outras Despesas Correntes","modalidade_despesa":"Aplica\u00e7\u00f5es Diretas","elemento_despesa":"Servi\u00e7os de Consultoria","sub_elem_desp":"SEM SUBELEMENTO","fonte_recurso":"Recursos do Exerc\u00edcio Corrente \/ Outros Recursos n\u00e3o Vinculados \/ -"},{"ano_emissao_emp":"2023","n_emp":"0000014","data_emissao":"02\/01\/2023","valor":"3.200,00","tipo_empenho":"Global","hist_emp":"VALOR QUE SE EMPENHA PARA FAZER FACE AO PAGAMENTO REFERENTE A LOCA\u00c7\u00c3O DO IM\u00d3VEL SITUADO NA RUA MANOEL BERNARDINO, N\u00ba 142, CENTRO DE SANTA CRUZ DO CAPIBARIBE -PE. CONFORME CONTRATO DIRETO N\u00b0008\/2022. FICANDO 04 PARCELAS PARA O EXERC\u00cdCIO DE 2023.","fornecedor":"LUIZ GONZAGA NUNES PAULINO","denom_uni_orc":"CORPO DELIBERATIVO E SECRETARIA","funcao":"Legislativa","sub_funcao":"A\u00e7\u00e3o Legislativa","programa":"A\u00c7\u00c3O LEGISLATIVA","acao":"AQUISI\u00c7\u00c3O DE M\u00d3VEIS, M\u00c1QUINAS E EQUIPAMENTOS DIVERSOS PARA O CONSELHO","ident_acao":"Atividade","cat_econ":"Despesa Corrente","natureza_despesa":"Outras Despesas Correntes","modalidade_despesa":"Aplica\u00e7\u00f5es Diretas","elemento_despesa":"Outros Servi\u00e7os de Terceiros - Pessoa F\u00edsica","sub_elem_desp":"SEM SUBELEMENTO","fonte_recurso":"Recursos do Exerc\u00edcio Corrente \/ Outros Recursos n\u00e3o Vinculados \/ -"},{"ano_emissao_emp":"2023","n_emp":"0000014","data_emissao":"02\/01\/2023","valor":"3.200,00","tipo_empenho":"Global","hist_emp":"VALOR QUE SE EMPENHA PARA FAZER FACE AO PAGAMENTO REFERENTE A LOCA\u00c7\u00c3O DO IM\u00d3VEL SITUADO NA RUA MANOEL BERNARDINO, N\u00ba 142, CENTRO DE SANTA CRUZ DO CAPIBARIBE -PE. CONFORME CONTRATO DIRETO N\u00b0008\/2022. FICANDO 04 PARCELAS PARA O EXERC\u00cdCIO DE 2023.","fornecedor":"LUIZ GONZAGA NUNES PAULINO","denom_uni_orc":"CORPO DELIBERATIVO E SECRETARIA","funcao":"Legislativa","sub_funcao":"A\u00e7\u00e3o Legislativa","programa":"A\u00c7\u00c3O LEGISLATIVA","acao":"MANUTEN\u00c7\u00c3O DAS ATIVIDADES ADMINISTRATIVAS","ident_acao":"Atividade","cat_econ":"Despesa Corrente","natureza_despesa":"Outras Despesas Correntes","modalidade_despesa":"Aplica\u00e7\u00f5es Diretas","elemento_despesa":"Outros Servi\u00e7os de Terceiros - Pessoa F\u00edsica","sub_elem_desp":"SEM SUBELEMENTO","fonte_recurso":"Recursos do Exerc\u00edcio Corrente \/ Outros Recursos n\u00e3o Vinculados \/ -"},{"ano_emissao_emp":"2023","n_emp":"0000014","data_emissao":"02\/01\/2023","valor":"3.200,00","tipo_empenho":"Global","hist_emp":"VALOR QUE SE EMPENHA PARA FAZER FACE AO PAGAMENTO REFERENTE A LOCA\u00c7\u00c3O DO IM\u00d3VEL SITUADO NA RUA MANOEL BERNARDINO, N\u00ba 142, CENTRO DE SANTA CRUZ DO CAPIBARIBE -PE. CONFORME CONTRATO DIRETO N\u00b0008\/2022. FICANDO 04 PARCELAS PARA O EXERC\u00cdCIO DE 2023.","fornecedor":"LUIZ GONZAGA NUNES PAULINO","denom_uni_orc":"CORPO DELIBERATIVO E SECRETARIA","funcao":"Legislativa","sub_funcao":"A\u00e7\u00e3o Legislativa","programa":"A\u00c7\u00c3O LEGISLATIVA","acao":"INDENIZA\u00c7\u00d5ES E RESTITUI\u00c7\u00d5ES DIVERSAS (FMS)","ident_acao":"Atividade","cat_econ":"Despesa Corrente","natureza_despesa":"Outras Despesas Correntes","modalidade_despesa":"Aplica\u00e7\u00f5es Diretas","elemento_despesa":"Outros Servi\u00e7os de Terceiros - Pessoa F\u00edsica","sub_elem_desp":"SEM SUBELEMENTO","fonte_recurso":"Recursos do Exerc\u00edcio Corrente \/ Outros Recursos n\u00e3o Vinculados \/ -"},{"ano_emissao_emp":"2023","n_emp":"0000015","data_emissao":"06\/01\/2023","valor":"10.500,00","tipo_empenho":"Global","hist_emp":"VALOR QUE SE EMPENHA PARA FAZER FACE AO PAGAMENTO DOS SERVI\u00c7OS JUR\u00cdDICOS ESPECIALIZADOS NA \u00c1REA DE LICITA\u00c7\u00d5ES E CONTRATOS P\u00daBLICOS, CONFORME NORMAS E DEMAIS CONDI\u00c7\u00d5ES ESTABELECIDAS DE ACORDO COM O CONTRATO DIRETO DE N\u00b0 001\/2023 FUNDAMENTADO JURIDICAMENTE NO ARTIGO 75,II DA LEI 14.133 DE 01 DE ABRIL DE 2021. SENDO TR\u00caS PARCELAS PARA O EXERC\u00cdCIO DE 2023.","fornecedor":"MARIA DO SOCORRO DE LIMA BARBOSA","denom_uni_orc":"CORPO DELIBERATIVO E SECRETARIA","funcao":"Legislativa","sub_funcao":"A\u00e7\u00e3o Legislativa","programa":"A\u00c7\u00c3O LEGISLATIVA","acao":"AQUISI\u00c7\u00c3O DE M\u00d3VEIS, M\u00c1QUINAS E EQUIPAMENTOS DIVERSOS PARA O CONSELHO","ident_acao":"Atividade","cat_econ":"Despesa Corrente","natureza_despesa":"Outras Despesas Correntes","modalidade_despesa":"Aplica\u00e7\u00f5es Diretas","elemento_despesa":"Outros Servi\u00e7os de Terceiros - Pessoa F\u00edsica","sub_elem_desp":"SERVI\u00c7OS T\u00c9CNICOS PROFISSIONAIS","fonte_recurso":"Recursos do Exerc\u00edcio Corrente \/ Outros Recursos n\u00e3o Vinculados \/ -"},{"ano_emissao_emp":"2023","n_emp":"0000015","data_emissao":"06\/01\/2023","valor":"10.500,00","tipo_empenho":"Global","hist_emp":"VALOR QUE SE EMPENHA PARA FAZER FACE AO PAGAMENTO DOS SERVI\u00c7OS JUR\u00cdDICOS ESPECIALIZADOS NA \u00c1REA DE LICITA\u00c7\u00d5ES E CONTRATOS P\u00daBLICOS, CONFORME NORMAS E DEMAIS CONDI\u00c7\u00d5ES ESTABELECIDAS DE ACORDO COM O CONTRATO DIRETO DE N\u00b0 001\/2023 FUNDAMENTADO JURIDICAMENTE NO ARTIGO 75,II DA LEI 14.133 DE 01 DE ABRIL DE 2021. SENDO TR\u00caS PARCELAS PARA O EXERC\u00cdCIO DE 2023.","fornecedor":"MARIA DO SOCORRO DE LIMA BARBOSA","denom_uni_orc":"CORPO DELIBERATIVO E SECRETARIA","funcao":"Legislativa","sub_funcao":"A\u00e7\u00e3o Legislativa","programa":"A\u00c7\u00c3O LEGISLATIVA","acao":"MANUTEN\u00c7\u00c3O DAS ATIVIDADES ADMINISTRATIVAS","ident_acao":"Atividade","cat_econ":"Despesa Corrente","natureza_despesa":"Outras Despesas Correntes","modalidade_despesa":"Aplica\u00e7\u00f5es Diretas","elemento_despesa":"Outros Servi\u00e7os de Terceiros - Pessoa F\u00edsica","sub_elem_desp":"SERVI\u00c7OS T\u00c9CNICOS PROFISSIONAIS","fonte_recurso":"Recursos do Exerc\u00edcio Corrente \/ Outros Recursos n\u00e3o Vinculados \/ -"},{"ano_emissao_emp":"2023","n_emp":"0000015","data_emissao":"06\/01\/2023","valor":"10.500,00","tipo_empenho":"Global","hist_emp":"VALOR QUE SE EMPENHA PARA FAZER FACE AO PAGAMENTO DOS SERVI\u00c7OS JUR\u00cdDICOS ESPECIALIZADOS NA \u00c1REA DE LICITA\u00c7\u00d5ES E CONTRATOS P\u00daBLICOS, CONFORME NORMAS E DEMAIS CONDI\u00c7\u00d5ES ESTABELECIDAS DE ACORDO COM O CONTRATO DIRETO DE N\u00b0 001\/2023 FUNDAMENTADO JURIDICAMENTE NO ARTIGO 75,II DA LEI 14.133 DE 01 DE ABRIL DE 2021. SENDO TR\u00caS PARCELAS PARA O EXERC\u00cdCIO DE 2023.","fornecedor":"MARIA DO SOCORRO DE LIMA BARBOSA","denom_uni_orc":"CORPO DELIBERATIVO E SECRETARIA","funcao":"Legislativa","sub_funcao":"A\u00e7\u00e3o Legislativa","programa":"A\u00c7\u00c3O LEGISLATIVA","acao":"INDENIZA\u00c7\u00d5ES E RESTITUI\u00c7\u00d5ES DIVERSAS (FMS)","ident_acao":"Atividade","cat_econ":"Despesa Corrente","natureza_despesa":"Outras Despesas Correntes","modalidade_despesa":"Aplica\u00e7\u00f5es Diretas","elemento_despesa":"Outros Servi\u00e7os de Terceiros - Pessoa F\u00edsica","sub_elem_desp":"SERVI\u00c7OS T\u00c9CNICOS PROFISSIONAIS","fonte_recurso":"Recursos do Exerc\u00edcio Corrente \/ Outros Recursos n\u00e3o Vinculados \/ -"},{"ano_emissao_emp":"2023","n_emp":"0000016","data_emissao":"06\/01\/2023","valor":"4.800,00","tipo_empenho":"Global","hist_emp":"VALOR QUE SE EMPENHA PARA FAZER FACE AO PAGAMENTO DOS SERVI\u00c7OS PRESTADOS PELA EMPRESA MK TECNOLOGIA E SEGURAN\u00c7A REFERENTES A LICEN\u00c7A DE USO E MANUTEN\u00c7\u00c3O DO SISTEMA DO PORTAL DA TRANSPAR\u00caNCIA, DE ACORDO COM O CONTRATO DIRETO N\u00ba 002\/2023 QUE SE REGER\u00c1 PELA LEI FEDERAL N\u00b0 8.666 DE 21 DE JUNHO DE 1993. SENDO 06 PARCELAS PARA O EXERC\u00cdCIO DE 2023.","fornecedor":"MK TECNOLOGIA E SEGURAN\u00c7A LTDA ME","denom_uni_orc":"CORPO DELIBERATIVO E SECRETARIA","funcao":"Legislativa","sub_funcao":"A\u00e7\u00e3o Legislativa","programa":"A\u00c7\u00c3O LEGISLATIVA","acao":"AQUISI\u00c7\u00c3O DE M\u00d3VEIS, M\u00c1QUINAS E EQUIPAMENTOS DIVERSOS PARA O CONSELHO","ident_acao":"Atividade","cat_econ":"Despesa Corrente","natureza_despesa":"Outras Despesas Correntes","modalidade_despesa":"Aplica\u00e7\u00f5es Diretas","elemento_despesa":"Outros Servi\u00e7os de Terceiros - Pessoa Jur\u00eddica","sub_elem_desp":"SEM SUBELEMENTO","fonte_recurso":"Recursos do Exerc\u00edcio Corrente \/ Outros Recursos n\u00e3o Vinculados \/ -"},{"ano_emissao_emp":"2023","n_emp":"0000016","data_emissao":"06\/01\/2023","valor":"4.800,00","tipo_empenho":"Global","hist_emp":"VALOR QUE SE EMPENHA PARA FAZER FACE AO PAGAMENTO DOS SERVI\u00c7OS PRESTADOS PELA EMPRESA MK TECNOLOGIA E SEGURAN\u00c7A REFERENTES A LICEN\u00c7A DE USO E MANUTEN\u00c7\u00c3O DO SISTEMA DO PORTAL DA TRANSPAR\u00caNCIA, DE ACORDO COM O CONTRATO DIRETO N\u00ba 002\/2023 QUE SE REGER\u00c1 PELA LEI FEDERAL N\u00b0 8.666 DE 21 DE JUNHO DE 1993. SENDO 06 PARCELAS PARA O EXERC\u00cdCIO DE 2023.","fornecedor":"MK TECNOLOGIA E SEGURAN\u00c7A LTDA ME","denom_uni_orc":"CORPO DELIBERATIVO E SECRETARIA","funcao":"Legislativa","sub_funcao":"A\u00e7\u00e3o Legislativa","programa":"A\u00c7\u00c3O LEGISLATIVA","acao":"MANUTEN\u00c7\u00c3O DAS ATIVIDADES ADMINISTRATIVAS","ident_acao":"Atividade","cat_econ":"Despesa Corrente","natureza_despesa":"Outras Despesas Correntes","modalidade_despesa":"Aplica\u00e7\u00f5es Diretas","elemento_despesa":"Outros Servi\u00e7os de Terceiros - Pessoa Jur\u00eddica","sub_elem_desp":"SEM SUBELEMENTO","fonte_recurso":"Recursos do Exerc\u00edcio Corrente \/ Outros Recursos n\u00e3o Vinculados \/ -"},{"ano_emissao_emp":"2023","n_emp":"0000016","data_emissao":"06\/01\/2023","valor":"4.800,00","tipo_empenho":"Global","hist_emp":"VALOR QUE SE EMPENHA PARA FAZER FACE AO PAGAMENTO DOS SERVI\u00c7OS PRESTADOS PELA EMPRESA MK TECNOLOGIA E SEGURAN\u00c7A REFERENTES A LICEN\u00c7A DE USO E MANUTEN\u00c7\u00c3O DO SISTEMA DO PORTAL DA TRANSPAR\u00caNCIA, DE ACORDO COM O CONTRATO DIRETO N\u00ba 002\/2023 QUE SE REGER\u00c1 PELA LEI FEDERAL N\u00b0 8.666 DE 21 DE JUNHO DE 1993. SENDO 06 PARCELAS PARA O EXERC\u00cdCIO DE 2023.","fornecedor":"MK TECNOLOGIA E SEGURAN\u00c7A LTDA ME","denom_uni_orc":"CORPO DELIBERATIVO E SECRETARIA","funcao":"Legislativa","sub_funcao":"A\u00e7\u00e3o Legislativa","programa":"A\u00c7\u00c3O LEGISLATIVA","acao":"INDENIZA\u00c7\u00d5ES E RESTITUI\u00c7\u00d5ES DIVERSAS (FMS)","ident_acao":"Atividade","cat_econ":"Despesa Corrente","natureza_despesa":"Outras Despesas Correntes","modalidade_despesa":"Aplica\u00e7\u00f5es Diretas","elemento_despesa":"Outros Servi\u00e7os de Terceiros - Pessoa Jur\u00eddica","sub_elem_desp":"SEM SUBELEMENTO","fonte_recurso":"Recursos do Exerc\u00edcio Corrente \/ Outros Recursos n\u00e3o Vinculados \/ -"},{"ano_emissao_emp":"2023","n_emp":"0000017","data_emissao":"06\/01\/2023","valor":"6.480,00","tipo_empenho":"Global","hist_emp":"VALOR QUE SE EMPENHA PARA FAZER FACE AO PAGAMENTO REFERENTE AOS SERVI\u00c7OS DE LINK DEDICADO E BANDA LARGA DE ACESSO \u00c0 INTERNET, CONFORME O CONTRATO DIRETO N\u00ba 003\/2023 DESTA CASA DE LEI. SENDO 12 PARCELAS PARA O EXERC\u00cdCIO DE 2023.","fornecedor":"ANT\u00d4NIO J. DE ALBUQUERQUE ME","denom_uni_orc":"CORPO DELIBERATIVO E SECRETARIA","funcao":"Legislativa","sub_funcao":"A\u00e7\u00e3o Legislativa","programa":"A\u00c7\u00c3O LEGISLATIVA","acao":"AQUISI\u00c7\u00c3O DE M\u00d3VEIS, M\u00c1QUINAS E EQUIPAMENTOS DIVERSOS PARA O CONSELHO","ident_acao":"Atividade","cat_econ":"Despesa Corrente","natureza_despesa":"Outras Despesas Correntes","modalidade_despesa":"Aplica\u00e7\u00f5es Diretas","elemento_despesa":"Outros Servi\u00e7os de Terceiros - Pessoa Jur\u00eddica","sub_elem_desp":"SEM SUBELEMENTO","fonte_recurso":"Recursos do Exerc\u00edcio Corrente \/ Outros Recursos n\u00e3o Vinculados \/ -"},{"ano_emissao_emp":"2023","n_emp":"0000017","data_emissao":"06\/01\/2023","valor":"6.480,00","tipo_empenho":"Global","hist_emp":"VALOR QUE SE EMPENHA PARA FAZER FACE AO PAGAMENTO REFERENTE AOS SERVI\u00c7OS DE LINK DEDICADO E BANDA LARGA DE ACESSO \u00c0 INTERNET, CONFORME O CONTRATO DIRETO N\u00ba 003\/2023 DESTA CASA DE LEI. SENDO 12 PARCELAS PARA O EXERC\u00cdCIO DE 2023.","fornecedor":"ANT\u00d4NIO J. DE ALBUQUERQUE ME","denom_uni_orc":"CORPO DELIBERATIVO E SECRETARIA","funcao":"Legislativa","sub_funcao":"A\u00e7\u00e3o Legislativa","programa":"A\u00c7\u00c3O LEGISLATIVA","acao":"MANUTEN\u00c7\u00c3O DAS ATIVIDADES ADMINISTRATIVAS","ident_acao":"Atividade","cat_econ":"Despesa Corrente","natureza_despesa":"Outras Despesas Correntes","modalidade_despesa":"Aplica\u00e7\u00f5es Diretas","elemento_despesa":"Outros Servi\u00e7os de Terceiros - Pessoa Jur\u00eddica","sub_elem_desp":"SEM SUBELEMENTO","fonte_recurso":"Recursos do Exerc\u00edcio Corrente \/ Outros Recursos n\u00e3o Vinculados \/ -"},{"ano_emissao_emp":"2023","n_emp":"0000017","data_emissao":"06\/01\/2023","valor":"6.480,00","tipo_empenho":"Global","hist_emp":"VALOR QUE SE EMPENHA PARA FAZER FACE AO PAGAMENTO REFERENTE AOS SERVI\u00c7OS DE LINK DEDICADO E BANDA LARGA DE ACESSO \u00c0 INTERNET, CONFORME O CONTRATO DIRETO N\u00ba 003\/2023 DESTA CASA DE LEI. SENDO 12 PARCELAS PARA O EXERC\u00cdCIO DE 2023.","fornecedor":"ANT\u00d4NIO J. DE ALBUQUERQUE ME","denom_uni_orc":"CORPO DELIBERATIVO E SECRETARIA","funcao":"Legislativa","sub_funcao":"A\u00e7\u00e3o Legislativa","programa":"A\u00c7\u00c3O LEGISLATIVA","acao":"INDENIZA\u00c7\u00d5ES E RESTITUI\u00c7\u00d5ES DIVERSAS (FMS)","ident_acao":"Atividade","cat_econ":"Despesa Corrente","natureza_despesa":"Outras Despesas Correntes","modalidade_despesa":"Aplica\u00e7\u00f5es Diretas","elemento_despesa":"Outros Servi\u00e7os de Terceiros - Pessoa Jur\u00eddica","sub_elem_desp":"SEM SUBELEMENTO","fonte_recurso":"Recursos do Exerc\u00edcio Corrente \/ Outros Recursos n\u00e3o Vinculados \/ -"},{"ano_emissao_emp":"2023","n_emp":"0000018","data_emissao":"09\/01\/2023","valor":"1.802,85","tipo_empenho":"Ordin\u00e1rio","hist_emp":"VALOR QUE SE EMPENHA PARA FAZER FACE AO PAGAMENTO DA COMPRA DE DIVERSOS MATERIAIS DE CONSUMO PARA LIMPEZA E PRODU\u00c7\u00c3O DE HIGIENIZA\u00c7\u00c3O, A FIM DE SUPRIR AS NECESSIDADES DESTE PODER LEGISLATIVO. CELEBRADO MEDIANTE DISPENSA DE LICITA\u00c7\u00c3O, COM FUNDAMENTO NO ARTIGO 24, INCISO 2\u00b0 DA LEI 8.666\/93.","fornecedor":"IVONALDO SEVERINO DA SILVA","denom_uni_orc":"CORPO DELIBERATIVO E SECRETARIA","funcao":"Legislativa","sub_funcao":"A\u00e7\u00e3o Legislativa","programa":"A\u00c7\u00c3O LEGISLATIVA","acao":"AQUISI\u00c7\u00c3O DE M\u00d3VEIS, M\u00c1QUINAS E EQUIPAMENTOS DIVERSOS PARA O CONSELHO","ident_acao":"Atividade","cat_econ":"Despesa Corrente","natureza_despesa":"Outras Despesas Correntes","modalidade_despesa":"Aplica\u00e7\u00f5es Diretas","elemento_despesa":"Material de Consumo","sub_elem_desp":"SEM SUBELEMENTO","fonte_recurso":"Recursos do Exerc\u00edcio Corrente \/ Outros Recursos n\u00e3o Vinculados \/ -"},{"ano_emissao_emp":"2023","n_emp":"0000018","data_emissao":"09\/01\/2023","valor":"1.802,85","tipo_empenho":"Ordin\u00e1rio","hist_emp":"VALOR QUE SE EMPENHA PARA FAZER FACE AO PAGAMENTO DA COMPRA DE DIVERSOS MATERIAIS DE CONSUMO PARA LIMPEZA E PRODU\u00c7\u00c3O DE HIGIENIZA\u00c7\u00c3O, A FIM DE SUPRIR AS NECESSIDADES DESTE PODER LEGISLATIVO. CELEBRADO MEDIANTE DISPENSA DE LICITA\u00c7\u00c3O, COM FUNDAMENTO NO ARTIGO 24, INCISO 2\u00b0 DA LEI 8.666\/93.","fornecedor":"IVONALDO SEVERINO DA SILVA","denom_uni_orc":"CORPO DELIBERATIVO E SECRETARIA","funcao":"Legislativa","sub_funcao":"A\u00e7\u00e3o Legislativa","programa":"A\u00c7\u00c3O LEGISLATIVA","acao":"MANUTEN\u00c7\u00c3O DAS ATIVIDADES ADMINISTRATIVAS","ident_acao":"Atividade","cat_econ":"Despesa Corrente","natureza_despesa":"Outras Despesas Correntes","modalidade_despesa":"Aplica\u00e7\u00f5es Diretas","elemento_despesa":"Material de Consumo","sub_elem_desp":"SEM SUBELEMENTO","fonte_recurso":"Recursos do Exerc\u00edcio Corrente \/ Outros Recursos n\u00e3o Vinculados \/ -"},{"ano_emissao_emp":"2023","n_emp":"0000018","data_emissao":"09\/01\/2023","valor":"1.802,85","tipo_empenho":"Ordin\u00e1rio","hist_emp":"VALOR QUE SE EMPENHA PARA FAZER FACE AO PAGAMENTO DA COMPRA DE DIVERSOS MATERIAIS DE CONSUMO PARA LIMPEZA E PRODU\u00c7\u00c3O DE HIGIENIZA\u00c7\u00c3O, A FIM DE SUPRIR AS NECESSIDADES DESTE PODER LEGISLATIVO. CELEBRADO MEDIANTE DISPENSA DE LICITA\u00c7\u00c3O, COM FUNDAMENTO NO ARTIGO 24, INCISO 2\u00b0 DA LEI 8.666\/93.","fornecedor":"IVONALDO SEVERINO DA SILVA","denom_uni_orc":"CORPO DELIBERATIVO E SECRETARIA","funcao":"Legislativa","sub_funcao":"A\u00e7\u00e3o Legislativa","programa":"A\u00c7\u00c3O LEGISLATIVA","acao":"INDENIZA\u00c7\u00d5ES E RESTITUI\u00c7\u00d5ES DIVERSAS (FMS)","ident_acao":"Atividade","cat_econ":"Despesa Corrente","natureza_despesa":"Outras Despesas Correntes","modalidade_despesa":"Aplica\u00e7\u00f5es Diretas","elemento_despesa":"Material de Consumo","sub_elem_desp":"SEM SUBELEMENTO","fonte_recurso":"Recursos do Exerc\u00edcio Corrente \/ Outros Recursos n\u00e3o Vinculados \/ -"},{"ano_emissao_emp":"2023","n_emp":"0000019","data_emissao":"13\/01\/2023","valor":"18.670,74","tipo_empenho":"Estimativo","hist_emp":"VALOR QUE SE EMPENHA PARA FAZER FACE AO PAGAMENTO DA AQUISI\u00c7\u00c3O DE COMBUST\u00cdVEIS, CONFORME ESPECIFICA\u00c7\u00d5ES, QUANTITATIVOS E CONDI\u00c7\u00d5ES ESTABELECIDAS NAS CL\u00c1USULAS DO CONTRATO N\u00b0006\/2022, SEGUNDA ALTERA\u00c7\u00c3O. DO PROCESSO LICITAT\u00d3RIO 004\/2021, PREG\u00c3O N\u00b0 003\/2021, FIRMADO COM ESTE PODER LEGISLATIVO.","fornecedor":"POSTO DE COMBUSTIVEL BATISTA E FERREIRA LTDA","denom_uni_orc":"CORPO DELIBERATIVO E SECRETARIA","funcao":"Legislativa","sub_funcao":"A\u00e7\u00e3o Legislativa","programa":"A\u00c7\u00c3O LEGISLATIVA","acao":"AQUISI\u00c7\u00c3O DE M\u00d3VEIS, M\u00c1QUINAS E EQUIPAMENTOS DIVERSOS PARA O CONSELHO","ident_acao":"Atividade","cat_econ":"Despesa Corrente","natureza_despesa":"Outras Despesas Correntes","modalidade_despesa":"Aplica\u00e7\u00f5es Diretas","elemento_despesa":"Material de Consumo","sub_elem_desp":"SEM SUBELEMENTO","fonte_recurso":"Recursos do Exerc\u00edcio Corrente \/ Outros Recursos n\u00e3o Vinculados \/ -"},{"ano_emissao_emp":"2023","n_emp":"0000019","data_emissao":"13\/01\/2023","valor":"18.670,74","tipo_empenho":"Estimativo","hist_emp":"VALOR QUE SE EMPENHA PARA FAZER FACE AO PAGAMENTO DA AQUISI\u00c7\u00c3O DE COMBUST\u00cdVEIS, CONFORME ESPECIFICA\u00c7\u00d5ES, QUANTITATIVOS E CONDI\u00c7\u00d5ES ESTABELECIDAS NAS CL\u00c1USULAS DO CONTRATO N\u00b0006\/2022, SEGUNDA ALTERA\u00c7\u00c3O. DO PROCESSO LICITAT\u00d3RIO 004\/2021, PREG\u00c3O N\u00b0 003\/2021, FIRMADO COM ESTE PODER LEGISLATIVO.","fornecedor":"POSTO DE COMBUSTIVEL BATISTA E FERREIRA LTDA","denom_uni_orc":"CORPO DELIBERATIVO E SECRETARIA","funcao":"Legislativa","sub_funcao":"A\u00e7\u00e3o Legislativa","programa":"A\u00c7\u00c3O LEGISLATIVA","acao":"MANUTEN\u00c7\u00c3O DAS ATIVIDADES ADMINISTRATIVAS","ident_acao":"Atividade","cat_econ":"Despesa Corrente","natureza_despesa":"Outras Despesas Correntes","modalidade_despesa":"Aplica\u00e7\u00f5es Diretas","elemento_despesa":"Material de Consumo","sub_elem_desp":"SEM SUBELEMENTO","fonte_recurso":"Recursos do Exerc\u00edcio Corrente \/ Outros Recursos n\u00e3o Vinculados \/ -"},{"ano_emissao_emp":"2023","n_emp":"0000019","data_emissao":"13\/01\/2023","valor":"18.670,74","tipo_empenho":"Estimativo","hist_emp":"VALOR QUE SE EMPENHA PARA FAZER FACE AO PAGAMENTO DA AQUISI\u00c7\u00c3O DE COMBUST\u00cdVEIS, CONFORME ESPECIFICA\u00c7\u00d5ES, QUANTITATIVOS E CONDI\u00c7\u00d5ES ESTABELECIDAS NAS CL\u00c1USULAS DO CONTRATO N\u00b0006\/2022, SEGUNDA ALTERA\u00c7\u00c3O. DO PROCESSO LICITAT\u00d3RIO 004\/2021, PREG\u00c3O N\u00b0 003\/2021, FIRMADO COM ESTE PODER LEGISLATIVO.","fornecedor":"POSTO DE COMBUSTIVEL BATISTA E FERREIRA LTDA","denom_uni_orc":"CORPO DELIBERATIVO E SECRETARIA","funcao":"Legislativa","sub_funcao":"A\u00e7\u00e3o Legislativa","programa":"A\u00c7\u00c3O LEGISLATIVA","acao":"INDENIZA\u00c7\u00d5ES E RESTITUI\u00c7\u00d5ES DIVERSAS (FMS)","ident_acao":"Atividade","cat_econ":"Despesa Corrente","natureza_despesa":"Outras Despesas Correntes","modalidade_despesa":"Aplica\u00e7\u00f5es Diretas","elemento_despesa":"Material de Consumo","sub_elem_desp":"SEM SUBELEMENTO","fonte_recurso":"Recursos do Exerc\u00edcio Corrente \/ Outros Recursos n\u00e3o Vinculados \/ -"},{"ano_emissao_emp":"2023","n_emp":"0000020","data_emissao":"13\/01\/2023","valor":"24.000,00","tipo_empenho":"Global","hist_emp":"VALOR EMPENHADO REFERE-SE A ALTERA\u00c7\u00c3O DAS CL\u00c1USULAS TERCEIRA E QUARTA DO CONTRATO N\u00b0 007\/2019 CELEBRADO ENTRE AS PARTES NO DIA 15 DE AGOSTO DE 2019,  CUJO OBJETO \u00c9 A LOCA\u00c7\u00c3O DO IM\u00d3VEL SITUADO NA RUA TITO SIN\u00c9SIO DE ARAG\u00c3O, N\u00ba 146 - BAIRRO CENTRO - SANTA CRUZ DO CAPIBARIBE-PE. VIGENTE PARA O EXERC\u00cdCIO DE 2023.","fornecedor":"LUCIA GOMES DO NASCIMENTO","denom_uni_orc":"CORPO DELIBERATIVO E SECRETARIA","funcao":"Legislativa","sub_funcao":"A\u00e7\u00e3o Legislativa","programa":"A\u00c7\u00c3O LEGISLATIVA","acao":"AQUISI\u00c7\u00c3O DE M\u00d3VEIS, M\u00c1QUINAS E EQUIPAMENTOS DIVERSOS PARA O CONSELHO","ident_acao":"Atividade","cat_econ":"Despesa Corrente","natureza_despesa":"Outras Despesas Correntes","modalidade_despesa":"Aplica\u00e7\u00f5es Diretas","elemento_despesa":"Outros Servi\u00e7os de Terceiros - Pessoa F\u00edsica","sub_elem_desp":"SEM SUBELEMENTO","fonte_recurso":"Recursos do Exerc\u00edcio Corrente \/ Outros Recursos n\u00e3o Vinculados \/ -"},{"ano_emissao_emp":"2023","n_emp":"0000020","data_emissao":"13\/01\/2023","valor":"24.000,00","tipo_empenho":"Global","hist_emp":"VALOR EMPENHADO REFERE-SE A ALTERA\u00c7\u00c3O DAS CL\u00c1USULAS TERCEIRA E QUARTA DO CONTRATO N\u00b0 007\/2019 CELEBRADO ENTRE AS PARTES NO DIA 15 DE AGOSTO DE 2019,  CUJO OBJETO \u00c9 A LOCA\u00c7\u00c3O DO IM\u00d3VEL SITUADO NA RUA TITO SIN\u00c9SIO DE ARAG\u00c3O, N\u00ba 146 - BAIRRO CENTRO - SANTA CRUZ DO CAPIBARIBE-PE. VIGENTE PARA O EXERC\u00cdCIO DE 2023.","fornecedor":"LUCIA GOMES DO NASCIMENTO","denom_uni_orc":"CORPO DELIBERATIVO E SECRETARIA","funcao":"Legislativa","sub_funcao":"A\u00e7\u00e3o Legislativa","programa":"A\u00c7\u00c3O LEGISLATIVA","acao":"MANUTEN\u00c7\u00c3O DAS ATIVIDADES ADMINISTRATIVAS","ident_acao":"Atividade","cat_econ":"Despesa Corrente","natureza_despesa":"Outras Despesas Correntes","modalidade_despesa":"Aplica\u00e7\u00f5es Diretas","elemento_despesa":"Outros Servi\u00e7os de Terceiros - Pessoa F\u00edsica","sub_elem_desp":"SEM SUBELEMENTO","fonte_recurso":"Recursos do Exerc\u00edcio Corrente \/ Outros Recursos n\u00e3o Vinculados \/ -"},{"ano_emissao_emp":"2023","n_emp":"0000020","data_emissao":"13\/01\/2023","valor":"24.000,00","tipo_empenho":"Global","hist_emp":"VALOR EMPENHADO REFERE-SE A ALTERA\u00c7\u00c3O DAS CL\u00c1USULAS TERCEIRA E QUARTA DO CONTRATO N\u00b0 007\/2019 CELEBRADO ENTRE AS PARTES NO DIA 15 DE AGOSTO DE 2019,  CUJO OBJETO \u00c9 A LOCA\u00c7\u00c3O DO IM\u00d3VEL SITUADO NA RUA TITO SIN\u00c9SIO DE ARAG\u00c3O, N\u00ba 146 - BAIRRO CENTRO - SANTA CRUZ DO CAPIBARIBE-PE. VIGENTE PARA O EXERC\u00cdCIO DE 2023.","fornecedor":"LUCIA GOMES DO NASCIMENTO","denom_uni_orc":"CORPO DELIBERATIVO E SECRETARIA","funcao":"Legislativa","sub_funcao":"A\u00e7\u00e3o Legislativa","programa":"A\u00c7\u00c3O LEGISLATIVA","acao":"INDENIZA\u00c7\u00d5ES E RESTITUI\u00c7\u00d5ES DIVERSAS (FMS)","ident_acao":"Atividade","cat_econ":"Despesa Corrente","natureza_despesa":"Outras Despesas Correntes","modalidade_despesa":"Aplica\u00e7\u00f5es Diretas","elemento_despesa":"Outros Servi\u00e7os de Terceiros - Pessoa F\u00edsica","sub_elem_desp":"SEM SUBELEMENTO","fonte_recurso":"Recursos do Exerc\u00edcio Corrente \/ Outros Recursos n\u00e3o Vinculados \/ -"},{"ano_emissao_emp":"2023","n_emp":"0000021","data_emissao":"17\/01\/2023","valor":"490,00","tipo_empenho":"Ordin\u00e1rio","hist_emp":"VALOR QUE SE EMPENHA PARA FAZER FACE \u00c0 COMPRA DE 98 BOTIJ\u00d5ES DE \u00c1GUA MINERAL PARA SUPRIR AS NECESSIDADES DESTA CASA LEGISLATIVA. CELEBRADO MEDIANTE DISPENSA DE LICITA\u00c7\u00c3O, COM FUNDAMENTO NO ARTIGO 24, INCISO 2\u00b0 DA LEI 8.666\/93. REFERENTE AO M\u00caS DE JANEIRO.","fornecedor":"AVG COMERCIO DE GAS E AGUA MINERAL LTDA","denom_uni_orc":"CORPO DELIBERATIVO E SECRETARIA","funcao":"Legislativa","sub_funcao":"A\u00e7\u00e3o Legislativa","programa":"A\u00c7\u00c3O LEGISLATIVA","acao":"AQUISI\u00c7\u00c3O DE M\u00d3VEIS, M\u00c1QUINAS E EQUIPAMENTOS DIVERSOS PARA O CONSELHO","ident_acao":"Atividade","cat_econ":"Despesa Corrente","natureza_despesa":"Outras Despesas Correntes","modalidade_despesa":"Aplica\u00e7\u00f5es Diretas","elemento_despesa":"Material de Consumo","sub_elem_desp":"SEM SUBELEMENTO","fonte_recurso":"Recursos do Exerc\u00edcio Corrente \/ Outros Recursos n\u00e3o Vinculados \/ -"},{"ano_emissao_emp":"2023","n_emp":"0000021","data_emissao":"17\/01\/2023","valor":"490,00","tipo_empenho":"Ordin\u00e1rio","hist_emp":"VALOR QUE SE EMPENHA PARA FAZER FACE \u00c0 COMPRA DE 98 BOTIJ\u00d5ES DE \u00c1GUA MINERAL PARA SUPRIR AS NECESSIDADES DESTA CASA LEGISLATIVA. CELEBRADO MEDIANTE DISPENSA DE LICITA\u00c7\u00c3O, COM FUNDAMENTO NO ARTIGO 24, INCISO 2\u00b0 DA LEI 8.666\/93. REFERENTE AO M\u00caS DE JANEIRO.","fornecedor":"AVG COMERCIO DE GAS E AGUA MINERAL LTDA","denom_uni_orc":"CORPO DELIBERATIVO E SECRETARIA","funcao":"Legislativa","sub_funcao":"A\u00e7\u00e3o Legislativa","programa":"A\u00c7\u00c3O LEGISLATIVA","acao":"MANUTEN\u00c7\u00c3O DAS ATIVIDADES ADMINISTRATIVAS","ident_acao":"Atividade","cat_econ":"Despesa Corrente","natureza_despesa":"Outras Despesas Correntes","modalidade_despesa":"Aplica\u00e7\u00f5es Diretas","elemento_despesa":"Material de Consumo","sub_elem_desp":"SEM SUBELEMENTO","fonte_recurso":"Recursos do Exerc\u00edcio Corrente \/ Outros Recursos n\u00e3o Vinculados \/ -"},{"ano_emissao_emp":"2023","n_emp":"0000021","data_emissao":"17\/01\/2023","valor":"490,00","tipo_empenho":"Ordin\u00e1rio","hist_emp":"VALOR QUE SE EMPENHA PARA FAZER FACE \u00c0 COMPRA DE 98 BOTIJ\u00d5ES DE \u00c1GUA MINERAL PARA SUPRIR AS NECESSIDADES DESTA CASA LEGISLATIVA. CELEBRADO MEDIANTE DISPENSA DE LICITA\u00c7\u00c3O, COM FUNDAMENTO NO ARTIGO 24, INCISO 2\u00b0 DA LEI 8.666\/93. REFERENTE AO M\u00caS DE JANEIRO.","fornecedor":"AVG COMERCIO DE GAS E AGUA MINERAL LTDA","denom_uni_orc":"CORPO DELIBERATIVO E SECRETARIA","funcao":"Legislativa","sub_funcao":"A\u00e7\u00e3o Legislativa","programa":"A\u00c7\u00c3O LEGISLATIVA","acao":"INDENIZA\u00c7\u00d5ES E RESTITUI\u00c7\u00d5ES DIVERSAS (FMS)","ident_acao":"Atividade","cat_econ":"Despesa Corrente","natureza_despesa":"Outras Despesas Correntes","modalidade_despesa":"Aplica\u00e7\u00f5es Diretas","elemento_despesa":"Material de Consumo","sub_elem_desp":"SEM SUBELEMENTO","fonte_recurso":"Recursos do Exerc\u00edcio Corrente \/ Outros Recursos n\u00e3o Vinculados \/ -"},{"ano_emissao_emp":"2023","n_emp":"0000022","data_emissao":"17\/01\/2023","valor":"90,00","tipo_empenho":"Ordin\u00e1rio","hist_emp":"VALOR QUE SE EMPENHA PARA FAZER FACE AO PAGAMENTO DOS SERVI\u00c7OS PRESTADOS DE VULCANIZA\u00c7\u00c3O DE PNEU MAIS BALANCEAMENTO DA VIATURA DESTA CAMARA, PLACA PCN-6664.","fornecedor":"DI\u00d3GENES HUMBERTO RODRIGUES DA SILVA","denom_uni_orc":"CORPO DELIBERATIVO E SECRETARIA","funcao":"Legislativa","sub_funcao":"A\u00e7\u00e3o Legislativa","programa":"A\u00c7\u00c3O LEGISLATIVA","acao":"AQUISI\u00c7\u00c3O DE M\u00d3VEIS, M\u00c1QUINAS E EQUIPAMENTOS DIVERSOS PARA O CONSELHO","ident_acao":"Atividade","cat_econ":"Despesa Corrente","natureza_despesa":"Outras Despesas Correntes","modalidade_despesa":"Aplica\u00e7\u00f5es Diretas","elemento_despesa":"Outros Servi\u00e7os de Terceiros - Pessoa F\u00edsica","sub_elem_desp":"MANUTEN\u00c7\u00c3O E CONSERVA\u00c7\u00c3O DE VE\u00cdCULOS","fonte_recurso":"Recursos do Exerc\u00edcio Corrente \/ Outros Recursos n\u00e3o Vinculados \/ -"},{"ano_emissao_emp":"2023","n_emp":"0000022","data_emissao":"17\/01\/2023","valor":"90,00","tipo_empenho":"Ordin\u00e1rio","hist_emp":"VALOR QUE SE EMPENHA PARA FAZER FACE AO PAGAMENTO DOS SERVI\u00c7OS PRESTADOS DE VULCANIZA\u00c7\u00c3O DE PNEU MAIS BALANCEAMENTO DA VIATURA DESTA CAMARA, PLACA PCN-6664.","fornecedor":"DI\u00d3GENES HUMBERTO RODRIGUES DA SILVA","denom_uni_orc":"CORPO DELIBERATIVO E SECRETARIA","funcao":"Legislativa","sub_funcao":"A\u00e7\u00e3o Legislativa","programa":"A\u00c7\u00c3O LEGISLATIVA","acao":"MANUTEN\u00c7\u00c3O DAS ATIVIDADES ADMINISTRATIVAS","ident_acao":"Atividade","cat_econ":"Despesa Corrente","natureza_despesa":"Outras Despesas Correntes","modalidade_despesa":"Aplica\u00e7\u00f5es Diretas","elemento_despesa":"Outros Servi\u00e7os de Terceiros - Pessoa F\u00edsica","sub_elem_desp":"MANUTEN\u00c7\u00c3O E CONSERVA\u00c7\u00c3O DE VE\u00cdCULOS","fonte_recurso":"Recursos do Exerc\u00edcio Corrente \/ Outros Recursos n\u00e3o Vinculados \/ -"},{"ano_emissao_emp":"2023","n_emp":"0000022","data_emissao":"17\/01\/2023","valor":"90,00","tipo_empenho":"Ordin\u00e1rio","hist_emp":"VALOR QUE SE EMPENHA PARA FAZER FACE AO PAGAMENTO DOS SERVI\u00c7OS PRESTADOS DE VULCANIZA\u00c7\u00c3O DE PNEU MAIS BALANCEAMENTO DA VIATURA DESTA CAMARA, PLACA PCN-6664.","fornecedor":"DI\u00d3GENES HUMBERTO RODRIGUES DA SILVA","denom_uni_orc":"CORPO DELIBERATIVO E SECRETARIA","funcao":"Legislativa","sub_funcao":"A\u00e7\u00e3o Legislativa","programa":"A\u00c7\u00c3O LEGISLATIVA","acao":"INDENIZA\u00c7\u00d5ES E RESTITUI\u00c7\u00d5ES DIVERSAS (FMS)","ident_acao":"Atividade","cat_econ":"Despesa Corrente","natureza_despesa":"Outras Despesas Correntes","modalidade_despesa":"Aplica\u00e7\u00f5es Diretas","elemento_despesa":"Outros Servi\u00e7os de Terceiros - Pessoa F\u00edsica","sub_elem_desp":"MANUTEN\u00c7\u00c3O E CONSERVA\u00c7\u00c3O DE VE\u00cdCULOS","fonte_recurso":"Recursos do Exerc\u00edcio Corrente \/ Outros Recursos n\u00e3o Vinculados \/ -"},{"ano_emissao_emp":"2023","n_emp":"0000023","data_emissao":"17\/01\/2023","valor":"39,00","tipo_empenho":"Ordin\u00e1rio","hist_emp":"VALOR QUE SE EMPENHA PARA FAZER FACE AO PAGAMENTO NA AQUISI\u00c7\u00c3O DE ADESIVO LACRE DE SEGURAN\u00c7A, PARA AS CPU`S DE TODOS OS SETORES DESTA C\u00c2MARA MUNICIPAL.","fornecedor":"NELSON DELGADO MARQUES ETIQUETAS","denom_uni_orc":"CORPO DELIBERATIVO E SECRETARIA","funcao":"Legislativa","sub_funcao":"A\u00e7\u00e3o Legislativa","programa":"A\u00c7\u00c3O LEGISLATIVA","acao":"AQUISI\u00c7\u00c3O DE M\u00d3VEIS, M\u00c1QUINAS E EQUIPAMENTOS DIVERSOS PARA O CONSELHO","ident_acao":"Atividade","cat_econ":"Despesa Corrente","natureza_despesa":"Outras Despesas Correntes","modalidade_despesa":"Aplica\u00e7\u00f5es Diretas","elemento_despesa":"Material de Consumo","sub_elem_desp":"SEM SUBELEMENTO","fonte_recurso":"Recursos do Exerc\u00edcio Corrente \/ Outros Recursos n\u00e3o Vinculados \/ -"},{"ano_emissao_emp":"2023","n_emp":"0000023","data_emissao":"17\/01\/2023","valor":"39,00","tipo_empenho":"Ordin\u00e1rio","hist_emp":"VALOR QUE SE EMPENHA PARA FAZER FACE AO PAGAMENTO NA AQUISI\u00c7\u00c3O DE ADESIVO LACRE DE SEGURAN\u00c7A, PARA AS CPU`S DE TODOS OS SETORES DESTA C\u00c2MARA MUNICIPAL.","fornecedor":"NELSON DELGADO MARQUES ETIQUETAS","denom_uni_orc":"CORPO DELIBERATIVO E SECRETARIA","funcao":"Legislativa","sub_funcao":"A\u00e7\u00e3o Legislativa","programa":"A\u00c7\u00c3O LEGISLATIVA","acao":"MANUTEN\u00c7\u00c3O DAS ATIVIDADES ADMINISTRATIVAS","ident_acao":"Atividade","cat_econ":"Despesa Corrente","natureza_despesa":"Outras Despesas Correntes","modalidade_despesa":"Aplica\u00e7\u00f5es Diretas","elemento_despesa":"Material de Consumo","sub_elem_desp":"SEM SUBELEMENTO","fonte_recurso":"Recursos do Exerc\u00edcio Corrente \/ Outros Recursos n\u00e3o Vinculados \/ -"},{"ano_emissao_emp":"2023","n_emp":"0000023","data_emissao":"17\/01\/2023","valor":"39,00","tipo_empenho":"Ordin\u00e1rio","hist_emp":"VALOR QUE SE EMPENHA PARA FAZER FACE AO PAGAMENTO NA AQUISI\u00c7\u00c3O DE ADESIVO LACRE DE SEGURAN\u00c7A, PARA AS CPU`S DE TODOS OS SETORES DESTA C\u00c2MARA MUNICIPAL.","fornecedor":"NELSON DELGADO MARQUES ETIQUETAS","denom_uni_orc":"CORPO DELIBERATIVO E SECRETARIA","funcao":"Legislativa","sub_funcao":"A\u00e7\u00e3o Legislativa","programa":"A\u00c7\u00c3O LEGISLATIVA","acao":"INDENIZA\u00c7\u00d5ES E RESTITUI\u00c7\u00d5ES DIVERSAS (FMS)","ident_acao":"Atividade","cat_econ":"Despesa Corrente","natureza_despesa":"Outras Despesas Correntes","modalidade_despesa":"Aplica\u00e7\u00f5es Diretas","elemento_despesa":"Material de Consumo","sub_elem_desp":"SEM SUBELEMENTO","fonte_recurso":"Recursos do Exerc\u00edcio Corrente \/ Outros Recursos n\u00e3o Vinculados \/ -"},{"ano_emissao_emp":"2023","n_emp":"0000024","data_emissao":"17\/01\/2023","valor":"170,00","tipo_empenho":"Ordin\u00e1rio","hist_emp":"VALOR QUE SE EMPENHA PARA FAZER FACE AS DESPESAS DA VIAGEM COM DESTINO A CIDADE DO RECIFE PE, SENDO 01 DIARIA SEM PERNOITE, ONDE NA OPORTUNIDADE IR\u00c1 SE REUNIR COM MEMBROS DO GABINETE DA GOVERNADORA RAQUEL LYRA NO DIA 19\/01\/2023.","fornecedor":"JOICE IONARA PEREIRA DA CONCEI\u00c7\u00c3O","denom_uni_orc":"CORPO DELIBERATIVO E SECRETARIA","funcao":"Legislativa","sub_funcao":"A\u00e7\u00e3o Legislativa","programa":"A\u00c7\u00c3O LEGISLATIVA","acao":"AQUISI\u00c7\u00c3O DE M\u00d3VEIS, M\u00c1QUINAS E EQUIPAMENTOS DIVERSOS PARA O CONSELHO","ident_acao":"Atividade","cat_econ":"Despesa Corrente","natureza_despesa":"Outras Despesas Correntes","modalidade_despesa":"Aplica\u00e7\u00f5es Diretas","elemento_despesa":"Di\u00e1rias \u2013 Civil","sub_elem_desp":"SEM SUBELEMENTO","fonte_recurso":"Recursos do Exerc\u00edcio Corrente \/ Outros Recursos n\u00e3o Vinculados \/ -"},{"ano_emissao_emp":"2023","n_emp":"0000024","data_emissao":"17\/01\/2023","valor":"170,00","tipo_empenho":"Ordin\u00e1rio","hist_emp":"VALOR QUE SE EMPENHA PARA FAZER FACE AS DESPESAS DA VIAGEM COM DESTINO A CIDADE DO RECIFE PE, SENDO 01 DIARIA SEM PERNOITE, ONDE NA OPORTUNIDADE IR\u00c1 SE REUNIR COM MEMBROS DO GABINETE DA GOVERNADORA RAQUEL LYRA NO DIA 19\/01\/2023.","fornecedor":"JOICE IONARA PEREIRA DA CONCEI\u00c7\u00c3O","denom_uni_orc":"CORPO DELIBERATIVO E SECRETARIA","funcao":"Legislativa","sub_funcao":"A\u00e7\u00e3o Legislativa","programa":"A\u00c7\u00c3O LEGISLATIVA","acao":"MANUTEN\u00c7\u00c3O DAS ATIVIDADES ADMINISTRATIVAS","ident_acao":"Atividade","cat_econ":"Despesa Corrente","natureza_despesa":"Outras Despesas Correntes","modalidade_despesa":"Aplica\u00e7\u00f5es Diretas","elemento_despesa":"Di\u00e1rias \u2013 Civil","sub_elem_desp":"SEM SUBELEMENTO","fonte_recurso":"Recursos do Exerc\u00edcio Corrente \/ Outros Recursos n\u00e3o Vinculados \/ -"},{"ano_emissao_emp":"2023","n_emp":"0000024","data_emissao":"17\/01\/2023","valor":"170,00","tipo_empenho":"Ordin\u00e1rio","hist_emp":"VALOR QUE SE EMPENHA PARA FAZER FACE AS DESPESAS DA VIAGEM COM DESTINO A CIDADE DO RECIFE PE, SENDO 01 DIARIA SEM PERNOITE, ONDE NA OPORTUNIDADE IR\u00c1 SE REUNIR COM MEMBROS DO GABINETE DA GOVERNADORA RAQUEL LYRA NO DIA 19\/01\/2023.","fornecedor":"JOICE IONARA PEREIRA DA CONCEI\u00c7\u00c3O","denom_uni_orc":"CORPO DELIBERATIVO E SECRETARIA","funcao":"Legislativa","sub_funcao":"A\u00e7\u00e3o Legislativa","programa":"A\u00c7\u00c3O LEGISLATIVA","acao":"INDENIZA\u00c7\u00d5ES E RESTITUI\u00c7\u00d5ES DIVERSAS (FMS)","ident_acao":"Atividade","cat_econ":"Despesa Corrente","natureza_despesa":"Outras Despesas Correntes","modalidade_despesa":"Aplica\u00e7\u00f5es Diretas","elemento_despesa":"Di\u00e1rias \u2013 Civil","sub_elem_desp":"SEM SUBELEMENTO","fonte_recurso":"Recursos do Exerc\u00edcio Corrente \/ Outros Recursos n\u00e3o Vinculados \/ -"},{"ano_emissao_emp":"2023","n_emp":"0000025","data_emissao":"18\/01\/2023","valor":"350,00","tipo_empenho":"Ordin\u00e1rio","hist_emp":"VALOR QUE SE EMPENHA PARA FAZER FACE AS DESPESAS DA VIAGEM COM DESTINO A CIDADE DO RECIFE PE, SENDO 01 DIARIA SEM PERNOITE, ONDE NA OPORTUNIDADE IR\u00c1 SE REUNIR COM MEMBROS DO GABINETE DA GOVERNADORA RAQUEL LYRA PARA TRATAR DE DEMANDAS EM RELA\u00c7\u00c3O A SA\u00daDE DO NOSSO MUNIC\u00cdPIO QUE ACONTECER\u00c1 NO DIA 19\/01\/2023.","fornecedor":"ROZ\u00c2NGELA MARIA DOS SANTOS","denom_uni_orc":"CORPO DELIBERATIVO E SECRETARIA","funcao":"Legislativa","sub_funcao":"A\u00e7\u00e3o Legislativa","programa":"A\u00c7\u00c3O LEGISLATIVA","acao":"AQUISI\u00c7\u00c3O DE M\u00d3VEIS, M\u00c1QUINAS E EQUIPAMENTOS DIVERSOS PARA O CONSELHO","ident_acao":"Atividade","cat_econ":"Despesa Corrente","natureza_despesa":"Outras Despesas Correntes","modalidade_despesa":"Aplica\u00e7\u00f5es Diretas","elemento_despesa":"Di\u00e1rias \u2013 Civil","sub_elem_desp":"SEM SUBELEMENTO","fonte_recurso":"Recursos do Exerc\u00edcio Corrente \/ Outros Recursos n\u00e3o Vinculados \/ -"},{"ano_emissao_emp":"2023","n_emp":"0000025","data_emissao":"18\/01\/2023","valor":"350,00","tipo_empenho":"Ordin\u00e1rio","hist_emp":"VALOR QUE SE EMPENHA PARA FAZER FACE AS DESPESAS DA VIAGEM COM DESTINO A CIDADE DO RECIFE PE, SENDO 01 DIARIA SEM PERNOITE, ONDE NA OPORTUNIDADE IR\u00c1 SE REUNIR COM MEMBROS DO GABINETE DA GOVERNADORA RAQUEL LYRA PARA TRATAR DE DEMANDAS EM RELA\u00c7\u00c3O A SA\u00daDE DO NOSSO MUNIC\u00cdPIO QUE ACONTECER\u00c1 NO DIA 19\/01\/2023.","fornecedor":"ROZ\u00c2NGELA MARIA DOS SANTOS","denom_uni_orc":"CORPO DELIBERATIVO E SECRETARIA","funcao":"Legislativa","sub_funcao":"A\u00e7\u00e3o Legislativa","programa":"A\u00c7\u00c3O LEGISLATIVA","acao":"MANUTEN\u00c7\u00c3O DAS ATIVIDADES ADMINISTRATIVAS","ident_acao":"Atividade","cat_econ":"Despesa Corrente","natureza_despesa":"Outras Despesas Correntes","modalidade_despesa":"Aplica\u00e7\u00f5es Diretas","elemento_despesa":"Di\u00e1rias \u2013 Civil","sub_elem_desp":"SEM SUBELEMENTO","fonte_recurso":"Recursos do Exerc\u00edcio Corrente \/ Outros Recursos n\u00e3o Vinculados \/ -"},{"ano_emissao_emp":"2023","n_emp":"0000025","data_emissao":"18\/01\/2023","valor":"350,00","tipo_empenho":"Ordin\u00e1rio","hist_emp":"VALOR QUE SE EMPENHA PARA FAZER FACE AS DESPESAS DA VIAGEM COM DESTINO A CIDADE DO RECIFE PE, SENDO 01 DIARIA SEM PERNOITE, ONDE NA OPORTUNIDADE IR\u00c1 SE REUNIR COM MEMBROS DO GABINETE DA GOVERNADORA RAQUEL LYRA PARA TRATAR DE DEMANDAS EM RELA\u00c7\u00c3O A SA\u00daDE DO NOSSO MUNIC\u00cdPIO QUE ACONTECER\u00c1 NO DIA 19\/01\/2023.","fornecedor":"ROZ\u00c2NGELA MARIA DOS SANTOS","denom_uni_orc":"CORPO DELIBERATIVO E SECRETARIA","funcao":"Legislativa","sub_funcao":"A\u00e7\u00e3o Legislativa","programa":"A\u00c7\u00c3O LEGISLATIVA","acao":"INDENIZA\u00c7\u00d5ES E RESTITUI\u00c7\u00d5ES DIVERSAS (FMS)","ident_acao":"Atividade","cat_econ":"Despesa Corrente","natureza_despesa":"Outras Despesas Correntes","modalidade_despesa":"Aplica\u00e7\u00f5es Diretas","elemento_despesa":"Di\u00e1rias \u2013 Civil","sub_elem_desp":"SEM SUBELEMENTO","fonte_recurso":"Recursos do Exerc\u00edcio Corrente \/ Outros Recursos n\u00e3o Vinculados \/ -"},{"ano_emissao_emp":"2023","n_emp":"0000026","data_emissao":"18\/01\/2023","valor":"170,00","tipo_empenho":"Ordin\u00e1rio","hist_emp":"VALOR QUE SE EMPENHA PARA FAZER FACE AS DESPESAS DA VIAGEM COM DESTINO A CIDADE DO RECIFE PE, SENDO 01 DIARIA SEM PERNOITE, ONDE NA OPORTUNIDADE IR\u00c1 ACOMPANHAR A EXMA. SRA VEREADORA ROZANGELA MARIA DOS SANTOS, EM REUNI\u00c3O COM MEMBROS DO GABINETE DA GOVERNADORA RAQUEL LYRA NO DIA 19\/01\/2023.","fornecedor":"JOSUE CUSTODIO DE ARAUJO SOBRINHO","denom_uni_orc":"CORPO DELIBERATIVO E SECRETARIA","funcao":"Legislativa","sub_funcao":"A\u00e7\u00e3o Legislativa","programa":"A\u00c7\u00c3O LEGISLATIVA","acao":"AQUISI\u00c7\u00c3O DE M\u00d3VEIS, M\u00c1QUINAS E EQUIPAMENTOS DIVERSOS PARA O CONSELHO","ident_acao":"Atividade","cat_econ":"Despesa Corrente","natureza_despesa":"Outras Despesas Correntes","modalidade_despesa":"Aplica\u00e7\u00f5es Diretas","elemento_despesa":"Di\u00e1rias \u2013 Civil","sub_elem_desp":"SEM SUBELEMENTO","fonte_recurso":"Recursos do Exerc\u00edcio Corrente \/ Outros Recursos n\u00e3o Vinculados \/ -"},{"ano_emissao_emp":"2023","n_emp":"0000026","data_emissao":"18\/01\/2023","valor":"170,00","tipo_empenho":"Ordin\u00e1rio","hist_emp":"VALOR QUE SE EMPENHA PARA FAZER FACE AS DESPESAS DA VIAGEM COM DESTINO A CIDADE DO RECIFE PE, SENDO 01 DIARIA SEM PERNOITE, ONDE NA OPORTUNIDADE IR\u00c1 ACOMPANHAR A EXMA. SRA VEREADORA ROZANGELA MARIA DOS SANTOS, EM REUNI\u00c3O COM MEMBROS DO GABINETE DA GOVERNADORA RAQUEL LYRA NO DIA 19\/01\/2023.","fornecedor":"JOSUE CUSTODIO DE ARAUJO SOBRINHO","denom_uni_orc":"CORPO DELIBERATIVO E SECRETARIA","funcao":"Legislativa","sub_funcao":"A\u00e7\u00e3o Legislativa","programa":"A\u00c7\u00c3O LEGISLATIVA","acao":"MANUTEN\u00c7\u00c3O DAS ATIVIDADES ADMINISTRATIVAS","ident_acao":"Atividade","cat_econ":"Despesa Corrente","natureza_despesa":"Outras Despesas Correntes","modalidade_despesa":"Aplica\u00e7\u00f5es Diretas","elemento_despesa":"Di\u00e1rias \u2013 Civil","sub_elem_desp":"SEM SUBELEMENTO","fonte_recurso":"Recursos do Exerc\u00edcio Corrente \/ Outros Recursos n\u00e3o Vinculados \/ -"},{"ano_emissao_emp":"2023","n_emp":"0000026","data_emissao":"18\/01\/2023","valor":"170,00","tipo_empenho":"Ordin\u00e1rio","hist_emp":"VALOR QUE SE EMPENHA PARA FAZER FACE AS DESPESAS DA VIAGEM COM DESTINO A CIDADE DO RECIFE PE, SENDO 01 DIARIA SEM PERNOITE, ONDE NA OPORTUNIDADE IR\u00c1 ACOMPANHAR A EXMA. SRA VEREADORA ROZANGELA MARIA DOS SANTOS, EM REUNI\u00c3O COM MEMBROS DO GABINETE DA GOVERNADORA RAQUEL LYRA NO DIA 19\/01\/2023.","fornecedor":"JOSUE CUSTODIO DE ARAUJO SOBRINHO","denom_uni_orc":"CORPO DELIBERATIVO E SECRETARIA","funcao":"Legislativa","sub_funcao":"A\u00e7\u00e3o Legislativa","programa":"A\u00c7\u00c3O LEGISLATIVA","acao":"INDENIZA\u00c7\u00d5ES E RESTITUI\u00c7\u00d5ES DIVERSAS (FMS)","ident_acao":"Atividade","cat_econ":"Despesa Corrente","natureza_despesa":"Outras Despesas Correntes","modalidade_despesa":"Aplica\u00e7\u00f5es Diretas","elemento_despesa":"Di\u00e1rias \u2013 Civil","sub_elem_desp":"SEM SUBELEMENTO","fonte_recurso":"Recursos do Exerc\u00edcio Corrente \/ Outros Recursos n\u00e3o Vinculados \/ -"},{"ano_emissao_emp":"2023","n_emp":"0000027","data_emissao":"20\/01\/2023","valor":"50,50","tipo_empenho":"Ordin\u00e1rio","hist_emp":"VALOR QUE SE EMPENHA PARA FAZER FACE AO PAGAMENTO DO SERVICO DE FORNECIMENTO DE AGUA ENCANADA E ESGOTO, DA CIDATEC REFERENTE A GUIA DE DEZEMBRO DE 2022.","fornecedor":"COMPESA - COMPANHIA PERNAMBUCANA DE SANEAMENTO","denom_uni_orc":"CORPO DELIBERATIVO E SECRETARIA","funcao":"Legislativa","sub_funcao":"A\u00e7\u00e3o Legislativa","programa":"A\u00c7\u00c3O LEGISLATIVA","acao":"AQUISI\u00c7\u00c3O DE M\u00d3VEIS, M\u00c1QUINAS E EQUIPAMENTOS DIVERSOS PARA O CONSELHO","ident_acao":"Atividade","cat_econ":"Despesa Corrente","natureza_despesa":"Outras Despesas Correntes","modalidade_despesa":"Aplica\u00e7\u00f5es Diretas","elemento_despesa":"Outros Servi\u00e7os de Terceiros - Pessoa Jur\u00eddica","sub_elem_desp":"SEM SUBELEMENTO","fonte_recurso":"Recursos do Exerc\u00edcio Corrente \/ Outros Recursos n\u00e3o Vinculados \/ -"},{"ano_emissao_emp":"2023","n_emp":"0000027","data_emissao":"20\/01\/2023","valor":"50,50","tipo_empenho":"Ordin\u00e1rio","hist_emp":"VALOR QUE SE EMPENHA PARA FAZER FACE AO PAGAMENTO DO SERVICO DE FORNECIMENTO DE AGUA ENCANADA E ESGOTO, DA CIDATEC REFERENTE A GUIA DE DEZEMBRO DE 2022.","fornecedor":"COMPESA - COMPANHIA PERNAMBUCANA DE SANEAMENTO","denom_uni_orc":"CORPO DELIBERATIVO E SECRETARIA","funcao":"Legislativa","sub_funcao":"A\u00e7\u00e3o Legislativa","programa":"A\u00c7\u00c3O LEGISLATIVA","acao":"MANUTEN\u00c7\u00c3O DAS ATIVIDADES ADMINISTRATIVAS","ident_acao":"Atividade","cat_econ":"Despesa Corrente","natureza_despesa":"Outras Despesas Correntes","modalidade_despesa":"Aplica\u00e7\u00f5es Diretas","elemento_despesa":"Outros Servi\u00e7os de Terceiros - Pessoa Jur\u00eddica","sub_elem_desp":"SEM SUBELEMENTO","fonte_recurso":"Recursos do Exerc\u00edcio Corrente \/ Outros Recursos n\u00e3o Vinculados \/ -"},{"ano_emissao_emp":"2023","n_emp":"0000027","data_emissao":"20\/01\/2023","valor":"50,50","tipo_empenho":"Ordin\u00e1rio","hist_emp":"VALOR QUE SE EMPENHA PARA FAZER FACE AO PAGAMENTO DO SERVICO DE FORNECIMENTO DE AGUA ENCANADA E ESGOTO, DA CIDATEC REFERENTE A GUIA DE DEZEMBRO DE 2022.","fornecedor":"COMPESA - COMPANHIA PERNAMBUCANA DE SANEAMENTO","denom_uni_orc":"CORPO DELIBERATIVO E SECRETARIA","funcao":"Legislativa","sub_funcao":"A\u00e7\u00e3o Legislativa","programa":"A\u00c7\u00c3O LEGISLATIVA","acao":"INDENIZA\u00c7\u00d5ES E RESTITUI\u00c7\u00d5ES DIVERSAS (FMS)","ident_acao":"Atividade","cat_econ":"Despesa Corrente","natureza_despesa":"Outras Despesas Correntes","modalidade_despesa":"Aplica\u00e7\u00f5es Diretas","elemento_despesa":"Outros Servi\u00e7os de Terceiros - Pessoa Jur\u00eddica","sub_elem_desp":"SEM SUBELEMENTO","fonte_recurso":"Recursos do Exerc\u00edcio Corrente \/ Outros Recursos n\u00e3o Vinculados \/ -"},{"ano_emissao_emp":"2023","n_emp":"0000028","data_emissao":"20\/01\/2023","valor":"229,50","tipo_empenho":"Ordin\u00e1rio","hist_emp":"VALOR QUE SE EMPENHA PARA FAZER FACE AO PAGAMENTO DA COMPRA DE MATERIAIS DE CONSUMO, TAIS COMO- 05 CX DE SELANTE PU PARA PARA CALHA 400GVEDACIT, COM FUNDAMENTO NO ARTIGO 24, INCISO 2\u00ba DA LEI 8.666 93.","fornecedor":"JCL LAJES E MATERIAIS PARA CONSTRU\u00c7\u00c3O LTDA","denom_uni_orc":"CORPO DELIBERATIVO E SECRETARIA","funcao":"Legislativa","sub_funcao":"A\u00e7\u00e3o Legislativa","programa":"A\u00c7\u00c3O LEGISLATIVA","acao":"AQUISI\u00c7\u00c3O DE M\u00d3VEIS, M\u00c1QUINAS E EQUIPAMENTOS DIVERSOS PARA O CONSELHO","ident_acao":"Atividade","cat_econ":"Despesa Corrente","natureza_despesa":"Outras Despesas Correntes","modalidade_despesa":"Aplica\u00e7\u00f5es Diretas","elemento_despesa":"Material de Consumo","sub_elem_desp":"SEM SUBELEMENTO","fonte_recurso":"Recursos do Exerc\u00edcio Corrente \/ Outros Recursos n\u00e3o Vinculados \/ -"},{"ano_emissao_emp":"2023","n_emp":"0000028","data_emissao":"20\/01\/2023","valor":"229,50","tipo_empenho":"Ordin\u00e1rio","hist_emp":"VALOR QUE SE EMPENHA PARA FAZER FACE AO PAGAMENTO DA COMPRA DE MATERIAIS DE CONSUMO, TAIS COMO- 05 CX DE SELANTE PU PARA PARA CALHA 400GVEDACIT, COM FUNDAMENTO NO ARTIGO 24, INCISO 2\u00ba DA LEI 8.666 93.","fornecedor":"JCL LAJES E MATERIAIS PARA CONSTRU\u00c7\u00c3O LTDA","denom_uni_orc":"CORPO DELIBERATIVO E SECRETARIA","funcao":"Legislativa","sub_funcao":"A\u00e7\u00e3o Legislativa","programa":"A\u00c7\u00c3O LEGISLATIVA","acao":"MANUTEN\u00c7\u00c3O DAS ATIVIDADES ADMINISTRATIVAS","ident_acao":"Atividade","cat_econ":"Despesa Corrente","natureza_despesa":"Outras Despesas Correntes","modalidade_despesa":"Aplica\u00e7\u00f5es Diretas","elemento_despesa":"Material de Consumo","sub_elem_desp":"SEM SUBELEMENTO","fonte_recurso":"Recursos do Exerc\u00edcio Corrente \/ Outros Recursos n\u00e3o Vinculados \/ -"},{"ano_emissao_emp":"2023","n_emp":"0000028","data_emissao":"20\/01\/2023","valor":"229,50","tipo_empenho":"Ordin\u00e1rio","hist_emp":"VALOR QUE SE EMPENHA PARA FAZER FACE AO PAGAMENTO DA COMPRA DE MATERIAIS DE CONSUMO, TAIS COMO- 05 CX DE SELANTE PU PARA PARA CALHA 400GVEDACIT, COM FUNDAMENTO NO ARTIGO 24, INCISO 2\u00ba DA LEI 8.666 93.","fornecedor":"JCL LAJES E MATERIAIS PARA CONSTRU\u00c7\u00c3O LTDA","denom_uni_orc":"CORPO DELIBERATIVO E SECRETARIA","funcao":"Legislativa","sub_funcao":"A\u00e7\u00e3o Legislativa","programa":"A\u00c7\u00c3O LEGISLATIVA","acao":"INDENIZA\u00c7\u00d5ES E RESTITUI\u00c7\u00d5ES DIVERSAS (FMS)","ident_acao":"Atividade","cat_econ":"Despesa Corrente","natureza_despesa":"Outras Despesas Correntes","modalidade_despesa":"Aplica\u00e7\u00f5es Diretas","elemento_despesa":"Material de Consumo","sub_elem_desp":"SEM SUBELEMENTO","fonte_recurso":"Recursos do Exerc\u00edcio Corrente \/ Outros Recursos n\u00e3o Vinculados \/ -"},{"ano_emissao_emp":"2023","n_emp":"0000029","data_emissao":"20\/01\/2023","valor":"1.173,00","tipo_empenho":"Ordin\u00e1rio","hist_emp":"VALOR QUE SE EMPENHA PARA FAZER FACE AO PAGAMENTO DA COMPRA DE MATERIAIS DE CONSUMO, TAIS COMO- 04 UND ARGAMASSA  AC-II EXT 20KG QUARTZOLIT,10 TELHAS ANDULADAS 1.44X1 10M 5MM BRASILIT  PARA MANUTEN\u00c7\u00c3O DO PREDIO DESTA CAMARA DE VEREADORES. CELEBRADO MEDIANTE DISPENSA DE LICITACAO, COM FUNDAMENTO NO ARTIGO 24, INCISO 2\u00ba DA LEI 8.666 93.","fornecedor":"JCL LAJES E MATERIAIS PARA CONSTRU\u00c7\u00c3O LTDA","denom_uni_orc":"CORPO DELIBERATIVO E SECRETARIA","funcao":"Legislativa","sub_funcao":"A\u00e7\u00e3o Legislativa","programa":"A\u00c7\u00c3O LEGISLATIVA","acao":"AQUISI\u00c7\u00c3O DE M\u00d3VEIS, M\u00c1QUINAS E EQUIPAMENTOS DIVERSOS PARA O CONSELHO","ident_acao":"Atividade","cat_econ":"Despesa Corrente","natureza_despesa":"Outras Despesas Correntes","modalidade_despesa":"Aplica\u00e7\u00f5es Diretas","elemento_despesa":"Material de Consumo","sub_elem_desp":"SEM SUBELEMENTO","fonte_recurso":"Recursos do Exerc\u00edcio Corrente \/ Outros Recursos n\u00e3o Vinculados \/ -"},{"ano_emissao_emp":"2023","n_emp":"0000029","data_emissao":"20\/01\/2023","valor":"1.173,00","tipo_empenho":"Ordin\u00e1rio","hist_emp":"VALOR QUE SE EMPENHA PARA FAZER FACE AO PAGAMENTO DA COMPRA DE MATERIAIS DE CONSUMO, TAIS COMO- 04 UND ARGAMASSA  AC-II EXT 20KG QUARTZOLIT,10 TELHAS ANDULADAS 1.44X1 10M 5MM BRASILIT  PARA MANUTEN\u00c7\u00c3O DO PREDIO DESTA CAMARA DE VEREADORES. CELEBRADO MEDIANTE DISPENSA DE LICITACAO, COM FUNDAMENTO NO ARTIGO 24, INCISO 2\u00ba DA LEI 8.666 93.","fornecedor":"JCL LAJES E MATERIAIS PARA CONSTRU\u00c7\u00c3O LTDA","denom_uni_orc":"CORPO DELIBERATIVO E SECRETARIA","funcao":"Legislativa","sub_funcao":"A\u00e7\u00e3o Legislativa","programa":"A\u00c7\u00c3O LEGISLATIVA","acao":"MANUTEN\u00c7\u00c3O DAS ATIVIDADES ADMINISTRATIVAS","ident_acao":"Atividade","cat_econ":"Despesa Corrente","natureza_despesa":"Outras Despesas Correntes","modalidade_despesa":"Aplica\u00e7\u00f5es Diretas","elemento_despesa":"Material de Consumo","sub_elem_desp":"SEM SUBELEMENTO","fonte_recurso":"Recursos do Exerc\u00edcio Corrente \/ Outros Recursos n\u00e3o Vinculados \/ -"},{"ano_emissao_emp":"2023","n_emp":"0000029","data_emissao":"20\/01\/2023","valor":"1.173,00","tipo_empenho":"Ordin\u00e1rio","hist_emp":"VALOR QUE SE EMPENHA PARA FAZER FACE AO PAGAMENTO DA COMPRA DE MATERIAIS DE CONSUMO, TAIS COMO- 04 UND ARGAMASSA  AC-II EXT 20KG QUARTZOLIT,10 TELHAS ANDULADAS 1.44X1 10M 5MM BRASILIT  PARA MANUTEN\u00c7\u00c3O DO PREDIO DESTA CAMARA DE VEREADORES. CELEBRADO MEDIANTE DISPENSA DE LICITACAO, COM FUNDAMENTO NO ARTIGO 24, INCISO 2\u00ba DA LEI 8.666 93.","fornecedor":"JCL LAJES E MATERIAIS PARA CONSTRU\u00c7\u00c3O LTDA","denom_uni_orc":"CORPO DELIBERATIVO E SECRETARIA","funcao":"Legislativa","sub_funcao":"A\u00e7\u00e3o Legislativa","programa":"A\u00c7\u00c3O LEGISLATIVA","acao":"INDENIZA\u00c7\u00d5ES E RESTITUI\u00c7\u00d5ES DIVERSAS (FMS)","ident_acao":"Atividade","cat_econ":"Despesa Corrente","natureza_despesa":"Outras Despesas Correntes","modalidade_despesa":"Aplica\u00e7\u00f5es Diretas","elemento_despesa":"Material de Consumo","sub_elem_desp":"SEM SUBELEMENTO","fonte_recurso":"Recursos do Exerc\u00edcio Corrente \/ Outros Recursos n\u00e3o Vinculados \/ -"},{"ano_emissao_emp":"2023","n_emp":"0000030","data_emissao":"20\/01\/2023","valor":"73.347,89","tipo_empenho":"Ordin\u00e1rio","hist_emp":"VALOR QUE SE EMPENHA PARA FAZER FACE AO PAGAMENTO DA PARTE PATRONAL DO INSS DAS FOLHAS DE PAGAMENTO DOS VEREADORES E SERVIDORES COMISSIONADOS. GUIA DE DEZEMBRO DO EXERC\u00cdCIO DE 2022.","fornecedor":"FOLHA DE PAGAMENTO","denom_uni_orc":"CORPO DELIBERATIVO E SECRETARIA","funcao":"Legislativa","sub_funcao":"A\u00e7\u00e3o Legislativa","programa":"PREVID\u00caNCIA SOCIAL A SEGURADOS","acao":"CONTRIBUI\u00c7\u00c3O PREVIDENCI\u00c1RIA E FGTS","ident_acao":"Atividade","cat_econ":"Despesa Corrente","natureza_despesa":"Pessoal e Encargos Sociais","modalidade_despesa":"Aplica\u00e7\u00f5es Diretas","elemento_despesa":"Obriga\u00e7\u00f5es Patronais","sub_elem_desp":"SEM SUBELEMENTO","fonte_recurso":"Recursos do Exerc\u00edcio Corrente \/ Outros Recursos n\u00e3o Vinculados \/ -"},{"ano_emissao_emp":"2023","n_emp":"0000030","data_emissao":"20\/01\/2023","valor":"73.347,89","tipo_empenho":"Ordin\u00e1rio","hist_emp":"VALOR QUE SE EMPENHA PARA FAZER FACE AO PAGAMENTO DA PARTE PATRONAL DO INSS DAS FOLHAS DE PAGAMENTO DOS VEREADORES E SERVIDORES COMISSIONADOS. GUIA DE DEZEMBRO DO EXERC\u00cdCIO DE 2022.","fornecedor":"FOLHA DE PAGAMENTO","denom_uni_orc":"CORPO DELIBERATIVO E SECRETARIA","funcao":"Legislativa","sub_funcao":"A\u00e7\u00e3o Legislativa","programa":"PREVID\u00caNCIA SOCIAL A SEGURADOS","acao":"RESERVA DE CONTING\u00caNCIA ( PAGAMENTO E COBERTURA DE PASSIVOS CONTINGENT","ident_acao":"Atividade","cat_econ":"Despesa Corrente","natureza_despesa":"Pessoal e Encargos Sociais","modalidade_despesa":"Aplica\u00e7\u00f5es Diretas","elemento_despesa":"Obriga\u00e7\u00f5es Patronais","sub_elem_desp":"SEM SUBELEMENTO","fonte_recurso":"Recursos do Exerc\u00edcio Corrente \/ Outros Recursos n\u00e3o Vinculados \/ -"},{"ano_emissao_emp":"2023","n_emp":"0000031","data_emissao":"24\/01\/2023","valor":"399,60","tipo_empenho":"Ordin\u00e1rio","hist_emp":"VALOR QUE SE EMPENHA PARA FAZER FACE AO PAGAMENTO DA COMPRA DE MATERIAIS DE CONSUMO, TAIS COMO- 04 UND TELHA ONDULADA 2.44X1 10M 5MM BRASILIT PARA MANUTEN\u00c7\u00c3O DO PREDIO DA CAMARA  DE VEREADORES DESTE MUNICIPIO, CELEBRADO MEDIANTE DISPENSA DE LICITACAO, COM FUNDAMENTO NO ARTIGO 24, INCISO 2\u00ba DA LEI 8.666 93.","fornecedor":"JCL LAJES E MATERIAIS PARA CONSTRU\u00c7\u00c3O LTDA","denom_uni_orc":"CORPO DELIBERATIVO E SECRETARIA","funcao":"Legislativa","sub_funcao":"A\u00e7\u00e3o Legislativa","programa":"A\u00c7\u00c3O LEGISLATIVA","acao":"AQUISI\u00c7\u00c3O DE M\u00d3VEIS, M\u00c1QUINAS E EQUIPAMENTOS DIVERSOS PARA O CONSELHO","ident_acao":"Atividade","cat_econ":"Despesa Corrente","natureza_despesa":"Outras Despesas Correntes","modalidade_despesa":"Aplica\u00e7\u00f5es Diretas","elemento_despesa":"Material de Consumo","sub_elem_desp":"SEM SUBELEMENTO","fonte_recurso":"Recursos do Exerc\u00edcio Corrente \/ Outros Recursos n\u00e3o Vinculados \/ -"},{"ano_emissao_emp":"2023","n_emp":"0000031","data_emissao":"24\/01\/2023","valor":"399,60","tipo_empenho":"Ordin\u00e1rio","hist_emp":"VALOR QUE SE EMPENHA PARA FAZER FACE AO PAGAMENTO DA COMPRA DE MATERIAIS DE CONSUMO, TAIS COMO- 04 UND TELHA ONDULADA 2.44X1 10M 5MM BRASILIT PARA MANUTEN\u00c7\u00c3O DO PREDIO DA CAMARA  DE VEREADORES DESTE MUNICIPIO, CELEBRADO MEDIANTE DISPENSA DE LICITACAO, COM FUNDAMENTO NO ARTIGO 24, INCISO 2\u00ba DA LEI 8.666 93.","fornecedor":"JCL LAJES E MATERIAIS PARA CONSTRU\u00c7\u00c3O LTDA","denom_uni_orc":"CORPO DELIBERATIVO E SECRETARIA","funcao":"Legislativa","sub_funcao":"A\u00e7\u00e3o Legislativa","programa":"A\u00c7\u00c3O LEGISLATIVA","acao":"MANUTEN\u00c7\u00c3O DAS ATIVIDADES ADMINISTRATIVAS","ident_acao":"Atividade","cat_econ":"Despesa Corrente","natureza_despesa":"Outras Despesas Correntes","modalidade_despesa":"Aplica\u00e7\u00f5es Diretas","elemento_despesa":"Material de Consumo","sub_elem_desp":"SEM SUBELEMENTO","fonte_recurso":"Recursos do Exerc\u00edcio Corrente \/ Outros Recursos n\u00e3o Vinculados \/ -"},{"ano_emissao_emp":"2023","n_emp":"0000031","data_emissao":"24\/01\/2023","valor":"399,60","tipo_empenho":"Ordin\u00e1rio","hist_emp":"VALOR QUE SE EMPENHA PARA FAZER FACE AO PAGAMENTO DA COMPRA DE MATERIAIS DE CONSUMO, TAIS COMO- 04 UND TELHA ONDULADA 2.44X1 10M 5MM BRASILIT PARA MANUTEN\u00c7\u00c3O DO PREDIO DA CAMARA  DE VEREADORES DESTE MUNICIPIO, CELEBRADO MEDIANTE DISPENSA DE LICITACAO, COM FUNDAMENTO NO ARTIGO 24, INCISO 2\u00ba DA LEI 8.666 93.","fornecedor":"JCL LAJES E MATERIAIS PARA CONSTRU\u00c7\u00c3O LTDA","denom_uni_orc":"CORPO DELIBERATIVO E SECRETARIA","funcao":"Legislativa","sub_funcao":"A\u00e7\u00e3o Legislativa","programa":"A\u00c7\u00c3O LEGISLATIVA","acao":"INDENIZA\u00c7\u00d5ES E RESTITUI\u00c7\u00d5ES DIVERSAS (FMS)","ident_acao":"Atividade","cat_econ":"Despesa Corrente","natureza_despesa":"Outras Despesas Correntes","modalidade_despesa":"Aplica\u00e7\u00f5es Diretas","elemento_despesa":"Material de Consumo","sub_elem_desp":"SEM SUBELEMENTO","fonte_recurso":"Recursos do Exerc\u00edcio Corrente \/ Outros Recursos n\u00e3o Vinculados \/ -"},{"ano_emissao_emp":"2023","n_emp":"0000032","data_emissao":"24\/01\/2023","valor":"550,00","tipo_empenho":"Ordin\u00e1rio","hist_emp":"VALOR QUE SE EMPENHA PARA FAZER FACE AO PAGAMENTO DA COMPRA DE MATERIAIS DE CONSUMO, TAIS COMO- 01 UND FURADEIRA IMPACTO S\/MALETA GSB13 RE BOSCH. CELEBRADO MEDIANTE DISPENSA DE LICITACAO, COM FUNDAMENTO NO ARTIGO 24, INCISO 2\u00ba DA LEI 8.666 93.","fornecedor":"JCL LAJES E MATERIAIS PARA CONSTRU\u00c7\u00c3O LTDA","denom_uni_orc":"CORPO DELIBERATIVO E SECRETARIA","funcao":"Legislativa","sub_funcao":"A\u00e7\u00e3o Legislativa","programa":"A\u00c7\u00c3O LEGISLATIVA","acao":"REEQUIPAMENTO DA UNIDADE","ident_acao":"Projeto","cat_econ":"Despesa de Capital","natureza_despesa":"Investimentos","modalidade_despesa":"Aplica\u00e7\u00f5es Diretas","elemento_despesa":"Equipamentos e Material Permanente","sub_elem_desp":"OUTROS MATERIAIS PERMANENTES","fonte_recurso":"Recursos do Exerc\u00edcio Corrente \/ Outros Recursos n\u00e3o Vinculados \/ -"},{"ano_emissao_emp":"2023","n_emp":"0000032","data_emissao":"24\/01\/2023","valor":"550,00","tipo_empenho":"Ordin\u00e1rio","hist_emp":"VALOR QUE SE EMPENHA PARA FAZER FACE AO PAGAMENTO DA COMPRA DE MATERIAIS DE CONSUMO, TAIS COMO- 01 UND FURADEIRA IMPACTO S\/MALETA GSB13 RE BOSCH. CELEBRADO MEDIANTE DISPENSA DE LICITACAO, COM FUNDAMENTO NO ARTIGO 24, INCISO 2\u00ba DA LEI 8.666 93.","fornecedor":"JCL LAJES E MATERIAIS PARA CONSTRU\u00c7\u00c3O LTDA","denom_uni_orc":"CORPO DELIBERATIVO E SECRETARIA","funcao":"Legislativa","sub_funcao":"A\u00e7\u00e3o Legislativa","programa":"A\u00c7\u00c3O LEGISLATIVA","acao":"INDENIZA\u00c7\u00d5ES E RESTITUI\u00c7\u00d5ES DO RPPS","ident_acao":"Projeto","cat_econ":"Despesa de Capital","natureza_despesa":"Investimentos","modalidade_despesa":"Aplica\u00e7\u00f5es Diretas","elemento_despesa":"Equipamentos e Material Permanente","sub_elem_desp":"OUTROS MATERIAIS PERMANENTES","fonte_recurso":"Recursos do Exerc\u00edcio Corrente \/ Outros Recursos n\u00e3o Vinculados \/ -"},{"ano_emissao_emp":"2023","n_emp":"0000032","data_emissao":"24\/01\/2023","valor":"550,00","tipo_empenho":"Ordin\u00e1rio","hist_emp":"VALOR QUE SE EMPENHA PARA FAZER FACE AO PAGAMENTO DA COMPRA DE MATERIAIS DE CONSUMO, TAIS COMO- 01 UND FURADEIRA IMPACTO S\/MALETA GSB13 RE BOSCH. CELEBRADO MEDIANTE DISPENSA DE LICITACAO, COM FUNDAMENTO NO ARTIGO 24, INCISO 2\u00ba DA LEI 8.666 93.","fornecedor":"JCL LAJES E MATERIAIS PARA CONSTRU\u00c7\u00c3O LTDA","denom_uni_orc":"CORPO DELIBERATIVO E SECRETARIA","funcao":"Legislativa","sub_funcao":"A\u00e7\u00e3o Legislativa","programa":"A\u00c7\u00c3O LEGISLATIVA","acao":"AMORTIZA\u00c7\u00c3O DA D\u00cdVIDA P\u00daBLICA CONSOLIDADA","ident_acao":"Projeto","cat_econ":"Despesa de Capital","natureza_despesa":"Investimentos","modalidade_despesa":"Aplica\u00e7\u00f5es Diretas","elemento_despesa":"Equipamentos e Material Permanente","sub_elem_desp":"OUTROS MATERIAIS PERMANENTES","fonte_recurso":"Recursos do Exerc\u00edcio Corrente \/ Outros Recursos n\u00e3o Vinculados \/ -"},{"ano_emissao_emp":"2023","n_emp":"0000033","data_emissao":"24\/01\/2023","valor":"1.004,40","tipo_empenho":"Ordin\u00e1rio","hist_emp":"VALOR QUE SE EMPENHA PARA FAZER FACE AO PAGAMENTO DA COMPRA DE MATERIAIS DE CONSUMO, TAIS COMO- 03 CAIXA DE SELANTE PU CALHA 400G VEDACIT, 01 UND BROCA P\/CONOR C\/8PC STARFER, 01 UND  FORMAO CHANFRADO 3`8 43330\/102 TRAMONTINA,01 UND FORMAO CHANFRADO 1 43330\/107 TRAMONTINA, 01 UMD FORMAO CHANFRADO 1\/4 43330\/101 TRAMONTINA,01 UND FORMAO CHANFRADO 1 43330\/107 TRAMONTINA, 01 UND FORMAO CHANFRADO 1\/2 43330\/103 TRAMONTINA, 1 UND ARCO SERRA FIXO 12 43301\/012 TAMONTINA, 01 UND JOGO CHAVE FENDA 7PC 43408\/115, 01 UN","fornecedor":"JCL LAJES E MATERIAIS PARA CONSTRU\u00c7\u00c3O LTDA","denom_uni_orc":"CORPO DELIBERATIVO E SECRETARIA","funcao":"Legislativa","sub_funcao":"A\u00e7\u00e3o Legislativa","programa":"A\u00c7\u00c3O LEGISLATIVA","acao":"AQUISI\u00c7\u00c3O DE M\u00d3VEIS, M\u00c1QUINAS E EQUIPAMENTOS DIVERSOS PARA O CONSELHO","ident_acao":"Atividade","cat_econ":"Despesa Corrente","natureza_despesa":"Outras Despesas Correntes","modalidade_despesa":"Aplica\u00e7\u00f5es Diretas","elemento_despesa":"Material de Consumo","sub_elem_desp":"SEM SUBELEMENTO","fonte_recurso":"Recursos do Exerc\u00edcio Corrente \/ Outros Recursos n\u00e3o Vinculados \/ -"},{"ano_emissao_emp":"2023","n_emp":"0000033","data_emissao":"24\/01\/2023","valor":"1.004,40","tipo_empenho":"Ordin\u00e1rio","hist_emp":"VALOR QUE SE EMPENHA PARA FAZER FACE AO PAGAMENTO DA COMPRA DE MATERIAIS DE CONSUMO, TAIS COMO- 03 CAIXA DE SELANTE PU CALHA 400G VEDACIT, 01 UND BROCA P\/CONOR C\/8PC STARFER, 01 UND  FORMAO CHANFRADO 3`8 43330\/102 TRAMONTINA,01 UND FORMAO CHANFRADO 1 43330\/107 TRAMONTINA, 01 UMD FORMAO CHANFRADO 1\/4 43330\/101 TRAMONTINA,01 UND FORMAO CHANFRADO 1 43330\/107 TRAMONTINA, 01 UND FORMAO CHANFRADO 1\/2 43330\/103 TRAMONTINA, 1 UND ARCO SERRA FIXO 12 43301\/012 TAMONTINA, 01 UND JOGO CHAVE FENDA 7PC 43408\/115, 01 UN","fornecedor":"JCL LAJES E MATERIAIS PARA CONSTRU\u00c7\u00c3O LTDA","denom_uni_orc":"CORPO DELIBERATIVO E SECRETARIA","funcao":"Legislativa","sub_funcao":"A\u00e7\u00e3o Legislativa","programa":"A\u00c7\u00c3O LEGISLATIVA","acao":"MANUTEN\u00c7\u00c3O DAS ATIVIDADES ADMINISTRATIVAS","ident_acao":"Atividade","cat_econ":"Despesa Corrente","natureza_despesa":"Outras Despesas Correntes","modalidade_despesa":"Aplica\u00e7\u00f5es Diretas","elemento_despesa":"Material de Consumo","sub_elem_desp":"SEM SUBELEMENTO","fonte_recurso":"Recursos do Exerc\u00edcio Corrente \/ Outros Recursos n\u00e3o Vinculados \/ -"},{"ano_emissao_emp":"2023","n_emp":"0000033","data_emissao":"24\/01\/2023","valor":"1.004,40","tipo_empenho":"Ordin\u00e1rio","hist_emp":"VALOR QUE SE EMPENHA PARA FAZER FACE AO PAGAMENTO DA COMPRA DE MATERIAIS DE CONSUMO, TAIS COMO- 03 CAIXA DE SELANTE PU CALHA 400G VEDACIT, 01 UND BROCA P\/CONOR C\/8PC STARFER, 01 UND  FORMAO CHANFRADO 3`8 43330\/102 TRAMONTINA,01 UND FORMAO CHANFRADO 1 43330\/107 TRAMONTINA, 01 UMD FORMAO CHANFRADO 1\/4 43330\/101 TRAMONTINA,01 UND FORMAO CHANFRADO 1 43330\/107 TRAMONTINA, 01 UND FORMAO CHANFRADO 1\/2 43330\/103 TRAMONTINA, 1 UND ARCO SERRA FIXO 12 43301\/012 TAMONTINA, 01 UND JOGO CHAVE FENDA 7PC 43408\/115, 01 UN","fornecedor":"JCL LAJES E MATERIAIS PARA CONSTRU\u00c7\u00c3O LTDA","denom_uni_orc":"CORPO DELIBERATIVO E SECRETARIA","funcao":"Legislativa","sub_funcao":"A\u00e7\u00e3o Legislativa","programa":"A\u00c7\u00c3O LEGISLATIVA","acao":"INDENIZA\u00c7\u00d5ES E RESTITUI\u00c7\u00d5ES DIVERSAS (FMS)","ident_acao":"Atividade","cat_econ":"Despesa Corrente","natureza_despesa":"Outras Despesas Correntes","modalidade_despesa":"Aplica\u00e7\u00f5es Diretas","elemento_despesa":"Material de Consumo","sub_elem_desp":"SEM SUBELEMENTO","fonte_recurso":"Recursos do Exerc\u00edcio Corrente \/ Outros Recursos n\u00e3o Vinculados \/ -"},{"ano_emissao_emp":"2023","n_emp":"0000034","data_emissao":"24\/01\/2023","valor":"699,30","tipo_empenho":"Ordin\u00e1rio","hist_emp":"VALOR QUE SE EMPENHA PARA FAZER FACE AO PAGAMENTO DA COMPRA DE MATERIAIS DE CONSUMO, TAIS COMO- 07 TELHA ONDULADA 2.44X1 10M 5MM BRASILIT PARA MANUTEN\u00c7\u00c3O DO PREDIO DESTA CAMARA DE VEREADORES DESTE MUNICIPIO. CELEBRADO MEDIANTE DISPENSA DE LICITACAO, COM FUNDAMENTO NO ARTIGO 24, INCISO 2\u00ba DA LEI 8.666 93.","fornecedor":"JCL LAJES E MATERIAIS PARA CONSTRU\u00c7\u00c3O LTDA","denom_uni_orc":"CORPO DELIBERATIVO E SECRETARIA","funcao":"Legislativa","sub_funcao":"A\u00e7\u00e3o Legislativa","programa":"A\u00c7\u00c3O LEGISLATIVA","acao":"AQUISI\u00c7\u00c3O DE M\u00d3VEIS, M\u00c1QUINAS E EQUIPAMENTOS DIVERSOS PARA O CONSELHO","ident_acao":"Atividade","cat_econ":"Despesa Corrente","natureza_despesa":"Outras Despesas Correntes","modalidade_despesa":"Aplica\u00e7\u00f5es Diretas","elemento_despesa":"Material de Consumo","sub_elem_desp":"SEM SUBELEMENTO","fonte_recurso":"Recursos do Exerc\u00edcio Corrente \/ Outros Recursos n\u00e3o Vinculados \/ -"},{"ano_emissao_emp":"2023","n_emp":"0000034","data_emissao":"24\/01\/2023","valor":"699,30","tipo_empenho":"Ordin\u00e1rio","hist_emp":"VALOR QUE SE EMPENHA PARA FAZER FACE AO PAGAMENTO DA COMPRA DE MATERIAIS DE CONSUMO, TAIS COMO- 07 TELHA ONDULADA 2.44X1 10M 5MM BRASILIT PARA MANUTEN\u00c7\u00c3O DO PREDIO DESTA CAMARA DE VEREADORES DESTE MUNICIPIO. CELEBRADO MEDIANTE DISPENSA DE LICITACAO, COM FUNDAMENTO NO ARTIGO 24, INCISO 2\u00ba DA LEI 8.666 93.","fornecedor":"JCL LAJES E MATERIAIS PARA CONSTRU\u00c7\u00c3O LTDA","denom_uni_orc":"CORPO DELIBERATIVO E SECRETARIA","funcao":"Legislativa","sub_funcao":"A\u00e7\u00e3o Legislativa","programa":"A\u00c7\u00c3O LEGISLATIVA","acao":"MANUTEN\u00c7\u00c3O DAS ATIVIDADES ADMINISTRATIVAS","ident_acao":"Atividade","cat_econ":"Despesa Corrente","natureza_despesa":"Outras Despesas Correntes","modalidade_despesa":"Aplica\u00e7\u00f5es Diretas","elemento_despesa":"Material de Consumo","sub_elem_desp":"SEM SUBELEMENTO","fonte_recurso":"Recursos do Exerc\u00edcio Corrente \/ Outros Recursos n\u00e3o Vinculados \/ -"},{"ano_emissao_emp":"2023","n_emp":"0000034","data_emissao":"24\/01\/2023","valor":"699,30","tipo_empenho":"Ordin\u00e1rio","hist_emp":"VALOR QUE SE EMPENHA PARA FAZER FACE AO PAGAMENTO DA COMPRA DE MATERIAIS DE CONSUMO, TAIS COMO- 07 TELHA ONDULADA 2.44X1 10M 5MM BRASILIT PARA MANUTEN\u00c7\u00c3O DO PREDIO DESTA CAMARA DE VEREADORES DESTE MUNICIPIO. CELEBRADO MEDIANTE DISPENSA DE LICITACAO, COM FUNDAMENTO NO ARTIGO 24, INCISO 2\u00ba DA LEI 8.666 93.","fornecedor":"JCL LAJES E MATERIAIS PARA CONSTRU\u00c7\u00c3O LTDA","denom_uni_orc":"CORPO DELIBERATIVO E SECRETARIA","funcao":"Legislativa","sub_funcao":"A\u00e7\u00e3o Legislativa","programa":"A\u00c7\u00c3O LEGISLATIVA","acao":"INDENIZA\u00c7\u00d5ES E RESTITUI\u00c7\u00d5ES DIVERSAS (FMS)","ident_acao":"Atividade","cat_econ":"Despesa Corrente","natureza_despesa":"Outras Despesas Correntes","modalidade_despesa":"Aplica\u00e7\u00f5es Diretas","elemento_despesa":"Material de Consumo","sub_elem_desp":"SEM SUBELEMENTO","fonte_recurso":"Recursos do Exerc\u00edcio Corrente \/ Outros Recursos n\u00e3o Vinculados \/ -"},{"ano_emissao_emp":"2023","n_emp":"0000035","data_emissao":"25\/01\/2023","valor":"145,00","tipo_empenho":"Ordin\u00e1rio","hist_emp":"VALOR QUE SE EMPENHA PARA FAZER FACE AO PAGAMENTO DA PRESTA\u00c7\u00c3O DO SERVI\u00c7O DE LAVAGEM COMPLETA DO CARRO DE PLACA N\u00ba PCN6664, PERTENCENTE A ESTA CASA LEGISLATIVA. CELEBRADO MEDIANTE DISPENSA DE LICITA\u00c7\u00c3O, COM FUNDAMENTO NO ARTIGO 24, INCISO 2\u00b0 DA LEI 8.666\/93.","fornecedor":"J R DA SILVA LAVA JATO","denom_uni_orc":"CORPO DELIBERATIVO E SECRETARIA","funcao":"Legislativa","sub_funcao":"A\u00e7\u00e3o Legislativa","programa":"A\u00c7\u00c3O LEGISLATIVA","acao":"AQUISI\u00c7\u00c3O DE M\u00d3VEIS, M\u00c1QUINAS E EQUIPAMENTOS DIVERSOS PARA O CONSELHO","ident_acao":"Atividade","cat_econ":"Despesa Corrente","natureza_despesa":"Outras Despesas Correntes","modalidade_despesa":"Aplica\u00e7\u00f5es Diretas","elemento_despesa":"Outros Servi\u00e7os de Terceiros - Pessoa Jur\u00eddica","sub_elem_desp":"SEM SUBELEMENTO","fonte_recurso":"Recursos do Exerc\u00edcio Corrente \/ Outros Recursos n\u00e3o Vinculados \/ -"},{"ano_emissao_emp":"2023","n_emp":"0000035","data_emissao":"25\/01\/2023","valor":"145,00","tipo_empenho":"Ordin\u00e1rio","hist_emp":"VALOR QUE SE EMPENHA PARA FAZER FACE AO PAGAMENTO DA PRESTA\u00c7\u00c3O DO SERVI\u00c7O DE LAVAGEM COMPLETA DO CARRO DE PLACA N\u00ba PCN6664, PERTENCENTE A ESTA CASA LEGISLATIVA. CELEBRADO MEDIANTE DISPENSA DE LICITA\u00c7\u00c3O, COM FUNDAMENTO NO ARTIGO 24, INCISO 2\u00b0 DA LEI 8.666\/93.","fornecedor":"J R DA SILVA LAVA JATO","denom_uni_orc":"CORPO DELIBERATIVO E SECRETARIA","funcao":"Legislativa","sub_funcao":"A\u00e7\u00e3o Legislativa","programa":"A\u00c7\u00c3O LEGISLATIVA","acao":"MANUTEN\u00c7\u00c3O DAS ATIVIDADES ADMINISTRATIVAS","ident_acao":"Atividade","cat_econ":"Despesa Corrente","natureza_despesa":"Outras Despesas Correntes","modalidade_despesa":"Aplica\u00e7\u00f5es Diretas","elemento_despesa":"Outros Servi\u00e7os de Terceiros - Pessoa Jur\u00eddica","sub_elem_desp":"SEM SUBELEMENTO","fonte_recurso":"Recursos do Exerc\u00edcio Corrente \/ Outros Recursos n\u00e3o Vinculados \/ -"},{"ano_emissao_emp":"2023","n_emp":"0000035","data_emissao":"25\/01\/2023","valor":"145,00","tipo_empenho":"Ordin\u00e1rio","hist_emp":"VALOR QUE SE EMPENHA PARA FAZER FACE AO PAGAMENTO DA PRESTA\u00c7\u00c3O DO SERVI\u00c7O DE LAVAGEM COMPLETA DO CARRO DE PLACA N\u00ba PCN6664, PERTENCENTE A ESTA CASA LEGISLATIVA. CELEBRADO MEDIANTE DISPENSA DE LICITA\u00c7\u00c3O, COM FUNDAMENTO NO ARTIGO 24, INCISO 2\u00b0 DA LEI 8.666\/93.","fornecedor":"J R DA SILVA LAVA JATO","denom_uni_orc":"CORPO DELIBERATIVO E SECRETARIA","funcao":"Legislativa","sub_funcao":"A\u00e7\u00e3o Legislativa","programa":"A\u00c7\u00c3O LEGISLATIVA","acao":"INDENIZA\u00c7\u00d5ES E RESTITUI\u00c7\u00d5ES DIVERSAS (FMS)","ident_acao":"Atividade","cat_econ":"Despesa Corrente","natureza_despesa":"Outras Despesas Correntes","modalidade_despesa":"Aplica\u00e7\u00f5es Diretas","elemento_despesa":"Outros Servi\u00e7os de Terceiros - Pessoa Jur\u00eddica","sub_elem_desp":"SEM SUBELEMENTO","fonte_recurso":"Recursos do Exerc\u00edcio Corrente \/ Outros Recursos n\u00e3o Vinculados \/ -"},{"ano_emissao_emp":"2023","n_emp":"0000036","data_emissao":"25\/01\/2023","valor":"27,80","tipo_empenho":"Ordin\u00e1rio","hist_emp":"VALOR QUE SE EMPENHA PARA FAZER FACE AO PAGAMENTO DA COMPRA DE 02 TORNEIRA PARA SUPRIR A NECESSIDADE DESTA C\u00c2MARA MUNICIPAL. CELEBRADO MEDIANTE DISPENSA DE LICITA\u00c7\u00c3O, COM FUNDAMENTO NO ARTIGO 24, INCISO 2\u00b0 DA LEI 8.666\/93.","fornecedor":"JCL LAJES E MATERIAIS PARA CONSTRU\u00c7\u00c3O LTDA","denom_uni_orc":"CORPO DELIBERATIVO E SECRETARIA","funcao":"Legislativa","sub_funcao":"A\u00e7\u00e3o Legislativa","programa":"A\u00c7\u00c3O LEGISLATIVA","acao":"AQUISI\u00c7\u00c3O DE M\u00d3VEIS, M\u00c1QUINAS E EQUIPAMENTOS DIVERSOS PARA O CONSELHO","ident_acao":"Atividade","cat_econ":"Despesa Corrente","natureza_despesa":"Outras Despesas Correntes","modalidade_despesa":"Aplica\u00e7\u00f5es Diretas","elemento_despesa":"Material de Consumo","sub_elem_desp":"SEM SUBELEMENTO","fonte_recurso":"Recursos do Exerc\u00edcio Corrente \/ Outros Recursos n\u00e3o Vinculados \/ -"},{"ano_emissao_emp":"2023","n_emp":"0000036","data_emissao":"25\/01\/2023","valor":"27,80","tipo_empenho":"Ordin\u00e1rio","hist_emp":"VALOR QUE SE EMPENHA PARA FAZER FACE AO PAGAMENTO DA COMPRA DE 02 TORNEIRA PARA SUPRIR A NECESSIDADE DESTA C\u00c2MARA MUNICIPAL. CELEBRADO MEDIANTE DISPENSA DE LICITA\u00c7\u00c3O, COM FUNDAMENTO NO ARTIGO 24, INCISO 2\u00b0 DA LEI 8.666\/93.","fornecedor":"JCL LAJES E MATERIAIS PARA CONSTRU\u00c7\u00c3O LTDA","denom_uni_orc":"CORPO DELIBERATIVO E SECRETARIA","funcao":"Legislativa","sub_funcao":"A\u00e7\u00e3o Legislativa","programa":"A\u00c7\u00c3O LEGISLATIVA","acao":"MANUTEN\u00c7\u00c3O DAS ATIVIDADES ADMINISTRATIVAS","ident_acao":"Atividade","cat_econ":"Despesa Corrente","natureza_despesa":"Outras Despesas Correntes","modalidade_despesa":"Aplica\u00e7\u00f5es Diretas","elemento_despesa":"Material de Consumo","sub_elem_desp":"SEM SUBELEMENTO","fonte_recurso":"Recursos do Exerc\u00edcio Corrente \/ Outros Recursos n\u00e3o Vinculados \/ -"},{"ano_emissao_emp":"2023","n_emp":"0000036","data_emissao":"25\/01\/2023","valor":"27,80","tipo_empenho":"Ordin\u00e1rio","hist_emp":"VALOR QUE SE EMPENHA PARA FAZER FACE AO PAGAMENTO DA COMPRA DE 02 TORNEIRA PARA SUPRIR A NECESSIDADE DESTA C\u00c2MARA MUNICIPAL. CELEBRADO MEDIANTE DISPENSA DE LICITA\u00c7\u00c3O, COM FUNDAMENTO NO ARTIGO 24, INCISO 2\u00b0 DA LEI 8.666\/93.","fornecedor":"JCL LAJES E MATERIAIS PARA CONSTRU\u00c7\u00c3O LTDA","denom_uni_orc":"CORPO DELIBERATIVO E SECRETARIA","funcao":"Legislativa","sub_funcao":"A\u00e7\u00e3o Legislativa","programa":"A\u00c7\u00c3O LEGISLATIVA","acao":"INDENIZA\u00c7\u00d5ES E RESTITUI\u00c7\u00d5ES DIVERSAS (FMS)","ident_acao":"Atividade","cat_econ":"Despesa Corrente","natureza_despesa":"Outras Despesas Correntes","modalidade_despesa":"Aplica\u00e7\u00f5es Diretas","elemento_despesa":"Material de Consumo","sub_elem_desp":"SEM SUBELEMENTO","fonte_recurso":"Recursos do Exerc\u00edcio Corrente \/ Outros Recursos n\u00e3o Vinculados \/ -"},{"ano_emissao_emp":"2023","n_emp":"0000037","data_emissao":"26\/01\/2023","valor":"30,00","tipo_empenho":"Ordin\u00e1rio","hist_emp":"VALOR QUE SE EMPENHA PARA FAZER FACE AO PAGAMENTO DA PRESTA\u00c7\u00c3O DO SERVI\u00c7O DE LAVAGEM DA MOTO PLACA N\u00ba PEC 7686, PERTENCENTE A ESTA CASA LEGISLATIVA. CELEBRADO MEDIANTE DISPENSA DE LICITA\u00c7\u00c3O, COM FUNDAMENTO NO ARTIGO 24, INCISO 2\u00b0 DA LEI 8.666\/93.","fornecedor":"J R DA SILVA LAVA JATO","denom_uni_orc":"CORPO DELIBERATIVO E SECRETARIA","funcao":"Legislativa","sub_funcao":"A\u00e7\u00e3o Legislativa","programa":"A\u00c7\u00c3O LEGISLATIVA","acao":"AQUISI\u00c7\u00c3O DE M\u00d3VEIS, M\u00c1QUINAS E EQUIPAMENTOS DIVERSOS PARA O CONSELHO","ident_acao":"Atividade","cat_econ":"Despesa Corrente","natureza_despesa":"Outras Despesas Correntes","modalidade_despesa":"Aplica\u00e7\u00f5es Diretas","elemento_despesa":"Outros Servi\u00e7os de Terceiros - Pessoa Jur\u00eddica","sub_elem_desp":"SEM SUBELEMENTO","fonte_recurso":"Recursos do Exerc\u00edcio Corrente \/ Outros Recursos n\u00e3o Vinculados \/ -"},{"ano_emissao_emp":"2023","n_emp":"0000037","data_emissao":"26\/01\/2023","valor":"30,00","tipo_empenho":"Ordin\u00e1rio","hist_emp":"VALOR QUE SE EMPENHA PARA FAZER FACE AO PAGAMENTO DA PRESTA\u00c7\u00c3O DO SERVI\u00c7O DE LAVAGEM DA MOTO PLACA N\u00ba PEC 7686, PERTENCENTE A ESTA CASA LEGISLATIVA. CELEBRADO MEDIANTE DISPENSA DE LICITA\u00c7\u00c3O, COM FUNDAMENTO NO ARTIGO 24, INCISO 2\u00b0 DA LEI 8.666\/93.","fornecedor":"J R DA SILVA LAVA JATO","denom_uni_orc":"CORPO DELIBERATIVO E SECRETARIA","funcao":"Legislativa","sub_funcao":"A\u00e7\u00e3o Legislativa","programa":"A\u00c7\u00c3O LEGISLATIVA","acao":"MANUTEN\u00c7\u00c3O DAS ATIVIDADES ADMINISTRATIVAS","ident_acao":"Atividade","cat_econ":"Despesa Corrente","natureza_despesa":"Outras Despesas Correntes","modalidade_despesa":"Aplica\u00e7\u00f5es Diretas","elemento_despesa":"Outros Servi\u00e7os de Terceiros - Pessoa Jur\u00eddica","sub_elem_desp":"SEM SUBELEMENTO","fonte_recurso":"Recursos do Exerc\u00edcio Corrente \/ Outros Recursos n\u00e3o Vinculados \/ -"},{"ano_emissao_emp":"2023","n_emp":"0000037","data_emissao":"26\/01\/2023","valor":"30,00","tipo_empenho":"Ordin\u00e1rio","hist_emp":"VALOR QUE SE EMPENHA PARA FAZER FACE AO PAGAMENTO DA PRESTA\u00c7\u00c3O DO SERVI\u00c7O DE LAVAGEM DA MOTO PLACA N\u00ba PEC 7686, PERTENCENTE A ESTA CASA LEGISLATIVA. CELEBRADO MEDIANTE DISPENSA DE LICITA\u00c7\u00c3O, COM FUNDAMENTO NO ARTIGO 24, INCISO 2\u00b0 DA LEI 8.666\/93.","fornecedor":"J R DA SILVA LAVA JATO","denom_uni_orc":"CORPO DELIBERATIVO E SECRETARIA","funcao":"Legislativa","sub_funcao":"A\u00e7\u00e3o Legislativa","programa":"A\u00c7\u00c3O LEGISLATIVA","acao":"INDENIZA\u00c7\u00d5ES E RESTITUI\u00c7\u00d5ES DIVERSAS (FMS)","ident_acao":"Atividade","cat_econ":"Despesa Corrente","natureza_despesa":"Outras Despesas Correntes","modalidade_despesa":"Aplica\u00e7\u00f5es Diretas","elemento_despesa":"Outros Servi\u00e7os de Terceiros - Pessoa Jur\u00eddica","sub_elem_desp":"SEM SUBELEMENTO","fonte_recurso":"Recursos do Exerc\u00edcio Corrente \/ Outros Recursos n\u00e3o Vinculados \/ -"},{"ano_emissao_emp":"2023","n_emp":"0000038","data_emissao":"27\/01\/2023","valor":"846,35","tipo_empenho":"Ordin\u00e1rio","hist_emp":"VALOR QUE SE EMPENHA PARA FAZER FACE AO PAGAMENTO DA COMPRA DE DIVERSOS MATERIAIS DE CONSUMO PARA LIMPEZA E PRODU\u00c7\u00c3O DE HIGIENIZA\u00c7\u00c3O, A FIM DE SUPRIR AS NECESSIDADES DESTE PODER LEGISLATIVO. CELEBRADO MEDIANTE DISPENSA DE LICITA\u00c7\u00c3O, COM FUNDAMENTO NO ARTIGO 24, INCISO 2\u00b0 DA LEI 8.666\/93.","fornecedor":"IVONALDO SEVERINO DA SILVA","denom_uni_orc":"CORPO DELIBERATIVO E SECRETARIA","funcao":"Legislativa","sub_funcao":"A\u00e7\u00e3o Legislativa","programa":"A\u00c7\u00c3O LEGISLATIVA","acao":"AQUISI\u00c7\u00c3O DE M\u00d3VEIS, M\u00c1QUINAS E EQUIPAMENTOS DIVERSOS PARA O CONSELHO","ident_acao":"Atividade","cat_econ":"Despesa Corrente","natureza_despesa":"Outras Despesas Correntes","modalidade_despesa":"Aplica\u00e7\u00f5es Diretas","elemento_despesa":"Material de Consumo","sub_elem_desp":"SEM SUBELEMENTO","fonte_recurso":"Recursos do Exerc\u00edcio Corrente \/ Outros Recursos n\u00e3o Vinculados \/ -"},{"ano_emissao_emp":"2023","n_emp":"0000038","data_emissao":"27\/01\/2023","valor":"846,35","tipo_empenho":"Ordin\u00e1rio","hist_emp":"VALOR QUE SE EMPENHA PARA FAZER FACE AO PAGAMENTO DA COMPRA DE DIVERSOS MATERIAIS DE CONSUMO PARA LIMPEZA E PRODU\u00c7\u00c3O DE HIGIENIZA\u00c7\u00c3O, A FIM DE SUPRIR AS NECESSIDADES DESTE PODER LEGISLATIVO. CELEBRADO MEDIANTE DISPENSA DE LICITA\u00c7\u00c3O, COM FUNDAMENTO NO ARTIGO 24, INCISO 2\u00b0 DA LEI 8.666\/93.","fornecedor":"IVONALDO SEVERINO DA SILVA","denom_uni_orc":"CORPO DELIBERATIVO E SECRETARIA","funcao":"Legislativa","sub_funcao":"A\u00e7\u00e3o Legislativa","programa":"A\u00c7\u00c3O LEGISLATIVA","acao":"MANUTEN\u00c7\u00c3O DAS ATIVIDADES ADMINISTRATIVAS","ident_acao":"Atividade","cat_econ":"Despesa Corrente","natureza_despesa":"Outras Despesas Correntes","modalidade_despesa":"Aplica\u00e7\u00f5es Diretas","elemento_despesa":"Material de Consumo","sub_elem_desp":"SEM SUBELEMENTO","fonte_recurso":"Recursos do Exerc\u00edcio Corrente \/ Outros Recursos n\u00e3o Vinculados \/ -"},{"ano_emissao_emp":"2023","n_emp":"0000038","data_emissao":"27\/01\/2023","valor":"846,35","tipo_empenho":"Ordin\u00e1rio","hist_emp":"VALOR QUE SE EMPENHA PARA FAZER FACE AO PAGAMENTO DA COMPRA DE DIVERSOS MATERIAIS DE CONSUMO PARA LIMPEZA E PRODU\u00c7\u00c3O DE HIGIENIZA\u00c7\u00c3O, A FIM DE SUPRIR AS NECESSIDADES DESTE PODER LEGISLATIVO. CELEBRADO MEDIANTE DISPENSA DE LICITA\u00c7\u00c3O, COM FUNDAMENTO NO ARTIGO 24, INCISO 2\u00b0 DA LEI 8.666\/93.","fornecedor":"IVONALDO SEVERINO DA SILVA","denom_uni_orc":"CORPO DELIBERATIVO E SECRETARIA","funcao":"Legislativa","sub_funcao":"A\u00e7\u00e3o Legislativa","programa":"A\u00c7\u00c3O LEGISLATIVA","acao":"INDENIZA\u00c7\u00d5ES E RESTITUI\u00c7\u00d5ES DIVERSAS (FMS)","ident_acao":"Atividade","cat_econ":"Despesa Corrente","natureza_despesa":"Outras Despesas Correntes","modalidade_despesa":"Aplica\u00e7\u00f5es Diretas","elemento_despesa":"Material de Consumo","sub_elem_desp":"SEM SUBELEMENTO","fonte_recurso":"Recursos do Exerc\u00edcio Corrente \/ Outros Recursos n\u00e3o Vinculados \/ -"},{"ano_emissao_emp":"2023","n_emp":"0000039","data_emissao":"30\/01\/2023","valor":"350,00","tipo_empenho":"Ordin\u00e1rio","hist_emp":"VALOR QUE SE EMPENHA PARA FAZER FACE DE 01 DIARIA (SEM PERNOITE), COM DESTINA A CIDADE DE RECIFE\/PE, NO GABINETE DA GOVERNADORA DO ESTADO DE PERNAMBUCO, TRATAR DE DEMANDAS DO NOSSO MUNIC\u00cdPIO, AMANH\u00c3 DIA 31 DO CORRENTE EXERC\u00cdCIO.","fornecedor":"ROZ\u00c2NGELA MARIA DOS SANTOS","denom_uni_orc":"CORPO DELIBERATIVO E SECRETARIA","funcao":"Legislativa","sub_funcao":"A\u00e7\u00e3o Legislativa","programa":"A\u00c7\u00c3O LEGISLATIVA","acao":"AQUISI\u00c7\u00c3O DE M\u00d3VEIS, M\u00c1QUINAS E EQUIPAMENTOS DIVERSOS PARA O CONSELHO","ident_acao":"Atividade","cat_econ":"Despesa Corrente","natureza_despesa":"Outras Despesas Correntes","modalidade_despesa":"Aplica\u00e7\u00f5es Diretas","elemento_despesa":"Di\u00e1rias \u2013 Civil","sub_elem_desp":"SEM SUBELEMENTO","fonte_recurso":"Recursos do Exerc\u00edcio Corrente \/ Outros Recursos n\u00e3o Vinculados \/ -"},{"ano_emissao_emp":"2023","n_emp":"0000039","data_emissao":"30\/01\/2023","valor":"350,00","tipo_empenho":"Ordin\u00e1rio","hist_emp":"VALOR QUE SE EMPENHA PARA FAZER FACE DE 01 DIARIA (SEM PERNOITE), COM DESTINA A CIDADE DE RECIFE\/PE, NO GABINETE DA GOVERNADORA DO ESTADO DE PERNAMBUCO, TRATAR DE DEMANDAS DO NOSSO MUNIC\u00cdPIO, AMANH\u00c3 DIA 31 DO CORRENTE EXERC\u00cdCIO.","fornecedor":"ROZ\u00c2NGELA MARIA DOS SANTOS","denom_uni_orc":"CORPO DELIBERATIVO E SECRETARIA","funcao":"Legislativa","sub_funcao":"A\u00e7\u00e3o Legislativa","programa":"A\u00c7\u00c3O LEGISLATIVA","acao":"MANUTEN\u00c7\u00c3O DAS ATIVIDADES ADMINISTRATIVAS","ident_acao":"Atividade","cat_econ":"Despesa Corrente","natureza_despesa":"Outras Despesas Correntes","modalidade_despesa":"Aplica\u00e7\u00f5es Diretas","elemento_despesa":"Di\u00e1rias \u2013 Civil","sub_elem_desp":"SEM SUBELEMENTO","fonte_recurso":"Recursos do Exerc\u00edcio Corrente \/ Outros Recursos n\u00e3o Vinculados \/ -"},{"ano_emissao_emp":"2023","n_emp":"0000039","data_emissao":"30\/01\/2023","valor":"350,00","tipo_empenho":"Ordin\u00e1rio","hist_emp":"VALOR QUE SE EMPENHA PARA FAZER FACE DE 01 DIARIA (SEM PERNOITE), COM DESTINA A CIDADE DE RECIFE\/PE, NO GABINETE DA GOVERNADORA DO ESTADO DE PERNAMBUCO, TRATAR DE DEMANDAS DO NOSSO MUNIC\u00cdPIO, AMANH\u00c3 DIA 31 DO CORRENTE EXERC\u00cdCIO.","fornecedor":"ROZ\u00c2NGELA MARIA DOS SANTOS","denom_uni_orc":"CORPO DELIBERATIVO E SECRETARIA","funcao":"Legislativa","sub_funcao":"A\u00e7\u00e3o Legislativa","programa":"A\u00c7\u00c3O LEGISLATIVA","acao":"INDENIZA\u00c7\u00d5ES E RESTITUI\u00c7\u00d5ES DIVERSAS (FMS)","ident_acao":"Atividade","cat_econ":"Despesa Corrente","natureza_despesa":"Outras Despesas Correntes","modalidade_despesa":"Aplica\u00e7\u00f5es Diretas","elemento_despesa":"Di\u00e1rias \u2013 Civil","sub_elem_desp":"SEM SUBELEMENTO","fonte_recurso":"Recursos do Exerc\u00edcio Corrente \/ Outros Recursos n\u00e3o Vinculados \/ -"},{"ano_emissao_emp":"2023","n_emp":"0000040","data_emissao":"30\/01\/2023","valor":"430,00","tipo_empenho":"Ordin\u00e1rio","hist_emp":"VALOR QUE SE EMPENHA PARA FAZER FACE AO PAGAMENTO DA PRESTA\u00c7\u00c3O DO SERVI\u00c7O NA MANUTEN\u00c7\u00c3O DA GELADEIRA DA COPA\/COZINHA DESTA C\u00c2MARA MUNICIPAL. CELEBRADO MEDIANTE DISPENSA DE LICITA\u00c7\u00c3O, COM FUNDAMENTO NO ARTIGO 24, INCISO 2\u00b0 DA LEI 8.666\/93.","fornecedor":"JEFFERSON MORAIS DA SILVA","denom_uni_orc":"CORPO DELIBERATIVO E SECRETARIA","funcao":"Legislativa","sub_funcao":"A\u00e7\u00e3o Legislativa","programa":"A\u00c7\u00c3O LEGISLATIVA","acao":"AQUISI\u00c7\u00c3O DE M\u00d3VEIS, M\u00c1QUINAS E EQUIPAMENTOS DIVERSOS PARA O CONSELHO","ident_acao":"Atividade","cat_econ":"Despesa Corrente","natureza_despesa":"Outras Despesas Correntes","modalidade_despesa":"Aplica\u00e7\u00f5es Diretas","elemento_despesa":"Outros Servi\u00e7os de Terceiros - Pessoa F\u00edsica","sub_elem_desp":"MANUTEN\u00c7\u00c3O E CONSERVA\u00c7\u00c3O DE BENS M\u00d3VEIS DE OUTRAS NATUREZAS","fonte_recurso":"Recursos do Exerc\u00edcio Corrente \/ Outros Recursos n\u00e3o Vinculados \/ -"},{"ano_emissao_emp":"2023","n_emp":"0000040","data_emissao":"30\/01\/2023","valor":"430,00","tipo_empenho":"Ordin\u00e1rio","hist_emp":"VALOR QUE SE EMPENHA PARA FAZER FACE AO PAGAMENTO DA PRESTA\u00c7\u00c3O DO SERVI\u00c7O NA MANUTEN\u00c7\u00c3O DA GELADEIRA DA COPA\/COZINHA DESTA C\u00c2MARA MUNICIPAL. CELEBRADO MEDIANTE DISPENSA DE LICITA\u00c7\u00c3O, COM FUNDAMENTO NO ARTIGO 24, INCISO 2\u00b0 DA LEI 8.666\/93.","fornecedor":"JEFFERSON MORAIS DA SILVA","denom_uni_orc":"CORPO DELIBERATIVO E SECRETARIA","funcao":"Legislativa","sub_funcao":"A\u00e7\u00e3o Legislativa","programa":"A\u00c7\u00c3O LEGISLATIVA","acao":"MANUTEN\u00c7\u00c3O DAS ATIVIDADES ADMINISTRATIVAS","ident_acao":"Atividade","cat_econ":"Despesa Corrente","natureza_despesa":"Outras Despesas Correntes","modalidade_despesa":"Aplica\u00e7\u00f5es Diretas","elemento_despesa":"Outros Servi\u00e7os de Terceiros - Pessoa F\u00edsica","sub_elem_desp":"MANUTEN\u00c7\u00c3O E CONSERVA\u00c7\u00c3O DE BENS M\u00d3VEIS DE OUTRAS NATUREZAS","fonte_recurso":"Recursos do Exerc\u00edcio Corrente \/ Outros Recursos n\u00e3o Vinculados \/ -"},{"ano_emissao_emp":"2023","n_emp":"0000040","data_emissao":"30\/01\/2023","valor":"430,00","tipo_empenho":"Ordin\u00e1rio","hist_emp":"VALOR QUE SE EMPENHA PARA FAZER FACE AO PAGAMENTO DA PRESTA\u00c7\u00c3O DO SERVI\u00c7O NA MANUTEN\u00c7\u00c3O DA GELADEIRA DA COPA\/COZINHA DESTA C\u00c2MARA MUNICIPAL. CELEBRADO MEDIANTE DISPENSA DE LICITA\u00c7\u00c3O, COM FUNDAMENTO NO ARTIGO 24, INCISO 2\u00b0 DA LEI 8.666\/93.","fornecedor":"JEFFERSON MORAIS DA SILVA","denom_uni_orc":"CORPO DELIBERATIVO E SECRETARIA","funcao":"Legislativa","sub_funcao":"A\u00e7\u00e3o Legislativa","programa":"A\u00c7\u00c3O LEGISLATIVA","acao":"INDENIZA\u00c7\u00d5ES E RESTITUI\u00c7\u00d5ES DIVERSAS (FMS)","ident_acao":"Atividade","cat_econ":"Despesa Corrente","natureza_despesa":"Outras Despesas Correntes","modalidade_despesa":"Aplica\u00e7\u00f5es Diretas","elemento_despesa":"Outros Servi\u00e7os de Terceiros - Pessoa F\u00edsica","sub_elem_desp":"MANUTEN\u00c7\u00c3O E CONSERVA\u00c7\u00c3O DE BENS M\u00d3VEIS DE OUTRAS NATUREZAS","fonte_recurso":"Recursos do Exerc\u00edcio Corrente \/ Outros Recursos n\u00e3o Vinculados \/ -"},{"ano_emissao_emp":"2023","n_emp":"0000041","data_emissao":"30\/01\/2023","valor":"350,00","tipo_empenho":"Ordin\u00e1rio","hist_emp":"VALOR QUE SE EMPENHA PARA FAZER FACE DE 01 DIARIA (SEM PERNOITE), COM DESTINA A CIDADE DE RECIFE\/PE, NO PAL\u00c1CIO DO CAMPO DAS PRINCESAS, NA QUAL TRATAR\u00c1 DE DEMANDAS PARA O POVO DE SANTA CRUZ DO CAPIBARIBE, AMANH\u00c3 DIA 31 DO CORRENTE EXERC\u00cdCIO.","fornecedor":"C\u00cdCERO COSMO DA SILVA","denom_uni_orc":"CORPO DELIBERATIVO E SECRETARIA","funcao":"Legislativa","sub_funcao":"A\u00e7\u00e3o Legislativa","programa":"A\u00c7\u00c3O LEGISLATIVA","acao":"AQUISI\u00c7\u00c3O DE M\u00d3VEIS, M\u00c1QUINAS E EQUIPAMENTOS DIVERSOS PARA O CONSELHO","ident_acao":"Atividade","cat_econ":"Despesa Corrente","natureza_despesa":"Outras Despesas Correntes","modalidade_despesa":"Aplica\u00e7\u00f5es Diretas","elemento_despesa":"Di\u00e1rias \u2013 Civil","sub_elem_desp":"SEM SUBELEMENTO","fonte_recurso":"Recursos do Exerc\u00edcio Corrente \/ Outros Recursos n\u00e3o Vinculados \/ -"},{"ano_emissao_emp":"2023","n_emp":"0000041","data_emissao":"30\/01\/2023","valor":"350,00","tipo_empenho":"Ordin\u00e1rio","hist_emp":"VALOR QUE SE EMPENHA PARA FAZER FACE DE 01 DIARIA (SEM PERNOITE), COM DESTINA A CIDADE DE RECIFE\/PE, NO PAL\u00c1CIO DO CAMPO DAS PRINCESAS, NA QUAL TRATAR\u00c1 DE DEMANDAS PARA O POVO DE SANTA CRUZ DO CAPIBARIBE, AMANH\u00c3 DIA 31 DO CORRENTE EXERC\u00cdCIO.","fornecedor":"C\u00cdCERO COSMO DA SILVA","denom_uni_orc":"CORPO DELIBERATIVO E SECRETARIA","funcao":"Legislativa","sub_funcao":"A\u00e7\u00e3o Legislativa","programa":"A\u00c7\u00c3O LEGISLATIVA","acao":"MANUTEN\u00c7\u00c3O DAS ATIVIDADES ADMINISTRATIVAS","ident_acao":"Atividade","cat_econ":"Despesa Corrente","natureza_despesa":"Outras Despesas Correntes","modalidade_despesa":"Aplica\u00e7\u00f5es Diretas","elemento_despesa":"Di\u00e1rias \u2013 Civil","sub_elem_desp":"SEM SUBELEMENTO","fonte_recurso":"Recursos do Exerc\u00edcio Corrente \/ Outros Recursos n\u00e3o Vinculados \/ -"},{"ano_emissao_emp":"2023","n_emp":"0000041","data_emissao":"30\/01\/2023","valor":"350,00","tipo_empenho":"Ordin\u00e1rio","hist_emp":"VALOR QUE SE EMPENHA PARA FAZER FACE DE 01 DIARIA (SEM PERNOITE), COM DESTINA A CIDADE DE RECIFE\/PE, NO PAL\u00c1CIO DO CAMPO DAS PRINCESAS, NA QUAL TRATAR\u00c1 DE DEMANDAS PARA O POVO DE SANTA CRUZ DO CAPIBARIBE, AMANH\u00c3 DIA 31 DO CORRENTE EXERC\u00cdCIO.","fornecedor":"C\u00cdCERO COSMO DA SILVA","denom_uni_orc":"CORPO DELIBERATIVO E SECRETARIA","funcao":"Legislativa","sub_funcao":"A\u00e7\u00e3o Legislativa","programa":"A\u00c7\u00c3O LEGISLATIVA","acao":"INDENIZA\u00c7\u00d5ES E RESTITUI\u00c7\u00d5ES DIVERSAS (FMS)","ident_acao":"Atividade","cat_econ":"Despesa Corrente","natureza_despesa":"Outras Despesas Correntes","modalidade_despesa":"Aplica\u00e7\u00f5es Diretas","elemento_despesa":"Di\u00e1rias \u2013 Civil","sub_elem_desp":"SEM SUBELEMENTO","fonte_recurso":"Recursos do Exerc\u00edcio Corrente \/ Outros Recursos n\u00e3o Vinculados \/ -"},{"ano_emissao_emp":"2023","n_emp":"0000042","data_emissao":"30\/01\/2023","valor":"350,00","tipo_empenho":"Ordin\u00e1rio","hist_emp":"VALOR QUE SE EMPENHA PARA FAZER FACE DE 01 DIARIA (SEM PERNOITE), COM DESTINA A CIDADE DE RECIFE\/PE, NO PAL\u00c1CIO DO CAMPO DAS PRINCESAS, NA QUAL TRATAR\u00c1 DE DEMANDAS PARA O POVO DE SANTA CRUZ DO CAPIBARIBE, AMANH\u00c3 DIA 31 DO CORRENTE EXERC\u00cdCIO.","fornecedor":"JOS\u00c9 CLIM\u00c9RIO NETO","denom_uni_orc":"CORPO DELIBERATIVO E SECRETARIA","funcao":"Legislativa","sub_funcao":"A\u00e7\u00e3o Legislativa","programa":"A\u00c7\u00c3O LEGISLATIVA","acao":"AQUISI\u00c7\u00c3O DE M\u00d3VEIS, M\u00c1QUINAS E EQUIPAMENTOS DIVERSOS PARA O CONSELHO","ident_acao":"Atividade","cat_econ":"Despesa Corrente","natureza_despesa":"Outras Despesas Correntes","modalidade_despesa":"Aplica\u00e7\u00f5es Diretas","elemento_despesa":"Di\u00e1rias \u2013 Civil","sub_elem_desp":"SEM SUBELEMENTO","fonte_recurso":"Recursos do Exerc\u00edcio Corrente \/ Outros Recursos n\u00e3o Vinculados \/ -"},{"ano_emissao_emp":"2023","n_emp":"0000042","data_emissao":"30\/01\/2023","valor":"350,00","tipo_empenho":"Ordin\u00e1rio","hist_emp":"VALOR QUE SE EMPENHA PARA FAZER FACE DE 01 DIARIA (SEM PERNOITE), COM DESTINA A CIDADE DE RECIFE\/PE, NO PAL\u00c1CIO DO CAMPO DAS PRINCESAS, NA QUAL TRATAR\u00c1 DE DEMANDAS PARA O POVO DE SANTA CRUZ DO CAPIBARIBE, AMANH\u00c3 DIA 31 DO CORRENTE EXERC\u00cdCIO.","fornecedor":"JOS\u00c9 CLIM\u00c9RIO NETO","denom_uni_orc":"CORPO DELIBERATIVO E SECRETARIA","funcao":"Legislativa","sub_funcao":"A\u00e7\u00e3o Legislativa","programa":"A\u00c7\u00c3O LEGISLATIVA","acao":"MANUTEN\u00c7\u00c3O DAS ATIVIDADES ADMINISTRATIVAS","ident_acao":"Atividade","cat_econ":"Despesa Corrente","natureza_despesa":"Outras Despesas Correntes","modalidade_despesa":"Aplica\u00e7\u00f5es Diretas","elemento_despesa":"Di\u00e1rias \u2013 Civil","sub_elem_desp":"SEM SUBELEMENTO","fonte_recurso":"Recursos do Exerc\u00edcio Corrente \/ Outros Recursos n\u00e3o Vinculados \/ -"},{"ano_emissao_emp":"2023","n_emp":"0000042","data_emissao":"30\/01\/2023","valor":"350,00","tipo_empenho":"Ordin\u00e1rio","hist_emp":"VALOR QUE SE EMPENHA PARA FAZER FACE DE 01 DIARIA (SEM PERNOITE), COM DESTINA A CIDADE DE RECIFE\/PE, NO PAL\u00c1CIO DO CAMPO DAS PRINCESAS, NA QUAL TRATAR\u00c1 DE DEMANDAS PARA O POVO DE SANTA CRUZ DO CAPIBARIBE, AMANH\u00c3 DIA 31 DO CORRENTE EXERC\u00cdCIO.","fornecedor":"JOS\u00c9 CLIM\u00c9RIO NETO","denom_uni_orc":"CORPO DELIBERATIVO E SECRETARIA","funcao":"Legislativa","sub_funcao":"A\u00e7\u00e3o Legislativa","programa":"A\u00c7\u00c3O LEGISLATIVA","acao":"INDENIZA\u00c7\u00d5ES E RESTITUI\u00c7\u00d5ES DIVERSAS (FMS)","ident_acao":"Atividade","cat_econ":"Despesa Corrente","natureza_despesa":"Outras Despesas Correntes","modalidade_despesa":"Aplica\u00e7\u00f5es Diretas","elemento_despesa":"Di\u00e1rias \u2013 Civil","sub_elem_desp":"SEM SUBELEMENTO","fonte_recurso":"Recursos do Exerc\u00edcio Corrente \/ Outros Recursos n\u00e3o Vinculados \/ -"},{"ano_emissao_emp":"2023","n_emp":"0000043","data_emissao":"01\/02\/2023","valor":"895,00","tipo_empenho":"Ordin\u00e1rio","hist_emp":"VALOR QUE SE EMPENHA PARA FAZER FACE \u00c0 SERVI\u00c7O DE REPARO DE 10,7 METROS DE CALHA NO PREDIO DA CAMARA MUNICIPAL DESTE MUNICIPIO, CELEBRADO MEDIANTE DISPENSA DE LICITA\u00c7\u00c3O, COM FUNDAMENTO NO ARTIGO 24,INCISO 2\u00ba DA LEI 8.666\/93.","fornecedor":"JOSE ALBERTO DA SILVA","denom_uni_orc":"CORPO DELIBERATIVO E SECRETARIA","funcao":"Legislativa","sub_funcao":"A\u00e7\u00e3o Legislativa","programa":"A\u00c7\u00c3O LEGISLATIVA","acao":"AQUISI\u00c7\u00c3O DE M\u00d3VEIS, M\u00c1QUINAS E EQUIPAMENTOS DIVERSOS PARA O CONSELHO","ident_acao":"Atividade","cat_econ":"Despesa Corrente","natureza_despesa":"Outras Despesas Correntes","modalidade_despesa":"Aplica\u00e7\u00f5es Diretas","elemento_despesa":"Outros Servi\u00e7os de Terceiros - Pessoa F\u00edsica","sub_elem_desp":"MANUTEN\u00c7\u00c3O E CONSERVA\u00c7\u00c3O DE BENS IM\u00d3VEIS","fonte_recurso":"Recursos do Exerc\u00edcio Corrente \/ Outros Recursos n\u00e3o Vinculados \/ -"},{"ano_emissao_emp":"2023","n_emp":"0000043","data_emissao":"01\/02\/2023","valor":"895,00","tipo_empenho":"Ordin\u00e1rio","hist_emp":"VALOR QUE SE EMPENHA PARA FAZER FACE \u00c0 SERVI\u00c7O DE REPARO DE 10,7 METROS DE CALHA NO PREDIO DA CAMARA MUNICIPAL DESTE MUNICIPIO, CELEBRADO MEDIANTE DISPENSA DE LICITA\u00c7\u00c3O, COM FUNDAMENTO NO ARTIGO 24,INCISO 2\u00ba DA LEI 8.666\/93.","fornecedor":"JOSE ALBERTO DA SILVA","denom_uni_orc":"CORPO DELIBERATIVO E SECRETARIA","funcao":"Legislativa","sub_funcao":"A\u00e7\u00e3o Legislativa","programa":"A\u00c7\u00c3O LEGISLATIVA","acao":"MANUTEN\u00c7\u00c3O DAS ATIVIDADES ADMINISTRATIVAS","ident_acao":"Atividade","cat_econ":"Despesa Corrente","natureza_despesa":"Outras Despesas Correntes","modalidade_despesa":"Aplica\u00e7\u00f5es Diretas","elemento_despesa":"Outros Servi\u00e7os de Terceiros - Pessoa F\u00edsica","sub_elem_desp":"MANUTEN\u00c7\u00c3O E CONSERVA\u00c7\u00c3O DE BENS IM\u00d3VEIS","fonte_recurso":"Recursos do Exerc\u00edcio Corrente \/ Outros Recursos n\u00e3o Vinculados \/ -"},{"ano_emissao_emp":"2023","n_emp":"0000043","data_emissao":"01\/02\/2023","valor":"895,00","tipo_empenho":"Ordin\u00e1rio","hist_emp":"VALOR QUE SE EMPENHA PARA FAZER FACE \u00c0 SERVI\u00c7O DE REPARO DE 10,7 METROS DE CALHA NO PREDIO DA CAMARA MUNICIPAL DESTE MUNICIPIO, CELEBRADO MEDIANTE DISPENSA DE LICITA\u00c7\u00c3O, COM FUNDAMENTO NO ARTIGO 24,INCISO 2\u00ba DA LEI 8.666\/93.","fornecedor":"JOSE ALBERTO DA SILVA","denom_uni_orc":"CORPO DELIBERATIVO E SECRETARIA","funcao":"Legislativa","sub_funcao":"A\u00e7\u00e3o Legislativa","programa":"A\u00c7\u00c3O LEGISLATIVA","acao":"INDENIZA\u00c7\u00d5ES E RESTITUI\u00c7\u00d5ES DIVERSAS (FMS)","ident_acao":"Atividade","cat_econ":"Despesa Corrente","natureza_despesa":"Outras Despesas Correntes","modalidade_despesa":"Aplica\u00e7\u00f5es Diretas","elemento_despesa":"Outros Servi\u00e7os de Terceiros - Pessoa F\u00edsica","sub_elem_desp":"MANUTEN\u00c7\u00c3O E CONSERVA\u00c7\u00c3O DE BENS IM\u00d3VEIS","fonte_recurso":"Recursos do Exerc\u00edcio Corrente \/ Outros Recursos n\u00e3o Vinculados \/ -"},{"ano_emissao_emp":"2023","n_emp":"0000044","data_emissao":"02\/02\/2023","valor":"225,00","tipo_empenho":"Ordin\u00e1rio","hist_emp":"VALOR QUE SE EMPENHA PARA FAZER FACE AO PAGAMENTO DOS SERVI\u00c7OS DE ORGANIZA\u00c7\u00c3O DE COFFEE BREAK  PARA O ANUNCIO DO CALENDARIO DESTA CAMARA DE VEREADORES PARA ANUNCIO DO CALENDARIO DO EXERCICIO DE 2023, COM PARTICIPA\u00c7\u00c3O DOS VEREADORES E IMPRENSA LOCAL, CELEBRADO MEDIANTE DISPENSA DE LICITA\u00c7\u00c3O, COM FUNDAMENTO NO ARTIGO 24, INCISO 2\u00ba DA LEI 8.666\/93.","fornecedor":"MONICA FERREIRA DE LIMA MOURA 01288764413","denom_uni_orc":"CORPO DELIBERATIVO E SECRETARIA","funcao":"Legislativa","sub_funcao":"A\u00e7\u00e3o Legislativa","programa":"A\u00c7\u00c3O LEGISLATIVA","acao":"AQUISI\u00c7\u00c3O DE M\u00d3VEIS, M\u00c1QUINAS E EQUIPAMENTOS DIVERSOS PARA O CONSELHO","ident_acao":"Atividade","cat_econ":"Despesa Corrente","natureza_despesa":"Outras Despesas Correntes","modalidade_despesa":"Aplica\u00e7\u00f5es Diretas","elemento_despesa":"Outros Servi\u00e7os de Terceiros - Pessoa Jur\u00eddica","sub_elem_desp":"SEM SUBELEMENTO","fonte_recurso":"Recursos do Exerc\u00edcio Corrente \/ Outros Recursos n\u00e3o Vinculados \/ -"},{"ano_emissao_emp":"2023","n_emp":"0000044","data_emissao":"02\/02\/2023","valor":"225,00","tipo_empenho":"Ordin\u00e1rio","hist_emp":"VALOR QUE SE EMPENHA PARA FAZER FACE AO PAGAMENTO DOS SERVI\u00c7OS DE ORGANIZA\u00c7\u00c3O DE COFFEE BREAK  PARA O ANUNCIO DO CALENDARIO DESTA CAMARA DE VEREADORES PARA ANUNCIO DO CALENDARIO DO EXERCICIO DE 2023, COM PARTICIPA\u00c7\u00c3O DOS VEREADORES E IMPRENSA LOCAL, CELEBRADO MEDIANTE DISPENSA DE LICITA\u00c7\u00c3O, COM FUNDAMENTO NO ARTIGO 24, INCISO 2\u00ba DA LEI 8.666\/93.","fornecedor":"MONICA FERREIRA DE LIMA MOURA 01288764413","denom_uni_orc":"CORPO DELIBERATIVO E SECRETARIA","funcao":"Legislativa","sub_funcao":"A\u00e7\u00e3o Legislativa","programa":"A\u00c7\u00c3O LEGISLATIVA","acao":"MANUTEN\u00c7\u00c3O DAS ATIVIDADES ADMINISTRATIVAS","ident_acao":"Atividade","cat_econ":"Despesa Corrente","natureza_despesa":"Outras Despesas Correntes","modalidade_despesa":"Aplica\u00e7\u00f5es Diretas","elemento_despesa":"Outros Servi\u00e7os de Terceiros - Pessoa Jur\u00eddica","sub_elem_desp":"SEM SUBELEMENTO","fonte_recurso":"Recursos do Exerc\u00edcio Corrente \/ Outros Recursos n\u00e3o Vinculados \/ -"},{"ano_emissao_emp":"2023","n_emp":"0000044","data_emissao":"02\/02\/2023","valor":"225,00","tipo_empenho":"Ordin\u00e1rio","hist_emp":"VALOR QUE SE EMPENHA PARA FAZER FACE AO PAGAMENTO DOS SERVI\u00c7OS DE ORGANIZA\u00c7\u00c3O DE COFFEE BREAK  PARA O ANUNCIO DO CALENDARIO DESTA CAMARA DE VEREADORES PARA ANUNCIO DO CALENDARIO DO EXERCICIO DE 2023, COM PARTICIPA\u00c7\u00c3O DOS VEREADORES E IMPRENSA LOCAL, CELEBRADO MEDIANTE DISPENSA DE LICITA\u00c7\u00c3O, COM FUNDAMENTO NO ARTIGO 24, INCISO 2\u00ba DA LEI 8.666\/93.","fornecedor":"MONICA FERREIRA DE LIMA MOURA 01288764413","denom_uni_orc":"CORPO DELIBERATIVO E SECRETARIA","funcao":"Legislativa","sub_funcao":"A\u00e7\u00e3o Legislativa","programa":"A\u00c7\u00c3O LEGISLATIVA","acao":"INDENIZA\u00c7\u00d5ES E RESTITUI\u00c7\u00d5ES DIVERSAS (FMS)","ident_acao":"Atividade","cat_econ":"Despesa Corrente","natureza_despesa":"Outras Despesas Correntes","modalidade_despesa":"Aplica\u00e7\u00f5es Diretas","elemento_despesa":"Outros Servi\u00e7os de Terceiros - Pessoa Jur\u00eddica","sub_elem_desp":"SEM SUBELEMENTO","fonte_recurso":"Recursos do Exerc\u00edcio Corrente \/ Outros Recursos n\u00e3o Vinculados \/ -"},{"ano_emissao_emp":"2023","n_emp":"0000045","data_emissao":"06\/02\/2023","valor":"64,00","tipo_empenho":"Ordin\u00e1rio","hist_emp":"VALOR QUE SE EMPENHA PARA FAZER FACE AO PAGAMENTO DE FORNECIMENTO DE MOLDURA DE ALUMINIO SF INC BRILHO PARA QUADRO DE TITULO DE CIDAD\u00c3O, CELEBRADO MEDIANTE DISPENSA DE LICITA\u00c7\u00c3O, COM FUNDAMENTO NO ARTIGO 24, INCISO 2\u00ba DA LEI 8.666\/93.","fornecedor":"SAN VIDROS COMERCIO DE VIDROSLTDA","denom_uni_orc":"CORPO DELIBERATIVO E SECRETARIA","funcao":"Legislativa","sub_funcao":"A\u00e7\u00e3o Legislativa","programa":"A\u00c7\u00c3O LEGISLATIVA","acao":"AQUISI\u00c7\u00c3O DE M\u00d3VEIS, M\u00c1QUINAS E EQUIPAMENTOS DIVERSOS PARA O CONSELHO","ident_acao":"Atividade","cat_econ":"Despesa Corrente","natureza_despesa":"Outras Despesas Correntes","modalidade_despesa":"Aplica\u00e7\u00f5es Diretas","elemento_despesa":"Material de Consumo","sub_elem_desp":"SEM SUBELEMENTO","fonte_recurso":"Recursos do Exerc\u00edcio Corrente \/ Outros Recursos n\u00e3o Vinculados \/ -"},{"ano_emissao_emp":"2023","n_emp":"0000045","data_emissao":"06\/02\/2023","valor":"64,00","tipo_empenho":"Ordin\u00e1rio","hist_emp":"VALOR QUE SE EMPENHA PARA FAZER FACE AO PAGAMENTO DE FORNECIMENTO DE MOLDURA DE ALUMINIO SF INC BRILHO PARA QUADRO DE TITULO DE CIDAD\u00c3O, CELEBRADO MEDIANTE DISPENSA DE LICITA\u00c7\u00c3O, COM FUNDAMENTO NO ARTIGO 24, INCISO 2\u00ba DA LEI 8.666\/93.","fornecedor":"SAN VIDROS COMERCIO DE VIDROSLTDA","denom_uni_orc":"CORPO DELIBERATIVO E SECRETARIA","funcao":"Legislativa","sub_funcao":"A\u00e7\u00e3o Legislativa","programa":"A\u00c7\u00c3O LEGISLATIVA","acao":"MANUTEN\u00c7\u00c3O DAS ATIVIDADES ADMINISTRATIVAS","ident_acao":"Atividade","cat_econ":"Despesa Corrente","natureza_despesa":"Outras Despesas Correntes","modalidade_despesa":"Aplica\u00e7\u00f5es Diretas","elemento_despesa":"Material de Consumo","sub_elem_desp":"SEM SUBELEMENTO","fonte_recurso":"Recursos do Exerc\u00edcio Corrente \/ Outros Recursos n\u00e3o Vinculados \/ -"},{"ano_emissao_emp":"2023","n_emp":"0000045","data_emissao":"06\/02\/2023","valor":"64,00","tipo_empenho":"Ordin\u00e1rio","hist_emp":"VALOR QUE SE EMPENHA PARA FAZER FACE AO PAGAMENTO DE FORNECIMENTO DE MOLDURA DE ALUMINIO SF INC BRILHO PARA QUADRO DE TITULO DE CIDAD\u00c3O, CELEBRADO MEDIANTE DISPENSA DE LICITA\u00c7\u00c3O, COM FUNDAMENTO NO ARTIGO 24, INCISO 2\u00ba DA LEI 8.666\/93.","fornecedor":"SAN VIDROS COMERCIO DE VIDROSLTDA","denom_uni_orc":"CORPO DELIBERATIVO E SECRETARIA","funcao":"Legislativa","sub_funcao":"A\u00e7\u00e3o Legislativa","programa":"A\u00c7\u00c3O LEGISLATIVA","acao":"INDENIZA\u00c7\u00d5ES E RESTITUI\u00c7\u00d5ES DIVERSAS (FMS)","ident_acao":"Atividade","cat_econ":"Despesa Corrente","natureza_despesa":"Outras Despesas Correntes","modalidade_despesa":"Aplica\u00e7\u00f5es Diretas","elemento_despesa":"Material de Consumo","sub_elem_desp":"SEM SUBELEMENTO","fonte_recurso":"Recursos do Exerc\u00edcio Corrente \/ Outros Recursos n\u00e3o Vinculados \/ -"},{"ano_emissao_emp":"2023","n_emp":"0000046","data_emissao":"06\/02\/2023","valor":"350,00","tipo_empenho":"Ordin\u00e1rio","hist_emp":"VALOR QUE SE EMPENHA PARA FAZER FACE A UMA DIARIA SEM PERNOITE DESTINADA A CUSTEAR DESPESAS COM VIAGEM A CIDADE DO RECIFE ONDE PARTICIPAR\u00c1 DE UMA REUNI\u00c3O NO PALACIO DO CAMPO DAS PRINCESAS COM MENBROS DO GOVERNO ESTADUAL, PARA TRATAR SOBRE RECURSOS PARA ESTE MUNICIPIO NAS AREAS DE SAUDE, EDUCA\u00c7\u00c3O E INFRAESTRUTURA NO DIA 08 DE FEVEREIRO DE 2023, CONFORME REQUISI\u00c7\u00c3O EM ANEXO.","fornecedor":"JESSYCA M\u00d4NICA DE LIMA CAVALCANTI","denom_uni_orc":"CORPO DELIBERATIVO E SECRETARIA","funcao":"Legislativa","sub_funcao":"A\u00e7\u00e3o Legislativa","programa":"A\u00c7\u00c3O LEGISLATIVA","acao":"AQUISI\u00c7\u00c3O DE EQUIPAMENTOS DIVERSOS PARA O PROGRAMA PRIMEIRA INF\u00c2NCIA N","ident_acao":"Atividade","cat_econ":"Despesa Corrente","natureza_despesa":"Outras Despesas Correntes","modalidade_despesa":"Aplica\u00e7\u00f5es Diretas","elemento_despesa":"Di\u00e1rias \u2013 Civil","sub_elem_desp":"SEM SUBELEMENTO","fonte_recurso":"Recursos do Exerc\u00edcio Corrente \/ Outros Recursos n\u00e3o Vinculados \/ -"},{"ano_emissao_emp":"2023","n_emp":"0000046","data_emissao":"06\/02\/2023","valor":"350,00","tipo_empenho":"Ordin\u00e1rio","hist_emp":"VALOR QUE SE EMPENHA PARA FAZER FACE A UMA DIARIA SEM PERNOITE DESTINADA A CUSTEAR DESPESAS COM VIAGEM A CIDADE DO RECIFE ONDE PARTICIPAR\u00c1 DE UMA REUNI\u00c3O NO PALACIO DO CAMPO DAS PRINCESAS COM MENBROS DO GOVERNO ESTADUAL, PARA TRATAR SOBRE RECURSOS PARA ESTE MUNICIPIO NAS AREAS DE SAUDE, EDUCA\u00c7\u00c3O E INFRAESTRUTURA NO DIA 08 DE FEVEREIRO DE 2023, CONFORME REQUISI\u00c7\u00c3O EM ANEXO.","fornecedor":"JESSYCA M\u00d4NICA DE LIMA CAVALCANTI","denom_uni_orc":"CORPO DELIBERATIVO E SECRETARIA","funcao":"Legislativa","sub_funcao":"A\u00e7\u00e3o Legislativa","programa":"A\u00c7\u00c3O LEGISLATIVA","acao":"MANUTEN\u00c7\u00c3O DAS ATIVIDADES LEGISLATIVAS","ident_acao":"Atividade","cat_econ":"Despesa Corrente","natureza_despesa":"Outras Despesas Correntes","modalidade_despesa":"Aplica\u00e7\u00f5es Diretas","elemento_despesa":"Di\u00e1rias \u2013 Civil","sub_elem_desp":"SEM SUBELEMENTO","fonte_recurso":"Recursos do Exerc\u00edcio Corrente \/ Outros Recursos n\u00e3o Vinculados \/ -"},{"ano_emissao_emp":"2023","n_emp":"0000047","data_emissao":"07\/02\/2023","valor":"170,00","tipo_empenho":"Ordin\u00e1rio","hist_emp":"VALOR QUE SE EMPENHA PARA FAZER FACE A UMA DIARIA SEM PERNOITE DESTINADA A CUSTEAR DESPESAS COM VIAGEM A CIDADE DO RECIFE ONDE PARTICIPAR\u00c1 NA CONDII\u00c7\u00c3O DE JORNALISTA, ASSESSOR DE BANCADA PARLAMENTAR DE COBERTURA DE REUNI\u00c3O DOS VEREADORES DA BANCADA DE OPOSI\u00c7\u00c3O NA CASA CIVIL DO  ESTADO, QUE ACONTECER\u00c1 NESTA QUARTA FEIRA  08 DE FEVEREIRO DE 2023 CONFORME REQUISI\u00c7\u00c3O EM ANEXO.","fornecedor":"GILBERTO JOS\u00c9 DA SILVA","denom_uni_orc":"CORPO DELIBERATIVO E SECRETARIA","funcao":"Legislativa","sub_funcao":"A\u00e7\u00e3o Legislativa","programa":"A\u00c7\u00c3O LEGISLATIVA","acao":"AQUISI\u00c7\u00c3O DE M\u00d3VEIS, M\u00c1QUINAS E EQUIPAMENTOS DIVERSOS PARA O CONSELHO","ident_acao":"Atividade","cat_econ":"Despesa Corrente","natureza_despesa":"Outras Despesas Correntes","modalidade_despesa":"Aplica\u00e7\u00f5es Diretas","elemento_despesa":"Di\u00e1rias \u2013 Civil","sub_elem_desp":"SEM SUBELEMENTO","fonte_recurso":"Recursos do Exerc\u00edcio Corrente \/ Outros Recursos n\u00e3o Vinculados \/ -"},{"ano_emissao_emp":"2023","n_emp":"0000047","data_emissao":"07\/02\/2023","valor":"170,00","tipo_empenho":"Ordin\u00e1rio","hist_emp":"VALOR QUE SE EMPENHA PARA FAZER FACE A UMA DIARIA SEM PERNOITE DESTINADA A CUSTEAR DESPESAS COM VIAGEM A CIDADE DO RECIFE ONDE PARTICIPAR\u00c1 NA CONDII\u00c7\u00c3O DE JORNALISTA, ASSESSOR DE BANCADA PARLAMENTAR DE COBERTURA DE REUNI\u00c3O DOS VEREADORES DA BANCADA DE OPOSI\u00c7\u00c3O NA CASA CIVIL DO  ESTADO, QUE ACONTECER\u00c1 NESTA QUARTA FEIRA  08 DE FEVEREIRO DE 2023 CONFORME REQUISI\u00c7\u00c3O EM ANEXO.","fornecedor":"GILBERTO JOS\u00c9 DA SILVA","denom_uni_orc":"CORPO DELIBERATIVO E SECRETARIA","funcao":"Legislativa","sub_funcao":"A\u00e7\u00e3o Legislativa","programa":"A\u00c7\u00c3O LEGISLATIVA","acao":"MANUTEN\u00c7\u00c3O DAS ATIVIDADES ADMINISTRATIVAS","ident_acao":"Atividade","cat_econ":"Despesa Corrente","natureza_despesa":"Outras Despesas Correntes","modalidade_despesa":"Aplica\u00e7\u00f5es Diretas","elemento_despesa":"Di\u00e1rias \u2013 Civil","sub_elem_desp":"SEM SUBELEMENTO","fonte_recurso":"Recursos do Exerc\u00edcio Corrente \/ Outros Recursos n\u00e3o Vinculados \/ -"},{"ano_emissao_emp":"2023","n_emp":"0000047","data_emissao":"07\/02\/2023","valor":"170,00","tipo_empenho":"Ordin\u00e1rio","hist_emp":"VALOR QUE SE EMPENHA PARA FAZER FACE A UMA DIARIA SEM PERNOITE DESTINADA A CUSTEAR DESPESAS COM VIAGEM A CIDADE DO RECIFE ONDE PARTICIPAR\u00c1 NA CONDII\u00c7\u00c3O DE JORNALISTA, ASSESSOR DE BANCADA PARLAMENTAR DE COBERTURA DE REUNI\u00c3O DOS VEREADORES DA BANCADA DE OPOSI\u00c7\u00c3O NA CASA CIVIL DO  ESTADO, QUE ACONTECER\u00c1 NESTA QUARTA FEIRA  08 DE FEVEREIRO DE 2023 CONFORME REQUISI\u00c7\u00c3O EM ANEXO.","fornecedor":"GILBERTO JOS\u00c9 DA SILVA","denom_uni_orc":"CORPO DELIBERATIVO E SECRETARIA","funcao":"Legislativa","sub_funcao":"A\u00e7\u00e3o Legislativa","programa":"A\u00c7\u00c3O LEGISLATIVA","acao":"INDENIZA\u00c7\u00d5ES E RESTITUI\u00c7\u00d5ES DIVERSAS (FMS)","ident_acao":"Atividade","cat_econ":"Despesa Corrente","natureza_despesa":"Outras Despesas Correntes","modalidade_despesa":"Aplica\u00e7\u00f5es Diretas","elemento_despesa":"Di\u00e1rias \u2013 Civil","sub_elem_desp":"SEM SUBELEMENTO","fonte_recurso":"Recursos do Exerc\u00edcio Corrente \/ Outros Recursos n\u00e3o Vinculados \/ -"},{"ano_emissao_emp":"2023","n_emp":"0000048","data_emissao":"07\/02\/2023","valor":"350,00","tipo_empenho":"Ordin\u00e1rio","hist_emp":"VALOR QUE SE EMPENHA PARA FAZER FACE A UMA DIARIA SEM PERNOITE DESTINADA AO CUSTEAR DESPESAS COM VIAGEM A CIDADE DO RECIFE COM VISTA A PARTICIPAR DE UM ENCONTRO COM SECRETARIO DA CASA CIVIL DO ESTADO DE PERNAMBUCO, NO DIA 08 DE FEVEREIRO DE 2023, CONFORME REQUISI\u00c7\u00c3O EM ANEXO.","fornecedor":"JOSE MANOEL DA SILVA IRM\u00c3O","denom_uni_orc":"CORPO DELIBERATIVO E SECRETARIA","funcao":"Legislativa","sub_funcao":"A\u00e7\u00e3o Legislativa","programa":"A\u00c7\u00c3O LEGISLATIVA","acao":"AQUISI\u00c7\u00c3O DE EQUIPAMENTOS DIVERSOS PARA O PROGRAMA PRIMEIRA INF\u00c2NCIA N","ident_acao":"Atividade","cat_econ":"Despesa Corrente","natureza_despesa":"Outras Despesas Correntes","modalidade_despesa":"Aplica\u00e7\u00f5es Diretas","elemento_despesa":"Di\u00e1rias \u2013 Civil","sub_elem_desp":"SEM SUBELEMENTO","fonte_recurso":"Recursos do Exerc\u00edcio Corrente \/ Outros Recursos n\u00e3o Vinculados \/ -"},{"ano_emissao_emp":"2023","n_emp":"0000048","data_emissao":"07\/02\/2023","valor":"350,00","tipo_empenho":"Ordin\u00e1rio","hist_emp":"VALOR QUE SE EMPENHA PARA FAZER FACE A UMA DIARIA SEM PERNOITE DESTINADA AO CUSTEAR DESPESAS COM VIAGEM A CIDADE DO RECIFE COM VISTA A PARTICIPAR DE UM ENCONTRO COM SECRETARIO DA CASA CIVIL DO ESTADO DE PERNAMBUCO, NO DIA 08 DE FEVEREIRO DE 2023, CONFORME REQUISI\u00c7\u00c3O EM ANEXO.","fornecedor":"JOSE MANOEL DA SILVA IRM\u00c3O","denom_uni_orc":"CORPO DELIBERATIVO E SECRETARIA","funcao":"Legislativa","sub_funcao":"A\u00e7\u00e3o Legislativa","programa":"A\u00c7\u00c3O LEGISLATIVA","acao":"MANUTEN\u00c7\u00c3O DAS ATIVIDADES LEGISLATIVAS","ident_acao":"Atividade","cat_econ":"Despesa Corrente","natureza_despesa":"Outras Despesas Correntes","modalidade_despesa":"Aplica\u00e7\u00f5es Diretas","elemento_despesa":"Di\u00e1rias \u2013 Civil","sub_elem_desp":"SEM SUBELEMENTO","fonte_recurso":"Recursos do Exerc\u00edcio Corrente \/ Outros Recursos n\u00e3o Vinculados \/ -"},{"ano_emissao_emp":"2023","n_emp":"0000049","data_emissao":"07\/02\/2023","valor":"350,00","tipo_empenho":"Ordin\u00e1rio","hist_emp":"VALOR QUE SE EMPENHA PARA FAZER FACE A UMA DIARIA SEM PERNOITE DESTINADA A CUSTEAR DESPESAS COM VIAGEM A CIDADE DO RECIFE, ONDE NA OPORTUNIDADE PARTICIPAR\u00c1 DE UMA IMPORTANTE REUNI\u00c3O NO PALACIO DO CAMPO DAS PRINCESAS, COM ALGUNS MENBROS DO GOVERNO ESTADUAL, NA OPORTUNIDADE IREMOS TENTAR TRAZER RECURSOS PARA ESTE MUNICIPIO NAS AREAS DE SAUDE, EDUCA\u00c7\u00c3O, INFRAESTRUTURA E MEIO AMBIENTE, NO DIA 08 DE FEVEREIRO DE 2023, CONFORME REQUISI\u00c7\u00c3O EM ANEXO.","fornecedor":"NAILSON RAMOS DA SILVA","denom_uni_orc":"CORPO DELIBERATIVO E SECRETARIA","funcao":"Legislativa","sub_funcao":"A\u00e7\u00e3o Legislativa","programa":"A\u00c7\u00c3O LEGISLATIVA","acao":"AQUISI\u00c7\u00c3O DE EQUIPAMENTOS DIVERSOS PARA O PROGRAMA PRIMEIRA INF\u00c2NCIA N","ident_acao":"Atividade","cat_econ":"Despesa Corrente","natureza_despesa":"Outras Despesas Correntes","modalidade_despesa":"Aplica\u00e7\u00f5es Diretas","elemento_despesa":"Di\u00e1rias \u2013 Civil","sub_elem_desp":"SEM SUBELEMENTO","fonte_recurso":"Recursos do Exerc\u00edcio Corrente \/ Outros Recursos n\u00e3o Vinculados \/ -"},{"ano_emissao_emp":"2023","n_emp":"0000049","data_emissao":"07\/02\/2023","valor":"350,00","tipo_empenho":"Ordin\u00e1rio","hist_emp":"VALOR QUE SE EMPENHA PARA FAZER FACE A UMA DIARIA SEM PERNOITE DESTINADA A CUSTEAR DESPESAS COM VIAGEM A CIDADE DO RECIFE, ONDE NA OPORTUNIDADE PARTICIPAR\u00c1 DE UMA IMPORTANTE REUNI\u00c3O NO PALACIO DO CAMPO DAS PRINCESAS, COM ALGUNS MENBROS DO GOVERNO ESTADUAL, NA OPORTUNIDADE IREMOS TENTAR TRAZER RECURSOS PARA ESTE MUNICIPIO NAS AREAS DE SAUDE, EDUCA\u00c7\u00c3O, INFRAESTRUTURA E MEIO AMBIENTE, NO DIA 08 DE FEVEREIRO DE 2023, CONFORME REQUISI\u00c7\u00c3O EM ANEXO.","fornecedor":"NAILSON RAMOS DA SILVA","denom_uni_orc":"CORPO DELIBERATIVO E SECRETARIA","funcao":"Legislativa","sub_funcao":"A\u00e7\u00e3o Legislativa","programa":"A\u00c7\u00c3O LEGISLATIVA","acao":"MANUTEN\u00c7\u00c3O DAS ATIVIDADES LEGISLATIVAS","ident_acao":"Atividade","cat_econ":"Despesa Corrente","natureza_despesa":"Outras Despesas Correntes","modalidade_despesa":"Aplica\u00e7\u00f5es Diretas","elemento_despesa":"Di\u00e1rias \u2013 Civil","sub_elem_desp":"SEM SUBELEMENTO","fonte_recurso":"Recursos do Exerc\u00edcio Corrente \/ Outros Recursos n\u00e3o Vinculados \/ -"},{"ano_emissao_emp":"2023","n_emp":"0000050","data_emissao":"07\/02\/2023","valor":"350,00","tipo_empenho":"Ordin\u00e1rio","hist_emp":"VALOR QUE SE EMPENHA PARA FAZER FACE A UMA DIARIA SEM PERNOITE DESTINADA A CUSTEAR DESPESAS COM VIAGEM A CIDADE DO RECIFE, ONDE NA OPORTUNIDADE FAR\u00c1 VISITA AO GABINETE DO SECRETARIO DA CASA CIVIL, NO DIA 08  DE FEVEREIRO DE 2023 CONFORME REQUISI\u00c7\u00c3O EM ANEXO.","fornecedor":"JOSE AILTON OLIVEIRA BORGES","denom_uni_orc":"CORPO DELIBERATIVO E SECRETARIA","funcao":"Legislativa","sub_funcao":"A\u00e7\u00e3o Legislativa","programa":"A\u00c7\u00c3O LEGISLATIVA","acao":"AQUISI\u00c7\u00c3O DE EQUIPAMENTOS DIVERSOS PARA O PROGRAMA PRIMEIRA INF\u00c2NCIA N","ident_acao":"Atividade","cat_econ":"Despesa Corrente","natureza_despesa":"Outras Despesas Correntes","modalidade_despesa":"Aplica\u00e7\u00f5es Diretas","elemento_despesa":"Di\u00e1rias \u2013 Civil","sub_elem_desp":"SEM SUBELEMENTO","fonte_recurso":"Recursos do Exerc\u00edcio Corrente \/ Outros Recursos n\u00e3o Vinculados \/ -"},{"ano_emissao_emp":"2023","n_emp":"0000050","data_emissao":"07\/02\/2023","valor":"350,00","tipo_empenho":"Ordin\u00e1rio","hist_emp":"VALOR QUE SE EMPENHA PARA FAZER FACE A UMA DIARIA SEM PERNOITE DESTINADA A CUSTEAR DESPESAS COM VIAGEM A CIDADE DO RECIFE, ONDE NA OPORTUNIDADE FAR\u00c1 VISITA AO GABINETE DO SECRETARIO DA CASA CIVIL, NO DIA 08  DE FEVEREIRO DE 2023 CONFORME REQUISI\u00c7\u00c3O EM ANEXO.","fornecedor":"JOSE AILTON OLIVEIRA BORGES","denom_uni_orc":"CORPO DELIBERATIVO E SECRETARIA","funcao":"Legislativa","sub_funcao":"A\u00e7\u00e3o Legislativa","programa":"A\u00c7\u00c3O LEGISLATIVA","acao":"MANUTEN\u00c7\u00c3O DAS ATIVIDADES LEGISLATIVAS","ident_acao":"Atividade","cat_econ":"Despesa Corrente","natureza_despesa":"Outras Despesas Correntes","modalidade_despesa":"Aplica\u00e7\u00f5es Diretas","elemento_despesa":"Di\u00e1rias \u2013 Civil","sub_elem_desp":"SEM SUBELEMENTO","fonte_recurso":"Recursos do Exerc\u00edcio Corrente \/ Outros Recursos n\u00e3o Vinculados \/ -"},{"ano_emissao_emp":"2023","n_emp":"0000051","data_emissao":"07\/02\/2023","valor":"1.000,00","tipo_empenho":"Ordin\u00e1rio","hist_emp":"VALOR QUE SE EMPENHA PARA FAZER FACE A SERVI\u00c7O PRESTADO EM INSTALA\u00c7\u00c3O DE SENSOR PRESEN\u00c7A, INSTALA\u00c7\u00c3O DE TECLADO DE ACESSO, MANUTEN\u00c7\u00c3O EM 03 RAMAIS TELEFONICO DA CIDATEC E DO PREDIO DESTA CAMARA DE VEREADORE, CELEBRADO MEDIANTE DISPENSA DE LICITA\u00c7\u00c3O, COM FUNDAMENTO NO ARTIGO 24, INCISO 2\u00ba DA LEI 8.666\/93.","fornecedor":"KLERISSON EDUARDO G CURSINO","denom_uni_orc":"CORPO DELIBERATIVO E SECRETARIA","funcao":"Legislativa","sub_funcao":"A\u00e7\u00e3o Legislativa","programa":"A\u00c7\u00c3O LEGISLATIVA","acao":"AQUISI\u00c7\u00c3O DE M\u00d3VEIS, M\u00c1QUINAS E EQUIPAMENTOS DIVERSOS PARA O CONSELHO","ident_acao":"Atividade","cat_econ":"Despesa Corrente","natureza_despesa":"Outras Despesas Correntes","modalidade_despesa":"Aplica\u00e7\u00f5es Diretas","elemento_despesa":"Outros Servi\u00e7os de Terceiros - Pessoa F\u00edsica","sub_elem_desp":"MANUTEN\u00c7\u00c3O E CONSERVA\u00c7\u00c3O DE EQUIPAMENTOS","fonte_recurso":"Recursos do Exerc\u00edcio Corrente \/ Outros Recursos n\u00e3o Vinculados \/ -"},{"ano_emissao_emp":"2023","n_emp":"0000051","data_emissao":"07\/02\/2023","valor":"1.000,00","tipo_empenho":"Ordin\u00e1rio","hist_emp":"VALOR QUE SE EMPENHA PARA FAZER FACE A SERVI\u00c7O PRESTADO EM INSTALA\u00c7\u00c3O DE SENSOR PRESEN\u00c7A, INSTALA\u00c7\u00c3O DE TECLADO DE ACESSO, MANUTEN\u00c7\u00c3O EM 03 RAMAIS TELEFONICO DA CIDATEC E DO PREDIO DESTA CAMARA DE VEREADORE, CELEBRADO MEDIANTE DISPENSA DE LICITA\u00c7\u00c3O, COM FUNDAMENTO NO ARTIGO 24, INCISO 2\u00ba DA LEI 8.666\/93.","fornecedor":"KLERISSON EDUARDO G CURSINO","denom_uni_orc":"CORPO DELIBERATIVO E SECRETARIA","funcao":"Legislativa","sub_funcao":"A\u00e7\u00e3o Legislativa","programa":"A\u00c7\u00c3O LEGISLATIVA","acao":"MANUTEN\u00c7\u00c3O DAS ATIVIDADES ADMINISTRATIVAS","ident_acao":"Atividade","cat_econ":"Despesa Corrente","natureza_despesa":"Outras Despesas Correntes","modalidade_despesa":"Aplica\u00e7\u00f5es Diretas","elemento_despesa":"Outros Servi\u00e7os de Terceiros - Pessoa F\u00edsica","sub_elem_desp":"MANUTEN\u00c7\u00c3O E CONSERVA\u00c7\u00c3O DE EQUIPAMENTOS","fonte_recurso":"Recursos do Exerc\u00edcio Corrente \/ Outros Recursos n\u00e3o Vinculados \/ -"},{"ano_emissao_emp":"2023","n_emp":"0000051","data_emissao":"07\/02\/2023","valor":"1.000,00","tipo_empenho":"Ordin\u00e1rio","hist_emp":"VALOR QUE SE EMPENHA PARA FAZER FACE A SERVI\u00c7O PRESTADO EM INSTALA\u00c7\u00c3O DE SENSOR PRESEN\u00c7A, INSTALA\u00c7\u00c3O DE TECLADO DE ACESSO, MANUTEN\u00c7\u00c3O EM 03 RAMAIS TELEFONICO DA CIDATEC E DO PREDIO DESTA CAMARA DE VEREADORE, CELEBRADO MEDIANTE DISPENSA DE LICITA\u00c7\u00c3O, COM FUNDAMENTO NO ARTIGO 24, INCISO 2\u00ba DA LEI 8.666\/93.","fornecedor":"KLERISSON EDUARDO G CURSINO","denom_uni_orc":"CORPO DELIBERATIVO E SECRETARIA","funcao":"Legislativa","sub_funcao":"A\u00e7\u00e3o Legislativa","programa":"A\u00c7\u00c3O LEGISLATIVA","acao":"INDENIZA\u00c7\u00d5ES E RESTITUI\u00c7\u00d5ES DIVERSAS (FMS)","ident_acao":"Atividade","cat_econ":"Despesa Corrente","natureza_despesa":"Outras Despesas Correntes","modalidade_despesa":"Aplica\u00e7\u00f5es Diretas","elemento_despesa":"Outros Servi\u00e7os de Terceiros - Pessoa F\u00edsica","sub_elem_desp":"MANUTEN\u00c7\u00c3O E CONSERVA\u00c7\u00c3O DE EQUIPAMENTOS","fonte_recurso":"Recursos do Exerc\u00edcio Corrente \/ Outros Recursos n\u00e3o Vinculados \/ -"},{"ano_emissao_emp":"2023","n_emp":"0000052","data_emissao":"08\/02\/2023","valor":"1.099,90","tipo_empenho":"Ordin\u00e1rio","hist_emp":"VALOR QUE SE EMPENHA PARA FAZER FACE AO PAGAMENTO DE FORNECIMENTO DE 02 KI TCARRINHO MAIS CABO MAIS MOP DOBLO FLEX 20 BRALIMPIA PARA SER UTILIZADO NA LIMPEZA DO PREDIO DESTA CAMARA MUNICIPAL, CELEBRADO MEDIANTE DISPENSA DE LICITA\u00c7\u00c3O, COM FUNDAMENTO NO ARTIGO 24, INCISO 2\u00ba DA LEI 8.666\/93.","fornecedor":"MAGALU PAGAMENTOS LTDA","denom_uni_orc":"CORPO DELIBERATIVO E SECRETARIA","funcao":"Legislativa","sub_funcao":"A\u00e7\u00e3o Legislativa","programa":"A\u00c7\u00c3O LEGISLATIVA","acao":"(Emenda Impositiva do Vereador Jose Vando Bruna) CONSTRU\u00c7\u00c3O DE UMA PRA","ident_acao":"Atividade","cat_econ":"Despesa de Capital","natureza_despesa":"Investimentos","modalidade_despesa":"Aplica\u00e7\u00f5es Diretas","elemento_despesa":"Equipamentos e Material Permanente","sub_elem_desp":"SEM SUBELEMENTO","fonte_recurso":"Recursos do Exerc\u00edcio Corrente \/ Outros Recursos n\u00e3o Vinculados \/ -"},{"ano_emissao_emp":"2023","n_emp":"0000052","data_emissao":"08\/02\/2023","valor":"1.099,90","tipo_empenho":"Ordin\u00e1rio","hist_emp":"VALOR QUE SE EMPENHA PARA FAZER FACE AO PAGAMENTO DE FORNECIMENTO DE 02 KI TCARRINHO MAIS CABO MAIS MOP DOBLO FLEX 20 BRALIMPIA PARA SER UTILIZADO NA LIMPEZA DO PREDIO DESTA CAMARA MUNICIPAL, CELEBRADO MEDIANTE DISPENSA DE LICITA\u00c7\u00c3O, COM FUNDAMENTO NO ARTIGO 24, INCISO 2\u00ba DA LEI 8.666\/93.","fornecedor":"MAGALU PAGAMENTOS LTDA","denom_uni_orc":"CORPO DELIBERATIVO E SECRETARIA","funcao":"Legislativa","sub_funcao":"A\u00e7\u00e3o Legislativa","programa":"A\u00c7\u00c3O LEGISLATIVA","acao":"EQUIPAMENTOS, M\u00d3VEIS E UTENS\u00cdLIOS PARA O PROGRAMA INCLUS\u00c3O TECNOL\u00d3GICA","ident_acao":"Atividade","cat_econ":"Despesa de Capital","natureza_despesa":"Investimentos","modalidade_despesa":"Aplica\u00e7\u00f5es Diretas","elemento_despesa":"Equipamentos e Material Permanente","sub_elem_desp":"SEM SUBELEMENTO","fonte_recurso":"Recursos do Exerc\u00edcio Corrente \/ Outros Recursos n\u00e3o Vinculados \/ -"},{"ano_emissao_emp":"2023","n_emp":"0000053","data_emissao":"08\/02\/2023","valor":"12.090,00","tipo_empenho":"Ordin\u00e1rio","hist_emp":"VALOR QUE SE EMPENHA PARA FAZER FACE AO PAGAMENTO DO FORNECIMENTO DE 30 UNIDADES DE CADEIRAS DE ESCRITORIO PRESIDENCIAL RARA SEREM UTILIZADAS 24 UNIDADES NA SALA DE REUNI\u00c3O E 6 UNIDADES NA BANCADA DE IMPRENSA, CELEBRADO MEDIANTE DISPENSA DE LICITA\u00c7\u00c3O, COM FUNDAMENTO NO ARTIGO 24, INCISO 2\u00ba DA LEI 8.666\/93.","fornecedor":"MAGALU PAGAMENTOS LTDA","denom_uni_orc":"CORPO DELIBERATIVO E SECRETARIA","funcao":"Legislativa","sub_funcao":"A\u00e7\u00e3o Legislativa","programa":"A\u00c7\u00c3O LEGISLATIVA","acao":"(Emenda Impositiva do Vereador Jose Vando Bruna) CONSTRU\u00c7\u00c3O DE UMA PRA","ident_acao":"Atividade","cat_econ":"Despesa de Capital","natureza_despesa":"Investimentos","modalidade_despesa":"Aplica\u00e7\u00f5es Diretas","elemento_despesa":"Equipamentos e Material Permanente","sub_elem_desp":"SEM SUBELEMENTO","fonte_recurso":"Recursos do Exerc\u00edcio Corrente \/ Outros Recursos n\u00e3o Vinculados \/ -"},{"ano_emissao_emp":"2023","n_emp":"0000053","data_emissao":"08\/02\/2023","valor":"12.090,00","tipo_empenho":"Ordin\u00e1rio","hist_emp":"VALOR QUE SE EMPENHA PARA FAZER FACE AO PAGAMENTO DO FORNECIMENTO DE 30 UNIDADES DE CADEIRAS DE ESCRITORIO PRESIDENCIAL RARA SEREM UTILIZADAS 24 UNIDADES NA SALA DE REUNI\u00c3O E 6 UNIDADES NA BANCADA DE IMPRENSA, CELEBRADO MEDIANTE DISPENSA DE LICITA\u00c7\u00c3O, COM FUNDAMENTO NO ARTIGO 24, INCISO 2\u00ba DA LEI 8.666\/93.","fornecedor":"MAGALU PAGAMENTOS LTDA","denom_uni_orc":"CORPO DELIBERATIVO E SECRETARIA","funcao":"Legislativa","sub_funcao":"A\u00e7\u00e3o Legislativa","programa":"A\u00c7\u00c3O LEGISLATIVA","acao":"EQUIPAMENTOS, M\u00d3VEIS E UTENS\u00cdLIOS PARA O PROGRAMA INCLUS\u00c3O TECNOL\u00d3GICA","ident_acao":"Atividade","cat_econ":"Despesa de Capital","natureza_despesa":"Investimentos","modalidade_despesa":"Aplica\u00e7\u00f5es Diretas","elemento_despesa":"Equipamentos e Material Permanente","sub_elem_desp":"SEM SUBELEMENTO","fonte_recurso":"Recursos do Exerc\u00edcio Corrente \/ Outros Recursos n\u00e3o Vinculados \/ -"},{"ano_emissao_emp":"2023","n_emp":"0000054","data_emissao":"08\/02\/2023","valor":"189,80","tipo_empenho":"Ordin\u00e1rio","hist_emp":"VALOR QUE SE EMPENHA PARA FAZER FACE A AQUISI\u00c7\u00c3O DE PREGO PARA TELHA 3X4 OMM 500G 50801 ASATIGRE, 2 UND VEDA CALHA CINZA ORBI QUIMICA, 3 UN ARGAMASSA AC-II EXT 20KG, QUARTZOULIT, CONFORME DOCUMENTOS EM ANEXO.","fornecedor":"JCL LAJES E MATERIAIS PARA CONSTRU\u00c7\u00c3O LTDA","denom_uni_orc":"CORPO DELIBERATIVO E SECRETARIA","funcao":"Legislativa","sub_funcao":"A\u00e7\u00e3o Legislativa","programa":"A\u00c7\u00c3O LEGISLATIVA","acao":"AQUISI\u00c7\u00c3O DE M\u00d3VEIS, M\u00c1QUINAS E EQUIPAMENTOS DIVERSOS PARA O CONSELHO","ident_acao":"Atividade","cat_econ":"Despesa Corrente","natureza_despesa":"Outras Despesas Correntes","modalidade_despesa":"Aplica\u00e7\u00f5es Diretas","elemento_despesa":"Material de Consumo","sub_elem_desp":"SEM SUBELEMENTO","fonte_recurso":"Recursos do Exerc\u00edcio Corrente \/ Outros Recursos n\u00e3o Vinculados \/ -"},{"ano_emissao_emp":"2023","n_emp":"0000054","data_emissao":"08\/02\/2023","valor":"189,80","tipo_empenho":"Ordin\u00e1rio","hist_emp":"VALOR QUE SE EMPENHA PARA FAZER FACE A AQUISI\u00c7\u00c3O DE PREGO PARA TELHA 3X4 OMM 500G 50801 ASATIGRE, 2 UND VEDA CALHA CINZA ORBI QUIMICA, 3 UN ARGAMASSA AC-II EXT 20KG, QUARTZOULIT, CONFORME DOCUMENTOS EM ANEXO.","fornecedor":"JCL LAJES E MATERIAIS PARA CONSTRU\u00c7\u00c3O LTDA","denom_uni_orc":"CORPO DELIBERATIVO E SECRETARIA","funcao":"Legislativa","sub_funcao":"A\u00e7\u00e3o Legislativa","programa":"A\u00c7\u00c3O LEGISLATIVA","acao":"MANUTEN\u00c7\u00c3O DAS ATIVIDADES ADMINISTRATIVAS","ident_acao":"Atividade","cat_econ":"Despesa Corrente","natureza_despesa":"Outras Despesas Correntes","modalidade_despesa":"Aplica\u00e7\u00f5es Diretas","elemento_despesa":"Material de Consumo","sub_elem_desp":"SEM SUBELEMENTO","fonte_recurso":"Recursos do Exerc\u00edcio Corrente \/ Outros Recursos n\u00e3o Vinculados \/ -"},{"ano_emissao_emp":"2023","n_emp":"0000054","data_emissao":"08\/02\/2023","valor":"189,80","tipo_empenho":"Ordin\u00e1rio","hist_emp":"VALOR QUE SE EMPENHA PARA FAZER FACE A AQUISI\u00c7\u00c3O DE PREGO PARA TELHA 3X4 OMM 500G 50801 ASATIGRE, 2 UND VEDA CALHA CINZA ORBI QUIMICA, 3 UN ARGAMASSA AC-II EXT 20KG, QUARTZOULIT, CONFORME DOCUMENTOS EM ANEXO.","fornecedor":"JCL LAJES E MATERIAIS PARA CONSTRU\u00c7\u00c3O LTDA","denom_uni_orc":"CORPO DELIBERATIVO E SECRETARIA","funcao":"Legislativa","sub_funcao":"A\u00e7\u00e3o Legislativa","programa":"A\u00c7\u00c3O LEGISLATIVA","acao":"INDENIZA\u00c7\u00d5ES E RESTITUI\u00c7\u00d5ES DIVERSAS (FMS)","ident_acao":"Atividade","cat_econ":"Despesa Corrente","natureza_despesa":"Outras Despesas Correntes","modalidade_despesa":"Aplica\u00e7\u00f5es Diretas","elemento_despesa":"Material de Consumo","sub_elem_desp":"SEM SUBELEMENTO","fonte_recurso":"Recursos do Exerc\u00edcio Corrente \/ Outros Recursos n\u00e3o Vinculados \/ -"},{"ano_emissao_emp":"2023","n_emp":"0000055","data_emissao":"08\/02\/2023","valor":"350,00","tipo_empenho":"Ordin\u00e1rio","hist_emp":"VALOR QUE SE EMPENHA FAZER FACE A UMA DIARIA SEM PERNOITE PARA CUSTEIO COM DESLOCAMENTO E ALIMENTA\u00c7\u00c3O COM IDA A CAPITAL PERNAMBUCANA, ONDE NA OPORTUNIDADE IREI PARTICIPAR DE UMA IMPORTANTE REUNI\u00c3O, COM O SECRETARIO DA CASA CIVIL DO ESTADO, NESTE DIA 08 DE FEVEREIRO DE 2023, CONFORME REQUISI\u00c7\u00c3O DE DIARIA EM ANEXO.","fornecedor":"JOS\u00c9 MANOEL DE LIMA","denom_uni_orc":"CORPO DELIBERATIVO E SECRETARIA","funcao":"Legislativa","sub_funcao":"A\u00e7\u00e3o Legislativa","programa":"A\u00c7\u00c3O LEGISLATIVA","acao":"AQUISI\u00c7\u00c3O DE EQUIPAMENTOS DIVERSOS PARA O PROGRAMA PRIMEIRA INF\u00c2NCIA N","ident_acao":"Atividade","cat_econ":"Despesa Corrente","natureza_despesa":"Outras Despesas Correntes","modalidade_despesa":"Aplica\u00e7\u00f5es Diretas","elemento_despesa":"Di\u00e1rias \u2013 Civil","sub_elem_desp":"SEM SUBELEMENTO","fonte_recurso":"Recursos do Exerc\u00edcio Corrente \/ Outros Recursos n\u00e3o Vinculados \/ -"},{"ano_emissao_emp":"2023","n_emp":"0000055","data_emissao":"08\/02\/2023","valor":"350,00","tipo_empenho":"Ordin\u00e1rio","hist_emp":"VALOR QUE SE EMPENHA FAZER FACE A UMA DIARIA SEM PERNOITE PARA CUSTEIO COM DESLOCAMENTO E ALIMENTA\u00c7\u00c3O COM IDA A CAPITAL PERNAMBUCANA, ONDE NA OPORTUNIDADE IREI PARTICIPAR DE UMA IMPORTANTE REUNI\u00c3O, COM O SECRETARIO DA CASA CIVIL DO ESTADO, NESTE DIA 08 DE FEVEREIRO DE 2023, CONFORME REQUISI\u00c7\u00c3O DE DIARIA EM ANEXO.","fornecedor":"JOS\u00c9 MANOEL DE LIMA","denom_uni_orc":"CORPO DELIBERATIVO E SECRETARIA","funcao":"Legislativa","sub_funcao":"A\u00e7\u00e3o Legislativa","programa":"A\u00c7\u00c3O LEGISLATIVA","acao":"MANUTEN\u00c7\u00c3O DAS ATIVIDADES LEGISLATIVAS","ident_acao":"Atividade","cat_econ":"Despesa Corrente","natureza_despesa":"Outras Despesas Correntes","modalidade_despesa":"Aplica\u00e7\u00f5es Diretas","elemento_despesa":"Di\u00e1rias \u2013 Civil","sub_elem_desp":"SEM SUBELEMENTO","fonte_recurso":"Recursos do Exerc\u00edcio Corrente \/ Outros Recursos n\u00e3o Vinculados \/ -"},{"ano_emissao_emp":"2023","n_emp":"0000056","data_emissao":"09\/02\/2023","valor":"170,00","tipo_empenho":"Ordin\u00e1rio","hist_emp":"VALOR QUE SE EMPENHA FAZER FACE A UMA DIARIA SEM PERNOITE PARA CUSTEIO DE DESLOCAMENTO E ALIMENTA\u00c7\u00c3O PARA PARTICIPAR DE REUNI\u00c3O NA FUNDA\u00c7\u00c3O ESTADUAL DE CULTURA DE PERNAMBUCO, IPHAN-PE,  FUNDARPE E NO PARQUE ESPORTIVO SANTOS DUMONT, PARA TRATAR DE ASSUNTOS DE INTERESSE DO NOSSO MUNICIPIO, NO DIA 10 DE FEVEREIRO, CONFORME REQUISI\u00c7\u00c3O EM ANEXO.","fornecedor":"FERNANDES EMILIO DA SILVA","denom_uni_orc":"CORPO DELIBERATIVO E SECRETARIA","funcao":"Legislativa","sub_funcao":"A\u00e7\u00e3o Legislativa","programa":"A\u00c7\u00c3O LEGISLATIVA","acao":"AQUISI\u00c7\u00c3O DE M\u00d3VEIS, M\u00c1QUINAS E EQUIPAMENTOS DIVERSOS PARA O CONSELHO","ident_acao":"Atividade","cat_econ":"Despesa Corrente","natureza_despesa":"Outras Despesas Correntes","modalidade_despesa":"Aplica\u00e7\u00f5es Diretas","elemento_despesa":"Di\u00e1rias \u2013 Civil","sub_elem_desp":"SEM SUBELEMENTO","fonte_recurso":"Recursos do Exerc\u00edcio Corrente \/ Outros Recursos n\u00e3o Vinculados \/ -"},{"ano_emissao_emp":"2023","n_emp":"0000056","data_emissao":"09\/02\/2023","valor":"170,00","tipo_empenho":"Ordin\u00e1rio","hist_emp":"VALOR QUE SE EMPENHA FAZER FACE A UMA DIARIA SEM PERNOITE PARA CUSTEIO DE DESLOCAMENTO E ALIMENTA\u00c7\u00c3O PARA PARTICIPAR DE REUNI\u00c3O NA FUNDA\u00c7\u00c3O ESTADUAL DE CULTURA DE PERNAMBUCO, IPHAN-PE,  FUNDARPE E NO PARQUE ESPORTIVO SANTOS DUMONT, PARA TRATAR DE ASSUNTOS DE INTERESSE DO NOSSO MUNICIPIO, NO DIA 10 DE FEVEREIRO, CONFORME REQUISI\u00c7\u00c3O EM ANEXO.","fornecedor":"FERNANDES EMILIO DA SILVA","denom_uni_orc":"CORPO DELIBERATIVO E SECRETARIA","funcao":"Legislativa","sub_funcao":"A\u00e7\u00e3o Legislativa","programa":"A\u00c7\u00c3O LEGISLATIVA","acao":"MANUTEN\u00c7\u00c3O DAS ATIVIDADES ADMINISTRATIVAS","ident_acao":"Atividade","cat_econ":"Despesa Corrente","natureza_despesa":"Outras Despesas Correntes","modalidade_despesa":"Aplica\u00e7\u00f5es Diretas","elemento_despesa":"Di\u00e1rias \u2013 Civil","sub_elem_desp":"SEM SUBELEMENTO","fonte_recurso":"Recursos do Exerc\u00edcio Corrente \/ Outros Recursos n\u00e3o Vinculados \/ -"},{"ano_emissao_emp":"2023","n_emp":"0000056","data_emissao":"09\/02\/2023","valor":"170,00","tipo_empenho":"Ordin\u00e1rio","hist_emp":"VALOR QUE SE EMPENHA FAZER FACE A UMA DIARIA SEM PERNOITE PARA CUSTEIO DE DESLOCAMENTO E ALIMENTA\u00c7\u00c3O PARA PARTICIPAR DE REUNI\u00c3O NA FUNDA\u00c7\u00c3O ESTADUAL DE CULTURA DE PERNAMBUCO, IPHAN-PE,  FUNDARPE E NO PARQUE ESPORTIVO SANTOS DUMONT, PARA TRATAR DE ASSUNTOS DE INTERESSE DO NOSSO MUNICIPIO, NO DIA 10 DE FEVEREIRO, CONFORME REQUISI\u00c7\u00c3O EM ANEXO.","fornecedor":"FERNANDES EMILIO DA SILVA","denom_uni_orc":"CORPO DELIBERATIVO E SECRETARIA","funcao":"Legislativa","sub_funcao":"A\u00e7\u00e3o Legislativa","programa":"A\u00c7\u00c3O LEGISLATIVA","acao":"INDENIZA\u00c7\u00d5ES E RESTITUI\u00c7\u00d5ES DIVERSAS (FMS)","ident_acao":"Atividade","cat_econ":"Despesa Corrente","natureza_despesa":"Outras Despesas Correntes","modalidade_despesa":"Aplica\u00e7\u00f5es Diretas","elemento_despesa":"Di\u00e1rias \u2013 Civil","sub_elem_desp":"SEM SUBELEMENTO","fonte_recurso":"Recursos do Exerc\u00edcio Corrente \/ Outros Recursos n\u00e3o Vinculados \/ -"},{"ano_emissao_emp":"2023","n_emp":"0000057","data_emissao":"09\/02\/2023","valor":"170,00","tipo_empenho":"Ordin\u00e1rio","hist_emp":"VALOR QUE SE EMPENHA PARA FAZER FACE A UMA DIARIA SEM PERNOITE PARA CUSTEAR DESLOCAMENTO A CAPITAL PERNAMBUCANA PARA ACOMPANHAR O VEREADOR JOS\u00c9 VANDO BRUNO, ONDE IR\u00c1 PARTICIPAR DE REUNI\u00c3O NO IPHAN-PE, FUNDARPE, DENTRE OUTROS DEPARTAMENTOS DO GOVERNO DO ESTADO NO DIA 10 DE FEVEREIRO DO ANO CORRENTE, CONFORME REQUISI\u00c7\u00c3O EM ANEXO.","fornecedor":"JOSUE CUSTODIO DE ARAUJO SOBRINHO","denom_uni_orc":"CORPO DELIBERATIVO E SECRETARIA","funcao":"Legislativa","sub_funcao":"A\u00e7\u00e3o Legislativa","programa":"A\u00c7\u00c3O LEGISLATIVA","acao":"AQUISI\u00c7\u00c3O DE M\u00d3VEIS, M\u00c1QUINAS E EQUIPAMENTOS DIVERSOS PARA O CONSELHO","ident_acao":"Atividade","cat_econ":"Despesa Corrente","natureza_despesa":"Outras Despesas Correntes","modalidade_despesa":"Aplica\u00e7\u00f5es Diretas","elemento_despesa":"Di\u00e1rias \u2013 Civil","sub_elem_desp":"SEM SUBELEMENTO","fonte_recurso":"Recursos do Exerc\u00edcio Corrente \/ Outros Recursos n\u00e3o Vinculados \/ -"},{"ano_emissao_emp":"2023","n_emp":"0000057","data_emissao":"09\/02\/2023","valor":"170,00","tipo_empenho":"Ordin\u00e1rio","hist_emp":"VALOR QUE SE EMPENHA PARA FAZER FACE A UMA DIARIA SEM PERNOITE PARA CUSTEAR DESLOCAMENTO A CAPITAL PERNAMBUCANA PARA ACOMPANHAR O VEREADOR JOS\u00c9 VANDO BRUNO, ONDE IR\u00c1 PARTICIPAR DE REUNI\u00c3O NO IPHAN-PE, FUNDARPE, DENTRE OUTROS DEPARTAMENTOS DO GOVERNO DO ESTADO NO DIA 10 DE FEVEREIRO DO ANO CORRENTE, CONFORME REQUISI\u00c7\u00c3O EM ANEXO.","fornecedor":"JOSUE CUSTODIO DE ARAUJO SOBRINHO","denom_uni_orc":"CORPO DELIBERATIVO E SECRETARIA","funcao":"Legislativa","sub_funcao":"A\u00e7\u00e3o Legislativa","programa":"A\u00c7\u00c3O LEGISLATIVA","acao":"MANUTEN\u00c7\u00c3O DAS ATIVIDADES ADMINISTRATIVAS","ident_acao":"Atividade","cat_econ":"Despesa Corrente","natureza_despesa":"Outras Despesas Correntes","modalidade_despesa":"Aplica\u00e7\u00f5es Diretas","elemento_despesa":"Di\u00e1rias \u2013 Civil","sub_elem_desp":"SEM SUBELEMENTO","fonte_recurso":"Recursos do Exerc\u00edcio Corrente \/ Outros Recursos n\u00e3o Vinculados \/ -"},{"ano_emissao_emp":"2023","n_emp":"0000057","data_emissao":"09\/02\/2023","valor":"170,00","tipo_empenho":"Ordin\u00e1rio","hist_emp":"VALOR QUE SE EMPENHA PARA FAZER FACE A UMA DIARIA SEM PERNOITE PARA CUSTEAR DESLOCAMENTO A CAPITAL PERNAMBUCANA PARA ACOMPANHAR O VEREADOR JOS\u00c9 VANDO BRUNO, ONDE IR\u00c1 PARTICIPAR DE REUNI\u00c3O NO IPHAN-PE, FUNDARPE, DENTRE OUTROS DEPARTAMENTOS DO GOVERNO DO ESTADO NO DIA 10 DE FEVEREIRO DO ANO CORRENTE, CONFORME REQUISI\u00c7\u00c3O EM ANEXO.","fornecedor":"JOSUE CUSTODIO DE ARAUJO SOBRINHO","denom_uni_orc":"CORPO DELIBERATIVO E SECRETARIA","funcao":"Legislativa","sub_funcao":"A\u00e7\u00e3o Legislativa","programa":"A\u00c7\u00c3O LEGISLATIVA","acao":"INDENIZA\u00c7\u00d5ES E RESTITUI\u00c7\u00d5ES DIVERSAS (FMS)","ident_acao":"Atividade","cat_econ":"Despesa Corrente","natureza_despesa":"Outras Despesas Correntes","modalidade_despesa":"Aplica\u00e7\u00f5es Diretas","elemento_despesa":"Di\u00e1rias \u2013 Civil","sub_elem_desp":"SEM SUBELEMENTO","fonte_recurso":"Recursos do Exerc\u00edcio Corrente \/ Outros Recursos n\u00e3o Vinculados \/ -"},{"ano_emissao_emp":"2023","n_emp":"0000058","data_emissao":"09\/02\/2023","valor":"350,00","tipo_empenho":"Ordin\u00e1rio","hist_emp":"VALOR QUE SE EMPENHA FAZER FACE A UMA DIARIA SEM PERNOITE PARA CUSTEAR DESLOCAMENTO PARA PARTICIPAR DE REUNI\u00d5ES NA FUNDA\u00c7\u00c3O ESTADUAL DE AGRICULTURA DE PERNAMBUCO, IPHAN-PE, FUNDARPE E NO PARQUE ESPORTIVO SANTOS DUMONT, PARA TRATAR DE ASSUNTOS DE INTERECE DO NOSSO MUNICIPIO, CONFORME REUISI\u00c7\u00c3O DE DIARIA EM ANEXO.","fornecedor":"JOSE VANDO BRUNA","denom_uni_orc":"CORPO DELIBERATIVO E SECRETARIA","funcao":"Legislativa","sub_funcao":"A\u00e7\u00e3o Legislativa","programa":"A\u00c7\u00c3O LEGISLATIVA","acao":"AQUISI\u00c7\u00c3O DE EQUIPAMENTOS DIVERSOS PARA O PROGRAMA PRIMEIRA INF\u00c2NCIA N","ident_acao":"Atividade","cat_econ":"Despesa Corrente","natureza_despesa":"Outras Despesas Correntes","modalidade_despesa":"Aplica\u00e7\u00f5es Diretas","elemento_despesa":"Di\u00e1rias \u2013 Civil","sub_elem_desp":"SEM SUBELEMENTO","fonte_recurso":"Recursos do Exerc\u00edcio Corrente \/ Outros Recursos n\u00e3o Vinculados \/ -"},{"ano_emissao_emp":"2023","n_emp":"0000058","data_emissao":"09\/02\/2023","valor":"350,00","tipo_empenho":"Ordin\u00e1rio","hist_emp":"VALOR QUE SE EMPENHA FAZER FACE A UMA DIARIA SEM PERNOITE PARA CUSTEAR DESLOCAMENTO PARA PARTICIPAR DE REUNI\u00d5ES NA FUNDA\u00c7\u00c3O ESTADUAL DE AGRICULTURA DE PERNAMBUCO, IPHAN-PE, FUNDARPE E NO PARQUE ESPORTIVO SANTOS DUMONT, PARA TRATAR DE ASSUNTOS DE INTERECE DO NOSSO MUNICIPIO, CONFORME REUISI\u00c7\u00c3O DE DIARIA EM ANEXO.","fornecedor":"JOSE VANDO BRUNA","denom_uni_orc":"CORPO DELIBERATIVO E SECRETARIA","funcao":"Legislativa","sub_funcao":"A\u00e7\u00e3o Legislativa","programa":"A\u00c7\u00c3O LEGISLATIVA","acao":"MANUTEN\u00c7\u00c3O DAS ATIVIDADES LEGISLATIVAS","ident_acao":"Atividade","cat_econ":"Despesa Corrente","natureza_despesa":"Outras Despesas Correntes","modalidade_despesa":"Aplica\u00e7\u00f5es Diretas","elemento_despesa":"Di\u00e1rias \u2013 Civil","sub_elem_desp":"SEM SUBELEMENTO","fonte_recurso":"Recursos do Exerc\u00edcio Corrente \/ Outros Recursos n\u00e3o Vinculados \/ -"},{"ano_emissao_emp":"2023","n_emp":"0000059","data_emissao":"09\/02\/2023","valor":"170,00","tipo_empenho":"Ordin\u00e1rio","hist_emp":"VALOR QUE SE EMPENHA PARA FAZER FACE AS DESPESAS DA VIAGEM COM DESTINO A CIDADE DO RECIFE PE, SENDO 01 DIARIA SEM PERNOITE, ONDE NA PARA PARTICIPAR DE REUNI\u00d5ES, NA FUNDA\u00c7\u00c3O ESTADUAL DE CULTURA DE PERNAMBUCO, IPHAN-PE, FUNDARO E PARQUE ESPORTIVO SAANTOS DUMONT, PARA TRATAR DE ASSUNTOS DE INTERESSE DO NOSSO MUNICIPIO, CONFORME REQUISI\u00c7\u00c3O DE DIARIA EM ANEXO.","fornecedor":"CARLOS ANTONIO LISBOA ARAG\u00c3O","denom_uni_orc":"CORPO DELIBERATIVO E SECRETARIA","funcao":"Legislativa","sub_funcao":"A\u00e7\u00e3o Legislativa","programa":"A\u00c7\u00c3O LEGISLATIVA","acao":"AQUISI\u00c7\u00c3O DE M\u00d3VEIS, M\u00c1QUINAS E EQUIPAMENTOS DIVERSOS PARA O CONSELHO","ident_acao":"Atividade","cat_econ":"Despesa Corrente","natureza_despesa":"Outras Despesas Correntes","modalidade_despesa":"Aplica\u00e7\u00f5es Diretas","elemento_despesa":"Di\u00e1rias \u2013 Civil","sub_elem_desp":"SEM SUBELEMENTO","fonte_recurso":"Recursos do Exerc\u00edcio Corrente \/ Outros Recursos n\u00e3o Vinculados \/ -"},{"ano_emissao_emp":"2023","n_emp":"0000059","data_emissao":"09\/02\/2023","valor":"170,00","tipo_empenho":"Ordin\u00e1rio","hist_emp":"VALOR QUE SE EMPENHA PARA FAZER FACE AS DESPESAS DA VIAGEM COM DESTINO A CIDADE DO RECIFE PE, SENDO 01 DIARIA SEM PERNOITE, ONDE NA PARA PARTICIPAR DE REUNI\u00d5ES, NA FUNDA\u00c7\u00c3O ESTADUAL DE CULTURA DE PERNAMBUCO, IPHAN-PE, FUNDARO E PARQUE ESPORTIVO SAANTOS DUMONT, PARA TRATAR DE ASSUNTOS DE INTERESSE DO NOSSO MUNICIPIO, CONFORME REQUISI\u00c7\u00c3O DE DIARIA EM ANEXO.","fornecedor":"CARLOS ANTONIO LISBOA ARAG\u00c3O","denom_uni_orc":"CORPO DELIBERATIVO E SECRETARIA","funcao":"Legislativa","sub_funcao":"A\u00e7\u00e3o Legislativa","programa":"A\u00c7\u00c3O LEGISLATIVA","acao":"MANUTEN\u00c7\u00c3O DAS ATIVIDADES ADMINISTRATIVAS","ident_acao":"Atividade","cat_econ":"Despesa Corrente","natureza_despesa":"Outras Despesas Correntes","modalidade_despesa":"Aplica\u00e7\u00f5es Diretas","elemento_despesa":"Di\u00e1rias \u2013 Civil","sub_elem_desp":"SEM SUBELEMENTO","fonte_recurso":"Recursos do Exerc\u00edcio Corrente \/ Outros Recursos n\u00e3o Vinculados \/ -"},{"ano_emissao_emp":"2023","n_emp":"0000059","data_emissao":"09\/02\/2023","valor":"170,00","tipo_empenho":"Ordin\u00e1rio","hist_emp":"VALOR QUE SE EMPENHA PARA FAZER FACE AS DESPESAS DA VIAGEM COM DESTINO A CIDADE DO RECIFE PE, SENDO 01 DIARIA SEM PERNOITE, ONDE NA PARA PARTICIPAR DE REUNI\u00d5ES, NA FUNDA\u00c7\u00c3O ESTADUAL DE CULTURA DE PERNAMBUCO, IPHAN-PE, FUNDARO E PARQUE ESPORTIVO SAANTOS DUMONT, PARA TRATAR DE ASSUNTOS DE INTERESSE DO NOSSO MUNICIPIO, CONFORME REQUISI\u00c7\u00c3O DE DIARIA EM ANEXO.","fornecedor":"CARLOS ANTONIO LISBOA ARAG\u00c3O","denom_uni_orc":"CORPO DELIBERATIVO E SECRETARIA","funcao":"Legislativa","sub_funcao":"A\u00e7\u00e3o Legislativa","programa":"A\u00c7\u00c3O LEGISLATIVA","acao":"INDENIZA\u00c7\u00d5ES E RESTITUI\u00c7\u00d5ES DIVERSAS (FMS)","ident_acao":"Atividade","cat_econ":"Despesa Corrente","natureza_despesa":"Outras Despesas Correntes","modalidade_despesa":"Aplica\u00e7\u00f5es Diretas","elemento_despesa":"Di\u00e1rias \u2013 Civil","sub_elem_desp":"SEM SUBELEMENTO","fonte_recurso":"Recursos do Exerc\u00edcio Corrente \/ Outros Recursos n\u00e3o Vinculados \/ -"},{"ano_emissao_emp":"2023","n_emp":"0000060","data_emissao":"13\/02\/2023","valor":"74,90","tipo_empenho":"Ordin\u00e1rio","hist_emp":"VALOR QUE SE EMPENHA PARA FAZER FACE A AQUISUISI\u00c7\u00c3O DE DOIS INTERRUPTORES PARA SEREM INSTALADOS NO PLENARIO DESTA CAMARA DE VEREADORES, CELEBRADO MEDIANTE DISPENSA DE LICITA\u00c7\u00c3O, COM FUNDAMENTO NO ARTIGO 24, INCISO 2\u00ba DA LEI 8.666\/93..","fornecedor":"MAGALU PAGAMENTOS LTDA","denom_uni_orc":"CORPO DELIBERATIVO E SECRETARIA","funcao":"Legislativa","sub_funcao":"A\u00e7\u00e3o Legislativa","programa":"A\u00c7\u00c3O LEGISLATIVA","acao":"AQUISI\u00c7\u00c3O DE M\u00d3VEIS, M\u00c1QUINAS E EQUIPAMENTOS DIVERSOS PARA O CONSELHO","ident_acao":"Atividade","cat_econ":"Despesa Corrente","natureza_despesa":"Outras Despesas Correntes","modalidade_despesa":"Aplica\u00e7\u00f5es Diretas","elemento_despesa":"Material de Consumo","sub_elem_desp":"SEM SUBELEMENTO","fonte_recurso":"Recursos do Exerc\u00edcio Corrente \/ Outros Recursos n\u00e3o Vinculados \/ -"},{"ano_emissao_emp":"2023","n_emp":"0000060","data_emissao":"13\/02\/2023","valor":"74,90","tipo_empenho":"Ordin\u00e1rio","hist_emp":"VALOR QUE SE EMPENHA PARA FAZER FACE A AQUISUISI\u00c7\u00c3O DE DOIS INTERRUPTORES PARA SEREM INSTALADOS NO PLENARIO DESTA CAMARA DE VEREADORES, CELEBRADO MEDIANTE DISPENSA DE LICITA\u00c7\u00c3O, COM FUNDAMENTO NO ARTIGO 24, INCISO 2\u00ba DA LEI 8.666\/93..","fornecedor":"MAGALU PAGAMENTOS LTDA","denom_uni_orc":"CORPO DELIBERATIVO E SECRETARIA","funcao":"Legislativa","sub_funcao":"A\u00e7\u00e3o Legislativa","programa":"A\u00c7\u00c3O LEGISLATIVA","acao":"MANUTEN\u00c7\u00c3O DAS ATIVIDADES ADMINISTRATIVAS","ident_acao":"Atividade","cat_econ":"Despesa Corrente","natureza_despesa":"Outras Despesas Correntes","modalidade_despesa":"Aplica\u00e7\u00f5es Diretas","elemento_despesa":"Material de Consumo","sub_elem_desp":"SEM SUBELEMENTO","fonte_recurso":"Recursos do Exerc\u00edcio Corrente \/ Outros Recursos n\u00e3o Vinculados \/ -"},{"ano_emissao_emp":"2023","n_emp":"0000060","data_emissao":"13\/02\/2023","valor":"74,90","tipo_empenho":"Ordin\u00e1rio","hist_emp":"VALOR QUE SE EMPENHA PARA FAZER FACE A AQUISUISI\u00c7\u00c3O DE DOIS INTERRUPTORES PARA SEREM INSTALADOS NO PLENARIO DESTA CAMARA DE VEREADORES, CELEBRADO MEDIANTE DISPENSA DE LICITA\u00c7\u00c3O, COM FUNDAMENTO NO ARTIGO 24, INCISO 2\u00ba DA LEI 8.666\/93..","fornecedor":"MAGALU PAGAMENTOS LTDA","denom_uni_orc":"CORPO DELIBERATIVO E SECRETARIA","funcao":"Legislativa","sub_funcao":"A\u00e7\u00e3o Legislativa","programa":"A\u00c7\u00c3O LEGISLATIVA","acao":"INDENIZA\u00c7\u00d5ES E RESTITUI\u00c7\u00d5ES DIVERSAS (FMS)","ident_acao":"Atividade","cat_econ":"Despesa Corrente","natureza_despesa":"Outras Despesas Correntes","modalidade_despesa":"Aplica\u00e7\u00f5es Diretas","elemento_despesa":"Material de Consumo","sub_elem_desp":"SEM SUBELEMENTO","fonte_recurso":"Recursos do Exerc\u00edcio Corrente \/ Outros Recursos n\u00e3o Vinculados \/ -"},{"ano_emissao_emp":"2023","n_emp":"0000061","data_emissao":"13\/02\/2023","valor":"1.054,22","tipo_empenho":"Ordin\u00e1rio","hist_emp":"VALOR QUE SE EMPENHA PARA FAZER FACE A AQUISI\u00c7\u00c3O DE UMA ESCADA ARTICULADA 16 DEGRAUS 4X4 FUNCIONAL COM PLATAFORMA, ONDE SER\u00c3O USADAS NA SALA DE REUNI\u00c3O E NO PLENARIO  PARA ESTA C\u00c2MARA DE VEREADORES, CELEBRADO MEDIANTE DISPENSA DE LICITA\u00c7\u00c3O, COM FUNDAMENTO NO ARTIGO 24, INCISO 2\u00ba DA LEI 8.666\/93.","fornecedor":"MAGALU PAGAMENTOS LTDA","denom_uni_orc":"CORPO DELIBERATIVO E SECRETARIA","funcao":"Legislativa","sub_funcao":"A\u00e7\u00e3o Legislativa","programa":"A\u00c7\u00c3O LEGISLATIVA","acao":"REEQUIPAMENTO DA UNIDADE","ident_acao":"Projeto","cat_econ":"Despesa de Capital","natureza_despesa":"Investimentos","modalidade_despesa":"Aplica\u00e7\u00f5es Diretas","elemento_despesa":"Equipamentos e Material Permanente","sub_elem_desp":"SEM SUBELEMENTO","fonte_recurso":"Recursos do Exerc\u00edcio Corrente \/ Outros Recursos n\u00e3o Vinculados \/ -"},{"ano_emissao_emp":"2023","n_emp":"0000061","data_emissao":"13\/02\/2023","valor":"1.054,22","tipo_empenho":"Ordin\u00e1rio","hist_emp":"VALOR QUE SE EMPENHA PARA FAZER FACE A AQUISI\u00c7\u00c3O DE UMA ESCADA ARTICULADA 16 DEGRAUS 4X4 FUNCIONAL COM PLATAFORMA, ONDE SER\u00c3O USADAS NA SALA DE REUNI\u00c3O E NO PLENARIO  PARA ESTA C\u00c2MARA DE VEREADORES, CELEBRADO MEDIANTE DISPENSA DE LICITA\u00c7\u00c3O, COM FUNDAMENTO NO ARTIGO 24, INCISO 2\u00ba DA LEI 8.666\/93.","fornecedor":"MAGALU PAGAMENTOS LTDA","denom_uni_orc":"CORPO DELIBERATIVO E SECRETARIA","funcao":"Legislativa","sub_funcao":"A\u00e7\u00e3o Legislativa","programa":"A\u00c7\u00c3O LEGISLATIVA","acao":"INDENIZA\u00c7\u00d5ES E RESTITUI\u00c7\u00d5ES DO RPPS","ident_acao":"Projeto","cat_econ":"Despesa de Capital","natureza_despesa":"Investimentos","modalidade_despesa":"Aplica\u00e7\u00f5es Diretas","elemento_despesa":"Equipamentos e Material Permanente","sub_elem_desp":"SEM SUBELEMENTO","fonte_recurso":"Recursos do Exerc\u00edcio Corrente \/ Outros Recursos n\u00e3o Vinculados \/ -"},{"ano_emissao_emp":"2023","n_emp":"0000061","data_emissao":"13\/02\/2023","valor":"1.054,22","tipo_empenho":"Ordin\u00e1rio","hist_emp":"VALOR QUE SE EMPENHA PARA FAZER FACE A AQUISI\u00c7\u00c3O DE UMA ESCADA ARTICULADA 16 DEGRAUS 4X4 FUNCIONAL COM PLATAFORMA, ONDE SER\u00c3O USADAS NA SALA DE REUNI\u00c3O E NO PLENARIO  PARA ESTA C\u00c2MARA DE VEREADORES, CELEBRADO MEDIANTE DISPENSA DE LICITA\u00c7\u00c3O, COM FUNDAMENTO NO ARTIGO 24, INCISO 2\u00ba DA LEI 8.666\/93.","fornecedor":"MAGALU PAGAMENTOS LTDA","denom_uni_orc":"CORPO DELIBERATIVO E SECRETARIA","funcao":"Legislativa","sub_funcao":"A\u00e7\u00e3o Legislativa","programa":"A\u00c7\u00c3O LEGISLATIVA","acao":"AMORTIZA\u00c7\u00c3O DA D\u00cdVIDA P\u00daBLICA CONSOLIDADA","ident_acao":"Projeto","cat_econ":"Despesa de Capital","natureza_despesa":"Investimentos","modalidade_despesa":"Aplica\u00e7\u00f5es Diretas","elemento_despesa":"Equipamentos e Material Permanente","sub_elem_desp":"SEM SUBELEMENTO","fonte_recurso":"Recursos do Exerc\u00edcio Corrente \/ Outros Recursos n\u00e3o Vinculados \/ -"},{"ano_emissao_emp":"2023","n_emp":"0000062","data_emissao":"13\/02\/2023","valor":"264,70","tipo_empenho":"Ordin\u00e1rio","hist_emp":"VALOR QUE SE EMPENHA PARA FAZER FACE A AQUISI\u00c7\u00c3O DE 02 UND DE TAMPAS 3 MOD 55 PARA CAIXA COM MEMBRANA KALOP CJ E 06 UND INTERRUPTOR PARALELO COMBINADO 164\/250V - MODULO BRA KALOP CJ, CELEBRADO MEDIANTE DISPENSA DE LICITA\u00c7\u00c3O, COM FUNDAMENTO NO ARTIGO 24, INCISO 2\u00ba DA LEI 8.666\/93.","fornecedor":"CASA NOSTRA COMERCIO DE MATERIAIS DE CONSTRU\u00c7\u00c3O LTDA","denom_uni_orc":"CORPO DELIBERATIVO E SECRETARIA","funcao":"Legislativa","sub_funcao":"A\u00e7\u00e3o Legislativa","programa":"A\u00c7\u00c3O LEGISLATIVA","acao":"AQUISI\u00c7\u00c3O DE M\u00d3VEIS, M\u00c1QUINAS E EQUIPAMENTOS DIVERSOS PARA O CONSELHO","ident_acao":"Atividade","cat_econ":"Despesa Corrente","natureza_despesa":"Outras Despesas Correntes","modalidade_despesa":"Aplica\u00e7\u00f5es Diretas","elemento_despesa":"Material de Consumo","sub_elem_desp":"SEM SUBELEMENTO","fonte_recurso":"Recursos do Exerc\u00edcio Corrente \/ Outros Recursos n\u00e3o Vinculados \/ -"},{"ano_emissao_emp":"2023","n_emp":"0000062","data_emissao":"13\/02\/2023","valor":"264,70","tipo_empenho":"Ordin\u00e1rio","hist_emp":"VALOR QUE SE EMPENHA PARA FAZER FACE A AQUISI\u00c7\u00c3O DE 02 UND DE TAMPAS 3 MOD 55 PARA CAIXA COM MEMBRANA KALOP CJ E 06 UND INTERRUPTOR PARALELO COMBINADO 164\/250V - MODULO BRA KALOP CJ, CELEBRADO MEDIANTE DISPENSA DE LICITA\u00c7\u00c3O, COM FUNDAMENTO NO ARTIGO 24, INCISO 2\u00ba DA LEI 8.666\/93.","fornecedor":"CASA NOSTRA COMERCIO DE MATERIAIS DE CONSTRU\u00c7\u00c3O LTDA","denom_uni_orc":"CORPO DELIBERATIVO E SECRETARIA","funcao":"Legislativa","sub_funcao":"A\u00e7\u00e3o Legislativa","programa":"A\u00c7\u00c3O LEGISLATIVA","acao":"MANUTEN\u00c7\u00c3O DAS ATIVIDADES ADMINISTRATIVAS","ident_acao":"Atividade","cat_econ":"Despesa Corrente","natureza_despesa":"Outras Despesas Correntes","modalidade_despesa":"Aplica\u00e7\u00f5es Diretas","elemento_despesa":"Material de Consumo","sub_elem_desp":"SEM SUBELEMENTO","fonte_recurso":"Recursos do Exerc\u00edcio Corrente \/ Outros Recursos n\u00e3o Vinculados \/ -"},{"ano_emissao_emp":"2023","n_emp":"0000062","data_emissao":"13\/02\/2023","valor":"264,70","tipo_empenho":"Ordin\u00e1rio","hist_emp":"VALOR QUE SE EMPENHA PARA FAZER FACE A AQUISI\u00c7\u00c3O DE 02 UND DE TAMPAS 3 MOD 55 PARA CAIXA COM MEMBRANA KALOP CJ E 06 UND INTERRUPTOR PARALELO COMBINADO 164\/250V - MODULO BRA KALOP CJ, CELEBRADO MEDIANTE DISPENSA DE LICITA\u00c7\u00c3O, COM FUNDAMENTO NO ARTIGO 24, INCISO 2\u00ba DA LEI 8.666\/93.","fornecedor":"CASA NOSTRA COMERCIO DE MATERIAIS DE CONSTRU\u00c7\u00c3O LTDA","denom_uni_orc":"CORPO DELIBERATIVO E SECRETARIA","funcao":"Legislativa","sub_funcao":"A\u00e7\u00e3o Legislativa","programa":"A\u00c7\u00c3O LEGISLATIVA","acao":"INDENIZA\u00c7\u00d5ES E RESTITUI\u00c7\u00d5ES DIVERSAS (FMS)","ident_acao":"Atividade","cat_econ":"Despesa Corrente","natureza_despesa":"Outras Despesas Correntes","modalidade_despesa":"Aplica\u00e7\u00f5es Diretas","elemento_despesa":"Material de Consumo","sub_elem_desp":"SEM SUBELEMENTO","fonte_recurso":"Recursos do Exerc\u00edcio Corrente \/ Outros Recursos n\u00e3o Vinculados \/ -"},{"ano_emissao_emp":"2023","n_emp":"0000063","data_emissao":"14\/02\/2023","valor":"550,00","tipo_empenho":"Ordin\u00e1rio","hist_emp":"VALOR QUE SE EMPENHA PARA FAZER FACE A RONOVA\u00c7\u00c3O ANUAL  DO SOFWARE DO RELOGIO DE PONTO DESTA CAMARA DE VEREADORES, CELEBRADO MEDIANTE DISPENSA DE LICITA\u00c7\u00c3O, COM FUNDAMENTO NO ARTIGO 24, INCISO 2\u00ba DA LEI 8.666\/93.","fornecedor":"BINARIA SISTEMAS ELETRONICOS LTDA","denom_uni_orc":"CORPO DELIBERATIVO E SECRETARIA","funcao":"Legislativa","sub_funcao":"A\u00e7\u00e3o Legislativa","programa":"A\u00c7\u00c3O LEGISLATIVA","acao":"AQUISI\u00c7\u00c3O DE M\u00d3VEIS, M\u00c1QUINAS E EQUIPAMENTOS DIVERSOS PARA O CONSELHO","ident_acao":"Atividade","cat_econ":"Despesa Corrente","natureza_despesa":"Outras Despesas Correntes","modalidade_despesa":"Aplica\u00e7\u00f5es Diretas","elemento_despesa":"Outros Servi\u00e7os de Terceiros - Pessoa Jur\u00eddica","sub_elem_desp":"SEM SUBELEMENTO","fonte_recurso":"Recursos do Exerc\u00edcio Corrente \/ Outros Recursos n\u00e3o Vinculados \/ -"},{"ano_emissao_emp":"2023","n_emp":"0000063","data_emissao":"14\/02\/2023","valor":"550,00","tipo_empenho":"Ordin\u00e1rio","hist_emp":"VALOR QUE SE EMPENHA PARA FAZER FACE A RONOVA\u00c7\u00c3O ANUAL  DO SOFWARE DO RELOGIO DE PONTO DESTA CAMARA DE VEREADORES, CELEBRADO MEDIANTE DISPENSA DE LICITA\u00c7\u00c3O, COM FUNDAMENTO NO ARTIGO 24, INCISO 2\u00ba DA LEI 8.666\/93.","fornecedor":"BINARIA SISTEMAS ELETRONICOS LTDA","denom_uni_orc":"CORPO DELIBERATIVO E SECRETARIA","funcao":"Legislativa","sub_funcao":"A\u00e7\u00e3o Legislativa","programa":"A\u00c7\u00c3O LEGISLATIVA","acao":"MANUTEN\u00c7\u00c3O DAS ATIVIDADES ADMINISTRATIVAS","ident_acao":"Atividade","cat_econ":"Despesa Corrente","natureza_despesa":"Outras Despesas Correntes","modalidade_despesa":"Aplica\u00e7\u00f5es Diretas","elemento_despesa":"Outros Servi\u00e7os de Terceiros - Pessoa Jur\u00eddica","sub_elem_desp":"SEM SUBELEMENTO","fonte_recurso":"Recursos do Exerc\u00edcio Corrente \/ Outros Recursos n\u00e3o Vinculados \/ -"},{"ano_emissao_emp":"2023","n_emp":"0000063","data_emissao":"14\/02\/2023","valor":"550,00","tipo_empenho":"Ordin\u00e1rio","hist_emp":"VALOR QUE SE EMPENHA PARA FAZER FACE A RONOVA\u00c7\u00c3O ANUAL  DO SOFWARE DO RELOGIO DE PONTO DESTA CAMARA DE VEREADORES, CELEBRADO MEDIANTE DISPENSA DE LICITA\u00c7\u00c3O, COM FUNDAMENTO NO ARTIGO 24, INCISO 2\u00ba DA LEI 8.666\/93.","fornecedor":"BINARIA SISTEMAS ELETRONICOS LTDA","denom_uni_orc":"CORPO DELIBERATIVO E SECRETARIA","funcao":"Legislativa","sub_funcao":"A\u00e7\u00e3o Legislativa","programa":"A\u00c7\u00c3O LEGISLATIVA","acao":"INDENIZA\u00c7\u00d5ES E RESTITUI\u00c7\u00d5ES DIVERSAS (FMS)","ident_acao":"Atividade","cat_econ":"Despesa Corrente","natureza_despesa":"Outras Despesas Correntes","modalidade_despesa":"Aplica\u00e7\u00f5es Diretas","elemento_despesa":"Outros Servi\u00e7os de Terceiros - Pessoa Jur\u00eddica","sub_elem_desp":"SEM SUBELEMENTO","fonte_recurso":"Recursos do Exerc\u00edcio Corrente \/ Outros Recursos n\u00e3o Vinculados \/ -"},{"ano_emissao_emp":"2023","n_emp":"0000064","data_emissao":"14\/02\/2023","valor":"126,61","tipo_empenho":"Ordin\u00e1rio","hist_emp":"VALO QUE SE EMPENHA PARA FAZER FACE A CUSTEAR DESPESAS COM LICENCIAMENTO 2023 DO VEICULO PLACA PCN 6664 QUE PERTENCE A ESTA C\u00c2MARA DE VEREADORES, CELEBRADO MEDIANTE DISPENSA DE LICITA\u00c7\u00c3O, COM FUNDAMENTO NO ARTIGO 24, INCISO 2\u00ba DA LEI 8.666\/93.","fornecedor":"DEPARTAMENTO ESTADUAL DE TRANSITO DE PERNAMBUCO DETRAN PE","denom_uni_orc":"CORPO DELIBERATIVO E SECRETARIA","funcao":"Legislativa","sub_funcao":"A\u00e7\u00e3o Legislativa","programa":"A\u00c7\u00c3O LEGISLATIVA","acao":"AQUISI\u00c7\u00c3O DE M\u00d3VEIS, M\u00c1QUINAS E EQUIPAMENTOS DIVERSOS PARA O CONSELHO","ident_acao":"Atividade","cat_econ":"Despesa Corrente","natureza_despesa":"Outras Despesas Correntes","modalidade_despesa":"Aplica\u00e7\u00f5es Diretas","elemento_despesa":"Outros Servi\u00e7os de Terceiros - Pessoa Jur\u00eddica","sub_elem_desp":"SEM SUBELEMENTO","fonte_recurso":"Recursos do Exerc\u00edcio Corrente \/ Outros Recursos n\u00e3o Vinculados \/ -"},{"ano_emissao_emp":"2023","n_emp":"0000064","data_emissao":"14\/02\/2023","valor":"126,61","tipo_empenho":"Ordin\u00e1rio","hist_emp":"VALO QUE SE EMPENHA PARA FAZER FACE A CUSTEAR DESPESAS COM LICENCIAMENTO 2023 DO VEICULO PLACA PCN 6664 QUE PERTENCE A ESTA C\u00c2MARA DE VEREADORES, CELEBRADO MEDIANTE DISPENSA DE LICITA\u00c7\u00c3O, COM FUNDAMENTO NO ARTIGO 24, INCISO 2\u00ba DA LEI 8.666\/93.","fornecedor":"DEPARTAMENTO ESTADUAL DE TRANSITO DE PERNAMBUCO DETRAN PE","denom_uni_orc":"CORPO DELIBERATIVO E SECRETARIA","funcao":"Legislativa","sub_funcao":"A\u00e7\u00e3o Legislativa","programa":"A\u00c7\u00c3O LEGISLATIVA","acao":"MANUTEN\u00c7\u00c3O DAS ATIVIDADES ADMINISTRATIVAS","ident_acao":"Atividade","cat_econ":"Despesa Corrente","natureza_despesa":"Outras Despesas Correntes","modalidade_despesa":"Aplica\u00e7\u00f5es Diretas","elemento_despesa":"Outros Servi\u00e7os de Terceiros - Pessoa Jur\u00eddica","sub_elem_desp":"SEM SUBELEMENTO","fonte_recurso":"Recursos do Exerc\u00edcio Corrente \/ Outros Recursos n\u00e3o Vinculados \/ -"},{"ano_emissao_emp":"2023","n_emp":"0000064","data_emissao":"14\/02\/2023","valor":"126,61","tipo_empenho":"Ordin\u00e1rio","hist_emp":"VALO QUE SE EMPENHA PARA FAZER FACE A CUSTEAR DESPESAS COM LICENCIAMENTO 2023 DO VEICULO PLACA PCN 6664 QUE PERTENCE A ESTA C\u00c2MARA DE VEREADORES, CELEBRADO MEDIANTE DISPENSA DE LICITA\u00c7\u00c3O, COM FUNDAMENTO NO ARTIGO 24, INCISO 2\u00ba DA LEI 8.666\/93.","fornecedor":"DEPARTAMENTO ESTADUAL DE TRANSITO DE PERNAMBUCO DETRAN PE","denom_uni_orc":"CORPO DELIBERATIVO E SECRETARIA","funcao":"Legislativa","sub_funcao":"A\u00e7\u00e3o Legislativa","programa":"A\u00c7\u00c3O LEGISLATIVA","acao":"INDENIZA\u00c7\u00d5ES E RESTITUI\u00c7\u00d5ES DIVERSAS (FMS)","ident_acao":"Atividade","cat_econ":"Despesa Corrente","natureza_despesa":"Outras Despesas Correntes","modalidade_despesa":"Aplica\u00e7\u00f5es Diretas","elemento_despesa":"Outros Servi\u00e7os de Terceiros - Pessoa Jur\u00eddica","sub_elem_desp":"SEM SUBELEMENTO","fonte_recurso":"Recursos do Exerc\u00edcio Corrente \/ Outros Recursos n\u00e3o Vinculados \/ -"},{"ano_emissao_emp":"2023","n_emp":"0000065","data_emissao":"14\/02\/2023","valor":"126,61","tipo_empenho":"Ordin\u00e1rio","hist_emp":"VALOR QUE SE EMPENHA PARA FAZER FACE A CUSTEAR DESPESA COM LICENCIAMENTO 2023 DO VEICULO PLACA PEC 7686 QUE PERTENCE A ESTA C\u00c2MARA DE VEREADORES, CELEBRADO MEDIANTE DISPENSA DE LICITA\u00c7\u00c3O, COM FUNDAMENTO NO ARTIGO 24, INCISO 2\u00ba DA LEI 8.666\/93.","fornecedor":"DEPARTAMENTO ESTADUAL DE TRANSITO DE PERNAMBUCO DETRAN PE","denom_uni_orc":"CORPO DELIBERATIVO E SECRETARIA","funcao":"Legislativa","sub_funcao":"A\u00e7\u00e3o Legislativa","programa":"A\u00c7\u00c3O LEGISLATIVA","acao":"AQUISI\u00c7\u00c3O DE M\u00d3VEIS, M\u00c1QUINAS E EQUIPAMENTOS DIVERSOS PARA O CONSELHO","ident_acao":"Atividade","cat_econ":"Despesa Corrente","natureza_despesa":"Outras Despesas Correntes","modalidade_despesa":"Aplica\u00e7\u00f5es Diretas","elemento_despesa":"Outros Servi\u00e7os de Terceiros - Pessoa Jur\u00eddica","sub_elem_desp":"SEM SUBELEMENTO","fonte_recurso":"Recursos do Exerc\u00edcio Corrente \/ Outros Recursos n\u00e3o Vinculados \/ -"},{"ano_emissao_emp":"2023","n_emp":"0000065","data_emissao":"14\/02\/2023","valor":"126,61","tipo_empenho":"Ordin\u00e1rio","hist_emp":"VALOR QUE SE EMPENHA PARA FAZER FACE A CUSTEAR DESPESA COM LICENCIAMENTO 2023 DO VEICULO PLACA PEC 7686 QUE PERTENCE A ESTA C\u00c2MARA DE VEREADORES, CELEBRADO MEDIANTE DISPENSA DE LICITA\u00c7\u00c3O, COM FUNDAMENTO NO ARTIGO 24, INCISO 2\u00ba DA LEI 8.666\/93.","fornecedor":"DEPARTAMENTO ESTADUAL DE TRANSITO DE PERNAMBUCO DETRAN PE","denom_uni_orc":"CORPO DELIBERATIVO E SECRETARIA","funcao":"Legislativa","sub_funcao":"A\u00e7\u00e3o Legislativa","programa":"A\u00c7\u00c3O LEGISLATIVA","acao":"MANUTEN\u00c7\u00c3O DAS ATIVIDADES ADMINISTRATIVAS","ident_acao":"Atividade","cat_econ":"Despesa Corrente","natureza_despesa":"Outras Despesas Correntes","modalidade_despesa":"Aplica\u00e7\u00f5es Diretas","elemento_despesa":"Outros Servi\u00e7os de Terceiros - Pessoa Jur\u00eddica","sub_elem_desp":"SEM SUBELEMENTO","fonte_recurso":"Recursos do Exerc\u00edcio Corrente \/ Outros Recursos n\u00e3o Vinculados \/ -"},{"ano_emissao_emp":"2023","n_emp":"0000065","data_emissao":"14\/02\/2023","valor":"126,61","tipo_empenho":"Ordin\u00e1rio","hist_emp":"VALOR QUE SE EMPENHA PARA FAZER FACE A CUSTEAR DESPESA COM LICENCIAMENTO 2023 DO VEICULO PLACA PEC 7686 QUE PERTENCE A ESTA C\u00c2MARA DE VEREADORES, CELEBRADO MEDIANTE DISPENSA DE LICITA\u00c7\u00c3O, COM FUNDAMENTO NO ARTIGO 24, INCISO 2\u00ba DA LEI 8.666\/93.","fornecedor":"DEPARTAMENTO ESTADUAL DE TRANSITO DE PERNAMBUCO DETRAN PE","denom_uni_orc":"CORPO DELIBERATIVO E SECRETARIA","funcao":"Legislativa","sub_funcao":"A\u00e7\u00e3o Legislativa","programa":"A\u00c7\u00c3O LEGISLATIVA","acao":"INDENIZA\u00c7\u00d5ES E RESTITUI\u00c7\u00d5ES DIVERSAS (FMS)","ident_acao":"Atividade","cat_econ":"Despesa Corrente","natureza_despesa":"Outras Despesas Correntes","modalidade_despesa":"Aplica\u00e7\u00f5es Diretas","elemento_despesa":"Outros Servi\u00e7os de Terceiros - Pessoa Jur\u00eddica","sub_elem_desp":"SEM SUBELEMENTO","fonte_recurso":"Recursos do Exerc\u00edcio Corrente \/ Outros Recursos n\u00e3o Vinculados \/ -"},{"ano_emissao_emp":"2023","n_emp":"0000066","data_emissao":"14\/02\/2023","valor":"156,19","tipo_empenho":"Ordin\u00e1rio","hist_emp":"VALOR QUE SE EMPENHA PARA FAZER FACE A CUSTEAR DESPESA COM INFRA\u00c3O DO VEICULO PLACA PEC 6664 QUE PERTENCE A ESTA C\u00c2MARA DE VEREADORES, CELEBRADO MEDIANTE DISPENSA DE LICITA\u00c7\u00c3O, COM FUNDAMENTO NO ARTIGO 24, INCISO 2\u00ba DA LEI 8.666\/93.","fornecedor":"DEPARTAMENTO ESTADUAL DE TRANSITO DE PERNAMBUCO DETRAN PE","denom_uni_orc":"CORPO DELIBERATIVO E SECRETARIA","funcao":"Legislativa","sub_funcao":"A\u00e7\u00e3o Legislativa","programa":"A\u00c7\u00c3O LEGISLATIVA","acao":"AQUISI\u00c7\u00c3O DE M\u00d3VEIS, M\u00c1QUINAS E EQUIPAMENTOS DIVERSOS PARA O CONSELHO","ident_acao":"Atividade","cat_econ":"Despesa Corrente","natureza_despesa":"Outras Despesas Correntes","modalidade_despesa":"Aplica\u00e7\u00f5es Diretas","elemento_despesa":"Outros Servi\u00e7os de Terceiros - Pessoa Jur\u00eddica","sub_elem_desp":"SEM SUBELEMENTO","fonte_recurso":"Recursos do Exerc\u00edcio Corrente \/ Outros Recursos n\u00e3o Vinculados \/ -"},{"ano_emissao_emp":"2023","n_emp":"0000066","data_emissao":"14\/02\/2023","valor":"156,19","tipo_empenho":"Ordin\u00e1rio","hist_emp":"VALOR QUE SE EMPENHA PARA FAZER FACE A CUSTEAR DESPESA COM INFRA\u00c3O DO VEICULO PLACA PEC 6664 QUE PERTENCE A ESTA C\u00c2MARA DE VEREADORES, CELEBRADO MEDIANTE DISPENSA DE LICITA\u00c7\u00c3O, COM FUNDAMENTO NO ARTIGO 24, INCISO 2\u00ba DA LEI 8.666\/93.","fornecedor":"DEPARTAMENTO ESTADUAL DE TRANSITO DE PERNAMBUCO DETRAN PE","denom_uni_orc":"CORPO DELIBERATIVO E SECRETARIA","funcao":"Legislativa","sub_funcao":"A\u00e7\u00e3o Legislativa","programa":"A\u00c7\u00c3O LEGISLATIVA","acao":"MANUTEN\u00c7\u00c3O DAS ATIVIDADES ADMINISTRATIVAS","ident_acao":"Atividade","cat_econ":"Despesa Corrente","natureza_despesa":"Outras Despesas Correntes","modalidade_despesa":"Aplica\u00e7\u00f5es Diretas","elemento_despesa":"Outros Servi\u00e7os de Terceiros - Pessoa Jur\u00eddica","sub_elem_desp":"SEM SUBELEMENTO","fonte_recurso":"Recursos do Exerc\u00edcio Corrente \/ Outros Recursos n\u00e3o Vinculados \/ -"},{"ano_emissao_emp":"2023","n_emp":"0000066","data_emissao":"14\/02\/2023","valor":"156,19","tipo_empenho":"Ordin\u00e1rio","hist_emp":"VALOR QUE SE EMPENHA PARA FAZER FACE A CUSTEAR DESPESA COM INFRA\u00c3O DO VEICULO PLACA PEC 6664 QUE PERTENCE A ESTA C\u00c2MARA DE VEREADORES, CELEBRADO MEDIANTE DISPENSA DE LICITA\u00c7\u00c3O, COM FUNDAMENTO NO ARTIGO 24, INCISO 2\u00ba DA LEI 8.666\/93.","fornecedor":"DEPARTAMENTO ESTADUAL DE TRANSITO DE PERNAMBUCO DETRAN PE","denom_uni_orc":"CORPO DELIBERATIVO E SECRETARIA","funcao":"Legislativa","sub_funcao":"A\u00e7\u00e3o Legislativa","programa":"A\u00c7\u00c3O LEGISLATIVA","acao":"INDENIZA\u00c7\u00d5ES E RESTITUI\u00c7\u00d5ES DIVERSAS (FMS)","ident_acao":"Atividade","cat_econ":"Despesa Corrente","natureza_despesa":"Outras Despesas Correntes","modalidade_despesa":"Aplica\u00e7\u00f5es Diretas","elemento_despesa":"Outros Servi\u00e7os de Terceiros - Pessoa Jur\u00eddica","sub_elem_desp":"SEM SUBELEMENTO","fonte_recurso":"Recursos do Exerc\u00edcio Corrente \/ Outros Recursos n\u00e3o Vinculados \/ -"},{"ano_emissao_emp":"2023","n_emp":"0000067","data_emissao":"16\/02\/2023","valor":"521,55","tipo_empenho":"Ordin\u00e1rio","hist_emp":"VALOR QUE SE EMPENHA PARA FAZER FACE A CUSTEAR DESPESA COM AQUISI\u00c7\u00c3O DE UM ROTEADOR PARA SER UTILIZADO NO CORREDOR NO PRIMEIRO ANDAR DO PR\u00c9DIO DESTA C\u00c3MARA DE VEREADORES , CELEBRADO MEDIANTE DISPENSA DE LICITA\u00c7\u00c3O, COM FUNDAMENTO NO ARTIGO 24, INCISO 2\u00ba DA LEI 8.666\/93.","fornecedor":"MAGAZINE LUIZA","denom_uni_orc":"CORPO DELIBERATIVO E SECRETARIA","funcao":"Legislativa","sub_funcao":"A\u00e7\u00e3o Legislativa","programa":"A\u00c7\u00c3O LEGISLATIVA","acao":"REEQUIPAMENTO DA UNIDADE","ident_acao":"Projeto","cat_econ":"Despesa de Capital","natureza_despesa":"Investimentos","modalidade_despesa":"Aplica\u00e7\u00f5es Diretas","elemento_despesa":"Equipamentos e Material Permanente","sub_elem_desp":"SEM SUBELEMENTO","fonte_recurso":"Recursos do Exerc\u00edcio Corrente \/ Outros Recursos n\u00e3o Vinculados \/ -"},{"ano_emissao_emp":"2023","n_emp":"0000067","data_emissao":"16\/02\/2023","valor":"521,55","tipo_empenho":"Ordin\u00e1rio","hist_emp":"VALOR QUE SE EMPENHA PARA FAZER FACE A CUSTEAR DESPESA COM AQUISI\u00c7\u00c3O DE UM ROTEADOR PARA SER UTILIZADO NO CORREDOR NO PRIMEIRO ANDAR DO PR\u00c9DIO DESTA C\u00c3MARA DE VEREADORES , CELEBRADO MEDIANTE DISPENSA DE LICITA\u00c7\u00c3O, COM FUNDAMENTO NO ARTIGO 24, INCISO 2\u00ba DA LEI 8.666\/93.","fornecedor":"MAGAZINE LUIZA","denom_uni_orc":"CORPO DELIBERATIVO E SECRETARIA","funcao":"Legislativa","sub_funcao":"A\u00e7\u00e3o Legislativa","programa":"A\u00c7\u00c3O LEGISLATIVA","acao":"INDENIZA\u00c7\u00d5ES E RESTITUI\u00c7\u00d5ES DO RPPS","ident_acao":"Projeto","cat_econ":"Despesa de Capital","natureza_despesa":"Investimentos","modalidade_despesa":"Aplica\u00e7\u00f5es Diretas","elemento_despesa":"Equipamentos e Material Permanente","sub_elem_desp":"SEM SUBELEMENTO","fonte_recurso":"Recursos do Exerc\u00edcio Corrente \/ Outros Recursos n\u00e3o Vinculados \/ -"},{"ano_emissao_emp":"2023","n_emp":"0000067","data_emissao":"16\/02\/2023","valor":"521,55","tipo_empenho":"Ordin\u00e1rio","hist_emp":"VALOR QUE SE EMPENHA PARA FAZER FACE A CUSTEAR DESPESA COM AQUISI\u00c7\u00c3O DE UM ROTEADOR PARA SER UTILIZADO NO CORREDOR NO PRIMEIRO ANDAR DO PR\u00c9DIO DESTA C\u00c3MARA DE VEREADORES , CELEBRADO MEDIANTE DISPENSA DE LICITA\u00c7\u00c3O, COM FUNDAMENTO NO ARTIGO 24, INCISO 2\u00ba DA LEI 8.666\/93.","fornecedor":"MAGAZINE LUIZA","denom_uni_orc":"CORPO DELIBERATIVO E SECRETARIA","funcao":"Legislativa","sub_funcao":"A\u00e7\u00e3o Legislativa","programa":"A\u00c7\u00c3O LEGISLATIVA","acao":"AMORTIZA\u00c7\u00c3O DA D\u00cdVIDA P\u00daBLICA CONSOLIDADA","ident_acao":"Projeto","cat_econ":"Despesa de Capital","natureza_despesa":"Investimentos","modalidade_despesa":"Aplica\u00e7\u00f5es Diretas","elemento_despesa":"Equipamentos e Material Permanente","sub_elem_desp":"SEM SUBELEMENTO","fonte_recurso":"Recursos do Exerc\u00edcio Corrente \/ Outros Recursos n\u00e3o Vinculados \/ -"},{"ano_emissao_emp":"2023","n_emp":"0000068","data_emissao":"16\/02\/2023","valor":"7.700,00","tipo_empenho":"Global","hist_emp":"VALOR QUE SE EMPENHA PARA FAZER FACE A LOCA\u00c7\u00c3O DOS SISTEMAS DE COMBUST\u00cdVEIS E PATRIM\u00d4NIO, UTILIZADOS PELA SECRETARIA DA C\u00c2MARA DE VEREADORES DESTE MUNICIPIO NO CONTROLE DE SEUS ATOS, CONFORME CD 004\/2023 EM ANEXO.","fornecedor":"ALEXSANDRO FERNANDES DA SILVA ME","denom_uni_orc":"CORPO DELIBERATIVO E SECRETARIA","funcao":"Legislativa","sub_funcao":"A\u00e7\u00e3o Legislativa","programa":"A\u00c7\u00c3O LEGISLATIVA","acao":"AQUISI\u00c7\u00c3O DE M\u00d3VEIS, M\u00c1QUINAS E EQUIPAMENTOS DIVERSOS PARA O CONSELHO","ident_acao":"Atividade","cat_econ":"Despesa Corrente","natureza_despesa":"Outras Despesas Correntes","modalidade_despesa":"Aplica\u00e7\u00f5es Diretas","elemento_despesa":"Outros Servi\u00e7os de Terceiros - Pessoa Jur\u00eddica","sub_elem_desp":"SEM SUBELEMENTO","fonte_recurso":"Recursos do Exerc\u00edcio Corrente \/ Outros Recursos n\u00e3o Vinculados \/ -"},{"ano_emissao_emp":"2023","n_emp":"0000068","data_emissao":"16\/02\/2023","valor":"7.700,00","tipo_empenho":"Global","hist_emp":"VALOR QUE SE EMPENHA PARA FAZER FACE A LOCA\u00c7\u00c3O DOS SISTEMAS DE COMBUST\u00cdVEIS E PATRIM\u00d4NIO, UTILIZADOS PELA SECRETARIA DA C\u00c2MARA DE VEREADORES DESTE MUNICIPIO NO CONTROLE DE SEUS ATOS, CONFORME CD 004\/2023 EM ANEXO.","fornecedor":"ALEXSANDRO FERNANDES DA SILVA ME","denom_uni_orc":"CORPO DELIBERATIVO E SECRETARIA","funcao":"Legislativa","sub_funcao":"A\u00e7\u00e3o Legislativa","programa":"A\u00c7\u00c3O LEGISLATIVA","acao":"MANUTEN\u00c7\u00c3O DAS ATIVIDADES ADMINISTRATIVAS","ident_acao":"Atividade","cat_econ":"Despesa Corrente","natureza_despesa":"Outras Despesas Correntes","modalidade_despesa":"Aplica\u00e7\u00f5es Diretas","elemento_despesa":"Outros Servi\u00e7os de Terceiros - Pessoa Jur\u00eddica","sub_elem_desp":"SEM SUBELEMENTO","fonte_recurso":"Recursos do Exerc\u00edcio Corrente \/ Outros Recursos n\u00e3o Vinculados \/ -"},{"ano_emissao_emp":"2023","n_emp":"0000068","data_emissao":"16\/02\/2023","valor":"7.700,00","tipo_empenho":"Global","hist_emp":"VALOR QUE SE EMPENHA PARA FAZER FACE A LOCA\u00c7\u00c3O DOS SISTEMAS DE COMBUST\u00cdVEIS E PATRIM\u00d4NIO, UTILIZADOS PELA SECRETARIA DA C\u00c2MARA DE VEREADORES DESTE MUNICIPIO NO CONTROLE DE SEUS ATOS, CONFORME CD 004\/2023 EM ANEXO.","fornecedor":"ALEXSANDRO FERNANDES DA SILVA ME","denom_uni_orc":"CORPO DELIBERATIVO E SECRETARIA","funcao":"Legislativa","sub_funcao":"A\u00e7\u00e3o Legislativa","programa":"A\u00c7\u00c3O LEGISLATIVA","acao":"INDENIZA\u00c7\u00d5ES E RESTITUI\u00c7\u00d5ES DIVERSAS (FMS)","ident_acao":"Atividade","cat_econ":"Despesa Corrente","natureza_despesa":"Outras Despesas Correntes","modalidade_despesa":"Aplica\u00e7\u00f5es Diretas","elemento_despesa":"Outros Servi\u00e7os de Terceiros - Pessoa Jur\u00eddica","sub_elem_desp":"SEM SUBELEMENTO","fonte_recurso":"Recursos do Exerc\u00edcio Corrente \/ Outros Recursos n\u00e3o Vinculados \/ -"},{"ano_emissao_emp":"2023","n_emp":"0000069","data_emissao":"16\/02\/2023","valor":"480,00","tipo_empenho":"Ordin\u00e1rio","hist_emp":"VALOR QUE SE EMPENHA PARA FAZER FACE A CUSTEAR SEVI\u00c7O DE GERA\u00c7\u00c3O E INSTALA\u00c7\u00c3O DE ARQUIVO DE CERTIFICADO DIGITAL e-CNPJ EM TOKEM COM RESPONSAVEL VEREADOR JOS\u00c9 CLIM\u00c9RIO ATUAL PRESIDENTE DA C\u00c2MARA DE VEREADORES DESTE MUNICIPIO, CONFORME DOCUMENTO EM ANEXO.19","fornecedor":"C\u00c2MARA DE DIRIGENTES LOGISTAS","denom_uni_orc":"CORPO DELIBERATIVO E SECRETARIA","funcao":"Legislativa","sub_funcao":"A\u00e7\u00e3o Legislativa","programa":"A\u00c7\u00c3O LEGISLATIVA","acao":"AQUISI\u00c7\u00c3O DE M\u00d3VEIS, M\u00c1QUINAS E EQUIPAMENTOS DIVERSOS PARA O CONSELHO","ident_acao":"Atividade","cat_econ":"Despesa Corrente","natureza_despesa":"Outras Despesas Correntes","modalidade_despesa":"Aplica\u00e7\u00f5es Diretas","elemento_despesa":"Outros Servi\u00e7os de Terceiros - Pessoa Jur\u00eddica","sub_elem_desp":"SEM SUBELEMENTO","fonte_recurso":"Recursos do Exerc\u00edcio Corrente \/ Outros Recursos n\u00e3o Vinculados \/ -"},{"ano_emissao_emp":"2023","n_emp":"0000069","data_emissao":"16\/02\/2023","valor":"480,00","tipo_empenho":"Ordin\u00e1rio","hist_emp":"VALOR QUE SE EMPENHA PARA FAZER FACE A CUSTEAR SEVI\u00c7O DE GERA\u00c7\u00c3O E INSTALA\u00c7\u00c3O DE ARQUIVO DE CERTIFICADO DIGITAL e-CNPJ EM TOKEM COM RESPONSAVEL VEREADOR JOS\u00c9 CLIM\u00c9RIO ATUAL PRESIDENTE DA C\u00c2MARA DE VEREADORES DESTE MUNICIPIO, CONFORME DOCUMENTO EM ANEXO.19","fornecedor":"C\u00c2MARA DE DIRIGENTES LOGISTAS","denom_uni_orc":"CORPO DELIBERATIVO E SECRETARIA","funcao":"Legislativa","sub_funcao":"A\u00e7\u00e3o Legislativa","programa":"A\u00c7\u00c3O LEGISLATIVA","acao":"MANUTEN\u00c7\u00c3O DAS ATIVIDADES ADMINISTRATIVAS","ident_acao":"Atividade","cat_econ":"Despesa Corrente","natureza_despesa":"Outras Despesas Correntes","modalidade_despesa":"Aplica\u00e7\u00f5es Diretas","elemento_despesa":"Outros Servi\u00e7os de Terceiros - Pessoa Jur\u00eddica","sub_elem_desp":"SEM SUBELEMENTO","fonte_recurso":"Recursos do Exerc\u00edcio Corrente \/ Outros Recursos n\u00e3o Vinculados \/ -"},{"ano_emissao_emp":"2023","n_emp":"0000069","data_emissao":"16\/02\/2023","valor":"480,00","tipo_empenho":"Ordin\u00e1rio","hist_emp":"VALOR QUE SE EMPENHA PARA FAZER FACE A CUSTEAR SEVI\u00c7O DE GERA\u00c7\u00c3O E INSTALA\u00c7\u00c3O DE ARQUIVO DE CERTIFICADO DIGITAL e-CNPJ EM TOKEM COM RESPONSAVEL VEREADOR JOS\u00c9 CLIM\u00c9RIO ATUAL PRESIDENTE DA C\u00c2MARA DE VEREADORES DESTE MUNICIPIO, CONFORME DOCUMENTO EM ANEXO.19","fornecedor":"C\u00c2MARA DE DIRIGENTES LOGISTAS","denom_uni_orc":"CORPO DELIBERATIVO E SECRETARIA","funcao":"Legislativa","sub_funcao":"A\u00e7\u00e3o Legislativa","programa":"A\u00c7\u00c3O LEGISLATIVA","acao":"INDENIZA\u00c7\u00d5ES E RESTITUI\u00c7\u00d5ES DIVERSAS (FMS)","ident_acao":"Atividade","cat_econ":"Despesa Corrente","natureza_despesa":"Outras Despesas Correntes","modalidade_despesa":"Aplica\u00e7\u00f5es Diretas","elemento_despesa":"Outros Servi\u00e7os de Terceiros - Pessoa Jur\u00eddica","sub_elem_desp":"SEM SUBELEMENTO","fonte_recurso":"Recursos do Exerc\u00edcio Corrente \/ Outros Recursos n\u00e3o Vinculados \/ -"},{"ano_emissao_emp":"2023","n_emp":"0000070","data_emissao":"16\/02\/2023","valor":"64,00","tipo_empenho":"Ordin\u00e1rio","hist_emp":"VALOR QUE SE EMPENHA PARA FAZER FACE A CUSTEIO COM AQUISI\u00c7\u00c3O DE MOLDURA DE ALUMINIO AF 13 INC BRILHO PARA CERTIFICADO DE TITULO DE CIDAD\u00c3O CONCEDIDO POR ESTA CASA.","fornecedor":"SAN VIDROS COMERCIO DE VIDROSLTDA","denom_uni_orc":"CORPO DELIBERATIVO E SECRETARIA","funcao":"Legislativa","sub_funcao":"A\u00e7\u00e3o Legislativa","programa":"A\u00c7\u00c3O LEGISLATIVA","acao":"AQUISI\u00c7\u00c3O DE M\u00d3VEIS, M\u00c1QUINAS E EQUIPAMENTOS DIVERSOS PARA O CONSELHO","ident_acao":"Atividade","cat_econ":"Despesa Corrente","natureza_despesa":"Outras Despesas Correntes","modalidade_despesa":"Aplica\u00e7\u00f5es Diretas","elemento_despesa":"Material de Consumo","sub_elem_desp":"SEM SUBELEMENTO","fonte_recurso":"Recursos do Exerc\u00edcio Corrente \/ Outros Recursos n\u00e3o Vinculados \/ -"},{"ano_emissao_emp":"2023","n_emp":"0000070","data_emissao":"16\/02\/2023","valor":"64,00","tipo_empenho":"Ordin\u00e1rio","hist_emp":"VALOR QUE SE EMPENHA PARA FAZER FACE A CUSTEIO COM AQUISI\u00c7\u00c3O DE MOLDURA DE ALUMINIO AF 13 INC BRILHO PARA CERTIFICADO DE TITULO DE CIDAD\u00c3O CONCEDIDO POR ESTA CASA.","fornecedor":"SAN VIDROS COMERCIO DE VIDROSLTDA","denom_uni_orc":"CORPO DELIBERATIVO E SECRETARIA","funcao":"Legislativa","sub_funcao":"A\u00e7\u00e3o Legislativa","programa":"A\u00c7\u00c3O LEGISLATIVA","acao":"MANUTEN\u00c7\u00c3O DAS ATIVIDADES ADMINISTRATIVAS","ident_acao":"Atividade","cat_econ":"Despesa Corrente","natureza_despesa":"Outras Despesas Correntes","modalidade_despesa":"Aplica\u00e7\u00f5es Diretas","elemento_despesa":"Material de Consumo","sub_elem_desp":"SEM SUBELEMENTO","fonte_recurso":"Recursos do Exerc\u00edcio Corrente \/ Outros Recursos n\u00e3o Vinculados \/ -"},{"ano_emissao_emp":"2023","n_emp":"0000070","data_emissao":"16\/02\/2023","valor":"64,00","tipo_empenho":"Ordin\u00e1rio","hist_emp":"VALOR QUE SE EMPENHA PARA FAZER FACE A CUSTEIO COM AQUISI\u00c7\u00c3O DE MOLDURA DE ALUMINIO AF 13 INC BRILHO PARA CERTIFICADO DE TITULO DE CIDAD\u00c3O CONCEDIDO POR ESTA CASA.","fornecedor":"SAN VIDROS COMERCIO DE VIDROSLTDA","denom_uni_orc":"CORPO DELIBERATIVO E SECRETARIA","funcao":"Legislativa","sub_funcao":"A\u00e7\u00e3o Legislativa","programa":"A\u00c7\u00c3O LEGISLATIVA","acao":"INDENIZA\u00c7\u00d5ES E RESTITUI\u00c7\u00d5ES DIVERSAS (FMS)","ident_acao":"Atividade","cat_econ":"Despesa Corrente","natureza_despesa":"Outras Despesas Correntes","modalidade_despesa":"Aplica\u00e7\u00f5es Diretas","elemento_despesa":"Material de Consumo","sub_elem_desp":"SEM SUBELEMENTO","fonte_recurso":"Recursos do Exerc\u00edcio Corrente \/ Outros Recursos n\u00e3o Vinculados \/ -"},{"ano_emissao_emp":"2023","n_emp":"0000071","data_emissao":"16\/02\/2023","valor":"1.494,74","tipo_empenho":"Ordin\u00e1rio","hist_emp":"VALOR QUE SE EMPENHA PARA FACER FACE AO CUSTEIO DE SERVI\u00c7O DE LIMPEZA DAS BICAS E REPARO DO TELHADO AGEROL DESTA C\u00c2MARA DE VEREADORS NO MES DE FEVEREIRO DE 2023.","fornecedor":"JOSE HILTON BEZERRA DE ALMEIDA","denom_uni_orc":"CORPO DELIBERATIVO E SECRETARIA","funcao":"Legislativa","sub_funcao":"A\u00e7\u00e3o Legislativa","programa":"A\u00c7\u00c3O LEGISLATIVA","acao":"AQUISI\u00c7\u00c3O DE M\u00d3VEIS, M\u00c1QUINAS E EQUIPAMENTOS DIVERSOS PARA O CONSELHO","ident_acao":"Atividade","cat_econ":"Despesa Corrente","natureza_despesa":"Outras Despesas Correntes","modalidade_despesa":"Aplica\u00e7\u00f5es Diretas","elemento_despesa":"Outros Servi\u00e7os de Terceiros - Pessoa F\u00edsica","sub_elem_desp":"SEM SUBELEMENTO","fonte_recurso":"Recursos do Exerc\u00edcio Corrente \/ Outros Recursos n\u00e3o Vinculados \/ -"},{"ano_emissao_emp":"2023","n_emp":"0000071","data_emissao":"16\/02\/2023","valor":"1.494,74","tipo_empenho":"Ordin\u00e1rio","hist_emp":"VALOR QUE SE EMPENHA PARA FACER FACE AO CUSTEIO DE SERVI\u00c7O DE LIMPEZA DAS BICAS E REPARO DO TELHADO AGEROL DESTA C\u00c2MARA DE VEREADORS NO MES DE FEVEREIRO DE 2023.","fornecedor":"JOSE HILTON BEZERRA DE ALMEIDA","denom_uni_orc":"CORPO DELIBERATIVO E SECRETARIA","funcao":"Legislativa","sub_funcao":"A\u00e7\u00e3o Legislativa","programa":"A\u00c7\u00c3O LEGISLATIVA","acao":"MANUTEN\u00c7\u00c3O DAS ATIVIDADES ADMINISTRATIVAS","ident_acao":"Atividade","cat_econ":"Despesa Corrente","natureza_despesa":"Outras Despesas Correntes","modalidade_despesa":"Aplica\u00e7\u00f5es Diretas","elemento_despesa":"Outros Servi\u00e7os de Terceiros - Pessoa F\u00edsica","sub_elem_desp":"SEM SUBELEMENTO","fonte_recurso":"Recursos do Exerc\u00edcio Corrente \/ Outros Recursos n\u00e3o Vinculados \/ -"},{"ano_emissao_emp":"2023","n_emp":"0000071","data_emissao":"16\/02\/2023","valor":"1.494,74","tipo_empenho":"Ordin\u00e1rio","hist_emp":"VALOR QUE SE EMPENHA PARA FACER FACE AO CUSTEIO DE SERVI\u00c7O DE LIMPEZA DAS BICAS E REPARO DO TELHADO AGEROL DESTA C\u00c2MARA DE VEREADORS NO MES DE FEVEREIRO DE 2023.","fornecedor":"JOSE HILTON BEZERRA DE ALMEIDA","denom_uni_orc":"CORPO DELIBERATIVO E SECRETARIA","funcao":"Legislativa","sub_funcao":"A\u00e7\u00e3o Legislativa","programa":"A\u00c7\u00c3O LEGISLATIVA","acao":"INDENIZA\u00c7\u00d5ES E RESTITUI\u00c7\u00d5ES DIVERSAS (FMS)","ident_acao":"Atividade","cat_econ":"Despesa Corrente","natureza_despesa":"Outras Despesas Correntes","modalidade_despesa":"Aplica\u00e7\u00f5es Diretas","elemento_despesa":"Outros Servi\u00e7os de Terceiros - Pessoa F\u00edsica","sub_elem_desp":"SEM SUBELEMENTO","fonte_recurso":"Recursos do Exerc\u00edcio Corrente \/ Outros Recursos n\u00e3o Vinculados \/ -"},{"ano_emissao_emp":"2023","n_emp":"0000072","data_emissao":"16\/02\/2023","valor":"1.600,00","tipo_empenho":"Ordin\u00e1rio","hist_emp":"VALOR QUE SE EMPENHA PARA FAZER FACE A CUSTEIO COM INSCRI\u00c7\u00c3O DOS SENHORS FLAVIO HUMBERTO PONTES DA SILVA, JOSE ADEMIR  E EMANOEL SOUZA RAMOS VEREADORES E O SENHOR ANDERSON GUERRA ASSESSOR  DESTA CASA PARA O EVENTO XXIV MARCHA PARA BRASILIA EM DEFESA DOS MUNICIPIOS, QUE SER\u00c1 REALIZADA PELA CNM (CONFEDERA\u00c7\u00c3O NACIONAL DE MUNIC\u00cdPIOS),  NOS DIAS 27,28,29 E 30 DE MAR\u00c7O DO ANO CORRENTE, CONFORME DOCUMENTA\u00c7\u00c3O EM ANEXO.","fornecedor":"CONFEDERA\u00c7\u00c3O NACIONAL DE MUNICIPIOS - CNM","denom_uni_orc":"CORPO DELIBERATIVO E SECRETARIA","funcao":"Legislativa","sub_funcao":"A\u00e7\u00e3o Legislativa","programa":"A\u00c7\u00c3O LEGISLATIVA","acao":"AQUISI\u00c7\u00c3O DE M\u00d3VEIS, M\u00c1QUINAS E EQUIPAMENTOS DIVERSOS PARA O CONSELHO","ident_acao":"Atividade","cat_econ":"Despesa Corrente","natureza_despesa":"Outras Despesas Correntes","modalidade_despesa":"Aplica\u00e7\u00f5es Diretas","elemento_despesa":"Outros Servi\u00e7os de Terceiros - Pessoa Jur\u00eddica","sub_elem_desp":"SEM SUBELEMENTO","fonte_recurso":"Recursos do Exerc\u00edcio Corrente \/ Outros Recursos n\u00e3o Vinculados \/ -"},{"ano_emissao_emp":"2023","n_emp":"0000072","data_emissao":"16\/02\/2023","valor":"1.600,00","tipo_empenho":"Ordin\u00e1rio","hist_emp":"VALOR QUE SE EMPENHA PARA FAZER FACE A CUSTEIO COM INSCRI\u00c7\u00c3O DOS SENHORS FLAVIO HUMBERTO PONTES DA SILVA, JOSE ADEMIR  E EMANOEL SOUZA RAMOS VEREADORES E O SENHOR ANDERSON GUERRA ASSESSOR  DESTA CASA PARA O EVENTO XXIV MARCHA PARA BRASILIA EM DEFESA DOS MUNICIPIOS, QUE SER\u00c1 REALIZADA PELA CNM (CONFEDERA\u00c7\u00c3O NACIONAL DE MUNIC\u00cdPIOS),  NOS DIAS 27,28,29 E 30 DE MAR\u00c7O DO ANO CORRENTE, CONFORME DOCUMENTA\u00c7\u00c3O EM ANEXO.","fornecedor":"CONFEDERA\u00c7\u00c3O NACIONAL DE MUNICIPIOS - CNM","denom_uni_orc":"CORPO DELIBERATIVO E SECRETARIA","funcao":"Legislativa","sub_funcao":"A\u00e7\u00e3o Legislativa","programa":"A\u00c7\u00c3O LEGISLATIVA","acao":"MANUTEN\u00c7\u00c3O DAS ATIVIDADES ADMINISTRATIVAS","ident_acao":"Atividade","cat_econ":"Despesa Corrente","natureza_despesa":"Outras Despesas Correntes","modalidade_despesa":"Aplica\u00e7\u00f5es Diretas","elemento_despesa":"Outros Servi\u00e7os de Terceiros - Pessoa Jur\u00eddica","sub_elem_desp":"SEM SUBELEMENTO","fonte_recurso":"Recursos do Exerc\u00edcio Corrente \/ Outros Recursos n\u00e3o Vinculados \/ -"},{"ano_emissao_emp":"2023","n_emp":"0000072","data_emissao":"16\/02\/2023","valor":"1.600,00","tipo_empenho":"Ordin\u00e1rio","hist_emp":"VALOR QUE SE EMPENHA PARA FAZER FACE A CUSTEIO COM INSCRI\u00c7\u00c3O DOS SENHORS FLAVIO HUMBERTO PONTES DA SILVA, JOSE ADEMIR  E EMANOEL SOUZA RAMOS VEREADORES E O SENHOR ANDERSON GUERRA ASSESSOR  DESTA CASA PARA O EVENTO XXIV MARCHA PARA BRASILIA EM DEFESA DOS MUNICIPIOS, QUE SER\u00c1 REALIZADA PELA CNM (CONFEDERA\u00c7\u00c3O NACIONAL DE MUNIC\u00cdPIOS),  NOS DIAS 27,28,29 E 30 DE MAR\u00c7O DO ANO CORRENTE, CONFORME DOCUMENTA\u00c7\u00c3O EM ANEXO.","fornecedor":"CONFEDERA\u00c7\u00c3O NACIONAL DE MUNICIPIOS - CNM","denom_uni_orc":"CORPO DELIBERATIVO E SECRETARIA","funcao":"Legislativa","sub_funcao":"A\u00e7\u00e3o Legislativa","programa":"A\u00c7\u00c3O LEGISLATIVA","acao":"INDENIZA\u00c7\u00d5ES E RESTITUI\u00c7\u00d5ES DIVERSAS (FMS)","ident_acao":"Atividade","cat_econ":"Despesa Corrente","natureza_despesa":"Outras Despesas Correntes","modalidade_despesa":"Aplica\u00e7\u00f5es Diretas","elemento_despesa":"Outros Servi\u00e7os de Terceiros - Pessoa Jur\u00eddica","sub_elem_desp":"SEM SUBELEMENTO","fonte_recurso":"Recursos do Exerc\u00edcio Corrente \/ Outros Recursos n\u00e3o Vinculados \/ -"},{"ano_emissao_emp":"2023","n_emp":"0000073","data_emissao":"16\/02\/2023","valor":"400,00","tipo_empenho":"Ordin\u00e1rio","hist_emp":"VALOR QUE SE EMPENHA PARA FAZER FACE A CUSTEIO COM INSCRI\u00c7\u00c3O DA SENHORA FRANCISCA DE OLIVEURA COSMO ASSESSORA DESTA CASA PARA O EVENTO XXIV MARCHA PARA BRASILIA EM DEFESA DOS MUNICIPIOS, QUE SER\u00c1 REALIZADA PELA CNM (CONFEDERA\u00c7\u00c3O NACIONAL DE MUNIC\u00cdPIOS),  NOS DIAS 27,28,29 E 30 DE MAR\u00c7O DO ANO CORRENTE, CONFORME DOCUMENTA\u00c7\u00c3O EM ANEXO.","fornecedor":"CONFEDERA\u00c7\u00c3O NACIONAL DE MUNICIPIOS - CNM","denom_uni_orc":"CORPO DELIBERATIVO E SECRETARIA","funcao":"Legislativa","sub_funcao":"A\u00e7\u00e3o Legislativa","programa":"A\u00c7\u00c3O LEGISLATIVA","acao":"AQUISI\u00c7\u00c3O DE M\u00d3VEIS, M\u00c1QUINAS E EQUIPAMENTOS DIVERSOS PARA O CONSELHO","ident_acao":"Atividade","cat_econ":"Despesa Corrente","natureza_despesa":"Outras Despesas Correntes","modalidade_despesa":"Aplica\u00e7\u00f5es Diretas","elemento_despesa":"Outros Servi\u00e7os de Terceiros - Pessoa Jur\u00eddica","sub_elem_desp":"SEM SUBELEMENTO","fonte_recurso":"Recursos do Exerc\u00edcio Corrente \/ Outros Recursos n\u00e3o Vinculados \/ -"},{"ano_emissao_emp":"2023","n_emp":"0000073","data_emissao":"16\/02\/2023","valor":"400,00","tipo_empenho":"Ordin\u00e1rio","hist_emp":"VALOR QUE SE EMPENHA PARA FAZER FACE A CUSTEIO COM INSCRI\u00c7\u00c3O DA SENHORA FRANCISCA DE OLIVEURA COSMO ASSESSORA DESTA CASA PARA O EVENTO XXIV MARCHA PARA BRASILIA EM DEFESA DOS MUNICIPIOS, QUE SER\u00c1 REALIZADA PELA CNM (CONFEDERA\u00c7\u00c3O NACIONAL DE MUNIC\u00cdPIOS),  NOS DIAS 27,28,29 E 30 DE MAR\u00c7O DO ANO CORRENTE, CONFORME DOCUMENTA\u00c7\u00c3O EM ANEXO.","fornecedor":"CONFEDERA\u00c7\u00c3O NACIONAL DE MUNICIPIOS - CNM","denom_uni_orc":"CORPO DELIBERATIVO E SECRETARIA","funcao":"Legislativa","sub_funcao":"A\u00e7\u00e3o Legislativa","programa":"A\u00c7\u00c3O LEGISLATIVA","acao":"MANUTEN\u00c7\u00c3O DAS ATIVIDADES ADMINISTRATIVAS","ident_acao":"Atividade","cat_econ":"Despesa Corrente","natureza_despesa":"Outras Despesas Correntes","modalidade_despesa":"Aplica\u00e7\u00f5es Diretas","elemento_despesa":"Outros Servi\u00e7os de Terceiros - Pessoa Jur\u00eddica","sub_elem_desp":"SEM SUBELEMENTO","fonte_recurso":"Recursos do Exerc\u00edcio Corrente \/ Outros Recursos n\u00e3o Vinculados \/ -"},{"ano_emissao_emp":"2023","n_emp":"0000073","data_emissao":"16\/02\/2023","valor":"400,00","tipo_empenho":"Ordin\u00e1rio","hist_emp":"VALOR QUE SE EMPENHA PARA FAZER FACE A CUSTEIO COM INSCRI\u00c7\u00c3O DA SENHORA FRANCISCA DE OLIVEURA COSMO ASSESSORA DESTA CASA PARA O EVENTO XXIV MARCHA PARA BRASILIA EM DEFESA DOS MUNICIPIOS, QUE SER\u00c1 REALIZADA PELA CNM (CONFEDERA\u00c7\u00c3O NACIONAL DE MUNIC\u00cdPIOS),  NOS DIAS 27,28,29 E 30 DE MAR\u00c7O DO ANO CORRENTE, CONFORME DOCUMENTA\u00c7\u00c3O EM ANEXO.","fornecedor":"CONFEDERA\u00c7\u00c3O NACIONAL DE MUNICIPIOS - CNM","denom_uni_orc":"CORPO DELIBERATIVO E SECRETARIA","funcao":"Legislativa","sub_funcao":"A\u00e7\u00e3o Legislativa","programa":"A\u00c7\u00c3O LEGISLATIVA","acao":"INDENIZA\u00c7\u00d5ES E RESTITUI\u00c7\u00d5ES DIVERSAS (FMS)","ident_acao":"Atividade","cat_econ":"Despesa Corrente","natureza_despesa":"Outras Despesas Correntes","modalidade_despesa":"Aplica\u00e7\u00f5es Diretas","elemento_despesa":"Outros Servi\u00e7os de Terceiros - Pessoa Jur\u00eddica","sub_elem_desp":"SEM SUBELEMENTO","fonte_recurso":"Recursos do Exerc\u00edcio Corrente \/ Outros Recursos n\u00e3o Vinculados \/ -"},{"ano_emissao_emp":"2023","n_emp":"0000074","data_emissao":"16\/02\/2023","valor":"400,00","tipo_empenho":"Ordin\u00e1rio","hist_emp":"VALOR QUE SE EMPENHA PARA FAZER FACE A CUSTEIO COM INSCRI\u00c7\u00c3O DO SENHOR GILBERTO JOS\u00c9 DA SILVA ASSESSOR DESTA CASA PARA O EVENTO XXIV MARCHA PARA BRASILIA EM DEFESA DOS MUNICIPIOS, QUE SER\u00c1 REALIZADA PELA CNM (CONFEDERA\u00c7\u00c3O NACIONAL DE MUNIC\u00cdPIOS),  NOS DIAS 27,28,29 E 30 DE MAR\u00c7O DO ANO CORRENTE, CONFORME DOCUMENTA\u00c7\u00c3O EM ANEXO.","fornecedor":"CONFEDERA\u00c7\u00c3O NACIONAL DE MUNICIPIOS - CNM","denom_uni_orc":"CORPO DELIBERATIVO E SECRETARIA","funcao":"Legislativa","sub_funcao":"A\u00e7\u00e3o Legislativa","programa":"A\u00c7\u00c3O LEGISLATIVA","acao":"AQUISI\u00c7\u00c3O DE M\u00d3VEIS, M\u00c1QUINAS E EQUIPAMENTOS DIVERSOS PARA O CONSELHO","ident_acao":"Atividade","cat_econ":"Despesa Corrente","natureza_despesa":"Outras Despesas Correntes","modalidade_despesa":"Aplica\u00e7\u00f5es Diretas","elemento_despesa":"Outros Servi\u00e7os de Terceiros - Pessoa Jur\u00eddica","sub_elem_desp":"SEM SUBELEMENTO","fonte_recurso":"Recursos do Exerc\u00edcio Corrente \/ Outros Recursos n\u00e3o Vinculados \/ -"},{"ano_emissao_emp":"2023","n_emp":"0000074","data_emissao":"16\/02\/2023","valor":"400,00","tipo_empenho":"Ordin\u00e1rio","hist_emp":"VALOR QUE SE EMPENHA PARA FAZER FACE A CUSTEIO COM INSCRI\u00c7\u00c3O DO SENHOR GILBERTO JOS\u00c9 DA SILVA ASSESSOR DESTA CASA PARA O EVENTO XXIV MARCHA PARA BRASILIA EM DEFESA DOS MUNICIPIOS, QUE SER\u00c1 REALIZADA PELA CNM (CONFEDERA\u00c7\u00c3O NACIONAL DE MUNIC\u00cdPIOS),  NOS DIAS 27,28,29 E 30 DE MAR\u00c7O DO ANO CORRENTE, CONFORME DOCUMENTA\u00c7\u00c3O EM ANEXO.","fornecedor":"CONFEDERA\u00c7\u00c3O NACIONAL DE MUNICIPIOS - CNM","denom_uni_orc":"CORPO DELIBERATIVO E SECRETARIA","funcao":"Legislativa","sub_funcao":"A\u00e7\u00e3o Legislativa","programa":"A\u00c7\u00c3O LEGISLATIVA","acao":"MANUTEN\u00c7\u00c3O DAS ATIVIDADES ADMINISTRATIVAS","ident_acao":"Atividade","cat_econ":"Despesa Corrente","natureza_despesa":"Outras Despesas Correntes","modalidade_despesa":"Aplica\u00e7\u00f5es Diretas","elemento_despesa":"Outros Servi\u00e7os de Terceiros - Pessoa Jur\u00eddica","sub_elem_desp":"SEM SUBELEMENTO","fonte_recurso":"Recursos do Exerc\u00edcio Corrente \/ Outros Recursos n\u00e3o Vinculados \/ -"},{"ano_emissao_emp":"2023","n_emp":"0000074","data_emissao":"16\/02\/2023","valor":"400,00","tipo_empenho":"Ordin\u00e1rio","hist_emp":"VALOR QUE SE EMPENHA PARA FAZER FACE A CUSTEIO COM INSCRI\u00c7\u00c3O DO SENHOR GILBERTO JOS\u00c9 DA SILVA ASSESSOR DESTA CASA PARA O EVENTO XXIV MARCHA PARA BRASILIA EM DEFESA DOS MUNICIPIOS, QUE SER\u00c1 REALIZADA PELA CNM (CONFEDERA\u00c7\u00c3O NACIONAL DE MUNIC\u00cdPIOS),  NOS DIAS 27,28,29 E 30 DE MAR\u00c7O DO ANO CORRENTE, CONFORME DOCUMENTA\u00c7\u00c3O EM ANEXO.","fornecedor":"CONFEDERA\u00c7\u00c3O NACIONAL DE MUNICIPIOS - CNM","denom_uni_orc":"CORPO DELIBERATIVO E SECRETARIA","funcao":"Legislativa","sub_funcao":"A\u00e7\u00e3o Legislativa","programa":"A\u00c7\u00c3O LEGISLATIVA","acao":"INDENIZA\u00c7\u00d5ES E RESTITUI\u00c7\u00d5ES DIVERSAS (FMS)","ident_acao":"Atividade","cat_econ":"Despesa Corrente","natureza_despesa":"Outras Despesas Correntes","modalidade_despesa":"Aplica\u00e7\u00f5es Diretas","elemento_despesa":"Outros Servi\u00e7os de Terceiros - Pessoa Jur\u00eddica","sub_elem_desp":"SEM SUBELEMENTO","fonte_recurso":"Recursos do Exerc\u00edcio Corrente \/ Outros Recursos n\u00e3o Vinculados \/ -"},{"ano_emissao_emp":"2023","n_emp":"0000075","data_emissao":"16\/02\/2023","valor":"400,00","tipo_empenho":"Ordin\u00e1rio","hist_emp":"VALOR QUE SE EMPENHA PARA FAZER FACE A CUSTEIO COM INSCRI\u00c7\u00c3O DO SENHOR GILSON JOS\u00c9 JULI\u00c3O VEREADOR  DESTA CASA PARA O EVENTO XXIV MARCHA PARA BRASILIA EM DEFESA DOS MUNICIPIOS, QUE SER\u00c1 REALIZADA PELA CNM (CONFEDERA\u00c7\u00c3O NACIONAL DE MUNIC\u00cdPIOS),  NOS DIAS 27,28,29 E 30 DE MAR\u00c7O DO ANO CORRENTE, CONFORME DOCUMENTA\u00c7\u00c3O EM ANEXO.","fornecedor":"CONFEDERA\u00c7\u00c3O NACIONAL DE MUNICIPIOS - CNM","denom_uni_orc":"CORPO DELIBERATIVO E SECRETARIA","funcao":"Legislativa","sub_funcao":"A\u00e7\u00e3o Legislativa","programa":"A\u00c7\u00c3O LEGISLATIVA","acao":"AQUISI\u00c7\u00c3O DE M\u00d3VEIS, M\u00c1QUINAS E EQUIPAMENTOS DIVERSOS PARA O CONSELHO","ident_acao":"Atividade","cat_econ":"Despesa Corrente","natureza_despesa":"Outras Despesas Correntes","modalidade_despesa":"Aplica\u00e7\u00f5es Diretas","elemento_despesa":"Outros Servi\u00e7os de Terceiros - Pessoa Jur\u00eddica","sub_elem_desp":"SEM SUBELEMENTO","fonte_recurso":"Recursos do Exerc\u00edcio Corrente \/ Outros Recursos n\u00e3o Vinculados \/ -"},{"ano_emissao_emp":"2023","n_emp":"0000075","data_emissao":"16\/02\/2023","valor":"400,00","tipo_empenho":"Ordin\u00e1rio","hist_emp":"VALOR QUE SE EMPENHA PARA FAZER FACE A CUSTEIO COM INSCRI\u00c7\u00c3O DO SENHOR GILSON JOS\u00c9 JULI\u00c3O VEREADOR  DESTA CASA PARA O EVENTO XXIV MARCHA PARA BRASILIA EM DEFESA DOS MUNICIPIOS, QUE SER\u00c1 REALIZADA PELA CNM (CONFEDERA\u00c7\u00c3O NACIONAL DE MUNIC\u00cdPIOS),  NOS DIAS 27,28,29 E 30 DE MAR\u00c7O DO ANO CORRENTE, CONFORME DOCUMENTA\u00c7\u00c3O EM ANEXO.","fornecedor":"CONFEDERA\u00c7\u00c3O NACIONAL DE MUNICIPIOS - CNM","denom_uni_orc":"CORPO DELIBERATIVO E SECRETARIA","funcao":"Legislativa","sub_funcao":"A\u00e7\u00e3o Legislativa","programa":"A\u00c7\u00c3O LEGISLATIVA","acao":"MANUTEN\u00c7\u00c3O DAS ATIVIDADES ADMINISTRATIVAS","ident_acao":"Atividade","cat_econ":"Despesa Corrente","natureza_despesa":"Outras Despesas Correntes","modalidade_despesa":"Aplica\u00e7\u00f5es Diretas","elemento_despesa":"Outros Servi\u00e7os de Terceiros - Pessoa Jur\u00eddica","sub_elem_desp":"SEM SUBELEMENTO","fonte_recurso":"Recursos do Exerc\u00edcio Corrente \/ Outros Recursos n\u00e3o Vinculados \/ -"},{"ano_emissao_emp":"2023","n_emp":"0000075","data_emissao":"16\/02\/2023","valor":"400,00","tipo_empenho":"Ordin\u00e1rio","hist_emp":"VALOR QUE SE EMPENHA PARA FAZER FACE A CUSTEIO COM INSCRI\u00c7\u00c3O DO SENHOR GILSON JOS\u00c9 JULI\u00c3O VEREADOR  DESTA CASA PARA O EVENTO XXIV MARCHA PARA BRASILIA EM DEFESA DOS MUNICIPIOS, QUE SER\u00c1 REALIZADA PELA CNM (CONFEDERA\u00c7\u00c3O NACIONAL DE MUNIC\u00cdPIOS),  NOS DIAS 27,28,29 E 30 DE MAR\u00c7O DO ANO CORRENTE, CONFORME DOCUMENTA\u00c7\u00c3O EM ANEXO.","fornecedor":"CONFEDERA\u00c7\u00c3O NACIONAL DE MUNICIPIOS - CNM","denom_uni_orc":"CORPO DELIBERATIVO E SECRETARIA","funcao":"Legislativa","sub_funcao":"A\u00e7\u00e3o Legislativa","programa":"A\u00c7\u00c3O LEGISLATIVA","acao":"INDENIZA\u00c7\u00d5ES E RESTITUI\u00c7\u00d5ES DIVERSAS (FMS)","ident_acao":"Atividade","cat_econ":"Despesa Corrente","natureza_despesa":"Outras Despesas Correntes","modalidade_despesa":"Aplica\u00e7\u00f5es Diretas","elemento_despesa":"Outros Servi\u00e7os de Terceiros - Pessoa Jur\u00eddica","sub_elem_desp":"SEM SUBELEMENTO","fonte_recurso":"Recursos do Exerc\u00edcio Corrente \/ Outros Recursos n\u00e3o Vinculados \/ -"},{"ano_emissao_emp":"2023","n_emp":"0000076","data_emissao":"17\/02\/2023","valor":"400,00","tipo_empenho":"Ordin\u00e1rio","hist_emp":"VALOR QUE SE EMPENHA PARA FAZER FACE A CUSTEIO COM INSCRI\u00c7\u00c3O DO SENHORA JESSYCA M\u00d5NICA DE LIMA CAVALCANTE VEREADORA  DESTA CASA PARA O EVENTO XXIV MARCHA PARA BRASILIA EM DEFESA DOS MUNICIPIOS, QUE SER\u00c1 REALIZADA PELA CNM (CONFEDERA\u00c7\u00c3O NACIONAL DE MUNIC\u00cdPIOS),  NOS DIAS 27,28,29 E 30 DE MAR\u00c7O DO ANO CORRENTE, CONFORME DOCUMENTA\u00c7\u00c3O EM ANEXO.","fornecedor":"CONFEDERA\u00c7\u00c3O NACIONAL DE MUNICIPIOS - CNM","denom_uni_orc":"CORPO DELIBERATIVO E SECRETARIA","funcao":"Legislativa","sub_funcao":"A\u00e7\u00e3o Legislativa","programa":"A\u00c7\u00c3O LEGISLATIVA","acao":"AQUISI\u00c7\u00c3O DE M\u00d3VEIS, M\u00c1QUINAS E EQUIPAMENTOS DIVERSOS PARA O CONSELHO","ident_acao":"Atividade","cat_econ":"Despesa Corrente","natureza_despesa":"Outras Despesas Correntes","modalidade_despesa":"Aplica\u00e7\u00f5es Diretas","elemento_despesa":"Outros Servi\u00e7os de Terceiros - Pessoa Jur\u00eddica","sub_elem_desp":"SEM SUBELEMENTO","fonte_recurso":"Recursos do Exerc\u00edcio Corrente \/ Outros Recursos n\u00e3o Vinculados \/ -"},{"ano_emissao_emp":"2023","n_emp":"0000076","data_emissao":"17\/02\/2023","valor":"400,00","tipo_empenho":"Ordin\u00e1rio","hist_emp":"VALOR QUE SE EMPENHA PARA FAZER FACE A CUSTEIO COM INSCRI\u00c7\u00c3O DO SENHORA JESSYCA M\u00d5NICA DE LIMA CAVALCANTE VEREADORA  DESTA CASA PARA O EVENTO XXIV MARCHA PARA BRASILIA EM DEFESA DOS MUNICIPIOS, QUE SER\u00c1 REALIZADA PELA CNM (CONFEDERA\u00c7\u00c3O NACIONAL DE MUNIC\u00cdPIOS),  NOS DIAS 27,28,29 E 30 DE MAR\u00c7O DO ANO CORRENTE, CONFORME DOCUMENTA\u00c7\u00c3O EM ANEXO.","fornecedor":"CONFEDERA\u00c7\u00c3O NACIONAL DE MUNICIPIOS - CNM","denom_uni_orc":"CORPO DELIBERATIVO E SECRETARIA","funcao":"Legislativa","sub_funcao":"A\u00e7\u00e3o Legislativa","programa":"A\u00c7\u00c3O LEGISLATIVA","acao":"MANUTEN\u00c7\u00c3O DAS ATIVIDADES ADMINISTRATIVAS","ident_acao":"Atividade","cat_econ":"Despesa Corrente","natureza_despesa":"Outras Despesas Correntes","modalidade_despesa":"Aplica\u00e7\u00f5es Diretas","elemento_despesa":"Outros Servi\u00e7os de Terceiros - Pessoa Jur\u00eddica","sub_elem_desp":"SEM SUBELEMENTO","fonte_recurso":"Recursos do Exerc\u00edcio Corrente \/ Outros Recursos n\u00e3o Vinculados \/ -"},{"ano_emissao_emp":"2023","n_emp":"0000076","data_emissao":"17\/02\/2023","valor":"400,00","tipo_empenho":"Ordin\u00e1rio","hist_emp":"VALOR QUE SE EMPENHA PARA FAZER FACE A CUSTEIO COM INSCRI\u00c7\u00c3O DO SENHORA JESSYCA M\u00d5NICA DE LIMA CAVALCANTE VEREADORA  DESTA CASA PARA O EVENTO XXIV MARCHA PARA BRASILIA EM DEFESA DOS MUNICIPIOS, QUE SER\u00c1 REALIZADA PELA CNM (CONFEDERA\u00c7\u00c3O NACIONAL DE MUNIC\u00cdPIOS),  NOS DIAS 27,28,29 E 30 DE MAR\u00c7O DO ANO CORRENTE, CONFORME DOCUMENTA\u00c7\u00c3O EM ANEXO.","fornecedor":"CONFEDERA\u00c7\u00c3O NACIONAL DE MUNICIPIOS - CNM","denom_uni_orc":"CORPO DELIBERATIVO E SECRETARIA","funcao":"Legislativa","sub_funcao":"A\u00e7\u00e3o Legislativa","programa":"A\u00c7\u00c3O LEGISLATIVA","acao":"INDENIZA\u00c7\u00d5ES E RESTITUI\u00c7\u00d5ES DIVERSAS (FMS)","ident_acao":"Atividade","cat_econ":"Despesa Corrente","natureza_despesa":"Outras Despesas Correntes","modalidade_despesa":"Aplica\u00e7\u00f5es Diretas","elemento_despesa":"Outros Servi\u00e7os de Terceiros - Pessoa Jur\u00eddica","sub_elem_desp":"SEM SUBELEMENTO","fonte_recurso":"Recursos do Exerc\u00edcio Corrente \/ Outros Recursos n\u00e3o Vinculados \/ -"},{"ano_emissao_emp":"2023","n_emp":"0000077","data_emissao":"16\/02\/2023","valor":"400,00","tipo_empenho":"Ordin\u00e1rio","hist_emp":"VALOR QUE SE EMPENHA PARA FAZER FACE A CUSTEIO COM INSCRI\u00c7\u00c3O DO SENHOR JOS\u00c9 AILTON BORGES VEREADOR  DESTA CASA PARA O EVENTO XXIV MARCHA PARA BRASILIA EM DEFESA DOS MUNICIPIOS, QUE SER\u00c1 REALIZADA PELA CNM (CONFEDERA\u00c7\u00c3O NACIONAL DE MUNIC\u00cdPIOS),  NOS DIAS 27,28,29 E 30 DE MAR\u00c7O DO ANO CORRENTE, CONFORME DOCUMENTA\u00c7\u00c3O EM ANEXO.","fornecedor":"CONFEDERA\u00c7\u00c3O NACIONAL DE MUNICIPIOS - CNM","denom_uni_orc":"CORPO DELIBERATIVO E SECRETARIA","funcao":"Legislativa","sub_funcao":"A\u00e7\u00e3o Legislativa","programa":"A\u00c7\u00c3O LEGISLATIVA","acao":"AQUISI\u00c7\u00c3O DE M\u00d3VEIS, M\u00c1QUINAS E EQUIPAMENTOS DIVERSOS PARA O CONSELHO","ident_acao":"Atividade","cat_econ":"Despesa Corrente","natureza_despesa":"Outras Despesas Correntes","modalidade_despesa":"Aplica\u00e7\u00f5es Diretas","elemento_despesa":"Outros Servi\u00e7os de Terceiros - Pessoa Jur\u00eddica","sub_elem_desp":"SEM SUBELEMENTO","fonte_recurso":"Recursos do Exerc\u00edcio Corrente \/ Outros Recursos n\u00e3o Vinculados \/ -"},{"ano_emissao_emp":"2023","n_emp":"0000077","data_emissao":"16\/02\/2023","valor":"400,00","tipo_empenho":"Ordin\u00e1rio","hist_emp":"VALOR QUE SE EMPENHA PARA FAZER FACE A CUSTEIO COM INSCRI\u00c7\u00c3O DO SENHOR JOS\u00c9 AILTON BORGES VEREADOR  DESTA CASA PARA O EVENTO XXIV MARCHA PARA BRASILIA EM DEFESA DOS MUNICIPIOS, QUE SER\u00c1 REALIZADA PELA CNM (CONFEDERA\u00c7\u00c3O NACIONAL DE MUNIC\u00cdPIOS),  NOS DIAS 27,28,29 E 30 DE MAR\u00c7O DO ANO CORRENTE, CONFORME DOCUMENTA\u00c7\u00c3O EM ANEXO.","fornecedor":"CONFEDERA\u00c7\u00c3O NACIONAL DE MUNICIPIOS - CNM","denom_uni_orc":"CORPO DELIBERATIVO E SECRETARIA","funcao":"Legislativa","sub_funcao":"A\u00e7\u00e3o Legislativa","programa":"A\u00c7\u00c3O LEGISLATIVA","acao":"MANUTEN\u00c7\u00c3O DAS ATIVIDADES ADMINISTRATIVAS","ident_acao":"Atividade","cat_econ":"Despesa Corrente","natureza_despesa":"Outras Despesas Correntes","modalidade_despesa":"Aplica\u00e7\u00f5es Diretas","elemento_despesa":"Outros Servi\u00e7os de Terceiros - Pessoa Jur\u00eddica","sub_elem_desp":"SEM SUBELEMENTO","fonte_recurso":"Recursos do Exerc\u00edcio Corrente \/ Outros Recursos n\u00e3o Vinculados \/ -"},{"ano_emissao_emp":"2023","n_emp":"0000077","data_emissao":"16\/02\/2023","valor":"400,00","tipo_empenho":"Ordin\u00e1rio","hist_emp":"VALOR QUE SE EMPENHA PARA FAZER FACE A CUSTEIO COM INSCRI\u00c7\u00c3O DO SENHOR JOS\u00c9 AILTON BORGES VEREADOR  DESTA CASA PARA O EVENTO XXIV MARCHA PARA BRASILIA EM DEFESA DOS MUNICIPIOS, QUE SER\u00c1 REALIZADA PELA CNM (CONFEDERA\u00c7\u00c3O NACIONAL DE MUNIC\u00cdPIOS),  NOS DIAS 27,28,29 E 30 DE MAR\u00c7O DO ANO CORRENTE, CONFORME DOCUMENTA\u00c7\u00c3O EM ANEXO.","fornecedor":"CONFEDERA\u00c7\u00c3O NACIONAL DE MUNICIPIOS - CNM","denom_uni_orc":"CORPO DELIBERATIVO E SECRETARIA","funcao":"Legislativa","sub_funcao":"A\u00e7\u00e3o Legislativa","programa":"A\u00c7\u00c3O LEGISLATIVA","acao":"INDENIZA\u00c7\u00d5ES E RESTITUI\u00c7\u00d5ES DIVERSAS (FMS)","ident_acao":"Atividade","cat_econ":"Despesa Corrente","natureza_despesa":"Outras Despesas Correntes","modalidade_despesa":"Aplica\u00e7\u00f5es Diretas","elemento_despesa":"Outros Servi\u00e7os de Terceiros - Pessoa Jur\u00eddica","sub_elem_desp":"SEM SUBELEMENTO","fonte_recurso":"Recursos do Exerc\u00edcio Corrente \/ Outros Recursos n\u00e3o Vinculados \/ -"},{"ano_emissao_emp":"2023","n_emp":"0000078","data_emissao":"16\/02\/2023","valor":"400,00","tipo_empenho":"Ordin\u00e1rio","hist_emp":"VALOR QUE SE EMPENHA PARA FAZER FACE A CUSTEIO COM INSCRI\u00c7\u00c3O DO SENHOR JOS\u00c9 ALGUSTO MAIA JUNIOR VEREADOR  DESTA CASA PARA O EVENTO XXIV MARCHA PARA BRASILIA EM DEFESA DOS MUNICIPIOS, QUE SER\u00c1 REALIZADA PELA CNM (CONFEDERA\u00c7\u00c3O NACIONAL DE MUNIC\u00cdPIOS),  NOS DIAS 27,28,29 E 30 DE MAR\u00c7O DO ANO CORRENTE, CONFORME DOCUMENTA\u00c7\u00c3O EM ANEXO.","fornecedor":"CONFEDERA\u00c7\u00c3O NACIONAL DE MUNICIPIOS - CNM","denom_uni_orc":"CORPO DELIBERATIVO E SECRETARIA","funcao":"Legislativa","sub_funcao":"A\u00e7\u00e3o Legislativa","programa":"A\u00c7\u00c3O LEGISLATIVA","acao":"AQUISI\u00c7\u00c3O DE M\u00d3VEIS, M\u00c1QUINAS E EQUIPAMENTOS DIVERSOS PARA O CONSELHO","ident_acao":"Atividade","cat_econ":"Despesa Corrente","natureza_despesa":"Outras Despesas Correntes","modalidade_despesa":"Aplica\u00e7\u00f5es Diretas","elemento_despesa":"Outros Servi\u00e7os de Terceiros - Pessoa Jur\u00eddica","sub_elem_desp":"SEM SUBELEMENTO","fonte_recurso":"Recursos do Exerc\u00edcio Corrente \/ Outros Recursos n\u00e3o Vinculados \/ -"},{"ano_emissao_emp":"2023","n_emp":"0000078","data_emissao":"16\/02\/2023","valor":"400,00","tipo_empenho":"Ordin\u00e1rio","hist_emp":"VALOR QUE SE EMPENHA PARA FAZER FACE A CUSTEIO COM INSCRI\u00c7\u00c3O DO SENHOR JOS\u00c9 ALGUSTO MAIA JUNIOR VEREADOR  DESTA CASA PARA O EVENTO XXIV MARCHA PARA BRASILIA EM DEFESA DOS MUNICIPIOS, QUE SER\u00c1 REALIZADA PELA CNM (CONFEDERA\u00c7\u00c3O NACIONAL DE MUNIC\u00cdPIOS),  NOS DIAS 27,28,29 E 30 DE MAR\u00c7O DO ANO CORRENTE, CONFORME DOCUMENTA\u00c7\u00c3O EM ANEXO.","fornecedor":"CONFEDERA\u00c7\u00c3O NACIONAL DE MUNICIPIOS - CNM","denom_uni_orc":"CORPO DELIBERATIVO E SECRETARIA","funcao":"Legislativa","sub_funcao":"A\u00e7\u00e3o Legislativa","programa":"A\u00c7\u00c3O LEGISLATIVA","acao":"MANUTEN\u00c7\u00c3O DAS ATIVIDADES ADMINISTRATIVAS","ident_acao":"Atividade","cat_econ":"Despesa Corrente","natureza_despesa":"Outras Despesas Correntes","modalidade_despesa":"Aplica\u00e7\u00f5es Diretas","elemento_despesa":"Outros Servi\u00e7os de Terceiros - Pessoa Jur\u00eddica","sub_elem_desp":"SEM SUBELEMENTO","fonte_recurso":"Recursos do Exerc\u00edcio Corrente \/ Outros Recursos n\u00e3o Vinculados \/ -"},{"ano_emissao_emp":"2023","n_emp":"0000078","data_emissao":"16\/02\/2023","valor":"400,00","tipo_empenho":"Ordin\u00e1rio","hist_emp":"VALOR QUE SE EMPENHA PARA FAZER FACE A CUSTEIO COM INSCRI\u00c7\u00c3O DO SENHOR JOS\u00c9 ALGUSTO MAIA JUNIOR VEREADOR  DESTA CASA PARA O EVENTO XXIV MARCHA PARA BRASILIA EM DEFESA DOS MUNICIPIOS, QUE SER\u00c1 REALIZADA PELA CNM (CONFEDERA\u00c7\u00c3O NACIONAL DE MUNIC\u00cdPIOS),  NOS DIAS 27,28,29 E 30 DE MAR\u00c7O DO ANO CORRENTE, CONFORME DOCUMENTA\u00c7\u00c3O EM ANEXO.","fornecedor":"CONFEDERA\u00c7\u00c3O NACIONAL DE MUNICIPIOS - CNM","denom_uni_orc":"CORPO DELIBERATIVO E SECRETARIA","funcao":"Legislativa","sub_funcao":"A\u00e7\u00e3o Legislativa","programa":"A\u00c7\u00c3O LEGISLATIVA","acao":"INDENIZA\u00c7\u00d5ES E RESTITUI\u00c7\u00d5ES DIVERSAS (FMS)","ident_acao":"Atividade","cat_econ":"Despesa Corrente","natureza_despesa":"Outras Despesas Correntes","modalidade_despesa":"Aplica\u00e7\u00f5es Diretas","elemento_despesa":"Outros Servi\u00e7os de Terceiros - Pessoa Jur\u00eddica","sub_elem_desp":"SEM SUBELEMENTO","fonte_recurso":"Recursos do Exerc\u00edcio Corrente \/ Outros Recursos n\u00e3o Vinculados \/ -"},{"ano_emissao_emp":"2023","n_emp":"0000079","data_emissao":"16\/02\/2023","valor":"400,00","tipo_empenho":"Ordin\u00e1rio","hist_emp":"VALOR QUE SE EMPENHA PARA FAZER FACE A CUSTEIO COM INSCRI\u00c7\u00c3O DO SENHOR JOD\u00c9 CARLOS DA SILVA VEREADOR  DESTA CASA PARA O EVENTO XXIV MARCHA PARA BRASILIA EM DEFESA DOS MUNICIPIOS, QUE SER\u00c1 REALIZADA PELA CNM (CONFEDERA\u00c7\u00c3O NACIONAL DE MUNIC\u00cdPIOS),  NOS DIAS 27,28,29 E 30 DE MAR\u00c7O DO ANO CORRENTE, CONFORME DOCUMENTA\u00c7\u00c3O EM ANEXO.","fornecedor":"CONFEDERA\u00c7\u00c3O NACIONAL DE MUNICIPIOS - CNM","denom_uni_orc":"CORPO DELIBERATIVO E SECRETARIA","funcao":"Legislativa","sub_funcao":"A\u00e7\u00e3o Legislativa","programa":"A\u00c7\u00c3O LEGISLATIVA","acao":"AQUISI\u00c7\u00c3O DE M\u00d3VEIS, M\u00c1QUINAS E EQUIPAMENTOS DIVERSOS PARA O CONSELHO","ident_acao":"Atividade","cat_econ":"Despesa Corrente","natureza_despesa":"Outras Despesas Correntes","modalidade_despesa":"Aplica\u00e7\u00f5es Diretas","elemento_despesa":"Outros Servi\u00e7os de Terceiros - Pessoa Jur\u00eddica","sub_elem_desp":"SEM SUBELEMENTO","fonte_recurso":"Recursos do Exerc\u00edcio Corrente \/ Outros Recursos n\u00e3o Vinculados \/ -"},{"ano_emissao_emp":"2023","n_emp":"0000079","data_emissao":"16\/02\/2023","valor":"400,00","tipo_empenho":"Ordin\u00e1rio","hist_emp":"VALOR QUE SE EMPENHA PARA FAZER FACE A CUSTEIO COM INSCRI\u00c7\u00c3O DO SENHOR JOD\u00c9 CARLOS DA SILVA VEREADOR  DESTA CASA PARA O EVENTO XXIV MARCHA PARA BRASILIA EM DEFESA DOS MUNICIPIOS, QUE SER\u00c1 REALIZADA PELA CNM (CONFEDERA\u00c7\u00c3O NACIONAL DE MUNIC\u00cdPIOS),  NOS DIAS 27,28,29 E 30 DE MAR\u00c7O DO ANO CORRENTE, CONFORME DOCUMENTA\u00c7\u00c3O EM ANEXO.","fornecedor":"CONFEDERA\u00c7\u00c3O NACIONAL DE MUNICIPIOS - CNM","denom_uni_orc":"CORPO DELIBERATIVO E SECRETARIA","funcao":"Legislativa","sub_funcao":"A\u00e7\u00e3o Legislativa","programa":"A\u00c7\u00c3O LEGISLATIVA","acao":"MANUTEN\u00c7\u00c3O DAS ATIVIDADES ADMINISTRATIVAS","ident_acao":"Atividade","cat_econ":"Despesa Corrente","natureza_despesa":"Outras Despesas Correntes","modalidade_despesa":"Aplica\u00e7\u00f5es Diretas","elemento_despesa":"Outros Servi\u00e7os de Terceiros - Pessoa Jur\u00eddica","sub_elem_desp":"SEM SUBELEMENTO","fonte_recurso":"Recursos do Exerc\u00edcio Corrente \/ Outros Recursos n\u00e3o Vinculados \/ -"},{"ano_emissao_emp":"2023","n_emp":"0000079","data_emissao":"16\/02\/2023","valor":"400,00","tipo_empenho":"Ordin\u00e1rio","hist_emp":"VALOR QUE SE EMPENHA PARA FAZER FACE A CUSTEIO COM INSCRI\u00c7\u00c3O DO SENHOR JOD\u00c9 CARLOS DA SILVA VEREADOR  DESTA CASA PARA O EVENTO XXIV MARCHA PARA BRASILIA EM DEFESA DOS MUNICIPIOS, QUE SER\u00c1 REALIZADA PELA CNM (CONFEDERA\u00c7\u00c3O NACIONAL DE MUNIC\u00cdPIOS),  NOS DIAS 27,28,29 E 30 DE MAR\u00c7O DO ANO CORRENTE, CONFORME DOCUMENTA\u00c7\u00c3O EM ANEXO.","fornecedor":"CONFEDERA\u00c7\u00c3O NACIONAL DE MUNICIPIOS - CNM","denom_uni_orc":"CORPO DELIBERATIVO E SECRETARIA","funcao":"Legislativa","sub_funcao":"A\u00e7\u00e3o Legislativa","programa":"A\u00c7\u00c3O LEGISLATIVA","acao":"INDENIZA\u00c7\u00d5ES E RESTITUI\u00c7\u00d5ES DIVERSAS (FMS)","ident_acao":"Atividade","cat_econ":"Despesa Corrente","natureza_despesa":"Outras Despesas Correntes","modalidade_despesa":"Aplica\u00e7\u00f5es Diretas","elemento_despesa":"Outros Servi\u00e7os de Terceiros - Pessoa Jur\u00eddica","sub_elem_desp":"SEM SUBELEMENTO","fonte_recurso":"Recursos do Exerc\u00edcio Corrente \/ Outros Recursos n\u00e3o Vinculados \/ -"},{"ano_emissao_emp":"2023","n_emp":"0000080","data_emissao":"16\/02\/2023","valor":"400,00","tipo_empenho":"Ordin\u00e1rio","hist_emp":"VALOR QUE SE EMPENHA PARA FAZER FACE A CUSTEIO COM INSCRI\u00c7\u00c3O DO SENHOR JOS\u00c9 CLIMERIO NETO VEREADOR  DESTA CASA PARA O EVENTO XXIV MARCHA PARA BRASILIA EM DEFESA DOS MUNICIPIOS, QUE SER\u00c1 REALIZADA PELA CNM (CONFEDERA\u00c7\u00c3O NACIONAL DE MUNIC\u00cdPIOS),  NOS DIAS 27,28,29 E 30 DE MAR\u00c7O DO ANO CORRENTE, CONFORME DOCUMENTA\u00c7\u00c3O EM ANEXO.","fornecedor":"CONFEDERA\u00c7\u00c3O NACIONAL DE MUNICIPIOS - CNM","denom_uni_orc":"CORPO DELIBERATIVO E SECRETARIA","funcao":"Legislativa","sub_funcao":"A\u00e7\u00e3o Legislativa","programa":"A\u00c7\u00c3O LEGISLATIVA","acao":"AQUISI\u00c7\u00c3O DE M\u00d3VEIS, M\u00c1QUINAS E EQUIPAMENTOS DIVERSOS PARA O CONSELHO","ident_acao":"Atividade","cat_econ":"Despesa Corrente","natureza_despesa":"Outras Despesas Correntes","modalidade_despesa":"Aplica\u00e7\u00f5es Diretas","elemento_despesa":"Outros Servi\u00e7os de Terceiros - Pessoa Jur\u00eddica","sub_elem_desp":"SEM SUBELEMENTO","fonte_recurso":"Recursos do Exerc\u00edcio Corrente \/ Outros Recursos n\u00e3o Vinculados \/ -"},{"ano_emissao_emp":"2023","n_emp":"0000080","data_emissao":"16\/02\/2023","valor":"400,00","tipo_empenho":"Ordin\u00e1rio","hist_emp":"VALOR QUE SE EMPENHA PARA FAZER FACE A CUSTEIO COM INSCRI\u00c7\u00c3O DO SENHOR JOS\u00c9 CLIMERIO NETO VEREADOR  DESTA CASA PARA O EVENTO XXIV MARCHA PARA BRASILIA EM DEFESA DOS MUNICIPIOS, QUE SER\u00c1 REALIZADA PELA CNM (CONFEDERA\u00c7\u00c3O NACIONAL DE MUNIC\u00cdPIOS),  NOS DIAS 27,28,29 E 30 DE MAR\u00c7O DO ANO CORRENTE, CONFORME DOCUMENTA\u00c7\u00c3O EM ANEXO.","fornecedor":"CONFEDERA\u00c7\u00c3O NACIONAL DE MUNICIPIOS - CNM","denom_uni_orc":"CORPO DELIBERATIVO E SECRETARIA","funcao":"Legislativa","sub_funcao":"A\u00e7\u00e3o Legislativa","programa":"A\u00c7\u00c3O LEGISLATIVA","acao":"MANUTEN\u00c7\u00c3O DAS ATIVIDADES ADMINISTRATIVAS","ident_acao":"Atividade","cat_econ":"Despesa Corrente","natureza_despesa":"Outras Despesas Correntes","modalidade_despesa":"Aplica\u00e7\u00f5es Diretas","elemento_despesa":"Outros Servi\u00e7os de Terceiros - Pessoa Jur\u00eddica","sub_elem_desp":"SEM SUBELEMENTO","fonte_recurso":"Recursos do Exerc\u00edcio Corrente \/ Outros Recursos n\u00e3o Vinculados \/ -"},{"ano_emissao_emp":"2023","n_emp":"0000080","data_emissao":"16\/02\/2023","valor":"400,00","tipo_empenho":"Ordin\u00e1rio","hist_emp":"VALOR QUE SE EMPENHA PARA FAZER FACE A CUSTEIO COM INSCRI\u00c7\u00c3O DO SENHOR JOS\u00c9 CLIMERIO NETO VEREADOR  DESTA CASA PARA O EVENTO XXIV MARCHA PARA BRASILIA EM DEFESA DOS MUNICIPIOS, QUE SER\u00c1 REALIZADA PELA CNM (CONFEDERA\u00c7\u00c3O NACIONAL DE MUNIC\u00cdPIOS),  NOS DIAS 27,28,29 E 30 DE MAR\u00c7O DO ANO CORRENTE, CONFORME DOCUMENTA\u00c7\u00c3O EM ANEXO.","fornecedor":"CONFEDERA\u00c7\u00c3O NACIONAL DE MUNICIPIOS - CNM","denom_uni_orc":"CORPO DELIBERATIVO E SECRETARIA","funcao":"Legislativa","sub_funcao":"A\u00e7\u00e3o Legislativa","programa":"A\u00c7\u00c3O LEGISLATIVA","acao":"INDENIZA\u00c7\u00d5ES E RESTITUI\u00c7\u00d5ES DIVERSAS (FMS)","ident_acao":"Atividade","cat_econ":"Despesa Corrente","natureza_despesa":"Outras Despesas Correntes","modalidade_despesa":"Aplica\u00e7\u00f5es Diretas","elemento_despesa":"Outros Servi\u00e7os de Terceiros - Pessoa Jur\u00eddica","sub_elem_desp":"SEM SUBELEMENTO","fonte_recurso":"Recursos do Exerc\u00edcio Corrente \/ Outros Recursos n\u00e3o Vinculados \/ -"},{"ano_emissao_emp":"2023","n_emp":"0000081","data_emissao":"16\/02\/2023","valor":"400,00","tipo_empenho":"Ordin\u00e1rio","hist_emp":"VALOR QUE SE EMPENHA PARA FAZER FACE A CUSTEIO COM INSCRI\u00c7\u00c3O DO SENHOR JOS\u00c9 MANOEL DA SILVA ASSESSOR  DESTA CASA PARA O EVENTO XXIV MARCHA PARA BRASILIA EM DEFESA DOS MUNICIPIOS, QUE SER\u00c1 REALIZADA PELA CNM (CONFEDERA\u00c7\u00c3O NACIONAL DE MUNIC\u00cdPIOS),  NOS DIAS 27,28,29 E 30 DE MAR\u00c7O DO ANO CORRENTE, CONFORME DOCUMENTA\u00c7\u00c3O EM ANEXO.","fornecedor":"CONFEDERA\u00c7\u00c3O NACIONAL DE MUNICIPIOS - CNM","denom_uni_orc":"CORPO DELIBERATIVO E SECRETARIA","funcao":"Legislativa","sub_funcao":"A\u00e7\u00e3o Legislativa","programa":"A\u00c7\u00c3O LEGISLATIVA","acao":"AQUISI\u00c7\u00c3O DE M\u00d3VEIS, M\u00c1QUINAS E EQUIPAMENTOS DIVERSOS PARA O CONSELHO","ident_acao":"Atividade","cat_econ":"Despesa Corrente","natureza_despesa":"Outras Despesas Correntes","modalidade_despesa":"Aplica\u00e7\u00f5es Diretas","elemento_despesa":"Outros Servi\u00e7os de Terceiros - Pessoa Jur\u00eddica","sub_elem_desp":"SEM SUBELEMENTO","fonte_recurso":"Recursos do Exerc\u00edcio Corrente \/ Outros Recursos n\u00e3o Vinculados \/ -"},{"ano_emissao_emp":"2023","n_emp":"0000081","data_emissao":"16\/02\/2023","valor":"400,00","tipo_empenho":"Ordin\u00e1rio","hist_emp":"VALOR QUE SE EMPENHA PARA FAZER FACE A CUSTEIO COM INSCRI\u00c7\u00c3O DO SENHOR JOS\u00c9 MANOEL DA SILVA ASSESSOR  DESTA CASA PARA O EVENTO XXIV MARCHA PARA BRASILIA EM DEFESA DOS MUNICIPIOS, QUE SER\u00c1 REALIZADA PELA CNM (CONFEDERA\u00c7\u00c3O NACIONAL DE MUNIC\u00cdPIOS),  NOS DIAS 27,28,29 E 30 DE MAR\u00c7O DO ANO CORRENTE, CONFORME DOCUMENTA\u00c7\u00c3O EM ANEXO.","fornecedor":"CONFEDERA\u00c7\u00c3O NACIONAL DE MUNICIPIOS - CNM","denom_uni_orc":"CORPO DELIBERATIVO E SECRETARIA","funcao":"Legislativa","sub_funcao":"A\u00e7\u00e3o Legislativa","programa":"A\u00c7\u00c3O LEGISLATIVA","acao":"MANUTEN\u00c7\u00c3O DAS ATIVIDADES ADMINISTRATIVAS","ident_acao":"Atividade","cat_econ":"Despesa Corrente","natureza_despesa":"Outras Despesas Correntes","modalidade_despesa":"Aplica\u00e7\u00f5es Diretas","elemento_despesa":"Outros Servi\u00e7os de Terceiros - Pessoa Jur\u00eddica","sub_elem_desp":"SEM SUBELEMENTO","fonte_recurso":"Recursos do Exerc\u00edcio Corrente \/ Outros Recursos n\u00e3o Vinculados \/ -"},{"ano_emissao_emp":"2023","n_emp":"0000081","data_emissao":"16\/02\/2023","valor":"400,00","tipo_empenho":"Ordin\u00e1rio","hist_emp":"VALOR QUE SE EMPENHA PARA FAZER FACE A CUSTEIO COM INSCRI\u00c7\u00c3O DO SENHOR JOS\u00c9 MANOEL DA SILVA ASSESSOR  DESTA CASA PARA O EVENTO XXIV MARCHA PARA BRASILIA EM DEFESA DOS MUNICIPIOS, QUE SER\u00c1 REALIZADA PELA CNM (CONFEDERA\u00c7\u00c3O NACIONAL DE MUNIC\u00cdPIOS),  NOS DIAS 27,28,29 E 30 DE MAR\u00c7O DO ANO CORRENTE, CONFORME DOCUMENTA\u00c7\u00c3O EM ANEXO.","fornecedor":"CONFEDERA\u00c7\u00c3O NACIONAL DE MUNICIPIOS - CNM","denom_uni_orc":"CORPO DELIBERATIVO E SECRETARIA","funcao":"Legislativa","sub_funcao":"A\u00e7\u00e3o Legislativa","programa":"A\u00c7\u00c3O LEGISLATIVA","acao":"INDENIZA\u00c7\u00d5ES E RESTITUI\u00c7\u00d5ES DIVERSAS (FMS)","ident_acao":"Atividade","cat_econ":"Despesa Corrente","natureza_despesa":"Outras Despesas Correntes","modalidade_despesa":"Aplica\u00e7\u00f5es Diretas","elemento_despesa":"Outros Servi\u00e7os de Terceiros - Pessoa Jur\u00eddica","sub_elem_desp":"SEM SUBELEMENTO","fonte_recurso":"Recursos do Exerc\u00edcio Corrente \/ Outros Recursos n\u00e3o Vinculados \/ -"},{"ano_emissao_emp":"2023","n_emp":"0000082","data_emissao":"16\/02\/2023","valor":"400,00","tipo_empenho":"Ordin\u00e1rio","hist_emp":"VALOR QUE SE EMPENHA PARA FAZER FACE A CUSTEIO COM INSCRI\u00c7\u00c3O DO SENHOR JOS\u00c9 SOARES CORREIA VEREADOR  DESTA CASA PARA O EVENTO XXIV MARCHA PARA BRASILIA EM DEFESA DOS MUNICIPIOS, QUE SER\u00c1 REALIZADA PELA CNM (CONFEDERA\u00c7\u00c3O NACIONAL DE MUNIC\u00cdPIOS),  NOS DIAS 27,28,29 E 30 DE MAR\u00c7O DO ANO CORRENTE, CONFORME DOCUMENTA\u00c7\u00c3O EM ANEXO.","fornecedor":"CONFEDERA\u00c7\u00c3O NACIONAL DE MUNICIPIOS - CNM","denom_uni_orc":"CORPO DELIBERATIVO E SECRETARIA","funcao":"Legislativa","sub_funcao":"A\u00e7\u00e3o Legislativa","programa":"A\u00c7\u00c3O LEGISLATIVA","acao":"AQUISI\u00c7\u00c3O DE M\u00d3VEIS, M\u00c1QUINAS E EQUIPAMENTOS DIVERSOS PARA O CONSELHO","ident_acao":"Atividade","cat_econ":"Despesa Corrente","natureza_despesa":"Outras Despesas Correntes","modalidade_despesa":"Aplica\u00e7\u00f5es Diretas","elemento_despesa":"Outros Servi\u00e7os de Terceiros - Pessoa Jur\u00eddica","sub_elem_desp":"SEM SUBELEMENTO","fonte_recurso":"Recursos do Exerc\u00edcio Corrente \/ Outros Recursos n\u00e3o Vinculados \/ -"},{"ano_emissao_emp":"2023","n_emp":"0000082","data_emissao":"16\/02\/2023","valor":"400,00","tipo_empenho":"Ordin\u00e1rio","hist_emp":"VALOR QUE SE EMPENHA PARA FAZER FACE A CUSTEIO COM INSCRI\u00c7\u00c3O DO SENHOR JOS\u00c9 SOARES CORREIA VEREADOR  DESTA CASA PARA O EVENTO XXIV MARCHA PARA BRASILIA EM DEFESA DOS MUNICIPIOS, QUE SER\u00c1 REALIZADA PELA CNM (CONFEDERA\u00c7\u00c3O NACIONAL DE MUNIC\u00cdPIOS),  NOS DIAS 27,28,29 E 30 DE MAR\u00c7O DO ANO CORRENTE, CONFORME DOCUMENTA\u00c7\u00c3O EM ANEXO.","fornecedor":"CONFEDERA\u00c7\u00c3O NACIONAL DE MUNICIPIOS - CNM","denom_uni_orc":"CORPO DELIBERATIVO E SECRETARIA","funcao":"Legislativa","sub_funcao":"A\u00e7\u00e3o Legislativa","programa":"A\u00c7\u00c3O LEGISLATIVA","acao":"MANUTEN\u00c7\u00c3O DAS ATIVIDADES ADMINISTRATIVAS","ident_acao":"Atividade","cat_econ":"Despesa Corrente","natureza_despesa":"Outras Despesas Correntes","modalidade_despesa":"Aplica\u00e7\u00f5es Diretas","elemento_despesa":"Outros Servi\u00e7os de Terceiros - Pessoa Jur\u00eddica","sub_elem_desp":"SEM SUBELEMENTO","fonte_recurso":"Recursos do Exerc\u00edcio Corrente \/ Outros Recursos n\u00e3o Vinculados \/ -"},{"ano_emissao_emp":"2023","n_emp":"0000082","data_emissao":"16\/02\/2023","valor":"400,00","tipo_empenho":"Ordin\u00e1rio","hist_emp":"VALOR QUE SE EMPENHA PARA FAZER FACE A CUSTEIO COM INSCRI\u00c7\u00c3O DO SENHOR JOS\u00c9 SOARES CORREIA VEREADOR  DESTA CASA PARA O EVENTO XXIV MARCHA PARA BRASILIA EM DEFESA DOS MUNICIPIOS, QUE SER\u00c1 REALIZADA PELA CNM (CONFEDERA\u00c7\u00c3O NACIONAL DE MUNIC\u00cdPIOS),  NOS DIAS 27,28,29 E 30 DE MAR\u00c7O DO ANO CORRENTE, CONFORME DOCUMENTA\u00c7\u00c3O EM ANEXO.","fornecedor":"CONFEDERA\u00c7\u00c3O NACIONAL DE MUNICIPIOS - CNM","denom_uni_orc":"CORPO DELIBERATIVO E SECRETARIA","funcao":"Legislativa","sub_funcao":"A\u00e7\u00e3o Legislativa","programa":"A\u00c7\u00c3O LEGISLATIVA","acao":"INDENIZA\u00c7\u00d5ES E RESTITUI\u00c7\u00d5ES DIVERSAS (FMS)","ident_acao":"Atividade","cat_econ":"Despesa Corrente","natureza_despesa":"Outras Despesas Correntes","modalidade_despesa":"Aplica\u00e7\u00f5es Diretas","elemento_despesa":"Outros Servi\u00e7os de Terceiros - Pessoa Jur\u00eddica","sub_elem_desp":"SEM SUBELEMENTO","fonte_recurso":"Recursos do Exerc\u00edcio Corrente \/ Outros Recursos n\u00e3o Vinculados \/ -"},{"ano_emissao_emp":"2023","n_emp":"0000083","data_emissao":"16\/02\/2023","valor":"400,00","tipo_empenho":"Ordin\u00e1rio","hist_emp":"VALOR QUE SE EMPENHA PARA FAZER FACE A CUSTEIO COM INSCRI\u00c7\u00c3O DO SENHOR JOS\u00c9 VANDO BRUNA VEREADOR  DESTA CASA PARA O EVENTO XXIV MARCHA PARA BRASILIA EM DEFESA DOS MUNICIPIOS, QUE SER\u00c1 REALIZADA PELA CNM (CONFEDERA\u00c7\u00c3O NACIONAL DE MUNIC\u00cdPIOS),  NOS DIAS 27,28,29 E 30 DE MAR\u00c7O DO ANO CORRENTE, CONFORME DOCUMENTA\u00c7\u00c3O EM ANEXO.","fornecedor":"CONFEDERA\u00c7\u00c3O NACIONAL DE MUNICIPIOS - CNM","denom_uni_orc":"CORPO DELIBERATIVO E SECRETARIA","funcao":"Legislativa","sub_funcao":"A\u00e7\u00e3o Legislativa","programa":"A\u00c7\u00c3O LEGISLATIVA","acao":"AQUISI\u00c7\u00c3O DE M\u00d3VEIS, M\u00c1QUINAS E EQUIPAMENTOS DIVERSOS PARA O CONSELHO","ident_acao":"Atividade","cat_econ":"Despesa Corrente","natureza_despesa":"Outras Despesas Correntes","modalidade_despesa":"Aplica\u00e7\u00f5es Diretas","elemento_despesa":"Outros Servi\u00e7os de Terceiros - Pessoa Jur\u00eddica","sub_elem_desp":"SEM SUBELEMENTO","fonte_recurso":"Recursos do Exerc\u00edcio Corrente \/ Outros Recursos n\u00e3o Vinculados \/ -"},{"ano_emissao_emp":"2023","n_emp":"0000083","data_emissao":"16\/02\/2023","valor":"400,00","tipo_empenho":"Ordin\u00e1rio","hist_emp":"VALOR QUE SE EMPENHA PARA FAZER FACE A CUSTEIO COM INSCRI\u00c7\u00c3O DO SENHOR JOS\u00c9 VANDO BRUNA VEREADOR  DESTA CASA PARA O EVENTO XXIV MARCHA PARA BRASILIA EM DEFESA DOS MUNICIPIOS, QUE SER\u00c1 REALIZADA PELA CNM (CONFEDERA\u00c7\u00c3O NACIONAL DE MUNIC\u00cdPIOS),  NOS DIAS 27,28,29 E 30 DE MAR\u00c7O DO ANO CORRENTE, CONFORME DOCUMENTA\u00c7\u00c3O EM ANEXO.","fornecedor":"CONFEDERA\u00c7\u00c3O NACIONAL DE MUNICIPIOS - CNM","denom_uni_orc":"CORPO DELIBERATIVO E SECRETARIA","funcao":"Legislativa","sub_funcao":"A\u00e7\u00e3o Legislativa","programa":"A\u00c7\u00c3O LEGISLATIVA","acao":"MANUTEN\u00c7\u00c3O DAS ATIVIDADES ADMINISTRATIVAS","ident_acao":"Atividade","cat_econ":"Despesa Corrente","natureza_despesa":"Outras Despesas Correntes","modalidade_despesa":"Aplica\u00e7\u00f5es Diretas","elemento_despesa":"Outros Servi\u00e7os de Terceiros - Pessoa Jur\u00eddica","sub_elem_desp":"SEM SUBELEMENTO","fonte_recurso":"Recursos do Exerc\u00edcio Corrente \/ Outros Recursos n\u00e3o Vinculados \/ -"},{"ano_emissao_emp":"2023","n_emp":"0000083","data_emissao":"16\/02\/2023","valor":"400,00","tipo_empenho":"Ordin\u00e1rio","hist_emp":"VALOR QUE SE EMPENHA PARA FAZER FACE A CUSTEIO COM INSCRI\u00c7\u00c3O DO SENHOR JOS\u00c9 VANDO BRUNA VEREADOR  DESTA CASA PARA O EVENTO XXIV MARCHA PARA BRASILIA EM DEFESA DOS MUNICIPIOS, QUE SER\u00c1 REALIZADA PELA CNM (CONFEDERA\u00c7\u00c3O NACIONAL DE MUNIC\u00cdPIOS),  NOS DIAS 27,28,29 E 30 DE MAR\u00c7O DO ANO CORRENTE, CONFORME DOCUMENTA\u00c7\u00c3O EM ANEXO.","fornecedor":"CONFEDERA\u00c7\u00c3O NACIONAL DE MUNICIPIOS - CNM","denom_uni_orc":"CORPO DELIBERATIVO E SECRETARIA","funcao":"Legislativa","sub_funcao":"A\u00e7\u00e3o Legislativa","programa":"A\u00c7\u00c3O LEGISLATIVA","acao":"INDENIZA\u00c7\u00d5ES E RESTITUI\u00c7\u00d5ES DIVERSAS (FMS)","ident_acao":"Atividade","cat_econ":"Despesa Corrente","natureza_despesa":"Outras Despesas Correntes","modalidade_despesa":"Aplica\u00e7\u00f5es Diretas","elemento_despesa":"Outros Servi\u00e7os de Terceiros - Pessoa Jur\u00eddica","sub_elem_desp":"SEM SUBELEMENTO","fonte_recurso":"Recursos do Exerc\u00edcio Corrente \/ Outros Recursos n\u00e3o Vinculados \/ -"},{"ano_emissao_emp":"2023","n_emp":"0000084","data_emissao":"16\/02\/2023","valor":"400,00","tipo_empenho":"Ordin\u00e1rio","hist_emp":"VALOR QUE SE EMPENHA PARA FAZER FACE A CUSTEIO COM INSCRI\u00c7\u00c3O DO SENHOR VICTOR EMANUEL ASSESSOR ESPECIAL DO GABINETE DO PRESIDENTE  DESTA CASA PARA O EVENTO XXIV MARCHA PARA BRASILIA EM DEFESA DOS MUNICIPIOS, QUE SER\u00c1 REALIZADA PELA CNM (CONFEDERA\u00c7\u00c3O NACIONAL DE MUNIC\u00cdPIOS),  NOS DIAS 27,28,29 E 30 DE MAR\u00c7O DO ANO CORRENTE, CONFORME DOCUMENTA\u00c7\u00c3O EM ANEXO.","fornecedor":"CONFEDERA\u00c7\u00c3O NACIONAL DE MUNICIPIOS - CNM","denom_uni_orc":"CORPO DELIBERATIVO E SECRETARIA","funcao":"Legislativa","sub_funcao":"A\u00e7\u00e3o Legislativa","programa":"A\u00c7\u00c3O LEGISLATIVA","acao":"AQUISI\u00c7\u00c3O DE M\u00d3VEIS, M\u00c1QUINAS E EQUIPAMENTOS DIVERSOS PARA O CONSELHO","ident_acao":"Atividade","cat_econ":"Despesa Corrente","natureza_despesa":"Outras Despesas Correntes","modalidade_despesa":"Aplica\u00e7\u00f5es Diretas","elemento_despesa":"Outros Servi\u00e7os de Terceiros - Pessoa Jur\u00eddica","sub_elem_desp":"SEM SUBELEMENTO","fonte_recurso":"Recursos do Exerc\u00edcio Corrente \/ Outros Recursos n\u00e3o Vinculados \/ -"},{"ano_emissao_emp":"2023","n_emp":"0000084","data_emissao":"16\/02\/2023","valor":"400,00","tipo_empenho":"Ordin\u00e1rio","hist_emp":"VALOR QUE SE EMPENHA PARA FAZER FACE A CUSTEIO COM INSCRI\u00c7\u00c3O DO SENHOR VICTOR EMANUEL ASSESSOR ESPECIAL DO GABINETE DO PRESIDENTE  DESTA CASA PARA O EVENTO XXIV MARCHA PARA BRASILIA EM DEFESA DOS MUNICIPIOS, QUE SER\u00c1 REALIZADA PELA CNM (CONFEDERA\u00c7\u00c3O NACIONAL DE MUNIC\u00cdPIOS),  NOS DIAS 27,28,29 E 30 DE MAR\u00c7O DO ANO CORRENTE, CONFORME DOCUMENTA\u00c7\u00c3O EM ANEXO.","fornecedor":"CONFEDERA\u00c7\u00c3O NACIONAL DE MUNICIPIOS - CNM","denom_uni_orc":"CORPO DELIBERATIVO E SECRETARIA","funcao":"Legislativa","sub_funcao":"A\u00e7\u00e3o Legislativa","programa":"A\u00c7\u00c3O LEGISLATIVA","acao":"MANUTEN\u00c7\u00c3O DAS ATIVIDADES ADMINISTRATIVAS","ident_acao":"Atividade","cat_econ":"Despesa Corrente","natureza_despesa":"Outras Despesas Correntes","modalidade_despesa":"Aplica\u00e7\u00f5es Diretas","elemento_despesa":"Outros Servi\u00e7os de Terceiros - Pessoa Jur\u00eddica","sub_elem_desp":"SEM SUBELEMENTO","fonte_recurso":"Recursos do Exerc\u00edcio Corrente \/ Outros Recursos n\u00e3o Vinculados \/ -"},{"ano_emissao_emp":"2023","n_emp":"0000084","data_emissao":"16\/02\/2023","valor":"400,00","tipo_empenho":"Ordin\u00e1rio","hist_emp":"VALOR QUE SE EMPENHA PARA FAZER FACE A CUSTEIO COM INSCRI\u00c7\u00c3O DO SENHOR VICTOR EMANUEL ASSESSOR ESPECIAL DO GABINETE DO PRESIDENTE  DESTA CASA PARA O EVENTO XXIV MARCHA PARA BRASILIA EM DEFESA DOS MUNICIPIOS, QUE SER\u00c1 REALIZADA PELA CNM (CONFEDERA\u00c7\u00c3O NACIONAL DE MUNIC\u00cdPIOS),  NOS DIAS 27,28,29 E 30 DE MAR\u00c7O DO ANO CORRENTE, CONFORME DOCUMENTA\u00c7\u00c3O EM ANEXO.","fornecedor":"CONFEDERA\u00c7\u00c3O NACIONAL DE MUNICIPIOS - CNM","denom_uni_orc":"CORPO DELIBERATIVO E SECRETARIA","funcao":"Legislativa","sub_funcao":"A\u00e7\u00e3o Legislativa","programa":"A\u00c7\u00c3O LEGISLATIVA","acao":"INDENIZA\u00c7\u00d5ES E RESTITUI\u00c7\u00d5ES DIVERSAS (FMS)","ident_acao":"Atividade","cat_econ":"Despesa Corrente","natureza_despesa":"Outras Despesas Correntes","modalidade_despesa":"Aplica\u00e7\u00f5es Diretas","elemento_despesa":"Outros Servi\u00e7os de Terceiros - Pessoa Jur\u00eddica","sub_elem_desp":"SEM SUBELEMENTO","fonte_recurso":"Recursos do Exerc\u00edcio Corrente \/ Outros Recursos n\u00e3o Vinculados \/ -"},{"ano_emissao_emp":"2023","n_emp":"0000085","data_emissao":"16\/02\/2023","valor":"400,00","tipo_empenho":"Ordin\u00e1rio","hist_emp":"VALOR QUE SE EMPENHA PARA FAZER FACE A CUSTEIO COM INSCRI\u00c7\u00c3O DO SENHOR IGOR HENROQUE ASSESSORER DESTA CASA PARA O EVENTO XXIV MARCHA PARA BRASILIA EM DEFESA DOS MUNICIPIOS, QUE SER\u00c1 REALIZADA PELA CNM (CONFEDERA\u00c7\u00c3O NACIONAL DE MUNIC\u00cdPIOS),  NOS DIAS 27,28,29 E 30 DE MAR\u00c7O DO ANO CORRENTE, CONFORME DOCUMENTA\u00c7\u00c3O EM ANEXO.","fornecedor":"CONFEDERA\u00c7\u00c3O NACIONAL DE MUNICIPIOS - CNM","denom_uni_orc":"CORPO DELIBERATIVO E SECRETARIA","funcao":"Legislativa","sub_funcao":"A\u00e7\u00e3o Legislativa","programa":"A\u00c7\u00c3O LEGISLATIVA","acao":"AQUISI\u00c7\u00c3O DE M\u00d3VEIS, M\u00c1QUINAS E EQUIPAMENTOS DIVERSOS PARA O CONSELHO","ident_acao":"Atividade","cat_econ":"Despesa Corrente","natureza_despesa":"Outras Despesas Correntes","modalidade_despesa":"Aplica\u00e7\u00f5es Diretas","elemento_despesa":"Outros Servi\u00e7os de Terceiros - Pessoa Jur\u00eddica","sub_elem_desp":"SEM SUBELEMENTO","fonte_recurso":"Recursos do Exerc\u00edcio Corrente \/ Outros Recursos n\u00e3o Vinculados \/ -"},{"ano_emissao_emp":"2023","n_emp":"0000085","data_emissao":"16\/02\/2023","valor":"400,00","tipo_empenho":"Ordin\u00e1rio","hist_emp":"VALOR QUE SE EMPENHA PARA FAZER FACE A CUSTEIO COM INSCRI\u00c7\u00c3O DO SENHOR IGOR HENROQUE ASSESSORER DESTA CASA PARA O EVENTO XXIV MARCHA PARA BRASILIA EM DEFESA DOS MUNICIPIOS, QUE SER\u00c1 REALIZADA PELA CNM (CONFEDERA\u00c7\u00c3O NACIONAL DE MUNIC\u00cdPIOS),  NOS DIAS 27,28,29 E 30 DE MAR\u00c7O DO ANO CORRENTE, CONFORME DOCUMENTA\u00c7\u00c3O EM ANEXO.","fornecedor":"CONFEDERA\u00c7\u00c3O NACIONAL DE MUNICIPIOS - CNM","denom_uni_orc":"CORPO DELIBERATIVO E SECRETARIA","funcao":"Legislativa","sub_funcao":"A\u00e7\u00e3o Legislativa","programa":"A\u00c7\u00c3O LEGISLATIVA","acao":"MANUTEN\u00c7\u00c3O DAS ATIVIDADES ADMINISTRATIVAS","ident_acao":"Atividade","cat_econ":"Despesa Corrente","natureza_despesa":"Outras Despesas Correntes","modalidade_despesa":"Aplica\u00e7\u00f5es Diretas","elemento_despesa":"Outros Servi\u00e7os de Terceiros - Pessoa Jur\u00eddica","sub_elem_desp":"SEM SUBELEMENTO","fonte_recurso":"Recursos do Exerc\u00edcio Corrente \/ Outros Recursos n\u00e3o Vinculados \/ -"},{"ano_emissao_emp":"2023","n_emp":"0000085","data_emissao":"16\/02\/2023","valor":"400,00","tipo_empenho":"Ordin\u00e1rio","hist_emp":"VALOR QUE SE EMPENHA PARA FAZER FACE A CUSTEIO COM INSCRI\u00c7\u00c3O DO SENHOR IGOR HENROQUE ASSESSORER DESTA CASA PARA O EVENTO XXIV MARCHA PARA BRASILIA EM DEFESA DOS MUNICIPIOS, QUE SER\u00c1 REALIZADA PELA CNM (CONFEDERA\u00c7\u00c3O NACIONAL DE MUNIC\u00cdPIOS),  NOS DIAS 27,28,29 E 30 DE MAR\u00c7O DO ANO CORRENTE, CONFORME DOCUMENTA\u00c7\u00c3O EM ANEXO.","fornecedor":"CONFEDERA\u00c7\u00c3O NACIONAL DE MUNICIPIOS - CNM","denom_uni_orc":"CORPO DELIBERATIVO E SECRETARIA","funcao":"Legislativa","sub_funcao":"A\u00e7\u00e3o Legislativa","programa":"A\u00c7\u00c3O LEGISLATIVA","acao":"INDENIZA\u00c7\u00d5ES E RESTITUI\u00c7\u00d5ES DIVERSAS (FMS)","ident_acao":"Atividade","cat_econ":"Despesa Corrente","natureza_despesa":"Outras Despesas Correntes","modalidade_despesa":"Aplica\u00e7\u00f5es Diretas","elemento_despesa":"Outros Servi\u00e7os de Terceiros - Pessoa Jur\u00eddica","sub_elem_desp":"SEM SUBELEMENTO","fonte_recurso":"Recursos do Exerc\u00edcio Corrente \/ Outros Recursos n\u00e3o Vinculados \/ -"},{"ano_emissao_emp":"2023","n_emp":"0000086","data_emissao":"27\/02\/2023","valor":"1.994,77","tipo_empenho":"Ordin\u00e1rio","hist_emp":"VALOR QUE SE EMPENHA PARA FAZER FACE A CUSTEIO COM AQUISI\u00c7\u00c3O DE PRODUTOS PARA O FUNCIONAMENTO DA COPA COZINHA DESTA C\u00c2MARA DE VEREADORES.","fornecedor":"LOPES & FONSECA CIA LTDA","denom_uni_orc":"CORPO DELIBERATIVO E SECRETARIA","funcao":"Legislativa","sub_funcao":"A\u00e7\u00e3o Legislativa","programa":"A\u00c7\u00c3O LEGISLATIVA","acao":"AQUISI\u00c7\u00c3O DE M\u00d3VEIS, M\u00c1QUINAS E EQUIPAMENTOS DIVERSOS PARA O CONSELHO","ident_acao":"Atividade","cat_econ":"Despesa Corrente","natureza_despesa":"Outras Despesas Correntes","modalidade_despesa":"Aplica\u00e7\u00f5es Diretas","elemento_despesa":"Material de Consumo","sub_elem_desp":"SEM SUBELEMENTO","fonte_recurso":"Recursos do Exerc\u00edcio Corrente \/ Outros Recursos n\u00e3o Vinculados \/ -"},{"ano_emissao_emp":"2023","n_emp":"0000086","data_emissao":"27\/02\/2023","valor":"1.994,77","tipo_empenho":"Ordin\u00e1rio","hist_emp":"VALOR QUE SE EMPENHA PARA FAZER FACE A CUSTEIO COM AQUISI\u00c7\u00c3O DE PRODUTOS PARA O FUNCIONAMENTO DA COPA COZINHA DESTA C\u00c2MARA DE VEREADORES.","fornecedor":"LOPES & FONSECA CIA LTDA","denom_uni_orc":"CORPO DELIBERATIVO E SECRETARIA","funcao":"Legislativa","sub_funcao":"A\u00e7\u00e3o Legislativa","programa":"A\u00c7\u00c3O LEGISLATIVA","acao":"MANUTEN\u00c7\u00c3O DAS ATIVIDADES ADMINISTRATIVAS","ident_acao":"Atividade","cat_econ":"Despesa Corrente","natureza_despesa":"Outras Despesas Correntes","modalidade_despesa":"Aplica\u00e7\u00f5es Diretas","elemento_despesa":"Material de Consumo","sub_elem_desp":"SEM SUBELEMENTO","fonte_recurso":"Recursos do Exerc\u00edcio Corrente \/ Outros Recursos n\u00e3o Vinculados \/ -"},{"ano_emissao_emp":"2023","n_emp":"0000086","data_emissao":"27\/02\/2023","valor":"1.994,77","tipo_empenho":"Ordin\u00e1rio","hist_emp":"VALOR QUE SE EMPENHA PARA FAZER FACE A CUSTEIO COM AQUISI\u00c7\u00c3O DE PRODUTOS PARA O FUNCIONAMENTO DA COPA COZINHA DESTA C\u00c2MARA DE VEREADORES.","fornecedor":"LOPES & FONSECA CIA LTDA","denom_uni_orc":"CORPO DELIBERATIVO E SECRETARIA","funcao":"Legislativa","sub_funcao":"A\u00e7\u00e3o Legislativa","programa":"A\u00c7\u00c3O LEGISLATIVA","acao":"INDENIZA\u00c7\u00d5ES E RESTITUI\u00c7\u00d5ES DIVERSAS (FMS)","ident_acao":"Atividade","cat_econ":"Despesa Corrente","natureza_despesa":"Outras Despesas Correntes","modalidade_despesa":"Aplica\u00e7\u00f5es Diretas","elemento_despesa":"Material de Consumo","sub_elem_desp":"SEM SUBELEMENTO","fonte_recurso":"Recursos do Exerc\u00edcio Corrente \/ Outros Recursos n\u00e3o Vinculados \/ -"},{"ano_emissao_emp":"2023","n_emp":"0000087","data_emissao":"01\/03\/2023","valor":"25.488,00","tipo_empenho":"Estimativo","hist_emp":"VALOR QUE SE EMPENHA PARA FAZER FACE A CUSTEIO COM AQUISI\u00c7\u00c3O DE COMBUSTIVEIS CONFORME ESPECIFICA\u00c7\u00d5ES, QUANTITATIVOS E CONDI\u00c7\u00d5ES ESTABELECIDAS NO PROJETO BASICO- PARTE INTEGRANTE DO CONTRATO INDEPENDENTIMENTE DE TRANSCRI\u00c7\u00c3O, DISPENSA DE LICITA\u00c7\u00c3O 005\/2023 CONFORME LEI 14.133\/2021.","fornecedor":"DIOGO WENDEL DA SILVA LTDA","denom_uni_orc":"CORPO DELIBERATIVO E SECRETARIA","funcao":"Legislativa","sub_funcao":"A\u00e7\u00e3o Legislativa","programa":"A\u00c7\u00c3O LEGISLATIVA","acao":"AQUISI\u00c7\u00c3O DE M\u00d3VEIS, M\u00c1QUINAS E EQUIPAMENTOS DIVERSOS PARA O CONSELHO","ident_acao":"Atividade","cat_econ":"Despesa Corrente","natureza_despesa":"Outras Despesas Correntes","modalidade_despesa":"Aplica\u00e7\u00f5es Diretas","elemento_despesa":"Material de Consumo","sub_elem_desp":"SEM SUBELEMENTO","fonte_recurso":"Recursos do Exerc\u00edcio Corrente \/ Outros Recursos n\u00e3o Vinculados \/ -"},{"ano_emissao_emp":"2023","n_emp":"0000087","data_emissao":"01\/03\/2023","valor":"25.488,00","tipo_empenho":"Estimativo","hist_emp":"VALOR QUE SE EMPENHA PARA FAZER FACE A CUSTEIO COM AQUISI\u00c7\u00c3O DE COMBUSTIVEIS CONFORME ESPECIFICA\u00c7\u00d5ES, QUANTITATIVOS E CONDI\u00c7\u00d5ES ESTABELECIDAS NO PROJETO BASICO- PARTE INTEGRANTE DO CONTRATO INDEPENDENTIMENTE DE TRANSCRI\u00c7\u00c3O, DISPENSA DE LICITA\u00c7\u00c3O 005\/2023 CONFORME LEI 14.133\/2021.","fornecedor":"DIOGO WENDEL DA SILVA LTDA","denom_uni_orc":"CORPO DELIBERATIVO E SECRETARIA","funcao":"Legislativa","sub_funcao":"A\u00e7\u00e3o Legislativa","programa":"A\u00c7\u00c3O LEGISLATIVA","acao":"MANUTEN\u00c7\u00c3O DAS ATIVIDADES ADMINISTRATIVAS","ident_acao":"Atividade","cat_econ":"Despesa Corrente","natureza_despesa":"Outras Despesas Correntes","modalidade_despesa":"Aplica\u00e7\u00f5es Diretas","elemento_despesa":"Material de Consumo","sub_elem_desp":"SEM SUBELEMENTO","fonte_recurso":"Recursos do Exerc\u00edcio Corrente \/ Outros Recursos n\u00e3o Vinculados \/ -"},{"ano_emissao_emp":"2023","n_emp":"0000087","data_emissao":"01\/03\/2023","valor":"25.488,00","tipo_empenho":"Estimativo","hist_emp":"VALOR QUE SE EMPENHA PARA FAZER FACE A CUSTEIO COM AQUISI\u00c7\u00c3O DE COMBUSTIVEIS CONFORME ESPECIFICA\u00c7\u00d5ES, QUANTITATIVOS E CONDI\u00c7\u00d5ES ESTABELECIDAS NO PROJETO BASICO- PARTE INTEGRANTE DO CONTRATO INDEPENDENTIMENTE DE TRANSCRI\u00c7\u00c3O, DISPENSA DE LICITA\u00c7\u00c3O 005\/2023 CONFORME LEI 14.133\/2021.","fornecedor":"DIOGO WENDEL DA SILVA LTDA","denom_uni_orc":"CORPO DELIBERATIVO E SECRETARIA","funcao":"Legislativa","sub_funcao":"A\u00e7\u00e3o Legislativa","programa":"A\u00c7\u00c3O LEGISLATIVA","acao":"INDENIZA\u00c7\u00d5ES E RESTITUI\u00c7\u00d5ES DIVERSAS (FMS)","ident_acao":"Atividade","cat_econ":"Despesa Corrente","natureza_despesa":"Outras Despesas Correntes","modalidade_despesa":"Aplica\u00e7\u00f5es Diretas","elemento_despesa":"Material de Consumo","sub_elem_desp":"SEM SUBELEMENTO","fonte_recurso":"Recursos do Exerc\u00edcio Corrente \/ Outros Recursos n\u00e3o Vinculados \/ -"},{"ano_emissao_emp":"2023","n_emp":"0000088","data_emissao":"02\/03\/2023","valor":"90,00","tipo_empenho":"Ordin\u00e1rio","hist_emp":"VALOR QUE SE EMPENHA PARA FACER FACE AO CUSTEIO DE AQUISI\u00c7\u00c3O DE BOBINA PARA MAQUINETA AMARELA CONFORME DOCUMENTO EM ANEXO.","fornecedor":"SIMONE BARBOSA DE OLIVEIRA- ME","denom_uni_orc":"CORPO DELIBERATIVO E SECRETARIA","funcao":"Legislativa","sub_funcao":"A\u00e7\u00e3o Legislativa","programa":"A\u00c7\u00c3O LEGISLATIVA","acao":"AQUISI\u00c7\u00c3O DE M\u00d3VEIS, M\u00c1QUINAS E EQUIPAMENTOS DIVERSOS PARA O CONSELHO","ident_acao":"Atividade","cat_econ":"Despesa Corrente","natureza_despesa":"Outras Despesas Correntes","modalidade_despesa":"Aplica\u00e7\u00f5es Diretas","elemento_despesa":"Material de Consumo","sub_elem_desp":"SEM SUBELEMENTO","fonte_recurso":"Recursos do Exerc\u00edcio Corrente \/ Outros Recursos n\u00e3o Vinculados \/ -"},{"ano_emissao_emp":"2023","n_emp":"0000088","data_emissao":"02\/03\/2023","valor":"90,00","tipo_empenho":"Ordin\u00e1rio","hist_emp":"VALOR QUE SE EMPENHA PARA FACER FACE AO CUSTEIO DE AQUISI\u00c7\u00c3O DE BOBINA PARA MAQUINETA AMARELA CONFORME DOCUMENTO EM ANEXO.","fornecedor":"SIMONE BARBOSA DE OLIVEIRA- ME","denom_uni_orc":"CORPO DELIBERATIVO E SECRETARIA","funcao":"Legislativa","sub_funcao":"A\u00e7\u00e3o Legislativa","programa":"A\u00c7\u00c3O LEGISLATIVA","acao":"MANUTEN\u00c7\u00c3O DAS ATIVIDADES ADMINISTRATIVAS","ident_acao":"Atividade","cat_econ":"Despesa Corrente","natureza_despesa":"Outras Despesas Correntes","modalidade_despesa":"Aplica\u00e7\u00f5es Diretas","elemento_despesa":"Material de Consumo","sub_elem_desp":"SEM SUBELEMENTO","fonte_recurso":"Recursos do Exerc\u00edcio Corrente \/ Outros Recursos n\u00e3o Vinculados \/ -"},{"ano_emissao_emp":"2023","n_emp":"0000088","data_emissao":"02\/03\/2023","valor":"90,00","tipo_empenho":"Ordin\u00e1rio","hist_emp":"VALOR QUE SE EMPENHA PARA FACER FACE AO CUSTEIO DE AQUISI\u00c7\u00c3O DE BOBINA PARA MAQUINETA AMARELA CONFORME DOCUMENTO EM ANEXO.","fornecedor":"SIMONE BARBOSA DE OLIVEIRA- ME","denom_uni_orc":"CORPO DELIBERATIVO E SECRETARIA","funcao":"Legislativa","sub_funcao":"A\u00e7\u00e3o Legislativa","programa":"A\u00c7\u00c3O LEGISLATIVA","acao":"INDENIZA\u00c7\u00d5ES E RESTITUI\u00c7\u00d5ES DIVERSAS (FMS)","ident_acao":"Atividade","cat_econ":"Despesa Corrente","natureza_despesa":"Outras Despesas Correntes","modalidade_despesa":"Aplica\u00e7\u00f5es Diretas","elemento_despesa":"Material de Consumo","sub_elem_desp":"SEM SUBELEMENTO","fonte_recurso":"Recursos do Exerc\u00edcio Corrente \/ Outros Recursos n\u00e3o Vinculados \/ -"},{"ano_emissao_emp":"2023","n_emp":"0000089","data_emissao":"02\/03\/2023","valor":"170,00","tipo_empenho":"Ordin\u00e1rio","hist_emp":"VALOR QUE SE EMPENHA PARA FAZER FACE A CUSTEIO COM DIARIA SEM PERNOITE PARA ACOMPANHAR A VEREADORA JESSYCA CAVALCANTE NO DESLOCAMENTO PARA A SECRETARIA DE EDUCA\u00c7\u00c3O DO ESTADO DE PERNAMBUCO E DEMAIS ENTIDADES EM RECIFE, CONFORME REQUISI\u00c7\u00c3O EM ANEXO.","fornecedor":"JOSUE CUSTODIO DE ARAUJO SOBRINHO","denom_uni_orc":"CORPO DELIBERATIVO E SECRETARIA","funcao":"Legislativa","sub_funcao":"A\u00e7\u00e3o Legislativa","programa":"A\u00c7\u00c3O LEGISLATIVA","acao":"AQUISI\u00c7\u00c3O DE M\u00d3VEIS, M\u00c1QUINAS E EQUIPAMENTOS DIVERSOS PARA O CONSELHO","ident_acao":"Atividade","cat_econ":"Despesa Corrente","natureza_despesa":"Outras Despesas Correntes","modalidade_despesa":"Aplica\u00e7\u00f5es Diretas","elemento_despesa":"Di\u00e1rias \u2013 Civil","sub_elem_desp":"SEM SUBELEMENTO","fonte_recurso":"Recursos do Exerc\u00edcio Corrente \/ Outros Recursos n\u00e3o Vinculados \/ -"},{"ano_emissao_emp":"2023","n_emp":"0000089","data_emissao":"02\/03\/2023","valor":"170,00","tipo_empenho":"Ordin\u00e1rio","hist_emp":"VALOR QUE SE EMPENHA PARA FAZER FACE A CUSTEIO COM DIARIA SEM PERNOITE PARA ACOMPANHAR A VEREADORA JESSYCA CAVALCANTE NO DESLOCAMENTO PARA A SECRETARIA DE EDUCA\u00c7\u00c3O DO ESTADO DE PERNAMBUCO E DEMAIS ENTIDADES EM RECIFE, CONFORME REQUISI\u00c7\u00c3O EM ANEXO.","fornecedor":"JOSUE CUSTODIO DE ARAUJO SOBRINHO","denom_uni_orc":"CORPO DELIBERATIVO E SECRETARIA","funcao":"Legislativa","sub_funcao":"A\u00e7\u00e3o Legislativa","programa":"A\u00c7\u00c3O LEGISLATIVA","acao":"MANUTEN\u00c7\u00c3O DAS ATIVIDADES ADMINISTRATIVAS","ident_acao":"Atividade","cat_econ":"Despesa Corrente","natureza_despesa":"Outras Despesas Correntes","modalidade_despesa":"Aplica\u00e7\u00f5es Diretas","elemento_despesa":"Di\u00e1rias \u2013 Civil","sub_elem_desp":"SEM SUBELEMENTO","fonte_recurso":"Recursos do Exerc\u00edcio Corrente \/ Outros Recursos n\u00e3o Vinculados \/ -"},{"ano_emissao_emp":"2023","n_emp":"0000089","data_emissao":"02\/03\/2023","valor":"170,00","tipo_empenho":"Ordin\u00e1rio","hist_emp":"VALOR QUE SE EMPENHA PARA FAZER FACE A CUSTEIO COM DIARIA SEM PERNOITE PARA ACOMPANHAR A VEREADORA JESSYCA CAVALCANTE NO DESLOCAMENTO PARA A SECRETARIA DE EDUCA\u00c7\u00c3O DO ESTADO DE PERNAMBUCO E DEMAIS ENTIDADES EM RECIFE, CONFORME REQUISI\u00c7\u00c3O EM ANEXO.","fornecedor":"JOSUE CUSTODIO DE ARAUJO SOBRINHO","denom_uni_orc":"CORPO DELIBERATIVO E SECRETARIA","funcao":"Legislativa","sub_funcao":"A\u00e7\u00e3o Legislativa","programa":"A\u00c7\u00c3O LEGISLATIVA","acao":"INDENIZA\u00c7\u00d5ES E RESTITUI\u00c7\u00d5ES DIVERSAS (FMS)","ident_acao":"Atividade","cat_econ":"Despesa Corrente","natureza_despesa":"Outras Despesas Correntes","modalidade_despesa":"Aplica\u00e7\u00f5es Diretas","elemento_despesa":"Di\u00e1rias \u2013 Civil","sub_elem_desp":"SEM SUBELEMENTO","fonte_recurso":"Recursos do Exerc\u00edcio Corrente \/ Outros Recursos n\u00e3o Vinculados \/ -"},{"ano_emissao_emp":"2023","n_emp":"0000090","data_emissao":"02\/03\/2023","valor":"350,00","tipo_empenho":"Ordin\u00e1rio","hist_emp":"VALOR QUE SE EMPENHA PARA FAZER FACE AO CUSTEIO DE DIARIA SEM PERNOITE PARA IDA COM AGENDAMENTO PARA A SECRETARIA DE EDUCA\u00c7\u00c3O DO ESTADO DE PERNAMBUCO, ONDE NA OCASI\u00c3O BUSCAREI MELHORIAS PARA O MUNICIPIO DE SANTA CRUZ DO CAPIBARIBE, CONFORME REQUISI\u00c7\u00c3O EM ANEXO.","fornecedor":"JESSYCA M\u00d4NICA DE LIMA CAVALCANTI","denom_uni_orc":"CORPO DELIBERATIVO E SECRETARIA","funcao":"Legislativa","sub_funcao":"A\u00e7\u00e3o Legislativa","programa":"A\u00c7\u00c3O LEGISLATIVA","acao":"AQUISI\u00c7\u00c3O DE EQUIPAMENTOS DIVERSOS PARA O PROGRAMA PRIMEIRA INF\u00c2NCIA N","ident_acao":"Atividade","cat_econ":"Despesa Corrente","natureza_despesa":"Outras Despesas Correntes","modalidade_despesa":"Aplica\u00e7\u00f5es Diretas","elemento_despesa":"Di\u00e1rias \u2013 Civil","sub_elem_desp":"SEM SUBELEMENTO","fonte_recurso":"Recursos do Exerc\u00edcio Corrente \/ Outros Recursos n\u00e3o Vinculados \/ -"},{"ano_emissao_emp":"2023","n_emp":"0000090","data_emissao":"02\/03\/2023","valor":"350,00","tipo_empenho":"Ordin\u00e1rio","hist_emp":"VALOR QUE SE EMPENHA PARA FAZER FACE AO CUSTEIO DE DIARIA SEM PERNOITE PARA IDA COM AGENDAMENTO PARA A SECRETARIA DE EDUCA\u00c7\u00c3O DO ESTADO DE PERNAMBUCO, ONDE NA OCASI\u00c3O BUSCAREI MELHORIAS PARA O MUNICIPIO DE SANTA CRUZ DO CAPIBARIBE, CONFORME REQUISI\u00c7\u00c3O EM ANEXO.","fornecedor":"JESSYCA M\u00d4NICA DE LIMA CAVALCANTI","denom_uni_orc":"CORPO DELIBERATIVO E SECRETARIA","funcao":"Legislativa","sub_funcao":"A\u00e7\u00e3o Legislativa","programa":"A\u00c7\u00c3O LEGISLATIVA","acao":"MANUTEN\u00c7\u00c3O DAS ATIVIDADES LEGISLATIVAS","ident_acao":"Atividade","cat_econ":"Despesa Corrente","natureza_despesa":"Outras Despesas Correntes","modalidade_despesa":"Aplica\u00e7\u00f5es Diretas","elemento_despesa":"Di\u00e1rias \u2013 Civil","sub_elem_desp":"SEM SUBELEMENTO","fonte_recurso":"Recursos do Exerc\u00edcio Corrente \/ Outros Recursos n\u00e3o Vinculados \/ -"},{"ano_emissao_emp":"2023","n_emp":"0000091","data_emissao":"02\/03\/2023","valor":"35,20","tipo_empenho":"Ordin\u00e1rio","hist_emp":"VALOR QUE SE EMPENHA PARA FAZER FACE AO CUSTEIO COM MANUTEN\u00c7\u00c3O DA HOSPEDAGEM DO SITE DESTA C\u00c2NMARA DE VEREADORES.","fornecedor":"BRS SP SUPRIMENTOS CORPORATIVOS LTDA.","denom_uni_orc":"CORPO DELIBERATIVO E SECRETARIA","funcao":"Legislativa","sub_funcao":"A\u00e7\u00e3o Legislativa","programa":"A\u00c7\u00c3O LEGISLATIVA","acao":"AQUISI\u00c7\u00c3O DE M\u00d3VEIS, M\u00c1QUINAS E EQUIPAMENTOS DIVERSOS PARA O CONSELHO","ident_acao":"Atividade","cat_econ":"Despesa Corrente","natureza_despesa":"Outras Despesas Correntes","modalidade_despesa":"Aplica\u00e7\u00f5es Diretas","elemento_despesa":"Outros Servi\u00e7os de Terceiros - Pessoa Jur\u00eddica","sub_elem_desp":"SEM SUBELEMENTO","fonte_recurso":"Recursos do Exerc\u00edcio Corrente \/ Outros Recursos n\u00e3o Vinculados \/ -"},{"ano_emissao_emp":"2023","n_emp":"0000091","data_emissao":"02\/03\/2023","valor":"35,20","tipo_empenho":"Ordin\u00e1rio","hist_emp":"VALOR QUE SE EMPENHA PARA FAZER FACE AO CUSTEIO COM MANUTEN\u00c7\u00c3O DA HOSPEDAGEM DO SITE DESTA C\u00c2NMARA DE VEREADORES.","fornecedor":"BRS SP SUPRIMENTOS CORPORATIVOS LTDA.","denom_uni_orc":"CORPO DELIBERATIVO E SECRETARIA","funcao":"Legislativa","sub_funcao":"A\u00e7\u00e3o Legislativa","programa":"A\u00c7\u00c3O LEGISLATIVA","acao":"MANUTEN\u00c7\u00c3O DAS ATIVIDADES ADMINISTRATIVAS","ident_acao":"Atividade","cat_econ":"Despesa Corrente","natureza_despesa":"Outras Despesas Correntes","modalidade_despesa":"Aplica\u00e7\u00f5es Diretas","elemento_despesa":"Outros Servi\u00e7os de Terceiros - Pessoa Jur\u00eddica","sub_elem_desp":"SEM SUBELEMENTO","fonte_recurso":"Recursos do Exerc\u00edcio Corrente \/ Outros Recursos n\u00e3o Vinculados \/ -"},{"ano_emissao_emp":"2023","n_emp":"0000091","data_emissao":"02\/03\/2023","valor":"35,20","tipo_empenho":"Ordin\u00e1rio","hist_emp":"VALOR QUE SE EMPENHA PARA FAZER FACE AO CUSTEIO COM MANUTEN\u00c7\u00c3O DA HOSPEDAGEM DO SITE DESTA C\u00c2NMARA DE VEREADORES.","fornecedor":"BRS SP SUPRIMENTOS CORPORATIVOS LTDA.","denom_uni_orc":"CORPO DELIBERATIVO E SECRETARIA","funcao":"Legislativa","sub_funcao":"A\u00e7\u00e3o Legislativa","programa":"A\u00c7\u00c3O LEGISLATIVA","acao":"INDENIZA\u00c7\u00d5ES E RESTITUI\u00c7\u00d5ES DIVERSAS (FMS)","ident_acao":"Atividade","cat_econ":"Despesa Corrente","natureza_despesa":"Outras Despesas Correntes","modalidade_despesa":"Aplica\u00e7\u00f5es Diretas","elemento_despesa":"Outros Servi\u00e7os de Terceiros - Pessoa Jur\u00eddica","sub_elem_desp":"SEM SUBELEMENTO","fonte_recurso":"Recursos do Exerc\u00edcio Corrente \/ Outros Recursos n\u00e3o Vinculados \/ -"},{"ano_emissao_emp":"2023","n_emp":"0000092","data_emissao":"02\/03\/2023","valor":"130,00","tipo_empenho":"Ordin\u00e1rio","hist_emp":"VALOR QUE SE EMPENHA PARA FAZER FACE AO CUSTEIO DE EMISS\u00c3O DE CERTIFICADO DIGITAL PARA O SENHOR GILSON JULI\u00c3O VEREADOR DESTA CASA.","fornecedor":"FREEDOM2BUY.COM BRASIL LTDA.","denom_uni_orc":"CORPO DELIBERATIVO E SECRETARIA","funcao":"Legislativa","sub_funcao":"A\u00e7\u00e3o Legislativa","programa":"A\u00c7\u00c3O LEGISLATIVA","acao":"AQUISI\u00c7\u00c3O DE M\u00d3VEIS, M\u00c1QUINAS E EQUIPAMENTOS DIVERSOS PARA O CONSELHO","ident_acao":"Atividade","cat_econ":"Despesa Corrente","natureza_despesa":"Outras Despesas Correntes","modalidade_despesa":"Aplica\u00e7\u00f5es Diretas","elemento_despesa":"Outros Servi\u00e7os de Terceiros - Pessoa Jur\u00eddica","sub_elem_desp":"SEM SUBELEMENTO","fonte_recurso":"Recursos do Exerc\u00edcio Corrente \/ Outros Recursos n\u00e3o Vinculados \/ -"},{"ano_emissao_emp":"2023","n_emp":"0000092","data_emissao":"02\/03\/2023","valor":"130,00","tipo_empenho":"Ordin\u00e1rio","hist_emp":"VALOR QUE SE EMPENHA PARA FAZER FACE AO CUSTEIO DE EMISS\u00c3O DE CERTIFICADO DIGITAL PARA O SENHOR GILSON JULI\u00c3O VEREADOR DESTA CASA.","fornecedor":"FREEDOM2BUY.COM BRASIL LTDA.","denom_uni_orc":"CORPO DELIBERATIVO E SECRETARIA","funcao":"Legislativa","sub_funcao":"A\u00e7\u00e3o Legislativa","programa":"A\u00c7\u00c3O LEGISLATIVA","acao":"MANUTEN\u00c7\u00c3O DAS ATIVIDADES ADMINISTRATIVAS","ident_acao":"Atividade","cat_econ":"Despesa Corrente","natureza_despesa":"Outras Despesas Correntes","modalidade_despesa":"Aplica\u00e7\u00f5es Diretas","elemento_despesa":"Outros Servi\u00e7os de Terceiros - Pessoa Jur\u00eddica","sub_elem_desp":"SEM SUBELEMENTO","fonte_recurso":"Recursos do Exerc\u00edcio Corrente \/ Outros Recursos n\u00e3o Vinculados \/ -"},{"ano_emissao_emp":"2023","n_emp":"0000092","data_emissao":"02\/03\/2023","valor":"130,00","tipo_empenho":"Ordin\u00e1rio","hist_emp":"VALOR QUE SE EMPENHA PARA FAZER FACE AO CUSTEIO DE EMISS\u00c3O DE CERTIFICADO DIGITAL PARA O SENHOR GILSON JULI\u00c3O VEREADOR DESTA CASA.","fornecedor":"FREEDOM2BUY.COM BRASIL LTDA.","denom_uni_orc":"CORPO DELIBERATIVO E SECRETARIA","funcao":"Legislativa","sub_funcao":"A\u00e7\u00e3o Legislativa","programa":"A\u00c7\u00c3O LEGISLATIVA","acao":"INDENIZA\u00c7\u00d5ES E RESTITUI\u00c7\u00d5ES DIVERSAS (FMS)","ident_acao":"Atividade","cat_econ":"Despesa Corrente","natureza_despesa":"Outras Despesas Correntes","modalidade_despesa":"Aplica\u00e7\u00f5es Diretas","elemento_despesa":"Outros Servi\u00e7os de Terceiros - Pessoa Jur\u00eddica","sub_elem_desp":"SEM SUBELEMENTO","fonte_recurso":"Recursos do Exerc\u00edcio Corrente \/ Outros Recursos n\u00e3o Vinculados \/ -"},{"ano_emissao_emp":"2023","n_emp":"0000093","data_emissao":"02\/03\/2023","valor":"150,00","tipo_empenho":"Ordin\u00e1rio","hist_emp":"VALOR QUE SE EMPENHA PARA FAZER FACE AO PAGAMENTO DO FORNECIMENTO DE UMA COROA FUNEBRE TRADICIONA PARA O SEPULTAMENTO DA SENHORA SOCORRO MAIL EX SECRETARIA DE EDUCA\u00c7\u00c3O DESTE MUNICIPIO, DIAPENSA DE  LLICITA\u00c7\u00c3O, COM FUNDAMENTO NO ARTIGO 24, INCISO 2\u00b0 DA LEI 8.666\/93.","fornecedor":"FLORICULTURA FLOR DE CHEIRO LTDA","denom_uni_orc":"CORPO DELIBERATIVO E SECRETARIA","funcao":"Legislativa","sub_funcao":"A\u00e7\u00e3o Legislativa","programa":"A\u00c7\u00c3O LEGISLATIVA","acao":"AQUISI\u00c7\u00c3O DE M\u00d3VEIS, M\u00c1QUINAS E EQUIPAMENTOS DIVERSOS PARA O CONSELHO","ident_acao":"Atividade","cat_econ":"Despesa Corrente","natureza_despesa":"Outras Despesas Correntes","modalidade_despesa":"Aplica\u00e7\u00f5es Diretas","elemento_despesa":"Material de Consumo","sub_elem_desp":"SEM SUBELEMENTO","fonte_recurso":"Recursos do Exerc\u00edcio Corrente \/ Outros Recursos n\u00e3o Vinculados \/ -"},{"ano_emissao_emp":"2023","n_emp":"0000093","data_emissao":"02\/03\/2023","valor":"150,00","tipo_empenho":"Ordin\u00e1rio","hist_emp":"VALOR QUE SE EMPENHA PARA FAZER FACE AO PAGAMENTO DO FORNECIMENTO DE UMA COROA FUNEBRE TRADICIONA PARA O SEPULTAMENTO DA SENHORA SOCORRO MAIL EX SECRETARIA DE EDUCA\u00c7\u00c3O DESTE MUNICIPIO, DIAPENSA DE  LLICITA\u00c7\u00c3O, COM FUNDAMENTO NO ARTIGO 24, INCISO 2\u00b0 DA LEI 8.666\/93.","fornecedor":"FLORICULTURA FLOR DE CHEIRO LTDA","denom_uni_orc":"CORPO DELIBERATIVO E SECRETARIA","funcao":"Legislativa","sub_funcao":"A\u00e7\u00e3o Legislativa","programa":"A\u00c7\u00c3O LEGISLATIVA","acao":"MANUTEN\u00c7\u00c3O DAS ATIVIDADES ADMINISTRATIVAS","ident_acao":"Atividade","cat_econ":"Despesa Corrente","natureza_despesa":"Outras Despesas Correntes","modalidade_despesa":"Aplica\u00e7\u00f5es Diretas","elemento_despesa":"Material de Consumo","sub_elem_desp":"SEM SUBELEMENTO","fonte_recurso":"Recursos do Exerc\u00edcio Corrente \/ Outros Recursos n\u00e3o Vinculados \/ -"},{"ano_emissao_emp":"2023","n_emp":"0000093","data_emissao":"02\/03\/2023","valor":"150,00","tipo_empenho":"Ordin\u00e1rio","hist_emp":"VALOR QUE SE EMPENHA PARA FAZER FACE AO PAGAMENTO DO FORNECIMENTO DE UMA COROA FUNEBRE TRADICIONA PARA O SEPULTAMENTO DA SENHORA SOCORRO MAIL EX SECRETARIA DE EDUCA\u00c7\u00c3O DESTE MUNICIPIO, DIAPENSA DE  LLICITA\u00c7\u00c3O, COM FUNDAMENTO NO ARTIGO 24, INCISO 2\u00b0 DA LEI 8.666\/93.","fornecedor":"FLORICULTURA FLOR DE CHEIRO LTDA","denom_uni_orc":"CORPO DELIBERATIVO E SECRETARIA","funcao":"Legislativa","sub_funcao":"A\u00e7\u00e3o Legislativa","programa":"A\u00c7\u00c3O LEGISLATIVA","acao":"INDENIZA\u00c7\u00d5ES E RESTITUI\u00c7\u00d5ES DIVERSAS (FMS)","ident_acao":"Atividade","cat_econ":"Despesa Corrente","natureza_despesa":"Outras Despesas Correntes","modalidade_despesa":"Aplica\u00e7\u00f5es Diretas","elemento_despesa":"Material de Consumo","sub_elem_desp":"SEM SUBELEMENTO","fonte_recurso":"Recursos do Exerc\u00edcio Corrente \/ Outros Recursos n\u00e3o Vinculados \/ -"},{"ano_emissao_emp":"2023","n_emp":"0000094","data_emissao":"03\/03\/2023","valor":"489,00","tipo_empenho":"Ordin\u00e1rio","hist_emp":"VALOR QUE SE EMPENHA PARA FAZER FACE AO CUSTEIO COM SERVI\u00c7O DE SISTEMA OPERACIONAL WINDOWS PARA O SERVIDOR DA CAMARA E DO ARQUIVO, PARA SUPRIR AS NECESSIDADES DESTA CAMARA DE VEREADORES.","fornecedor":"KEYSPC DESENVOLVIMENTO E VENDA DE SOFTWARE LTDA","denom_uni_orc":"CORPO DELIBERATIVO E SECRETARIA","funcao":"Legislativa","sub_funcao":"A\u00e7\u00e3o Legislativa","programa":"A\u00c7\u00c3O LEGISLATIVA","acao":"AQUISI\u00c7\u00c3O DE M\u00d3VEIS, M\u00c1QUINAS E EQUIPAMENTOS DIVERSOS PARA O CONSELHO","ident_acao":"Atividade","cat_econ":"Despesa Corrente","natureza_despesa":"Outras Despesas Correntes","modalidade_despesa":"Aplica\u00e7\u00f5es Diretas","elemento_despesa":"Outros Servi\u00e7os de Terceiros - Pessoa Jur\u00eddica","sub_elem_desp":"SEM SUBELEMENTO","fonte_recurso":"Recursos do Exerc\u00edcio Corrente \/ Outros Recursos n\u00e3o Vinculados \/ -"},{"ano_emissao_emp":"2023","n_emp":"0000094","data_emissao":"03\/03\/2023","valor":"489,00","tipo_empenho":"Ordin\u00e1rio","hist_emp":"VALOR QUE SE EMPENHA PARA FAZER FACE AO CUSTEIO COM SERVI\u00c7O DE SISTEMA OPERACIONAL WINDOWS PARA O SERVIDOR DA CAMARA E DO ARQUIVO, PARA SUPRIR AS NECESSIDADES DESTA CAMARA DE VEREADORES.","fornecedor":"KEYSPC DESENVOLVIMENTO E VENDA DE SOFTWARE LTDA","denom_uni_orc":"CORPO DELIBERATIVO E SECRETARIA","funcao":"Legislativa","sub_funcao":"A\u00e7\u00e3o Legislativa","programa":"A\u00c7\u00c3O LEGISLATIVA","acao":"MANUTEN\u00c7\u00c3O DAS ATIVIDADES ADMINISTRATIVAS","ident_acao":"Atividade","cat_econ":"Despesa Corrente","natureza_despesa":"Outras Despesas Correntes","modalidade_despesa":"Aplica\u00e7\u00f5es Diretas","elemento_despesa":"Outros Servi\u00e7os de Terceiros - Pessoa Jur\u00eddica","sub_elem_desp":"SEM SUBELEMENTO","fonte_recurso":"Recursos do Exerc\u00edcio Corrente \/ Outros Recursos n\u00e3o Vinculados \/ -"},{"ano_emissao_emp":"2023","n_emp":"0000094","data_emissao":"03\/03\/2023","valor":"489,00","tipo_empenho":"Ordin\u00e1rio","hist_emp":"VALOR QUE SE EMPENHA PARA FAZER FACE AO CUSTEIO COM SERVI\u00c7O DE SISTEMA OPERACIONAL WINDOWS PARA O SERVIDOR DA CAMARA E DO ARQUIVO, PARA SUPRIR AS NECESSIDADES DESTA CAMARA DE VEREADORES.","fornecedor":"KEYSPC DESENVOLVIMENTO E VENDA DE SOFTWARE LTDA","denom_uni_orc":"CORPO DELIBERATIVO E SECRETARIA","funcao":"Legislativa","sub_funcao":"A\u00e7\u00e3o Legislativa","programa":"A\u00c7\u00c3O LEGISLATIVA","acao":"INDENIZA\u00c7\u00d5ES E RESTITUI\u00c7\u00d5ES DIVERSAS (FMS)","ident_acao":"Atividade","cat_econ":"Despesa Corrente","natureza_despesa":"Outras Despesas Correntes","modalidade_despesa":"Aplica\u00e7\u00f5es Diretas","elemento_despesa":"Outros Servi\u00e7os de Terceiros - Pessoa Jur\u00eddica","sub_elem_desp":"SEM SUBELEMENTO","fonte_recurso":"Recursos do Exerc\u00edcio Corrente \/ Outros Recursos n\u00e3o Vinculados \/ -"},{"ano_emissao_emp":"2023","n_emp":"0000095","data_emissao":"03\/03\/2023","valor":"958,94","tipo_empenho":"Ordin\u00e1rio","hist_emp":"VALOR QUE SE EMPENHA PARA FAZER FACE A CUSTEIO COM AQUISI\u00c7\u00c3O DE PRODUTOS PARA O FUNCIONAMENTO DA COPA COZINHA PARA SUPRIR AS NECESSIDADES DI\u00c1RIA DESTA C\u00c2MARA DE VEREADORES.","fornecedor":"LOPES & FONSECA CIA LTDA","denom_uni_orc":"CORPO DELIBERATIVO E SECRETARIA","funcao":"Legislativa","sub_funcao":"A\u00e7\u00e3o Legislativa","programa":"A\u00c7\u00c3O LEGISLATIVA","acao":"AQUISI\u00c7\u00c3O DE M\u00d3VEIS, M\u00c1QUINAS E EQUIPAMENTOS DIVERSOS PARA O CONSELHO","ident_acao":"Atividade","cat_econ":"Despesa Corrente","natureza_despesa":"Outras Despesas Correntes","modalidade_despesa":"Aplica\u00e7\u00f5es Diretas","elemento_despesa":"Material de Consumo","sub_elem_desp":"MATERIAL DE COPA E COZINHA","fonte_recurso":"Recursos do Exerc\u00edcio Corrente \/ Outros Recursos n\u00e3o Vinculados \/ -"},{"ano_emissao_emp":"2023","n_emp":"0000095","data_emissao":"03\/03\/2023","valor":"958,94","tipo_empenho":"Ordin\u00e1rio","hist_emp":"VALOR QUE SE EMPENHA PARA FAZER FACE A CUSTEIO COM AQUISI\u00c7\u00c3O DE PRODUTOS PARA O FUNCIONAMENTO DA COPA COZINHA PARA SUPRIR AS NECESSIDADES DI\u00c1RIA DESTA C\u00c2MARA DE VEREADORES.","fornecedor":"LOPES & FONSECA CIA LTDA","denom_uni_orc":"CORPO DELIBERATIVO E SECRETARIA","funcao":"Legislativa","sub_funcao":"A\u00e7\u00e3o Legislativa","programa":"A\u00c7\u00c3O LEGISLATIVA","acao":"MANUTEN\u00c7\u00c3O DAS ATIVIDADES ADMINISTRATIVAS","ident_acao":"Atividade","cat_econ":"Despesa Corrente","natureza_despesa":"Outras Despesas Correntes","modalidade_despesa":"Aplica\u00e7\u00f5es Diretas","elemento_despesa":"Material de Consumo","sub_elem_desp":"MATERIAL DE COPA E COZINHA","fonte_recurso":"Recursos do Exerc\u00edcio Corrente \/ Outros Recursos n\u00e3o Vinculados \/ -"},{"ano_emissao_emp":"2023","n_emp":"0000095","data_emissao":"03\/03\/2023","valor":"958,94","tipo_empenho":"Ordin\u00e1rio","hist_emp":"VALOR QUE SE EMPENHA PARA FAZER FACE A CUSTEIO COM AQUISI\u00c7\u00c3O DE PRODUTOS PARA O FUNCIONAMENTO DA COPA COZINHA PARA SUPRIR AS NECESSIDADES DI\u00c1RIA DESTA C\u00c2MARA DE VEREADORES.","fornecedor":"LOPES & FONSECA CIA LTDA","denom_uni_orc":"CORPO DELIBERATIVO E SECRETARIA","funcao":"Legislativa","sub_funcao":"A\u00e7\u00e3o Legislativa","programa":"A\u00c7\u00c3O LEGISLATIVA","acao":"INDENIZA\u00c7\u00d5ES E RESTITUI\u00c7\u00d5ES DIVERSAS (FMS)","ident_acao":"Atividade","cat_econ":"Despesa Corrente","natureza_despesa":"Outras Despesas Correntes","modalidade_despesa":"Aplica\u00e7\u00f5es Diretas","elemento_despesa":"Material de Consumo","sub_elem_desp":"MATERIAL DE COPA E COZINHA","fonte_recurso":"Recursos do Exerc\u00edcio Corrente \/ Outros Recursos n\u00e3o Vinculados \/ -"},{"ano_emissao_emp":"2023","n_emp":"0000096","data_emissao":"03\/03\/2023","valor":"394,20","tipo_empenho":"Ordin\u00e1rio","hist_emp":"VALOR QUE SE EMPENHA PARA FAZER FACE A AQUISI\u00c7\u00c3O DE UM CABO E FONTE DE CARREGADOR DA APPLE PARA UM APARELHO IPHONE QUE PERTENCE A ESTA C\u00c2MARA DE VEREADORES DESTE MUNICIPIO.","fornecedor":"APPLE COMPUTER BRASIL LTDA","denom_uni_orc":"CORPO DELIBERATIVO E SECRETARIA","funcao":"Legislativa","sub_funcao":"A\u00e7\u00e3o Legislativa","programa":"A\u00c7\u00c3O LEGISLATIVA","acao":"AQUISI\u00c7\u00c3O DE M\u00d3VEIS, M\u00c1QUINAS E EQUIPAMENTOS DIVERSOS PARA O CONSELHO","ident_acao":"Atividade","cat_econ":"Despesa Corrente","natureza_despesa":"Outras Despesas Correntes","modalidade_despesa":"Aplica\u00e7\u00f5es Diretas","elemento_despesa":"Material de Consumo","sub_elem_desp":"SEM SUBELEMENTO","fonte_recurso":"Recursos do Exerc\u00edcio Corrente \/ Outros Recursos n\u00e3o Vinculados \/ -"},{"ano_emissao_emp":"2023","n_emp":"0000096","data_emissao":"03\/03\/2023","valor":"394,20","tipo_empenho":"Ordin\u00e1rio","hist_emp":"VALOR QUE SE EMPENHA PARA FAZER FACE A AQUISI\u00c7\u00c3O DE UM CABO E FONTE DE CARREGADOR DA APPLE PARA UM APARELHO IPHONE QUE PERTENCE A ESTA C\u00c2MARA DE VEREADORES DESTE MUNICIPIO.","fornecedor":"APPLE COMPUTER BRASIL LTDA","denom_uni_orc":"CORPO DELIBERATIVO E SECRETARIA","funcao":"Legislativa","sub_funcao":"A\u00e7\u00e3o Legislativa","programa":"A\u00c7\u00c3O LEGISLATIVA","acao":"MANUTEN\u00c7\u00c3O DAS ATIVIDADES ADMINISTRATIVAS","ident_acao":"Atividade","cat_econ":"Despesa Corrente","natureza_despesa":"Outras Despesas Correntes","modalidade_despesa":"Aplica\u00e7\u00f5es Diretas","elemento_despesa":"Material de Consumo","sub_elem_desp":"SEM SUBELEMENTO","fonte_recurso":"Recursos do Exerc\u00edcio Corrente \/ Outros Recursos n\u00e3o Vinculados \/ -"},{"ano_emissao_emp":"2023","n_emp":"0000096","data_emissao":"03\/03\/2023","valor":"394,20","tipo_empenho":"Ordin\u00e1rio","hist_emp":"VALOR QUE SE EMPENHA PARA FAZER FACE A AQUISI\u00c7\u00c3O DE UM CABO E FONTE DE CARREGADOR DA APPLE PARA UM APARELHO IPHONE QUE PERTENCE A ESTA C\u00c2MARA DE VEREADORES DESTE MUNICIPIO.","fornecedor":"APPLE COMPUTER BRASIL LTDA","denom_uni_orc":"CORPO DELIBERATIVO E SECRETARIA","funcao":"Legislativa","sub_funcao":"A\u00e7\u00e3o Legislativa","programa":"A\u00c7\u00c3O LEGISLATIVA","acao":"INDENIZA\u00c7\u00d5ES E RESTITUI\u00c7\u00d5ES DIVERSAS (FMS)","ident_acao":"Atividade","cat_econ":"Despesa Corrente","natureza_despesa":"Outras Despesas Correntes","modalidade_despesa":"Aplica\u00e7\u00f5es Diretas","elemento_despesa":"Material de Consumo","sub_elem_desp":"SEM SUBELEMENTO","fonte_recurso":"Recursos do Exerc\u00edcio Corrente \/ Outros Recursos n\u00e3o Vinculados \/ -"},{"ano_emissao_emp":"2023","n_emp":"0000097","data_emissao":"08\/03\/2023","valor":"804,98","tipo_empenho":"Ordin\u00e1rio","hist_emp":"VALOR QUE SE EMPENHA DESTINASE AO CUSTEIO DE FORNECIMENTO DE PRODUTOS PARA CAFE DA MANHA EM COMEMORA\u00c7\u00c3O AO DIA DA MULHER REALIZADO PELA CAMARA DE VEREADORES, COM FUNDAMENTO NO ARTIGO 24, DA LEI 8,666\/93.","fornecedor":"LOPES & FONSECA CIA LTDA","denom_uni_orc":"CORPO DELIBERATIVO E SECRETARIA","funcao":"Legislativa","sub_funcao":"A\u00e7\u00e3o Legislativa","programa":"A\u00c7\u00c3O LEGISLATIVA","acao":"AQUISI\u00c7\u00c3O DE M\u00d3VEIS, M\u00c1QUINAS E EQUIPAMENTOS DIVERSOS PARA O CONSELHO","ident_acao":"Atividade","cat_econ":"Despesa Corrente","natureza_despesa":"Outras Despesas Correntes","modalidade_despesa":"Aplica\u00e7\u00f5es Diretas","elemento_despesa":"Material de Consumo","sub_elem_desp":"SEM SUBELEMENTO","fonte_recurso":"Recursos do Exerc\u00edcio Corrente \/ Outros Recursos n\u00e3o Vinculados \/ -"},{"ano_emissao_emp":"2023","n_emp":"0000097","data_emissao":"08\/03\/2023","valor":"804,98","tipo_empenho":"Ordin\u00e1rio","hist_emp":"VALOR QUE SE EMPENHA DESTINASE AO CUSTEIO DE FORNECIMENTO DE PRODUTOS PARA CAFE DA MANHA EM COMEMORA\u00c7\u00c3O AO DIA DA MULHER REALIZADO PELA CAMARA DE VEREADORES, COM FUNDAMENTO NO ARTIGO 24, DA LEI 8,666\/93.","fornecedor":"LOPES & FONSECA CIA LTDA","denom_uni_orc":"CORPO DELIBERATIVO E SECRETARIA","funcao":"Legislativa","sub_funcao":"A\u00e7\u00e3o Legislativa","programa":"A\u00c7\u00c3O LEGISLATIVA","acao":"MANUTEN\u00c7\u00c3O DAS ATIVIDADES ADMINISTRATIVAS","ident_acao":"Atividade","cat_econ":"Despesa Corrente","natureza_despesa":"Outras Despesas Correntes","modalidade_despesa":"Aplica\u00e7\u00f5es Diretas","elemento_despesa":"Material de Consumo","sub_elem_desp":"SEM SUBELEMENTO","fonte_recurso":"Recursos do Exerc\u00edcio Corrente \/ Outros Recursos n\u00e3o Vinculados \/ -"},{"ano_emissao_emp":"2023","n_emp":"0000097","data_emissao":"08\/03\/2023","valor":"804,98","tipo_empenho":"Ordin\u00e1rio","hist_emp":"VALOR QUE SE EMPENHA DESTINASE AO CUSTEIO DE FORNECIMENTO DE PRODUTOS PARA CAFE DA MANHA EM COMEMORA\u00c7\u00c3O AO DIA DA MULHER REALIZADO PELA CAMARA DE VEREADORES, COM FUNDAMENTO NO ARTIGO 24, DA LEI 8,666\/93.","fornecedor":"LOPES & FONSECA CIA LTDA","denom_uni_orc":"CORPO DELIBERATIVO E SECRETARIA","funcao":"Legislativa","sub_funcao":"A\u00e7\u00e3o Legislativa","programa":"A\u00c7\u00c3O LEGISLATIVA","acao":"INDENIZA\u00c7\u00d5ES E RESTITUI\u00c7\u00d5ES DIVERSAS (FMS)","ident_acao":"Atividade","cat_econ":"Despesa Corrente","natureza_despesa":"Outras Despesas Correntes","modalidade_despesa":"Aplica\u00e7\u00f5es Diretas","elemento_despesa":"Material de Consumo","sub_elem_desp":"SEM SUBELEMENTO","fonte_recurso":"Recursos do Exerc\u00edcio Corrente \/ Outros Recursos n\u00e3o Vinculados \/ -"},{"ano_emissao_emp":"2023","n_emp":"0000098","data_emissao":"14\/03\/2023","valor":"16.000,00","tipo_empenho":"Estimativo","hist_emp":"VALOR QUE SE EMPENHA PARA FAZER FACE AO PAGAMENTO DOS SERVI\u00c7OS DE GRAVA\u00c7\u00c3O E TRANSMISS\u00c3O AO VIVO DAS SESS\u00d5ES ORDIN\u00c1RIAS DO PODER LEGISLATIVO MUNICIPAL, CONFORME ESPECIFICADOS E QUANTIFICADOS NO CONTRATO 006\/2023, VIGENCIA DESTE CONTRA AT\u00c9 O DIA 14 DE JULHO DE 2023.","fornecedor":"FRANCISCO GERAERTES CALDAS DA SILVA","denom_uni_orc":"CORPO DELIBERATIVO E SECRETARIA","funcao":"Legislativa","sub_funcao":"A\u00e7\u00e3o Legislativa","programa":"A\u00c7\u00c3O LEGISLATIVA","acao":"AQUISI\u00c7\u00c3O DE M\u00d3VEIS, M\u00c1QUINAS E EQUIPAMENTOS DIVERSOS PARA O CONSELHO","ident_acao":"Atividade","cat_econ":"Despesa Corrente","natureza_despesa":"Outras Despesas Correntes","modalidade_despesa":"Aplica\u00e7\u00f5es Diretas","elemento_despesa":"Outros Servi\u00e7os de Terceiros - Pessoa Jur\u00eddica","sub_elem_desp":"SEM SUBELEMENTO","fonte_recurso":"Recursos do Exerc\u00edcio Corrente \/ Outros Recursos n\u00e3o Vinculados \/ -"},{"ano_emissao_emp":"2023","n_emp":"0000098","data_emissao":"14\/03\/2023","valor":"16.000,00","tipo_empenho":"Estimativo","hist_emp":"VALOR QUE SE EMPENHA PARA FAZER FACE AO PAGAMENTO DOS SERVI\u00c7OS DE GRAVA\u00c7\u00c3O E TRANSMISS\u00c3O AO VIVO DAS SESS\u00d5ES ORDIN\u00c1RIAS DO PODER LEGISLATIVO MUNICIPAL, CONFORME ESPECIFICADOS E QUANTIFICADOS NO CONTRATO 006\/2023, VIGENCIA DESTE CONTRA AT\u00c9 O DIA 14 DE JULHO DE 2023.","fornecedor":"FRANCISCO GERAERTES CALDAS DA SILVA","denom_uni_orc":"CORPO DELIBERATIVO E SECRETARIA","funcao":"Legislativa","sub_funcao":"A\u00e7\u00e3o Legislativa","programa":"A\u00c7\u00c3O LEGISLATIVA","acao":"MANUTEN\u00c7\u00c3O DAS ATIVIDADES ADMINISTRATIVAS","ident_acao":"Atividade","cat_econ":"Despesa Corrente","natureza_despesa":"Outras Despesas Correntes","modalidade_despesa":"Aplica\u00e7\u00f5es Diretas","elemento_despesa":"Outros Servi\u00e7os de Terceiros - Pessoa Jur\u00eddica","sub_elem_desp":"SEM SUBELEMENTO","fonte_recurso":"Recursos do Exerc\u00edcio Corrente \/ Outros Recursos n\u00e3o Vinculados \/ -"},{"ano_emissao_emp":"2023","n_emp":"0000098","data_emissao":"14\/03\/2023","valor":"16.000,00","tipo_empenho":"Estimativo","hist_emp":"VALOR QUE SE EMPENHA PARA FAZER FACE AO PAGAMENTO DOS SERVI\u00c7OS DE GRAVA\u00c7\u00c3O E TRANSMISS\u00c3O AO VIVO DAS SESS\u00d5ES ORDIN\u00c1RIAS DO PODER LEGISLATIVO MUNICIPAL, CONFORME ESPECIFICADOS E QUANTIFICADOS NO CONTRATO 006\/2023, VIGENCIA DESTE CONTRA AT\u00c9 O DIA 14 DE JULHO DE 2023.","fornecedor":"FRANCISCO GERAERTES CALDAS DA SILVA","denom_uni_orc":"CORPO DELIBERATIVO E SECRETARIA","funcao":"Legislativa","sub_funcao":"A\u00e7\u00e3o Legislativa","programa":"A\u00c7\u00c3O LEGISLATIVA","acao":"INDENIZA\u00c7\u00d5ES E RESTITUI\u00c7\u00d5ES DIVERSAS (FMS)","ident_acao":"Atividade","cat_econ":"Despesa Corrente","natureza_despesa":"Outras Despesas Correntes","modalidade_despesa":"Aplica\u00e7\u00f5es Diretas","elemento_despesa":"Outros Servi\u00e7os de Terceiros - Pessoa Jur\u00eddica","sub_elem_desp":"SEM SUBELEMENTO","fonte_recurso":"Recursos do Exerc\u00edcio Corrente \/ Outros Recursos n\u00e3o Vinculados \/ -"},{"ano_emissao_emp":"2023","n_emp":"0000099","data_emissao":"14\/03\/2023","valor":"4.000,00","tipo_empenho":"Ordin\u00e1rio","hist_emp":"VALOR QUE SE EMPENHA PARA FAZER FACE A 04 (QUATRO) DI\u00c1RIAS COM PERNOITE DESTINADAS AO CUSTEIO DAS DESPESAS REFERENTE A VIAGEM A CIDADE BRAS\u00cdLIA, PARA PARTICIPA\u00c7\u00c3O DA XXIV MARCHA A BRAS\u00cdLIA EM DEFESA DOS MUNIC\u00cdPIOS, QUE ACONTECER\u00c1 NO CENTRO INTERNACIONAL DE CONVEN\u00c7\u00d5ES DO BRASIL (CICB), LOCALIZADO NO SCES TRECHO 2, CONJUNTO 63, LOTE 50, ASA SUL, BRAS\u00cdLIA, DF.","fornecedor":"JESSYCA M\u00d4NICA DE LIMA CAVALCANTI","denom_uni_orc":"CORPO DELIBERATIVO E SECRETARIA","funcao":"Legislativa","sub_funcao":"A\u00e7\u00e3o Legislativa","programa":"A\u00c7\u00c3O LEGISLATIVA","acao":"AQUISI\u00c7\u00c3O DE EQUIPAMENTOS DIVERSOS PARA O PROGRAMA PRIMEIRA INF\u00c2NCIA N","ident_acao":"Atividade","cat_econ":"Despesa Corrente","natureza_despesa":"Outras Despesas Correntes","modalidade_despesa":"Aplica\u00e7\u00f5es Diretas","elemento_despesa":"Di\u00e1rias \u2013 Civil","sub_elem_desp":"SEM SUBELEMENTO","fonte_recurso":"Recursos do Exerc\u00edcio Corrente \/ Outros Recursos n\u00e3o Vinculados \/ -"},{"ano_emissao_emp":"2023","n_emp":"0000099","data_emissao":"14\/03\/2023","valor":"4.000,00","tipo_empenho":"Ordin\u00e1rio","hist_emp":"VALOR QUE SE EMPENHA PARA FAZER FACE A 04 (QUATRO) DI\u00c1RIAS COM PERNOITE DESTINADAS AO CUSTEIO DAS DESPESAS REFERENTE A VIAGEM A CIDADE BRAS\u00cdLIA, PARA PARTICIPA\u00c7\u00c3O DA XXIV MARCHA A BRAS\u00cdLIA EM DEFESA DOS MUNIC\u00cdPIOS, QUE ACONTECER\u00c1 NO CENTRO INTERNACIONAL DE CONVEN\u00c7\u00d5ES DO BRASIL (CICB), LOCALIZADO NO SCES TRECHO 2, CONJUNTO 63, LOTE 50, ASA SUL, BRAS\u00cdLIA, DF.","fornecedor":"JESSYCA M\u00d4NICA DE LIMA CAVALCANTI","denom_uni_orc":"CORPO DELIBERATIVO E SECRETARIA","funcao":"Legislativa","sub_funcao":"A\u00e7\u00e3o Legislativa","programa":"A\u00c7\u00c3O LEGISLATIVA","acao":"MANUTEN\u00c7\u00c3O DAS ATIVIDADES LEGISLATIVAS","ident_acao":"Atividade","cat_econ":"Despesa Corrente","natureza_despesa":"Outras Despesas Correntes","modalidade_despesa":"Aplica\u00e7\u00f5es Diretas","elemento_despesa":"Di\u00e1rias \u2013 Civil","sub_elem_desp":"SEM SUBELEMENTO","fonte_recurso":"Recursos do Exerc\u00edcio Corrente \/ Outros Recursos n\u00e3o Vinculados \/ -"},{"ano_emissao_emp":"2023","n_emp":"0000100","data_emissao":"14\/03\/2023","valor":"4.000,00","tipo_empenho":"Ordin\u00e1rio","hist_emp":"VALOR QUE SE EMPENHA PARA FAZER FACE A 04 (QUATRO) DI\u00c1RIAS COM PERNOITE, DESTINADAS AO CUSTEIO DAS DESPESAS DA VIAGEM A BRAS\u00cdLIA - DF, ONDE NA OPORTUNIDADE PARTICIPAR\u00c1 DA 24\u00aa MARCHA DOS MUNIC\u00cdPIOS ENTRE OS DIAS 27 E 31 DE MAR\u00c7O DE 2023.","fornecedor":"JOSE AILTON OLIVEIRA BORGES","denom_uni_orc":"CORPO DELIBERATIVO E SECRETARIA","funcao":"Legislativa","sub_funcao":"A\u00e7\u00e3o Legislativa","programa":"A\u00c7\u00c3O LEGISLATIVA","acao":"AQUISI\u00c7\u00c3O DE EQUIPAMENTOS DIVERSOS PARA O PROGRAMA PRIMEIRA INF\u00c2NCIA N","ident_acao":"Atividade","cat_econ":"Despesa Corrente","natureza_despesa":"Outras Despesas Correntes","modalidade_despesa":"Aplica\u00e7\u00f5es Diretas","elemento_despesa":"Di\u00e1rias \u2013 Civil","sub_elem_desp":"SEM SUBELEMENTO","fonte_recurso":"Recursos do Exerc\u00edcio Corrente \/ Outros Recursos n\u00e3o Vinculados \/ -"},{"ano_emissao_emp":"2023","n_emp":"0000100","data_emissao":"14\/03\/2023","valor":"4.000,00","tipo_empenho":"Ordin\u00e1rio","hist_emp":"VALOR QUE SE EMPENHA PARA FAZER FACE A 04 (QUATRO) DI\u00c1RIAS COM PERNOITE, DESTINADAS AO CUSTEIO DAS DESPESAS DA VIAGEM A BRAS\u00cdLIA - DF, ONDE NA OPORTUNIDADE PARTICIPAR\u00c1 DA 24\u00aa MARCHA DOS MUNIC\u00cdPIOS ENTRE OS DIAS 27 E 31 DE MAR\u00c7O DE 2023.","fornecedor":"JOSE AILTON OLIVEIRA BORGES","denom_uni_orc":"CORPO DELIBERATIVO E SECRETARIA","funcao":"Legislativa","sub_funcao":"A\u00e7\u00e3o Legislativa","programa":"A\u00c7\u00c3O LEGISLATIVA","acao":"MANUTEN\u00c7\u00c3O DAS ATIVIDADES LEGISLATIVAS","ident_acao":"Atividade","cat_econ":"Despesa Corrente","natureza_despesa":"Outras Despesas Correntes","modalidade_despesa":"Aplica\u00e7\u00f5es Diretas","elemento_despesa":"Di\u00e1rias \u2013 Civil","sub_elem_desp":"SEM SUBELEMENTO","fonte_recurso":"Recursos do Exerc\u00edcio Corrente \/ Outros Recursos n\u00e3o Vinculados \/ -"},{"ano_emissao_emp":"2023","n_emp":"0000101","data_emissao":"14\/03\/2023","valor":"4.000,00","tipo_empenho":"Ordin\u00e1rio","hist_emp":"VALOR QUE SE EMPENHA PARA FAZER FACE A 04 (QUATRO) DI\u00c1RIA DESTINADA AO CUSTEIO DE DESPESAS COM HOSPEDAGEM, ALIMENTA\u00c7\u00c3O E LOCOMO\u00c7\u00c3O URBANA SAINDO DA SEDE DA C\u00c2MARA MUNICIPAL DE SANTA CRUZ DO CAPIBARIBE COM DESTINO A CIDADE DE BRAS\u00cdLIA PARA PARTICIPA\u00c7\u00c3O NA XXIV MARCHA A BRAS\u00cdLIA EM DEFESA DOS MUNIC\u00cdPIOS, QUE ACONTECER\u00c1 NOS DIAS 27 A 30 DE MAR\u00c7O DE 2023, NO CENTRO INTERNACIONAL DE CONVEN\u00c7\u00d5ES DO BRASIL (CICB), LOCALIZADO NO SCES TRECHO 2, CONJUNTO 63, LOTE 50, ASA SUL, BRAS\u00cdLIA, DF. PARA OUTRO PONTO DO TERRIT","fornecedor":"JOS\u00c9 CLIM\u00c9RIO NETO","denom_uni_orc":"CORPO DELIBERATIVO E SECRETARIA","funcao":"Legislativa","sub_funcao":"A\u00e7\u00e3o Legislativa","programa":"A\u00c7\u00c3O LEGISLATIVA","acao":"AQUISI\u00c7\u00c3O DE EQUIPAMENTOS DIVERSOS PARA O PROGRAMA PRIMEIRA INF\u00c2NCIA N","ident_acao":"Atividade","cat_econ":"Despesa Corrente","natureza_despesa":"Outras Despesas Correntes","modalidade_despesa":"Aplica\u00e7\u00f5es Diretas","elemento_despesa":"Di\u00e1rias \u2013 Civil","sub_elem_desp":"SEM SUBELEMENTO","fonte_recurso":"Recursos do Exerc\u00edcio Corrente \/ Outros Recursos n\u00e3o Vinculados \/ -"},{"ano_emissao_emp":"2023","n_emp":"0000101","data_emissao":"14\/03\/2023","valor":"4.000,00","tipo_empenho":"Ordin\u00e1rio","hist_emp":"VALOR QUE SE EMPENHA PARA FAZER FACE A 04 (QUATRO) DI\u00c1RIA DESTINADA AO CUSTEIO DE DESPESAS COM HOSPEDAGEM, ALIMENTA\u00c7\u00c3O E LOCOMO\u00c7\u00c3O URBANA SAINDO DA SEDE DA C\u00c2MARA MUNICIPAL DE SANTA CRUZ DO CAPIBARIBE COM DESTINO A CIDADE DE BRAS\u00cdLIA PARA PARTICIPA\u00c7\u00c3O NA XXIV MARCHA A BRAS\u00cdLIA EM DEFESA DOS MUNIC\u00cdPIOS, QUE ACONTECER\u00c1 NOS DIAS 27 A 30 DE MAR\u00c7O DE 2023, NO CENTRO INTERNACIONAL DE CONVEN\u00c7\u00d5ES DO BRASIL (CICB), LOCALIZADO NO SCES TRECHO 2, CONJUNTO 63, LOTE 50, ASA SUL, BRAS\u00cdLIA, DF. PARA OUTRO PONTO DO TERRIT","fornecedor":"JOS\u00c9 CLIM\u00c9RIO NETO","denom_uni_orc":"CORPO DELIBERATIVO E SECRETARIA","funcao":"Legislativa","sub_funcao":"A\u00e7\u00e3o Legislativa","programa":"A\u00c7\u00c3O LEGISLATIVA","acao":"MANUTEN\u00c7\u00c3O DAS ATIVIDADES LEGISLATIVAS","ident_acao":"Atividade","cat_econ":"Despesa Corrente","natureza_despesa":"Outras Despesas Correntes","modalidade_despesa":"Aplica\u00e7\u00f5es Diretas","elemento_despesa":"Di\u00e1rias \u2013 Civil","sub_elem_desp":"SEM SUBELEMENTO","fonte_recurso":"Recursos do Exerc\u00edcio Corrente \/ Outros Recursos n\u00e3o Vinculados \/ -"},{"ano_emissao_emp":"2023","n_emp":"0000102","data_emissao":"14\/03\/2023","valor":"4.000,00","tipo_empenho":"Ordin\u00e1rio","hist_emp":"VALOR QUE SE EMPENHA PARA FAZER FACE A 04 (QUATRO) 04 (QUATRO) DI\u00c1RIAS COM PERNOITE DESTINADAS AO CUSTEIO DAS DESPESAS REFERENTE A VIAJEM A CIDADE DE BRAS\u00cdLIA PARA PARTICIPA\u00c7\u00c3O NA XXIV MARCHA A BRAS\u00cdLIA EM DEFESA DOS MUNIC\u00cdPIOS, QUE ACONTECER\u00c1 NOS DIAS 27 A 30 DE MAR\u00c7O DE 2023, NO CENTRO INTERNACIONAL DE CONVEN\u00c7\u00d5ES DO BRASIL (CICB), LOCALIZADO NO SCES TRECHO 2, CONJUNTO 63, LOTE 50, ASA SUL, BRAS\u00cdLIA, DF.","fornecedor":"GILSON JOSE JULIAO","denom_uni_orc":"CORPO DELIBERATIVO E SECRETARIA","funcao":"Legislativa","sub_funcao":"A\u00e7\u00e3o Legislativa","programa":"A\u00c7\u00c3O LEGISLATIVA","acao":"AQUISI\u00c7\u00c3O DE EQUIPAMENTOS DIVERSOS PARA O PROGRAMA PRIMEIRA INF\u00c2NCIA N","ident_acao":"Atividade","cat_econ":"Despesa Corrente","natureza_despesa":"Outras Despesas Correntes","modalidade_despesa":"Aplica\u00e7\u00f5es Diretas","elemento_despesa":"Di\u00e1rias \u2013 Civil","sub_elem_desp":"SEM SUBELEMENTO","fonte_recurso":"Recursos do Exerc\u00edcio Corrente \/ Outros Recursos n\u00e3o Vinculados \/ -"},{"ano_emissao_emp":"2023","n_emp":"0000102","data_emissao":"14\/03\/2023","valor":"4.000,00","tipo_empenho":"Ordin\u00e1rio","hist_emp":"VALOR QUE SE EMPENHA PARA FAZER FACE A 04 (QUATRO) 04 (QUATRO) DI\u00c1RIAS COM PERNOITE DESTINADAS AO CUSTEIO DAS DESPESAS REFERENTE A VIAJEM A CIDADE DE BRAS\u00cdLIA PARA PARTICIPA\u00c7\u00c3O NA XXIV MARCHA A BRAS\u00cdLIA EM DEFESA DOS MUNIC\u00cdPIOS, QUE ACONTECER\u00c1 NOS DIAS 27 A 30 DE MAR\u00c7O DE 2023, NO CENTRO INTERNACIONAL DE CONVEN\u00c7\u00d5ES DO BRASIL (CICB), LOCALIZADO NO SCES TRECHO 2, CONJUNTO 63, LOTE 50, ASA SUL, BRAS\u00cdLIA, DF.","fornecedor":"GILSON JOSE JULIAO","denom_uni_orc":"CORPO DELIBERATIVO E SECRETARIA","funcao":"Legislativa","sub_funcao":"A\u00e7\u00e3o Legislativa","programa":"A\u00c7\u00c3O LEGISLATIVA","acao":"MANUTEN\u00c7\u00c3O DAS ATIVIDADES LEGISLATIVAS","ident_acao":"Atividade","cat_econ":"Despesa Corrente","natureza_despesa":"Outras Despesas Correntes","modalidade_despesa":"Aplica\u00e7\u00f5es Diretas","elemento_despesa":"Di\u00e1rias \u2013 Civil","sub_elem_desp":"SEM SUBELEMENTO","fonte_recurso":"Recursos do Exerc\u00edcio Corrente \/ Outros Recursos n\u00e3o Vinculados \/ -"},{"ano_emissao_emp":"2023","n_emp":"0000103","data_emissao":"14\/03\/2023","valor":"2.800,00","tipo_empenho":"Ordin\u00e1rio","hist_emp":"VALOR QUE SE EMPENHA PARA FAZER FACE AO PAGAMENTO DE DI\u00c1RIA DESTINADA AO CUSTEIO DE DESPESAS COM HOSPEDAGEM, ALIMENTA\u00c7\u00c3O E LOCOMO\u00c7\u00c3O URBANA SAINDO DA SEDE DA C\u00c2MARA MUNICIPAL DE SANTA CRUZ DO CAPIBARIBE PARA  PARTICIPAR DA XXIV MARCHA A BRAS\u00cdLIA EM DEFESA DOS MUNIC\u00cdPIOS QUE ACONTECER\u00c1 NA CIDADE DE BRAS\u00cdLIA, DISTRITO FEDERAL, PRESTANDO ASSESSORIA AO PRESIDENTE DESTA CASA LEGISLATIVA, O SR. JOS\u00c9 CLIM\u00c9RIO NETO.","fornecedor":"ANDERSON ALVES GUERRA","denom_uni_orc":"CORPO DELIBERATIVO E SECRETARIA","funcao":"Legislativa","sub_funcao":"A\u00e7\u00e3o Legislativa","programa":"A\u00c7\u00c3O LEGISLATIVA","acao":"AQUISI\u00c7\u00c3O DE M\u00d3VEIS, M\u00c1QUINAS E EQUIPAMENTOS DIVERSOS PARA O CONSELHO","ident_acao":"Atividade","cat_econ":"Despesa Corrente","natureza_despesa":"Outras Despesas Correntes","modalidade_despesa":"Aplica\u00e7\u00f5es Diretas","elemento_despesa":"Di\u00e1rias \u2013 Civil","sub_elem_desp":"SEM SUBELEMENTO","fonte_recurso":"Recursos do Exerc\u00edcio Corrente \/ Outros Recursos n\u00e3o Vinculados \/ -"},{"ano_emissao_emp":"2023","n_emp":"0000103","data_emissao":"14\/03\/2023","valor":"2.800,00","tipo_empenho":"Ordin\u00e1rio","hist_emp":"VALOR QUE SE EMPENHA PARA FAZER FACE AO PAGAMENTO DE DI\u00c1RIA DESTINADA AO CUSTEIO DE DESPESAS COM HOSPEDAGEM, ALIMENTA\u00c7\u00c3O E LOCOMO\u00c7\u00c3O URBANA SAINDO DA SEDE DA C\u00c2MARA MUNICIPAL DE SANTA CRUZ DO CAPIBARIBE PARA  PARTICIPAR DA XXIV MARCHA A BRAS\u00cdLIA EM DEFESA DOS MUNIC\u00cdPIOS QUE ACONTECER\u00c1 NA CIDADE DE BRAS\u00cdLIA, DISTRITO FEDERAL, PRESTANDO ASSESSORIA AO PRESIDENTE DESTA CASA LEGISLATIVA, O SR. JOS\u00c9 CLIM\u00c9RIO NETO.","fornecedor":"ANDERSON ALVES GUERRA","denom_uni_orc":"CORPO DELIBERATIVO E SECRETARIA","funcao":"Legislativa","sub_funcao":"A\u00e7\u00e3o Legislativa","programa":"A\u00c7\u00c3O LEGISLATIVA","acao":"MANUTEN\u00c7\u00c3O DAS ATIVIDADES ADMINISTRATIVAS","ident_acao":"Atividade","cat_econ":"Despesa Corrente","natureza_despesa":"Outras Despesas Correntes","modalidade_despesa":"Aplica\u00e7\u00f5es Diretas","elemento_despesa":"Di\u00e1rias \u2013 Civil","sub_elem_desp":"SEM SUBELEMENTO","fonte_recurso":"Recursos do Exerc\u00edcio Corrente \/ Outros Recursos n\u00e3o Vinculados \/ -"},{"ano_emissao_emp":"2023","n_emp":"0000103","data_emissao":"14\/03\/2023","valor":"2.800,00","tipo_empenho":"Ordin\u00e1rio","hist_emp":"VALOR QUE SE EMPENHA PARA FAZER FACE AO PAGAMENTO DE DI\u00c1RIA DESTINADA AO CUSTEIO DE DESPESAS COM HOSPEDAGEM, ALIMENTA\u00c7\u00c3O E LOCOMO\u00c7\u00c3O URBANA SAINDO DA SEDE DA C\u00c2MARA MUNICIPAL DE SANTA CRUZ DO CAPIBARIBE PARA  PARTICIPAR DA XXIV MARCHA A BRAS\u00cdLIA EM DEFESA DOS MUNIC\u00cdPIOS QUE ACONTECER\u00c1 NA CIDADE DE BRAS\u00cdLIA, DISTRITO FEDERAL, PRESTANDO ASSESSORIA AO PRESIDENTE DESTA CASA LEGISLATIVA, O SR. JOS\u00c9 CLIM\u00c9RIO NETO.","fornecedor":"ANDERSON ALVES GUERRA","denom_uni_orc":"CORPO DELIBERATIVO E SECRETARIA","funcao":"Legislativa","sub_funcao":"A\u00e7\u00e3o Legislativa","programa":"A\u00c7\u00c3O LEGISLATIVA","acao":"INDENIZA\u00c7\u00d5ES E RESTITUI\u00c7\u00d5ES DIVERSAS (FMS)","ident_acao":"Atividade","cat_econ":"Despesa Corrente","natureza_despesa":"Outras Despesas Correntes","modalidade_despesa":"Aplica\u00e7\u00f5es Diretas","elemento_despesa":"Di\u00e1rias \u2013 Civil","sub_elem_desp":"SEM SUBELEMENTO","fonte_recurso":"Recursos do Exerc\u00edcio Corrente \/ Outros Recursos n\u00e3o Vinculados \/ -"},{"ano_emissao_emp":"2023","n_emp":"0000104","data_emissao":"14\/03\/2023","valor":"4.000,00","tipo_empenho":"Ordin\u00e1rio","hist_emp":"VALOR QUE SE EMPENHA PARA FAZER FACE 04 (QUARTO ) DI\u00c1RIA (COM) PERNOITE DESTINADA(S), PARA CUSTEIO DAS DESPESAS DA VIAJEM A CIDADE DE BRASILIA-DF, COM VISTAS A PARTICIPAR DA MARCHA A BRAS\u00cdLIA EM DEFESA DOS MUNIC\u00cdPIOS, QUE ACONTECERA DE 27 A 31 DE MAR\u00c7O DE 2023.","fornecedor":"JOSE MANOEL DA SILVA","denom_uni_orc":"CORPO DELIBERATIVO E SECRETARIA","funcao":"Legislativa","sub_funcao":"A\u00e7\u00e3o Legislativa","programa":"A\u00c7\u00c3O LEGISLATIVA","acao":"AQUISI\u00c7\u00c3O DE EQUIPAMENTOS DIVERSOS PARA O PROGRAMA PRIMEIRA INF\u00c2NCIA N","ident_acao":"Atividade","cat_econ":"Despesa Corrente","natureza_despesa":"Outras Despesas Correntes","modalidade_despesa":"Aplica\u00e7\u00f5es Diretas","elemento_despesa":"Di\u00e1rias \u2013 Civil","sub_elem_desp":"SEM SUBELEMENTO","fonte_recurso":"Recursos do Exerc\u00edcio Corrente \/ Outros Recursos n\u00e3o Vinculados \/ -"},{"ano_emissao_emp":"2023","n_emp":"0000104","data_emissao":"14\/03\/2023","valor":"4.000,00","tipo_empenho":"Ordin\u00e1rio","hist_emp":"VALOR QUE SE EMPENHA PARA FAZER FACE 04 (QUARTO ) DI\u00c1RIA (COM) PERNOITE DESTINADA(S), PARA CUSTEIO DAS DESPESAS DA VIAJEM A CIDADE DE BRASILIA-DF, COM VISTAS A PARTICIPAR DA MARCHA A BRAS\u00cdLIA EM DEFESA DOS MUNIC\u00cdPIOS, QUE ACONTECERA DE 27 A 31 DE MAR\u00c7O DE 2023.","fornecedor":"JOSE MANOEL DA SILVA","denom_uni_orc":"CORPO DELIBERATIVO E SECRETARIA","funcao":"Legislativa","sub_funcao":"A\u00e7\u00e3o Legislativa","programa":"A\u00c7\u00c3O LEGISLATIVA","acao":"MANUTEN\u00c7\u00c3O DAS ATIVIDADES LEGISLATIVAS","ident_acao":"Atividade","cat_econ":"Despesa Corrente","natureza_despesa":"Outras Despesas Correntes","modalidade_despesa":"Aplica\u00e7\u00f5es Diretas","elemento_despesa":"Di\u00e1rias \u2013 Civil","sub_elem_desp":"SEM SUBELEMENTO","fonte_recurso":"Recursos do Exerc\u00edcio Corrente \/ Outros Recursos n\u00e3o Vinculados \/ -"},{"ano_emissao_emp":"2023","n_emp":"0000105","data_emissao":"14\/03\/2023","valor":"225,60","tipo_empenho":"Ordin\u00e1rio","hist_emp":"VALOR QUE SE EMPENHA PARA FAZER FACE A AQUISI\u00c7\u00c3O DE MATERIAIS DE CONSUMO PARA MANUTEN\u00c7\u00c3O DESTA CASA, , CELEBRADO MEDIANTE DISPENSA DE LICITA\u00c7\u00c3O, COM FUNDAMENTO NO ARTIGO 24, INCISO 2\u00ba DA LEI 8.666\/93.","fornecedor":"JCL LAJES E MATERIAIS PARA CONSTRU\u00c7\u00c3O LTDA","denom_uni_orc":"CORPO DELIBERATIVO E SECRETARIA","funcao":"Legislativa","sub_funcao":"A\u00e7\u00e3o Legislativa","programa":"A\u00c7\u00c3O LEGISLATIVA","acao":"AQUISI\u00c7\u00c3O DE M\u00d3VEIS, M\u00c1QUINAS E EQUIPAMENTOS DIVERSOS PARA O CONSELHO","ident_acao":"Atividade","cat_econ":"Despesa Corrente","natureza_despesa":"Outras Despesas Correntes","modalidade_despesa":"Aplica\u00e7\u00f5es Diretas","elemento_despesa":"Material de Consumo","sub_elem_desp":"SEM SUBELEMENTO","fonte_recurso":"Recursos do Exerc\u00edcio Corrente \/ Outros Recursos n\u00e3o Vinculados \/ -"},{"ano_emissao_emp":"2023","n_emp":"0000105","data_emissao":"14\/03\/2023","valor":"225,60","tipo_empenho":"Ordin\u00e1rio","hist_emp":"VALOR QUE SE EMPENHA PARA FAZER FACE A AQUISI\u00c7\u00c3O DE MATERIAIS DE CONSUMO PARA MANUTEN\u00c7\u00c3O DESTA CASA, , CELEBRADO MEDIANTE DISPENSA DE LICITA\u00c7\u00c3O, COM FUNDAMENTO NO ARTIGO 24, INCISO 2\u00ba DA LEI 8.666\/93.","fornecedor":"JCL LAJES E MATERIAIS PARA CONSTRU\u00c7\u00c3O LTDA","denom_uni_orc":"CORPO DELIBERATIVO E SECRETARIA","funcao":"Legislativa","sub_funcao":"A\u00e7\u00e3o Legislativa","programa":"A\u00c7\u00c3O LEGISLATIVA","acao":"MANUTEN\u00c7\u00c3O DAS ATIVIDADES ADMINISTRATIVAS","ident_acao":"Atividade","cat_econ":"Despesa Corrente","natureza_despesa":"Outras Despesas Correntes","modalidade_despesa":"Aplica\u00e7\u00f5es Diretas","elemento_despesa":"Material de Consumo","sub_elem_desp":"SEM SUBELEMENTO","fonte_recurso":"Recursos do Exerc\u00edcio Corrente \/ Outros Recursos n\u00e3o Vinculados \/ -"},{"ano_emissao_emp":"2023","n_emp":"0000105","data_emissao":"14\/03\/2023","valor":"225,60","tipo_empenho":"Ordin\u00e1rio","hist_emp":"VALOR QUE SE EMPENHA PARA FAZER FACE A AQUISI\u00c7\u00c3O DE MATERIAIS DE CONSUMO PARA MANUTEN\u00c7\u00c3O DESTA CASA, , CELEBRADO MEDIANTE DISPENSA DE LICITA\u00c7\u00c3O, COM FUNDAMENTO NO ARTIGO 24, INCISO 2\u00ba DA LEI 8.666\/93.","fornecedor":"JCL LAJES E MATERIAIS PARA CONSTRU\u00c7\u00c3O LTDA","denom_uni_orc":"CORPO DELIBERATIVO E SECRETARIA","funcao":"Legislativa","sub_funcao":"A\u00e7\u00e3o Legislativa","programa":"A\u00c7\u00c3O LEGISLATIVA","acao":"INDENIZA\u00c7\u00d5ES E RESTITUI\u00c7\u00d5ES DIVERSAS (FMS)","ident_acao":"Atividade","cat_econ":"Despesa Corrente","natureza_despesa":"Outras Despesas Correntes","modalidade_despesa":"Aplica\u00e7\u00f5es Diretas","elemento_despesa":"Material de Consumo","sub_elem_desp":"SEM SUBELEMENTO","fonte_recurso":"Recursos do Exerc\u00edcio Corrente \/ Outros Recursos n\u00e3o Vinculados \/ -"},{"ano_emissao_emp":"2023","n_emp":"0000106","data_emissao":"15\/03\/2023","valor":"60,00","tipo_empenho":"Ordin\u00e1rio","hist_emp":"VALOR QUE SE EMPENHA PARA FAZER FACE AO CUSTEIO DE LAVAGEM SIMPLES DE CARRO SPIN DE PLACA- PCN 6664 PERTENCENTE A ESTA C\u00c2MARA DE VEREADORE, , CELEBRADO MEDIANTE DISPENSA DE LICITA\u00c7\u00c3O, COM FUNDAMENTO NO ARTIGO 24, INCISO 2\u00ba DA LEI 8.666\/93.","fornecedor":"J R DA SILVA LAVA JATO","denom_uni_orc":"CORPO DELIBERATIVO E SECRETARIA","funcao":"Legislativa","sub_funcao":"A\u00e7\u00e3o Legislativa","programa":"A\u00c7\u00c3O LEGISLATIVA","acao":"AQUISI\u00c7\u00c3O DE M\u00d3VEIS, M\u00c1QUINAS E EQUIPAMENTOS DIVERSOS PARA O CONSELHO","ident_acao":"Atividade","cat_econ":"Despesa Corrente","natureza_despesa":"Outras Despesas Correntes","modalidade_despesa":"Aplica\u00e7\u00f5es Diretas","elemento_despesa":"Outros Servi\u00e7os de Terceiros - Pessoa Jur\u00eddica","sub_elem_desp":"SEM SUBELEMENTO","fonte_recurso":"Recursos do Exerc\u00edcio Corrente \/ Outros Recursos n\u00e3o Vinculados \/ -"},{"ano_emissao_emp":"2023","n_emp":"0000106","data_emissao":"15\/03\/2023","valor":"60,00","tipo_empenho":"Ordin\u00e1rio","hist_emp":"VALOR QUE SE EMPENHA PARA FAZER FACE AO CUSTEIO DE LAVAGEM SIMPLES DE CARRO SPIN DE PLACA- PCN 6664 PERTENCENTE A ESTA C\u00c2MARA DE VEREADORE, , CELEBRADO MEDIANTE DISPENSA DE LICITA\u00c7\u00c3O, COM FUNDAMENTO NO ARTIGO 24, INCISO 2\u00ba DA LEI 8.666\/93.","fornecedor":"J R DA SILVA LAVA JATO","denom_uni_orc":"CORPO DELIBERATIVO E SECRETARIA","funcao":"Legislativa","sub_funcao":"A\u00e7\u00e3o Legislativa","programa":"A\u00c7\u00c3O LEGISLATIVA","acao":"MANUTEN\u00c7\u00c3O DAS ATIVIDADES ADMINISTRATIVAS","ident_acao":"Atividade","cat_econ":"Despesa Corrente","natureza_despesa":"Outras Despesas Correntes","modalidade_despesa":"Aplica\u00e7\u00f5es Diretas","elemento_despesa":"Outros Servi\u00e7os de Terceiros - Pessoa Jur\u00eddica","sub_elem_desp":"SEM SUBELEMENTO","fonte_recurso":"Recursos do Exerc\u00edcio Corrente \/ Outros Recursos n\u00e3o Vinculados \/ -"},{"ano_emissao_emp":"2023","n_emp":"0000106","data_emissao":"15\/03\/2023","valor":"60,00","tipo_empenho":"Ordin\u00e1rio","hist_emp":"VALOR QUE SE EMPENHA PARA FAZER FACE AO CUSTEIO DE LAVAGEM SIMPLES DE CARRO SPIN DE PLACA- PCN 6664 PERTENCENTE A ESTA C\u00c2MARA DE VEREADORE, , CELEBRADO MEDIANTE DISPENSA DE LICITA\u00c7\u00c3O, COM FUNDAMENTO NO ARTIGO 24, INCISO 2\u00ba DA LEI 8.666\/93.","fornecedor":"J R DA SILVA LAVA JATO","denom_uni_orc":"CORPO DELIBERATIVO E SECRETARIA","funcao":"Legislativa","sub_funcao":"A\u00e7\u00e3o Legislativa","programa":"A\u00c7\u00c3O LEGISLATIVA","acao":"INDENIZA\u00c7\u00d5ES E RESTITUI\u00c7\u00d5ES DIVERSAS (FMS)","ident_acao":"Atividade","cat_econ":"Despesa Corrente","natureza_despesa":"Outras Despesas Correntes","modalidade_despesa":"Aplica\u00e7\u00f5es Diretas","elemento_despesa":"Outros Servi\u00e7os de Terceiros - Pessoa Jur\u00eddica","sub_elem_desp":"SEM SUBELEMENTO","fonte_recurso":"Recursos do Exerc\u00edcio Corrente \/ Outros Recursos n\u00e3o Vinculados \/ -"},{"ano_emissao_emp":"2023","n_emp":"0000107","data_emissao":"16\/03\/2023","valor":"2.800,00","tipo_empenho":"Ordin\u00e1rio","hist_emp":"VALOR QUE SE EMPENHA PARA FAZER FACE A 04 (QUATRO) DI\u00c1RIAS EM CONFORMIDADE DO ARTIGO 2\u00ba DA RESOLU\u00c7\u00c3O N\u00ba 004\/2006, COM PERNOITE DESTINADAS AO CUSTEIO DAS DESPESAS REFERENTE A VIAGEM A CIDADE BRAS\u00cdLIA, PARA PARTICIPA\u00c7\u00c3O DA XXIV MARCHA A BRAS\u00cdLIA EM DEFESA DOS MUNIC\u00cdPIOS, QUE ACONTECER\u00c1 NO CENTRO INTERNACIONAL DE CONVEN\u00c7\u00d5ES DO BRASIL (CICB), LOCALIZADO NO SCES TRECHO 2, CONJUNTO 63, LOTE 50, ASA SUL, BRAS\u00cdLIA, DF.","fornecedor":"GILBERTO JOS\u00c9 DA SILVA","denom_uni_orc":"CORPO DELIBERATIVO E SECRETARIA","funcao":"Legislativa","sub_funcao":"A\u00e7\u00e3o Legislativa","programa":"A\u00c7\u00c3O LEGISLATIVA","acao":"AQUISI\u00c7\u00c3O DE M\u00d3VEIS, M\u00c1QUINAS E EQUIPAMENTOS DIVERSOS PARA O CONSELHO","ident_acao":"Atividade","cat_econ":"Despesa Corrente","natureza_despesa":"Outras Despesas Correntes","modalidade_despesa":"Aplica\u00e7\u00f5es Diretas","elemento_despesa":"Di\u00e1rias \u2013 Civil","sub_elem_desp":"SEM SUBELEMENTO","fonte_recurso":"Recursos do Exerc\u00edcio Corrente \/ Outros Recursos n\u00e3o Vinculados \/ -"},{"ano_emissao_emp":"2023","n_emp":"0000107","data_emissao":"16\/03\/2023","valor":"2.800,00","tipo_empenho":"Ordin\u00e1rio","hist_emp":"VALOR QUE SE EMPENHA PARA FAZER FACE A 04 (QUATRO) DI\u00c1RIAS EM CONFORMIDADE DO ARTIGO 2\u00ba DA RESOLU\u00c7\u00c3O N\u00ba 004\/2006, COM PERNOITE DESTINADAS AO CUSTEIO DAS DESPESAS REFERENTE A VIAGEM A CIDADE BRAS\u00cdLIA, PARA PARTICIPA\u00c7\u00c3O DA XXIV MARCHA A BRAS\u00cdLIA EM DEFESA DOS MUNIC\u00cdPIOS, QUE ACONTECER\u00c1 NO CENTRO INTERNACIONAL DE CONVEN\u00c7\u00d5ES DO BRASIL (CICB), LOCALIZADO NO SCES TRECHO 2, CONJUNTO 63, LOTE 50, ASA SUL, BRAS\u00cdLIA, DF.","fornecedor":"GILBERTO JOS\u00c9 DA SILVA","denom_uni_orc":"CORPO DELIBERATIVO E SECRETARIA","funcao":"Legislativa","sub_funcao":"A\u00e7\u00e3o Legislativa","programa":"A\u00c7\u00c3O LEGISLATIVA","acao":"MANUTEN\u00c7\u00c3O DAS ATIVIDADES ADMINISTRATIVAS","ident_acao":"Atividade","cat_econ":"Despesa Corrente","natureza_despesa":"Outras Despesas Correntes","modalidade_despesa":"Aplica\u00e7\u00f5es Diretas","elemento_despesa":"Di\u00e1rias \u2013 Civil","sub_elem_desp":"SEM SUBELEMENTO","fonte_recurso":"Recursos do Exerc\u00edcio Corrente \/ Outros Recursos n\u00e3o Vinculados \/ -"},{"ano_emissao_emp":"2023","n_emp":"0000107","data_emissao":"16\/03\/2023","valor":"2.800,00","tipo_empenho":"Ordin\u00e1rio","hist_emp":"VALOR QUE SE EMPENHA PARA FAZER FACE A 04 (QUATRO) DI\u00c1RIAS EM CONFORMIDADE DO ARTIGO 2\u00ba DA RESOLU\u00c7\u00c3O N\u00ba 004\/2006, COM PERNOITE DESTINADAS AO CUSTEIO DAS DESPESAS REFERENTE A VIAGEM A CIDADE BRAS\u00cdLIA, PARA PARTICIPA\u00c7\u00c3O DA XXIV MARCHA A BRAS\u00cdLIA EM DEFESA DOS MUNIC\u00cdPIOS, QUE ACONTECER\u00c1 NO CENTRO INTERNACIONAL DE CONVEN\u00c7\u00d5ES DO BRASIL (CICB), LOCALIZADO NO SCES TRECHO 2, CONJUNTO 63, LOTE 50, ASA SUL, BRAS\u00cdLIA, DF.","fornecedor":"GILBERTO JOS\u00c9 DA SILVA","denom_uni_orc":"CORPO DELIBERATIVO E SECRETARIA","funcao":"Legislativa","sub_funcao":"A\u00e7\u00e3o Legislativa","programa":"A\u00c7\u00c3O LEGISLATIVA","acao":"INDENIZA\u00c7\u00d5ES E RESTITUI\u00c7\u00d5ES DIVERSAS (FMS)","ident_acao":"Atividade","cat_econ":"Despesa Corrente","natureza_despesa":"Outras Despesas Correntes","modalidade_despesa":"Aplica\u00e7\u00f5es Diretas","elemento_despesa":"Di\u00e1rias \u2013 Civil","sub_elem_desp":"SEM SUBELEMENTO","fonte_recurso":"Recursos do Exerc\u00edcio Corrente \/ Outros Recursos n\u00e3o Vinculados \/ -"},{"ano_emissao_emp":"2023","n_emp":"0000108","data_emissao":"16\/03\/2023","valor":"2.800,00","tipo_empenho":"Ordin\u00e1rio","hist_emp":"VALOR QUE SE EMPENHA PARA FAZER FACE COBERTURA JORNAL\u00cdSTICA E INSTITUCIONAL DAS ATIVIDADES PARLAMENTARES DO PRESIDENTE JOS\u00c9 CLIM\u00c9RIO NETO E DEMAIS VEREADORES NA XXIV MARCHA A BRAS\u00cdLIA EM DEFESA DOS MUNIC\u00cdPIOS, C\u00c2MARA DOS DEPUTADOS E MINIST\u00c9RIOS A FIM DE MEDIAR BENEF\u00cdCIOS PARA SANTA CRUZ DO CAPIBARIBE - PE.","fornecedor":"VICTOR EMMANUEL DA SILVA OLIVEIRA","denom_uni_orc":"CORPO DELIBERATIVO E SECRETARIA","funcao":"Legislativa","sub_funcao":"A\u00e7\u00e3o Legislativa","programa":"A\u00c7\u00c3O LEGISLATIVA","acao":"AQUISI\u00c7\u00c3O DE M\u00d3VEIS, M\u00c1QUINAS E EQUIPAMENTOS DIVERSOS PARA O CONSELHO","ident_acao":"Atividade","cat_econ":"Despesa Corrente","natureza_despesa":"Outras Despesas Correntes","modalidade_despesa":"Aplica\u00e7\u00f5es Diretas","elemento_despesa":"Di\u00e1rias \u2013 Civil","sub_elem_desp":"SEM SUBELEMENTO","fonte_recurso":"Recursos do Exerc\u00edcio Corrente \/ Outros Recursos n\u00e3o Vinculados \/ -"},{"ano_emissao_emp":"2023","n_emp":"0000108","data_emissao":"16\/03\/2023","valor":"2.800,00","tipo_empenho":"Ordin\u00e1rio","hist_emp":"VALOR QUE SE EMPENHA PARA FAZER FACE COBERTURA JORNAL\u00cdSTICA E INSTITUCIONAL DAS ATIVIDADES PARLAMENTARES DO PRESIDENTE JOS\u00c9 CLIM\u00c9RIO NETO E DEMAIS VEREADORES NA XXIV MARCHA A BRAS\u00cdLIA EM DEFESA DOS MUNIC\u00cdPIOS, C\u00c2MARA DOS DEPUTADOS E MINIST\u00c9RIOS A FIM DE MEDIAR BENEF\u00cdCIOS PARA SANTA CRUZ DO CAPIBARIBE - PE.","fornecedor":"VICTOR EMMANUEL DA SILVA OLIVEIRA","denom_uni_orc":"CORPO DELIBERATIVO E SECRETARIA","funcao":"Legislativa","sub_funcao":"A\u00e7\u00e3o Legislativa","programa":"A\u00c7\u00c3O LEGISLATIVA","acao":"MANUTEN\u00c7\u00c3O DAS ATIVIDADES ADMINISTRATIVAS","ident_acao":"Atividade","cat_econ":"Despesa Corrente","natureza_despesa":"Outras Despesas Correntes","modalidade_despesa":"Aplica\u00e7\u00f5es Diretas","elemento_despesa":"Di\u00e1rias \u2013 Civil","sub_elem_desp":"SEM SUBELEMENTO","fonte_recurso":"Recursos do Exerc\u00edcio Corrente \/ Outros Recursos n\u00e3o Vinculados \/ -"},{"ano_emissao_emp":"2023","n_emp":"0000108","data_emissao":"16\/03\/2023","valor":"2.800,00","tipo_empenho":"Ordin\u00e1rio","hist_emp":"VALOR QUE SE EMPENHA PARA FAZER FACE COBERTURA JORNAL\u00cdSTICA E INSTITUCIONAL DAS ATIVIDADES PARLAMENTARES DO PRESIDENTE JOS\u00c9 CLIM\u00c9RIO NETO E DEMAIS VEREADORES NA XXIV MARCHA A BRAS\u00cdLIA EM DEFESA DOS MUNIC\u00cdPIOS, C\u00c2MARA DOS DEPUTADOS E MINIST\u00c9RIOS A FIM DE MEDIAR BENEF\u00cdCIOS PARA SANTA CRUZ DO CAPIBARIBE - PE.","fornecedor":"VICTOR EMMANUEL DA SILVA OLIVEIRA","denom_uni_orc":"CORPO DELIBERATIVO E SECRETARIA","funcao":"Legislativa","sub_funcao":"A\u00e7\u00e3o Legislativa","programa":"A\u00c7\u00c3O LEGISLATIVA","acao":"INDENIZA\u00c7\u00d5ES E RESTITUI\u00c7\u00d5ES DIVERSAS (FMS)","ident_acao":"Atividade","cat_econ":"Despesa Corrente","natureza_despesa":"Outras Despesas Correntes","modalidade_despesa":"Aplica\u00e7\u00f5es Diretas","elemento_despesa":"Di\u00e1rias \u2013 Civil","sub_elem_desp":"SEM SUBELEMENTO","fonte_recurso":"Recursos do Exerc\u00edcio Corrente \/ Outros Recursos n\u00e3o Vinculados \/ -"},{"ano_emissao_emp":"2023","n_emp":"0000109","data_emissao":"17\/03\/2023","valor":"4.000,00","tipo_empenho":"Ordin\u00e1rio","hist_emp":"VALOR QUE SE EMPENHA DESTINASE A FAZER FACE 04 (CINCO) DI\u00c1RIAS COM PERNOITE, DESTINADAS AO CUSTEIO DAS DESPESAS DA VIAGEM A BRAS\u00cdLIA - DF, ONDE NA OPORTUNIDADE PARTICIPAR\u00c1 DA 24\u00aa MARCHA DOS MUNIC\u00cdPIOS ENTRE OS DIAS 27 A 31 DE MAR\u00c7O DE 2023.","fornecedor":"C\u00cdCERO COSMO DA SILVA","denom_uni_orc":"CORPO DELIBERATIVO E SECRETARIA","funcao":"Legislativa","sub_funcao":"A\u00e7\u00e3o Legislativa","programa":"A\u00c7\u00c3O LEGISLATIVA","acao":"AQUISI\u00c7\u00c3O DE EQUIPAMENTOS DIVERSOS PARA O PROGRAMA PRIMEIRA INF\u00c2NCIA N","ident_acao":"Atividade","cat_econ":"Despesa Corrente","natureza_despesa":"Outras Despesas Correntes","modalidade_despesa":"Aplica\u00e7\u00f5es Diretas","elemento_despesa":"Di\u00e1rias \u2013 Civil","sub_elem_desp":"SEM SUBELEMENTO","fonte_recurso":"Recursos do Exerc\u00edcio Corrente \/ Outros Recursos n\u00e3o Vinculados \/ -"},{"ano_emissao_emp":"2023","n_emp":"0000109","data_emissao":"17\/03\/2023","valor":"4.000,00","tipo_empenho":"Ordin\u00e1rio","hist_emp":"VALOR QUE SE EMPENHA DESTINASE A FAZER FACE 04 (CINCO) DI\u00c1RIAS COM PERNOITE, DESTINADAS AO CUSTEIO DAS DESPESAS DA VIAGEM A BRAS\u00cdLIA - DF, ONDE NA OPORTUNIDADE PARTICIPAR\u00c1 DA 24\u00aa MARCHA DOS MUNIC\u00cdPIOS ENTRE OS DIAS 27 A 31 DE MAR\u00c7O DE 2023.","fornecedor":"C\u00cdCERO COSMO DA SILVA","denom_uni_orc":"CORPO DELIBERATIVO E SECRETARIA","funcao":"Legislativa","sub_funcao":"A\u00e7\u00e3o Legislativa","programa":"A\u00c7\u00c3O LEGISLATIVA","acao":"MANUTEN\u00c7\u00c3O DAS ATIVIDADES LEGISLATIVAS","ident_acao":"Atividade","cat_econ":"Despesa Corrente","natureza_despesa":"Outras Despesas Correntes","modalidade_despesa":"Aplica\u00e7\u00f5es Diretas","elemento_despesa":"Di\u00e1rias \u2013 Civil","sub_elem_desp":"SEM SUBELEMENTO","fonte_recurso":"Recursos do Exerc\u00edcio Corrente \/ Outros Recursos n\u00e3o Vinculados \/ -"},{"ano_emissao_emp":"2023","n_emp":"0000110","data_emissao":"17\/03\/2023","valor":"4.000,00","tipo_empenho":"Ordin\u00e1rio","hist_emp":"VALOR QUE SE EMPEMHA PARA FAZER FACE A 04 (QUATRO) DI\u00c1RIAS COM PERNOITE DESTINADAS AO CUSTEIO DAS DESPESAS REFERENTE A VIAJEM A CIDADE DE BRAS\u00cdLIA PARA PARTICIPA\u00c7\u00c3O NA XXIV MARCHA A BRAS\u00cdLIA EM DEFESA DOS MUNIC\u00cdPIOS, QUE ACONTECER\u00c1 NOS DIAS 27 A 30 DE MAR\u00c7O DE 2023, NO CENTRO INTERNACIONAL DE CONVEN\u00c7\u00d5ES DO BRASIL (CICB), LOCALIZADO NO SCES TRECHO 2, CONJUNTO 63, LOTE 50, ASA SUL, BRAS\u00cdLIA, DF.","fornecedor":"JOSE CARLOS DA SILVA","denom_uni_orc":"CORPO DELIBERATIVO E SECRETARIA","funcao":"Legislativa","sub_funcao":"A\u00e7\u00e3o Legislativa","programa":"A\u00c7\u00c3O LEGISLATIVA","acao":"AQUISI\u00c7\u00c3O DE EQUIPAMENTOS DIVERSOS PARA O PROGRAMA PRIMEIRA INF\u00c2NCIA N","ident_acao":"Atividade","cat_econ":"Despesa Corrente","natureza_despesa":"Outras Despesas Correntes","modalidade_despesa":"Aplica\u00e7\u00f5es Diretas","elemento_despesa":"Di\u00e1rias \u2013 Civil","sub_elem_desp":"SEM SUBELEMENTO","fonte_recurso":"Recursos do Exerc\u00edcio Corrente \/ Outros Recursos n\u00e3o Vinculados \/ -"},{"ano_emissao_emp":"2023","n_emp":"0000110","data_emissao":"17\/03\/2023","valor":"4.000,00","tipo_empenho":"Ordin\u00e1rio","hist_emp":"VALOR QUE SE EMPEMHA PARA FAZER FACE A 04 (QUATRO) DI\u00c1RIAS COM PERNOITE DESTINADAS AO CUSTEIO DAS DESPESAS REFERENTE A VIAJEM A CIDADE DE BRAS\u00cdLIA PARA PARTICIPA\u00c7\u00c3O NA XXIV MARCHA A BRAS\u00cdLIA EM DEFESA DOS MUNIC\u00cdPIOS, QUE ACONTECER\u00c1 NOS DIAS 27 A 30 DE MAR\u00c7O DE 2023, NO CENTRO INTERNACIONAL DE CONVEN\u00c7\u00d5ES DO BRASIL (CICB), LOCALIZADO NO SCES TRECHO 2, CONJUNTO 63, LOTE 50, ASA SUL, BRAS\u00cdLIA, DF.","fornecedor":"JOSE CARLOS DA SILVA","denom_uni_orc":"CORPO DELIBERATIVO E SECRETARIA","funcao":"Legislativa","sub_funcao":"A\u00e7\u00e3o Legislativa","programa":"A\u00c7\u00c3O LEGISLATIVA","acao":"MANUTEN\u00c7\u00c3O DAS ATIVIDADES LEGISLATIVAS","ident_acao":"Atividade","cat_econ":"Despesa Corrente","natureza_despesa":"Outras Despesas Correntes","modalidade_despesa":"Aplica\u00e7\u00f5es Diretas","elemento_despesa":"Di\u00e1rias \u2013 Civil","sub_elem_desp":"SEM SUBELEMENTO","fonte_recurso":"Recursos do Exerc\u00edcio Corrente \/ Outros Recursos n\u00e3o Vinculados \/ -"},{"ano_emissao_emp":"2023","n_emp":"0000111","data_emissao":"17\/03\/2023","valor":"4.000,00","tipo_empenho":"Ordin\u00e1rio","hist_emp":"VALOR QUE SE EMPENHA PARA FAZER FACE A 04 (QUATRO) DIARIAS PARA CUSTEIA DESLOCAMENTO ACIDADE DE  BRASILIA ONDE IRA PARTICIPAR DA XXIV MACHA A BRAS\u00cdLIA EM DEFESA DOS MUNIC\u00cdPIOS A SER REALIZADO NOS DIAS 27 \u00c0 31 DE MAR\u00c7O DE 2023.","fornecedor":"JOSE ADEMIR PEREIRA","denom_uni_orc":"CORPO DELIBERATIVO E SECRETARIA","funcao":"Legislativa","sub_funcao":"A\u00e7\u00e3o Legislativa","programa":"A\u00c7\u00c3O LEGISLATIVA","acao":"AQUISI\u00c7\u00c3O DE EQUIPAMENTOS DIVERSOS PARA O PROGRAMA PRIMEIRA INF\u00c2NCIA N","ident_acao":"Atividade","cat_econ":"Despesa Corrente","natureza_despesa":"Outras Despesas Correntes","modalidade_despesa":"Aplica\u00e7\u00f5es Diretas","elemento_despesa":"Di\u00e1rias \u2013 Civil","sub_elem_desp":"SEM SUBELEMENTO","fonte_recurso":"Recursos do Exerc\u00edcio Corrente \/ Outros Recursos n\u00e3o Vinculados \/ -"},{"ano_emissao_emp":"2023","n_emp":"0000111","data_emissao":"17\/03\/2023","valor":"4.000,00","tipo_empenho":"Ordin\u00e1rio","hist_emp":"VALOR QUE SE EMPENHA PARA FAZER FACE A 04 (QUATRO) DIARIAS PARA CUSTEIA DESLOCAMENTO ACIDADE DE  BRASILIA ONDE IRA PARTICIPAR DA XXIV MACHA A BRAS\u00cdLIA EM DEFESA DOS MUNIC\u00cdPIOS A SER REALIZADO NOS DIAS 27 \u00c0 31 DE MAR\u00c7O DE 2023.","fornecedor":"JOSE ADEMIR PEREIRA","denom_uni_orc":"CORPO DELIBERATIVO E SECRETARIA","funcao":"Legislativa","sub_funcao":"A\u00e7\u00e3o Legislativa","programa":"A\u00c7\u00c3O LEGISLATIVA","acao":"MANUTEN\u00c7\u00c3O DAS ATIVIDADES LEGISLATIVAS","ident_acao":"Atividade","cat_econ":"Despesa Corrente","natureza_despesa":"Outras Despesas Correntes","modalidade_despesa":"Aplica\u00e7\u00f5es Diretas","elemento_despesa":"Di\u00e1rias \u2013 Civil","sub_elem_desp":"SEM SUBELEMENTO","fonte_recurso":"Recursos do Exerc\u00edcio Corrente \/ Outros Recursos n\u00e3o Vinculados \/ -"},{"ano_emissao_emp":"2023","n_emp":"0000112","data_emissao":"17\/03\/2023","valor":"4.000,00","tipo_empenho":"Ordin\u00e1rio","hist_emp":"VALOR QUE SE EMPENHA PARA FAZER FACE A 04 (QUATRO) DI\u00c1RIAS COM PERNOITE DESTINADAS PARA O CUSTEIO DAS DESPESAS REFERENTE A VIAJEM A CIDADE DE BRAS\u00cdLIA PARA PARTICIPA\u00c7\u00c3O NA XXIV MARCHA A BRAS\u00cdLIA EM DEFESA DOS MUNIC\u00cdPIOS, QUE ACONTECER\u00c1 NOS DIAS 27 A 30 DE MAR\u00c7O DE 2023, NO CENTRO INTERNACIONAL DE CONVEN\u00c7\u00d5ES DO BRASIL (CICB), LOCALIZADO NO SCES TRECHO 2, CONJUNTO 63, LOTE 50, ASA SUL, BRAS\u00cdLIA, DF.","fornecedor":"JOSE AUGUSTO MAIA JUNIOR","denom_uni_orc":"CORPO DELIBERATIVO E SECRETARIA","funcao":"Legislativa","sub_funcao":"A\u00e7\u00e3o Legislativa","programa":"A\u00c7\u00c3O LEGISLATIVA","acao":"AQUISI\u00c7\u00c3O DE EQUIPAMENTOS DIVERSOS PARA O PROGRAMA PRIMEIRA INF\u00c2NCIA N","ident_acao":"Atividade","cat_econ":"Despesa Corrente","natureza_despesa":"Outras Despesas Correntes","modalidade_despesa":"Aplica\u00e7\u00f5es Diretas","elemento_despesa":"Di\u00e1rias \u2013 Civil","sub_elem_desp":"SEM SUBELEMENTO","fonte_recurso":"Recursos do Exerc\u00edcio Corrente \/ Outros Recursos n\u00e3o Vinculados \/ -"},{"ano_emissao_emp":"2023","n_emp":"0000112","data_emissao":"17\/03\/2023","valor":"4.000,00","tipo_empenho":"Ordin\u00e1rio","hist_emp":"VALOR QUE SE EMPENHA PARA FAZER FACE A 04 (QUATRO) DI\u00c1RIAS COM PERNOITE DESTINADAS PARA O CUSTEIO DAS DESPESAS REFERENTE A VIAJEM A CIDADE DE BRAS\u00cdLIA PARA PARTICIPA\u00c7\u00c3O NA XXIV MARCHA A BRAS\u00cdLIA EM DEFESA DOS MUNIC\u00cdPIOS, QUE ACONTECER\u00c1 NOS DIAS 27 A 30 DE MAR\u00c7O DE 2023, NO CENTRO INTERNACIONAL DE CONVEN\u00c7\u00d5ES DO BRASIL (CICB), LOCALIZADO NO SCES TRECHO 2, CONJUNTO 63, LOTE 50, ASA SUL, BRAS\u00cdLIA, DF.","fornecedor":"JOSE AUGUSTO MAIA JUNIOR","denom_uni_orc":"CORPO DELIBERATIVO E SECRETARIA","funcao":"Legislativa","sub_funcao":"A\u00e7\u00e3o Legislativa","programa":"A\u00c7\u00c3O LEGISLATIVA","acao":"MANUTEN\u00c7\u00c3O DAS ATIVIDADES LEGISLATIVAS","ident_acao":"Atividade","cat_econ":"Despesa Corrente","natureza_despesa":"Outras Despesas Correntes","modalidade_despesa":"Aplica\u00e7\u00f5es Diretas","elemento_despesa":"Di\u00e1rias \u2013 Civil","sub_elem_desp":"SEM SUBELEMENTO","fonte_recurso":"Recursos do Exerc\u00edcio Corrente \/ Outros Recursos n\u00e3o Vinculados \/ -"},{"ano_emissao_emp":"2023","n_emp":"0000113","data_emissao":"17\/03\/2023","valor":"4.000,00","tipo_empenho":"Ordin\u00e1rio","hist_emp":"VALOR QUE SE EMPENHA PARA FAZER FACE A 04 (QUATRO) DI\u00c1RIAS SOLICITADAS REFERENTE A CUSTEIO DE VIAGEM DO VEREADOR A CIDADE DE BRASILIA, PARA SE FAZER PRESENTE NA XXIV MARCHA A BRAS\u00cdLIA EM DEFESA DOS MUNIC\u00cdPIOS.","fornecedor":"EMANUEL SOUZA RAMOS","denom_uni_orc":"CORPO DELIBERATIVO E SECRETARIA","funcao":"Legislativa","sub_funcao":"A\u00e7\u00e3o Legislativa","programa":"A\u00c7\u00c3O LEGISLATIVA","acao":"AQUISI\u00c7\u00c3O DE EQUIPAMENTOS DIVERSOS PARA O PROGRAMA PRIMEIRA INF\u00c2NCIA N","ident_acao":"Atividade","cat_econ":"Despesa Corrente","natureza_despesa":"Outras Despesas Correntes","modalidade_despesa":"Aplica\u00e7\u00f5es Diretas","elemento_despesa":"Di\u00e1rias \u2013 Civil","sub_elem_desp":"SEM SUBELEMENTO","fonte_recurso":"Recursos do Exerc\u00edcio Corrente \/ Outros Recursos n\u00e3o Vinculados \/ -"},{"ano_emissao_emp":"2023","n_emp":"0000113","data_emissao":"17\/03\/2023","valor":"4.000,00","tipo_empenho":"Ordin\u00e1rio","hist_emp":"VALOR QUE SE EMPENHA PARA FAZER FACE A 04 (QUATRO) DI\u00c1RIAS SOLICITADAS REFERENTE A CUSTEIO DE VIAGEM DO VEREADOR A CIDADE DE BRASILIA, PARA SE FAZER PRESENTE NA XXIV MARCHA A BRAS\u00cdLIA EM DEFESA DOS MUNIC\u00cdPIOS.","fornecedor":"EMANUEL SOUZA RAMOS","denom_uni_orc":"CORPO DELIBERATIVO E SECRETARIA","funcao":"Legislativa","sub_funcao":"A\u00e7\u00e3o Legislativa","programa":"A\u00c7\u00c3O LEGISLATIVA","acao":"MANUTEN\u00c7\u00c3O DAS ATIVIDADES LEGISLATIVAS","ident_acao":"Atividade","cat_econ":"Despesa Corrente","natureza_despesa":"Outras Despesas Correntes","modalidade_despesa":"Aplica\u00e7\u00f5es Diretas","elemento_despesa":"Di\u00e1rias \u2013 Civil","sub_elem_desp":"SEM SUBELEMENTO","fonte_recurso":"Recursos do Exerc\u00edcio Corrente \/ Outros Recursos n\u00e3o Vinculados \/ -"},{"ano_emissao_emp":"2023","n_emp":"0000114","data_emissao":"17\/03\/2023","valor":"4.000,00","tipo_empenho":"Ordin\u00e1rio","hist_emp":"VALOR QUE SE EMPENHA PARA FAZER FACE A 04 (QUATRO) DI\u00c1RIAS SOLICITADAS SER\u00c3O PARA CUSTEIO DE DESLOCAMENTO, HOSPEDAGEM, ALIMENTA\u00c7\u00c3O PARA PARTICIPAR DA XXIV MARCHA A BRAS\u00cdLIA EM DEFESA DOS MUNIC\u00cdCIOS, QUE SER\u00c1 REALIZADA DE 27 A 30 DE MAR\u00c7O DE 2023.","fornecedor":"JOSE SOARES CORREIA","denom_uni_orc":"CORPO DELIBERATIVO E SECRETARIA","funcao":"Legislativa","sub_funcao":"A\u00e7\u00e3o Legislativa","programa":"A\u00c7\u00c3O LEGISLATIVA","acao":"AQUISI\u00c7\u00c3O DE EQUIPAMENTOS DIVERSOS PARA O PROGRAMA PRIMEIRA INF\u00c2NCIA N","ident_acao":"Atividade","cat_econ":"Despesa Corrente","natureza_despesa":"Outras Despesas Correntes","modalidade_despesa":"Aplica\u00e7\u00f5es Diretas","elemento_despesa":"Di\u00e1rias \u2013 Civil","sub_elem_desp":"SEM SUBELEMENTO","fonte_recurso":"Recursos do Exerc\u00edcio Corrente \/ Outros Recursos n\u00e3o Vinculados \/ -"},{"ano_emissao_emp":"2023","n_emp":"0000114","data_emissao":"17\/03\/2023","valor":"4.000,00","tipo_empenho":"Ordin\u00e1rio","hist_emp":"VALOR QUE SE EMPENHA PARA FAZER FACE A 04 (QUATRO) DI\u00c1RIAS SOLICITADAS SER\u00c3O PARA CUSTEIO DE DESLOCAMENTO, HOSPEDAGEM, ALIMENTA\u00c7\u00c3O PARA PARTICIPAR DA XXIV MARCHA A BRAS\u00cdLIA EM DEFESA DOS MUNIC\u00cdCIOS, QUE SER\u00c1 REALIZADA DE 27 A 30 DE MAR\u00c7O DE 2023.","fornecedor":"JOSE SOARES CORREIA","denom_uni_orc":"CORPO DELIBERATIVO E SECRETARIA","funcao":"Legislativa","sub_funcao":"A\u00e7\u00e3o Legislativa","programa":"A\u00c7\u00c3O LEGISLATIVA","acao":"MANUTEN\u00c7\u00c3O DAS ATIVIDADES LEGISLATIVAS","ident_acao":"Atividade","cat_econ":"Despesa Corrente","natureza_despesa":"Outras Despesas Correntes","modalidade_despesa":"Aplica\u00e7\u00f5es Diretas","elemento_despesa":"Di\u00e1rias \u2013 Civil","sub_elem_desp":"SEM SUBELEMENTO","fonte_recurso":"Recursos do Exerc\u00edcio Corrente \/ Outros Recursos n\u00e3o Vinculados \/ -"},{"ano_emissao_emp":"2023","n_emp":"0000115","data_emissao":"20\/03\/2023","valor":"4.000,00","tipo_empenho":"Ordin\u00e1rio","hist_emp":"VALOR QUE SE EMPENHA PARA FAZER FACE A 04 (QUATRO) DIARIAS PARA OS CUSTEIOS DE DESLOCAMENTO, HOSPEDAGEM E ALIMENTA\u00c7\u00c3O PARA PARTICIPAR DA MARCHA DOS PREFEITOS EM BRAS\u00cdLIA EM DEFESA DOS MUNIC\u00cdPIOS QUE DAR-SE-\u00c1 NOS DIAS 27,28,29 E 30 DE MAR\u00c7O DE 2023.  DI\u00c1RIA.","fornecedor":"JOSE VANDO BRUNA","denom_uni_orc":"CORPO DELIBERATIVO E SECRETARIA","funcao":"Legislativa","sub_funcao":"A\u00e7\u00e3o Legislativa","programa":"A\u00c7\u00c3O LEGISLATIVA","acao":"AQUISI\u00c7\u00c3O DE EQUIPAMENTOS DIVERSOS PARA O PROGRAMA PRIMEIRA INF\u00c2NCIA N","ident_acao":"Atividade","cat_econ":"Despesa Corrente","natureza_despesa":"Outras Despesas Correntes","modalidade_despesa":"Aplica\u00e7\u00f5es Diretas","elemento_despesa":"Di\u00e1rias \u2013 Civil","sub_elem_desp":"SEM SUBELEMENTO","fonte_recurso":"Recursos do Exerc\u00edcio Corrente \/ Outros Recursos n\u00e3o Vinculados \/ -"},{"ano_emissao_emp":"2023","n_emp":"0000115","data_emissao":"20\/03\/2023","valor":"4.000,00","tipo_empenho":"Ordin\u00e1rio","hist_emp":"VALOR QUE SE EMPENHA PARA FAZER FACE A 04 (QUATRO) DIARIAS PARA OS CUSTEIOS DE DESLOCAMENTO, HOSPEDAGEM E ALIMENTA\u00c7\u00c3O PARA PARTICIPAR DA MARCHA DOS PREFEITOS EM BRAS\u00cdLIA EM DEFESA DOS MUNIC\u00cdPIOS QUE DAR-SE-\u00c1 NOS DIAS 27,28,29 E 30 DE MAR\u00c7O DE 2023.  DI\u00c1RIA.","fornecedor":"JOSE VANDO BRUNA","denom_uni_orc":"CORPO DELIBERATIVO E SECRETARIA","funcao":"Legislativa","sub_funcao":"A\u00e7\u00e3o Legislativa","programa":"A\u00c7\u00c3O LEGISLATIVA","acao":"MANUTEN\u00c7\u00c3O DAS ATIVIDADES LEGISLATIVAS","ident_acao":"Atividade","cat_econ":"Despesa Corrente","natureza_despesa":"Outras Despesas Correntes","modalidade_despesa":"Aplica\u00e7\u00f5es Diretas","elemento_despesa":"Di\u00e1rias \u2013 Civil","sub_elem_desp":"SEM SUBELEMENTO","fonte_recurso":"Recursos do Exerc\u00edcio Corrente \/ Outros Recursos n\u00e3o Vinculados \/ -"},{"ano_emissao_emp":"2023","n_emp":"0000116","data_emissao":"20\/03\/2023","valor":"4.000,00","tipo_empenho":"Ordin\u00e1rio","hist_emp":"VALOR QUE SE EMPENHA PARA FAZER FACE 04 (QUATRO) DI\u00c1RIAS COM PERNOITE, DESTINADAS AO CUSTEIO DAS DESPESAS DA VIAGEM A CIDADE DE BRAS\u00cdLIA-DF, ONDE NA OPORTUNIDADE PARTICIPAR\u00c1 DO XXIV MARCHA A BRAS\u00cdLIA EM DEFESA DOS MUNIC\u00cdPIOS, A CONFEDERA\u00c7\u00c3O NACIONAL DE MUNIC\u00cdPIOS (CNM), QUE ACONTECER\u00c1 DE 27 A 30 DE MAR\u00c7O DE 2023.","fornecedor":"FLAVIO HUMBERTO PONTES DA SILVA","denom_uni_orc":"CORPO DELIBERATIVO E SECRETARIA","funcao":"Legislativa","sub_funcao":"A\u00e7\u00e3o Legislativa","programa":"A\u00c7\u00c3O LEGISLATIVA","acao":"AQUISI\u00c7\u00c3O DE EQUIPAMENTOS DIVERSOS PARA O PROGRAMA PRIMEIRA INF\u00c2NCIA N","ident_acao":"Atividade","cat_econ":"Despesa Corrente","natureza_despesa":"Outras Despesas Correntes","modalidade_despesa":"Aplica\u00e7\u00f5es Diretas","elemento_despesa":"Di\u00e1rias \u2013 Civil","sub_elem_desp":"SEM SUBELEMENTO","fonte_recurso":"Recursos do Exerc\u00edcio Corrente \/ Outros Recursos n\u00e3o Vinculados \/ -"},{"ano_emissao_emp":"2023","n_emp":"0000116","data_emissao":"20\/03\/2023","valor":"4.000,00","tipo_empenho":"Ordin\u00e1rio","hist_emp":"VALOR QUE SE EMPENHA PARA FAZER FACE 04 (QUATRO) DI\u00c1RIAS COM PERNOITE, DESTINADAS AO CUSTEIO DAS DESPESAS DA VIAGEM A CIDADE DE BRAS\u00cdLIA-DF, ONDE NA OPORTUNIDADE PARTICIPAR\u00c1 DO XXIV MARCHA A BRAS\u00cdLIA EM DEFESA DOS MUNIC\u00cdPIOS, A CONFEDERA\u00c7\u00c3O NACIONAL DE MUNIC\u00cdPIOS (CNM), QUE ACONTECER\u00c1 DE 27 A 30 DE MAR\u00c7O DE 2023.","fornecedor":"FLAVIO HUMBERTO PONTES DA SILVA","denom_uni_orc":"CORPO DELIBERATIVO E SECRETARIA","funcao":"Legislativa","sub_funcao":"A\u00e7\u00e3o Legislativa","programa":"A\u00c7\u00c3O LEGISLATIVA","acao":"MANUTEN\u00c7\u00c3O DAS ATIVIDADES LEGISLATIVAS","ident_acao":"Atividade","cat_econ":"Despesa Corrente","natureza_despesa":"Outras Despesas Correntes","modalidade_despesa":"Aplica\u00e7\u00f5es Diretas","elemento_despesa":"Di\u00e1rias \u2013 Civil","sub_elem_desp":"SEM SUBELEMENTO","fonte_recurso":"Recursos do Exerc\u00edcio Corrente \/ Outros Recursos n\u00e3o Vinculados \/ -"},{"ano_emissao_emp":"2023","n_emp":"0000117","data_emissao":"20\/03\/2023","valor":"1.208,00","tipo_empenho":"Ordin\u00e1rio","hist_emp":"VALOR QUE SE EMPENHA PARA FAZER FACE A AQUISI\u00c7\u00c3O TV DE 32 POLEGADAS PARA SER UTILIZADA NAS DEPEND\u00caNCIAS DO PLEN\u00c1RIO DESTA C\u00c2MARA DE VEREADORES, , CELEBRADO MEDIANTE DISPENSA DE LICITA\u00c7\u00c3O, COM FUNDAMENTO NO ARTIGO 24, INCISO 2\u00ba DA LEI 8.666\/93.","fornecedor":"MAGAZINE LUIZA S\/A","denom_uni_orc":"CORPO DELIBERATIVO E SECRETARIA","funcao":"Legislativa","sub_funcao":"A\u00e7\u00e3o Legislativa","programa":"A\u00c7\u00c3O LEGISLATIVA","acao":"REEQUIPAMENTO DA UNIDADE","ident_acao":"Projeto","cat_econ":"Despesa de Capital","natureza_despesa":"Investimentos","modalidade_despesa":"Aplica\u00e7\u00f5es Diretas","elemento_despesa":"Equipamentos e Material Permanente","sub_elem_desp":"APARELHOS E EQUIPAMENTOS DE COMUNICA\u00c7\u00c3O","fonte_recurso":"Recursos do Exerc\u00edcio Corrente \/ Outros Recursos n\u00e3o Vinculados \/ -"},{"ano_emissao_emp":"2023","n_emp":"0000117","data_emissao":"20\/03\/2023","valor":"1.208,00","tipo_empenho":"Ordin\u00e1rio","hist_emp":"VALOR QUE SE EMPENHA PARA FAZER FACE A AQUISI\u00c7\u00c3O TV DE 32 POLEGADAS PARA SER UTILIZADA NAS DEPEND\u00caNCIAS DO PLEN\u00c1RIO DESTA C\u00c2MARA DE VEREADORES, , CELEBRADO MEDIANTE DISPENSA DE LICITA\u00c7\u00c3O, COM FUNDAMENTO NO ARTIGO 24, INCISO 2\u00ba DA LEI 8.666\/93.","fornecedor":"MAGAZINE LUIZA S\/A","denom_uni_orc":"CORPO DELIBERATIVO E SECRETARIA","funcao":"Legislativa","sub_funcao":"A\u00e7\u00e3o Legislativa","programa":"A\u00c7\u00c3O LEGISLATIVA","acao":"INDENIZA\u00c7\u00d5ES E RESTITUI\u00c7\u00d5ES DO RPPS","ident_acao":"Projeto","cat_econ":"Despesa de Capital","natureza_despesa":"Investimentos","modalidade_despesa":"Aplica\u00e7\u00f5es Diretas","elemento_despesa":"Equipamentos e Material Permanente","sub_elem_desp":"APARELHOS E EQUIPAMENTOS DE COMUNICA\u00c7\u00c3O","fonte_recurso":"Recursos do Exerc\u00edcio Corrente \/ Outros Recursos n\u00e3o Vinculados \/ -"},{"ano_emissao_emp":"2023","n_emp":"0000117","data_emissao":"20\/03\/2023","valor":"1.208,00","tipo_empenho":"Ordin\u00e1rio","hist_emp":"VALOR QUE SE EMPENHA PARA FAZER FACE A AQUISI\u00c7\u00c3O TV DE 32 POLEGADAS PARA SER UTILIZADA NAS DEPEND\u00caNCIAS DO PLEN\u00c1RIO DESTA C\u00c2MARA DE VEREADORES, , CELEBRADO MEDIANTE DISPENSA DE LICITA\u00c7\u00c3O, COM FUNDAMENTO NO ARTIGO 24, INCISO 2\u00ba DA LEI 8.666\/93.","fornecedor":"MAGAZINE LUIZA S\/A","denom_uni_orc":"CORPO DELIBERATIVO E SECRETARIA","funcao":"Legislativa","sub_funcao":"A\u00e7\u00e3o Legislativa","programa":"A\u00c7\u00c3O LEGISLATIVA","acao":"AMORTIZA\u00c7\u00c3O DA D\u00cdVIDA P\u00daBLICA CONSOLIDADA","ident_acao":"Projeto","cat_econ":"Despesa de Capital","natureza_despesa":"Investimentos","modalidade_despesa":"Aplica\u00e7\u00f5es Diretas","elemento_despesa":"Equipamentos e Material Permanente","sub_elem_desp":"APARELHOS E EQUIPAMENTOS DE COMUNICA\u00c7\u00c3O","fonte_recurso":"Recursos do Exerc\u00edcio Corrente \/ Outros Recursos n\u00e3o Vinculados \/ -"},{"ano_emissao_emp":"2023","n_emp":"0000118","data_emissao":"20\/03\/2023","valor":"500,00","tipo_empenho":"Ordin\u00e1rio","hist_emp":"VALOR QUE SE EMPENHA DESTINASE FAZER FACE A SERVI\u00c7O DE DETETIZA\u00c7\u00c3O DO PREDIO DESTA CAMARA DE VEREADORS , CELEBRADO MEDIANTE DISPENSA DE LICITA\u00c7\u00c3O, COM FUNDAMENTO NO ARTIGO 24, INCISO 2\u00ba DA LEI 8.666\/93.","fornecedor":"J C B DA SILVA","denom_uni_orc":"CORPO DELIBERATIVO E SECRETARIA","funcao":"Legislativa","sub_funcao":"A\u00e7\u00e3o Legislativa","programa":"A\u00c7\u00c3O LEGISLATIVA","acao":"AQUISI\u00c7\u00c3O DE M\u00d3VEIS, M\u00c1QUINAS E EQUIPAMENTOS DIVERSOS PARA O CONSELHO","ident_acao":"Atividade","cat_econ":"Despesa Corrente","natureza_despesa":"Outras Despesas Correntes","modalidade_despesa":"Aplica\u00e7\u00f5es Diretas","elemento_despesa":"Outros Servi\u00e7os de Terceiros - Pessoa Jur\u00eddica","sub_elem_desp":"SEM SUBELEMENTO","fonte_recurso":"Recursos do Exerc\u00edcio Corrente \/ Outros Recursos n\u00e3o Vinculados \/ -"},{"ano_emissao_emp":"2023","n_emp":"0000118","data_emissao":"20\/03\/2023","valor":"500,00","tipo_empenho":"Ordin\u00e1rio","hist_emp":"VALOR QUE SE EMPENHA DESTINASE FAZER FACE A SERVI\u00c7O DE DETETIZA\u00c7\u00c3O DO PREDIO DESTA CAMARA DE VEREADORS , CELEBRADO MEDIANTE DISPENSA DE LICITA\u00c7\u00c3O, COM FUNDAMENTO NO ARTIGO 24, INCISO 2\u00ba DA LEI 8.666\/93.","fornecedor":"J C B DA SILVA","denom_uni_orc":"CORPO DELIBERATIVO E SECRETARIA","funcao":"Legislativa","sub_funcao":"A\u00e7\u00e3o Legislativa","programa":"A\u00c7\u00c3O LEGISLATIVA","acao":"MANUTEN\u00c7\u00c3O DAS ATIVIDADES ADMINISTRATIVAS","ident_acao":"Atividade","cat_econ":"Despesa Corrente","natureza_despesa":"Outras Despesas Correntes","modalidade_despesa":"Aplica\u00e7\u00f5es Diretas","elemento_despesa":"Outros Servi\u00e7os de Terceiros - Pessoa Jur\u00eddica","sub_elem_desp":"SEM SUBELEMENTO","fonte_recurso":"Recursos do Exerc\u00edcio Corrente \/ Outros Recursos n\u00e3o Vinculados \/ -"},{"ano_emissao_emp":"2023","n_emp":"0000118","data_emissao":"20\/03\/2023","valor":"500,00","tipo_empenho":"Ordin\u00e1rio","hist_emp":"VALOR QUE SE EMPENHA DESTINASE FAZER FACE A SERVI\u00c7O DE DETETIZA\u00c7\u00c3O DO PREDIO DESTA CAMARA DE VEREADORS , CELEBRADO MEDIANTE DISPENSA DE LICITA\u00c7\u00c3O, COM FUNDAMENTO NO ARTIGO 24, INCISO 2\u00ba DA LEI 8.666\/93.","fornecedor":"J C B DA SILVA","denom_uni_orc":"CORPO DELIBERATIVO E SECRETARIA","funcao":"Legislativa","sub_funcao":"A\u00e7\u00e3o Legislativa","programa":"A\u00c7\u00c3O LEGISLATIVA","acao":"INDENIZA\u00c7\u00d5ES E RESTITUI\u00c7\u00d5ES DIVERSAS (FMS)","ident_acao":"Atividade","cat_econ":"Despesa Corrente","natureza_despesa":"Outras Despesas Correntes","modalidade_despesa":"Aplica\u00e7\u00f5es Diretas","elemento_despesa":"Outros Servi\u00e7os de Terceiros - Pessoa Jur\u00eddica","sub_elem_desp":"SEM SUBELEMENTO","fonte_recurso":"Recursos do Exerc\u00edcio Corrente \/ Outros Recursos n\u00e3o Vinculados \/ -"},{"ano_emissao_emp":"2023","n_emp":"0000119","data_emissao":"20\/03\/2023","valor":"5.000,00","tipo_empenho":"Global","hist_emp":"VALOR QUE SE EMPENHA PARA FAZER FACE A O CUSTEIOO DO  TERMO DE AFILIA\u00c7\u00c3O QUE GARANTE O ACESSO A TODOS OS SERVI\u00c7OS DISPONIBILIZADOS PELA UNI\u00c3O DOS VEREADORES DE PERNAMBUCO, BEM COMO, SOMAR ESFOR\u00c7OS JUNTO \u00c0 ENTIDADE PARA A LUTA EM DEFESA DOS INTERESSES DO MUNIC\u00cdPIO, DOS VEREADORES E C\u00c2MARAS MUNICIPAIS DO ESTADO DE PERNAMBUCO, QUE COMPREEDE O ANO DE 2023, CELEBRADO MEDIANTE DISPENSA DE LICITA\u00c7\u00c3O, COM FUNDAMENTO NO ARTIGO 24, INCISO 2\u00ba DA LEI 8.666\/93.","fornecedor":"UNIAO DOS VEREADORES DE PERNAMBUCO","denom_uni_orc":"CORPO DELIBERATIVO E SECRETARIA","funcao":"Legislativa","sub_funcao":"A\u00e7\u00e3o Legislativa","programa":"A\u00c7\u00c3O LEGISLATIVA","acao":"AQUISI\u00c7\u00c3O DE M\u00d3VEIS, M\u00c1QUINAS E EQUIPAMENTOS DIVERSOS PARA O CONSELHO","ident_acao":"Atividade","cat_econ":"Despesa Corrente","natureza_despesa":"Outras Despesas Correntes","modalidade_despesa":"Aplica\u00e7\u00f5es Diretas","elemento_despesa":"Outros Servi\u00e7os de Terceiros - Pessoa Jur\u00eddica","sub_elem_desp":"SEM SUBELEMENTO","fonte_recurso":"Recursos do Exerc\u00edcio Corrente \/ Outros Recursos n\u00e3o Vinculados \/ -"},{"ano_emissao_emp":"2023","n_emp":"0000119","data_emissao":"20\/03\/2023","valor":"5.000,00","tipo_empenho":"Global","hist_emp":"VALOR QUE SE EMPENHA PARA FAZER FACE A O CUSTEIOO DO  TERMO DE AFILIA\u00c7\u00c3O QUE GARANTE O ACESSO A TODOS OS SERVI\u00c7OS DISPONIBILIZADOS PELA UNI\u00c3O DOS VEREADORES DE PERNAMBUCO, BEM COMO, SOMAR ESFOR\u00c7OS JUNTO \u00c0 ENTIDADE PARA A LUTA EM DEFESA DOS INTERESSES DO MUNIC\u00cdPIO, DOS VEREADORES E C\u00c2MARAS MUNICIPAIS DO ESTADO DE PERNAMBUCO, QUE COMPREEDE O ANO DE 2023, CELEBRADO MEDIANTE DISPENSA DE LICITA\u00c7\u00c3O, COM FUNDAMENTO NO ARTIGO 24, INCISO 2\u00ba DA LEI 8.666\/93.","fornecedor":"UNIAO DOS VEREADORES DE PERNAMBUCO","denom_uni_orc":"CORPO DELIBERATIVO E SECRETARIA","funcao":"Legislativa","sub_funcao":"A\u00e7\u00e3o Legislativa","programa":"A\u00c7\u00c3O LEGISLATIVA","acao":"MANUTEN\u00c7\u00c3O DAS ATIVIDADES ADMINISTRATIVAS","ident_acao":"Atividade","cat_econ":"Despesa Corrente","natureza_despesa":"Outras Despesas Correntes","modalidade_despesa":"Aplica\u00e7\u00f5es Diretas","elemento_despesa":"Outros Servi\u00e7os de Terceiros - Pessoa Jur\u00eddica","sub_elem_desp":"SEM SUBELEMENTO","fonte_recurso":"Recursos do Exerc\u00edcio Corrente \/ Outros Recursos n\u00e3o Vinculados \/ -"},{"ano_emissao_emp":"2023","n_emp":"0000119","data_emissao":"20\/03\/2023","valor":"5.000,00","tipo_empenho":"Global","hist_emp":"VALOR QUE SE EMPENHA PARA FAZER FACE A O CUSTEIOO DO  TERMO DE AFILIA\u00c7\u00c3O QUE GARANTE O ACESSO A TODOS OS SERVI\u00c7OS DISPONIBILIZADOS PELA UNI\u00c3O DOS VEREADORES DE PERNAMBUCO, BEM COMO, SOMAR ESFOR\u00c7OS JUNTO \u00c0 ENTIDADE PARA A LUTA EM DEFESA DOS INTERESSES DO MUNIC\u00cdPIO, DOS VEREADORES E C\u00c2MARAS MUNICIPAIS DO ESTADO DE PERNAMBUCO, QUE COMPREEDE O ANO DE 2023, CELEBRADO MEDIANTE DISPENSA DE LICITA\u00c7\u00c3O, COM FUNDAMENTO NO ARTIGO 24, INCISO 2\u00ba DA LEI 8.666\/93.","fornecedor":"UNIAO DOS VEREADORES DE PERNAMBUCO","denom_uni_orc":"CORPO DELIBERATIVO E SECRETARIA","funcao":"Legislativa","sub_funcao":"A\u00e7\u00e3o Legislativa","programa":"A\u00c7\u00c3O LEGISLATIVA","acao":"INDENIZA\u00c7\u00d5ES E RESTITUI\u00c7\u00d5ES DIVERSAS (FMS)","ident_acao":"Atividade","cat_econ":"Despesa Corrente","natureza_despesa":"Outras Despesas Correntes","modalidade_despesa":"Aplica\u00e7\u00f5es Diretas","elemento_despesa":"Outros Servi\u00e7os de Terceiros - Pessoa Jur\u00eddica","sub_elem_desp":"SEM SUBELEMENTO","fonte_recurso":"Recursos do Exerc\u00edcio Corrente \/ Outros Recursos n\u00e3o Vinculados \/ -"},{"ano_emissao_emp":"2023","n_emp":"0000120","data_emissao":"22\/03\/2023","valor":"2.351,80","tipo_empenho":"Ordin\u00e1rio","hist_emp":"VALOR QUE SE EMPENHA PARA FAZER FACE A AQUISI\u00c7\u00c3O DE MATERIAIS DE EXPEDIENTE PARA O FUNCIONAMENTO DOS TRABALHOS DESTA CAMARA DE VEREADORES, CELEBRADO MEDIANTE DISPENSA DE LICITA\u00c7\u00c3O, COM FUNDAMENTO NO ARTIGO 24, INCISO 2\u00b0 DA LEI 8.666\/93.","fornecedor":"GALDINO & SANTOS COMERCIAL LTDA","denom_uni_orc":"CORPO DELIBERATIVO E SECRETARIA","funcao":"Legislativa","sub_funcao":"A\u00e7\u00e3o Legislativa","programa":"A\u00c7\u00c3O LEGISLATIVA","acao":"AQUISI\u00c7\u00c3O DE M\u00d3VEIS, M\u00c1QUINAS E EQUIPAMENTOS DIVERSOS PARA O CONSELHO","ident_acao":"Atividade","cat_econ":"Despesa Corrente","natureza_despesa":"Outras Despesas Correntes","modalidade_despesa":"Aplica\u00e7\u00f5es Diretas","elemento_despesa":"Material de Consumo","sub_elem_desp":"SEM SUBELEMENTO","fonte_recurso":"Recursos do Exerc\u00edcio Corrente \/ Outros Recursos n\u00e3o Vinculados \/ -"},{"ano_emissao_emp":"2023","n_emp":"0000120","data_emissao":"22\/03\/2023","valor":"2.351,80","tipo_empenho":"Ordin\u00e1rio","hist_emp":"VALOR QUE SE EMPENHA PARA FAZER FACE A AQUISI\u00c7\u00c3O DE MATERIAIS DE EXPEDIENTE PARA O FUNCIONAMENTO DOS TRABALHOS DESTA CAMARA DE VEREADORES, CELEBRADO MEDIANTE DISPENSA DE LICITA\u00c7\u00c3O, COM FUNDAMENTO NO ARTIGO 24, INCISO 2\u00b0 DA LEI 8.666\/93.","fornecedor":"GALDINO & SANTOS COMERCIAL LTDA","denom_uni_orc":"CORPO DELIBERATIVO E SECRETARIA","funcao":"Legislativa","sub_funcao":"A\u00e7\u00e3o Legislativa","programa":"A\u00c7\u00c3O LEGISLATIVA","acao":"MANUTEN\u00c7\u00c3O DAS ATIVIDADES ADMINISTRATIVAS","ident_acao":"Atividade","cat_econ":"Despesa Corrente","natureza_despesa":"Outras Despesas Correntes","modalidade_despesa":"Aplica\u00e7\u00f5es Diretas","elemento_despesa":"Material de Consumo","sub_elem_desp":"SEM SUBELEMENTO","fonte_recurso":"Recursos do Exerc\u00edcio Corrente \/ Outros Recursos n\u00e3o Vinculados \/ -"},{"ano_emissao_emp":"2023","n_emp":"0000120","data_emissao":"22\/03\/2023","valor":"2.351,80","tipo_empenho":"Ordin\u00e1rio","hist_emp":"VALOR QUE SE EMPENHA PARA FAZER FACE A AQUISI\u00c7\u00c3O DE MATERIAIS DE EXPEDIENTE PARA O FUNCIONAMENTO DOS TRABALHOS DESTA CAMARA DE VEREADORES, CELEBRADO MEDIANTE DISPENSA DE LICITA\u00c7\u00c3O, COM FUNDAMENTO NO ARTIGO 24, INCISO 2\u00b0 DA LEI 8.666\/93.","fornecedor":"GALDINO & SANTOS COMERCIAL LTDA","denom_uni_orc":"CORPO DELIBERATIVO E SECRETARIA","funcao":"Legislativa","sub_funcao":"A\u00e7\u00e3o Legislativa","programa":"A\u00c7\u00c3O LEGISLATIVA","acao":"INDENIZA\u00c7\u00d5ES E RESTITUI\u00c7\u00d5ES DIVERSAS (FMS)","ident_acao":"Atividade","cat_econ":"Despesa Corrente","natureza_despesa":"Outras Despesas Correntes","modalidade_despesa":"Aplica\u00e7\u00f5es Diretas","elemento_despesa":"Material de Consumo","sub_elem_desp":"SEM SUBELEMENTO","fonte_recurso":"Recursos do Exerc\u00edcio Corrente \/ Outros Recursos n\u00e3o Vinculados \/ -"},{"ano_emissao_emp":"2023","n_emp":"0000121","data_emissao":"22\/03\/2023","valor":"41,00","tipo_empenho":"Ordin\u00e1rio","hist_emp":"VALOR QUE SE EMPENHA PARA FAZER FACE A AQUISI\u00c7\u00c3O DE MATERIAIS DE CONSUMO  PARA MANUTEN\u00c7\u00c3O DESTA C\u00c2MARA DE VEREADORES DESTE MUNICIPIO, CELEBRADO MEDIANTE DISPENSA DE LICITA\u00c7\u00c3O, COM FUNDAMENTO NO ARTIGO 24, INCISO 2\u00ba GA LEI 8.666\/93.","fornecedor":"JCL LAJES E MATERIAIS PARA CONSTRU\u00c7\u00c3O LTDA","denom_uni_orc":"CORPO DELIBERATIVO E SECRETARIA","funcao":"Legislativa","sub_funcao":"A\u00e7\u00e3o Legislativa","programa":"A\u00c7\u00c3O LEGISLATIVA","acao":"AQUISI\u00c7\u00c3O DE M\u00d3VEIS, M\u00c1QUINAS E EQUIPAMENTOS DIVERSOS PARA O CONSELHO","ident_acao":"Atividade","cat_econ":"Despesa Corrente","natureza_despesa":"Outras Despesas Correntes","modalidade_despesa":"Aplica\u00e7\u00f5es Diretas","elemento_despesa":"Material de Consumo","sub_elem_desp":"SEM SUBELEMENTO","fonte_recurso":"Recursos do Exerc\u00edcio Corrente \/ Outros Recursos n\u00e3o Vinculados \/ -"},{"ano_emissao_emp":"2023","n_emp":"0000121","data_emissao":"22\/03\/2023","valor":"41,00","tipo_empenho":"Ordin\u00e1rio","hist_emp":"VALOR QUE SE EMPENHA PARA FAZER FACE A AQUISI\u00c7\u00c3O DE MATERIAIS DE CONSUMO  PARA MANUTEN\u00c7\u00c3O DESTA C\u00c2MARA DE VEREADORES DESTE MUNICIPIO, CELEBRADO MEDIANTE DISPENSA DE LICITA\u00c7\u00c3O, COM FUNDAMENTO NO ARTIGO 24, INCISO 2\u00ba GA LEI 8.666\/93.","fornecedor":"JCL LAJES E MATERIAIS PARA CONSTRU\u00c7\u00c3O LTDA","denom_uni_orc":"CORPO DELIBERATIVO E SECRETARIA","funcao":"Legislativa","sub_funcao":"A\u00e7\u00e3o Legislativa","programa":"A\u00c7\u00c3O LEGISLATIVA","acao":"MANUTEN\u00c7\u00c3O DAS ATIVIDADES ADMINISTRATIVAS","ident_acao":"Atividade","cat_econ":"Despesa Corrente","natureza_despesa":"Outras Despesas Correntes","modalidade_despesa":"Aplica\u00e7\u00f5es Diretas","elemento_despesa":"Material de Consumo","sub_elem_desp":"SEM SUBELEMENTO","fonte_recurso":"Recursos do Exerc\u00edcio Corrente \/ Outros Recursos n\u00e3o Vinculados \/ -"},{"ano_emissao_emp":"2023","n_emp":"0000121","data_emissao":"22\/03\/2023","valor":"41,00","tipo_empenho":"Ordin\u00e1rio","hist_emp":"VALOR QUE SE EMPENHA PARA FAZER FACE A AQUISI\u00c7\u00c3O DE MATERIAIS DE CONSUMO  PARA MANUTEN\u00c7\u00c3O DESTA C\u00c2MARA DE VEREADORES DESTE MUNICIPIO, CELEBRADO MEDIANTE DISPENSA DE LICITA\u00c7\u00c3O, COM FUNDAMENTO NO ARTIGO 24, INCISO 2\u00ba GA LEI 8.666\/93.","fornecedor":"JCL LAJES E MATERIAIS PARA CONSTRU\u00c7\u00c3O LTDA","denom_uni_orc":"CORPO DELIBERATIVO E SECRETARIA","funcao":"Legislativa","sub_funcao":"A\u00e7\u00e3o Legislativa","programa":"A\u00c7\u00c3O LEGISLATIVA","acao":"INDENIZA\u00c7\u00d5ES E RESTITUI\u00c7\u00d5ES DIVERSAS (FMS)","ident_acao":"Atividade","cat_econ":"Despesa Corrente","natureza_despesa":"Outras Despesas Correntes","modalidade_despesa":"Aplica\u00e7\u00f5es Diretas","elemento_despesa":"Material de Consumo","sub_elem_desp":"SEM SUBELEMENTO","fonte_recurso":"Recursos do Exerc\u00edcio Corrente \/ Outros Recursos n\u00e3o Vinculados \/ -"},{"ano_emissao_emp":"2023","n_emp":"0000122","data_emissao":"22\/03\/2023","valor":"126,30","tipo_empenho":"Ordin\u00e1rio","hist_emp":"VALOR QUE SE EMPENHA PARA FAZER FACE A AQUISI\u00c7\u00c3O DE MATERIAIS DE CONSUMO  PARA MANUTEN\u00c7\u00c3O DESTA C\u00c2MARA DE VEREADORES DESTE MUNICIPIO, CELEBRADO MEDIANTE DISPENSA DE LICITA\u00c7\u00c3O, COM FUNDAMENTO NO ARTIGO 24, INCISO 2\u00ba GA LEI 8.666\/93.","fornecedor":"JCL LAJES E MATERIAIS PARA CONSTRU\u00c7\u00c3O LTDA","denom_uni_orc":"CORPO DELIBERATIVO E SECRETARIA","funcao":"Legislativa","sub_funcao":"A\u00e7\u00e3o Legislativa","programa":"A\u00c7\u00c3O LEGISLATIVA","acao":"AQUISI\u00c7\u00c3O DE M\u00d3VEIS, M\u00c1QUINAS E EQUIPAMENTOS DIVERSOS PARA O CONSELHO","ident_acao":"Atividade","cat_econ":"Despesa Corrente","natureza_despesa":"Outras Despesas Correntes","modalidade_despesa":"Aplica\u00e7\u00f5es Diretas","elemento_despesa":"Material de Consumo","sub_elem_desp":"SEM SUBELEMENTO","fonte_recurso":"Recursos do Exerc\u00edcio Corrente \/ Outros Recursos n\u00e3o Vinculados \/ -"},{"ano_emissao_emp":"2023","n_emp":"0000122","data_emissao":"22\/03\/2023","valor":"126,30","tipo_empenho":"Ordin\u00e1rio","hist_emp":"VALOR QUE SE EMPENHA PARA FAZER FACE A AQUISI\u00c7\u00c3O DE MATERIAIS DE CONSUMO  PARA MANUTEN\u00c7\u00c3O DESTA C\u00c2MARA DE VEREADORES DESTE MUNICIPIO, CELEBRADO MEDIANTE DISPENSA DE LICITA\u00c7\u00c3O, COM FUNDAMENTO NO ARTIGO 24, INCISO 2\u00ba GA LEI 8.666\/93.","fornecedor":"JCL LAJES E MATERIAIS PARA CONSTRU\u00c7\u00c3O LTDA","denom_uni_orc":"CORPO DELIBERATIVO E SECRETARIA","funcao":"Legislativa","sub_funcao":"A\u00e7\u00e3o Legislativa","programa":"A\u00c7\u00c3O LEGISLATIVA","acao":"MANUTEN\u00c7\u00c3O DAS ATIVIDADES ADMINISTRATIVAS","ident_acao":"Atividade","cat_econ":"Despesa Corrente","natureza_despesa":"Outras Despesas Correntes","modalidade_despesa":"Aplica\u00e7\u00f5es Diretas","elemento_despesa":"Material de Consumo","sub_elem_desp":"SEM SUBELEMENTO","fonte_recurso":"Recursos do Exerc\u00edcio Corrente \/ Outros Recursos n\u00e3o Vinculados \/ -"},{"ano_emissao_emp":"2023","n_emp":"0000122","data_emissao":"22\/03\/2023","valor":"126,30","tipo_empenho":"Ordin\u00e1rio","hist_emp":"VALOR QUE SE EMPENHA PARA FAZER FACE A AQUISI\u00c7\u00c3O DE MATERIAIS DE CONSUMO  PARA MANUTEN\u00c7\u00c3O DESTA C\u00c2MARA DE VEREADORES DESTE MUNICIPIO, CELEBRADO MEDIANTE DISPENSA DE LICITA\u00c7\u00c3O, COM FUNDAMENTO NO ARTIGO 24, INCISO 2\u00ba GA LEI 8.666\/93.","fornecedor":"JCL LAJES E MATERIAIS PARA CONSTRU\u00c7\u00c3O LTDA","denom_uni_orc":"CORPO DELIBERATIVO E SECRETARIA","funcao":"Legislativa","sub_funcao":"A\u00e7\u00e3o Legislativa","programa":"A\u00c7\u00c3O LEGISLATIVA","acao":"INDENIZA\u00c7\u00d5ES E RESTITUI\u00c7\u00d5ES DIVERSAS (FMS)","ident_acao":"Atividade","cat_econ":"Despesa Corrente","natureza_despesa":"Outras Despesas Correntes","modalidade_despesa":"Aplica\u00e7\u00f5es Diretas","elemento_despesa":"Material de Consumo","sub_elem_desp":"SEM SUBELEMENTO","fonte_recurso":"Recursos do Exerc\u00edcio Corrente \/ Outros Recursos n\u00e3o Vinculados \/ -"},{"ano_emissao_emp":"2023","n_emp":"0000123","data_emissao":"22\/03\/2023","valor":"89,90","tipo_empenho":"Ordin\u00e1rio","hist_emp":"VALOR QUE SE EMPENHA PARA FAZER FACE A AQUISI\u00c7\u00c3O DE MATERIAIS DE CONSUMO  PARA MANUTEN\u00c7\u00c3O DESTA C\u00c2MARA DE VEREADORES DESTE MUNICIPIO, CELEBRADO MEDIANTE DISPENSA DE LICITA\u00c7\u00c3O, COM FUNDAMENTO NO ARTIGO 24, INCISO 2\u00ba GA LEI 8.666\/93.","fornecedor":"JCL LAJES E MATERIAIS PARA CONSTRU\u00c7\u00c3O LTDA","denom_uni_orc":"CORPO DELIBERATIVO E SECRETARIA","funcao":"Legislativa","sub_funcao":"A\u00e7\u00e3o Legislativa","programa":"A\u00c7\u00c3O LEGISLATIVA","acao":"AQUISI\u00c7\u00c3O DE M\u00d3VEIS, M\u00c1QUINAS E EQUIPAMENTOS DIVERSOS PARA O CONSELHO","ident_acao":"Atividade","cat_econ":"Despesa Corrente","natureza_despesa":"Outras Despesas Correntes","modalidade_despesa":"Aplica\u00e7\u00f5es Diretas","elemento_despesa":"Material de Consumo","sub_elem_desp":"SEM SUBELEMENTO","fonte_recurso":"Recursos do Exerc\u00edcio Corrente \/ Outros Recursos n\u00e3o Vinculados \/ -"},{"ano_emissao_emp":"2023","n_emp":"0000123","data_emissao":"22\/03\/2023","valor":"89,90","tipo_empenho":"Ordin\u00e1rio","hist_emp":"VALOR QUE SE EMPENHA PARA FAZER FACE A AQUISI\u00c7\u00c3O DE MATERIAIS DE CONSUMO  PARA MANUTEN\u00c7\u00c3O DESTA C\u00c2MARA DE VEREADORES DESTE MUNICIPIO, CELEBRADO MEDIANTE DISPENSA DE LICITA\u00c7\u00c3O, COM FUNDAMENTO NO ARTIGO 24, INCISO 2\u00ba GA LEI 8.666\/93.","fornecedor":"JCL LAJES E MATERIAIS PARA CONSTRU\u00c7\u00c3O LTDA","denom_uni_orc":"CORPO DELIBERATIVO E SECRETARIA","funcao":"Legislativa","sub_funcao":"A\u00e7\u00e3o Legislativa","programa":"A\u00c7\u00c3O LEGISLATIVA","acao":"MANUTEN\u00c7\u00c3O DAS ATIVIDADES ADMINISTRATIVAS","ident_acao":"Atividade","cat_econ":"Despesa Corrente","natureza_despesa":"Outras Despesas Correntes","modalidade_despesa":"Aplica\u00e7\u00f5es Diretas","elemento_despesa":"Material de Consumo","sub_elem_desp":"SEM SUBELEMENTO","fonte_recurso":"Recursos do Exerc\u00edcio Corrente \/ Outros Recursos n\u00e3o Vinculados \/ -"},{"ano_emissao_emp":"2023","n_emp":"0000123","data_emissao":"22\/03\/2023","valor":"89,90","tipo_empenho":"Ordin\u00e1rio","hist_emp":"VALOR QUE SE EMPENHA PARA FAZER FACE A AQUISI\u00c7\u00c3O DE MATERIAIS DE CONSUMO  PARA MANUTEN\u00c7\u00c3O DESTA C\u00c2MARA DE VEREADORES DESTE MUNICIPIO, CELEBRADO MEDIANTE DISPENSA DE LICITA\u00c7\u00c3O, COM FUNDAMENTO NO ARTIGO 24, INCISO 2\u00ba GA LEI 8.666\/93.","fornecedor":"JCL LAJES E MATERIAIS PARA CONSTRU\u00c7\u00c3O LTDA","denom_uni_orc":"CORPO DELIBERATIVO E SECRETARIA","funcao":"Legislativa","sub_funcao":"A\u00e7\u00e3o Legislativa","programa":"A\u00c7\u00c3O LEGISLATIVA","acao":"INDENIZA\u00c7\u00d5ES E RESTITUI\u00c7\u00d5ES DIVERSAS (FMS)","ident_acao":"Atividade","cat_econ":"Despesa Corrente","natureza_despesa":"Outras Despesas Correntes","modalidade_despesa":"Aplica\u00e7\u00f5es Diretas","elemento_despesa":"Material de Consumo","sub_elem_desp":"SEM SUBELEMENTO","fonte_recurso":"Recursos do Exerc\u00edcio Corrente \/ Outros Recursos n\u00e3o Vinculados \/ -"},{"ano_emissao_emp":"2023","n_emp":"0000124","data_emissao":"22\/03\/2023","valor":"1.485,70","tipo_empenho":"Ordin\u00e1rio","hist_emp":"VALOR QUE SE EMPENHA PARA FAZER FACE A AQUISI\u00c7\u00c3O DE MATERIAIS DE EXPEDIENTE  PARA O FUNCIONAMENTO DESTA C\u00c2MARA DE VEREADORES DESTE MUNICIPIO, CELEBRADO MEDIANTE DISPENSA DE LICITA\u00c7\u00c3O, COM FUNDAMENTO NO ARTIGO 24, INCISO 2\u00ba GA LEI 8.666\/93.","fornecedor":"B&F EMPREENDIMENTOS DIGITAIS","denom_uni_orc":"CORPO DELIBERATIVO E SECRETARIA","funcao":"Legislativa","sub_funcao":"A\u00e7\u00e3o Legislativa","programa":"A\u00c7\u00c3O LEGISLATIVA","acao":"AQUISI\u00c7\u00c3O DE M\u00d3VEIS, M\u00c1QUINAS E EQUIPAMENTOS DIVERSOS PARA O CONSELHO","ident_acao":"Atividade","cat_econ":"Despesa Corrente","natureza_despesa":"Outras Despesas Correntes","modalidade_despesa":"Aplica\u00e7\u00f5es Diretas","elemento_despesa":"Material de Consumo","sub_elem_desp":"SEM SUBELEMENTO","fonte_recurso":"Recursos do Exerc\u00edcio Corrente \/ Outros Recursos n\u00e3o Vinculados \/ -"},{"ano_emissao_emp":"2023","n_emp":"0000124","data_emissao":"22\/03\/2023","valor":"1.485,70","tipo_empenho":"Ordin\u00e1rio","hist_emp":"VALOR QUE SE EMPENHA PARA FAZER FACE A AQUISI\u00c7\u00c3O DE MATERIAIS DE EXPEDIENTE  PARA O FUNCIONAMENTO DESTA C\u00c2MARA DE VEREADORES DESTE MUNICIPIO, CELEBRADO MEDIANTE DISPENSA DE LICITA\u00c7\u00c3O, COM FUNDAMENTO NO ARTIGO 24, INCISO 2\u00ba GA LEI 8.666\/93.","fornecedor":"B&F EMPREENDIMENTOS DIGITAIS","denom_uni_orc":"CORPO DELIBERATIVO E SECRETARIA","funcao":"Legislativa","sub_funcao":"A\u00e7\u00e3o Legislativa","programa":"A\u00c7\u00c3O LEGISLATIVA","acao":"MANUTEN\u00c7\u00c3O DAS ATIVIDADES ADMINISTRATIVAS","ident_acao":"Atividade","cat_econ":"Despesa Corrente","natureza_despesa":"Outras Despesas Correntes","modalidade_despesa":"Aplica\u00e7\u00f5es Diretas","elemento_despesa":"Material de Consumo","sub_elem_desp":"SEM SUBELEMENTO","fonte_recurso":"Recursos do Exerc\u00edcio Corrente \/ Outros Recursos n\u00e3o Vinculados \/ -"},{"ano_emissao_emp":"2023","n_emp":"0000124","data_emissao":"22\/03\/2023","valor":"1.485,70","tipo_empenho":"Ordin\u00e1rio","hist_emp":"VALOR QUE SE EMPENHA PARA FAZER FACE A AQUISI\u00c7\u00c3O DE MATERIAIS DE EXPEDIENTE  PARA O FUNCIONAMENTO DESTA C\u00c2MARA DE VEREADORES DESTE MUNICIPIO, CELEBRADO MEDIANTE DISPENSA DE LICITA\u00c7\u00c3O, COM FUNDAMENTO NO ARTIGO 24, INCISO 2\u00ba GA LEI 8.666\/93.","fornecedor":"B&F EMPREENDIMENTOS DIGITAIS","denom_uni_orc":"CORPO DELIBERATIVO E SECRETARIA","funcao":"Legislativa","sub_funcao":"A\u00e7\u00e3o Legislativa","programa":"A\u00c7\u00c3O LEGISLATIVA","acao":"INDENIZA\u00c7\u00d5ES E RESTITUI\u00c7\u00d5ES DIVERSAS (FMS)","ident_acao":"Atividade","cat_econ":"Despesa Corrente","natureza_despesa":"Outras Despesas Correntes","modalidade_despesa":"Aplica\u00e7\u00f5es Diretas","elemento_despesa":"Material de Consumo","sub_elem_desp":"SEM SUBELEMENTO","fonte_recurso":"Recursos do Exerc\u00edcio Corrente \/ Outros Recursos n\u00e3o Vinculados \/ -"},{"ano_emissao_emp":"2023","n_emp":"0000125","data_emissao":"22\/03\/2023","valor":"290,00","tipo_empenho":"Ordin\u00e1rio","hist_emp":"VALOR QUE SE EMPENHA PARA FAZER FACE A AQUISI\u00c7\u00c3O DE ADESIVOS PARA MEDALHAS, PARA VEICULOS E PARA AS PORTAS DOS GABINETES DESTA C\u00c2MARA DE VEREADORES DESTE MUNICIPIO, CELEBRADO MEDIANTE DISPENSA DE LICITA\u00c7\u00c3O, COM FUNDAMENTO NO ARTIGO 24, INCISO 2\u00ba GA LEI 8.666\/93.","fornecedor":"SIGN COMUNICA\u00c7\u00c3O VISUAL LTDA","denom_uni_orc":"CORPO DELIBERATIVO E SECRETARIA","funcao":"Legislativa","sub_funcao":"A\u00e7\u00e3o Legislativa","programa":"A\u00c7\u00c3O LEGISLATIVA","acao":"AQUISI\u00c7\u00c3O DE M\u00d3VEIS, M\u00c1QUINAS E EQUIPAMENTOS DIVERSOS PARA O CONSELHO","ident_acao":"Atividade","cat_econ":"Despesa Corrente","natureza_despesa":"Outras Despesas Correntes","modalidade_despesa":"Aplica\u00e7\u00f5es Diretas","elemento_despesa":"Material de Consumo","sub_elem_desp":"SEM SUBELEMENTO","fonte_recurso":"Recursos do Exerc\u00edcio Corrente \/ Outros Recursos n\u00e3o Vinculados \/ -"},{"ano_emissao_emp":"2023","n_emp":"0000125","data_emissao":"22\/03\/2023","valor":"290,00","tipo_empenho":"Ordin\u00e1rio","hist_emp":"VALOR QUE SE EMPENHA PARA FAZER FACE A AQUISI\u00c7\u00c3O DE ADESIVOS PARA MEDALHAS, PARA VEICULOS E PARA AS PORTAS DOS GABINETES DESTA C\u00c2MARA DE VEREADORES DESTE MUNICIPIO, CELEBRADO MEDIANTE DISPENSA DE LICITA\u00c7\u00c3O, COM FUNDAMENTO NO ARTIGO 24, INCISO 2\u00ba GA LEI 8.666\/93.","fornecedor":"SIGN COMUNICA\u00c7\u00c3O VISUAL LTDA","denom_uni_orc":"CORPO DELIBERATIVO E SECRETARIA","funcao":"Legislativa","sub_funcao":"A\u00e7\u00e3o Legislativa","programa":"A\u00c7\u00c3O LEGISLATIVA","acao":"MANUTEN\u00c7\u00c3O DAS ATIVIDADES ADMINISTRATIVAS","ident_acao":"Atividade","cat_econ":"Despesa Corrente","natureza_despesa":"Outras Despesas Correntes","modalidade_despesa":"Aplica\u00e7\u00f5es Diretas","elemento_despesa":"Material de Consumo","sub_elem_desp":"SEM SUBELEMENTO","fonte_recurso":"Recursos do Exerc\u00edcio Corrente \/ Outros Recursos n\u00e3o Vinculados \/ -"},{"ano_emissao_emp":"2023","n_emp":"0000125","data_emissao":"22\/03\/2023","valor":"290,00","tipo_empenho":"Ordin\u00e1rio","hist_emp":"VALOR QUE SE EMPENHA PARA FAZER FACE A AQUISI\u00c7\u00c3O DE ADESIVOS PARA MEDALHAS, PARA VEICULOS E PARA AS PORTAS DOS GABINETES DESTA C\u00c2MARA DE VEREADORES DESTE MUNICIPIO, CELEBRADO MEDIANTE DISPENSA DE LICITA\u00c7\u00c3O, COM FUNDAMENTO NO ARTIGO 24, INCISO 2\u00ba GA LEI 8.666\/93.","fornecedor":"SIGN COMUNICA\u00c7\u00c3O VISUAL LTDA","denom_uni_orc":"CORPO DELIBERATIVO E SECRETARIA","funcao":"Legislativa","sub_funcao":"A\u00e7\u00e3o Legislativa","programa":"A\u00c7\u00c3O LEGISLATIVA","acao":"INDENIZA\u00c7\u00d5ES E RESTITUI\u00c7\u00d5ES DIVERSAS (FMS)","ident_acao":"Atividade","cat_econ":"Despesa Corrente","natureza_despesa":"Outras Despesas Correntes","modalidade_despesa":"Aplica\u00e7\u00f5es Diretas","elemento_despesa":"Material de Consumo","sub_elem_desp":"SEM SUBELEMENTO","fonte_recurso":"Recursos do Exerc\u00edcio Corrente \/ Outros Recursos n\u00e3o Vinculados \/ -"},{"ano_emissao_emp":"2023","n_emp":"0000126","data_emissao":"22\/03\/2023","valor":"4.331,07","tipo_empenho":"Ordin\u00e1rio","hist_emp":"VALOR QUE SE EMENHA PARA FAZER FACE A AQUISI\u00c7\u00c3O DE 02 (DOIS) AR CONDICIONADOS SPLIT INVERTER SPRINGER MIDEA XTREME CONNECT 9000 BTUS FRIO 220, CELEBRADO MEDIANTE DISPENSA DE LICITA\u00c7\u00c3O, COM FUNDAMENTO NO ARTIGO 24, INCISO 2\u00ba DA LEI 8.666\/93.","fornecedor":"MAGALU PAGAMENTOS LTDA","denom_uni_orc":"CORPO DELIBERATIVO E SECRETARIA","funcao":"Legislativa","sub_funcao":"A\u00e7\u00e3o Legislativa","programa":"A\u00c7\u00c3O LEGISLATIVA","acao":"REEQUIPAMENTO DA UNIDADE","ident_acao":"Projeto","cat_econ":"Despesa de Capital","natureza_despesa":"Investimentos","modalidade_despesa":"Aplica\u00e7\u00f5es Diretas","elemento_despesa":"Equipamentos e Material Permanente","sub_elem_desp":"OUTROS MATERIAIS PERMANENTES","fonte_recurso":"Recursos do Exerc\u00edcio Corrente \/ Outros Recursos n\u00e3o Vinculados \/ -"},{"ano_emissao_emp":"2023","n_emp":"0000126","data_emissao":"22\/03\/2023","valor":"4.331,07","tipo_empenho":"Ordin\u00e1rio","hist_emp":"VALOR QUE SE EMENHA PARA FAZER FACE A AQUISI\u00c7\u00c3O DE 02 (DOIS) AR CONDICIONADOS SPLIT INVERTER SPRINGER MIDEA XTREME CONNECT 9000 BTUS FRIO 220, CELEBRADO MEDIANTE DISPENSA DE LICITA\u00c7\u00c3O, COM FUNDAMENTO NO ARTIGO 24, INCISO 2\u00ba DA LEI 8.666\/93.","fornecedor":"MAGALU PAGAMENTOS LTDA","denom_uni_orc":"CORPO DELIBERATIVO E SECRETARIA","funcao":"Legislativa","sub_funcao":"A\u00e7\u00e3o Legislativa","programa":"A\u00c7\u00c3O LEGISLATIVA","acao":"INDENIZA\u00c7\u00d5ES E RESTITUI\u00c7\u00d5ES DO RPPS","ident_acao":"Projeto","cat_econ":"Despesa de Capital","natureza_despesa":"Investimentos","modalidade_despesa":"Aplica\u00e7\u00f5es Diretas","elemento_despesa":"Equipamentos e Material Permanente","sub_elem_desp":"OUTROS MATERIAIS PERMANENTES","fonte_recurso":"Recursos do Exerc\u00edcio Corrente \/ Outros Recursos n\u00e3o Vinculados \/ -"},{"ano_emissao_emp":"2023","n_emp":"0000126","data_emissao":"22\/03\/2023","valor":"4.331,07","tipo_empenho":"Ordin\u00e1rio","hist_emp":"VALOR QUE SE EMENHA PARA FAZER FACE A AQUISI\u00c7\u00c3O DE 02 (DOIS) AR CONDICIONADOS SPLIT INVERTER SPRINGER MIDEA XTREME CONNECT 9000 BTUS FRIO 220, CELEBRADO MEDIANTE DISPENSA DE LICITA\u00c7\u00c3O, COM FUNDAMENTO NO ARTIGO 24, INCISO 2\u00ba DA LEI 8.666\/93.","fornecedor":"MAGALU PAGAMENTOS LTDA","denom_uni_orc":"CORPO DELIBERATIVO E SECRETARIA","funcao":"Legislativa","sub_funcao":"A\u00e7\u00e3o Legislativa","programa":"A\u00c7\u00c3O LEGISLATIVA","acao":"AMORTIZA\u00c7\u00c3O DA D\u00cdVIDA P\u00daBLICA CONSOLIDADA","ident_acao":"Projeto","cat_econ":"Despesa de Capital","natureza_despesa":"Investimentos","modalidade_despesa":"Aplica\u00e7\u00f5es Diretas","elemento_despesa":"Equipamentos e Material Permanente","sub_elem_desp":"OUTROS MATERIAIS PERMANENTES","fonte_recurso":"Recursos do Exerc\u00edcio Corrente \/ Outros Recursos n\u00e3o Vinculados \/ -"},{"ano_emissao_emp":"2023","n_emp":"0000127","data_emissao":"23\/03\/2023","valor":"2.800,00","tipo_empenho":"Ordin\u00e1rio","hist_emp":"VALOR QUE SE EMPENHA PARA FAZER FACE A 04 (QUATRO) DI\u00c1RIAS (COM) PERNOITE, DESTINADA(S) AO CUSTEIO DAS DESPESAS DA VIAGEM A CIDADE DE BRAS\u00cdLIA-DF, ONDE NA OPORTUNIDADE PARTICIPAR\u00c1 DO XXIV MARCHA A BRAS\u00cdLIA EM DEFESA DOS MUNIC\u00cdPIOS, A CONFEDERA\u00c7\u00c3O NACIONAL DE MUNIC\u00cdPIOS (CNM), QUE ACONTECER\u00c1 DE 27 A 30 DE MAR\u00c7O DE 2023.","fornecedor":": JOS\u00c9 CORDEIRO JUNIOR","denom_uni_orc":"CORPO DELIBERATIVO E SECRETARIA","funcao":"Legislativa","sub_funcao":"A\u00e7\u00e3o Legislativa","programa":"A\u00c7\u00c3O LEGISLATIVA","acao":"AQUISI\u00c7\u00c3O DE M\u00d3VEIS, M\u00c1QUINAS E EQUIPAMENTOS DIVERSOS PARA O CONSELHO","ident_acao":"Atividade","cat_econ":"Despesa Corrente","natureza_despesa":"Outras Despesas Correntes","modalidade_despesa":"Aplica\u00e7\u00f5es Diretas","elemento_despesa":"Di\u00e1rias \u2013 Civil","sub_elem_desp":"SEM SUBELEMENTO","fonte_recurso":"Recursos do Exerc\u00edcio Corrente \/ Outros Recursos n\u00e3o Vinculados \/ -"},{"ano_emissao_emp":"2023","n_emp":"0000127","data_emissao":"23\/03\/2023","valor":"2.800,00","tipo_empenho":"Ordin\u00e1rio","hist_emp":"VALOR QUE SE EMPENHA PARA FAZER FACE A 04 (QUATRO) DI\u00c1RIAS (COM) PERNOITE, DESTINADA(S) AO CUSTEIO DAS DESPESAS DA VIAGEM A CIDADE DE BRAS\u00cdLIA-DF, ONDE NA OPORTUNIDADE PARTICIPAR\u00c1 DO XXIV MARCHA A BRAS\u00cdLIA EM DEFESA DOS MUNIC\u00cdPIOS, A CONFEDERA\u00c7\u00c3O NACIONAL DE MUNIC\u00cdPIOS (CNM), QUE ACONTECER\u00c1 DE 27 A 30 DE MAR\u00c7O DE 2023.","fornecedor":": JOS\u00c9 CORDEIRO JUNIOR","denom_uni_orc":"CORPO DELIBERATIVO E SECRETARIA","funcao":"Legislativa","sub_funcao":"A\u00e7\u00e3o Legislativa","programa":"A\u00c7\u00c3O LEGISLATIVA","acao":"MANUTEN\u00c7\u00c3O DAS ATIVIDADES ADMINISTRATIVAS","ident_acao":"Atividade","cat_econ":"Despesa Corrente","natureza_despesa":"Outras Despesas Correntes","modalidade_despesa":"Aplica\u00e7\u00f5es Diretas","elemento_despesa":"Di\u00e1rias \u2013 Civil","sub_elem_desp":"SEM SUBELEMENTO","fonte_recurso":"Recursos do Exerc\u00edcio Corrente \/ Outros Recursos n\u00e3o Vinculados \/ -"},{"ano_emissao_emp":"2023","n_emp":"0000127","data_emissao":"23\/03\/2023","valor":"2.800,00","tipo_empenho":"Ordin\u00e1rio","hist_emp":"VALOR QUE SE EMPENHA PARA FAZER FACE A 04 (QUATRO) DI\u00c1RIAS (COM) PERNOITE, DESTINADA(S) AO CUSTEIO DAS DESPESAS DA VIAGEM A CIDADE DE BRAS\u00cdLIA-DF, ONDE NA OPORTUNIDADE PARTICIPAR\u00c1 DO XXIV MARCHA A BRAS\u00cdLIA EM DEFESA DOS MUNIC\u00cdPIOS, A CONFEDERA\u00c7\u00c3O NACIONAL DE MUNIC\u00cdPIOS (CNM), QUE ACONTECER\u00c1 DE 27 A 30 DE MAR\u00c7O DE 2023.","fornecedor":": JOS\u00c9 CORDEIRO JUNIOR","denom_uni_orc":"CORPO DELIBERATIVO E SECRETARIA","funcao":"Legislativa","sub_funcao":"A\u00e7\u00e3o Legislativa","programa":"A\u00c7\u00c3O LEGISLATIVA","acao":"INDENIZA\u00c7\u00d5ES E RESTITUI\u00c7\u00d5ES DIVERSAS (FMS)","ident_acao":"Atividade","cat_econ":"Despesa Corrente","natureza_despesa":"Outras Despesas Correntes","modalidade_despesa":"Aplica\u00e7\u00f5es Diretas","elemento_despesa":"Di\u00e1rias \u2013 Civil","sub_elem_desp":"SEM SUBELEMENTO","fonte_recurso":"Recursos do Exerc\u00edcio Corrente \/ Outros Recursos n\u00e3o Vinculados \/ -"},{"ano_emissao_emp":"2023","n_emp":"0000128","data_emissao":"23\/03\/2023","valor":"128,10","tipo_empenho":"Ordin\u00e1rio","hist_emp":"VALOR QUE SE EMPENHA PARA FAZER FACE A AQUISI\u00c7\u00c3O DE MATERIAIS DE MATERIAIS DE CONSUMO PARA O FUNCIONAMENTO DESTA C\u00c2MARA DE VEREADORES, CELEBRADO MEDIANTE DISPENSA DE LICITA\u00c7\u00c3O, COM FUNDAMENTO NO ARTIGO 24, INCISO 2\u00ba DA LEI 8.666\/93.","fornecedor":"JCL LAJES E MATERIAIS PARA CONSTRU\u00c7\u00c3O LTDA","denom_uni_orc":"CORPO DELIBERATIVO E SECRETARIA","funcao":"Legislativa","sub_funcao":"A\u00e7\u00e3o Legislativa","programa":"A\u00c7\u00c3O LEGISLATIVA","acao":"AQUISI\u00c7\u00c3O DE M\u00d3VEIS, M\u00c1QUINAS E EQUIPAMENTOS DIVERSOS PARA O CONSELHO","ident_acao":"Atividade","cat_econ":"Despesa Corrente","natureza_despesa":"Outras Despesas Correntes","modalidade_despesa":"Aplica\u00e7\u00f5es Diretas","elemento_despesa":"Material de Consumo","sub_elem_desp":"SEM SUBELEMENTO","fonte_recurso":"Recursos do Exerc\u00edcio Corrente \/ Outros Recursos n\u00e3o Vinculados \/ -"},{"ano_emissao_emp":"2023","n_emp":"0000128","data_emissao":"23\/03\/2023","valor":"128,10","tipo_empenho":"Ordin\u00e1rio","hist_emp":"VALOR QUE SE EMPENHA PARA FAZER FACE A AQUISI\u00c7\u00c3O DE MATERIAIS DE MATERIAIS DE CONSUMO PARA O FUNCIONAMENTO DESTA C\u00c2MARA DE VEREADORES, CELEBRADO MEDIANTE DISPENSA DE LICITA\u00c7\u00c3O, COM FUNDAMENTO NO ARTIGO 24, INCISO 2\u00ba DA LEI 8.666\/93.","fornecedor":"JCL LAJES E MATERIAIS PARA CONSTRU\u00c7\u00c3O LTDA","denom_uni_orc":"CORPO DELIBERATIVO E SECRETARIA","funcao":"Legislativa","sub_funcao":"A\u00e7\u00e3o Legislativa","programa":"A\u00c7\u00c3O LEGISLATIVA","acao":"MANUTEN\u00c7\u00c3O DAS ATIVIDADES ADMINISTRATIVAS","ident_acao":"Atividade","cat_econ":"Despesa Corrente","natureza_despesa":"Outras Despesas Correntes","modalidade_despesa":"Aplica\u00e7\u00f5es Diretas","elemento_despesa":"Material de Consumo","sub_elem_desp":"SEM SUBELEMENTO","fonte_recurso":"Recursos do Exerc\u00edcio Corrente \/ Outros Recursos n\u00e3o Vinculados \/ -"},{"ano_emissao_emp":"2023","n_emp":"0000128","data_emissao":"23\/03\/2023","valor":"128,10","tipo_empenho":"Ordin\u00e1rio","hist_emp":"VALOR QUE SE EMPENHA PARA FAZER FACE A AQUISI\u00c7\u00c3O DE MATERIAIS DE MATERIAIS DE CONSUMO PARA O FUNCIONAMENTO DESTA C\u00c2MARA DE VEREADORES, CELEBRADO MEDIANTE DISPENSA DE LICITA\u00c7\u00c3O, COM FUNDAMENTO NO ARTIGO 24, INCISO 2\u00ba DA LEI 8.666\/93.","fornecedor":"JCL LAJES E MATERIAIS PARA CONSTRU\u00c7\u00c3O LTDA","denom_uni_orc":"CORPO DELIBERATIVO E SECRETARIA","funcao":"Legislativa","sub_funcao":"A\u00e7\u00e3o Legislativa","programa":"A\u00c7\u00c3O LEGISLATIVA","acao":"INDENIZA\u00c7\u00d5ES E RESTITUI\u00c7\u00d5ES DIVERSAS (FMS)","ident_acao":"Atividade","cat_econ":"Despesa Corrente","natureza_despesa":"Outras Despesas Correntes","modalidade_despesa":"Aplica\u00e7\u00f5es Diretas","elemento_despesa":"Material de Consumo","sub_elem_desp":"SEM SUBELEMENTO","fonte_recurso":"Recursos do Exerc\u00edcio Corrente \/ Outros Recursos n\u00e3o Vinculados \/ -"},{"ano_emissao_emp":"2023","n_emp":"0000129","data_emissao":"24\/03\/2023","valor":"500,00","tipo_empenho":"Ordin\u00e1rio","hist_emp":"VALOR QUE SE EMPENHA PARA FAZER FACE AO CUSTEIO DE SERVI\u00c7O DE DETETIZA\u00c7\u00c3O DO PREDIO DA CAMARA DE VEREADORES DESTE MUNICIPIO, , CELEBRADO MEDIANTE DISPENSA DE LICITA\u00c7\u00c3O, COM FUNDAMENTO NO ARTIGO 24, INCISO 2\u00ba DA LEI 8.666\/93.","fornecedor":"J C B DA SILVA","denom_uni_orc":"CORPO DELIBERATIVO E SECRETARIA","funcao":"Legislativa","sub_funcao":"A\u00e7\u00e3o Legislativa","programa":"A\u00c7\u00c3O LEGISLATIVA","acao":"AQUISI\u00c7\u00c3O DE M\u00d3VEIS, M\u00c1QUINAS E EQUIPAMENTOS DIVERSOS PARA O CONSELHO","ident_acao":"Atividade","cat_econ":"Despesa Corrente","natureza_despesa":"Outras Despesas Correntes","modalidade_despesa":"Aplica\u00e7\u00f5es Diretas","elemento_despesa":"Outros Servi\u00e7os de Terceiros - Pessoa Jur\u00eddica","sub_elem_desp":"SEM SUBELEMENTO","fonte_recurso":"Recursos do Exerc\u00edcio Corrente \/ Outros Recursos n\u00e3o Vinculados \/ -"},{"ano_emissao_emp":"2023","n_emp":"0000129","data_emissao":"24\/03\/2023","valor":"500,00","tipo_empenho":"Ordin\u00e1rio","hist_emp":"VALOR QUE SE EMPENHA PARA FAZER FACE AO CUSTEIO DE SERVI\u00c7O DE DETETIZA\u00c7\u00c3O DO PREDIO DA CAMARA DE VEREADORES DESTE MUNICIPIO, , CELEBRADO MEDIANTE DISPENSA DE LICITA\u00c7\u00c3O, COM FUNDAMENTO NO ARTIGO 24, INCISO 2\u00ba DA LEI 8.666\/93.","fornecedor":"J C B DA SILVA","denom_uni_orc":"CORPO DELIBERATIVO E SECRETARIA","funcao":"Legislativa","sub_funcao":"A\u00e7\u00e3o Legislativa","programa":"A\u00c7\u00c3O LEGISLATIVA","acao":"MANUTEN\u00c7\u00c3O DAS ATIVIDADES ADMINISTRATIVAS","ident_acao":"Atividade","cat_econ":"Despesa Corrente","natureza_despesa":"Outras Despesas Correntes","modalidade_despesa":"Aplica\u00e7\u00f5es Diretas","elemento_despesa":"Outros Servi\u00e7os de Terceiros - Pessoa Jur\u00eddica","sub_elem_desp":"SEM SUBELEMENTO","fonte_recurso":"Recursos do Exerc\u00edcio Corrente \/ Outros Recursos n\u00e3o Vinculados \/ -"},{"ano_emissao_emp":"2023","n_emp":"0000129","data_emissao":"24\/03\/2023","valor":"500,00","tipo_empenho":"Ordin\u00e1rio","hist_emp":"VALOR QUE SE EMPENHA PARA FAZER FACE AO CUSTEIO DE SERVI\u00c7O DE DETETIZA\u00c7\u00c3O DO PREDIO DA CAMARA DE VEREADORES DESTE MUNICIPIO, , CELEBRADO MEDIANTE DISPENSA DE LICITA\u00c7\u00c3O, COM FUNDAMENTO NO ARTIGO 24, INCISO 2\u00ba DA LEI 8.666\/93.","fornecedor":"J C B DA SILVA","denom_uni_orc":"CORPO DELIBERATIVO E SECRETARIA","funcao":"Legislativa","sub_funcao":"A\u00e7\u00e3o Legislativa","programa":"A\u00c7\u00c3O LEGISLATIVA","acao":"INDENIZA\u00c7\u00d5ES E RESTITUI\u00c7\u00d5ES DIVERSAS (FMS)","ident_acao":"Atividade","cat_econ":"Despesa Corrente","natureza_despesa":"Outras Despesas Correntes","modalidade_despesa":"Aplica\u00e7\u00f5es Diretas","elemento_despesa":"Outros Servi\u00e7os de Terceiros - Pessoa Jur\u00eddica","sub_elem_desp":"SEM SUBELEMENTO","fonte_recurso":"Recursos do Exerc\u00edcio Corrente \/ Outros Recursos n\u00e3o Vinculados \/ -"},{"ano_emissao_emp":"2023","n_emp":"0000130","data_emissao":"24\/03\/2023","valor":"2.800,00","tipo_empenho":"Ordin\u00e1rio","hist_emp":"VALOR QUE SE EMPENHA PARA FAZER FACE AS DI\u00c1RIAS SOLICITADAS REFERENTE A VIAGEM DO ASSESSOR A CIDADE DE BRASILIA, PARA SE FAZER PRESENTE NA XXIV MARCHA A BRAS\u00cdLIA EM DEFESA DOS MUNIC\u00cdPIOS.","fornecedor":"IGOR HENRIQUE FERREIRA SILVA","denom_uni_orc":"CORPO DELIBERATIVO E SECRETARIA","funcao":"Legislativa","sub_funcao":"A\u00e7\u00e3o Legislativa","programa":"A\u00c7\u00c3O LEGISLATIVA","acao":"AQUISI\u00c7\u00c3O DE M\u00d3VEIS, M\u00c1QUINAS E EQUIPAMENTOS DIVERSOS PARA O CONSELHO","ident_acao":"Atividade","cat_econ":"Despesa Corrente","natureza_despesa":"Outras Despesas Correntes","modalidade_despesa":"Aplica\u00e7\u00f5es Diretas","elemento_despesa":"Di\u00e1rias \u2013 Civil","sub_elem_desp":"SEM SUBELEMENTO","fonte_recurso":"Recursos do Exerc\u00edcio Corrente \/ Outros Recursos n\u00e3o Vinculados \/ -"},{"ano_emissao_emp":"2023","n_emp":"0000130","data_emissao":"24\/03\/2023","valor":"2.800,00","tipo_empenho":"Ordin\u00e1rio","hist_emp":"VALOR QUE SE EMPENHA PARA FAZER FACE AS DI\u00c1RIAS SOLICITADAS REFERENTE A VIAGEM DO ASSESSOR A CIDADE DE BRASILIA, PARA SE FAZER PRESENTE NA XXIV MARCHA A BRAS\u00cdLIA EM DEFESA DOS MUNIC\u00cdPIOS.","fornecedor":"IGOR HENRIQUE FERREIRA SILVA","denom_uni_orc":"CORPO DELIBERATIVO E SECRETARIA","funcao":"Legislativa","sub_funcao":"A\u00e7\u00e3o Legislativa","programa":"A\u00c7\u00c3O LEGISLATIVA","acao":"MANUTEN\u00c7\u00c3O DAS ATIVIDADES ADMINISTRATIVAS","ident_acao":"Atividade","cat_econ":"Despesa Corrente","natureza_despesa":"Outras Despesas Correntes","modalidade_despesa":"Aplica\u00e7\u00f5es Diretas","elemento_despesa":"Di\u00e1rias \u2013 Civil","sub_elem_desp":"SEM SUBELEMENTO","fonte_recurso":"Recursos do Exerc\u00edcio Corrente \/ Outros Recursos n\u00e3o Vinculados \/ -"},{"ano_emissao_emp":"2023","n_emp":"0000130","data_emissao":"24\/03\/2023","valor":"2.800,00","tipo_empenho":"Ordin\u00e1rio","hist_emp":"VALOR QUE SE EMPENHA PARA FAZER FACE AS DI\u00c1RIAS SOLICITADAS REFERENTE A VIAGEM DO ASSESSOR A CIDADE DE BRASILIA, PARA SE FAZER PRESENTE NA XXIV MARCHA A BRAS\u00cdLIA EM DEFESA DOS MUNIC\u00cdPIOS.","fornecedor":"IGOR HENRIQUE FERREIRA SILVA","denom_uni_orc":"CORPO DELIBERATIVO E SECRETARIA","funcao":"Legislativa","sub_funcao":"A\u00e7\u00e3o Legislativa","programa":"A\u00c7\u00c3O LEGISLATIVA","acao":"INDENIZA\u00c7\u00d5ES E RESTITUI\u00c7\u00d5ES DIVERSAS (FMS)","ident_acao":"Atividade","cat_econ":"Despesa Corrente","natureza_despesa":"Outras Despesas Correntes","modalidade_despesa":"Aplica\u00e7\u00f5es Diretas","elemento_despesa":"Di\u00e1rias \u2013 Civil","sub_elem_desp":"SEM SUBELEMENTO","fonte_recurso":"Recursos do Exerc\u00edcio Corrente \/ Outros Recursos n\u00e3o Vinculados \/ -"},{"ano_emissao_emp":"2023","n_emp":"0000131","data_emissao":"29\/03\/2023","valor":"64,60","tipo_empenho":"Ordin\u00e1rio","hist_emp":"VALOR QUE SE EMPENHA PARA FAZER FACE AO CUSTEIO DE AQUISI\u00c7\u00c3O DE MATERIAIS DE CONSUMO PAARA MANUTAN\u00c7\u00c3O DO FUNCIONAMENTO DESTA C\u00c2MARA DE VEREADORES,  CELEBRADO MEDIANTE DISPENSA DE LICITA\u00c7\u00c3O, COM FUNDAMENTO NO ARTIGO 24, INCISO 2\u00ba DA LEI 8.666\/93.","fornecedor":"JCL LAJES E MATERIAIS PARA CONSTRU\u00c7\u00c3O LTDA","denom_uni_orc":"CORPO DELIBERATIVO E SECRETARIA","funcao":"Legislativa","sub_funcao":"A\u00e7\u00e3o Legislativa","programa":"A\u00c7\u00c3O LEGISLATIVA","acao":"AQUISI\u00c7\u00c3O DE M\u00d3VEIS, M\u00c1QUINAS E EQUIPAMENTOS DIVERSOS PARA O CONSELHO","ident_acao":"Atividade","cat_econ":"Despesa Corrente","natureza_despesa":"Outras Despesas Correntes","modalidade_despesa":"Aplica\u00e7\u00f5es Diretas","elemento_despesa":"Material de Consumo","sub_elem_desp":"SEM SUBELEMENTO","fonte_recurso":"Recursos do Exerc\u00edcio Corrente \/ Outros Recursos n\u00e3o Vinculados \/ -"},{"ano_emissao_emp":"2023","n_emp":"0000131","data_emissao":"29\/03\/2023","valor":"64,60","tipo_empenho":"Ordin\u00e1rio","hist_emp":"VALOR QUE SE EMPENHA PARA FAZER FACE AO CUSTEIO DE AQUISI\u00c7\u00c3O DE MATERIAIS DE CONSUMO PAARA MANUTAN\u00c7\u00c3O DO FUNCIONAMENTO DESTA C\u00c2MARA DE VEREADORES,  CELEBRADO MEDIANTE DISPENSA DE LICITA\u00c7\u00c3O, COM FUNDAMENTO NO ARTIGO 24, INCISO 2\u00ba DA LEI 8.666\/93.","fornecedor":"JCL LAJES E MATERIAIS PARA CONSTRU\u00c7\u00c3O LTDA","denom_uni_orc":"CORPO DELIBERATIVO E SECRETARIA","funcao":"Legislativa","sub_funcao":"A\u00e7\u00e3o Legislativa","programa":"A\u00c7\u00c3O LEGISLATIVA","acao":"MANUTEN\u00c7\u00c3O DAS ATIVIDADES ADMINISTRATIVAS","ident_acao":"Atividade","cat_econ":"Despesa Corrente","natureza_despesa":"Outras Despesas Correntes","modalidade_despesa":"Aplica\u00e7\u00f5es Diretas","elemento_despesa":"Material de Consumo","sub_elem_desp":"SEM SUBELEMENTO","fonte_recurso":"Recursos do Exerc\u00edcio Corrente \/ Outros Recursos n\u00e3o Vinculados \/ -"},{"ano_emissao_emp":"2023","n_emp":"0000131","data_emissao":"29\/03\/2023","valor":"64,60","tipo_empenho":"Ordin\u00e1rio","hist_emp":"VALOR QUE SE EMPENHA PARA FAZER FACE AO CUSTEIO DE AQUISI\u00c7\u00c3O DE MATERIAIS DE CONSUMO PAARA MANUTAN\u00c7\u00c3O DO FUNCIONAMENTO DESTA C\u00c2MARA DE VEREADORES,  CELEBRADO MEDIANTE DISPENSA DE LICITA\u00c7\u00c3O, COM FUNDAMENTO NO ARTIGO 24, INCISO 2\u00ba DA LEI 8.666\/93.","fornecedor":"JCL LAJES E MATERIAIS PARA CONSTRU\u00c7\u00c3O LTDA","denom_uni_orc":"CORPO DELIBERATIVO E SECRETARIA","funcao":"Legislativa","sub_funcao":"A\u00e7\u00e3o Legislativa","programa":"A\u00c7\u00c3O LEGISLATIVA","acao":"INDENIZA\u00c7\u00d5ES E RESTITUI\u00c7\u00d5ES DIVERSAS (FMS)","ident_acao":"Atividade","cat_econ":"Despesa Corrente","natureza_despesa":"Outras Despesas Correntes","modalidade_despesa":"Aplica\u00e7\u00f5es Diretas","elemento_despesa":"Material de Consumo","sub_elem_desp":"SEM SUBELEMENTO","fonte_recurso":"Recursos do Exerc\u00edcio Corrente \/ Outros Recursos n\u00e3o Vinculados \/ -"},{"ano_emissao_emp":"2023","n_emp":"0000132","data_emissao":"31\/03\/2023","valor":"700,00","tipo_empenho":"Ordin\u00e1rio","hist_emp":"VALOR QUE SE EMPENHA PARA FAZER FACE \u00c0 CONTRATA\u00c7\u00c3O DEOS SERVI\u00c7O DE APOIO E ORIENTA\u00c7\u00c3O T\u00c9CNICA NA CONDU\u00c7\u00c3O DA LICITA\u00c7\u00c3O 001\/2023 NA PLATAFORMA BNC, CELEBRADO MEDIANTE DISPENSA DE LICITA\u00c7\u00c3O, COM FUNDAMENTO NO ARTIGO 24, INCISO 2\u00ba DA LEI 8.666\/93.","fornecedor":"GEANE MARIA BEZERRA","denom_uni_orc":"CORPO DELIBERATIVO E SECRETARIA","funcao":"Legislativa","sub_funcao":"A\u00e7\u00e3o Legislativa","programa":"A\u00c7\u00c3O LEGISLATIVA","acao":"AQUISI\u00c7\u00c3O DE M\u00d3VEIS, M\u00c1QUINAS E EQUIPAMENTOS DIVERSOS PARA O CONSELHO","ident_acao":"Atividade","cat_econ":"Despesa Corrente","natureza_despesa":"Outras Despesas Correntes","modalidade_despesa":"Aplica\u00e7\u00f5es Diretas","elemento_despesa":"Outros Servi\u00e7os de Terceiros - Pessoa F\u00edsica","sub_elem_desp":"SEM SUBELEMENTO","fonte_recurso":"Recursos do Exerc\u00edcio Corrente \/ Outros Recursos n\u00e3o Vinculados \/ -"},{"ano_emissao_emp":"2023","n_emp":"0000132","data_emissao":"31\/03\/2023","valor":"700,00","tipo_empenho":"Ordin\u00e1rio","hist_emp":"VALOR QUE SE EMPENHA PARA FAZER FACE \u00c0 CONTRATA\u00c7\u00c3O DEOS SERVI\u00c7O DE APOIO E ORIENTA\u00c7\u00c3O T\u00c9CNICA NA CONDU\u00c7\u00c3O DA LICITA\u00c7\u00c3O 001\/2023 NA PLATAFORMA BNC, CELEBRADO MEDIANTE DISPENSA DE LICITA\u00c7\u00c3O, COM FUNDAMENTO NO ARTIGO 24, INCISO 2\u00ba DA LEI 8.666\/93.","fornecedor":"GEANE MARIA BEZERRA","denom_uni_orc":"CORPO DELIBERATIVO E SECRETARIA","funcao":"Legislativa","sub_funcao":"A\u00e7\u00e3o Legislativa","programa":"A\u00c7\u00c3O LEGISLATIVA","acao":"MANUTEN\u00c7\u00c3O DAS ATIVIDADES ADMINISTRATIVAS","ident_acao":"Atividade","cat_econ":"Despesa Corrente","natureza_despesa":"Outras Despesas Correntes","modalidade_despesa":"Aplica\u00e7\u00f5es Diretas","elemento_despesa":"Outros Servi\u00e7os de Terceiros - Pessoa F\u00edsica","sub_elem_desp":"SEM SUBELEMENTO","fonte_recurso":"Recursos do Exerc\u00edcio Corrente \/ Outros Recursos n\u00e3o Vinculados \/ -"},{"ano_emissao_emp":"2023","n_emp":"0000132","data_emissao":"31\/03\/2023","valor":"700,00","tipo_empenho":"Ordin\u00e1rio","hist_emp":"VALOR QUE SE EMPENHA PARA FAZER FACE \u00c0 CONTRATA\u00c7\u00c3O DEOS SERVI\u00c7O DE APOIO E ORIENTA\u00c7\u00c3O T\u00c9CNICA NA CONDU\u00c7\u00c3O DA LICITA\u00c7\u00c3O 001\/2023 NA PLATAFORMA BNC, CELEBRADO MEDIANTE DISPENSA DE LICITA\u00c7\u00c3O, COM FUNDAMENTO NO ARTIGO 24, INCISO 2\u00ba DA LEI 8.666\/93.","fornecedor":"GEANE MARIA BEZERRA","denom_uni_orc":"CORPO DELIBERATIVO E SECRETARIA","funcao":"Legislativa","sub_funcao":"A\u00e7\u00e3o Legislativa","programa":"A\u00c7\u00c3O LEGISLATIVA","acao":"INDENIZA\u00c7\u00d5ES E RESTITUI\u00c7\u00d5ES DIVERSAS (FMS)","ident_acao":"Atividade","cat_econ":"Despesa Corrente","natureza_despesa":"Outras Despesas Correntes","modalidade_despesa":"Aplica\u00e7\u00f5es Diretas","elemento_despesa":"Outros Servi\u00e7os de Terceiros - Pessoa F\u00edsica","sub_elem_desp":"SEM SUBELEMENTO","fonte_recurso":"Recursos do Exerc\u00edcio Corrente \/ Outros Recursos n\u00e3o Vinculados \/ -"},{"ano_emissao_emp":"2023","n_emp":"0000133","data_emissao":"31\/03\/2023","valor":"899,70","tipo_empenho":"Ordin\u00e1rio","hist_emp":"VALOR QUE SE EMPENHA PARA FAZER FACE \u00c0 AQUISI\u00c7\u00c3O DE 03 (TRES)  KIT MICRO-BIT B\u00c1SICO V2 - BBC MICROBIT PARA O CIDATEC, CELEBRADO MEDIANTE DISPENSA DE LICITA\u00c7\u00c3O, COM FUNDAMENTO NO ARTIGO 24, INCISO 2\u00ba DA LEI 8.6866\/93.","fornecedor":"HAN ROBOTICA E ELETRONICA LTDA","denom_uni_orc":"CORPO DELIBERATIVO E SECRETARIA","funcao":"Legislativa","sub_funcao":"A\u00e7\u00e3o Legislativa","programa":"A\u00c7\u00c3O LEGISLATIVA","acao":"REEQUIPAMENTO DA UNIDADE","ident_acao":"Projeto","cat_econ":"Despesa de Capital","natureza_despesa":"Investimentos","modalidade_despesa":"Aplica\u00e7\u00f5es Diretas","elemento_despesa":"Equipamentos e Material Permanente","sub_elem_desp":"OUTROS MATERIAIS PERMANENTES","fonte_recurso":"Recursos do Exerc\u00edcio Corrente \/ Outros Recursos n\u00e3o Vinculados \/ -"},{"ano_emissao_emp":"2023","n_emp":"0000133","data_emissao":"31\/03\/2023","valor":"899,70","tipo_empenho":"Ordin\u00e1rio","hist_emp":"VALOR QUE SE EMPENHA PARA FAZER FACE \u00c0 AQUISI\u00c7\u00c3O DE 03 (TRES)  KIT MICRO-BIT B\u00c1SICO V2 - BBC MICROBIT PARA O CIDATEC, CELEBRADO MEDIANTE DISPENSA DE LICITA\u00c7\u00c3O, COM FUNDAMENTO NO ARTIGO 24, INCISO 2\u00ba DA LEI 8.6866\/93.","fornecedor":"HAN ROBOTICA E ELETRONICA LTDA","denom_uni_orc":"CORPO DELIBERATIVO E SECRETARIA","funcao":"Legislativa","sub_funcao":"A\u00e7\u00e3o Legislativa","programa":"A\u00c7\u00c3O LEGISLATIVA","acao":"INDENIZA\u00c7\u00d5ES E RESTITUI\u00c7\u00d5ES DO RPPS","ident_acao":"Projeto","cat_econ":"Despesa de Capital","natureza_despesa":"Investimentos","modalidade_despesa":"Aplica\u00e7\u00f5es Diretas","elemento_despesa":"Equipamentos e Material Permanente","sub_elem_desp":"OUTROS MATERIAIS PERMANENTES","fonte_recurso":"Recursos do Exerc\u00edcio Corrente \/ Outros Recursos n\u00e3o Vinculados \/ -"},{"ano_emissao_emp":"2023","n_emp":"0000133","data_emissao":"31\/03\/2023","valor":"899,70","tipo_empenho":"Ordin\u00e1rio","hist_emp":"VALOR QUE SE EMPENHA PARA FAZER FACE \u00c0 AQUISI\u00c7\u00c3O DE 03 (TRES)  KIT MICRO-BIT B\u00c1SICO V2 - BBC MICROBIT PARA O CIDATEC, CELEBRADO MEDIANTE DISPENSA DE LICITA\u00c7\u00c3O, COM FUNDAMENTO NO ARTIGO 24, INCISO 2\u00ba DA LEI 8.6866\/93.","fornecedor":"HAN ROBOTICA E ELETRONICA LTDA","denom_uni_orc":"CORPO DELIBERATIVO E SECRETARIA","funcao":"Legislativa","sub_funcao":"A\u00e7\u00e3o Legislativa","programa":"A\u00c7\u00c3O LEGISLATIVA","acao":"AMORTIZA\u00c7\u00c3O DA D\u00cdVIDA P\u00daBLICA CONSOLIDADA","ident_acao":"Projeto","cat_econ":"Despesa de Capital","natureza_despesa":"Investimentos","modalidade_despesa":"Aplica\u00e7\u00f5es Diretas","elemento_despesa":"Equipamentos e Material Permanente","sub_elem_desp":"OUTROS MATERIAIS PERMANENTES","fonte_recurso":"Recursos do Exerc\u00edcio Corrente \/ Outros Recursos n\u00e3o Vinculados \/ -"},{"ano_emissao_emp":"2023","n_emp":"0000134","data_emissao":"31\/03\/2023","valor":"878,71","tipo_empenho":"Ordin\u00e1rio","hist_emp":"VALOR QUE SE EMPENHA PARA FAZER FACE \u00c0 AQUISI\u00c7\u00c3O DE MATERIAIS DE CONSUMO PARA O FUNCIOMNAMENTO DESTA CAMARA DE VEREADORES, CELEBRADO MEDIANTE DISPENSA DE LICITA\u00c7\u00c3O, COM FUNDAMENTO NO ARTIGO 24, INCISO 2\u00ba DA LEI 8.666\/93.","fornecedor":"LOPES & FONSECA CIA LTDA","denom_uni_orc":"CORPO DELIBERATIVO E SECRETARIA","funcao":"Legislativa","sub_funcao":"A\u00e7\u00e3o Legislativa","programa":"A\u00c7\u00c3O LEGISLATIVA","acao":"AQUISI\u00c7\u00c3O DE M\u00d3VEIS, M\u00c1QUINAS E EQUIPAMENTOS DIVERSOS PARA O CONSELHO","ident_acao":"Atividade","cat_econ":"Despesa Corrente","natureza_despesa":"Outras Despesas Correntes","modalidade_despesa":"Aplica\u00e7\u00f5es Diretas","elemento_despesa":"Material de Consumo","sub_elem_desp":"SEM SUBELEMENTO","fonte_recurso":"Recursos do Exerc\u00edcio Corrente \/ Outros Recursos n\u00e3o Vinculados \/ -"},{"ano_emissao_emp":"2023","n_emp":"0000134","data_emissao":"31\/03\/2023","valor":"878,71","tipo_empenho":"Ordin\u00e1rio","hist_emp":"VALOR QUE SE EMPENHA PARA FAZER FACE \u00c0 AQUISI\u00c7\u00c3O DE MATERIAIS DE CONSUMO PARA O FUNCIOMNAMENTO DESTA CAMARA DE VEREADORES, CELEBRADO MEDIANTE DISPENSA DE LICITA\u00c7\u00c3O, COM FUNDAMENTO NO ARTIGO 24, INCISO 2\u00ba DA LEI 8.666\/93.","fornecedor":"LOPES & FONSECA CIA LTDA","denom_uni_orc":"CORPO DELIBERATIVO E SECRETARIA","funcao":"Legislativa","sub_funcao":"A\u00e7\u00e3o Legislativa","programa":"A\u00c7\u00c3O LEGISLATIVA","acao":"MANUTEN\u00c7\u00c3O DAS ATIVIDADES ADMINISTRATIVAS","ident_acao":"Atividade","cat_econ":"Despesa Corrente","natureza_despesa":"Outras Despesas Correntes","modalidade_despesa":"Aplica\u00e7\u00f5es Diretas","elemento_despesa":"Material de Consumo","sub_elem_desp":"SEM SUBELEMENTO","fonte_recurso":"Recursos do Exerc\u00edcio Corrente \/ Outros Recursos n\u00e3o Vinculados \/ -"},{"ano_emissao_emp":"2023","n_emp":"0000134","data_emissao":"31\/03\/2023","valor":"878,71","tipo_empenho":"Ordin\u00e1rio","hist_emp":"VALOR QUE SE EMPENHA PARA FAZER FACE \u00c0 AQUISI\u00c7\u00c3O DE MATERIAIS DE CONSUMO PARA O FUNCIOMNAMENTO DESTA CAMARA DE VEREADORES, CELEBRADO MEDIANTE DISPENSA DE LICITA\u00c7\u00c3O, COM FUNDAMENTO NO ARTIGO 24, INCISO 2\u00ba DA LEI 8.666\/93.","fornecedor":"LOPES & FONSECA CIA LTDA","denom_uni_orc":"CORPO DELIBERATIVO E SECRETARIA","funcao":"Legislativa","sub_funcao":"A\u00e7\u00e3o Legislativa","programa":"A\u00c7\u00c3O LEGISLATIVA","acao":"INDENIZA\u00c7\u00d5ES E RESTITUI\u00c7\u00d5ES DIVERSAS (FMS)","ident_acao":"Atividade","cat_econ":"Despesa Corrente","natureza_despesa":"Outras Despesas Correntes","modalidade_despesa":"Aplica\u00e7\u00f5es Diretas","elemento_despesa":"Material de Consumo","sub_elem_desp":"SEM SUBELEMENTO","fonte_recurso":"Recursos do Exerc\u00edcio Corrente \/ Outros Recursos n\u00e3o Vinculados \/ -"},{"ano_emissao_emp":"2023","n_emp":"0000135","data_emissao":"31\/03\/2023","valor":"370,50","tipo_empenho":"Ordin\u00e1rio","hist_emp":"VALOR QUE SE EMPENHA PARA FAZER FACE \u00c0 AQUISI\u00c7\u00c3O DE 39 (TRINTA E NOVE) CRACHAS PARA OS SERVIDORES DESTA CAMARA DE VEREADORES, CELEBRADO MEDIANTE DISPENSA DE LICITA\u00c7\u00c3O, COM FUNDAMENTO NO ARTIGO 24, INCISO 2\u00ba DA LEI 8.666\/93.","fornecedor":"SHEEP ARTS LTDA","denom_uni_orc":"CORPO DELIBERATIVO E SECRETARIA","funcao":"Legislativa","sub_funcao":"A\u00e7\u00e3o Legislativa","programa":"A\u00c7\u00c3O LEGISLATIVA","acao":"AQUISI\u00c7\u00c3O DE M\u00d3VEIS, M\u00c1QUINAS E EQUIPAMENTOS DIVERSOS PARA O CONSELHO","ident_acao":"Atividade","cat_econ":"Despesa Corrente","natureza_despesa":"Outras Despesas Correntes","modalidade_despesa":"Aplica\u00e7\u00f5es Diretas","elemento_despesa":"Material de Consumo","sub_elem_desp":"SEM SUBELEMENTO","fonte_recurso":"Recursos do Exerc\u00edcio Corrente \/ Outros Recursos n\u00e3o Vinculados \/ -"},{"ano_emissao_emp":"2023","n_emp":"0000135","data_emissao":"31\/03\/2023","valor":"370,50","tipo_empenho":"Ordin\u00e1rio","hist_emp":"VALOR QUE SE EMPENHA PARA FAZER FACE \u00c0 AQUISI\u00c7\u00c3O DE 39 (TRINTA E NOVE) CRACHAS PARA OS SERVIDORES DESTA CAMARA DE VEREADORES, CELEBRADO MEDIANTE DISPENSA DE LICITA\u00c7\u00c3O, COM FUNDAMENTO NO ARTIGO 24, INCISO 2\u00ba DA LEI 8.666\/93.","fornecedor":"SHEEP ARTS LTDA","denom_uni_orc":"CORPO DELIBERATIVO E SECRETARIA","funcao":"Legislativa","sub_funcao":"A\u00e7\u00e3o Legislativa","programa":"A\u00c7\u00c3O LEGISLATIVA","acao":"MANUTEN\u00c7\u00c3O DAS ATIVIDADES ADMINISTRATIVAS","ident_acao":"Atividade","cat_econ":"Despesa Corrente","natureza_despesa":"Outras Despesas Correntes","modalidade_despesa":"Aplica\u00e7\u00f5es Diretas","elemento_despesa":"Material de Consumo","sub_elem_desp":"SEM SUBELEMENTO","fonte_recurso":"Recursos do Exerc\u00edcio Corrente \/ Outros Recursos n\u00e3o Vinculados \/ -"},{"ano_emissao_emp":"2023","n_emp":"0000135","data_emissao":"31\/03\/2023","valor":"370,50","tipo_empenho":"Ordin\u00e1rio","hist_emp":"VALOR QUE SE EMPENHA PARA FAZER FACE \u00c0 AQUISI\u00c7\u00c3O DE 39 (TRINTA E NOVE) CRACHAS PARA OS SERVIDORES DESTA CAMARA DE VEREADORES, CELEBRADO MEDIANTE DISPENSA DE LICITA\u00c7\u00c3O, COM FUNDAMENTO NO ARTIGO 24, INCISO 2\u00ba DA LEI 8.666\/93.","fornecedor":"SHEEP ARTS LTDA","denom_uni_orc":"CORPO DELIBERATIVO E SECRETARIA","funcao":"Legislativa","sub_funcao":"A\u00e7\u00e3o Legislativa","programa":"A\u00c7\u00c3O LEGISLATIVA","acao":"INDENIZA\u00c7\u00d5ES E RESTITUI\u00c7\u00d5ES DIVERSAS (FMS)","ident_acao":"Atividade","cat_econ":"Despesa Corrente","natureza_despesa":"Outras Despesas Correntes","modalidade_despesa":"Aplica\u00e7\u00f5es Diretas","elemento_despesa":"Material de Consumo","sub_elem_desp":"SEM SUBELEMENTO","fonte_recurso":"Recursos do Exerc\u00edcio Corrente \/ Outros Recursos n\u00e3o Vinculados \/ -"},{"ano_emissao_emp":"2023","n_emp":"0000136","data_emissao":"03\/04\/2023","valor":"933,00","tipo_empenho":"Ordin\u00e1rio","hist_emp":"VALOR QUE SE EMPENHA PARA FAZER FACE \u00c0 AQUISI\u00c7\u00c3O DE 01 (UMA) GLP EM BOTIJ\u00c3O DE 13 KG, 138 (CENTO E TRINTA E OITO) AGUA MINERAL LUSTRAL EM BOTIJ\u00c3O DE 20 (VINTE) LITROS, CELEBRADO MEDIANTE DISPENSA DE LICITA\u00c7\u00c3O, COM FUNDAMENTO NO ARTIGO 24, INCISO 2\u00ba DA LEI 8.666\/93.","fornecedor":"AVG COMERCIO DE GAS E AGUA MINERAL LTDA","denom_uni_orc":"CORPO DELIBERATIVO E SECRETARIA","funcao":"Legislativa","sub_funcao":"A\u00e7\u00e3o Legislativa","programa":"A\u00c7\u00c3O LEGISLATIVA","acao":"AQUISI\u00c7\u00c3O DE M\u00d3VEIS, M\u00c1QUINAS E EQUIPAMENTOS DIVERSOS PARA O CONSELHO","ident_acao":"Atividade","cat_econ":"Despesa Corrente","natureza_despesa":"Outras Despesas Correntes","modalidade_despesa":"Aplica\u00e7\u00f5es Diretas","elemento_despesa":"Material de Consumo","sub_elem_desp":"SEM SUBELEMENTO","fonte_recurso":"Recursos do Exerc\u00edcio Corrente \/ Outros Recursos n\u00e3o Vinculados \/ -"},{"ano_emissao_emp":"2023","n_emp":"0000136","data_emissao":"03\/04\/2023","valor":"933,00","tipo_empenho":"Ordin\u00e1rio","hist_emp":"VALOR QUE SE EMPENHA PARA FAZER FACE \u00c0 AQUISI\u00c7\u00c3O DE 01 (UMA) GLP EM BOTIJ\u00c3O DE 13 KG, 138 (CENTO E TRINTA E OITO) AGUA MINERAL LUSTRAL EM BOTIJ\u00c3O DE 20 (VINTE) LITROS, CELEBRADO MEDIANTE DISPENSA DE LICITA\u00c7\u00c3O, COM FUNDAMENTO NO ARTIGO 24, INCISO 2\u00ba DA LEI 8.666\/93.","fornecedor":"AVG COMERCIO DE GAS E AGUA MINERAL LTDA","denom_uni_orc":"CORPO DELIBERATIVO E SECRETARIA","funcao":"Legislativa","sub_funcao":"A\u00e7\u00e3o Legislativa","programa":"A\u00c7\u00c3O LEGISLATIVA","acao":"MANUTEN\u00c7\u00c3O DAS ATIVIDADES ADMINISTRATIVAS","ident_acao":"Atividade","cat_econ":"Despesa Corrente","natureza_despesa":"Outras Despesas Correntes","modalidade_despesa":"Aplica\u00e7\u00f5es Diretas","elemento_despesa":"Material de Consumo","sub_elem_desp":"SEM SUBELEMENTO","fonte_recurso":"Recursos do Exerc\u00edcio Corrente \/ Outros Recursos n\u00e3o Vinculados \/ -"},{"ano_emissao_emp":"2023","n_emp":"0000136","data_emissao":"03\/04\/2023","valor":"933,00","tipo_empenho":"Ordin\u00e1rio","hist_emp":"VALOR QUE SE EMPENHA PARA FAZER FACE \u00c0 AQUISI\u00c7\u00c3O DE 01 (UMA) GLP EM BOTIJ\u00c3O DE 13 KG, 138 (CENTO E TRINTA E OITO) AGUA MINERAL LUSTRAL EM BOTIJ\u00c3O DE 20 (VINTE) LITROS, CELEBRADO MEDIANTE DISPENSA DE LICITA\u00c7\u00c3O, COM FUNDAMENTO NO ARTIGO 24, INCISO 2\u00ba DA LEI 8.666\/93.","fornecedor":"AVG COMERCIO DE GAS E AGUA MINERAL LTDA","denom_uni_orc":"CORPO DELIBERATIVO E SECRETARIA","funcao":"Legislativa","sub_funcao":"A\u00e7\u00e3o Legislativa","programa":"A\u00c7\u00c3O LEGISLATIVA","acao":"INDENIZA\u00c7\u00d5ES E RESTITUI\u00c7\u00d5ES DIVERSAS (FMS)","ident_acao":"Atividade","cat_econ":"Despesa Corrente","natureza_despesa":"Outras Despesas Correntes","modalidade_despesa":"Aplica\u00e7\u00f5es Diretas","elemento_despesa":"Material de Consumo","sub_elem_desp":"SEM SUBELEMENTO","fonte_recurso":"Recursos do Exerc\u00edcio Corrente \/ Outros Recursos n\u00e3o Vinculados \/ -"},{"ano_emissao_emp":"2023","n_emp":"0000137","data_emissao":"03\/04\/2023","valor":"178,00","tipo_empenho":"Ordin\u00e1rio","hist_emp":"VALOR QUE SE EMPENHA PARA FAZER FACE \u00c0 AQUISI\u00c7\u00c3O DE MOLDURA PARA QUADRO DE HOMENAGEM PARA O PR\u00caMIO MULHER EXPRESS\u00c3O SANTA- CRUZENSE QUE ACONTECER\u00c1 NO DIA 05  DE ABRIL NO PLEN\u00c1RIO DESTA CAM\u00c2RA DE VEREADORES NO, CELEBRADO MEDIANTE DISPENSA DE LICITA\u00c7\u00c3O, COM FUNDAMENTO NO ARTIGO 24, INCISO 2\u00ba DA LEI 8.666\/93.","fornecedor":"SAN VIDROS COMERCIO DE VIDROSLTDA","denom_uni_orc":"CORPO DELIBERATIVO E SECRETARIA","funcao":"Legislativa","sub_funcao":"A\u00e7\u00e3o Legislativa","programa":"A\u00c7\u00c3O LEGISLATIVA","acao":"AQUISI\u00c7\u00c3O DE M\u00d3VEIS, M\u00c1QUINAS E EQUIPAMENTOS DIVERSOS PARA O CONSELHO","ident_acao":"Atividade","cat_econ":"Despesa Corrente","natureza_despesa":"Outras Despesas Correntes","modalidade_despesa":"Aplica\u00e7\u00f5es Diretas","elemento_despesa":"Material de Consumo","sub_elem_desp":"SEM SUBELEMENTO","fonte_recurso":"Recursos do Exerc\u00edcio Corrente \/ Outros Recursos n\u00e3o Vinculados \/ -"},{"ano_emissao_emp":"2023","n_emp":"0000137","data_emissao":"03\/04\/2023","valor":"178,00","tipo_empenho":"Ordin\u00e1rio","hist_emp":"VALOR QUE SE EMPENHA PARA FAZER FACE \u00c0 AQUISI\u00c7\u00c3O DE MOLDURA PARA QUADRO DE HOMENAGEM PARA O PR\u00caMIO MULHER EXPRESS\u00c3O SANTA- CRUZENSE QUE ACONTECER\u00c1 NO DIA 05  DE ABRIL NO PLEN\u00c1RIO DESTA CAM\u00c2RA DE VEREADORES NO, CELEBRADO MEDIANTE DISPENSA DE LICITA\u00c7\u00c3O, COM FUNDAMENTO NO ARTIGO 24, INCISO 2\u00ba DA LEI 8.666\/93.","fornecedor":"SAN VIDROS COMERCIO DE VIDROSLTDA","denom_uni_orc":"CORPO DELIBERATIVO E SECRETARIA","funcao":"Legislativa","sub_funcao":"A\u00e7\u00e3o Legislativa","programa":"A\u00c7\u00c3O LEGISLATIVA","acao":"MANUTEN\u00c7\u00c3O DAS ATIVIDADES ADMINISTRATIVAS","ident_acao":"Atividade","cat_econ":"Despesa Corrente","natureza_despesa":"Outras Despesas Correntes","modalidade_despesa":"Aplica\u00e7\u00f5es Diretas","elemento_despesa":"Material de Consumo","sub_elem_desp":"SEM SUBELEMENTO","fonte_recurso":"Recursos do Exerc\u00edcio Corrente \/ Outros Recursos n\u00e3o Vinculados \/ -"},{"ano_emissao_emp":"2023","n_emp":"0000137","data_emissao":"03\/04\/2023","valor":"178,00","tipo_empenho":"Ordin\u00e1rio","hist_emp":"VALOR QUE SE EMPENHA PARA FAZER FACE \u00c0 AQUISI\u00c7\u00c3O DE MOLDURA PARA QUADRO DE HOMENAGEM PARA O PR\u00caMIO MULHER EXPRESS\u00c3O SANTA- CRUZENSE QUE ACONTECER\u00c1 NO DIA 05  DE ABRIL NO PLEN\u00c1RIO DESTA CAM\u00c2RA DE VEREADORES NO, CELEBRADO MEDIANTE DISPENSA DE LICITA\u00c7\u00c3O, COM FUNDAMENTO NO ARTIGO 24, INCISO 2\u00ba DA LEI 8.666\/93.","fornecedor":"SAN VIDROS COMERCIO DE VIDROSLTDA","denom_uni_orc":"CORPO DELIBERATIVO E SECRETARIA","funcao":"Legislativa","sub_funcao":"A\u00e7\u00e3o Legislativa","programa":"A\u00c7\u00c3O LEGISLATIVA","acao":"INDENIZA\u00c7\u00d5ES E RESTITUI\u00c7\u00d5ES DIVERSAS (FMS)","ident_acao":"Atividade","cat_econ":"Despesa Corrente","natureza_despesa":"Outras Despesas Correntes","modalidade_despesa":"Aplica\u00e7\u00f5es Diretas","elemento_despesa":"Material de Consumo","sub_elem_desp":"SEM SUBELEMENTO","fonte_recurso":"Recursos do Exerc\u00edcio Corrente \/ Outros Recursos n\u00e3o Vinculados \/ -"},{"ano_emissao_emp":"2023","n_emp":"0000138","data_emissao":"04\/04\/2023","valor":"185,00","tipo_empenho":"Ordin\u00e1rio","hist_emp":"VALOR QUE SE EMPENHA PARA FAZER FACE \u00c0 AQUISI\u00c7\u00c3O DE 01 (UMA) COROA DE FLORES, CELEBRADO MEDIANTE DISPENSA DE LICITA\u00c7\u00c3O, COM FUNDAMENTO NO ARTIGO 24, INCISO 2\u00ba DA LEI 8.666\/93.","fornecedor":"FLORICULTURA FLOR DE CHEIRO LTDA","denom_uni_orc":"CORPO DELIBERATIVO E SECRETARIA","funcao":"Legislativa","sub_funcao":"A\u00e7\u00e3o Legislativa","programa":"A\u00c7\u00c3O LEGISLATIVA","acao":"AQUISI\u00c7\u00c3O DE M\u00d3VEIS, M\u00c1QUINAS E EQUIPAMENTOS DIVERSOS PARA O CONSELHO","ident_acao":"Atividade","cat_econ":"Despesa Corrente","natureza_despesa":"Outras Despesas Correntes","modalidade_despesa":"Aplica\u00e7\u00f5es Diretas","elemento_despesa":"Material de Consumo","sub_elem_desp":"SEM SUBELEMENTO","fonte_recurso":"Recursos do Exerc\u00edcio Corrente \/ Outros Recursos n\u00e3o Vinculados \/ -"},{"ano_emissao_emp":"2023","n_emp":"0000138","data_emissao":"04\/04\/2023","valor":"185,00","tipo_empenho":"Ordin\u00e1rio","hist_emp":"VALOR QUE SE EMPENHA PARA FAZER FACE \u00c0 AQUISI\u00c7\u00c3O DE 01 (UMA) COROA DE FLORES, CELEBRADO MEDIANTE DISPENSA DE LICITA\u00c7\u00c3O, COM FUNDAMENTO NO ARTIGO 24, INCISO 2\u00ba DA LEI 8.666\/93.","fornecedor":"FLORICULTURA FLOR DE CHEIRO LTDA","denom_uni_orc":"CORPO DELIBERATIVO E SECRETARIA","funcao":"Legislativa","sub_funcao":"A\u00e7\u00e3o Legislativa","programa":"A\u00c7\u00c3O LEGISLATIVA","acao":"MANUTEN\u00c7\u00c3O DAS ATIVIDADES ADMINISTRATIVAS","ident_acao":"Atividade","cat_econ":"Despesa Corrente","natureza_despesa":"Outras Despesas Correntes","modalidade_despesa":"Aplica\u00e7\u00f5es Diretas","elemento_despesa":"Material de Consumo","sub_elem_desp":"SEM SUBELEMENTO","fonte_recurso":"Recursos do Exerc\u00edcio Corrente \/ Outros Recursos n\u00e3o Vinculados \/ -"},{"ano_emissao_emp":"2023","n_emp":"0000138","data_emissao":"04\/04\/2023","valor":"185,00","tipo_empenho":"Ordin\u00e1rio","hist_emp":"VALOR QUE SE EMPENHA PARA FAZER FACE \u00c0 AQUISI\u00c7\u00c3O DE 01 (UMA) COROA DE FLORES, CELEBRADO MEDIANTE DISPENSA DE LICITA\u00c7\u00c3O, COM FUNDAMENTO NO ARTIGO 24, INCISO 2\u00ba DA LEI 8.666\/93.","fornecedor":"FLORICULTURA FLOR DE CHEIRO LTDA","denom_uni_orc":"CORPO DELIBERATIVO E SECRETARIA","funcao":"Legislativa","sub_funcao":"A\u00e7\u00e3o Legislativa","programa":"A\u00c7\u00c3O LEGISLATIVA","acao":"INDENIZA\u00c7\u00d5ES E RESTITUI\u00c7\u00d5ES DIVERSAS (FMS)","ident_acao":"Atividade","cat_econ":"Despesa Corrente","natureza_despesa":"Outras Despesas Correntes","modalidade_despesa":"Aplica\u00e7\u00f5es Diretas","elemento_despesa":"Material de Consumo","sub_elem_desp":"SEM SUBELEMENTO","fonte_recurso":"Recursos do Exerc\u00edcio Corrente \/ Outros Recursos n\u00e3o Vinculados \/ -"},{"ano_emissao_emp":"2023","n_emp":"0000139","data_emissao":"05\/04\/2023","valor":"1.659,13","tipo_empenho":"Ordin\u00e1rio","hist_emp":"VALOR QUE SE EMPENHA PARA FAZER FACE \u00c0 AQUISI\u00c7\u00c3O DE  MATERIAIS DE UTILIZA\u00c7\u00c3O RECORRENTE REFERENTES \u00c0 COPA E COZINHA DESTA CASA LEGISLATIVA, CELEBRADO MEDIANTE DISPENSA DE LICITA\u00c7\u00c3O, COM FUNDAMENTO NO ARTIGO 24, INCISO 2\u00ba DA LEI 8.666\/93.","fornecedor":"LOPES & FONSECA CIA LTDA","denom_uni_orc":"CORPO DELIBERATIVO E SECRETARIA","funcao":"Legislativa","sub_funcao":"A\u00e7\u00e3o Legislativa","programa":"A\u00c7\u00c3O LEGISLATIVA","acao":"AQUISI\u00c7\u00c3O DE M\u00d3VEIS, M\u00c1QUINAS E EQUIPAMENTOS DIVERSOS PARA O CONSELHO","ident_acao":"Atividade","cat_econ":"Despesa Corrente","natureza_despesa":"Outras Despesas Correntes","modalidade_despesa":"Aplica\u00e7\u00f5es Diretas","elemento_despesa":"Material de Consumo","sub_elem_desp":"SEM SUBELEMENTO","fonte_recurso":"Recursos do Exerc\u00edcio Corrente \/ Outros Recursos n\u00e3o Vinculados \/ -"},{"ano_emissao_emp":"2023","n_emp":"0000139","data_emissao":"05\/04\/2023","valor":"1.659,13","tipo_empenho":"Ordin\u00e1rio","hist_emp":"VALOR QUE SE EMPENHA PARA FAZER FACE \u00c0 AQUISI\u00c7\u00c3O DE  MATERIAIS DE UTILIZA\u00c7\u00c3O RECORRENTE REFERENTES \u00c0 COPA E COZINHA DESTA CASA LEGISLATIVA, CELEBRADO MEDIANTE DISPENSA DE LICITA\u00c7\u00c3O, COM FUNDAMENTO NO ARTIGO 24, INCISO 2\u00ba DA LEI 8.666\/93.","fornecedor":"LOPES & FONSECA CIA LTDA","denom_uni_orc":"CORPO DELIBERATIVO E SECRETARIA","funcao":"Legislativa","sub_funcao":"A\u00e7\u00e3o Legislativa","programa":"A\u00c7\u00c3O LEGISLATIVA","acao":"MANUTEN\u00c7\u00c3O DAS ATIVIDADES ADMINISTRATIVAS","ident_acao":"Atividade","cat_econ":"Despesa Corrente","natureza_despesa":"Outras Despesas Correntes","modalidade_despesa":"Aplica\u00e7\u00f5es Diretas","elemento_despesa":"Material de Consumo","sub_elem_desp":"SEM SUBELEMENTO","fonte_recurso":"Recursos do Exerc\u00edcio Corrente \/ Outros Recursos n\u00e3o Vinculados \/ -"},{"ano_emissao_emp":"2023","n_emp":"0000139","data_emissao":"05\/04\/2023","valor":"1.659,13","tipo_empenho":"Ordin\u00e1rio","hist_emp":"VALOR QUE SE EMPENHA PARA FAZER FACE \u00c0 AQUISI\u00c7\u00c3O DE  MATERIAIS DE UTILIZA\u00c7\u00c3O RECORRENTE REFERENTES \u00c0 COPA E COZINHA DESTA CASA LEGISLATIVA, CELEBRADO MEDIANTE DISPENSA DE LICITA\u00c7\u00c3O, COM FUNDAMENTO NO ARTIGO 24, INCISO 2\u00ba DA LEI 8.666\/93.","fornecedor":"LOPES & FONSECA CIA LTDA","denom_uni_orc":"CORPO DELIBERATIVO E SECRETARIA","funcao":"Legislativa","sub_funcao":"A\u00e7\u00e3o Legislativa","programa":"A\u00c7\u00c3O LEGISLATIVA","acao":"INDENIZA\u00c7\u00d5ES E RESTITUI\u00c7\u00d5ES DIVERSAS (FMS)","ident_acao":"Atividade","cat_econ":"Despesa Corrente","natureza_despesa":"Outras Despesas Correntes","modalidade_despesa":"Aplica\u00e7\u00f5es Diretas","elemento_despesa":"Material de Consumo","sub_elem_desp":"SEM SUBELEMENTO","fonte_recurso":"Recursos do Exerc\u00edcio Corrente \/ Outros Recursos n\u00e3o Vinculados \/ -"},{"ano_emissao_emp":"2023","n_emp":"0000140","data_emissao":"10\/04\/2023","valor":"4.264,71","tipo_empenho":"Ordin\u00e1rio","hist_emp":"VALOR QUE SE EMPENHA PARA FAZER FACE \u00c0 AQUISI\u00c7\u00c3O DE DOIS AR-CONDICIONADOS SPLIT INVERTER SPRINGER MIDEA XTREMECONNECT 9000 BTUSFRIO 220V, CELEBRADO MEDIANTE DISPENSA DE LICITA\u00c7\u00c3O, COM FUNDAMENTO NO ARTIGO 24, INCISO 2\u00ba DA LEI 8.666\/93.","fornecedor":"MAGAZINE LUIZA S\/A","denom_uni_orc":"CORPO DELIBERATIVO E SECRETARIA","funcao":"Legislativa","sub_funcao":"A\u00e7\u00e3o Legislativa","programa":"A\u00c7\u00c3O LEGISLATIVA","acao":"REEQUIPAMENTO DA UNIDADE","ident_acao":"Projeto","cat_econ":"Despesa de Capital","natureza_despesa":"Investimentos","modalidade_despesa":"Aplica\u00e7\u00f5es Diretas","elemento_despesa":"Equipamentos e Material Permanente","sub_elem_desp":"SEM SUBELEMENTO","fonte_recurso":"Recursos do Exerc\u00edcio Corrente \/ Outros Recursos n\u00e3o Vinculados \/ -"},{"ano_emissao_emp":"2023","n_emp":"0000140","data_emissao":"10\/04\/2023","valor":"4.264,71","tipo_empenho":"Ordin\u00e1rio","hist_emp":"VALOR QUE SE EMPENHA PARA FAZER FACE \u00c0 AQUISI\u00c7\u00c3O DE DOIS AR-CONDICIONADOS SPLIT INVERTER SPRINGER MIDEA XTREMECONNECT 9000 BTUSFRIO 220V, CELEBRADO MEDIANTE DISPENSA DE LICITA\u00c7\u00c3O, COM FUNDAMENTO NO ARTIGO 24, INCISO 2\u00ba DA LEI 8.666\/93.","fornecedor":"MAGAZINE LUIZA S\/A","denom_uni_orc":"CORPO DELIBERATIVO E SECRETARIA","funcao":"Legislativa","sub_funcao":"A\u00e7\u00e3o Legislativa","programa":"A\u00c7\u00c3O LEGISLATIVA","acao":"INDENIZA\u00c7\u00d5ES E RESTITUI\u00c7\u00d5ES DO RPPS","ident_acao":"Projeto","cat_econ":"Despesa de Capital","natureza_despesa":"Investimentos","modalidade_despesa":"Aplica\u00e7\u00f5es Diretas","elemento_despesa":"Equipamentos e Material Permanente","sub_elem_desp":"SEM SUBELEMENTO","fonte_recurso":"Recursos do Exerc\u00edcio Corrente \/ Outros Recursos n\u00e3o Vinculados \/ -"},{"ano_emissao_emp":"2023","n_emp":"0000140","data_emissao":"10\/04\/2023","valor":"4.264,71","tipo_empenho":"Ordin\u00e1rio","hist_emp":"VALOR QUE SE EMPENHA PARA FAZER FACE \u00c0 AQUISI\u00c7\u00c3O DE DOIS AR-CONDICIONADOS SPLIT INVERTER SPRINGER MIDEA XTREMECONNECT 9000 BTUSFRIO 220V, CELEBRADO MEDIANTE DISPENSA DE LICITA\u00c7\u00c3O, COM FUNDAMENTO NO ARTIGO 24, INCISO 2\u00ba DA LEI 8.666\/93.","fornecedor":"MAGAZINE LUIZA S\/A","denom_uni_orc":"CORPO DELIBERATIVO E SECRETARIA","funcao":"Legislativa","sub_funcao":"A\u00e7\u00e3o Legislativa","programa":"A\u00c7\u00c3O LEGISLATIVA","acao":"AMORTIZA\u00c7\u00c3O DA D\u00cdVIDA P\u00daBLICA CONSOLIDADA","ident_acao":"Projeto","cat_econ":"Despesa de Capital","natureza_despesa":"Investimentos","modalidade_despesa":"Aplica\u00e7\u00f5es Diretas","elemento_despesa":"Equipamentos e Material Permanente","sub_elem_desp":"SEM SUBELEMENTO","fonte_recurso":"Recursos do Exerc\u00edcio Corrente \/ Outros Recursos n\u00e3o Vinculados \/ -"},{"ano_emissao_emp":"2023","n_emp":"0000141","data_emissao":"10\/04\/2023","valor":"7.198,00","tipo_empenho":"Ordin\u00e1rio","hist_emp":"VALOR QUE SE EMPENHA PARA FAZER FACE \u00c0 AQUISI\u00c7\u00c3O 2 (DOIS) IPHONES 11 ONZE 128GB BRANCO, 4G, TELA DE 6.1, C\u00c2MERA DUPLA 12MP + SELFIE 12MP PARA USO NOS TRABALHOS DESTA C\u00c2MARA DE VEREADORES, CELEBRADO MEDIANTE DISPENSA DE LICITA\u00c7\u00c3O, COM FUNDAMENTO NO ARTIGO 24, INCISO 2\u00ba DA LEI 8.666\/93.","fornecedor":"VIA VAREJO S\/A","denom_uni_orc":"CORPO DELIBERATIVO E SECRETARIA","funcao":"Legislativa","sub_funcao":"A\u00e7\u00e3o Legislativa","programa":"A\u00c7\u00c3O LEGISLATIVA","acao":"REEQUIPAMENTO DA UNIDADE","ident_acao":"Projeto","cat_econ":"Despesa de Capital","natureza_despesa":"Investimentos","modalidade_despesa":"Aplica\u00e7\u00f5es Diretas","elemento_despesa":"Equipamentos e Material Permanente","sub_elem_desp":"OUTROS MATERIAIS PERMANENTES","fonte_recurso":"Recursos do Exerc\u00edcio Corrente \/ Outros Recursos n\u00e3o Vinculados \/ -"},{"ano_emissao_emp":"2023","n_emp":"0000141","data_emissao":"10\/04\/2023","valor":"7.198,00","tipo_empenho":"Ordin\u00e1rio","hist_emp":"VALOR QUE SE EMPENHA PARA FAZER FACE \u00c0 AQUISI\u00c7\u00c3O 2 (DOIS) IPHONES 11 ONZE 128GB BRANCO, 4G, TELA DE 6.1, C\u00c2MERA DUPLA 12MP + SELFIE 12MP PARA USO NOS TRABALHOS DESTA C\u00c2MARA DE VEREADORES, CELEBRADO MEDIANTE DISPENSA DE LICITA\u00c7\u00c3O, COM FUNDAMENTO NO ARTIGO 24, INCISO 2\u00ba DA LEI 8.666\/93.","fornecedor":"VIA VAREJO S\/A","denom_uni_orc":"CORPO DELIBERATIVO E SECRETARIA","funcao":"Legislativa","sub_funcao":"A\u00e7\u00e3o Legislativa","programa":"A\u00c7\u00c3O LEGISLATIVA","acao":"INDENIZA\u00c7\u00d5ES E RESTITUI\u00c7\u00d5ES DO RPPS","ident_acao":"Projeto","cat_econ":"Despesa de Capital","natureza_despesa":"Investimentos","modalidade_despesa":"Aplica\u00e7\u00f5es Diretas","elemento_despesa":"Equipamentos e Material Permanente","sub_elem_desp":"OUTROS MATERIAIS PERMANENTES","fonte_recurso":"Recursos do Exerc\u00edcio Corrente \/ Outros Recursos n\u00e3o Vinculados \/ -"},{"ano_emissao_emp":"2023","n_emp":"0000141","data_emissao":"10\/04\/2023","valor":"7.198,00","tipo_empenho":"Ordin\u00e1rio","hist_emp":"VALOR QUE SE EMPENHA PARA FAZER FACE \u00c0 AQUISI\u00c7\u00c3O 2 (DOIS) IPHONES 11 ONZE 128GB BRANCO, 4G, TELA DE 6.1, C\u00c2MERA DUPLA 12MP + SELFIE 12MP PARA USO NOS TRABALHOS DESTA C\u00c2MARA DE VEREADORES, CELEBRADO MEDIANTE DISPENSA DE LICITA\u00c7\u00c3O, COM FUNDAMENTO NO ARTIGO 24, INCISO 2\u00ba DA LEI 8.666\/93.","fornecedor":"VIA VAREJO S\/A","denom_uni_orc":"CORPO DELIBERATIVO E SECRETARIA","funcao":"Legislativa","sub_funcao":"A\u00e7\u00e3o Legislativa","programa":"A\u00c7\u00c3O LEGISLATIVA","acao":"AMORTIZA\u00c7\u00c3O DA D\u00cdVIDA P\u00daBLICA CONSOLIDADA","ident_acao":"Projeto","cat_econ":"Despesa de Capital","natureza_despesa":"Investimentos","modalidade_despesa":"Aplica\u00e7\u00f5es Diretas","elemento_despesa":"Equipamentos e Material Permanente","sub_elem_desp":"OUTROS MATERIAIS PERMANENTES","fonte_recurso":"Recursos do Exerc\u00edcio Corrente \/ Outros Recursos n\u00e3o Vinculados \/ -"},{"ano_emissao_emp":"2023","n_emp":"0000142","data_emissao":"10\/04\/2023","valor":"76,70","tipo_empenho":"Ordin\u00e1rio","hist_emp":"VALOR QUE SE EMPENHA PARA FAZER FACE \u00c0 AQUISI\u00c7\u00c3O DE MATERIAIS DE CONSUMO PARA O FUNCIONAMENTO DESTA C\u00c2MARA DE VEREADORES, CELEBRADO MEDIANTE DISPENSA DE LICITA\u00c7\u00c3O, COM FUNDAMENTO NO ARTIGO 24, INCISO 2\u00ba DA LEI 8.666\/93.","fornecedor":"JCL LAJES E MATERIAIS PARA CONSTRU\u00c7\u00c3O LTDA","denom_uni_orc":"CORPO DELIBERATIVO E SECRETARIA","funcao":"Legislativa","sub_funcao":"A\u00e7\u00e3o Legislativa","programa":"A\u00c7\u00c3O LEGISLATIVA","acao":"AQUISI\u00c7\u00c3O DE M\u00d3VEIS, M\u00c1QUINAS E EQUIPAMENTOS DIVERSOS PARA O CONSELHO","ident_acao":"Atividade","cat_econ":"Despesa Corrente","natureza_despesa":"Outras Despesas Correntes","modalidade_despesa":"Aplica\u00e7\u00f5es Diretas","elemento_despesa":"Material de Consumo","sub_elem_desp":"SEM SUBELEMENTO","fonte_recurso":"Recursos do Exerc\u00edcio Corrente \/ Outros Recursos n\u00e3o Vinculados \/ -"},{"ano_emissao_emp":"2023","n_emp":"0000142","data_emissao":"10\/04\/2023","valor":"76,70","tipo_empenho":"Ordin\u00e1rio","hist_emp":"VALOR QUE SE EMPENHA PARA FAZER FACE \u00c0 AQUISI\u00c7\u00c3O DE MATERIAIS DE CONSUMO PARA O FUNCIONAMENTO DESTA C\u00c2MARA DE VEREADORES, CELEBRADO MEDIANTE DISPENSA DE LICITA\u00c7\u00c3O, COM FUNDAMENTO NO ARTIGO 24, INCISO 2\u00ba DA LEI 8.666\/93.","fornecedor":"JCL LAJES E MATERIAIS PARA CONSTRU\u00c7\u00c3O LTDA","denom_uni_orc":"CORPO DELIBERATIVO E SECRETARIA","funcao":"Legislativa","sub_funcao":"A\u00e7\u00e3o Legislativa","programa":"A\u00c7\u00c3O LEGISLATIVA","acao":"MANUTEN\u00c7\u00c3O DAS ATIVIDADES ADMINISTRATIVAS","ident_acao":"Atividade","cat_econ":"Despesa Corrente","natureza_despesa":"Outras Despesas Correntes","modalidade_despesa":"Aplica\u00e7\u00f5es Diretas","elemento_despesa":"Material de Consumo","sub_elem_desp":"SEM SUBELEMENTO","fonte_recurso":"Recursos do Exerc\u00edcio Corrente \/ Outros Recursos n\u00e3o Vinculados \/ -"},{"ano_emissao_emp":"2023","n_emp":"0000142","data_emissao":"10\/04\/2023","valor":"76,70","tipo_empenho":"Ordin\u00e1rio","hist_emp":"VALOR QUE SE EMPENHA PARA FAZER FACE \u00c0 AQUISI\u00c7\u00c3O DE MATERIAIS DE CONSUMO PARA O FUNCIONAMENTO DESTA C\u00c2MARA DE VEREADORES, CELEBRADO MEDIANTE DISPENSA DE LICITA\u00c7\u00c3O, COM FUNDAMENTO NO ARTIGO 24, INCISO 2\u00ba DA LEI 8.666\/93.","fornecedor":"JCL LAJES E MATERIAIS PARA CONSTRU\u00c7\u00c3O LTDA","denom_uni_orc":"CORPO DELIBERATIVO E SECRETARIA","funcao":"Legislativa","sub_funcao":"A\u00e7\u00e3o Legislativa","programa":"A\u00c7\u00c3O LEGISLATIVA","acao":"INDENIZA\u00c7\u00d5ES E RESTITUI\u00c7\u00d5ES DIVERSAS (FMS)","ident_acao":"Atividade","cat_econ":"Despesa Corrente","natureza_despesa":"Outras Despesas Correntes","modalidade_despesa":"Aplica\u00e7\u00f5es Diretas","elemento_despesa":"Material de Consumo","sub_elem_desp":"SEM SUBELEMENTO","fonte_recurso":"Recursos do Exerc\u00edcio Corrente \/ Outros Recursos n\u00e3o Vinculados \/ -"},{"ano_emissao_emp":"2023","n_emp":"0000143","data_emissao":"10\/04\/2023","valor":"650,00","tipo_empenho":"Ordin\u00e1rio","hist_emp":"VALOR QUE SE EMPENHA PARA FAZER FACE \u00c0 INSCRI\u00c7\u00c3O DO VEREADOR CICERO COSMO DA SILVA NO EVENTO XXII MARCHA DOS LEGISLATIVOS MUNICIPAIS DE 25 A 28 DE ABRIL DO ANO CORRENTE , CELEBRADO MEDIANTE DISPENSA DE LICITA\u00c7\u00c3O, COM FUNDAMENTO NO ARTIGO 24, INCISO 2\u00ba DA LEI 8.666\/93.","fornecedor":"UNIAO DOS VEREADORES DE PERNAMBUCO","denom_uni_orc":"CORPO DELIBERATIVO E SECRETARIA","funcao":"Legislativa","sub_funcao":"A\u00e7\u00e3o Legislativa","programa":"A\u00c7\u00c3O LEGISLATIVA","acao":"AQUISI\u00c7\u00c3O DE M\u00d3VEIS, M\u00c1QUINAS E EQUIPAMENTOS DIVERSOS PARA O CONSELHO","ident_acao":"Atividade","cat_econ":"Despesa Corrente","natureza_despesa":"Outras Despesas Correntes","modalidade_despesa":"Aplica\u00e7\u00f5es Diretas","elemento_despesa":"Outros Servi\u00e7os de Terceiros - Pessoa Jur\u00eddica","sub_elem_desp":"SEM SUBELEMENTO","fonte_recurso":"Recursos do Exerc\u00edcio Corrente \/ Outros Recursos n\u00e3o Vinculados \/ -"},{"ano_emissao_emp":"2023","n_emp":"0000143","data_emissao":"10\/04\/2023","valor":"650,00","tipo_empenho":"Ordin\u00e1rio","hist_emp":"VALOR QUE SE EMPENHA PARA FAZER FACE \u00c0 INSCRI\u00c7\u00c3O DO VEREADOR CICERO COSMO DA SILVA NO EVENTO XXII MARCHA DOS LEGISLATIVOS MUNICIPAIS DE 25 A 28 DE ABRIL DO ANO CORRENTE , CELEBRADO MEDIANTE DISPENSA DE LICITA\u00c7\u00c3O, COM FUNDAMENTO NO ARTIGO 24, INCISO 2\u00ba DA LEI 8.666\/93.","fornecedor":"UNIAO DOS VEREADORES DE PERNAMBUCO","denom_uni_orc":"CORPO DELIBERATIVO E SECRETARIA","funcao":"Legislativa","sub_funcao":"A\u00e7\u00e3o Legislativa","programa":"A\u00c7\u00c3O LEGISLATIVA","acao":"MANUTEN\u00c7\u00c3O DAS ATIVIDADES ADMINISTRATIVAS","ident_acao":"Atividade","cat_econ":"Despesa Corrente","natureza_despesa":"Outras Despesas Correntes","modalidade_despesa":"Aplica\u00e7\u00f5es Diretas","elemento_despesa":"Outros Servi\u00e7os de Terceiros - Pessoa Jur\u00eddica","sub_elem_desp":"SEM SUBELEMENTO","fonte_recurso":"Recursos do Exerc\u00edcio Corrente \/ Outros Recursos n\u00e3o Vinculados \/ -"},{"ano_emissao_emp":"2023","n_emp":"0000143","data_emissao":"10\/04\/2023","valor":"650,00","tipo_empenho":"Ordin\u00e1rio","hist_emp":"VALOR QUE SE EMPENHA PARA FAZER FACE \u00c0 INSCRI\u00c7\u00c3O DO VEREADOR CICERO COSMO DA SILVA NO EVENTO XXII MARCHA DOS LEGISLATIVOS MUNICIPAIS DE 25 A 28 DE ABRIL DO ANO CORRENTE , CELEBRADO MEDIANTE DISPENSA DE LICITA\u00c7\u00c3O, COM FUNDAMENTO NO ARTIGO 24, INCISO 2\u00ba DA LEI 8.666\/93.","fornecedor":"UNIAO DOS VEREADORES DE PERNAMBUCO","denom_uni_orc":"CORPO DELIBERATIVO E SECRETARIA","funcao":"Legislativa","sub_funcao":"A\u00e7\u00e3o Legislativa","programa":"A\u00c7\u00c3O LEGISLATIVA","acao":"INDENIZA\u00c7\u00d5ES E RESTITUI\u00c7\u00d5ES DIVERSAS (FMS)","ident_acao":"Atividade","cat_econ":"Despesa Corrente","natureza_despesa":"Outras Despesas Correntes","modalidade_despesa":"Aplica\u00e7\u00f5es Diretas","elemento_despesa":"Outros Servi\u00e7os de Terceiros - Pessoa Jur\u00eddica","sub_elem_desp":"SEM SUBELEMENTO","fonte_recurso":"Recursos do Exerc\u00edcio Corrente \/ Outros Recursos n\u00e3o Vinculados \/ -"},{"ano_emissao_emp":"2023","n_emp":"0000144","data_emissao":"10\/04\/2023","valor":"161,60","tipo_empenho":"Ordin\u00e1rio","hist_emp":"VALOR QUE SE EMPENHA PARA FAZER FACE \u00c0 AQUISI\u00c7\u00c3O DE MATERIAIS DE CONSUMO PARA O FUNCIONAMENTO DESTA C\u00c2MARA DE VEREADORES, CELEBRADO MEDIANTE DISPENSA DE LICITA\u00c7\u00c3O, COM FUNDAMENTO NO ARTIGO 24, INCISO 2\u00ba DA LEI 8.666\/93.","fornecedor":"JCL LAJES E MATERIAIS PARA CONSTRU\u00c7\u00c3O LTDA","denom_uni_orc":"CORPO DELIBERATIVO E SECRETARIA","funcao":"Legislativa","sub_funcao":"A\u00e7\u00e3o Legislativa","programa":"A\u00c7\u00c3O LEGISLATIVA","acao":"AQUISI\u00c7\u00c3O DE M\u00d3VEIS, M\u00c1QUINAS E EQUIPAMENTOS DIVERSOS PARA O CONSELHO","ident_acao":"Atividade","cat_econ":"Despesa Corrente","natureza_despesa":"Outras Despesas Correntes","modalidade_despesa":"Aplica\u00e7\u00f5es Diretas","elemento_despesa":"Material de Consumo","sub_elem_desp":"SEM SUBELEMENTO","fonte_recurso":"Recursos do Exerc\u00edcio Corrente \/ Outros Recursos n\u00e3o Vinculados \/ -"},{"ano_emissao_emp":"2023","n_emp":"0000144","data_emissao":"10\/04\/2023","valor":"161,60","tipo_empenho":"Ordin\u00e1rio","hist_emp":"VALOR QUE SE EMPENHA PARA FAZER FACE \u00c0 AQUISI\u00c7\u00c3O DE MATERIAIS DE CONSUMO PARA O FUNCIONAMENTO DESTA C\u00c2MARA DE VEREADORES, CELEBRADO MEDIANTE DISPENSA DE LICITA\u00c7\u00c3O, COM FUNDAMENTO NO ARTIGO 24, INCISO 2\u00ba DA LEI 8.666\/93.","fornecedor":"JCL LAJES E MATERIAIS PARA CONSTRU\u00c7\u00c3O LTDA","denom_uni_orc":"CORPO DELIBERATIVO E SECRETARIA","funcao":"Legislativa","sub_funcao":"A\u00e7\u00e3o Legislativa","programa":"A\u00c7\u00c3O LEGISLATIVA","acao":"MANUTEN\u00c7\u00c3O DAS ATIVIDADES ADMINISTRATIVAS","ident_acao":"Atividade","cat_econ":"Despesa Corrente","natureza_despesa":"Outras Despesas Correntes","modalidade_despesa":"Aplica\u00e7\u00f5es Diretas","elemento_despesa":"Material de Consumo","sub_elem_desp":"SEM SUBELEMENTO","fonte_recurso":"Recursos do Exerc\u00edcio Corrente \/ Outros Recursos n\u00e3o Vinculados \/ -"},{"ano_emissao_emp":"2023","n_emp":"0000144","data_emissao":"10\/04\/2023","valor":"161,60","tipo_empenho":"Ordin\u00e1rio","hist_emp":"VALOR QUE SE EMPENHA PARA FAZER FACE \u00c0 AQUISI\u00c7\u00c3O DE MATERIAIS DE CONSUMO PARA O FUNCIONAMENTO DESTA C\u00c2MARA DE VEREADORES, CELEBRADO MEDIANTE DISPENSA DE LICITA\u00c7\u00c3O, COM FUNDAMENTO NO ARTIGO 24, INCISO 2\u00ba DA LEI 8.666\/93.","fornecedor":"JCL LAJES E MATERIAIS PARA CONSTRU\u00c7\u00c3O LTDA","denom_uni_orc":"CORPO DELIBERATIVO E SECRETARIA","funcao":"Legislativa","sub_funcao":"A\u00e7\u00e3o Legislativa","programa":"A\u00c7\u00c3O LEGISLATIVA","acao":"INDENIZA\u00c7\u00d5ES E RESTITUI\u00c7\u00d5ES DIVERSAS (FMS)","ident_acao":"Atividade","cat_econ":"Despesa Corrente","natureza_despesa":"Outras Despesas Correntes","modalidade_despesa":"Aplica\u00e7\u00f5es Diretas","elemento_despesa":"Material de Consumo","sub_elem_desp":"SEM SUBELEMENTO","fonte_recurso":"Recursos do Exerc\u00edcio Corrente \/ Outros Recursos n\u00e3o Vinculados \/ -"},{"ano_emissao_emp":"2023","n_emp":"0000145","data_emissao":"10\/04\/2023","valor":"267,50","tipo_empenho":"Ordin\u00e1rio","hist_emp":"VALOR QUE SE EMPENHA PARA FAZER FACE \u00c0 AQUISI\u00c7\u00c3O DE MATERIAIS DE CONSUMO PARA O FUNCIONAMENTO DESSA C\u00c2MARA DE VEREADORES, CELEBRADO MEDIANTE DISPENSA DE LICITA\u00c7\u00c3O, COM FUNDAMENTO NO ARTIGO 24, INCISO 2\u00ba DA LEI 8.666\/93.","fornecedor":"JCL LAJES E MATERIAIS PARA CONSTRU\u00c7\u00c3O LTDA","denom_uni_orc":"CORPO DELIBERATIVO E SECRETARIA","funcao":"Legislativa","sub_funcao":"A\u00e7\u00e3o Legislativa","programa":"A\u00c7\u00c3O LEGISLATIVA","acao":"AQUISI\u00c7\u00c3O DE M\u00d3VEIS, M\u00c1QUINAS E EQUIPAMENTOS DIVERSOS PARA O CONSELHO","ident_acao":"Atividade","cat_econ":"Despesa Corrente","natureza_despesa":"Outras Despesas Correntes","modalidade_despesa":"Aplica\u00e7\u00f5es Diretas","elemento_despesa":"Material de Consumo","sub_elem_desp":"SEM SUBELEMENTO","fonte_recurso":"Recursos do Exerc\u00edcio Corrente \/ Outros Recursos n\u00e3o Vinculados \/ -"},{"ano_emissao_emp":"2023","n_emp":"0000145","data_emissao":"10\/04\/2023","valor":"267,50","tipo_empenho":"Ordin\u00e1rio","hist_emp":"VALOR QUE SE EMPENHA PARA FAZER FACE \u00c0 AQUISI\u00c7\u00c3O DE MATERIAIS DE CONSUMO PARA O FUNCIONAMENTO DESSA C\u00c2MARA DE VEREADORES, CELEBRADO MEDIANTE DISPENSA DE LICITA\u00c7\u00c3O, COM FUNDAMENTO NO ARTIGO 24, INCISO 2\u00ba DA LEI 8.666\/93.","fornecedor":"JCL LAJES E MATERIAIS PARA CONSTRU\u00c7\u00c3O LTDA","denom_uni_orc":"CORPO DELIBERATIVO E SECRETARIA","funcao":"Legislativa","sub_funcao":"A\u00e7\u00e3o Legislativa","programa":"A\u00c7\u00c3O LEGISLATIVA","acao":"MANUTEN\u00c7\u00c3O DAS ATIVIDADES ADMINISTRATIVAS","ident_acao":"Atividade","cat_econ":"Despesa Corrente","natureza_despesa":"Outras Despesas Correntes","modalidade_despesa":"Aplica\u00e7\u00f5es Diretas","elemento_despesa":"Material de Consumo","sub_elem_desp":"SEM SUBELEMENTO","fonte_recurso":"Recursos do Exerc\u00edcio Corrente \/ Outros Recursos n\u00e3o Vinculados \/ -"},{"ano_emissao_emp":"2023","n_emp":"0000145","data_emissao":"10\/04\/2023","valor":"267,50","tipo_empenho":"Ordin\u00e1rio","hist_emp":"VALOR QUE SE EMPENHA PARA FAZER FACE \u00c0 AQUISI\u00c7\u00c3O DE MATERIAIS DE CONSUMO PARA O FUNCIONAMENTO DESSA C\u00c2MARA DE VEREADORES, CELEBRADO MEDIANTE DISPENSA DE LICITA\u00c7\u00c3O, COM FUNDAMENTO NO ARTIGO 24, INCISO 2\u00ba DA LEI 8.666\/93.","fornecedor":"JCL LAJES E MATERIAIS PARA CONSTRU\u00c7\u00c3O LTDA","denom_uni_orc":"CORPO DELIBERATIVO E SECRETARIA","funcao":"Legislativa","sub_funcao":"A\u00e7\u00e3o Legislativa","programa":"A\u00c7\u00c3O LEGISLATIVA","acao":"INDENIZA\u00c7\u00d5ES E RESTITUI\u00c7\u00d5ES DIVERSAS (FMS)","ident_acao":"Atividade","cat_econ":"Despesa Corrente","natureza_despesa":"Outras Despesas Correntes","modalidade_despesa":"Aplica\u00e7\u00f5es Diretas","elemento_despesa":"Material de Consumo","sub_elem_desp":"SEM SUBELEMENTO","fonte_recurso":"Recursos do Exerc\u00edcio Corrente \/ Outros Recursos n\u00e3o Vinculados \/ -"},{"ano_emissao_emp":"2023","n_emp":"0000146","data_emissao":"10\/04\/2023","valor":"183,70","tipo_empenho":"Ordin\u00e1rio","hist_emp":"VALOR QUE SE EMPENHA PARA FAZER FACE \u00c0 AQUISI\u00c7\u00c3O DE MATERIAL DE CONSUMO PARA ESTA C\u00c2MARA DE VEREADORES, CELEBRADO MEDIANTE DISPENSA DE LICITA\u00c7\u00c3O, COM FUNDAMENTO NO ARTIGO 24, INCISO 2\u00ba DA LEI 8.666\/93.","fornecedor":"JCL LAJES E MATERIAIS PARA CONSTRU\u00c7\u00c3O LTDA","denom_uni_orc":"CORPO DELIBERATIVO E SECRETARIA","funcao":"Legislativa","sub_funcao":"A\u00e7\u00e3o Legislativa","programa":"A\u00c7\u00c3O LEGISLATIVA","acao":"AQUISI\u00c7\u00c3O DE M\u00d3VEIS, M\u00c1QUINAS E EQUIPAMENTOS DIVERSOS PARA O CONSELHO","ident_acao":"Atividade","cat_econ":"Despesa Corrente","natureza_despesa":"Outras Despesas Correntes","modalidade_despesa":"Aplica\u00e7\u00f5es Diretas","elemento_despesa":"Material de Consumo","sub_elem_desp":"SEM SUBELEMENTO","fonte_recurso":"Recursos do Exerc\u00edcio Corrente \/ Outros Recursos n\u00e3o Vinculados \/ -"},{"ano_emissao_emp":"2023","n_emp":"0000146","data_emissao":"10\/04\/2023","valor":"183,70","tipo_empenho":"Ordin\u00e1rio","hist_emp":"VALOR QUE SE EMPENHA PARA FAZER FACE \u00c0 AQUISI\u00c7\u00c3O DE MATERIAL DE CONSUMO PARA ESTA C\u00c2MARA DE VEREADORES, CELEBRADO MEDIANTE DISPENSA DE LICITA\u00c7\u00c3O, COM FUNDAMENTO NO ARTIGO 24, INCISO 2\u00ba DA LEI 8.666\/93.","fornecedor":"JCL LAJES E MATERIAIS PARA CONSTRU\u00c7\u00c3O LTDA","denom_uni_orc":"CORPO DELIBERATIVO E SECRETARIA","funcao":"Legislativa","sub_funcao":"A\u00e7\u00e3o Legislativa","programa":"A\u00c7\u00c3O LEGISLATIVA","acao":"MANUTEN\u00c7\u00c3O DAS ATIVIDADES ADMINISTRATIVAS","ident_acao":"Atividade","cat_econ":"Despesa Corrente","natureza_despesa":"Outras Despesas Correntes","modalidade_despesa":"Aplica\u00e7\u00f5es Diretas","elemento_despesa":"Material de Consumo","sub_elem_desp":"SEM SUBELEMENTO","fonte_recurso":"Recursos do Exerc\u00edcio Corrente \/ Outros Recursos n\u00e3o Vinculados \/ -"},{"ano_emissao_emp":"2023","n_emp":"0000146","data_emissao":"10\/04\/2023","valor":"183,70","tipo_empenho":"Ordin\u00e1rio","hist_emp":"VALOR QUE SE EMPENHA PARA FAZER FACE \u00c0 AQUISI\u00c7\u00c3O DE MATERIAL DE CONSUMO PARA ESTA C\u00c2MARA DE VEREADORES, CELEBRADO MEDIANTE DISPENSA DE LICITA\u00c7\u00c3O, COM FUNDAMENTO NO ARTIGO 24, INCISO 2\u00ba DA LEI 8.666\/93.","fornecedor":"JCL LAJES E MATERIAIS PARA CONSTRU\u00c7\u00c3O LTDA","denom_uni_orc":"CORPO DELIBERATIVO E SECRETARIA","funcao":"Legislativa","sub_funcao":"A\u00e7\u00e3o Legislativa","programa":"A\u00c7\u00c3O LEGISLATIVA","acao":"INDENIZA\u00c7\u00d5ES E RESTITUI\u00c7\u00d5ES DIVERSAS (FMS)","ident_acao":"Atividade","cat_econ":"Despesa Corrente","natureza_despesa":"Outras Despesas Correntes","modalidade_despesa":"Aplica\u00e7\u00f5es Diretas","elemento_despesa":"Material de Consumo","sub_elem_desp":"SEM SUBELEMENTO","fonte_recurso":"Recursos do Exerc\u00edcio Corrente \/ Outros Recursos n\u00e3o Vinculados \/ -"},{"ano_emissao_emp":"2023","n_emp":"0000147","data_emissao":"10\/04\/2023","valor":"10,90","tipo_empenho":"Ordin\u00e1rio","hist_emp":"VALOR QUE SE EMPENHA PARA FAZER FACE \u00c0 AQUISI\u00c7\u00c3O DE MATERIAL DE CONSUMO PARA ESTA C\u00c2MARA, CELEBRADO MEDIANTE DISPENSA DE LICITA\u00c7\u00c3O, COM FUNDAMENTO NO ARTIGO 24, INCISO 2\u00ba DA LEI 8.666\/93.","fornecedor":"JCL LAJES E MATERIAIS PARA CONSTRU\u00c7\u00c3O LTDA","denom_uni_orc":"CORPO DELIBERATIVO E SECRETARIA","funcao":"Legislativa","sub_funcao":"A\u00e7\u00e3o Legislativa","programa":"A\u00c7\u00c3O LEGISLATIVA","acao":"AQUISI\u00c7\u00c3O DE M\u00d3VEIS, M\u00c1QUINAS E EQUIPAMENTOS DIVERSOS PARA O CONSELHO","ident_acao":"Atividade","cat_econ":"Despesa Corrente","natureza_despesa":"Outras Despesas Correntes","modalidade_despesa":"Aplica\u00e7\u00f5es Diretas","elemento_despesa":"Material de Consumo","sub_elem_desp":"SEM SUBELEMENTO","fonte_recurso":"Recursos do Exerc\u00edcio Corrente \/ Outros Recursos n\u00e3o Vinculados \/ -"},{"ano_emissao_emp":"2023","n_emp":"0000147","data_emissao":"10\/04\/2023","valor":"10,90","tipo_empenho":"Ordin\u00e1rio","hist_emp":"VALOR QUE SE EMPENHA PARA FAZER FACE \u00c0 AQUISI\u00c7\u00c3O DE MATERIAL DE CONSUMO PARA ESTA C\u00c2MARA, CELEBRADO MEDIANTE DISPENSA DE LICITA\u00c7\u00c3O, COM FUNDAMENTO NO ARTIGO 24, INCISO 2\u00ba DA LEI 8.666\/93.","fornecedor":"JCL LAJES E MATERIAIS PARA CONSTRU\u00c7\u00c3O LTDA","denom_uni_orc":"CORPO DELIBERATIVO E SECRETARIA","funcao":"Legislativa","sub_funcao":"A\u00e7\u00e3o Legislativa","programa":"A\u00c7\u00c3O LEGISLATIVA","acao":"MANUTEN\u00c7\u00c3O DAS ATIVIDADES ADMINISTRATIVAS","ident_acao":"Atividade","cat_econ":"Despesa Corrente","natureza_despesa":"Outras Despesas Correntes","modalidade_despesa":"Aplica\u00e7\u00f5es Diretas","elemento_despesa":"Material de Consumo","sub_elem_desp":"SEM SUBELEMENTO","fonte_recurso":"Recursos do Exerc\u00edcio Corrente \/ Outros Recursos n\u00e3o Vinculados \/ -"},{"ano_emissao_emp":"2023","n_emp":"0000147","data_emissao":"10\/04\/2023","valor":"10,90","tipo_empenho":"Ordin\u00e1rio","hist_emp":"VALOR QUE SE EMPENHA PARA FAZER FACE \u00c0 AQUISI\u00c7\u00c3O DE MATERIAL DE CONSUMO PARA ESTA C\u00c2MARA, CELEBRADO MEDIANTE DISPENSA DE LICITA\u00c7\u00c3O, COM FUNDAMENTO NO ARTIGO 24, INCISO 2\u00ba DA LEI 8.666\/93.","fornecedor":"JCL LAJES E MATERIAIS PARA CONSTRU\u00c7\u00c3O LTDA","denom_uni_orc":"CORPO DELIBERATIVO E SECRETARIA","funcao":"Legislativa","sub_funcao":"A\u00e7\u00e3o Legislativa","programa":"A\u00c7\u00c3O LEGISLATIVA","acao":"INDENIZA\u00c7\u00d5ES E RESTITUI\u00c7\u00d5ES DIVERSAS (FMS)","ident_acao":"Atividade","cat_econ":"Despesa Corrente","natureza_despesa":"Outras Despesas Correntes","modalidade_despesa":"Aplica\u00e7\u00f5es Diretas","elemento_despesa":"Material de Consumo","sub_elem_desp":"SEM SUBELEMENTO","fonte_recurso":"Recursos do Exerc\u00edcio Corrente \/ Outros Recursos n\u00e3o Vinculados \/ -"},{"ano_emissao_emp":"2023","n_emp":"0000148","data_emissao":"10\/04\/2023","valor":"493,10","tipo_empenho":"Ordin\u00e1rio","hist_emp":"VALOR QUE SE EMPENHA PARA FAZER FACE \u00c0 AQUISI\u00c7\u00c3O 1 (UMA) LAVADORA DE ALTA PRESS\u00c3O ELECTROLUX POWERWASH ECO - EWS30 1800 LIBRAS 1450W MANGUEIRA 3M, CELEBRADO MEDIANTE DISPENSA DE LICITA\u00c7\u00c3O, COM FUNDAMENTO NO ARTIGO 24, INCISO 2\u00ba DA LEI 8.666\/93.","fornecedor":"MAGAZINE LUIZA S\/A","denom_uni_orc":"CORPO DELIBERATIVO E SECRETARIA","funcao":"Legislativa","sub_funcao":"A\u00e7\u00e3o Legislativa","programa":"A\u00c7\u00c3O LEGISLATIVA","acao":"REEQUIPAMENTO DA UNIDADE","ident_acao":"Projeto","cat_econ":"Despesa de Capital","natureza_despesa":"Investimentos","modalidade_despesa":"Aplica\u00e7\u00f5es Diretas","elemento_despesa":"Equipamentos e Material Permanente","sub_elem_desp":"SEM SUBELEMENTO","fonte_recurso":"Recursos do Exerc\u00edcio Corrente \/ Outros Recursos n\u00e3o Vinculados \/ -"},{"ano_emissao_emp":"2023","n_emp":"0000148","data_emissao":"10\/04\/2023","valor":"493,10","tipo_empenho":"Ordin\u00e1rio","hist_emp":"VALOR QUE SE EMPENHA PARA FAZER FACE \u00c0 AQUISI\u00c7\u00c3O 1 (UMA) LAVADORA DE ALTA PRESS\u00c3O ELECTROLUX POWERWASH ECO - EWS30 1800 LIBRAS 1450W MANGUEIRA 3M, CELEBRADO MEDIANTE DISPENSA DE LICITA\u00c7\u00c3O, COM FUNDAMENTO NO ARTIGO 24, INCISO 2\u00ba DA LEI 8.666\/93.","fornecedor":"MAGAZINE LUIZA S\/A","denom_uni_orc":"CORPO DELIBERATIVO E SECRETARIA","funcao":"Legislativa","sub_funcao":"A\u00e7\u00e3o Legislativa","programa":"A\u00c7\u00c3O LEGISLATIVA","acao":"INDENIZA\u00c7\u00d5ES E RESTITUI\u00c7\u00d5ES DO RPPS","ident_acao":"Projeto","cat_econ":"Despesa de Capital","natureza_despesa":"Investimentos","modalidade_despesa":"Aplica\u00e7\u00f5es Diretas","elemento_despesa":"Equipamentos e Material Permanente","sub_elem_desp":"SEM SUBELEMENTO","fonte_recurso":"Recursos do Exerc\u00edcio Corrente \/ Outros Recursos n\u00e3o Vinculados \/ -"},{"ano_emissao_emp":"2023","n_emp":"0000148","data_emissao":"10\/04\/2023","valor":"493,10","tipo_empenho":"Ordin\u00e1rio","hist_emp":"VALOR QUE SE EMPENHA PARA FAZER FACE \u00c0 AQUISI\u00c7\u00c3O 1 (UMA) LAVADORA DE ALTA PRESS\u00c3O ELECTROLUX POWERWASH ECO - EWS30 1800 LIBRAS 1450W MANGUEIRA 3M, CELEBRADO MEDIANTE DISPENSA DE LICITA\u00c7\u00c3O, COM FUNDAMENTO NO ARTIGO 24, INCISO 2\u00ba DA LEI 8.666\/93.","fornecedor":"MAGAZINE LUIZA S\/A","denom_uni_orc":"CORPO DELIBERATIVO E SECRETARIA","funcao":"Legislativa","sub_funcao":"A\u00e7\u00e3o Legislativa","programa":"A\u00c7\u00c3O LEGISLATIVA","acao":"AMORTIZA\u00c7\u00c3O DA D\u00cdVIDA P\u00daBLICA CONSOLIDADA","ident_acao":"Projeto","cat_econ":"Despesa de Capital","natureza_despesa":"Investimentos","modalidade_despesa":"Aplica\u00e7\u00f5es Diretas","elemento_despesa":"Equipamentos e Material Permanente","sub_elem_desp":"SEM SUBELEMENTO","fonte_recurso":"Recursos do Exerc\u00edcio Corrente \/ Outros Recursos n\u00e3o Vinculados \/ -"},{"ano_emissao_emp":"2023","n_emp":"0000149","data_emissao":"11\/04\/2023","valor":"556,80","tipo_empenho":"Ordin\u00e1rio","hist_emp":"VALOR QUE SE EMPENHA PARA FAZER FACE \u00c0 DE MATERIAIS DE CONSUNMO PARA ESTA C\u00c2MARA DE VEREADORES, CELEBRADO MEDIANTE DISPENSA DE LICITA\u00c7\u00c3O, COM FUNDAMENTO NO ARTIGO 24, INCISO 2\u00ba DA LEI 8.666\/93.","fornecedor":"JCL LAJES E MATERIAIS PARA CONSTRU\u00c7\u00c3O LTDA","denom_uni_orc":"CORPO DELIBERATIVO E SECRETARIA","funcao":"Legislativa","sub_funcao":"A\u00e7\u00e3o Legislativa","programa":"A\u00c7\u00c3O LEGISLATIVA","acao":"AQUISI\u00c7\u00c3O DE M\u00d3VEIS, M\u00c1QUINAS E EQUIPAMENTOS DIVERSOS PARA O CONSELHO","ident_acao":"Atividade","cat_econ":"Despesa Corrente","natureza_despesa":"Outras Despesas Correntes","modalidade_despesa":"Aplica\u00e7\u00f5es Diretas","elemento_despesa":"Material de Consumo","sub_elem_desp":"SEM SUBELEMENTO","fonte_recurso":"Recursos do Exerc\u00edcio Corrente \/ Outros Recursos n\u00e3o Vinculados \/ -"},{"ano_emissao_emp":"2023","n_emp":"0000149","data_emissao":"11\/04\/2023","valor":"556,80","tipo_empenho":"Ordin\u00e1rio","hist_emp":"VALOR QUE SE EMPENHA PARA FAZER FACE \u00c0 DE MATERIAIS DE CONSUNMO PARA ESTA C\u00c2MARA DE VEREADORES, CELEBRADO MEDIANTE DISPENSA DE LICITA\u00c7\u00c3O, COM FUNDAMENTO NO ARTIGO 24, INCISO 2\u00ba DA LEI 8.666\/93.","fornecedor":"JCL LAJES E MATERIAIS PARA CONSTRU\u00c7\u00c3O LTDA","denom_uni_orc":"CORPO DELIBERATIVO E SECRETARIA","funcao":"Legislativa","sub_funcao":"A\u00e7\u00e3o Legislativa","programa":"A\u00c7\u00c3O LEGISLATIVA","acao":"MANUTEN\u00c7\u00c3O DAS ATIVIDADES ADMINISTRATIVAS","ident_acao":"Atividade","cat_econ":"Despesa Corrente","natureza_despesa":"Outras Despesas Correntes","modalidade_despesa":"Aplica\u00e7\u00f5es Diretas","elemento_despesa":"Material de Consumo","sub_elem_desp":"SEM SUBELEMENTO","fonte_recurso":"Recursos do Exerc\u00edcio Corrente \/ Outros Recursos n\u00e3o Vinculados \/ -"},{"ano_emissao_emp":"2023","n_emp":"0000149","data_emissao":"11\/04\/2023","valor":"556,80","tipo_empenho":"Ordin\u00e1rio","hist_emp":"VALOR QUE SE EMPENHA PARA FAZER FACE \u00c0 DE MATERIAIS DE CONSUNMO PARA ESTA C\u00c2MARA DE VEREADORES, CELEBRADO MEDIANTE DISPENSA DE LICITA\u00c7\u00c3O, COM FUNDAMENTO NO ARTIGO 24, INCISO 2\u00ba DA LEI 8.666\/93.","fornecedor":"JCL LAJES E MATERIAIS PARA CONSTRU\u00c7\u00c3O LTDA","denom_uni_orc":"CORPO DELIBERATIVO E SECRETARIA","funcao":"Legislativa","sub_funcao":"A\u00e7\u00e3o Legislativa","programa":"A\u00c7\u00c3O LEGISLATIVA","acao":"INDENIZA\u00c7\u00d5ES E RESTITUI\u00c7\u00d5ES DIVERSAS (FMS)","ident_acao":"Atividade","cat_econ":"Despesa Corrente","natureza_despesa":"Outras Despesas Correntes","modalidade_despesa":"Aplica\u00e7\u00f5es Diretas","elemento_despesa":"Material de Consumo","sub_elem_desp":"SEM SUBELEMENTO","fonte_recurso":"Recursos do Exerc\u00edcio Corrente \/ Outros Recursos n\u00e3o Vinculados \/ -"},{"ano_emissao_emp":"2023","n_emp":"0000150","data_emissao":"11\/04\/2023","valor":"514,11","tipo_empenho":"Ordin\u00e1rio","hist_emp":"VALOR QUE SE EMPENHA PARA FAZER FACE \u00c0 AQUISI\u00c7\u00c3O DE MATERIAL DE CONSUMO PARA A COPA E COZINHA DESTA C\u00c2MARA DE VEREADORES, CELEBRADO MEDIANTE DISPENSA DE LICITA\u00c7\u00c3O, COM FUNDAMENTO NO ARTIGO 24, INCISO 2\u00ba DA LEI 8.666\/93.","fornecedor":"LOPES & FONSECA CIA LTDA","denom_uni_orc":"CORPO DELIBERATIVO E SECRETARIA","funcao":"Legislativa","sub_funcao":"A\u00e7\u00e3o Legislativa","programa":"A\u00c7\u00c3O LEGISLATIVA","acao":"AQUISI\u00c7\u00c3O DE M\u00d3VEIS, M\u00c1QUINAS E EQUIPAMENTOS DIVERSOS PARA O CONSELHO","ident_acao":"Atividade","cat_econ":"Despesa Corrente","natureza_despesa":"Outras Despesas Correntes","modalidade_despesa":"Aplica\u00e7\u00f5es Diretas","elemento_despesa":"Material de Consumo","sub_elem_desp":"SEM SUBELEMENTO","fonte_recurso":"Recursos do Exerc\u00edcio Corrente \/ Outros Recursos n\u00e3o Vinculados \/ -"},{"ano_emissao_emp":"2023","n_emp":"0000150","data_emissao":"11\/04\/2023","valor":"514,11","tipo_empenho":"Ordin\u00e1rio","hist_emp":"VALOR QUE SE EMPENHA PARA FAZER FACE \u00c0 AQUISI\u00c7\u00c3O DE MATERIAL DE CONSUMO PARA A COPA E COZINHA DESTA C\u00c2MARA DE VEREADORES, CELEBRADO MEDIANTE DISPENSA DE LICITA\u00c7\u00c3O, COM FUNDAMENTO NO ARTIGO 24, INCISO 2\u00ba DA LEI 8.666\/93.","fornecedor":"LOPES & FONSECA CIA LTDA","denom_uni_orc":"CORPO DELIBERATIVO E SECRETARIA","funcao":"Legislativa","sub_funcao":"A\u00e7\u00e3o Legislativa","programa":"A\u00c7\u00c3O LEGISLATIVA","acao":"MANUTEN\u00c7\u00c3O DAS ATIVIDADES ADMINISTRATIVAS","ident_acao":"Atividade","cat_econ":"Despesa Corrente","natureza_despesa":"Outras Despesas Correntes","modalidade_despesa":"Aplica\u00e7\u00f5es Diretas","elemento_despesa":"Material de Consumo","sub_elem_desp":"SEM SUBELEMENTO","fonte_recurso":"Recursos do Exerc\u00edcio Corrente \/ Outros Recursos n\u00e3o Vinculados \/ -"},{"ano_emissao_emp":"2023","n_emp":"0000150","data_emissao":"11\/04\/2023","valor":"514,11","tipo_empenho":"Ordin\u00e1rio","hist_emp":"VALOR QUE SE EMPENHA PARA FAZER FACE \u00c0 AQUISI\u00c7\u00c3O DE MATERIAL DE CONSUMO PARA A COPA E COZINHA DESTA C\u00c2MARA DE VEREADORES, CELEBRADO MEDIANTE DISPENSA DE LICITA\u00c7\u00c3O, COM FUNDAMENTO NO ARTIGO 24, INCISO 2\u00ba DA LEI 8.666\/93.","fornecedor":"LOPES & FONSECA CIA LTDA","denom_uni_orc":"CORPO DELIBERATIVO E SECRETARIA","funcao":"Legislativa","sub_funcao":"A\u00e7\u00e3o Legislativa","programa":"A\u00c7\u00c3O LEGISLATIVA","acao":"INDENIZA\u00c7\u00d5ES E RESTITUI\u00c7\u00d5ES DIVERSAS (FMS)","ident_acao":"Atividade","cat_econ":"Despesa Corrente","natureza_despesa":"Outras Despesas Correntes","modalidade_despesa":"Aplica\u00e7\u00f5es Diretas","elemento_despesa":"Material de Consumo","sub_elem_desp":"SEM SUBELEMENTO","fonte_recurso":"Recursos do Exerc\u00edcio Corrente \/ Outros Recursos n\u00e3o Vinculados \/ -"},{"ano_emissao_emp":"2023","n_emp":"0000151","data_emissao":"11\/04\/2023","valor":"2.485,70","tipo_empenho":"Ordin\u00e1rio","hist_emp":"VALOR QUE SE EMPENHA PARA FAZER FACE \u00c0 AQUISI\u00c7\u00c3O DE MATERIAIS DE INFORMATICA PARA ESTA C\u00c2MARA DE VEREADORES,  CELEBRADO MEDIANTE DISPENSA DE LICITA\u00c7\u00c3O, COM FUNDAMENTO NO ARTIGO 24, INCISO 2\u00ba DA LEI 8.666\/93.","fornecedor":"B&F EMPREENDIMENTOS DIGITAIS","denom_uni_orc":"CORPO DELIBERATIVO E SECRETARIA","funcao":"Legislativa","sub_funcao":"A\u00e7\u00e3o Legislativa","programa":"A\u00c7\u00c3O LEGISLATIVA","acao":"AQUISI\u00c7\u00c3O DE M\u00d3VEIS, M\u00c1QUINAS E EQUIPAMENTOS DIVERSOS PARA O CONSELHO","ident_acao":"Atividade","cat_econ":"Despesa Corrente","natureza_despesa":"Outras Despesas Correntes","modalidade_despesa":"Aplica\u00e7\u00f5es Diretas","elemento_despesa":"Material de Consumo","sub_elem_desp":"SEM SUBELEMENTO","fonte_recurso":"Recursos do Exerc\u00edcio Corrente \/ Outros Recursos n\u00e3o Vinculados \/ -"},{"ano_emissao_emp":"2023","n_emp":"0000151","data_emissao":"11\/04\/2023","valor":"2.485,70","tipo_empenho":"Ordin\u00e1rio","hist_emp":"VALOR QUE SE EMPENHA PARA FAZER FACE \u00c0 AQUISI\u00c7\u00c3O DE MATERIAIS DE INFORMATICA PARA ESTA C\u00c2MARA DE VEREADORES,  CELEBRADO MEDIANTE DISPENSA DE LICITA\u00c7\u00c3O, COM FUNDAMENTO NO ARTIGO 24, INCISO 2\u00ba DA LEI 8.666\/93.","fornecedor":"B&F EMPREENDIMENTOS DIGITAIS","denom_uni_orc":"CORPO DELIBERATIVO E SECRETARIA","funcao":"Legislativa","sub_funcao":"A\u00e7\u00e3o Legislativa","programa":"A\u00c7\u00c3O LEGISLATIVA","acao":"MANUTEN\u00c7\u00c3O DAS ATIVIDADES ADMINISTRATIVAS","ident_acao":"Atividade","cat_econ":"Despesa Corrente","natureza_despesa":"Outras Despesas Correntes","modalidade_despesa":"Aplica\u00e7\u00f5es Diretas","elemento_despesa":"Material de Consumo","sub_elem_desp":"SEM SUBELEMENTO","fonte_recurso":"Recursos do Exerc\u00edcio Corrente \/ Outros Recursos n\u00e3o Vinculados \/ -"},{"ano_emissao_emp":"2023","n_emp":"0000151","data_emissao":"11\/04\/2023","valor":"2.485,70","tipo_empenho":"Ordin\u00e1rio","hist_emp":"VALOR QUE SE EMPENHA PARA FAZER FACE \u00c0 AQUISI\u00c7\u00c3O DE MATERIAIS DE INFORMATICA PARA ESTA C\u00c2MARA DE VEREADORES,  CELEBRADO MEDIANTE DISPENSA DE LICITA\u00c7\u00c3O, COM FUNDAMENTO NO ARTIGO 24, INCISO 2\u00ba DA LEI 8.666\/93.","fornecedor":"B&F EMPREENDIMENTOS DIGITAIS","denom_uni_orc":"CORPO DELIBERATIVO E SECRETARIA","funcao":"Legislativa","sub_funcao":"A\u00e7\u00e3o Legislativa","programa":"A\u00c7\u00c3O LEGISLATIVA","acao":"INDENIZA\u00c7\u00d5ES E RESTITUI\u00c7\u00d5ES DIVERSAS (FMS)","ident_acao":"Atividade","cat_econ":"Despesa Corrente","natureza_despesa":"Outras Despesas Correntes","modalidade_despesa":"Aplica\u00e7\u00f5es Diretas","elemento_despesa":"Material de Consumo","sub_elem_desp":"SEM SUBELEMENTO","fonte_recurso":"Recursos do Exerc\u00edcio Corrente \/ Outros Recursos n\u00e3o Vinculados \/ -"},{"ano_emissao_emp":"2023","n_emp":"0000152","data_emissao":"11\/04\/2023","valor":"120,00","tipo_empenho":"Ordin\u00e1rio","hist_emp":"VALOR QUE SE EMPENHA PARA FAZER FACE \u00c0 AQUISI\u00c7\u00c3O DE UM CERTIFICADO DIGITAL A1 PF (1 ANO) PARA A VEREADORA JESSYCA CAVALCANTE, CELEBRADO MEDIANTE DISPENSA DE LICITA\u00c7\u00c3O, COM FUNDAMENTO NO ARTIGO 24, INCISO 2\u00ba DA LEI 8.666\/93.","fornecedor":"EDUARDO P BARBOSA","denom_uni_orc":"CORPO DELIBERATIVO E SECRETARIA","funcao":"Legislativa","sub_funcao":"A\u00e7\u00e3o Legislativa","programa":"A\u00c7\u00c3O LEGISLATIVA","acao":"REEQUIPAMENTO DA UNIDADE","ident_acao":"Projeto","cat_econ":"Despesa de Capital","natureza_despesa":"Investimentos","modalidade_despesa":"Aplica\u00e7\u00f5es Diretas","elemento_despesa":"Equipamentos e Material Permanente","sub_elem_desp":"OUTROS MATERIAIS PERMANENTES","fonte_recurso":"Recursos do Exerc\u00edcio Corrente \/ Outros Recursos n\u00e3o Vinculados \/ -"},{"ano_emissao_emp":"2023","n_emp":"0000152","data_emissao":"11\/04\/2023","valor":"120,00","tipo_empenho":"Ordin\u00e1rio","hist_emp":"VALOR QUE SE EMPENHA PARA FAZER FACE \u00c0 AQUISI\u00c7\u00c3O DE UM CERTIFICADO DIGITAL A1 PF (1 ANO) PARA A VEREADORA JESSYCA CAVALCANTE, CELEBRADO MEDIANTE DISPENSA DE LICITA\u00c7\u00c3O, COM FUNDAMENTO NO ARTIGO 24, INCISO 2\u00ba DA LEI 8.666\/93.","fornecedor":"EDUARDO P BARBOSA","denom_uni_orc":"CORPO DELIBERATIVO E SECRETARIA","funcao":"Legislativa","sub_funcao":"A\u00e7\u00e3o Legislativa","programa":"A\u00c7\u00c3O LEGISLATIVA","acao":"INDENIZA\u00c7\u00d5ES E RESTITUI\u00c7\u00d5ES DO RPPS","ident_acao":"Projeto","cat_econ":"Despesa de Capital","natureza_despesa":"Investimentos","modalidade_despesa":"Aplica\u00e7\u00f5es Diretas","elemento_despesa":"Equipamentos e Material Permanente","sub_elem_desp":"OUTROS MATERIAIS PERMANENTES","fonte_recurso":"Recursos do Exerc\u00edcio Corrente \/ Outros Recursos n\u00e3o Vinculados \/ -"},{"ano_emissao_emp":"2023","n_emp":"0000152","data_emissao":"11\/04\/2023","valor":"120,00","tipo_empenho":"Ordin\u00e1rio","hist_emp":"VALOR QUE SE EMPENHA PARA FAZER FACE \u00c0 AQUISI\u00c7\u00c3O DE UM CERTIFICADO DIGITAL A1 PF (1 ANO) PARA A VEREADORA JESSYCA CAVALCANTE, CELEBRADO MEDIANTE DISPENSA DE LICITA\u00c7\u00c3O, COM FUNDAMENTO NO ARTIGO 24, INCISO 2\u00ba DA LEI 8.666\/93.","fornecedor":"EDUARDO P BARBOSA","denom_uni_orc":"CORPO DELIBERATIVO E SECRETARIA","funcao":"Legislativa","sub_funcao":"A\u00e7\u00e3o Legislativa","programa":"A\u00c7\u00c3O LEGISLATIVA","acao":"AMORTIZA\u00c7\u00c3O DA D\u00cdVIDA P\u00daBLICA CONSOLIDADA","ident_acao":"Projeto","cat_econ":"Despesa de Capital","natureza_despesa":"Investimentos","modalidade_despesa":"Aplica\u00e7\u00f5es Diretas","elemento_despesa":"Equipamentos e Material Permanente","sub_elem_desp":"OUTROS MATERIAIS PERMANENTES","fonte_recurso":"Recursos do Exerc\u00edcio Corrente \/ Outros Recursos n\u00e3o Vinculados \/ -"},{"ano_emissao_emp":"2023","n_emp":"0000153","data_emissao":"11\/04\/2023","valor":"285,00","tipo_empenho":"Ordin\u00e1rio","hist_emp":"VALOR QUE SE EMPENHA PARA FAZER FACE \u00c0 SERVI\u00c7O DE PRODU\u00c7\u00c3O DE 300 (TREZENTOS) SALGADOS PARA O EVENTO PR\u00caMIO MULHER EXPRESS\u00c3O SANTA-CRUZENSE REALIZADO POR ESTA C\u00c2MARA DE VEREADORES, LEI 2333\/2014, CELEBRADO MEDIANTE DISPENSA DE LICITA\u00c7\u00c3O, COM FUNDAMENTO NO ARTIGO 24, INCISO 2\u00ba DA LEI 8.666\/93.","fornecedor":"JOSENEIDE LUCENA DA SILVA","denom_uni_orc":"CORPO DELIBERATIVO E SECRETARIA","funcao":"Legislativa","sub_funcao":"A\u00e7\u00e3o Legislativa","programa":"A\u00c7\u00c3O LEGISLATIVA","acao":"AQUISI\u00c7\u00c3O DE M\u00d3VEIS, M\u00c1QUINAS E EQUIPAMENTOS DIVERSOS PARA O CONSELHO","ident_acao":"Atividade","cat_econ":"Despesa Corrente","natureza_despesa":"Outras Despesas Correntes","modalidade_despesa":"Aplica\u00e7\u00f5es Diretas","elemento_despesa":"Material de Consumo","sub_elem_desp":"SEM SUBELEMENTO","fonte_recurso":"Recursos do Exerc\u00edcio Corrente \/ Outros Recursos n\u00e3o Vinculados \/ -"},{"ano_emissao_emp":"2023","n_emp":"0000153","data_emissao":"11\/04\/2023","valor":"285,00","tipo_empenho":"Ordin\u00e1rio","hist_emp":"VALOR QUE SE EMPENHA PARA FAZER FACE \u00c0 SERVI\u00c7O DE PRODU\u00c7\u00c3O DE 300 (TREZENTOS) SALGADOS PARA O EVENTO PR\u00caMIO MULHER EXPRESS\u00c3O SANTA-CRUZENSE REALIZADO POR ESTA C\u00c2MARA DE VEREADORES, LEI 2333\/2014, CELEBRADO MEDIANTE DISPENSA DE LICITA\u00c7\u00c3O, COM FUNDAMENTO NO ARTIGO 24, INCISO 2\u00ba DA LEI 8.666\/93.","fornecedor":"JOSENEIDE LUCENA DA SILVA","denom_uni_orc":"CORPO DELIBERATIVO E SECRETARIA","funcao":"Legislativa","sub_funcao":"A\u00e7\u00e3o Legislativa","programa":"A\u00c7\u00c3O LEGISLATIVA","acao":"MANUTEN\u00c7\u00c3O DAS ATIVIDADES ADMINISTRATIVAS","ident_acao":"Atividade","cat_econ":"Despesa Corrente","natureza_despesa":"Outras Despesas Correntes","modalidade_despesa":"Aplica\u00e7\u00f5es Diretas","elemento_despesa":"Material de Consumo","sub_elem_desp":"SEM SUBELEMENTO","fonte_recurso":"Recursos do Exerc\u00edcio Corrente \/ Outros Recursos n\u00e3o Vinculados \/ -"},{"ano_emissao_emp":"2023","n_emp":"0000153","data_emissao":"11\/04\/2023","valor":"285,00","tipo_empenho":"Ordin\u00e1rio","hist_emp":"VALOR QUE SE EMPENHA PARA FAZER FACE \u00c0 SERVI\u00c7O DE PRODU\u00c7\u00c3O DE 300 (TREZENTOS) SALGADOS PARA O EVENTO PR\u00caMIO MULHER EXPRESS\u00c3O SANTA-CRUZENSE REALIZADO POR ESTA C\u00c2MARA DE VEREADORES, LEI 2333\/2014, CELEBRADO MEDIANTE DISPENSA DE LICITA\u00c7\u00c3O, COM FUNDAMENTO NO ARTIGO 24, INCISO 2\u00ba DA LEI 8.666\/93.","fornecedor":"JOSENEIDE LUCENA DA SILVA","denom_uni_orc":"CORPO DELIBERATIVO E SECRETARIA","funcao":"Legislativa","sub_funcao":"A\u00e7\u00e3o Legislativa","programa":"A\u00c7\u00c3O LEGISLATIVA","acao":"INDENIZA\u00c7\u00d5ES E RESTITUI\u00c7\u00d5ES DIVERSAS (FMS)","ident_acao":"Atividade","cat_econ":"Despesa Corrente","natureza_despesa":"Outras Despesas Correntes","modalidade_despesa":"Aplica\u00e7\u00f5es Diretas","elemento_despesa":"Material de Consumo","sub_elem_desp":"SEM SUBELEMENTO","fonte_recurso":"Recursos do Exerc\u00edcio Corrente \/ Outros Recursos n\u00e3o Vinculados \/ -"},{"ano_emissao_emp":"2023","n_emp":"0000154","data_emissao":"11\/04\/2023","valor":"280,00","tipo_empenho":"Ordin\u00e1rio","hist_emp":"VALOR QUE SE EMPENHA PARA FAZER FACE \u00c0 AQUISI\u00c7\u00c3O DE 02 (DOIS) ARRANJOS DE FLORES NATURAIS PARA O PREMIO MULHER EXPRESS\u00c3O SANTA-CRUZENSE REALIZADO POR ESTA C\u00c2MARA DE VEREADORES, LEI 2333\/2014, CELEBRADO MEDIANTE DISPENSA DE LICITA\u00c7\u00c3O, COM FUNDAMENTO NO ARTIGO 24, INCISO 2\u00ba DA LEI 8.666\/93.","fornecedor":"JOSE EDUARDO BOAVENTURA DOS SANTOS","denom_uni_orc":"CORPO DELIBERATIVO E SECRETARIA","funcao":"Legislativa","sub_funcao":"A\u00e7\u00e3o Legislativa","programa":"A\u00c7\u00c3O LEGISLATIVA","acao":"AQUISI\u00c7\u00c3O DE M\u00d3VEIS, M\u00c1QUINAS E EQUIPAMENTOS DIVERSOS PARA O CONSELHO","ident_acao":"Atividade","cat_econ":"Despesa Corrente","natureza_despesa":"Outras Despesas Correntes","modalidade_despesa":"Aplica\u00e7\u00f5es Diretas","elemento_despesa":"Material de Consumo","sub_elem_desp":"SEM SUBELEMENTO","fonte_recurso":"Recursos do Exerc\u00edcio Corrente \/ Outros Recursos n\u00e3o Vinculados \/ -"},{"ano_emissao_emp":"2023","n_emp":"0000154","data_emissao":"11\/04\/2023","valor":"280,00","tipo_empenho":"Ordin\u00e1rio","hist_emp":"VALOR QUE SE EMPENHA PARA FAZER FACE \u00c0 AQUISI\u00c7\u00c3O DE 02 (DOIS) ARRANJOS DE FLORES NATURAIS PARA O PREMIO MULHER EXPRESS\u00c3O SANTA-CRUZENSE REALIZADO POR ESTA C\u00c2MARA DE VEREADORES, LEI 2333\/2014, CELEBRADO MEDIANTE DISPENSA DE LICITA\u00c7\u00c3O, COM FUNDAMENTO NO ARTIGO 24, INCISO 2\u00ba DA LEI 8.666\/93.","fornecedor":"JOSE EDUARDO BOAVENTURA DOS SANTOS","denom_uni_orc":"CORPO DELIBERATIVO E SECRETARIA","funcao":"Legislativa","sub_funcao":"A\u00e7\u00e3o Legislativa","programa":"A\u00c7\u00c3O LEGISLATIVA","acao":"MANUTEN\u00c7\u00c3O DAS ATIVIDADES ADMINISTRATIVAS","ident_acao":"Atividade","cat_econ":"Despesa Corrente","natureza_despesa":"Outras Despesas Correntes","modalidade_despesa":"Aplica\u00e7\u00f5es Diretas","elemento_despesa":"Material de Consumo","sub_elem_desp":"SEM SUBELEMENTO","fonte_recurso":"Recursos do Exerc\u00edcio Corrente \/ Outros Recursos n\u00e3o Vinculados \/ -"},{"ano_emissao_emp":"2023","n_emp":"0000154","data_emissao":"11\/04\/2023","valor":"280,00","tipo_empenho":"Ordin\u00e1rio","hist_emp":"VALOR QUE SE EMPENHA PARA FAZER FACE \u00c0 AQUISI\u00c7\u00c3O DE 02 (DOIS) ARRANJOS DE FLORES NATURAIS PARA O PREMIO MULHER EXPRESS\u00c3O SANTA-CRUZENSE REALIZADO POR ESTA C\u00c2MARA DE VEREADORES, LEI 2333\/2014, CELEBRADO MEDIANTE DISPENSA DE LICITA\u00c7\u00c3O, COM FUNDAMENTO NO ARTIGO 24, INCISO 2\u00ba DA LEI 8.666\/93.","fornecedor":"JOSE EDUARDO BOAVENTURA DOS SANTOS","denom_uni_orc":"CORPO DELIBERATIVO E SECRETARIA","funcao":"Legislativa","sub_funcao":"A\u00e7\u00e3o Legislativa","programa":"A\u00c7\u00c3O LEGISLATIVA","acao":"INDENIZA\u00c7\u00d5ES E RESTITUI\u00c7\u00d5ES DIVERSAS (FMS)","ident_acao":"Atividade","cat_econ":"Despesa Corrente","natureza_despesa":"Outras Despesas Correntes","modalidade_despesa":"Aplica\u00e7\u00f5es Diretas","elemento_despesa":"Material de Consumo","sub_elem_desp":"SEM SUBELEMENTO","fonte_recurso":"Recursos do Exerc\u00edcio Corrente \/ Outros Recursos n\u00e3o Vinculados \/ -"},{"ano_emissao_emp":"2023","n_emp":"0000155","data_emissao":"11\/04\/2023","valor":"10.500,00","tipo_empenho":"Global","hist_emp":"VALOR QUE SE EMPENHA PARA FAZER FACE AO PRIMEIRO TERMO ADITIVO CELEBRADO NO DIA 30 DE MAR\u00c7O DO ANO CORRENTE, PARA PAGAMENTO DOS SERVI\u00c7OS JUR\u00cdDICOS ESPECIALIZADOS NA \u00c1REA DE LICITA\u00c7\u00d5ES E CONTRATOS P\u00daBLICOS, CONFORME NORMAS E DEMAIS CONDI\u00c7\u00d5ES ESTABELECIDAS DE ACORDO COM O CONTRATO DIRETO DE N\u00b0 001\/2023 FUNDAMENTADO JURIDICAMENTE NO ARTIGO 75,II DA LEI 14.133 DE 01 DE ABRIL DE 2021. 30 DE JUNHO DO ANO 2023.","fornecedor":"MARIA DO SOCORRO DE LIMA BARBOSA","denom_uni_orc":"CORPO DELIBERATIVO E SECRETARIA","funcao":"Legislativa","sub_funcao":"A\u00e7\u00e3o Legislativa","programa":"A\u00c7\u00c3O LEGISLATIVA","acao":"AQUISI\u00c7\u00c3O DE M\u00d3VEIS, M\u00c1QUINAS E EQUIPAMENTOS DIVERSOS PARA O CONSELHO","ident_acao":"Atividade","cat_econ":"Despesa Corrente","natureza_despesa":"Outras Despesas Correntes","modalidade_despesa":"Aplica\u00e7\u00f5es Diretas","elemento_despesa":"Outros Servi\u00e7os de Terceiros - Pessoa F\u00edsica","sub_elem_desp":"SERVI\u00c7OS T\u00c9CNICOS PROFISSIONAIS","fonte_recurso":"Recursos do Exerc\u00edcio Corrente \/ Outros Recursos n\u00e3o Vinculados \/ -"},{"ano_emissao_emp":"2023","n_emp":"0000155","data_emissao":"11\/04\/2023","valor":"10.500,00","tipo_empenho":"Global","hist_emp":"VALOR QUE SE EMPENHA PARA FAZER FACE AO PRIMEIRO TERMO ADITIVO CELEBRADO NO DIA 30 DE MAR\u00c7O DO ANO CORRENTE, PARA PAGAMENTO DOS SERVI\u00c7OS JUR\u00cdDICOS ESPECIALIZADOS NA \u00c1REA DE LICITA\u00c7\u00d5ES E CONTRATOS P\u00daBLICOS, CONFORME NORMAS E DEMAIS CONDI\u00c7\u00d5ES ESTABELECIDAS DE ACORDO COM O CONTRATO DIRETO DE N\u00b0 001\/2023 FUNDAMENTADO JURIDICAMENTE NO ARTIGO 75,II DA LEI 14.133 DE 01 DE ABRIL DE 2021. 30 DE JUNHO DO ANO 2023.","fornecedor":"MARIA DO SOCORRO DE LIMA BARBOSA","denom_uni_orc":"CORPO DELIBERATIVO E SECRETARIA","funcao":"Legislativa","sub_funcao":"A\u00e7\u00e3o Legislativa","programa":"A\u00c7\u00c3O LEGISLATIVA","acao":"MANUTEN\u00c7\u00c3O DAS ATIVIDADES ADMINISTRATIVAS","ident_acao":"Atividade","cat_econ":"Despesa Corrente","natureza_despesa":"Outras Despesas Correntes","modalidade_despesa":"Aplica\u00e7\u00f5es Diretas","elemento_despesa":"Outros Servi\u00e7os de Terceiros - Pessoa F\u00edsica","sub_elem_desp":"SERVI\u00c7OS T\u00c9CNICOS PROFISSIONAIS","fonte_recurso":"Recursos do Exerc\u00edcio Corrente \/ Outros Recursos n\u00e3o Vinculados \/ -"},{"ano_emissao_emp":"2023","n_emp":"0000155","data_emissao":"11\/04\/2023","valor":"10.500,00","tipo_empenho":"Global","hist_emp":"VALOR QUE SE EMPENHA PARA FAZER FACE AO PRIMEIRO TERMO ADITIVO CELEBRADO NO DIA 30 DE MAR\u00c7O DO ANO CORRENTE, PARA PAGAMENTO DOS SERVI\u00c7OS JUR\u00cdDICOS ESPECIALIZADOS NA \u00c1REA DE LICITA\u00c7\u00d5ES E CONTRATOS P\u00daBLICOS, CONFORME NORMAS E DEMAIS CONDI\u00c7\u00d5ES ESTABELECIDAS DE ACORDO COM O CONTRATO DIRETO DE N\u00b0 001\/2023 FUNDAMENTADO JURIDICAMENTE NO ARTIGO 75,II DA LEI 14.133 DE 01 DE ABRIL DE 2021. 30 DE JUNHO DO ANO 2023.","fornecedor":"MARIA DO SOCORRO DE LIMA BARBOSA","denom_uni_orc":"CORPO DELIBERATIVO E SECRETARIA","funcao":"Legislativa","sub_funcao":"A\u00e7\u00e3o Legislativa","programa":"A\u00c7\u00c3O LEGISLATIVA","acao":"INDENIZA\u00c7\u00d5ES E RESTITUI\u00c7\u00d5ES DIVERSAS (FMS)","ident_acao":"Atividade","cat_econ":"Despesa Corrente","natureza_despesa":"Outras Despesas Correntes","modalidade_despesa":"Aplica\u00e7\u00f5es Diretas","elemento_despesa":"Outros Servi\u00e7os de Terceiros - Pessoa F\u00edsica","sub_elem_desp":"SERVI\u00c7OS T\u00c9CNICOS PROFISSIONAIS","fonte_recurso":"Recursos do Exerc\u00edcio Corrente \/ Outros Recursos n\u00e3o Vinculados \/ -"},{"ano_emissao_emp":"2023","n_emp":"0000156","data_emissao":"11\/04\/2023","valor":"64.000,00","tipo_empenho":"Global","hist_emp":"VALOR QUE SE EMPENHA PARA FAZER FACE AO PAGAMENTO DOS SERVI\u00c7OS PROFISSIONAIS T\u00c9CNICOS ESPECIALIZADOS DE CONSULTORIA E ASSESSORIA ADMINISTRATIVA E GERENCIAL NAS \u00c1REAS CONT\u00c1BIL E FINANCEIRA E OR\u00c7AMENTO P\u00daBLICO COM SOFTWARE EM INTERFACE GR\u00c1FICA TAMB\u00c9M EM FOLHA DE PAGAMENTO, CONTROLE INTERNO, E DE ACORDO COM O PLANO DE CONTAS ESTABELECIDO PELA UNI\u00c3O. CONFORME  SEGUNDO TERMO ADITIVO AO CONTRATO N\u00b0002\/2021 (LICITA\u00c7\u00c3O N\u00b0001\/2021 - TOMADA DE PRE\u00c7OS N\u00b0001\/2021). VIGENCIA PRORROGADO ATE 13 DE ABRIL 2024.","fornecedor":"CERTAM - CENTRO REGIONAL DE TREINAMENTO EM ADMINISTRA\u00c7\u00c3O MUNICIPAL LTDA EPP","denom_uni_orc":"CORPO DELIBERATIVO E SECRETARIA","funcao":"Legislativa","sub_funcao":"A\u00e7\u00e3o Legislativa","programa":"A\u00c7\u00c3O LEGISLATIVA","acao":"AQUISI\u00c7\u00c3O DE M\u00d3VEIS, M\u00c1QUINAS E EQUIPAMENTOS DIVERSOS PARA O CONSELHO","ident_acao":"Atividade","cat_econ":"Despesa Corrente","natureza_despesa":"Outras Despesas Correntes","modalidade_despesa":"Aplica\u00e7\u00f5es Diretas","elemento_despesa":"Servi\u00e7os de Consultoria","sub_elem_desp":"SEM SUBELEMENTO","fonte_recurso":"Recursos do Exerc\u00edcio Corrente \/ Outros Recursos n\u00e3o Vinculados \/ -"},{"ano_emissao_emp":"2023","n_emp":"0000156","data_emissao":"11\/04\/2023","valor":"64.000,00","tipo_empenho":"Global","hist_emp":"VALOR QUE SE EMPENHA PARA FAZER FACE AO PAGAMENTO DOS SERVI\u00c7OS PROFISSIONAIS T\u00c9CNICOS ESPECIALIZADOS DE CONSULTORIA E ASSESSORIA ADMINISTRATIVA E GERENCIAL NAS \u00c1REAS CONT\u00c1BIL E FINANCEIRA E OR\u00c7AMENTO P\u00daBLICO COM SOFTWARE EM INTERFACE GR\u00c1FICA TAMB\u00c9M EM FOLHA DE PAGAMENTO, CONTROLE INTERNO, E DE ACORDO COM O PLANO DE CONTAS ESTABELECIDO PELA UNI\u00c3O. CONFORME  SEGUNDO TERMO ADITIVO AO CONTRATO N\u00b0002\/2021 (LICITA\u00c7\u00c3O N\u00b0001\/2021 - TOMADA DE PRE\u00c7OS N\u00b0001\/2021). VIGENCIA PRORROGADO ATE 13 DE ABRIL 2024.","fornecedor":"CERTAM - CENTRO REGIONAL DE TREINAMENTO EM ADMINISTRA\u00c7\u00c3O MUNICIPAL LTDA EPP","denom_uni_orc":"CORPO DELIBERATIVO E SECRETARIA","funcao":"Legislativa","sub_funcao":"A\u00e7\u00e3o Legislativa","programa":"A\u00c7\u00c3O LEGISLATIVA","acao":"MANUTEN\u00c7\u00c3O DAS ATIVIDADES ADMINISTRATIVAS","ident_acao":"Atividade","cat_econ":"Despesa Corrente","natureza_despesa":"Outras Despesas Correntes","modalidade_despesa":"Aplica\u00e7\u00f5es Diretas","elemento_despesa":"Servi\u00e7os de Consultoria","sub_elem_desp":"SEM SUBELEMENTO","fonte_recurso":"Recursos do Exerc\u00edcio Corrente \/ Outros Recursos n\u00e3o Vinculados \/ -"},{"ano_emissao_emp":"2023","n_emp":"0000156","data_emissao":"11\/04\/2023","valor":"64.000,00","tipo_empenho":"Global","hist_emp":"VALOR QUE SE EMPENHA PARA FAZER FACE AO PAGAMENTO DOS SERVI\u00c7OS PROFISSIONAIS T\u00c9CNICOS ESPECIALIZADOS DE CONSULTORIA E ASSESSORIA ADMINISTRATIVA E GERENCIAL NAS \u00c1REAS CONT\u00c1BIL E FINANCEIRA E OR\u00c7AMENTO P\u00daBLICO COM SOFTWARE EM INTERFACE GR\u00c1FICA TAMB\u00c9M EM FOLHA DE PAGAMENTO, CONTROLE INTERNO, E DE ACORDO COM O PLANO DE CONTAS ESTABELECIDO PELA UNI\u00c3O. CONFORME  SEGUNDO TERMO ADITIVO AO CONTRATO N\u00b0002\/2021 (LICITA\u00c7\u00c3O N\u00b0001\/2021 - TOMADA DE PRE\u00c7OS N\u00b0001\/2021). VIGENCIA PRORROGADO ATE 13 DE ABRIL 2024.","fornecedor":"CERTAM - CENTRO REGIONAL DE TREINAMENTO EM ADMINISTRA\u00c7\u00c3O MUNICIPAL LTDA EPP","denom_uni_orc":"CORPO DELIBERATIVO E SECRETARIA","funcao":"Legislativa","sub_funcao":"A\u00e7\u00e3o Legislativa","programa":"A\u00c7\u00c3O LEGISLATIVA","acao":"INDENIZA\u00c7\u00d5ES E RESTITUI\u00c7\u00d5ES DIVERSAS (FMS)","ident_acao":"Atividade","cat_econ":"Despesa Corrente","natureza_despesa":"Outras Despesas Correntes","modalidade_despesa":"Aplica\u00e7\u00f5es Diretas","elemento_despesa":"Servi\u00e7os de Consultoria","sub_elem_desp":"SEM SUBELEMENTO","fonte_recurso":"Recursos do Exerc\u00edcio Corrente \/ Outros Recursos n\u00e3o Vinculados \/ -"},{"ano_emissao_emp":"2023","n_emp":"0000157","data_emissao":"12\/04\/2023","valor":"213.220,80","tipo_empenho":"Estimativo","hist_emp":"VALOR QUE SE EMPENHA PARA FAZER FACE AO PAGAMENTO DE PRESTA\u00c7\u00c3O DE SERVI\u00c7O DE GERENCIAMENTO E CONTROLE DO FORNECIMENTO DE COMBUSTIVEL EM REDE CREDENCIADA, ATRAV\u00c9S DE CART\u00c3O MAGN\u00c9TICO COM CHIP, DOTADOS DE TECNOLOGIA APROPRIADA, DISPONIBILIZADOS PELA CONTRATADA, CONFORME ESPECIFICA\u00c7\u00d5ES, QUANTITATIVOS E CONDI\u00c7\u00d5ES ESTABELECIDAS NO ANEXO I DO EDITAL DE PREG\u00c3O  N\u00ba 001\/2023 PARTE INTEGRANTE DESTE CONTRATO N\u00ba 001\/2023.","fornecedor":"PRIME CONSULTORIA E ASSESSORIA EMPRESARIAL","denom_uni_orc":"CORPO DELIBERATIVO E SECRETARIA","funcao":"Legislativa","sub_funcao":"A\u00e7\u00e3o Legislativa","programa":"A\u00c7\u00c3O LEGISLATIVA","acao":"AQUISI\u00c7\u00c3O DE M\u00d3VEIS, M\u00c1QUINAS E EQUIPAMENTOS DIVERSOS PARA O CONSELHO","ident_acao":"Atividade","cat_econ":"Despesa Corrente","natureza_despesa":"Outras Despesas Correntes","modalidade_despesa":"Aplica\u00e7\u00f5es Diretas","elemento_despesa":"Outros Servi\u00e7os de Terceiros - Pessoa Jur\u00eddica","sub_elem_desp":"SEM SUBELEMENTO","fonte_recurso":"Recursos do Exerc\u00edcio Corrente \/ Outros Recursos n\u00e3o Vinculados \/ -"},{"ano_emissao_emp":"2023","n_emp":"0000157","data_emissao":"12\/04\/2023","valor":"213.220,80","tipo_empenho":"Estimativo","hist_emp":"VALOR QUE SE EMPENHA PARA FAZER FACE AO PAGAMENTO DE PRESTA\u00c7\u00c3O DE SERVI\u00c7O DE GERENCIAMENTO E CONTROLE DO FORNECIMENTO DE COMBUSTIVEL EM REDE CREDENCIADA, ATRAV\u00c9S DE CART\u00c3O MAGN\u00c9TICO COM CHIP, DOTADOS DE TECNOLOGIA APROPRIADA, DISPONIBILIZADOS PELA CONTRATADA, CONFORME ESPECIFICA\u00c7\u00d5ES, QUANTITATIVOS E CONDI\u00c7\u00d5ES ESTABELECIDAS NO ANEXO I DO EDITAL DE PREG\u00c3O  N\u00ba 001\/2023 PARTE INTEGRANTE DESTE CONTRATO N\u00ba 001\/2023.","fornecedor":"PRIME CONSULTORIA E ASSESSORIA EMPRESARIAL","denom_uni_orc":"CORPO DELIBERATIVO E SECRETARIA","funcao":"Legislativa","sub_funcao":"A\u00e7\u00e3o Legislativa","programa":"A\u00c7\u00c3O LEGISLATIVA","acao":"MANUTEN\u00c7\u00c3O DAS ATIVIDADES ADMINISTRATIVAS","ident_acao":"Atividade","cat_econ":"Despesa Corrente","natureza_despesa":"Outras Despesas Correntes","modalidade_despesa":"Aplica\u00e7\u00f5es Diretas","elemento_despesa":"Outros Servi\u00e7os de Terceiros - Pessoa Jur\u00eddica","sub_elem_desp":"SEM SUBELEMENTO","fonte_recurso":"Recursos do Exerc\u00edcio Corrente \/ Outros Recursos n\u00e3o Vinculados \/ -"},{"ano_emissao_emp":"2023","n_emp":"0000157","data_emissao":"12\/04\/2023","valor":"213.220,80","tipo_empenho":"Estimativo","hist_emp":"VALOR QUE SE EMPENHA PARA FAZER FACE AO PAGAMENTO DE PRESTA\u00c7\u00c3O DE SERVI\u00c7O DE GERENCIAMENTO E CONTROLE DO FORNECIMENTO DE COMBUSTIVEL EM REDE CREDENCIADA, ATRAV\u00c9S DE CART\u00c3O MAGN\u00c9TICO COM CHIP, DOTADOS DE TECNOLOGIA APROPRIADA, DISPONIBILIZADOS PELA CONTRATADA, CONFORME ESPECIFICA\u00c7\u00d5ES, QUANTITATIVOS E CONDI\u00c7\u00d5ES ESTABELECIDAS NO ANEXO I DO EDITAL DE PREG\u00c3O  N\u00ba 001\/2023 PARTE INTEGRANTE DESTE CONTRATO N\u00ba 001\/2023.","fornecedor":"PRIME CONSULTORIA E ASSESSORIA EMPRESARIAL","denom_uni_orc":"CORPO DELIBERATIVO E SECRETARIA","funcao":"Legislativa","sub_funcao":"A\u00e7\u00e3o Legislativa","programa":"A\u00c7\u00c3O LEGISLATIVA","acao":"INDENIZA\u00c7\u00d5ES E RESTITUI\u00c7\u00d5ES DIVERSAS (FMS)","ident_acao":"Atividade","cat_econ":"Despesa Corrente","natureza_despesa":"Outras Despesas Correntes","modalidade_despesa":"Aplica\u00e7\u00f5es Diretas","elemento_despesa":"Outros Servi\u00e7os de Terceiros - Pessoa Jur\u00eddica","sub_elem_desp":"SEM SUBELEMENTO","fonte_recurso":"Recursos do Exerc\u00edcio Corrente \/ Outros Recursos n\u00e3o Vinculados \/ -"},{"ano_emissao_emp":"2023","n_emp":"0000158","data_emissao":"13\/04\/2023","valor":"514,11","tipo_empenho":"Ordin\u00e1rio","hist_emp":"VALOR QUE SE EMPENHA PARA FAZER FACE A PAGAMENTO DE AQUISI\u00c7\u00c3O DE MATERIAIS DE CONSUMO PARA A COPA E COZINHA DESTA C\u00c2MARA DE VEREADORES, CELEBRADO MEDIANTE DISPENSA DE LICITA\u00c7\u00c3O, COM FUNDAMENTO NO ARTIGO 24, INCISO 2\u00ba DA LEI 8.666\/93.","fornecedor":"LOPES & FONSECA CIA LTDA","denom_uni_orc":"CORPO DELIBERATIVO E SECRETARIA","funcao":"Legislativa","sub_funcao":"A\u00e7\u00e3o Legislativa","programa":"A\u00c7\u00c3O LEGISLATIVA","acao":"AQUISI\u00c7\u00c3O DE M\u00d3VEIS, M\u00c1QUINAS E EQUIPAMENTOS DIVERSOS PARA O CONSELHO","ident_acao":"Atividade","cat_econ":"Despesa Corrente","natureza_despesa":"Outras Despesas Correntes","modalidade_despesa":"Aplica\u00e7\u00f5es Diretas","elemento_despesa":"Material de Consumo","sub_elem_desp":"MATERIAL DE COPA E COZINHA","fonte_recurso":"Recursos do Exerc\u00edcio Corrente \/ Outros Recursos n\u00e3o Vinculados \/ -"},{"ano_emissao_emp":"2023","n_emp":"0000158","data_emissao":"13\/04\/2023","valor":"514,11","tipo_empenho":"Ordin\u00e1rio","hist_emp":"VALOR QUE SE EMPENHA PARA FAZER FACE A PAGAMENTO DE AQUISI\u00c7\u00c3O DE MATERIAIS DE CONSUMO PARA A COPA E COZINHA DESTA C\u00c2MARA DE VEREADORES, CELEBRADO MEDIANTE DISPENSA DE LICITA\u00c7\u00c3O, COM FUNDAMENTO NO ARTIGO 24, INCISO 2\u00ba DA LEI 8.666\/93.","fornecedor":"LOPES & FONSECA CIA LTDA","denom_uni_orc":"CORPO DELIBERATIVO E SECRETARIA","funcao":"Legislativa","sub_funcao":"A\u00e7\u00e3o Legislativa","programa":"A\u00c7\u00c3O LEGISLATIVA","acao":"MANUTEN\u00c7\u00c3O DAS ATIVIDADES ADMINISTRATIVAS","ident_acao":"Atividade","cat_econ":"Despesa Corrente","natureza_despesa":"Outras Despesas Correntes","modalidade_despesa":"Aplica\u00e7\u00f5es Diretas","elemento_despesa":"Material de Consumo","sub_elem_desp":"MATERIAL DE COPA E COZINHA","fonte_recurso":"Recursos do Exerc\u00edcio Corrente \/ Outros Recursos n\u00e3o Vinculados \/ -"},{"ano_emissao_emp":"2023","n_emp":"0000158","data_emissao":"13\/04\/2023","valor":"514,11","tipo_empenho":"Ordin\u00e1rio","hist_emp":"VALOR QUE SE EMPENHA PARA FAZER FACE A PAGAMENTO DE AQUISI\u00c7\u00c3O DE MATERIAIS DE CONSUMO PARA A COPA E COZINHA DESTA C\u00c2MARA DE VEREADORES, CELEBRADO MEDIANTE DISPENSA DE LICITA\u00c7\u00c3O, COM FUNDAMENTO NO ARTIGO 24, INCISO 2\u00ba DA LEI 8.666\/93.","fornecedor":"LOPES & FONSECA CIA LTDA","denom_uni_orc":"CORPO DELIBERATIVO E SECRETARIA","funcao":"Legislativa","sub_funcao":"A\u00e7\u00e3o Legislativa","programa":"A\u00c7\u00c3O LEGISLATIVA","acao":"INDENIZA\u00c7\u00d5ES E RESTITUI\u00c7\u00d5ES DIVERSAS (FMS)","ident_acao":"Atividade","cat_econ":"Despesa Corrente","natureza_despesa":"Outras Despesas Correntes","modalidade_despesa":"Aplica\u00e7\u00f5es Diretas","elemento_despesa":"Material de Consumo","sub_elem_desp":"MATERIAL DE COPA E COZINHA","fonte_recurso":"Recursos do Exerc\u00edcio Corrente \/ Outros Recursos n\u00e3o Vinculados \/ -"},{"ano_emissao_emp":"2023","n_emp":"0000159","data_emissao":"17\/04\/2023","valor":"208,50","tipo_empenho":"Ordin\u00e1rio","hist_emp":"VALOR QUE SE EMPENHA PARA FAZER FACE \u00c0 AQUISI\u00c7\u00c3O DE MATERIAL DE CONSUMO PARA FUNCIONAMENTO DESTA C\u00c2MARA DE VEREADORES, CELEBRADO MEDIANTE DISPENSA DE LICITA\u00c7\u00c3O, COM FUNDAMENTO NO ARTIGO 24, INCISO 2\u00ba DA LEI 8.666\/93.","fornecedor":"JCL LAJES E MATERIAIS PARA CONSTRU\u00c7\u00c3O LTDA","denom_uni_orc":"CORPO DELIBERATIVO E SECRETARIA","funcao":"Legislativa","sub_funcao":"A\u00e7\u00e3o Legislativa","programa":"A\u00c7\u00c3O LEGISLATIVA","acao":"AQUISI\u00c7\u00c3O DE M\u00d3VEIS, M\u00c1QUINAS E EQUIPAMENTOS DIVERSOS PARA O CONSELHO","ident_acao":"Atividade","cat_econ":"Despesa Corrente","natureza_despesa":"Outras Despesas Correntes","modalidade_despesa":"Aplica\u00e7\u00f5es Diretas","elemento_despesa":"Material de Consumo","sub_elem_desp":"SEM SUBELEMENTO","fonte_recurso":"Recursos do Exerc\u00edcio Corrente \/ Outros Recursos n\u00e3o Vinculados \/ -"},{"ano_emissao_emp":"2023","n_emp":"0000159","data_emissao":"17\/04\/2023","valor":"208,50","tipo_empenho":"Ordin\u00e1rio","hist_emp":"VALOR QUE SE EMPENHA PARA FAZER FACE \u00c0 AQUISI\u00c7\u00c3O DE MATERIAL DE CONSUMO PARA FUNCIONAMENTO DESTA C\u00c2MARA DE VEREADORES, CELEBRADO MEDIANTE DISPENSA DE LICITA\u00c7\u00c3O, COM FUNDAMENTO NO ARTIGO 24, INCISO 2\u00ba DA LEI 8.666\/93.","fornecedor":"JCL LAJES E MATERIAIS PARA CONSTRU\u00c7\u00c3O LTDA","denom_uni_orc":"CORPO DELIBERATIVO E SECRETARIA","funcao":"Legislativa","sub_funcao":"A\u00e7\u00e3o Legislativa","programa":"A\u00c7\u00c3O LEGISLATIVA","acao":"MANUTEN\u00c7\u00c3O DAS ATIVIDADES ADMINISTRATIVAS","ident_acao":"Atividade","cat_econ":"Despesa Corrente","natureza_despesa":"Outras Despesas Correntes","modalidade_despesa":"Aplica\u00e7\u00f5es Diretas","elemento_despesa":"Material de Consumo","sub_elem_desp":"SEM SUBELEMENTO","fonte_recurso":"Recursos do Exerc\u00edcio Corrente \/ Outros Recursos n\u00e3o Vinculados \/ -"},{"ano_emissao_emp":"2023","n_emp":"0000159","data_emissao":"17\/04\/2023","valor":"208,50","tipo_empenho":"Ordin\u00e1rio","hist_emp":"VALOR QUE SE EMPENHA PARA FAZER FACE \u00c0 AQUISI\u00c7\u00c3O DE MATERIAL DE CONSUMO PARA FUNCIONAMENTO DESTA C\u00c2MARA DE VEREADORES, CELEBRADO MEDIANTE DISPENSA DE LICITA\u00c7\u00c3O, COM FUNDAMENTO NO ARTIGO 24, INCISO 2\u00ba DA LEI 8.666\/93.","fornecedor":"JCL LAJES E MATERIAIS PARA CONSTRU\u00c7\u00c3O LTDA","denom_uni_orc":"CORPO DELIBERATIVO E SECRETARIA","funcao":"Legislativa","sub_funcao":"A\u00e7\u00e3o Legislativa","programa":"A\u00c7\u00c3O LEGISLATIVA","acao":"INDENIZA\u00c7\u00d5ES E RESTITUI\u00c7\u00d5ES DIVERSAS (FMS)","ident_acao":"Atividade","cat_econ":"Despesa Corrente","natureza_despesa":"Outras Despesas Correntes","modalidade_despesa":"Aplica\u00e7\u00f5es Diretas","elemento_despesa":"Material de Consumo","sub_elem_desp":"SEM SUBELEMENTO","fonte_recurso":"Recursos do Exerc\u00edcio Corrente \/ Outros Recursos n\u00e3o Vinculados \/ -"},{"ano_emissao_emp":"2023","n_emp":"0000160","data_emissao":"18\/04\/2023","valor":"3.631,50","tipo_empenho":"Estimativo","hist_emp":"VALOR QUE SE EMPENHA PARA FAZER FACE AO CUSTEIO DE FORNECIMENTO DE COMBUSTIVEL PARA SERVI\u00c7OS ADMINISTRATIVOS QUE DEPENDEM DE VEICULOS NO PERIODO ENTRE 18 9DEZOITO) \u00c0 25 (VINTE E CINCO) DE ABRIL DE 2023, ,  DESPACHO CELEBRADO MEDIANTE DISPENSA DE LICITA\u00c7\u00c3O, COM FUNDAMENTO NO ARTIGO 24, INCISO 2\u00ba DA LEI 8.666\/93.","fornecedor":"DIOGO WENDEL DA SILVA LTDA","denom_uni_orc":"CORPO DELIBERATIVO E SECRETARIA","funcao":"Legislativa","sub_funcao":"A\u00e7\u00e3o Legislativa","programa":"A\u00c7\u00c3O LEGISLATIVA","acao":"AQUISI\u00c7\u00c3O DE M\u00d3VEIS, M\u00c1QUINAS E EQUIPAMENTOS DIVERSOS PARA O CONSELHO","ident_acao":"Atividade","cat_econ":"Despesa Corrente","natureza_despesa":"Outras Despesas Correntes","modalidade_despesa":"Aplica\u00e7\u00f5es Diretas","elemento_despesa":"Material de Consumo","sub_elem_desp":"SEM SUBELEMENTO","fonte_recurso":"Recursos do Exerc\u00edcio Corrente \/ Outros Recursos n\u00e3o Vinculados \/ -"},{"ano_emissao_emp":"2023","n_emp":"0000160","data_emissao":"18\/04\/2023","valor":"3.631,50","tipo_empenho":"Estimativo","hist_emp":"VALOR QUE SE EMPENHA PARA FAZER FACE AO CUSTEIO DE FORNECIMENTO DE COMBUSTIVEL PARA SERVI\u00c7OS ADMINISTRATIVOS QUE DEPENDEM DE VEICULOS NO PERIODO ENTRE 18 9DEZOITO) \u00c0 25 (VINTE E CINCO) DE ABRIL DE 2023, ,  DESPACHO CELEBRADO MEDIANTE DISPENSA DE LICITA\u00c7\u00c3O, COM FUNDAMENTO NO ARTIGO 24, INCISO 2\u00ba DA LEI 8.666\/93.","fornecedor":"DIOGO WENDEL DA SILVA LTDA","denom_uni_orc":"CORPO DELIBERATIVO E SECRETARIA","funcao":"Legislativa","sub_funcao":"A\u00e7\u00e3o Legislativa","programa":"A\u00c7\u00c3O LEGISLATIVA","acao":"MANUTEN\u00c7\u00c3O DAS ATIVIDADES ADMINISTRATIVAS","ident_acao":"Atividade","cat_econ":"Despesa Corrente","natureza_despesa":"Outras Despesas Correntes","modalidade_despesa":"Aplica\u00e7\u00f5es Diretas","elemento_despesa":"Material de Consumo","sub_elem_desp":"SEM SUBELEMENTO","fonte_recurso":"Recursos do Exerc\u00edcio Corrente \/ Outros Recursos n\u00e3o Vinculados \/ -"},{"ano_emissao_emp":"2023","n_emp":"0000160","data_emissao":"18\/04\/2023","valor":"3.631,50","tipo_empenho":"Estimativo","hist_emp":"VALOR QUE SE EMPENHA PARA FAZER FACE AO CUSTEIO DE FORNECIMENTO DE COMBUSTIVEL PARA SERVI\u00c7OS ADMINISTRATIVOS QUE DEPENDEM DE VEICULOS NO PERIODO ENTRE 18 9DEZOITO) \u00c0 25 (VINTE E CINCO) DE ABRIL DE 2023, ,  DESPACHO CELEBRADO MEDIANTE DISPENSA DE LICITA\u00c7\u00c3O, COM FUNDAMENTO NO ARTIGO 24, INCISO 2\u00ba DA LEI 8.666\/93.","fornecedor":"DIOGO WENDEL DA SILVA LTDA","denom_uni_orc":"CORPO DELIBERATIVO E SECRETARIA","funcao":"Legislativa","sub_funcao":"A\u00e7\u00e3o Legislativa","programa":"A\u00c7\u00c3O LEGISLATIVA","acao":"INDENIZA\u00c7\u00d5ES E RESTITUI\u00c7\u00d5ES DIVERSAS (FMS)","ident_acao":"Atividade","cat_econ":"Despesa Corrente","natureza_despesa":"Outras Despesas Correntes","modalidade_despesa":"Aplica\u00e7\u00f5es Diretas","elemento_despesa":"Material de Consumo","sub_elem_desp":"SEM SUBELEMENTO","fonte_recurso":"Recursos do Exerc\u00edcio Corrente \/ Outros Recursos n\u00e3o Vinculados \/ -"},{"ano_emissao_emp":"2023","n_emp":"0000161","data_emissao":"19\/04\/2023","valor":"1.250,00","tipo_empenho":"Ordin\u00e1rio","hist_emp":"VALOR QUE SE EMPENHA PARA FAZER FACE \u00c0 AQUISI\u00c7\u00c3O DE 01 (UM) SMARTPHONE MOTO E22 128G PARA O SETOR DE COMPRAS DESTA C\u00c2MARA DE VEREADORES, CELEBRADO MEDIANTE DISPENSA DE LICITA\u00c7\u00c3O, COM FUNDAMENTO NO ARTIGO 24, INCISO 2\u00ba DA LEI 8.666\/93.","fornecedor":"MAGAZINE LUIZA","denom_uni_orc":"CORPO DELIBERATIVO E SECRETARIA","funcao":"Legislativa","sub_funcao":"A\u00e7\u00e3o Legislativa","programa":"A\u00c7\u00c3O LEGISLATIVA","acao":"REEQUIPAMENTO DA UNIDADE","ident_acao":"Projeto","cat_econ":"Despesa de Capital","natureza_despesa":"Investimentos","modalidade_despesa":"Aplica\u00e7\u00f5es Diretas","elemento_despesa":"Equipamentos e Material Permanente","sub_elem_desp":"OUTROS MATERIAIS PERMANENTES","fonte_recurso":"Recursos do Exerc\u00edcio Corrente \/ Outros Recursos n\u00e3o Vinculados \/ -"},{"ano_emissao_emp":"2023","n_emp":"0000161","data_emissao":"19\/04\/2023","valor":"1.250,00","tipo_empenho":"Ordin\u00e1rio","hist_emp":"VALOR QUE SE EMPENHA PARA FAZER FACE \u00c0 AQUISI\u00c7\u00c3O DE 01 (UM) SMARTPHONE MOTO E22 128G PARA O SETOR DE COMPRAS DESTA C\u00c2MARA DE VEREADORES, CELEBRADO MEDIANTE DISPENSA DE LICITA\u00c7\u00c3O, COM FUNDAMENTO NO ARTIGO 24, INCISO 2\u00ba DA LEI 8.666\/93.","fornecedor":"MAGAZINE LUIZA","denom_uni_orc":"CORPO DELIBERATIVO E SECRETARIA","funcao":"Legislativa","sub_funcao":"A\u00e7\u00e3o Legislativa","programa":"A\u00c7\u00c3O LEGISLATIVA","acao":"INDENIZA\u00c7\u00d5ES E RESTITUI\u00c7\u00d5ES DO RPPS","ident_acao":"Projeto","cat_econ":"Despesa de Capital","natureza_despesa":"Investimentos","modalidade_despesa":"Aplica\u00e7\u00f5es Diretas","elemento_despesa":"Equipamentos e Material Permanente","sub_elem_desp":"OUTROS MATERIAIS PERMANENTES","fonte_recurso":"Recursos do Exerc\u00edcio Corrente \/ Outros Recursos n\u00e3o Vinculados \/ -"},{"ano_emissao_emp":"2023","n_emp":"0000161","data_emissao":"19\/04\/2023","valor":"1.250,00","tipo_empenho":"Ordin\u00e1rio","hist_emp":"VALOR QUE SE EMPENHA PARA FAZER FACE \u00c0 AQUISI\u00c7\u00c3O DE 01 (UM) SMARTPHONE MOTO E22 128G PARA O SETOR DE COMPRAS DESTA C\u00c2MARA DE VEREADORES, CELEBRADO MEDIANTE DISPENSA DE LICITA\u00c7\u00c3O, COM FUNDAMENTO NO ARTIGO 24, INCISO 2\u00ba DA LEI 8.666\/93.","fornecedor":"MAGAZINE LUIZA","denom_uni_orc":"CORPO DELIBERATIVO E SECRETARIA","funcao":"Legislativa","sub_funcao":"A\u00e7\u00e3o Legislativa","programa":"A\u00c7\u00c3O LEGISLATIVA","acao":"AMORTIZA\u00c7\u00c3O DA D\u00cdVIDA P\u00daBLICA CONSOLIDADA","ident_acao":"Projeto","cat_econ":"Despesa de Capital","natureza_despesa":"Investimentos","modalidade_despesa":"Aplica\u00e7\u00f5es Diretas","elemento_despesa":"Equipamentos e Material Permanente","sub_elem_desp":"OUTROS MATERIAIS PERMANENTES","fonte_recurso":"Recursos do Exerc\u00edcio Corrente \/ Outros Recursos n\u00e3o Vinculados \/ -"},{"ano_emissao_emp":"2023","n_emp":"0000162","data_emissao":"20\/04\/2023","valor":"3.200,00","tipo_empenho":"Ordin\u00e1rio","hist_emp":"VALOR QUE SE EMPENHA PARA FAZER FACE \u00c0 CUSTEIO DE SERVI\u00c7OS PRESTADOS EM REFORMA E INSTALA\u00c7\u00c3O DE GESSO NOS GABINETES DESTA C\u00c2MARA DE VEREADORES, CELEBRADO MEDIANTE DISPENSA DE LICITA\u00c7\u00c3O, COM FUNDAMENTO NO ARTIGO 24, INCISO 2\u00ba DA LEI 8.666\/93.","fornecedor":"REJANE MARIA DE OLIVEIRA MATIAS","denom_uni_orc":"CORPO DELIBERATIVO E SECRETARIA","funcao":"Legislativa","sub_funcao":"A\u00e7\u00e3o Legislativa","programa":"A\u00c7\u00c3O LEGISLATIVA","acao":"AQUISI\u00c7\u00c3O DE M\u00d3VEIS, M\u00c1QUINAS E EQUIPAMENTOS DIVERSOS PARA O CONSELHO","ident_acao":"Atividade","cat_econ":"Despesa Corrente","natureza_despesa":"Outras Despesas Correntes","modalidade_despesa":"Aplica\u00e7\u00f5es Diretas","elemento_despesa":"Outros Servi\u00e7os de Terceiros - Pessoa Jur\u00eddica","sub_elem_desp":"SEM SUBELEMENTO","fonte_recurso":"Recursos do Exerc\u00edcio Corrente \/ Outros Recursos n\u00e3o Vinculados \/ -"},{"ano_emissao_emp":"2023","n_emp":"0000162","data_emissao":"20\/04\/2023","valor":"3.200,00","tipo_empenho":"Ordin\u00e1rio","hist_emp":"VALOR QUE SE EMPENHA PARA FAZER FACE \u00c0 CUSTEIO DE SERVI\u00c7OS PRESTADOS EM REFORMA E INSTALA\u00c7\u00c3O DE GESSO NOS GABINETES DESTA C\u00c2MARA DE VEREADORES, CELEBRADO MEDIANTE DISPENSA DE LICITA\u00c7\u00c3O, COM FUNDAMENTO NO ARTIGO 24, INCISO 2\u00ba DA LEI 8.666\/93.","fornecedor":"REJANE MARIA DE OLIVEIRA MATIAS","denom_uni_orc":"CORPO DELIBERATIVO E SECRETARIA","funcao":"Legislativa","sub_funcao":"A\u00e7\u00e3o Legislativa","programa":"A\u00c7\u00c3O LEGISLATIVA","acao":"MANUTEN\u00c7\u00c3O DAS ATIVIDADES ADMINISTRATIVAS","ident_acao":"Atividade","cat_econ":"Despesa Corrente","natureza_despesa":"Outras Despesas Correntes","modalidade_despesa":"Aplica\u00e7\u00f5es Diretas","elemento_despesa":"Outros Servi\u00e7os de Terceiros - Pessoa Jur\u00eddica","sub_elem_desp":"SEM SUBELEMENTO","fonte_recurso":"Recursos do Exerc\u00edcio Corrente \/ Outros Recursos n\u00e3o Vinculados \/ -"},{"ano_emissao_emp":"2023","n_emp":"0000162","data_emissao":"20\/04\/2023","valor":"3.200,00","tipo_empenho":"Ordin\u00e1rio","hist_emp":"VALOR QUE SE EMPENHA PARA FAZER FACE \u00c0 CUSTEIO DE SERVI\u00c7OS PRESTADOS EM REFORMA E INSTALA\u00c7\u00c3O DE GESSO NOS GABINETES DESTA C\u00c2MARA DE VEREADORES, CELEBRADO MEDIANTE DISPENSA DE LICITA\u00c7\u00c3O, COM FUNDAMENTO NO ARTIGO 24, INCISO 2\u00ba DA LEI 8.666\/93.","fornecedor":"REJANE MARIA DE OLIVEIRA MATIAS","denom_uni_orc":"CORPO DELIBERATIVO E SECRETARIA","funcao":"Legislativa","sub_funcao":"A\u00e7\u00e3o Legislativa","programa":"A\u00c7\u00c3O LEGISLATIVA","acao":"INDENIZA\u00c7\u00d5ES E RESTITUI\u00c7\u00d5ES DIVERSAS (FMS)","ident_acao":"Atividade","cat_econ":"Despesa Corrente","natureza_despesa":"Outras Despesas Correntes","modalidade_despesa":"Aplica\u00e7\u00f5es Diretas","elemento_despesa":"Outros Servi\u00e7os de Terceiros - Pessoa Jur\u00eddica","sub_elem_desp":"SEM SUBELEMENTO","fonte_recurso":"Recursos do Exerc\u00edcio Corrente \/ Outros Recursos n\u00e3o Vinculados \/ -"},{"ano_emissao_emp":"2023","n_emp":"0000163","data_emissao":"25\/04\/2023","valor":"683,47","tipo_empenho":"Ordin\u00e1rio","hist_emp":"VALOR QUE SE EMPENHA PARA FAZER FACE AO PAGAMENTODO DO DARF DO INSS DAS FOLHAS DE PAGAMENTO DOS VEREADORES E SERVIDORES COMISSIONADOS DO M\u00caS DE MAR\u00c7O NO EXERC\u00cdCIO DE 2023.","fornecedor":"INSS - PARCELAMENTO","denom_uni_orc":"CORPO DELIBERATIVO E SECRETARIA","funcao":"Legislativa","sub_funcao":"A\u00e7\u00e3o Legislativa","programa":"A\u00c7\u00c3O LEGISLATIVA","acao":"AQUISI\u00c7\u00c3O DE M\u00d3VEIS, M\u00c1QUINAS E EQUIPAMENTOS DIVERSOS PARA O CONSELHO","ident_acao":"Atividade","cat_econ":"Despesa Corrente","natureza_despesa":"Outras Despesas Correntes","modalidade_despesa":"Aplica\u00e7\u00f5es Diretas","elemento_despesa":"Outros Servi\u00e7os de Terceiros - Pessoa Jur\u00eddica","sub_elem_desp":"SEM SUBELEMENTO","fonte_recurso":"Recursos do Exerc\u00edcio Corrente \/ Outros Recursos n\u00e3o Vinculados \/ -"},{"ano_emissao_emp":"2023","n_emp":"0000163","data_emissao":"25\/04\/2023","valor":"683,47","tipo_empenho":"Ordin\u00e1rio","hist_emp":"VALOR QUE SE EMPENHA PARA FAZER FACE AO PAGAMENTODO DO DARF DO INSS DAS FOLHAS DE PAGAMENTO DOS VEREADORES E SERVIDORES COMISSIONADOS DO M\u00caS DE MAR\u00c7O NO EXERC\u00cdCIO DE 2023.","fornecedor":"INSS - PARCELAMENTO","denom_uni_orc":"CORPO DELIBERATIVO E SECRETARIA","funcao":"Legislativa","sub_funcao":"A\u00e7\u00e3o Legislativa","programa":"A\u00c7\u00c3O LEGISLATIVA","acao":"MANUTEN\u00c7\u00c3O DAS ATIVIDADES ADMINISTRATIVAS","ident_acao":"Atividade","cat_econ":"Despesa Corrente","natureza_despesa":"Outras Despesas Correntes","modalidade_despesa":"Aplica\u00e7\u00f5es Diretas","elemento_despesa":"Outros Servi\u00e7os de Terceiros - Pessoa Jur\u00eddica","sub_elem_desp":"SEM SUBELEMENTO","fonte_recurso":"Recursos do Exerc\u00edcio Corrente \/ Outros Recursos n\u00e3o Vinculados \/ -"},{"ano_emissao_emp":"2023","n_emp":"0000163","data_emissao":"25\/04\/2023","valor":"683,47","tipo_empenho":"Ordin\u00e1rio","hist_emp":"VALOR QUE SE EMPENHA PARA FAZER FACE AO PAGAMENTODO DO DARF DO INSS DAS FOLHAS DE PAGAMENTO DOS VEREADORES E SERVIDORES COMISSIONADOS DO M\u00caS DE MAR\u00c7O NO EXERC\u00cdCIO DE 2023.","fornecedor":"INSS - PARCELAMENTO","denom_uni_orc":"CORPO DELIBERATIVO E SECRETARIA","funcao":"Legislativa","sub_funcao":"A\u00e7\u00e3o Legislativa","programa":"A\u00c7\u00c3O LEGISLATIVA","acao":"INDENIZA\u00c7\u00d5ES E RESTITUI\u00c7\u00d5ES DIVERSAS (FMS)","ident_acao":"Atividade","cat_econ":"Despesa Corrente","natureza_despesa":"Outras Despesas Correntes","modalidade_despesa":"Aplica\u00e7\u00f5es Diretas","elemento_despesa":"Outros Servi\u00e7os de Terceiros - Pessoa Jur\u00eddica","sub_elem_desp":"SEM SUBELEMENTO","fonte_recurso":"Recursos do Exerc\u00edcio Corrente \/ Outros Recursos n\u00e3o Vinculados \/ -"},{"ano_emissao_emp":"2023","n_emp":"0000164","data_emissao":"25\/04\/2023","valor":"3.979,90","tipo_empenho":"Ordin\u00e1rio","hist_emp":"VALOR QUE SE EMPENHA PARA FAZER FACE \u00c0 AQUISI\u00c7\u00c3O DE 01 (UM) SMARTPHONE IPHONES 11 ONZE 128GB, 4G, TELA DE 6.1, C\u00c2MERA DUPLA 12MP + SELFIE 12MP APARELHO COM MAIS RECURSOS QUE OUTROS APARELHOS DISPONIVEIS NO MERCADO NECWSS\u00c1RIO PARA  O CIDATEC COM O ATENDIMENTO A POPULA\u00c7\u00c3O NOS TRABALHOS DE EMISS\u00c3O DE DOCUMENTOS, CELEBRADO MEDIANTE DISPENSA DE LICITA\u00c7\u00c3O, COM FUNDAMENTO NO ARTIGO 24, INCISO 2\u00ba DA LEI 8.666\/93.","fornecedor":"VIA VAREJO S\/A","denom_uni_orc":"CORPO DELIBERATIVO E SECRETARIA","funcao":"Legislativa","sub_funcao":"A\u00e7\u00e3o Legislativa","programa":"A\u00c7\u00c3O LEGISLATIVA","acao":"REEQUIPAMENTO DA UNIDADE","ident_acao":"Projeto","cat_econ":"Despesa de Capital","natureza_despesa":"Investimentos","modalidade_despesa":"Aplica\u00e7\u00f5es Diretas","elemento_despesa":"Equipamentos e Material Permanente","sub_elem_desp":"OUTROS MATERIAIS PERMANENTES","fonte_recurso":"Recursos do Exerc\u00edcio Corrente \/ Outros Recursos n\u00e3o Vinculados \/ -"},{"ano_emissao_emp":"2023","n_emp":"0000164","data_emissao":"25\/04\/2023","valor":"3.979,90","tipo_empenho":"Ordin\u00e1rio","hist_emp":"VALOR QUE SE EMPENHA PARA FAZER FACE \u00c0 AQUISI\u00c7\u00c3O DE 01 (UM) SMARTPHONE IPHONES 11 ONZE 128GB, 4G, TELA DE 6.1, C\u00c2MERA DUPLA 12MP + SELFIE 12MP APARELHO COM MAIS RECURSOS QUE OUTROS APARELHOS DISPONIVEIS NO MERCADO NECWSS\u00c1RIO PARA  O CIDATEC COM O ATENDIMENTO A POPULA\u00c7\u00c3O NOS TRABALHOS DE EMISS\u00c3O DE DOCUMENTOS, CELEBRADO MEDIANTE DISPENSA DE LICITA\u00c7\u00c3O, COM FUNDAMENTO NO ARTIGO 24, INCISO 2\u00ba DA LEI 8.666\/93.","fornecedor":"VIA VAREJO S\/A","denom_uni_orc":"CORPO DELIBERATIVO E SECRETARIA","funcao":"Legislativa","sub_funcao":"A\u00e7\u00e3o Legislativa","programa":"A\u00c7\u00c3O LEGISLATIVA","acao":"INDENIZA\u00c7\u00d5ES E RESTITUI\u00c7\u00d5ES DO RPPS","ident_acao":"Projeto","cat_econ":"Despesa de Capital","natureza_despesa":"Investimentos","modalidade_despesa":"Aplica\u00e7\u00f5es Diretas","elemento_despesa":"Equipamentos e Material Permanente","sub_elem_desp":"OUTROS MATERIAIS PERMANENTES","fonte_recurso":"Recursos do Exerc\u00edcio Corrente \/ Outros Recursos n\u00e3o Vinculados \/ -"},{"ano_emissao_emp":"2023","n_emp":"0000164","data_emissao":"25\/04\/2023","valor":"3.979,90","tipo_empenho":"Ordin\u00e1rio","hist_emp":"VALOR QUE SE EMPENHA PARA FAZER FACE \u00c0 AQUISI\u00c7\u00c3O DE 01 (UM) SMARTPHONE IPHONES 11 ONZE 128GB, 4G, TELA DE 6.1, C\u00c2MERA DUPLA 12MP + SELFIE 12MP APARELHO COM MAIS RECURSOS QUE OUTROS APARELHOS DISPONIVEIS NO MERCADO NECWSS\u00c1RIO PARA  O CIDATEC COM O ATENDIMENTO A POPULA\u00c7\u00c3O NOS TRABALHOS DE EMISS\u00c3O DE DOCUMENTOS, CELEBRADO MEDIANTE DISPENSA DE LICITA\u00c7\u00c3O, COM FUNDAMENTO NO ARTIGO 24, INCISO 2\u00ba DA LEI 8.666\/93.","fornecedor":"VIA VAREJO S\/A","denom_uni_orc":"CORPO DELIBERATIVO E SECRETARIA","funcao":"Legislativa","sub_funcao":"A\u00e7\u00e3o Legislativa","programa":"A\u00c7\u00c3O LEGISLATIVA","acao":"AMORTIZA\u00c7\u00c3O DA D\u00cdVIDA P\u00daBLICA CONSOLIDADA","ident_acao":"Projeto","cat_econ":"Despesa de Capital","natureza_despesa":"Investimentos","modalidade_despesa":"Aplica\u00e7\u00f5es Diretas","elemento_despesa":"Equipamentos e Material Permanente","sub_elem_desp":"OUTROS MATERIAIS PERMANENTES","fonte_recurso":"Recursos do Exerc\u00edcio Corrente \/ Outros Recursos n\u00e3o Vinculados \/ -"},{"ano_emissao_emp":"2023","n_emp":"0000165","data_emissao":"25\/04\/2023","valor":"35,00","tipo_empenho":"Ordin\u00e1rio","hist_emp":"VALOR QUE SE EMPENHA PARA FAZER FACE \u00c0 AQUISI\u00c7\u00c3O DE MATERIAL DE EXPEDIENTE (DUAS RESMAS DE PAPEL A4) PARA OS TRABALHOS DESSA C\u00c2MARA DE VEREADORES, CELEBRADO MEDIANTE DISPENSA DE LICITA\u00c7\u00c3O, COM FUNDAMENTO NO ARTIGO 24, INCISO 2\u00ba DA LEI 8.666\/93.","fornecedor":"GALDINO & SANTOS COMERCIAL LTDA","denom_uni_orc":"CORPO DELIBERATIVO E SECRETARIA","funcao":"Legislativa","sub_funcao":"A\u00e7\u00e3o Legislativa","programa":"A\u00c7\u00c3O LEGISLATIVA","acao":"AQUISI\u00c7\u00c3O DE M\u00d3VEIS, M\u00c1QUINAS E EQUIPAMENTOS DIVERSOS PARA O CONSELHO","ident_acao":"Atividade","cat_econ":"Despesa Corrente","natureza_despesa":"Outras Despesas Correntes","modalidade_despesa":"Aplica\u00e7\u00f5es Diretas","elemento_despesa":"Material de Consumo","sub_elem_desp":"SEM SUBELEMENTO","fonte_recurso":"Recursos do Exerc\u00edcio Corrente \/ Outros Recursos n\u00e3o Vinculados \/ -"},{"ano_emissao_emp":"2023","n_emp":"0000165","data_emissao":"25\/04\/2023","valor":"35,00","tipo_empenho":"Ordin\u00e1rio","hist_emp":"VALOR QUE SE EMPENHA PARA FAZER FACE \u00c0 AQUISI\u00c7\u00c3O DE MATERIAL DE EXPEDIENTE (DUAS RESMAS DE PAPEL A4) PARA OS TRABALHOS DESSA C\u00c2MARA DE VEREADORES, CELEBRADO MEDIANTE DISPENSA DE LICITA\u00c7\u00c3O, COM FUNDAMENTO NO ARTIGO 24, INCISO 2\u00ba DA LEI 8.666\/93.","fornecedor":"GALDINO & SANTOS COMERCIAL LTDA","denom_uni_orc":"CORPO DELIBERATIVO E SECRETARIA","funcao":"Legislativa","sub_funcao":"A\u00e7\u00e3o Legislativa","programa":"A\u00c7\u00c3O LEGISLATIVA","acao":"MANUTEN\u00c7\u00c3O DAS ATIVIDADES ADMINISTRATIVAS","ident_acao":"Atividade","cat_econ":"Despesa Corrente","natureza_despesa":"Outras Despesas Correntes","modalidade_despesa":"Aplica\u00e7\u00f5es Diretas","elemento_despesa":"Material de Consumo","sub_elem_desp":"SEM SUBELEMENTO","fonte_recurso":"Recursos do Exerc\u00edcio Corrente \/ Outros Recursos n\u00e3o Vinculados \/ -"},{"ano_emissao_emp":"2023","n_emp":"0000165","data_emissao":"25\/04\/2023","valor":"35,00","tipo_empenho":"Ordin\u00e1rio","hist_emp":"VALOR QUE SE EMPENHA PARA FAZER FACE \u00c0 AQUISI\u00c7\u00c3O DE MATERIAL DE EXPEDIENTE (DUAS RESMAS DE PAPEL A4) PARA OS TRABALHOS DESSA C\u00c2MARA DE VEREADORES, CELEBRADO MEDIANTE DISPENSA DE LICITA\u00c7\u00c3O, COM FUNDAMENTO NO ARTIGO 24, INCISO 2\u00ba DA LEI 8.666\/93.","fornecedor":"GALDINO & SANTOS COMERCIAL LTDA","denom_uni_orc":"CORPO DELIBERATIVO E SECRETARIA","funcao":"Legislativa","sub_funcao":"A\u00e7\u00e3o Legislativa","programa":"A\u00c7\u00c3O LEGISLATIVA","acao":"INDENIZA\u00c7\u00d5ES E RESTITUI\u00c7\u00d5ES DIVERSAS (FMS)","ident_acao":"Atividade","cat_econ":"Despesa Corrente","natureza_despesa":"Outras Despesas Correntes","modalidade_despesa":"Aplica\u00e7\u00f5es Diretas","elemento_despesa":"Material de Consumo","sub_elem_desp":"SEM SUBELEMENTO","fonte_recurso":"Recursos do Exerc\u00edcio Corrente \/ Outros Recursos n\u00e3o Vinculados \/ -"},{"ano_emissao_emp":"2023","n_emp":"0000166","data_emissao":"25\/04\/2023","valor":"881,93","tipo_empenho":"Ordin\u00e1rio","hist_emp":"VALOR QUE SE EMPENHA PARA FAZER FACE \u00c0 PRESTA\u00c7\u00c3O DE SERVI\u00c7O DE TRANSMISS\u00c3O (LIVE) NO INSTAGRAM, SERVI\u00c7O NECESS\u00c1RIO PARA DAR PUBLICIDADE \u00c0S REUNI\u00d5ES DESTA C\u00c2MARA DURANTE TODO O ANO DE 2023. A CONTRATA\u00c7\u00c3O DESSE SERVI\u00c7O \u00c9 FUNDAMENTAL PARA AMPLIAR O ALCANCE DAS TRANSMISS\u00d5ES AO VIVO DAS SESS\u00d5ES ORDIN\u00c1RIAS DA C\u00c2MARA, BEM COMO AUDI\u00caNCIAS P\u00daBLICAS, SESS\u00d5ES SOLENES, REUNI\u00d5ES DE COMISS\u00d5ES PERMANENTES E ESPECIAIS, CELEBRADO MEDIANTE DISPENSA DE LICITA\u00c7\u00c3O, COM FUNDAMENTO NO ARTIGO 24, INCISO 2\u00ba DA LEI 8.666\/93.","fornecedor":"CLAUDEIR APARECIDO RIBEIRO 17178810840","denom_uni_orc":"CORPO DELIBERATIVO E SECRETARIA","funcao":"Legislativa","sub_funcao":"A\u00e7\u00e3o Legislativa","programa":"A\u00c7\u00c3O LEGISLATIVA","acao":"AQUISI\u00c7\u00c3O DE M\u00d3VEIS, M\u00c1QUINAS E EQUIPAMENTOS DIVERSOS PARA O CONSELHO","ident_acao":"Atividade","cat_econ":"Despesa Corrente","natureza_despesa":"Outras Despesas Correntes","modalidade_despesa":"Aplica\u00e7\u00f5es Diretas","elemento_despesa":"Outros Servi\u00e7os de Terceiros - Pessoa Jur\u00eddica","sub_elem_desp":"SEM SUBELEMENTO","fonte_recurso":"Recursos do Exerc\u00edcio Corrente \/ Outros Recursos n\u00e3o Vinculados \/ -"},{"ano_emissao_emp":"2023","n_emp":"0000166","data_emissao":"25\/04\/2023","valor":"881,93","tipo_empenho":"Ordin\u00e1rio","hist_emp":"VALOR QUE SE EMPENHA PARA FAZER FACE \u00c0 PRESTA\u00c7\u00c3O DE SERVI\u00c7O DE TRANSMISS\u00c3O (LIVE) NO INSTAGRAM, SERVI\u00c7O NECESS\u00c1RIO PARA DAR PUBLICIDADE \u00c0S REUNI\u00d5ES DESTA C\u00c2MARA DURANTE TODO O ANO DE 2023. A CONTRATA\u00c7\u00c3O DESSE SERVI\u00c7O \u00c9 FUNDAMENTAL PARA AMPLIAR O ALCANCE DAS TRANSMISS\u00d5ES AO VIVO DAS SESS\u00d5ES ORDIN\u00c1RIAS DA C\u00c2MARA, BEM COMO AUDI\u00caNCIAS P\u00daBLICAS, SESS\u00d5ES SOLENES, REUNI\u00d5ES DE COMISS\u00d5ES PERMANENTES E ESPECIAIS, CELEBRADO MEDIANTE DISPENSA DE LICITA\u00c7\u00c3O, COM FUNDAMENTO NO ARTIGO 24, INCISO 2\u00ba DA LEI 8.666\/93.","fornecedor":"CLAUDEIR APARECIDO RIBEIRO 17178810840","denom_uni_orc":"CORPO DELIBERATIVO E SECRETARIA","funcao":"Legislativa","sub_funcao":"A\u00e7\u00e3o Legislativa","programa":"A\u00c7\u00c3O LEGISLATIVA","acao":"MANUTEN\u00c7\u00c3O DAS ATIVIDADES ADMINISTRATIVAS","ident_acao":"Atividade","cat_econ":"Despesa Corrente","natureza_despesa":"Outras Despesas Correntes","modalidade_despesa":"Aplica\u00e7\u00f5es Diretas","elemento_despesa":"Outros Servi\u00e7os de Terceiros - Pessoa Jur\u00eddica","sub_elem_desp":"SEM SUBELEMENTO","fonte_recurso":"Recursos do Exerc\u00edcio Corrente \/ Outros Recursos n\u00e3o Vinculados \/ -"},{"ano_emissao_emp":"2023","n_emp":"0000166","data_emissao":"25\/04\/2023","valor":"881,93","tipo_empenho":"Ordin\u00e1rio","hist_emp":"VALOR QUE SE EMPENHA PARA FAZER FACE \u00c0 PRESTA\u00c7\u00c3O DE SERVI\u00c7O DE TRANSMISS\u00c3O (LIVE) NO INSTAGRAM, SERVI\u00c7O NECESS\u00c1RIO PARA DAR PUBLICIDADE \u00c0S REUNI\u00d5ES DESTA C\u00c2MARA DURANTE TODO O ANO DE 2023. A CONTRATA\u00c7\u00c3O DESSE SERVI\u00c7O \u00c9 FUNDAMENTAL PARA AMPLIAR O ALCANCE DAS TRANSMISS\u00d5ES AO VIVO DAS SESS\u00d5ES ORDIN\u00c1RIAS DA C\u00c2MARA, BEM COMO AUDI\u00caNCIAS P\u00daBLICAS, SESS\u00d5ES SOLENES, REUNI\u00d5ES DE COMISS\u00d5ES PERMANENTES E ESPECIAIS, CELEBRADO MEDIANTE DISPENSA DE LICITA\u00c7\u00c3O, COM FUNDAMENTO NO ARTIGO 24, INCISO 2\u00ba DA LEI 8.666\/93.","fornecedor":"CLAUDEIR APARECIDO RIBEIRO 17178810840","denom_uni_orc":"CORPO DELIBERATIVO E SECRETARIA","funcao":"Legislativa","sub_funcao":"A\u00e7\u00e3o Legislativa","programa":"A\u00c7\u00c3O LEGISLATIVA","acao":"INDENIZA\u00c7\u00d5ES E RESTITUI\u00c7\u00d5ES DIVERSAS (FMS)","ident_acao":"Atividade","cat_econ":"Despesa Corrente","natureza_despesa":"Outras Despesas Correntes","modalidade_despesa":"Aplica\u00e7\u00f5es Diretas","elemento_despesa":"Outros Servi\u00e7os de Terceiros - Pessoa Jur\u00eddica","sub_elem_desp":"SEM SUBELEMENTO","fonte_recurso":"Recursos do Exerc\u00edcio Corrente \/ Outros Recursos n\u00e3o Vinculados \/ -"},{"ano_emissao_emp":"2023","n_emp":"0000167","data_emissao":"02\/05\/2023","valor":"2.450,00","tipo_empenho":"Ordin\u00e1rio","hist_emp":"VALOR QUE SE EMPENHA PARA FAZER FACE A CONCESS\u00c3O DE 4 (QUATRO) DI\u00c1RIAS PARA PARTICIPA\u00c7\u00c3O NA CAMPUS PARTY BRASIL (MAIOR EVENTO DE TECNOLOGIA DO BRASIL), DE UMA CAPACITA\u00c7\u00c3O QUE OCORRER\u00c1 NA CIDADE DE S\u00c3O PAULO-SP NO PER\u00cdODO DE 26\/07\/2023 A 30\/07\/2023, SENDO QUE, DESSAS DI\u00c1RIAS, 3 (TR\u00caS) S\u00c3O COM PERNOITE E 1 (UMA) SEM PERNOITE, VALORES QUE IR\u00c3O CUSTEAR- PASSAGEM A\u00c9REA, HOSPEDAGEM, INSCRI\u00c7\u00c3O NO EVENTO E ALIMENTA\u00c7\u00c3O. A CAPACITA\u00c7\u00c3O \u00c9 DE EXTREMA IMPORT\u00c2NCIA E DAR\u00c1 UMA CONTRIBUI\u00c7\u00c3O SIGNIFICATIVA PARA O DESEMPENHO","fornecedor":"MARIA JULIANA DA SILVA","denom_uni_orc":"CORPO DELIBERATIVO E SECRETARIA","funcao":"Legislativa","sub_funcao":"A\u00e7\u00e3o Legislativa","programa":"A\u00c7\u00c3O LEGISLATIVA","acao":"AQUISI\u00c7\u00c3O DE M\u00d3VEIS, M\u00c1QUINAS E EQUIPAMENTOS DIVERSOS PARA O CONSELHO","ident_acao":"Atividade","cat_econ":"Despesa Corrente","natureza_despesa":"Outras Despesas Correntes","modalidade_despesa":"Aplica\u00e7\u00f5es Diretas","elemento_despesa":"Di\u00e1rias \u2013 Civil","sub_elem_desp":"SEM SUBELEMENTO","fonte_recurso":"Recursos do Exerc\u00edcio Corrente \/ Outros Recursos n\u00e3o Vinculados \/ -"},{"ano_emissao_emp":"2023","n_emp":"0000167","data_emissao":"02\/05\/2023","valor":"2.450,00","tipo_empenho":"Ordin\u00e1rio","hist_emp":"VALOR QUE SE EMPENHA PARA FAZER FACE A CONCESS\u00c3O DE 4 (QUATRO) DI\u00c1RIAS PARA PARTICIPA\u00c7\u00c3O NA CAMPUS PARTY BRASIL (MAIOR EVENTO DE TECNOLOGIA DO BRASIL), DE UMA CAPACITA\u00c7\u00c3O QUE OCORRER\u00c1 NA CIDADE DE S\u00c3O PAULO-SP NO PER\u00cdODO DE 26\/07\/2023 A 30\/07\/2023, SENDO QUE, DESSAS DI\u00c1RIAS, 3 (TR\u00caS) S\u00c3O COM PERNOITE E 1 (UMA) SEM PERNOITE, VALORES QUE IR\u00c3O CUSTEAR- PASSAGEM A\u00c9REA, HOSPEDAGEM, INSCRI\u00c7\u00c3O NO EVENTO E ALIMENTA\u00c7\u00c3O. A CAPACITA\u00c7\u00c3O \u00c9 DE EXTREMA IMPORT\u00c2NCIA E DAR\u00c1 UMA CONTRIBUI\u00c7\u00c3O SIGNIFICATIVA PARA O DESEMPENHO","fornecedor":"MARIA JULIANA DA SILVA","denom_uni_orc":"CORPO DELIBERATIVO E SECRETARIA","funcao":"Legislativa","sub_funcao":"A\u00e7\u00e3o Legislativa","programa":"A\u00c7\u00c3O LEGISLATIVA","acao":"MANUTEN\u00c7\u00c3O DAS ATIVIDADES ADMINISTRATIVAS","ident_acao":"Atividade","cat_econ":"Despesa Corrente","natureza_despesa":"Outras Despesas Correntes","modalidade_despesa":"Aplica\u00e7\u00f5es Diretas","elemento_despesa":"Di\u00e1rias \u2013 Civil","sub_elem_desp":"SEM SUBELEMENTO","fonte_recurso":"Recursos do Exerc\u00edcio Corrente \/ Outros Recursos n\u00e3o Vinculados \/ -"},{"ano_emissao_emp":"2023","n_emp":"0000167","data_emissao":"02\/05\/2023","valor":"2.450,00","tipo_empenho":"Ordin\u00e1rio","hist_emp":"VALOR QUE SE EMPENHA PARA FAZER FACE A CONCESS\u00c3O DE 4 (QUATRO) DI\u00c1RIAS PARA PARTICIPA\u00c7\u00c3O NA CAMPUS PARTY BRASIL (MAIOR EVENTO DE TECNOLOGIA DO BRASIL), DE UMA CAPACITA\u00c7\u00c3O QUE OCORRER\u00c1 NA CIDADE DE S\u00c3O PAULO-SP NO PER\u00cdODO DE 26\/07\/2023 A 30\/07\/2023, SENDO QUE, DESSAS DI\u00c1RIAS, 3 (TR\u00caS) S\u00c3O COM PERNOITE E 1 (UMA) SEM PERNOITE, VALORES QUE IR\u00c3O CUSTEAR- PASSAGEM A\u00c9REA, HOSPEDAGEM, INSCRI\u00c7\u00c3O NO EVENTO E ALIMENTA\u00c7\u00c3O. A CAPACITA\u00c7\u00c3O \u00c9 DE EXTREMA IMPORT\u00c2NCIA E DAR\u00c1 UMA CONTRIBUI\u00c7\u00c3O SIGNIFICATIVA PARA O DESEMPENHO","fornecedor":"MARIA JULIANA DA SILVA","denom_uni_orc":"CORPO DELIBERATIVO E SECRETARIA","funcao":"Legislativa","sub_funcao":"A\u00e7\u00e3o Legislativa","programa":"A\u00c7\u00c3O LEGISLATIVA","acao":"INDENIZA\u00c7\u00d5ES E RESTITUI\u00c7\u00d5ES DIVERSAS (FMS)","ident_acao":"Atividade","cat_econ":"Despesa Corrente","natureza_despesa":"Outras Despesas Correntes","modalidade_despesa":"Aplica\u00e7\u00f5es Diretas","elemento_despesa":"Di\u00e1rias \u2013 Civil","sub_elem_desp":"SEM SUBELEMENTO","fonte_recurso":"Recursos do Exerc\u00edcio Corrente \/ Outros Recursos n\u00e3o Vinculados \/ -"},{"ano_emissao_emp":"2023","n_emp":"0000168","data_emissao":"02\/05\/2023","valor":"2.450,00","tipo_empenho":"Ordin\u00e1rio","hist_emp":"VALOR QUE SE EMPENHA PARA FAZER FACE A CONCESS\u00c3O DE 4 (QUATRO) DI\u00c1RIAS, SENDO 03 (TR\u00caS) COM PERNOITES, PARA O ASSESSOR T\u00c9CNICO LEGISLATIVO, PARA PARTICIPA\u00c7\u00c3O NA CAMPUS PARTY BRASIL (MAIOR EVENTO DE TECNOLOGIA DO BRASIL), DE UMA CAPACITA\u00c7\u00c3O QUE OCORRER\u00c1 NA CIDADE DE S\u00c3O PAULO-SP NO PER\u00cdODO DE 26\/07\/2023 A 30\/07\/2023, SENDO QUE, DESSAS DI\u00c1RIAS, VALORES QUE IR\u00c3O CUSTEAR- PASSAGEM A\u00c9REA, HOSPEDAGEM, INSCRI\u00c7\u00c3O NO EVENTO E ALIMENTA\u00c7\u00c3O. A CAPACITA\u00c7\u00c3O \u00c9 DE EXTREMA IMPORT\u00c2NCIA E DAR\u00c1 UMA CONTRIBUI\u00c7\u00c3O SIGNIFICATIVA","fornecedor":"WELLYGTON VIEIRA FEITOSA","denom_uni_orc":"CORPO DELIBERATIVO E SECRETARIA","funcao":"Legislativa","sub_funcao":"A\u00e7\u00e3o Legislativa","programa":"A\u00c7\u00c3O LEGISLATIVA","acao":"AQUISI\u00c7\u00c3O DE M\u00d3VEIS, M\u00c1QUINAS E EQUIPAMENTOS DIVERSOS PARA O CONSELHO","ident_acao":"Atividade","cat_econ":"Despesa Corrente","natureza_despesa":"Outras Despesas Correntes","modalidade_despesa":"Aplica\u00e7\u00f5es Diretas","elemento_despesa":"Di\u00e1rias \u2013 Civil","sub_elem_desp":"SEM SUBELEMENTO","fonte_recurso":"Recursos do Exerc\u00edcio Corrente \/ Outros Recursos n\u00e3o Vinculados \/ -"},{"ano_emissao_emp":"2023","n_emp":"0000168","data_emissao":"02\/05\/2023","valor":"2.450,00","tipo_empenho":"Ordin\u00e1rio","hist_emp":"VALOR QUE SE EMPENHA PARA FAZER FACE A CONCESS\u00c3O DE 4 (QUATRO) DI\u00c1RIAS, SENDO 03 (TR\u00caS) COM PERNOITES, PARA O ASSESSOR T\u00c9CNICO LEGISLATIVO, PARA PARTICIPA\u00c7\u00c3O NA CAMPUS PARTY BRASIL (MAIOR EVENTO DE TECNOLOGIA DO BRASIL), DE UMA CAPACITA\u00c7\u00c3O QUE OCORRER\u00c1 NA CIDADE DE S\u00c3O PAULO-SP NO PER\u00cdODO DE 26\/07\/2023 A 30\/07\/2023, SENDO QUE, DESSAS DI\u00c1RIAS, VALORES QUE IR\u00c3O CUSTEAR- PASSAGEM A\u00c9REA, HOSPEDAGEM, INSCRI\u00c7\u00c3O NO EVENTO E ALIMENTA\u00c7\u00c3O. A CAPACITA\u00c7\u00c3O \u00c9 DE EXTREMA IMPORT\u00c2NCIA E DAR\u00c1 UMA CONTRIBUI\u00c7\u00c3O SIGNIFICATIVA","fornecedor":"WELLYGTON VIEIRA FEITOSA","denom_uni_orc":"CORPO DELIBERATIVO E SECRETARIA","funcao":"Legislativa","sub_funcao":"A\u00e7\u00e3o Legislativa","programa":"A\u00c7\u00c3O LEGISLATIVA","acao":"MANUTEN\u00c7\u00c3O DAS ATIVIDADES ADMINISTRATIVAS","ident_acao":"Atividade","cat_econ":"Despesa Corrente","natureza_despesa":"Outras Despesas Correntes","modalidade_despesa":"Aplica\u00e7\u00f5es Diretas","elemento_despesa":"Di\u00e1rias \u2013 Civil","sub_elem_desp":"SEM SUBELEMENTO","fonte_recurso":"Recursos do Exerc\u00edcio Corrente \/ Outros Recursos n\u00e3o Vinculados \/ -"},{"ano_emissao_emp":"2023","n_emp":"0000168","data_emissao":"02\/05\/2023","valor":"2.450,00","tipo_empenho":"Ordin\u00e1rio","hist_emp":"VALOR QUE SE EMPENHA PARA FAZER FACE A CONCESS\u00c3O DE 4 (QUATRO) DI\u00c1RIAS, SENDO 03 (TR\u00caS) COM PERNOITES, PARA O ASSESSOR T\u00c9CNICO LEGISLATIVO, PARA PARTICIPA\u00c7\u00c3O NA CAMPUS PARTY BRASIL (MAIOR EVENTO DE TECNOLOGIA DO BRASIL), DE UMA CAPACITA\u00c7\u00c3O QUE OCORRER\u00c1 NA CIDADE DE S\u00c3O PAULO-SP NO PER\u00cdODO DE 26\/07\/2023 A 30\/07\/2023, SENDO QUE, DESSAS DI\u00c1RIAS, VALORES QUE IR\u00c3O CUSTEAR- PASSAGEM A\u00c9REA, HOSPEDAGEM, INSCRI\u00c7\u00c3O NO EVENTO E ALIMENTA\u00c7\u00c3O. A CAPACITA\u00c7\u00c3O \u00c9 DE EXTREMA IMPORT\u00c2NCIA E DAR\u00c1 UMA CONTRIBUI\u00c7\u00c3O SIGNIFICATIVA","fornecedor":"WELLYGTON VIEIRA FEITOSA","denom_uni_orc":"CORPO DELIBERATIVO E SECRETARIA","funcao":"Legislativa","sub_funcao":"A\u00e7\u00e3o Legislativa","programa":"A\u00c7\u00c3O LEGISLATIVA","acao":"INDENIZA\u00c7\u00d5ES E RESTITUI\u00c7\u00d5ES DIVERSAS (FMS)","ident_acao":"Atividade","cat_econ":"Despesa Corrente","natureza_despesa":"Outras Despesas Correntes","modalidade_despesa":"Aplica\u00e7\u00f5es Diretas","elemento_despesa":"Di\u00e1rias \u2013 Civil","sub_elem_desp":"SEM SUBELEMENTO","fonte_recurso":"Recursos do Exerc\u00edcio Corrente \/ Outros Recursos n\u00e3o Vinculados \/ -"},{"ano_emissao_emp":"2023","n_emp":"0000169","data_emissao":"02\/05\/2023","valor":"2.450,00","tipo_empenho":"Ordin\u00e1rio","hist_emp":"VALOR QUE SE EMPENHA PARA FAZER FACE A CONCESS\u00c3O DE 4 (QUATRO) DI\u00c1RIAS PARA PARTICIPA\u00c7\u00c3O NA CAMPUS PARTY BRASIL (MAIOR EVENTO DE TECNOLOGIA DO BRASIL), UMA CAPACITA\u00c7\u00c3O QUE OCORRER\u00c1 NA CIDADE DE S\u00c3O PAULO-SP NO PER\u00cdODO DE 26\/07\/2023 A 30\/07\/2023, SENDO QUE, DESSAS DI\u00c1RIAS, 3 (TR\u00caS) S\u00c3O COM PERNOITE E 1 (UMA) SEM PERNOITE, VALORES QUE IR\u00c3O CUSTEAR- PASSAGEM A\u00c9REA, HOSPEDAGEM, INSCRI\u00c7\u00c3O NO EVENTO E ALIMENTA\u00c7\u00c3O. A CAPACITA\u00c7\u00c3O \u00c9 DE EXTREMA IMPORT\u00c2NCIA E DAR\u00c1 UMA CONTRIBUI\u00c7\u00c3O SIGNIFICATIVA PARA O DESEMPENHO DE","fornecedor":"JOS\u00c9 VICTOR DA SILVA SANTOS","denom_uni_orc":"CORPO DELIBERATIVO E SECRETARIA","funcao":"Legislativa","sub_funcao":"A\u00e7\u00e3o Legislativa","programa":"A\u00c7\u00c3O LEGISLATIVA","acao":"AQUISI\u00c7\u00c3O DE M\u00d3VEIS, M\u00c1QUINAS E EQUIPAMENTOS DIVERSOS PARA O CONSELHO","ident_acao":"Atividade","cat_econ":"Despesa Corrente","natureza_despesa":"Outras Despesas Correntes","modalidade_despesa":"Aplica\u00e7\u00f5es Diretas","elemento_despesa":"Di\u00e1rias \u2013 Civil","sub_elem_desp":"SEM SUBELEMENTO","fonte_recurso":"Recursos do Exerc\u00edcio Corrente \/ Outros Recursos n\u00e3o Vinculados \/ -"},{"ano_emissao_emp":"2023","n_emp":"0000169","data_emissao":"02\/05\/2023","valor":"2.450,00","tipo_empenho":"Ordin\u00e1rio","hist_emp":"VALOR QUE SE EMPENHA PARA FAZER FACE A CONCESS\u00c3O DE 4 (QUATRO) DI\u00c1RIAS PARA PARTICIPA\u00c7\u00c3O NA CAMPUS PARTY BRASIL (MAIOR EVENTO DE TECNOLOGIA DO BRASIL), UMA CAPACITA\u00c7\u00c3O QUE OCORRER\u00c1 NA CIDADE DE S\u00c3O PAULO-SP NO PER\u00cdODO DE 26\/07\/2023 A 30\/07\/2023, SENDO QUE, DESSAS DI\u00c1RIAS, 3 (TR\u00caS) S\u00c3O COM PERNOITE E 1 (UMA) SEM PERNOITE, VALORES QUE IR\u00c3O CUSTEAR- PASSAGEM A\u00c9REA, HOSPEDAGEM, INSCRI\u00c7\u00c3O NO EVENTO E ALIMENTA\u00c7\u00c3O. A CAPACITA\u00c7\u00c3O \u00c9 DE EXTREMA IMPORT\u00c2NCIA E DAR\u00c1 UMA CONTRIBUI\u00c7\u00c3O SIGNIFICATIVA PARA O DESEMPENHO DE","fornecedor":"JOS\u00c9 VICTOR DA SILVA SANTOS","denom_uni_orc":"CORPO DELIBERATIVO E SECRETARIA","funcao":"Legislativa","sub_funcao":"A\u00e7\u00e3o Legislativa","programa":"A\u00c7\u00c3O LEGISLATIVA","acao":"MANUTEN\u00c7\u00c3O DAS ATIVIDADES ADMINISTRATIVAS","ident_acao":"Atividade","cat_econ":"Despesa Corrente","natureza_despesa":"Outras Despesas Correntes","modalidade_despesa":"Aplica\u00e7\u00f5es Diretas","elemento_despesa":"Di\u00e1rias \u2013 Civil","sub_elem_desp":"SEM SUBELEMENTO","fonte_recurso":"Recursos do Exerc\u00edcio Corrente \/ Outros Recursos n\u00e3o Vinculados \/ -"},{"ano_emissao_emp":"2023","n_emp":"0000169","data_emissao":"02\/05\/2023","valor":"2.450,00","tipo_empenho":"Ordin\u00e1rio","hist_emp":"VALOR QUE SE EMPENHA PARA FAZER FACE A CONCESS\u00c3O DE 4 (QUATRO) DI\u00c1RIAS PARA PARTICIPA\u00c7\u00c3O NA CAMPUS PARTY BRASIL (MAIOR EVENTO DE TECNOLOGIA DO BRASIL), UMA CAPACITA\u00c7\u00c3O QUE OCORRER\u00c1 NA CIDADE DE S\u00c3O PAULO-SP NO PER\u00cdODO DE 26\/07\/2023 A 30\/07\/2023, SENDO QUE, DESSAS DI\u00c1RIAS, 3 (TR\u00caS) S\u00c3O COM PERNOITE E 1 (UMA) SEM PERNOITE, VALORES QUE IR\u00c3O CUSTEAR- PASSAGEM A\u00c9REA, HOSPEDAGEM, INSCRI\u00c7\u00c3O NO EVENTO E ALIMENTA\u00c7\u00c3O. A CAPACITA\u00c7\u00c3O \u00c9 DE EXTREMA IMPORT\u00c2NCIA E DAR\u00c1 UMA CONTRIBUI\u00c7\u00c3O SIGNIFICATIVA PARA O DESEMPENHO DE","fornecedor":"JOS\u00c9 VICTOR DA SILVA SANTOS","denom_uni_orc":"CORPO DELIBERATIVO E SECRETARIA","funcao":"Legislativa","sub_funcao":"A\u00e7\u00e3o Legislativa","programa":"A\u00c7\u00c3O LEGISLATIVA","acao":"INDENIZA\u00c7\u00d5ES E RESTITUI\u00c7\u00d5ES DIVERSAS (FMS)","ident_acao":"Atividade","cat_econ":"Despesa Corrente","natureza_despesa":"Outras Despesas Correntes","modalidade_despesa":"Aplica\u00e7\u00f5es Diretas","elemento_despesa":"Di\u00e1rias \u2013 Civil","sub_elem_desp":"SEM SUBELEMENTO","fonte_recurso":"Recursos do Exerc\u00edcio Corrente \/ Outros Recursos n\u00e3o Vinculados \/ -"},{"ano_emissao_emp":"2023","n_emp":"0000170","data_emissao":"03\/05\/2023","valor":"943,17","tipo_empenho":"Ordin\u00e1rio","hist_emp":"VALOR QUE SE EMPENHA PARA FAZER FACE A AQUISI\u00c7\u00c3O DE 01 (UM) ROTEADOR CORPORATIVO AP 1350 AC-S PARA USO DESTA CASA LEGISLATIVA , CELEBRADO MEDIANTE DISPENSA DE LICITA\u00c7\u00c3O, COM FUNDAMENTO NO ARTIGO 24, INCISO 2\u00ba DA LEI 8.666\/93.","fornecedor":"VIP INFORMATICA LTDA","denom_uni_orc":"CORPO DELIBERATIVO E SECRETARIA","funcao":"Legislativa","sub_funcao":"A\u00e7\u00e3o Legislativa","programa":"A\u00c7\u00c3O LEGISLATIVA","acao":"REEQUIPAMENTO DA UNIDADE","ident_acao":"Projeto","cat_econ":"Despesa de Capital","natureza_despesa":"Investimentos","modalidade_despesa":"Aplica\u00e7\u00f5es Diretas","elemento_despesa":"Equipamentos e Material Permanente","sub_elem_desp":"OUTROS MATERIAIS PERMANENTES","fonte_recurso":"Recursos do Exerc\u00edcio Corrente \/ Outros Recursos n\u00e3o Vinculados \/ -"},{"ano_emissao_emp":"2023","n_emp":"0000170","data_emissao":"03\/05\/2023","valor":"943,17","tipo_empenho":"Ordin\u00e1rio","hist_emp":"VALOR QUE SE EMPENHA PARA FAZER FACE A AQUISI\u00c7\u00c3O DE 01 (UM) ROTEADOR CORPORATIVO AP 1350 AC-S PARA USO DESTA CASA LEGISLATIVA , CELEBRADO MEDIANTE DISPENSA DE LICITA\u00c7\u00c3O, COM FUNDAMENTO NO ARTIGO 24, INCISO 2\u00ba DA LEI 8.666\/93.","fornecedor":"VIP INFORMATICA LTDA","denom_uni_orc":"CORPO DELIBERATIVO E SECRETARIA","funcao":"Legislativa","sub_funcao":"A\u00e7\u00e3o Legislativa","programa":"A\u00c7\u00c3O LEGISLATIVA","acao":"INDENIZA\u00c7\u00d5ES E RESTITUI\u00c7\u00d5ES DO RPPS","ident_acao":"Projeto","cat_econ":"Despesa de Capital","natureza_despesa":"Investimentos","modalidade_despesa":"Aplica\u00e7\u00f5es Diretas","elemento_despesa":"Equipamentos e Material Permanente","sub_elem_desp":"OUTROS MATERIAIS PERMANENTES","fonte_recurso":"Recursos do Exerc\u00edcio Corrente \/ Outros Recursos n\u00e3o Vinculados \/ -"},{"ano_emissao_emp":"2023","n_emp":"0000170","data_emissao":"03\/05\/2023","valor":"943,17","tipo_empenho":"Ordin\u00e1rio","hist_emp":"VALOR QUE SE EMPENHA PARA FAZER FACE A AQUISI\u00c7\u00c3O DE 01 (UM) ROTEADOR CORPORATIVO AP 1350 AC-S PARA USO DESTA CASA LEGISLATIVA , CELEBRADO MEDIANTE DISPENSA DE LICITA\u00c7\u00c3O, COM FUNDAMENTO NO ARTIGO 24, INCISO 2\u00ba DA LEI 8.666\/93.","fornecedor":"VIP INFORMATICA LTDA","denom_uni_orc":"CORPO DELIBERATIVO E SECRETARIA","funcao":"Legislativa","sub_funcao":"A\u00e7\u00e3o Legislativa","programa":"A\u00c7\u00c3O LEGISLATIVA","acao":"AMORTIZA\u00c7\u00c3O DA D\u00cdVIDA P\u00daBLICA CONSOLIDADA","ident_acao":"Projeto","cat_econ":"Despesa de Capital","natureza_despesa":"Investimentos","modalidade_despesa":"Aplica\u00e7\u00f5es Diretas","elemento_despesa":"Equipamentos e Material Permanente","sub_elem_desp":"OUTROS MATERIAIS PERMANENTES","fonte_recurso":"Recursos do Exerc\u00edcio Corrente \/ Outros Recursos n\u00e3o Vinculados \/ -"},{"ano_emissao_emp":"2023","n_emp":"0000171","data_emissao":"03\/05\/2023","valor":"326,38","tipo_empenho":"Ordin\u00e1rio","hist_emp":"VALOR QUE SE EMPENHA PARA FAZER FACE AO PAGAMENTOR DAS CUSTAS PROCESSUAIS DO PROCESSO DE N\u00ba 0001131- 40.2023.8.17.9480 CONFORME OFICIO DE SOLICITA\u00c7\u00c3O DE EMPENHO N\u00daMERO 001\/2023 - ASJU ENVIADO PELO ASSESSOR T\u00c9CNICO JURIDICO DESTA CASA LEGISLATIVA.","fornecedor":"TRIBUNAL DE JUSTI\u00c7A DO ESTADO DE PERNANBUCO","denom_uni_orc":"CORPO DELIBERATIVO E SECRETARIA","funcao":"Legislativa","sub_funcao":"A\u00e7\u00e3o Legislativa","programa":"A\u00c7\u00c3O LEGISLATIVA","acao":"AQUISI\u00c7\u00c3O DE M\u00d3VEIS, M\u00c1QUINAS E EQUIPAMENTOS DIVERSOS PARA O CONSELHO","ident_acao":"Atividade","cat_econ":"Despesa Corrente","natureza_despesa":"Outras Despesas Correntes","modalidade_despesa":"Aplica\u00e7\u00f5es Diretas","elemento_despesa":"Outros Servi\u00e7os de Terceiros - Pessoa Jur\u00eddica","sub_elem_desp":"SEM SUBELEMENTO","fonte_recurso":"Recursos do Exerc\u00edcio Corrente \/ Outros Recursos n\u00e3o Vinculados \/ -"},{"ano_emissao_emp":"2023","n_emp":"0000171","data_emissao":"03\/05\/2023","valor":"326,38","tipo_empenho":"Ordin\u00e1rio","hist_emp":"VALOR QUE SE EMPENHA PARA FAZER FACE AO PAGAMENTOR DAS CUSTAS PROCESSUAIS DO PROCESSO DE N\u00ba 0001131- 40.2023.8.17.9480 CONFORME OFICIO DE SOLICITA\u00c7\u00c3O DE EMPENHO N\u00daMERO 001\/2023 - ASJU ENVIADO PELO ASSESSOR T\u00c9CNICO JURIDICO DESTA CASA LEGISLATIVA.","fornecedor":"TRIBUNAL DE JUSTI\u00c7A DO ESTADO DE PERNANBUCO","denom_uni_orc":"CORPO DELIBERATIVO E SECRETARIA","funcao":"Legislativa","sub_funcao":"A\u00e7\u00e3o Legislativa","programa":"A\u00c7\u00c3O LEGISLATIVA","acao":"MANUTEN\u00c7\u00c3O DAS ATIVIDADES ADMINISTRATIVAS","ident_acao":"Atividade","cat_econ":"Despesa Corrente","natureza_despesa":"Outras Despesas Correntes","modalidade_despesa":"Aplica\u00e7\u00f5es Diretas","elemento_despesa":"Outros Servi\u00e7os de Terceiros - Pessoa Jur\u00eddica","sub_elem_desp":"SEM SUBELEMENTO","fonte_recurso":"Recursos do Exerc\u00edcio Corrente \/ Outros Recursos n\u00e3o Vinculados \/ -"},{"ano_emissao_emp":"2023","n_emp":"0000171","data_emissao":"03\/05\/2023","valor":"326,38","tipo_empenho":"Ordin\u00e1rio","hist_emp":"VALOR QUE SE EMPENHA PARA FAZER FACE AO PAGAMENTOR DAS CUSTAS PROCESSUAIS DO PROCESSO DE N\u00ba 0001131- 40.2023.8.17.9480 CONFORME OFICIO DE SOLICITA\u00c7\u00c3O DE EMPENHO N\u00daMERO 001\/2023 - ASJU ENVIADO PELO ASSESSOR T\u00c9CNICO JURIDICO DESTA CASA LEGISLATIVA.","fornecedor":"TRIBUNAL DE JUSTI\u00c7A DO ESTADO DE PERNANBUCO","denom_uni_orc":"CORPO DELIBERATIVO E SECRETARIA","funcao":"Legislativa","sub_funcao":"A\u00e7\u00e3o Legislativa","programa":"A\u00c7\u00c3O LEGISLATIVA","acao":"INDENIZA\u00c7\u00d5ES E RESTITUI\u00c7\u00d5ES DIVERSAS (FMS)","ident_acao":"Atividade","cat_econ":"Despesa Corrente","natureza_despesa":"Outras Despesas Correntes","modalidade_despesa":"Aplica\u00e7\u00f5es Diretas","elemento_despesa":"Outros Servi\u00e7os de Terceiros - Pessoa Jur\u00eddica","sub_elem_desp":"SEM SUBELEMENTO","fonte_recurso":"Recursos do Exerc\u00edcio Corrente \/ Outros Recursos n\u00e3o Vinculados \/ -"},{"ano_emissao_emp":"2023","n_emp":"0000172","data_emissao":"04\/05\/2023","valor":"1.178,10","tipo_empenho":"Ordin\u00e1rio","hist_emp":"VALOR QUE SE EMPENHA PARA FAZER FACE A AQUISI\u00c7\u00c3O DE MATERIAIS DE CONSUMO PARA MANUTEN\u00c7\u00c3O DA PORTA QUE DA ACESSO ENTRE A RECEP\u00c7\u00c3O E A ADMINISTRA\u00c7\u00c3O DESTA CASA LEGISLATIVA, CELEBRADO MEDIANTE DISPENSA DE LICITA\u00c7\u00c3O, COM FUNDAMENTO NO ARTIGO 24, INCISO 2\u00ba DA LEI 8.666\/93.","fornecedor":"E JOSE DA SILVA MADEREIRA - PORTAL TRINCOS","denom_uni_orc":"CORPO DELIBERATIVO E SECRETARIA","funcao":"Legislativa","sub_funcao":"A\u00e7\u00e3o Legislativa","programa":"A\u00c7\u00c3O LEGISLATIVA","acao":"AQUISI\u00c7\u00c3O DE M\u00d3VEIS, M\u00c1QUINAS E EQUIPAMENTOS DIVERSOS PARA O CONSELHO","ident_acao":"Atividade","cat_econ":"Despesa Corrente","natureza_despesa":"Outras Despesas Correntes","modalidade_despesa":"Aplica\u00e7\u00f5es Diretas","elemento_despesa":"Material de Consumo","sub_elem_desp":"SEM SUBELEMENTO","fonte_recurso":"Recursos do Exerc\u00edcio Corrente \/ Outros Recursos n\u00e3o Vinculados \/ -"},{"ano_emissao_emp":"2023","n_emp":"0000172","data_emissao":"04\/05\/2023","valor":"1.178,10","tipo_empenho":"Ordin\u00e1rio","hist_emp":"VALOR QUE SE EMPENHA PARA FAZER FACE A AQUISI\u00c7\u00c3O DE MATERIAIS DE CONSUMO PARA MANUTEN\u00c7\u00c3O DA PORTA QUE DA ACESSO ENTRE A RECEP\u00c7\u00c3O E A ADMINISTRA\u00c7\u00c3O DESTA CASA LEGISLATIVA, CELEBRADO MEDIANTE DISPENSA DE LICITA\u00c7\u00c3O, COM FUNDAMENTO NO ARTIGO 24, INCISO 2\u00ba DA LEI 8.666\/93.","fornecedor":"E JOSE DA SILVA MADEREIRA - PORTAL TRINCOS","denom_uni_orc":"CORPO DELIBERATIVO E SECRETARIA","funcao":"Legislativa","sub_funcao":"A\u00e7\u00e3o Legislativa","programa":"A\u00c7\u00c3O LEGISLATIVA","acao":"MANUTEN\u00c7\u00c3O DAS ATIVIDADES ADMINISTRATIVAS","ident_acao":"Atividade","cat_econ":"Despesa Corrente","natureza_despesa":"Outras Despesas Correntes","modalidade_despesa":"Aplica\u00e7\u00f5es Diretas","elemento_despesa":"Material de Consumo","sub_elem_desp":"SEM SUBELEMENTO","fonte_recurso":"Recursos do Exerc\u00edcio Corrente \/ Outros Recursos n\u00e3o Vinculados \/ -"},{"ano_emissao_emp":"2023","n_emp":"0000172","data_emissao":"04\/05\/2023","valor":"1.178,10","tipo_empenho":"Ordin\u00e1rio","hist_emp":"VALOR QUE SE EMPENHA PARA FAZER FACE A AQUISI\u00c7\u00c3O DE MATERIAIS DE CONSUMO PARA MANUTEN\u00c7\u00c3O DA PORTA QUE DA ACESSO ENTRE A RECEP\u00c7\u00c3O E A ADMINISTRA\u00c7\u00c3O DESTA CASA LEGISLATIVA, CELEBRADO MEDIANTE DISPENSA DE LICITA\u00c7\u00c3O, COM FUNDAMENTO NO ARTIGO 24, INCISO 2\u00ba DA LEI 8.666\/93.","fornecedor":"E JOSE DA SILVA MADEREIRA - PORTAL TRINCOS","denom_uni_orc":"CORPO DELIBERATIVO E SECRETARIA","funcao":"Legislativa","sub_funcao":"A\u00e7\u00e3o Legislativa","programa":"A\u00c7\u00c3O LEGISLATIVA","acao":"INDENIZA\u00c7\u00d5ES E RESTITUI\u00c7\u00d5ES DIVERSAS (FMS)","ident_acao":"Atividade","cat_econ":"Despesa Corrente","natureza_despesa":"Outras Despesas Correntes","modalidade_despesa":"Aplica\u00e7\u00f5es Diretas","elemento_despesa":"Material de Consumo","sub_elem_desp":"SEM SUBELEMENTO","fonte_recurso":"Recursos do Exerc\u00edcio Corrente \/ Outros Recursos n\u00e3o Vinculados \/ -"},{"ano_emissao_emp":"2023","n_emp":"0000173","data_emissao":"04\/05\/2023","valor":"240,00","tipo_empenho":"Ordin\u00e1rio","hist_emp":"VALOR QUE SE EMPENHA PARA FAZER FACE A AQUISI\u00c7\u00c3O DE MEDALHAS A SEREM ENTREGUES A HOMENAGIADOS DURANTE SOLENIDADES DESTA CASA LEGISLATIVA, CELEBRADO MEDIANTE DISPENSA DE LICITA\u00c7\u00c3O, COM FUNDAMENTO NO ARTIGO 24, INCISO 2\u00ba DA LEI 8.666\/93.","fornecedor":"ALANCARDETE PEREIRA DO NASCIMENTO 95039929404","denom_uni_orc":"CORPO DELIBERATIVO E SECRETARIA","funcao":"Legislativa","sub_funcao":"A\u00e7\u00e3o Legislativa","programa":"A\u00c7\u00c3O LEGISLATIVA","acao":"AQUISI\u00c7\u00c3O DE M\u00d3VEIS, M\u00c1QUINAS E EQUIPAMENTOS DIVERSOS PARA O CONSELHO","ident_acao":"Atividade","cat_econ":"Despesa Corrente","natureza_despesa":"Outras Despesas Correntes","modalidade_despesa":"Aplica\u00e7\u00f5es Diretas","elemento_despesa":"Material de Consumo","sub_elem_desp":"SEM SUBELEMENTO","fonte_recurso":"Recursos do Exerc\u00edcio Corrente \/ Outros Recursos n\u00e3o Vinculados \/ -"},{"ano_emissao_emp":"2023","n_emp":"0000173","data_emissao":"04\/05\/2023","valor":"240,00","tipo_empenho":"Ordin\u00e1rio","hist_emp":"VALOR QUE SE EMPENHA PARA FAZER FACE A AQUISI\u00c7\u00c3O DE MEDALHAS A SEREM ENTREGUES A HOMENAGIADOS DURANTE SOLENIDADES DESTA CASA LEGISLATIVA, CELEBRADO MEDIANTE DISPENSA DE LICITA\u00c7\u00c3O, COM FUNDAMENTO NO ARTIGO 24, INCISO 2\u00ba DA LEI 8.666\/93.","fornecedor":"ALANCARDETE PEREIRA DO NASCIMENTO 95039929404","denom_uni_orc":"CORPO DELIBERATIVO E SECRETARIA","funcao":"Legislativa","sub_funcao":"A\u00e7\u00e3o Legislativa","programa":"A\u00c7\u00c3O LEGISLATIVA","acao":"MANUTEN\u00c7\u00c3O DAS ATIVIDADES ADMINISTRATIVAS","ident_acao":"Atividade","cat_econ":"Despesa Corrente","natureza_despesa":"Outras Despesas Correntes","modalidade_despesa":"Aplica\u00e7\u00f5es Diretas","elemento_despesa":"Material de Consumo","sub_elem_desp":"SEM SUBELEMENTO","fonte_recurso":"Recursos do Exerc\u00edcio Corrente \/ Outros Recursos n\u00e3o Vinculados \/ -"},{"ano_emissao_emp":"2023","n_emp":"0000173","data_emissao":"04\/05\/2023","valor":"240,00","tipo_empenho":"Ordin\u00e1rio","hist_emp":"VALOR QUE SE EMPENHA PARA FAZER FACE A AQUISI\u00c7\u00c3O DE MEDALHAS A SEREM ENTREGUES A HOMENAGIADOS DURANTE SOLENIDADES DESTA CASA LEGISLATIVA, CELEBRADO MEDIANTE DISPENSA DE LICITA\u00c7\u00c3O, COM FUNDAMENTO NO ARTIGO 24, INCISO 2\u00ba DA LEI 8.666\/93.","fornecedor":"ALANCARDETE PEREIRA DO NASCIMENTO 95039929404","denom_uni_orc":"CORPO DELIBERATIVO E SECRETARIA","funcao":"Legislativa","sub_funcao":"A\u00e7\u00e3o Legislativa","programa":"A\u00c7\u00c3O LEGISLATIVA","acao":"INDENIZA\u00c7\u00d5ES E RESTITUI\u00c7\u00d5ES DIVERSAS (FMS)","ident_acao":"Atividade","cat_econ":"Despesa Corrente","natureza_despesa":"Outras Despesas Correntes","modalidade_despesa":"Aplica\u00e7\u00f5es Diretas","elemento_despesa":"Material de Consumo","sub_elem_desp":"SEM SUBELEMENTO","fonte_recurso":"Recursos do Exerc\u00edcio Corrente \/ Outros Recursos n\u00e3o Vinculados \/ -"},{"ano_emissao_emp":"2023","n_emp":"0000174","data_emissao":"04\/05\/2023","valor":"2.500,00","tipo_empenho":"Ordin\u00e1rio","hist_emp":"VALOR QUE SE EMPENHA PARA FAZER FACE A  AQUISI\u00c7\u00c3O DE PONTO BIOM\u00c9TRICO (REGISTRADOR ELETR\u00d4NICO DE PONTO) A SER INSTALADO NO CIDATEC CRIADO PELA LEI MUNICIPAL 3.550\/2022 POR CONTA DO QUANTITATIVO DE SERVIDORES LOTADO NO ANEXO, PARA FACILITAR A LOG\u00cdSTICA E EFETUAR AS MARCA\u00c7\u00d5ES DI\u00c1RIAS, BEM COMO PARA APRIMORAR A SEGURAN\u00c7A DO \u00d3RG\u00c3O, DOS SERVIDORES E ALUNOS, CELEBRADO MEDIANTE DISPENSA DE LICITA\u00c7\u00c3O, COM FUNDAMENTO NO ARTIGO 24, INCISO 2\u00ba DA LEI 8.666\/93.","fornecedor":"BINARIA SISTEMAS ELETRONICOS LTDA","denom_uni_orc":"CORPO DELIBERATIVO E SECRETARIA","funcao":"Legislativa","sub_funcao":"A\u00e7\u00e3o Legislativa","programa":"A\u00c7\u00c3O LEGISLATIVA","acao":"REEQUIPAMENTO DA UNIDADE","ident_acao":"Projeto","cat_econ":"Despesa de Capital","natureza_despesa":"Investimentos","modalidade_despesa":"Aplica\u00e7\u00f5es Diretas","elemento_despesa":"Equipamentos e Material Permanente","sub_elem_desp":"SEM SUBELEMENTO","fonte_recurso":"Recursos do Exerc\u00edcio Corrente \/ Outros Recursos n\u00e3o Vinculados \/ -"},{"ano_emissao_emp":"2023","n_emp":"0000174","data_emissao":"04\/05\/2023","valor":"2.500,00","tipo_empenho":"Ordin\u00e1rio","hist_emp":"VALOR QUE SE EMPENHA PARA FAZER FACE A  AQUISI\u00c7\u00c3O DE PONTO BIOM\u00c9TRICO (REGISTRADOR ELETR\u00d4NICO DE PONTO) A SER INSTALADO NO CIDATEC CRIADO PELA LEI MUNICIPAL 3.550\/2022 POR CONTA DO QUANTITATIVO DE SERVIDORES LOTADO NO ANEXO, PARA FACILITAR A LOG\u00cdSTICA E EFETUAR AS MARCA\u00c7\u00d5ES DI\u00c1RIAS, BEM COMO PARA APRIMORAR A SEGURAN\u00c7A DO \u00d3RG\u00c3O, DOS SERVIDORES E ALUNOS, CELEBRADO MEDIANTE DISPENSA DE LICITA\u00c7\u00c3O, COM FUNDAMENTO NO ARTIGO 24, INCISO 2\u00ba DA LEI 8.666\/93.","fornecedor":"BINARIA SISTEMAS ELETRONICOS LTDA","denom_uni_orc":"CORPO DELIBERATIVO E SECRETARIA","funcao":"Legislativa","sub_funcao":"A\u00e7\u00e3o Legislativa","programa":"A\u00c7\u00c3O LEGISLATIVA","acao":"INDENIZA\u00c7\u00d5ES E RESTITUI\u00c7\u00d5ES DO RPPS","ident_acao":"Projeto","cat_econ":"Despesa de Capital","natureza_despesa":"Investimentos","modalidade_despesa":"Aplica\u00e7\u00f5es Diretas","elemento_despesa":"Equipamentos e Material Permanente","sub_elem_desp":"SEM SUBELEMENTO","fonte_recurso":"Recursos do Exerc\u00edcio Corrente \/ Outros Recursos n\u00e3o Vinculados \/ -"},{"ano_emissao_emp":"2023","n_emp":"0000174","data_emissao":"04\/05\/2023","valor":"2.500,00","tipo_empenho":"Ordin\u00e1rio","hist_emp":"VALOR QUE SE EMPENHA PARA FAZER FACE A  AQUISI\u00c7\u00c3O DE PONTO BIOM\u00c9TRICO (REGISTRADOR ELETR\u00d4NICO DE PONTO) A SER INSTALADO NO CIDATEC CRIADO PELA LEI MUNICIPAL 3.550\/2022 POR CONTA DO QUANTITATIVO DE SERVIDORES LOTADO NO ANEXO, PARA FACILITAR A LOG\u00cdSTICA E EFETUAR AS MARCA\u00c7\u00d5ES DI\u00c1RIAS, BEM COMO PARA APRIMORAR A SEGURAN\u00c7A DO \u00d3RG\u00c3O, DOS SERVIDORES E ALUNOS, CELEBRADO MEDIANTE DISPENSA DE LICITA\u00c7\u00c3O, COM FUNDAMENTO NO ARTIGO 24, INCISO 2\u00ba DA LEI 8.666\/93.","fornecedor":"BINARIA SISTEMAS ELETRONICOS LTDA","denom_uni_orc":"CORPO DELIBERATIVO E SECRETARIA","funcao":"Legislativa","sub_funcao":"A\u00e7\u00e3o Legislativa","programa":"A\u00c7\u00c3O LEGISLATIVA","acao":"AMORTIZA\u00c7\u00c3O DA D\u00cdVIDA P\u00daBLICA CONSOLIDADA","ident_acao":"Projeto","cat_econ":"Despesa de Capital","natureza_despesa":"Investimentos","modalidade_despesa":"Aplica\u00e7\u00f5es Diretas","elemento_despesa":"Equipamentos e Material Permanente","sub_elem_desp":"SEM SUBELEMENTO","fonte_recurso":"Recursos do Exerc\u00edcio Corrente \/ Outros Recursos n\u00e3o Vinculados \/ -"},{"ano_emissao_emp":"2023","n_emp":"0000175","data_emissao":"04\/05\/2023","valor":"230,00","tipo_empenho":"Ordin\u00e1rio","hist_emp":"VALOR QUE SE EMPENHA PARA FAZER FACE A AQUISI\u00c7\u00c3O DE MATERIAIS PARA SEREM UTILIZADOS NOS TRABALHOS  DESTA CASA LEGISLATIVA (MOSE COM FIO PARA O GABINETE DA VEREADORA JESSYCA CAVALCANTE E KIT DE PILHAS TAMANHO NORMAL PARA A SECRETARIA\/COMUNICA\u00c7\u00c3O), CELEBRADO MEDIANTE DISPENSA DE LICITA\u00c7\u00c3O, COM FUNDAMENTO NO ARTIGO 24, INCISO 2\u00ba DA LEI 8.666\/93.","fornecedor":"B&F EMPREENDIMENTOS DIGITAIS","denom_uni_orc":"CORPO DELIBERATIVO E SECRETARIA","funcao":"Legislativa","sub_funcao":"A\u00e7\u00e3o Legislativa","programa":"A\u00c7\u00c3O LEGISLATIVA","acao":"AQUISI\u00c7\u00c3O DE M\u00d3VEIS, M\u00c1QUINAS E EQUIPAMENTOS DIVERSOS PARA O CONSELHO","ident_acao":"Atividade","cat_econ":"Despesa Corrente","natureza_despesa":"Outras Despesas Correntes","modalidade_despesa":"Aplica\u00e7\u00f5es Diretas","elemento_despesa":"Material de Consumo","sub_elem_desp":"SEM SUBELEMENTO","fonte_recurso":"Recursos do Exerc\u00edcio Corrente \/ Outros Recursos n\u00e3o Vinculados \/ -"},{"ano_emissao_emp":"2023","n_emp":"0000175","data_emissao":"04\/05\/2023","valor":"230,00","tipo_empenho":"Ordin\u00e1rio","hist_emp":"VALOR QUE SE EMPENHA PARA FAZER FACE A AQUISI\u00c7\u00c3O DE MATERIAIS PARA SEREM UTILIZADOS NOS TRABALHOS  DESTA CASA LEGISLATIVA (MOSE COM FIO PARA O GABINETE DA VEREADORA JESSYCA CAVALCANTE E KIT DE PILHAS TAMANHO NORMAL PARA A SECRETARIA\/COMUNICA\u00c7\u00c3O), CELEBRADO MEDIANTE DISPENSA DE LICITA\u00c7\u00c3O, COM FUNDAMENTO NO ARTIGO 24, INCISO 2\u00ba DA LEI 8.666\/93.","fornecedor":"B&F EMPREENDIMENTOS DIGITAIS","denom_uni_orc":"CORPO DELIBERATIVO E SECRETARIA","funcao":"Legislativa","sub_funcao":"A\u00e7\u00e3o Legislativa","programa":"A\u00c7\u00c3O LEGISLATIVA","acao":"MANUTEN\u00c7\u00c3O DAS ATIVIDADES ADMINISTRATIVAS","ident_acao":"Atividade","cat_econ":"Despesa Corrente","natureza_despesa":"Outras Despesas Correntes","modalidade_despesa":"Aplica\u00e7\u00f5es Diretas","elemento_despesa":"Material de Consumo","sub_elem_desp":"SEM SUBELEMENTO","fonte_recurso":"Recursos do Exerc\u00edcio Corrente \/ Outros Recursos n\u00e3o Vinculados \/ -"},{"ano_emissao_emp":"2023","n_emp":"0000175","data_emissao":"04\/05\/2023","valor":"230,00","tipo_empenho":"Ordin\u00e1rio","hist_emp":"VALOR QUE SE EMPENHA PARA FAZER FACE A AQUISI\u00c7\u00c3O DE MATERIAIS PARA SEREM UTILIZADOS NOS TRABALHOS  DESTA CASA LEGISLATIVA (MOSE COM FIO PARA O GABINETE DA VEREADORA JESSYCA CAVALCANTE E KIT DE PILHAS TAMANHO NORMAL PARA A SECRETARIA\/COMUNICA\u00c7\u00c3O), CELEBRADO MEDIANTE DISPENSA DE LICITA\u00c7\u00c3O, COM FUNDAMENTO NO ARTIGO 24, INCISO 2\u00ba DA LEI 8.666\/93.","fornecedor":"B&F EMPREENDIMENTOS DIGITAIS","denom_uni_orc":"CORPO DELIBERATIVO E SECRETARIA","funcao":"Legislativa","sub_funcao":"A\u00e7\u00e3o Legislativa","programa":"A\u00c7\u00c3O LEGISLATIVA","acao":"INDENIZA\u00c7\u00d5ES E RESTITUI\u00c7\u00d5ES DIVERSAS (FMS)","ident_acao":"Atividade","cat_econ":"Despesa Corrente","natureza_despesa":"Outras Despesas Correntes","modalidade_despesa":"Aplica\u00e7\u00f5es Diretas","elemento_despesa":"Material de Consumo","sub_elem_desp":"SEM SUBELEMENTO","fonte_recurso":"Recursos do Exerc\u00edcio Corrente \/ Outros Recursos n\u00e3o Vinculados \/ -"},{"ano_emissao_emp":"2023","n_emp":"0000176","data_emissao":"04\/05\/2023","valor":"493,60","tipo_empenho":"Ordin\u00e1rio","hist_emp":"VALOR QUE SE EMPENHA PARA FAZER FACE A AQUISI\u00c7\u00c3O DE MATERIAIS DE CONSUMO PARA SEREM UTILIZADOS NESTA CASA LEGISLATIVA , CELEBRADO MEDIANTE DISPENSA DE LICITA\u00c7\u00c3O, COM FUNDAMENTO NO ARTIGO 24, INCISO 2\u00ba DA LEI 8.666\/93.","fornecedor":"JCL LAJES E MATERIAIS PARA CONSTRU\u00c7\u00c3O LTDA","denom_uni_orc":"CORPO DELIBERATIVO E SECRETARIA","funcao":"Legislativa","sub_funcao":"A\u00e7\u00e3o Legislativa","programa":"A\u00c7\u00c3O LEGISLATIVA","acao":"AQUISI\u00c7\u00c3O DE M\u00d3VEIS, M\u00c1QUINAS E EQUIPAMENTOS DIVERSOS PARA O CONSELHO","ident_acao":"Atividade","cat_econ":"Despesa Corrente","natureza_despesa":"Outras Despesas Correntes","modalidade_despesa":"Aplica\u00e7\u00f5es Diretas","elemento_despesa":"Material de Consumo","sub_elem_desp":"SEM SUBELEMENTO","fonte_recurso":"Recursos do Exerc\u00edcio Corrente \/ Outros Recursos n\u00e3o Vinculados \/ -"},{"ano_emissao_emp":"2023","n_emp":"0000176","data_emissao":"04\/05\/2023","valor":"493,60","tipo_empenho":"Ordin\u00e1rio","hist_emp":"VALOR QUE SE EMPENHA PARA FAZER FACE A AQUISI\u00c7\u00c3O DE MATERIAIS DE CONSUMO PARA SEREM UTILIZADOS NESTA CASA LEGISLATIVA , CELEBRADO MEDIANTE DISPENSA DE LICITA\u00c7\u00c3O, COM FUNDAMENTO NO ARTIGO 24, INCISO 2\u00ba DA LEI 8.666\/93.","fornecedor":"JCL LAJES E MATERIAIS PARA CONSTRU\u00c7\u00c3O LTDA","denom_uni_orc":"CORPO DELIBERATIVO E SECRETARIA","funcao":"Legislativa","sub_funcao":"A\u00e7\u00e3o Legislativa","programa":"A\u00c7\u00c3O LEGISLATIVA","acao":"MANUTEN\u00c7\u00c3O DAS ATIVIDADES ADMINISTRATIVAS","ident_acao":"Atividade","cat_econ":"Despesa Corrente","natureza_despesa":"Outras Despesas Correntes","modalidade_despesa":"Aplica\u00e7\u00f5es Diretas","elemento_despesa":"Material de Consumo","sub_elem_desp":"SEM SUBELEMENTO","fonte_recurso":"Recursos do Exerc\u00edcio Corrente \/ Outros Recursos n\u00e3o Vinculados \/ -"},{"ano_emissao_emp":"2023","n_emp":"0000176","data_emissao":"04\/05\/2023","valor":"493,60","tipo_empenho":"Ordin\u00e1rio","hist_emp":"VALOR QUE SE EMPENHA PARA FAZER FACE A AQUISI\u00c7\u00c3O DE MATERIAIS DE CONSUMO PARA SEREM UTILIZADOS NESTA CASA LEGISLATIVA , CELEBRADO MEDIANTE DISPENSA DE LICITA\u00c7\u00c3O, COM FUNDAMENTO NO ARTIGO 24, INCISO 2\u00ba DA LEI 8.666\/93.","fornecedor":"JCL LAJES E MATERIAIS PARA CONSTRU\u00c7\u00c3O LTDA","denom_uni_orc":"CORPO DELIBERATIVO E SECRETARIA","funcao":"Legislativa","sub_funcao":"A\u00e7\u00e3o Legislativa","programa":"A\u00c7\u00c3O LEGISLATIVA","acao":"INDENIZA\u00c7\u00d5ES E RESTITUI\u00c7\u00d5ES DIVERSAS (FMS)","ident_acao":"Atividade","cat_econ":"Despesa Corrente","natureza_despesa":"Outras Despesas Correntes","modalidade_despesa":"Aplica\u00e7\u00f5es Diretas","elemento_despesa":"Material de Consumo","sub_elem_desp":"SEM SUBELEMENTO","fonte_recurso":"Recursos do Exerc\u00edcio Corrente \/ Outros Recursos n\u00e3o Vinculados \/ -"},{"ano_emissao_emp":"2023","n_emp":"0000177","data_emissao":"09\/05\/2023","valor":"556,80","tipo_empenho":"Ordin\u00e1rio","hist_emp":"VALOR QUE SE EMPENHA PARA FAZER FACE A AQUISI\u00c7\u00c3O DE MATERIAL DE CONSUMO PARA MANUTEN\u00c7\u00c3O DESTA CASA LEGISLATIVA, CELEBRADO MEDIANTE DISPENSA DE LICITA\u00c7\u00c3O, COM FUNDAMENTO NO ARTIGO 24, INCISO 2\u00ba DA LEI 8.666\/93.","fornecedor":"JCL LAJES E MATERIAIS PARA CONSTRU\u00c7\u00c3O LTDA","denom_uni_orc":"CORPO DELIBERATIVO E SECRETARIA","funcao":"Legislativa","sub_funcao":"A\u00e7\u00e3o Legislativa","programa":"A\u00c7\u00c3O LEGISLATIVA","acao":"AQUISI\u00c7\u00c3O DE M\u00d3VEIS, M\u00c1QUINAS E EQUIPAMENTOS DIVERSOS PARA O CONSELHO","ident_acao":"Atividade","cat_econ":"Despesa Corrente","natureza_despesa":"Outras Despesas Correntes","modalidade_despesa":"Aplica\u00e7\u00f5es Diretas","elemento_despesa":"Material de Consumo","sub_elem_desp":"SEM SUBELEMENTO","fonte_recurso":"Recursos do Exerc\u00edcio Corrente \/ Outros Recursos n\u00e3o Vinculados \/ -"},{"ano_emissao_emp":"2023","n_emp":"0000177","data_emissao":"09\/05\/2023","valor":"556,80","tipo_empenho":"Ordin\u00e1rio","hist_emp":"VALOR QUE SE EMPENHA PARA FAZER FACE A AQUISI\u00c7\u00c3O DE MATERIAL DE CONSUMO PARA MANUTEN\u00c7\u00c3O DESTA CASA LEGISLATIVA, CELEBRADO MEDIANTE DISPENSA DE LICITA\u00c7\u00c3O, COM FUNDAMENTO NO ARTIGO 24, INCISO 2\u00ba DA LEI 8.666\/93.","fornecedor":"JCL LAJES E MATERIAIS PARA CONSTRU\u00c7\u00c3O LTDA","denom_uni_orc":"CORPO DELIBERATIVO E SECRETARIA","funcao":"Legislativa","sub_funcao":"A\u00e7\u00e3o Legislativa","programa":"A\u00c7\u00c3O LEGISLATIVA","acao":"MANUTEN\u00c7\u00c3O DAS ATIVIDADES ADMINISTRATIVAS","ident_acao":"Atividade","cat_econ":"Despesa Corrente","natureza_despesa":"Outras Despesas Correntes","modalidade_despesa":"Aplica\u00e7\u00f5es Diretas","elemento_despesa":"Material de Consumo","sub_elem_desp":"SEM SUBELEMENTO","fonte_recurso":"Recursos do Exerc\u00edcio Corrente \/ Outros Recursos n\u00e3o Vinculados \/ -"},{"ano_emissao_emp":"2023","n_emp":"0000177","data_emissao":"09\/05\/2023","valor":"556,80","tipo_empenho":"Ordin\u00e1rio","hist_emp":"VALOR QUE SE EMPENHA PARA FAZER FACE A AQUISI\u00c7\u00c3O DE MATERIAL DE CONSUMO PARA MANUTEN\u00c7\u00c3O DESTA CASA LEGISLATIVA, CELEBRADO MEDIANTE DISPENSA DE LICITA\u00c7\u00c3O, COM FUNDAMENTO NO ARTIGO 24, INCISO 2\u00ba DA LEI 8.666\/93.","fornecedor":"JCL LAJES E MATERIAIS PARA CONSTRU\u00c7\u00c3O LTDA","denom_uni_orc":"CORPO DELIBERATIVO E SECRETARIA","funcao":"Legislativa","sub_funcao":"A\u00e7\u00e3o Legislativa","programa":"A\u00c7\u00c3O LEGISLATIVA","acao":"INDENIZA\u00c7\u00d5ES E RESTITUI\u00c7\u00d5ES DIVERSAS (FMS)","ident_acao":"Atividade","cat_econ":"Despesa Corrente","natureza_despesa":"Outras Despesas Correntes","modalidade_despesa":"Aplica\u00e7\u00f5es Diretas","elemento_despesa":"Material de Consumo","sub_elem_desp":"SEM SUBELEMENTO","fonte_recurso":"Recursos do Exerc\u00edcio Corrente \/ Outros Recursos n\u00e3o Vinculados \/ -"},{"ano_emissao_emp":"2023","n_emp":"0000178","data_emissao":"09\/05\/2023","valor":"1.188,00","tipo_empenho":"Ordin\u00e1rio","hist_emp":"VALOR QUE SE EMPENHA PARA FAZER FACE A AQUISI\u00c7\u00c3O DE MATERIAIS DE LIMPEZA PARA ESTA CASA LEGISLATIVA,  CELEBRADO MEDIANTE DISPENSA DE LICITA\u00c7\u00c3O, COM FUNDAMENTO NO ARTIGO 24, INCISO 2\u00ba DA LEI 8.666\/93.","fornecedor":"IVONALDO SEVERINO DA SILVA","denom_uni_orc":"CORPO DELIBERATIVO E SECRETARIA","funcao":"Legislativa","sub_funcao":"A\u00e7\u00e3o Legislativa","programa":"A\u00c7\u00c3O LEGISLATIVA","acao":"AQUISI\u00c7\u00c3O DE M\u00d3VEIS, M\u00c1QUINAS E EQUIPAMENTOS DIVERSOS PARA O CONSELHO","ident_acao":"Atividade","cat_econ":"Despesa Corrente","natureza_despesa":"Outras Despesas Correntes","modalidade_despesa":"Aplica\u00e7\u00f5es Diretas","elemento_despesa":"Material de Consumo","sub_elem_desp":"SEM SUBELEMENTO","fonte_recurso":"Recursos do Exerc\u00edcio Corrente \/ Outros Recursos n\u00e3o Vinculados \/ -"},{"ano_emissao_emp":"2023","n_emp":"0000178","data_emissao":"09\/05\/2023","valor":"1.188,00","tipo_empenho":"Ordin\u00e1rio","hist_emp":"VALOR QUE SE EMPENHA PARA FAZER FACE A AQUISI\u00c7\u00c3O DE MATERIAIS DE LIMPEZA PARA ESTA CASA LEGISLATIVA,  CELEBRADO MEDIANTE DISPENSA DE LICITA\u00c7\u00c3O, COM FUNDAMENTO NO ARTIGO 24, INCISO 2\u00ba DA LEI 8.666\/93.","fornecedor":"IVONALDO SEVERINO DA SILVA","denom_uni_orc":"CORPO DELIBERATIVO E SECRETARIA","funcao":"Legislativa","sub_funcao":"A\u00e7\u00e3o Legislativa","programa":"A\u00c7\u00c3O LEGISLATIVA","acao":"MANUTEN\u00c7\u00c3O DAS ATIVIDADES ADMINISTRATIVAS","ident_acao":"Atividade","cat_econ":"Despesa Corrente","natureza_despesa":"Outras Despesas Correntes","modalidade_despesa":"Aplica\u00e7\u00f5es Diretas","elemento_despesa":"Material de Consumo","sub_elem_desp":"SEM SUBELEMENTO","fonte_recurso":"Recursos do Exerc\u00edcio Corrente \/ Outros Recursos n\u00e3o Vinculados \/ -"},{"ano_emissao_emp":"2023","n_emp":"0000178","data_emissao":"09\/05\/2023","valor":"1.188,00","tipo_empenho":"Ordin\u00e1rio","hist_emp":"VALOR QUE SE EMPENHA PARA FAZER FACE A AQUISI\u00c7\u00c3O DE MATERIAIS DE LIMPEZA PARA ESTA CASA LEGISLATIVA,  CELEBRADO MEDIANTE DISPENSA DE LICITA\u00c7\u00c3O, COM FUNDAMENTO NO ARTIGO 24, INCISO 2\u00ba DA LEI 8.666\/93.","fornecedor":"IVONALDO SEVERINO DA SILVA","denom_uni_orc":"CORPO DELIBERATIVO E SECRETARIA","funcao":"Legislativa","sub_funcao":"A\u00e7\u00e3o Legislativa","programa":"A\u00c7\u00c3O LEGISLATIVA","acao":"INDENIZA\u00c7\u00d5ES E RESTITUI\u00c7\u00d5ES DIVERSAS (FMS)","ident_acao":"Atividade","cat_econ":"Despesa Corrente","natureza_despesa":"Outras Despesas Correntes","modalidade_despesa":"Aplica\u00e7\u00f5es Diretas","elemento_despesa":"Material de Consumo","sub_elem_desp":"SEM SUBELEMENTO","fonte_recurso":"Recursos do Exerc\u00edcio Corrente \/ Outros Recursos n\u00e3o Vinculados \/ -"},{"ano_emissao_emp":"2023","n_emp":"0000179","data_emissao":"10\/05\/2023","valor":"107,23","tipo_empenho":"Ordin\u00e1rio","hist_emp":"VALOR QUE SE EMPENHA PARA FAZER FACE AO PAGAMENTO DE CONTAS EM ATRASO DO N\u00daMETO TELEF\u00d4NICO M\u00d3VEL (81) 9 9144 2045 REFERENTE AOS  MESES DE SETEMBRO, OUTUBRO E NOVEMBRO DE 2016, JANEIRO, FEVEREIRO, MAR\u00c7O, ABRIL, JUNHO E AGOSTO DE 2017 E AO M\u00caS DE FEVEREIRO DE 2022, E DO N\u00daMERO TELEF\u00d4NICO FIXO 81 3731 3084 REFERENTE AO MES DE AGOSTO DE 2022, CELEBRADO MEDIANTE DISPENSA DE LICITA\u00c7\u00c3O, COM FUNDAMENTO NO ARTIGO 24, INCISO 2\u00ba DA LEI 8.666\/93.","fornecedor":"OI S.A. - EM RECUPERACAO JUDICIAL","denom_uni_orc":"CORPO DELIBERATIVO E SECRETARIA","funcao":"Legislativa","sub_funcao":"A\u00e7\u00e3o Legislativa","programa":"A\u00c7\u00c3O LEGISLATIVA","acao":"AQUISI\u00c7\u00c3O DE M\u00d3VEIS, M\u00c1QUINAS E EQUIPAMENTOS DIVERSOS PARA O CONSELHO","ident_acao":"Atividade","cat_econ":"Despesa Corrente","natureza_despesa":"Outras Despesas Correntes","modalidade_despesa":"Aplica\u00e7\u00f5es Diretas","elemento_despesa":"Outros Servi\u00e7os de Terceiros - Pessoa Jur\u00eddica","sub_elem_desp":"SEM SUBELEMENTO","fonte_recurso":"Recursos do Exerc\u00edcio Corrente \/ Outros Recursos n\u00e3o Vinculados \/ -"},{"ano_emissao_emp":"2023","n_emp":"0000179","data_emissao":"10\/05\/2023","valor":"107,23","tipo_empenho":"Ordin\u00e1rio","hist_emp":"VALOR QUE SE EMPENHA PARA FAZER FACE AO PAGAMENTO DE CONTAS EM ATRASO DO N\u00daMETO TELEF\u00d4NICO M\u00d3VEL (81) 9 9144 2045 REFERENTE AOS  MESES DE SETEMBRO, OUTUBRO E NOVEMBRO DE 2016, JANEIRO, FEVEREIRO, MAR\u00c7O, ABRIL, JUNHO E AGOSTO DE 2017 E AO M\u00caS DE FEVEREIRO DE 2022, E DO N\u00daMERO TELEF\u00d4NICO FIXO 81 3731 3084 REFERENTE AO MES DE AGOSTO DE 2022, CELEBRADO MEDIANTE DISPENSA DE LICITA\u00c7\u00c3O, COM FUNDAMENTO NO ARTIGO 24, INCISO 2\u00ba DA LEI 8.666\/93.","fornecedor":"OI S.A. - EM RECUPERACAO JUDICIAL","denom_uni_orc":"CORPO DELIBERATIVO E SECRETARIA","funcao":"Legislativa","sub_funcao":"A\u00e7\u00e3o Legislativa","programa":"A\u00c7\u00c3O LEGISLATIVA","acao":"MANUTEN\u00c7\u00c3O DAS ATIVIDADES ADMINISTRATIVAS","ident_acao":"Atividade","cat_econ":"Despesa Corrente","natureza_despesa":"Outras Despesas Correntes","modalidade_despesa":"Aplica\u00e7\u00f5es Diretas","elemento_despesa":"Outros Servi\u00e7os de Terceiros - Pessoa Jur\u00eddica","sub_elem_desp":"SEM SUBELEMENTO","fonte_recurso":"Recursos do Exerc\u00edcio Corrente \/ Outros Recursos n\u00e3o Vinculados \/ -"},{"ano_emissao_emp":"2023","n_emp":"0000179","data_emissao":"10\/05\/2023","valor":"107,23","tipo_empenho":"Ordin\u00e1rio","hist_emp":"VALOR QUE SE EMPENHA PARA FAZER FACE AO PAGAMENTO DE CONTAS EM ATRASO DO N\u00daMETO TELEF\u00d4NICO M\u00d3VEL (81) 9 9144 2045 REFERENTE AOS  MESES DE SETEMBRO, OUTUBRO E NOVEMBRO DE 2016, JANEIRO, FEVEREIRO, MAR\u00c7O, ABRIL, JUNHO E AGOSTO DE 2017 E AO M\u00caS DE FEVEREIRO DE 2022, E DO N\u00daMERO TELEF\u00d4NICO FIXO 81 3731 3084 REFERENTE AO MES DE AGOSTO DE 2022, CELEBRADO MEDIANTE DISPENSA DE LICITA\u00c7\u00c3O, COM FUNDAMENTO NO ARTIGO 24, INCISO 2\u00ba DA LEI 8.666\/93.","fornecedor":"OI S.A. - EM RECUPERACAO JUDICIAL","denom_uni_orc":"CORPO DELIBERATIVO E SECRETARIA","funcao":"Legislativa","sub_funcao":"A\u00e7\u00e3o Legislativa","programa":"A\u00c7\u00c3O LEGISLATIVA","acao":"INDENIZA\u00c7\u00d5ES E RESTITUI\u00c7\u00d5ES DIVERSAS (FMS)","ident_acao":"Atividade","cat_econ":"Despesa Corrente","natureza_despesa":"Outras Despesas Correntes","modalidade_despesa":"Aplica\u00e7\u00f5es Diretas","elemento_despesa":"Outros Servi\u00e7os de Terceiros - Pessoa Jur\u00eddica","sub_elem_desp":"SEM SUBELEMENTO","fonte_recurso":"Recursos do Exerc\u00edcio Corrente \/ Outros Recursos n\u00e3o Vinculados \/ -"},{"ano_emissao_emp":"2023","n_emp":"0000180","data_emissao":"10\/05\/2023","valor":"564,00","tipo_empenho":"Ordin\u00e1rio","hist_emp":"VALOR QUE SE EMPENHA PARA FAZER FACE A AQUISI\u00c7\u00c3O DE 94 BOTIJ\u00d5ES DE 20 (VINTE) LITROS DE \u00c1GUA MINERAL PARA ABASTECER ESTA CASA LEGISLATIVA E O CIDATEC ANEXO DESTA C\u00c2MARA DE VEREADORES , CELEBRADO MEDIANTE DISPENSA DE LICITA\u00c7\u00c3O, COM FUNDAMENTO NO ARTIGO 24, INCISO 2\u00ba DA LEI 8.666\/93.","fornecedor":"AVG COMERCIO DE GAS E AGUA MINERAL LTDA","denom_uni_orc":"CORPO DELIBERATIVO E SECRETARIA","funcao":"Legislativa","sub_funcao":"A\u00e7\u00e3o Legislativa","programa":"A\u00c7\u00c3O LEGISLATIVA","acao":"AQUISI\u00c7\u00c3O DE M\u00d3VEIS, M\u00c1QUINAS E EQUIPAMENTOS DIVERSOS PARA O CONSELHO","ident_acao":"Atividade","cat_econ":"Despesa Corrente","natureza_despesa":"Outras Despesas Correntes","modalidade_despesa":"Aplica\u00e7\u00f5es Diretas","elemento_despesa":"Material de Consumo","sub_elem_desp":"SEM SUBELEMENTO","fonte_recurso":"Recursos do Exerc\u00edcio Corrente \/ Outros Recursos n\u00e3o Vinculados \/ -"},{"ano_emissao_emp":"2023","n_emp":"0000180","data_emissao":"10\/05\/2023","valor":"564,00","tipo_empenho":"Ordin\u00e1rio","hist_emp":"VALOR QUE SE EMPENHA PARA FAZER FACE A AQUISI\u00c7\u00c3O DE 94 BOTIJ\u00d5ES DE 20 (VINTE) LITROS DE \u00c1GUA MINERAL PARA ABASTECER ESTA CASA LEGISLATIVA E O CIDATEC ANEXO DESTA C\u00c2MARA DE VEREADORES , CELEBRADO MEDIANTE DISPENSA DE LICITA\u00c7\u00c3O, COM FUNDAMENTO NO ARTIGO 24, INCISO 2\u00ba DA LEI 8.666\/93.","fornecedor":"AVG COMERCIO DE GAS E AGUA MINERAL LTDA","denom_uni_orc":"CORPO DELIBERATIVO E SECRETARIA","funcao":"Legislativa","sub_funcao":"A\u00e7\u00e3o Legislativa","programa":"A\u00c7\u00c3O LEGISLATIVA","acao":"MANUTEN\u00c7\u00c3O DAS ATIVIDADES ADMINISTRATIVAS","ident_acao":"Atividade","cat_econ":"Despesa Corrente","natureza_despesa":"Outras Despesas Correntes","modalidade_despesa":"Aplica\u00e7\u00f5es Diretas","elemento_despesa":"Material de Consumo","sub_elem_desp":"SEM SUBELEMENTO","fonte_recurso":"Recursos do Exerc\u00edcio Corrente \/ Outros Recursos n\u00e3o Vinculados \/ -"},{"ano_emissao_emp":"2023","n_emp":"0000180","data_emissao":"10\/05\/2023","valor":"564,00","tipo_empenho":"Ordin\u00e1rio","hist_emp":"VALOR QUE SE EMPENHA PARA FAZER FACE A AQUISI\u00c7\u00c3O DE 94 BOTIJ\u00d5ES DE 20 (VINTE) LITROS DE \u00c1GUA MINERAL PARA ABASTECER ESTA CASA LEGISLATIVA E O CIDATEC ANEXO DESTA C\u00c2MARA DE VEREADORES , CELEBRADO MEDIANTE DISPENSA DE LICITA\u00c7\u00c3O, COM FUNDAMENTO NO ARTIGO 24, INCISO 2\u00ba DA LEI 8.666\/93.","fornecedor":"AVG COMERCIO DE GAS E AGUA MINERAL LTDA","denom_uni_orc":"CORPO DELIBERATIVO E SECRETARIA","funcao":"Legislativa","sub_funcao":"A\u00e7\u00e3o Legislativa","programa":"A\u00c7\u00c3O LEGISLATIVA","acao":"INDENIZA\u00c7\u00d5ES E RESTITUI\u00c7\u00d5ES DIVERSAS (FMS)","ident_acao":"Atividade","cat_econ":"Despesa Corrente","natureza_despesa":"Outras Despesas Correntes","modalidade_despesa":"Aplica\u00e7\u00f5es Diretas","elemento_despesa":"Material de Consumo","sub_elem_desp":"SEM SUBELEMENTO","fonte_recurso":"Recursos do Exerc\u00edcio Corrente \/ Outros Recursos n\u00e3o Vinculados \/ -"},{"ano_emissao_emp":"2023","n_emp":"0000181","data_emissao":"10\/05\/2023","valor":"1.492,95","tipo_empenho":"Ordin\u00e1rio","hist_emp":"VALOR QUE SE EMPENHA PARA FAZER FACE A AQUISI\u00c7\u00c3O DE PRODUTOS DE CONSUMO PARA O FUNCIONAMENTO DA COPA E COZINHA DESTA CASA LEGISLATIVA, CELEBRADO MEDIANTE DISPENSA DE LICITA\u00c7\u00c3O, COM FUNDAMENTO NO ARTIGO 24, INCISO 2\u00ba DA LEI 8.666\/93.","fornecedor":"LOPES & FONSECA CIA LTDA","denom_uni_orc":"CORPO DELIBERATIVO E SECRETARIA","funcao":"Legislativa","sub_funcao":"A\u00e7\u00e3o Legislativa","programa":"A\u00c7\u00c3O LEGISLATIVA","acao":"AQUISI\u00c7\u00c3O DE M\u00d3VEIS, M\u00c1QUINAS E EQUIPAMENTOS DIVERSOS PARA O CONSELHO","ident_acao":"Atividade","cat_econ":"Despesa Corrente","natureza_despesa":"Outras Despesas Correntes","modalidade_despesa":"Aplica\u00e7\u00f5es Diretas","elemento_despesa":"Material de Consumo","sub_elem_desp":"MATERIAL DE COPA E COZINHA","fonte_recurso":"Recursos do Exerc\u00edcio Corrente \/ Outros Recursos n\u00e3o Vinculados \/ -"},{"ano_emissao_emp":"2023","n_emp":"0000181","data_emissao":"10\/05\/2023","valor":"1.492,95","tipo_empenho":"Ordin\u00e1rio","hist_emp":"VALOR QUE SE EMPENHA PARA FAZER FACE A AQUISI\u00c7\u00c3O DE PRODUTOS DE CONSUMO PARA O FUNCIONAMENTO DA COPA E COZINHA DESTA CASA LEGISLATIVA, CELEBRADO MEDIANTE DISPENSA DE LICITA\u00c7\u00c3O, COM FUNDAMENTO NO ARTIGO 24, INCISO 2\u00ba DA LEI 8.666\/93.","fornecedor":"LOPES & FONSECA CIA LTDA","denom_uni_orc":"CORPO DELIBERATIVO E SECRETARIA","funcao":"Legislativa","sub_funcao":"A\u00e7\u00e3o Legislativa","programa":"A\u00c7\u00c3O LEGISLATIVA","acao":"MANUTEN\u00c7\u00c3O DAS ATIVIDADES ADMINISTRATIVAS","ident_acao":"Atividade","cat_econ":"Despesa Corrente","natureza_despesa":"Outras Despesas Correntes","modalidade_despesa":"Aplica\u00e7\u00f5es Diretas","elemento_despesa":"Material de Consumo","sub_elem_desp":"MATERIAL DE COPA E COZINHA","fonte_recurso":"Recursos do Exerc\u00edcio Corrente \/ Outros Recursos n\u00e3o Vinculados \/ -"},{"ano_emissao_emp":"2023","n_emp":"0000181","data_emissao":"10\/05\/2023","valor":"1.492,95","tipo_empenho":"Ordin\u00e1rio","hist_emp":"VALOR QUE SE EMPENHA PARA FAZER FACE A AQUISI\u00c7\u00c3O DE PRODUTOS DE CONSUMO PARA O FUNCIONAMENTO DA COPA E COZINHA DESTA CASA LEGISLATIVA, CELEBRADO MEDIANTE DISPENSA DE LICITA\u00c7\u00c3O, COM FUNDAMENTO NO ARTIGO 24, INCISO 2\u00ba DA LEI 8.666\/93.","fornecedor":"LOPES & FONSECA CIA LTDA","denom_uni_orc":"CORPO DELIBERATIVO E SECRETARIA","funcao":"Legislativa","sub_funcao":"A\u00e7\u00e3o Legislativa","programa":"A\u00c7\u00c3O LEGISLATIVA","acao":"INDENIZA\u00c7\u00d5ES E RESTITUI\u00c7\u00d5ES DIVERSAS (FMS)","ident_acao":"Atividade","cat_econ":"Despesa Corrente","natureza_despesa":"Outras Despesas Correntes","modalidade_despesa":"Aplica\u00e7\u00f5es Diretas","elemento_despesa":"Material de Consumo","sub_elem_desp":"MATERIAL DE COPA E COZINHA","fonte_recurso":"Recursos do Exerc\u00edcio Corrente \/ Outros Recursos n\u00e3o Vinculados \/ -"},{"ano_emissao_emp":"2023","n_emp":"0000182","data_emissao":"11\/05\/2023","valor":"484,00","tipo_empenho":"Ordin\u00e1rio","hist_emp":"VALOR QUE SE EMPENHA PARA FAZER FACE AO PAGAMENTO DO AUX\u00cdLIO-TRANSPORTE DO M\u00caS DE MAIO QUE SER\u00c1 CREDITADO EM CART\u00c3O CORPORATIVO (2208349662) CEDIDO PELA EMPRESA LOGO CARUARUENSE, CONFORME ARTIGO 50, INCISO II E ARTIGO 51 DA LEI MUNICIPAL 923\/1990, ASSIM COMO DISP\u00d5E A PORTARIA 78\/2023, CELEBRADO MEDIANTE DISPENSA DE LICITA\u00c7\u00c3O, COM FUNDAMENTO NO ARTIGO 24, INCISO 2\u00ba DA LEI 8.666\/93.","fornecedor":"LOGO TRANSPORTES LTDA","denom_uni_orc":"CORPO DELIBERATIVO E SECRETARIA","funcao":"Legislativa","sub_funcao":"A\u00e7\u00e3o Legislativa","programa":"A\u00c7\u00c3O LEGISLATIVA","acao":"AQUISI\u00c7\u00c3O DE M\u00d3VEIS, M\u00c1QUINAS E EQUIPAMENTOS DIVERSOS PARA O CONSELHO","ident_acao":"Atividade","cat_econ":"Despesa Corrente","natureza_despesa":"Outras Despesas Correntes","modalidade_despesa":"Aplica\u00e7\u00f5es Diretas","elemento_despesa":"Outros Servi\u00e7os de Terceiros - Pessoa Jur\u00eddica","sub_elem_desp":"SEM SUBELEMENTO","fonte_recurso":"Recursos do Exerc\u00edcio Corrente \/ Outros Recursos n\u00e3o Vinculados \/ -"},{"ano_emissao_emp":"2023","n_emp":"0000182","data_emissao":"11\/05\/2023","valor":"484,00","tipo_empenho":"Ordin\u00e1rio","hist_emp":"VALOR QUE SE EMPENHA PARA FAZER FACE AO PAGAMENTO DO AUX\u00cdLIO-TRANSPORTE DO M\u00caS DE MAIO QUE SER\u00c1 CREDITADO EM CART\u00c3O CORPORATIVO (2208349662) CEDIDO PELA EMPRESA LOGO CARUARUENSE, CONFORME ARTIGO 50, INCISO II E ARTIGO 51 DA LEI MUNICIPAL 923\/1990, ASSIM COMO DISP\u00d5E A PORTARIA 78\/2023, CELEBRADO MEDIANTE DISPENSA DE LICITA\u00c7\u00c3O, COM FUNDAMENTO NO ARTIGO 24, INCISO 2\u00ba DA LEI 8.666\/93.","fornecedor":"LOGO TRANSPORTES LTDA","denom_uni_orc":"CORPO DELIBERATIVO E SECRETARIA","funcao":"Legislativa","sub_funcao":"A\u00e7\u00e3o Legislativa","programa":"A\u00c7\u00c3O LEGISLATIVA","acao":"MANUTEN\u00c7\u00c3O DAS ATIVIDADES ADMINISTRATIVAS","ident_acao":"Atividade","cat_econ":"Despesa Corrente","natureza_despesa":"Outras Despesas Correntes","modalidade_despesa":"Aplica\u00e7\u00f5es Diretas","elemento_despesa":"Outros Servi\u00e7os de Terceiros - Pessoa Jur\u00eddica","sub_elem_desp":"SEM SUBELEMENTO","fonte_recurso":"Recursos do Exerc\u00edcio Corrente \/ Outros Recursos n\u00e3o Vinculados \/ -"},{"ano_emissao_emp":"2023","n_emp":"0000182","data_emissao":"11\/05\/2023","valor":"484,00","tipo_empenho":"Ordin\u00e1rio","hist_emp":"VALOR QUE SE EMPENHA PARA FAZER FACE AO PAGAMENTO DO AUX\u00cdLIO-TRANSPORTE DO M\u00caS DE MAIO QUE SER\u00c1 CREDITADO EM CART\u00c3O CORPORATIVO (2208349662) CEDIDO PELA EMPRESA LOGO CARUARUENSE, CONFORME ARTIGO 50, INCISO II E ARTIGO 51 DA LEI MUNICIPAL 923\/1990, ASSIM COMO DISP\u00d5E A PORTARIA 78\/2023, CELEBRADO MEDIANTE DISPENSA DE LICITA\u00c7\u00c3O, COM FUNDAMENTO NO ARTIGO 24, INCISO 2\u00ba DA LEI 8.666\/93.","fornecedor":"LOGO TRANSPORTES LTDA","denom_uni_orc":"CORPO DELIBERATIVO E SECRETARIA","funcao":"Legislativa","sub_funcao":"A\u00e7\u00e3o Legislativa","programa":"A\u00c7\u00c3O LEGISLATIVA","acao":"INDENIZA\u00c7\u00d5ES E RESTITUI\u00c7\u00d5ES DIVERSAS (FMS)","ident_acao":"Atividade","cat_econ":"Despesa Corrente","natureza_despesa":"Outras Despesas Correntes","modalidade_despesa":"Aplica\u00e7\u00f5es Diretas","elemento_despesa":"Outros Servi\u00e7os de Terceiros - Pessoa Jur\u00eddica","sub_elem_desp":"SEM SUBELEMENTO","fonte_recurso":"Recursos do Exerc\u00edcio Corrente \/ Outros Recursos n\u00e3o Vinculados \/ -"},{"ano_emissao_emp":"2023","n_emp":"0000183","data_emissao":"11\/05\/2023","valor":"197,10","tipo_empenho":"Ordin\u00e1rio","hist_emp":"VALOR QUE SE EMPENHA PARA FAZER FACE \u00c0 AQUISI\u00c7\u00c3O DE CARREGADOR ORIGINAL DO IPHONE NA LOJA DA APPLE. AQUISI\u00c7\u00c3O NECESS\u00c1RIA, POIS A APPLE \u00c9 A \u00daNICA VENDEDORA DESSE TIPO DE PRODUTO ORIGINAL, E \u00c9 IMPRESCIND\u00cdVEL PARA O FUNCIONAMENTO DO EQUIPAMENTOS DESSA CASA LEGISLATIVA, CELEBRADO MEDIANTE DISPENSA DE LICITA\u00c7\u00c3O, COM FUNDAMENTO NO ARTIGO 24, INCISO 2\u00ba DA LEI 8.666\/93.","fornecedor":"APPLE COMPUTER BRASIL LTDA","denom_uni_orc":"CORPO DELIBERATIVO E SECRETARIA","funcao":"Legislativa","sub_funcao":"A\u00e7\u00e3o Legislativa","programa":"A\u00c7\u00c3O LEGISLATIVA","acao":"AQUISI\u00c7\u00c3O DE M\u00d3VEIS, M\u00c1QUINAS E EQUIPAMENTOS DIVERSOS PARA O CONSELHO","ident_acao":"Atividade","cat_econ":"Despesa Corrente","natureza_despesa":"Outras Despesas Correntes","modalidade_despesa":"Aplica\u00e7\u00f5es Diretas","elemento_despesa":"Material de Consumo","sub_elem_desp":"SEM SUBELEMENTO","fonte_recurso":"Recursos do Exerc\u00edcio Corrente \/ Outros Recursos n\u00e3o Vinculados \/ -"},{"ano_emissao_emp":"2023","n_emp":"0000183","data_emissao":"11\/05\/2023","valor":"197,10","tipo_empenho":"Ordin\u00e1rio","hist_emp":"VALOR QUE SE EMPENHA PARA FAZER FACE \u00c0 AQUISI\u00c7\u00c3O DE CARREGADOR ORIGINAL DO IPHONE NA LOJA DA APPLE. AQUISI\u00c7\u00c3O NECESS\u00c1RIA, POIS A APPLE \u00c9 A \u00daNICA VENDEDORA DESSE TIPO DE PRODUTO ORIGINAL, E \u00c9 IMPRESCIND\u00cdVEL PARA O FUNCIONAMENTO DO EQUIPAMENTOS DESSA CASA LEGISLATIVA, CELEBRADO MEDIANTE DISPENSA DE LICITA\u00c7\u00c3O, COM FUNDAMENTO NO ARTIGO 24, INCISO 2\u00ba DA LEI 8.666\/93.","fornecedor":"APPLE COMPUTER BRASIL LTDA","denom_uni_orc":"CORPO DELIBERATIVO E SECRETARIA","funcao":"Legislativa","sub_funcao":"A\u00e7\u00e3o Legislativa","programa":"A\u00c7\u00c3O LEGISLATIVA","acao":"MANUTEN\u00c7\u00c3O DAS ATIVIDADES ADMINISTRATIVAS","ident_acao":"Atividade","cat_econ":"Despesa Corrente","natureza_despesa":"Outras Despesas Correntes","modalidade_despesa":"Aplica\u00e7\u00f5es Diretas","elemento_despesa":"Material de Consumo","sub_elem_desp":"SEM SUBELEMENTO","fonte_recurso":"Recursos do Exerc\u00edcio Corrente \/ Outros Recursos n\u00e3o Vinculados \/ -"},{"ano_emissao_emp":"2023","n_emp":"0000183","data_emissao":"11\/05\/2023","valor":"197,10","tipo_empenho":"Ordin\u00e1rio","hist_emp":"VALOR QUE SE EMPENHA PARA FAZER FACE \u00c0 AQUISI\u00c7\u00c3O DE CARREGADOR ORIGINAL DO IPHONE NA LOJA DA APPLE. AQUISI\u00c7\u00c3O NECESS\u00c1RIA, POIS A APPLE \u00c9 A \u00daNICA VENDEDORA DESSE TIPO DE PRODUTO ORIGINAL, E \u00c9 IMPRESCIND\u00cdVEL PARA O FUNCIONAMENTO DO EQUIPAMENTOS DESSA CASA LEGISLATIVA, CELEBRADO MEDIANTE DISPENSA DE LICITA\u00c7\u00c3O, COM FUNDAMENTO NO ARTIGO 24, INCISO 2\u00ba DA LEI 8.666\/93.","fornecedor":"APPLE COMPUTER BRASIL LTDA","denom_uni_orc":"CORPO DELIBERATIVO E SECRETARIA","funcao":"Legislativa","sub_funcao":"A\u00e7\u00e3o Legislativa","programa":"A\u00c7\u00c3O LEGISLATIVA","acao":"INDENIZA\u00c7\u00d5ES E RESTITUI\u00c7\u00d5ES DIVERSAS (FMS)","ident_acao":"Atividade","cat_econ":"Despesa Corrente","natureza_despesa":"Outras Despesas Correntes","modalidade_despesa":"Aplica\u00e7\u00f5es Diretas","elemento_despesa":"Material de Consumo","sub_elem_desp":"SEM SUBELEMENTO","fonte_recurso":"Recursos do Exerc\u00edcio Corrente \/ Outros Recursos n\u00e3o Vinculados \/ -"},{"ano_emissao_emp":"2023","n_emp":"0000184","data_emissao":"15\/05\/2023","valor":"399,00","tipo_empenho":"Ordin\u00e1rio","hist_emp":"VALOR QUE SE EMPENHA PARA FAZER FACE DE UMA AQUISI\u00c7\u00c3O DE MEM\u00d3RIA DDR4 8GB 266MHZ PARA SUPRIR A NECESSIDADE DE UM COMPUTADOR UTILIZADO NO SETOR DE COMUNICA\u00c7\u00c3O, DEVIDO \u00c0 LENTID\u00c3O APRESENTADA NA REALIZA\u00c7\u00c3O DE ATIVIDADES ROTINEIRAS B\u00c1SICAS DA EQUIPE, ADEQUA\u00c7\u00c3O DE DESEMPENHO NECESS\u00c1RIA DEVIDO \u00c0 FUN\u00c7\u00c3O PRINCIPAL DA EQUIPE, CELEBRADO MEDIANTE DISPENSA DE LICITA\u00c7\u00c3O, COM FUNDAMENTO NO ARTIGO 24, INCISO 2\u00ba DA LEI 8.666\/93.","fornecedor":"B&F EMPREENDIMENTOS DIGITAIS","denom_uni_orc":"CORPO DELIBERATIVO E SECRETARIA","funcao":"Legislativa","sub_funcao":"A\u00e7\u00e3o Legislativa","programa":"A\u00c7\u00c3O LEGISLATIVA","acao":"AQUISI\u00c7\u00c3O DE M\u00d3VEIS, M\u00c1QUINAS E EQUIPAMENTOS DIVERSOS PARA O CONSELHO","ident_acao":"Atividade","cat_econ":"Despesa Corrente","natureza_despesa":"Outras Despesas Correntes","modalidade_despesa":"Aplica\u00e7\u00f5es Diretas","elemento_despesa":"Material de Consumo","sub_elem_desp":"SEM SUBELEMENTO","fonte_recurso":"Recursos do Exerc\u00edcio Corrente \/ Outros Recursos n\u00e3o Vinculados \/ -"},{"ano_emissao_emp":"2023","n_emp":"0000184","data_emissao":"15\/05\/2023","valor":"399,00","tipo_empenho":"Ordin\u00e1rio","hist_emp":"VALOR QUE SE EMPENHA PARA FAZER FACE DE UMA AQUISI\u00c7\u00c3O DE MEM\u00d3RIA DDR4 8GB 266MHZ PARA SUPRIR A NECESSIDADE DE UM COMPUTADOR UTILIZADO NO SETOR DE COMUNICA\u00c7\u00c3O, DEVIDO \u00c0 LENTID\u00c3O APRESENTADA NA REALIZA\u00c7\u00c3O DE ATIVIDADES ROTINEIRAS B\u00c1SICAS DA EQUIPE, ADEQUA\u00c7\u00c3O DE DESEMPENHO NECESS\u00c1RIA DEVIDO \u00c0 FUN\u00c7\u00c3O PRINCIPAL DA EQUIPE, CELEBRADO MEDIANTE DISPENSA DE LICITA\u00c7\u00c3O, COM FUNDAMENTO NO ARTIGO 24, INCISO 2\u00ba DA LEI 8.666\/93.","fornecedor":"B&F EMPREENDIMENTOS DIGITAIS","denom_uni_orc":"CORPO DELIBERATIVO E SECRETARIA","funcao":"Legislativa","sub_funcao":"A\u00e7\u00e3o Legislativa","programa":"A\u00c7\u00c3O LEGISLATIVA","acao":"MANUTEN\u00c7\u00c3O DAS ATIVIDADES ADMINISTRATIVAS","ident_acao":"Atividade","cat_econ":"Despesa Corrente","natureza_despesa":"Outras Despesas Correntes","modalidade_despesa":"Aplica\u00e7\u00f5es Diretas","elemento_despesa":"Material de Consumo","sub_elem_desp":"SEM SUBELEMENTO","fonte_recurso":"Recursos do Exerc\u00edcio Corrente \/ Outros Recursos n\u00e3o Vinculados \/ -"},{"ano_emissao_emp":"2023","n_emp":"0000184","data_emissao":"15\/05\/2023","valor":"399,00","tipo_empenho":"Ordin\u00e1rio","hist_emp":"VALOR QUE SE EMPENHA PARA FAZER FACE DE UMA AQUISI\u00c7\u00c3O DE MEM\u00d3RIA DDR4 8GB 266MHZ PARA SUPRIR A NECESSIDADE DE UM COMPUTADOR UTILIZADO NO SETOR DE COMUNICA\u00c7\u00c3O, DEVIDO \u00c0 LENTID\u00c3O APRESENTADA NA REALIZA\u00c7\u00c3O DE ATIVIDADES ROTINEIRAS B\u00c1SICAS DA EQUIPE, ADEQUA\u00c7\u00c3O DE DESEMPENHO NECESS\u00c1RIA DEVIDO \u00c0 FUN\u00c7\u00c3O PRINCIPAL DA EQUIPE, CELEBRADO MEDIANTE DISPENSA DE LICITA\u00c7\u00c3O, COM FUNDAMENTO NO ARTIGO 24, INCISO 2\u00ba DA LEI 8.666\/93.","fornecedor":"B&F EMPREENDIMENTOS DIGITAIS","denom_uni_orc":"CORPO DELIBERATIVO E SECRETARIA","funcao":"Legislativa","sub_funcao":"A\u00e7\u00e3o Legislativa","programa":"A\u00c7\u00c3O LEGISLATIVA","acao":"INDENIZA\u00c7\u00d5ES E RESTITUI\u00c7\u00d5ES DIVERSAS (FMS)","ident_acao":"Atividade","cat_econ":"Despesa Corrente","natureza_despesa":"Outras Despesas Correntes","modalidade_despesa":"Aplica\u00e7\u00f5es Diretas","elemento_despesa":"Material de Consumo","sub_elem_desp":"SEM SUBELEMENTO","fonte_recurso":"Recursos do Exerc\u00edcio Corrente \/ Outros Recursos n\u00e3o Vinculados \/ -"},{"ano_emissao_emp":"2023","n_emp":"0000185","data_emissao":"15\/05\/2023","valor":"30,00","tipo_empenho":"Ordin\u00e1rio","hist_emp":"VALOR QUE SE EMPENHA PARA FAZER FACE A AQUISI\u00c7\u00c3O DE CONECTORES RJ45 DESTINADOS AO SETOR DE TI, CELEBRADO MEDIANTE DISPENSA DE LICITA\u00c7\u00c3O, COM FUNDAMENTO NO ARTIGO 24, INCISO 2\u00ba DA LEI 8.666\/93.","fornecedor":"B&F EMPREENDIMENTOS DIGITAIS","denom_uni_orc":"CORPO DELIBERATIVO E SECRETARIA","funcao":"Legislativa","sub_funcao":"A\u00e7\u00e3o Legislativa","programa":"A\u00c7\u00c3O LEGISLATIVA","acao":"AQUISI\u00c7\u00c3O DE M\u00d3VEIS, M\u00c1QUINAS E EQUIPAMENTOS DIVERSOS PARA O CONSELHO","ident_acao":"Atividade","cat_econ":"Despesa Corrente","natureza_despesa":"Outras Despesas Correntes","modalidade_despesa":"Aplica\u00e7\u00f5es Diretas","elemento_despesa":"Material de Consumo","sub_elem_desp":"SEM SUBELEMENTO","fonte_recurso":"Recursos do Exerc\u00edcio Corrente \/ Outros Recursos n\u00e3o Vinculados \/ -"},{"ano_emissao_emp":"2023","n_emp":"0000185","data_emissao":"15\/05\/2023","valor":"30,00","tipo_empenho":"Ordin\u00e1rio","hist_emp":"VALOR QUE SE EMPENHA PARA FAZER FACE A AQUISI\u00c7\u00c3O DE CONECTORES RJ45 DESTINADOS AO SETOR DE TI, CELEBRADO MEDIANTE DISPENSA DE LICITA\u00c7\u00c3O, COM FUNDAMENTO NO ARTIGO 24, INCISO 2\u00ba DA LEI 8.666\/93.","fornecedor":"B&F EMPREENDIMENTOS DIGITAIS","denom_uni_orc":"CORPO DELIBERATIVO E SECRETARIA","funcao":"Legislativa","sub_funcao":"A\u00e7\u00e3o Legislativa","programa":"A\u00c7\u00c3O LEGISLATIVA","acao":"MANUTEN\u00c7\u00c3O DAS ATIVIDADES ADMINISTRATIVAS","ident_acao":"Atividade","cat_econ":"Despesa Corrente","natureza_despesa":"Outras Despesas Correntes","modalidade_despesa":"Aplica\u00e7\u00f5es Diretas","elemento_despesa":"Material de Consumo","sub_elem_desp":"SEM SUBELEMENTO","fonte_recurso":"Recursos do Exerc\u00edcio Corrente \/ Outros Recursos n\u00e3o Vinculados \/ -"},{"ano_emissao_emp":"2023","n_emp":"0000185","data_emissao":"15\/05\/2023","valor":"30,00","tipo_empenho":"Ordin\u00e1rio","hist_emp":"VALOR QUE SE EMPENHA PARA FAZER FACE A AQUISI\u00c7\u00c3O DE CONECTORES RJ45 DESTINADOS AO SETOR DE TI, CELEBRADO MEDIANTE DISPENSA DE LICITA\u00c7\u00c3O, COM FUNDAMENTO NO ARTIGO 24, INCISO 2\u00ba DA LEI 8.666\/93.","fornecedor":"B&F EMPREENDIMENTOS DIGITAIS","denom_uni_orc":"CORPO DELIBERATIVO E SECRETARIA","funcao":"Legislativa","sub_funcao":"A\u00e7\u00e3o Legislativa","programa":"A\u00c7\u00c3O LEGISLATIVA","acao":"INDENIZA\u00c7\u00d5ES E RESTITUI\u00c7\u00d5ES DIVERSAS (FMS)","ident_acao":"Atividade","cat_econ":"Despesa Corrente","natureza_despesa":"Outras Despesas Correntes","modalidade_despesa":"Aplica\u00e7\u00f5es Diretas","elemento_despesa":"Material de Consumo","sub_elem_desp":"SEM SUBELEMENTO","fonte_recurso":"Recursos do Exerc\u00edcio Corrente \/ Outros Recursos n\u00e3o Vinculados \/ -"},{"ano_emissao_emp":"2023","n_emp":"0000186","data_emissao":"16\/05\/2023","valor":"950,99","tipo_empenho":"Ordin\u00e1rio","hist_emp":"VALOR QUE SE EMPENHA PARA FAZER FACE \u00c0 AQUISI\u00c7\u00c3O DE PLACA DE V\u00cdDEO POWER COLOR RADEON RX 550 4GB - DDR5 128 BITS DESTINADOS AO SETOR DE TI, CELEBRADO MEDIANTE DISPENSA DE LICITA\u00c7\u00c3O, COM FUNDAMENTO NO ARTIGO 24, INCISO 2\u00ba DA LEI 8.666\/93.","fornecedor":"MAGAZINE LUIZA S\/A","denom_uni_orc":"CORPO DELIBERATIVO E SECRETARIA","funcao":"Legislativa","sub_funcao":"A\u00e7\u00e3o Legislativa","programa":"A\u00c7\u00c3O LEGISLATIVA","acao":"AQUISI\u00c7\u00c3O DE M\u00d3VEIS, M\u00c1QUINAS E EQUIPAMENTOS DIVERSOS PARA O CONSELHO","ident_acao":"Atividade","cat_econ":"Despesa Corrente","natureza_despesa":"Outras Despesas Correntes","modalidade_despesa":"Aplica\u00e7\u00f5es Diretas","elemento_despesa":"Material de Consumo","sub_elem_desp":"MATERIAL DE PROCESSAMENTO DE DADOS","fonte_recurso":"Recursos do Exerc\u00edcio Corrente \/ Outros Recursos n\u00e3o Vinculados \/ -"},{"ano_emissao_emp":"2023","n_emp":"0000186","data_emissao":"16\/05\/2023","valor":"950,99","tipo_empenho":"Ordin\u00e1rio","hist_emp":"VALOR QUE SE EMPENHA PARA FAZER FACE \u00c0 AQUISI\u00c7\u00c3O DE PLACA DE V\u00cdDEO POWER COLOR RADEON RX 550 4GB - DDR5 128 BITS DESTINADOS AO SETOR DE TI, CELEBRADO MEDIANTE DISPENSA DE LICITA\u00c7\u00c3O, COM FUNDAMENTO NO ARTIGO 24, INCISO 2\u00ba DA LEI 8.666\/93.","fornecedor":"MAGAZINE LUIZA S\/A","denom_uni_orc":"CORPO DELIBERATIVO E SECRETARIA","funcao":"Legislativa","sub_funcao":"A\u00e7\u00e3o Legislativa","programa":"A\u00c7\u00c3O LEGISLATIVA","acao":"MANUTEN\u00c7\u00c3O DAS ATIVIDADES ADMINISTRATIVAS","ident_acao":"Atividade","cat_econ":"Despesa Corrente","natureza_despesa":"Outras Despesas Correntes","modalidade_despesa":"Aplica\u00e7\u00f5es Diretas","elemento_despesa":"Material de Consumo","sub_elem_desp":"MATERIAL DE PROCESSAMENTO DE DADOS","fonte_recurso":"Recursos do Exerc\u00edcio Corrente \/ Outros Recursos n\u00e3o Vinculados \/ -"},{"ano_emissao_emp":"2023","n_emp":"0000186","data_emissao":"16\/05\/2023","valor":"950,99","tipo_empenho":"Ordin\u00e1rio","hist_emp":"VALOR QUE SE EMPENHA PARA FAZER FACE \u00c0 AQUISI\u00c7\u00c3O DE PLACA DE V\u00cdDEO POWER COLOR RADEON RX 550 4GB - DDR5 128 BITS DESTINADOS AO SETOR DE TI, CELEBRADO MEDIANTE DISPENSA DE LICITA\u00c7\u00c3O, COM FUNDAMENTO NO ARTIGO 24, INCISO 2\u00ba DA LEI 8.666\/93.","fornecedor":"MAGAZINE LUIZA S\/A","denom_uni_orc":"CORPO DELIBERATIVO E SECRETARIA","funcao":"Legislativa","sub_funcao":"A\u00e7\u00e3o Legislativa","programa":"A\u00c7\u00c3O LEGISLATIVA","acao":"INDENIZA\u00c7\u00d5ES E RESTITUI\u00c7\u00d5ES DIVERSAS (FMS)","ident_acao":"Atividade","cat_econ":"Despesa Corrente","natureza_despesa":"Outras Despesas Correntes","modalidade_despesa":"Aplica\u00e7\u00f5es Diretas","elemento_despesa":"Material de Consumo","sub_elem_desp":"MATERIAL DE PROCESSAMENTO DE DADOS","fonte_recurso":"Recursos do Exerc\u00edcio Corrente \/ Outros Recursos n\u00e3o Vinculados \/ -"},{"ano_emissao_emp":"2023","n_emp":"0000187","data_emissao":"16\/05\/2023","valor":"802,40","tipo_empenho":"Ordin\u00e1rio","hist_emp":"VALOR QUE SE EMPENHA PARA FAZER FACE \u00c0 AQUISI\u00c7\u00c3O DE 01 UNID SWITCH 8 PORTAS INTELBRAS E 01 UNIDADE NOBREAK INTERATIVO INTELBRAS XNB. O EQUIPAMENTO SWITCH 8 PORTAS TEM COMO FINALIDADE POSSIBILITAR A COMUNICA\u00c7\u00c3O ENTRE DOIS OU MAIS DISPOSITIVOS DE INFORM\u00c1TICA, COMPARTILHANDO DADOS DE REDE. E O EQUIPAMENTO NOBREAK INTERATIVO INTELBRAS XNB SER\u00c1 UTILIZADO JUNTO COM O NOVO PONTO BIOM\u00c9TRICO DESTINADO AO CIDATEC. ESSE EMPENHO VISA ASSEGURAR A CONECTIVIDADE E A PROTE\u00c7\u00c3O EL\u00c9TRICA PARA OS DISPOSITIVOS E SISTEMAS UTIL","fornecedor":"VIP INFORMATICA LTDA","denom_uni_orc":"CORPO DELIBERATIVO E SECRETARIA","funcao":"Legislativa","sub_funcao":"A\u00e7\u00e3o Legislativa","programa":"A\u00c7\u00c3O LEGISLATIVA","acao":"REEQUIPAMENTO DA UNIDADE","ident_acao":"Projeto","cat_econ":"Despesa de Capital","natureza_despesa":"Investimentos","modalidade_despesa":"Aplica\u00e7\u00f5es Diretas","elemento_despesa":"Equipamentos e Material Permanente","sub_elem_desp":"OUTROS MATERIAIS PERMANENTES","fonte_recurso":"Recursos do Exerc\u00edcio Corrente \/ Outros Recursos n\u00e3o Vinculados \/ -"},{"ano_emissao_emp":"2023","n_emp":"0000187","data_emissao":"16\/05\/2023","valor":"802,40","tipo_empenho":"Ordin\u00e1rio","hist_emp":"VALOR QUE SE EMPENHA PARA FAZER FACE \u00c0 AQUISI\u00c7\u00c3O DE 01 UNID SWITCH 8 PORTAS INTELBRAS E 01 UNIDADE NOBREAK INTERATIVO INTELBRAS XNB. O EQUIPAMENTO SWITCH 8 PORTAS TEM COMO FINALIDADE POSSIBILITAR A COMUNICA\u00c7\u00c3O ENTRE DOIS OU MAIS DISPOSITIVOS DE INFORM\u00c1TICA, COMPARTILHANDO DADOS DE REDE. E O EQUIPAMENTO NOBREAK INTERATIVO INTELBRAS XNB SER\u00c1 UTILIZADO JUNTO COM O NOVO PONTO BIOM\u00c9TRICO DESTINADO AO CIDATEC. ESSE EMPENHO VISA ASSEGURAR A CONECTIVIDADE E A PROTE\u00c7\u00c3O EL\u00c9TRICA PARA OS DISPOSITIVOS E SISTEMAS UTIL","fornecedor":"VIP INFORMATICA LTDA","denom_uni_orc":"CORPO DELIBERATIVO E SECRETARIA","funcao":"Legislativa","sub_funcao":"A\u00e7\u00e3o Legislativa","programa":"A\u00c7\u00c3O LEGISLATIVA","acao":"INDENIZA\u00c7\u00d5ES E RESTITUI\u00c7\u00d5ES DO RPPS","ident_acao":"Projeto","cat_econ":"Despesa de Capital","natureza_despesa":"Investimentos","modalidade_despesa":"Aplica\u00e7\u00f5es Diretas","elemento_despesa":"Equipamentos e Material Permanente","sub_elem_desp":"OUTROS MATERIAIS PERMANENTES","fonte_recurso":"Recursos do Exerc\u00edcio Corrente \/ Outros Recursos n\u00e3o Vinculados \/ -"},{"ano_emissao_emp":"2023","n_emp":"0000187","data_emissao":"16\/05\/2023","valor":"802,40","tipo_empenho":"Ordin\u00e1rio","hist_emp":"VALOR QUE SE EMPENHA PARA FAZER FACE \u00c0 AQUISI\u00c7\u00c3O DE 01 UNID SWITCH 8 PORTAS INTELBRAS E 01 UNIDADE NOBREAK INTERATIVO INTELBRAS XNB. O EQUIPAMENTO SWITCH 8 PORTAS TEM COMO FINALIDADE POSSIBILITAR A COMUNICA\u00c7\u00c3O ENTRE DOIS OU MAIS DISPOSITIVOS DE INFORM\u00c1TICA, COMPARTILHANDO DADOS DE REDE. E O EQUIPAMENTO NOBREAK INTERATIVO INTELBRAS XNB SER\u00c1 UTILIZADO JUNTO COM O NOVO PONTO BIOM\u00c9TRICO DESTINADO AO CIDATEC. ESSE EMPENHO VISA ASSEGURAR A CONECTIVIDADE E A PROTE\u00c7\u00c3O EL\u00c9TRICA PARA OS DISPOSITIVOS E SISTEMAS UTIL","fornecedor":"VIP INFORMATICA LTDA","denom_uni_orc":"CORPO DELIBERATIVO E SECRETARIA","funcao":"Legislativa","sub_funcao":"A\u00e7\u00e3o Legislativa","programa":"A\u00c7\u00c3O LEGISLATIVA","acao":"AMORTIZA\u00c7\u00c3O DA D\u00cdVIDA P\u00daBLICA CONSOLIDADA","ident_acao":"Projeto","cat_econ":"Despesa de Capital","natureza_despesa":"Investimentos","modalidade_despesa":"Aplica\u00e7\u00f5es Diretas","elemento_despesa":"Equipamentos e Material Permanente","sub_elem_desp":"OUTROS MATERIAIS PERMANENTES","fonte_recurso":"Recursos do Exerc\u00edcio Corrente \/ Outros Recursos n\u00e3o Vinculados \/ -"},{"ano_emissao_emp":"2023","n_emp":"0000188","data_emissao":"16\/05\/2023","valor":"430,00","tipo_empenho":"Ordin\u00e1rio","hist_emp":"VALOR QUE SE EMPENHA PARA FAZER FACE \u00c0 AQUISI\u00c7\u00c3O DE UMA BATERIA DE CARRO COM 50 AH E GARANTIA M\u00cdNIMA DE 24 MESES. DESTINADA AO VE\u00cdCULO OFICIAL UTILIZADO PELA C\u00c2MARA, O CHEVROLET SPIN PARA SUPRIR AS NECESSIDADES EL\u00c9TRICAS DO VE\u00cdCULO. ESTE EMPENHO TEM COMO FINALIDADE PROPORCIONAR UM FUNCIONAMENTO EFICIENTE E CONFI\u00c1VEL DO VE\u00cdCULO, GARANTINDO A MOBILIDADE E A SEGURAN\u00c7A NAS ATIVIDADES REALIZADAS PELA C\u00c2MARA, CELEBRADO MEDIANTE DISPENSA DE LICITA\u00c7\u00c3O, COM FUNDAMENTO NO ARTIGO 24, INCISO 2\u00ba DA LEI 8.666\/93.","fornecedor":"AUTO TREVO PE\u00c7AS E ACESS\u00d3RIOS","denom_uni_orc":"CORPO DELIBERATIVO E SECRETARIA","funcao":"Legislativa","sub_funcao":"A\u00e7\u00e3o Legislativa","programa":"A\u00c7\u00c3O LEGISLATIVA","acao":"AQUISI\u00c7\u00c3O DE M\u00d3VEIS, M\u00c1QUINAS E EQUIPAMENTOS DIVERSOS PARA O CONSELHO","ident_acao":"Atividade","cat_econ":"Despesa Corrente","natureza_despesa":"Outras Despesas Correntes","modalidade_despesa":"Aplica\u00e7\u00f5es Diretas","elemento_despesa":"Material de Consumo","sub_elem_desp":"SEM SUBELEMENTO","fonte_recurso":"Recursos do Exerc\u00edcio Corrente \/ Outros Recursos n\u00e3o Vinculados \/ -"},{"ano_emissao_emp":"2023","n_emp":"0000188","data_emissao":"16\/05\/2023","valor":"430,00","tipo_empenho":"Ordin\u00e1rio","hist_emp":"VALOR QUE SE EMPENHA PARA FAZER FACE \u00c0 AQUISI\u00c7\u00c3O DE UMA BATERIA DE CARRO COM 50 AH E GARANTIA M\u00cdNIMA DE 24 MESES. DESTINADA AO VE\u00cdCULO OFICIAL UTILIZADO PELA C\u00c2MARA, O CHEVROLET SPIN PARA SUPRIR AS NECESSIDADES EL\u00c9TRICAS DO VE\u00cdCULO. ESTE EMPENHO TEM COMO FINALIDADE PROPORCIONAR UM FUNCIONAMENTO EFICIENTE E CONFI\u00c1VEL DO VE\u00cdCULO, GARANTINDO A MOBILIDADE E A SEGURAN\u00c7A NAS ATIVIDADES REALIZADAS PELA C\u00c2MARA, CELEBRADO MEDIANTE DISPENSA DE LICITA\u00c7\u00c3O, COM FUNDAMENTO NO ARTIGO 24, INCISO 2\u00ba DA LEI 8.666\/93.","fornecedor":"AUTO TREVO PE\u00c7AS E ACESS\u00d3RIOS","denom_uni_orc":"CORPO DELIBERATIVO E SECRETARIA","funcao":"Legislativa","sub_funcao":"A\u00e7\u00e3o Legislativa","programa":"A\u00c7\u00c3O LEGISLATIVA","acao":"MANUTEN\u00c7\u00c3O DAS ATIVIDADES ADMINISTRATIVAS","ident_acao":"Atividade","cat_econ":"Despesa Corrente","natureza_despesa":"Outras Despesas Correntes","modalidade_despesa":"Aplica\u00e7\u00f5es Diretas","elemento_despesa":"Material de Consumo","sub_elem_desp":"SEM SUBELEMENTO","fonte_recurso":"Recursos do Exerc\u00edcio Corrente \/ Outros Recursos n\u00e3o Vinculados \/ -"},{"ano_emissao_emp":"2023","n_emp":"0000188","data_emissao":"16\/05\/2023","valor":"430,00","tipo_empenho":"Ordin\u00e1rio","hist_emp":"VALOR QUE SE EMPENHA PARA FAZER FACE \u00c0 AQUISI\u00c7\u00c3O DE UMA BATERIA DE CARRO COM 50 AH E GARANTIA M\u00cdNIMA DE 24 MESES. DESTINADA AO VE\u00cdCULO OFICIAL UTILIZADO PELA C\u00c2MARA, O CHEVROLET SPIN PARA SUPRIR AS NECESSIDADES EL\u00c9TRICAS DO VE\u00cdCULO. ESTE EMPENHO TEM COMO FINALIDADE PROPORCIONAR UM FUNCIONAMENTO EFICIENTE E CONFI\u00c1VEL DO VE\u00cdCULO, GARANTINDO A MOBILIDADE E A SEGURAN\u00c7A NAS ATIVIDADES REALIZADAS PELA C\u00c2MARA, CELEBRADO MEDIANTE DISPENSA DE LICITA\u00c7\u00c3O, COM FUNDAMENTO NO ARTIGO 24, INCISO 2\u00ba DA LEI 8.666\/93.","fornecedor":"AUTO TREVO PE\u00c7AS E ACESS\u00d3RIOS","denom_uni_orc":"CORPO DELIBERATIVO E SECRETARIA","funcao":"Legislativa","sub_funcao":"A\u00e7\u00e3o Legislativa","programa":"A\u00c7\u00c3O LEGISLATIVA","acao":"INDENIZA\u00c7\u00d5ES E RESTITUI\u00c7\u00d5ES DIVERSAS (FMS)","ident_acao":"Atividade","cat_econ":"Despesa Corrente","natureza_despesa":"Outras Despesas Correntes","modalidade_despesa":"Aplica\u00e7\u00f5es Diretas","elemento_despesa":"Material de Consumo","sub_elem_desp":"SEM SUBELEMENTO","fonte_recurso":"Recursos do Exerc\u00edcio Corrente \/ Outros Recursos n\u00e3o Vinculados \/ -"},{"ano_emissao_emp":"2023","n_emp":"0000189","data_emissao":"18\/05\/2023","valor":"960,00","tipo_empenho":"Ordin\u00e1rio","hist_emp":"VALOR QUE SE EMPENHA PARA FAZER FACE \u00c0 AQUISI\u00c7\u00c3O UMA DE PLACA DE V\u00cdDEO POWER COLOR RADEON  RX 550 4GB - DDR5 128 BITS QUE SER\u00c1 UTILIZADO PARA SUBSTITUIR O INSTALADO NA M\u00c1QUINA PERTENCENTE AO SETOR DE COMUNICA\u00c7\u00c3O DESTA CASA LEGISLATIVA, CELEBRADO MEDIANTE DISPENSA DE LICITA\u00c7\u00c3O, COM FUNDAMENTO NO ARTIGO 24, INCISO 2\u00ba DA LEI 8.666\/93.","fornecedor":"MAGAZINE LUIZA S\/A","denom_uni_orc":"CORPO DELIBERATIVO E SECRETARIA","funcao":"Legislativa","sub_funcao":"A\u00e7\u00e3o Legislativa","programa":"A\u00c7\u00c3O LEGISLATIVA","acao":"AQUISI\u00c7\u00c3O DE M\u00d3VEIS, M\u00c1QUINAS E EQUIPAMENTOS DIVERSOS PARA O CONSELHO","ident_acao":"Atividade","cat_econ":"Despesa Corrente","natureza_despesa":"Outras Despesas Correntes","modalidade_despesa":"Aplica\u00e7\u00f5es Diretas","elemento_despesa":"Material de Consumo","sub_elem_desp":"MATERIAL DE PROCESSAMENTO DE DADOS","fonte_recurso":"Recursos do Exerc\u00edcio Corrente \/ Outros Recursos n\u00e3o Vinculados \/ -"},{"ano_emissao_emp":"2023","n_emp":"0000189","data_emissao":"18\/05\/2023","valor":"960,00","tipo_empenho":"Ordin\u00e1rio","hist_emp":"VALOR QUE SE EMPENHA PARA FAZER FACE \u00c0 AQUISI\u00c7\u00c3O UMA DE PLACA DE V\u00cdDEO POWER COLOR RADEON  RX 550 4GB - DDR5 128 BITS QUE SER\u00c1 UTILIZADO PARA SUBSTITUIR O INSTALADO NA M\u00c1QUINA PERTENCENTE AO SETOR DE COMUNICA\u00c7\u00c3O DESTA CASA LEGISLATIVA, CELEBRADO MEDIANTE DISPENSA DE LICITA\u00c7\u00c3O, COM FUNDAMENTO NO ARTIGO 24, INCISO 2\u00ba DA LEI 8.666\/93.","fornecedor":"MAGAZINE LUIZA S\/A","denom_uni_orc":"CORPO DELIBERATIVO E SECRETARIA","funcao":"Legislativa","sub_funcao":"A\u00e7\u00e3o Legislativa","programa":"A\u00c7\u00c3O LEGISLATIVA","acao":"MANUTEN\u00c7\u00c3O DAS ATIVIDADES ADMINISTRATIVAS","ident_acao":"Atividade","cat_econ":"Despesa Corrente","natureza_despesa":"Outras Despesas Correntes","modalidade_despesa":"Aplica\u00e7\u00f5es Diretas","elemento_despesa":"Material de Consumo","sub_elem_desp":"MATERIAL DE PROCESSAMENTO DE DADOS","fonte_recurso":"Recursos do Exerc\u00edcio Corrente \/ Outros Recursos n\u00e3o Vinculados \/ -"},{"ano_emissao_emp":"2023","n_emp":"0000189","data_emissao":"18\/05\/2023","valor":"960,00","tipo_empenho":"Ordin\u00e1rio","hist_emp":"VALOR QUE SE EMPENHA PARA FAZER FACE \u00c0 AQUISI\u00c7\u00c3O UMA DE PLACA DE V\u00cdDEO POWER COLOR RADEON  RX 550 4GB - DDR5 128 BITS QUE SER\u00c1 UTILIZADO PARA SUBSTITUIR O INSTALADO NA M\u00c1QUINA PERTENCENTE AO SETOR DE COMUNICA\u00c7\u00c3O DESTA CASA LEGISLATIVA, CELEBRADO MEDIANTE DISPENSA DE LICITA\u00c7\u00c3O, COM FUNDAMENTO NO ARTIGO 24, INCISO 2\u00ba DA LEI 8.666\/93.","fornecedor":"MAGAZINE LUIZA S\/A","denom_uni_orc":"CORPO DELIBERATIVO E SECRETARIA","funcao":"Legislativa","sub_funcao":"A\u00e7\u00e3o Legislativa","programa":"A\u00c7\u00c3O LEGISLATIVA","acao":"INDENIZA\u00c7\u00d5ES E RESTITUI\u00c7\u00d5ES DIVERSAS (FMS)","ident_acao":"Atividade","cat_econ":"Despesa Corrente","natureza_despesa":"Outras Despesas Correntes","modalidade_despesa":"Aplica\u00e7\u00f5es Diretas","elemento_despesa":"Material de Consumo","sub_elem_desp":"MATERIAL DE PROCESSAMENTO DE DADOS","fonte_recurso":"Recursos do Exerc\u00edcio Corrente \/ Outros Recursos n\u00e3o Vinculados \/ -"},{"ano_emissao_emp":"2023","n_emp":"0000190","data_emissao":"18\/05\/2023","valor":"960,00","tipo_empenho":"Ordin\u00e1rio","hist_emp":"VALOR QUE SE EMPENHA PARA FAZER FACE A AQUISI\u00c7\u00c3O DE UMA PLACA DE V\u00cdDEO POWER COLOR RADEON RX 550 4GB - DDR5 128 BITS PARA SUBSTITUIR O INSTALADOR NA M\u00c1QUINA PERTENCENTE AO SETOR DE COMUNICA\u00c7\u00c3O, CELEBRADO MEDIANTE DISPENSA DE LICITA\u00c7\u00c3O, COM FUNDAMENTO NO ARTIGO 24, INCISO 2\u00ba DA LEI 8.666\/93.","fornecedor":"MAGAZINE LUIZA S\/A","denom_uni_orc":"CORPO DELIBERATIVO E SECRETARIA","funcao":"Legislativa","sub_funcao":"A\u00e7\u00e3o Legislativa","programa":"A\u00c7\u00c3O LEGISLATIVA","acao":"AQUISI\u00c7\u00c3O DE M\u00d3VEIS, M\u00c1QUINAS E EQUIPAMENTOS DIVERSOS PARA O CONSELHO","ident_acao":"Atividade","cat_econ":"Despesa Corrente","natureza_despesa":"Outras Despesas Correntes","modalidade_despesa":"Aplica\u00e7\u00f5es Diretas","elemento_despesa":"Material de Consumo","sub_elem_desp":"MATERIAL DE PROCESSAMENTO DE DADOS","fonte_recurso":"Recursos do Exerc\u00edcio Corrente \/ Outros Recursos n\u00e3o Vinculados \/ -"},{"ano_emissao_emp":"2023","n_emp":"0000190","data_emissao":"18\/05\/2023","valor":"960,00","tipo_empenho":"Ordin\u00e1rio","hist_emp":"VALOR QUE SE EMPENHA PARA FAZER FACE A AQUISI\u00c7\u00c3O DE UMA PLACA DE V\u00cdDEO POWER COLOR RADEON RX 550 4GB - DDR5 128 BITS PARA SUBSTITUIR O INSTALADOR NA M\u00c1QUINA PERTENCENTE AO SETOR DE COMUNICA\u00c7\u00c3O, CELEBRADO MEDIANTE DISPENSA DE LICITA\u00c7\u00c3O, COM FUNDAMENTO NO ARTIGO 24, INCISO 2\u00ba DA LEI 8.666\/93.","fornecedor":"MAGAZINE LUIZA S\/A","denom_uni_orc":"CORPO DELIBERATIVO E SECRETARIA","funcao":"Legislativa","sub_funcao":"A\u00e7\u00e3o Legislativa","programa":"A\u00c7\u00c3O LEGISLATIVA","acao":"MANUTEN\u00c7\u00c3O DAS ATIVIDADES ADMINISTRATIVAS","ident_acao":"Atividade","cat_econ":"Despesa Corrente","natureza_despesa":"Outras Despesas Correntes","modalidade_despesa":"Aplica\u00e7\u00f5es Diretas","elemento_despesa":"Material de Consumo","sub_elem_desp":"MATERIAL DE PROCESSAMENTO DE DADOS","fonte_recurso":"Recursos do Exerc\u00edcio Corrente \/ Outros Recursos n\u00e3o Vinculados \/ -"},{"ano_emissao_emp":"2023","n_emp":"0000190","data_emissao":"18\/05\/2023","valor":"960,00","tipo_empenho":"Ordin\u00e1rio","hist_emp":"VALOR QUE SE EMPENHA PARA FAZER FACE A AQUISI\u00c7\u00c3O DE UMA PLACA DE V\u00cdDEO POWER COLOR RADEON RX 550 4GB - DDR5 128 BITS PARA SUBSTITUIR O INSTALADOR NA M\u00c1QUINA PERTENCENTE AO SETOR DE COMUNICA\u00c7\u00c3O, CELEBRADO MEDIANTE DISPENSA DE LICITA\u00c7\u00c3O, COM FUNDAMENTO NO ARTIGO 24, INCISO 2\u00ba DA LEI 8.666\/93.","fornecedor":"MAGAZINE LUIZA S\/A","denom_uni_orc":"CORPO DELIBERATIVO E SECRETARIA","funcao":"Legislativa","sub_funcao":"A\u00e7\u00e3o Legislativa","programa":"A\u00c7\u00c3O LEGISLATIVA","acao":"INDENIZA\u00c7\u00d5ES E RESTITUI\u00c7\u00d5ES DIVERSAS (FMS)","ident_acao":"Atividade","cat_econ":"Despesa Corrente","natureza_despesa":"Outras Despesas Correntes","modalidade_despesa":"Aplica\u00e7\u00f5es Diretas","elemento_despesa":"Material de Consumo","sub_elem_desp":"MATERIAL DE PROCESSAMENTO DE DADOS","fonte_recurso":"Recursos do Exerc\u00edcio Corrente \/ Outros Recursos n\u00e3o Vinculados \/ -"},{"ano_emissao_emp":"2023","n_emp":"0000191","data_emissao":"19\/05\/2023","valor":"1.649,00","tipo_empenho":"Ordin\u00e1rio","hist_emp":"VALOR QUE SE EMPENHA PARA FAZER FACE A AQUISI\u00c7\u00c3O DE MATERIAIS DE PINTURA ESPEC\u00cdFICOS PARA A REALIZA\u00c7\u00c3O DE SERVI\u00c7O DE PINTURA DO PREDIO ONDE COMPORTA O CIDATEC, CELEBRADO MEDIANTE DISPENSA DE LICITA\u00c7\u00c3O, COM FUNDAMENTO NO ARTIGO 24, INCISO 2\u00ba DA LEI 8.666\/93.","fornecedor":"JUCIMAR BEZERRA MONTEIRO JUNIOR","denom_uni_orc":"CORPO DELIBERATIVO E SECRETARIA","funcao":"Legislativa","sub_funcao":"A\u00e7\u00e3o Legislativa","programa":"A\u00c7\u00c3O LEGISLATIVA","acao":"AQUISI\u00c7\u00c3O DE M\u00d3VEIS, M\u00c1QUINAS E EQUIPAMENTOS DIVERSOS PARA O CONSELHO","ident_acao":"Atividade","cat_econ":"Despesa Corrente","natureza_despesa":"Outras Despesas Correntes","modalidade_despesa":"Aplica\u00e7\u00f5es Diretas","elemento_despesa":"Material de Consumo","sub_elem_desp":"SEM SUBELEMENTO","fonte_recurso":"Recursos do Exerc\u00edcio Corrente \/ Outros Recursos n\u00e3o Vinculados \/ -"},{"ano_emissao_emp":"2023","n_emp":"0000191","data_emissao":"19\/05\/2023","valor":"1.649,00","tipo_empenho":"Ordin\u00e1rio","hist_emp":"VALOR QUE SE EMPENHA PARA FAZER FACE A AQUISI\u00c7\u00c3O DE MATERIAIS DE PINTURA ESPEC\u00cdFICOS PARA A REALIZA\u00c7\u00c3O DE SERVI\u00c7O DE PINTURA DO PREDIO ONDE COMPORTA O CIDATEC, CELEBRADO MEDIANTE DISPENSA DE LICITA\u00c7\u00c3O, COM FUNDAMENTO NO ARTIGO 24, INCISO 2\u00ba DA LEI 8.666\/93.","fornecedor":"JUCIMAR BEZERRA MONTEIRO JUNIOR","denom_uni_orc":"CORPO DELIBERATIVO E SECRETARIA","funcao":"Legislativa","sub_funcao":"A\u00e7\u00e3o Legislativa","programa":"A\u00c7\u00c3O LEGISLATIVA","acao":"MANUTEN\u00c7\u00c3O DAS ATIVIDADES ADMINISTRATIVAS","ident_acao":"Atividade","cat_econ":"Despesa Corrente","natureza_despesa":"Outras Despesas Correntes","modalidade_despesa":"Aplica\u00e7\u00f5es Diretas","elemento_despesa":"Material de Consumo","sub_elem_desp":"SEM SUBELEMENTO","fonte_recurso":"Recursos do Exerc\u00edcio Corrente \/ Outros Recursos n\u00e3o Vinculados \/ -"},{"ano_emissao_emp":"2023","n_emp":"0000191","data_emissao":"19\/05\/2023","valor":"1.649,00","tipo_empenho":"Ordin\u00e1rio","hist_emp":"VALOR QUE SE EMPENHA PARA FAZER FACE A AQUISI\u00c7\u00c3O DE MATERIAIS DE PINTURA ESPEC\u00cdFICOS PARA A REALIZA\u00c7\u00c3O DE SERVI\u00c7O DE PINTURA DO PREDIO ONDE COMPORTA O CIDATEC, CELEBRADO MEDIANTE DISPENSA DE LICITA\u00c7\u00c3O, COM FUNDAMENTO NO ARTIGO 24, INCISO 2\u00ba DA LEI 8.666\/93.","fornecedor":"JUCIMAR BEZERRA MONTEIRO JUNIOR","denom_uni_orc":"CORPO DELIBERATIVO E SECRETARIA","funcao":"Legislativa","sub_funcao":"A\u00e7\u00e3o Legislativa","programa":"A\u00c7\u00c3O LEGISLATIVA","acao":"INDENIZA\u00c7\u00d5ES E RESTITUI\u00c7\u00d5ES DIVERSAS (FMS)","ident_acao":"Atividade","cat_econ":"Despesa Corrente","natureza_despesa":"Outras Despesas Correntes","modalidade_despesa":"Aplica\u00e7\u00f5es Diretas","elemento_despesa":"Material de Consumo","sub_elem_desp":"SEM SUBELEMENTO","fonte_recurso":"Recursos do Exerc\u00edcio Corrente \/ Outros Recursos n\u00e3o Vinculados \/ -"},{"ano_emissao_emp":"2023","n_emp":"0000192","data_emissao":"19\/05\/2023","valor":"1.800,00","tipo_empenho":"Ordin\u00e1rio","hist_emp":"VALOR QUE SE EMPENHA PARA FAZER FACE A CUSTEIO DE PRESTA\u00c7\u00c3O DE SERVI\u00c7O DE PINTURA QUE SER\u00c1 REALIZADO NO CIDATEC (ANEXO DESTA CASA DE LEI), CELEBRADO MEDIANTE DISPENSA DE LICITA\u00c7\u00c3O, COM FUNDAMENTO NO ARTIGO 24, INCISO 2\u00ba DA LEI 8.666\/93.","fornecedor":"STEPHANNY NYELZ DA SILVA","denom_uni_orc":"CORPO DELIBERATIVO E SECRETARIA","funcao":"Legislativa","sub_funcao":"A\u00e7\u00e3o Legislativa","programa":"A\u00c7\u00c3O LEGISLATIVA","acao":"AQUISI\u00c7\u00c3O DE M\u00d3VEIS, M\u00c1QUINAS E EQUIPAMENTOS DIVERSOS PARA O CONSELHO","ident_acao":"Atividade","cat_econ":"Despesa Corrente","natureza_despesa":"Outras Despesas Correntes","modalidade_despesa":"Aplica\u00e7\u00f5es Diretas","elemento_despesa":"Outros Servi\u00e7os de Terceiros - Pessoa F\u00edsica","sub_elem_desp":"MANUTEN\u00c7\u00c3O E CONSERVA\u00c7\u00c3O DE BENS IM\u00d3VEIS","fonte_recurso":"Recursos do Exerc\u00edcio Corrente \/ Outros Recursos n\u00e3o Vinculados \/ -"},{"ano_emissao_emp":"2023","n_emp":"0000192","data_emissao":"19\/05\/2023","valor":"1.800,00","tipo_empenho":"Ordin\u00e1rio","hist_emp":"VALOR QUE SE EMPENHA PARA FAZER FACE A CUSTEIO DE PRESTA\u00c7\u00c3O DE SERVI\u00c7O DE PINTURA QUE SER\u00c1 REALIZADO NO CIDATEC (ANEXO DESTA CASA DE LEI), CELEBRADO MEDIANTE DISPENSA DE LICITA\u00c7\u00c3O, COM FUNDAMENTO NO ARTIGO 24, INCISO 2\u00ba DA LEI 8.666\/93.","fornecedor":"STEPHANNY NYELZ DA SILVA","denom_uni_orc":"CORPO DELIBERATIVO E SECRETARIA","funcao":"Legislativa","sub_funcao":"A\u00e7\u00e3o Legislativa","programa":"A\u00c7\u00c3O LEGISLATIVA","acao":"MANUTEN\u00c7\u00c3O DAS ATIVIDADES ADMINISTRATIVAS","ident_acao":"Atividade","cat_econ":"Despesa Corrente","natureza_despesa":"Outras Despesas Correntes","modalidade_despesa":"Aplica\u00e7\u00f5es Diretas","elemento_despesa":"Outros Servi\u00e7os de Terceiros - Pessoa F\u00edsica","sub_elem_desp":"MANUTEN\u00c7\u00c3O E CONSERVA\u00c7\u00c3O DE BENS IM\u00d3VEIS","fonte_recurso":"Recursos do Exerc\u00edcio Corrente \/ Outros Recursos n\u00e3o Vinculados \/ -"},{"ano_emissao_emp":"2023","n_emp":"0000192","data_emissao":"19\/05\/2023","valor":"1.800,00","tipo_empenho":"Ordin\u00e1rio","hist_emp":"VALOR QUE SE EMPENHA PARA FAZER FACE A CUSTEIO DE PRESTA\u00c7\u00c3O DE SERVI\u00c7O DE PINTURA QUE SER\u00c1 REALIZADO NO CIDATEC (ANEXO DESTA CASA DE LEI), CELEBRADO MEDIANTE DISPENSA DE LICITA\u00c7\u00c3O, COM FUNDAMENTO NO ARTIGO 24, INCISO 2\u00ba DA LEI 8.666\/93.","fornecedor":"STEPHANNY NYELZ DA SILVA","denom_uni_orc":"CORPO DELIBERATIVO E SECRETARIA","funcao":"Legislativa","sub_funcao":"A\u00e7\u00e3o Legislativa","programa":"A\u00c7\u00c3O LEGISLATIVA","acao":"INDENIZA\u00c7\u00d5ES E RESTITUI\u00c7\u00d5ES DIVERSAS (FMS)","ident_acao":"Atividade","cat_econ":"Despesa Corrente","natureza_despesa":"Outras Despesas Correntes","modalidade_despesa":"Aplica\u00e7\u00f5es Diretas","elemento_despesa":"Outros Servi\u00e7os de Terceiros - Pessoa F\u00edsica","sub_elem_desp":"MANUTEN\u00c7\u00c3O E CONSERVA\u00c7\u00c3O DE BENS IM\u00d3VEIS","fonte_recurso":"Recursos do Exerc\u00edcio Corrente \/ Outros Recursos n\u00e3o Vinculados \/ -"},{"ano_emissao_emp":"2023","n_emp":"0000193","data_emissao":"23\/05\/2023","valor":"99,90","tipo_empenho":"Ordin\u00e1rio","hist_emp":"VALOR QUE SE EMPENHA PARA FAZER FACE \u00c0 AQUISI\u00c7\u00c3O DE UMA FECHADURA 803\/21 ROSETA INOX EXT, SER\u00c1 INSTALADO NA PORTA DO GABINETE DO VEREADOR AUGUSTO MAIA. CELEBRADO MEDIANTE DISPENSA DE LICITA\u00c7\u00c3O, COM FUNDAMENTO NO ARTIGO 24, INCISO 2\u00ba DA LEI 8.666\/93.","fornecedor":"E JOSE DA SILVA MADEREIRA - PORTAL TRINCOS","denom_uni_orc":"CORPO DELIBERATIVO E SECRETARIA","funcao":"Legislativa","sub_funcao":"A\u00e7\u00e3o Legislativa","programa":"A\u00c7\u00c3O LEGISLATIVA","acao":"AQUISI\u00c7\u00c3O DE M\u00d3VEIS, M\u00c1QUINAS E EQUIPAMENTOS DIVERSOS PARA O CONSELHO","ident_acao":"Atividade","cat_econ":"Despesa Corrente","natureza_despesa":"Outras Despesas Correntes","modalidade_despesa":"Aplica\u00e7\u00f5es Diretas","elemento_despesa":"Material de Consumo","sub_elem_desp":"SEM SUBELEMENTO","fonte_recurso":"Recursos do Exerc\u00edcio Corrente \/ Outros Recursos n\u00e3o Vinculados \/ -"},{"ano_emissao_emp":"2023","n_emp":"0000193","data_emissao":"23\/05\/2023","valor":"99,90","tipo_empenho":"Ordin\u00e1rio","hist_emp":"VALOR QUE SE EMPENHA PARA FAZER FACE \u00c0 AQUISI\u00c7\u00c3O DE UMA FECHADURA 803\/21 ROSETA INOX EXT, SER\u00c1 INSTALADO NA PORTA DO GABINETE DO VEREADOR AUGUSTO MAIA. CELEBRADO MEDIANTE DISPENSA DE LICITA\u00c7\u00c3O, COM FUNDAMENTO NO ARTIGO 24, INCISO 2\u00ba DA LEI 8.666\/93.","fornecedor":"E JOSE DA SILVA MADEREIRA - PORTAL TRINCOS","denom_uni_orc":"CORPO DELIBERATIVO E SECRETARIA","funcao":"Legislativa","sub_funcao":"A\u00e7\u00e3o Legislativa","programa":"A\u00c7\u00c3O LEGISLATIVA","acao":"MANUTEN\u00c7\u00c3O DAS ATIVIDADES ADMINISTRATIVAS","ident_acao":"Atividade","cat_econ":"Despesa Corrente","natureza_despesa":"Outras Despesas Correntes","modalidade_despesa":"Aplica\u00e7\u00f5es Diretas","elemento_despesa":"Material de Consumo","sub_elem_desp":"SEM SUBELEMENTO","fonte_recurso":"Recursos do Exerc\u00edcio Corrente \/ Outros Recursos n\u00e3o Vinculados \/ -"},{"ano_emissao_emp":"2023","n_emp":"0000193","data_emissao":"23\/05\/2023","valor":"99,90","tipo_empenho":"Ordin\u00e1rio","hist_emp":"VALOR QUE SE EMPENHA PARA FAZER FACE \u00c0 AQUISI\u00c7\u00c3O DE UMA FECHADURA 803\/21 ROSETA INOX EXT, SER\u00c1 INSTALADO NA PORTA DO GABINETE DO VEREADOR AUGUSTO MAIA. CELEBRADO MEDIANTE DISPENSA DE LICITA\u00c7\u00c3O, COM FUNDAMENTO NO ARTIGO 24, INCISO 2\u00ba DA LEI 8.666\/93.","fornecedor":"E JOSE DA SILVA MADEREIRA - PORTAL TRINCOS","denom_uni_orc":"CORPO DELIBERATIVO E SECRETARIA","funcao":"Legislativa","sub_funcao":"A\u00e7\u00e3o Legislativa","programa":"A\u00c7\u00c3O LEGISLATIVA","acao":"INDENIZA\u00c7\u00d5ES E RESTITUI\u00c7\u00d5ES DIVERSAS (FMS)","ident_acao":"Atividade","cat_econ":"Despesa Corrente","natureza_despesa":"Outras Despesas Correntes","modalidade_despesa":"Aplica\u00e7\u00f5es Diretas","elemento_despesa":"Material de Consumo","sub_elem_desp":"SEM SUBELEMENTO","fonte_recurso":"Recursos do Exerc\u00edcio Corrente \/ Outros Recursos n\u00e3o Vinculados \/ -"},{"ano_emissao_emp":"2023","n_emp":"0000194","data_emissao":"23\/05\/2023","valor":"600,00","tipo_empenho":"Ordin\u00e1rio","hist_emp":"VALOR QUE SE EMPENHA PARA FAZER FACE AO PAGAMENTO DO AUX\u00cdLIO-TRANSPORTE PARA FLAVIO ALEIXO DA SILVA MAT 2023001 REFERENTE AO  M\u00caS DE MAIO QUE SER\u00c1 CREDITADO EM CART\u00c3O CORPORATIVO CEDIDO PELA EMPRESA LOGO CARUARUENSE, CONFORME ARTIGO 50, INCISO II E ARTIGO 51 DA LEI MUNICIPAL 923\/1990, ASSIM COMO DISP\u00d5E A PORTARIA 78\/2023, CELEBRADO MEDIANTE DISPENSA DE LICITA\u00c7\u00c3O, COM FUNDAMENTO NO ARTIGO 24, INCISO 2\u00ba DA LEI 8.666\/93.","fornecedor":"LOGO TRANSPORTES LTDA","denom_uni_orc":"CORPO DELIBERATIVO E SECRETARIA","funcao":"Legislativa","sub_funcao":"A\u00e7\u00e3o Legislativa","programa":"A\u00c7\u00c3O LEGISLATIVA","acao":"AQUISI\u00c7\u00c3O DE M\u00d3VEIS, M\u00c1QUINAS E EQUIPAMENTOS DIVERSOS PARA O CONSELHO","ident_acao":"Atividade","cat_econ":"Despesa Corrente","natureza_despesa":"Outras Despesas Correntes","modalidade_despesa":"Aplica\u00e7\u00f5es Diretas","elemento_despesa":"Material de Consumo","sub_elem_desp":"SEM SUBELEMENTO","fonte_recurso":"Recursos do Exerc\u00edcio Corrente \/ Outros Recursos n\u00e3o Vinculados \/ -"},{"ano_emissao_emp":"2023","n_emp":"0000194","data_emissao":"23\/05\/2023","valor":"600,00","tipo_empenho":"Ordin\u00e1rio","hist_emp":"VALOR QUE SE EMPENHA PARA FAZER FACE AO PAGAMENTO DO AUX\u00cdLIO-TRANSPORTE PARA FLAVIO ALEIXO DA SILVA MAT 2023001 REFERENTE AO  M\u00caS DE MAIO QUE SER\u00c1 CREDITADO EM CART\u00c3O CORPORATIVO CEDIDO PELA EMPRESA LOGO CARUARUENSE, CONFORME ARTIGO 50, INCISO II E ARTIGO 51 DA LEI MUNICIPAL 923\/1990, ASSIM COMO DISP\u00d5E A PORTARIA 78\/2023, CELEBRADO MEDIANTE DISPENSA DE LICITA\u00c7\u00c3O, COM FUNDAMENTO NO ARTIGO 24, INCISO 2\u00ba DA LEI 8.666\/93.","fornecedor":"LOGO TRANSPORTES LTDA","denom_uni_orc":"CORPO DELIBERATIVO E SECRETARIA","funcao":"Legislativa","sub_funcao":"A\u00e7\u00e3o Legislativa","programa":"A\u00c7\u00c3O LEGISLATIVA","acao":"MANUTEN\u00c7\u00c3O DAS ATIVIDADES ADMINISTRATIVAS","ident_acao":"Atividade","cat_econ":"Despesa Corrente","natureza_despesa":"Outras Despesas Correntes","modalidade_despesa":"Aplica\u00e7\u00f5es Diretas","elemento_despesa":"Material de Consumo","sub_elem_desp":"SEM SUBELEMENTO","fonte_recurso":"Recursos do Exerc\u00edcio Corrente \/ Outros Recursos n\u00e3o Vinculados \/ -"},{"ano_emissao_emp":"2023","n_emp":"0000194","data_emissao":"23\/05\/2023","valor":"600,00","tipo_empenho":"Ordin\u00e1rio","hist_emp":"VALOR QUE SE EMPENHA PARA FAZER FACE AO PAGAMENTO DO AUX\u00cdLIO-TRANSPORTE PARA FLAVIO ALEIXO DA SILVA MAT 2023001 REFERENTE AO  M\u00caS DE MAIO QUE SER\u00c1 CREDITADO EM CART\u00c3O CORPORATIVO CEDIDO PELA EMPRESA LOGO CARUARUENSE, CONFORME ARTIGO 50, INCISO II E ARTIGO 51 DA LEI MUNICIPAL 923\/1990, ASSIM COMO DISP\u00d5E A PORTARIA 78\/2023, CELEBRADO MEDIANTE DISPENSA DE LICITA\u00c7\u00c3O, COM FUNDAMENTO NO ARTIGO 24, INCISO 2\u00ba DA LEI 8.666\/93.","fornecedor":"LOGO TRANSPORTES LTDA","denom_uni_orc":"CORPO DELIBERATIVO E SECRETARIA","funcao":"Legislativa","sub_funcao":"A\u00e7\u00e3o Legislativa","programa":"A\u00c7\u00c3O LEGISLATIVA","acao":"INDENIZA\u00c7\u00d5ES E RESTITUI\u00c7\u00d5ES DIVERSAS (FMS)","ident_acao":"Atividade","cat_econ":"Despesa Corrente","natureza_despesa":"Outras Despesas Correntes","modalidade_despesa":"Aplica\u00e7\u00f5es Diretas","elemento_despesa":"Material de Consumo","sub_elem_desp":"SEM SUBELEMENTO","fonte_recurso":"Recursos do Exerc\u00edcio Corrente \/ Outros Recursos n\u00e3o Vinculados \/ -"},{"ano_emissao_emp":"2023","n_emp":"0000195","data_emissao":"25\/05\/2023","valor":"35,20","tipo_empenho":"Ordin\u00e1rio","hist_emp":"VALOR QUE SE EMPENHA PARA FAZER FACE AO CUSTEIO COM MANUTEN\u00c7\u00c3O DA HOSPEDAGEM DO SITE DESTA C\u00c2NMARA DE VEREADORES, CELEBRADO MEDIANTE DISPENSA DE LICITA\u00c7\u00c3O, COM FUNDAMENTO NO ARTIGO 24, INCISO 2\u00ba DA LEI 8.666\/93.","fornecedor":"BRS SP SUPRIMENTOS CORPORATIVOS LTDA.","denom_uni_orc":"CORPO DELIBERATIVO E SECRETARIA","funcao":"Legislativa","sub_funcao":"A\u00e7\u00e3o Legislativa","programa":"A\u00c7\u00c3O LEGISLATIVA","acao":"AQUISI\u00c7\u00c3O DE M\u00d3VEIS, M\u00c1QUINAS E EQUIPAMENTOS DIVERSOS PARA O CONSELHO","ident_acao":"Atividade","cat_econ":"Despesa Corrente","natureza_despesa":"Outras Despesas Correntes","modalidade_despesa":"Aplica\u00e7\u00f5es Diretas","elemento_despesa":"Outros Servi\u00e7os de Terceiros - Pessoa Jur\u00eddica","sub_elem_desp":"SEM SUBELEMENTO","fonte_recurso":"Recursos do Exerc\u00edcio Corrente \/ Outros Recursos n\u00e3o Vinculados \/ -"},{"ano_emissao_emp":"2023","n_emp":"0000195","data_emissao":"25\/05\/2023","valor":"35,20","tipo_empenho":"Ordin\u00e1rio","hist_emp":"VALOR QUE SE EMPENHA PARA FAZER FACE AO CUSTEIO COM MANUTEN\u00c7\u00c3O DA HOSPEDAGEM DO SITE DESTA C\u00c2NMARA DE VEREADORES, CELEBRADO MEDIANTE DISPENSA DE LICITA\u00c7\u00c3O, COM FUNDAMENTO NO ARTIGO 24, INCISO 2\u00ba DA LEI 8.666\/93.","fornecedor":"BRS SP SUPRIMENTOS CORPORATIVOS LTDA.","denom_uni_orc":"CORPO DELIBERATIVO E SECRETARIA","funcao":"Legislativa","sub_funcao":"A\u00e7\u00e3o Legislativa","programa":"A\u00c7\u00c3O LEGISLATIVA","acao":"MANUTEN\u00c7\u00c3O DAS ATIVIDADES ADMINISTRATIVAS","ident_acao":"Atividade","cat_econ":"Despesa Corrente","natureza_despesa":"Outras Despesas Correntes","modalidade_despesa":"Aplica\u00e7\u00f5es Diretas","elemento_despesa":"Outros Servi\u00e7os de Terceiros - Pessoa Jur\u00eddica","sub_elem_desp":"SEM SUBELEMENTO","fonte_recurso":"Recursos do Exerc\u00edcio Corrente \/ Outros Recursos n\u00e3o Vinculados \/ -"},{"ano_emissao_emp":"2023","n_emp":"0000195","data_emissao":"25\/05\/2023","valor":"35,20","tipo_empenho":"Ordin\u00e1rio","hist_emp":"VALOR QUE SE EMPENHA PARA FAZER FACE AO CUSTEIO COM MANUTEN\u00c7\u00c3O DA HOSPEDAGEM DO SITE DESTA C\u00c2NMARA DE VEREADORES, CELEBRADO MEDIANTE DISPENSA DE LICITA\u00c7\u00c3O, COM FUNDAMENTO NO ARTIGO 24, INCISO 2\u00ba DA LEI 8.666\/93.","fornecedor":"BRS SP SUPRIMENTOS CORPORATIVOS LTDA.","denom_uni_orc":"CORPO DELIBERATIVO E SECRETARIA","funcao":"Legislativa","sub_funcao":"A\u00e7\u00e3o Legislativa","programa":"A\u00c7\u00c3O LEGISLATIVA","acao":"INDENIZA\u00c7\u00d5ES E RESTITUI\u00c7\u00d5ES DIVERSAS (FMS)","ident_acao":"Atividade","cat_econ":"Despesa Corrente","natureza_despesa":"Outras Despesas Correntes","modalidade_despesa":"Aplica\u00e7\u00f5es Diretas","elemento_despesa":"Outros Servi\u00e7os de Terceiros - Pessoa Jur\u00eddica","sub_elem_desp":"SEM SUBELEMENTO","fonte_recurso":"Recursos do Exerc\u00edcio Corrente \/ Outros Recursos n\u00e3o Vinculados \/ -"},{"ano_emissao_emp":"2023","n_emp":"0000196","data_emissao":"25\/05\/2023","valor":"170,00","tipo_empenho":"Ordin\u00e1rio","hist_emp":"VALOR QUE SE EMPENHA PARA FAZER FACE A CUSTEIO DE 01 (UMA) DI\u00c1RIA SEM PERNAITE COM IDA A CIDADE DO RECIFE NO DIA 29\/05\/2023 ONDE IR\u00c1 PARTICIPAR DE UM TREINAMENTO PARA A EMISS\u00c3O DA NOVA IDENTIDADE, NO INSTITUTO DE IDENTIFICA\u00c7\u00c3O TAVARES BURIL, CONFORME FORMUL\u00c1RIO DE REQUISI\u00c7\u00c3O DE DI\u00c1RIA EM ANEXO.","fornecedor":"KEVIN WILLIAM DE LIMA","denom_uni_orc":"CORPO DELIBERATIVO E SECRETARIA","funcao":"Legislativa","sub_funcao":"A\u00e7\u00e3o Legislativa","programa":"A\u00c7\u00c3O LEGISLATIVA","acao":"AQUISI\u00c7\u00c3O DE M\u00d3VEIS, M\u00c1QUINAS E EQUIPAMENTOS DIVERSOS PARA O CONSELHO","ident_acao":"Atividade","cat_econ":"Despesa Corrente","natureza_despesa":"Outras Despesas Correntes","modalidade_despesa":"Aplica\u00e7\u00f5es Diretas","elemento_despesa":"Di\u00e1rias \u2013 Civil","sub_elem_desp":"SEM SUBELEMENTO","fonte_recurso":"Recursos do Exerc\u00edcio Corrente \/ Outros Recursos n\u00e3o Vinculados \/ -"},{"ano_emissao_emp":"2023","n_emp":"0000196","data_emissao":"25\/05\/2023","valor":"170,00","tipo_empenho":"Ordin\u00e1rio","hist_emp":"VALOR QUE SE EMPENHA PARA FAZER FACE A CUSTEIO DE 01 (UMA) DI\u00c1RIA SEM PERNAITE COM IDA A CIDADE DO RECIFE NO DIA 29\/05\/2023 ONDE IR\u00c1 PARTICIPAR DE UM TREINAMENTO PARA A EMISS\u00c3O DA NOVA IDENTIDADE, NO INSTITUTO DE IDENTIFICA\u00c7\u00c3O TAVARES BURIL, CONFORME FORMUL\u00c1RIO DE REQUISI\u00c7\u00c3O DE DI\u00c1RIA EM ANEXO.","fornecedor":"KEVIN WILLIAM DE LIMA","denom_uni_orc":"CORPO DELIBERATIVO E SECRETARIA","funcao":"Legislativa","sub_funcao":"A\u00e7\u00e3o Legislativa","programa":"A\u00c7\u00c3O LEGISLATIVA","acao":"MANUTEN\u00c7\u00c3O DAS ATIVIDADES ADMINISTRATIVAS","ident_acao":"Atividade","cat_econ":"Despesa Corrente","natureza_despesa":"Outras Despesas Correntes","modalidade_despesa":"Aplica\u00e7\u00f5es Diretas","elemento_despesa":"Di\u00e1rias \u2013 Civil","sub_elem_desp":"SEM SUBELEMENTO","fonte_recurso":"Recursos do Exerc\u00edcio Corrente \/ Outros Recursos n\u00e3o Vinculados \/ -"},{"ano_emissao_emp":"2023","n_emp":"0000196","data_emissao":"25\/05\/2023","valor":"170,00","tipo_empenho":"Ordin\u00e1rio","hist_emp":"VALOR QUE SE EMPENHA PARA FAZER FACE A CUSTEIO DE 01 (UMA) DI\u00c1RIA SEM PERNAITE COM IDA A CIDADE DO RECIFE NO DIA 29\/05\/2023 ONDE IR\u00c1 PARTICIPAR DE UM TREINAMENTO PARA A EMISS\u00c3O DA NOVA IDENTIDADE, NO INSTITUTO DE IDENTIFICA\u00c7\u00c3O TAVARES BURIL, CONFORME FORMUL\u00c1RIO DE REQUISI\u00c7\u00c3O DE DI\u00c1RIA EM ANEXO.","fornecedor":"KEVIN WILLIAM DE LIMA","denom_uni_orc":"CORPO DELIBERATIVO E SECRETARIA","funcao":"Legislativa","sub_funcao":"A\u00e7\u00e3o Legislativa","programa":"A\u00c7\u00c3O LEGISLATIVA","acao":"INDENIZA\u00c7\u00d5ES E RESTITUI\u00c7\u00d5ES DIVERSAS (FMS)","ident_acao":"Atividade","cat_econ":"Despesa Corrente","natureza_despesa":"Outras Despesas Correntes","modalidade_despesa":"Aplica\u00e7\u00f5es Diretas","elemento_despesa":"Di\u00e1rias \u2013 Civil","sub_elem_desp":"SEM SUBELEMENTO","fonte_recurso":"Recursos do Exerc\u00edcio Corrente \/ Outros Recursos n\u00e3o Vinculados \/ -"},{"ano_emissao_emp":"2023","n_emp":"0000197","data_emissao":"25\/05\/2023","valor":"146,20","tipo_empenho":"Ordin\u00e1rio","hist_emp":"VALOR QUE SE EMPENHA PARA FAZER FACE \u00c0 AQUISI\u00c7\u00c3O DE MATERIAIS DE EXPEDIENTE PARA SUPRIR OS TRABALHOS ADMINISTRATIVOS DESTA CASA LEGISLATIVA. CELEBRADO MEDIANTE DISPENSA DE LICITA\u00c7\u00c3O, COM FUNDAMENTO NO ARTIGO 24, INCISO 2\u00ba DA LEI 8.666\/93.","fornecedor":"GALDINO & SANTOS COMERCIAL LTDA","denom_uni_orc":"CORPO DELIBERATIVO E SECRETARIA","funcao":"Legislativa","sub_funcao":"A\u00e7\u00e3o Legislativa","programa":"A\u00c7\u00c3O LEGISLATIVA","acao":"AQUISI\u00c7\u00c3O DE M\u00d3VEIS, M\u00c1QUINAS E EQUIPAMENTOS DIVERSOS PARA O CONSELHO","ident_acao":"Atividade","cat_econ":"Despesa Corrente","natureza_despesa":"Outras Despesas Correntes","modalidade_despesa":"Aplica\u00e7\u00f5es Diretas","elemento_despesa":"Material de Consumo","sub_elem_desp":"SEM SUBELEMENTO","fonte_recurso":"Recursos do Exerc\u00edcio Corrente \/ Outros Recursos n\u00e3o Vinculados \/ -"},{"ano_emissao_emp":"2023","n_emp":"0000197","data_emissao":"25\/05\/2023","valor":"146,20","tipo_empenho":"Ordin\u00e1rio","hist_emp":"VALOR QUE SE EMPENHA PARA FAZER FACE \u00c0 AQUISI\u00c7\u00c3O DE MATERIAIS DE EXPEDIENTE PARA SUPRIR OS TRABALHOS ADMINISTRATIVOS DESTA CASA LEGISLATIVA. CELEBRADO MEDIANTE DISPENSA DE LICITA\u00c7\u00c3O, COM FUNDAMENTO NO ARTIGO 24, INCISO 2\u00ba DA LEI 8.666\/93.","fornecedor":"GALDINO & SANTOS COMERCIAL LTDA","denom_uni_orc":"CORPO DELIBERATIVO E SECRETARIA","funcao":"Legislativa","sub_funcao":"A\u00e7\u00e3o Legislativa","programa":"A\u00c7\u00c3O LEGISLATIVA","acao":"MANUTEN\u00c7\u00c3O DAS ATIVIDADES ADMINISTRATIVAS","ident_acao":"Atividade","cat_econ":"Despesa Corrente","natureza_despesa":"Outras Despesas Correntes","modalidade_despesa":"Aplica\u00e7\u00f5es Diretas","elemento_despesa":"Material de Consumo","sub_elem_desp":"SEM SUBELEMENTO","fonte_recurso":"Recursos do Exerc\u00edcio Corrente \/ Outros Recursos n\u00e3o Vinculados \/ -"},{"ano_emissao_emp":"2023","n_emp":"0000197","data_emissao":"25\/05\/2023","valor":"146,20","tipo_empenho":"Ordin\u00e1rio","hist_emp":"VALOR QUE SE EMPENHA PARA FAZER FACE \u00c0 AQUISI\u00c7\u00c3O DE MATERIAIS DE EXPEDIENTE PARA SUPRIR OS TRABALHOS ADMINISTRATIVOS DESTA CASA LEGISLATIVA. CELEBRADO MEDIANTE DISPENSA DE LICITA\u00c7\u00c3O, COM FUNDAMENTO NO ARTIGO 24, INCISO 2\u00ba DA LEI 8.666\/93.","fornecedor":"GALDINO & SANTOS COMERCIAL LTDA","denom_uni_orc":"CORPO DELIBERATIVO E SECRETARIA","funcao":"Legislativa","sub_funcao":"A\u00e7\u00e3o Legislativa","programa":"A\u00c7\u00c3O LEGISLATIVA","acao":"INDENIZA\u00c7\u00d5ES E RESTITUI\u00c7\u00d5ES DIVERSAS (FMS)","ident_acao":"Atividade","cat_econ":"Despesa Corrente","natureza_despesa":"Outras Despesas Correntes","modalidade_despesa":"Aplica\u00e7\u00f5es Diretas","elemento_despesa":"Material de Consumo","sub_elem_desp":"SEM SUBELEMENTO","fonte_recurso":"Recursos do Exerc\u00edcio Corrente \/ Outros Recursos n\u00e3o Vinculados \/ -"},{"ano_emissao_emp":"2023","n_emp":"0000198","data_emissao":"25\/05\/2023","valor":"44,00","tipo_empenho":"Ordin\u00e1rio","hist_emp":"VALOR QUE SE EMPENHA PARA FAZER FACE \u00c0 AQUISI\u00c7\u00c3O DE 01 UNID. DE \u00d3LEO MOTOR MOBIL SUPER 3000 FORM D1 OW20. DESTINA\u00c7\u00c3O- O ITEM ADQUIRIDO SER\u00c1 UTILIZADO NO VE\u00cdCULO AUTOMOTOR OFICIAL DESTA CASA DE LEI. CELEBRADO MEDIANTE DISPENSA DE LICITA\u00c7\u00c3O, COM FUNDAMENTO NO ARTIGO 24, INCISO 2\u00ba DA LEI 8.666\/93.","fornecedor":"AUTO TREVO PECAS ACESSORIOS E SERVICOS LTDA","denom_uni_orc":"CORPO DELIBERATIVO E SECRETARIA","funcao":"Legislativa","sub_funcao":"A\u00e7\u00e3o Legislativa","programa":"A\u00c7\u00c3O LEGISLATIVA","acao":"AQUISI\u00c7\u00c3O DE M\u00d3VEIS, M\u00c1QUINAS E EQUIPAMENTOS DIVERSOS PARA O CONSELHO","ident_acao":"Atividade","cat_econ":"Despesa Corrente","natureza_despesa":"Outras Despesas Correntes","modalidade_despesa":"Aplica\u00e7\u00f5es Diretas","elemento_despesa":"Material de Consumo","sub_elem_desp":"SEM SUBELEMENTO","fonte_recurso":"Recursos do Exerc\u00edcio Corrente \/ Outros Recursos n\u00e3o Vinculados \/ -"},{"ano_emissao_emp":"2023","n_emp":"0000198","data_emissao":"25\/05\/2023","valor":"44,00","tipo_empenho":"Ordin\u00e1rio","hist_emp":"VALOR QUE SE EMPENHA PARA FAZER FACE \u00c0 AQUISI\u00c7\u00c3O DE 01 UNID. DE \u00d3LEO MOTOR MOBIL SUPER 3000 FORM D1 OW20. DESTINA\u00c7\u00c3O- O ITEM ADQUIRIDO SER\u00c1 UTILIZADO NO VE\u00cdCULO AUTOMOTOR OFICIAL DESTA CASA DE LEI. CELEBRADO MEDIANTE DISPENSA DE LICITA\u00c7\u00c3O, COM FUNDAMENTO NO ARTIGO 24, INCISO 2\u00ba DA LEI 8.666\/93.","fornecedor":"AUTO TREVO PECAS ACESSORIOS E SERVICOS LTDA","denom_uni_orc":"CORPO DELIBERATIVO E SECRETARIA","funcao":"Legislativa","sub_funcao":"A\u00e7\u00e3o Legislativa","programa":"A\u00c7\u00c3O LEGISLATIVA","acao":"MANUTEN\u00c7\u00c3O DAS ATIVIDADES ADMINISTRATIVAS","ident_acao":"Atividade","cat_econ":"Despesa Corrente","natureza_despesa":"Outras Despesas Correntes","modalidade_despesa":"Aplica\u00e7\u00f5es Diretas","elemento_despesa":"Material de Consumo","sub_elem_desp":"SEM SUBELEMENTO","fonte_recurso":"Recursos do Exerc\u00edcio Corrente \/ Outros Recursos n\u00e3o Vinculados \/ -"},{"ano_emissao_emp":"2023","n_emp":"0000198","data_emissao":"25\/05\/2023","valor":"44,00","tipo_empenho":"Ordin\u00e1rio","hist_emp":"VALOR QUE SE EMPENHA PARA FAZER FACE \u00c0 AQUISI\u00c7\u00c3O DE 01 UNID. DE \u00d3LEO MOTOR MOBIL SUPER 3000 FORM D1 OW20. DESTINA\u00c7\u00c3O- O ITEM ADQUIRIDO SER\u00c1 UTILIZADO NO VE\u00cdCULO AUTOMOTOR OFICIAL DESTA CASA DE LEI. CELEBRADO MEDIANTE DISPENSA DE LICITA\u00c7\u00c3O, COM FUNDAMENTO NO ARTIGO 24, INCISO 2\u00ba DA LEI 8.666\/93.","fornecedor":"AUTO TREVO PECAS ACESSORIOS E SERVICOS LTDA","denom_uni_orc":"CORPO DELIBERATIVO E SECRETARIA","funcao":"Legislativa","sub_funcao":"A\u00e7\u00e3o Legislativa","programa":"A\u00c7\u00c3O LEGISLATIVA","acao":"INDENIZA\u00c7\u00d5ES E RESTITUI\u00c7\u00d5ES DIVERSAS (FMS)","ident_acao":"Atividade","cat_econ":"Despesa Corrente","natureza_despesa":"Outras Despesas Correntes","modalidade_despesa":"Aplica\u00e7\u00f5es Diretas","elemento_despesa":"Material de Consumo","sub_elem_desp":"SEM SUBELEMENTO","fonte_recurso":"Recursos do Exerc\u00edcio Corrente \/ Outros Recursos n\u00e3o Vinculados \/ -"},{"ano_emissao_emp":"2023","n_emp":"0000199","data_emissao":"25\/05\/2023","valor":"236,00","tipo_empenho":"Ordin\u00e1rio","hist_emp":"VALOR QUE SE EMPENHA PARA FAZER FACE \u00c0 AQUISI\u00c7\u00c3O DE 03 (TR\u00caS)  UNIDADES DE MOUSE USB LOGITECH PRETO M100 E 01 (UMA) UNIDADE DE MOUSE SEM FIO PRETO\/CINZA LOGITECH, COM FINALIDADE DE SUBSTITUIR OS 04 (QUATRO) MOUSES UTILIZADOS HABITUALMENTE PELOS INTEGRANTES DESTA CASA DE LEI QUE EST\u00c3O DESGASTADOS E N\u00c3O ENTREGRAM UM BOM DESEMPENHO. CELEBRADO MEDIANTE DISPENSA DE LICITA\u00c7\u00c3O, COM FUNDAMENTO NO ARTIGO 24, INCISO 2\u00ba DA LEI 8.666\/93.","fornecedor":"B&F EMPREENDIMENTOS DIGITAIS","denom_uni_orc":"CORPO DELIBERATIVO E SECRETARIA","funcao":"Legislativa","sub_funcao":"A\u00e7\u00e3o Legislativa","programa":"A\u00c7\u00c3O LEGISLATIVA","acao":"AQUISI\u00c7\u00c3O DE M\u00d3VEIS, M\u00c1QUINAS E EQUIPAMENTOS DIVERSOS PARA O CONSELHO","ident_acao":"Atividade","cat_econ":"Despesa Corrente","natureza_despesa":"Outras Despesas Correntes","modalidade_despesa":"Aplica\u00e7\u00f5es Diretas","elemento_despesa":"Material de Consumo","sub_elem_desp":"SEM SUBELEMENTO","fonte_recurso":"Recursos do Exerc\u00edcio Corrente \/ Outros Recursos n\u00e3o Vinculados \/ -"},{"ano_emissao_emp":"2023","n_emp":"0000199","data_emissao":"25\/05\/2023","valor":"236,00","tipo_empenho":"Ordin\u00e1rio","hist_emp":"VALOR QUE SE EMPENHA PARA FAZER FACE \u00c0 AQUISI\u00c7\u00c3O DE 03 (TR\u00caS)  UNIDADES DE MOUSE USB LOGITECH PRETO M100 E 01 (UMA) UNIDADE DE MOUSE SEM FIO PRETO\/CINZA LOGITECH, COM FINALIDADE DE SUBSTITUIR OS 04 (QUATRO) MOUSES UTILIZADOS HABITUALMENTE PELOS INTEGRANTES DESTA CASA DE LEI QUE EST\u00c3O DESGASTADOS E N\u00c3O ENTREGRAM UM BOM DESEMPENHO. CELEBRADO MEDIANTE DISPENSA DE LICITA\u00c7\u00c3O, COM FUNDAMENTO NO ARTIGO 24, INCISO 2\u00ba DA LEI 8.666\/93.","fornecedor":"B&F EMPREENDIMENTOS DIGITAIS","denom_uni_orc":"CORPO DELIBERATIVO E SECRETARIA","funcao":"Legislativa","sub_funcao":"A\u00e7\u00e3o Legislativa","programa":"A\u00c7\u00c3O LEGISLATIVA","acao":"MANUTEN\u00c7\u00c3O DAS ATIVIDADES ADMINISTRATIVAS","ident_acao":"Atividade","cat_econ":"Despesa Corrente","natureza_despesa":"Outras Despesas Correntes","modalidade_despesa":"Aplica\u00e7\u00f5es Diretas","elemento_despesa":"Material de Consumo","sub_elem_desp":"SEM SUBELEMENTO","fonte_recurso":"Recursos do Exerc\u00edcio Corrente \/ Outros Recursos n\u00e3o Vinculados \/ -"},{"ano_emissao_emp":"2023","n_emp":"0000199","data_emissao":"25\/05\/2023","valor":"236,00","tipo_empenho":"Ordin\u00e1rio","hist_emp":"VALOR QUE SE EMPENHA PARA FAZER FACE \u00c0 AQUISI\u00c7\u00c3O DE 03 (TR\u00caS)  UNIDADES DE MOUSE USB LOGITECH PRETO M100 E 01 (UMA) UNIDADE DE MOUSE SEM FIO PRETO\/CINZA LOGITECH, COM FINALIDADE DE SUBSTITUIR OS 04 (QUATRO) MOUSES UTILIZADOS HABITUALMENTE PELOS INTEGRANTES DESTA CASA DE LEI QUE EST\u00c3O DESGASTADOS E N\u00c3O ENTREGRAM UM BOM DESEMPENHO. CELEBRADO MEDIANTE DISPENSA DE LICITA\u00c7\u00c3O, COM FUNDAMENTO NO ARTIGO 24, INCISO 2\u00ba DA LEI 8.666\/93.","fornecedor":"B&F EMPREENDIMENTOS DIGITAIS","denom_uni_orc":"CORPO DELIBERATIVO E SECRETARIA","funcao":"Legislativa","sub_funcao":"A\u00e7\u00e3o Legislativa","programa":"A\u00c7\u00c3O LEGISLATIVA","acao":"INDENIZA\u00c7\u00d5ES E RESTITUI\u00c7\u00d5ES DIVERSAS (FMS)","ident_acao":"Atividade","cat_econ":"Despesa Corrente","natureza_despesa":"Outras Despesas Correntes","modalidade_despesa":"Aplica\u00e7\u00f5es Diretas","elemento_despesa":"Material de Consumo","sub_elem_desp":"SEM SUBELEMENTO","fonte_recurso":"Recursos do Exerc\u00edcio Corrente \/ Outros Recursos n\u00e3o Vinculados \/ -"},{"ano_emissao_emp":"2023","n_emp":"0000200","data_emissao":"25\/05\/2023","valor":"1.600,00","tipo_empenho":"Ordin\u00e1rio","hist_emp":"VALOR QUE SE EMPENHA PARA FAZER FACE AO PAGAMENTO DE SERVI\u00c7O DE ELABORA\u00c7\u00c3O DE PLANTA ARQUITET\u00d4NICA DO PR\u00c9DIO DESTA CASA DE LEI, A QUAL \u00c9 ETAPA ANTERIOR E OBRIGAT\u00d3RIA PARA PRODUZIR O PROJETO DE COMBATE A INC\u00caNDIO, CELEBRADO MEDIANTE DISPENSA DE LICITA\u00c7\u00c3O, COM FUNDAMENTO NO ARTIGO 24, INCISO 2\u00ba DA LEI 8.666\/93.","fornecedor":"CLAUDIA CLEMENTE DA SILVA","denom_uni_orc":"CORPO DELIBERATIVO E SECRETARIA","funcao":"Legislativa","sub_funcao":"A\u00e7\u00e3o Legislativa","programa":"A\u00c7\u00c3O LEGISLATIVA","acao":"AQUISI\u00c7\u00c3O DE M\u00d3VEIS, M\u00c1QUINAS E EQUIPAMENTOS DIVERSOS PARA O CONSELHO","ident_acao":"Atividade","cat_econ":"Despesa Corrente","natureza_despesa":"Outras Despesas Correntes","modalidade_despesa":"Aplica\u00e7\u00f5es Diretas","elemento_despesa":"Outros Servi\u00e7os de Terceiros - Pessoa Jur\u00eddica","sub_elem_desp":"SEM SUBELEMENTO","fonte_recurso":"Recursos do Exerc\u00edcio Corrente \/ Outros Recursos n\u00e3o Vinculados \/ -"},{"ano_emissao_emp":"2023","n_emp":"0000200","data_emissao":"25\/05\/2023","valor":"1.600,00","tipo_empenho":"Ordin\u00e1rio","hist_emp":"VALOR QUE SE EMPENHA PARA FAZER FACE AO PAGAMENTO DE SERVI\u00c7O DE ELABORA\u00c7\u00c3O DE PLANTA ARQUITET\u00d4NICA DO PR\u00c9DIO DESTA CASA DE LEI, A QUAL \u00c9 ETAPA ANTERIOR E OBRIGAT\u00d3RIA PARA PRODUZIR O PROJETO DE COMBATE A INC\u00caNDIO, CELEBRADO MEDIANTE DISPENSA DE LICITA\u00c7\u00c3O, COM FUNDAMENTO NO ARTIGO 24, INCISO 2\u00ba DA LEI 8.666\/93.","fornecedor":"CLAUDIA CLEMENTE DA SILVA","denom_uni_orc":"CORPO DELIBERATIVO E SECRETARIA","funcao":"Legislativa","sub_funcao":"A\u00e7\u00e3o Legislativa","programa":"A\u00c7\u00c3O LEGISLATIVA","acao":"MANUTEN\u00c7\u00c3O DAS ATIVIDADES ADMINISTRATIVAS","ident_acao":"Atividade","cat_econ":"Despesa Corrente","natureza_despesa":"Outras Despesas Correntes","modalidade_despesa":"Aplica\u00e7\u00f5es Diretas","elemento_despesa":"Outros Servi\u00e7os de Terceiros - Pessoa Jur\u00eddica","sub_elem_desp":"SEM SUBELEMENTO","fonte_recurso":"Recursos do Exerc\u00edcio Corrente \/ Outros Recursos n\u00e3o Vinculados \/ -"},{"ano_emissao_emp":"2023","n_emp":"0000200","data_emissao":"25\/05\/2023","valor":"1.600,00","tipo_empenho":"Ordin\u00e1rio","hist_emp":"VALOR QUE SE EMPENHA PARA FAZER FACE AO PAGAMENTO DE SERVI\u00c7O DE ELABORA\u00c7\u00c3O DE PLANTA ARQUITET\u00d4NICA DO PR\u00c9DIO DESTA CASA DE LEI, A QUAL \u00c9 ETAPA ANTERIOR E OBRIGAT\u00d3RIA PARA PRODUZIR O PROJETO DE COMBATE A INC\u00caNDIO, CELEBRADO MEDIANTE DISPENSA DE LICITA\u00c7\u00c3O, COM FUNDAMENTO NO ARTIGO 24, INCISO 2\u00ba DA LEI 8.666\/93.","fornecedor":"CLAUDIA CLEMENTE DA SILVA","denom_uni_orc":"CORPO DELIBERATIVO E SECRETARIA","funcao":"Legislativa","sub_funcao":"A\u00e7\u00e3o Legislativa","programa":"A\u00c7\u00c3O LEGISLATIVA","acao":"INDENIZA\u00c7\u00d5ES E RESTITUI\u00c7\u00d5ES DIVERSAS (FMS)","ident_acao":"Atividade","cat_econ":"Despesa Corrente","natureza_despesa":"Outras Despesas Correntes","modalidade_despesa":"Aplica\u00e7\u00f5es Diretas","elemento_despesa":"Outros Servi\u00e7os de Terceiros - Pessoa Jur\u00eddica","sub_elem_desp":"SEM SUBELEMENTO","fonte_recurso":"Recursos do Exerc\u00edcio Corrente \/ Outros Recursos n\u00e3o Vinculados \/ -"},{"ano_emissao_emp":"2023","n_emp":"0000201","data_emissao":"26\/05\/2023","valor":"170,00","tipo_empenho":"Ordin\u00e1rio","hist_emp":"VALOR QUE SE EMPENHA PARA FAZER FACE \u00c0 CUSTEIO DE 01 (UMA) DI\u00c1RIA SEM PERNAITE COM IDA A CIDADE DO RECIFE NO DIA 29\/05\/2023 ONDE IR\u00c1 PARTICIPAR DE UM TREINAMENTO PARA A EMISS\u00c3O DA NOVA IDENTIDADE NO INSTITUTO DE IDENTIFICA\u00c7\u00c3O TAVARES BURIL, CONFORME FORMUL\u00c1RIO DE REQUISI\u00c7\u00c3O DE DI\u00c1RIA EM ANEXO.","fornecedor":"D\u00c9BORA RAISSA CARDOSO SILVA","denom_uni_orc":"CORPO DELIBERATIVO E SECRETARIA","funcao":"Legislativa","sub_funcao":"A\u00e7\u00e3o Legislativa","programa":"A\u00c7\u00c3O LEGISLATIVA","acao":"AQUISI\u00c7\u00c3O DE M\u00d3VEIS, M\u00c1QUINAS E EQUIPAMENTOS DIVERSOS PARA O CONSELHO","ident_acao":"Atividade","cat_econ":"Despesa Corrente","natureza_despesa":"Outras Despesas Correntes","modalidade_despesa":"Aplica\u00e7\u00f5es Diretas","elemento_despesa":"Di\u00e1rias \u2013 Civil","sub_elem_desp":"SEM SUBELEMENTO","fonte_recurso":"Recursos do Exerc\u00edcio Corrente \/ Outros Recursos n\u00e3o Vinculados \/ -"},{"ano_emissao_emp":"2023","n_emp":"0000201","data_emissao":"26\/05\/2023","valor":"170,00","tipo_empenho":"Ordin\u00e1rio","hist_emp":"VALOR QUE SE EMPENHA PARA FAZER FACE \u00c0 CUSTEIO DE 01 (UMA) DI\u00c1RIA SEM PERNAITE COM IDA A CIDADE DO RECIFE NO DIA 29\/05\/2023 ONDE IR\u00c1 PARTICIPAR DE UM TREINAMENTO PARA A EMISS\u00c3O DA NOVA IDENTIDADE NO INSTITUTO DE IDENTIFICA\u00c7\u00c3O TAVARES BURIL, CONFORME FORMUL\u00c1RIO DE REQUISI\u00c7\u00c3O DE DI\u00c1RIA EM ANEXO.","fornecedor":"D\u00c9BORA RAISSA CARDOSO SILVA","denom_uni_orc":"CORPO DELIBERATIVO E SECRETARIA","funcao":"Legislativa","sub_funcao":"A\u00e7\u00e3o Legislativa","programa":"A\u00c7\u00c3O LEGISLATIVA","acao":"MANUTEN\u00c7\u00c3O DAS ATIVIDADES ADMINISTRATIVAS","ident_acao":"Atividade","cat_econ":"Despesa Corrente","natureza_despesa":"Outras Despesas Correntes","modalidade_despesa":"Aplica\u00e7\u00f5es Diretas","elemento_despesa":"Di\u00e1rias \u2013 Civil","sub_elem_desp":"SEM SUBELEMENTO","fonte_recurso":"Recursos do Exerc\u00edcio Corrente \/ Outros Recursos n\u00e3o Vinculados \/ -"},{"ano_emissao_emp":"2023","n_emp":"0000201","data_emissao":"26\/05\/2023","valor":"170,00","tipo_empenho":"Ordin\u00e1rio","hist_emp":"VALOR QUE SE EMPENHA PARA FAZER FACE \u00c0 CUSTEIO DE 01 (UMA) DI\u00c1RIA SEM PERNAITE COM IDA A CIDADE DO RECIFE NO DIA 29\/05\/2023 ONDE IR\u00c1 PARTICIPAR DE UM TREINAMENTO PARA A EMISS\u00c3O DA NOVA IDENTIDADE NO INSTITUTO DE IDENTIFICA\u00c7\u00c3O TAVARES BURIL, CONFORME FORMUL\u00c1RIO DE REQUISI\u00c7\u00c3O DE DI\u00c1RIA EM ANEXO.","fornecedor":"D\u00c9BORA RAISSA CARDOSO SILVA","denom_uni_orc":"CORPO DELIBERATIVO E SECRETARIA","funcao":"Legislativa","sub_funcao":"A\u00e7\u00e3o Legislativa","programa":"A\u00c7\u00c3O LEGISLATIVA","acao":"INDENIZA\u00c7\u00d5ES E RESTITUI\u00c7\u00d5ES DIVERSAS (FMS)","ident_acao":"Atividade","cat_econ":"Despesa Corrente","natureza_despesa":"Outras Despesas Correntes","modalidade_despesa":"Aplica\u00e7\u00f5es Diretas","elemento_despesa":"Di\u00e1rias \u2013 Civil","sub_elem_desp":"SEM SUBELEMENTO","fonte_recurso":"Recursos do Exerc\u00edcio Corrente \/ Outros Recursos n\u00e3o Vinculados \/ -"},{"ano_emissao_emp":"2023","n_emp":"0000202","data_emissao":"26\/05\/2023","valor":"170,00","tipo_empenho":"Ordin\u00e1rio","hist_emp":"VALOR QUE SE EMPENHA PARA FAZER FACE \u00c0 CUSTEIO DE 01 (UMA) DI\u00c1RIA SEM PERNAITE COM IDA A CIDADE DO RECIFE NO DIA 30\/05\/2023 ONDE IR\u00c1 PARTICIPAR DE UM TREINAMENTO PARA A EMISS\u00c3O DA NOVA IDENTIDADE, NO INSTITUTO DE IDENTIFICA\u00c7\u00c3O TAVARES BURIL, CONFORME FORMUL\u00c1RIO DE REQUISI\u00c7\u00c3O DE DI\u00c1RIA EM ANEXO.","fornecedor":"JOS\u00c9 VICTOR DA SILVA SANTOS","denom_uni_orc":"CORPO DELIBERATIVO E SECRETARIA","funcao":"Legislativa","sub_funcao":"A\u00e7\u00e3o Legislativa","programa":"A\u00c7\u00c3O LEGISLATIVA","acao":"AQUISI\u00c7\u00c3O DE M\u00d3VEIS, M\u00c1QUINAS E EQUIPAMENTOS DIVERSOS PARA O CONSELHO","ident_acao":"Atividade","cat_econ":"Despesa Corrente","natureza_despesa":"Outras Despesas Correntes","modalidade_despesa":"Aplica\u00e7\u00f5es Diretas","elemento_despesa":"Di\u00e1rias \u2013 Civil","sub_elem_desp":"SEM SUBELEMENTO","fonte_recurso":"Recursos do Exerc\u00edcio Corrente \/ Outros Recursos n\u00e3o Vinculados \/ -"},{"ano_emissao_emp":"2023","n_emp":"0000202","data_emissao":"26\/05\/2023","valor":"170,00","tipo_empenho":"Ordin\u00e1rio","hist_emp":"VALOR QUE SE EMPENHA PARA FAZER FACE \u00c0 CUSTEIO DE 01 (UMA) DI\u00c1RIA SEM PERNAITE COM IDA A CIDADE DO RECIFE NO DIA 30\/05\/2023 ONDE IR\u00c1 PARTICIPAR DE UM TREINAMENTO PARA A EMISS\u00c3O DA NOVA IDENTIDADE, NO INSTITUTO DE IDENTIFICA\u00c7\u00c3O TAVARES BURIL, CONFORME FORMUL\u00c1RIO DE REQUISI\u00c7\u00c3O DE DI\u00c1RIA EM ANEXO.","fornecedor":"JOS\u00c9 VICTOR DA SILVA SANTOS","denom_uni_orc":"CORPO DELIBERATIVO E SECRETARIA","funcao":"Legislativa","sub_funcao":"A\u00e7\u00e3o Legislativa","programa":"A\u00c7\u00c3O LEGISLATIVA","acao":"MANUTEN\u00c7\u00c3O DAS ATIVIDADES ADMINISTRATIVAS","ident_acao":"Atividade","cat_econ":"Despesa Corrente","natureza_despesa":"Outras Despesas Correntes","modalidade_despesa":"Aplica\u00e7\u00f5es Diretas","elemento_despesa":"Di\u00e1rias \u2013 Civil","sub_elem_desp":"SEM SUBELEMENTO","fonte_recurso":"Recursos do Exerc\u00edcio Corrente \/ Outros Recursos n\u00e3o Vinculados \/ -"},{"ano_emissao_emp":"2023","n_emp":"0000202","data_emissao":"26\/05\/2023","valor":"170,00","tipo_empenho":"Ordin\u00e1rio","hist_emp":"VALOR QUE SE EMPENHA PARA FAZER FACE \u00c0 CUSTEIO DE 01 (UMA) DI\u00c1RIA SEM PERNAITE COM IDA A CIDADE DO RECIFE NO DIA 30\/05\/2023 ONDE IR\u00c1 PARTICIPAR DE UM TREINAMENTO PARA A EMISS\u00c3O DA NOVA IDENTIDADE, NO INSTITUTO DE IDENTIFICA\u00c7\u00c3O TAVARES BURIL, CONFORME FORMUL\u00c1RIO DE REQUISI\u00c7\u00c3O DE DI\u00c1RIA EM ANEXO.","fornecedor":"JOS\u00c9 VICTOR DA SILVA SANTOS","denom_uni_orc":"CORPO DELIBERATIVO E SECRETARIA","funcao":"Legislativa","sub_funcao":"A\u00e7\u00e3o Legislativa","programa":"A\u00c7\u00c3O LEGISLATIVA","acao":"INDENIZA\u00c7\u00d5ES E RESTITUI\u00c7\u00d5ES DIVERSAS (FMS)","ident_acao":"Atividade","cat_econ":"Despesa Corrente","natureza_despesa":"Outras Despesas Correntes","modalidade_despesa":"Aplica\u00e7\u00f5es Diretas","elemento_despesa":"Di\u00e1rias \u2013 Civil","sub_elem_desp":"SEM SUBELEMENTO","fonte_recurso":"Recursos do Exerc\u00edcio Corrente \/ Outros Recursos n\u00e3o Vinculados \/ -"},{"ano_emissao_emp":"2023","n_emp":"0000203","data_emissao":"26\/05\/2023","valor":"170,00","tipo_empenho":"Ordin\u00e1rio","hist_emp":"VALOR QUE SE EMPENHA PARA FAZER FACE \u00c0 CUSTEIO DE 01 (UMA) DI\u00c1RIA SEM PERNAITE COM IDA A CIDADE DO RECIFE NO DIA 30\/05\/2023 ONDE IR\u00c1 PARTICIPAR DE UM TREINAMENTO PARA A EMISS\u00c3O DA NOVA IDENTIDADE, NO INSTITUTO DE IDENTIFICA\u00c7\u00c3O TAVARES BURIL, CONFORME FORMUL\u00c1RIO DE REQUISI\u00c7\u00c3O DE DI\u00c1RIA EM ANEXO.","fornecedor":"JOSEFA TATIANY CORDEIRO DE MACEDO","denom_uni_orc":"CORPO DELIBERATIVO E SECRETARIA","funcao":"Legislativa","sub_funcao":"A\u00e7\u00e3o Legislativa","programa":"A\u00c7\u00c3O LEGISLATIVA","acao":"AQUISI\u00c7\u00c3O DE M\u00d3VEIS, M\u00c1QUINAS E EQUIPAMENTOS DIVERSOS PARA O CONSELHO","ident_acao":"Atividade","cat_econ":"Despesa Corrente","natureza_despesa":"Outras Despesas Correntes","modalidade_despesa":"Aplica\u00e7\u00f5es Diretas","elemento_despesa":"Di\u00e1rias \u2013 Civil","sub_elem_desp":"SEM SUBELEMENTO","fonte_recurso":"Recursos do Exerc\u00edcio Corrente \/ Outros Recursos n\u00e3o Vinculados \/ -"},{"ano_emissao_emp":"2023","n_emp":"0000203","data_emissao":"26\/05\/2023","valor":"170,00","tipo_empenho":"Ordin\u00e1rio","hist_emp":"VALOR QUE SE EMPENHA PARA FAZER FACE \u00c0 CUSTEIO DE 01 (UMA) DI\u00c1RIA SEM PERNAITE COM IDA A CIDADE DO RECIFE NO DIA 30\/05\/2023 ONDE IR\u00c1 PARTICIPAR DE UM TREINAMENTO PARA A EMISS\u00c3O DA NOVA IDENTIDADE, NO INSTITUTO DE IDENTIFICA\u00c7\u00c3O TAVARES BURIL, CONFORME FORMUL\u00c1RIO DE REQUISI\u00c7\u00c3O DE DI\u00c1RIA EM ANEXO.","fornecedor":"JOSEFA TATIANY CORDEIRO DE MACEDO","denom_uni_orc":"CORPO DELIBERATIVO E SECRETARIA","funcao":"Legislativa","sub_funcao":"A\u00e7\u00e3o Legislativa","programa":"A\u00c7\u00c3O LEGISLATIVA","acao":"MANUTEN\u00c7\u00c3O DAS ATIVIDADES ADMINISTRATIVAS","ident_acao":"Atividade","cat_econ":"Despesa Corrente","natureza_despesa":"Outras Despesas Correntes","modalidade_despesa":"Aplica\u00e7\u00f5es Diretas","elemento_despesa":"Di\u00e1rias \u2013 Civil","sub_elem_desp":"SEM SUBELEMENTO","fonte_recurso":"Recursos do Exerc\u00edcio Corrente \/ Outros Recursos n\u00e3o Vinculados \/ -"},{"ano_emissao_emp":"2023","n_emp":"0000203","data_emissao":"26\/05\/2023","valor":"170,00","tipo_empenho":"Ordin\u00e1rio","hist_emp":"VALOR QUE SE EMPENHA PARA FAZER FACE \u00c0 CUSTEIO DE 01 (UMA) DI\u00c1RIA SEM PERNAITE COM IDA A CIDADE DO RECIFE NO DIA 30\/05\/2023 ONDE IR\u00c1 PARTICIPAR DE UM TREINAMENTO PARA A EMISS\u00c3O DA NOVA IDENTIDADE, NO INSTITUTO DE IDENTIFICA\u00c7\u00c3O TAVARES BURIL, CONFORME FORMUL\u00c1RIO DE REQUISI\u00c7\u00c3O DE DI\u00c1RIA EM ANEXO.","fornecedor":"JOSEFA TATIANY CORDEIRO DE MACEDO","denom_uni_orc":"CORPO DELIBERATIVO E SECRETARIA","funcao":"Legislativa","sub_funcao":"A\u00e7\u00e3o Legislativa","programa":"A\u00c7\u00c3O LEGISLATIVA","acao":"INDENIZA\u00c7\u00d5ES E RESTITUI\u00c7\u00d5ES DIVERSAS (FMS)","ident_acao":"Atividade","cat_econ":"Despesa Corrente","natureza_despesa":"Outras Despesas Correntes","modalidade_despesa":"Aplica\u00e7\u00f5es Diretas","elemento_despesa":"Di\u00e1rias \u2013 Civil","sub_elem_desp":"SEM SUBELEMENTO","fonte_recurso":"Recursos do Exerc\u00edcio Corrente \/ Outros Recursos n\u00e3o Vinculados \/ -"},{"ano_emissao_emp":"2023","n_emp":"0000204","data_emissao":"26\/05\/2023","valor":"340,00","tipo_empenho":"Ordin\u00e1rio","hist_emp":"VALOR QUE SE EMPENHA PARA FAZER FACE \u00c0 CUSTEIO DE 02 (DUAS) DI\u00c1RIAS SEM PERNAITE COM IDA A CIDADE DO RECIFE NOS DIAS 29 E 30\/05\/2023 APOIO DE TRANSPORTE AOS SERVIDORES QUE IR\u00c3O  PARTICIPAR DE UM TREINAMENTO PARA A EMISS\u00c3O DA NOVA IDENTIDADE, NO INSTITUTO DE IDENTIFICA\u00c7\u00c3O TAVARES BURIL, CONFORME FORMUL\u00c1RIO DE REQUISI\u00c7\u00c3O DE DI\u00c1RIA EM ANEXO.","fornecedor":"JOSUE CUSTODIO DE ARAUJO SOBRINHO","denom_uni_orc":"CORPO DELIBERATIVO E SECRETARIA","funcao":"Legislativa","sub_funcao":"A\u00e7\u00e3o Legislativa","programa":"A\u00c7\u00c3O LEGISLATIVA","acao":"AQUISI\u00c7\u00c3O DE M\u00d3VEIS, M\u00c1QUINAS E EQUIPAMENTOS DIVERSOS PARA O CONSELHO","ident_acao":"Atividade","cat_econ":"Despesa Corrente","natureza_despesa":"Outras Despesas Correntes","modalidade_despesa":"Aplica\u00e7\u00f5es Diretas","elemento_despesa":"Di\u00e1rias \u2013 Civil","sub_elem_desp":"SEM SUBELEMENTO","fonte_recurso":"Recursos do Exerc\u00edcio Corrente \/ Outros Recursos n\u00e3o Vinculados \/ -"},{"ano_emissao_emp":"2023","n_emp":"0000204","data_emissao":"26\/05\/2023","valor":"340,00","tipo_empenho":"Ordin\u00e1rio","hist_emp":"VALOR QUE SE EMPENHA PARA FAZER FACE \u00c0 CUSTEIO DE 02 (DUAS) DI\u00c1RIAS SEM PERNAITE COM IDA A CIDADE DO RECIFE NOS DIAS 29 E 30\/05\/2023 APOIO DE TRANSPORTE AOS SERVIDORES QUE IR\u00c3O  PARTICIPAR DE UM TREINAMENTO PARA A EMISS\u00c3O DA NOVA IDENTIDADE, NO INSTITUTO DE IDENTIFICA\u00c7\u00c3O TAVARES BURIL, CONFORME FORMUL\u00c1RIO DE REQUISI\u00c7\u00c3O DE DI\u00c1RIA EM ANEXO.","fornecedor":"JOSUE CUSTODIO DE ARAUJO SOBRINHO","denom_uni_orc":"CORPO DELIBERATIVO E SECRETARIA","funcao":"Legislativa","sub_funcao":"A\u00e7\u00e3o Legislativa","programa":"A\u00c7\u00c3O LEGISLATIVA","acao":"MANUTEN\u00c7\u00c3O DAS ATIVIDADES ADMINISTRATIVAS","ident_acao":"Atividade","cat_econ":"Despesa Corrente","natureza_despesa":"Outras Despesas Correntes","modalidade_despesa":"Aplica\u00e7\u00f5es Diretas","elemento_despesa":"Di\u00e1rias \u2013 Civil","sub_elem_desp":"SEM SUBELEMENTO","fonte_recurso":"Recursos do Exerc\u00edcio Corrente \/ Outros Recursos n\u00e3o Vinculados \/ -"},{"ano_emissao_emp":"2023","n_emp":"0000204","data_emissao":"26\/05\/2023","valor":"340,00","tipo_empenho":"Ordin\u00e1rio","hist_emp":"VALOR QUE SE EMPENHA PARA FAZER FACE \u00c0 CUSTEIO DE 02 (DUAS) DI\u00c1RIAS SEM PERNAITE COM IDA A CIDADE DO RECIFE NOS DIAS 29 E 30\/05\/2023 APOIO DE TRANSPORTE AOS SERVIDORES QUE IR\u00c3O  PARTICIPAR DE UM TREINAMENTO PARA A EMISS\u00c3O DA NOVA IDENTIDADE, NO INSTITUTO DE IDENTIFICA\u00c7\u00c3O TAVARES BURIL, CONFORME FORMUL\u00c1RIO DE REQUISI\u00c7\u00c3O DE DI\u00c1RIA EM ANEXO.","fornecedor":"JOSUE CUSTODIO DE ARAUJO SOBRINHO","denom_uni_orc":"CORPO DELIBERATIVO E SECRETARIA","funcao":"Legislativa","sub_funcao":"A\u00e7\u00e3o Legislativa","programa":"A\u00c7\u00c3O LEGISLATIVA","acao":"INDENIZA\u00c7\u00d5ES E RESTITUI\u00c7\u00d5ES DIVERSAS (FMS)","ident_acao":"Atividade","cat_econ":"Despesa Corrente","natureza_despesa":"Outras Despesas Correntes","modalidade_despesa":"Aplica\u00e7\u00f5es Diretas","elemento_despesa":"Di\u00e1rias \u2013 Civil","sub_elem_desp":"SEM SUBELEMENTO","fonte_recurso":"Recursos do Exerc\u00edcio Corrente \/ Outros Recursos n\u00e3o Vinculados \/ -"},{"ano_emissao_emp":"2023","n_emp":"0000205","data_emissao":"26\/05\/2023","valor":"170,00","tipo_empenho":"Ordin\u00e1rio","hist_emp":"VALOR QUE SE EMPENHA PARA FAZER FACE \u00c0 CUSTEIO DE 01 (UMA) DI\u00c1RIA SEM PERNAITE COM IDA A CIDADE DO RECIFE NO DIA 30\/05\/2023 ONDE IR\u00c1 PARTICIPAR DE UM TREINAMENTO PARA A EMISS\u00c3O DA NOVA IDENTIDADE, NO INSTITUTO DE IDENTIFICA\u00c7\u00c3O TAVARES BURIL, CONFORME FORMUL\u00c1RIO DE REQUISI\u00c7\u00c3O DE DI\u00c1RIA EM ANEXO.","fornecedor":"LAIANY DO NASCIMENTO BALBINO","denom_uni_orc":"CORPO DELIBERATIVO E SECRETARIA","funcao":"Legislativa","sub_funcao":"A\u00e7\u00e3o Legislativa","programa":"A\u00c7\u00c3O LEGISLATIVA","acao":"AQUISI\u00c7\u00c3O DE M\u00d3VEIS, M\u00c1QUINAS E EQUIPAMENTOS DIVERSOS PARA O CONSELHO","ident_acao":"Atividade","cat_econ":"Despesa Corrente","natureza_despesa":"Outras Despesas Correntes","modalidade_despesa":"Aplica\u00e7\u00f5es Diretas","elemento_despesa":"Di\u00e1rias \u2013 Civil","sub_elem_desp":"SEM SUBELEMENTO","fonte_recurso":"Recursos do Exerc\u00edcio Corrente \/ Outros Recursos n\u00e3o Vinculados \/ -"},{"ano_emissao_emp":"2023","n_emp":"0000205","data_emissao":"26\/05\/2023","valor":"170,00","tipo_empenho":"Ordin\u00e1rio","hist_emp":"VALOR QUE SE EMPENHA PARA FAZER FACE \u00c0 CUSTEIO DE 01 (UMA) DI\u00c1RIA SEM PERNAITE COM IDA A CIDADE DO RECIFE NO DIA 30\/05\/2023 ONDE IR\u00c1 PARTICIPAR DE UM TREINAMENTO PARA A EMISS\u00c3O DA NOVA IDENTIDADE, NO INSTITUTO DE IDENTIFICA\u00c7\u00c3O TAVARES BURIL, CONFORME FORMUL\u00c1RIO DE REQUISI\u00c7\u00c3O DE DI\u00c1RIA EM ANEXO.","fornecedor":"LAIANY DO NASCIMENTO BALBINO","denom_uni_orc":"CORPO DELIBERATIVO E SECRETARIA","funcao":"Legislativa","sub_funcao":"A\u00e7\u00e3o Legislativa","programa":"A\u00c7\u00c3O LEGISLATIVA","acao":"MANUTEN\u00c7\u00c3O DAS ATIVIDADES ADMINISTRATIVAS","ident_acao":"Atividade","cat_econ":"Despesa Corrente","natureza_despesa":"Outras Despesas Correntes","modalidade_despesa":"Aplica\u00e7\u00f5es Diretas","elemento_despesa":"Di\u00e1rias \u2013 Civil","sub_elem_desp":"SEM SUBELEMENTO","fonte_recurso":"Recursos do Exerc\u00edcio Corrente \/ Outros Recursos n\u00e3o Vinculados \/ -"},{"ano_emissao_emp":"2023","n_emp":"0000205","data_emissao":"26\/05\/2023","valor":"170,00","tipo_empenho":"Ordin\u00e1rio","hist_emp":"VALOR QUE SE EMPENHA PARA FAZER FACE \u00c0 CUSTEIO DE 01 (UMA) DI\u00c1RIA SEM PERNAITE COM IDA A CIDADE DO RECIFE NO DIA 30\/05\/2023 ONDE IR\u00c1 PARTICIPAR DE UM TREINAMENTO PARA A EMISS\u00c3O DA NOVA IDENTIDADE, NO INSTITUTO DE IDENTIFICA\u00c7\u00c3O TAVARES BURIL, CONFORME FORMUL\u00c1RIO DE REQUISI\u00c7\u00c3O DE DI\u00c1RIA EM ANEXO.","fornecedor":"LAIANY DO NASCIMENTO BALBINO","denom_uni_orc":"CORPO DELIBERATIVO E SECRETARIA","funcao":"Legislativa","sub_funcao":"A\u00e7\u00e3o Legislativa","programa":"A\u00c7\u00c3O LEGISLATIVA","acao":"INDENIZA\u00c7\u00d5ES E RESTITUI\u00c7\u00d5ES DIVERSAS (FMS)","ident_acao":"Atividade","cat_econ":"Despesa Corrente","natureza_despesa":"Outras Despesas Correntes","modalidade_despesa":"Aplica\u00e7\u00f5es Diretas","elemento_despesa":"Di\u00e1rias \u2013 Civil","sub_elem_desp":"SEM SUBELEMENTO","fonte_recurso":"Recursos do Exerc\u00edcio Corrente \/ Outros Recursos n\u00e3o Vinculados \/ -"},{"ano_emissao_emp":"2023","n_emp":"0000206","data_emissao":"26\/05\/2023","valor":"170,00","tipo_empenho":"Ordin\u00e1rio","hist_emp":"VALOR QUE SE EMPENHA PARA FAZER FACE \u00c0 CUSTEIO DE 01 (UMA) DI\u00c1RIA SEM PERNAITE COM IDA A CIDADE DO RECIFE NO DIA 30\/05\/2023 ONDE IR\u00c1 PARTICIPAR DE UM TREINAMENTO PARA A EMISS\u00c3O DA NOVA IDENTIDADE, NO INSTITUTO DE IDENTIFICA\u00c7\u00c3O TAVARES BURIL, CONFORME FORMUL\u00c1RIO DE REQUISI\u00c7\u00c3O DE DI\u00c1RIA EM ANEXO.","fornecedor":"CLARICE ALVES MOTA","denom_uni_orc":"CORPO DELIBERATIVO E SECRETARIA","funcao":"Legislativa","sub_funcao":"A\u00e7\u00e3o Legislativa","programa":"A\u00c7\u00c3O LEGISLATIVA","acao":"AQUISI\u00c7\u00c3O DE M\u00d3VEIS, M\u00c1QUINAS E EQUIPAMENTOS DIVERSOS PARA O CONSELHO","ident_acao":"Atividade","cat_econ":"Despesa Corrente","natureza_despesa":"Outras Despesas Correntes","modalidade_despesa":"Aplica\u00e7\u00f5es Diretas","elemento_despesa":"Di\u00e1rias \u2013 Civil","sub_elem_desp":"SEM SUBELEMENTO","fonte_recurso":"Recursos do Exerc\u00edcio Corrente \/ Outros Recursos n\u00e3o Vinculados \/ -"},{"ano_emissao_emp":"2023","n_emp":"0000206","data_emissao":"26\/05\/2023","valor":"170,00","tipo_empenho":"Ordin\u00e1rio","hist_emp":"VALOR QUE SE EMPENHA PARA FAZER FACE \u00c0 CUSTEIO DE 01 (UMA) DI\u00c1RIA SEM PERNAITE COM IDA A CIDADE DO RECIFE NO DIA 30\/05\/2023 ONDE IR\u00c1 PARTICIPAR DE UM TREINAMENTO PARA A EMISS\u00c3O DA NOVA IDENTIDADE, NO INSTITUTO DE IDENTIFICA\u00c7\u00c3O TAVARES BURIL, CONFORME FORMUL\u00c1RIO DE REQUISI\u00c7\u00c3O DE DI\u00c1RIA EM ANEXO.","fornecedor":"CLARICE ALVES MOTA","denom_uni_orc":"CORPO DELIBERATIVO E SECRETARIA","funcao":"Legislativa","sub_funcao":"A\u00e7\u00e3o Legislativa","programa":"A\u00c7\u00c3O LEGISLATIVA","acao":"MANUTEN\u00c7\u00c3O DAS ATIVIDADES ADMINISTRATIVAS","ident_acao":"Atividade","cat_econ":"Despesa Corrente","natureza_despesa":"Outras Despesas Correntes","modalidade_despesa":"Aplica\u00e7\u00f5es Diretas","elemento_despesa":"Di\u00e1rias \u2013 Civil","sub_elem_desp":"SEM SUBELEMENTO","fonte_recurso":"Recursos do Exerc\u00edcio Corrente \/ Outros Recursos n\u00e3o Vinculados \/ -"},{"ano_emissao_emp":"2023","n_emp":"0000206","data_emissao":"26\/05\/2023","valor":"170,00","tipo_empenho":"Ordin\u00e1rio","hist_emp":"VALOR QUE SE EMPENHA PARA FAZER FACE \u00c0 CUSTEIO DE 01 (UMA) DI\u00c1RIA SEM PERNAITE COM IDA A CIDADE DO RECIFE NO DIA 30\/05\/2023 ONDE IR\u00c1 PARTICIPAR DE UM TREINAMENTO PARA A EMISS\u00c3O DA NOVA IDENTIDADE, NO INSTITUTO DE IDENTIFICA\u00c7\u00c3O TAVARES BURIL, CONFORME FORMUL\u00c1RIO DE REQUISI\u00c7\u00c3O DE DI\u00c1RIA EM ANEXO.","fornecedor":"CLARICE ALVES MOTA","denom_uni_orc":"CORPO DELIBERATIVO E SECRETARIA","funcao":"Legislativa","sub_funcao":"A\u00e7\u00e3o Legislativa","programa":"A\u00c7\u00c3O LEGISLATIVA","acao":"INDENIZA\u00c7\u00d5ES E RESTITUI\u00c7\u00d5ES DIVERSAS (FMS)","ident_acao":"Atividade","cat_econ":"Despesa Corrente","natureza_despesa":"Outras Despesas Correntes","modalidade_despesa":"Aplica\u00e7\u00f5es Diretas","elemento_despesa":"Di\u00e1rias \u2013 Civil","sub_elem_desp":"SEM SUBELEMENTO","fonte_recurso":"Recursos do Exerc\u00edcio Corrente \/ Outros Recursos n\u00e3o Vinculados \/ -"},{"ano_emissao_emp":"2023","n_emp":"0000207","data_emissao":"26\/05\/2023","valor":"170,00","tipo_empenho":"Ordin\u00e1rio","hist_emp":"VALOR QUE SE EMPENHA PARA FAZER FACE \u00c0 CUSTEIO DE 01 (UMA) DI\u00c1RIA SEM PERNAITE COM IDA A CIDADE DO RECIFE NO DIA 29\/05\/2023 ONDE IR\u00c1 PARTICIPAR DE UM TREINAMENTO PARA A EMISS\u00c3O DA NOVA IDENTIDADE, NO INSTITUTO DE IDENTIFICA\u00c7\u00c3O TAVARES BURIL, CONFORME FORMUL\u00c1RIO DE REQUISI\u00c7\u00c3O DE DI\u00c1RIA EM ANEXO.","fornecedor":"MARIANA NAJARA ARA\u00daJO SILVA","denom_uni_orc":"CORPO DELIBERATIVO E SECRETARIA","funcao":"Legislativa","sub_funcao":"A\u00e7\u00e3o Legislativa","programa":"A\u00c7\u00c3O LEGISLATIVA","acao":"AQUISI\u00c7\u00c3O DE M\u00d3VEIS, M\u00c1QUINAS E EQUIPAMENTOS DIVERSOS PARA O CONSELHO","ident_acao":"Atividade","cat_econ":"Despesa Corrente","natureza_despesa":"Outras Despesas Correntes","modalidade_despesa":"Aplica\u00e7\u00f5es Diretas","elemento_despesa":"Di\u00e1rias \u2013 Civil","sub_elem_desp":"SEM SUBELEMENTO","fonte_recurso":"Recursos do Exerc\u00edcio Corrente \/ Outros Recursos n\u00e3o Vinculados \/ -"},{"ano_emissao_emp":"2023","n_emp":"0000207","data_emissao":"26\/05\/2023","valor":"170,00","tipo_empenho":"Ordin\u00e1rio","hist_emp":"VALOR QUE SE EMPENHA PARA FAZER FACE \u00c0 CUSTEIO DE 01 (UMA) DI\u00c1RIA SEM PERNAITE COM IDA A CIDADE DO RECIFE NO DIA 29\/05\/2023 ONDE IR\u00c1 PARTICIPAR DE UM TREINAMENTO PARA A EMISS\u00c3O DA NOVA IDENTIDADE, NO INSTITUTO DE IDENTIFICA\u00c7\u00c3O TAVARES BURIL, CONFORME FORMUL\u00c1RIO DE REQUISI\u00c7\u00c3O DE DI\u00c1RIA EM ANEXO.","fornecedor":"MARIANA NAJARA ARA\u00daJO SILVA","denom_uni_orc":"CORPO DELIBERATIVO E SECRETARIA","funcao":"Legislativa","sub_funcao":"A\u00e7\u00e3o Legislativa","programa":"A\u00c7\u00c3O LEGISLATIVA","acao":"MANUTEN\u00c7\u00c3O DAS ATIVIDADES ADMINISTRATIVAS","ident_acao":"Atividade","cat_econ":"Despesa Corrente","natureza_despesa":"Outras Despesas Correntes","modalidade_despesa":"Aplica\u00e7\u00f5es Diretas","elemento_despesa":"Di\u00e1rias \u2013 Civil","sub_elem_desp":"SEM SUBELEMENTO","fonte_recurso":"Recursos do Exerc\u00edcio Corrente \/ Outros Recursos n\u00e3o Vinculados \/ -"},{"ano_emissao_emp":"2023","n_emp":"0000207","data_emissao":"26\/05\/2023","valor":"170,00","tipo_empenho":"Ordin\u00e1rio","hist_emp":"VALOR QUE SE EMPENHA PARA FAZER FACE \u00c0 CUSTEIO DE 01 (UMA) DI\u00c1RIA SEM PERNAITE COM IDA A CIDADE DO RECIFE NO DIA 29\/05\/2023 ONDE IR\u00c1 PARTICIPAR DE UM TREINAMENTO PARA A EMISS\u00c3O DA NOVA IDENTIDADE, NO INSTITUTO DE IDENTIFICA\u00c7\u00c3O TAVARES BURIL, CONFORME FORMUL\u00c1RIO DE REQUISI\u00c7\u00c3O DE DI\u00c1RIA EM ANEXO.","fornecedor":"MARIANA NAJARA ARA\u00daJO SILVA","denom_uni_orc":"CORPO DELIBERATIVO E SECRETARIA","funcao":"Legislativa","sub_funcao":"A\u00e7\u00e3o Legislativa","programa":"A\u00c7\u00c3O LEGISLATIVA","acao":"INDENIZA\u00c7\u00d5ES E RESTITUI\u00c7\u00d5ES DIVERSAS (FMS)","ident_acao":"Atividade","cat_econ":"Despesa Corrente","natureza_despesa":"Outras Despesas Correntes","modalidade_despesa":"Aplica\u00e7\u00f5es Diretas","elemento_despesa":"Di\u00e1rias \u2013 Civil","sub_elem_desp":"SEM SUBELEMENTO","fonte_recurso":"Recursos do Exerc\u00edcio Corrente \/ Outros Recursos n\u00e3o Vinculados \/ -"},{"ano_emissao_emp":"2023","n_emp":"0000208","data_emissao":"26\/05\/2023","valor":"170,00","tipo_empenho":"Ordin\u00e1rio","hist_emp":"VALOR QUE SE EMPENHA PARA FAZER FACE \u00c0 CUSTEIO DE 01 (UMA) DI\u00c1RIA SEM PERNAITE COM IDA A CIDADE DO RECIFE NO DIA 29\/05\/2023 ONDE IR\u00c1 PARTICIPAR DE UM TREINAMENTO PARA A EMISS\u00c3O DA NOVA IDENTIDADE, NO INSTITUTO DE IDENTIFICA\u00c7\u00c3O TAVARES BURIL, CONFORME FORMUL\u00c1RIO DE REQUISI\u00c7\u00c3O DE DI\u00c1RIA EM ANEXO.","fornecedor":"LEKSANDRO QUIRINO DA SILVA","denom_uni_orc":"CORPO DELIBERATIVO E SECRETARIA","funcao":"Legislativa","sub_funcao":"A\u00e7\u00e3o Legislativa","programa":"A\u00c7\u00c3O LEGISLATIVA","acao":"AQUISI\u00c7\u00c3O DE M\u00d3VEIS, M\u00c1QUINAS E EQUIPAMENTOS DIVERSOS PARA O CONSELHO","ident_acao":"Atividade","cat_econ":"Despesa Corrente","natureza_despesa":"Outras Despesas Correntes","modalidade_despesa":"Aplica\u00e7\u00f5es Diretas","elemento_despesa":"Di\u00e1rias \u2013 Civil","sub_elem_desp":"SEM SUBELEMENTO","fonte_recurso":"Recursos do Exerc\u00edcio Corrente \/ Outros Recursos n\u00e3o Vinculados \/ -"},{"ano_emissao_emp":"2023","n_emp":"0000208","data_emissao":"26\/05\/2023","valor":"170,00","tipo_empenho":"Ordin\u00e1rio","hist_emp":"VALOR QUE SE EMPENHA PARA FAZER FACE \u00c0 CUSTEIO DE 01 (UMA) DI\u00c1RIA SEM PERNAITE COM IDA A CIDADE DO RECIFE NO DIA 29\/05\/2023 ONDE IR\u00c1 PARTICIPAR DE UM TREINAMENTO PARA A EMISS\u00c3O DA NOVA IDENTIDADE, NO INSTITUTO DE IDENTIFICA\u00c7\u00c3O TAVARES BURIL, CONFORME FORMUL\u00c1RIO DE REQUISI\u00c7\u00c3O DE DI\u00c1RIA EM ANEXO.","fornecedor":"LEKSANDRO QUIRINO DA SILVA","denom_uni_orc":"CORPO DELIBERATIVO E SECRETARIA","funcao":"Legislativa","sub_funcao":"A\u00e7\u00e3o Legislativa","programa":"A\u00c7\u00c3O LEGISLATIVA","acao":"MANUTEN\u00c7\u00c3O DAS ATIVIDADES ADMINISTRATIVAS","ident_acao":"Atividade","cat_econ":"Despesa Corrente","natureza_despesa":"Outras Despesas Correntes","modalidade_despesa":"Aplica\u00e7\u00f5es Diretas","elemento_despesa":"Di\u00e1rias \u2013 Civil","sub_elem_desp":"SEM SUBELEMENTO","fonte_recurso":"Recursos do Exerc\u00edcio Corrente \/ Outros Recursos n\u00e3o Vinculados \/ -"},{"ano_emissao_emp":"2023","n_emp":"0000208","data_emissao":"26\/05\/2023","valor":"170,00","tipo_empenho":"Ordin\u00e1rio","hist_emp":"VALOR QUE SE EMPENHA PARA FAZER FACE \u00c0 CUSTEIO DE 01 (UMA) DI\u00c1RIA SEM PERNAITE COM IDA A CIDADE DO RECIFE NO DIA 29\/05\/2023 ONDE IR\u00c1 PARTICIPAR DE UM TREINAMENTO PARA A EMISS\u00c3O DA NOVA IDENTIDADE, NO INSTITUTO DE IDENTIFICA\u00c7\u00c3O TAVARES BURIL, CONFORME FORMUL\u00c1RIO DE REQUISI\u00c7\u00c3O DE DI\u00c1RIA EM ANEXO.","fornecedor":"LEKSANDRO QUIRINO DA SILVA","denom_uni_orc":"CORPO DELIBERATIVO E SECRETARIA","funcao":"Legislativa","sub_funcao":"A\u00e7\u00e3o Legislativa","programa":"A\u00c7\u00c3O LEGISLATIVA","acao":"INDENIZA\u00c7\u00d5ES E RESTITUI\u00c7\u00d5ES DIVERSAS (FMS)","ident_acao":"Atividade","cat_econ":"Despesa Corrente","natureza_despesa":"Outras Despesas Correntes","modalidade_despesa":"Aplica\u00e7\u00f5es Diretas","elemento_despesa":"Di\u00e1rias \u2013 Civil","sub_elem_desp":"SEM SUBELEMENTO","fonte_recurso":"Recursos do Exerc\u00edcio Corrente \/ Outros Recursos n\u00e3o Vinculados \/ -"},{"ano_emissao_emp":"2023","n_emp":"0000209","data_emissao":"26\/05\/2023","valor":"50,00","tipo_empenho":"Ordin\u00e1rio","hist_emp":"VALOR QUE SE EMPENHA PARA FAZER FACE \u00c0 AQUISI\u00c7\u00c3O DE 01 PEL\u00cdCULA DE PROTE\u00c7\u00c3O E 01 CASE PARA IPHONE 11, ACESS\u00d3RIOS DE PROTE\u00c7\u00c3O PARA O IPHONE 11 ADQUIRIDOS PARA ATENDER AS NECESSIDADES DE EMISS\u00c3O DE DOCUMENTOS EMITIDOS PELO CIDATEC (ANEXO DESTA CASA LEGISLATIVA). CELEBRADO MEDIANTE DISPENSA DE LICITA\u00c7\u00c3O, COM FUNDAMENTO NO ARTIGO 24, INCISO 2\u00ba DA LEI 8.666\/93.","fornecedor":"MATEUS JOSE DE AMORIM","denom_uni_orc":"CORPO DELIBERATIVO E SECRETARIA","funcao":"Legislativa","sub_funcao":"A\u00e7\u00e3o Legislativa","programa":"A\u00c7\u00c3O LEGISLATIVA","acao":"AQUISI\u00c7\u00c3O DE M\u00d3VEIS, M\u00c1QUINAS E EQUIPAMENTOS DIVERSOS PARA O CONSELHO","ident_acao":"Atividade","cat_econ":"Despesa Corrente","natureza_despesa":"Outras Despesas Correntes","modalidade_despesa":"Aplica\u00e7\u00f5es Diretas","elemento_despesa":"Material de Consumo","sub_elem_desp":"SEM SUBELEMENTO","fonte_recurso":"Recursos do Exerc\u00edcio Corrente \/ Outros Recursos n\u00e3o Vinculados \/ -"},{"ano_emissao_emp":"2023","n_emp":"0000209","data_emissao":"26\/05\/2023","valor":"50,00","tipo_empenho":"Ordin\u00e1rio","hist_emp":"VALOR QUE SE EMPENHA PARA FAZER FACE \u00c0 AQUISI\u00c7\u00c3O DE 01 PEL\u00cdCULA DE PROTE\u00c7\u00c3O E 01 CASE PARA IPHONE 11, ACESS\u00d3RIOS DE PROTE\u00c7\u00c3O PARA O IPHONE 11 ADQUIRIDOS PARA ATENDER AS NECESSIDADES DE EMISS\u00c3O DE DOCUMENTOS EMITIDOS PELO CIDATEC (ANEXO DESTA CASA LEGISLATIVA). CELEBRADO MEDIANTE DISPENSA DE LICITA\u00c7\u00c3O, COM FUNDAMENTO NO ARTIGO 24, INCISO 2\u00ba DA LEI 8.666\/93.","fornecedor":"MATEUS JOSE DE AMORIM","denom_uni_orc":"CORPO DELIBERATIVO E SECRETARIA","funcao":"Legislativa","sub_funcao":"A\u00e7\u00e3o Legislativa","programa":"A\u00c7\u00c3O LEGISLATIVA","acao":"MANUTEN\u00c7\u00c3O DAS ATIVIDADES ADMINISTRATIVAS","ident_acao":"Atividade","cat_econ":"Despesa Corrente","natureza_despesa":"Outras Despesas Correntes","modalidade_despesa":"Aplica\u00e7\u00f5es Diretas","elemento_despesa":"Material de Consumo","sub_elem_desp":"SEM SUBELEMENTO","fonte_recurso":"Recursos do Exerc\u00edcio Corrente \/ Outros Recursos n\u00e3o Vinculados \/ -"},{"ano_emissao_emp":"2023","n_emp":"0000209","data_emissao":"26\/05\/2023","valor":"50,00","tipo_empenho":"Ordin\u00e1rio","hist_emp":"VALOR QUE SE EMPENHA PARA FAZER FACE \u00c0 AQUISI\u00c7\u00c3O DE 01 PEL\u00cdCULA DE PROTE\u00c7\u00c3O E 01 CASE PARA IPHONE 11, ACESS\u00d3RIOS DE PROTE\u00c7\u00c3O PARA O IPHONE 11 ADQUIRIDOS PARA ATENDER AS NECESSIDADES DE EMISS\u00c3O DE DOCUMENTOS EMITIDOS PELO CIDATEC (ANEXO DESTA CASA LEGISLATIVA). CELEBRADO MEDIANTE DISPENSA DE LICITA\u00c7\u00c3O, COM FUNDAMENTO NO ARTIGO 24, INCISO 2\u00ba DA LEI 8.666\/93.","fornecedor":"MATEUS JOSE DE AMORIM","denom_uni_orc":"CORPO DELIBERATIVO E SECRETARIA","funcao":"Legislativa","sub_funcao":"A\u00e7\u00e3o Legislativa","programa":"A\u00c7\u00c3O LEGISLATIVA","acao":"INDENIZA\u00c7\u00d5ES E RESTITUI\u00c7\u00d5ES DIVERSAS (FMS)","ident_acao":"Atividade","cat_econ":"Despesa Corrente","natureza_despesa":"Outras Despesas Correntes","modalidade_despesa":"Aplica\u00e7\u00f5es Diretas","elemento_despesa":"Material de Consumo","sub_elem_desp":"SEM SUBELEMENTO","fonte_recurso":"Recursos do Exerc\u00edcio Corrente \/ Outros Recursos n\u00e3o Vinculados \/ -"},{"ano_emissao_emp":"2023","n_emp":"0000210","data_emissao":"01\/06\/2023","valor":"576,00","tipo_empenho":"Ordin\u00e1rio","hist_emp":"VALOR QUE SE EMPENHA PARA FAZER FACE \u00c0 CONTRATA\u00c7\u00c3O DE SERVI\u00c7OS DE TRADUTORES-INTERPRETES NA MODALIDADE SIMULT\u00c2NEA DOS MOMENTOS DE DISCURSOS NO DECORRER DA AUDI\u00caNCIA P\u00daBLICA QUE TRATAR\u00c1 ACERCA DO DIREITO DA PESSOA COM DEFICI\u00caNCIA E O RESPECTIVO ATENDIMENTO NAS UNIDADES P\u00daBLICAS DE SA\u00daDE E EDUCA\u00c7\u00c3O, CELEBRADO MEDIANTE DISPENSA DE LICITA\u00c7\u00c3O, COM FUNDAMENTO NO ARTIGO 24, INCISO 2\u00ba DA LEI 8.666\/93.","fornecedor":"NATALIA CRISTINA GONCALVES","denom_uni_orc":"CORPO DELIBERATIVO E SECRETARIA","funcao":"Legislativa","sub_funcao":"A\u00e7\u00e3o Legislativa","programa":"A\u00c7\u00c3O LEGISLATIVA","acao":"AQUISI\u00c7\u00c3O DE M\u00d3VEIS, M\u00c1QUINAS E EQUIPAMENTOS DIVERSOS PARA O CONSELHO","ident_acao":"Atividade","cat_econ":"Despesa Corrente","natureza_despesa":"Outras Despesas Correntes","modalidade_despesa":"Aplica\u00e7\u00f5es Diretas","elemento_despesa":"Outros Servi\u00e7os de Terceiros - Pessoa F\u00edsica","sub_elem_desp":"SEM SUBELEMENTO","fonte_recurso":"Recursos do Exerc\u00edcio Corrente \/ Outros Recursos n\u00e3o Vinculados \/ -"},{"ano_emissao_emp":"2023","n_emp":"0000210","data_emissao":"01\/06\/2023","valor":"576,00","tipo_empenho":"Ordin\u00e1rio","hist_emp":"VALOR QUE SE EMPENHA PARA FAZER FACE \u00c0 CONTRATA\u00c7\u00c3O DE SERVI\u00c7OS DE TRADUTORES-INTERPRETES NA MODALIDADE SIMULT\u00c2NEA DOS MOMENTOS DE DISCURSOS NO DECORRER DA AUDI\u00caNCIA P\u00daBLICA QUE TRATAR\u00c1 ACERCA DO DIREITO DA PESSOA COM DEFICI\u00caNCIA E O RESPECTIVO ATENDIMENTO NAS UNIDADES P\u00daBLICAS DE SA\u00daDE E EDUCA\u00c7\u00c3O, CELEBRADO MEDIANTE DISPENSA DE LICITA\u00c7\u00c3O, COM FUNDAMENTO NO ARTIGO 24, INCISO 2\u00ba DA LEI 8.666\/93.","fornecedor":"NATALIA CRISTINA GONCALVES","denom_uni_orc":"CORPO DELIBERATIVO E SECRETARIA","funcao":"Legislativa","sub_funcao":"A\u00e7\u00e3o Legislativa","programa":"A\u00c7\u00c3O LEGISLATIVA","acao":"MANUTEN\u00c7\u00c3O DAS ATIVIDADES ADMINISTRATIVAS","ident_acao":"Atividade","cat_econ":"Despesa Corrente","natureza_despesa":"Outras Despesas Correntes","modalidade_despesa":"Aplica\u00e7\u00f5es Diretas","elemento_despesa":"Outros Servi\u00e7os de Terceiros - Pessoa F\u00edsica","sub_elem_desp":"SEM SUBELEMENTO","fonte_recurso":"Recursos do Exerc\u00edcio Corrente \/ Outros Recursos n\u00e3o Vinculados \/ -"},{"ano_emissao_emp":"2023","n_emp":"0000210","data_emissao":"01\/06\/2023","valor":"576,00","tipo_empenho":"Ordin\u00e1rio","hist_emp":"VALOR QUE SE EMPENHA PARA FAZER FACE \u00c0 CONTRATA\u00c7\u00c3O DE SERVI\u00c7OS DE TRADUTORES-INTERPRETES NA MODALIDADE SIMULT\u00c2NEA DOS MOMENTOS DE DISCURSOS NO DECORRER DA AUDI\u00caNCIA P\u00daBLICA QUE TRATAR\u00c1 ACERCA DO DIREITO DA PESSOA COM DEFICI\u00caNCIA E O RESPECTIVO ATENDIMENTO NAS UNIDADES P\u00daBLICAS DE SA\u00daDE E EDUCA\u00c7\u00c3O, CELEBRADO MEDIANTE DISPENSA DE LICITA\u00c7\u00c3O, COM FUNDAMENTO NO ARTIGO 24, INCISO 2\u00ba DA LEI 8.666\/93.","fornecedor":"NATALIA CRISTINA GONCALVES","denom_uni_orc":"CORPO DELIBERATIVO E SECRETARIA","funcao":"Legislativa","sub_funcao":"A\u00e7\u00e3o Legislativa","programa":"A\u00c7\u00c3O LEGISLATIVA","acao":"INDENIZA\u00c7\u00d5ES E RESTITUI\u00c7\u00d5ES DIVERSAS (FMS)","ident_acao":"Atividade","cat_econ":"Despesa Corrente","natureza_despesa":"Outras Despesas Correntes","modalidade_despesa":"Aplica\u00e7\u00f5es Diretas","elemento_despesa":"Outros Servi\u00e7os de Terceiros - Pessoa F\u00edsica","sub_elem_desp":"SEM SUBELEMENTO","fonte_recurso":"Recursos do Exerc\u00edcio Corrente \/ Outros Recursos n\u00e3o Vinculados \/ -"},{"ano_emissao_emp":"2023","n_emp":"0000211","data_emissao":"01\/06\/2023","valor":"576,00","tipo_empenho":"Ordin\u00e1rio","hist_emp":"VALOR QUE SE EMPENHA PARA FAZER FACE \u00c0 CONTRATA\u00c7\u00c3O DE SERVI\u00c7OS DE TRADUTORES-INTERPRETES NA MODALIDADE SIMULT\u00c2NEA DOS MOMENTOS DE DISCURSOS NO DECORRER DA AUDI\u00caNCIA P\u00daBLICA QUE TRATAR\u00c1 ACERCA DO DIREITO DA PESSOA COM DEFICI\u00caNCIA E O RESPECTIVO ATENDIMENTO NAS UNIDADES P\u00daBLICAS DE SA\u00daDE E EDUCA\u00c7\u00c3O, CELEBRADO MEDIANTE DISPENSA DE LICITA\u00c7\u00c3O, COM FUNDAMENTO NO ARTIGO 24, INCISO 2\u00ba DA LEI 8.666\/93.","fornecedor":"JANIELE ESPINDOLA DE MELO","denom_uni_orc":"CORPO DELIBERATIVO E SECRETARIA","funcao":"Legislativa","sub_funcao":"A\u00e7\u00e3o Legislativa","programa":"A\u00c7\u00c3O LEGISLATIVA","acao":"AQUISI\u00c7\u00c3O DE M\u00d3VEIS, M\u00c1QUINAS E EQUIPAMENTOS DIVERSOS PARA O CONSELHO","ident_acao":"Atividade","cat_econ":"Despesa Corrente","natureza_despesa":"Outras Despesas Correntes","modalidade_despesa":"Aplica\u00e7\u00f5es Diretas","elemento_despesa":"Outros Servi\u00e7os de Terceiros - Pessoa F\u00edsica","sub_elem_desp":"SEM SUBELEMENTO","fonte_recurso":"Recursos do Exerc\u00edcio Corrente \/ Outros Recursos n\u00e3o Vinculados \/ -"},{"ano_emissao_emp":"2023","n_emp":"0000211","data_emissao":"01\/06\/2023","valor":"576,00","tipo_empenho":"Ordin\u00e1rio","hist_emp":"VALOR QUE SE EMPENHA PARA FAZER FACE \u00c0 CONTRATA\u00c7\u00c3O DE SERVI\u00c7OS DE TRADUTORES-INTERPRETES NA MODALIDADE SIMULT\u00c2NEA DOS MOMENTOS DE DISCURSOS NO DECORRER DA AUDI\u00caNCIA P\u00daBLICA QUE TRATAR\u00c1 ACERCA DO DIREITO DA PESSOA COM DEFICI\u00caNCIA E O RESPECTIVO ATENDIMENTO NAS UNIDADES P\u00daBLICAS DE SA\u00daDE E EDUCA\u00c7\u00c3O, CELEBRADO MEDIANTE DISPENSA DE LICITA\u00c7\u00c3O, COM FUNDAMENTO NO ARTIGO 24, INCISO 2\u00ba DA LEI 8.666\/93.","fornecedor":"JANIELE ESPINDOLA DE MELO","denom_uni_orc":"CORPO DELIBERATIVO E SECRETARIA","funcao":"Legislativa","sub_funcao":"A\u00e7\u00e3o Legislativa","programa":"A\u00c7\u00c3O LEGISLATIVA","acao":"MANUTEN\u00c7\u00c3O DAS ATIVIDADES ADMINISTRATIVAS","ident_acao":"Atividade","cat_econ":"Despesa Corrente","natureza_despesa":"Outras Despesas Correntes","modalidade_despesa":"Aplica\u00e7\u00f5es Diretas","elemento_despesa":"Outros Servi\u00e7os de Terceiros - Pessoa F\u00edsica","sub_elem_desp":"SEM SUBELEMENTO","fonte_recurso":"Recursos do Exerc\u00edcio Corrente \/ Outros Recursos n\u00e3o Vinculados \/ -"},{"ano_emissao_emp":"2023","n_emp":"0000211","data_emissao":"01\/06\/2023","valor":"576,00","tipo_empenho":"Ordin\u00e1rio","hist_emp":"VALOR QUE SE EMPENHA PARA FAZER FACE \u00c0 CONTRATA\u00c7\u00c3O DE SERVI\u00c7OS DE TRADUTORES-INTERPRETES NA MODALIDADE SIMULT\u00c2NEA DOS MOMENTOS DE DISCURSOS NO DECORRER DA AUDI\u00caNCIA P\u00daBLICA QUE TRATAR\u00c1 ACERCA DO DIREITO DA PESSOA COM DEFICI\u00caNCIA E O RESPECTIVO ATENDIMENTO NAS UNIDADES P\u00daBLICAS DE SA\u00daDE E EDUCA\u00c7\u00c3O, CELEBRADO MEDIANTE DISPENSA DE LICITA\u00c7\u00c3O, COM FUNDAMENTO NO ARTIGO 24, INCISO 2\u00ba DA LEI 8.666\/93.","fornecedor":"JANIELE ESPINDOLA DE MELO","denom_uni_orc":"CORPO DELIBERATIVO E SECRETARIA","funcao":"Legislativa","sub_funcao":"A\u00e7\u00e3o Legislativa","programa":"A\u00c7\u00c3O LEGISLATIVA","acao":"INDENIZA\u00c7\u00d5ES E RESTITUI\u00c7\u00d5ES DIVERSAS (FMS)","ident_acao":"Atividade","cat_econ":"Despesa Corrente","natureza_despesa":"Outras Despesas Correntes","modalidade_despesa":"Aplica\u00e7\u00f5es Diretas","elemento_despesa":"Outros Servi\u00e7os de Terceiros - Pessoa F\u00edsica","sub_elem_desp":"SEM SUBELEMENTO","fonte_recurso":"Recursos do Exerc\u00edcio Corrente \/ Outros Recursos n\u00e3o Vinculados \/ -"},{"ano_emissao_emp":"2023","n_emp":"0000212","data_emissao":"01\/06\/2023","valor":"20.000,00","tipo_empenho":"Global","hist_emp":"VALOR QUE SE EMPENHA PARA FAZER FACE A CONTRATA\u00c7\u00c3O DE PRESTA\u00c7\u00c3O DE SERVI\u00c7OS DE CONSULTORIA E ASSESSORIA JUR\u00cdDICA ESPECIALIZADA PARA ATUAR JUNTO \u00c0 CPI (COMISS\u00c3O PARLAMENTAR DE INQU\u00c9RITO), CRIADA PARA INVESTIGAR POSS\u00cdVEIS IND\u00cdCIOS DE IRREGULARIDADES NA COLETA DE SEMENTES DESTINADAS AO MUNIC\u00cdPIO DE SANTA CRUZ DO CAPIBARIBE, REFERENTE AO PROGRAMA DE DISTRIBUI\u00c7\u00c3O DE SEMENTES DO ESTADO DE PERNAMBUCO, FUNDAMENTADO JURIDICAMENTE NO ARTIGO 75, II DA LEI 14.133 DE 01 DE ABRIL DE 2021.","fornecedor":"MARCELO DIOGENES XAVIER DE LIMA - SOCIEDADE INDIVIDUAL DE ADVOCACIA","denom_uni_orc":"CORPO DELIBERATIVO E SECRETARIA","funcao":"Legislativa","sub_funcao":"A\u00e7\u00e3o Legislativa","programa":"A\u00c7\u00c3O LEGISLATIVA","acao":"AQUISI\u00c7\u00c3O DE M\u00d3VEIS, M\u00c1QUINAS E EQUIPAMENTOS DIVERSOS PARA O CONSELHO","ident_acao":"Atividade","cat_econ":"Despesa Corrente","natureza_despesa":"Outras Despesas Correntes","modalidade_despesa":"Aplica\u00e7\u00f5es Diretas","elemento_despesa":"Outros Servi\u00e7os de Terceiros - Pessoa Jur\u00eddica","sub_elem_desp":"SEM SUBELEMENTO","fonte_recurso":"Recursos do Exerc\u00edcio Corrente \/ Outros Recursos n\u00e3o Vinculados \/ -"},{"ano_emissao_emp":"2023","n_emp":"0000212","data_emissao":"01\/06\/2023","valor":"20.000,00","tipo_empenho":"Global","hist_emp":"VALOR QUE SE EMPENHA PARA FAZER FACE A CONTRATA\u00c7\u00c3O DE PRESTA\u00c7\u00c3O DE SERVI\u00c7OS DE CONSULTORIA E ASSESSORIA JUR\u00cdDICA ESPECIALIZADA PARA ATUAR JUNTO \u00c0 CPI (COMISS\u00c3O PARLAMENTAR DE INQU\u00c9RITO), CRIADA PARA INVESTIGAR POSS\u00cdVEIS IND\u00cdCIOS DE IRREGULARIDADES NA COLETA DE SEMENTES DESTINADAS AO MUNIC\u00cdPIO DE SANTA CRUZ DO CAPIBARIBE, REFERENTE AO PROGRAMA DE DISTRIBUI\u00c7\u00c3O DE SEMENTES DO ESTADO DE PERNAMBUCO, FUNDAMENTADO JURIDICAMENTE NO ARTIGO 75, II DA LEI 14.133 DE 01 DE ABRIL DE 2021.","fornecedor":"MARCELO DIOGENES XAVIER DE LIMA - SOCIEDADE INDIVIDUAL DE ADVOCACIA","denom_uni_orc":"CORPO DELIBERATIVO E SECRETARIA","funcao":"Legislativa","sub_funcao":"A\u00e7\u00e3o Legislativa","programa":"A\u00c7\u00c3O LEGISLATIVA","acao":"MANUTEN\u00c7\u00c3O DAS ATIVIDADES ADMINISTRATIVAS","ident_acao":"Atividade","cat_econ":"Despesa Corrente","natureza_despesa":"Outras Despesas Correntes","modalidade_despesa":"Aplica\u00e7\u00f5es Diretas","elemento_despesa":"Outros Servi\u00e7os de Terceiros - Pessoa Jur\u00eddica","sub_elem_desp":"SEM SUBELEMENTO","fonte_recurso":"Recursos do Exerc\u00edcio Corrente \/ Outros Recursos n\u00e3o Vinculados \/ -"},{"ano_emissao_emp":"2023","n_emp":"0000212","data_emissao":"01\/06\/2023","valor":"20.000,00","tipo_empenho":"Global","hist_emp":"VALOR QUE SE EMPENHA PARA FAZER FACE A CONTRATA\u00c7\u00c3O DE PRESTA\u00c7\u00c3O DE SERVI\u00c7OS DE CONSULTORIA E ASSESSORIA JUR\u00cdDICA ESPECIALIZADA PARA ATUAR JUNTO \u00c0 CPI (COMISS\u00c3O PARLAMENTAR DE INQU\u00c9RITO), CRIADA PARA INVESTIGAR POSS\u00cdVEIS IND\u00cdCIOS DE IRREGULARIDADES NA COLETA DE SEMENTES DESTINADAS AO MUNIC\u00cdPIO DE SANTA CRUZ DO CAPIBARIBE, REFERENTE AO PROGRAMA DE DISTRIBUI\u00c7\u00c3O DE SEMENTES DO ESTADO DE PERNAMBUCO, FUNDAMENTADO JURIDICAMENTE NO ARTIGO 75, II DA LEI 14.133 DE 01 DE ABRIL DE 2021.","fornecedor":"MARCELO DIOGENES XAVIER DE LIMA - SOCIEDADE INDIVIDUAL DE ADVOCACIA","denom_uni_orc":"CORPO DELIBERATIVO E SECRETARIA","funcao":"Legislativa","sub_funcao":"A\u00e7\u00e3o Legislativa","programa":"A\u00c7\u00c3O LEGISLATIVA","acao":"INDENIZA\u00c7\u00d5ES E RESTITUI\u00c7\u00d5ES DIVERSAS (FMS)","ident_acao":"Atividade","cat_econ":"Despesa Corrente","natureza_despesa":"Outras Despesas Correntes","modalidade_despesa":"Aplica\u00e7\u00f5es Diretas","elemento_despesa":"Outros Servi\u00e7os de Terceiros - Pessoa Jur\u00eddica","sub_elem_desp":"SEM SUBELEMENTO","fonte_recurso":"Recursos do Exerc\u00edcio Corrente \/ Outros Recursos n\u00e3o Vinculados \/ -"},{"ano_emissao_emp":"2023","n_emp":"0000213","data_emissao":"01\/06\/2023","valor":"390,00","tipo_empenho":"Ordin\u00e1rio","hist_emp":"VALOR QUE SE EMPENHA PARA FAZER FACE A AQUISI\u00c7\u00c3O DE 3 (TR\u00caS) ASSINATURAS DIGITAIS TIPO A1 PARA OS SERVIDORES SAULO CORREIA DE ALBURQUERQUE, JO\u00c3O BOSCO RANDU BATISTA DOS SANTOS E ISABELLE SOUZA DINIZ, ASSINATURAS NECESS\u00c1RIAS PARA O DESENVOLVIMENTO DOS TRABALHOS DESTA CASA LEGISLATIVA, CELEBRADO MEDIANTE DISPENSA DE LICITA\u00c7\u00c3O, COM FUNDAMENTO NO ARTIGO 24, INCISO 2\u00ba DA LEI 8.666\/93.","fornecedor":"EDUARDO P BARBOSA","denom_uni_orc":"CORPO DELIBERATIVO E SECRETARIA","funcao":"Legislativa","sub_funcao":"A\u00e7\u00e3o Legislativa","programa":"A\u00c7\u00c3O LEGISLATIVA","acao":"AQUISI\u00c7\u00c3O DE M\u00d3VEIS, M\u00c1QUINAS E EQUIPAMENTOS DIVERSOS PARA O CONSELHO","ident_acao":"Atividade","cat_econ":"Despesa Corrente","natureza_despesa":"Outras Despesas Correntes","modalidade_despesa":"Aplica\u00e7\u00f5es Diretas","elemento_despesa":"Material de Consumo","sub_elem_desp":"SEM SUBELEMENTO","fonte_recurso":"Recursos do Exerc\u00edcio Corrente \/ Outros Recursos n\u00e3o Vinculados \/ -"},{"ano_emissao_emp":"2023","n_emp":"0000213","data_emissao":"01\/06\/2023","valor":"390,00","tipo_empenho":"Ordin\u00e1rio","hist_emp":"VALOR QUE SE EMPENHA PARA FAZER FACE A AQUISI\u00c7\u00c3O DE 3 (TR\u00caS) ASSINATURAS DIGITAIS TIPO A1 PARA OS SERVIDORES SAULO CORREIA DE ALBURQUERQUE, JO\u00c3O BOSCO RANDU BATISTA DOS SANTOS E ISABELLE SOUZA DINIZ, ASSINATURAS NECESS\u00c1RIAS PARA O DESENVOLVIMENTO DOS TRABALHOS DESTA CASA LEGISLATIVA, CELEBRADO MEDIANTE DISPENSA DE LICITA\u00c7\u00c3O, COM FUNDAMENTO NO ARTIGO 24, INCISO 2\u00ba DA LEI 8.666\/93.","fornecedor":"EDUARDO P BARBOSA","denom_uni_orc":"CORPO DELIBERATIVO E SECRETARIA","funcao":"Legislativa","sub_funcao":"A\u00e7\u00e3o Legislativa","programa":"A\u00c7\u00c3O LEGISLATIVA","acao":"MANUTEN\u00c7\u00c3O DAS ATIVIDADES ADMINISTRATIVAS","ident_acao":"Atividade","cat_econ":"Despesa Corrente","natureza_despesa":"Outras Despesas Correntes","modalidade_despesa":"Aplica\u00e7\u00f5es Diretas","elemento_despesa":"Material de Consumo","sub_elem_desp":"SEM SUBELEMENTO","fonte_recurso":"Recursos do Exerc\u00edcio Corrente \/ Outros Recursos n\u00e3o Vinculados \/ -"},{"ano_emissao_emp":"2023","n_emp":"0000213","data_emissao":"01\/06\/2023","valor":"390,00","tipo_empenho":"Ordin\u00e1rio","hist_emp":"VALOR QUE SE EMPENHA PARA FAZER FACE A AQUISI\u00c7\u00c3O DE 3 (TR\u00caS) ASSINATURAS DIGITAIS TIPO A1 PARA OS SERVIDORES SAULO CORREIA DE ALBURQUERQUE, JO\u00c3O BOSCO RANDU BATISTA DOS SANTOS E ISABELLE SOUZA DINIZ, ASSINATURAS NECESS\u00c1RIAS PARA O DESENVOLVIMENTO DOS TRABALHOS DESTA CASA LEGISLATIVA, CELEBRADO MEDIANTE DISPENSA DE LICITA\u00c7\u00c3O, COM FUNDAMENTO NO ARTIGO 24, INCISO 2\u00ba DA LEI 8.666\/93.","fornecedor":"EDUARDO P BARBOSA","denom_uni_orc":"CORPO DELIBERATIVO E SECRETARIA","funcao":"Legislativa","sub_funcao":"A\u00e7\u00e3o Legislativa","programa":"A\u00c7\u00c3O LEGISLATIVA","acao":"INDENIZA\u00c7\u00d5ES E RESTITUI\u00c7\u00d5ES DIVERSAS (FMS)","ident_acao":"Atividade","cat_econ":"Despesa Corrente","natureza_despesa":"Outras Despesas Correntes","modalidade_despesa":"Aplica\u00e7\u00f5es Diretas","elemento_despesa":"Material de Consumo","sub_elem_desp":"SEM SUBELEMENTO","fonte_recurso":"Recursos do Exerc\u00edcio Corrente \/ Outros Recursos n\u00e3o Vinculados \/ -"},{"ano_emissao_emp":"2023","n_emp":"0000214","data_emissao":"01\/06\/2023","valor":"168,58","tipo_empenho":"Ordin\u00e1rio","hist_emp":"VALOR QUE SE EMPENHA PARA FAZER FACE A AQUISI\u00c7\u00c3O DE MATERIAL DE CONSUMO PARA MANUTEN\u00c7\u00c3O DESTA CASA LEGISLATIVA, CELEBRADO MEDIANTE DISPENSA DE LICITA\u00c7\u00c3O, COM FUNDAMENTO NO ARTIGO 24, INCISO 2\u00ba DA LEI 8.666\/93.","fornecedor":"JCL LAJES E MATERIAIS PARA CONSTRU\u00c7\u00c3O LTDA","denom_uni_orc":"CORPO DELIBERATIVO E SECRETARIA","funcao":"Legislativa","sub_funcao":"A\u00e7\u00e3o Legislativa","programa":"A\u00c7\u00c3O LEGISLATIVA","acao":"AQUISI\u00c7\u00c3O DE M\u00d3VEIS, M\u00c1QUINAS E EQUIPAMENTOS DIVERSOS PARA O CONSELHO","ident_acao":"Atividade","cat_econ":"Despesa Corrente","natureza_despesa":"Outras Despesas Correntes","modalidade_despesa":"Aplica\u00e7\u00f5es Diretas","elemento_despesa":"Material de Consumo","sub_elem_desp":"SEM SUBELEMENTO","fonte_recurso":"Recursos do Exerc\u00edcio Corrente \/ Outros Recursos n\u00e3o Vinculados \/ -"},{"ano_emissao_emp":"2023","n_emp":"0000214","data_emissao":"01\/06\/2023","valor":"168,58","tipo_empenho":"Ordin\u00e1rio","hist_emp":"VALOR QUE SE EMPENHA PARA FAZER FACE A AQUISI\u00c7\u00c3O DE MATERIAL DE CONSUMO PARA MANUTEN\u00c7\u00c3O DESTA CASA LEGISLATIVA, CELEBRADO MEDIANTE DISPENSA DE LICITA\u00c7\u00c3O, COM FUNDAMENTO NO ARTIGO 24, INCISO 2\u00ba DA LEI 8.666\/93.","fornecedor":"JCL LAJES E MATERIAIS PARA CONSTRU\u00c7\u00c3O LTDA","denom_uni_orc":"CORPO DELIBERATIVO E SECRETARIA","funcao":"Legislativa","sub_funcao":"A\u00e7\u00e3o Legislativa","programa":"A\u00c7\u00c3O LEGISLATIVA","acao":"MANUTEN\u00c7\u00c3O DAS ATIVIDADES ADMINISTRATIVAS","ident_acao":"Atividade","cat_econ":"Despesa Corrente","natureza_despesa":"Outras Despesas Correntes","modalidade_despesa":"Aplica\u00e7\u00f5es Diretas","elemento_despesa":"Material de Consumo","sub_elem_desp":"SEM SUBELEMENTO","fonte_recurso":"Recursos do Exerc\u00edcio Corrente \/ Outros Recursos n\u00e3o Vinculados \/ -"},{"ano_emissao_emp":"2023","n_emp":"0000214","data_emissao":"01\/06\/2023","valor":"168,58","tipo_empenho":"Ordin\u00e1rio","hist_emp":"VALOR QUE SE EMPENHA PARA FAZER FACE A AQUISI\u00c7\u00c3O DE MATERIAL DE CONSUMO PARA MANUTEN\u00c7\u00c3O DESTA CASA LEGISLATIVA, CELEBRADO MEDIANTE DISPENSA DE LICITA\u00c7\u00c3O, COM FUNDAMENTO NO ARTIGO 24, INCISO 2\u00ba DA LEI 8.666\/93.","fornecedor":"JCL LAJES E MATERIAIS PARA CONSTRU\u00c7\u00c3O LTDA","denom_uni_orc":"CORPO DELIBERATIVO E SECRETARIA","funcao":"Legislativa","sub_funcao":"A\u00e7\u00e3o Legislativa","programa":"A\u00c7\u00c3O LEGISLATIVA","acao":"INDENIZA\u00c7\u00d5ES E RESTITUI\u00c7\u00d5ES DIVERSAS (FMS)","ident_acao":"Atividade","cat_econ":"Despesa Corrente","natureza_despesa":"Outras Despesas Correntes","modalidade_despesa":"Aplica\u00e7\u00f5es Diretas","elemento_despesa":"Material de Consumo","sub_elem_desp":"SEM SUBELEMENTO","fonte_recurso":"Recursos do Exerc\u00edcio Corrente \/ Outros Recursos n\u00e3o Vinculados \/ -"},{"ano_emissao_emp":"2023","n_emp":"0000215","data_emissao":"01\/06\/2023","valor":"250,00","tipo_empenho":"Ordin\u00e1rio","hist_emp":"VALOR QUE SE EMPENHA PARA FAZER FACE A CONTRATA\u00c7\u00c3O DE SERVI\u00c7O  DE CONSERTO\/VISTORIA DO SISTEMA DE C\u00c2MERAS DE SEGURAN\u00c7A DESTA CASA DE LEI, CELEBRADO MEDIANTE DISPENSA DE LICITA\u00c7\u00c3O, COM FUNDAMENTO NO ARTIGO 24, INCISO 2\u00ba DA LEI 8.666\/93.","fornecedor":"ELENILSON DE LIRA SILVA","denom_uni_orc":"CORPO DELIBERATIVO E SECRETARIA","funcao":"Legislativa","sub_funcao":"A\u00e7\u00e3o Legislativa","programa":"A\u00c7\u00c3O LEGISLATIVA","acao":"AQUISI\u00c7\u00c3O DE M\u00d3VEIS, M\u00c1QUINAS E EQUIPAMENTOS DIVERSOS PARA O CONSELHO","ident_acao":"Atividade","cat_econ":"Despesa Corrente","natureza_despesa":"Outras Despesas Correntes","modalidade_despesa":"Aplica\u00e7\u00f5es Diretas","elemento_despesa":"Outros Servi\u00e7os de Terceiros - Pessoa F\u00edsica","sub_elem_desp":"SEM SUBELEMENTO","fonte_recurso":"Recursos do Exerc\u00edcio Corrente \/ Outros Recursos n\u00e3o Vinculados \/ -"},{"ano_emissao_emp":"2023","n_emp":"0000215","data_emissao":"01\/06\/2023","valor":"250,00","tipo_empenho":"Ordin\u00e1rio","hist_emp":"VALOR QUE SE EMPENHA PARA FAZER FACE A CONTRATA\u00c7\u00c3O DE SERVI\u00c7O  DE CONSERTO\/VISTORIA DO SISTEMA DE C\u00c2MERAS DE SEGURAN\u00c7A DESTA CASA DE LEI, CELEBRADO MEDIANTE DISPENSA DE LICITA\u00c7\u00c3O, COM FUNDAMENTO NO ARTIGO 24, INCISO 2\u00ba DA LEI 8.666\/93.","fornecedor":"ELENILSON DE LIRA SILVA","denom_uni_orc":"CORPO DELIBERATIVO E SECRETARIA","funcao":"Legislativa","sub_funcao":"A\u00e7\u00e3o Legislativa","programa":"A\u00c7\u00c3O LEGISLATIVA","acao":"MANUTEN\u00c7\u00c3O DAS ATIVIDADES ADMINISTRATIVAS","ident_acao":"Atividade","cat_econ":"Despesa Corrente","natureza_despesa":"Outras Despesas Correntes","modalidade_despesa":"Aplica\u00e7\u00f5es Diretas","elemento_despesa":"Outros Servi\u00e7os de Terceiros - Pessoa F\u00edsica","sub_elem_desp":"SEM SUBELEMENTO","fonte_recurso":"Recursos do Exerc\u00edcio Corrente \/ Outros Recursos n\u00e3o Vinculados \/ -"},{"ano_emissao_emp":"2023","n_emp":"0000215","data_emissao":"01\/06\/2023","valor":"250,00","tipo_empenho":"Ordin\u00e1rio","hist_emp":"VALOR QUE SE EMPENHA PARA FAZER FACE A CONTRATA\u00c7\u00c3O DE SERVI\u00c7O  DE CONSERTO\/VISTORIA DO SISTEMA DE C\u00c2MERAS DE SEGURAN\u00c7A DESTA CASA DE LEI, CELEBRADO MEDIANTE DISPENSA DE LICITA\u00c7\u00c3O, COM FUNDAMENTO NO ARTIGO 24, INCISO 2\u00ba DA LEI 8.666\/93.","fornecedor":"ELENILSON DE LIRA SILVA","denom_uni_orc":"CORPO DELIBERATIVO E SECRETARIA","funcao":"Legislativa","sub_funcao":"A\u00e7\u00e3o Legislativa","programa":"A\u00c7\u00c3O LEGISLATIVA","acao":"INDENIZA\u00c7\u00d5ES E RESTITUI\u00c7\u00d5ES DIVERSAS (FMS)","ident_acao":"Atividade","cat_econ":"Despesa Corrente","natureza_despesa":"Outras Despesas Correntes","modalidade_despesa":"Aplica\u00e7\u00f5es Diretas","elemento_despesa":"Outros Servi\u00e7os de Terceiros - Pessoa F\u00edsica","sub_elem_desp":"SEM SUBELEMENTO","fonte_recurso":"Recursos do Exerc\u00edcio Corrente \/ Outros Recursos n\u00e3o Vinculados \/ -"},{"ano_emissao_emp":"2023","n_emp":"0000216","data_emissao":"02\/06\/2023","valor":"140,00","tipo_empenho":"Ordin\u00e1rio","hist_emp":"VALOR QUE SE EMPENHA PARA FAZER FACE A CUSTEIO DE CONFEC\u00c7\u00c3O DE 01 (UMA) FAIXA PARA SER EXPOSTA DURANTE A REALIZA\u00c7\u00c3O DA AUDI\u00caNCIA P\u00daBLICA QUE TRATAR\u00c1 DO DIREITO DA PESSOA COM DEFICI\u00caNCIA E O RESPECTIVO ATENDIMENTO NAS UNIDADES P\u00daBLICAS DE SA\u00daDE E EDUCA\u00c7\u00c3O, QUE SER\u00c1 REALIZADA NO DIA 02\/06\/2023. CELEBRADO MEDIANTE DISPENSA DE LICITA\u00c7\u00c3O, COM FUNDAMENTO NO ARTIGO 24, INCISO 2\u00ba DA LEI 8.666\/93.","fornecedor":"SIGN COMUNICA\u00c7\u00c3O VISUAL LTDA","denom_uni_orc":"CORPO DELIBERATIVO E SECRETARIA","funcao":"Legislativa","sub_funcao":"A\u00e7\u00e3o Legislativa","programa":"A\u00c7\u00c3O LEGISLATIVA","acao":"AQUISI\u00c7\u00c3O DE M\u00d3VEIS, M\u00c1QUINAS E EQUIPAMENTOS DIVERSOS PARA O CONSELHO","ident_acao":"Atividade","cat_econ":"Despesa Corrente","natureza_despesa":"Outras Despesas Correntes","modalidade_despesa":"Aplica\u00e7\u00f5es Diretas","elemento_despesa":"Outros Servi\u00e7os de Terceiros - Pessoa Jur\u00eddica","sub_elem_desp":"SEM SUBELEMENTO","fonte_recurso":"Recursos do Exerc\u00edcio Corrente \/ Outros Recursos n\u00e3o Vinculados \/ -"},{"ano_emissao_emp":"2023","n_emp":"0000216","data_emissao":"02\/06\/2023","valor":"140,00","tipo_empenho":"Ordin\u00e1rio","hist_emp":"VALOR QUE SE EMPENHA PARA FAZER FACE A CUSTEIO DE CONFEC\u00c7\u00c3O DE 01 (UMA) FAIXA PARA SER EXPOSTA DURANTE A REALIZA\u00c7\u00c3O DA AUDI\u00caNCIA P\u00daBLICA QUE TRATAR\u00c1 DO DIREITO DA PESSOA COM DEFICI\u00caNCIA E O RESPECTIVO ATENDIMENTO NAS UNIDADES P\u00daBLICAS DE SA\u00daDE E EDUCA\u00c7\u00c3O, QUE SER\u00c1 REALIZADA NO DIA 02\/06\/2023. CELEBRADO MEDIANTE DISPENSA DE LICITA\u00c7\u00c3O, COM FUNDAMENTO NO ARTIGO 24, INCISO 2\u00ba DA LEI 8.666\/93.","fornecedor":"SIGN COMUNICA\u00c7\u00c3O VISUAL LTDA","denom_uni_orc":"CORPO DELIBERATIVO E SECRETARIA","funcao":"Legislativa","sub_funcao":"A\u00e7\u00e3o Legislativa","programa":"A\u00c7\u00c3O LEGISLATIVA","acao":"MANUTEN\u00c7\u00c3O DAS ATIVIDADES ADMINISTRATIVAS","ident_acao":"Atividade","cat_econ":"Despesa Corrente","natureza_despesa":"Outras Despesas Correntes","modalidade_despesa":"Aplica\u00e7\u00f5es Diretas","elemento_despesa":"Outros Servi\u00e7os de Terceiros - Pessoa Jur\u00eddica","sub_elem_desp":"SEM SUBELEMENTO","fonte_recurso":"Recursos do Exerc\u00edcio Corrente \/ Outros Recursos n\u00e3o Vinculados \/ -"},{"ano_emissao_emp":"2023","n_emp":"0000216","data_emissao":"02\/06\/2023","valor":"140,00","tipo_empenho":"Ordin\u00e1rio","hist_emp":"VALOR QUE SE EMPENHA PARA FAZER FACE A CUSTEIO DE CONFEC\u00c7\u00c3O DE 01 (UMA) FAIXA PARA SER EXPOSTA DURANTE A REALIZA\u00c7\u00c3O DA AUDI\u00caNCIA P\u00daBLICA QUE TRATAR\u00c1 DO DIREITO DA PESSOA COM DEFICI\u00caNCIA E O RESPECTIVO ATENDIMENTO NAS UNIDADES P\u00daBLICAS DE SA\u00daDE E EDUCA\u00c7\u00c3O, QUE SER\u00c1 REALIZADA NO DIA 02\/06\/2023. CELEBRADO MEDIANTE DISPENSA DE LICITA\u00c7\u00c3O, COM FUNDAMENTO NO ARTIGO 24, INCISO 2\u00ba DA LEI 8.666\/93.","fornecedor":"SIGN COMUNICA\u00c7\u00c3O VISUAL LTDA","denom_uni_orc":"CORPO DELIBERATIVO E SECRETARIA","funcao":"Legislativa","sub_funcao":"A\u00e7\u00e3o Legislativa","programa":"A\u00c7\u00c3O LEGISLATIVA","acao":"INDENIZA\u00c7\u00d5ES E RESTITUI\u00c7\u00d5ES DIVERSAS (FMS)","ident_acao":"Atividade","cat_econ":"Despesa Corrente","natureza_despesa":"Outras Despesas Correntes","modalidade_despesa":"Aplica\u00e7\u00f5es Diretas","elemento_despesa":"Outros Servi\u00e7os de Terceiros - Pessoa Jur\u00eddica","sub_elem_desp":"SEM SUBELEMENTO","fonte_recurso":"Recursos do Exerc\u00edcio Corrente \/ Outros Recursos n\u00e3o Vinculados \/ -"},{"ano_emissao_emp":"2023","n_emp":"0000217","data_emissao":"02\/06\/2023","valor":"170,00","tipo_empenho":"Ordin\u00e1rio","hist_emp":"VALOR QUE SE EMPENHA PARA FAZER FACE A 01 (UMA) DI\u00c1RIA SEM PERNOITE COM IDA A CIDADE DO RECIFE NO  DIA 06 DE JUNHO DE 2023, PARA APOIO COM ATIVIDADE DE  MOTORISTA \u00c0 COMITIVA DO VEREADOR EMANUEL RAMOS, CELEBRADO MEDIANTE DISPENSA DE LICITA\u00c7\u00c3O, COM FUNDAMENTO NO ARTIGO 24, INCISO 2\u00ba DA LEI 8.666\/93.","fornecedor":"JOSUE CUSTODIO DE ARAUJO SOBRINHO","denom_uni_orc":"CORPO DELIBERATIVO E SECRETARIA","funcao":"Legislativa","sub_funcao":"A\u00e7\u00e3o Legislativa","programa":"A\u00c7\u00c3O LEGISLATIVA","acao":"AQUISI\u00c7\u00c3O DE M\u00d3VEIS, M\u00c1QUINAS E EQUIPAMENTOS DIVERSOS PARA O CONSELHO","ident_acao":"Atividade","cat_econ":"Despesa Corrente","natureza_despesa":"Outras Despesas Correntes","modalidade_despesa":"Aplica\u00e7\u00f5es Diretas","elemento_despesa":"Di\u00e1rias \u2013 Civil","sub_elem_desp":"SEM SUBELEMENTO","fonte_recurso":"Recursos do Exerc\u00edcio Corrente \/ Outros Recursos n\u00e3o Vinculados \/ -"},{"ano_emissao_emp":"2023","n_emp":"0000217","data_emissao":"02\/06\/2023","valor":"170,00","tipo_empenho":"Ordin\u00e1rio","hist_emp":"VALOR QUE SE EMPENHA PARA FAZER FACE A 01 (UMA) DI\u00c1RIA SEM PERNOITE COM IDA A CIDADE DO RECIFE NO  DIA 06 DE JUNHO DE 2023, PARA APOIO COM ATIVIDADE DE  MOTORISTA \u00c0 COMITIVA DO VEREADOR EMANUEL RAMOS, CELEBRADO MEDIANTE DISPENSA DE LICITA\u00c7\u00c3O, COM FUNDAMENTO NO ARTIGO 24, INCISO 2\u00ba DA LEI 8.666\/93.","fornecedor":"JOSUE CUSTODIO DE ARAUJO SOBRINHO","denom_uni_orc":"CORPO DELIBERATIVO E SECRETARIA","funcao":"Legislativa","sub_funcao":"A\u00e7\u00e3o Legislativa","programa":"A\u00c7\u00c3O LEGISLATIVA","acao":"MANUTEN\u00c7\u00c3O DAS ATIVIDADES ADMINISTRATIVAS","ident_acao":"Atividade","cat_econ":"Despesa Corrente","natureza_despesa":"Outras Despesas Correntes","modalidade_despesa":"Aplica\u00e7\u00f5es Diretas","elemento_despesa":"Di\u00e1rias \u2013 Civil","sub_elem_desp":"SEM SUBELEMENTO","fonte_recurso":"Recursos do Exerc\u00edcio Corrente \/ Outros Recursos n\u00e3o Vinculados \/ -"},{"ano_emissao_emp":"2023","n_emp":"0000217","data_emissao":"02\/06\/2023","valor":"170,00","tipo_empenho":"Ordin\u00e1rio","hist_emp":"VALOR QUE SE EMPENHA PARA FAZER FACE A 01 (UMA) DI\u00c1RIA SEM PERNOITE COM IDA A CIDADE DO RECIFE NO  DIA 06 DE JUNHO DE 2023, PARA APOIO COM ATIVIDADE DE  MOTORISTA \u00c0 COMITIVA DO VEREADOR EMANUEL RAMOS, CELEBRADO MEDIANTE DISPENSA DE LICITA\u00c7\u00c3O, COM FUNDAMENTO NO ARTIGO 24, INCISO 2\u00ba DA LEI 8.666\/93.","fornecedor":"JOSUE CUSTODIO DE ARAUJO SOBRINHO","denom_uni_orc":"CORPO DELIBERATIVO E SECRETARIA","funcao":"Legislativa","sub_funcao":"A\u00e7\u00e3o Legislativa","programa":"A\u00c7\u00c3O LEGISLATIVA","acao":"INDENIZA\u00c7\u00d5ES E RESTITUI\u00c7\u00d5ES DIVERSAS (FMS)","ident_acao":"Atividade","cat_econ":"Despesa Corrente","natureza_despesa":"Outras Despesas Correntes","modalidade_despesa":"Aplica\u00e7\u00f5es Diretas","elemento_despesa":"Di\u00e1rias \u2013 Civil","sub_elem_desp":"SEM SUBELEMENTO","fonte_recurso":"Recursos do Exerc\u00edcio Corrente \/ Outros Recursos n\u00e3o Vinculados \/ -"},{"ano_emissao_emp":"2023","n_emp":"0000218","data_emissao":"02\/06\/2023","valor":"969,81","tipo_empenho":"Ordin\u00e1rio","hist_emp":"VALOR QUE SE EMPENHA PARA FAZER FACE A AQUISI\u00c7\u00c3O DE PRODUTOS DE CONSUMO PARA O FUNCIONAMENTO DA COPA E COZINHA DESTA CASA LEGISLATIVA PARA O M\u00caS DE JUNHO DE 2023, CELEBRADO MEDIANTE DISPENSA DE LICITA\u00c7\u00c3O, COM FUNDAMENTO NO ARTIGO 24, INCISO 2\u00ba DA LEI 8.666\/93.","fornecedor":"LOPES & FONSECA CIA LTDA","denom_uni_orc":"CORPO DELIBERATIVO E SECRETARIA","funcao":"Legislativa","sub_funcao":"A\u00e7\u00e3o Legislativa","programa":"A\u00c7\u00c3O LEGISLATIVA","acao":"AQUISI\u00c7\u00c3O DE M\u00d3VEIS, M\u00c1QUINAS E EQUIPAMENTOS DIVERSOS PARA O CONSELHO","ident_acao":"Atividade","cat_econ":"Despesa Corrente","natureza_despesa":"Outras Despesas Correntes","modalidade_despesa":"Aplica\u00e7\u00f5es Diretas","elemento_despesa":"Material de Consumo","sub_elem_desp":"MATERIAL DE COPA E COZINHA","fonte_recurso":"Recursos do Exerc\u00edcio Corrente \/ Outros Recursos n\u00e3o Vinculados \/ -"},{"ano_emissao_emp":"2023","n_emp":"0000218","data_emissao":"02\/06\/2023","valor":"969,81","tipo_empenho":"Ordin\u00e1rio","hist_emp":"VALOR QUE SE EMPENHA PARA FAZER FACE A AQUISI\u00c7\u00c3O DE PRODUTOS DE CONSUMO PARA O FUNCIONAMENTO DA COPA E COZINHA DESTA CASA LEGISLATIVA PARA O M\u00caS DE JUNHO DE 2023, CELEBRADO MEDIANTE DISPENSA DE LICITA\u00c7\u00c3O, COM FUNDAMENTO NO ARTIGO 24, INCISO 2\u00ba DA LEI 8.666\/93.","fornecedor":"LOPES & FONSECA CIA LTDA","denom_uni_orc":"CORPO DELIBERATIVO E SECRETARIA","funcao":"Legislativa","sub_funcao":"A\u00e7\u00e3o Legislativa","programa":"A\u00c7\u00c3O LEGISLATIVA","acao":"MANUTEN\u00c7\u00c3O DAS ATIVIDADES ADMINISTRATIVAS","ident_acao":"Atividade","cat_econ":"Despesa Corrente","natureza_despesa":"Outras Despesas Correntes","modalidade_despesa":"Aplica\u00e7\u00f5es Diretas","elemento_despesa":"Material de Consumo","sub_elem_desp":"MATERIAL DE COPA E COZINHA","fonte_recurso":"Recursos do Exerc\u00edcio Corrente \/ Outros Recursos n\u00e3o Vinculados \/ -"},{"ano_emissao_emp":"2023","n_emp":"0000218","data_emissao":"02\/06\/2023","valor":"969,81","tipo_empenho":"Ordin\u00e1rio","hist_emp":"VALOR QUE SE EMPENHA PARA FAZER FACE A AQUISI\u00c7\u00c3O DE PRODUTOS DE CONSUMO PARA O FUNCIONAMENTO DA COPA E COZINHA DESTA CASA LEGISLATIVA PARA O M\u00caS DE JUNHO DE 2023, CELEBRADO MEDIANTE DISPENSA DE LICITA\u00c7\u00c3O, COM FUNDAMENTO NO ARTIGO 24, INCISO 2\u00ba DA LEI 8.666\/93.","fornecedor":"LOPES & FONSECA CIA LTDA","denom_uni_orc":"CORPO DELIBERATIVO E SECRETARIA","funcao":"Legislativa","sub_funcao":"A\u00e7\u00e3o Legislativa","programa":"A\u00c7\u00c3O LEGISLATIVA","acao":"INDENIZA\u00c7\u00d5ES E RESTITUI\u00c7\u00d5ES DIVERSAS (FMS)","ident_acao":"Atividade","cat_econ":"Despesa Corrente","natureza_despesa":"Outras Despesas Correntes","modalidade_despesa":"Aplica\u00e7\u00f5es Diretas","elemento_despesa":"Material de Consumo","sub_elem_desp":"MATERIAL DE COPA E COZINHA","fonte_recurso":"Recursos do Exerc\u00edcio Corrente \/ Outros Recursos n\u00e3o Vinculados \/ -"},{"ano_emissao_emp":"2023","n_emp":"0000219","data_emissao":"06\/06\/2023","valor":"1.100,50","tipo_empenho":"Ordin\u00e1rio","hist_emp":"VALOR QUE SE EMPENHA PARA FAZER FACE A CUSTEIO COM AQUISI\u00c7\u00c3O DE  MATERIAL DE LIMPESA RELACIONADOS NO OF\u00cdCIO DE SOLICIT\u00c7\u00c3O DE EMPENHO 051-2023 SECOM  PARA ESTA CASA LEGISLATIVA E SEU ANEXO (CIDATEC), CELEBRADO MEDIANTE DISPENSA DE LICITA\u00c7\u00c3O, COM FUNDAMENTO NO ARTIGO 24, INCISO 2\u00ba DA LEI 8.666\/93.","fornecedor":"IVONALDO SEVERINO DA SILVA","denom_uni_orc":"CORPO DELIBERATIVO E SECRETARIA","funcao":"Legislativa","sub_funcao":"A\u00e7\u00e3o Legislativa","programa":"A\u00c7\u00c3O LEGISLATIVA","acao":"AQUISI\u00c7\u00c3O DE M\u00d3VEIS, M\u00c1QUINAS E EQUIPAMENTOS DIVERSOS PARA O CONSELHO","ident_acao":"Atividade","cat_econ":"Despesa Corrente","natureza_despesa":"Outras Despesas Correntes","modalidade_despesa":"Aplica\u00e7\u00f5es Diretas","elemento_despesa":"Material de Consumo","sub_elem_desp":"SEM SUBELEMENTO","fonte_recurso":"Recursos do Exerc\u00edcio Corrente \/ Outros Recursos n\u00e3o Vinculados \/ -"},{"ano_emissao_emp":"2023","n_emp":"0000219","data_emissao":"06\/06\/2023","valor":"1.100,50","tipo_empenho":"Ordin\u00e1rio","hist_emp":"VALOR QUE SE EMPENHA PARA FAZER FACE A CUSTEIO COM AQUISI\u00c7\u00c3O DE  MATERIAL DE LIMPESA RELACIONADOS NO OF\u00cdCIO DE SOLICIT\u00c7\u00c3O DE EMPENHO 051-2023 SECOM  PARA ESTA CASA LEGISLATIVA E SEU ANEXO (CIDATEC), CELEBRADO MEDIANTE DISPENSA DE LICITA\u00c7\u00c3O, COM FUNDAMENTO NO ARTIGO 24, INCISO 2\u00ba DA LEI 8.666\/93.","fornecedor":"IVONALDO SEVERINO DA SILVA","denom_uni_orc":"CORPO DELIBERATIVO E SECRETARIA","funcao":"Legislativa","sub_funcao":"A\u00e7\u00e3o Legislativa","programa":"A\u00c7\u00c3O LEGISLATIVA","acao":"MANUTEN\u00c7\u00c3O DAS ATIVIDADES ADMINISTRATIVAS","ident_acao":"Atividade","cat_econ":"Despesa Corrente","natureza_despesa":"Outras Despesas Correntes","modalidade_despesa":"Aplica\u00e7\u00f5es Diretas","elemento_despesa":"Material de Consumo","sub_elem_desp":"SEM SUBELEMENTO","fonte_recurso":"Recursos do Exerc\u00edcio Corrente \/ Outros Recursos n\u00e3o Vinculados \/ -"},{"ano_emissao_emp":"2023","n_emp":"0000219","data_emissao":"06\/06\/2023","valor":"1.100,50","tipo_empenho":"Ordin\u00e1rio","hist_emp":"VALOR QUE SE EMPENHA PARA FAZER FACE A CUSTEIO COM AQUISI\u00c7\u00c3O DE  MATERIAL DE LIMPESA RELACIONADOS NO OF\u00cdCIO DE SOLICIT\u00c7\u00c3O DE EMPENHO 051-2023 SECOM  PARA ESTA CASA LEGISLATIVA E SEU ANEXO (CIDATEC), CELEBRADO MEDIANTE DISPENSA DE LICITA\u00c7\u00c3O, COM FUNDAMENTO NO ARTIGO 24, INCISO 2\u00ba DA LEI 8.666\/93.","fornecedor":"IVONALDO SEVERINO DA SILVA","denom_uni_orc":"CORPO DELIBERATIVO E SECRETARIA","funcao":"Legislativa","sub_funcao":"A\u00e7\u00e3o Legislativa","programa":"A\u00c7\u00c3O LEGISLATIVA","acao":"INDENIZA\u00c7\u00d5ES E RESTITUI\u00c7\u00d5ES DIVERSAS (FMS)","ident_acao":"Atividade","cat_econ":"Despesa Corrente","natureza_despesa":"Outras Despesas Correntes","modalidade_despesa":"Aplica\u00e7\u00f5es Diretas","elemento_despesa":"Material de Consumo","sub_elem_desp":"SEM SUBELEMENTO","fonte_recurso":"Recursos do Exerc\u00edcio Corrente \/ Outros Recursos n\u00e3o Vinculados \/ -"},{"ano_emissao_emp":"2023","n_emp":"0000220","data_emissao":"06\/06\/2023","valor":"122,00","tipo_empenho":"Ordin\u00e1rio","hist_emp":"VALOR QUE SE EMPENHA PARA FAZER FACE A CUSTEIO COM AQUISI\u00c7\u00c3O DE  MATERIAL DE LIMPESA RELACIONADOS NO OF\u00cdCIO DE SOLICIT\u00c7\u00c3O DE EMPENHO 052-2023 SECOM  PARA ESTA CASA LEGISLATIVA, CELEBRADO MEDIANTE DISPENSA DE LICITA\u00c7\u00c3O, COM FUNDAMENTO NO ARTIGO 24, INCISO 2\u00ba DA LEI 8.666\/93.","fornecedor":"IVONALDO SEVERINO DA SILVA","denom_uni_orc":"CORPO DELIBERATIVO E SECRETARIA","funcao":"Legislativa","sub_funcao":"A\u00e7\u00e3o Legislativa","programa":"A\u00c7\u00c3O LEGISLATIVA","acao":"AQUISI\u00c7\u00c3O DE M\u00d3VEIS, M\u00c1QUINAS E EQUIPAMENTOS DIVERSOS PARA O CONSELHO","ident_acao":"Atividade","cat_econ":"Despesa Corrente","natureza_despesa":"Outras Despesas Correntes","modalidade_despesa":"Aplica\u00e7\u00f5es Diretas","elemento_despesa":"Material de Consumo","sub_elem_desp":"SEM SUBELEMENTO","fonte_recurso":"Recursos do Exerc\u00edcio Corrente \/ Outros Recursos n\u00e3o Vinculados \/ -"},{"ano_emissao_emp":"2023","n_emp":"0000220","data_emissao":"06\/06\/2023","valor":"122,00","tipo_empenho":"Ordin\u00e1rio","hist_emp":"VALOR QUE SE EMPENHA PARA FAZER FACE A CUSTEIO COM AQUISI\u00c7\u00c3O DE  MATERIAL DE LIMPESA RELACIONADOS NO OF\u00cdCIO DE SOLICIT\u00c7\u00c3O DE EMPENHO 052-2023 SECOM  PARA ESTA CASA LEGISLATIVA, CELEBRADO MEDIANTE DISPENSA DE LICITA\u00c7\u00c3O, COM FUNDAMENTO NO ARTIGO 24, INCISO 2\u00ba DA LEI 8.666\/93.","fornecedor":"IVONALDO SEVERINO DA SILVA","denom_uni_orc":"CORPO DELIBERATIVO E SECRETARIA","funcao":"Legislativa","sub_funcao":"A\u00e7\u00e3o Legislativa","programa":"A\u00c7\u00c3O LEGISLATIVA","acao":"MANUTEN\u00c7\u00c3O DAS ATIVIDADES ADMINISTRATIVAS","ident_acao":"Atividade","cat_econ":"Despesa Corrente","natureza_despesa":"Outras Despesas Correntes","modalidade_despesa":"Aplica\u00e7\u00f5es Diretas","elemento_despesa":"Material de Consumo","sub_elem_desp":"SEM SUBELEMENTO","fonte_recurso":"Recursos do Exerc\u00edcio Corrente \/ Outros Recursos n\u00e3o Vinculados \/ -"},{"ano_emissao_emp":"2023","n_emp":"0000220","data_emissao":"06\/06\/2023","valor":"122,00","tipo_empenho":"Ordin\u00e1rio","hist_emp":"VALOR QUE SE EMPENHA PARA FAZER FACE A CUSTEIO COM AQUISI\u00c7\u00c3O DE  MATERIAL DE LIMPESA RELACIONADOS NO OF\u00cdCIO DE SOLICIT\u00c7\u00c3O DE EMPENHO 052-2023 SECOM  PARA ESTA CASA LEGISLATIVA, CELEBRADO MEDIANTE DISPENSA DE LICITA\u00c7\u00c3O, COM FUNDAMENTO NO ARTIGO 24, INCISO 2\u00ba DA LEI 8.666\/93.","fornecedor":"IVONALDO SEVERINO DA SILVA","denom_uni_orc":"CORPO DELIBERATIVO E SECRETARIA","funcao":"Legislativa","sub_funcao":"A\u00e7\u00e3o Legislativa","programa":"A\u00c7\u00c3O LEGISLATIVA","acao":"INDENIZA\u00c7\u00d5ES E RESTITUI\u00c7\u00d5ES DIVERSAS (FMS)","ident_acao":"Atividade","cat_econ":"Despesa Corrente","natureza_despesa":"Outras Despesas Correntes","modalidade_despesa":"Aplica\u00e7\u00f5es Diretas","elemento_despesa":"Material de Consumo","sub_elem_desp":"SEM SUBELEMENTO","fonte_recurso":"Recursos do Exerc\u00edcio Corrente \/ Outros Recursos n\u00e3o Vinculados \/ -"},{"ano_emissao_emp":"2023","n_emp":"0000221","data_emissao":"09\/06\/2023","valor":"1.035,00","tipo_empenho":"Ordin\u00e1rio","hist_emp":"VALOR QUE SE EMPENHA PARA FAZER FACE A CUSTEIO DE SERVI\u00c7O DE REFORMA E REPARA\u00c7\u00c3O DE 17 CADEIRAS E 02 LONGARINAS DESTA CASA LEGISLATIVA, CELEBRADO MEDIANTE DISPENSA DE LICITA\u00c7\u00c3O, COM FUNDAMENTO NO ARTIGO 24, INCISO 2\u00ba DA LEI 8.666\/93.","fornecedor":"IVAN DUQUE CAVALCANT1","denom_uni_orc":"CORPO DELIBERATIVO E SECRETARIA","funcao":"Legislativa","sub_funcao":"A\u00e7\u00e3o Legislativa","programa":"A\u00c7\u00c3O LEGISLATIVA","acao":"AQUISI\u00c7\u00c3O DE M\u00d3VEIS, M\u00c1QUINAS E EQUIPAMENTOS DIVERSOS PARA O CONSELHO","ident_acao":"Atividade","cat_econ":"Despesa Corrente","natureza_despesa":"Outras Despesas Correntes","modalidade_despesa":"Aplica\u00e7\u00f5es Diretas","elemento_despesa":"Outros Servi\u00e7os de Terceiros - Pessoa F\u00edsica","sub_elem_desp":"MANUTEN\u00c7\u00c3O E CONSERVA\u00c7\u00c3O DE BENS M\u00d3VEIS DE OUTRAS NATUREZAS","fonte_recurso":"Recursos do Exerc\u00edcio Corrente \/ Outros Recursos n\u00e3o Vinculados \/ -"},{"ano_emissao_emp":"2023","n_emp":"0000221","data_emissao":"09\/06\/2023","valor":"1.035,00","tipo_empenho":"Ordin\u00e1rio","hist_emp":"VALOR QUE SE EMPENHA PARA FAZER FACE A CUSTEIO DE SERVI\u00c7O DE REFORMA E REPARA\u00c7\u00c3O DE 17 CADEIRAS E 02 LONGARINAS DESTA CASA LEGISLATIVA, CELEBRADO MEDIANTE DISPENSA DE LICITA\u00c7\u00c3O, COM FUNDAMENTO NO ARTIGO 24, INCISO 2\u00ba DA LEI 8.666\/93.","fornecedor":"IVAN DUQUE CAVALCANT1","denom_uni_orc":"CORPO DELIBERATIVO E SECRETARIA","funcao":"Legislativa","sub_funcao":"A\u00e7\u00e3o Legislativa","programa":"A\u00c7\u00c3O LEGISLATIVA","acao":"MANUTEN\u00c7\u00c3O DAS ATIVIDADES ADMINISTRATIVAS","ident_acao":"Atividade","cat_econ":"Despesa Corrente","natureza_despesa":"Outras Despesas Correntes","modalidade_despesa":"Aplica\u00e7\u00f5es Diretas","elemento_despesa":"Outros Servi\u00e7os de Terceiros - Pessoa F\u00edsica","sub_elem_desp":"MANUTEN\u00c7\u00c3O E CONSERVA\u00c7\u00c3O DE BENS M\u00d3VEIS DE OUTRAS NATUREZAS","fonte_recurso":"Recursos do Exerc\u00edcio Corrente \/ Outros Recursos n\u00e3o Vinculados \/ -"},{"ano_emissao_emp":"2023","n_emp":"0000221","data_emissao":"09\/06\/2023","valor":"1.035,00","tipo_empenho":"Ordin\u00e1rio","hist_emp":"VALOR QUE SE EMPENHA PARA FAZER FACE A CUSTEIO DE SERVI\u00c7O DE REFORMA E REPARA\u00c7\u00c3O DE 17 CADEIRAS E 02 LONGARINAS DESTA CASA LEGISLATIVA, CELEBRADO MEDIANTE DISPENSA DE LICITA\u00c7\u00c3O, COM FUNDAMENTO NO ARTIGO 24, INCISO 2\u00ba DA LEI 8.666\/93.","fornecedor":"IVAN DUQUE CAVALCANT1","denom_uni_orc":"CORPO DELIBERATIVO E SECRETARIA","funcao":"Legislativa","sub_funcao":"A\u00e7\u00e3o Legislativa","programa":"A\u00c7\u00c3O LEGISLATIVA","acao":"INDENIZA\u00c7\u00d5ES E RESTITUI\u00c7\u00d5ES DIVERSAS (FMS)","ident_acao":"Atividade","cat_econ":"Despesa Corrente","natureza_despesa":"Outras Despesas Correntes","modalidade_despesa":"Aplica\u00e7\u00f5es Diretas","elemento_despesa":"Outros Servi\u00e7os de Terceiros - Pessoa F\u00edsica","sub_elem_desp":"MANUTEN\u00c7\u00c3O E CONSERVA\u00c7\u00c3O DE BENS M\u00d3VEIS DE OUTRAS NATUREZAS","fonte_recurso":"Recursos do Exerc\u00edcio Corrente \/ Outros Recursos n\u00e3o Vinculados \/ -"},{"ano_emissao_emp":"2023","n_emp":"0000222","data_emissao":"09\/06\/2023","valor":"59,00","tipo_empenho":"Ordin\u00e1rio","hist_emp":"VALOR QUE SE EMPENHA PARA FAZER FACE A AQUISI\u00c7\u00c3O DE MATERIAIS DE CONSUMO (01 (UMA) LUMIN\u00c1RIA LED QUADRADA 24W) PARA SER UTILIZADA NESTA CASA LEGISLATIVA , CELEBRADO MEDIANTE DISPENSA DE LICITA\u00c7\u00c3O, COM FUNDAMENTO NO ARTIGO 24, INCISO 2\u00ba DA LEI 8.666\/93.","fornecedor":"JCL LAJES E MATERIAIS PARA CONSTRU\u00c7\u00c3O LTDA","denom_uni_orc":"CORPO DELIBERATIVO E SECRETARIA","funcao":"Legislativa","sub_funcao":"A\u00e7\u00e3o Legislativa","programa":"A\u00c7\u00c3O LEGISLATIVA","acao":"AQUISI\u00c7\u00c3O DE M\u00d3VEIS, M\u00c1QUINAS E EQUIPAMENTOS DIVERSOS PARA O CONSELHO","ident_acao":"Atividade","cat_econ":"Despesa Corrente","natureza_despesa":"Outras Despesas Correntes","modalidade_despesa":"Aplica\u00e7\u00f5es Diretas","elemento_despesa":"Material de Consumo","sub_elem_desp":"SEM SUBELEMENTO","fonte_recurso":"Recursos do Exerc\u00edcio Corrente \/ Outros Recursos n\u00e3o Vinculados \/ -"},{"ano_emissao_emp":"2023","n_emp":"0000222","data_emissao":"09\/06\/2023","valor":"59,00","tipo_empenho":"Ordin\u00e1rio","hist_emp":"VALOR QUE SE EMPENHA PARA FAZER FACE A AQUISI\u00c7\u00c3O DE MATERIAIS DE CONSUMO (01 (UMA) LUMIN\u00c1RIA LED QUADRADA 24W) PARA SER UTILIZADA NESTA CASA LEGISLATIVA , CELEBRADO MEDIANTE DISPENSA DE LICITA\u00c7\u00c3O, COM FUNDAMENTO NO ARTIGO 24, INCISO 2\u00ba DA LEI 8.666\/93.","fornecedor":"JCL LAJES E MATERIAIS PARA CONSTRU\u00c7\u00c3O LTDA","denom_uni_orc":"CORPO DELIBERATIVO E SECRETARIA","funcao":"Legislativa","sub_funcao":"A\u00e7\u00e3o Legislativa","programa":"A\u00c7\u00c3O LEGISLATIVA","acao":"MANUTEN\u00c7\u00c3O DAS ATIVIDADES ADMINISTRATIVAS","ident_acao":"Atividade","cat_econ":"Despesa Corrente","natureza_despesa":"Outras Despesas Correntes","modalidade_despesa":"Aplica\u00e7\u00f5es Diretas","elemento_despesa":"Material de Consumo","sub_elem_desp":"SEM SUBELEMENTO","fonte_recurso":"Recursos do Exerc\u00edcio Corrente \/ Outros Recursos n\u00e3o Vinculados \/ -"},{"ano_emissao_emp":"2023","n_emp":"0000222","data_emissao":"09\/06\/2023","valor":"59,00","tipo_empenho":"Ordin\u00e1rio","hist_emp":"VALOR QUE SE EMPENHA PARA FAZER FACE A AQUISI\u00c7\u00c3O DE MATERIAIS DE CONSUMO (01 (UMA) LUMIN\u00c1RIA LED QUADRADA 24W) PARA SER UTILIZADA NESTA CASA LEGISLATIVA , CELEBRADO MEDIANTE DISPENSA DE LICITA\u00c7\u00c3O, COM FUNDAMENTO NO ARTIGO 24, INCISO 2\u00ba DA LEI 8.666\/93.","fornecedor":"JCL LAJES E MATERIAIS PARA CONSTRU\u00c7\u00c3O LTDA","denom_uni_orc":"CORPO DELIBERATIVO E SECRETARIA","funcao":"Legislativa","sub_funcao":"A\u00e7\u00e3o Legislativa","programa":"A\u00c7\u00c3O LEGISLATIVA","acao":"INDENIZA\u00c7\u00d5ES E RESTITUI\u00c7\u00d5ES DIVERSAS (FMS)","ident_acao":"Atividade","cat_econ":"Despesa Corrente","natureza_despesa":"Outras Despesas Correntes","modalidade_despesa":"Aplica\u00e7\u00f5es Diretas","elemento_despesa":"Material de Consumo","sub_elem_desp":"SEM SUBELEMENTO","fonte_recurso":"Recursos do Exerc\u00edcio Corrente \/ Outros Recursos n\u00e3o Vinculados \/ -"},{"ano_emissao_emp":"2023","n_emp":"0000223","data_emissao":"09\/06\/2023","valor":"350,00","tipo_empenho":"Ordin\u00e1rio","hist_emp":"VALOR QUE SE EMPENHA PARA FAZER FACE A 01 (UMA) DI\u00c1RIA SEM PERNOITE DESTINADA AO CUSTEIO DE VIAGEM A CIDADE DE RECIFE PARA CUMPRIMENTO DE AGENDA PARLAMENTAR, ONDE NA OPORTUNIDADE SER\u00c1 REALIZADA REUNI\u00c3O (AUDI\u00caNCIA) COM A SENADORA DA REP\u00daBLICA, A SENHORA TERESA LEIT\u00c3O. NO ENCONTRO PAUTAS DO INTERESSE DA POPULA\u00c7\u00c3O DE SANTA CRUZ DO CAPIBARIBE SER\u00c3O TRATADOS, EM ESPECIAL A PAUTA DA EDUCA\u00c7\u00c3O, TAMB\u00c9M, SE FAR\u00c1 PRESENTE REPRESENTANTES DO SINDICATO DOS PROFESSORES, PARA BUSCARMOS UMA MEDIA\u00c7\u00c3O NA DISCUSS\u00c3O ACERCA DO","fornecedor":"GILSON JOSE JULIAO","denom_uni_orc":"CORPO DELIBERATIVO E SECRETARIA","funcao":"Legislativa","sub_funcao":"A\u00e7\u00e3o Legislativa","programa":"A\u00c7\u00c3O LEGISLATIVA","acao":"AQUISI\u00c7\u00c3O DE EQUIPAMENTOS DIVERSOS PARA O PROGRAMA PRIMEIRA INF\u00c2NCIA N","ident_acao":"Atividade","cat_econ":"Despesa Corrente","natureza_despesa":"Outras Despesas Correntes","modalidade_despesa":"Aplica\u00e7\u00f5es Diretas","elemento_despesa":"Di\u00e1rias \u2013 Civil","sub_elem_desp":"SEM SUBELEMENTO","fonte_recurso":"Recursos do Exerc\u00edcio Corrente \/ Outros Recursos n\u00e3o Vinculados \/ -"},{"ano_emissao_emp":"2023","n_emp":"0000223","data_emissao":"09\/06\/2023","valor":"350,00","tipo_empenho":"Ordin\u00e1rio","hist_emp":"VALOR QUE SE EMPENHA PARA FAZER FACE A 01 (UMA) DI\u00c1RIA SEM PERNOITE DESTINADA AO CUSTEIO DE VIAGEM A CIDADE DE RECIFE PARA CUMPRIMENTO DE AGENDA PARLAMENTAR, ONDE NA OPORTUNIDADE SER\u00c1 REALIZADA REUNI\u00c3O (AUDI\u00caNCIA) COM A SENADORA DA REP\u00daBLICA, A SENHORA TERESA LEIT\u00c3O. NO ENCONTRO PAUTAS DO INTERESSE DA POPULA\u00c7\u00c3O DE SANTA CRUZ DO CAPIBARIBE SER\u00c3O TRATADOS, EM ESPECIAL A PAUTA DA EDUCA\u00c7\u00c3O, TAMB\u00c9M, SE FAR\u00c1 PRESENTE REPRESENTANTES DO SINDICATO DOS PROFESSORES, PARA BUSCARMOS UMA MEDIA\u00c7\u00c3O NA DISCUSS\u00c3O ACERCA DO","fornecedor":"GILSON JOSE JULIAO","denom_uni_orc":"CORPO DELIBERATIVO E SECRETARIA","funcao":"Legislativa","sub_funcao":"A\u00e7\u00e3o Legislativa","programa":"A\u00c7\u00c3O LEGISLATIVA","acao":"MANUTEN\u00c7\u00c3O DAS ATIVIDADES LEGISLATIVAS","ident_acao":"Atividade","cat_econ":"Despesa Corrente","natureza_despesa":"Outras Despesas Correntes","modalidade_despesa":"Aplica\u00e7\u00f5es Diretas","elemento_despesa":"Di\u00e1rias \u2013 Civil","sub_elem_desp":"SEM SUBELEMENTO","fonte_recurso":"Recursos do Exerc\u00edcio Corrente \/ Outros Recursos n\u00e3o Vinculados \/ -"},{"ano_emissao_emp":"2023","n_emp":"0000224","data_emissao":"09\/06\/2023","valor":"99,00","tipo_empenho":"Ordin\u00e1rio","hist_emp":"VALOR QUE SE EMPENHA PARA FAZER FACE A AQUISI\u00c7\u00c3O DE 01 (UM) SSD 128GB QUE SER\u00c1 INSTALADO NO COMPUTADOR DO DEPARTAMENTO DE PROTOCOLO DESTA CASA LEGISLATIVA, CELEBRADO MEDIANTE DISPENSA DE LICITA\u00c7\u00c3O, COM FUNDAMENTO NO ARTIGO 24, INCISO 2\u00ba DA LEI 8.666\/93.","fornecedor":"B&F EMPREENDIMENTOS DIGITAIS","denom_uni_orc":"CORPO DELIBERATIVO E SECRETARIA","funcao":"Legislativa","sub_funcao":"A\u00e7\u00e3o Legislativa","programa":"A\u00c7\u00c3O LEGISLATIVA","acao":"AQUISI\u00c7\u00c3O DE M\u00d3VEIS, M\u00c1QUINAS E EQUIPAMENTOS DIVERSOS PARA O CONSELHO","ident_acao":"Atividade","cat_econ":"Despesa Corrente","natureza_despesa":"Outras Despesas Correntes","modalidade_despesa":"Aplica\u00e7\u00f5es Diretas","elemento_despesa":"Material de Consumo","sub_elem_desp":"MATERIAL DE PROCESSAMENTO DE DADOS","fonte_recurso":"Recursos do Exerc\u00edcio Corrente \/ Outros Recursos n\u00e3o Vinculados \/ -"},{"ano_emissao_emp":"2023","n_emp":"0000224","data_emissao":"09\/06\/2023","valor":"99,00","tipo_empenho":"Ordin\u00e1rio","hist_emp":"VALOR QUE SE EMPENHA PARA FAZER FACE A AQUISI\u00c7\u00c3O DE 01 (UM) SSD 128GB QUE SER\u00c1 INSTALADO NO COMPUTADOR DO DEPARTAMENTO DE PROTOCOLO DESTA CASA LEGISLATIVA, CELEBRADO MEDIANTE DISPENSA DE LICITA\u00c7\u00c3O, COM FUNDAMENTO NO ARTIGO 24, INCISO 2\u00ba DA LEI 8.666\/93.","fornecedor":"B&F EMPREENDIMENTOS DIGITAIS","denom_uni_orc":"CORPO DELIBERATIVO E SECRETARIA","funcao":"Legislativa","sub_funcao":"A\u00e7\u00e3o Legislativa","programa":"A\u00c7\u00c3O LEGISLATIVA","acao":"MANUTEN\u00c7\u00c3O DAS ATIVIDADES ADMINISTRATIVAS","ident_acao":"Atividade","cat_econ":"Despesa Corrente","natureza_despesa":"Outras Despesas Correntes","modalidade_despesa":"Aplica\u00e7\u00f5es Diretas","elemento_despesa":"Material de Consumo","sub_elem_desp":"MATERIAL DE PROCESSAMENTO DE DADOS","fonte_recurso":"Recursos do Exerc\u00edcio Corrente \/ Outros Recursos n\u00e3o Vinculados \/ -"},{"ano_emissao_emp":"2023","n_emp":"0000224","data_emissao":"09\/06\/2023","valor":"99,00","tipo_empenho":"Ordin\u00e1rio","hist_emp":"VALOR QUE SE EMPENHA PARA FAZER FACE A AQUISI\u00c7\u00c3O DE 01 (UM) SSD 128GB QUE SER\u00c1 INSTALADO NO COMPUTADOR DO DEPARTAMENTO DE PROTOCOLO DESTA CASA LEGISLATIVA, CELEBRADO MEDIANTE DISPENSA DE LICITA\u00c7\u00c3O, COM FUNDAMENTO NO ARTIGO 24, INCISO 2\u00ba DA LEI 8.666\/93.","fornecedor":"B&F EMPREENDIMENTOS DIGITAIS","denom_uni_orc":"CORPO DELIBERATIVO E SECRETARIA","funcao":"Legislativa","sub_funcao":"A\u00e7\u00e3o Legislativa","programa":"A\u00c7\u00c3O LEGISLATIVA","acao":"INDENIZA\u00c7\u00d5ES E RESTITUI\u00c7\u00d5ES DIVERSAS (FMS)","ident_acao":"Atividade","cat_econ":"Despesa Corrente","natureza_despesa":"Outras Despesas Correntes","modalidade_despesa":"Aplica\u00e7\u00f5es Diretas","elemento_despesa":"Material de Consumo","sub_elem_desp":"MATERIAL DE PROCESSAMENTO DE DADOS","fonte_recurso":"Recursos do Exerc\u00edcio Corrente \/ Outros Recursos n\u00e3o Vinculados \/ -"},{"ano_emissao_emp":"2023","n_emp":"0000225","data_emissao":"09\/06\/2023","valor":"27.050,00","tipo_empenho":"Global","hist_emp":"VALOR QUE SE EMPENHA PARA FAZER FACE A AQUISI\u00c7\u00c3O DE DIREITO DE USO TEMPOR\u00c1RIO, N\u00c3O EXCLUSIVO, DE SISTEMAS DE CONTABILIDADE P\u00daBLICA E ADMINISTRA\u00c7\u00c3O PATRIMONIAL, INCLUINDO A MANUTEN\u00c7\u00c3O LEGAL E CORRETIVA E O SUPORTE T\u00c9CNICO, PARA A C\u00c2MARA MUNICIPAL DE VEREADORES DE SANTA CRUZ DO CAPIBARIBE, CELEBRADO NO CONTRATO CD 007\/2023 COM PRAZO AT\u00c9 31\/12\/2023.","fornecedor":"PUBLICA TECNOLOGIA LTDA","denom_uni_orc":"CORPO DELIBERATIVO E SECRETARIA","funcao":"Legislativa","sub_funcao":"A\u00e7\u00e3o Legislativa","programa":"A\u00c7\u00c3O LEGISLATIVA","acao":"AQUISI\u00c7\u00c3O DE M\u00d3VEIS, M\u00c1QUINAS E EQUIPAMENTOS DIVERSOS PARA O CONSELHO","ident_acao":"Atividade","cat_econ":"Despesa Corrente","natureza_despesa":"Outras Despesas Correntes","modalidade_despesa":"Aplica\u00e7\u00f5es Diretas","elemento_despesa":"Outros Servi\u00e7os de Terceiros - Pessoa Jur\u00eddica","sub_elem_desp":"SEM SUBELEMENTO","fonte_recurso":"Recursos do Exerc\u00edcio Corrente \/ Outros Recursos n\u00e3o Vinculados \/ -"},{"ano_emissao_emp":"2023","n_emp":"0000225","data_emissao":"09\/06\/2023","valor":"27.050,00","tipo_empenho":"Global","hist_emp":"VALOR QUE SE EMPENHA PARA FAZER FACE A AQUISI\u00c7\u00c3O DE DIREITO DE USO TEMPOR\u00c1RIO, N\u00c3O EXCLUSIVO, DE SISTEMAS DE CONTABILIDADE P\u00daBLICA E ADMINISTRA\u00c7\u00c3O PATRIMONIAL, INCLUINDO A MANUTEN\u00c7\u00c3O LEGAL E CORRETIVA E O SUPORTE T\u00c9CNICO, PARA A C\u00c2MARA MUNICIPAL DE VEREADORES DE SANTA CRUZ DO CAPIBARIBE, CELEBRADO NO CONTRATO CD 007\/2023 COM PRAZO AT\u00c9 31\/12\/2023.","fornecedor":"PUBLICA TECNOLOGIA LTDA","denom_uni_orc":"CORPO DELIBERATIVO E SECRETARIA","funcao":"Legislativa","sub_funcao":"A\u00e7\u00e3o Legislativa","programa":"A\u00c7\u00c3O LEGISLATIVA","acao":"MANUTEN\u00c7\u00c3O DAS ATIVIDADES ADMINISTRATIVAS","ident_acao":"Atividade","cat_econ":"Despesa Corrente","natureza_despesa":"Outras Despesas Correntes","modalidade_despesa":"Aplica\u00e7\u00f5es Diretas","elemento_despesa":"Outros Servi\u00e7os de Terceiros - Pessoa Jur\u00eddica","sub_elem_desp":"SEM SUBELEMENTO","fonte_recurso":"Recursos do Exerc\u00edcio Corrente \/ Outros Recursos n\u00e3o Vinculados \/ -"},{"ano_emissao_emp":"2023","n_emp":"0000225","data_emissao":"09\/06\/2023","valor":"27.050,00","tipo_empenho":"Global","hist_emp":"VALOR QUE SE EMPENHA PARA FAZER FACE A AQUISI\u00c7\u00c3O DE DIREITO DE USO TEMPOR\u00c1RIO, N\u00c3O EXCLUSIVO, DE SISTEMAS DE CONTABILIDADE P\u00daBLICA E ADMINISTRA\u00c7\u00c3O PATRIMONIAL, INCLUINDO A MANUTEN\u00c7\u00c3O LEGAL E CORRETIVA E O SUPORTE T\u00c9CNICO, PARA A C\u00c2MARA MUNICIPAL DE VEREADORES DE SANTA CRUZ DO CAPIBARIBE, CELEBRADO NO CONTRATO CD 007\/2023 COM PRAZO AT\u00c9 31\/12\/2023.","fornecedor":"PUBLICA TECNOLOGIA LTDA","denom_uni_orc":"CORPO DELIBERATIVO E SECRETARIA","funcao":"Legislativa","sub_funcao":"A\u00e7\u00e3o Legislativa","programa":"A\u00c7\u00c3O LEGISLATIVA","acao":"INDENIZA\u00c7\u00d5ES E RESTITUI\u00c7\u00d5ES DIVERSAS (FMS)","ident_acao":"Atividade","cat_econ":"Despesa Corrente","natureza_despesa":"Outras Despesas Correntes","modalidade_despesa":"Aplica\u00e7\u00f5es Diretas","elemento_despesa":"Outros Servi\u00e7os de Terceiros - Pessoa Jur\u00eddica","sub_elem_desp":"SEM SUBELEMENTO","fonte_recurso":"Recursos do Exerc\u00edcio Corrente \/ Outros Recursos n\u00e3o Vinculados \/ -"},{"ano_emissao_emp":"2023","n_emp":"0000226","data_emissao":"12\/06\/2023","valor":"1.062,00","tipo_empenho":"Ordin\u00e1rio","hist_emp":"VALOR QUE SE EMPENHA PARA FAZER FACE AO PAGAMENTO DO AUX\u00cdLIO-TRANSPORTE DO M\u00caS DE JUNHO QUE SER\u00c1 CREDITADO EM CART\u00c3O CORPORATIVO DOS SERVIDORES DESTA CASA DE LEGISLATIVA SAULO CORREIA DE ALBUQUERQUE CART\u00c3O N\u00daMERO 2.208.349.662 E FL\u00c1VIO ALEIXO DA SILVA CART\u00c3O N\u00daMERO 2.206.065.342, CEDIDO PELA EMPRESA LOGO TRANSPORTES LTDA, CONFORME ARTIGO 50, INCISO II E ARTIGO 51 DA LEI MUNICIPAL 923\/1990, ASSIM COMO DISP\u00d5E A PORTARIA 78\/2023, CELEBRADO MEDIANTE DISPENSA DE LICITA\u00c7\u00c3O, COM FUNDAMENTO NO ARTIGO 24, INCISO 2","fornecedor":"LOGO TRANSPORTES LTDA","denom_uni_orc":"CORPO DELIBERATIVO E SECRETARIA","funcao":"Legislativa","sub_funcao":"A\u00e7\u00e3o Legislativa","programa":"A\u00c7\u00c3O LEGISLATIVA","acao":"AQUISI\u00c7\u00c3O DE M\u00d3VEIS, M\u00c1QUINAS E EQUIPAMENTOS DIVERSOS PARA O CONSELHO","ident_acao":"Atividade","cat_econ":"Despesa Corrente","natureza_despesa":"Outras Despesas Correntes","modalidade_despesa":"Aplica\u00e7\u00f5es Diretas","elemento_despesa":"Outros Servi\u00e7os de Terceiros - Pessoa Jur\u00eddica","sub_elem_desp":"SEM SUBELEMENTO","fonte_recurso":"Recursos do Exerc\u00edcio Corrente \/ Outros Recursos n\u00e3o Vinculados \/ -"},{"ano_emissao_emp":"2023","n_emp":"0000226","data_emissao":"12\/06\/2023","valor":"1.062,00","tipo_empenho":"Ordin\u00e1rio","hist_emp":"VALOR QUE SE EMPENHA PARA FAZER FACE AO PAGAMENTO DO AUX\u00cdLIO-TRANSPORTE DO M\u00caS DE JUNHO QUE SER\u00c1 CREDITADO EM CART\u00c3O CORPORATIVO DOS SERVIDORES DESTA CASA DE LEGISLATIVA SAULO CORREIA DE ALBUQUERQUE CART\u00c3O N\u00daMERO 2.208.349.662 E FL\u00c1VIO ALEIXO DA SILVA CART\u00c3O N\u00daMERO 2.206.065.342, CEDIDO PELA EMPRESA LOGO TRANSPORTES LTDA, CONFORME ARTIGO 50, INCISO II E ARTIGO 51 DA LEI MUNICIPAL 923\/1990, ASSIM COMO DISP\u00d5E A PORTARIA 78\/2023, CELEBRADO MEDIANTE DISPENSA DE LICITA\u00c7\u00c3O, COM FUNDAMENTO NO ARTIGO 24, INCISO 2","fornecedor":"LOGO TRANSPORTES LTDA","denom_uni_orc":"CORPO DELIBERATIVO E SECRETARIA","funcao":"Legislativa","sub_funcao":"A\u00e7\u00e3o Legislativa","programa":"A\u00c7\u00c3O LEGISLATIVA","acao":"MANUTEN\u00c7\u00c3O DAS ATIVIDADES ADMINISTRATIVAS","ident_acao":"Atividade","cat_econ":"Despesa Corrente","natureza_despesa":"Outras Despesas Correntes","modalidade_despesa":"Aplica\u00e7\u00f5es Diretas","elemento_despesa":"Outros Servi\u00e7os de Terceiros - Pessoa Jur\u00eddica","sub_elem_desp":"SEM SUBELEMENTO","fonte_recurso":"Recursos do Exerc\u00edcio Corrente \/ Outros Recursos n\u00e3o Vinculados \/ -"},{"ano_emissao_emp":"2023","n_emp":"0000226","data_emissao":"12\/06\/2023","valor":"1.062,00","tipo_empenho":"Ordin\u00e1rio","hist_emp":"VALOR QUE SE EMPENHA PARA FAZER FACE AO PAGAMENTO DO AUX\u00cdLIO-TRANSPORTE DO M\u00caS DE JUNHO QUE SER\u00c1 CREDITADO EM CART\u00c3O CORPORATIVO DOS SERVIDORES DESTA CASA DE LEGISLATIVA SAULO CORREIA DE ALBUQUERQUE CART\u00c3O N\u00daMERO 2.208.349.662 E FL\u00c1VIO ALEIXO DA SILVA CART\u00c3O N\u00daMERO 2.206.065.342, CEDIDO PELA EMPRESA LOGO TRANSPORTES LTDA, CONFORME ARTIGO 50, INCISO II E ARTIGO 51 DA LEI MUNICIPAL 923\/1990, ASSIM COMO DISP\u00d5E A PORTARIA 78\/2023, CELEBRADO MEDIANTE DISPENSA DE LICITA\u00c7\u00c3O, COM FUNDAMENTO NO ARTIGO 24, INCISO 2","fornecedor":"LOGO TRANSPORTES LTDA","denom_uni_orc":"CORPO DELIBERATIVO E SECRETARIA","funcao":"Legislativa","sub_funcao":"A\u00e7\u00e3o Legislativa","programa":"A\u00c7\u00c3O LEGISLATIVA","acao":"INDENIZA\u00c7\u00d5ES E RESTITUI\u00c7\u00d5ES DIVERSAS (FMS)","ident_acao":"Atividade","cat_econ":"Despesa Corrente","natureza_despesa":"Outras Despesas Correntes","modalidade_despesa":"Aplica\u00e7\u00f5es Diretas","elemento_despesa":"Outros Servi\u00e7os de Terceiros - Pessoa Jur\u00eddica","sub_elem_desp":"SEM SUBELEMENTO","fonte_recurso":"Recursos do Exerc\u00edcio Corrente \/ Outros Recursos n\u00e3o Vinculados \/ -"},{"ano_emissao_emp":"2023","n_emp":"0000227","data_emissao":"12\/06\/2023","valor":"200,00","tipo_empenho":"Ordin\u00e1rio","hist_emp":"VALOR QUE SE EMPENHA PARA FAZER FACE A CUSTEIO DE SERVI\u00c7O DE MANUTEN\u00c7\u00c3O DE 02 (DUAS) PORTAS DE VIDRO LOCALIZADAS NO INTERIOR DESTA CASA DE LEI, CELEBRADO MEDIANTE DISPENSA DE LICITA\u00c7\u00c3O, COM FUNDAMENTO NO ARTIGO 24, INCISO 2\u00ba DA LEI 8.666\/93.","fornecedor":"CARLOS ALBERTO XAVIER SILVA","denom_uni_orc":"CORPO DELIBERATIVO E SECRETARIA","funcao":"Legislativa","sub_funcao":"A\u00e7\u00e3o Legislativa","programa":"A\u00c7\u00c3O LEGISLATIVA","acao":"AQUISI\u00c7\u00c3O DE M\u00d3VEIS, M\u00c1QUINAS E EQUIPAMENTOS DIVERSOS PARA O CONSELHO","ident_acao":"Atividade","cat_econ":"Despesa Corrente","natureza_despesa":"Outras Despesas Correntes","modalidade_despesa":"Aplica\u00e7\u00f5es Diretas","elemento_despesa":"Outros Servi\u00e7os de Terceiros - Pessoa F\u00edsica","sub_elem_desp":"MANUTEN\u00c7\u00c3O E CONSERVA\u00c7\u00c3O DE BENS M\u00d3VEIS DE OUTRAS NATUREZAS","fonte_recurso":"Recursos do Exerc\u00edcio Corrente \/ Outros Recursos n\u00e3o Vinculados \/ -"},{"ano_emissao_emp":"2023","n_emp":"0000227","data_emissao":"12\/06\/2023","valor":"200,00","tipo_empenho":"Ordin\u00e1rio","hist_emp":"VALOR QUE SE EMPENHA PARA FAZER FACE A CUSTEIO DE SERVI\u00c7O DE MANUTEN\u00c7\u00c3O DE 02 (DUAS) PORTAS DE VIDRO LOCALIZADAS NO INTERIOR DESTA CASA DE LEI, CELEBRADO MEDIANTE DISPENSA DE LICITA\u00c7\u00c3O, COM FUNDAMENTO NO ARTIGO 24, INCISO 2\u00ba DA LEI 8.666\/93.","fornecedor":"CARLOS ALBERTO XAVIER SILVA","denom_uni_orc":"CORPO DELIBERATIVO E SECRETARIA","funcao":"Legislativa","sub_funcao":"A\u00e7\u00e3o Legislativa","programa":"A\u00c7\u00c3O LEGISLATIVA","acao":"MANUTEN\u00c7\u00c3O DAS ATIVIDADES ADMINISTRATIVAS","ident_acao":"Atividade","cat_econ":"Despesa Corrente","natureza_despesa":"Outras Despesas Correntes","modalidade_despesa":"Aplica\u00e7\u00f5es Diretas","elemento_despesa":"Outros Servi\u00e7os de Terceiros - Pessoa F\u00edsica","sub_elem_desp":"MANUTEN\u00c7\u00c3O E CONSERVA\u00c7\u00c3O DE BENS M\u00d3VEIS DE OUTRAS NATUREZAS","fonte_recurso":"Recursos do Exerc\u00edcio Corrente \/ Outros Recursos n\u00e3o Vinculados \/ -"},{"ano_emissao_emp":"2023","n_emp":"0000227","data_emissao":"12\/06\/2023","valor":"200,00","tipo_empenho":"Ordin\u00e1rio","hist_emp":"VALOR QUE SE EMPENHA PARA FAZER FACE A CUSTEIO DE SERVI\u00c7O DE MANUTEN\u00c7\u00c3O DE 02 (DUAS) PORTAS DE VIDRO LOCALIZADAS NO INTERIOR DESTA CASA DE LEI, CELEBRADO MEDIANTE DISPENSA DE LICITA\u00c7\u00c3O, COM FUNDAMENTO NO ARTIGO 24, INCISO 2\u00ba DA LEI 8.666\/93.","fornecedor":"CARLOS ALBERTO XAVIER SILVA","denom_uni_orc":"CORPO DELIBERATIVO E SECRETARIA","funcao":"Legislativa","sub_funcao":"A\u00e7\u00e3o Legislativa","programa":"A\u00c7\u00c3O LEGISLATIVA","acao":"INDENIZA\u00c7\u00d5ES E RESTITUI\u00c7\u00d5ES DIVERSAS (FMS)","ident_acao":"Atividade","cat_econ":"Despesa Corrente","natureza_despesa":"Outras Despesas Correntes","modalidade_despesa":"Aplica\u00e7\u00f5es Diretas","elemento_despesa":"Outros Servi\u00e7os de Terceiros - Pessoa F\u00edsica","sub_elem_desp":"MANUTEN\u00c7\u00c3O E CONSERVA\u00c7\u00c3O DE BENS M\u00d3VEIS DE OUTRAS NATUREZAS","fonte_recurso":"Recursos do Exerc\u00edcio Corrente \/ Outros Recursos n\u00e3o Vinculados \/ -"},{"ano_emissao_emp":"2023","n_emp":"0000228","data_emissao":"13\/06\/2023","valor":"350,00","tipo_empenho":"Ordin\u00e1rio","hist_emp":"VALOR QUE SE EMPENHA PARA FAZER FACE A UMA DIARIA SEM PERNOITE DESTINADA A CUSTEAR DESPESAS COM VIAGEM A CIDADE DO RECIFE, ONDE NA OPORTUNIDADE IR\u00c1 VISITAR A SEDE DO IPA (INSTITUTO AGRON\u00d4MICO DE PERNAMBUCO) , NO DIA 13 DE JUNHO DE 2023, CONFORME FORMUL\u00c1RIO DE REQUISI\u00c7\u00c3O DE DI\u00c1RIA EM ANEXO.","fornecedor":"NAILSON RAMOS DA SILVA","denom_uni_orc":"CORPO DELIBERATIVO E SECRETARIA","funcao":"Legislativa","sub_funcao":"A\u00e7\u00e3o Legislativa","programa":"A\u00c7\u00c3O LEGISLATIVA","acao":"AQUISI\u00c7\u00c3O DE EQUIPAMENTOS DIVERSOS PARA O PROGRAMA PRIMEIRA INF\u00c2NCIA N","ident_acao":"Atividade","cat_econ":"Despesa Corrente","natureza_despesa":"Outras Despesas Correntes","modalidade_despesa":"Aplica\u00e7\u00f5es Diretas","elemento_despesa":"Di\u00e1rias \u2013 Civil","sub_elem_desp":"SEM SUBELEMENTO","fonte_recurso":"Recursos do Exerc\u00edcio Corrente \/ Outros Recursos n\u00e3o Vinculados \/ -"},{"ano_emissao_emp":"2023","n_emp":"0000228","data_emissao":"13\/06\/2023","valor":"350,00","tipo_empenho":"Ordin\u00e1rio","hist_emp":"VALOR QUE SE EMPENHA PARA FAZER FACE A UMA DIARIA SEM PERNOITE DESTINADA A CUSTEAR DESPESAS COM VIAGEM A CIDADE DO RECIFE, ONDE NA OPORTUNIDADE IR\u00c1 VISITAR A SEDE DO IPA (INSTITUTO AGRON\u00d4MICO DE PERNAMBUCO) , NO DIA 13 DE JUNHO DE 2023, CONFORME FORMUL\u00c1RIO DE REQUISI\u00c7\u00c3O DE DI\u00c1RIA EM ANEXO.","fornecedor":"NAILSON RAMOS DA SILVA","denom_uni_orc":"CORPO DELIBERATIVO E SECRETARIA","funcao":"Legislativa","sub_funcao":"A\u00e7\u00e3o Legislativa","programa":"A\u00c7\u00c3O LEGISLATIVA","acao":"MANUTEN\u00c7\u00c3O DAS ATIVIDADES LEGISLATIVAS","ident_acao":"Atividade","cat_econ":"Despesa Corrente","natureza_despesa":"Outras Despesas Correntes","modalidade_despesa":"Aplica\u00e7\u00f5es Diretas","elemento_despesa":"Di\u00e1rias \u2013 Civil","sub_elem_desp":"SEM SUBELEMENTO","fonte_recurso":"Recursos do Exerc\u00edcio Corrente \/ Outros Recursos n\u00e3o Vinculados \/ -"},{"ano_emissao_emp":"2023","n_emp":"0000229","data_emissao":"13\/06\/2023","valor":"350,00","tipo_empenho":"Ordin\u00e1rio","hist_emp":"VALOR QUE SE EMPENHA PARA FAZER FACE A UMA DIARIA SEM PERNOITE DESTINADA A CUSTEAR DESPESAS COM VIAGEM A CIDADE DO RECIFE, ONDE NA OPORTUNIDADE IR\u00c1 VISITAR A SEDE DO IPA (INSTITUTO AGRON\u00d4MICO DE PERNAMBUCO) PARA COLETA DE INFORMA\u00c7\u00d5ES REFERENTES AOS TRABALHOS DA COMISS\u00c3O PARLAMENTAR DE INQUERITO QUE INVESTIGA O SUSPOSTO DESAPARECIMENTO DE SEMENTES DE MILHO E SORGO, NO DIA 13 DE JUNHO DE 2023, CONFORME FORMUL\u00c1RIO DE REQUISI\u00c7\u00c3O DE DI\u00c1RIA EM ANEXO.","fornecedor":"C\u00cdCERO COSMO DA SILVA","denom_uni_orc":"CORPO DELIBERATIVO E SECRETARIA","funcao":"Legislativa","sub_funcao":"A\u00e7\u00e3o Legislativa","programa":"A\u00c7\u00c3O LEGISLATIVA","acao":"AQUISI\u00c7\u00c3O DE EQUIPAMENTOS DIVERSOS PARA O PROGRAMA PRIMEIRA INF\u00c2NCIA N","ident_acao":"Atividade","cat_econ":"Despesa Corrente","natureza_despesa":"Outras Despesas Correntes","modalidade_despesa":"Aplica\u00e7\u00f5es Diretas","elemento_despesa":"Di\u00e1rias \u2013 Civil","sub_elem_desp":"SEM SUBELEMENTO","fonte_recurso":"Recursos do Exerc\u00edcio Corrente \/ Outros Recursos n\u00e3o Vinculados \/ -"},{"ano_emissao_emp":"2023","n_emp":"0000229","data_emissao":"13\/06\/2023","valor":"350,00","tipo_empenho":"Ordin\u00e1rio","hist_emp":"VALOR QUE SE EMPENHA PARA FAZER FACE A UMA DIARIA SEM PERNOITE DESTINADA A CUSTEAR DESPESAS COM VIAGEM A CIDADE DO RECIFE, ONDE NA OPORTUNIDADE IR\u00c1 VISITAR A SEDE DO IPA (INSTITUTO AGRON\u00d4MICO DE PERNAMBUCO) PARA COLETA DE INFORMA\u00c7\u00d5ES REFERENTES AOS TRABALHOS DA COMISS\u00c3O PARLAMENTAR DE INQUERITO QUE INVESTIGA O SUSPOSTO DESAPARECIMENTO DE SEMENTES DE MILHO E SORGO, NO DIA 13 DE JUNHO DE 2023, CONFORME FORMUL\u00c1RIO DE REQUISI\u00c7\u00c3O DE DI\u00c1RIA EM ANEXO.","fornecedor":"C\u00cdCERO COSMO DA SILVA","denom_uni_orc":"CORPO DELIBERATIVO E SECRETARIA","funcao":"Legislativa","sub_funcao":"A\u00e7\u00e3o Legislativa","programa":"A\u00c7\u00c3O LEGISLATIVA","acao":"MANUTEN\u00c7\u00c3O DAS ATIVIDADES LEGISLATIVAS","ident_acao":"Atividade","cat_econ":"Despesa Corrente","natureza_despesa":"Outras Despesas Correntes","modalidade_despesa":"Aplica\u00e7\u00f5es Diretas","elemento_despesa":"Di\u00e1rias \u2013 Civil","sub_elem_desp":"SEM SUBELEMENTO","fonte_recurso":"Recursos do Exerc\u00edcio Corrente \/ Outros Recursos n\u00e3o Vinculados \/ -"},{"ano_emissao_emp":"2023","n_emp":"0000230","data_emissao":"13\/06\/2023","valor":"540,00","tipo_empenho":"Ordin\u00e1rio","hist_emp":"VALOR QUE SE EMPENHA PARA FAZER FACE A SERVI\u00c7OS DE MANUTEN\u00c7\u00c3O DAS SEGUINTES IMPRESSORAS, IMPRESSORA LASER P1102W - N\u00daMERO DE S\u00c9RIE- VNB4F89461,  IMPRESSORA LASER P1102W - N\u00daMERO DE S\u00c9RIE- VNB6P27482 E  IMPRESSORA LASER P1102 - N\u00daMERO DE S\u00c9RIE- BRCSF5J42K, CELEBRADO MEDIANTE DISPENSA DE LICITA\u00c7\u00c3O, COM FUNDAMENTO NO ARTIGO 24, INCISO 2\u00ba DA LEI 8.666\/93.","fornecedor":"ANDERSON ARAUJO CHAGAS RECARGAS E TONER","denom_uni_orc":"CORPO DELIBERATIVO E SECRETARIA","funcao":"Legislativa","sub_funcao":"A\u00e7\u00e3o Legislativa","programa":"A\u00c7\u00c3O LEGISLATIVA","acao":"AQUISI\u00c7\u00c3O DE M\u00d3VEIS, M\u00c1QUINAS E EQUIPAMENTOS DIVERSOS PARA O CONSELHO","ident_acao":"Atividade","cat_econ":"Despesa Corrente","natureza_despesa":"Outras Despesas Correntes","modalidade_despesa":"Aplica\u00e7\u00f5es Diretas","elemento_despesa":"Outros Servi\u00e7os de Terceiros - Pessoa Jur\u00eddica","sub_elem_desp":"SEM SUBELEMENTO","fonte_recurso":"Recursos do Exerc\u00edcio Corrente \/ Outros Recursos n\u00e3o Vinculados \/ -"},{"ano_emissao_emp":"2023","n_emp":"0000230","data_emissao":"13\/06\/2023","valor":"540,00","tipo_empenho":"Ordin\u00e1rio","hist_emp":"VALOR QUE SE EMPENHA PARA FAZER FACE A SERVI\u00c7OS DE MANUTEN\u00c7\u00c3O DAS SEGUINTES IMPRESSORAS, IMPRESSORA LASER P1102W - N\u00daMERO DE S\u00c9RIE- VNB4F89461,  IMPRESSORA LASER P1102W - N\u00daMERO DE S\u00c9RIE- VNB6P27482 E  IMPRESSORA LASER P1102 - N\u00daMERO DE S\u00c9RIE- BRCSF5J42K, CELEBRADO MEDIANTE DISPENSA DE LICITA\u00c7\u00c3O, COM FUNDAMENTO NO ARTIGO 24, INCISO 2\u00ba DA LEI 8.666\/93.","fornecedor":"ANDERSON ARAUJO CHAGAS RECARGAS E TONER","denom_uni_orc":"CORPO DELIBERATIVO E SECRETARIA","funcao":"Legislativa","sub_funcao":"A\u00e7\u00e3o Legislativa","programa":"A\u00c7\u00c3O LEGISLATIVA","acao":"MANUTEN\u00c7\u00c3O DAS ATIVIDADES ADMINISTRATIVAS","ident_acao":"Atividade","cat_econ":"Despesa Corrente","natureza_despesa":"Outras Despesas Correntes","modalidade_despesa":"Aplica\u00e7\u00f5es Diretas","elemento_despesa":"Outros Servi\u00e7os de Terceiros - Pessoa Jur\u00eddica","sub_elem_desp":"SEM SUBELEMENTO","fonte_recurso":"Recursos do Exerc\u00edcio Corrente \/ Outros Recursos n\u00e3o Vinculados \/ -"},{"ano_emissao_emp":"2023","n_emp":"0000230","data_emissao":"13\/06\/2023","valor":"540,00","tipo_empenho":"Ordin\u00e1rio","hist_emp":"VALOR QUE SE EMPENHA PARA FAZER FACE A SERVI\u00c7OS DE MANUTEN\u00c7\u00c3O DAS SEGUINTES IMPRESSORAS, IMPRESSORA LASER P1102W - N\u00daMERO DE S\u00c9RIE- VNB4F89461,  IMPRESSORA LASER P1102W - N\u00daMERO DE S\u00c9RIE- VNB6P27482 E  IMPRESSORA LASER P1102 - N\u00daMERO DE S\u00c9RIE- BRCSF5J42K, CELEBRADO MEDIANTE DISPENSA DE LICITA\u00c7\u00c3O, COM FUNDAMENTO NO ARTIGO 24, INCISO 2\u00ba DA LEI 8.666\/93.","fornecedor":"ANDERSON ARAUJO CHAGAS RECARGAS E TONER","denom_uni_orc":"CORPO DELIBERATIVO E SECRETARIA","funcao":"Legislativa","sub_funcao":"A\u00e7\u00e3o Legislativa","programa":"A\u00c7\u00c3O LEGISLATIVA","acao":"INDENIZA\u00c7\u00d5ES E RESTITUI\u00c7\u00d5ES DIVERSAS (FMS)","ident_acao":"Atividade","cat_econ":"Despesa Corrente","natureza_despesa":"Outras Despesas Correntes","modalidade_despesa":"Aplica\u00e7\u00f5es Diretas","elemento_despesa":"Outros Servi\u00e7os de Terceiros - Pessoa Jur\u00eddica","sub_elem_desp":"SEM SUBELEMENTO","fonte_recurso":"Recursos do Exerc\u00edcio Corrente \/ Outros Recursos n\u00e3o Vinculados \/ -"},{"ano_emissao_emp":"2023","n_emp":"0000231","data_emissao":"13\/06\/2023","valor":"897,00","tipo_empenho":"Ordin\u00e1rio","hist_emp":"VALOR QUE SE EMPENHA PARA FAZER FACE \u00c0 AQUISI\u00c7\u00c3O DE MATERIAIS DE INFORMATICA PARA SEREM UTILIZADOS NO CURSO DE ROB\u00d3TICA, SALA DE EMISS\u00c3O DE IDENTIDADE E RECEP\u00c7\u00c3O DO CIDATEC (ANEXO DESTA C\u00c2MARA), CELEBRADO MEDIANTE DISPENSA DE LICITA\u00c7\u00c3O, COM FUNDAMENTO NO ARTIGO 24, INCISO 2\u00ba DA LEI 8.666\/93.","fornecedor":"B&F EMPREENDIMENTOS DIGITAIS","denom_uni_orc":"CORPO DELIBERATIVO E SECRETARIA","funcao":"Legislativa","sub_funcao":"A\u00e7\u00e3o Legislativa","programa":"A\u00c7\u00c3O LEGISLATIVA","acao":"AQUISI\u00c7\u00c3O DE M\u00d3VEIS, M\u00c1QUINAS E EQUIPAMENTOS DIVERSOS PARA O CONSELHO","ident_acao":"Atividade","cat_econ":"Despesa Corrente","natureza_despesa":"Outras Despesas Correntes","modalidade_despesa":"Aplica\u00e7\u00f5es Diretas","elemento_despesa":"Material de Consumo","sub_elem_desp":"SEM SUBELEMENTO","fonte_recurso":"Recursos do Exerc\u00edcio Corrente \/ Outros Recursos n\u00e3o Vinculados \/ -"},{"ano_emissao_emp":"2023","n_emp":"0000231","data_emissao":"13\/06\/2023","valor":"897,00","tipo_empenho":"Ordin\u00e1rio","hist_emp":"VALOR QUE SE EMPENHA PARA FAZER FACE \u00c0 AQUISI\u00c7\u00c3O DE MATERIAIS DE INFORMATICA PARA SEREM UTILIZADOS NO CURSO DE ROB\u00d3TICA, SALA DE EMISS\u00c3O DE IDENTIDADE E RECEP\u00c7\u00c3O DO CIDATEC (ANEXO DESTA C\u00c2MARA), CELEBRADO MEDIANTE DISPENSA DE LICITA\u00c7\u00c3O, COM FUNDAMENTO NO ARTIGO 24, INCISO 2\u00ba DA LEI 8.666\/93.","fornecedor":"B&F EMPREENDIMENTOS DIGITAIS","denom_uni_orc":"CORPO DELIBERATIVO E SECRETARIA","funcao":"Legislativa","sub_funcao":"A\u00e7\u00e3o Legislativa","programa":"A\u00c7\u00c3O LEGISLATIVA","acao":"MANUTEN\u00c7\u00c3O DAS ATIVIDADES ADMINISTRATIVAS","ident_acao":"Atividade","cat_econ":"Despesa Corrente","natureza_despesa":"Outras Despesas Correntes","modalidade_despesa":"Aplica\u00e7\u00f5es Diretas","elemento_despesa":"Material de Consumo","sub_elem_desp":"SEM SUBELEMENTO","fonte_recurso":"Recursos do Exerc\u00edcio Corrente \/ Outros Recursos n\u00e3o Vinculados \/ -"},{"ano_emissao_emp":"2023","n_emp":"0000231","data_emissao":"13\/06\/2023","valor":"897,00","tipo_empenho":"Ordin\u00e1rio","hist_emp":"VALOR QUE SE EMPENHA PARA FAZER FACE \u00c0 AQUISI\u00c7\u00c3O DE MATERIAIS DE INFORMATICA PARA SEREM UTILIZADOS NO CURSO DE ROB\u00d3TICA, SALA DE EMISS\u00c3O DE IDENTIDADE E RECEP\u00c7\u00c3O DO CIDATEC (ANEXO DESTA C\u00c2MARA), CELEBRADO MEDIANTE DISPENSA DE LICITA\u00c7\u00c3O, COM FUNDAMENTO NO ARTIGO 24, INCISO 2\u00ba DA LEI 8.666\/93.","fornecedor":"B&F EMPREENDIMENTOS DIGITAIS","denom_uni_orc":"CORPO DELIBERATIVO E SECRETARIA","funcao":"Legislativa","sub_funcao":"A\u00e7\u00e3o Legislativa","programa":"A\u00c7\u00c3O LEGISLATIVA","acao":"INDENIZA\u00c7\u00d5ES E RESTITUI\u00c7\u00d5ES DIVERSAS (FMS)","ident_acao":"Atividade","cat_econ":"Despesa Corrente","natureza_despesa":"Outras Despesas Correntes","modalidade_despesa":"Aplica\u00e7\u00f5es Diretas","elemento_despesa":"Material de Consumo","sub_elem_desp":"SEM SUBELEMENTO","fonte_recurso":"Recursos do Exerc\u00edcio Corrente \/ Outros Recursos n\u00e3o Vinculados \/ -"},{"ano_emissao_emp":"2023","n_emp":"0000232","data_emissao":"13\/06\/2023","valor":"14,97","tipo_empenho":"Ordin\u00e1rio","hist_emp":"VALOR QUE SE EMPENHA PARA FAZER FACE AO PAGAMENTO DE CONTA DO N\u00daMETO TELEF\u00d4NICO (81) 3731-3084  REFERENTE AO  M\u00caS  DE ABRIL DE 2023,  CELEBRADO MEDIANTE DISPENSA DE LICITA\u00c7\u00c3O, COM FUNDAMENTO NO ARTIGO 24, INCISO 2\u00ba DA LEI 8.666\/93.","fornecedor":"OI S.A. - EM RECUPERACAO JUDICIAL","denom_uni_orc":"CORPO DELIBERATIVO E SECRETARIA","funcao":"Legislativa","sub_funcao":"A\u00e7\u00e3o Legislativa","programa":"A\u00c7\u00c3O LEGISLATIVA","acao":"AQUISI\u00c7\u00c3O DE M\u00d3VEIS, M\u00c1QUINAS E EQUIPAMENTOS DIVERSOS PARA O CONSELHO","ident_acao":"Atividade","cat_econ":"Despesa Corrente","natureza_despesa":"Outras Despesas Correntes","modalidade_despesa":"Aplica\u00e7\u00f5es Diretas","elemento_despesa":"Outros Servi\u00e7os de Terceiros - Pessoa Jur\u00eddica","sub_elem_desp":"SEM SUBELEMENTO","fonte_recurso":"Recursos do Exerc\u00edcio Corrente \/ Outros Recursos n\u00e3o Vinculados \/ -"},{"ano_emissao_emp":"2023","n_emp":"0000232","data_emissao":"13\/06\/2023","valor":"14,97","tipo_empenho":"Ordin\u00e1rio","hist_emp":"VALOR QUE SE EMPENHA PARA FAZER FACE AO PAGAMENTO DE CONTA DO N\u00daMETO TELEF\u00d4NICO (81) 3731-3084  REFERENTE AO  M\u00caS  DE ABRIL DE 2023,  CELEBRADO MEDIANTE DISPENSA DE LICITA\u00c7\u00c3O, COM FUNDAMENTO NO ARTIGO 24, INCISO 2\u00ba DA LEI 8.666\/93.","fornecedor":"OI S.A. - EM RECUPERACAO JUDICIAL","denom_uni_orc":"CORPO DELIBERATIVO E SECRETARIA","funcao":"Legislativa","sub_funcao":"A\u00e7\u00e3o Legislativa","programa":"A\u00c7\u00c3O LEGISLATIVA","acao":"MANUTEN\u00c7\u00c3O DAS ATIVIDADES ADMINISTRATIVAS","ident_acao":"Atividade","cat_econ":"Despesa Corrente","natureza_despesa":"Outras Despesas Correntes","modalidade_despesa":"Aplica\u00e7\u00f5es Diretas","elemento_despesa":"Outros Servi\u00e7os de Terceiros - Pessoa Jur\u00eddica","sub_elem_desp":"SEM SUBELEMENTO","fonte_recurso":"Recursos do Exerc\u00edcio Corrente \/ Outros Recursos n\u00e3o Vinculados \/ -"},{"ano_emissao_emp":"2023","n_emp":"0000232","data_emissao":"13\/06\/2023","valor":"14,97","tipo_empenho":"Ordin\u00e1rio","hist_emp":"VALOR QUE SE EMPENHA PARA FAZER FACE AO PAGAMENTO DE CONTA DO N\u00daMETO TELEF\u00d4NICO (81) 3731-3084  REFERENTE AO  M\u00caS  DE ABRIL DE 2023,  CELEBRADO MEDIANTE DISPENSA DE LICITA\u00c7\u00c3O, COM FUNDAMENTO NO ARTIGO 24, INCISO 2\u00ba DA LEI 8.666\/93.","fornecedor":"OI S.A. - EM RECUPERACAO JUDICIAL","denom_uni_orc":"CORPO DELIBERATIVO E SECRETARIA","funcao":"Legislativa","sub_funcao":"A\u00e7\u00e3o Legislativa","programa":"A\u00c7\u00c3O LEGISLATIVA","acao":"INDENIZA\u00c7\u00d5ES E RESTITUI\u00c7\u00d5ES DIVERSAS (FMS)","ident_acao":"Atividade","cat_econ":"Despesa Corrente","natureza_despesa":"Outras Despesas Correntes","modalidade_despesa":"Aplica\u00e7\u00f5es Diretas","elemento_despesa":"Outros Servi\u00e7os de Terceiros - Pessoa Jur\u00eddica","sub_elem_desp":"SEM SUBELEMENTO","fonte_recurso":"Recursos do Exerc\u00edcio Corrente \/ Outros Recursos n\u00e3o Vinculados \/ -"},{"ano_emissao_emp":"2023","n_emp":"0000233","data_emissao":"13\/06\/2023","valor":"119,77","tipo_empenho":"Ordin\u00e1rio","hist_emp":"VALOR QUE SE EMPENHA PARA FAZER FACE AO PAGAMENTO DE CONTA DO N\u00daMETO TELEF\u00d4NICO (81) 3731-3084  REFERENTE AO  M\u00caS  DE MAIO DE 2023,  CELEBRADO MEDIANTE DISPENSA DE LICITA\u00c7\u00c3O, COM FUNDAMENTO NO ARTIGO 24, INCISO 2\u00ba DA LEI 8.666\/93.","fornecedor":"OI S.A. - EM RECUPERACAO JUDICIAL","denom_uni_orc":"CORPO DELIBERATIVO E SECRETARIA","funcao":"Legislativa","sub_funcao":"A\u00e7\u00e3o Legislativa","programa":"A\u00c7\u00c3O LEGISLATIVA","acao":"AQUISI\u00c7\u00c3O DE M\u00d3VEIS, M\u00c1QUINAS E EQUIPAMENTOS DIVERSOS PARA O CONSELHO","ident_acao":"Atividade","cat_econ":"Despesa Corrente","natureza_despesa":"Outras Despesas Correntes","modalidade_despesa":"Aplica\u00e7\u00f5es Diretas","elemento_despesa":"Outros Servi\u00e7os de Terceiros - Pessoa Jur\u00eddica","sub_elem_desp":"SEM SUBELEMENTO","fonte_recurso":"Recursos do Exerc\u00edcio Corrente \/ Outros Recursos n\u00e3o Vinculados \/ -"},{"ano_emissao_emp":"2023","n_emp":"0000233","data_emissao":"13\/06\/2023","valor":"119,77","tipo_empenho":"Ordin\u00e1rio","hist_emp":"VALOR QUE SE EMPENHA PARA FAZER FACE AO PAGAMENTO DE CONTA DO N\u00daMETO TELEF\u00d4NICO (81) 3731-3084  REFERENTE AO  M\u00caS  DE MAIO DE 2023,  CELEBRADO MEDIANTE DISPENSA DE LICITA\u00c7\u00c3O, COM FUNDAMENTO NO ARTIGO 24, INCISO 2\u00ba DA LEI 8.666\/93.","fornecedor":"OI S.A. - EM RECUPERACAO JUDICIAL","denom_uni_orc":"CORPO DELIBERATIVO E SECRETARIA","funcao":"Legislativa","sub_funcao":"A\u00e7\u00e3o Legislativa","programa":"A\u00c7\u00c3O LEGISLATIVA","acao":"MANUTEN\u00c7\u00c3O DAS ATIVIDADES ADMINISTRATIVAS","ident_acao":"Atividade","cat_econ":"Despesa Corrente","natureza_despesa":"Outras Despesas Correntes","modalidade_despesa":"Aplica\u00e7\u00f5es Diretas","elemento_despesa":"Outros Servi\u00e7os de Terceiros - Pessoa Jur\u00eddica","sub_elem_desp":"SEM SUBELEMENTO","fonte_recurso":"Recursos do Exerc\u00edcio Corrente \/ Outros Recursos n\u00e3o Vinculados \/ -"},{"ano_emissao_emp":"2023","n_emp":"0000233","data_emissao":"13\/06\/2023","valor":"119,77","tipo_empenho":"Ordin\u00e1rio","hist_emp":"VALOR QUE SE EMPENHA PARA FAZER FACE AO PAGAMENTO DE CONTA DO N\u00daMETO TELEF\u00d4NICO (81) 3731-3084  REFERENTE AO  M\u00caS  DE MAIO DE 2023,  CELEBRADO MEDIANTE DISPENSA DE LICITA\u00c7\u00c3O, COM FUNDAMENTO NO ARTIGO 24, INCISO 2\u00ba DA LEI 8.666\/93.","fornecedor":"OI S.A. - EM RECUPERACAO JUDICIAL","denom_uni_orc":"CORPO DELIBERATIVO E SECRETARIA","funcao":"Legislativa","sub_funcao":"A\u00e7\u00e3o Legislativa","programa":"A\u00c7\u00c3O LEGISLATIVA","acao":"INDENIZA\u00c7\u00d5ES E RESTITUI\u00c7\u00d5ES DIVERSAS (FMS)","ident_acao":"Atividade","cat_econ":"Despesa Corrente","natureza_despesa":"Outras Despesas Correntes","modalidade_despesa":"Aplica\u00e7\u00f5es Diretas","elemento_despesa":"Outros Servi\u00e7os de Terceiros - Pessoa Jur\u00eddica","sub_elem_desp":"SEM SUBELEMENTO","fonte_recurso":"Recursos do Exerc\u00edcio Corrente \/ Outros Recursos n\u00e3o Vinculados \/ -"},{"ano_emissao_emp":"2023","n_emp":"0000234","data_emissao":"13\/06\/2023","valor":"2.950,00","tipo_empenho":"Ordin\u00e1rio","hist_emp":"VALOR QUE SE EMPENHA PARA FAZER FACE A SERVI\u00c7OS PRESTADOS EM PEPARO E MANUTEN\u00c7\u00c3O DE 07 (SETE) APARELHOS DE AR-CONDICIONADO NO ANEXO DESTA CASA (CIDATEC), MANUTEN\u00c7\u00c3O DE 02 (DOIS) APARELHOS DE AR-CONDICIONADO NO PLEN\u00c1RIO. INSTALA\u00c7\u00c3O DE 02 (DOIS) APARELHOS DE AR-CONDICIONADO UM NO GABINETE DA VEREADORA J\u00c9SSYCA CAVALCANTI E OUTRO NO GABINETE DO VEREADOR JOS\u00c9 SOARES CORREIA. MANUTEN\u00c7\u00c3O DE AR-CONDICIONADOS EM 03 (TR\u00caS) GABINETES DE VEREADORES, CELEBRADO MEDIANTE DISPENSA DE LICITA\u00c7\u00c3O, COM FUNDAMENTO NO ARTIGO 2","fornecedor":"MAURICIO PEDRO DA SILVA","denom_uni_orc":"CORPO DELIBERATIVO E SECRETARIA","funcao":"Legislativa","sub_funcao":"A\u00e7\u00e3o Legislativa","programa":"A\u00c7\u00c3O LEGISLATIVA","acao":"AQUISI\u00c7\u00c3O DE M\u00d3VEIS, M\u00c1QUINAS E EQUIPAMENTOS DIVERSOS PARA O CONSELHO","ident_acao":"Atividade","cat_econ":"Despesa Corrente","natureza_despesa":"Outras Despesas Correntes","modalidade_despesa":"Aplica\u00e7\u00f5es Diretas","elemento_despesa":"Outros Servi\u00e7os de Terceiros - Pessoa F\u00edsica","sub_elem_desp":"MANUTEN\u00c7\u00c3O E CONSERVA\u00c7\u00c3O DE EQUIPAMENTOS","fonte_recurso":"Recursos do Exerc\u00edcio Corrente \/ Outros Recursos n\u00e3o Vinculados \/ -"},{"ano_emissao_emp":"2023","n_emp":"0000234","data_emissao":"13\/06\/2023","valor":"2.950,00","tipo_empenho":"Ordin\u00e1rio","hist_emp":"VALOR QUE SE EMPENHA PARA FAZER FACE A SERVI\u00c7OS PRESTADOS EM PEPARO E MANUTEN\u00c7\u00c3O DE 07 (SETE) APARELHOS DE AR-CONDICIONADO NO ANEXO DESTA CASA (CIDATEC), MANUTEN\u00c7\u00c3O DE 02 (DOIS) APARELHOS DE AR-CONDICIONADO NO PLEN\u00c1RIO. INSTALA\u00c7\u00c3O DE 02 (DOIS) APARELHOS DE AR-CONDICIONADO UM NO GABINETE DA VEREADORA J\u00c9SSYCA CAVALCANTI E OUTRO NO GABINETE DO VEREADOR JOS\u00c9 SOARES CORREIA. MANUTEN\u00c7\u00c3O DE AR-CONDICIONADOS EM 03 (TR\u00caS) GABINETES DE VEREADORES, CELEBRADO MEDIANTE DISPENSA DE LICITA\u00c7\u00c3O, COM FUNDAMENTO NO ARTIGO 2","fornecedor":"MAURICIO PEDRO DA SILVA","denom_uni_orc":"CORPO DELIBERATIVO E SECRETARIA","funcao":"Legislativa","sub_funcao":"A\u00e7\u00e3o Legislativa","programa":"A\u00c7\u00c3O LEGISLATIVA","acao":"MANUTEN\u00c7\u00c3O DAS ATIVIDADES ADMINISTRATIVAS","ident_acao":"Atividade","cat_econ":"Despesa Corrente","natureza_despesa":"Outras Despesas Correntes","modalidade_despesa":"Aplica\u00e7\u00f5es Diretas","elemento_despesa":"Outros Servi\u00e7os de Terceiros - Pessoa F\u00edsica","sub_elem_desp":"MANUTEN\u00c7\u00c3O E CONSERVA\u00c7\u00c3O DE EQUIPAMENTOS","fonte_recurso":"Recursos do Exerc\u00edcio Corrente \/ Outros Recursos n\u00e3o Vinculados \/ -"},{"ano_emissao_emp":"2023","n_emp":"0000234","data_emissao":"13\/06\/2023","valor":"2.950,00","tipo_empenho":"Ordin\u00e1rio","hist_emp":"VALOR QUE SE EMPENHA PARA FAZER FACE A SERVI\u00c7OS PRESTADOS EM PEPARO E MANUTEN\u00c7\u00c3O DE 07 (SETE) APARELHOS DE AR-CONDICIONADO NO ANEXO DESTA CASA (CIDATEC), MANUTEN\u00c7\u00c3O DE 02 (DOIS) APARELHOS DE AR-CONDICIONADO NO PLEN\u00c1RIO. INSTALA\u00c7\u00c3O DE 02 (DOIS) APARELHOS DE AR-CONDICIONADO UM NO GABINETE DA VEREADORA J\u00c9SSYCA CAVALCANTI E OUTRO NO GABINETE DO VEREADOR JOS\u00c9 SOARES CORREIA. MANUTEN\u00c7\u00c3O DE AR-CONDICIONADOS EM 03 (TR\u00caS) GABINETES DE VEREADORES, CELEBRADO MEDIANTE DISPENSA DE LICITA\u00c7\u00c3O, COM FUNDAMENTO NO ARTIGO 2","fornecedor":"MAURICIO PEDRO DA SILVA","denom_uni_orc":"CORPO DELIBERATIVO E SECRETARIA","funcao":"Legislativa","sub_funcao":"A\u00e7\u00e3o Legislativa","programa":"A\u00c7\u00c3O LEGISLATIVA","acao":"INDENIZA\u00c7\u00d5ES E RESTITUI\u00c7\u00d5ES DIVERSAS (FMS)","ident_acao":"Atividade","cat_econ":"Despesa Corrente","natureza_despesa":"Outras Despesas Correntes","modalidade_despesa":"Aplica\u00e7\u00f5es Diretas","elemento_despesa":"Outros Servi\u00e7os de Terceiros - Pessoa F\u00edsica","sub_elem_desp":"MANUTEN\u00c7\u00c3O E CONSERVA\u00c7\u00c3O DE EQUIPAMENTOS","fonte_recurso":"Recursos do Exerc\u00edcio Corrente \/ Outros Recursos n\u00e3o Vinculados \/ -"},{"ano_emissao_emp":"2023","n_emp":"0000235","data_emissao":"16\/06\/2023","valor":"150,00","tipo_empenho":"Ordin\u00e1rio","hist_emp":"VALOR QUE SE EMPENHA PARA FAZER FACE AO PAGAMENTO DO FORNECIMENTO DE UMA COROA FUNEBRE TRADICIONA PARA O SEPULTAMENTO DA SENHOR MARCONDES MORENO SERVIDOR P\u00daBLICO DESTA CASA, CELEBRADO MEDIANTE DISPENSA DE LICITA\u00c7\u00c3O, COM FUNDAMENTO NO ARTIGO 24, INCISO 2\u00ba DA LEI 8.666\/93.","fornecedor":"FLORICULTURA FLOR DE CHEIRO LTDA","denom_uni_orc":"CORPO DELIBERATIVO E SECRETARIA","funcao":"Legislativa","sub_funcao":"A\u00e7\u00e3o Legislativa","programa":"A\u00c7\u00c3O LEGISLATIVA","acao":"AQUISI\u00c7\u00c3O DE M\u00d3VEIS, M\u00c1QUINAS E EQUIPAMENTOS DIVERSOS PARA O CONSELHO","ident_acao":"Atividade","cat_econ":"Despesa Corrente","natureza_despesa":"Outras Despesas Correntes","modalidade_despesa":"Aplica\u00e7\u00f5es Diretas","elemento_despesa":"Material de Consumo","sub_elem_desp":"SEM SUBELEMENTO","fonte_recurso":"Recursos do Exerc\u00edcio Corrente \/ Outros Recursos n\u00e3o Vinculados \/ -"},{"ano_emissao_emp":"2023","n_emp":"0000235","data_emissao":"16\/06\/2023","valor":"150,00","tipo_empenho":"Ordin\u00e1rio","hist_emp":"VALOR QUE SE EMPENHA PARA FAZER FACE AO PAGAMENTO DO FORNECIMENTO DE UMA COROA FUNEBRE TRADICIONA PARA O SEPULTAMENTO DA SENHOR MARCONDES MORENO SERVIDOR P\u00daBLICO DESTA CASA, CELEBRADO MEDIANTE DISPENSA DE LICITA\u00c7\u00c3O, COM FUNDAMENTO NO ARTIGO 24, INCISO 2\u00ba DA LEI 8.666\/93.","fornecedor":"FLORICULTURA FLOR DE CHEIRO LTDA","denom_uni_orc":"CORPO DELIBERATIVO E SECRETARIA","funcao":"Legislativa","sub_funcao":"A\u00e7\u00e3o Legislativa","programa":"A\u00c7\u00c3O LEGISLATIVA","acao":"MANUTEN\u00c7\u00c3O DAS ATIVIDADES ADMINISTRATIVAS","ident_acao":"Atividade","cat_econ":"Despesa Corrente","natureza_despesa":"Outras Despesas Correntes","modalidade_despesa":"Aplica\u00e7\u00f5es Diretas","elemento_despesa":"Material de Consumo","sub_elem_desp":"SEM SUBELEMENTO","fonte_recurso":"Recursos do Exerc\u00edcio Corrente \/ Outros Recursos n\u00e3o Vinculados \/ -"},{"ano_emissao_emp":"2023","n_emp":"0000235","data_emissao":"16\/06\/2023","valor":"150,00","tipo_empenho":"Ordin\u00e1rio","hist_emp":"VALOR QUE SE EMPENHA PARA FAZER FACE AO PAGAMENTO DO FORNECIMENTO DE UMA COROA FUNEBRE TRADICIONA PARA O SEPULTAMENTO DA SENHOR MARCONDES MORENO SERVIDOR P\u00daBLICO DESTA CASA, CELEBRADO MEDIANTE DISPENSA DE LICITA\u00c7\u00c3O, COM FUNDAMENTO NO ARTIGO 24, INCISO 2\u00ba DA LEI 8.666\/93.","fornecedor":"FLORICULTURA FLOR DE CHEIRO LTDA","denom_uni_orc":"CORPO DELIBERATIVO E SECRETARIA","funcao":"Legislativa","sub_funcao":"A\u00e7\u00e3o Legislativa","programa":"A\u00c7\u00c3O LEGISLATIVA","acao":"INDENIZA\u00c7\u00d5ES E RESTITUI\u00c7\u00d5ES DIVERSAS (FMS)","ident_acao":"Atividade","cat_econ":"Despesa Corrente","natureza_despesa":"Outras Despesas Correntes","modalidade_despesa":"Aplica\u00e7\u00f5es Diretas","elemento_despesa":"Material de Consumo","sub_elem_desp":"SEM SUBELEMENTO","fonte_recurso":"Recursos do Exerc\u00edcio Corrente \/ Outros Recursos n\u00e3o Vinculados \/ -"},{"ano_emissao_emp":"2023","n_emp":"0000236","data_emissao":"19\/06\/2023","valor":"641,00","tipo_empenho":"Ordin\u00e1rio","hist_emp":"VALOR QUE SE EMPENHA PARA FAZER FACE A CUSTEIO COM AQUISI\u00c7\u00c3O MATERIAIS PARA REFERENTE RECEP\u00c7\u00c3O EM DECORR\u00caNCIA DA PRESTA\u00c7\u00c3O DE CONTA SEMESTRAL DESTA CASA DE LEI, CONFORME A RESOLU\u00c7\u00c3O N\u00ba 02\/2017, QUE OCORRER\u00c1 NO DIA 20 DE JUNHO DE 2023,  CELEBRADO MEDIANTE DISPENSA DE LICITA\u00c7\u00c3O, COM FUNDAMENTO NO ARTIGO 24, INCISO 2\u00ba DA LEI 8.666\/93.","fornecedor":"BELLITATE IND\u00daSTRIA DE ALIMENTOS","denom_uni_orc":"CORPO DELIBERATIVO E SECRETARIA","funcao":"Legislativa","sub_funcao":"A\u00e7\u00e3o Legislativa","programa":"A\u00c7\u00c3O LEGISLATIVA","acao":"RECEP\u00c7\u00d5ES, HOSPEDAGENS E HOMENAGENS","ident_acao":"Atividade","cat_econ":"Despesa Corrente","natureza_despesa":"Outras Despesas Correntes","modalidade_despesa":"Aplica\u00e7\u00f5es Diretas","elemento_despesa":"Material de Consumo","sub_elem_desp":"SEM SUBELEMENTO","fonte_recurso":"Recursos do Exerc\u00edcio Corrente \/ Outros Recursos n\u00e3o Vinculados \/ -"},{"ano_emissao_emp":"2023","n_emp":"0000236","data_emissao":"19\/06\/2023","valor":"641,00","tipo_empenho":"Ordin\u00e1rio","hist_emp":"VALOR QUE SE EMPENHA PARA FAZER FACE A CUSTEIO COM AQUISI\u00c7\u00c3O MATERIAIS PARA REFERENTE RECEP\u00c7\u00c3O EM DECORR\u00caNCIA DA PRESTA\u00c7\u00c3O DE CONTA SEMESTRAL DESTA CASA DE LEI, CONFORME A RESOLU\u00c7\u00c3O N\u00ba 02\/2017, QUE OCORRER\u00c1 NO DIA 20 DE JUNHO DE 2023,  CELEBRADO MEDIANTE DISPENSA DE LICITA\u00c7\u00c3O, COM FUNDAMENTO NO ARTIGO 24, INCISO 2\u00ba DA LEI 8.666\/93.","fornecedor":"BELLITATE IND\u00daSTRIA DE ALIMENTOS","denom_uni_orc":"CORPO DELIBERATIVO E SECRETARIA","funcao":"Legislativa","sub_funcao":"A\u00e7\u00e3o Legislativa","programa":"A\u00c7\u00c3O LEGISLATIVA","acao":"INDENIZA\u00c7\u00d5ES E RESTITUI\u00c7\u00d5ES DIVERSAS","ident_acao":"Atividade","cat_econ":"Despesa Corrente","natureza_despesa":"Outras Despesas Correntes","modalidade_despesa":"Aplica\u00e7\u00f5es Diretas","elemento_despesa":"Material de Consumo","sub_elem_desp":"SEM SUBELEMENTO","fonte_recurso":"Recursos do Exerc\u00edcio Corrente \/ Outros Recursos n\u00e3o Vinculados \/ -"},{"ano_emissao_emp":"2023","n_emp":"0000237","data_emissao":"20\/06\/2023","valor":"138,60","tipo_empenho":"Ordin\u00e1rio","hist_emp":"VALOR QUE SE EMPENHA PARA FAZER FACE A AQUISI\u00c7\u00c3O DE MATERIAL DE CONSUMO PARA MANUTEN\u00c7\u00c3O DESTA CASA LEGISLATIVA, CELEBRADO MEDIANTE DISPENSA DE LICITA\u00c7\u00c3O, COM FUNDAMENTO NO ARTIGO 24, INCISO 2\u00ba DA LEI 8.666\/93.","fornecedor":"JCL LAJES E MATERIAIS PARA CONSTRU\u00c7\u00c3O LTDA","denom_uni_orc":"CORPO DELIBERATIVO E SECRETARIA","funcao":"Legislativa","sub_funcao":"A\u00e7\u00e3o Legislativa","programa":"A\u00c7\u00c3O LEGISLATIVA","acao":"AQUISI\u00c7\u00c3O DE M\u00d3VEIS, M\u00c1QUINAS E EQUIPAMENTOS DIVERSOS PARA O CONSELHO","ident_acao":"Atividade","cat_econ":"Despesa Corrente","natureza_despesa":"Outras Despesas Correntes","modalidade_despesa":"Aplica\u00e7\u00f5es Diretas","elemento_despesa":"Material de Consumo","sub_elem_desp":"SEM SUBELEMENTO","fonte_recurso":"Recursos do Exerc\u00edcio Corrente \/ Outros Recursos n\u00e3o Vinculados \/ -"},{"ano_emissao_emp":"2023","n_emp":"0000237","data_emissao":"20\/06\/2023","valor":"138,60","tipo_empenho":"Ordin\u00e1rio","hist_emp":"VALOR QUE SE EMPENHA PARA FAZER FACE A AQUISI\u00c7\u00c3O DE MATERIAL DE CONSUMO PARA MANUTEN\u00c7\u00c3O DESTA CASA LEGISLATIVA, CELEBRADO MEDIANTE DISPENSA DE LICITA\u00c7\u00c3O, COM FUNDAMENTO NO ARTIGO 24, INCISO 2\u00ba DA LEI 8.666\/93.","fornecedor":"JCL LAJES E MATERIAIS PARA CONSTRU\u00c7\u00c3O LTDA","denom_uni_orc":"CORPO DELIBERATIVO E SECRETARIA","funcao":"Legislativa","sub_funcao":"A\u00e7\u00e3o Legislativa","programa":"A\u00c7\u00c3O LEGISLATIVA","acao":"MANUTEN\u00c7\u00c3O DAS ATIVIDADES ADMINISTRATIVAS","ident_acao":"Atividade","cat_econ":"Despesa Corrente","natureza_despesa":"Outras Despesas Correntes","modalidade_despesa":"Aplica\u00e7\u00f5es Diretas","elemento_despesa":"Material de Consumo","sub_elem_desp":"SEM SUBELEMENTO","fonte_recurso":"Recursos do Exerc\u00edcio Corrente \/ Outros Recursos n\u00e3o Vinculados \/ -"},{"ano_emissao_emp":"2023","n_emp":"0000237","data_emissao":"20\/06\/2023","valor":"138,60","tipo_empenho":"Ordin\u00e1rio","hist_emp":"VALOR QUE SE EMPENHA PARA FAZER FACE A AQUISI\u00c7\u00c3O DE MATERIAL DE CONSUMO PARA MANUTEN\u00c7\u00c3O DESTA CASA LEGISLATIVA, CELEBRADO MEDIANTE DISPENSA DE LICITA\u00c7\u00c3O, COM FUNDAMENTO NO ARTIGO 24, INCISO 2\u00ba DA LEI 8.666\/93.","fornecedor":"JCL LAJES E MATERIAIS PARA CONSTRU\u00c7\u00c3O LTDA","denom_uni_orc":"CORPO DELIBERATIVO E SECRETARIA","funcao":"Legislativa","sub_funcao":"A\u00e7\u00e3o Legislativa","programa":"A\u00c7\u00c3O LEGISLATIVA","acao":"INDENIZA\u00c7\u00d5ES E RESTITUI\u00c7\u00d5ES DIVERSAS (FMS)","ident_acao":"Atividade","cat_econ":"Despesa Corrente","natureza_despesa":"Outras Despesas Correntes","modalidade_despesa":"Aplica\u00e7\u00f5es Diretas","elemento_despesa":"Material de Consumo","sub_elem_desp":"SEM SUBELEMENTO","fonte_recurso":"Recursos do Exerc\u00edcio Corrente \/ Outros Recursos n\u00e3o Vinculados \/ -"},{"ano_emissao_emp":"2023","n_emp":"0000238","data_emissao":"20\/06\/2023","valor":"1.060,00","tipo_empenho":"Ordin\u00e1rio","hist_emp":"VALOR QUE SE EMPENHA PARA FAZER FACE A CUSTEIO DE AQUISI\u00c7\u00c3O DE COMPRA DO FARDAMENTO DO GUARDA LEGISLATIVO FL\u00c1VIO ALEIXO CONFORME OF\u00cdCIO DE SOLICIT\u00c7\u00c3O DE EMPENHO N\u00daMERO 070\/2023 SECOM EM ANEXO. CELEBRADO MEDIANTE DISPENSA DE LICITA\u00c7\u00c3O, COM FUNDAMENTO NO ARTIGO 24, INCISO 2\u00ba DA LEI 8.666\/93.","fornecedor":"CABO DE GUERRA INDUSTRIA & COMERCIO LTDA","denom_uni_orc":"CORPO DELIBERATIVO E SECRETARIA","funcao":"Legislativa","sub_funcao":"A\u00e7\u00e3o Legislativa","programa":"A\u00c7\u00c3O LEGISLATIVA","acao":"AQUISI\u00c7\u00c3O DE M\u00d3VEIS, M\u00c1QUINAS E EQUIPAMENTOS DIVERSOS PARA O CONSELHO","ident_acao":"Atividade","cat_econ":"Despesa Corrente","natureza_despesa":"Outras Despesas Correntes","modalidade_despesa":"Aplica\u00e7\u00f5es Diretas","elemento_despesa":"Material de Consumo","sub_elem_desp":"UNIFORMES, TECIDOS E AVIAMENTOS","fonte_recurso":"Recursos do Exerc\u00edcio Corrente \/ Outros Recursos n\u00e3o Vinculados \/ -"},{"ano_emissao_emp":"2023","n_emp":"0000238","data_emissao":"20\/06\/2023","valor":"1.060,00","tipo_empenho":"Ordin\u00e1rio","hist_emp":"VALOR QUE SE EMPENHA PARA FAZER FACE A CUSTEIO DE AQUISI\u00c7\u00c3O DE COMPRA DO FARDAMENTO DO GUARDA LEGISLATIVO FL\u00c1VIO ALEIXO CONFORME OF\u00cdCIO DE SOLICIT\u00c7\u00c3O DE EMPENHO N\u00daMERO 070\/2023 SECOM EM ANEXO. CELEBRADO MEDIANTE DISPENSA DE LICITA\u00c7\u00c3O, COM FUNDAMENTO NO ARTIGO 24, INCISO 2\u00ba DA LEI 8.666\/93.","fornecedor":"CABO DE GUERRA INDUSTRIA & COMERCIO LTDA","denom_uni_orc":"CORPO DELIBERATIVO E SECRETARIA","funcao":"Legislativa","sub_funcao":"A\u00e7\u00e3o Legislativa","programa":"A\u00c7\u00c3O LEGISLATIVA","acao":"MANUTEN\u00c7\u00c3O DAS ATIVIDADES ADMINISTRATIVAS","ident_acao":"Atividade","cat_econ":"Despesa Corrente","natureza_despesa":"Outras Despesas Correntes","modalidade_despesa":"Aplica\u00e7\u00f5es Diretas","elemento_despesa":"Material de Consumo","sub_elem_desp":"UNIFORMES, TECIDOS E AVIAMENTOS","fonte_recurso":"Recursos do Exerc\u00edcio Corrente \/ Outros Recursos n\u00e3o Vinculados \/ -"},{"ano_emissao_emp":"2023","n_emp":"0000238","data_emissao":"20\/06\/2023","valor":"1.060,00","tipo_empenho":"Ordin\u00e1rio","hist_emp":"VALOR QUE SE EMPENHA PARA FAZER FACE A CUSTEIO DE AQUISI\u00c7\u00c3O DE COMPRA DO FARDAMENTO DO GUARDA LEGISLATIVO FL\u00c1VIO ALEIXO CONFORME OF\u00cdCIO DE SOLICIT\u00c7\u00c3O DE EMPENHO N\u00daMERO 070\/2023 SECOM EM ANEXO. CELEBRADO MEDIANTE DISPENSA DE LICITA\u00c7\u00c3O, COM FUNDAMENTO NO ARTIGO 24, INCISO 2\u00ba DA LEI 8.666\/93.","fornecedor":"CABO DE GUERRA INDUSTRIA & COMERCIO LTDA","denom_uni_orc":"CORPO DELIBERATIVO E SECRETARIA","funcao":"Legislativa","sub_funcao":"A\u00e7\u00e3o Legislativa","programa":"A\u00c7\u00c3O LEGISLATIVA","acao":"INDENIZA\u00c7\u00d5ES E RESTITUI\u00c7\u00d5ES DIVERSAS (FMS)","ident_acao":"Atividade","cat_econ":"Despesa Corrente","natureza_despesa":"Outras Despesas Correntes","modalidade_despesa":"Aplica\u00e7\u00f5es Diretas","elemento_despesa":"Material de Consumo","sub_elem_desp":"UNIFORMES, TECIDOS E AVIAMENTOS","fonte_recurso":"Recursos do Exerc\u00edcio Corrente \/ Outros Recursos n\u00e3o Vinculados \/ -"},{"ano_emissao_emp":"2023","n_emp":"0000239","data_emissao":"20\/06\/2023","valor":"525,00","tipo_empenho":"Ordin\u00e1rio","hist_emp":"VALOR QUE SE EMPENHA PARA FAZER FACE A CUSTEIO COM AQUISI\u00c7\u00c3O DE 70 CRACH\u00c1S PARA ASSESSORES E FUNCION\u00c1RIOS DESTA CASA LEGISLATIVA. CELEBRADO MEDIANTE DISPENSA DE LICITA\u00c7\u00c3O, COM FUNDAMENTO NO ARTIGO 24, INCISO 2\u00ba DA LEI 8.666\/93.","fornecedor":"SHEEP ARTS LTDA","denom_uni_orc":"CORPO DELIBERATIVO E SECRETARIA","funcao":"Legislativa","sub_funcao":"A\u00e7\u00e3o Legislativa","programa":"A\u00c7\u00c3O LEGISLATIVA","acao":"AQUISI\u00c7\u00c3O DE M\u00d3VEIS, M\u00c1QUINAS E EQUIPAMENTOS DIVERSOS PARA O CONSELHO","ident_acao":"Atividade","cat_econ":"Despesa Corrente","natureza_despesa":"Outras Despesas Correntes","modalidade_despesa":"Aplica\u00e7\u00f5es Diretas","elemento_despesa":"Material de Consumo","sub_elem_desp":"SEM SUBELEMENTO","fonte_recurso":"Recursos do Exerc\u00edcio Corrente \/ Outros Recursos n\u00e3o Vinculados \/ -"},{"ano_emissao_emp":"2023","n_emp":"0000239","data_emissao":"20\/06\/2023","valor":"525,00","tipo_empenho":"Ordin\u00e1rio","hist_emp":"VALOR QUE SE EMPENHA PARA FAZER FACE A CUSTEIO COM AQUISI\u00c7\u00c3O DE 70 CRACH\u00c1S PARA ASSESSORES E FUNCION\u00c1RIOS DESTA CASA LEGISLATIVA. CELEBRADO MEDIANTE DISPENSA DE LICITA\u00c7\u00c3O, COM FUNDAMENTO NO ARTIGO 24, INCISO 2\u00ba DA LEI 8.666\/93.","fornecedor":"SHEEP ARTS LTDA","denom_uni_orc":"CORPO DELIBERATIVO E SECRETARIA","funcao":"Legislativa","sub_funcao":"A\u00e7\u00e3o Legislativa","programa":"A\u00c7\u00c3O LEGISLATIVA","acao":"MANUTEN\u00c7\u00c3O DAS ATIVIDADES ADMINISTRATIVAS","ident_acao":"Atividade","cat_econ":"Despesa Corrente","natureza_despesa":"Outras Despesas Correntes","modalidade_despesa":"Aplica\u00e7\u00f5es Diretas","elemento_despesa":"Material de Consumo","sub_elem_desp":"SEM SUBELEMENTO","fonte_recurso":"Recursos do Exerc\u00edcio Corrente \/ Outros Recursos n\u00e3o Vinculados \/ -"},{"ano_emissao_emp":"2023","n_emp":"0000239","data_emissao":"20\/06\/2023","valor":"525,00","tipo_empenho":"Ordin\u00e1rio","hist_emp":"VALOR QUE SE EMPENHA PARA FAZER FACE A CUSTEIO COM AQUISI\u00c7\u00c3O DE 70 CRACH\u00c1S PARA ASSESSORES E FUNCION\u00c1RIOS DESTA CASA LEGISLATIVA. CELEBRADO MEDIANTE DISPENSA DE LICITA\u00c7\u00c3O, COM FUNDAMENTO NO ARTIGO 24, INCISO 2\u00ba DA LEI 8.666\/93.","fornecedor":"SHEEP ARTS LTDA","denom_uni_orc":"CORPO DELIBERATIVO E SECRETARIA","funcao":"Legislativa","sub_funcao":"A\u00e7\u00e3o Legislativa","programa":"A\u00c7\u00c3O LEGISLATIVA","acao":"INDENIZA\u00c7\u00d5ES E RESTITUI\u00c7\u00d5ES DIVERSAS (FMS)","ident_acao":"Atividade","cat_econ":"Despesa Corrente","natureza_despesa":"Outras Despesas Correntes","modalidade_despesa":"Aplica\u00e7\u00f5es Diretas","elemento_despesa":"Material de Consumo","sub_elem_desp":"SEM SUBELEMENTO","fonte_recurso":"Recursos do Exerc\u00edcio Corrente \/ Outros Recursos n\u00e3o Vinculados \/ -"},{"ano_emissao_emp":"2023","n_emp":"0000240","data_emissao":"26\/06\/2023","valor":"150.000,00","tipo_empenho":"Estimativo","hist_emp":"VALOR QUE SE EMPENHA PARA FAZER FACE AO PAGAMENTO DA PARTE PATRONAL  DO SANTA CRUZ PREV DESTA CASA LEGISLATIVA. ESTIMATIVO PARA O PERIODO DE JUNHO A DEZEMBRO DO EXERC\u00cdCIO DE 2023.","fornecedor":"FOLHA DE PAGAMENTO","denom_uni_orc":"CORPO DELIBERATIVO E SECRETARIA","funcao":"Legislativa","sub_funcao":"A\u00e7\u00e3o Legislativa","programa":"PREVID\u00caNCIA SOCIAL A SEGURADOS","acao":"CONTRIBUI\u00c7\u00c3O PREVIDENCI\u00c1RIA E FGTS","ident_acao":"Atividade","cat_econ":"Despesa Corrente","natureza_despesa":"Pessoal e Encargos Sociais","modalidade_despesa":"Aplica\u00e7\u00e3o Direta Decorrente de Opera\u00e7\u00e3o entre \u00d3rg\u00e3os, Fundos e Entidades Integrantes dos Or\u00e7amentos Fiscal e da Seguridade Social","elemento_despesa":"Obriga\u00e7\u00f5es Patronais","sub_elem_desp":"SEM SUBELEMENTO","fonte_recurso":"Recursos do Exerc\u00edcio Corrente \/ Outros Recursos n\u00e3o Vinculados \/ -"},{"ano_emissao_emp":"2023","n_emp":"0000240","data_emissao":"26\/06\/2023","valor":"150.000,00","tipo_empenho":"Estimativo","hist_emp":"VALOR QUE SE EMPENHA PARA FAZER FACE AO PAGAMENTO DA PARTE PATRONAL  DO SANTA CRUZ PREV DESTA CASA LEGISLATIVA. ESTIMATIVO PARA O PERIODO DE JUNHO A DEZEMBRO DO EXERC\u00cdCIO DE 2023.","fornecedor":"FOLHA DE PAGAMENTO","denom_uni_orc":"CORPO DELIBERATIVO E SECRETARIA","funcao":"Legislativa","sub_funcao":"A\u00e7\u00e3o Legislativa","programa":"PREVID\u00caNCIA SOCIAL A SEGURADOS","acao":"RESERVA DE CONTING\u00caNCIA ( PAGAMENTO E COBERTURA DE PASSIVOS CONTINGENT","ident_acao":"Atividade","cat_econ":"Despesa Corrente","natureza_despesa":"Pessoal e Encargos Sociais","modalidade_despesa":"Aplica\u00e7\u00e3o Direta Decorrente de Opera\u00e7\u00e3o entre \u00d3rg\u00e3os, Fundos e Entidades Integrantes dos Or\u00e7amentos Fiscal e da Seguridade Social","elemento_despesa":"Obriga\u00e7\u00f5es Patronais","sub_elem_desp":"SEM SUBELEMENTO","fonte_recurso":"Recursos do Exerc\u00edcio Corrente \/ Outros Recursos n\u00e3o Vinculados \/ -"},{"ano_emissao_emp":"2023","n_emp":"0000242","data_emissao":"26\/06\/2023","valor":"792,00","tipo_empenho":"Ordin\u00e1rio","hist_emp":"VALOR QUE SE EMPENHA PARA FAZER FACE \u00c0 AQUISI\u00c7\u00c3O DE 02 (DOIS) GLP EM BOTIJ\u00c3O DE 13 KG, 97 (NOVENTA E SETE) AGUA MINERAL LUSTRAL EM BOTIJ\u00c3O DE 20 (VINTE) LITROS, CELEBRADO MEDIANTE DISPENSA DE LICITA\u00c7\u00c3O, COM FUNDAMENTO NO ARTIGO 24, INCISO 2\u00ba DA LEI 8.666\/93.","fornecedor":"GB COMERCIO DE GAS E AGUA MINERAL LTDA","denom_uni_orc":"CORPO DELIBERATIVO E SECRETARIA","funcao":"Legislativa","sub_funcao":"A\u00e7\u00e3o Legislativa","programa":"A\u00c7\u00c3O LEGISLATIVA","acao":"AQUISI\u00c7\u00c3O DE M\u00d3VEIS, M\u00c1QUINAS E EQUIPAMENTOS DIVERSOS PARA O CONSELHO","ident_acao":"Atividade","cat_econ":"Despesa Corrente","natureza_despesa":"Outras Despesas Correntes","modalidade_despesa":"Aplica\u00e7\u00f5es Diretas","elemento_despesa":"Material de Consumo","sub_elem_desp":"SEM SUBELEMENTO","fonte_recurso":"Recursos do Exerc\u00edcio Corrente \/ Outros Recursos n\u00e3o Vinculados \/ -"},{"ano_emissao_emp":"2023","n_emp":"0000242","data_emissao":"26\/06\/2023","valor":"792,00","tipo_empenho":"Ordin\u00e1rio","hist_emp":"VALOR QUE SE EMPENHA PARA FAZER FACE \u00c0 AQUISI\u00c7\u00c3O DE 02 (DOIS) GLP EM BOTIJ\u00c3O DE 13 KG, 97 (NOVENTA E SETE) AGUA MINERAL LUSTRAL EM BOTIJ\u00c3O DE 20 (VINTE) LITROS, CELEBRADO MEDIANTE DISPENSA DE LICITA\u00c7\u00c3O, COM FUNDAMENTO NO ARTIGO 24, INCISO 2\u00ba DA LEI 8.666\/93.","fornecedor":"GB COMERCIO DE GAS E AGUA MINERAL LTDA","denom_uni_orc":"CORPO DELIBERATIVO E SECRETARIA","funcao":"Legislativa","sub_funcao":"A\u00e7\u00e3o Legislativa","programa":"A\u00c7\u00c3O LEGISLATIVA","acao":"MANUTEN\u00c7\u00c3O DAS ATIVIDADES ADMINISTRATIVAS","ident_acao":"Atividade","cat_econ":"Despesa Corrente","natureza_despesa":"Outras Despesas Correntes","modalidade_despesa":"Aplica\u00e7\u00f5es Diretas","elemento_despesa":"Material de Consumo","sub_elem_desp":"SEM SUBELEMENTO","fonte_recurso":"Recursos do Exerc\u00edcio Corrente \/ Outros Recursos n\u00e3o Vinculados \/ -"},{"ano_emissao_emp":"2023","n_emp":"0000242","data_emissao":"26\/06\/2023","valor":"792,00","tipo_empenho":"Ordin\u00e1rio","hist_emp":"VALOR QUE SE EMPENHA PARA FAZER FACE \u00c0 AQUISI\u00c7\u00c3O DE 02 (DOIS) GLP EM BOTIJ\u00c3O DE 13 KG, 97 (NOVENTA E SETE) AGUA MINERAL LUSTRAL EM BOTIJ\u00c3O DE 20 (VINTE) LITROS, CELEBRADO MEDIANTE DISPENSA DE LICITA\u00c7\u00c3O, COM FUNDAMENTO NO ARTIGO 24, INCISO 2\u00ba DA LEI 8.666\/93.","fornecedor":"GB COMERCIO DE GAS E AGUA MINERAL LTDA","denom_uni_orc":"CORPO DELIBERATIVO E SECRETARIA","funcao":"Legislativa","sub_funcao":"A\u00e7\u00e3o Legislativa","programa":"A\u00c7\u00c3O LEGISLATIVA","acao":"INDENIZA\u00c7\u00d5ES E RESTITUI\u00c7\u00d5ES DIVERSAS (FMS)","ident_acao":"Atividade","cat_econ":"Despesa Corrente","natureza_despesa":"Outras Despesas Correntes","modalidade_despesa":"Aplica\u00e7\u00f5es Diretas","elemento_despesa":"Material de Consumo","sub_elem_desp":"SEM SUBELEMENTO","fonte_recurso":"Recursos do Exerc\u00edcio Corrente \/ Outros Recursos n\u00e3o Vinculados \/ -"},{"ano_emissao_emp":"2023","n_emp":"0000243","data_emissao":"27\/06\/2023","valor":"1.262,21","tipo_empenho":"Ordin\u00e1rio","hist_emp":"VALOR QUE SE EMPENHA PARA FAZER FACE A AQUISI\u00c7\u00c3O DE 01 (UMA) CAFETEIRA TRADICIONAL 8 LITROS 220V,  DESTINADA A COZINHA DESTA CASA, PARA AUXILIAR OS SERVIDORES NAS ATIVIDADES COTIDIANAS REFERENTE \u00c0 COPA E COZINHA, CELEBRADO MEDIANTE DISPENSA DE LICITA\u00c7\u00c3O, COM FUNDAMENTO NO ARTIGO 24, INCISO 2\u00ba DA LEI 8.666\/93.","fornecedor":"MAGAZINE LUIZA S\/A","denom_uni_orc":"CORPO DELIBERATIVO E SECRETARIA","funcao":"Legislativa","sub_funcao":"A\u00e7\u00e3o Legislativa","programa":"A\u00c7\u00c3O LEGISLATIVA","acao":"REEQUIPAMENTO DA UNIDADE","ident_acao":"Projeto","cat_econ":"Despesa de Capital","natureza_despesa":"Investimentos","modalidade_despesa":"Aplica\u00e7\u00f5es Diretas","elemento_despesa":"Equipamentos e Material Permanente","sub_elem_desp":"SEM SUBELEMENTO","fonte_recurso":"Recursos do Exerc\u00edcio Corrente \/ Outros Recursos n\u00e3o Vinculados \/ -"},{"ano_emissao_emp":"2023","n_emp":"0000243","data_emissao":"27\/06\/2023","valor":"1.262,21","tipo_empenho":"Ordin\u00e1rio","hist_emp":"VALOR QUE SE EMPENHA PARA FAZER FACE A AQUISI\u00c7\u00c3O DE 01 (UMA) CAFETEIRA TRADICIONAL 8 LITROS 220V,  DESTINADA A COZINHA DESTA CASA, PARA AUXILIAR OS SERVIDORES NAS ATIVIDADES COTIDIANAS REFERENTE \u00c0 COPA E COZINHA, CELEBRADO MEDIANTE DISPENSA DE LICITA\u00c7\u00c3O, COM FUNDAMENTO NO ARTIGO 24, INCISO 2\u00ba DA LEI 8.666\/93.","fornecedor":"MAGAZINE LUIZA S\/A","denom_uni_orc":"CORPO DELIBERATIVO E SECRETARIA","funcao":"Legislativa","sub_funcao":"A\u00e7\u00e3o Legislativa","programa":"A\u00c7\u00c3O LEGISLATIVA","acao":"INDENIZA\u00c7\u00d5ES E RESTITUI\u00c7\u00d5ES DO RPPS","ident_acao":"Projeto","cat_econ":"Despesa de Capital","natureza_despesa":"Investimentos","modalidade_despesa":"Aplica\u00e7\u00f5es Diretas","elemento_despesa":"Equipamentos e Material Permanente","sub_elem_desp":"SEM SUBELEMENTO","fonte_recurso":"Recursos do Exerc\u00edcio Corrente \/ Outros Recursos n\u00e3o Vinculados \/ -"},{"ano_emissao_emp":"2023","n_emp":"0000243","data_emissao":"27\/06\/2023","valor":"1.262,21","tipo_empenho":"Ordin\u00e1rio","hist_emp":"VALOR QUE SE EMPENHA PARA FAZER FACE A AQUISI\u00c7\u00c3O DE 01 (UMA) CAFETEIRA TRADICIONAL 8 LITROS 220V,  DESTINADA A COZINHA DESTA CASA, PARA AUXILIAR OS SERVIDORES NAS ATIVIDADES COTIDIANAS REFERENTE \u00c0 COPA E COZINHA, CELEBRADO MEDIANTE DISPENSA DE LICITA\u00c7\u00c3O, COM FUNDAMENTO NO ARTIGO 24, INCISO 2\u00ba DA LEI 8.666\/93.","fornecedor":"MAGAZINE LUIZA S\/A","denom_uni_orc":"CORPO DELIBERATIVO E SECRETARIA","funcao":"Legislativa","sub_funcao":"A\u00e7\u00e3o Legislativa","programa":"A\u00c7\u00c3O LEGISLATIVA","acao":"AMORTIZA\u00c7\u00c3O DA D\u00cdVIDA P\u00daBLICA CONSOLIDADA","ident_acao":"Projeto","cat_econ":"Despesa de Capital","natureza_despesa":"Investimentos","modalidade_despesa":"Aplica\u00e7\u00f5es Diretas","elemento_despesa":"Equipamentos e Material Permanente","sub_elem_desp":"SEM SUBELEMENTO","fonte_recurso":"Recursos do Exerc\u00edcio Corrente \/ Outros Recursos n\u00e3o Vinculados \/ -"},{"ano_emissao_emp":"2023","n_emp":"0000244","data_emissao":"28\/06\/2023","valor":"2.392,70","tipo_empenho":"Ordin\u00e1rio","hist_emp":"VALOR QUE SE EMPENHA PARA FAZER FACE A AQUISI\u00c7\u00c3O DE MATERIAIS DE EXPEDIENTE PARA O FUNCIONAMENTO DOS TRABALHOS DESTA CASA LEGISLATIVA, CELEBRADO MEDIANTE DISPENSA DE LICITA\u00c7\u00c3O, COM FUNDAMENTO NO ARTIGO 24, INCISO 2\u00b0 DA LEI 8.666\/93.","fornecedor":"GALDINO & SANTOS COMERCIAL LTDA","denom_uni_orc":"CORPO DELIBERATIVO E SECRETARIA","funcao":"Legislativa","sub_funcao":"A\u00e7\u00e3o Legislativa","programa":"A\u00c7\u00c3O LEGISLATIVA","acao":"AQUISI\u00c7\u00c3O DE M\u00d3VEIS, M\u00c1QUINAS E EQUIPAMENTOS DIVERSOS PARA O CONSELHO","ident_acao":"Atividade","cat_econ":"Despesa Corrente","natureza_despesa":"Outras Despesas Correntes","modalidade_despesa":"Aplica\u00e7\u00f5es Diretas","elemento_despesa":"Material de Consumo","sub_elem_desp":"SEM SUBELEMENTO","fonte_recurso":"Recursos do Exerc\u00edcio Corrente \/ Outros Recursos n\u00e3o Vinculados \/ -"},{"ano_emissao_emp":"2023","n_emp":"0000244","data_emissao":"28\/06\/2023","valor":"2.392,70","tipo_empenho":"Ordin\u00e1rio","hist_emp":"VALOR QUE SE EMPENHA PARA FAZER FACE A AQUISI\u00c7\u00c3O DE MATERIAIS DE EXPEDIENTE PARA O FUNCIONAMENTO DOS TRABALHOS DESTA CASA LEGISLATIVA, CELEBRADO MEDIANTE DISPENSA DE LICITA\u00c7\u00c3O, COM FUNDAMENTO NO ARTIGO 24, INCISO 2\u00b0 DA LEI 8.666\/93.","fornecedor":"GALDINO & SANTOS COMERCIAL LTDA","denom_uni_orc":"CORPO DELIBERATIVO E SECRETARIA","funcao":"Legislativa","sub_funcao":"A\u00e7\u00e3o Legislativa","programa":"A\u00c7\u00c3O LEGISLATIVA","acao":"MANUTEN\u00c7\u00c3O DAS ATIVIDADES ADMINISTRATIVAS","ident_acao":"Atividade","cat_econ":"Despesa Corrente","natureza_despesa":"Outras Despesas Correntes","modalidade_despesa":"Aplica\u00e7\u00f5es Diretas","elemento_despesa":"Material de Consumo","sub_elem_desp":"SEM SUBELEMENTO","fonte_recurso":"Recursos do Exerc\u00edcio Corrente \/ Outros Recursos n\u00e3o Vinculados \/ -"},{"ano_emissao_emp":"2023","n_emp":"0000244","data_emissao":"28\/06\/2023","valor":"2.392,70","tipo_empenho":"Ordin\u00e1rio","hist_emp":"VALOR QUE SE EMPENHA PARA FAZER FACE A AQUISI\u00c7\u00c3O DE MATERIAIS DE EXPEDIENTE PARA O FUNCIONAMENTO DOS TRABALHOS DESTA CASA LEGISLATIVA, CELEBRADO MEDIANTE DISPENSA DE LICITA\u00c7\u00c3O, COM FUNDAMENTO NO ARTIGO 24, INCISO 2\u00b0 DA LEI 8.666\/93.","fornecedor":"GALDINO & SANTOS COMERCIAL LTDA","denom_uni_orc":"CORPO DELIBERATIVO E SECRETARIA","funcao":"Legislativa","sub_funcao":"A\u00e7\u00e3o Legislativa","programa":"A\u00c7\u00c3O LEGISLATIVA","acao":"INDENIZA\u00c7\u00d5ES E RESTITUI\u00c7\u00d5ES DIVERSAS (FMS)","ident_acao":"Atividade","cat_econ":"Despesa Corrente","natureza_despesa":"Outras Despesas Correntes","modalidade_despesa":"Aplica\u00e7\u00f5es Diretas","elemento_despesa":"Material de Consumo","sub_elem_desp":"SEM SUBELEMENTO","fonte_recurso":"Recursos do Exerc\u00edcio Corrente \/ Outros Recursos n\u00e3o Vinculados \/ -"},{"ano_emissao_emp":"2023","n_emp":"0000245","data_emissao":"28\/06\/2023","valor":"178,00","tipo_empenho":"Ordin\u00e1rio","hist_emp":"VALOR QUE SE EMPENHA PARA FAZER FACE A CUSTEIO DE FORNECIMENTO DE MOLDURA DE MADEIRA - 200- S 57, COM VIDRRO ANTI-REFLEXO 2.00MM 2,20X1.60MM FOCUS BE, CELEBRADO MEDIANTE DISPENSA DE LICITA\u00c7\u00c3O, COM FUNDAMENTO NO ARTIGO 24, INCISO 2\u00ba DA LEI 8.666\/93.","fornecedor":"SAN VIDROS COMERCIO DE VIDROSLTDA","denom_uni_orc":"CORPO DELIBERATIVO E SECRETARIA","funcao":"Legislativa","sub_funcao":"A\u00e7\u00e3o Legislativa","programa":"A\u00c7\u00c3O LEGISLATIVA","acao":"AQUISI\u00c7\u00c3O DE M\u00d3VEIS, M\u00c1QUINAS E EQUIPAMENTOS DIVERSOS PARA O CONSELHO","ident_acao":"Atividade","cat_econ":"Despesa Corrente","natureza_despesa":"Outras Despesas Correntes","modalidade_despesa":"Aplica\u00e7\u00f5es Diretas","elemento_despesa":"Material de Consumo","sub_elem_desp":"SEM SUBELEMENTO","fonte_recurso":"Recursos do Exerc\u00edcio Corrente \/ Outros Recursos n\u00e3o Vinculados \/ -"},{"ano_emissao_emp":"2023","n_emp":"0000245","data_emissao":"28\/06\/2023","valor":"178,00","tipo_empenho":"Ordin\u00e1rio","hist_emp":"VALOR QUE SE EMPENHA PARA FAZER FACE A CUSTEIO DE FORNECIMENTO DE MOLDURA DE MADEIRA - 200- S 57, COM VIDRRO ANTI-REFLEXO 2.00MM 2,20X1.60MM FOCUS BE, CELEBRADO MEDIANTE DISPENSA DE LICITA\u00c7\u00c3O, COM FUNDAMENTO NO ARTIGO 24, INCISO 2\u00ba DA LEI 8.666\/93.","fornecedor":"SAN VIDROS COMERCIO DE VIDROSLTDA","denom_uni_orc":"CORPO DELIBERATIVO E SECRETARIA","funcao":"Legislativa","sub_funcao":"A\u00e7\u00e3o Legislativa","programa":"A\u00c7\u00c3O LEGISLATIVA","acao":"MANUTEN\u00c7\u00c3O DAS ATIVIDADES ADMINISTRATIVAS","ident_acao":"Atividade","cat_econ":"Despesa Corrente","natureza_despesa":"Outras Despesas Correntes","modalidade_despesa":"Aplica\u00e7\u00f5es Diretas","elemento_despesa":"Material de Consumo","sub_elem_desp":"SEM SUBELEMENTO","fonte_recurso":"Recursos do Exerc\u00edcio Corrente \/ Outros Recursos n\u00e3o Vinculados \/ -"},{"ano_emissao_emp":"2023","n_emp":"0000245","data_emissao":"28\/06\/2023","valor":"178,00","tipo_empenho":"Ordin\u00e1rio","hist_emp":"VALOR QUE SE EMPENHA PARA FAZER FACE A CUSTEIO DE FORNECIMENTO DE MOLDURA DE MADEIRA - 200- S 57, COM VIDRRO ANTI-REFLEXO 2.00MM 2,20X1.60MM FOCUS BE, CELEBRADO MEDIANTE DISPENSA DE LICITA\u00c7\u00c3O, COM FUNDAMENTO NO ARTIGO 24, INCISO 2\u00ba DA LEI 8.666\/93.","fornecedor":"SAN VIDROS COMERCIO DE VIDROSLTDA","denom_uni_orc":"CORPO DELIBERATIVO E SECRETARIA","funcao":"Legislativa","sub_funcao":"A\u00e7\u00e3o Legislativa","programa":"A\u00c7\u00c3O LEGISLATIVA","acao":"INDENIZA\u00c7\u00d5ES E RESTITUI\u00c7\u00d5ES DIVERSAS (FMS)","ident_acao":"Atividade","cat_econ":"Despesa Corrente","natureza_despesa":"Outras Despesas Correntes","modalidade_despesa":"Aplica\u00e7\u00f5es Diretas","elemento_despesa":"Material de Consumo","sub_elem_desp":"SEM SUBELEMENTO","fonte_recurso":"Recursos do Exerc\u00edcio Corrente \/ Outros Recursos n\u00e3o Vinculados \/ -"},{"ano_emissao_emp":"2023","n_emp":"0000246","data_emissao":"30\/06\/2023","valor":"64.400,00","tipo_empenho":"Estimativo","hist_emp":"VALOR QUE SE EMPENHA PARA FAZER FACE AO PAGAMENTO DOS SERVI\u00c7OS DE ADMINISTRA\u00c7\u00c3O, GERENCIAMENTO E FORNECIMENTO DE CART\u00d5ES DE VALE REFEI\u00c7\u00c3O\/ALIMENTA\u00c7\u00c3O, ELETR\u00d4NICOS, EQUIPADO COM CHIP DE SEGURAN\u00c7A E COM SENHA INDIVIDUAL, PARA RECARGA MENSAL. CONFORME TERMO ADITIVO AO CONTRATO N\u00b0005\/2021 (PROCESSO DE LICITA\u00c7\u00c3O N\u00b0002\/2021 - PREG\u00c3O ELETR\u00d4NICO N\u00b0001\/2021) 2\u00ba ALTERE\u00c7\u00c3O.","fornecedor":"GIMAVE - MEIOS DE PAGAMENTOS E INFORMA\u00c7\u00d5ES LTDA","denom_uni_orc":"CORPO DELIBERATIVO E SECRETARIA","funcao":"Legislativa","sub_funcao":"A\u00e7\u00e3o Legislativa","programa":"A\u00c7\u00c3O LEGISLATIVA","acao":"AQUISI\u00c7\u00c3O DE M\u00d3VEIS, M\u00c1QUINAS E EQUIPAMENTOS DIVERSOS PARA O CONSELHO","ident_acao":"Atividade","cat_econ":"Despesa Corrente","natureza_despesa":"Outras Despesas Correntes","modalidade_despesa":"Aplica\u00e7\u00f5es Diretas","elemento_despesa":"Outros Servi\u00e7os de Terceiros - Pessoa Jur\u00eddica","sub_elem_desp":"SEM SUBELEMENTO","fonte_recurso":"Recursos do Exerc\u00edcio Corrente \/ Outros Recursos n\u00e3o Vinculados \/ -"},{"ano_emissao_emp":"2023","n_emp":"0000246","data_emissao":"30\/06\/2023","valor":"64.400,00","tipo_empenho":"Estimativo","hist_emp":"VALOR QUE SE EMPENHA PARA FAZER FACE AO PAGAMENTO DOS SERVI\u00c7OS DE ADMINISTRA\u00c7\u00c3O, GERENCIAMENTO E FORNECIMENTO DE CART\u00d5ES DE VALE REFEI\u00c7\u00c3O\/ALIMENTA\u00c7\u00c3O, ELETR\u00d4NICOS, EQUIPADO COM CHIP DE SEGURAN\u00c7A E COM SENHA INDIVIDUAL, PARA RECARGA MENSAL. CONFORME TERMO ADITIVO AO CONTRATO N\u00b0005\/2021 (PROCESSO DE LICITA\u00c7\u00c3O N\u00b0002\/2021 - PREG\u00c3O ELETR\u00d4NICO N\u00b0001\/2021) 2\u00ba ALTERE\u00c7\u00c3O.","fornecedor":"GIMAVE - MEIOS DE PAGAMENTOS E INFORMA\u00c7\u00d5ES LTDA","denom_uni_orc":"CORPO DELIBERATIVO E SECRETARIA","funcao":"Legislativa","sub_funcao":"A\u00e7\u00e3o Legislativa","programa":"A\u00c7\u00c3O LEGISLATIVA","acao":"MANUTEN\u00c7\u00c3O DAS ATIVIDADES ADMINISTRATIVAS","ident_acao":"Atividade","cat_econ":"Despesa Corrente","natureza_despesa":"Outras Despesas Correntes","modalidade_despesa":"Aplica\u00e7\u00f5es Diretas","elemento_despesa":"Outros Servi\u00e7os de Terceiros - Pessoa Jur\u00eddica","sub_elem_desp":"SEM SUBELEMENTO","fonte_recurso":"Recursos do Exerc\u00edcio Corrente \/ Outros Recursos n\u00e3o Vinculados \/ -"},{"ano_emissao_emp":"2023","n_emp":"0000246","data_emissao":"30\/06\/2023","valor":"64.400,00","tipo_empenho":"Estimativo","hist_emp":"VALOR QUE SE EMPENHA PARA FAZER FACE AO PAGAMENTO DOS SERVI\u00c7OS DE ADMINISTRA\u00c7\u00c3O, GERENCIAMENTO E FORNECIMENTO DE CART\u00d5ES DE VALE REFEI\u00c7\u00c3O\/ALIMENTA\u00c7\u00c3O, ELETR\u00d4NICOS, EQUIPADO COM CHIP DE SEGURAN\u00c7A E COM SENHA INDIVIDUAL, PARA RECARGA MENSAL. CONFORME TERMO ADITIVO AO CONTRATO N\u00b0005\/2021 (PROCESSO DE LICITA\u00c7\u00c3O N\u00b0002\/2021 - PREG\u00c3O ELETR\u00d4NICO N\u00b0001\/2021) 2\u00ba ALTERE\u00c7\u00c3O.","fornecedor":"GIMAVE - MEIOS DE PAGAMENTOS E INFORMA\u00c7\u00d5ES LTDA","denom_uni_orc":"CORPO DELIBERATIVO E SECRETARIA","funcao":"Legislativa","sub_funcao":"A\u00e7\u00e3o Legislativa","programa":"A\u00c7\u00c3O LEGISLATIVA","acao":"INDENIZA\u00c7\u00d5ES E RESTITUI\u00c7\u00d5ES DIVERSAS (FMS)","ident_acao":"Atividade","cat_econ":"Despesa Corrente","natureza_despesa":"Outras Despesas Correntes","modalidade_despesa":"Aplica\u00e7\u00f5es Diretas","elemento_despesa":"Outros Servi\u00e7os de Terceiros - Pessoa Jur\u00eddica","sub_elem_desp":"SEM SUBELEMENTO","fonte_recurso":"Recursos do Exerc\u00edcio Corrente \/ Outros Recursos n\u00e3o Vinculados \/ -"},{"ano_emissao_emp":"2023","n_emp":"0000247","data_emissao":"04\/07\/2023","valor":"3.003,35","tipo_empenho":"Ordin\u00e1rio","hist_emp":"VALOR QUE SE EMPENHA PARA FAZER FACE \u00c0 AQUISI\u00c7\u00c3O DE 06 (SEIS) CADEIRAS DE ESCRIT\u00d3RIO PRESIDENCIAL GIRAT\u00d3RIA DESTINADAS AO CIDATEC ANEXO DESTA CASA DE LEI, CELEBRADO MEDIANTE DISPENSA DE LICITA\u00c7\u00c3O, COM FUNDAMENTO NO ARTIGO 24, INCISO 2\u00ba DA LEI 8.666\/93.","fornecedor":"MAGAZINE LUIZA S\/A","denom_uni_orc":"CORPO DELIBERATIVO E SECRETARIA","funcao":"Legislativa","sub_funcao":"A\u00e7\u00e3o Legislativa","programa":"A\u00c7\u00c3O LEGISLATIVA","acao":"(Emenda Impositiva do Vereador Jose Vando Bruna) CONSTRU\u00c7\u00c3O DE UMA PRA","ident_acao":"Atividade","cat_econ":"Despesa de Capital","natureza_despesa":"Investimentos","modalidade_despesa":"Aplica\u00e7\u00f5es Diretas","elemento_despesa":"Equipamentos e Material Permanente","sub_elem_desp":"OUTROS MATERIAIS PERMANENTES","fonte_recurso":"Recursos do Exerc\u00edcio Corrente \/ Outros Recursos n\u00e3o Vinculados \/ -"},{"ano_emissao_emp":"2023","n_emp":"0000247","data_emissao":"04\/07\/2023","valor":"3.003,35","tipo_empenho":"Ordin\u00e1rio","hist_emp":"VALOR QUE SE EMPENHA PARA FAZER FACE \u00c0 AQUISI\u00c7\u00c3O DE 06 (SEIS) CADEIRAS DE ESCRIT\u00d3RIO PRESIDENCIAL GIRAT\u00d3RIA DESTINADAS AO CIDATEC ANEXO DESTA CASA DE LEI, CELEBRADO MEDIANTE DISPENSA DE LICITA\u00c7\u00c3O, COM FUNDAMENTO NO ARTIGO 24, INCISO 2\u00ba DA LEI 8.666\/93.","fornecedor":"MAGAZINE LUIZA S\/A","denom_uni_orc":"CORPO DELIBERATIVO E SECRETARIA","funcao":"Legislativa","sub_funcao":"A\u00e7\u00e3o Legislativa","programa":"A\u00c7\u00c3O LEGISLATIVA","acao":"EQUIPAMENTOS, M\u00d3VEIS E UTENS\u00cdLIOS PARA O PROGRAMA INCLUS\u00c3O TECNOL\u00d3GICA","ident_acao":"Atividade","cat_econ":"Despesa de Capital","natureza_despesa":"Investimentos","modalidade_despesa":"Aplica\u00e7\u00f5es Diretas","elemento_despesa":"Equipamentos e Material Permanente","sub_elem_desp":"OUTROS MATERIAIS PERMANENTES","fonte_recurso":"Recursos do Exerc\u00edcio Corrente \/ Outros Recursos n\u00e3o Vinculados \/ -"},{"ano_emissao_emp":"2023","n_emp":"0000248","data_emissao":"04\/07\/2023","valor":"700,00","tipo_empenho":"Ordin\u00e1rio","hist_emp":"VALOR QUE SE EMPENHA PARA FAZER FACE \u00c0 CONTRATA\u00c7\u00c3O DOS SERVI\u00c7O DE APOIO E ORIENTA\u00c7\u00c3O T\u00c9CNICA NA CONDU\u00c7\u00c3O DA LICITA\u00c7\u00c3O 003\/2023 (AQUISI\u00c7\u00c3O DE COMPUTADORES E DEMAIS OBJETOS DE INFORM\u00c1TICA, NA PLATAFORMA BNC, CELEBRADO MEDIANTE DISPENSA DE LICITA\u00c7\u00c3O, COM FUNDAMENTO NO ARTIGO 24, INCISO 2\u00ba DA LEI 8.666\/93.","fornecedor":"GEANE MARIA BEZERRA","denom_uni_orc":"CORPO DELIBERATIVO E SECRETARIA","funcao":"Legislativa","sub_funcao":"A\u00e7\u00e3o Legislativa","programa":"A\u00c7\u00c3O LEGISLATIVA","acao":"AQUISI\u00c7\u00c3O DE M\u00d3VEIS, M\u00c1QUINAS E EQUIPAMENTOS DIVERSOS PARA O CONSELHO","ident_acao":"Atividade","cat_econ":"Despesa Corrente","natureza_despesa":"Outras Despesas Correntes","modalidade_despesa":"Aplica\u00e7\u00f5es Diretas","elemento_despesa":"Servi\u00e7os de Consultoria","sub_elem_desp":"SEM SUBELEMENTO","fonte_recurso":"Recursos do Exerc\u00edcio Corrente \/ Outros Recursos n\u00e3o Vinculados \/ -"},{"ano_emissao_emp":"2023","n_emp":"0000248","data_emissao":"04\/07\/2023","valor":"700,00","tipo_empenho":"Ordin\u00e1rio","hist_emp":"VALOR QUE SE EMPENHA PARA FAZER FACE \u00c0 CONTRATA\u00c7\u00c3O DOS SERVI\u00c7O DE APOIO E ORIENTA\u00c7\u00c3O T\u00c9CNICA NA CONDU\u00c7\u00c3O DA LICITA\u00c7\u00c3O 003\/2023 (AQUISI\u00c7\u00c3O DE COMPUTADORES E DEMAIS OBJETOS DE INFORM\u00c1TICA, NA PLATAFORMA BNC, CELEBRADO MEDIANTE DISPENSA DE LICITA\u00c7\u00c3O, COM FUNDAMENTO NO ARTIGO 24, INCISO 2\u00ba DA LEI 8.666\/93.","fornecedor":"GEANE MARIA BEZERRA","denom_uni_orc":"CORPO DELIBERATIVO E SECRETARIA","funcao":"Legislativa","sub_funcao":"A\u00e7\u00e3o Legislativa","programa":"A\u00c7\u00c3O LEGISLATIVA","acao":"MANUTEN\u00c7\u00c3O DAS ATIVIDADES ADMINISTRATIVAS","ident_acao":"Atividade","cat_econ":"Despesa Corrente","natureza_despesa":"Outras Despesas Correntes","modalidade_despesa":"Aplica\u00e7\u00f5es Diretas","elemento_despesa":"Servi\u00e7os de Consultoria","sub_elem_desp":"SEM SUBELEMENTO","fonte_recurso":"Recursos do Exerc\u00edcio Corrente \/ Outros Recursos n\u00e3o Vinculados \/ -"},{"ano_emissao_emp":"2023","n_emp":"0000248","data_emissao":"04\/07\/2023","valor":"700,00","tipo_empenho":"Ordin\u00e1rio","hist_emp":"VALOR QUE SE EMPENHA PARA FAZER FACE \u00c0 CONTRATA\u00c7\u00c3O DOS SERVI\u00c7O DE APOIO E ORIENTA\u00c7\u00c3O T\u00c9CNICA NA CONDU\u00c7\u00c3O DA LICITA\u00c7\u00c3O 003\/2023 (AQUISI\u00c7\u00c3O DE COMPUTADORES E DEMAIS OBJETOS DE INFORM\u00c1TICA, NA PLATAFORMA BNC, CELEBRADO MEDIANTE DISPENSA DE LICITA\u00c7\u00c3O, COM FUNDAMENTO NO ARTIGO 24, INCISO 2\u00ba DA LEI 8.666\/93.","fornecedor":"GEANE MARIA BEZERRA","denom_uni_orc":"CORPO DELIBERATIVO E SECRETARIA","funcao":"Legislativa","sub_funcao":"A\u00e7\u00e3o Legislativa","programa":"A\u00c7\u00c3O LEGISLATIVA","acao":"INDENIZA\u00c7\u00d5ES E RESTITUI\u00c7\u00d5ES DIVERSAS (FMS)","ident_acao":"Atividade","cat_econ":"Despesa Corrente","natureza_despesa":"Outras Despesas Correntes","modalidade_despesa":"Aplica\u00e7\u00f5es Diretas","elemento_despesa":"Servi\u00e7os de Consultoria","sub_elem_desp":"SEM SUBELEMENTO","fonte_recurso":"Recursos do Exerc\u00edcio Corrente \/ Outros Recursos n\u00e3o Vinculados \/ -"},{"ano_emissao_emp":"2023","n_emp":"0000249","data_emissao":"04\/07\/2023","valor":"73,80","tipo_empenho":"Ordin\u00e1rio","hist_emp":"VALOR QUE SE EMPENHA PARA FAZER FACE A AQUISI\u00c7\u00c3O DE 02 (DOIS) FILTROS DE LINHA COM CINCO TOMADAS CADA UM, OS ITENS S\u00c3O EXTREMAMENTE IMPORTANTES PARA PROTEGER DISPOSITIVOS ELETR\u00d4NICOS, ASSIM, EM PICOS REPETIDOS DE ENERGIA OS DISPOSITIVOS EST\u00c3O SEGUROS, CELEBRADO MEDIANTE DISPENSA DE LICITA\u00c7\u00c3O, COM FUNDAMENTO NO ARTIGO 24, INCISO 2\u00ba DA LEI 8.666\/93.","fornecedor":"JCL LAJES E MATERIAIS PARA CONSTRU\u00c7\u00c3O LTDA","denom_uni_orc":"CORPO DELIBERATIVO E SECRETARIA","funcao":"Legislativa","sub_funcao":"A\u00e7\u00e3o Legislativa","programa":"A\u00c7\u00c3O LEGISLATIVA","acao":"AQUISI\u00c7\u00c3O DE M\u00d3VEIS, M\u00c1QUINAS E EQUIPAMENTOS DIVERSOS PARA O CONSELHO","ident_acao":"Atividade","cat_econ":"Despesa Corrente","natureza_despesa":"Outras Despesas Correntes","modalidade_despesa":"Aplica\u00e7\u00f5es Diretas","elemento_despesa":"Material de Consumo","sub_elem_desp":"SEM SUBELEMENTO","fonte_recurso":"Recursos do Exerc\u00edcio Corrente \/ Outros Recursos n\u00e3o Vinculados \/ -"},{"ano_emissao_emp":"2023","n_emp":"0000249","data_emissao":"04\/07\/2023","valor":"73,80","tipo_empenho":"Ordin\u00e1rio","hist_emp":"VALOR QUE SE EMPENHA PARA FAZER FACE A AQUISI\u00c7\u00c3O DE 02 (DOIS) FILTROS DE LINHA COM CINCO TOMADAS CADA UM, OS ITENS S\u00c3O EXTREMAMENTE IMPORTANTES PARA PROTEGER DISPOSITIVOS ELETR\u00d4NICOS, ASSIM, EM PICOS REPETIDOS DE ENERGIA OS DISPOSITIVOS EST\u00c3O SEGUROS, CELEBRADO MEDIANTE DISPENSA DE LICITA\u00c7\u00c3O, COM FUNDAMENTO NO ARTIGO 24, INCISO 2\u00ba DA LEI 8.666\/93.","fornecedor":"JCL LAJES E MATERIAIS PARA CONSTRU\u00c7\u00c3O LTDA","denom_uni_orc":"CORPO DELIBERATIVO E SECRETARIA","funcao":"Legislativa","sub_funcao":"A\u00e7\u00e3o Legislativa","programa":"A\u00c7\u00c3O LEGISLATIVA","acao":"MANUTEN\u00c7\u00c3O DAS ATIVIDADES ADMINISTRATIVAS","ident_acao":"Atividade","cat_econ":"Despesa Corrente","natureza_despesa":"Outras Despesas Correntes","modalidade_despesa":"Aplica\u00e7\u00f5es Diretas","elemento_despesa":"Material de Consumo","sub_elem_desp":"SEM SUBELEMENTO","fonte_recurso":"Recursos do Exerc\u00edcio Corrente \/ Outros Recursos n\u00e3o Vinculados \/ -"},{"ano_emissao_emp":"2023","n_emp":"0000249","data_emissao":"04\/07\/2023","valor":"73,80","tipo_empenho":"Ordin\u00e1rio","hist_emp":"VALOR QUE SE EMPENHA PARA FAZER FACE A AQUISI\u00c7\u00c3O DE 02 (DOIS) FILTROS DE LINHA COM CINCO TOMADAS CADA UM, OS ITENS S\u00c3O EXTREMAMENTE IMPORTANTES PARA PROTEGER DISPOSITIVOS ELETR\u00d4NICOS, ASSIM, EM PICOS REPETIDOS DE ENERGIA OS DISPOSITIVOS EST\u00c3O SEGUROS, CELEBRADO MEDIANTE DISPENSA DE LICITA\u00c7\u00c3O, COM FUNDAMENTO NO ARTIGO 24, INCISO 2\u00ba DA LEI 8.666\/93.","fornecedor":"JCL LAJES E MATERIAIS PARA CONSTRU\u00c7\u00c3O LTDA","denom_uni_orc":"CORPO DELIBERATIVO E SECRETARIA","funcao":"Legislativa","sub_funcao":"A\u00e7\u00e3o Legislativa","programa":"A\u00c7\u00c3O LEGISLATIVA","acao":"INDENIZA\u00c7\u00d5ES E RESTITUI\u00c7\u00d5ES DIVERSAS (FMS)","ident_acao":"Atividade","cat_econ":"Despesa Corrente","natureza_despesa":"Outras Despesas Correntes","modalidade_despesa":"Aplica\u00e7\u00f5es Diretas","elemento_despesa":"Material de Consumo","sub_elem_desp":"SEM SUBELEMENTO","fonte_recurso":"Recursos do Exerc\u00edcio Corrente \/ Outros Recursos n\u00e3o Vinculados \/ -"},{"ano_emissao_emp":"2023","n_emp":"0000250","data_emissao":"04\/07\/2023","valor":"30,00","tipo_empenho":"Ordin\u00e1rio","hist_emp":"VALOR QUE SE EMPENHA PARA FAZER FACE A CUSTEIO DE CONFEC\u00c7\u00c3O DE 01 (UM) ADESIVO DE IDENTIFICA\u00c7\u00c3O DA SALA DE T.I. CONFORME SOLICITA\u00c7\u00c3O EM ENEXO, COM FUNDAMENTO NO ARTIGO 24, INCISO 2\u00ba DA LEI 8.666\/93.","fornecedor":"SIGN COMUNICA\u00c7\u00c3O VISUAL LTDA","denom_uni_orc":"CORPO DELIBERATIVO E SECRETARIA","funcao":"Legislativa","sub_funcao":"A\u00e7\u00e3o Legislativa","programa":"A\u00c7\u00c3O LEGISLATIVA","acao":"AQUISI\u00c7\u00c3O DE M\u00d3VEIS, M\u00c1QUINAS E EQUIPAMENTOS DIVERSOS PARA O CONSELHO","ident_acao":"Atividade","cat_econ":"Despesa Corrente","natureza_despesa":"Outras Despesas Correntes","modalidade_despesa":"Aplica\u00e7\u00f5es Diretas","elemento_despesa":"Material de Consumo","sub_elem_desp":"SEM SUBELEMENTO","fonte_recurso":"Recursos do Exerc\u00edcio Corrente \/ Outros Recursos n\u00e3o Vinculados \/ -"},{"ano_emissao_emp":"2023","n_emp":"0000250","data_emissao":"04\/07\/2023","valor":"30,00","tipo_empenho":"Ordin\u00e1rio","hist_emp":"VALOR QUE SE EMPENHA PARA FAZER FACE A CUSTEIO DE CONFEC\u00c7\u00c3O DE 01 (UM) ADESIVO DE IDENTIFICA\u00c7\u00c3O DA SALA DE T.I. CONFORME SOLICITA\u00c7\u00c3O EM ENEXO, COM FUNDAMENTO NO ARTIGO 24, INCISO 2\u00ba DA LEI 8.666\/93.","fornecedor":"SIGN COMUNICA\u00c7\u00c3O VISUAL LTDA","denom_uni_orc":"CORPO DELIBERATIVO E SECRETARIA","funcao":"Legislativa","sub_funcao":"A\u00e7\u00e3o Legislativa","programa":"A\u00c7\u00c3O LEGISLATIVA","acao":"MANUTEN\u00c7\u00c3O DAS ATIVIDADES ADMINISTRATIVAS","ident_acao":"Atividade","cat_econ":"Despesa Corrente","natureza_despesa":"Outras Despesas Correntes","modalidade_despesa":"Aplica\u00e7\u00f5es Diretas","elemento_despesa":"Material de Consumo","sub_elem_desp":"SEM SUBELEMENTO","fonte_recurso":"Recursos do Exerc\u00edcio Corrente \/ Outros Recursos n\u00e3o Vinculados \/ -"},{"ano_emissao_emp":"2023","n_emp":"0000250","data_emissao":"04\/07\/2023","valor":"30,00","tipo_empenho":"Ordin\u00e1rio","hist_emp":"VALOR QUE SE EMPENHA PARA FAZER FACE A CUSTEIO DE CONFEC\u00c7\u00c3O DE 01 (UM) ADESIVO DE IDENTIFICA\u00c7\u00c3O DA SALA DE T.I. CONFORME SOLICITA\u00c7\u00c3O EM ENEXO, COM FUNDAMENTO NO ARTIGO 24, INCISO 2\u00ba DA LEI 8.666\/93.","fornecedor":"SIGN COMUNICA\u00c7\u00c3O VISUAL LTDA","denom_uni_orc":"CORPO DELIBERATIVO E SECRETARIA","funcao":"Legislativa","sub_funcao":"A\u00e7\u00e3o Legislativa","programa":"A\u00c7\u00c3O LEGISLATIVA","acao":"INDENIZA\u00c7\u00d5ES E RESTITUI\u00c7\u00d5ES DIVERSAS (FMS)","ident_acao":"Atividade","cat_econ":"Despesa Corrente","natureza_despesa":"Outras Despesas Correntes","modalidade_despesa":"Aplica\u00e7\u00f5es Diretas","elemento_despesa":"Material de Consumo","sub_elem_desp":"SEM SUBELEMENTO","fonte_recurso":"Recursos do Exerc\u00edcio Corrente \/ Outros Recursos n\u00e3o Vinculados \/ -"},{"ano_emissao_emp":"2023","n_emp":"0000251","data_emissao":"04\/07\/2023","valor":"17,00","tipo_empenho":"Ordin\u00e1rio","hist_emp":"VALOR QUE SE EMPENHA PARA FAZER FACE A AQUISI\u00c7\u00c3O DE ORGANIZADOR COM 05 (CINCO) DIVIS\u00d3RIAS PARA A SEPARA\u00c7\u00c3O DAS IDENTIDADES A SEREM ENTREGUES NO CIDATEC, AS DIVIS\u00d3RIAS SER\u00c3O UTILIZADAS PARA ARMAZENAR AS CARTEIRAS DE IDENTIDADES J\u00c1 EMITIDAS E PRONTAS PARA ENTREGA, CELEBRADO MEDIANTE DISPENSA DE LICITA\u00c7\u00c3O, COM FUNDAMENTO NO ARTIGO 24, INCISO 2\u00ba DA LEI 8.666\/93.","fornecedor":"REMENS DE BRITO GONCALVES-SANTA CRUZ","denom_uni_orc":"CORPO DELIBERATIVO E SECRETARIA","funcao":"Legislativa","sub_funcao":"A\u00e7\u00e3o Legislativa","programa":"A\u00c7\u00c3O LEGISLATIVA","acao":"AQUISI\u00c7\u00c3O DE M\u00d3VEIS, M\u00c1QUINAS E EQUIPAMENTOS DIVERSOS PARA O CONSELHO","ident_acao":"Atividade","cat_econ":"Despesa Corrente","natureza_despesa":"Outras Despesas Correntes","modalidade_despesa":"Aplica\u00e7\u00f5es Diretas","elemento_despesa":"Material de Consumo","sub_elem_desp":"SEM SUBELEMENTO","fonte_recurso":"Recursos do Exerc\u00edcio Corrente \/ Outros Recursos n\u00e3o Vinculados \/ -"},{"ano_emissao_emp":"2023","n_emp":"0000251","data_emissao":"04\/07\/2023","valor":"17,00","tipo_empenho":"Ordin\u00e1rio","hist_emp":"VALOR QUE SE EMPENHA PARA FAZER FACE A AQUISI\u00c7\u00c3O DE ORGANIZADOR COM 05 (CINCO) DIVIS\u00d3RIAS PARA A SEPARA\u00c7\u00c3O DAS IDENTIDADES A SEREM ENTREGUES NO CIDATEC, AS DIVIS\u00d3RIAS SER\u00c3O UTILIZADAS PARA ARMAZENAR AS CARTEIRAS DE IDENTIDADES J\u00c1 EMITIDAS E PRONTAS PARA ENTREGA, CELEBRADO MEDIANTE DISPENSA DE LICITA\u00c7\u00c3O, COM FUNDAMENTO NO ARTIGO 24, INCISO 2\u00ba DA LEI 8.666\/93.","fornecedor":"REMENS DE BRITO GONCALVES-SANTA CRUZ","denom_uni_orc":"CORPO DELIBERATIVO E SECRETARIA","funcao":"Legislativa","sub_funcao":"A\u00e7\u00e3o Legislativa","programa":"A\u00c7\u00c3O LEGISLATIVA","acao":"MANUTEN\u00c7\u00c3O DAS ATIVIDADES ADMINISTRATIVAS","ident_acao":"Atividade","cat_econ":"Despesa Corrente","natureza_despesa":"Outras Despesas Correntes","modalidade_despesa":"Aplica\u00e7\u00f5es Diretas","elemento_despesa":"Material de Consumo","sub_elem_desp":"SEM SUBELEMENTO","fonte_recurso":"Recursos do Exerc\u00edcio Corrente \/ Outros Recursos n\u00e3o Vinculados \/ -"},{"ano_emissao_emp":"2023","n_emp":"0000251","data_emissao":"04\/07\/2023","valor":"17,00","tipo_empenho":"Ordin\u00e1rio","hist_emp":"VALOR QUE SE EMPENHA PARA FAZER FACE A AQUISI\u00c7\u00c3O DE ORGANIZADOR COM 05 (CINCO) DIVIS\u00d3RIAS PARA A SEPARA\u00c7\u00c3O DAS IDENTIDADES A SEREM ENTREGUES NO CIDATEC, AS DIVIS\u00d3RIAS SER\u00c3O UTILIZADAS PARA ARMAZENAR AS CARTEIRAS DE IDENTIDADES J\u00c1 EMITIDAS E PRONTAS PARA ENTREGA, CELEBRADO MEDIANTE DISPENSA DE LICITA\u00c7\u00c3O, COM FUNDAMENTO NO ARTIGO 24, INCISO 2\u00ba DA LEI 8.666\/93.","fornecedor":"REMENS DE BRITO GONCALVES-SANTA CRUZ","denom_uni_orc":"CORPO DELIBERATIVO E SECRETARIA","funcao":"Legislativa","sub_funcao":"A\u00e7\u00e3o Legislativa","programa":"A\u00c7\u00c3O LEGISLATIVA","acao":"INDENIZA\u00c7\u00d5ES E RESTITUI\u00c7\u00d5ES DIVERSAS (FMS)","ident_acao":"Atividade","cat_econ":"Despesa Corrente","natureza_despesa":"Outras Despesas Correntes","modalidade_despesa":"Aplica\u00e7\u00f5es Diretas","elemento_despesa":"Material de Consumo","sub_elem_desp":"SEM SUBELEMENTO","fonte_recurso":"Recursos do Exerc\u00edcio Corrente \/ Outros Recursos n\u00e3o Vinculados \/ -"},{"ano_emissao_emp":"2023","n_emp":"0000252","data_emissao":"05\/07\/2023","valor":"883,68","tipo_empenho":"Ordin\u00e1rio","hist_emp":"VALOR QUE SE EMPENHA PARA FAZER FACE A AQUISI\u00c7\u00c3O DE PRODUTOS DE CONSUMO PARA O FUNCIONAMENTO DA COPA E COZINHA DESTA CASA LEGISLATIVA, CELEBRADO MEDIANTE DISPENSA DE LICITA\u00c7\u00c3O, COM FUNDAMENTO NO ARTIGO 24, INCISO 2\u00ba DA LEI 8.666\/93.","fornecedor":"LOPES & FONSECA CIA LTDA","denom_uni_orc":"CORPO DELIBERATIVO E SECRETARIA","funcao":"Legislativa","sub_funcao":"A\u00e7\u00e3o Legislativa","programa":"A\u00c7\u00c3O LEGISLATIVA","acao":"AQUISI\u00c7\u00c3O DE M\u00d3VEIS, M\u00c1QUINAS E EQUIPAMENTOS DIVERSOS PARA O CONSELHO","ident_acao":"Atividade","cat_econ":"Despesa Corrente","natureza_despesa":"Outras Despesas Correntes","modalidade_despesa":"Aplica\u00e7\u00f5es Diretas","elemento_despesa":"Material de Consumo","sub_elem_desp":"MATERIAL DE COPA E COZINHA","fonte_recurso":"Recursos do Exerc\u00edcio Corrente \/ Outros Recursos n\u00e3o Vinculados \/ -"},{"ano_emissao_emp":"2023","n_emp":"0000252","data_emissao":"05\/07\/2023","valor":"883,68","tipo_empenho":"Ordin\u00e1rio","hist_emp":"VALOR QUE SE EMPENHA PARA FAZER FACE A AQUISI\u00c7\u00c3O DE PRODUTOS DE CONSUMO PARA O FUNCIONAMENTO DA COPA E COZINHA DESTA CASA LEGISLATIVA, CELEBRADO MEDIANTE DISPENSA DE LICITA\u00c7\u00c3O, COM FUNDAMENTO NO ARTIGO 24, INCISO 2\u00ba DA LEI 8.666\/93.","fornecedor":"LOPES & FONSECA CIA LTDA","denom_uni_orc":"CORPO DELIBERATIVO E SECRETARIA","funcao":"Legislativa","sub_funcao":"A\u00e7\u00e3o Legislativa","programa":"A\u00c7\u00c3O LEGISLATIVA","acao":"MANUTEN\u00c7\u00c3O DAS ATIVIDADES ADMINISTRATIVAS","ident_acao":"Atividade","cat_econ":"Despesa Corrente","natureza_despesa":"Outras Despesas Correntes","modalidade_despesa":"Aplica\u00e7\u00f5es Diretas","elemento_despesa":"Material de Consumo","sub_elem_desp":"MATERIAL DE COPA E COZINHA","fonte_recurso":"Recursos do Exerc\u00edcio Corrente \/ Outros Recursos n\u00e3o Vinculados \/ -"},{"ano_emissao_emp":"2023","n_emp":"0000252","data_emissao":"05\/07\/2023","valor":"883,68","tipo_empenho":"Ordin\u00e1rio","hist_emp":"VALOR QUE SE EMPENHA PARA FAZER FACE A AQUISI\u00c7\u00c3O DE PRODUTOS DE CONSUMO PARA O FUNCIONAMENTO DA COPA E COZINHA DESTA CASA LEGISLATIVA, CELEBRADO MEDIANTE DISPENSA DE LICITA\u00c7\u00c3O, COM FUNDAMENTO NO ARTIGO 24, INCISO 2\u00ba DA LEI 8.666\/93.","fornecedor":"LOPES & FONSECA CIA LTDA","denom_uni_orc":"CORPO DELIBERATIVO E SECRETARIA","funcao":"Legislativa","sub_funcao":"A\u00e7\u00e3o Legislativa","programa":"A\u00c7\u00c3O LEGISLATIVA","acao":"INDENIZA\u00c7\u00d5ES E RESTITUI\u00c7\u00d5ES DIVERSAS (FMS)","ident_acao":"Atividade","cat_econ":"Despesa Corrente","natureza_despesa":"Outras Despesas Correntes","modalidade_despesa":"Aplica\u00e7\u00f5es Diretas","elemento_despesa":"Material de Consumo","sub_elem_desp":"MATERIAL DE COPA E COZINHA","fonte_recurso":"Recursos do Exerc\u00edcio Corrente \/ Outros Recursos n\u00e3o Vinculados \/ -"},{"ano_emissao_emp":"2023","n_emp":"0000253","data_emissao":"05\/07\/2023","valor":"1.591,50","tipo_empenho":"Ordin\u00e1rio","hist_emp":"VALOR QUE SE EMPENHA PARA FAZER FACE A CUSTEIO COM AQUISI\u00c7\u00c3O DE  MATERIAL DE LIMPESA RELACIONADOS NO OF\u00cdCIO DE SOLICIT\u00c7\u00c3O DE EMPENHO 091-2023 SECOM  PARA ESTA CASA LEGISLATIVA E SEU ANEXO (CIDATEC), CELEBRADO MEDIANTE DISPENSA DE LICITA\u00c7\u00c3O, COM FUNDAMENTO NO ARTIGO 24, INCISO 2\u00ba DA LEI 8.666\/93.","fornecedor":"IVONALDO SEVERINO DA SILVA","denom_uni_orc":"CORPO DELIBERATIVO E SECRETARIA","funcao":"Legislativa","sub_funcao":"A\u00e7\u00e3o Legislativa","programa":"A\u00c7\u00c3O LEGISLATIVA","acao":"AQUISI\u00c7\u00c3O DE M\u00d3VEIS, M\u00c1QUINAS E EQUIPAMENTOS DIVERSOS PARA O CONSELHO","ident_acao":"Atividade","cat_econ":"Despesa Corrente","natureza_despesa":"Outras Despesas Correntes","modalidade_despesa":"Aplica\u00e7\u00f5es Diretas","elemento_despesa":"Material de Consumo","sub_elem_desp":"SEM SUBELEMENTO","fonte_recurso":"Recursos do Exerc\u00edcio Corrente \/ Outros Recursos n\u00e3o Vinculados \/ -"},{"ano_emissao_emp":"2023","n_emp":"0000253","data_emissao":"05\/07\/2023","valor":"1.591,50","tipo_empenho":"Ordin\u00e1rio","hist_emp":"VALOR QUE SE EMPENHA PARA FAZER FACE A CUSTEIO COM AQUISI\u00c7\u00c3O DE  MATERIAL DE LIMPESA RELACIONADOS NO OF\u00cdCIO DE SOLICIT\u00c7\u00c3O DE EMPENHO 091-2023 SECOM  PARA ESTA CASA LEGISLATIVA E SEU ANEXO (CIDATEC), CELEBRADO MEDIANTE DISPENSA DE LICITA\u00c7\u00c3O, COM FUNDAMENTO NO ARTIGO 24, INCISO 2\u00ba DA LEI 8.666\/93.","fornecedor":"IVONALDO SEVERINO DA SILVA","denom_uni_orc":"CORPO DELIBERATIVO E SECRETARIA","funcao":"Legislativa","sub_funcao":"A\u00e7\u00e3o Legislativa","programa":"A\u00c7\u00c3O LEGISLATIVA","acao":"MANUTEN\u00c7\u00c3O DAS ATIVIDADES ADMINISTRATIVAS","ident_acao":"Atividade","cat_econ":"Despesa Corrente","natureza_despesa":"Outras Despesas Correntes","modalidade_despesa":"Aplica\u00e7\u00f5es Diretas","elemento_despesa":"Material de Consumo","sub_elem_desp":"SEM SUBELEMENTO","fonte_recurso":"Recursos do Exerc\u00edcio Corrente \/ Outros Recursos n\u00e3o Vinculados \/ -"},{"ano_emissao_emp":"2023","n_emp":"0000253","data_emissao":"05\/07\/2023","valor":"1.591,50","tipo_empenho":"Ordin\u00e1rio","hist_emp":"VALOR QUE SE EMPENHA PARA FAZER FACE A CUSTEIO COM AQUISI\u00c7\u00c3O DE  MATERIAL DE LIMPESA RELACIONADOS NO OF\u00cdCIO DE SOLICIT\u00c7\u00c3O DE EMPENHO 091-2023 SECOM  PARA ESTA CASA LEGISLATIVA E SEU ANEXO (CIDATEC), CELEBRADO MEDIANTE DISPENSA DE LICITA\u00c7\u00c3O, COM FUNDAMENTO NO ARTIGO 24, INCISO 2\u00ba DA LEI 8.666\/93.","fornecedor":"IVONALDO SEVERINO DA SILVA","denom_uni_orc":"CORPO DELIBERATIVO E SECRETARIA","funcao":"Legislativa","sub_funcao":"A\u00e7\u00e3o Legislativa","programa":"A\u00c7\u00c3O LEGISLATIVA","acao":"INDENIZA\u00c7\u00d5ES E RESTITUI\u00c7\u00d5ES DIVERSAS (FMS)","ident_acao":"Atividade","cat_econ":"Despesa Corrente","natureza_despesa":"Outras Despesas Correntes","modalidade_despesa":"Aplica\u00e7\u00f5es Diretas","elemento_despesa":"Material de Consumo","sub_elem_desp":"SEM SUBELEMENTO","fonte_recurso":"Recursos do Exerc\u00edcio Corrente \/ Outros Recursos n\u00e3o Vinculados \/ -"},{"ano_emissao_emp":"2023","n_emp":"0000254","data_emissao":"10\/07\/2023","valor":"11.580,00","tipo_empenho":"Global","hist_emp":"VALOR QUE SE EMPENHA PARA FAZER FACE A CONTRATA\u00c7\u00c3O DE EMPRESA PARA GERENCIAMENTO DE SISTEMA BANCO DE PRE\u00c7O. O OBJETIVO \u00c9 IMPLEMENTAR UMA PLATAFORMA ONLINE QUE CENTRALIZE INFORMA\u00c7\u00d5ES DE PRE\u00c7OS DE PRODUTOS E SERVI\u00c7OS. O SISTEMA FACILITAR\u00c1 A PESQUISA E COMPARA\u00c7\u00c3O DE VALORES, VISANDO MAIOR TRANSPAR\u00caNCIA E EFICI\u00caNCIA NAS COMPRAS DESTA CASA DE LEI. A CONTRATA\u00c7\u00c3O SER\u00c1 CELEBRADA MEDIANTE DISPENSA DE LICITA\u00c7\u00c3O, COM BASE NO ARTIGO 24, INCISO 2\u00ba DA LEI 8.666\/93.","fornecedor":"NP TECNOLOGIA E GESTAO DE DADOS LTDA","denom_uni_orc":"CORPO DELIBERATIVO E SECRETARIA","funcao":"Legislativa","sub_funcao":"A\u00e7\u00e3o Legislativa","programa":"A\u00c7\u00c3O LEGISLATIVA","acao":"AQUISI\u00c7\u00c3O DE M\u00d3VEIS, M\u00c1QUINAS E EQUIPAMENTOS DIVERSOS PARA O CONSELHO","ident_acao":"Atividade","cat_econ":"Despesa Corrente","natureza_despesa":"Outras Despesas Correntes","modalidade_despesa":"Aplica\u00e7\u00f5es Diretas","elemento_despesa":"Outros Servi\u00e7os de Terceiros - Pessoa Jur\u00eddica","sub_elem_desp":"SEM SUBELEMENTO","fonte_recurso":"Recursos do Exerc\u00edcio Corrente \/ Outros Recursos n\u00e3o Vinculados \/ -"},{"ano_emissao_emp":"2023","n_emp":"0000254","data_emissao":"10\/07\/2023","valor":"11.580,00","tipo_empenho":"Global","hist_emp":"VALOR QUE SE EMPENHA PARA FAZER FACE A CONTRATA\u00c7\u00c3O DE EMPRESA PARA GERENCIAMENTO DE SISTEMA BANCO DE PRE\u00c7O. O OBJETIVO \u00c9 IMPLEMENTAR UMA PLATAFORMA ONLINE QUE CENTRALIZE INFORMA\u00c7\u00d5ES DE PRE\u00c7OS DE PRODUTOS E SERVI\u00c7OS. O SISTEMA FACILITAR\u00c1 A PESQUISA E COMPARA\u00c7\u00c3O DE VALORES, VISANDO MAIOR TRANSPAR\u00caNCIA E EFICI\u00caNCIA NAS COMPRAS DESTA CASA DE LEI. A CONTRATA\u00c7\u00c3O SER\u00c1 CELEBRADA MEDIANTE DISPENSA DE LICITA\u00c7\u00c3O, COM BASE NO ARTIGO 24, INCISO 2\u00ba DA LEI 8.666\/93.","fornecedor":"NP TECNOLOGIA E GESTAO DE DADOS LTDA","denom_uni_orc":"CORPO DELIBERATIVO E SECRETARIA","funcao":"Legislativa","sub_funcao":"A\u00e7\u00e3o Legislativa","programa":"A\u00c7\u00c3O LEGISLATIVA","acao":"MANUTEN\u00c7\u00c3O DAS ATIVIDADES ADMINISTRATIVAS","ident_acao":"Atividade","cat_econ":"Despesa Corrente","natureza_despesa":"Outras Despesas Correntes","modalidade_despesa":"Aplica\u00e7\u00f5es Diretas","elemento_despesa":"Outros Servi\u00e7os de Terceiros - Pessoa Jur\u00eddica","sub_elem_desp":"SEM SUBELEMENTO","fonte_recurso":"Recursos do Exerc\u00edcio Corrente \/ Outros Recursos n\u00e3o Vinculados \/ -"},{"ano_emissao_emp":"2023","n_emp":"0000254","data_emissao":"10\/07\/2023","valor":"11.580,00","tipo_empenho":"Global","hist_emp":"VALOR QUE SE EMPENHA PARA FAZER FACE A CONTRATA\u00c7\u00c3O DE EMPRESA PARA GERENCIAMENTO DE SISTEMA BANCO DE PRE\u00c7O. O OBJETIVO \u00c9 IMPLEMENTAR UMA PLATAFORMA ONLINE QUE CENTRALIZE INFORMA\u00c7\u00d5ES DE PRE\u00c7OS DE PRODUTOS E SERVI\u00c7OS. O SISTEMA FACILITAR\u00c1 A PESQUISA E COMPARA\u00c7\u00c3O DE VALORES, VISANDO MAIOR TRANSPAR\u00caNCIA E EFICI\u00caNCIA NAS COMPRAS DESTA CASA DE LEI. A CONTRATA\u00c7\u00c3O SER\u00c1 CELEBRADA MEDIANTE DISPENSA DE LICITA\u00c7\u00c3O, COM BASE NO ARTIGO 24, INCISO 2\u00ba DA LEI 8.666\/93.","fornecedor":"NP TECNOLOGIA E GESTAO DE DADOS LTDA","denom_uni_orc":"CORPO DELIBERATIVO E SECRETARIA","funcao":"Legislativa","sub_funcao":"A\u00e7\u00e3o Legislativa","programa":"A\u00c7\u00c3O LEGISLATIVA","acao":"INDENIZA\u00c7\u00d5ES E RESTITUI\u00c7\u00d5ES DIVERSAS (FMS)","ident_acao":"Atividade","cat_econ":"Despesa Corrente","natureza_despesa":"Outras Despesas Correntes","modalidade_despesa":"Aplica\u00e7\u00f5es Diretas","elemento_despesa":"Outros Servi\u00e7os de Terceiros - Pessoa Jur\u00eddica","sub_elem_desp":"SEM SUBELEMENTO","fonte_recurso":"Recursos do Exerc\u00edcio Corrente \/ Outros Recursos n\u00e3o Vinculados \/ -"},{"ano_emissao_emp":"2023","n_emp":"0000255","data_emissao":"10\/07\/2023","valor":"506,00","tipo_empenho":"Ordin\u00e1rio","hist_emp":"VALOR QUE SE EMPENHA PARA FAZER FACE AO PAGAMENTO DO AUX\u00cdLIO-TRANSPORTE DO M\u00caS DE JULHO QUE SER\u00c1 CREDITADO EM CART\u00c3O CORPORATIVO DO SERVIDORE DESTA CASA DE LEGISLATIVA SAULO CORREIA DE ALBUQUERQUE CART\u00c3O N\u00daMERO 2.208.349.662, CEDIDO PELA EMPRESA LOGO TRANSPORTES LTDA, CONFORME ARTIGO 50, INCISO II E ARTIGO 51 DA LEI MUNICIPAL 923\/1990, ASSIM COMO DISP\u00d5E A PORTARIA 78\/2023, CELEBRADO MEDIANTE DISPENSA DE LICITA\u00c7\u00c3O, COM FUNDAMENTO NO ARTIGO 24, INCISO 2\u00ba DA LEI 8.666\/93.","fornecedor":"LOGO TRANSPORTES LTDA","denom_uni_orc":"CORPO DELIBERATIVO E SECRETARIA","funcao":"Legislativa","sub_funcao":"A\u00e7\u00e3o Legislativa","programa":"A\u00c7\u00c3O LEGISLATIVA","acao":"AQUISI\u00c7\u00c3O DE M\u00d3VEIS, M\u00c1QUINAS E EQUIPAMENTOS DIVERSOS PARA O CONSELHO","ident_acao":"Atividade","cat_econ":"Despesa Corrente","natureza_despesa":"Outras Despesas Correntes","modalidade_despesa":"Aplica\u00e7\u00f5es Diretas","elemento_despesa":"Outros Servi\u00e7os de Terceiros - Pessoa Jur\u00eddica","sub_elem_desp":"SEM SUBELEMENTO","fonte_recurso":"Recursos do Exerc\u00edcio Corrente \/ Outros Recursos n\u00e3o Vinculados \/ -"},{"ano_emissao_emp":"2023","n_emp":"0000255","data_emissao":"10\/07\/2023","valor":"506,00","tipo_empenho":"Ordin\u00e1rio","hist_emp":"VALOR QUE SE EMPENHA PARA FAZER FACE AO PAGAMENTO DO AUX\u00cdLIO-TRANSPORTE DO M\u00caS DE JULHO QUE SER\u00c1 CREDITADO EM CART\u00c3O CORPORATIVO DO SERVIDORE DESTA CASA DE LEGISLATIVA SAULO CORREIA DE ALBUQUERQUE CART\u00c3O N\u00daMERO 2.208.349.662, CEDIDO PELA EMPRESA LOGO TRANSPORTES LTDA, CONFORME ARTIGO 50, INCISO II E ARTIGO 51 DA LEI MUNICIPAL 923\/1990, ASSIM COMO DISP\u00d5E A PORTARIA 78\/2023, CELEBRADO MEDIANTE DISPENSA DE LICITA\u00c7\u00c3O, COM FUNDAMENTO NO ARTIGO 24, INCISO 2\u00ba DA LEI 8.666\/93.","fornecedor":"LOGO TRANSPORTES LTDA","denom_uni_orc":"CORPO DELIBERATIVO E SECRETARIA","funcao":"Legislativa","sub_funcao":"A\u00e7\u00e3o Legislativa","programa":"A\u00c7\u00c3O LEGISLATIVA","acao":"MANUTEN\u00c7\u00c3O DAS ATIVIDADES ADMINISTRATIVAS","ident_acao":"Atividade","cat_econ":"Despesa Corrente","natureza_despesa":"Outras Despesas Correntes","modalidade_despesa":"Aplica\u00e7\u00f5es Diretas","elemento_despesa":"Outros Servi\u00e7os de Terceiros - Pessoa Jur\u00eddica","sub_elem_desp":"SEM SUBELEMENTO","fonte_recurso":"Recursos do Exerc\u00edcio Corrente \/ Outros Recursos n\u00e3o Vinculados \/ -"},{"ano_emissao_emp":"2023","n_emp":"0000255","data_emissao":"10\/07\/2023","valor":"506,00","tipo_empenho":"Ordin\u00e1rio","hist_emp":"VALOR QUE SE EMPENHA PARA FAZER FACE AO PAGAMENTO DO AUX\u00cdLIO-TRANSPORTE DO M\u00caS DE JULHO QUE SER\u00c1 CREDITADO EM CART\u00c3O CORPORATIVO DO SERVIDORE DESTA CASA DE LEGISLATIVA SAULO CORREIA DE ALBUQUERQUE CART\u00c3O N\u00daMERO 2.208.349.662, CEDIDO PELA EMPRESA LOGO TRANSPORTES LTDA, CONFORME ARTIGO 50, INCISO II E ARTIGO 51 DA LEI MUNICIPAL 923\/1990, ASSIM COMO DISP\u00d5E A PORTARIA 78\/2023, CELEBRADO MEDIANTE DISPENSA DE LICITA\u00c7\u00c3O, COM FUNDAMENTO NO ARTIGO 24, INCISO 2\u00ba DA LEI 8.666\/93.","fornecedor":"LOGO TRANSPORTES LTDA","denom_uni_orc":"CORPO DELIBERATIVO E SECRETARIA","funcao":"Legislativa","sub_funcao":"A\u00e7\u00e3o Legislativa","programa":"A\u00c7\u00c3O LEGISLATIVA","acao":"INDENIZA\u00c7\u00d5ES E RESTITUI\u00c7\u00d5ES DIVERSAS (FMS)","ident_acao":"Atividade","cat_econ":"Despesa Corrente","natureza_despesa":"Outras Despesas Correntes","modalidade_despesa":"Aplica\u00e7\u00f5es Diretas","elemento_despesa":"Outros Servi\u00e7os de Terceiros - Pessoa Jur\u00eddica","sub_elem_desp":"SEM SUBELEMENTO","fonte_recurso":"Recursos do Exerc\u00edcio Corrente \/ Outros Recursos n\u00e3o Vinculados \/ -"},{"ano_emissao_emp":"2023","n_emp":"0000256","data_emissao":"10\/07\/2023","valor":"13.660,94","tipo_empenho":"Ordin\u00e1rio","hist_emp":"VALOR QUE SE EMPENHA PARA FAZER FACE A AQUISI\u00c7\u00c3O DE 30 (TRINTA) TELEFONES 01 (UMA) CENTRAL TELEF\u00d4NICA COM GERENCIAMENTO DE AT\u00c9 32 RAMAIS IP COM SUPORTE PARA CONVERTER O CELULAR EM UM RAMAL COM AUX\u00cdLIO DE UM SOFTPHONECONFORME OFICIO N\u00daMERO 158\/2023 GAB. PRES. CELEBRADA MEDIANTE DISPENSA DE LICITA\u00c7\u00c3O CONFORME ARTIGO 75, INCISO II DA LEI 14.133\/21.","fornecedor":"VIP INFORMATICA LTDA","denom_uni_orc":"CORPO DELIBERATIVO E SECRETARIA","funcao":"Legislativa","sub_funcao":"A\u00e7\u00e3o Legislativa","programa":"A\u00c7\u00c3O LEGISLATIVA","acao":"REEQUIPAMENTO DA UNIDADE","ident_acao":"Projeto","cat_econ":"Despesa de Capital","natureza_despesa":"Investimentos","modalidade_despesa":"Aplica\u00e7\u00f5es Diretas","elemento_despesa":"Equipamentos e Material Permanente","sub_elem_desp":"OUTROS MATERIAIS PERMANENTES","fonte_recurso":"Recursos do Exerc\u00edcio Corrente \/ Outros Recursos n\u00e3o Vinculados \/ -"},{"ano_emissao_emp":"2023","n_emp":"0000256","data_emissao":"10\/07\/2023","valor":"13.660,94","tipo_empenho":"Ordin\u00e1rio","hist_emp":"VALOR QUE SE EMPENHA PARA FAZER FACE A AQUISI\u00c7\u00c3O DE 30 (TRINTA) TELEFONES 01 (UMA) CENTRAL TELEF\u00d4NICA COM GERENCIAMENTO DE AT\u00c9 32 RAMAIS IP COM SUPORTE PARA CONVERTER O CELULAR EM UM RAMAL COM AUX\u00cdLIO DE UM SOFTPHONECONFORME OFICIO N\u00daMERO 158\/2023 GAB. PRES. CELEBRADA MEDIANTE DISPENSA DE LICITA\u00c7\u00c3O CONFORME ARTIGO 75, INCISO II DA LEI 14.133\/21.","fornecedor":"VIP INFORMATICA LTDA","denom_uni_orc":"CORPO DELIBERATIVO E SECRETARIA","funcao":"Legislativa","sub_funcao":"A\u00e7\u00e3o Legislativa","programa":"A\u00c7\u00c3O LEGISLATIVA","acao":"INDENIZA\u00c7\u00d5ES E RESTITUI\u00c7\u00d5ES DO RPPS","ident_acao":"Projeto","cat_econ":"Despesa de Capital","natureza_despesa":"Investimentos","modalidade_despesa":"Aplica\u00e7\u00f5es Diretas","elemento_despesa":"Equipamentos e Material Permanente","sub_elem_desp":"OUTROS MATERIAIS PERMANENTES","fonte_recurso":"Recursos do Exerc\u00edcio Corrente \/ Outros Recursos n\u00e3o Vinculados \/ -"},{"ano_emissao_emp":"2023","n_emp":"0000256","data_emissao":"10\/07\/2023","valor":"13.660,94","tipo_empenho":"Ordin\u00e1rio","hist_emp":"VALOR QUE SE EMPENHA PARA FAZER FACE A AQUISI\u00c7\u00c3O DE 30 (TRINTA) TELEFONES 01 (UMA) CENTRAL TELEF\u00d4NICA COM GERENCIAMENTO DE AT\u00c9 32 RAMAIS IP COM SUPORTE PARA CONVERTER O CELULAR EM UM RAMAL COM AUX\u00cdLIO DE UM SOFTPHONECONFORME OFICIO N\u00daMERO 158\/2023 GAB. PRES. CELEBRADA MEDIANTE DISPENSA DE LICITA\u00c7\u00c3O CONFORME ARTIGO 75, INCISO II DA LEI 14.133\/21.","fornecedor":"VIP INFORMATICA LTDA","denom_uni_orc":"CORPO DELIBERATIVO E SECRETARIA","funcao":"Legislativa","sub_funcao":"A\u00e7\u00e3o Legislativa","programa":"A\u00c7\u00c3O LEGISLATIVA","acao":"AMORTIZA\u00c7\u00c3O DA D\u00cdVIDA P\u00daBLICA CONSOLIDADA","ident_acao":"Projeto","cat_econ":"Despesa de Capital","natureza_despesa":"Investimentos","modalidade_despesa":"Aplica\u00e7\u00f5es Diretas","elemento_despesa":"Equipamentos e Material Permanente","sub_elem_desp":"OUTROS MATERIAIS PERMANENTES","fonte_recurso":"Recursos do Exerc\u00edcio Corrente \/ Outros Recursos n\u00e3o Vinculados \/ -"},{"ano_emissao_emp":"2023","n_emp":"0000257","data_emissao":"10\/07\/2023","valor":"36,00","tipo_empenho":"Ordin\u00e1rio","hist_emp":"VALOR QUE SE EMPENHA PARA FAZER FACE A CUSTEIO COM AQUISI\u00c7\u00c3O DE 02 (DUAS) CAIXAS COM MASCARAS DESCARTAVEIS  CONFORME OF\u00cdCIO DE SOLICIT\u00c7\u00c3O DE EMPENHO 083-2023 SECOM  PARA ESTA CASA LEGISLATIVA, CELEBRADO MEDIANTE DISPENSA DE LICITA\u00c7\u00c3O, COM FUNDAMENTO NO ARTIGO 24, INCISO 2\u00ba DA LEI 8.666\/93.","fornecedor":"IVONALDO SEVERINO DA SILVA","denom_uni_orc":"CORPO DELIBERATIVO E SECRETARIA","funcao":"Legislativa","sub_funcao":"A\u00e7\u00e3o Legislativa","programa":"A\u00c7\u00c3O LEGISLATIVA","acao":"AQUISI\u00c7\u00c3O DE M\u00d3VEIS, M\u00c1QUINAS E EQUIPAMENTOS DIVERSOS PARA O CONSELHO","ident_acao":"Atividade","cat_econ":"Despesa Corrente","natureza_despesa":"Outras Despesas Correntes","modalidade_despesa":"Aplica\u00e7\u00f5es Diretas","elemento_despesa":"Material de Consumo","sub_elem_desp":"SEM SUBELEMENTO","fonte_recurso":"Recursos do Exerc\u00edcio Corrente \/ Outros Recursos n\u00e3o Vinculados \/ -"},{"ano_emissao_emp":"2023","n_emp":"0000257","data_emissao":"10\/07\/2023","valor":"36,00","tipo_empenho":"Ordin\u00e1rio","hist_emp":"VALOR QUE SE EMPENHA PARA FAZER FACE A CUSTEIO COM AQUISI\u00c7\u00c3O DE 02 (DUAS) CAIXAS COM MASCARAS DESCARTAVEIS  CONFORME OF\u00cdCIO DE SOLICIT\u00c7\u00c3O DE EMPENHO 083-2023 SECOM  PARA ESTA CASA LEGISLATIVA, CELEBRADO MEDIANTE DISPENSA DE LICITA\u00c7\u00c3O, COM FUNDAMENTO NO ARTIGO 24, INCISO 2\u00ba DA LEI 8.666\/93.","fornecedor":"IVONALDO SEVERINO DA SILVA","denom_uni_orc":"CORPO DELIBERATIVO E SECRETARIA","funcao":"Legislativa","sub_funcao":"A\u00e7\u00e3o Legislativa","programa":"A\u00c7\u00c3O LEGISLATIVA","acao":"MANUTEN\u00c7\u00c3O DAS ATIVIDADES ADMINISTRATIVAS","ident_acao":"Atividade","cat_econ":"Despesa Corrente","natureza_despesa":"Outras Despesas Correntes","modalidade_despesa":"Aplica\u00e7\u00f5es Diretas","elemento_despesa":"Material de Consumo","sub_elem_desp":"SEM SUBELEMENTO","fonte_recurso":"Recursos do Exerc\u00edcio Corrente \/ Outros Recursos n\u00e3o Vinculados \/ -"},{"ano_emissao_emp":"2023","n_emp":"0000257","data_emissao":"10\/07\/2023","valor":"36,00","tipo_empenho":"Ordin\u00e1rio","hist_emp":"VALOR QUE SE EMPENHA PARA FAZER FACE A CUSTEIO COM AQUISI\u00c7\u00c3O DE 02 (DUAS) CAIXAS COM MASCARAS DESCARTAVEIS  CONFORME OF\u00cdCIO DE SOLICIT\u00c7\u00c3O DE EMPENHO 083-2023 SECOM  PARA ESTA CASA LEGISLATIVA, CELEBRADO MEDIANTE DISPENSA DE LICITA\u00c7\u00c3O, COM FUNDAMENTO NO ARTIGO 24, INCISO 2\u00ba DA LEI 8.666\/93.","fornecedor":"IVONALDO SEVERINO DA SILVA","denom_uni_orc":"CORPO DELIBERATIVO E SECRETARIA","funcao":"Legislativa","sub_funcao":"A\u00e7\u00e3o Legislativa","programa":"A\u00c7\u00c3O LEGISLATIVA","acao":"INDENIZA\u00c7\u00d5ES E RESTITUI\u00c7\u00d5ES DIVERSAS (FMS)","ident_acao":"Atividade","cat_econ":"Despesa Corrente","natureza_despesa":"Outras Despesas Correntes","modalidade_despesa":"Aplica\u00e7\u00f5es Diretas","elemento_despesa":"Material de Consumo","sub_elem_desp":"SEM SUBELEMENTO","fonte_recurso":"Recursos do Exerc\u00edcio Corrente \/ Outros Recursos n\u00e3o Vinculados \/ -"},{"ano_emissao_emp":"2023","n_emp":"0000258","data_emissao":"17\/07\/2023","valor":"35.981,25","tipo_empenho":"Global","hist_emp":"VALOR QUE SE EMPENHA PARA FAZER FACE A AQUISI\u00c7\u00c3O DE COMPONENTES DE COMPUTADOR CONFORME ESPECIFICA\u00c7\u00d5ES, QUANTITATIVOS E CONDI\u00c7\u00d5ES ESTABELECIDAS NO ANEXO I DO EDITAL DE PREG\u00c3O N\u00ba. 003\/2023, PARTE INTEGRANTE DO CONTRATO N\u00ba 2\/2023 EM ANEXO, O OBJETO DESTE CONTRATO DESTINA-SE AO ATENDIMENTO DA DEMANDA DE SERVI\u00c7OS DESTA CASA DE LEI.","fornecedor":"MALKUT & BOHN LTDA","denom_uni_orc":"CORPO DELIBERATIVO E SECRETARIA","funcao":"Legislativa","sub_funcao":"A\u00e7\u00e3o Legislativa","programa":"A\u00c7\u00c3O LEGISLATIVA","acao":"REEQUIPAMENTO DA UNIDADE","ident_acao":"Projeto","cat_econ":"Despesa de Capital","natureza_despesa":"Investimentos","modalidade_despesa":"Aplica\u00e7\u00f5es Diretas","elemento_despesa":"Equipamentos e Material Permanente","sub_elem_desp":"EQUIPAMENTOS DE PROCESSAMENTO DE DADOS","fonte_recurso":"Recursos do Exerc\u00edcio Corrente \/ Outros Recursos n\u00e3o Vinculados \/ -"},{"ano_emissao_emp":"2023","n_emp":"0000258","data_emissao":"17\/07\/2023","valor":"35.981,25","tipo_empenho":"Global","hist_emp":"VALOR QUE SE EMPENHA PARA FAZER FACE A AQUISI\u00c7\u00c3O DE COMPONENTES DE COMPUTADOR CONFORME ESPECIFICA\u00c7\u00d5ES, QUANTITATIVOS E CONDI\u00c7\u00d5ES ESTABELECIDAS NO ANEXO I DO EDITAL DE PREG\u00c3O N\u00ba. 003\/2023, PARTE INTEGRANTE DO CONTRATO N\u00ba 2\/2023 EM ANEXO, O OBJETO DESTE CONTRATO DESTINA-SE AO ATENDIMENTO DA DEMANDA DE SERVI\u00c7OS DESTA CASA DE LEI.","fornecedor":"MALKUT & BOHN LTDA","denom_uni_orc":"CORPO DELIBERATIVO E SECRETARIA","funcao":"Legislativa","sub_funcao":"A\u00e7\u00e3o Legislativa","programa":"A\u00c7\u00c3O LEGISLATIVA","acao":"INDENIZA\u00c7\u00d5ES E RESTITUI\u00c7\u00d5ES DO RPPS","ident_acao":"Projeto","cat_econ":"Despesa de Capital","natureza_despesa":"Investimentos","modalidade_despesa":"Aplica\u00e7\u00f5es Diretas","elemento_despesa":"Equipamentos e Material Permanente","sub_elem_desp":"EQUIPAMENTOS DE PROCESSAMENTO DE DADOS","fonte_recurso":"Recursos do Exerc\u00edcio Corrente \/ Outros Recursos n\u00e3o Vinculados \/ -"},{"ano_emissao_emp":"2023","n_emp":"0000258","data_emissao":"17\/07\/2023","valor":"35.981,25","tipo_empenho":"Global","hist_emp":"VALOR QUE SE EMPENHA PARA FAZER FACE A AQUISI\u00c7\u00c3O DE COMPONENTES DE COMPUTADOR CONFORME ESPECIFICA\u00c7\u00d5ES, QUANTITATIVOS E CONDI\u00c7\u00d5ES ESTABELECIDAS NO ANEXO I DO EDITAL DE PREG\u00c3O N\u00ba. 003\/2023, PARTE INTEGRANTE DO CONTRATO N\u00ba 2\/2023 EM ANEXO, O OBJETO DESTE CONTRATO DESTINA-SE AO ATENDIMENTO DA DEMANDA DE SERVI\u00c7OS DESTA CASA DE LEI.","fornecedor":"MALKUT & BOHN LTDA","denom_uni_orc":"CORPO DELIBERATIVO E SECRETARIA","funcao":"Legislativa","sub_funcao":"A\u00e7\u00e3o Legislativa","programa":"A\u00c7\u00c3O LEGISLATIVA","acao":"AMORTIZA\u00c7\u00c3O DA D\u00cdVIDA P\u00daBLICA CONSOLIDADA","ident_acao":"Projeto","cat_econ":"Despesa de Capital","natureza_despesa":"Investimentos","modalidade_despesa":"Aplica\u00e7\u00f5es Diretas","elemento_despesa":"Equipamentos e Material Permanente","sub_elem_desp":"EQUIPAMENTOS DE PROCESSAMENTO DE DADOS","fonte_recurso":"Recursos do Exerc\u00edcio Corrente \/ Outros Recursos n\u00e3o Vinculados \/ -"},{"ano_emissao_emp":"2023","n_emp":"0000259","data_emissao":"17\/07\/2023","valor":"6.013,50","tipo_empenho":"Global","hist_emp":"VALOR QUE SE EMPENHA PARA FAZER FACE A AQUISI\u00c7\u00c3O DE COMPONENTES DE COMPUTADOR CONFORME ESPECIFICA\u00c7\u00d5ES, QUANTITATIVOS E CONDI\u00c7\u00d5ES ESTABELECIDAS NO ANEXO I DO EDITAL DE PREG\u00c3O N\u00ba. 003\/2023, PARTE INTEGRANTE DO CONTRATO N\u00ba 4\/2023 EM ANEXO, O OBJETO DESTE CONTRATO DESTINA-SE AO ATENDIMENTO DA DEMANDA DE SERVI\u00c7OS DESTA CASA DE LEI.","fornecedor":"ASSUNCAO & LAVOR TECNOLOGIA LTDA","denom_uni_orc":"CORPO DELIBERATIVO E SECRETARIA","funcao":"Legislativa","sub_funcao":"A\u00e7\u00e3o Legislativa","programa":"A\u00c7\u00c3O LEGISLATIVA","acao":"REEQUIPAMENTO DA UNIDADE","ident_acao":"Projeto","cat_econ":"Despesa de Capital","natureza_despesa":"Investimentos","modalidade_despesa":"Aplica\u00e7\u00f5es Diretas","elemento_despesa":"Equipamentos e Material Permanente","sub_elem_desp":"EQUIPAMENTOS DE PROCESSAMENTO DE DADOS","fonte_recurso":"Recursos do Exerc\u00edcio Corrente \/ Outros Recursos n\u00e3o Vinculados \/ -"},{"ano_emissao_emp":"2023","n_emp":"0000259","data_emissao":"17\/07\/2023","valor":"6.013,50","tipo_empenho":"Global","hist_emp":"VALOR QUE SE EMPENHA PARA FAZER FACE A AQUISI\u00c7\u00c3O DE COMPONENTES DE COMPUTADOR CONFORME ESPECIFICA\u00c7\u00d5ES, QUANTITATIVOS E CONDI\u00c7\u00d5ES ESTABELECIDAS NO ANEXO I DO EDITAL DE PREG\u00c3O N\u00ba. 003\/2023, PARTE INTEGRANTE DO CONTRATO N\u00ba 4\/2023 EM ANEXO, O OBJETO DESTE CONTRATO DESTINA-SE AO ATENDIMENTO DA DEMANDA DE SERVI\u00c7OS DESTA CASA DE LEI.","fornecedor":"ASSUNCAO & LAVOR TECNOLOGIA LTDA","denom_uni_orc":"CORPO DELIBERATIVO E SECRETARIA","funcao":"Legislativa","sub_funcao":"A\u00e7\u00e3o Legislativa","programa":"A\u00c7\u00c3O LEGISLATIVA","acao":"INDENIZA\u00c7\u00d5ES E RESTITUI\u00c7\u00d5ES DO RPPS","ident_acao":"Projeto","cat_econ":"Despesa de Capital","natureza_despesa":"Investimentos","modalidade_despesa":"Aplica\u00e7\u00f5es Diretas","elemento_despesa":"Equipamentos e Material Permanente","sub_elem_desp":"EQUIPAMENTOS DE PROCESSAMENTO DE DADOS","fonte_recurso":"Recursos do Exerc\u00edcio Corrente \/ Outros Recursos n\u00e3o Vinculados \/ -"},{"ano_emissao_emp":"2023","n_emp":"0000259","data_emissao":"17\/07\/2023","valor":"6.013,50","tipo_empenho":"Global","hist_emp":"VALOR QUE SE EMPENHA PARA FAZER FACE A AQUISI\u00c7\u00c3O DE COMPONENTES DE COMPUTADOR CONFORME ESPECIFICA\u00c7\u00d5ES, QUANTITATIVOS E CONDI\u00c7\u00d5ES ESTABELECIDAS NO ANEXO I DO EDITAL DE PREG\u00c3O N\u00ba. 003\/2023, PARTE INTEGRANTE DO CONTRATO N\u00ba 4\/2023 EM ANEXO, O OBJETO DESTE CONTRATO DESTINA-SE AO ATENDIMENTO DA DEMANDA DE SERVI\u00c7OS DESTA CASA DE LEI.","fornecedor":"ASSUNCAO & LAVOR TECNOLOGIA LTDA","denom_uni_orc":"CORPO DELIBERATIVO E SECRETARIA","funcao":"Legislativa","sub_funcao":"A\u00e7\u00e3o Legislativa","programa":"A\u00c7\u00c3O LEGISLATIVA","acao":"AMORTIZA\u00c7\u00c3O DA D\u00cdVIDA P\u00daBLICA CONSOLIDADA","ident_acao":"Projeto","cat_econ":"Despesa de Capital","natureza_despesa":"Investimentos","modalidade_despesa":"Aplica\u00e7\u00f5es Diretas","elemento_despesa":"Equipamentos e Material Permanente","sub_elem_desp":"EQUIPAMENTOS DE PROCESSAMENTO DE DADOS","fonte_recurso":"Recursos do Exerc\u00edcio Corrente \/ Outros Recursos n\u00e3o Vinculados \/ -"},{"ano_emissao_emp":"2023","n_emp":"0000260","data_emissao":"17\/07\/2023","valor":"35,40","tipo_empenho":"Ordin\u00e1rio","hist_emp":"VALOR QUE SE EMPENHA PARA FAZER FACE A AQUISI\u00c7\u00c3O DE 03 (TR\u00caS) GARFOS GAIOLA SEM ROSCA, 02 (DUAS) LUVAS NBR PRO G E 02 (DOIS) ROLOS DE ESPUMAS 406\/23A, CELEBRADO MEDIANTE DISPENSA DE LICITA\u00c7\u00c3O, COM FUNDAMENTO NO ARTIGO 24, INCISO 2\u00ba DA LEI 8.666\/93.","fornecedor":"JCL LAJES E MATERIAIS PARA CONSTRU\u00c7\u00c3O LTDA","denom_uni_orc":"CORPO DELIBERATIVO E SECRETARIA","funcao":"Legislativa","sub_funcao":"A\u00e7\u00e3o Legislativa","programa":"A\u00c7\u00c3O LEGISLATIVA","acao":"AQUISI\u00c7\u00c3O DE M\u00d3VEIS, M\u00c1QUINAS E EQUIPAMENTOS DIVERSOS PARA O CONSELHO","ident_acao":"Atividade","cat_econ":"Despesa Corrente","natureza_despesa":"Outras Despesas Correntes","modalidade_despesa":"Aplica\u00e7\u00f5es Diretas","elemento_despesa":"Material de Consumo","sub_elem_desp":"SEM SUBELEMENTO","fonte_recurso":"Recursos do Exerc\u00edcio Corrente \/ Outros Recursos n\u00e3o Vinculados \/ -"},{"ano_emissao_emp":"2023","n_emp":"0000260","data_emissao":"17\/07\/2023","valor":"35,40","tipo_empenho":"Ordin\u00e1rio","hist_emp":"VALOR QUE SE EMPENHA PARA FAZER FACE A AQUISI\u00c7\u00c3O DE 03 (TR\u00caS) GARFOS GAIOLA SEM ROSCA, 02 (DUAS) LUVAS NBR PRO G E 02 (DOIS) ROLOS DE ESPUMAS 406\/23A, CELEBRADO MEDIANTE DISPENSA DE LICITA\u00c7\u00c3O, COM FUNDAMENTO NO ARTIGO 24, INCISO 2\u00ba DA LEI 8.666\/93.","fornecedor":"JCL LAJES E MATERIAIS PARA CONSTRU\u00c7\u00c3O LTDA","denom_uni_orc":"CORPO DELIBERATIVO E SECRETARIA","funcao":"Legislativa","sub_funcao":"A\u00e7\u00e3o Legislativa","programa":"A\u00c7\u00c3O LEGISLATIVA","acao":"MANUTEN\u00c7\u00c3O DAS ATIVIDADES ADMINISTRATIVAS","ident_acao":"Atividade","cat_econ":"Despesa Corrente","natureza_despesa":"Outras Despesas Correntes","modalidade_despesa":"Aplica\u00e7\u00f5es Diretas","elemento_despesa":"Material de Consumo","sub_elem_desp":"SEM SUBELEMENTO","fonte_recurso":"Recursos do Exerc\u00edcio Corrente \/ Outros Recursos n\u00e3o Vinculados \/ -"},{"ano_emissao_emp":"2023","n_emp":"0000260","data_emissao":"17\/07\/2023","valor":"35,40","tipo_empenho":"Ordin\u00e1rio","hist_emp":"VALOR QUE SE EMPENHA PARA FAZER FACE A AQUISI\u00c7\u00c3O DE 03 (TR\u00caS) GARFOS GAIOLA SEM ROSCA, 02 (DUAS) LUVAS NBR PRO G E 02 (DOIS) ROLOS DE ESPUMAS 406\/23A, CELEBRADO MEDIANTE DISPENSA DE LICITA\u00c7\u00c3O, COM FUNDAMENTO NO ARTIGO 24, INCISO 2\u00ba DA LEI 8.666\/93.","fornecedor":"JCL LAJES E MATERIAIS PARA CONSTRU\u00c7\u00c3O LTDA","denom_uni_orc":"CORPO DELIBERATIVO E SECRETARIA","funcao":"Legislativa","sub_funcao":"A\u00e7\u00e3o Legislativa","programa":"A\u00c7\u00c3O LEGISLATIVA","acao":"INDENIZA\u00c7\u00d5ES E RESTITUI\u00c7\u00d5ES DIVERSAS (FMS)","ident_acao":"Atividade","cat_econ":"Despesa Corrente","natureza_despesa":"Outras Despesas Correntes","modalidade_despesa":"Aplica\u00e7\u00f5es Diretas","elemento_despesa":"Material de Consumo","sub_elem_desp":"SEM SUBELEMENTO","fonte_recurso":"Recursos do Exerc\u00edcio Corrente \/ Outros Recursos n\u00e3o Vinculados \/ -"},{"ano_emissao_emp":"2023","n_emp":"0000261","data_emissao":"17\/07\/2023","valor":"2.233,80","tipo_empenho":"Ordin\u00e1rio","hist_emp":"VALOR QUE SE EMPENHA PARA FAZER FACE A AQUISI\u00c7\u00c3O DE MATERIAIS DE PINTURA PARA MANUTEN\u00c7\u00c3O DOS GABINETES DOS VEREADORES DESCA CASA DE LEI, CELEBRADO MEDIANTE DISPENSA DE LICITA\u00c7\u00c3O, COM FUNDAMENTO NO ARTIGO 24, INCISO 2\u00ba DA LEI 8.666\/93.","fornecedor":"JCL LAJES E MATERIAIS PARA CONSTRU\u00c7\u00c3O LTDA","denom_uni_orc":"CORPO DELIBERATIVO E SECRETARIA","funcao":"Legislativa","sub_funcao":"A\u00e7\u00e3o Legislativa","programa":"A\u00c7\u00c3O LEGISLATIVA","acao":"AQUISI\u00c7\u00c3O DE M\u00d3VEIS, M\u00c1QUINAS E EQUIPAMENTOS DIVERSOS PARA O CONSELHO","ident_acao":"Atividade","cat_econ":"Despesa Corrente","natureza_despesa":"Outras Despesas Correntes","modalidade_despesa":"Aplica\u00e7\u00f5es Diretas","elemento_despesa":"Material de Consumo","sub_elem_desp":"SEM SUBELEMENTO","fonte_recurso":"Recursos do Exerc\u00edcio Corrente \/ Outros Recursos n\u00e3o Vinculados \/ -"},{"ano_emissao_emp":"2023","n_emp":"0000261","data_emissao":"17\/07\/2023","valor":"2.233,80","tipo_empenho":"Ordin\u00e1rio","hist_emp":"VALOR QUE SE EMPENHA PARA FAZER FACE A AQUISI\u00c7\u00c3O DE MATERIAIS DE PINTURA PARA MANUTEN\u00c7\u00c3O DOS GABINETES DOS VEREADORES DESCA CASA DE LEI, CELEBRADO MEDIANTE DISPENSA DE LICITA\u00c7\u00c3O, COM FUNDAMENTO NO ARTIGO 24, INCISO 2\u00ba DA LEI 8.666\/93.","fornecedor":"JCL LAJES E MATERIAIS PARA CONSTRU\u00c7\u00c3O LTDA","denom_uni_orc":"CORPO DELIBERATIVO E SECRETARIA","funcao":"Legislativa","sub_funcao":"A\u00e7\u00e3o Legislativa","programa":"A\u00c7\u00c3O LEGISLATIVA","acao":"MANUTEN\u00c7\u00c3O DAS ATIVIDADES ADMINISTRATIVAS","ident_acao":"Atividade","cat_econ":"Despesa Corrente","natureza_despesa":"Outras Despesas Correntes","modalidade_despesa":"Aplica\u00e7\u00f5es Diretas","elemento_despesa":"Material de Consumo","sub_elem_desp":"SEM SUBELEMENTO","fonte_recurso":"Recursos do Exerc\u00edcio Corrente \/ Outros Recursos n\u00e3o Vinculados \/ -"},{"ano_emissao_emp":"2023","n_emp":"0000261","data_emissao":"17\/07\/2023","valor":"2.233,80","tipo_empenho":"Ordin\u00e1rio","hist_emp":"VALOR QUE SE EMPENHA PARA FAZER FACE A AQUISI\u00c7\u00c3O DE MATERIAIS DE PINTURA PARA MANUTEN\u00c7\u00c3O DOS GABINETES DOS VEREADORES DESCA CASA DE LEI, CELEBRADO MEDIANTE DISPENSA DE LICITA\u00c7\u00c3O, COM FUNDAMENTO NO ARTIGO 24, INCISO 2\u00ba DA LEI 8.666\/93.","fornecedor":"JCL LAJES E MATERIAIS PARA CONSTRU\u00c7\u00c3O LTDA","denom_uni_orc":"CORPO DELIBERATIVO E SECRETARIA","funcao":"Legislativa","sub_funcao":"A\u00e7\u00e3o Legislativa","programa":"A\u00c7\u00c3O LEGISLATIVA","acao":"INDENIZA\u00c7\u00d5ES E RESTITUI\u00c7\u00d5ES DIVERSAS (FMS)","ident_acao":"Atividade","cat_econ":"Despesa Corrente","natureza_despesa":"Outras Despesas Correntes","modalidade_despesa":"Aplica\u00e7\u00f5es Diretas","elemento_despesa":"Material de Consumo","sub_elem_desp":"SEM SUBELEMENTO","fonte_recurso":"Recursos do Exerc\u00edcio Corrente \/ Outros Recursos n\u00e3o Vinculados \/ -"},{"ano_emissao_emp":"2023","n_emp":"0000262","data_emissao":"17\/07\/2023","valor":"4.800,00","tipo_empenho":"Global","hist_emp":"Valor que se empenha para fazer face ao aditivo para alteracao das clausulas quarta (Do Prazo) - prorrogado ate o dia 31\/12\/2023 - e quinta (Do Valor e Condicoes de Pagamento) do Contrato n\u00ba CD 002\/2023, celebrado entre esta casa de lei e a empresa MK Tecnologia e Seguranca, referentes a licenca de uso e manutencao do sistema do Portal da Transparencia. O aditivo foi celebrado mediante dispensa de licitacao, conforme Artigo 75, Inciso II da Lei 14.133\/21.","fornecedor":"MK TECNOLOGIA E SEGURAN\u00c7A LTDA ME","denom_uni_orc":"CORPO DELIBERATIVO E SECRETARIA","funcao":"Legislativa","sub_funcao":"A\u00e7\u00e3o Legislativa","programa":"A\u00c7\u00c3O LEGISLATIVA","acao":"AQUISI\u00c7\u00c3O DE M\u00d3VEIS, M\u00c1QUINAS E EQUIPAMENTOS DIVERSOS PARA O CONSELHO","ident_acao":"Atividade","cat_econ":"Despesa Corrente","natureza_despesa":"Outras Despesas Correntes","modalidade_despesa":"Aplica\u00e7\u00f5es Diretas","elemento_despesa":"Outros Servi\u00e7os de Terceiros - Pessoa Jur\u00eddica","sub_elem_desp":"SEM SUBELEMENTO","fonte_recurso":"Recursos do Exerc\u00edcio Corrente \/ Outros Recursos n\u00e3o Vinculados \/ -"},{"ano_emissao_emp":"2023","n_emp":"0000262","data_emissao":"17\/07\/2023","valor":"4.800,00","tipo_empenho":"Global","hist_emp":"Valor que se empenha para fazer face ao aditivo para alteracao das clausulas quarta (Do Prazo) - prorrogado ate o dia 31\/12\/2023 - e quinta (Do Valor e Condicoes de Pagamento) do Contrato n\u00ba CD 002\/2023, celebrado entre esta casa de lei e a empresa MK Tecnologia e Seguranca, referentes a licenca de uso e manutencao do sistema do Portal da Transparencia. O aditivo foi celebrado mediante dispensa de licitacao, conforme Artigo 75, Inciso II da Lei 14.133\/21.","fornecedor":"MK TECNOLOGIA E SEGURAN\u00c7A LTDA ME","denom_uni_orc":"CORPO DELIBERATIVO E SECRETARIA","funcao":"Legislativa","sub_funcao":"A\u00e7\u00e3o Legislativa","programa":"A\u00c7\u00c3O LEGISLATIVA","acao":"MANUTEN\u00c7\u00c3O DAS ATIVIDADES ADMINISTRATIVAS","ident_acao":"Atividade","cat_econ":"Despesa Corrente","natureza_despesa":"Outras Despesas Correntes","modalidade_despesa":"Aplica\u00e7\u00f5es Diretas","elemento_despesa":"Outros Servi\u00e7os de Terceiros - Pessoa Jur\u00eddica","sub_elem_desp":"SEM SUBELEMENTO","fonte_recurso":"Recursos do Exerc\u00edcio Corrente \/ Outros Recursos n\u00e3o Vinculados \/ -"},{"ano_emissao_emp":"2023","n_emp":"0000262","data_emissao":"17\/07\/2023","valor":"4.800,00","tipo_empenho":"Global","hist_emp":"Valor que se empenha para fazer face ao aditivo para alteracao das clausulas quarta (Do Prazo) - prorrogado ate o dia 31\/12\/2023 - e quinta (Do Valor e Condicoes de Pagamento) do Contrato n\u00ba CD 002\/2023, celebrado entre esta casa de lei e a empresa MK Tecnologia e Seguranca, referentes a licenca de uso e manutencao do sistema do Portal da Transparencia. O aditivo foi celebrado mediante dispensa de licitacao, conforme Artigo 75, Inciso II da Lei 14.133\/21.","fornecedor":"MK TECNOLOGIA E SEGURAN\u00c7A LTDA ME","denom_uni_orc":"CORPO DELIBERATIVO E SECRETARIA","funcao":"Legislativa","sub_funcao":"A\u00e7\u00e3o Legislativa","programa":"A\u00c7\u00c3O LEGISLATIVA","acao":"INDENIZA\u00c7\u00d5ES E RESTITUI\u00c7\u00d5ES DIVERSAS (FMS)","ident_acao":"Atividade","cat_econ":"Despesa Corrente","natureza_despesa":"Outras Despesas Correntes","modalidade_despesa":"Aplica\u00e7\u00f5es Diretas","elemento_despesa":"Outros Servi\u00e7os de Terceiros - Pessoa Jur\u00eddica","sub_elem_desp":"SEM SUBELEMENTO","fonte_recurso":"Recursos do Exerc\u00edcio Corrente \/ Outros Recursos n\u00e3o Vinculados \/ -"},{"ano_emissao_emp":"2023","n_emp":"0000263","data_emissao":"19\/07\/2023","valor":"170,00","tipo_empenho":"Ordin\u00e1rio","hist_emp":"Valor que se empenha para fazer face ao custeio de uma diaria sem pernoite para a cidade do Recife, em apoio de transporte a comitiva do Vereador Cicero Cosmo da Silva (Capile) em reuniao na Agencia de Desenvolvimento Economico de Pernambuco - ADEPE, celebrado mediante dispensa de licitacao, com fundamento no artigo 75, inciso II da Lei 14.133\/21.","fornecedor":"JOSUE CUSTODIO DE ARAUJO SOBRINHO","denom_uni_orc":"CORPO DELIBERATIVO E SECRETARIA","funcao":"Legislativa","sub_funcao":"A\u00e7\u00e3o Legislativa","programa":"A\u00c7\u00c3O LEGISLATIVA","acao":"AQUISI\u00c7\u00c3O DE M\u00d3VEIS, M\u00c1QUINAS E EQUIPAMENTOS DIVERSOS PARA O CONSELHO","ident_acao":"Atividade","cat_econ":"Despesa Corrente","natureza_despesa":"Outras Despesas Correntes","modalidade_despesa":"Aplica\u00e7\u00f5es Diretas","elemento_despesa":"Di\u00e1rias \u2013 Civil","sub_elem_desp":"SEM SUBELEMENTO","fonte_recurso":"Recursos do Exerc\u00edcio Corrente \/ Outros Recursos n\u00e3o Vinculados \/ -"},{"ano_emissao_emp":"2023","n_emp":"0000263","data_emissao":"19\/07\/2023","valor":"170,00","tipo_empenho":"Ordin\u00e1rio","hist_emp":"Valor que se empenha para fazer face ao custeio de uma diaria sem pernoite para a cidade do Recife, em apoio de transporte a comitiva do Vereador Cicero Cosmo da Silva (Capile) em reuniao na Agencia de Desenvolvimento Economico de Pernambuco - ADEPE, celebrado mediante dispensa de licitacao, com fundamento no artigo 75, inciso II da Lei 14.133\/21.","fornecedor":"JOSUE CUSTODIO DE ARAUJO SOBRINHO","denom_uni_orc":"CORPO DELIBERATIVO E SECRETARIA","funcao":"Legislativa","sub_funcao":"A\u00e7\u00e3o Legislativa","programa":"A\u00c7\u00c3O LEGISLATIVA","acao":"MANUTEN\u00c7\u00c3O DAS ATIVIDADES ADMINISTRATIVAS","ident_acao":"Atividade","cat_econ":"Despesa Corrente","natureza_despesa":"Outras Despesas Correntes","modalidade_despesa":"Aplica\u00e7\u00f5es Diretas","elemento_despesa":"Di\u00e1rias \u2013 Civil","sub_elem_desp":"SEM SUBELEMENTO","fonte_recurso":"Recursos do Exerc\u00edcio Corrente \/ Outros Recursos n\u00e3o Vinculados \/ -"},{"ano_emissao_emp":"2023","n_emp":"0000263","data_emissao":"19\/07\/2023","valor":"170,00","tipo_empenho":"Ordin\u00e1rio","hist_emp":"Valor que se empenha para fazer face ao custeio de uma diaria sem pernoite para a cidade do Recife, em apoio de transporte a comitiva do Vereador Cicero Cosmo da Silva (Capile) em reuniao na Agencia de Desenvolvimento Economico de Pernambuco - ADEPE, celebrado mediante dispensa de licitacao, com fundamento no artigo 75, inciso II da Lei 14.133\/21.","fornecedor":"JOSUE CUSTODIO DE ARAUJO SOBRINHO","denom_uni_orc":"CORPO DELIBERATIVO E SECRETARIA","funcao":"Legislativa","sub_funcao":"A\u00e7\u00e3o Legislativa","programa":"A\u00c7\u00c3O LEGISLATIVA","acao":"INDENIZA\u00c7\u00d5ES E RESTITUI\u00c7\u00d5ES DIVERSAS (FMS)","ident_acao":"Atividade","cat_econ":"Despesa Corrente","natureza_despesa":"Outras Despesas Correntes","modalidade_despesa":"Aplica\u00e7\u00f5es Diretas","elemento_despesa":"Di\u00e1rias \u2013 Civil","sub_elem_desp":"SEM SUBELEMENTO","fonte_recurso":"Recursos do Exerc\u00edcio Corrente \/ Outros Recursos n\u00e3o Vinculados \/ -"},{"ano_emissao_emp":"2023","n_emp":"0000264","data_emissao":"19\/07\/2023","valor":"350,00","tipo_empenho":"Ordin\u00e1rio","hist_emp":"Valor que se empenha para fazer face ao custeio de uma diaria sem pernoite, onde participara de reuniao com o diretor-presidente da Agencia de Desenvolvimento Economico de Pernambuco (ADEPE), Andre Texeira Filho. Entre outros assuntos, discutiremos a implantacao de um distrito industrial em Santa Cruz do Capibaribe direcionado a producao textil- ampliacao da divulgacao, a nivel de Estado, do Calcadao de Confeccoes, e o incentivo a formalizacao dos pequenos confeccionistas dentro do proprio calcadao, celeb","fornecedor":"JOS\u00c9 CLIM\u00c9RIO NETO","denom_uni_orc":"CORPO DELIBERATIVO E SECRETARIA","funcao":"Legislativa","sub_funcao":"A\u00e7\u00e3o Legislativa","programa":"A\u00c7\u00c3O LEGISLATIVA","acao":"AQUISI\u00c7\u00c3O DE EQUIPAMENTOS DIVERSOS PARA O PROGRAMA PRIMEIRA INF\u00c2NCIA N","ident_acao":"Atividade","cat_econ":"Despesa Corrente","natureza_despesa":"Outras Despesas Correntes","modalidade_despesa":"Aplica\u00e7\u00f5es Diretas","elemento_despesa":"Di\u00e1rias \u2013 Civil","sub_elem_desp":"SEM SUBELEMENTO","fonte_recurso":"Recursos do Exerc\u00edcio Corrente \/ Outros Recursos n\u00e3o Vinculados \/ -"},{"ano_emissao_emp":"2023","n_emp":"0000264","data_emissao":"19\/07\/2023","valor":"350,00","tipo_empenho":"Ordin\u00e1rio","hist_emp":"Valor que se empenha para fazer face ao custeio de uma diaria sem pernoite, onde participara de reuniao com o diretor-presidente da Agencia de Desenvolvimento Economico de Pernambuco (ADEPE), Andre Texeira Filho. Entre outros assuntos, discutiremos a implantacao de um distrito industrial em Santa Cruz do Capibaribe direcionado a producao textil- ampliacao da divulgacao, a nivel de Estado, do Calcadao de Confeccoes, e o incentivo a formalizacao dos pequenos confeccionistas dentro do proprio calcadao, celeb","fornecedor":"JOS\u00c9 CLIM\u00c9RIO NETO","denom_uni_orc":"CORPO DELIBERATIVO E SECRETARIA","funcao":"Legislativa","sub_funcao":"A\u00e7\u00e3o Legislativa","programa":"A\u00c7\u00c3O LEGISLATIVA","acao":"MANUTEN\u00c7\u00c3O DAS ATIVIDADES LEGISLATIVAS","ident_acao":"Atividade","cat_econ":"Despesa Corrente","natureza_despesa":"Outras Despesas Correntes","modalidade_despesa":"Aplica\u00e7\u00f5es Diretas","elemento_despesa":"Di\u00e1rias \u2013 Civil","sub_elem_desp":"SEM SUBELEMENTO","fonte_recurso":"Recursos do Exerc\u00edcio Corrente \/ Outros Recursos n\u00e3o Vinculados \/ -"},{"ano_emissao_emp":"2023","n_emp":"0000265","data_emissao":"19\/07\/2023","valor":"350,00","tipo_empenho":"Ordin\u00e1rio","hist_emp":"Valor que se empenha para fazer face ao custeio de uma diaria sem pernoite, onde participara de reuniao com o diretor-presidente da Agencia de Desenvolvimento Economico de Pernambuco (ADEPE), Andre Texeira Filho. Entre outros assuntos, discutiremos a implantacao de um distrito industrial em Santa Cruz do Capibaribe direcionado a producao textil- ampliacao da divulgacao, a nivel de Estado, do Calcadao de Confeccoes, e o incentivo a formalizacao dos pequenos confeccionistas dentro do proprio calcadao, celeb","fornecedor":"ROZ\u00c2NGELA MARIA DOS SANTOS","denom_uni_orc":"CORPO DELIBERATIVO E SECRETARIA","funcao":"Legislativa","sub_funcao":"A\u00e7\u00e3o Legislativa","programa":"A\u00c7\u00c3O LEGISLATIVA","acao":"AQUISI\u00c7\u00c3O DE EQUIPAMENTOS DIVERSOS PARA O PROGRAMA PRIMEIRA INF\u00c2NCIA N","ident_acao":"Atividade","cat_econ":"Despesa Corrente","natureza_despesa":"Outras Despesas Correntes","modalidade_despesa":"Aplica\u00e7\u00f5es Diretas","elemento_despesa":"Di\u00e1rias \u2013 Civil","sub_elem_desp":"SEM SUBELEMENTO","fonte_recurso":"Recursos do Exerc\u00edcio Corrente \/ Outros Recursos n\u00e3o Vinculados \/ -"},{"ano_emissao_emp":"2023","n_emp":"0000265","data_emissao":"19\/07\/2023","valor":"350,00","tipo_empenho":"Ordin\u00e1rio","hist_emp":"Valor que se empenha para fazer face ao custeio de uma diaria sem pernoite, onde participara de reuniao com o diretor-presidente da Agencia de Desenvolvimento Economico de Pernambuco (ADEPE), Andre Texeira Filho. Entre outros assuntos, discutiremos a implantacao de um distrito industrial em Santa Cruz do Capibaribe direcionado a producao textil- ampliacao da divulgacao, a nivel de Estado, do Calcadao de Confeccoes, e o incentivo a formalizacao dos pequenos confeccionistas dentro do proprio calcadao, celeb","fornecedor":"ROZ\u00c2NGELA MARIA DOS SANTOS","denom_uni_orc":"CORPO DELIBERATIVO E SECRETARIA","funcao":"Legislativa","sub_funcao":"A\u00e7\u00e3o Legislativa","programa":"A\u00c7\u00c3O LEGISLATIVA","acao":"MANUTEN\u00c7\u00c3O DAS ATIVIDADES LEGISLATIVAS","ident_acao":"Atividade","cat_econ":"Despesa Corrente","natureza_despesa":"Outras Despesas Correntes","modalidade_despesa":"Aplica\u00e7\u00f5es Diretas","elemento_despesa":"Di\u00e1rias \u2013 Civil","sub_elem_desp":"SEM SUBELEMENTO","fonte_recurso":"Recursos do Exerc\u00edcio Corrente \/ Outros Recursos n\u00e3o Vinculados \/ -"},{"ano_emissao_emp":"2023","n_emp":"0000266","data_emissao":"20\/07\/2023","valor":"102,66","tipo_empenho":"Ordin\u00e1rio","hist_emp":"Valor que se empenha para fazer face ao pagamento de conta do numero telefonico (81) 3731-3084 referente ao mes de junho de 2023, celebrado mediante dispensa de licitacao, com fundamento no artigo 75, inciso 2\u00ba da Lei 14.133\/21.","fornecedor":"OI S.A. - EM RECUPERACAO JUDICIAL","denom_uni_orc":"CORPO DELIBERATIVO E SECRETARIA","funcao":"Legislativa","sub_funcao":"A\u00e7\u00e3o Legislativa","programa":"A\u00c7\u00c3O LEGISLATIVA","acao":"AQUISI\u00c7\u00c3O DE M\u00d3VEIS, M\u00c1QUINAS E EQUIPAMENTOS DIVERSOS PARA O CONSELHO","ident_acao":"Atividade","cat_econ":"Despesa Corrente","natureza_despesa":"Outras Despesas Correntes","modalidade_despesa":"Aplica\u00e7\u00f5es Diretas","elemento_despesa":"Outros Servi\u00e7os de Terceiros - Pessoa Jur\u00eddica","sub_elem_desp":"SEM SUBELEMENTO","fonte_recurso":"Recursos do Exerc\u00edcio Corrente \/ Outros Recursos n\u00e3o Vinculados \/ -"},{"ano_emissao_emp":"2023","n_emp":"0000266","data_emissao":"20\/07\/2023","valor":"102,66","tipo_empenho":"Ordin\u00e1rio","hist_emp":"Valor que se empenha para fazer face ao pagamento de conta do numero telefonico (81) 3731-3084 referente ao mes de junho de 2023, celebrado mediante dispensa de licitacao, com fundamento no artigo 75, inciso 2\u00ba da Lei 14.133\/21.","fornecedor":"OI S.A. - EM RECUPERACAO JUDICIAL","denom_uni_orc":"CORPO DELIBERATIVO E SECRETARIA","funcao":"Legislativa","sub_funcao":"A\u00e7\u00e3o Legislativa","programa":"A\u00c7\u00c3O LEGISLATIVA","acao":"MANUTEN\u00c7\u00c3O DAS ATIVIDADES ADMINISTRATIVAS","ident_acao":"Atividade","cat_econ":"Despesa Corrente","natureza_despesa":"Outras Despesas Correntes","modalidade_despesa":"Aplica\u00e7\u00f5es Diretas","elemento_despesa":"Outros Servi\u00e7os de Terceiros - Pessoa Jur\u00eddica","sub_elem_desp":"SEM SUBELEMENTO","fonte_recurso":"Recursos do Exerc\u00edcio Corrente \/ Outros Recursos n\u00e3o Vinculados \/ -"},{"ano_emissao_emp":"2023","n_emp":"0000266","data_emissao":"20\/07\/2023","valor":"102,66","tipo_empenho":"Ordin\u00e1rio","hist_emp":"Valor que se empenha para fazer face ao pagamento de conta do numero telefonico (81) 3731-3084 referente ao mes de junho de 2023, celebrado mediante dispensa de licitacao, com fundamento no artigo 75, inciso 2\u00ba da Lei 14.133\/21.","fornecedor":"OI S.A. - EM RECUPERACAO JUDICIAL","denom_uni_orc":"CORPO DELIBERATIVO E SECRETARIA","funcao":"Legislativa","sub_funcao":"A\u00e7\u00e3o Legislativa","programa":"A\u00c7\u00c3O LEGISLATIVA","acao":"INDENIZA\u00c7\u00d5ES E RESTITUI\u00c7\u00d5ES DIVERSAS (FMS)","ident_acao":"Atividade","cat_econ":"Despesa Corrente","natureza_despesa":"Outras Despesas Correntes","modalidade_despesa":"Aplica\u00e7\u00f5es Diretas","elemento_despesa":"Outros Servi\u00e7os de Terceiros - Pessoa Jur\u00eddica","sub_elem_desp":"SEM SUBELEMENTO","fonte_recurso":"Recursos do Exerc\u00edcio Corrente \/ Outros Recursos n\u00e3o Vinculados \/ -"},{"ano_emissao_emp":"2023","n_emp":"0000267","data_emissao":"21\/07\/2023","valor":"600,00","tipo_empenho":"Ordin\u00e1rio","hist_emp":"Valor que se empenha para fazer face ao custeio de 04 (quatro) diarias sem pernoite para participacao no encontro nordestino de gestores e legislativos municipais, entre os dias 24 a 27 de julho, em Caruaru, celebrado mediante dispensa de licitacao, com fundamento no artigo 75, inciso 2\u00ba da Lei 14.133\/21.","fornecedor":"JOSE MANOEL DA SILVA","denom_uni_orc":"CORPO DELIBERATIVO E SECRETARIA","funcao":"Legislativa","sub_funcao":"A\u00e7\u00e3o Legislativa","programa":"A\u00c7\u00c3O LEGISLATIVA","acao":"AQUISI\u00c7\u00c3O DE EQUIPAMENTOS DIVERSOS PARA O PROGRAMA PRIMEIRA INF\u00c2NCIA N","ident_acao":"Atividade","cat_econ":"Despesa Corrente","natureza_despesa":"Outras Despesas Correntes","modalidade_despesa":"Aplica\u00e7\u00f5es Diretas","elemento_despesa":"Di\u00e1rias \u2013 Civil","sub_elem_desp":"SEM SUBELEMENTO","fonte_recurso":"Recursos do Exerc\u00edcio Corrente \/ Outros Recursos n\u00e3o Vinculados \/ -"},{"ano_emissao_emp":"2023","n_emp":"0000267","data_emissao":"21\/07\/2023","valor":"600,00","tipo_empenho":"Ordin\u00e1rio","hist_emp":"Valor que se empenha para fazer face ao custeio de 04 (quatro) diarias sem pernoite para participacao no encontro nordestino de gestores e legislativos municipais, entre os dias 24 a 27 de julho, em Caruaru, celebrado mediante dispensa de licitacao, com fundamento no artigo 75, inciso 2\u00ba da Lei 14.133\/21.","fornecedor":"JOSE MANOEL DA SILVA","denom_uni_orc":"CORPO DELIBERATIVO E SECRETARIA","funcao":"Legislativa","sub_funcao":"A\u00e7\u00e3o Legislativa","programa":"A\u00c7\u00c3O LEGISLATIVA","acao":"MANUTEN\u00c7\u00c3O DAS ATIVIDADES LEGISLATIVAS","ident_acao":"Atividade","cat_econ":"Despesa Corrente","natureza_despesa":"Outras Despesas Correntes","modalidade_despesa":"Aplica\u00e7\u00f5es Diretas","elemento_despesa":"Di\u00e1rias \u2013 Civil","sub_elem_desp":"SEM SUBELEMENTO","fonte_recurso":"Recursos do Exerc\u00edcio Corrente \/ Outros Recursos n\u00e3o Vinculados \/ -"},{"ano_emissao_emp":"2023","n_emp":"0000268","data_emissao":"21\/07\/2023","valor":"600,00","tipo_empenho":"Ordin\u00e1rio","hist_emp":"Valor que se empenha para fazer face ao custeio de 04 (quatro) diarias sem pernoite destinada a viagem a cidade de Caruaru para participacao no evento- Encontro Nordestino de Gestores e Legislativos Municipais, a ser realizado entre os dias 24 e 27 de julho de 2023 na cidade de Caruaru - PE, no Centro de Convencoes- SENAC. A realizacao do evento e da Uniao dos Vereadores do Brasil (UVB), em parceria com a Uniao dos Vereadores de Pernambuco (UVP), celebrado mediante dispensa de licitacao, com fundamento no","fornecedor":"GILSON JOSE JULIAO","denom_uni_orc":"CORPO DELIBERATIVO E SECRETARIA","funcao":"Legislativa","sub_funcao":"A\u00e7\u00e3o Legislativa","programa":"A\u00c7\u00c3O LEGISLATIVA","acao":"AQUISI\u00c7\u00c3O DE EQUIPAMENTOS DIVERSOS PARA O PROGRAMA PRIMEIRA INF\u00c2NCIA N","ident_acao":"Atividade","cat_econ":"Despesa Corrente","natureza_despesa":"Outras Despesas Correntes","modalidade_despesa":"Aplica\u00e7\u00f5es Diretas","elemento_despesa":"Di\u00e1rias \u2013 Civil","sub_elem_desp":"SEM SUBELEMENTO","fonte_recurso":"Recursos do Exerc\u00edcio Corrente \/ Outros Recursos n\u00e3o Vinculados \/ -"},{"ano_emissao_emp":"2023","n_emp":"0000268","data_emissao":"21\/07\/2023","valor":"600,00","tipo_empenho":"Ordin\u00e1rio","hist_emp":"Valor que se empenha para fazer face ao custeio de 04 (quatro) diarias sem pernoite destinada a viagem a cidade de Caruaru para participacao no evento- Encontro Nordestino de Gestores e Legislativos Municipais, a ser realizado entre os dias 24 e 27 de julho de 2023 na cidade de Caruaru - PE, no Centro de Convencoes- SENAC. A realizacao do evento e da Uniao dos Vereadores do Brasil (UVB), em parceria com a Uniao dos Vereadores de Pernambuco (UVP), celebrado mediante dispensa de licitacao, com fundamento no","fornecedor":"GILSON JOSE JULIAO","denom_uni_orc":"CORPO DELIBERATIVO E SECRETARIA","funcao":"Legislativa","sub_funcao":"A\u00e7\u00e3o Legislativa","programa":"A\u00c7\u00c3O LEGISLATIVA","acao":"MANUTEN\u00c7\u00c3O DAS ATIVIDADES LEGISLATIVAS","ident_acao":"Atividade","cat_econ":"Despesa Corrente","natureza_despesa":"Outras Despesas Correntes","modalidade_despesa":"Aplica\u00e7\u00f5es Diretas","elemento_despesa":"Di\u00e1rias \u2013 Civil","sub_elem_desp":"SEM SUBELEMENTO","fonte_recurso":"Recursos do Exerc\u00edcio Corrente \/ Outros Recursos n\u00e3o Vinculados \/ -"},{"ano_emissao_emp":"2023","n_emp":"0000269","data_emissao":"21\/07\/2023","valor":"600,00","tipo_empenho":"Ordin\u00e1rio","hist_emp":"Valor que se empenha para fazer face ao custeio de 04 (quatro) diarias sem pernoite destinadas a participar do encontro nordestino de gestores e legisladores municipais, que ocorrera nos dias 24 a 27 de julho de 2023 na cidade de Caruaru - PE, celebrado mediante dispensa de licitacao, com fundamento no artigo 75, inciso 2\u00ba da lei 14.133\/21.","fornecedor":"JOSE SOARES CORREIA","denom_uni_orc":"CORPO DELIBERATIVO E SECRETARIA","funcao":"Legislativa","sub_funcao":"A\u00e7\u00e3o Legislativa","programa":"A\u00c7\u00c3O LEGISLATIVA","acao":"AQUISI\u00c7\u00c3O DE EQUIPAMENTOS DIVERSOS PARA O PROGRAMA PRIMEIRA INF\u00c2NCIA N","ident_acao":"Atividade","cat_econ":"Despesa Corrente","natureza_despesa":"Outras Despesas Correntes","modalidade_despesa":"Aplica\u00e7\u00f5es Diretas","elemento_despesa":"Di\u00e1rias \u2013 Civil","sub_elem_desp":"SEM SUBELEMENTO","fonte_recurso":"Recursos do Exerc\u00edcio Corrente \/ Outros Recursos n\u00e3o Vinculados \/ -"},{"ano_emissao_emp":"2023","n_emp":"0000269","data_emissao":"21\/07\/2023","valor":"600,00","tipo_empenho":"Ordin\u00e1rio","hist_emp":"Valor que se empenha para fazer face ao custeio de 04 (quatro) diarias sem pernoite destinadas a participar do encontro nordestino de gestores e legisladores municipais, que ocorrera nos dias 24 a 27 de julho de 2023 na cidade de Caruaru - PE, celebrado mediante dispensa de licitacao, com fundamento no artigo 75, inciso 2\u00ba da lei 14.133\/21.","fornecedor":"JOSE SOARES CORREIA","denom_uni_orc":"CORPO DELIBERATIVO E SECRETARIA","funcao":"Legislativa","sub_funcao":"A\u00e7\u00e3o Legislativa","programa":"A\u00c7\u00c3O LEGISLATIVA","acao":"MANUTEN\u00c7\u00c3O DAS ATIVIDADES LEGISLATIVAS","ident_acao":"Atividade","cat_econ":"Despesa Corrente","natureza_despesa":"Outras Despesas Correntes","modalidade_despesa":"Aplica\u00e7\u00f5es Diretas","elemento_despesa":"Di\u00e1rias \u2013 Civil","sub_elem_desp":"SEM SUBELEMENTO","fonte_recurso":"Recursos do Exerc\u00edcio Corrente \/ Outros Recursos n\u00e3o Vinculados \/ -"},{"ano_emissao_emp":"2023","n_emp":"0000270","data_emissao":"21\/07\/2023","valor":"600,00","tipo_empenho":"Ordin\u00e1rio","hist_emp":"Valor que se empenha para fazer face ao custeio de 04 (quatro) diarias sem pernoite para participacao do encontro nordestino de gestores e legislativos municipais, que ocorrera nos dias 24 a 27 de julho de 2023 na cidade de Caruaru-PE, celebrado mediante dispensa de licitacao, com fundamento no artigo 75, inciso 2\u00ba da Lei 14.133\/21.","fornecedor":"JESSYCA M\u00d4NICA DE LIMA CAVALCANTI","denom_uni_orc":"CORPO DELIBERATIVO E SECRETARIA","funcao":"Legislativa","sub_funcao":"A\u00e7\u00e3o Legislativa","programa":"A\u00c7\u00c3O LEGISLATIVA","acao":"AQUISI\u00c7\u00c3O DE EQUIPAMENTOS DIVERSOS PARA O PROGRAMA PRIMEIRA INF\u00c2NCIA N","ident_acao":"Atividade","cat_econ":"Despesa Corrente","natureza_despesa":"Outras Despesas Correntes","modalidade_despesa":"Aplica\u00e7\u00f5es Diretas","elemento_despesa":"Di\u00e1rias \u2013 Civil","sub_elem_desp":"SEM SUBELEMENTO","fonte_recurso":"Recursos do Exerc\u00edcio Corrente \/ Outros Recursos n\u00e3o Vinculados \/ -"},{"ano_emissao_emp":"2023","n_emp":"0000270","data_emissao":"21\/07\/2023","valor":"600,00","tipo_empenho":"Ordin\u00e1rio","hist_emp":"Valor que se empenha para fazer face ao custeio de 04 (quatro) diarias sem pernoite para participacao do encontro nordestino de gestores e legislativos municipais, que ocorrera nos dias 24 a 27 de julho de 2023 na cidade de Caruaru-PE, celebrado mediante dispensa de licitacao, com fundamento no artigo 75, inciso 2\u00ba da Lei 14.133\/21.","fornecedor":"JESSYCA M\u00d4NICA DE LIMA CAVALCANTI","denom_uni_orc":"CORPO DELIBERATIVO E SECRETARIA","funcao":"Legislativa","sub_funcao":"A\u00e7\u00e3o Legislativa","programa":"A\u00c7\u00c3O LEGISLATIVA","acao":"MANUTEN\u00c7\u00c3O DAS ATIVIDADES LEGISLATIVAS","ident_acao":"Atividade","cat_econ":"Despesa Corrente","natureza_despesa":"Outras Despesas Correntes","modalidade_despesa":"Aplica\u00e7\u00f5es Diretas","elemento_despesa":"Di\u00e1rias \u2013 Civil","sub_elem_desp":"SEM SUBELEMENTO","fonte_recurso":"Recursos do Exerc\u00edcio Corrente \/ Outros Recursos n\u00e3o Vinculados \/ -"},{"ano_emissao_emp":"2023","n_emp":"0000271","data_emissao":"21\/07\/2023","valor":"600,00","tipo_empenho":"Ordin\u00e1rio","hist_emp":"Valor que se empenha para fazer face ao custeio de 04 (quatro) diarias sem pernoite para participacao do Encontro Nordestino de Gestores e Legislativos Municipais, em Caruaru nos dias 24 a 27 de julho de 2023, celebrado mediante dispensa de licitacao, com fundamento no artigo 75, inciso 2\u00ba da Lei 14.133\/21.","fornecedor":"JOSE AILTON OLIVEIRA BORGES","denom_uni_orc":"CORPO DELIBERATIVO E SECRETARIA","funcao":"Legislativa","sub_funcao":"A\u00e7\u00e3o Legislativa","programa":"A\u00c7\u00c3O LEGISLATIVA","acao":"AQUISI\u00c7\u00c3O DE EQUIPAMENTOS DIVERSOS PARA O PROGRAMA PRIMEIRA INF\u00c2NCIA N","ident_acao":"Atividade","cat_econ":"Despesa Corrente","natureza_despesa":"Outras Despesas Correntes","modalidade_despesa":"Aplica\u00e7\u00f5es Diretas","elemento_despesa":"Di\u00e1rias \u2013 Civil","sub_elem_desp":"SEM SUBELEMENTO","fonte_recurso":"Recursos do Exerc\u00edcio Corrente \/ Outros Recursos n\u00e3o Vinculados \/ -"},{"ano_emissao_emp":"2023","n_emp":"0000271","data_emissao":"21\/07\/2023","valor":"600,00","tipo_empenho":"Ordin\u00e1rio","hist_emp":"Valor que se empenha para fazer face ao custeio de 04 (quatro) diarias sem pernoite para participacao do Encontro Nordestino de Gestores e Legislativos Municipais, em Caruaru nos dias 24 a 27 de julho de 2023, celebrado mediante dispensa de licitacao, com fundamento no artigo 75, inciso 2\u00ba da Lei 14.133\/21.","fornecedor":"JOSE AILTON OLIVEIRA BORGES","denom_uni_orc":"CORPO DELIBERATIVO E SECRETARIA","funcao":"Legislativa","sub_funcao":"A\u00e7\u00e3o Legislativa","programa":"A\u00c7\u00c3O LEGISLATIVA","acao":"MANUTEN\u00c7\u00c3O DAS ATIVIDADES LEGISLATIVAS","ident_acao":"Atividade","cat_econ":"Despesa Corrente","natureza_despesa":"Outras Despesas Correntes","modalidade_despesa":"Aplica\u00e7\u00f5es Diretas","elemento_despesa":"Di\u00e1rias \u2013 Civil","sub_elem_desp":"SEM SUBELEMENTO","fonte_recurso":"Recursos do Exerc\u00edcio Corrente \/ Outros Recursos n\u00e3o Vinculados \/ -"},{"ano_emissao_emp":"2023","n_emp":"0000272","data_emissao":"21\/07\/2023","valor":"400,00","tipo_empenho":"Ordin\u00e1rio","hist_emp":"Valor que se empenha para fazer face ao custeio de 04 (quatro) diarias sem pernoite, a fim de acompanhar vereadores da bancada de oposicao para realizar a cobertura jornalistica, bem como adquirir novos conhecimentos no Encontro Nordestino de Gestores e Legislativos Municipais promovido pela UVB-PE, com o apoio da UVB, que acontecera na cidade de Caruaru, de 24 a 27 de julho de 2023, celebrado mediante dispensa de licitacao, com fundamento no artigo 75, inciso 2\u00ba da Lei 14.133\/21.","fornecedor":"GILBERTO JOS\u00c9 DA SILVA","denom_uni_orc":"CORPO DELIBERATIVO E SECRETARIA","funcao":"Legislativa","sub_funcao":"A\u00e7\u00e3o Legislativa","programa":"A\u00c7\u00c3O LEGISLATIVA","acao":"AQUISI\u00c7\u00c3O DE M\u00d3VEIS, M\u00c1QUINAS E EQUIPAMENTOS DIVERSOS PARA O CONSELHO","ident_acao":"Atividade","cat_econ":"Despesa Corrente","natureza_despesa":"Outras Despesas Correntes","modalidade_despesa":"Aplica\u00e7\u00f5es Diretas","elemento_despesa":"Di\u00e1rias \u2013 Civil","sub_elem_desp":"SEM SUBELEMENTO","fonte_recurso":"Recursos do Exerc\u00edcio Corrente \/ Outros Recursos n\u00e3o Vinculados \/ -"},{"ano_emissao_emp":"2023","n_emp":"0000272","data_emissao":"21\/07\/2023","valor":"400,00","tipo_empenho":"Ordin\u00e1rio","hist_emp":"Valor que se empenha para fazer face ao custeio de 04 (quatro) diarias sem pernoite, a fim de acompanhar vereadores da bancada de oposicao para realizar a cobertura jornalistica, bem como adquirir novos conhecimentos no Encontro Nordestino de Gestores e Legislativos Municipais promovido pela UVB-PE, com o apoio da UVB, que acontecera na cidade de Caruaru, de 24 a 27 de julho de 2023, celebrado mediante dispensa de licitacao, com fundamento no artigo 75, inciso 2\u00ba da Lei 14.133\/21.","fornecedor":"GILBERTO JOS\u00c9 DA SILVA","denom_uni_orc":"CORPO DELIBERATIVO E SECRETARIA","funcao":"Legislativa","sub_funcao":"A\u00e7\u00e3o Legislativa","programa":"A\u00c7\u00c3O LEGISLATIVA","acao":"MANUTEN\u00c7\u00c3O DAS ATIVIDADES ADMINISTRATIVAS","ident_acao":"Atividade","cat_econ":"Despesa Corrente","natureza_despesa":"Outras Despesas Correntes","modalidade_despesa":"Aplica\u00e7\u00f5es Diretas","elemento_despesa":"Di\u00e1rias \u2013 Civil","sub_elem_desp":"SEM SUBELEMENTO","fonte_recurso":"Recursos do Exerc\u00edcio Corrente \/ Outros Recursos n\u00e3o Vinculados \/ -"},{"ano_emissao_emp":"2023","n_emp":"0000272","data_emissao":"21\/07\/2023","valor":"400,00","tipo_empenho":"Ordin\u00e1rio","hist_emp":"Valor que se empenha para fazer face ao custeio de 04 (quatro) diarias sem pernoite, a fim de acompanhar vereadores da bancada de oposicao para realizar a cobertura jornalistica, bem como adquirir novos conhecimentos no Encontro Nordestino de Gestores e Legislativos Municipais promovido pela UVB-PE, com o apoio da UVB, que acontecera na cidade de Caruaru, de 24 a 27 de julho de 2023, celebrado mediante dispensa de licitacao, com fundamento no artigo 75, inciso 2\u00ba da Lei 14.133\/21.","fornecedor":"GILBERTO JOS\u00c9 DA SILVA","denom_uni_orc":"CORPO DELIBERATIVO E SECRETARIA","funcao":"Legislativa","sub_funcao":"A\u00e7\u00e3o Legislativa","programa":"A\u00c7\u00c3O LEGISLATIVA","acao":"INDENIZA\u00c7\u00d5ES E RESTITUI\u00c7\u00d5ES DIVERSAS (FMS)","ident_acao":"Atividade","cat_econ":"Despesa Corrente","natureza_despesa":"Outras Despesas Correntes","modalidade_despesa":"Aplica\u00e7\u00f5es Diretas","elemento_despesa":"Di\u00e1rias \u2013 Civil","sub_elem_desp":"SEM SUBELEMENTO","fonte_recurso":"Recursos do Exerc\u00edcio Corrente \/ Outros Recursos n\u00e3o Vinculados \/ -"},{"ano_emissao_emp":"2023","n_emp":"0000273","data_emissao":"21\/07\/2023","valor":"590,00","tipo_empenho":"Ordin\u00e1rio","hist_emp":"Valor que se empenha para fazer face ao custeio com a inscricao do vereador JOSE SOARES CORREIA no Encontro Nordestino de Gestores e Legislativos Municipais, que ocorrera nos dias 24 a 27 de julho de 2023 na cidade de Caruaru-PE, celebrado mediante dispensa de licitacao, com fundamento no artigo 75, inciso 2\u00ba da Lei 14.133\/21.","fornecedor":"INOVAR INSTITUTO DE CAPACITACAO LTDA","denom_uni_orc":"CORPO DELIBERATIVO E SECRETARIA","funcao":"Legislativa","sub_funcao":"A\u00e7\u00e3o Legislativa","programa":"A\u00c7\u00c3O LEGISLATIVA","acao":"AQUISI\u00c7\u00c3O DE M\u00d3VEIS, M\u00c1QUINAS E EQUIPAMENTOS DIVERSOS PARA O CONSELHO","ident_acao":"Atividade","cat_econ":"Despesa Corrente","natureza_despesa":"Outras Despesas Correntes","modalidade_despesa":"Aplica\u00e7\u00f5es Diretas","elemento_despesa":"Outros Servi\u00e7os de Terceiros - Pessoa Jur\u00eddica","sub_elem_desp":"SEM SUBELEMENTO","fonte_recurso":"Recursos do Exerc\u00edcio Corrente \/ Outros Recursos n\u00e3o Vinculados \/ -"},{"ano_emissao_emp":"2023","n_emp":"0000273","data_emissao":"21\/07\/2023","valor":"590,00","tipo_empenho":"Ordin\u00e1rio","hist_emp":"Valor que se empenha para fazer face ao custeio com a inscricao do vereador JOSE SOARES CORREIA no Encontro Nordestino de Gestores e Legislativos Municipais, que ocorrera nos dias 24 a 27 de julho de 2023 na cidade de Caruaru-PE, celebrado mediante dispensa de licitacao, com fundamento no artigo 75, inciso 2\u00ba da Lei 14.133\/21.","fornecedor":"INOVAR INSTITUTO DE CAPACITACAO LTDA","denom_uni_orc":"CORPO DELIBERATIVO E SECRETARIA","funcao":"Legislativa","sub_funcao":"A\u00e7\u00e3o Legislativa","programa":"A\u00c7\u00c3O LEGISLATIVA","acao":"MANUTEN\u00c7\u00c3O DAS ATIVIDADES ADMINISTRATIVAS","ident_acao":"Atividade","cat_econ":"Despesa Corrente","natureza_despesa":"Outras Despesas Correntes","modalidade_despesa":"Aplica\u00e7\u00f5es Diretas","elemento_despesa":"Outros Servi\u00e7os de Terceiros - Pessoa Jur\u00eddica","sub_elem_desp":"SEM SUBELEMENTO","fonte_recurso":"Recursos do Exerc\u00edcio Corrente \/ Outros Recursos n\u00e3o Vinculados \/ -"},{"ano_emissao_emp":"2023","n_emp":"0000273","data_emissao":"21\/07\/2023","valor":"590,00","tipo_empenho":"Ordin\u00e1rio","hist_emp":"Valor que se empenha para fazer face ao custeio com a inscricao do vereador JOSE SOARES CORREIA no Encontro Nordestino de Gestores e Legislativos Municipais, que ocorrera nos dias 24 a 27 de julho de 2023 na cidade de Caruaru-PE, celebrado mediante dispensa de licitacao, com fundamento no artigo 75, inciso 2\u00ba da Lei 14.133\/21.","fornecedor":"INOVAR INSTITUTO DE CAPACITACAO LTDA","denom_uni_orc":"CORPO DELIBERATIVO E SECRETARIA","funcao":"Legislativa","sub_funcao":"A\u00e7\u00e3o Legislativa","programa":"A\u00c7\u00c3O LEGISLATIVA","acao":"INDENIZA\u00c7\u00d5ES E RESTITUI\u00c7\u00d5ES DIVERSAS (FMS)","ident_acao":"Atividade","cat_econ":"Despesa Corrente","natureza_despesa":"Outras Despesas Correntes","modalidade_despesa":"Aplica\u00e7\u00f5es Diretas","elemento_despesa":"Outros Servi\u00e7os de Terceiros - Pessoa Jur\u00eddica","sub_elem_desp":"SEM SUBELEMENTO","fonte_recurso":"Recursos do Exerc\u00edcio Corrente \/ Outros Recursos n\u00e3o Vinculados \/ -"},{"ano_emissao_emp":"2023","n_emp":"0000274","data_emissao":"21\/07\/2023","valor":"590,00","tipo_empenho":"Ordin\u00e1rio","hist_emp":"Valor que se empenha para fazer face ao custeio com a inscricao da vereadora JESSYCA DE LIMA CAVALCANTI no Encontro Nordestino de Gestores e Legislativos Municipais, que ocorrera nos dias 24 a 27 de julho de 2023 na cidade de Caruaru-PE, celebrado mediante dispensa de licitacao, com fundamento no artigo 75, inciso 2\u00ba da Lei 14.133\/21.","fornecedor":"INOVAR INSTITUTO DE CAPACITACAO LTDA","denom_uni_orc":"CORPO DELIBERATIVO E SECRETARIA","funcao":"Legislativa","sub_funcao":"A\u00e7\u00e3o Legislativa","programa":"A\u00c7\u00c3O LEGISLATIVA","acao":"AQUISI\u00c7\u00c3O DE M\u00d3VEIS, M\u00c1QUINAS E EQUIPAMENTOS DIVERSOS PARA O CONSELHO","ident_acao":"Atividade","cat_econ":"Despesa Corrente","natureza_despesa":"Outras Despesas Correntes","modalidade_despesa":"Aplica\u00e7\u00f5es Diretas","elemento_despesa":"Outros Servi\u00e7os de Terceiros - Pessoa Jur\u00eddica","sub_elem_desp":"SEM SUBELEMENTO","fonte_recurso":"Recursos do Exerc\u00edcio Corrente \/ Outros Recursos n\u00e3o Vinculados \/ -"},{"ano_emissao_emp":"2023","n_emp":"0000274","data_emissao":"21\/07\/2023","valor":"590,00","tipo_empenho":"Ordin\u00e1rio","hist_emp":"Valor que se empenha para fazer face ao custeio com a inscricao da vereadora JESSYCA DE LIMA CAVALCANTI no Encontro Nordestino de Gestores e Legislativos Municipais, que ocorrera nos dias 24 a 27 de julho de 2023 na cidade de Caruaru-PE, celebrado mediante dispensa de licitacao, com fundamento no artigo 75, inciso 2\u00ba da Lei 14.133\/21.","fornecedor":"INOVAR INSTITUTO DE CAPACITACAO LTDA","denom_uni_orc":"CORPO DELIBERATIVO E SECRETARIA","funcao":"Legislativa","sub_funcao":"A\u00e7\u00e3o Legislativa","programa":"A\u00c7\u00c3O LEGISLATIVA","acao":"MANUTEN\u00c7\u00c3O DAS ATIVIDADES ADMINISTRATIVAS","ident_acao":"Atividade","cat_econ":"Despesa Corrente","natureza_despesa":"Outras Despesas Correntes","modalidade_despesa":"Aplica\u00e7\u00f5es Diretas","elemento_despesa":"Outros Servi\u00e7os de Terceiros - Pessoa Jur\u00eddica","sub_elem_desp":"SEM SUBELEMENTO","fonte_recurso":"Recursos do Exerc\u00edcio Corrente \/ Outros Recursos n\u00e3o Vinculados \/ -"},{"ano_emissao_emp":"2023","n_emp":"0000274","data_emissao":"21\/07\/2023","valor":"590,00","tipo_empenho":"Ordin\u00e1rio","hist_emp":"Valor que se empenha para fazer face ao custeio com a inscricao da vereadora JESSYCA DE LIMA CAVALCANTI no Encontro Nordestino de Gestores e Legislativos Municipais, que ocorrera nos dias 24 a 27 de julho de 2023 na cidade de Caruaru-PE, celebrado mediante dispensa de licitacao, com fundamento no artigo 75, inciso 2\u00ba da Lei 14.133\/21.","fornecedor":"INOVAR INSTITUTO DE CAPACITACAO LTDA","denom_uni_orc":"CORPO DELIBERATIVO E SECRETARIA","funcao":"Legislativa","sub_funcao":"A\u00e7\u00e3o Legislativa","programa":"A\u00c7\u00c3O LEGISLATIVA","acao":"INDENIZA\u00c7\u00d5ES E RESTITUI\u00c7\u00d5ES DIVERSAS (FMS)","ident_acao":"Atividade","cat_econ":"Despesa Corrente","natureza_despesa":"Outras Despesas Correntes","modalidade_despesa":"Aplica\u00e7\u00f5es Diretas","elemento_despesa":"Outros Servi\u00e7os de Terceiros - Pessoa Jur\u00eddica","sub_elem_desp":"SEM SUBELEMENTO","fonte_recurso":"Recursos do Exerc\u00edcio Corrente \/ Outros Recursos n\u00e3o Vinculados \/ -"},{"ano_emissao_emp":"2023","n_emp":"0000275","data_emissao":"21\/07\/2023","valor":"590,00","tipo_empenho":"Ordin\u00e1rio","hist_emp":"Valor que se empenha para fazer face ao custeio com a inscricao do assessor GILBERTO JOS\u00c9 DA SILVA no Encontro Nordestino de Gestores e Legislativos Municipais, que ocorrera nos dias 24 a 27 de julho de 2023 na cidade de Caruaru-PE, celebrado mediante dispensa de licitacao, com fundamento no artigo 75, inciso 2\u00ba da Lei 14.133\/21.","fornecedor":"INOVAR INSTITUTO DE CAPACITACAO LTDA","denom_uni_orc":"CORPO DELIBERATIVO E SECRETARIA","funcao":"Legislativa","sub_funcao":"A\u00e7\u00e3o Legislativa","programa":"A\u00c7\u00c3O LEGISLATIVA","acao":"AQUISI\u00c7\u00c3O DE M\u00d3VEIS, M\u00c1QUINAS E EQUIPAMENTOS DIVERSOS PARA O CONSELHO","ident_acao":"Atividade","cat_econ":"Despesa Corrente","natureza_despesa":"Outras Despesas Correntes","modalidade_despesa":"Aplica\u00e7\u00f5es Diretas","elemento_despesa":"Outros Servi\u00e7os de Terceiros - Pessoa Jur\u00eddica","sub_elem_desp":"SEM SUBELEMENTO","fonte_recurso":"Recursos do Exerc\u00edcio Corrente \/ Outros Recursos n\u00e3o Vinculados \/ -"},{"ano_emissao_emp":"2023","n_emp":"0000275","data_emissao":"21\/07\/2023","valor":"590,00","tipo_empenho":"Ordin\u00e1rio","hist_emp":"Valor que se empenha para fazer face ao custeio com a inscricao do assessor GILBERTO JOS\u00c9 DA SILVA no Encontro Nordestino de Gestores e Legislativos Municipais, que ocorrera nos dias 24 a 27 de julho de 2023 na cidade de Caruaru-PE, celebrado mediante dispensa de licitacao, com fundamento no artigo 75, inciso 2\u00ba da Lei 14.133\/21.","fornecedor":"INOVAR INSTITUTO DE CAPACITACAO LTDA","denom_uni_orc":"CORPO DELIBERATIVO E SECRETARIA","funcao":"Legislativa","sub_funcao":"A\u00e7\u00e3o Legislativa","programa":"A\u00c7\u00c3O LEGISLATIVA","acao":"MANUTEN\u00c7\u00c3O DAS ATIVIDADES ADMINISTRATIVAS","ident_acao":"Atividade","cat_econ":"Despesa Corrente","natureza_despesa":"Outras Despesas Correntes","modalidade_despesa":"Aplica\u00e7\u00f5es Diretas","elemento_despesa":"Outros Servi\u00e7os de Terceiros - Pessoa Jur\u00eddica","sub_elem_desp":"SEM SUBELEMENTO","fonte_recurso":"Recursos do Exerc\u00edcio Corrente \/ Outros Recursos n\u00e3o Vinculados \/ -"},{"ano_emissao_emp":"2023","n_emp":"0000275","data_emissao":"21\/07\/2023","valor":"590,00","tipo_empenho":"Ordin\u00e1rio","hist_emp":"Valor que se empenha para fazer face ao custeio com a inscricao do assessor GILBERTO JOS\u00c9 DA SILVA no Encontro Nordestino de Gestores e Legislativos Municipais, que ocorrera nos dias 24 a 27 de julho de 2023 na cidade de Caruaru-PE, celebrado mediante dispensa de licitacao, com fundamento no artigo 75, inciso 2\u00ba da Lei 14.133\/21.","fornecedor":"INOVAR INSTITUTO DE CAPACITACAO LTDA","denom_uni_orc":"CORPO DELIBERATIVO E SECRETARIA","funcao":"Legislativa","sub_funcao":"A\u00e7\u00e3o Legislativa","programa":"A\u00c7\u00c3O LEGISLATIVA","acao":"INDENIZA\u00c7\u00d5ES E RESTITUI\u00c7\u00d5ES DIVERSAS (FMS)","ident_acao":"Atividade","cat_econ":"Despesa Corrente","natureza_despesa":"Outras Despesas Correntes","modalidade_despesa":"Aplica\u00e7\u00f5es Diretas","elemento_despesa":"Outros Servi\u00e7os de Terceiros - Pessoa Jur\u00eddica","sub_elem_desp":"SEM SUBELEMENTO","fonte_recurso":"Recursos do Exerc\u00edcio Corrente \/ Outros Recursos n\u00e3o Vinculados \/ -"},{"ano_emissao_emp":"2023","n_emp":"0000276","data_emissao":"21\/07\/2023","valor":"590,00","tipo_empenho":"Ordin\u00e1rio","hist_emp":"Valor que se empenha para fazer face ao custeio com a inscricao do vereador GILSON JULI\u00c3O no Encontro Nordestino de Gestores e Legislativos Municipais, que ocorrera nos dias 24 a 27 de julho de 2023 na cidade de Caruaru-PE, celebrado mediante dispensa de licitacao, com fundamento no artigo 75, inciso 2\u00ba da Lei 14.133\/21.","fornecedor":"INOVAR INSTITUTO DE CAPACITACAO LTDA","denom_uni_orc":"CORPO DELIBERATIVO E SECRETARIA","funcao":"Legislativa","sub_funcao":"A\u00e7\u00e3o Legislativa","programa":"A\u00c7\u00c3O LEGISLATIVA","acao":"AQUISI\u00c7\u00c3O DE M\u00d3VEIS, M\u00c1QUINAS E EQUIPAMENTOS DIVERSOS PARA O CONSELHO","ident_acao":"Atividade","cat_econ":"Despesa Corrente","natureza_despesa":"Outras Despesas Correntes","modalidade_despesa":"Aplica\u00e7\u00f5es Diretas","elemento_despesa":"Outros Servi\u00e7os de Terceiros - Pessoa Jur\u00eddica","sub_elem_desp":"SEM SUBELEMENTO","fonte_recurso":"Recursos do Exerc\u00edcio Corrente \/ Outros Recursos n\u00e3o Vinculados \/ -"},{"ano_emissao_emp":"2023","n_emp":"0000276","data_emissao":"21\/07\/2023","valor":"590,00","tipo_empenho":"Ordin\u00e1rio","hist_emp":"Valor que se empenha para fazer face ao custeio com a inscricao do vereador GILSON JULI\u00c3O no Encontro Nordestino de Gestores e Legislativos Municipais, que ocorrera nos dias 24 a 27 de julho de 2023 na cidade de Caruaru-PE, celebrado mediante dispensa de licitacao, com fundamento no artigo 75, inciso 2\u00ba da Lei 14.133\/21.","fornecedor":"INOVAR INSTITUTO DE CAPACITACAO LTDA","denom_uni_orc":"CORPO DELIBERATIVO E SECRETARIA","funcao":"Legislativa","sub_funcao":"A\u00e7\u00e3o Legislativa","programa":"A\u00c7\u00c3O LEGISLATIVA","acao":"MANUTEN\u00c7\u00c3O DAS ATIVIDADES ADMINISTRATIVAS","ident_acao":"Atividade","cat_econ":"Despesa Corrente","natureza_despesa":"Outras Despesas Correntes","modalidade_despesa":"Aplica\u00e7\u00f5es Diretas","elemento_despesa":"Outros Servi\u00e7os de Terceiros - Pessoa Jur\u00eddica","sub_elem_desp":"SEM SUBELEMENTO","fonte_recurso":"Recursos do Exerc\u00edcio Corrente \/ Outros Recursos n\u00e3o Vinculados \/ -"},{"ano_emissao_emp":"2023","n_emp":"0000276","data_emissao":"21\/07\/2023","valor":"590,00","tipo_empenho":"Ordin\u00e1rio","hist_emp":"Valor que se empenha para fazer face ao custeio com a inscricao do vereador GILSON JULI\u00c3O no Encontro Nordestino de Gestores e Legislativos Municipais, que ocorrera nos dias 24 a 27 de julho de 2023 na cidade de Caruaru-PE, celebrado mediante dispensa de licitacao, com fundamento no artigo 75, inciso 2\u00ba da Lei 14.133\/21.","fornecedor":"INOVAR INSTITUTO DE CAPACITACAO LTDA","denom_uni_orc":"CORPO DELIBERATIVO E SECRETARIA","funcao":"Legislativa","sub_funcao":"A\u00e7\u00e3o Legislativa","programa":"A\u00c7\u00c3O LEGISLATIVA","acao":"INDENIZA\u00c7\u00d5ES E RESTITUI\u00c7\u00d5ES DIVERSAS (FMS)","ident_acao":"Atividade","cat_econ":"Despesa Corrente","natureza_despesa":"Outras Despesas Correntes","modalidade_despesa":"Aplica\u00e7\u00f5es Diretas","elemento_despesa":"Outros Servi\u00e7os de Terceiros - Pessoa Jur\u00eddica","sub_elem_desp":"SEM SUBELEMENTO","fonte_recurso":"Recursos do Exerc\u00edcio Corrente \/ Outros Recursos n\u00e3o Vinculados \/ -"},{"ano_emissao_emp":"2023","n_emp":"0000277","data_emissao":"21\/07\/2023","valor":"590,00","tipo_empenho":"Ordin\u00e1rio","hist_emp":"Valor que se empenha para fazer face ao custeio com a inscricao do vereador JOS\u00c9 AILTON BORGES (NEGO Z\u00c9) no Encontro Nordestino de Gestores e Legislativos Municipais, que ocorrera nos dias 24 a 27 de julho de 2023 na cidade de Caruaru-PE, celebrado mediante dispensa de licitacao, com fundamento no artigo 75, inciso 2\u00ba da Lei 14.133\/21.","fornecedor":"INOVAR INSTITUTO DE CAPACITACAO LTDA","denom_uni_orc":"CORPO DELIBERATIVO E SECRETARIA","funcao":"Legislativa","sub_funcao":"A\u00e7\u00e3o Legislativa","programa":"A\u00c7\u00c3O LEGISLATIVA","acao":"AQUISI\u00c7\u00c3O DE M\u00d3VEIS, M\u00c1QUINAS E EQUIPAMENTOS DIVERSOS PARA O CONSELHO","ident_acao":"Atividade","cat_econ":"Despesa Corrente","natureza_despesa":"Outras Despesas Correntes","modalidade_despesa":"Aplica\u00e7\u00f5es Diretas","elemento_despesa":"Outros Servi\u00e7os de Terceiros - Pessoa Jur\u00eddica","sub_elem_desp":"SEM SUBELEMENTO","fonte_recurso":"Recursos do Exerc\u00edcio Corrente \/ Outros Recursos n\u00e3o Vinculados \/ -"},{"ano_emissao_emp":"2023","n_emp":"0000277","data_emissao":"21\/07\/2023","valor":"590,00","tipo_empenho":"Ordin\u00e1rio","hist_emp":"Valor que se empenha para fazer face ao custeio com a inscricao do vereador JOS\u00c9 AILTON BORGES (NEGO Z\u00c9) no Encontro Nordestino de Gestores e Legislativos Municipais, que ocorrera nos dias 24 a 27 de julho de 2023 na cidade de Caruaru-PE, celebrado mediante dispensa de licitacao, com fundamento no artigo 75, inciso 2\u00ba da Lei 14.133\/21.","fornecedor":"INOVAR INSTITUTO DE CAPACITACAO LTDA","denom_uni_orc":"CORPO DELIBERATIVO E SECRETARIA","funcao":"Legislativa","sub_funcao":"A\u00e7\u00e3o Legislativa","programa":"A\u00c7\u00c3O LEGISLATIVA","acao":"MANUTEN\u00c7\u00c3O DAS ATIVIDADES ADMINISTRATIVAS","ident_acao":"Atividade","cat_econ":"Despesa Corrente","natureza_despesa":"Outras Despesas Correntes","modalidade_despesa":"Aplica\u00e7\u00f5es Diretas","elemento_despesa":"Outros Servi\u00e7os de Terceiros - Pessoa Jur\u00eddica","sub_elem_desp":"SEM SUBELEMENTO","fonte_recurso":"Recursos do Exerc\u00edcio Corrente \/ Outros Recursos n\u00e3o Vinculados \/ -"},{"ano_emissao_emp":"2023","n_emp":"0000277","data_emissao":"21\/07\/2023","valor":"590,00","tipo_empenho":"Ordin\u00e1rio","hist_emp":"Valor que se empenha para fazer face ao custeio com a inscricao do vereador JOS\u00c9 AILTON BORGES (NEGO Z\u00c9) no Encontro Nordestino de Gestores e Legislativos Municipais, que ocorrera nos dias 24 a 27 de julho de 2023 na cidade de Caruaru-PE, celebrado mediante dispensa de licitacao, com fundamento no artigo 75, inciso 2\u00ba da Lei 14.133\/21.","fornecedor":"INOVAR INSTITUTO DE CAPACITACAO LTDA","denom_uni_orc":"CORPO DELIBERATIVO E SECRETARIA","funcao":"Legislativa","sub_funcao":"A\u00e7\u00e3o Legislativa","programa":"A\u00c7\u00c3O LEGISLATIVA","acao":"INDENIZA\u00c7\u00d5ES E RESTITUI\u00c7\u00d5ES DIVERSAS (FMS)","ident_acao":"Atividade","cat_econ":"Despesa Corrente","natureza_despesa":"Outras Despesas Correntes","modalidade_despesa":"Aplica\u00e7\u00f5es Diretas","elemento_despesa":"Outros Servi\u00e7os de Terceiros - Pessoa Jur\u00eddica","sub_elem_desp":"SEM SUBELEMENTO","fonte_recurso":"Recursos do Exerc\u00edcio Corrente \/ Outros Recursos n\u00e3o Vinculados \/ -"},{"ano_emissao_emp":"2023","n_emp":"0000278","data_emissao":"21\/07\/2023","valor":"590,00","tipo_empenho":"Ordin\u00e1rio","hist_emp":"Valor que se empenha para fazer face ao custeio com a inscricao do vereador JOS\u00c9 MANOEL DA SILVA (Z\u00c9 BOI) no Encontro Nordestino de Gestores e Legislativos Municipais, que ocorrera nos dias 24 a 27 de julho de 2023 na cidade de Caruaru-PE, celebrado mediante dispensa de licitacao, com fundamento no artigo 75, inciso 2\u00ba da Lei 14.133\/21.","fornecedor":"INOVAR INSTITUTO DE CAPACITACAO LTDA","denom_uni_orc":"CORPO DELIBERATIVO E SECRETARIA","funcao":"Legislativa","sub_funcao":"A\u00e7\u00e3o Legislativa","programa":"A\u00c7\u00c3O LEGISLATIVA","acao":"AQUISI\u00c7\u00c3O DE M\u00d3VEIS, M\u00c1QUINAS E EQUIPAMENTOS DIVERSOS PARA O CONSELHO","ident_acao":"Atividade","cat_econ":"Despesa Corrente","natureza_despesa":"Outras Despesas Correntes","modalidade_despesa":"Aplica\u00e7\u00f5es Diretas","elemento_despesa":"Outros Servi\u00e7os de Terceiros - Pessoa Jur\u00eddica","sub_elem_desp":"SEM SUBELEMENTO","fonte_recurso":"Recursos do Exerc\u00edcio Corrente \/ Outros Recursos n\u00e3o Vinculados \/ -"},{"ano_emissao_emp":"2023","n_emp":"0000278","data_emissao":"21\/07\/2023","valor":"590,00","tipo_empenho":"Ordin\u00e1rio","hist_emp":"Valor que se empenha para fazer face ao custeio com a inscricao do vereador JOS\u00c9 MANOEL DA SILVA (Z\u00c9 BOI) no Encontro Nordestino de Gestores e Legislativos Municipais, que ocorrera nos dias 24 a 27 de julho de 2023 na cidade de Caruaru-PE, celebrado mediante dispensa de licitacao, com fundamento no artigo 75, inciso 2\u00ba da Lei 14.133\/21.","fornecedor":"INOVAR INSTITUTO DE CAPACITACAO LTDA","denom_uni_orc":"CORPO DELIBERATIVO E SECRETARIA","funcao":"Legislativa","sub_funcao":"A\u00e7\u00e3o Legislativa","programa":"A\u00c7\u00c3O LEGISLATIVA","acao":"MANUTEN\u00c7\u00c3O DAS ATIVIDADES ADMINISTRATIVAS","ident_acao":"Atividade","cat_econ":"Despesa Corrente","natureza_despesa":"Outras Despesas Correntes","modalidade_despesa":"Aplica\u00e7\u00f5es Diretas","elemento_despesa":"Outros Servi\u00e7os de Terceiros - Pessoa Jur\u00eddica","sub_elem_desp":"SEM SUBELEMENTO","fonte_recurso":"Recursos do Exerc\u00edcio Corrente \/ Outros Recursos n\u00e3o Vinculados \/ -"},{"ano_emissao_emp":"2023","n_emp":"0000278","data_emissao":"21\/07\/2023","valor":"590,00","tipo_empenho":"Ordin\u00e1rio","hist_emp":"Valor que se empenha para fazer face ao custeio com a inscricao do vereador JOS\u00c9 MANOEL DA SILVA (Z\u00c9 BOI) no Encontro Nordestino de Gestores e Legislativos Municipais, que ocorrera nos dias 24 a 27 de julho de 2023 na cidade de Caruaru-PE, celebrado mediante dispensa de licitacao, com fundamento no artigo 75, inciso 2\u00ba da Lei 14.133\/21.","fornecedor":"INOVAR INSTITUTO DE CAPACITACAO LTDA","denom_uni_orc":"CORPO DELIBERATIVO E SECRETARIA","funcao":"Legislativa","sub_funcao":"A\u00e7\u00e3o Legislativa","programa":"A\u00c7\u00c3O LEGISLATIVA","acao":"INDENIZA\u00c7\u00d5ES E RESTITUI\u00c7\u00d5ES DIVERSAS (FMS)","ident_acao":"Atividade","cat_econ":"Despesa Corrente","natureza_despesa":"Outras Despesas Correntes","modalidade_despesa":"Aplica\u00e7\u00f5es Diretas","elemento_despesa":"Outros Servi\u00e7os de Terceiros - Pessoa Jur\u00eddica","sub_elem_desp":"SEM SUBELEMENTO","fonte_recurso":"Recursos do Exerc\u00edcio Corrente \/ Outros Recursos n\u00e3o Vinculados \/ -"},{"ano_emissao_emp":"2023","n_emp":"0000279","data_emissao":"21\/07\/2023","valor":"170,00","tipo_empenho":"Ordin\u00e1rio","hist_emp":"Valor que se empenha para fazer face ao custeio de 1 (uma) diaria para a locomocao dos servidores Maria Juliana da Silva, Wellygton Vieira Feitosa e Jose Victor da Silva Santos ao Aeroporto Internacional Gilberto Freyrea na cidade de Recife-PE. Na oportunidade, os servidores supramencionados irao se deslocar a cidade de Sao Paulo para realizacao de capacitacao na Campus Party Brasil 2023, celebrado mediante dispensa de licitacao, com fundamento no artigo 75, inciso 2\u00ba da Lei 14.133\/21.","fornecedor":"JOSUE CUSTODIO DE ARAUJO SOBRINHO","denom_uni_orc":"CORPO DELIBERATIVO E SECRETARIA","funcao":"Legislativa","sub_funcao":"A\u00e7\u00e3o Legislativa","programa":"A\u00c7\u00c3O LEGISLATIVA","acao":"AQUISI\u00c7\u00c3O DE M\u00d3VEIS, M\u00c1QUINAS E EQUIPAMENTOS DIVERSOS PARA O CONSELHO","ident_acao":"Atividade","cat_econ":"Despesa Corrente","natureza_despesa":"Outras Despesas Correntes","modalidade_despesa":"Aplica\u00e7\u00f5es Diretas","elemento_despesa":"Di\u00e1rias \u2013 Civil","sub_elem_desp":"SEM SUBELEMENTO","fonte_recurso":"Recursos do Exerc\u00edcio Corrente \/ Outros Recursos n\u00e3o Vinculados \/ -"},{"ano_emissao_emp":"2023","n_emp":"0000279","data_emissao":"21\/07\/2023","valor":"170,00","tipo_empenho":"Ordin\u00e1rio","hist_emp":"Valor que se empenha para fazer face ao custeio de 1 (uma) diaria para a locomocao dos servidores Maria Juliana da Silva, Wellygton Vieira Feitosa e Jose Victor da Silva Santos ao Aeroporto Internacional Gilberto Freyrea na cidade de Recife-PE. Na oportunidade, os servidores supramencionados irao se deslocar a cidade de Sao Paulo para realizacao de capacitacao na Campus Party Brasil 2023, celebrado mediante dispensa de licitacao, com fundamento no artigo 75, inciso 2\u00ba da Lei 14.133\/21.","fornecedor":"JOSUE CUSTODIO DE ARAUJO SOBRINHO","denom_uni_orc":"CORPO DELIBERATIVO E SECRETARIA","funcao":"Legislativa","sub_funcao":"A\u00e7\u00e3o Legislativa","programa":"A\u00c7\u00c3O LEGISLATIVA","acao":"MANUTEN\u00c7\u00c3O DAS ATIVIDADES ADMINISTRATIVAS","ident_acao":"Atividade","cat_econ":"Despesa Corrente","natureza_despesa":"Outras Despesas Correntes","modalidade_despesa":"Aplica\u00e7\u00f5es Diretas","elemento_despesa":"Di\u00e1rias \u2013 Civil","sub_elem_desp":"SEM SUBELEMENTO","fonte_recurso":"Recursos do Exerc\u00edcio Corrente \/ Outros Recursos n\u00e3o Vinculados \/ -"},{"ano_emissao_emp":"2023","n_emp":"0000279","data_emissao":"21\/07\/2023","valor":"170,00","tipo_empenho":"Ordin\u00e1rio","hist_emp":"Valor que se empenha para fazer face ao custeio de 1 (uma) diaria para a locomocao dos servidores Maria Juliana da Silva, Wellygton Vieira Feitosa e Jose Victor da Silva Santos ao Aeroporto Internacional Gilberto Freyrea na cidade de Recife-PE. Na oportunidade, os servidores supramencionados irao se deslocar a cidade de Sao Paulo para realizacao de capacitacao na Campus Party Brasil 2023, celebrado mediante dispensa de licitacao, com fundamento no artigo 75, inciso 2\u00ba da Lei 14.133\/21.","fornecedor":"JOSUE CUSTODIO DE ARAUJO SOBRINHO","denom_uni_orc":"CORPO DELIBERATIVO E SECRETARIA","funcao":"Legislativa","sub_funcao":"A\u00e7\u00e3o Legislativa","programa":"A\u00c7\u00c3O LEGISLATIVA","acao":"INDENIZA\u00c7\u00d5ES E RESTITUI\u00c7\u00d5ES DIVERSAS (FMS)","ident_acao":"Atividade","cat_econ":"Despesa Corrente","natureza_despesa":"Outras Despesas Correntes","modalidade_despesa":"Aplica\u00e7\u00f5es Diretas","elemento_despesa":"Di\u00e1rias \u2013 Civil","sub_elem_desp":"SEM SUBELEMENTO","fonte_recurso":"Recursos do Exerc\u00edcio Corrente \/ Outros Recursos n\u00e3o Vinculados \/ -"},{"ano_emissao_emp":"2023","n_emp":"0000280","data_emissao":"21\/07\/2023","valor":"1.372,00","tipo_empenho":"Ordin\u00e1rio","hist_emp":"Valor que se empenha para fazer face a aquisicao de material de construcao (pintura e ferramentas) necessarios para a continuidade das pinturas dos gabinetes desta Casa de Leis, iniciada no dia 12 de julho de 2023, celebrado mediante dispensa de licitacao, com fundamento no artigo 75, inciso 2\u00ba da Lei 14.133\/21.","fornecedor":"JCL LAJES E MATERIAIS PARA CONSTRU\u00c7\u00c3O LTDA","denom_uni_orc":"CORPO DELIBERATIVO E SECRETARIA","funcao":"Legislativa","sub_funcao":"A\u00e7\u00e3o Legislativa","programa":"A\u00c7\u00c3O LEGISLATIVA","acao":"AQUISI\u00c7\u00c3O DE M\u00d3VEIS, M\u00c1QUINAS E EQUIPAMENTOS DIVERSOS PARA O CONSELHO","ident_acao":"Atividade","cat_econ":"Despesa Corrente","natureza_despesa":"Outras Despesas Correntes","modalidade_despesa":"Aplica\u00e7\u00f5es Diretas","elemento_despesa":"Material de Consumo","sub_elem_desp":"SEM SUBELEMENTO","fonte_recurso":"Recursos do Exerc\u00edcio Corrente \/ Outros Recursos n\u00e3o Vinculados \/ -"},{"ano_emissao_emp":"2023","n_emp":"0000280","data_emissao":"21\/07\/2023","valor":"1.372,00","tipo_empenho":"Ordin\u00e1rio","hist_emp":"Valor que se empenha para fazer face a aquisicao de material de construcao (pintura e ferramentas) necessarios para a continuidade das pinturas dos gabinetes desta Casa de Leis, iniciada no dia 12 de julho de 2023, celebrado mediante dispensa de licitacao, com fundamento no artigo 75, inciso 2\u00ba da Lei 14.133\/21.","fornecedor":"JCL LAJES E MATERIAIS PARA CONSTRU\u00c7\u00c3O LTDA","denom_uni_orc":"CORPO DELIBERATIVO E SECRETARIA","funcao":"Legislativa","sub_funcao":"A\u00e7\u00e3o Legislativa","programa":"A\u00c7\u00c3O LEGISLATIVA","acao":"MANUTEN\u00c7\u00c3O DAS ATIVIDADES ADMINISTRATIVAS","ident_acao":"Atividade","cat_econ":"Despesa Corrente","natureza_despesa":"Outras Despesas Correntes","modalidade_despesa":"Aplica\u00e7\u00f5es Diretas","elemento_despesa":"Material de Consumo","sub_elem_desp":"SEM SUBELEMENTO","fonte_recurso":"Recursos do Exerc\u00edcio Corrente \/ Outros Recursos n\u00e3o Vinculados \/ -"},{"ano_emissao_emp":"2023","n_emp":"0000280","data_emissao":"21\/07\/2023","valor":"1.372,00","tipo_empenho":"Ordin\u00e1rio","hist_emp":"Valor que se empenha para fazer face a aquisicao de material de construcao (pintura e ferramentas) necessarios para a continuidade das pinturas dos gabinetes desta Casa de Leis, iniciada no dia 12 de julho de 2023, celebrado mediante dispensa de licitacao, com fundamento no artigo 75, inciso 2\u00ba da Lei 14.133\/21.","fornecedor":"JCL LAJES E MATERIAIS PARA CONSTRU\u00c7\u00c3O LTDA","denom_uni_orc":"CORPO DELIBERATIVO E SECRETARIA","funcao":"Legislativa","sub_funcao":"A\u00e7\u00e3o Legislativa","programa":"A\u00c7\u00c3O LEGISLATIVA","acao":"INDENIZA\u00c7\u00d5ES E RESTITUI\u00c7\u00d5ES DIVERSAS (FMS)","ident_acao":"Atividade","cat_econ":"Despesa Corrente","natureza_despesa":"Outras Despesas Correntes","modalidade_despesa":"Aplica\u00e7\u00f5es Diretas","elemento_despesa":"Material de Consumo","sub_elem_desp":"SEM SUBELEMENTO","fonte_recurso":"Recursos do Exerc\u00edcio Corrente \/ Outros Recursos n\u00e3o Vinculados \/ -"},{"ano_emissao_emp":"2023","n_emp":"0000281","data_emissao":"21\/07\/2023","valor":"6.800,00","tipo_empenho":"Ordin\u00e1rio","hist_emp":"Valor que se empenha para fazer face ao custeio com aquisicao de 40 (quarenta) Molas Hidraulicas para Porta - 45kg- com Regulagem de velocidade, que serao instaladas nas portas, as quais dividem os ambientes internos desta Casa de Leis, mediante dispensa de licitacao, com fundamento no artigo 75, inciso 2\u00ba da Lei 14.133\/21.","fornecedor":"E JOSE DA SILVA MADEREIRA - PORTAL TRINCOS","denom_uni_orc":"CORPO DELIBERATIVO E SECRETARIA","funcao":"Legislativa","sub_funcao":"A\u00e7\u00e3o Legislativa","programa":"A\u00c7\u00c3O LEGISLATIVA","acao":"AQUISI\u00c7\u00c3O DE M\u00d3VEIS, M\u00c1QUINAS E EQUIPAMENTOS DIVERSOS PARA O CONSELHO","ident_acao":"Atividade","cat_econ":"Despesa Corrente","natureza_despesa":"Outras Despesas Correntes","modalidade_despesa":"Aplica\u00e7\u00f5es Diretas","elemento_despesa":"Material de Consumo","sub_elem_desp":"MATERIAL PARA MANUTEN\u00c7\u00c3O DE BENS M\u00d3VEIS","fonte_recurso":"Recursos do Exerc\u00edcio Corrente \/ Outros Recursos n\u00e3o Vinculados \/ -"},{"ano_emissao_emp":"2023","n_emp":"0000281","data_emissao":"21\/07\/2023","valor":"6.800,00","tipo_empenho":"Ordin\u00e1rio","hist_emp":"Valor que se empenha para fazer face ao custeio com aquisicao de 40 (quarenta) Molas Hidraulicas para Porta - 45kg- com Regulagem de velocidade, que serao instaladas nas portas, as quais dividem os ambientes internos desta Casa de Leis, mediante dispensa de licitacao, com fundamento no artigo 75, inciso 2\u00ba da Lei 14.133\/21.","fornecedor":"E JOSE DA SILVA MADEREIRA - PORTAL TRINCOS","denom_uni_orc":"CORPO DELIBERATIVO E SECRETARIA","funcao":"Legislativa","sub_funcao":"A\u00e7\u00e3o Legislativa","programa":"A\u00c7\u00c3O LEGISLATIVA","acao":"MANUTEN\u00c7\u00c3O DAS ATIVIDADES ADMINISTRATIVAS","ident_acao":"Atividade","cat_econ":"Despesa Corrente","natureza_despesa":"Outras Despesas Correntes","modalidade_despesa":"Aplica\u00e7\u00f5es Diretas","elemento_despesa":"Material de Consumo","sub_elem_desp":"MATERIAL PARA MANUTEN\u00c7\u00c3O DE BENS M\u00d3VEIS","fonte_recurso":"Recursos do Exerc\u00edcio Corrente \/ Outros Recursos n\u00e3o Vinculados \/ -"},{"ano_emissao_emp":"2023","n_emp":"0000281","data_emissao":"21\/07\/2023","valor":"6.800,00","tipo_empenho":"Ordin\u00e1rio","hist_emp":"Valor que se empenha para fazer face ao custeio com aquisicao de 40 (quarenta) Molas Hidraulicas para Porta - 45kg- com Regulagem de velocidade, que serao instaladas nas portas, as quais dividem os ambientes internos desta Casa de Leis, mediante dispensa de licitacao, com fundamento no artigo 75, inciso 2\u00ba da Lei 14.133\/21.","fornecedor":"E JOSE DA SILVA MADEREIRA - PORTAL TRINCOS","denom_uni_orc":"CORPO DELIBERATIVO E SECRETARIA","funcao":"Legislativa","sub_funcao":"A\u00e7\u00e3o Legislativa","programa":"A\u00c7\u00c3O LEGISLATIVA","acao":"INDENIZA\u00c7\u00d5ES E RESTITUI\u00c7\u00d5ES DIVERSAS (FMS)","ident_acao":"Atividade","cat_econ":"Despesa Corrente","natureza_despesa":"Outras Despesas Correntes","modalidade_despesa":"Aplica\u00e7\u00f5es Diretas","elemento_despesa":"Material de Consumo","sub_elem_desp":"MATERIAL PARA MANUTEN\u00c7\u00c3O DE BENS M\u00d3VEIS","fonte_recurso":"Recursos do Exerc\u00edcio Corrente \/ Outros Recursos n\u00e3o Vinculados \/ -"},{"ano_emissao_emp":"2023","n_emp":"0000282","data_emissao":"24\/07\/2023","valor":"1.575,00","tipo_empenho":"Global","hist_emp":"Valor que se empenha para fazer face a aquisicao de componentes de computador conforme especificacoes, quantitativos e condicoes estabelecidas no Anexo I do Edital de Pregao n\u00ba. 003\/2023, parte integrante do Contrato n\u00ba 3\/2023 em anexo, o objeto deste contrato destina-se ao atendimento da demanda de servicos desta casa de lei.","fornecedor":"MASTERINFOR COMERCIAL E SUPRIMENTOS DE INFORMATICA LTDA","denom_uni_orc":"CORPO DELIBERATIVO E SECRETARIA","funcao":"Legislativa","sub_funcao":"A\u00e7\u00e3o Legislativa","programa":"A\u00c7\u00c3O LEGISLATIVA","acao":"REEQUIPAMENTO DA UNIDADE","ident_acao":"Projeto","cat_econ":"Despesa de Capital","natureza_despesa":"Investimentos","modalidade_despesa":"Aplica\u00e7\u00f5es Diretas","elemento_despesa":"Equipamentos e Material Permanente","sub_elem_desp":"EQUIPAMENTOS DE PROCESSAMENTO DE DADOS","fonte_recurso":"Recursos do Exerc\u00edcio Corrente \/ Outros Recursos n\u00e3o Vinculados \/ -"},{"ano_emissao_emp":"2023","n_emp":"0000282","data_emissao":"24\/07\/2023","valor":"1.575,00","tipo_empenho":"Global","hist_emp":"Valor que se empenha para fazer face a aquisicao de componentes de computador conforme especificacoes, quantitativos e condicoes estabelecidas no Anexo I do Edital de Pregao n\u00ba. 003\/2023, parte integrante do Contrato n\u00ba 3\/2023 em anexo, o objeto deste contrato destina-se ao atendimento da demanda de servicos desta casa de lei.","fornecedor":"MASTERINFOR COMERCIAL E SUPRIMENTOS DE INFORMATICA LTDA","denom_uni_orc":"CORPO DELIBERATIVO E SECRETARIA","funcao":"Legislativa","sub_funcao":"A\u00e7\u00e3o Legislativa","programa":"A\u00c7\u00c3O LEGISLATIVA","acao":"INDENIZA\u00c7\u00d5ES E RESTITUI\u00c7\u00d5ES DO RPPS","ident_acao":"Projeto","cat_econ":"Despesa de Capital","natureza_despesa":"Investimentos","modalidade_despesa":"Aplica\u00e7\u00f5es Diretas","elemento_despesa":"Equipamentos e Material Permanente","sub_elem_desp":"EQUIPAMENTOS DE PROCESSAMENTO DE DADOS","fonte_recurso":"Recursos do Exerc\u00edcio Corrente \/ Outros Recursos n\u00e3o Vinculados \/ -"},{"ano_emissao_emp":"2023","n_emp":"0000282","data_emissao":"24\/07\/2023","valor":"1.575,00","tipo_empenho":"Global","hist_emp":"Valor que se empenha para fazer face a aquisicao de componentes de computador conforme especificacoes, quantitativos e condicoes estabelecidas no Anexo I do Edital de Pregao n\u00ba. 003\/2023, parte integrante do Contrato n\u00ba 3\/2023 em anexo, o objeto deste contrato destina-se ao atendimento da demanda de servicos desta casa de lei.","fornecedor":"MASTERINFOR COMERCIAL E SUPRIMENTOS DE INFORMATICA LTDA","denom_uni_orc":"CORPO DELIBERATIVO E SECRETARIA","funcao":"Legislativa","sub_funcao":"A\u00e7\u00e3o Legislativa","programa":"A\u00c7\u00c3O LEGISLATIVA","acao":"AMORTIZA\u00c7\u00c3O DA D\u00cdVIDA P\u00daBLICA CONSOLIDADA","ident_acao":"Projeto","cat_econ":"Despesa de Capital","natureza_despesa":"Investimentos","modalidade_despesa":"Aplica\u00e7\u00f5es Diretas","elemento_despesa":"Equipamentos e Material Permanente","sub_elem_desp":"EQUIPAMENTOS DE PROCESSAMENTO DE DADOS","fonte_recurso":"Recursos do Exerc\u00edcio Corrente \/ Outros Recursos n\u00e3o Vinculados \/ -"},{"ano_emissao_emp":"2023","n_emp":"0000283","data_emissao":"24\/07\/2023","valor":"15.838,65","tipo_empenho":"Global","hist_emp":"Valor que se empenha para fazer face a aquisicao de componentes de computador conforme especificacoes, quantitativos e condicoes estabelecidas no Anexo I do Edital de Pregao n\u00ba. 003\/2023, parte integrante do Contrato n\u00ba 5\/2023 em anexo, o objeto deste contrato destina-se ao atendimento da demanda de servicos desta casa de lei.","fornecedor":"INOVE DISTRIBUIDORA LTDA","denom_uni_orc":"CORPO DELIBERATIVO E SECRETARIA","funcao":"Legislativa","sub_funcao":"A\u00e7\u00e3o Legislativa","programa":"A\u00c7\u00c3O LEGISLATIVA","acao":"REEQUIPAMENTO DA UNIDADE","ident_acao":"Projeto","cat_econ":"Despesa de Capital","natureza_despesa":"Investimentos","modalidade_despesa":"Aplica\u00e7\u00f5es Diretas","elemento_despesa":"Equipamentos e Material Permanente","sub_elem_desp":"EQUIPAMENTOS DE PROCESSAMENTO DE DADOS","fonte_recurso":"Recursos do Exerc\u00edcio Corrente \/ Outros Recursos n\u00e3o Vinculados \/ -"},{"ano_emissao_emp":"2023","n_emp":"0000283","data_emissao":"24\/07\/2023","valor":"15.838,65","tipo_empenho":"Global","hist_emp":"Valor que se empenha para fazer face a aquisicao de componentes de computador conforme especificacoes, quantitativos e condicoes estabelecidas no Anexo I do Edital de Pregao n\u00ba. 003\/2023, parte integrante do Contrato n\u00ba 5\/2023 em anexo, o objeto deste contrato destina-se ao atendimento da demanda de servicos desta casa de lei.","fornecedor":"INOVE DISTRIBUIDORA LTDA","denom_uni_orc":"CORPO DELIBERATIVO E SECRETARIA","funcao":"Legislativa","sub_funcao":"A\u00e7\u00e3o Legislativa","programa":"A\u00c7\u00c3O LEGISLATIVA","acao":"INDENIZA\u00c7\u00d5ES E RESTITUI\u00c7\u00d5ES DO RPPS","ident_acao":"Projeto","cat_econ":"Despesa de Capital","natureza_despesa":"Investimentos","modalidade_despesa":"Aplica\u00e7\u00f5es Diretas","elemento_despesa":"Equipamentos e Material Permanente","sub_elem_desp":"EQUIPAMENTOS DE PROCESSAMENTO DE DADOS","fonte_recurso":"Recursos do Exerc\u00edcio Corrente \/ Outros Recursos n\u00e3o Vinculados \/ -"},{"ano_emissao_emp":"2023","n_emp":"0000283","data_emissao":"24\/07\/2023","valor":"15.838,65","tipo_empenho":"Global","hist_emp":"Valor que se empenha para fazer face a aquisicao de componentes de computador conforme especificacoes, quantitativos e condicoes estabelecidas no Anexo I do Edital de Pregao n\u00ba. 003\/2023, parte integrante do Contrato n\u00ba 5\/2023 em anexo, o objeto deste contrato destina-se ao atendimento da demanda de servicos desta casa de lei.","fornecedor":"INOVE DISTRIBUIDORA LTDA","denom_uni_orc":"CORPO DELIBERATIVO E SECRETARIA","funcao":"Legislativa","sub_funcao":"A\u00e7\u00e3o Legislativa","programa":"A\u00c7\u00c3O LEGISLATIVA","acao":"AMORTIZA\u00c7\u00c3O DA D\u00cdVIDA P\u00daBLICA CONSOLIDADA","ident_acao":"Projeto","cat_econ":"Despesa de Capital","natureza_despesa":"Investimentos","modalidade_despesa":"Aplica\u00e7\u00f5es Diretas","elemento_despesa":"Equipamentos e Material Permanente","sub_elem_desp":"EQUIPAMENTOS DE PROCESSAMENTO DE DADOS","fonte_recurso":"Recursos do Exerc\u00edcio Corrente \/ Outros Recursos n\u00e3o Vinculados \/ -"},{"ano_emissao_emp":"2023","n_emp":"0000284","data_emissao":"24\/07\/2023","valor":"100,00","tipo_empenho":"Ordin\u00e1rio","hist_emp":"Valor que se empenha para fazer face ao custeio de confeccao de adesivos para colar nas medalhas do campeonato de robotica e programacao do curso de robotica do CIDATEC, conforme solicitacao em anexo, celebrado mediante dispensa de licitacao, com fundamento no artigo 75, inciso 2\u00ba da Lei 14.133\/21.","fornecedor":"SIGN COMUNICA\u00c7\u00c3O VISUAL LTDA","denom_uni_orc":"CORPO DELIBERATIVO E SECRETARIA","funcao":"Legislativa","sub_funcao":"A\u00e7\u00e3o Legislativa","programa":"A\u00c7\u00c3O LEGISLATIVA","acao":"AQUISI\u00c7\u00c3O DE M\u00d3VEIS, M\u00c1QUINAS E EQUIPAMENTOS DIVERSOS PARA O CONSELHO","ident_acao":"Atividade","cat_econ":"Despesa Corrente","natureza_despesa":"Outras Despesas Correntes","modalidade_despesa":"Aplica\u00e7\u00f5es Diretas","elemento_despesa":"Material de Consumo","sub_elem_desp":"SEM SUBELEMENTO","fonte_recurso":"Recursos do Exerc\u00edcio Corrente \/ Outros Recursos n\u00e3o Vinculados \/ -"},{"ano_emissao_emp":"2023","n_emp":"0000284","data_emissao":"24\/07\/2023","valor":"100,00","tipo_empenho":"Ordin\u00e1rio","hist_emp":"Valor que se empenha para fazer face ao custeio de confeccao de adesivos para colar nas medalhas do campeonato de robotica e programacao do curso de robotica do CIDATEC, conforme solicitacao em anexo, celebrado mediante dispensa de licitacao, com fundamento no artigo 75, inciso 2\u00ba da Lei 14.133\/21.","fornecedor":"SIGN COMUNICA\u00c7\u00c3O VISUAL LTDA","denom_uni_orc":"CORPO DELIBERATIVO E SECRETARIA","funcao":"Legislativa","sub_funcao":"A\u00e7\u00e3o Legislativa","programa":"A\u00c7\u00c3O LEGISLATIVA","acao":"MANUTEN\u00c7\u00c3O DAS ATIVIDADES ADMINISTRATIVAS","ident_acao":"Atividade","cat_econ":"Despesa Corrente","natureza_despesa":"Outras Despesas Correntes","modalidade_despesa":"Aplica\u00e7\u00f5es Diretas","elemento_despesa":"Material de Consumo","sub_elem_desp":"SEM SUBELEMENTO","fonte_recurso":"Recursos do Exerc\u00edcio Corrente \/ Outros Recursos n\u00e3o Vinculados \/ -"},{"ano_emissao_emp":"2023","n_emp":"0000284","data_emissao":"24\/07\/2023","valor":"100,00","tipo_empenho":"Ordin\u00e1rio","hist_emp":"Valor que se empenha para fazer face ao custeio de confeccao de adesivos para colar nas medalhas do campeonato de robotica e programacao do curso de robotica do CIDATEC, conforme solicitacao em anexo, celebrado mediante dispensa de licitacao, com fundamento no artigo 75, inciso 2\u00ba da Lei 14.133\/21.","fornecedor":"SIGN COMUNICA\u00c7\u00c3O VISUAL LTDA","denom_uni_orc":"CORPO DELIBERATIVO E SECRETARIA","funcao":"Legislativa","sub_funcao":"A\u00e7\u00e3o Legislativa","programa":"A\u00c7\u00c3O LEGISLATIVA","acao":"INDENIZA\u00c7\u00d5ES E RESTITUI\u00c7\u00d5ES DIVERSAS (FMS)","ident_acao":"Atividade","cat_econ":"Despesa Corrente","natureza_despesa":"Outras Despesas Correntes","modalidade_despesa":"Aplica\u00e7\u00f5es Diretas","elemento_despesa":"Material de Consumo","sub_elem_desp":"SEM SUBELEMENTO","fonte_recurso":"Recursos do Exerc\u00edcio Corrente \/ Outros Recursos n\u00e3o Vinculados \/ -"},{"ano_emissao_emp":"2023","n_emp":"0000285","data_emissao":"25\/07\/2023","valor":"225.000,00","tipo_empenho":"Estimativo","hist_emp":"Valor que se empenha para fazer face ao Termo Aditivo ao Contrato n\u00ba 005\/2021 - 3\u00aa Alteracao. Fica prorrogado o prazo de vigencia, passando a vigorar ate o dia 27 de julho de 2024. A partir do mes de julho de 2023, o valor do auxilio alimentacao\/refeicao sera acrescido, passando de R$ 350,00 (trezentos e cinquenta reais) para R$ 500,00 (quinhentos reais), conforme definido na Resolucao n\u00ba 015\/2023. Esse valor e destinado ao pagamento dos servicos de administracao, gerenciamento e fornecimento de cartoes d","fornecedor":"GIMAVE - MEIOS DE PAGAMENTOS E INFORMA\u00c7\u00d5ES LTDA","denom_uni_orc":"CORPO DELIBERATIVO E SECRETARIA","funcao":"Legislativa","sub_funcao":"A\u00e7\u00e3o Legislativa","programa":"A\u00c7\u00c3O LEGISLATIVA","acao":"AQUISI\u00c7\u00c3O DE M\u00d3VEIS, M\u00c1QUINAS E EQUIPAMENTOS DIVERSOS PARA O CONSELHO","ident_acao":"Atividade","cat_econ":"Despesa Corrente","natureza_despesa":"Outras Despesas Correntes","modalidade_despesa":"Aplica\u00e7\u00f5es Diretas","elemento_despesa":"Aux\u00edlio-Alimenta\u00e7\u00e3o","sub_elem_desp":"SEM SUBELEMENTO","fonte_recurso":"Recursos do Exerc\u00edcio Corrente \/ Outros Recursos n\u00e3o Vinculados \/ -"},{"ano_emissao_emp":"2023","n_emp":"0000285","data_emissao":"25\/07\/2023","valor":"225.000,00","tipo_empenho":"Estimativo","hist_emp":"Valor que se empenha para fazer face ao Termo Aditivo ao Contrato n\u00ba 005\/2021 - 3\u00aa Alteracao. Fica prorrogado o prazo de vigencia, passando a vigorar ate o dia 27 de julho de 2024. A partir do mes de julho de 2023, o valor do auxilio alimentacao\/refeicao sera acrescido, passando de R$ 350,00 (trezentos e cinquenta reais) para R$ 500,00 (quinhentos reais), conforme definido na Resolucao n\u00ba 015\/2023. Esse valor e destinado ao pagamento dos servicos de administracao, gerenciamento e fornecimento de cartoes d","fornecedor":"GIMAVE - MEIOS DE PAGAMENTOS E INFORMA\u00c7\u00d5ES LTDA","denom_uni_orc":"CORPO DELIBERATIVO E SECRETARIA","funcao":"Legislativa","sub_funcao":"A\u00e7\u00e3o Legislativa","programa":"A\u00c7\u00c3O LEGISLATIVA","acao":"MANUTEN\u00c7\u00c3O DAS ATIVIDADES ADMINISTRATIVAS","ident_acao":"Atividade","cat_econ":"Despesa Corrente","natureza_despesa":"Outras Despesas Correntes","modalidade_despesa":"Aplica\u00e7\u00f5es Diretas","elemento_despesa":"Aux\u00edlio-Alimenta\u00e7\u00e3o","sub_elem_desp":"SEM SUBELEMENTO","fonte_recurso":"Recursos do Exerc\u00edcio Corrente \/ Outros Recursos n\u00e3o Vinculados \/ -"},{"ano_emissao_emp":"2023","n_emp":"0000285","data_emissao":"25\/07\/2023","valor":"225.000,00","tipo_empenho":"Estimativo","hist_emp":"Valor que se empenha para fazer face ao Termo Aditivo ao Contrato n\u00ba 005\/2021 - 3\u00aa Alteracao. Fica prorrogado o prazo de vigencia, passando a vigorar ate o dia 27 de julho de 2024. A partir do mes de julho de 2023, o valor do auxilio alimentacao\/refeicao sera acrescido, passando de R$ 350,00 (trezentos e cinquenta reais) para R$ 500,00 (quinhentos reais), conforme definido na Resolucao n\u00ba 015\/2023. Esse valor e destinado ao pagamento dos servicos de administracao, gerenciamento e fornecimento de cartoes d","fornecedor":"GIMAVE - MEIOS DE PAGAMENTOS E INFORMA\u00c7\u00d5ES LTDA","denom_uni_orc":"CORPO DELIBERATIVO E SECRETARIA","funcao":"Legislativa","sub_funcao":"A\u00e7\u00e3o Legislativa","programa":"A\u00c7\u00c3O LEGISLATIVA","acao":"INDENIZA\u00c7\u00d5ES E RESTITUI\u00c7\u00d5ES DIVERSAS (FMS)","ident_acao":"Atividade","cat_econ":"Despesa Corrente","natureza_despesa":"Outras Despesas Correntes","modalidade_despesa":"Aplica\u00e7\u00f5es Diretas","elemento_despesa":"Aux\u00edlio-Alimenta\u00e7\u00e3o","sub_elem_desp":"SEM SUBELEMENTO","fonte_recurso":"Recursos do Exerc\u00edcio Corrente \/ Outros Recursos n\u00e3o Vinculados \/ -"},{"ano_emissao_emp":"2023","n_emp":"0000286","data_emissao":"28\/07\/2023","valor":"30.000,00","tipo_empenho":"Estimativo","hist_emp":"Valor que se empenha para fazer face ao Termo Aditivo ao Contrato n\u00ba 006\/2023 - 1\u00aa Alteracao. Fica prorrogado o prazo de vigencia, passando a vigorar ate o dia 31 de dezembro de 2023. Em face da prorrogacao do prazo de vigencia do contrato, fica acrescido ao valor estabelecido na clausula quinta, a importancia de R$ 30.000,00 (trinta mil reais).","fornecedor":"FRANCISCO GERAERTES CALDAS DA SILVA","denom_uni_orc":"CORPO DELIBERATIVO E SECRETARIA","funcao":"Legislativa","sub_funcao":"A\u00e7\u00e3o Legislativa","programa":"A\u00c7\u00c3O LEGISLATIVA","acao":"AQUISI\u00c7\u00c3O DE M\u00d3VEIS, M\u00c1QUINAS E EQUIPAMENTOS DIVERSOS PARA O CONSELHO","ident_acao":"Atividade","cat_econ":"Despesa Corrente","natureza_despesa":"Outras Despesas Correntes","modalidade_despesa":"Aplica\u00e7\u00f5es Diretas","elemento_despesa":"Outros Servi\u00e7os de Terceiros - Pessoa Jur\u00eddica","sub_elem_desp":"SEM SUBELEMENTO","fonte_recurso":"Recursos do Exerc\u00edcio Corrente \/ Outros Recursos n\u00e3o Vinculados \/ -"},{"ano_emissao_emp":"2023","n_emp":"0000286","data_emissao":"28\/07\/2023","valor":"30.000,00","tipo_empenho":"Estimativo","hist_emp":"Valor que se empenha para fazer face ao Termo Aditivo ao Contrato n\u00ba 006\/2023 - 1\u00aa Alteracao. Fica prorrogado o prazo de vigencia, passando a vigorar ate o dia 31 de dezembro de 2023. Em face da prorrogacao do prazo de vigencia do contrato, fica acrescido ao valor estabelecido na clausula quinta, a importancia de R$ 30.000,00 (trinta mil reais).","fornecedor":"FRANCISCO GERAERTES CALDAS DA SILVA","denom_uni_orc":"CORPO DELIBERATIVO E SECRETARIA","funcao":"Legislativa","sub_funcao":"A\u00e7\u00e3o Legislativa","programa":"A\u00c7\u00c3O LEGISLATIVA","acao":"MANUTEN\u00c7\u00c3O DAS ATIVIDADES ADMINISTRATIVAS","ident_acao":"Atividade","cat_econ":"Despesa Corrente","natureza_despesa":"Outras Despesas Correntes","modalidade_despesa":"Aplica\u00e7\u00f5es Diretas","elemento_despesa":"Outros Servi\u00e7os de Terceiros - Pessoa Jur\u00eddica","sub_elem_desp":"SEM SUBELEMENTO","fonte_recurso":"Recursos do Exerc\u00edcio Corrente \/ Outros Recursos n\u00e3o Vinculados \/ -"},{"ano_emissao_emp":"2023","n_emp":"0000286","data_emissao":"28\/07\/2023","valor":"30.000,00","tipo_empenho":"Estimativo","hist_emp":"Valor que se empenha para fazer face ao Termo Aditivo ao Contrato n\u00ba 006\/2023 - 1\u00aa Alteracao. Fica prorrogado o prazo de vigencia, passando a vigorar ate o dia 31 de dezembro de 2023. Em face da prorrogacao do prazo de vigencia do contrato, fica acrescido ao valor estabelecido na clausula quinta, a importancia de R$ 30.000,00 (trinta mil reais).","fornecedor":"FRANCISCO GERAERTES CALDAS DA SILVA","denom_uni_orc":"CORPO DELIBERATIVO E SECRETARIA","funcao":"Legislativa","sub_funcao":"A\u00e7\u00e3o Legislativa","programa":"A\u00c7\u00c3O LEGISLATIVA","acao":"INDENIZA\u00c7\u00d5ES E RESTITUI\u00c7\u00d5ES DIVERSAS (FMS)","ident_acao":"Atividade","cat_econ":"Despesa Corrente","natureza_despesa":"Outras Despesas Correntes","modalidade_despesa":"Aplica\u00e7\u00f5es Diretas","elemento_despesa":"Outros Servi\u00e7os de Terceiros - Pessoa Jur\u00eddica","sub_elem_desp":"SEM SUBELEMENTO","fonte_recurso":"Recursos do Exerc\u00edcio Corrente \/ Outros Recursos n\u00e3o Vinculados \/ -"},{"ano_emissao_emp":"2023","n_emp":"0000287","data_emissao":"28\/07\/2023","valor":"1.079,00","tipo_empenho":"Ordin\u00e1rio","hist_emp":"Valor que se empenha para fazer face a aquisicao dos materiais de construcao, pintura e reparos para atender a reforma dos gabinetes desta casa legislativa iniciada no dia 12 de julho, dispensa de licitacao com fundamento no artigo 75, inciso 2\u00ba da Lei 14.133\/21.","fornecedor":"JCL LAJES E MATERIAIS PARA CONSTRU\u00c7\u00c3O LTDA","denom_uni_orc":"CORPO DELIBERATIVO E SECRETARIA","funcao":"Legislativa","sub_funcao":"A\u00e7\u00e3o Legislativa","programa":"A\u00c7\u00c3O LEGISLATIVA","acao":"AQUISI\u00c7\u00c3O DE M\u00d3VEIS, M\u00c1QUINAS E EQUIPAMENTOS DIVERSOS PARA O CONSELHO","ident_acao":"Atividade","cat_econ":"Despesa Corrente","natureza_despesa":"Outras Despesas Correntes","modalidade_despesa":"Aplica\u00e7\u00f5es Diretas","elemento_despesa":"Material de Consumo","sub_elem_desp":"SEM SUBELEMENTO","fonte_recurso":"Recursos do Exerc\u00edcio Corrente \/ Outros Recursos n\u00e3o Vinculados \/ -"},{"ano_emissao_emp":"2023","n_emp":"0000287","data_emissao":"28\/07\/2023","valor":"1.079,00","tipo_empenho":"Ordin\u00e1rio","hist_emp":"Valor que se empenha para fazer face a aquisicao dos materiais de construcao, pintura e reparos para atender a reforma dos gabinetes desta casa legislativa iniciada no dia 12 de julho, dispensa de licitacao com fundamento no artigo 75, inciso 2\u00ba da Lei 14.133\/21.","fornecedor":"JCL LAJES E MATERIAIS PARA CONSTRU\u00c7\u00c3O LTDA","denom_uni_orc":"CORPO DELIBERATIVO E SECRETARIA","funcao":"Legislativa","sub_funcao":"A\u00e7\u00e3o Legislativa","programa":"A\u00c7\u00c3O LEGISLATIVA","acao":"MANUTEN\u00c7\u00c3O DAS ATIVIDADES ADMINISTRATIVAS","ident_acao":"Atividade","cat_econ":"Despesa Corrente","natureza_despesa":"Outras Despesas Correntes","modalidade_despesa":"Aplica\u00e7\u00f5es Diretas","elemento_despesa":"Material de Consumo","sub_elem_desp":"SEM SUBELEMENTO","fonte_recurso":"Recursos do Exerc\u00edcio Corrente \/ Outros Recursos n\u00e3o Vinculados \/ -"},{"ano_emissao_emp":"2023","n_emp":"0000287","data_emissao":"28\/07\/2023","valor":"1.079,00","tipo_empenho":"Ordin\u00e1rio","hist_emp":"Valor que se empenha para fazer face a aquisicao dos materiais de construcao, pintura e reparos para atender a reforma dos gabinetes desta casa legislativa iniciada no dia 12 de julho, dispensa de licitacao com fundamento no artigo 75, inciso 2\u00ba da Lei 14.133\/21.","fornecedor":"JCL LAJES E MATERIAIS PARA CONSTRU\u00c7\u00c3O LTDA","denom_uni_orc":"CORPO DELIBERATIVO E SECRETARIA","funcao":"Legislativa","sub_funcao":"A\u00e7\u00e3o Legislativa","programa":"A\u00c7\u00c3O LEGISLATIVA","acao":"INDENIZA\u00c7\u00d5ES E RESTITUI\u00c7\u00d5ES DIVERSAS (FMS)","ident_acao":"Atividade","cat_econ":"Despesa Corrente","natureza_despesa":"Outras Despesas Correntes","modalidade_despesa":"Aplica\u00e7\u00f5es Diretas","elemento_despesa":"Material de Consumo","sub_elem_desp":"SEM SUBELEMENTO","fonte_recurso":"Recursos do Exerc\u00edcio Corrente \/ Outros Recursos n\u00e3o Vinculados \/ -"},{"ano_emissao_emp":"2023","n_emp":"0000288","data_emissao":"01\/08\/2023","valor":"105,89","tipo_empenho":"Ordin\u00e1rio","hist_emp":"Valor que se empenha para fazer face ao pagamento de conta do numero telefonico (81) 3731-3084 referente ao mes de julho de 2023, celebrado mediante dispensa de licitacao, com fundamento no artigo 75, inciso 2\u00ba da Lei 14.133\/21.","fornecedor":"OI S.A. - EM RECUPERACAO JUDICIAL","denom_uni_orc":"CORPO DELIBERATIVO E SECRETARIA","funcao":"Legislativa","sub_funcao":"A\u00e7\u00e3o Legislativa","programa":"A\u00c7\u00c3O LEGISLATIVA","acao":"AQUISI\u00c7\u00c3O DE M\u00d3VEIS, M\u00c1QUINAS E EQUIPAMENTOS DIVERSOS PARA O CONSELHO","ident_acao":"Atividade","cat_econ":"Despesa Corrente","natureza_despesa":"Outras Despesas Correntes","modalidade_despesa":"Aplica\u00e7\u00f5es Diretas","elemento_despesa":"Outros Servi\u00e7os de Terceiros - Pessoa Jur\u00eddica","sub_elem_desp":"SEM SUBELEMENTO","fonte_recurso":"Recursos do Exerc\u00edcio Corrente \/ Outros Recursos n\u00e3o Vinculados \/ -"},{"ano_emissao_emp":"2023","n_emp":"0000288","data_emissao":"01\/08\/2023","valor":"105,89","tipo_empenho":"Ordin\u00e1rio","hist_emp":"Valor que se empenha para fazer face ao pagamento de conta do numero telefonico (81) 3731-3084 referente ao mes de julho de 2023, celebrado mediante dispensa de licitacao, com fundamento no artigo 75, inciso 2\u00ba da Lei 14.133\/21.","fornecedor":"OI S.A. - EM RECUPERACAO JUDICIAL","denom_uni_orc":"CORPO DELIBERATIVO E SECRETARIA","funcao":"Legislativa","sub_funcao":"A\u00e7\u00e3o Legislativa","programa":"A\u00c7\u00c3O LEGISLATIVA","acao":"MANUTEN\u00c7\u00c3O DAS ATIVIDADES ADMINISTRATIVAS","ident_acao":"Atividade","cat_econ":"Despesa Corrente","natureza_despesa":"Outras Despesas Correntes","modalidade_despesa":"Aplica\u00e7\u00f5es Diretas","elemento_despesa":"Outros Servi\u00e7os de Terceiros - Pessoa Jur\u00eddica","sub_elem_desp":"SEM SUBELEMENTO","fonte_recurso":"Recursos do Exerc\u00edcio Corrente \/ Outros Recursos n\u00e3o Vinculados \/ -"},{"ano_emissao_emp":"2023","n_emp":"0000288","data_emissao":"01\/08\/2023","valor":"105,89","tipo_empenho":"Ordin\u00e1rio","hist_emp":"Valor que se empenha para fazer face ao pagamento de conta do numero telefonico (81) 3731-3084 referente ao mes de julho de 2023, celebrado mediante dispensa de licitacao, com fundamento no artigo 75, inciso 2\u00ba da Lei 14.133\/21.","fornecedor":"OI S.A. - EM RECUPERACAO JUDICIAL","denom_uni_orc":"CORPO DELIBERATIVO E SECRETARIA","funcao":"Legislativa","sub_funcao":"A\u00e7\u00e3o Legislativa","programa":"A\u00c7\u00c3O LEGISLATIVA","acao":"INDENIZA\u00c7\u00d5ES E RESTITUI\u00c7\u00d5ES DIVERSAS (FMS)","ident_acao":"Atividade","cat_econ":"Despesa Corrente","natureza_despesa":"Outras Despesas Correntes","modalidade_despesa":"Aplica\u00e7\u00f5es Diretas","elemento_despesa":"Outros Servi\u00e7os de Terceiros - Pessoa Jur\u00eddica","sub_elem_desp":"SEM SUBELEMENTO","fonte_recurso":"Recursos do Exerc\u00edcio Corrente \/ Outros Recursos n\u00e3o Vinculados \/ -"},{"ano_emissao_emp":"2023","n_emp":"0000289","data_emissao":"01\/08\/2023","valor":"90,00","tipo_empenho":"Ordin\u00e1rio","hist_emp":"Valor que se empenha para fazer face aos servicos de recarga de cartuchos de impressoras desta camara de vereadores, celebrado mediante dispensa de licitacao, com fundamento no artigo 75, inciso 2\u00ba da Lei 14.133\/21.","fornecedor":"ANDERSON ARAUJO CHAGAS RECARGAS E TONER","denom_uni_orc":"CORPO DELIBERATIVO E SECRETARIA","funcao":"Legislativa","sub_funcao":"A\u00e7\u00e3o Legislativa","programa":"A\u00c7\u00c3O LEGISLATIVA","acao":"AQUISI\u00c7\u00c3O DE M\u00d3VEIS, M\u00c1QUINAS E EQUIPAMENTOS DIVERSOS PARA O CONSELHO","ident_acao":"Atividade","cat_econ":"Despesa Corrente","natureza_despesa":"Outras Despesas Correntes","modalidade_despesa":"Aplica\u00e7\u00f5es Diretas","elemento_despesa":"Outros Servi\u00e7os de Terceiros - Pessoa Jur\u00eddica","sub_elem_desp":"SEM SUBELEMENTO","fonte_recurso":"Recursos do Exerc\u00edcio Corrente \/ Outros Recursos n\u00e3o Vinculados \/ -"},{"ano_emissao_emp":"2023","n_emp":"0000289","data_emissao":"01\/08\/2023","valor":"90,00","tipo_empenho":"Ordin\u00e1rio","hist_emp":"Valor que se empenha para fazer face aos servicos de recarga de cartuchos de impressoras desta camara de vereadores, celebrado mediante dispensa de licitacao, com fundamento no artigo 75, inciso 2\u00ba da Lei 14.133\/21.","fornecedor":"ANDERSON ARAUJO CHAGAS RECARGAS E TONER","denom_uni_orc":"CORPO DELIBERATIVO E SECRETARIA","funcao":"Legislativa","sub_funcao":"A\u00e7\u00e3o Legislativa","programa":"A\u00c7\u00c3O LEGISLATIVA","acao":"MANUTEN\u00c7\u00c3O DAS ATIVIDADES ADMINISTRATIVAS","ident_acao":"Atividade","cat_econ":"Despesa Corrente","natureza_despesa":"Outras Despesas Correntes","modalidade_despesa":"Aplica\u00e7\u00f5es Diretas","elemento_despesa":"Outros Servi\u00e7os de Terceiros - Pessoa Jur\u00eddica","sub_elem_desp":"SEM SUBELEMENTO","fonte_recurso":"Recursos do Exerc\u00edcio Corrente \/ Outros Recursos n\u00e3o Vinculados \/ -"},{"ano_emissao_emp":"2023","n_emp":"0000289","data_emissao":"01\/08\/2023","valor":"90,00","tipo_empenho":"Ordin\u00e1rio","hist_emp":"Valor que se empenha para fazer face aos servicos de recarga de cartuchos de impressoras desta camara de vereadores, celebrado mediante dispensa de licitacao, com fundamento no artigo 75, inciso 2\u00ba da Lei 14.133\/21.","fornecedor":"ANDERSON ARAUJO CHAGAS RECARGAS E TONER","denom_uni_orc":"CORPO DELIBERATIVO E SECRETARIA","funcao":"Legislativa","sub_funcao":"A\u00e7\u00e3o Legislativa","programa":"A\u00c7\u00c3O LEGISLATIVA","acao":"INDENIZA\u00c7\u00d5ES E RESTITUI\u00c7\u00d5ES DIVERSAS (FMS)","ident_acao":"Atividade","cat_econ":"Despesa Corrente","natureza_despesa":"Outras Despesas Correntes","modalidade_despesa":"Aplica\u00e7\u00f5es Diretas","elemento_despesa":"Outros Servi\u00e7os de Terceiros - Pessoa Jur\u00eddica","sub_elem_desp":"SEM SUBELEMENTO","fonte_recurso":"Recursos do Exerc\u00edcio Corrente \/ Outros Recursos n\u00e3o Vinculados \/ -"},{"ano_emissao_emp":"2023","n_emp":"0000290","data_emissao":"03\/08\/2023","valor":"2.236,80","tipo_empenho":"Ordin\u00e1rio","hist_emp":"Valor que se empenha para fazer face a custeio de servico de seguro do veiculo da marca Chevrolet, modelo Spin LTZ 1.8 MEC (sete lugares), placa PCN - 6664, necessario para garantia do veiculo contra acidentes, danos materiais, danos corporais e afins, celebrado mediante dispensa de licitacao, com fundamento no artigo 75, inciso 2\u00ba da Lei 14.133\/21.","fornecedor":"PORTO SEGURO COMPANHIA DE SEGUROS GERAIS","denom_uni_orc":"CORPO DELIBERATIVO E SECRETARIA","funcao":"Legislativa","sub_funcao":"A\u00e7\u00e3o Legislativa","programa":"A\u00c7\u00c3O LEGISLATIVA","acao":"AQUISI\u00c7\u00c3O DE M\u00d3VEIS, M\u00c1QUINAS E EQUIPAMENTOS DIVERSOS PARA O CONSELHO","ident_acao":"Atividade","cat_econ":"Despesa Corrente","natureza_despesa":"Outras Despesas Correntes","modalidade_despesa":"Aplica\u00e7\u00f5es Diretas","elemento_despesa":"Outros Servi\u00e7os de Terceiros - Pessoa Jur\u00eddica","sub_elem_desp":"SEM SUBELEMENTO","fonte_recurso":"Recursos do Exerc\u00edcio Corrente \/ Outros Recursos n\u00e3o Vinculados \/ -"},{"ano_emissao_emp":"2023","n_emp":"0000290","data_emissao":"03\/08\/2023","valor":"2.236,80","tipo_empenho":"Ordin\u00e1rio","hist_emp":"Valor que se empenha para fazer face a custeio de servico de seguro do veiculo da marca Chevrolet, modelo Spin LTZ 1.8 MEC (sete lugares), placa PCN - 6664, necessario para garantia do veiculo contra acidentes, danos materiais, danos corporais e afins, celebrado mediante dispensa de licitacao, com fundamento no artigo 75, inciso 2\u00ba da Lei 14.133\/21.","fornecedor":"PORTO SEGURO COMPANHIA DE SEGUROS GERAIS","denom_uni_orc":"CORPO DELIBERATIVO E SECRETARIA","funcao":"Legislativa","sub_funcao":"A\u00e7\u00e3o Legislativa","programa":"A\u00c7\u00c3O LEGISLATIVA","acao":"MANUTEN\u00c7\u00c3O DAS ATIVIDADES ADMINISTRATIVAS","ident_acao":"Atividade","cat_econ":"Despesa Corrente","natureza_despesa":"Outras Despesas Correntes","modalidade_despesa":"Aplica\u00e7\u00f5es Diretas","elemento_despesa":"Outros Servi\u00e7os de Terceiros - Pessoa Jur\u00eddica","sub_elem_desp":"SEM SUBELEMENTO","fonte_recurso":"Recursos do Exerc\u00edcio Corrente \/ Outros Recursos n\u00e3o Vinculados \/ -"},{"ano_emissao_emp":"2023","n_emp":"0000290","data_emissao":"03\/08\/2023","valor":"2.236,80","tipo_empenho":"Ordin\u00e1rio","hist_emp":"Valor que se empenha para fazer face a custeio de servico de seguro do veiculo da marca Chevrolet, modelo Spin LTZ 1.8 MEC (sete lugares), placa PCN - 6664, necessario para garantia do veiculo contra acidentes, danos materiais, danos corporais e afins, celebrado mediante dispensa de licitacao, com fundamento no artigo 75, inciso 2\u00ba da Lei 14.133\/21.","fornecedor":"PORTO SEGURO COMPANHIA DE SEGUROS GERAIS","denom_uni_orc":"CORPO DELIBERATIVO E SECRETARIA","funcao":"Legislativa","sub_funcao":"A\u00e7\u00e3o Legislativa","programa":"A\u00c7\u00c3O LEGISLATIVA","acao":"INDENIZA\u00c7\u00d5ES E RESTITUI\u00c7\u00d5ES DIVERSAS (FMS)","ident_acao":"Atividade","cat_econ":"Despesa Corrente","natureza_despesa":"Outras Despesas Correntes","modalidade_despesa":"Aplica\u00e7\u00f5es Diretas","elemento_despesa":"Outros Servi\u00e7os de Terceiros - Pessoa Jur\u00eddica","sub_elem_desp":"SEM SUBELEMENTO","fonte_recurso":"Recursos do Exerc\u00edcio Corrente \/ Outros Recursos n\u00e3o Vinculados \/ -"},{"ano_emissao_emp":"2023","n_emp":"0000291","data_emissao":"08\/08\/2023","valor":"480,00","tipo_empenho":"Ordin\u00e1rio","hist_emp":"Valor que se empenha para fazer face ao pagamento do auxilio-transporte do mes de agosto, que sera creditado em cartao corporativo do servidor desta Casa Legislativa, Saulo Correia de Albuquerque, cartao numero 2.208.349.662, cedido pela empresa Logo Transportes Ltda, conforme artigo 50, inciso II, e artigo 51 da Lei Municipal 923\/1990, assim como dispoe a Portaria 78\/2023, celebrado mediante dispensa de licitacao, com fundamento no artigo 75, inciso 2\u00ba, da Lei 14.133\/21.","fornecedor":"LOGO TRANSPORTES LTDA","denom_uni_orc":"CORPO DELIBERATIVO E SECRETARIA","funcao":"Legislativa","sub_funcao":"A\u00e7\u00e3o Legislativa","programa":"A\u00c7\u00c3O LEGISLATIVA","acao":"AQUISI\u00c7\u00c3O DE M\u00d3VEIS, M\u00c1QUINAS E EQUIPAMENTOS DIVERSOS PARA O CONSELHO","ident_acao":"Atividade","cat_econ":"Despesa Corrente","natureza_despesa":"Outras Despesas Correntes","modalidade_despesa":"Aplica\u00e7\u00f5es Diretas","elemento_despesa":"Outros Servi\u00e7os de Terceiros - Pessoa Jur\u00eddica","sub_elem_desp":"SEM SUBELEMENTO","fonte_recurso":"Recursos do Exerc\u00edcio Corrente \/ Outros Recursos n\u00e3o Vinculados \/ -"},{"ano_emissao_emp":"2023","n_emp":"0000291","data_emissao":"08\/08\/2023","valor":"480,00","tipo_empenho":"Ordin\u00e1rio","hist_emp":"Valor que se empenha para fazer face ao pagamento do auxilio-transporte do mes de agosto, que sera creditado em cartao corporativo do servidor desta Casa Legislativa, Saulo Correia de Albuquerque, cartao numero 2.208.349.662, cedido pela empresa Logo Transportes Ltda, conforme artigo 50, inciso II, e artigo 51 da Lei Municipal 923\/1990, assim como dispoe a Portaria 78\/2023, celebrado mediante dispensa de licitacao, com fundamento no artigo 75, inciso 2\u00ba, da Lei 14.133\/21.","fornecedor":"LOGO TRANSPORTES LTDA","denom_uni_orc":"CORPO DELIBERATIVO E SECRETARIA","funcao":"Legislativa","sub_funcao":"A\u00e7\u00e3o Legislativa","programa":"A\u00c7\u00c3O LEGISLATIVA","acao":"MANUTEN\u00c7\u00c3O DAS ATIVIDADES ADMINISTRATIVAS","ident_acao":"Atividade","cat_econ":"Despesa Corrente","natureza_despesa":"Outras Despesas Correntes","modalidade_despesa":"Aplica\u00e7\u00f5es Diretas","elemento_despesa":"Outros Servi\u00e7os de Terceiros - Pessoa Jur\u00eddica","sub_elem_desp":"SEM SUBELEMENTO","fonte_recurso":"Recursos do Exerc\u00edcio Corrente \/ Outros Recursos n\u00e3o Vinculados \/ -"},{"ano_emissao_emp":"2023","n_emp":"0000291","data_emissao":"08\/08\/2023","valor":"480,00","tipo_empenho":"Ordin\u00e1rio","hist_emp":"Valor que se empenha para fazer face ao pagamento do auxilio-transporte do mes de agosto, que sera creditado em cartao corporativo do servidor desta Casa Legislativa, Saulo Correia de Albuquerque, cartao numero 2.208.349.662, cedido pela empresa Logo Transportes Ltda, conforme artigo 50, inciso II, e artigo 51 da Lei Municipal 923\/1990, assim como dispoe a Portaria 78\/2023, celebrado mediante dispensa de licitacao, com fundamento no artigo 75, inciso 2\u00ba, da Lei 14.133\/21.","fornecedor":"LOGO TRANSPORTES LTDA","denom_uni_orc":"CORPO DELIBERATIVO E SECRETARIA","funcao":"Legislativa","sub_funcao":"A\u00e7\u00e3o Legislativa","programa":"A\u00c7\u00c3O LEGISLATIVA","acao":"INDENIZA\u00c7\u00d5ES E RESTITUI\u00c7\u00d5ES DIVERSAS (FMS)","ident_acao":"Atividade","cat_econ":"Despesa Corrente","natureza_despesa":"Outras Despesas Correntes","modalidade_despesa":"Aplica\u00e7\u00f5es Diretas","elemento_despesa":"Outros Servi\u00e7os de Terceiros - Pessoa Jur\u00eddica","sub_elem_desp":"SEM SUBELEMENTO","fonte_recurso":"Recursos do Exerc\u00edcio Corrente \/ Outros Recursos n\u00e3o Vinculados \/ -"},{"ano_emissao_emp":"2023","n_emp":"0000292","data_emissao":"09\/08\/2023","valor":"1.197,50","tipo_empenho":"Ordin\u00e1rio","hist_emp":"Valor que se empenha para fazer face ao custeio com aquisicao de material de limpeza relacionados no oficio de solicitacao de empenho 124-2023 SECOM para esta casa legislativa e seu anexo (CIDATEC), celebrado mediante dispensa de licitacao, com fundamento no artigo 75, inciso 2\u00ba da lei 14.133\/21.","fornecedor":"IVONALDO SEVERINO DA SILVA","denom_uni_orc":"CORPO DELIBERATIVO E SECRETARIA","funcao":"Legislativa","sub_funcao":"A\u00e7\u00e3o Legislativa","programa":"A\u00c7\u00c3O LEGISLATIVA","acao":"AQUISI\u00c7\u00c3O DE M\u00d3VEIS, M\u00c1QUINAS E EQUIPAMENTOS DIVERSOS PARA O CONSELHO","ident_acao":"Atividade","cat_econ":"Despesa Corrente","natureza_despesa":"Outras Despesas Correntes","modalidade_despesa":"Aplica\u00e7\u00f5es Diretas","elemento_despesa":"Material de Consumo","sub_elem_desp":"SEM SUBELEMENTO","fonte_recurso":"Recursos do Exerc\u00edcio Corrente \/ Outros Recursos n\u00e3o Vinculados \/ -"},{"ano_emissao_emp":"2023","n_emp":"0000292","data_emissao":"09\/08\/2023","valor":"1.197,50","tipo_empenho":"Ordin\u00e1rio","hist_emp":"Valor que se empenha para fazer face ao custeio com aquisicao de material de limpeza relacionados no oficio de solicitacao de empenho 124-2023 SECOM para esta casa legislativa e seu anexo (CIDATEC), celebrado mediante dispensa de licitacao, com fundamento no artigo 75, inciso 2\u00ba da lei 14.133\/21.","fornecedor":"IVONALDO SEVERINO DA SILVA","denom_uni_orc":"CORPO DELIBERATIVO E SECRETARIA","funcao":"Legislativa","sub_funcao":"A\u00e7\u00e3o Legislativa","programa":"A\u00c7\u00c3O LEGISLATIVA","acao":"MANUTEN\u00c7\u00c3O DAS ATIVIDADES ADMINISTRATIVAS","ident_acao":"Atividade","cat_econ":"Despesa Corrente","natureza_despesa":"Outras Despesas Correntes","modalidade_despesa":"Aplica\u00e7\u00f5es Diretas","elemento_despesa":"Material de Consumo","sub_elem_desp":"SEM SUBELEMENTO","fonte_recurso":"Recursos do Exerc\u00edcio Corrente \/ Outros Recursos n\u00e3o Vinculados \/ -"},{"ano_emissao_emp":"2023","n_emp":"0000292","data_emissao":"09\/08\/2023","valor":"1.197,50","tipo_empenho":"Ordin\u00e1rio","hist_emp":"Valor que se empenha para fazer face ao custeio com aquisicao de material de limpeza relacionados no oficio de solicitacao de empenho 124-2023 SECOM para esta casa legislativa e seu anexo (CIDATEC), celebrado mediante dispensa de licitacao, com fundamento no artigo 75, inciso 2\u00ba da lei 14.133\/21.","fornecedor":"IVONALDO SEVERINO DA SILVA","denom_uni_orc":"CORPO DELIBERATIVO E SECRETARIA","funcao":"Legislativa","sub_funcao":"A\u00e7\u00e3o Legislativa","programa":"A\u00c7\u00c3O LEGISLATIVA","acao":"INDENIZA\u00c7\u00d5ES E RESTITUI\u00c7\u00d5ES DIVERSAS (FMS)","ident_acao":"Atividade","cat_econ":"Despesa Corrente","natureza_despesa":"Outras Despesas Correntes","modalidade_despesa":"Aplica\u00e7\u00f5es Diretas","elemento_despesa":"Material de Consumo","sub_elem_desp":"SEM SUBELEMENTO","fonte_recurso":"Recursos do Exerc\u00edcio Corrente \/ Outros Recursos n\u00e3o Vinculados \/ -"},{"ano_emissao_emp":"2023","n_emp":"0000293","data_emissao":"10\/08\/2023","valor":"889,05","tipo_empenho":"Ordin\u00e1rio","hist_emp":"Valor que se empenha para fazer face a aquisicao de produtos de consumo para o funcionamento da copa e cozinha desta Casa Legislativa conforme relacao no oficio 125\/2023 SECOM em anexo. Celebrado mediante dispensa de licitacao, com fundamento no artigo 75, inciso 2\u00ba da Lei 14.133\/21.","fornecedor":"LOPES & FONSECA CIA LTDA","denom_uni_orc":"CORPO DELIBERATIVO E SECRETARIA","funcao":"Legislativa","sub_funcao":"A\u00e7\u00e3o Legislativa","programa":"A\u00c7\u00c3O LEGISLATIVA","acao":"AQUISI\u00c7\u00c3O DE M\u00d3VEIS, M\u00c1QUINAS E EQUIPAMENTOS DIVERSOS PARA O CONSELHO","ident_acao":"Atividade","cat_econ":"Despesa Corrente","natureza_despesa":"Outras Despesas Correntes","modalidade_despesa":"Aplica\u00e7\u00f5es Diretas","elemento_despesa":"Material de Consumo","sub_elem_desp":"MATERIAL DE COPA E COZINHA","fonte_recurso":"Recursos do Exerc\u00edcio Corrente \/ Outros Recursos n\u00e3o Vinculados \/ -"},{"ano_emissao_emp":"2023","n_emp":"0000293","data_emissao":"10\/08\/2023","valor":"889,05","tipo_empenho":"Ordin\u00e1rio","hist_emp":"Valor que se empenha para fazer face a aquisicao de produtos de consumo para o funcionamento da copa e cozinha desta Casa Legislativa conforme relacao no oficio 125\/2023 SECOM em anexo. Celebrado mediante dispensa de licitacao, com fundamento no artigo 75, inciso 2\u00ba da Lei 14.133\/21.","fornecedor":"LOPES & FONSECA CIA LTDA","denom_uni_orc":"CORPO DELIBERATIVO E SECRETARIA","funcao":"Legislativa","sub_funcao":"A\u00e7\u00e3o Legislativa","programa":"A\u00c7\u00c3O LEGISLATIVA","acao":"MANUTEN\u00c7\u00c3O DAS ATIVIDADES ADMINISTRATIVAS","ident_acao":"Atividade","cat_econ":"Despesa Corrente","natureza_despesa":"Outras Despesas Correntes","modalidade_despesa":"Aplica\u00e7\u00f5es Diretas","elemento_despesa":"Material de Consumo","sub_elem_desp":"MATERIAL DE COPA E COZINHA","fonte_recurso":"Recursos do Exerc\u00edcio Corrente \/ Outros Recursos n\u00e3o Vinculados \/ -"},{"ano_emissao_emp":"2023","n_emp":"0000293","data_emissao":"10\/08\/2023","valor":"889,05","tipo_empenho":"Ordin\u00e1rio","hist_emp":"Valor que se empenha para fazer face a aquisicao de produtos de consumo para o funcionamento da copa e cozinha desta Casa Legislativa conforme relacao no oficio 125\/2023 SECOM em anexo. Celebrado mediante dispensa de licitacao, com fundamento no artigo 75, inciso 2\u00ba da Lei 14.133\/21.","fornecedor":"LOPES & FONSECA CIA LTDA","denom_uni_orc":"CORPO DELIBERATIVO E SECRETARIA","funcao":"Legislativa","sub_funcao":"A\u00e7\u00e3o Legislativa","programa":"A\u00c7\u00c3O LEGISLATIVA","acao":"INDENIZA\u00c7\u00d5ES E RESTITUI\u00c7\u00d5ES DIVERSAS (FMS)","ident_acao":"Atividade","cat_econ":"Despesa Corrente","natureza_despesa":"Outras Despesas Correntes","modalidade_despesa":"Aplica\u00e7\u00f5es Diretas","elemento_despesa":"Material de Consumo","sub_elem_desp":"MATERIAL DE COPA E COZINHA","fonte_recurso":"Recursos do Exerc\u00edcio Corrente \/ Outros Recursos n\u00e3o Vinculados \/ -"},{"ano_emissao_emp":"2023","n_emp":"0000294","data_emissao":"10\/08\/2023","valor":"187,00","tipo_empenho":"Ordin\u00e1rio","hist_emp":"Valor que se empenha para fazer face a aquisicao de adesivo para curso de robotica ofertado no cidatec (anexo desta casa). destinacao- sera utilizado em superficie destinada a batalha de robos (uma especie de ringue), e servira para a recreacao e aprendizagem das criancas que ali realizam o curso, celebrado mediante dispensa de licitacao, com fundamento no artigo 75, inciso 2\u00ba da lei 14.133\/21.-","fornecedor":"SIGN COMUNICA\u00c7\u00c3O VISUAL LTDA","denom_uni_orc":"CORPO DELIBERATIVO E SECRETARIA","funcao":"Legislativa","sub_funcao":"A\u00e7\u00e3o Legislativa","programa":"A\u00c7\u00c3O LEGISLATIVA","acao":"AQUISI\u00c7\u00c3O DE M\u00d3VEIS, M\u00c1QUINAS E EQUIPAMENTOS DIVERSOS PARA O CONSELHO","ident_acao":"Atividade","cat_econ":"Despesa Corrente","natureza_despesa":"Outras Despesas Correntes","modalidade_despesa":"Aplica\u00e7\u00f5es Diretas","elemento_despesa":"Material de Consumo","sub_elem_desp":"SEM SUBELEMENTO","fonte_recurso":"Recursos do Exerc\u00edcio Corrente \/ Outros Recursos n\u00e3o Vinculados \/ -"},{"ano_emissao_emp":"2023","n_emp":"0000294","data_emissao":"10\/08\/2023","valor":"187,00","tipo_empenho":"Ordin\u00e1rio","hist_emp":"Valor que se empenha para fazer face a aquisicao de adesivo para curso de robotica ofertado no cidatec (anexo desta casa). destinacao- sera utilizado em superficie destinada a batalha de robos (uma especie de ringue), e servira para a recreacao e aprendizagem das criancas que ali realizam o curso, celebrado mediante dispensa de licitacao, com fundamento no artigo 75, inciso 2\u00ba da lei 14.133\/21.-","fornecedor":"SIGN COMUNICA\u00c7\u00c3O VISUAL LTDA","denom_uni_orc":"CORPO DELIBERATIVO E SECRETARIA","funcao":"Legislativa","sub_funcao":"A\u00e7\u00e3o Legislativa","programa":"A\u00c7\u00c3O LEGISLATIVA","acao":"MANUTEN\u00c7\u00c3O DAS ATIVIDADES ADMINISTRATIVAS","ident_acao":"Atividade","cat_econ":"Despesa Corrente","natureza_despesa":"Outras Despesas Correntes","modalidade_despesa":"Aplica\u00e7\u00f5es Diretas","elemento_despesa":"Material de Consumo","sub_elem_desp":"SEM SUBELEMENTO","fonte_recurso":"Recursos do Exerc\u00edcio Corrente \/ Outros Recursos n\u00e3o Vinculados \/ -"},{"ano_emissao_emp":"2023","n_emp":"0000294","data_emissao":"10\/08\/2023","valor":"187,00","tipo_empenho":"Ordin\u00e1rio","hist_emp":"Valor que se empenha para fazer face a aquisicao de adesivo para curso de robotica ofertado no cidatec (anexo desta casa). destinacao- sera utilizado em superficie destinada a batalha de robos (uma especie de ringue), e servira para a recreacao e aprendizagem das criancas que ali realizam o curso, celebrado mediante dispensa de licitacao, com fundamento no artigo 75, inciso 2\u00ba da lei 14.133\/21.-","fornecedor":"SIGN COMUNICA\u00c7\u00c3O VISUAL LTDA","denom_uni_orc":"CORPO DELIBERATIVO E SECRETARIA","funcao":"Legislativa","sub_funcao":"A\u00e7\u00e3o Legislativa","programa":"A\u00c7\u00c3O LEGISLATIVA","acao":"INDENIZA\u00c7\u00d5ES E RESTITUI\u00c7\u00d5ES DIVERSAS (FMS)","ident_acao":"Atividade","cat_econ":"Despesa Corrente","natureza_despesa":"Outras Despesas Correntes","modalidade_despesa":"Aplica\u00e7\u00f5es Diretas","elemento_despesa":"Material de Consumo","sub_elem_desp":"SEM SUBELEMENTO","fonte_recurso":"Recursos do Exerc\u00edcio Corrente \/ Outros Recursos n\u00e3o Vinculados \/ -"},{"ano_emissao_emp":"2023","n_emp":"0000295","data_emissao":"16\/08\/2023","valor":"140,00","tipo_empenho":"Ordin\u00e1rio","hist_emp":"Valor que se empenha para fazer face ao custeio de servico de substituicao de vidro em porta no setor administrativo, localizada ao lado do ponto eletronico desta casa, este servico tem por objetivo assegurar a manutencao adequada das instalacoes e garantir a funcionalidade dos espacos administrativos, celebrado mediante dispensa de licitacao, com fundamento no artigo 75, inciso 2\u00ba da lei 14.133\/21.","fornecedor":"SAN VIDROS COMERCIO DE VIDROSLTDA","denom_uni_orc":"CORPO DELIBERATIVO E SECRETARIA","funcao":"Legislativa","sub_funcao":"A\u00e7\u00e3o Legislativa","programa":"A\u00c7\u00c3O LEGISLATIVA","acao":"AQUISI\u00c7\u00c3O DE M\u00d3VEIS, M\u00c1QUINAS E EQUIPAMENTOS DIVERSOS PARA O CONSELHO","ident_acao":"Atividade","cat_econ":"Despesa Corrente","natureza_despesa":"Outras Despesas Correntes","modalidade_despesa":"Aplica\u00e7\u00f5es Diretas","elemento_despesa":"Material de Consumo","sub_elem_desp":"SEM SUBELEMENTO","fonte_recurso":"Recursos do Exerc\u00edcio Corrente \/ Outros Recursos n\u00e3o Vinculados \/ -"},{"ano_emissao_emp":"2023","n_emp":"0000295","data_emissao":"16\/08\/2023","valor":"140,00","tipo_empenho":"Ordin\u00e1rio","hist_emp":"Valor que se empenha para fazer face ao custeio de servico de substituicao de vidro em porta no setor administrativo, localizada ao lado do ponto eletronico desta casa, este servico tem por objetivo assegurar a manutencao adequada das instalacoes e garantir a funcionalidade dos espacos administrativos, celebrado mediante dispensa de licitacao, com fundamento no artigo 75, inciso 2\u00ba da lei 14.133\/21.","fornecedor":"SAN VIDROS COMERCIO DE VIDROSLTDA","denom_uni_orc":"CORPO DELIBERATIVO E SECRETARIA","funcao":"Legislativa","sub_funcao":"A\u00e7\u00e3o Legislativa","programa":"A\u00c7\u00c3O LEGISLATIVA","acao":"MANUTEN\u00c7\u00c3O DAS ATIVIDADES ADMINISTRATIVAS","ident_acao":"Atividade","cat_econ":"Despesa Corrente","natureza_despesa":"Outras Despesas Correntes","modalidade_despesa":"Aplica\u00e7\u00f5es Diretas","elemento_despesa":"Material de Consumo","sub_elem_desp":"SEM SUBELEMENTO","fonte_recurso":"Recursos do Exerc\u00edcio Corrente \/ Outros Recursos n\u00e3o Vinculados \/ -"},{"ano_emissao_emp":"2023","n_emp":"0000295","data_emissao":"16\/08\/2023","valor":"140,00","tipo_empenho":"Ordin\u00e1rio","hist_emp":"Valor que se empenha para fazer face ao custeio de servico de substituicao de vidro em porta no setor administrativo, localizada ao lado do ponto eletronico desta casa, este servico tem por objetivo assegurar a manutencao adequada das instalacoes e garantir a funcionalidade dos espacos administrativos, celebrado mediante dispensa de licitacao, com fundamento no artigo 75, inciso 2\u00ba da lei 14.133\/21.","fornecedor":"SAN VIDROS COMERCIO DE VIDROSLTDA","denom_uni_orc":"CORPO DELIBERATIVO E SECRETARIA","funcao":"Legislativa","sub_funcao":"A\u00e7\u00e3o Legislativa","programa":"A\u00c7\u00c3O LEGISLATIVA","acao":"INDENIZA\u00c7\u00d5ES E RESTITUI\u00c7\u00d5ES DIVERSAS (FMS)","ident_acao":"Atividade","cat_econ":"Despesa Corrente","natureza_despesa":"Outras Despesas Correntes","modalidade_despesa":"Aplica\u00e7\u00f5es Diretas","elemento_despesa":"Material de Consumo","sub_elem_desp":"SEM SUBELEMENTO","fonte_recurso":"Recursos do Exerc\u00edcio Corrente \/ Outros Recursos n\u00e3o Vinculados \/ -"},{"ano_emissao_emp":"2023","n_emp":"0000296","data_emissao":"18\/08\/2023","valor":"330,00","tipo_empenho":"Ordin\u00e1rio","hist_emp":"Valor que se empenha para fazer face ao custeio da aquisicao de 55 (cinquenta e cinco) unidades de agua mineral lustral em botijao de 20 (vinte) litros, para atender a necessidade desta casa de lei, celebrado mediante dispensa de licitacao, com fundamento no artigo 75, inciso 2\u00ba da Lei 14.133\/21.","fornecedor":"GB COMERCIO DE GAS E AGUA MINERAL LTDA","denom_uni_orc":"CORPO DELIBERATIVO E SECRETARIA","funcao":"Legislativa","sub_funcao":"A\u00e7\u00e3o Legislativa","programa":"A\u00c7\u00c3O LEGISLATIVA","acao":"AQUISI\u00c7\u00c3O DE M\u00d3VEIS, M\u00c1QUINAS E EQUIPAMENTOS DIVERSOS PARA O CONSELHO","ident_acao":"Atividade","cat_econ":"Despesa Corrente","natureza_despesa":"Outras Despesas Correntes","modalidade_despesa":"Aplica\u00e7\u00f5es Diretas","elemento_despesa":"Material de Consumo","sub_elem_desp":"SEM SUBELEMENTO","fonte_recurso":"Recursos do Exerc\u00edcio Corrente \/ Outros Recursos n\u00e3o Vinculados \/ -"},{"ano_emissao_emp":"2023","n_emp":"0000296","data_emissao":"18\/08\/2023","valor":"330,00","tipo_empenho":"Ordin\u00e1rio","hist_emp":"Valor que se empenha para fazer face ao custeio da aquisicao de 55 (cinquenta e cinco) unidades de agua mineral lustral em botijao de 20 (vinte) litros, para atender a necessidade desta casa de lei, celebrado mediante dispensa de licitacao, com fundamento no artigo 75, inciso 2\u00ba da Lei 14.133\/21.","fornecedor":"GB COMERCIO DE GAS E AGUA MINERAL LTDA","denom_uni_orc":"CORPO DELIBERATIVO E SECRETARIA","funcao":"Legislativa","sub_funcao":"A\u00e7\u00e3o Legislativa","programa":"A\u00c7\u00c3O LEGISLATIVA","acao":"MANUTEN\u00c7\u00c3O DAS ATIVIDADES ADMINISTRATIVAS","ident_acao":"Atividade","cat_econ":"Despesa Corrente","natureza_despesa":"Outras Despesas Correntes","modalidade_despesa":"Aplica\u00e7\u00f5es Diretas","elemento_despesa":"Material de Consumo","sub_elem_desp":"SEM SUBELEMENTO","fonte_recurso":"Recursos do Exerc\u00edcio Corrente \/ Outros Recursos n\u00e3o Vinculados \/ -"},{"ano_emissao_emp":"2023","n_emp":"0000296","data_emissao":"18\/08\/2023","valor":"330,00","tipo_empenho":"Ordin\u00e1rio","hist_emp":"Valor que se empenha para fazer face ao custeio da aquisicao de 55 (cinquenta e cinco) unidades de agua mineral lustral em botijao de 20 (vinte) litros, para atender a necessidade desta casa de lei, celebrado mediante dispensa de licitacao, com fundamento no artigo 75, inciso 2\u00ba da Lei 14.133\/21.","fornecedor":"GB COMERCIO DE GAS E AGUA MINERAL LTDA","denom_uni_orc":"CORPO DELIBERATIVO E SECRETARIA","funcao":"Legislativa","sub_funcao":"A\u00e7\u00e3o Legislativa","programa":"A\u00c7\u00c3O LEGISLATIVA","acao":"INDENIZA\u00c7\u00d5ES E RESTITUI\u00c7\u00d5ES DIVERSAS (FMS)","ident_acao":"Atividade","cat_econ":"Despesa Corrente","natureza_despesa":"Outras Despesas Correntes","modalidade_despesa":"Aplica\u00e7\u00f5es Diretas","elemento_despesa":"Material de Consumo","sub_elem_desp":"SEM SUBELEMENTO","fonte_recurso":"Recursos do Exerc\u00edcio Corrente \/ Outros Recursos n\u00e3o Vinculados \/ -"},{"ano_emissao_emp":"2023","n_emp":"0000297","data_emissao":"18\/08\/2023","valor":"4.700,00","tipo_empenho":"Ordin\u00e1rio","hist_emp":"Valor que se empenha para fazer face ao custeio da aquisicao de 11 (onze) placas de homenagem com moldura em aco, em virtude das entregas dos titulos de Cidadao marcados para o atual semestre, celebrado mediante dispensa de licitacao, com fundamento no artigo 75, inciso 2\u00ba da Lei 14.133\/21.","fornecedor":"GERLANE FERREIRA PIMENTEL 06525788455","denom_uni_orc":"CORPO DELIBERATIVO E SECRETARIA","funcao":"Legislativa","sub_funcao":"A\u00e7\u00e3o Legislativa","programa":"A\u00c7\u00c3O LEGISLATIVA","acao":"AQUISI\u00c7\u00c3O DE M\u00d3VEIS, M\u00c1QUINAS E EQUIPAMENTOS DIVERSOS PARA O CONSELHO","ident_acao":"Atividade","cat_econ":"Despesa Corrente","natureza_despesa":"Outras Despesas Correntes","modalidade_despesa":"Aplica\u00e7\u00f5es Diretas","elemento_despesa":"Material de Consumo","sub_elem_desp":"SEM SUBELEMENTO","fonte_recurso":"Recursos do Exerc\u00edcio Corrente \/ Outros Recursos n\u00e3o Vinculados \/ -"},{"ano_emissao_emp":"2023","n_emp":"0000297","data_emissao":"18\/08\/2023","valor":"4.700,00","tipo_empenho":"Ordin\u00e1rio","hist_emp":"Valor que se empenha para fazer face ao custeio da aquisicao de 11 (onze) placas de homenagem com moldura em aco, em virtude das entregas dos titulos de Cidadao marcados para o atual semestre, celebrado mediante dispensa de licitacao, com fundamento no artigo 75, inciso 2\u00ba da Lei 14.133\/21.","fornecedor":"GERLANE FERREIRA PIMENTEL 06525788455","denom_uni_orc":"CORPO DELIBERATIVO E SECRETARIA","funcao":"Legislativa","sub_funcao":"A\u00e7\u00e3o Legislativa","programa":"A\u00c7\u00c3O LEGISLATIVA","acao":"MANUTEN\u00c7\u00c3O DAS ATIVIDADES ADMINISTRATIVAS","ident_acao":"Atividade","cat_econ":"Despesa Corrente","natureza_despesa":"Outras Despesas Correntes","modalidade_despesa":"Aplica\u00e7\u00f5es Diretas","elemento_despesa":"Material de Consumo","sub_elem_desp":"SEM SUBELEMENTO","fonte_recurso":"Recursos do Exerc\u00edcio Corrente \/ Outros Recursos n\u00e3o Vinculados \/ -"},{"ano_emissao_emp":"2023","n_emp":"0000297","data_emissao":"18\/08\/2023","valor":"4.700,00","tipo_empenho":"Ordin\u00e1rio","hist_emp":"Valor que se empenha para fazer face ao custeio da aquisicao de 11 (onze) placas de homenagem com moldura em aco, em virtude das entregas dos titulos de Cidadao marcados para o atual semestre, celebrado mediante dispensa de licitacao, com fundamento no artigo 75, inciso 2\u00ba da Lei 14.133\/21.","fornecedor":"GERLANE FERREIRA PIMENTEL 06525788455","denom_uni_orc":"CORPO DELIBERATIVO E SECRETARIA","funcao":"Legislativa","sub_funcao":"A\u00e7\u00e3o Legislativa","programa":"A\u00c7\u00c3O LEGISLATIVA","acao":"INDENIZA\u00c7\u00d5ES E RESTITUI\u00c7\u00d5ES DIVERSAS (FMS)","ident_acao":"Atividade","cat_econ":"Despesa Corrente","natureza_despesa":"Outras Despesas Correntes","modalidade_despesa":"Aplica\u00e7\u00f5es Diretas","elemento_despesa":"Material de Consumo","sub_elem_desp":"SEM SUBELEMENTO","fonte_recurso":"Recursos do Exerc\u00edcio Corrente \/ Outros Recursos n\u00e3o Vinculados \/ -"},{"ano_emissao_emp":"2023","n_emp":"0000298","data_emissao":"18\/08\/2023","valor":"1.747,50","tipo_empenho":"Ordin\u00e1rio","hist_emp":"Valor que se empenha para fazer face ao custeio de fornecimento  de pecas referente a manutencao do veiculo Chevrolet Spin LTZ 1.8, ano 2017, placa PCN-6644, pertencente a esta Casa de Lei. Assim,tal fornecimento e necessario para o bom funcionamento do veiculo, celebrado mediante dispensa de licitacao, com fundamento no artigo 75, inciso 2\u00ba da Lei 14.133\/21.","fornecedor":"JOSE ADOLFO DE ALBERTINS BELEM","denom_uni_orc":"CORPO DELIBERATIVO E SECRETARIA","funcao":"Legislativa","sub_funcao":"A\u00e7\u00e3o Legislativa","programa":"A\u00c7\u00c3O LEGISLATIVA","acao":"AQUISI\u00c7\u00c3O DE M\u00d3VEIS, M\u00c1QUINAS E EQUIPAMENTOS DIVERSOS PARA O CONSELHO","ident_acao":"Atividade","cat_econ":"Despesa Corrente","natureza_despesa":"Outras Despesas Correntes","modalidade_despesa":"Aplica\u00e7\u00f5es Diretas","elemento_despesa":"Material de Consumo","sub_elem_desp":"SEM SUBELEMENTO","fonte_recurso":"Recursos do Exerc\u00edcio Corrente \/ Outros Recursos n\u00e3o Vinculados \/ -"},{"ano_emissao_emp":"2023","n_emp":"0000298","data_emissao":"18\/08\/2023","valor":"1.747,50","tipo_empenho":"Ordin\u00e1rio","hist_emp":"Valor que se empenha para fazer face ao custeio de fornecimento  de pecas referente a manutencao do veiculo Chevrolet Spin LTZ 1.8, ano 2017, placa PCN-6644, pertencente a esta Casa de Lei. Assim,tal fornecimento e necessario para o bom funcionamento do veiculo, celebrado mediante dispensa de licitacao, com fundamento no artigo 75, inciso 2\u00ba da Lei 14.133\/21.","fornecedor":"JOSE ADOLFO DE ALBERTINS BELEM","denom_uni_orc":"CORPO DELIBERATIVO E SECRETARIA","funcao":"Legislativa","sub_funcao":"A\u00e7\u00e3o Legislativa","programa":"A\u00c7\u00c3O LEGISLATIVA","acao":"MANUTEN\u00c7\u00c3O DAS ATIVIDADES ADMINISTRATIVAS","ident_acao":"Atividade","cat_econ":"Despesa Corrente","natureza_despesa":"Outras Despesas Correntes","modalidade_despesa":"Aplica\u00e7\u00f5es Diretas","elemento_despesa":"Material de Consumo","sub_elem_desp":"SEM SUBELEMENTO","fonte_recurso":"Recursos do Exerc\u00edcio Corrente \/ Outros Recursos n\u00e3o Vinculados \/ -"},{"ano_emissao_emp":"2023","n_emp":"0000298","data_emissao":"18\/08\/2023","valor":"1.747,50","tipo_empenho":"Ordin\u00e1rio","hist_emp":"Valor que se empenha para fazer face ao custeio de fornecimento  de pecas referente a manutencao do veiculo Chevrolet Spin LTZ 1.8, ano 2017, placa PCN-6644, pertencente a esta Casa de Lei. Assim,tal fornecimento e necessario para o bom funcionamento do veiculo, celebrado mediante dispensa de licitacao, com fundamento no artigo 75, inciso 2\u00ba da Lei 14.133\/21.","fornecedor":"JOSE ADOLFO DE ALBERTINS BELEM","denom_uni_orc":"CORPO DELIBERATIVO E SECRETARIA","funcao":"Legislativa","sub_funcao":"A\u00e7\u00e3o Legislativa","programa":"A\u00c7\u00c3O LEGISLATIVA","acao":"INDENIZA\u00c7\u00d5ES E RESTITUI\u00c7\u00d5ES DIVERSAS (FMS)","ident_acao":"Atividade","cat_econ":"Despesa Corrente","natureza_despesa":"Outras Despesas Correntes","modalidade_despesa":"Aplica\u00e7\u00f5es Diretas","elemento_despesa":"Material de Consumo","sub_elem_desp":"SEM SUBELEMENTO","fonte_recurso":"Recursos do Exerc\u00edcio Corrente \/ Outros Recursos n\u00e3o Vinculados \/ -"},{"ano_emissao_emp":"2023","n_emp":"0000299","data_emissao":"18\/08\/2023","valor":"79,90","tipo_empenho":"Ordin\u00e1rio","hist_emp":"Valor que se empenha para fazer face ao custeio da aquisicao de materiais relacionados no ofecio n\u00b0 139\/2023 - Secom, compra necessaria para a realizacao do servico de instalacao dos aparelhos visando a reestruturacao do sistema de comunicacao desta Casa de Lei, celebrado mediante dispensa de licitacao, com fundamento no artigo 75, inciso 2\u00ba da Lei 14.133\/21","fornecedor":"JCL LAJES E MATERIAIS PARA CONSTRU\u00c7\u00c3O LTDA","denom_uni_orc":"CORPO DELIBERATIVO E SECRETARIA","funcao":"Legislativa","sub_funcao":"A\u00e7\u00e3o Legislativa","programa":"A\u00c7\u00c3O LEGISLATIVA","acao":"AQUISI\u00c7\u00c3O DE M\u00d3VEIS, M\u00c1QUINAS E EQUIPAMENTOS DIVERSOS PARA O CONSELHO","ident_acao":"Atividade","cat_econ":"Despesa Corrente","natureza_despesa":"Outras Despesas Correntes","modalidade_despesa":"Aplica\u00e7\u00f5es Diretas","elemento_despesa":"Material de Consumo","sub_elem_desp":"SEM SUBELEMENTO","fonte_recurso":"Recursos do Exerc\u00edcio Corrente \/ Outros Recursos n\u00e3o Vinculados \/ -"},{"ano_emissao_emp":"2023","n_emp":"0000299","data_emissao":"18\/08\/2023","valor":"79,90","tipo_empenho":"Ordin\u00e1rio","hist_emp":"Valor que se empenha para fazer face ao custeio da aquisicao de materiais relacionados no ofecio n\u00b0 139\/2023 - Secom, compra necessaria para a realizacao do servico de instalacao dos aparelhos visando a reestruturacao do sistema de comunicacao desta Casa de Lei, celebrado mediante dispensa de licitacao, com fundamento no artigo 75, inciso 2\u00ba da Lei 14.133\/21","fornecedor":"JCL LAJES E MATERIAIS PARA CONSTRU\u00c7\u00c3O LTDA","denom_uni_orc":"CORPO DELIBERATIVO E SECRETARIA","funcao":"Legislativa","sub_funcao":"A\u00e7\u00e3o Legislativa","programa":"A\u00c7\u00c3O LEGISLATIVA","acao":"MANUTEN\u00c7\u00c3O DAS ATIVIDADES ADMINISTRATIVAS","ident_acao":"Atividade","cat_econ":"Despesa Corrente","natureza_despesa":"Outras Despesas Correntes","modalidade_despesa":"Aplica\u00e7\u00f5es Diretas","elemento_despesa":"Material de Consumo","sub_elem_desp":"SEM SUBELEMENTO","fonte_recurso":"Recursos do Exerc\u00edcio Corrente \/ Outros Recursos n\u00e3o Vinculados \/ -"},{"ano_emissao_emp":"2023","n_emp":"0000299","data_emissao":"18\/08\/2023","valor":"79,90","tipo_empenho":"Ordin\u00e1rio","hist_emp":"Valor que se empenha para fazer face ao custeio da aquisicao de materiais relacionados no ofecio n\u00b0 139\/2023 - Secom, compra necessaria para a realizacao do servico de instalacao dos aparelhos visando a reestruturacao do sistema de comunicacao desta Casa de Lei, celebrado mediante dispensa de licitacao, com fundamento no artigo 75, inciso 2\u00ba da Lei 14.133\/21","fornecedor":"JCL LAJES E MATERIAIS PARA CONSTRU\u00c7\u00c3O LTDA","denom_uni_orc":"CORPO DELIBERATIVO E SECRETARIA","funcao":"Legislativa","sub_funcao":"A\u00e7\u00e3o Legislativa","programa":"A\u00c7\u00c3O LEGISLATIVA","acao":"INDENIZA\u00c7\u00d5ES E RESTITUI\u00c7\u00d5ES DIVERSAS (FMS)","ident_acao":"Atividade","cat_econ":"Despesa Corrente","natureza_despesa":"Outras Despesas Correntes","modalidade_despesa":"Aplica\u00e7\u00f5es Diretas","elemento_despesa":"Material de Consumo","sub_elem_desp":"SEM SUBELEMENTO","fonte_recurso":"Recursos do Exerc\u00edcio Corrente \/ Outros Recursos n\u00e3o Vinculados \/ -"},{"ano_emissao_emp":"2023","n_emp":"0000300","data_emissao":"18\/08\/2023","valor":"270.000,00","tipo_empenho":"Estimativo","hist_emp":"Valor que se empenha para fazer face ao pagamento dos vencimentos dos servidores efetivos desta Casa Legislativa, no periodo de outubro a dezembro de 2023.","fornecedor":"FOLHA DE PAGAMENTO","denom_uni_orc":"CORPO DELIBERATIVO E SECRETARIA","funcao":"Legislativa","sub_funcao":"A\u00e7\u00e3o Legislativa","programa":"A\u00c7\u00c3O LEGISLATIVA","acao":"AQUISI\u00c7\u00c3O DE M\u00d3VEIS, M\u00c1QUINAS E EQUIPAMENTOS DIVERSOS PARA O CONSELHO","ident_acao":"Atividade","cat_econ":"Despesa Corrente","natureza_despesa":"Pessoal e Encargos Sociais","modalidade_despesa":"Aplica\u00e7\u00f5es Diretas","elemento_despesa":"Vencimentos e Vantagens Fixas - Pessoal Civil","sub_elem_desp":"SEM SUBELEMENTO","fonte_recurso":"Recursos do Exerc\u00edcio Corrente \/ Outros Recursos n\u00e3o Vinculados \/ -"},{"ano_emissao_emp":"2023","n_emp":"0000300","data_emissao":"18\/08\/2023","valor":"270.000,00","tipo_empenho":"Estimativo","hist_emp":"Valor que se empenha para fazer face ao pagamento dos vencimentos dos servidores efetivos desta Casa Legislativa, no periodo de outubro a dezembro de 2023.","fornecedor":"FOLHA DE PAGAMENTO","denom_uni_orc":"CORPO DELIBERATIVO E SECRETARIA","funcao":"Legislativa","sub_funcao":"A\u00e7\u00e3o Legislativa","programa":"A\u00c7\u00c3O LEGISLATIVA","acao":"MANUTEN\u00c7\u00c3O DAS ATIVIDADES ADMINISTRATIVAS","ident_acao":"Atividade","cat_econ":"Despesa Corrente","natureza_despesa":"Pessoal e Encargos Sociais","modalidade_despesa":"Aplica\u00e7\u00f5es Diretas","elemento_despesa":"Vencimentos e Vantagens Fixas - Pessoal Civil","sub_elem_desp":"SEM SUBELEMENTO","fonte_recurso":"Recursos do Exerc\u00edcio Corrente \/ Outros Recursos n\u00e3o Vinculados \/ -"},{"ano_emissao_emp":"2023","n_emp":"0000300","data_emissao":"18\/08\/2023","valor":"270.000,00","tipo_empenho":"Estimativo","hist_emp":"Valor que se empenha para fazer face ao pagamento dos vencimentos dos servidores efetivos desta Casa Legislativa, no periodo de outubro a dezembro de 2023.","fornecedor":"FOLHA DE PAGAMENTO","denom_uni_orc":"CORPO DELIBERATIVO E SECRETARIA","funcao":"Legislativa","sub_funcao":"A\u00e7\u00e3o Legislativa","programa":"A\u00c7\u00c3O LEGISLATIVA","acao":"INDENIZA\u00c7\u00d5ES E RESTITUI\u00c7\u00d5ES DIVERSAS (FMS)","ident_acao":"Atividade","cat_econ":"Despesa Corrente","natureza_despesa":"Pessoal e Encargos Sociais","modalidade_despesa":"Aplica\u00e7\u00f5es Diretas","elemento_despesa":"Vencimentos e Vantagens Fixas - Pessoal Civil","sub_elem_desp":"SEM SUBELEMENTO","fonte_recurso":"Recursos do Exerc\u00edcio Corrente \/ Outros Recursos n\u00e3o Vinculados \/ -"},{"ano_emissao_emp":"2023","n_emp":"0000301","data_emissao":"21\/08\/2023","valor":"628,00","tipo_empenho":"Ordin\u00e1rio","hist_emp":"Valor que se empenha para fazer face ao custeio de servico referente a manutencao do veiculo Chevrolet Spin LTZ 1.8, ano 2017, placa PCN-6644, pertencente a esta Casa de Lei. Assim,tal servico e necessario para o bom funcionamento do veiculo, celebrado mediante dispensa de licitacao, com fundamento no artigo 75, inciso 2\u00ba da Lei 14.133\/21.","fornecedor":"JOSE ADOLFO DE ALBERTINS BELEM","denom_uni_orc":"CORPO DELIBERATIVO E SECRETARIA","funcao":"Legislativa","sub_funcao":"A\u00e7\u00e3o Legislativa","programa":"A\u00c7\u00c3O LEGISLATIVA","acao":"AQUISI\u00c7\u00c3O DE M\u00d3VEIS, M\u00c1QUINAS E EQUIPAMENTOS DIVERSOS PARA O CONSELHO","ident_acao":"Atividade","cat_econ":"Despesa Corrente","natureza_despesa":"Outras Despesas Correntes","modalidade_despesa":"Aplica\u00e7\u00f5es Diretas","elemento_despesa":"Outros Servi\u00e7os de Terceiros - Pessoa Jur\u00eddica","sub_elem_desp":"SEM SUBELEMENTO","fonte_recurso":"Recursos do Exerc\u00edcio Corrente \/ Outros Recursos n\u00e3o Vinculados \/ -"},{"ano_emissao_emp":"2023","n_emp":"0000301","data_emissao":"21\/08\/2023","valor":"628,00","tipo_empenho":"Ordin\u00e1rio","hist_emp":"Valor que se empenha para fazer face ao custeio de servico referente a manutencao do veiculo Chevrolet Spin LTZ 1.8, ano 2017, placa PCN-6644, pertencente a esta Casa de Lei. Assim,tal servico e necessario para o bom funcionamento do veiculo, celebrado mediante dispensa de licitacao, com fundamento no artigo 75, inciso 2\u00ba da Lei 14.133\/21.","fornecedor":"JOSE ADOLFO DE ALBERTINS BELEM","denom_uni_orc":"CORPO DELIBERATIVO E SECRETARIA","funcao":"Legislativa","sub_funcao":"A\u00e7\u00e3o Legislativa","programa":"A\u00c7\u00c3O LEGISLATIVA","acao":"MANUTEN\u00c7\u00c3O DAS ATIVIDADES ADMINISTRATIVAS","ident_acao":"Atividade","cat_econ":"Despesa Corrente","natureza_despesa":"Outras Despesas Correntes","modalidade_despesa":"Aplica\u00e7\u00f5es Diretas","elemento_despesa":"Outros Servi\u00e7os de Terceiros - Pessoa Jur\u00eddica","sub_elem_desp":"SEM SUBELEMENTO","fonte_recurso":"Recursos do Exerc\u00edcio Corrente \/ Outros Recursos n\u00e3o Vinculados \/ -"},{"ano_emissao_emp":"2023","n_emp":"0000301","data_emissao":"21\/08\/2023","valor":"628,00","tipo_empenho":"Ordin\u00e1rio","hist_emp":"Valor que se empenha para fazer face ao custeio de servico referente a manutencao do veiculo Chevrolet Spin LTZ 1.8, ano 2017, placa PCN-6644, pertencente a esta Casa de Lei. Assim,tal servico e necessario para o bom funcionamento do veiculo, celebrado mediante dispensa de licitacao, com fundamento no artigo 75, inciso 2\u00ba da Lei 14.133\/21.","fornecedor":"JOSE ADOLFO DE ALBERTINS BELEM","denom_uni_orc":"CORPO DELIBERATIVO E SECRETARIA","funcao":"Legislativa","sub_funcao":"A\u00e7\u00e3o Legislativa","programa":"A\u00c7\u00c3O LEGISLATIVA","acao":"INDENIZA\u00c7\u00d5ES E RESTITUI\u00c7\u00d5ES DIVERSAS (FMS)","ident_acao":"Atividade","cat_econ":"Despesa Corrente","natureza_despesa":"Outras Despesas Correntes","modalidade_despesa":"Aplica\u00e7\u00f5es Diretas","elemento_despesa":"Outros Servi\u00e7os de Terceiros - Pessoa Jur\u00eddica","sub_elem_desp":"SEM SUBELEMENTO","fonte_recurso":"Recursos do Exerc\u00edcio Corrente \/ Outros Recursos n\u00e3o Vinculados \/ -"},{"ano_emissao_emp":"2023","n_emp":"0000302","data_emissao":"22\/08\/2023","valor":"105,29","tipo_empenho":"Ordin\u00e1rio","hist_emp":"Valor que se empenha para fazer face ao pagamento de conta do numero telefonico (81) 3731-3084 referente ao mes de agosto de 2023, celebrado mediante dispensa de licitacao, com fundamento no artigo 75, inciso 2\u00ba da Lei 14.133\/21.","fornecedor":"OI S.A. - EM RECUPERACAO JUDICIAL","denom_uni_orc":"CORPO DELIBERATIVO E SECRETARIA","funcao":"Legislativa","sub_funcao":"A\u00e7\u00e3o Legislativa","programa":"A\u00c7\u00c3O LEGISLATIVA","acao":"AQUISI\u00c7\u00c3O DE M\u00d3VEIS, M\u00c1QUINAS E EQUIPAMENTOS DIVERSOS PARA O CONSELHO","ident_acao":"Atividade","cat_econ":"Despesa Corrente","natureza_despesa":"Outras Despesas Correntes","modalidade_despesa":"Aplica\u00e7\u00f5es Diretas","elemento_despesa":"Outros Servi\u00e7os de Terceiros - Pessoa Jur\u00eddica","sub_elem_desp":"SEM SUBELEMENTO","fonte_recurso":"Recursos do Exerc\u00edcio Corrente \/ Outros Recursos n\u00e3o Vinculados \/ -"},{"ano_emissao_emp":"2023","n_emp":"0000302","data_emissao":"22\/08\/2023","valor":"105,29","tipo_empenho":"Ordin\u00e1rio","hist_emp":"Valor que se empenha para fazer face ao pagamento de conta do numero telefonico (81) 3731-3084 referente ao mes de agosto de 2023, celebrado mediante dispensa de licitacao, com fundamento no artigo 75, inciso 2\u00ba da Lei 14.133\/21.","fornecedor":"OI S.A. - EM RECUPERACAO JUDICIAL","denom_uni_orc":"CORPO DELIBERATIVO E SECRETARIA","funcao":"Legislativa","sub_funcao":"A\u00e7\u00e3o Legislativa","programa":"A\u00c7\u00c3O LEGISLATIVA","acao":"MANUTEN\u00c7\u00c3O DAS ATIVIDADES ADMINISTRATIVAS","ident_acao":"Atividade","cat_econ":"Despesa Corrente","natureza_despesa":"Outras Despesas Correntes","modalidade_despesa":"Aplica\u00e7\u00f5es Diretas","elemento_despesa":"Outros Servi\u00e7os de Terceiros - Pessoa Jur\u00eddica","sub_elem_desp":"SEM SUBELEMENTO","fonte_recurso":"Recursos do Exerc\u00edcio Corrente \/ Outros Recursos n\u00e3o Vinculados \/ -"},{"ano_emissao_emp":"2023","n_emp":"0000302","data_emissao":"22\/08\/2023","valor":"105,29","tipo_empenho":"Ordin\u00e1rio","hist_emp":"Valor que se empenha para fazer face ao pagamento de conta do numero telefonico (81) 3731-3084 referente ao mes de agosto de 2023, celebrado mediante dispensa de licitacao, com fundamento no artigo 75, inciso 2\u00ba da Lei 14.133\/21.","fornecedor":"OI S.A. - EM RECUPERACAO JUDICIAL","denom_uni_orc":"CORPO DELIBERATIVO E SECRETARIA","funcao":"Legislativa","sub_funcao":"A\u00e7\u00e3o Legislativa","programa":"A\u00c7\u00c3O LEGISLATIVA","acao":"INDENIZA\u00c7\u00d5ES E RESTITUI\u00c7\u00d5ES DIVERSAS (FMS)","ident_acao":"Atividade","cat_econ":"Despesa Corrente","natureza_despesa":"Outras Despesas Correntes","modalidade_despesa":"Aplica\u00e7\u00f5es Diretas","elemento_despesa":"Outros Servi\u00e7os de Terceiros - Pessoa Jur\u00eddica","sub_elem_desp":"SEM SUBELEMENTO","fonte_recurso":"Recursos do Exerc\u00edcio Corrente \/ Outros Recursos n\u00e3o Vinculados \/ -"},{"ano_emissao_emp":"2023","n_emp":"0000303","data_emissao":"22\/08\/2023","valor":"170,00","tipo_empenho":"Ordin\u00e1rio","hist_emp":"Valor empenhado para custear 01 (uma) diaria sem pernoite para o servidor Josue Custodio de Araujo Sobrinho, destinada ao acompanhamento da comitiva do Vereador Jose Soares (Irmao Soares) com destino a Sede da Guarda Municipal de Ipojuca, conforme contrato celebrado por dispensa de licitacao, de acordo com o artigo 75, inciso 2\u00ba, da Lei 14.133\/21.-","fornecedor":"JOSUE CUSTODIO DE ARAUJO SOBRINHO","denom_uni_orc":"CORPO DELIBERATIVO E SECRETARIA","funcao":"Legislativa","sub_funcao":"A\u00e7\u00e3o Legislativa","programa":"A\u00c7\u00c3O LEGISLATIVA","acao":"AQUISI\u00c7\u00c3O DE M\u00d3VEIS, M\u00c1QUINAS E EQUIPAMENTOS DIVERSOS PARA O CONSELHO","ident_acao":"Atividade","cat_econ":"Despesa Corrente","natureza_despesa":"Outras Despesas Correntes","modalidade_despesa":"Aplica\u00e7\u00f5es Diretas","elemento_despesa":"Di\u00e1rias \u2013 Civil","sub_elem_desp":"SEM SUBELEMENTO","fonte_recurso":"Recursos do Exerc\u00edcio Corrente \/ Outros Recursos n\u00e3o Vinculados \/ -"},{"ano_emissao_emp":"2023","n_emp":"0000303","data_emissao":"22\/08\/2023","valor":"170,00","tipo_empenho":"Ordin\u00e1rio","hist_emp":"Valor empenhado para custear 01 (uma) diaria sem pernoite para o servidor Josue Custodio de Araujo Sobrinho, destinada ao acompanhamento da comitiva do Vereador Jose Soares (Irmao Soares) com destino a Sede da Guarda Municipal de Ipojuca, conforme contrato celebrado por dispensa de licitacao, de acordo com o artigo 75, inciso 2\u00ba, da Lei 14.133\/21.-","fornecedor":"JOSUE CUSTODIO DE ARAUJO SOBRINHO","denom_uni_orc":"CORPO DELIBERATIVO E SECRETARIA","funcao":"Legislativa","sub_funcao":"A\u00e7\u00e3o Legislativa","programa":"A\u00c7\u00c3O LEGISLATIVA","acao":"MANUTEN\u00c7\u00c3O DAS ATIVIDADES ADMINISTRATIVAS","ident_acao":"Atividade","cat_econ":"Despesa Corrente","natureza_despesa":"Outras Despesas Correntes","modalidade_despesa":"Aplica\u00e7\u00f5es Diretas","elemento_despesa":"Di\u00e1rias \u2013 Civil","sub_elem_desp":"SEM SUBELEMENTO","fonte_recurso":"Recursos do Exerc\u00edcio Corrente \/ Outros Recursos n\u00e3o Vinculados \/ -"},{"ano_emissao_emp":"2023","n_emp":"0000303","data_emissao":"22\/08\/2023","valor":"170,00","tipo_empenho":"Ordin\u00e1rio","hist_emp":"Valor empenhado para custear 01 (uma) diaria sem pernoite para o servidor Josue Custodio de Araujo Sobrinho, destinada ao acompanhamento da comitiva do Vereador Jose Soares (Irmao Soares) com destino a Sede da Guarda Municipal de Ipojuca, conforme contrato celebrado por dispensa de licitacao, de acordo com o artigo 75, inciso 2\u00ba, da Lei 14.133\/21.-","fornecedor":"JOSUE CUSTODIO DE ARAUJO SOBRINHO","denom_uni_orc":"CORPO DELIBERATIVO E SECRETARIA","funcao":"Legislativa","sub_funcao":"A\u00e7\u00e3o Legislativa","programa":"A\u00c7\u00c3O LEGISLATIVA","acao":"INDENIZA\u00c7\u00d5ES E RESTITUI\u00c7\u00d5ES DIVERSAS (FMS)","ident_acao":"Atividade","cat_econ":"Despesa Corrente","natureza_despesa":"Outras Despesas Correntes","modalidade_despesa":"Aplica\u00e7\u00f5es Diretas","elemento_despesa":"Di\u00e1rias \u2013 Civil","sub_elem_desp":"SEM SUBELEMENTO","fonte_recurso":"Recursos do Exerc\u00edcio Corrente \/ Outros Recursos n\u00e3o Vinculados \/ -"},{"ano_emissao_emp":"2023","n_emp":"0000304","data_emissao":"22\/08\/2023","valor":"1.400,00","tipo_empenho":"Ordin\u00e1rio","hist_emp":"Valor que se empenha para fazer face a 02 diarias com pernoite ao Vereador Jilson Jose Juliao, na viagem a Recife para II Congresso Brasileiro de Federalismo e Encontro Anual do Centro de Estudos Constitucionais em Federalismo e Direito Estadual (ConState), 21-23 de agosto. Encontro desde 2019, reune pesquisadores sobre federalismo e direito constitucional. Oportunidade de visitar Deputados Estaduais Diogo Moraes e Joaozinho Tenorio na Assembleia Legislativa. Empenho por dispensa de licitacao, base- Lei 1","fornecedor":"GILSON JOSE JULIAO","denom_uni_orc":"CORPO DELIBERATIVO E SECRETARIA","funcao":"Legislativa","sub_funcao":"A\u00e7\u00e3o Legislativa","programa":"A\u00c7\u00c3O LEGISLATIVA","acao":"AQUISI\u00c7\u00c3O DE EQUIPAMENTOS DIVERSOS PARA O PROGRAMA PRIMEIRA INF\u00c2NCIA N","ident_acao":"Atividade","cat_econ":"Despesa Corrente","natureza_despesa":"Outras Despesas Correntes","modalidade_despesa":"Aplica\u00e7\u00f5es Diretas","elemento_despesa":"Di\u00e1rias \u2013 Civil","sub_elem_desp":"SEM SUBELEMENTO","fonte_recurso":"Recursos do Exerc\u00edcio Corrente \/ Outros Recursos n\u00e3o Vinculados \/ -"},{"ano_emissao_emp":"2023","n_emp":"0000304","data_emissao":"22\/08\/2023","valor":"1.400,00","tipo_empenho":"Ordin\u00e1rio","hist_emp":"Valor que se empenha para fazer face a 02 diarias com pernoite ao Vereador Jilson Jose Juliao, na viagem a Recife para II Congresso Brasileiro de Federalismo e Encontro Anual do Centro de Estudos Constitucionais em Federalismo e Direito Estadual (ConState), 21-23 de agosto. Encontro desde 2019, reune pesquisadores sobre federalismo e direito constitucional. Oportunidade de visitar Deputados Estaduais Diogo Moraes e Joaozinho Tenorio na Assembleia Legislativa. Empenho por dispensa de licitacao, base- Lei 1","fornecedor":"GILSON JOSE JULIAO","denom_uni_orc":"CORPO DELIBERATIVO E SECRETARIA","funcao":"Legislativa","sub_funcao":"A\u00e7\u00e3o Legislativa","programa":"A\u00c7\u00c3O LEGISLATIVA","acao":"MANUTEN\u00c7\u00c3O DAS ATIVIDADES LEGISLATIVAS","ident_acao":"Atividade","cat_econ":"Despesa Corrente","natureza_despesa":"Outras Despesas Correntes","modalidade_despesa":"Aplica\u00e7\u00f5es Diretas","elemento_despesa":"Di\u00e1rias \u2013 Civil","sub_elem_desp":"SEM SUBELEMENTO","fonte_recurso":"Recursos do Exerc\u00edcio Corrente \/ Outros Recursos n\u00e3o Vinculados \/ -"},{"ano_emissao_emp":"2023","n_emp":"0000305","data_emissao":"22\/08\/2023","valor":"300,00","tipo_empenho":"Ordin\u00e1rio","hist_emp":"Valor que se empenha para custear 01 (uma) diaria para a vereadora Jessyca Cavalcanti sem pernoite, com destino a cidade do Recife. Na ocasiao, farei visitas a predios publicos estaduais e municipais, incluindo a Casa de Passagem de Santa Cruz do Capibaribe. Empenho realizado por dispensa de licitacao, fundamentado no artigo 75, inciso 2\u00ba, da Lei 14.133\/21.","fornecedor":"JESSYCA M\u00d4NICA DE LIMA CAVALCANTI","denom_uni_orc":"CORPO DELIBERATIVO E SECRETARIA","funcao":"Legislativa","sub_funcao":"A\u00e7\u00e3o Legislativa","programa":"A\u00c7\u00c3O LEGISLATIVA","acao":"AQUISI\u00c7\u00c3O DE EQUIPAMENTOS DIVERSOS PARA O PROGRAMA PRIMEIRA INF\u00c2NCIA N","ident_acao":"Atividade","cat_econ":"Despesa Corrente","natureza_despesa":"Outras Despesas Correntes","modalidade_despesa":"Aplica\u00e7\u00f5es Diretas","elemento_despesa":"Di\u00e1rias \u2013 Civil","sub_elem_desp":"SEM SUBELEMENTO","fonte_recurso":"Recursos do Exerc\u00edcio Corrente \/ Outros Recursos n\u00e3o Vinculados \/ -"},{"ano_emissao_emp":"2023","n_emp":"0000305","data_emissao":"22\/08\/2023","valor":"300,00","tipo_empenho":"Ordin\u00e1rio","hist_emp":"Valor que se empenha para custear 01 (uma) diaria para a vereadora Jessyca Cavalcanti sem pernoite, com destino a cidade do Recife. Na ocasiao, farei visitas a predios publicos estaduais e municipais, incluindo a Casa de Passagem de Santa Cruz do Capibaribe. Empenho realizado por dispensa de licitacao, fundamentado no artigo 75, inciso 2\u00ba, da Lei 14.133\/21.","fornecedor":"JESSYCA M\u00d4NICA DE LIMA CAVALCANTI","denom_uni_orc":"CORPO DELIBERATIVO E SECRETARIA","funcao":"Legislativa","sub_funcao":"A\u00e7\u00e3o Legislativa","programa":"A\u00c7\u00c3O LEGISLATIVA","acao":"MANUTEN\u00c7\u00c3O DAS ATIVIDADES LEGISLATIVAS","ident_acao":"Atividade","cat_econ":"Despesa Corrente","natureza_despesa":"Outras Despesas Correntes","modalidade_despesa":"Aplica\u00e7\u00f5es Diretas","elemento_despesa":"Di\u00e1rias \u2013 Civil","sub_elem_desp":"SEM SUBELEMENTO","fonte_recurso":"Recursos do Exerc\u00edcio Corrente \/ Outros Recursos n\u00e3o Vinculados \/ -"},{"ano_emissao_emp":"2023","n_emp":"0000306","data_emissao":"22\/08\/2023","valor":"150,00","tipo_empenho":"Ordin\u00e1rio","hist_emp":"Valor que se empenha para custear 01 (uma) diaria sem pernoite para a Vereadora Jessyca Cavalcanti com ida a cidade de Surubim. Na oportunidade, ela fara uma visita ao Tribunal de Contas do Estado, empenho celebrado mediante dispensa de licitacao, com base no artigo 75, inciso 2\u00ba, da Lei 14.133\/21.","fornecedor":"JESSYCA M\u00d4NICA DE LIMA CAVALCANTI","denom_uni_orc":"CORPO DELIBERATIVO E SECRETARIA","funcao":"Legislativa","sub_funcao":"A\u00e7\u00e3o Legislativa","programa":"A\u00c7\u00c3O LEGISLATIVA","acao":"AQUISI\u00c7\u00c3O DE EQUIPAMENTOS DIVERSOS PARA O PROGRAMA PRIMEIRA INF\u00c2NCIA N","ident_acao":"Atividade","cat_econ":"Despesa Corrente","natureza_despesa":"Outras Despesas Correntes","modalidade_despesa":"Aplica\u00e7\u00f5es Diretas","elemento_despesa":"Di\u00e1rias \u2013 Civil","sub_elem_desp":"SEM SUBELEMENTO","fonte_recurso":"Recursos do Exerc\u00edcio Corrente \/ Outros Recursos n\u00e3o Vinculados \/ -"},{"ano_emissao_emp":"2023","n_emp":"0000306","data_emissao":"22\/08\/2023","valor":"150,00","tipo_empenho":"Ordin\u00e1rio","hist_emp":"Valor que se empenha para custear 01 (uma) diaria sem pernoite para a Vereadora Jessyca Cavalcanti com ida a cidade de Surubim. Na oportunidade, ela fara uma visita ao Tribunal de Contas do Estado, empenho celebrado mediante dispensa de licitacao, com base no artigo 75, inciso 2\u00ba, da Lei 14.133\/21.","fornecedor":"JESSYCA M\u00d4NICA DE LIMA CAVALCANTI","denom_uni_orc":"CORPO DELIBERATIVO E SECRETARIA","funcao":"Legislativa","sub_funcao":"A\u00e7\u00e3o Legislativa","programa":"A\u00c7\u00c3O LEGISLATIVA","acao":"MANUTEN\u00c7\u00c3O DAS ATIVIDADES LEGISLATIVAS","ident_acao":"Atividade","cat_econ":"Despesa Corrente","natureza_despesa":"Outras Despesas Correntes","modalidade_despesa":"Aplica\u00e7\u00f5es Diretas","elemento_despesa":"Di\u00e1rias \u2013 Civil","sub_elem_desp":"SEM SUBELEMENTO","fonte_recurso":"Recursos do Exerc\u00edcio Corrente \/ Outros Recursos n\u00e3o Vinculados \/ -"},{"ano_emissao_emp":"2023","n_emp":"0000307","data_emissao":"22\/08\/2023","valor":"300,00","tipo_empenho":"Ordin\u00e1rio","hist_emp":"Valor que se empenha para fazer face ao custeio de 01 (uma) diaria sem pernoite para o Vereador Jose Soares Correia (Irmao Soares) com ida a cidade de Ipojuca - PE. Participara de reuniao na sede da Guarda Municipal, buscando informacoes sobre o dispositivo de seguranca -botao do panico-. Visa efetivar esse dispositivo em Santa Cruz do Capibaribe, conforme Lei Municipal n\u00ba 3.705\/23. Empenho por dispensa de licitacao, com base no artigo 75, inciso 2\u00ba, da Lei 14.133\/21.","fornecedor":"JOSE SOARES CORREIA","denom_uni_orc":"CORPO DELIBERATIVO E SECRETARIA","funcao":"Legislativa","sub_funcao":"A\u00e7\u00e3o Legislativa","programa":"A\u00c7\u00c3O LEGISLATIVA","acao":"AQUISI\u00c7\u00c3O DE EQUIPAMENTOS DIVERSOS PARA O PROGRAMA PRIMEIRA INF\u00c2NCIA N","ident_acao":"Atividade","cat_econ":"Despesa Corrente","natureza_despesa":"Outras Despesas Correntes","modalidade_despesa":"Aplica\u00e7\u00f5es Diretas","elemento_despesa":"Di\u00e1rias \u2013 Civil","sub_elem_desp":"SEM SUBELEMENTO","fonte_recurso":"Recursos do Exerc\u00edcio Corrente \/ Outros Recursos n\u00e3o Vinculados \/ -"},{"ano_emissao_emp":"2023","n_emp":"0000307","data_emissao":"22\/08\/2023","valor":"300,00","tipo_empenho":"Ordin\u00e1rio","hist_emp":"Valor que se empenha para fazer face ao custeio de 01 (uma) diaria sem pernoite para o Vereador Jose Soares Correia (Irmao Soares) com ida a cidade de Ipojuca - PE. Participara de reuniao na sede da Guarda Municipal, buscando informacoes sobre o dispositivo de seguranca -botao do panico-. Visa efetivar esse dispositivo em Santa Cruz do Capibaribe, conforme Lei Municipal n\u00ba 3.705\/23. Empenho por dispensa de licitacao, com base no artigo 75, inciso 2\u00ba, da Lei 14.133\/21.","fornecedor":"JOSE SOARES CORREIA","denom_uni_orc":"CORPO DELIBERATIVO E SECRETARIA","funcao":"Legislativa","sub_funcao":"A\u00e7\u00e3o Legislativa","programa":"A\u00c7\u00c3O LEGISLATIVA","acao":"MANUTEN\u00c7\u00c3O DAS ATIVIDADES LEGISLATIVAS","ident_acao":"Atividade","cat_econ":"Despesa Corrente","natureza_despesa":"Outras Despesas Correntes","modalidade_despesa":"Aplica\u00e7\u00f5es Diretas","elemento_despesa":"Di\u00e1rias \u2013 Civil","sub_elem_desp":"SEM SUBELEMENTO","fonte_recurso":"Recursos do Exerc\u00edcio Corrente \/ Outros Recursos n\u00e3o Vinculados \/ -"},{"ano_emissao_emp":"2023","n_emp":"0000308","data_emissao":"22\/08\/2023","valor":"170,00","tipo_empenho":"Ordin\u00e1rio","hist_emp":"Valor empenhado paa fazer face ao custeio 01 (uma) diaria sem pernoite para o servidor Mauricio Manoel da Silva, acompanhar o Vereador Jose Soares Correia (Irmao Soares) em reuniao na sede da Guarda Municipal de Ipojuca - PE. Objetivo- informacoes e aperfeicoamento sobre implantacao do dispositivo de seguranca -Botao do Panico-, em conformidade com Lei Municipal n\u00ba 3.705\/23. Empenho celebrado mediante dispensa de licitacao, base- Lei 14.133\/21, artigo 75, inciso 2\u00ba.","fornecedor":"MAURICIO MANOEL DA SILVA","denom_uni_orc":"CORPO DELIBERATIVO E SECRETARIA","funcao":"Legislativa","sub_funcao":"A\u00e7\u00e3o Legislativa","programa":"A\u00c7\u00c3O LEGISLATIVA","acao":"AQUISI\u00c7\u00c3O DE EQUIPAMENTOS DIVERSOS PARA O PROGRAMA PRIMEIRA INF\u00c2NCIA N","ident_acao":"Atividade","cat_econ":"Despesa Corrente","natureza_despesa":"Outras Despesas Correntes","modalidade_despesa":"Aplica\u00e7\u00f5es Diretas","elemento_despesa":"Di\u00e1rias \u2013 Civil","sub_elem_desp":"SEM SUBELEMENTO","fonte_recurso":"Recursos do Exerc\u00edcio Corrente \/ Outros Recursos n\u00e3o Vinculados \/ -"},{"ano_emissao_emp":"2023","n_emp":"0000308","data_emissao":"22\/08\/2023","valor":"170,00","tipo_empenho":"Ordin\u00e1rio","hist_emp":"Valor empenhado paa fazer face ao custeio 01 (uma) diaria sem pernoite para o servidor Mauricio Manoel da Silva, acompanhar o Vereador Jose Soares Correia (Irmao Soares) em reuniao na sede da Guarda Municipal de Ipojuca - PE. Objetivo- informacoes e aperfeicoamento sobre implantacao do dispositivo de seguranca -Botao do Panico-, em conformidade com Lei Municipal n\u00ba 3.705\/23. Empenho celebrado mediante dispensa de licitacao, base- Lei 14.133\/21, artigo 75, inciso 2\u00ba.","fornecedor":"MAURICIO MANOEL DA SILVA","denom_uni_orc":"CORPO DELIBERATIVO E SECRETARIA","funcao":"Legislativa","sub_funcao":"A\u00e7\u00e3o Legislativa","programa":"A\u00c7\u00c3O LEGISLATIVA","acao":"MANUTEN\u00c7\u00c3O DAS ATIVIDADES LEGISLATIVAS","ident_acao":"Atividade","cat_econ":"Despesa Corrente","natureza_despesa":"Outras Despesas Correntes","modalidade_despesa":"Aplica\u00e7\u00f5es Diretas","elemento_despesa":"Di\u00e1rias \u2013 Civil","sub_elem_desp":"SEM SUBELEMENTO","fonte_recurso":"Recursos do Exerc\u00edcio Corrente \/ Outros Recursos n\u00e3o Vinculados \/ -"},{"ano_emissao_emp":"2023","n_emp":"0000309","data_emissao":"23\/08\/2023","valor":"3.300,00","tipo_empenho":"Ordin\u00e1rio","hist_emp":"Valor que se empenha para fazer face ao custeio do curso de aperfeicoamento e capacitacao profissional na cidade de Caruaru, Pernambuco, para os servidores Welles Andrade do Nascimento e Flavio Aleixo da Silva, ambos guardas legislativos desta camara de vereadores. O empenho foi celebrado mediante dispensa de licitacao, com fundamento no artigo 75, inciso 2\u00ba da Lei 14.133\/21.","fornecedor":"SPARTTA FORMA\u00c7\u00c3O PROFISSIONAL EM SEGURAN\u00c7A PATRIMONIAL LTDA","denom_uni_orc":"CORPO DELIBERATIVO E SECRETARIA","funcao":"Legislativa","sub_funcao":"A\u00e7\u00e3o Legislativa","programa":"A\u00c7\u00c3O LEGISLATIVA","acao":"AQUISI\u00c7\u00c3O DE M\u00d3VEIS, M\u00c1QUINAS E EQUIPAMENTOS DIVERSOS PARA O CONSELHO","ident_acao":"Atividade","cat_econ":"Despesa Corrente","natureza_despesa":"Outras Despesas Correntes","modalidade_despesa":"Aplica\u00e7\u00f5es Diretas","elemento_despesa":"Outros Servi\u00e7os de Terceiros - Pessoa Jur\u00eddica","sub_elem_desp":"SEM SUBELEMENTO","fonte_recurso":"Recursos do Exerc\u00edcio Corrente \/ Outros Recursos n\u00e3o Vinculados \/ -"},{"ano_emissao_emp":"2023","n_emp":"0000309","data_emissao":"23\/08\/2023","valor":"3.300,00","tipo_empenho":"Ordin\u00e1rio","hist_emp":"Valor que se empenha para fazer face ao custeio do curso de aperfeicoamento e capacitacao profissional na cidade de Caruaru, Pernambuco, para os servidores Welles Andrade do Nascimento e Flavio Aleixo da Silva, ambos guardas legislativos desta camara de vereadores. O empenho foi celebrado mediante dispensa de licitacao, com fundamento no artigo 75, inciso 2\u00ba da Lei 14.133\/21.","fornecedor":"SPARTTA FORMA\u00c7\u00c3O PROFISSIONAL EM SEGURAN\u00c7A PATRIMONIAL LTDA","denom_uni_orc":"CORPO DELIBERATIVO E SECRETARIA","funcao":"Legislativa","sub_funcao":"A\u00e7\u00e3o Legislativa","programa":"A\u00c7\u00c3O LEGISLATIVA","acao":"MANUTEN\u00c7\u00c3O DAS ATIVIDADES ADMINISTRATIVAS","ident_acao":"Atividade","cat_econ":"Despesa Corrente","natureza_despesa":"Outras Despesas Correntes","modalidade_despesa":"Aplica\u00e7\u00f5es Diretas","elemento_despesa":"Outros Servi\u00e7os de Terceiros - Pessoa Jur\u00eddica","sub_elem_desp":"SEM SUBELEMENTO","fonte_recurso":"Recursos do Exerc\u00edcio Corrente \/ Outros Recursos n\u00e3o Vinculados \/ -"},{"ano_emissao_emp":"2023","n_emp":"0000309","data_emissao":"23\/08\/2023","valor":"3.300,00","tipo_empenho":"Ordin\u00e1rio","hist_emp":"Valor que se empenha para fazer face ao custeio do curso de aperfeicoamento e capacitacao profissional na cidade de Caruaru, Pernambuco, para os servidores Welles Andrade do Nascimento e Flavio Aleixo da Silva, ambos guardas legislativos desta camara de vereadores. O empenho foi celebrado mediante dispensa de licitacao, com fundamento no artigo 75, inciso 2\u00ba da Lei 14.133\/21.","fornecedor":"SPARTTA FORMA\u00c7\u00c3O PROFISSIONAL EM SEGURAN\u00c7A PATRIMONIAL LTDA","denom_uni_orc":"CORPO DELIBERATIVO E SECRETARIA","funcao":"Legislativa","sub_funcao":"A\u00e7\u00e3o Legislativa","programa":"A\u00c7\u00c3O LEGISLATIVA","acao":"INDENIZA\u00c7\u00d5ES E RESTITUI\u00c7\u00d5ES DIVERSAS (FMS)","ident_acao":"Atividade","cat_econ":"Despesa Corrente","natureza_despesa":"Outras Despesas Correntes","modalidade_despesa":"Aplica\u00e7\u00f5es Diretas","elemento_despesa":"Outros Servi\u00e7os de Terceiros - Pessoa Jur\u00eddica","sub_elem_desp":"SEM SUBELEMENTO","fonte_recurso":"Recursos do Exerc\u00edcio Corrente \/ Outros Recursos n\u00e3o Vinculados \/ -"},{"ano_emissao_emp":"2023","n_emp":"0000310","data_emissao":"24\/08\/2023","valor":"170,00","tipo_empenho":"Ordin\u00e1rio","hist_emp":"Valor que se empenha para fazer face ao custeio de 01 (uma) diaria para o chefe de gabinete Anderson Alves Guerra, para participar na UPE Campus Garanhuns, de um Minicurso intitulado -Projeto Politico Pedagogico - A identidade da escola-, visando a elaboracao e organizacao do referido documento para o CIDATEC. O evento citado acontecera nos dias 24, 25 e 31 de agosto, das 18h as 20h, no Auditorio Clovis Gomes, celebrado mediante dispensa de licitacao, com fundamento no artigo 75, inciso 2\u00ba da lei 14.133\/2","fornecedor":"ANDERSON ALVES GUERRA","denom_uni_orc":"CORPO DELIBERATIVO E SECRETARIA","funcao":"Legislativa","sub_funcao":"A\u00e7\u00e3o Legislativa","programa":"A\u00c7\u00c3O LEGISLATIVA","acao":"AQUISI\u00c7\u00c3O DE M\u00d3VEIS, M\u00c1QUINAS E EQUIPAMENTOS DIVERSOS PARA O CONSELHO","ident_acao":"Atividade","cat_econ":"Despesa Corrente","natureza_despesa":"Outras Despesas Correntes","modalidade_despesa":"Aplica\u00e7\u00f5es Diretas","elemento_despesa":"Di\u00e1rias \u2013 Civil","sub_elem_desp":"SEM SUBELEMENTO","fonte_recurso":"Recursos do Exerc\u00edcio Corrente \/ Outros Recursos n\u00e3o Vinculados \/ -"},{"ano_emissao_emp":"2023","n_emp":"0000310","data_emissao":"24\/08\/2023","valor":"170,00","tipo_empenho":"Ordin\u00e1rio","hist_emp":"Valor que se empenha para fazer face ao custeio de 01 (uma) diaria para o chefe de gabinete Anderson Alves Guerra, para participar na UPE Campus Garanhuns, de um Minicurso intitulado -Projeto Politico Pedagogico - A identidade da escola-, visando a elaboracao e organizacao do referido documento para o CIDATEC. O evento citado acontecera nos dias 24, 25 e 31 de agosto, das 18h as 20h, no Auditorio Clovis Gomes, celebrado mediante dispensa de licitacao, com fundamento no artigo 75, inciso 2\u00ba da lei 14.133\/2","fornecedor":"ANDERSON ALVES GUERRA","denom_uni_orc":"CORPO DELIBERATIVO E SECRETARIA","funcao":"Legislativa","sub_funcao":"A\u00e7\u00e3o Legislativa","programa":"A\u00c7\u00c3O LEGISLATIVA","acao":"MANUTEN\u00c7\u00c3O DAS ATIVIDADES ADMINISTRATIVAS","ident_acao":"Atividade","cat_econ":"Despesa Corrente","natureza_despesa":"Outras Despesas Correntes","modalidade_despesa":"Aplica\u00e7\u00f5es Diretas","elemento_despesa":"Di\u00e1rias \u2013 Civil","sub_elem_desp":"SEM SUBELEMENTO","fonte_recurso":"Recursos do Exerc\u00edcio Corrente \/ Outros Recursos n\u00e3o Vinculados \/ -"},{"ano_emissao_emp":"2023","n_emp":"0000310","data_emissao":"24\/08\/2023","valor":"170,00","tipo_empenho":"Ordin\u00e1rio","hist_emp":"Valor que se empenha para fazer face ao custeio de 01 (uma) diaria para o chefe de gabinete Anderson Alves Guerra, para participar na UPE Campus Garanhuns, de um Minicurso intitulado -Projeto Politico Pedagogico - A identidade da escola-, visando a elaboracao e organizacao do referido documento para o CIDATEC. O evento citado acontecera nos dias 24, 25 e 31 de agosto, das 18h as 20h, no Auditorio Clovis Gomes, celebrado mediante dispensa de licitacao, com fundamento no artigo 75, inciso 2\u00ba da lei 14.133\/2","fornecedor":"ANDERSON ALVES GUERRA","denom_uni_orc":"CORPO DELIBERATIVO E SECRETARIA","funcao":"Legislativa","sub_funcao":"A\u00e7\u00e3o Legislativa","programa":"A\u00c7\u00c3O LEGISLATIVA","acao":"INDENIZA\u00c7\u00d5ES E RESTITUI\u00c7\u00d5ES DIVERSAS (FMS)","ident_acao":"Atividade","cat_econ":"Despesa Corrente","natureza_despesa":"Outras Despesas Correntes","modalidade_despesa":"Aplica\u00e7\u00f5es Diretas","elemento_despesa":"Di\u00e1rias \u2013 Civil","sub_elem_desp":"SEM SUBELEMENTO","fonte_recurso":"Recursos do Exerc\u00edcio Corrente \/ Outros Recursos n\u00e3o Vinculados \/ -"},{"ano_emissao_emp":"2023","n_emp":"0000311","data_emissao":"24\/08\/2023","valor":"170,00","tipo_empenho":"Ordin\u00e1rio","hist_emp":"Valor que se empenha para fazer face ao custeio de 01 (uma) diaria para o servidor Jose Victor da Silva Santos assessor especial da administracao nivel II, para participar na UPE Campus Garanhuns, de um Minicurso intitulado -Projeto Politico Pedagogico - A identidade da escola-, visando a elaboracao e organizacao do referido documento para o CIDATEC. O evento citado acontecera nos dias 24, 25 e 31 de agosto, das 18h as 20h, no Auditorio Clovis Gomes, celebrado mediante dispensa de licitacao, com fundament","fornecedor":"JOS\u00c9 VICTOR DA SILVA SANTOS","denom_uni_orc":"CORPO DELIBERATIVO E SECRETARIA","funcao":"Legislativa","sub_funcao":"A\u00e7\u00e3o Legislativa","programa":"A\u00c7\u00c3O LEGISLATIVA","acao":"AQUISI\u00c7\u00c3O DE M\u00d3VEIS, M\u00c1QUINAS E EQUIPAMENTOS DIVERSOS PARA O CONSELHO","ident_acao":"Atividade","cat_econ":"Despesa Corrente","natureza_despesa":"Outras Despesas Correntes","modalidade_despesa":"Aplica\u00e7\u00f5es Diretas","elemento_despesa":"Di\u00e1rias \u2013 Civil","sub_elem_desp":"SEM SUBELEMENTO","fonte_recurso":"Recursos do Exerc\u00edcio Corrente \/ Outros Recursos n\u00e3o Vinculados \/ -"},{"ano_emissao_emp":"2023","n_emp":"0000311","data_emissao":"24\/08\/2023","valor":"170,00","tipo_empenho":"Ordin\u00e1rio","hist_emp":"Valor que se empenha para fazer face ao custeio de 01 (uma) diaria para o servidor Jose Victor da Silva Santos assessor especial da administracao nivel II, para participar na UPE Campus Garanhuns, de um Minicurso intitulado -Projeto Politico Pedagogico - A identidade da escola-, visando a elaboracao e organizacao do referido documento para o CIDATEC. O evento citado acontecera nos dias 24, 25 e 31 de agosto, das 18h as 20h, no Auditorio Clovis Gomes, celebrado mediante dispensa de licitacao, com fundament","fornecedor":"JOS\u00c9 VICTOR DA SILVA SANTOS","denom_uni_orc":"CORPO DELIBERATIVO E SECRETARIA","funcao":"Legislativa","sub_funcao":"A\u00e7\u00e3o Legislativa","programa":"A\u00c7\u00c3O LEGISLATIVA","acao":"MANUTEN\u00c7\u00c3O DAS ATIVIDADES ADMINISTRATIVAS","ident_acao":"Atividade","cat_econ":"Despesa Corrente","natureza_despesa":"Outras Despesas Correntes","modalidade_despesa":"Aplica\u00e7\u00f5es Diretas","elemento_despesa":"Di\u00e1rias \u2013 Civil","sub_elem_desp":"SEM SUBELEMENTO","fonte_recurso":"Recursos do Exerc\u00edcio Corrente \/ Outros Recursos n\u00e3o Vinculados \/ -"},{"ano_emissao_emp":"2023","n_emp":"0000311","data_emissao":"24\/08\/2023","valor":"170,00","tipo_empenho":"Ordin\u00e1rio","hist_emp":"Valor que se empenha para fazer face ao custeio de 01 (uma) diaria para o servidor Jose Victor da Silva Santos assessor especial da administracao nivel II, para participar na UPE Campus Garanhuns, de um Minicurso intitulado -Projeto Politico Pedagogico - A identidade da escola-, visando a elaboracao e organizacao do referido documento para o CIDATEC. O evento citado acontecera nos dias 24, 25 e 31 de agosto, das 18h as 20h, no Auditorio Clovis Gomes, celebrado mediante dispensa de licitacao, com fundament","fornecedor":"JOS\u00c9 VICTOR DA SILVA SANTOS","denom_uni_orc":"CORPO DELIBERATIVO E SECRETARIA","funcao":"Legislativa","sub_funcao":"A\u00e7\u00e3o Legislativa","programa":"A\u00c7\u00c3O LEGISLATIVA","acao":"INDENIZA\u00c7\u00d5ES E RESTITUI\u00c7\u00d5ES DIVERSAS (FMS)","ident_acao":"Atividade","cat_econ":"Despesa Corrente","natureza_despesa":"Outras Despesas Correntes","modalidade_despesa":"Aplica\u00e7\u00f5es Diretas","elemento_despesa":"Di\u00e1rias \u2013 Civil","sub_elem_desp":"SEM SUBELEMENTO","fonte_recurso":"Recursos do Exerc\u00edcio Corrente \/ Outros Recursos n\u00e3o Vinculados \/ -"},{"ano_emissao_emp":"2023","n_emp":"0000312","data_emissao":"24\/08\/2023","valor":"340,00","tipo_empenho":"Ordin\u00e1rio","hist_emp":"Valor que se empenha para fazer face ao custeio de 02 (duas) diarias para o servidor Josue Custodio de Araujo Sobrinho motorista desta casa legislativa, para conduzir os servidores desta casa para UPE Campus Garanhuns, de um Minicurso intitulado -Projeto Politico Pedagogico - A identidade da escola-, nos dias 24 e 25\/08\/2023, celebrado mediante dispensa de licitacao, com fundamento no artigo 75, inciso 2\u00ba da lei 14.133\/21.","fornecedor":"JOSUE CUSTODIO DE ARAUJO SOBRINHO","denom_uni_orc":"CORPO DELIBERATIVO E SECRETARIA","funcao":"Legislativa","sub_funcao":"A\u00e7\u00e3o Legislativa","programa":"A\u00c7\u00c3O LEGISLATIVA","acao":"AQUISI\u00c7\u00c3O DE M\u00d3VEIS, M\u00c1QUINAS E EQUIPAMENTOS DIVERSOS PARA O CONSELHO","ident_acao":"Atividade","cat_econ":"Despesa Corrente","natureza_despesa":"Outras Despesas Correntes","modalidade_despesa":"Aplica\u00e7\u00f5es Diretas","elemento_despesa":"Di\u00e1rias \u2013 Civil","sub_elem_desp":"SEM SUBELEMENTO","fonte_recurso":"Recursos do Exerc\u00edcio Corrente \/ Outros Recursos n\u00e3o Vinculados \/ -"},{"ano_emissao_emp":"2023","n_emp":"0000312","data_emissao":"24\/08\/2023","valor":"340,00","tipo_empenho":"Ordin\u00e1rio","hist_emp":"Valor que se empenha para fazer face ao custeio de 02 (duas) diarias para o servidor Josue Custodio de Araujo Sobrinho motorista desta casa legislativa, para conduzir os servidores desta casa para UPE Campus Garanhuns, de um Minicurso intitulado -Projeto Politico Pedagogico - A identidade da escola-, nos dias 24 e 25\/08\/2023, celebrado mediante dispensa de licitacao, com fundamento no artigo 75, inciso 2\u00ba da lei 14.133\/21.","fornecedor":"JOSUE CUSTODIO DE ARAUJO SOBRINHO","denom_uni_orc":"CORPO DELIBERATIVO E SECRETARIA","funcao":"Legislativa","sub_funcao":"A\u00e7\u00e3o Legislativa","programa":"A\u00c7\u00c3O LEGISLATIVA","acao":"MANUTEN\u00c7\u00c3O DAS ATIVIDADES ADMINISTRATIVAS","ident_acao":"Atividade","cat_econ":"Despesa Corrente","natureza_despesa":"Outras Despesas Correntes","modalidade_despesa":"Aplica\u00e7\u00f5es Diretas","elemento_despesa":"Di\u00e1rias \u2013 Civil","sub_elem_desp":"SEM SUBELEMENTO","fonte_recurso":"Recursos do Exerc\u00edcio Corrente \/ Outros Recursos n\u00e3o Vinculados \/ -"},{"ano_emissao_emp":"2023","n_emp":"0000312","data_emissao":"24\/08\/2023","valor":"340,00","tipo_empenho":"Ordin\u00e1rio","hist_emp":"Valor que se empenha para fazer face ao custeio de 02 (duas) diarias para o servidor Josue Custodio de Araujo Sobrinho motorista desta casa legislativa, para conduzir os servidores desta casa para UPE Campus Garanhuns, de um Minicurso intitulado -Projeto Politico Pedagogico - A identidade da escola-, nos dias 24 e 25\/08\/2023, celebrado mediante dispensa de licitacao, com fundamento no artigo 75, inciso 2\u00ba da lei 14.133\/21.","fornecedor":"JOSUE CUSTODIO DE ARAUJO SOBRINHO","denom_uni_orc":"CORPO DELIBERATIVO E SECRETARIA","funcao":"Legislativa","sub_funcao":"A\u00e7\u00e3o Legislativa","programa":"A\u00c7\u00c3O LEGISLATIVA","acao":"INDENIZA\u00c7\u00d5ES E RESTITUI\u00c7\u00d5ES DIVERSAS (FMS)","ident_acao":"Atividade","cat_econ":"Despesa Corrente","natureza_despesa":"Outras Despesas Correntes","modalidade_despesa":"Aplica\u00e7\u00f5es Diretas","elemento_despesa":"Di\u00e1rias \u2013 Civil","sub_elem_desp":"SEM SUBELEMENTO","fonte_recurso":"Recursos do Exerc\u00edcio Corrente \/ Outros Recursos n\u00e3o Vinculados \/ -"},{"ano_emissao_emp":"2023","n_emp":"0000313","data_emissao":"24\/08\/2023","valor":"170,00","tipo_empenho":"Ordin\u00e1rio","hist_emp":"Valor que se empenha para fazer face ao custeio de 01 (uma) diaria para a servidora Mariana Najara Araujo Silva assessora legislativa, para participar na UPE Campus Garanhuns, de um Minicurso intitulado -Projeto Politico Pedagogico - A identidade da escola-, visando a elaboracao e organizacao do referido documento para o CIDATEC. O evento citado acontecera nos dias 24, 25 e 31 de agosto, das 18h as 20h, no Auditorio Clovis Gomes, celebrado mediante dispensa de licitacao, com fundamento no artigo 75, incis","fornecedor":"MARIANA NAJARA ARA\u00daJO SILVA","denom_uni_orc":"CORPO DELIBERATIVO E SECRETARIA","funcao":"Legislativa","sub_funcao":"A\u00e7\u00e3o Legislativa","programa":"A\u00c7\u00c3O LEGISLATIVA","acao":"AQUISI\u00c7\u00c3O DE M\u00d3VEIS, M\u00c1QUINAS E EQUIPAMENTOS DIVERSOS PARA O CONSELHO","ident_acao":"Atividade","cat_econ":"Despesa Corrente","natureza_despesa":"Outras Despesas Correntes","modalidade_despesa":"Aplica\u00e7\u00f5es Diretas","elemento_despesa":"Di\u00e1rias \u2013 Civil","sub_elem_desp":"SEM SUBELEMENTO","fonte_recurso":"Recursos do Exerc\u00edcio Corrente \/ Outros Recursos n\u00e3o Vinculados \/ -"},{"ano_emissao_emp":"2023","n_emp":"0000313","data_emissao":"24\/08\/2023","valor":"170,00","tipo_empenho":"Ordin\u00e1rio","hist_emp":"Valor que se empenha para fazer face ao custeio de 01 (uma) diaria para a servidora Mariana Najara Araujo Silva assessora legislativa, para participar na UPE Campus Garanhuns, de um Minicurso intitulado -Projeto Politico Pedagogico - A identidade da escola-, visando a elaboracao e organizacao do referido documento para o CIDATEC. O evento citado acontecera nos dias 24, 25 e 31 de agosto, das 18h as 20h, no Auditorio Clovis Gomes, celebrado mediante dispensa de licitacao, com fundamento no artigo 75, incis","fornecedor":"MARIANA NAJARA ARA\u00daJO SILVA","denom_uni_orc":"CORPO DELIBERATIVO E SECRETARIA","funcao":"Legislativa","sub_funcao":"A\u00e7\u00e3o Legislativa","programa":"A\u00c7\u00c3O LEGISLATIVA","acao":"MANUTEN\u00c7\u00c3O DAS ATIVIDADES ADMINISTRATIVAS","ident_acao":"Atividade","cat_econ":"Despesa Corrente","natureza_despesa":"Outras Despesas Correntes","modalidade_despesa":"Aplica\u00e7\u00f5es Diretas","elemento_despesa":"Di\u00e1rias \u2013 Civil","sub_elem_desp":"SEM SUBELEMENTO","fonte_recurso":"Recursos do Exerc\u00edcio Corrente \/ Outros Recursos n\u00e3o Vinculados \/ -"},{"ano_emissao_emp":"2023","n_emp":"0000313","data_emissao":"24\/08\/2023","valor":"170,00","tipo_empenho":"Ordin\u00e1rio","hist_emp":"Valor que se empenha para fazer face ao custeio de 01 (uma) diaria para a servidora Mariana Najara Araujo Silva assessora legislativa, para participar na UPE Campus Garanhuns, de um Minicurso intitulado -Projeto Politico Pedagogico - A identidade da escola-, visando a elaboracao e organizacao do referido documento para o CIDATEC. O evento citado acontecera nos dias 24, 25 e 31 de agosto, das 18h as 20h, no Auditorio Clovis Gomes, celebrado mediante dispensa de licitacao, com fundamento no artigo 75, incis","fornecedor":"MARIANA NAJARA ARA\u00daJO SILVA","denom_uni_orc":"CORPO DELIBERATIVO E SECRETARIA","funcao":"Legislativa","sub_funcao":"A\u00e7\u00e3o Legislativa","programa":"A\u00c7\u00c3O LEGISLATIVA","acao":"INDENIZA\u00c7\u00d5ES E RESTITUI\u00c7\u00d5ES DIVERSAS (FMS)","ident_acao":"Atividade","cat_econ":"Despesa Corrente","natureza_despesa":"Outras Despesas Correntes","modalidade_despesa":"Aplica\u00e7\u00f5es Diretas","elemento_despesa":"Di\u00e1rias \u2013 Civil","sub_elem_desp":"SEM SUBELEMENTO","fonte_recurso":"Recursos do Exerc\u00edcio Corrente \/ Outros Recursos n\u00e3o Vinculados \/ -"},{"ano_emissao_emp":"2023","n_emp":"0000314","data_emissao":"24\/08\/2023","valor":"21.000,00","tipo_empenho":"Global","hist_emp":"Valor que se empenha para fazer face ao segundo termo aditivo de prazo e de valores, celebrado no dia 07 de junho do ano corrente, para pagamento dos servicos juridicos especializados na area de licitacoes e contratos publicos, conforme normas e demais condicoes estabelecidas, de acordo com o contrato direto de n\u00b0 001\/2023. O fundamento juridico para tal contrato e o artigo 75, inciso II, da Lei 14.133 de 01 de abril de 2021. O prazo do contrato foi prorrogado ate o dia 31 de dezembro de 2023.","fornecedor":"MARIA DO SOCORRO DE LIMA BARBOSA","denom_uni_orc":"CORPO DELIBERATIVO E SECRETARIA","funcao":"Legislativa","sub_funcao":"A\u00e7\u00e3o Legislativa","programa":"A\u00c7\u00c3O LEGISLATIVA","acao":"AQUISI\u00c7\u00c3O DE M\u00d3VEIS, M\u00c1QUINAS E EQUIPAMENTOS DIVERSOS PARA O CONSELHO","ident_acao":"Atividade","cat_econ":"Despesa Corrente","natureza_despesa":"Outras Despesas Correntes","modalidade_despesa":"Aplica\u00e7\u00f5es Diretas","elemento_despesa":"Outros Servi\u00e7os de Terceiros - Pessoa F\u00edsica","sub_elem_desp":"SERVI\u00c7O DE CONSERVA\u00c7\u00c3O E REBENEFICIAMENTO DE MERCADORIAS","fonte_recurso":"Recursos do Exerc\u00edcio Corrente \/ Outros Recursos n\u00e3o Vinculados \/ -"},{"ano_emissao_emp":"2023","n_emp":"0000314","data_emissao":"24\/08\/2023","valor":"21.000,00","tipo_empenho":"Global","hist_emp":"Valor que se empenha para fazer face ao segundo termo aditivo de prazo e de valores, celebrado no dia 07 de junho do ano corrente, para pagamento dos servicos juridicos especializados na area de licitacoes e contratos publicos, conforme normas e demais condicoes estabelecidas, de acordo com o contrato direto de n\u00b0 001\/2023. O fundamento juridico para tal contrato e o artigo 75, inciso II, da Lei 14.133 de 01 de abril de 2021. O prazo do contrato foi prorrogado ate o dia 31 de dezembro de 2023.","fornecedor":"MARIA DO SOCORRO DE LIMA BARBOSA","denom_uni_orc":"CORPO DELIBERATIVO E SECRETARIA","funcao":"Legislativa","sub_funcao":"A\u00e7\u00e3o Legislativa","programa":"A\u00c7\u00c3O LEGISLATIVA","acao":"MANUTEN\u00c7\u00c3O DAS ATIVIDADES ADMINISTRATIVAS","ident_acao":"Atividade","cat_econ":"Despesa Corrente","natureza_despesa":"Outras Despesas Correntes","modalidade_despesa":"Aplica\u00e7\u00f5es Diretas","elemento_despesa":"Outros Servi\u00e7os de Terceiros - Pessoa F\u00edsica","sub_elem_desp":"SERVI\u00c7O DE CONSERVA\u00c7\u00c3O E REBENEFICIAMENTO DE MERCADORIAS","fonte_recurso":"Recursos do Exerc\u00edcio Corrente \/ Outros Recursos n\u00e3o Vinculados \/ -"},{"ano_emissao_emp":"2023","n_emp":"0000314","data_emissao":"24\/08\/2023","valor":"21.000,00","tipo_empenho":"Global","hist_emp":"Valor que se empenha para fazer face ao segundo termo aditivo de prazo e de valores, celebrado no dia 07 de junho do ano corrente, para pagamento dos servicos juridicos especializados na area de licitacoes e contratos publicos, conforme normas e demais condicoes estabelecidas, de acordo com o contrato direto de n\u00b0 001\/2023. O fundamento juridico para tal contrato e o artigo 75, inciso II, da Lei 14.133 de 01 de abril de 2021. O prazo do contrato foi prorrogado ate o dia 31 de dezembro de 2023.","fornecedor":"MARIA DO SOCORRO DE LIMA BARBOSA","denom_uni_orc":"CORPO DELIBERATIVO E SECRETARIA","funcao":"Legislativa","sub_funcao":"A\u00e7\u00e3o Legislativa","programa":"A\u00c7\u00c3O LEGISLATIVA","acao":"INDENIZA\u00c7\u00d5ES E RESTITUI\u00c7\u00d5ES DIVERSAS (FMS)","ident_acao":"Atividade","cat_econ":"Despesa Corrente","natureza_despesa":"Outras Despesas Correntes","modalidade_despesa":"Aplica\u00e7\u00f5es Diretas","elemento_despesa":"Outros Servi\u00e7os de Terceiros - Pessoa F\u00edsica","sub_elem_desp":"SERVI\u00c7O DE CONSERVA\u00c7\u00c3O E REBENEFICIAMENTO DE MERCADORIAS","fonte_recurso":"Recursos do Exerc\u00edcio Corrente \/ Outros Recursos n\u00e3o Vinculados \/ -"},{"ano_emissao_emp":"2023","n_emp":"0000315","data_emissao":"28\/08\/2023","valor":"2.000,00","tipo_empenho":"Ordin\u00e1rio","hist_emp":"Valor que se empenha para fazer face ao custeio de 02 (duas) diarias com pernoite para Brailia para o vereador Jose Carlos da Silva (Carlinhos da COHAB) para participar de reuniao junto ao Deputado Federal Eduardo da Fonte e visitas nos Ministerios visando a captacao de recursos para o nosso Municipio, com saida no dia 28 de agosto e retorno no dia 01 de setembro do ano corrente, conforme dispensa de licitacao fundamentada no artigo 75, inciso 2\u00ba da Lei 14.133\/21.","fornecedor":"JOSE CARLOS DA SILVA","denom_uni_orc":"CORPO DELIBERATIVO E SECRETARIA","funcao":"Legislativa","sub_funcao":"A\u00e7\u00e3o Legislativa","programa":"A\u00c7\u00c3O LEGISLATIVA","acao":"AQUISI\u00c7\u00c3O DE EQUIPAMENTOS DIVERSOS PARA O PROGRAMA PRIMEIRA INF\u00c2NCIA N","ident_acao":"Atividade","cat_econ":"Despesa Corrente","natureza_despesa":"Outras Despesas Correntes","modalidade_despesa":"Aplica\u00e7\u00f5es Diretas","elemento_despesa":"Di\u00e1rias \u2013 Civil","sub_elem_desp":"SEM SUBELEMENTO","fonte_recurso":"Recursos do Exerc\u00edcio Corrente \/ Outros Recursos n\u00e3o Vinculados \/ -"},{"ano_emissao_emp":"2023","n_emp":"0000315","data_emissao":"28\/08\/2023","valor":"2.000,00","tipo_empenho":"Ordin\u00e1rio","hist_emp":"Valor que se empenha para fazer face ao custeio de 02 (duas) diarias com pernoite para Brailia para o vereador Jose Carlos da Silva (Carlinhos da COHAB) para participar de reuniao junto ao Deputado Federal Eduardo da Fonte e visitas nos Ministerios visando a captacao de recursos para o nosso Municipio, com saida no dia 28 de agosto e retorno no dia 01 de setembro do ano corrente, conforme dispensa de licitacao fundamentada no artigo 75, inciso 2\u00ba da Lei 14.133\/21.","fornecedor":"JOSE CARLOS DA SILVA","denom_uni_orc":"CORPO DELIBERATIVO E SECRETARIA","funcao":"Legislativa","sub_funcao":"A\u00e7\u00e3o Legislativa","programa":"A\u00c7\u00c3O LEGISLATIVA","acao":"MANUTEN\u00c7\u00c3O DAS ATIVIDADES LEGISLATIVAS","ident_acao":"Atividade","cat_econ":"Despesa Corrente","natureza_despesa":"Outras Despesas Correntes","modalidade_despesa":"Aplica\u00e7\u00f5es Diretas","elemento_despesa":"Di\u00e1rias \u2013 Civil","sub_elem_desp":"SEM SUBELEMENTO","fonte_recurso":"Recursos do Exerc\u00edcio Corrente \/ Outros Recursos n\u00e3o Vinculados \/ -"},{"ano_emissao_emp":"2023","n_emp":"0000316","data_emissao":"28\/08\/2023","valor":"350,00","tipo_empenho":"Ordin\u00e1rio","hist_emp":"Valor que se empenha para fazer face a custeio de 01 (uma) diaria sem pernoite para o Vereador Gilson Jose Juliao para viagem a cidade de Recife, onde estara acontecendo o 6\u00ba Congresso Pernambucano de Municipios, a ser realizado pela Associacao Municipalista de Pernambuco (AMUPE), entre os dias 28 e 30 de agosto, no Centro de Convencoes de Pernambuco. Empenho celebrado mediante dispensa de licitacao com fundamento no artigo 75, inciso II, da Lei 14.133\/21.","fornecedor":"GILSON JOSE JULIAO","denom_uni_orc":"CORPO DELIBERATIVO E SECRETARIA","funcao":"Legislativa","sub_funcao":"A\u00e7\u00e3o Legislativa","programa":"A\u00c7\u00c3O LEGISLATIVA","acao":"AQUISI\u00c7\u00c3O DE EQUIPAMENTOS DIVERSOS PARA O PROGRAMA PRIMEIRA INF\u00c2NCIA N","ident_acao":"Atividade","cat_econ":"Despesa Corrente","natureza_despesa":"Outras Despesas Correntes","modalidade_despesa":"Aplica\u00e7\u00f5es Diretas","elemento_despesa":"Di\u00e1rias \u2013 Civil","sub_elem_desp":"SEM SUBELEMENTO","fonte_recurso":"Recursos do Exerc\u00edcio Corrente \/ Outros Recursos n\u00e3o Vinculados \/ -"},{"ano_emissao_emp":"2023","n_emp":"0000316","data_emissao":"28\/08\/2023","valor":"350,00","tipo_empenho":"Ordin\u00e1rio","hist_emp":"Valor que se empenha para fazer face a custeio de 01 (uma) diaria sem pernoite para o Vereador Gilson Jose Juliao para viagem a cidade de Recife, onde estara acontecendo o 6\u00ba Congresso Pernambucano de Municipios, a ser realizado pela Associacao Municipalista de Pernambuco (AMUPE), entre os dias 28 e 30 de agosto, no Centro de Convencoes de Pernambuco. Empenho celebrado mediante dispensa de licitacao com fundamento no artigo 75, inciso II, da Lei 14.133\/21.","fornecedor":"GILSON JOSE JULIAO","denom_uni_orc":"CORPO DELIBERATIVO E SECRETARIA","funcao":"Legislativa","sub_funcao":"A\u00e7\u00e3o Legislativa","programa":"A\u00c7\u00c3O LEGISLATIVA","acao":"MANUTEN\u00c7\u00c3O DAS ATIVIDADES LEGISLATIVAS","ident_acao":"Atividade","cat_econ":"Despesa Corrente","natureza_despesa":"Outras Despesas Correntes","modalidade_despesa":"Aplica\u00e7\u00f5es Diretas","elemento_despesa":"Di\u00e1rias \u2013 Civil","sub_elem_desp":"SEM SUBELEMENTO","fonte_recurso":"Recursos do Exerc\u00edcio Corrente \/ Outros Recursos n\u00e3o Vinculados \/ -"},{"ano_emissao_emp":"2023","n_emp":"0000317","data_emissao":"29\/08\/2023","valor":"600,00","tipo_empenho":"Estimativo","hist_emp":"VALOR QUE SE EMPENHA PARA FAZER FACE AO PAGAMENTO DAS TARIFAS BANC\u00c1RIAS DESCONTADAS NO EXTRATO DA CONTA DESTA CASA LEGISLATIVA. ESTIMATIVO PARA O EXERC\u00cdCIO DE 2023.","fornecedor":"CAIXA ECONOMICA FEDERAL","denom_uni_orc":"CORPO DELIBERATIVO E SECRETARIA","funcao":"Legislativa","sub_funcao":"A\u00e7\u00e3o Legislativa","programa":"A\u00c7\u00c3O LEGISLATIVA","acao":"AQUISI\u00c7\u00c3O DE M\u00d3VEIS, M\u00c1QUINAS E EQUIPAMENTOS DIVERSOS PARA O CONSELHO","ident_acao":"Atividade","cat_econ":"Despesa Corrente","natureza_despesa":"Outras Despesas Correntes","modalidade_despesa":"Aplica\u00e7\u00f5es Diretas","elemento_despesa":"Outros Servi\u00e7os de Terceiros - Pessoa Jur\u00eddica","sub_elem_desp":"SEM SUBELEMENTO","fonte_recurso":"Recursos do Exerc\u00edcio Corrente \/ Outros Recursos n\u00e3o Vinculados \/ -"},{"ano_emissao_emp":"2023","n_emp":"0000317","data_emissao":"29\/08\/2023","valor":"600,00","tipo_empenho":"Estimativo","hist_emp":"VALOR QUE SE EMPENHA PARA FAZER FACE AO PAGAMENTO DAS TARIFAS BANC\u00c1RIAS DESCONTADAS NO EXTRATO DA CONTA DESTA CASA LEGISLATIVA. ESTIMATIVO PARA O EXERC\u00cdCIO DE 2023.","fornecedor":"CAIXA ECONOMICA FEDERAL","denom_uni_orc":"CORPO DELIBERATIVO E SECRETARIA","funcao":"Legislativa","sub_funcao":"A\u00e7\u00e3o Legislativa","programa":"A\u00c7\u00c3O LEGISLATIVA","acao":"MANUTEN\u00c7\u00c3O DAS ATIVIDADES ADMINISTRATIVAS","ident_acao":"Atividade","cat_econ":"Despesa Corrente","natureza_despesa":"Outras Despesas Correntes","modalidade_despesa":"Aplica\u00e7\u00f5es Diretas","elemento_despesa":"Outros Servi\u00e7os de Terceiros - Pessoa Jur\u00eddica","sub_elem_desp":"SEM SUBELEMENTO","fonte_recurso":"Recursos do Exerc\u00edcio Corrente \/ Outros Recursos n\u00e3o Vinculados \/ -"},{"ano_emissao_emp":"2023","n_emp":"0000317","data_emissao":"29\/08\/2023","valor":"600,00","tipo_empenho":"Estimativo","hist_emp":"VALOR QUE SE EMPENHA PARA FAZER FACE AO PAGAMENTO DAS TARIFAS BANC\u00c1RIAS DESCONTADAS NO EXTRATO DA CONTA DESTA CASA LEGISLATIVA. ESTIMATIVO PARA O EXERC\u00cdCIO DE 2023.","fornecedor":"CAIXA ECONOMICA FEDERAL","denom_uni_orc":"CORPO DELIBERATIVO E SECRETARIA","funcao":"Legislativa","sub_funcao":"A\u00e7\u00e3o Legislativa","programa":"A\u00c7\u00c3O LEGISLATIVA","acao":"INDENIZA\u00c7\u00d5ES E RESTITUI\u00c7\u00d5ES DIVERSAS (FMS)","ident_acao":"Atividade","cat_econ":"Despesa Corrente","natureza_despesa":"Outras Despesas Correntes","modalidade_despesa":"Aplica\u00e7\u00f5es Diretas","elemento_despesa":"Outros Servi\u00e7os de Terceiros - Pessoa Jur\u00eddica","sub_elem_desp":"SEM SUBELEMENTO","fonte_recurso":"Recursos do Exerc\u00edcio Corrente \/ Outros Recursos n\u00e3o Vinculados \/ -"},{"ano_emissao_emp":"2023","n_emp":"0000318","data_emissao":"30\/08\/2023","valor":"200,00","tipo_empenho":"Ordin\u00e1rio","hist_emp":"Valor que se empenha para fazer face ao custeio de inscricao no Workshop -Novos Cenarios Novas Perspectivas- da vereadora Jessyca Monica de Lima Cavalcanti, que ocorrera no proximo dia 13 de Setembro de 2023, na sede da CDL Santa Cruz do Capibaribe. Empenho celebrado mediante dispensa de licitacao, com fundamento no artigo 75, inciso 2\u00ba da Lei 14.133\/21.","fornecedor":"MARCELO DIOGENES XAVIER DE LIMA - SOCIEDADE INDIVIDUAL DE ADVOCACIA","denom_uni_orc":"CORPO DELIBERATIVO E SECRETARIA","funcao":"Legislativa","sub_funcao":"A\u00e7\u00e3o Legislativa","programa":"A\u00c7\u00c3O LEGISLATIVA","acao":"AQUISI\u00c7\u00c3O DE M\u00d3VEIS, M\u00c1QUINAS E EQUIPAMENTOS DIVERSOS PARA O CONSELHO","ident_acao":"Atividade","cat_econ":"Despesa Corrente","natureza_despesa":"Outras Despesas Correntes","modalidade_despesa":"Aplica\u00e7\u00f5es Diretas","elemento_despesa":"Outros Servi\u00e7os de Terceiros - Pessoa Jur\u00eddica","sub_elem_desp":"SEM SUBELEMENTO","fonte_recurso":"Recursos do Exerc\u00edcio Corrente \/ Outros Recursos n\u00e3o Vinculados \/ -"},{"ano_emissao_emp":"2023","n_emp":"0000318","data_emissao":"30\/08\/2023","valor":"200,00","tipo_empenho":"Ordin\u00e1rio","hist_emp":"Valor que se empenha para fazer face ao custeio de inscricao no Workshop -Novos Cenarios Novas Perspectivas- da vereadora Jessyca Monica de Lima Cavalcanti, que ocorrera no proximo dia 13 de Setembro de 2023, na sede da CDL Santa Cruz do Capibaribe. Empenho celebrado mediante dispensa de licitacao, com fundamento no artigo 75, inciso 2\u00ba da Lei 14.133\/21.","fornecedor":"MARCELO DIOGENES XAVIER DE LIMA - SOCIEDADE INDIVIDUAL DE ADVOCACIA","denom_uni_orc":"CORPO DELIBERATIVO E SECRETARIA","funcao":"Legislativa","sub_funcao":"A\u00e7\u00e3o Legislativa","programa":"A\u00c7\u00c3O LEGISLATIVA","acao":"MANUTEN\u00c7\u00c3O DAS ATIVIDADES ADMINISTRATIVAS","ident_acao":"Atividade","cat_econ":"Despesa Corrente","natureza_despesa":"Outras Despesas Correntes","modalidade_despesa":"Aplica\u00e7\u00f5es Diretas","elemento_despesa":"Outros Servi\u00e7os de Terceiros - Pessoa Jur\u00eddica","sub_elem_desp":"SEM SUBELEMENTO","fonte_recurso":"Recursos do Exerc\u00edcio Corrente \/ Outros Recursos n\u00e3o Vinculados \/ -"},{"ano_emissao_emp":"2023","n_emp":"0000318","data_emissao":"30\/08\/2023","valor":"200,00","tipo_empenho":"Ordin\u00e1rio","hist_emp":"Valor que se empenha para fazer face ao custeio de inscricao no Workshop -Novos Cenarios Novas Perspectivas- da vereadora Jessyca Monica de Lima Cavalcanti, que ocorrera no proximo dia 13 de Setembro de 2023, na sede da CDL Santa Cruz do Capibaribe. Empenho celebrado mediante dispensa de licitacao, com fundamento no artigo 75, inciso 2\u00ba da Lei 14.133\/21.","fornecedor":"MARCELO DIOGENES XAVIER DE LIMA - SOCIEDADE INDIVIDUAL DE ADVOCACIA","denom_uni_orc":"CORPO DELIBERATIVO E SECRETARIA","funcao":"Legislativa","sub_funcao":"A\u00e7\u00e3o Legislativa","programa":"A\u00c7\u00c3O LEGISLATIVA","acao":"INDENIZA\u00c7\u00d5ES E RESTITUI\u00c7\u00d5ES DIVERSAS (FMS)","ident_acao":"Atividade","cat_econ":"Despesa Corrente","natureza_despesa":"Outras Despesas Correntes","modalidade_despesa":"Aplica\u00e7\u00f5es Diretas","elemento_despesa":"Outros Servi\u00e7os de Terceiros - Pessoa Jur\u00eddica","sub_elem_desp":"SEM SUBELEMENTO","fonte_recurso":"Recursos do Exerc\u00edcio Corrente \/ Outros Recursos n\u00e3o Vinculados \/ -"},{"ano_emissao_emp":"2023","n_emp":"0000319","data_emissao":"30\/08\/2023","valor":"200,00","tipo_empenho":"Ordin\u00e1rio","hist_emp":"Valor que se empenha para fazer face ao custeio de inscricao no Workshop -Novos Cenarios Novas Perspectivas- do vereador Nailson Ramos da Silva, que ocorrera no proximo dia 13 de Setembro de 2023, na sede da CDL Santa Cruz do Capibaribe. Empenho celebrado mediante dispensa de licitacao, com fundamento no artigo 75, inciso 2\u00ba da Lei 14.133\/21.","fornecedor":"MARCELO DIOGENES XAVIER DE LIMA - SOCIEDADE INDIVIDUAL DE ADVOCACIA","denom_uni_orc":"CORPO DELIBERATIVO E SECRETARIA","funcao":"Legislativa","sub_funcao":"A\u00e7\u00e3o Legislativa","programa":"A\u00c7\u00c3O LEGISLATIVA","acao":"AQUISI\u00c7\u00c3O DE M\u00d3VEIS, M\u00c1QUINAS E EQUIPAMENTOS DIVERSOS PARA O CONSELHO","ident_acao":"Atividade","cat_econ":"Despesa Corrente","natureza_despesa":"Outras Despesas Correntes","modalidade_despesa":"Aplica\u00e7\u00f5es Diretas","elemento_despesa":"Outros Servi\u00e7os de Terceiros - Pessoa Jur\u00eddica","sub_elem_desp":"SEM SUBELEMENTO","fonte_recurso":"Recursos do Exerc\u00edcio Corrente \/ Outros Recursos n\u00e3o Vinculados \/ -"},{"ano_emissao_emp":"2023","n_emp":"0000319","data_emissao":"30\/08\/2023","valor":"200,00","tipo_empenho":"Ordin\u00e1rio","hist_emp":"Valor que se empenha para fazer face ao custeio de inscricao no Workshop -Novos Cenarios Novas Perspectivas- do vereador Nailson Ramos da Silva, que ocorrera no proximo dia 13 de Setembro de 2023, na sede da CDL Santa Cruz do Capibaribe. Empenho celebrado mediante dispensa de licitacao, com fundamento no artigo 75, inciso 2\u00ba da Lei 14.133\/21.","fornecedor":"MARCELO DIOGENES XAVIER DE LIMA - SOCIEDADE INDIVIDUAL DE ADVOCACIA","denom_uni_orc":"CORPO DELIBERATIVO E SECRETARIA","funcao":"Legislativa","sub_funcao":"A\u00e7\u00e3o Legislativa","programa":"A\u00c7\u00c3O LEGISLATIVA","acao":"MANUTEN\u00c7\u00c3O DAS ATIVIDADES ADMINISTRATIVAS","ident_acao":"Atividade","cat_econ":"Despesa Corrente","natureza_despesa":"Outras Despesas Correntes","modalidade_despesa":"Aplica\u00e7\u00f5es Diretas","elemento_despesa":"Outros Servi\u00e7os de Terceiros - Pessoa Jur\u00eddica","sub_elem_desp":"SEM SUBELEMENTO","fonte_recurso":"Recursos do Exerc\u00edcio Corrente \/ Outros Recursos n\u00e3o Vinculados \/ -"},{"ano_emissao_emp":"2023","n_emp":"0000319","data_emissao":"30\/08\/2023","valor":"200,00","tipo_empenho":"Ordin\u00e1rio","hist_emp":"Valor que se empenha para fazer face ao custeio de inscricao no Workshop -Novos Cenarios Novas Perspectivas- do vereador Nailson Ramos da Silva, que ocorrera no proximo dia 13 de Setembro de 2023, na sede da CDL Santa Cruz do Capibaribe. Empenho celebrado mediante dispensa de licitacao, com fundamento no artigo 75, inciso 2\u00ba da Lei 14.133\/21.","fornecedor":"MARCELO DIOGENES XAVIER DE LIMA - SOCIEDADE INDIVIDUAL DE ADVOCACIA","denom_uni_orc":"CORPO DELIBERATIVO E SECRETARIA","funcao":"Legislativa","sub_funcao":"A\u00e7\u00e3o Legislativa","programa":"A\u00c7\u00c3O LEGISLATIVA","acao":"INDENIZA\u00c7\u00d5ES E RESTITUI\u00c7\u00d5ES DIVERSAS (FMS)","ident_acao":"Atividade","cat_econ":"Despesa Corrente","natureza_despesa":"Outras Despesas Correntes","modalidade_despesa":"Aplica\u00e7\u00f5es Diretas","elemento_despesa":"Outros Servi\u00e7os de Terceiros - Pessoa Jur\u00eddica","sub_elem_desp":"SEM SUBELEMENTO","fonte_recurso":"Recursos do Exerc\u00edcio Corrente \/ Outros Recursos n\u00e3o Vinculados \/ -"},{"ano_emissao_emp":"2023","n_emp":"0000320","data_emissao":"30\/08\/2023","valor":"200,00","tipo_empenho":"Ordin\u00e1rio","hist_emp":"Valor que se empenha para fazer face ao custeio de inscricao no Workshop -Novos Cenarios Novas Perspectivas- do vereador Jose Manoel de Lima, que ocorrera no proximo dia 13 de Setembro de 2023, na sede da CDL Santa Cruz do Capibaribe. Empenho celebrado mediante dispensa de licitacao, com fundamento no artigo 75, inciso 2\u00ba da Lei 14.133\/21.","fornecedor":"MARCELO DIOGENES XAVIER DE LIMA - SOCIEDADE INDIVIDUAL DE ADVOCACIA","denom_uni_orc":"CORPO DELIBERATIVO E SECRETARIA","funcao":"Legislativa","sub_funcao":"A\u00e7\u00e3o Legislativa","programa":"A\u00c7\u00c3O LEGISLATIVA","acao":"AQUISI\u00c7\u00c3O DE M\u00d3VEIS, M\u00c1QUINAS E EQUIPAMENTOS DIVERSOS PARA O CONSELHO","ident_acao":"Atividade","cat_econ":"Despesa Corrente","natureza_despesa":"Outras Despesas Correntes","modalidade_despesa":"Aplica\u00e7\u00f5es Diretas","elemento_despesa":"Outros Servi\u00e7os de Terceiros - Pessoa Jur\u00eddica","sub_elem_desp":"SEM SUBELEMENTO","fonte_recurso":"Recursos do Exerc\u00edcio Corrente \/ Outros Recursos n\u00e3o Vinculados \/ -"},{"ano_emissao_emp":"2023","n_emp":"0000320","data_emissao":"30\/08\/2023","valor":"200,00","tipo_empenho":"Ordin\u00e1rio","hist_emp":"Valor que se empenha para fazer face ao custeio de inscricao no Workshop -Novos Cenarios Novas Perspectivas- do vereador Jose Manoel de Lima, que ocorrera no proximo dia 13 de Setembro de 2023, na sede da CDL Santa Cruz do Capibaribe. Empenho celebrado mediante dispensa de licitacao, com fundamento no artigo 75, inciso 2\u00ba da Lei 14.133\/21.","fornecedor":"MARCELO DIOGENES XAVIER DE LIMA - SOCIEDADE INDIVIDUAL DE ADVOCACIA","denom_uni_orc":"CORPO DELIBERATIVO E SECRETARIA","funcao":"Legislativa","sub_funcao":"A\u00e7\u00e3o Legislativa","programa":"A\u00c7\u00c3O LEGISLATIVA","acao":"MANUTEN\u00c7\u00c3O DAS ATIVIDADES ADMINISTRATIVAS","ident_acao":"Atividade","cat_econ":"Despesa Corrente","natureza_despesa":"Outras Despesas Correntes","modalidade_despesa":"Aplica\u00e7\u00f5es Diretas","elemento_despesa":"Outros Servi\u00e7os de Terceiros - Pessoa Jur\u00eddica","sub_elem_desp":"SEM SUBELEMENTO","fonte_recurso":"Recursos do Exerc\u00edcio Corrente \/ Outros Recursos n\u00e3o Vinculados \/ -"},{"ano_emissao_emp":"2023","n_emp":"0000320","data_emissao":"30\/08\/2023","valor":"200,00","tipo_empenho":"Ordin\u00e1rio","hist_emp":"Valor que se empenha para fazer face ao custeio de inscricao no Workshop -Novos Cenarios Novas Perspectivas- do vereador Jose Manoel de Lima, que ocorrera no proximo dia 13 de Setembro de 2023, na sede da CDL Santa Cruz do Capibaribe. Empenho celebrado mediante dispensa de licitacao, com fundamento no artigo 75, inciso 2\u00ba da Lei 14.133\/21.","fornecedor":"MARCELO DIOGENES XAVIER DE LIMA - SOCIEDADE INDIVIDUAL DE ADVOCACIA","denom_uni_orc":"CORPO DELIBERATIVO E SECRETARIA","funcao":"Legislativa","sub_funcao":"A\u00e7\u00e3o Legislativa","programa":"A\u00c7\u00c3O LEGISLATIVA","acao":"INDENIZA\u00c7\u00d5ES E RESTITUI\u00c7\u00d5ES DIVERSAS (FMS)","ident_acao":"Atividade","cat_econ":"Despesa Corrente","natureza_despesa":"Outras Despesas Correntes","modalidade_despesa":"Aplica\u00e7\u00f5es Diretas","elemento_despesa":"Outros Servi\u00e7os de Terceiros - Pessoa Jur\u00eddica","sub_elem_desp":"SEM SUBELEMENTO","fonte_recurso":"Recursos do Exerc\u00edcio Corrente \/ Outros Recursos n\u00e3o Vinculados \/ -"},{"ano_emissao_emp":"2023","n_emp":"0000321","data_emissao":"30\/08\/2023","valor":"200,00","tipo_empenho":"Ordin\u00e1rio","hist_emp":"Valor que se empenha para fazer face ao custeio de inscricao no Workshop -Novos Cenarios Novas Perspectivas- do vereador Jose Ademir Pereira, que ocorrera no proximo dia 13 de Setembro de 2023, na sede da CDL Santa Cruz do Capibaribe. Empenho celebrado mediante dispensa de licitacao, com fundamento no artigo 75, inciso 2\u00ba da Lei 14.133\/21.","fornecedor":"MARCELO DIOGENES XAVIER DE LIMA - SOCIEDADE INDIVIDUAL DE ADVOCACIA","denom_uni_orc":"CORPO DELIBERATIVO E SECRETARIA","funcao":"Legislativa","sub_funcao":"A\u00e7\u00e3o Legislativa","programa":"A\u00c7\u00c3O LEGISLATIVA","acao":"AQUISI\u00c7\u00c3O DE M\u00d3VEIS, M\u00c1QUINAS E EQUIPAMENTOS DIVERSOS PARA O CONSELHO","ident_acao":"Atividade","cat_econ":"Despesa Corrente","natureza_despesa":"Outras Despesas Correntes","modalidade_despesa":"Aplica\u00e7\u00f5es Diretas","elemento_despesa":"Outros Servi\u00e7os de Terceiros - Pessoa Jur\u00eddica","sub_elem_desp":"SEM SUBELEMENTO","fonte_recurso":"Recursos do Exerc\u00edcio Corrente \/ Outros Recursos n\u00e3o Vinculados \/ -"},{"ano_emissao_emp":"2023","n_emp":"0000321","data_emissao":"30\/08\/2023","valor":"200,00","tipo_empenho":"Ordin\u00e1rio","hist_emp":"Valor que se empenha para fazer face ao custeio de inscricao no Workshop -Novos Cenarios Novas Perspectivas- do vereador Jose Ademir Pereira, que ocorrera no proximo dia 13 de Setembro de 2023, na sede da CDL Santa Cruz do Capibaribe. Empenho celebrado mediante dispensa de licitacao, com fundamento no artigo 75, inciso 2\u00ba da Lei 14.133\/21.","fornecedor":"MARCELO DIOGENES XAVIER DE LIMA - SOCIEDADE INDIVIDUAL DE ADVOCACIA","denom_uni_orc":"CORPO DELIBERATIVO E SECRETARIA","funcao":"Legislativa","sub_funcao":"A\u00e7\u00e3o Legislativa","programa":"A\u00c7\u00c3O LEGISLATIVA","acao":"MANUTEN\u00c7\u00c3O DAS ATIVIDADES ADMINISTRATIVAS","ident_acao":"Atividade","cat_econ":"Despesa Corrente","natureza_despesa":"Outras Despesas Correntes","modalidade_despesa":"Aplica\u00e7\u00f5es Diretas","elemento_despesa":"Outros Servi\u00e7os de Terceiros - Pessoa Jur\u00eddica","sub_elem_desp":"SEM SUBELEMENTO","fonte_recurso":"Recursos do Exerc\u00edcio Corrente \/ Outros Recursos n\u00e3o Vinculados \/ -"},{"ano_emissao_emp":"2023","n_emp":"0000321","data_emissao":"30\/08\/2023","valor":"200,00","tipo_empenho":"Ordin\u00e1rio","hist_emp":"Valor que se empenha para fazer face ao custeio de inscricao no Workshop -Novos Cenarios Novas Perspectivas- do vereador Jose Ademir Pereira, que ocorrera no proximo dia 13 de Setembro de 2023, na sede da CDL Santa Cruz do Capibaribe. Empenho celebrado mediante dispensa de licitacao, com fundamento no artigo 75, inciso 2\u00ba da Lei 14.133\/21.","fornecedor":"MARCELO DIOGENES XAVIER DE LIMA - SOCIEDADE INDIVIDUAL DE ADVOCACIA","denom_uni_orc":"CORPO DELIBERATIVO E SECRETARIA","funcao":"Legislativa","sub_funcao":"A\u00e7\u00e3o Legislativa","programa":"A\u00c7\u00c3O LEGISLATIVA","acao":"INDENIZA\u00c7\u00d5ES E RESTITUI\u00c7\u00d5ES DIVERSAS (FMS)","ident_acao":"Atividade","cat_econ":"Despesa Corrente","natureza_despesa":"Outras Despesas Correntes","modalidade_despesa":"Aplica\u00e7\u00f5es Diretas","elemento_despesa":"Outros Servi\u00e7os de Terceiros - Pessoa Jur\u00eddica","sub_elem_desp":"SEM SUBELEMENTO","fonte_recurso":"Recursos do Exerc\u00edcio Corrente \/ Outros Recursos n\u00e3o Vinculados \/ -"},{"ano_emissao_emp":"2023","n_emp":"0000324","data_emissao":"05\/09\/2023","valor":"37,90","tipo_empenho":"Ordin\u00e1rio","hist_emp":"Aquisicao de materiais relacionados no ofecio n\u00b0 146\/2023 - Secom, compra necessaria para a realizacao do servico continuacao de instalacao dos aparelhos visando a reestruturacao do sistema de comunicacao desta Casa de Lei, dispensa de licitacao em razao do valor, artigo 24, inciso 2\u00ba da lei 8.666\/93.","fornecedor":"JCL LAJES E MATERIAIS PARA CONSTRU\u00c7\u00c3O LTDA","denom_uni_orc":"CORPO DELIBERATIVO E SECRETARIA","funcao":"Legislativa","sub_funcao":"A\u00e7\u00e3o Legislativa","programa":"A\u00c7\u00c3O LEGISLATIVA","acao":"AQUISI\u00c7\u00c3O DE M\u00d3VEIS, M\u00c1QUINAS E EQUIPAMENTOS DIVERSOS PARA O CONSELHO","ident_acao":"Atividade","cat_econ":"Despesa Corrente","natureza_despesa":"Outras Despesas Correntes","modalidade_despesa":"Aplica\u00e7\u00f5es Diretas","elemento_despesa":"Material de Consumo","sub_elem_desp":"SEM SUBELEMENTO","fonte_recurso":"Recursos do Exerc\u00edcio Corrente \/ Outros Recursos n\u00e3o Vinculados \/ -"},{"ano_emissao_emp":"2023","n_emp":"0000324","data_emissao":"05\/09\/2023","valor":"37,90","tipo_empenho":"Ordin\u00e1rio","hist_emp":"Aquisicao de materiais relacionados no ofecio n\u00b0 146\/2023 - Secom, compra necessaria para a realizacao do servico continuacao de instalacao dos aparelhos visando a reestruturacao do sistema de comunicacao desta Casa de Lei, dispensa de licitacao em razao do valor, artigo 24, inciso 2\u00ba da lei 8.666\/93.","fornecedor":"JCL LAJES E MATERIAIS PARA CONSTRU\u00c7\u00c3O LTDA","denom_uni_orc":"CORPO DELIBERATIVO E SECRETARIA","funcao":"Legislativa","sub_funcao":"A\u00e7\u00e3o Legislativa","programa":"A\u00c7\u00c3O LEGISLATIVA","acao":"MANUTEN\u00c7\u00c3O DAS ATIVIDADES ADMINISTRATIVAS","ident_acao":"Atividade","cat_econ":"Despesa Corrente","natureza_despesa":"Outras Despesas Correntes","modalidade_despesa":"Aplica\u00e7\u00f5es Diretas","elemento_despesa":"Material de Consumo","sub_elem_desp":"SEM SUBELEMENTO","fonte_recurso":"Recursos do Exerc\u00edcio Corrente \/ Outros Recursos n\u00e3o Vinculados \/ -"},{"ano_emissao_emp":"2023","n_emp":"0000324","data_emissao":"05\/09\/2023","valor":"37,90","tipo_empenho":"Ordin\u00e1rio","hist_emp":"Aquisicao de materiais relacionados no ofecio n\u00b0 146\/2023 - Secom, compra necessaria para a realizacao do servico continuacao de instalacao dos aparelhos visando a reestruturacao do sistema de comunicacao desta Casa de Lei, dispensa de licitacao em razao do valor, artigo 24, inciso 2\u00ba da lei 8.666\/93.","fornecedor":"JCL LAJES E MATERIAIS PARA CONSTRU\u00c7\u00c3O LTDA","denom_uni_orc":"CORPO DELIBERATIVO E SECRETARIA","funcao":"Legislativa","sub_funcao":"A\u00e7\u00e3o Legislativa","programa":"A\u00c7\u00c3O LEGISLATIVA","acao":"INDENIZA\u00c7\u00d5ES E RESTITUI\u00c7\u00d5ES DIVERSAS (FMS)","ident_acao":"Atividade","cat_econ":"Despesa Corrente","natureza_despesa":"Outras Despesas Correntes","modalidade_despesa":"Aplica\u00e7\u00f5es Diretas","elemento_despesa":"Material de Consumo","sub_elem_desp":"SEM SUBELEMENTO","fonte_recurso":"Recursos do Exerc\u00edcio Corrente \/ Outros Recursos n\u00e3o Vinculados \/ -"},{"ano_emissao_emp":"2023","n_emp":"0000325","data_emissao":"05\/09\/2023","valor":"42,00","tipo_empenho":"Ordin\u00e1rio","hist_emp":"Aquisicao de materiais relacionados no ofecio n\u00b0 139\/2023 - Secom, compra necessaria para a continuacao de realizacao do servico de instalacao dos aparelhos visando a reestruturacao do sistema de comunicacao desta Casa de Lei, dispensa de licitacao em razao do valor, artigo 24, inciso 2\u00ba da lei 8.666\/93.","fornecedor":"JCL LAJES E MATERIAIS PARA CONSTRU\u00c7\u00c3O LTDA","denom_uni_orc":"CORPO DELIBERATIVO E SECRETARIA","funcao":"Legislativa","sub_funcao":"A\u00e7\u00e3o Legislativa","programa":"A\u00c7\u00c3O LEGISLATIVA","acao":"AQUISI\u00c7\u00c3O DE M\u00d3VEIS, M\u00c1QUINAS E EQUIPAMENTOS DIVERSOS PARA O CONSELHO","ident_acao":"Atividade","cat_econ":"Despesa Corrente","natureza_despesa":"Outras Despesas Correntes","modalidade_despesa":"Aplica\u00e7\u00f5es Diretas","elemento_despesa":"Material de Consumo","sub_elem_desp":"SEM SUBELEMENTO","fonte_recurso":"Recursos do Exerc\u00edcio Corrente \/ Outros Recursos n\u00e3o Vinculados \/ -"},{"ano_emissao_emp":"2023","n_emp":"0000325","data_emissao":"05\/09\/2023","valor":"42,00","tipo_empenho":"Ordin\u00e1rio","hist_emp":"Aquisicao de materiais relacionados no ofecio n\u00b0 139\/2023 - Secom, compra necessaria para a continuacao de realizacao do servico de instalacao dos aparelhos visando a reestruturacao do sistema de comunicacao desta Casa de Lei, dispensa de licitacao em razao do valor, artigo 24, inciso 2\u00ba da lei 8.666\/93.","fornecedor":"JCL LAJES E MATERIAIS PARA CONSTRU\u00c7\u00c3O LTDA","denom_uni_orc":"CORPO DELIBERATIVO E SECRETARIA","funcao":"Legislativa","sub_funcao":"A\u00e7\u00e3o Legislativa","programa":"A\u00c7\u00c3O LEGISLATIVA","acao":"MANUTEN\u00c7\u00c3O DAS ATIVIDADES ADMINISTRATIVAS","ident_acao":"Atividade","cat_econ":"Despesa Corrente","natureza_despesa":"Outras Despesas Correntes","modalidade_despesa":"Aplica\u00e7\u00f5es Diretas","elemento_despesa":"Material de Consumo","sub_elem_desp":"SEM SUBELEMENTO","fonte_recurso":"Recursos do Exerc\u00edcio Corrente \/ Outros Recursos n\u00e3o Vinculados \/ -"},{"ano_emissao_emp":"2023","n_emp":"0000325","data_emissao":"05\/09\/2023","valor":"42,00","tipo_empenho":"Ordin\u00e1rio","hist_emp":"Aquisicao de materiais relacionados no ofecio n\u00b0 139\/2023 - Secom, compra necessaria para a continuacao de realizacao do servico de instalacao dos aparelhos visando a reestruturacao do sistema de comunicacao desta Casa de Lei, dispensa de licitacao em razao do valor, artigo 24, inciso 2\u00ba da lei 8.666\/93.","fornecedor":"JCL LAJES E MATERIAIS PARA CONSTRU\u00c7\u00c3O LTDA","denom_uni_orc":"CORPO DELIBERATIVO E SECRETARIA","funcao":"Legislativa","sub_funcao":"A\u00e7\u00e3o Legislativa","programa":"A\u00c7\u00c3O LEGISLATIVA","acao":"INDENIZA\u00c7\u00d5ES E RESTITUI\u00c7\u00d5ES DIVERSAS (FMS)","ident_acao":"Atividade","cat_econ":"Despesa Corrente","natureza_despesa":"Outras Despesas Correntes","modalidade_despesa":"Aplica\u00e7\u00f5es Diretas","elemento_despesa":"Material de Consumo","sub_elem_desp":"SEM SUBELEMENTO","fonte_recurso":"Recursos do Exerc\u00edcio Corrente \/ Outros Recursos n\u00e3o Vinculados \/ -"},{"ano_emissao_emp":"2023","n_emp":"0000326","data_emissao":"05\/09\/2023","valor":"879,80","tipo_empenho":"Ordin\u00e1rio","hist_emp":"Aquisicao de 06 (seis) bandeiras, sendo 02 (duas) municipais, 02 (duas) estaduais e 02 (duas) nacionais em substituicao as que estao em uso nesta Camara de Vereadores, dispensa de licitacao em razao do valor, com base no artigo 24, inciso 2\u00ba da Lei 8.666\/93.","fornecedor":"JACINTO CALADO COM LIVROS E PAP LTDA","denom_uni_orc":"CORPO DELIBERATIVO E SECRETARIA","funcao":"Legislativa","sub_funcao":"A\u00e7\u00e3o Legislativa","programa":"A\u00c7\u00c3O LEGISLATIVA","acao":"AQUISI\u00c7\u00c3O DE M\u00d3VEIS, M\u00c1QUINAS E EQUIPAMENTOS DIVERSOS PARA O CONSELHO","ident_acao":"Atividade","cat_econ":"Despesa Corrente","natureza_despesa":"Outras Despesas Correntes","modalidade_despesa":"Aplica\u00e7\u00f5es Diretas","elemento_despesa":"Material de Consumo","sub_elem_desp":"BANDEIRAS, FL\u00c2MULAS E INS\u00cdGNIAS","fonte_recurso":"Recursos do Exerc\u00edcio Corrente \/ Outros Recursos n\u00e3o Vinculados \/ -"},{"ano_emissao_emp":"2023","n_emp":"0000326","data_emissao":"05\/09\/2023","valor":"879,80","tipo_empenho":"Ordin\u00e1rio","hist_emp":"Aquisicao de 06 (seis) bandeiras, sendo 02 (duas) municipais, 02 (duas) estaduais e 02 (duas) nacionais em substituicao as que estao em uso nesta Camara de Vereadores, dispensa de licitacao em razao do valor, com base no artigo 24, inciso 2\u00ba da Lei 8.666\/93.","fornecedor":"JACINTO CALADO COM LIVROS E PAP LTDA","denom_uni_orc":"CORPO DELIBERATIVO E SECRETARIA","funcao":"Legislativa","sub_funcao":"A\u00e7\u00e3o Legislativa","programa":"A\u00c7\u00c3O LEGISLATIVA","acao":"MANUTEN\u00c7\u00c3O DAS ATIVIDADES ADMINISTRATIVAS","ident_acao":"Atividade","cat_econ":"Despesa Corrente","natureza_despesa":"Outras Despesas Correntes","modalidade_despesa":"Aplica\u00e7\u00f5es Diretas","elemento_despesa":"Material de Consumo","sub_elem_desp":"BANDEIRAS, FL\u00c2MULAS E INS\u00cdGNIAS","fonte_recurso":"Recursos do Exerc\u00edcio Corrente \/ Outros Recursos n\u00e3o Vinculados \/ -"},{"ano_emissao_emp":"2023","n_emp":"0000326","data_emissao":"05\/09\/2023","valor":"879,80","tipo_empenho":"Ordin\u00e1rio","hist_emp":"Aquisicao de 06 (seis) bandeiras, sendo 02 (duas) municipais, 02 (duas) estaduais e 02 (duas) nacionais em substituicao as que estao em uso nesta Camara de Vereadores, dispensa de licitacao em razao do valor, com base no artigo 24, inciso 2\u00ba da Lei 8.666\/93.","fornecedor":"JACINTO CALADO COM LIVROS E PAP LTDA","denom_uni_orc":"CORPO DELIBERATIVO E SECRETARIA","funcao":"Legislativa","sub_funcao":"A\u00e7\u00e3o Legislativa","programa":"A\u00c7\u00c3O LEGISLATIVA","acao":"INDENIZA\u00c7\u00d5ES E RESTITUI\u00c7\u00d5ES DIVERSAS (FMS)","ident_acao":"Atividade","cat_econ":"Despesa Corrente","natureza_despesa":"Outras Despesas Correntes","modalidade_despesa":"Aplica\u00e7\u00f5es Diretas","elemento_despesa":"Material de Consumo","sub_elem_desp":"BANDEIRAS, FL\u00c2MULAS E INS\u00cdGNIAS","fonte_recurso":"Recursos do Exerc\u00edcio Corrente \/ Outros Recursos n\u00e3o Vinculados \/ -"},{"ano_emissao_emp":"2023","n_emp":"0000327","data_emissao":"05\/09\/2023","valor":"183,75","tipo_empenho":"Ordin\u00e1rio","hist_emp":"Aquisicao de materiais relacionados no ofecio n\u00b0 149\/2023 - Secom, compra necessaria para a continuacao de realizacao do servico de instalacao dos aparelhos visando a reestruturacao do sistema de comunicacao desta Casa de Lei, dispensa de licitacao em razao do valor, artigo 24, inciso 2\u00ba da lei 8.666\/93.","fornecedor":"JCL LAJES E MATERIAIS PARA CONSTRU\u00c7\u00c3O LTDA","denom_uni_orc":"CORPO DELIBERATIVO E SECRETARIA","funcao":"Legislativa","sub_funcao":"A\u00e7\u00e3o Legislativa","programa":"A\u00c7\u00c3O LEGISLATIVA","acao":"AQUISI\u00c7\u00c3O DE M\u00d3VEIS, M\u00c1QUINAS E EQUIPAMENTOS DIVERSOS PARA O CONSELHO","ident_acao":"Atividade","cat_econ":"Despesa Corrente","natureza_despesa":"Outras Despesas Correntes","modalidade_despesa":"Aplica\u00e7\u00f5es Diretas","elemento_despesa":"Material de Consumo","sub_elem_desp":"SEM SUBELEMENTO","fonte_recurso":"Recursos do Exerc\u00edcio Corrente \/ Outros Recursos n\u00e3o Vinculados \/ -"},{"ano_emissao_emp":"2023","n_emp":"0000327","data_emissao":"05\/09\/2023","valor":"183,75","tipo_empenho":"Ordin\u00e1rio","hist_emp":"Aquisicao de materiais relacionados no ofecio n\u00b0 149\/2023 - Secom, compra necessaria para a continuacao de realizacao do servico de instalacao dos aparelhos visando a reestruturacao do sistema de comunicacao desta Casa de Lei, dispensa de licitacao em razao do valor, artigo 24, inciso 2\u00ba da lei 8.666\/93.","fornecedor":"JCL LAJES E MATERIAIS PARA CONSTRU\u00c7\u00c3O LTDA","denom_uni_orc":"CORPO DELIBERATIVO E SECRETARIA","funcao":"Legislativa","sub_funcao":"A\u00e7\u00e3o Legislativa","programa":"A\u00c7\u00c3O LEGISLATIVA","acao":"MANUTEN\u00c7\u00c3O DAS ATIVIDADES ADMINISTRATIVAS","ident_acao":"Atividade","cat_econ":"Despesa Corrente","natureza_despesa":"Outras Despesas Correntes","modalidade_despesa":"Aplica\u00e7\u00f5es Diretas","elemento_despesa":"Material de Consumo","sub_elem_desp":"SEM SUBELEMENTO","fonte_recurso":"Recursos do Exerc\u00edcio Corrente \/ Outros Recursos n\u00e3o Vinculados \/ -"},{"ano_emissao_emp":"2023","n_emp":"0000327","data_emissao":"05\/09\/2023","valor":"183,75","tipo_empenho":"Ordin\u00e1rio","hist_emp":"Aquisicao de materiais relacionados no ofecio n\u00b0 149\/2023 - Secom, compra necessaria para a continuacao de realizacao do servico de instalacao dos aparelhos visando a reestruturacao do sistema de comunicacao desta Casa de Lei, dispensa de licitacao em razao do valor, artigo 24, inciso 2\u00ba da lei 8.666\/93.","fornecedor":"JCL LAJES E MATERIAIS PARA CONSTRU\u00c7\u00c3O LTDA","denom_uni_orc":"CORPO DELIBERATIVO E SECRETARIA","funcao":"Legislativa","sub_funcao":"A\u00e7\u00e3o Legislativa","programa":"A\u00c7\u00c3O LEGISLATIVA","acao":"INDENIZA\u00c7\u00d5ES E RESTITUI\u00c7\u00d5ES DIVERSAS (FMS)","ident_acao":"Atividade","cat_econ":"Despesa Corrente","natureza_despesa":"Outras Despesas Correntes","modalidade_despesa":"Aplica\u00e7\u00f5es Diretas","elemento_despesa":"Material de Consumo","sub_elem_desp":"SEM SUBELEMENTO","fonte_recurso":"Recursos do Exerc\u00edcio Corrente \/ Outros Recursos n\u00e3o Vinculados \/ -"},{"ano_emissao_emp":"2023","n_emp":"0000328","data_emissao":"05\/09\/2023","valor":"524,19","tipo_empenho":"Ordin\u00e1rio","hist_emp":"Aquisicao de produtos de consumo para o funcionamento da copa e cozinha desta Casa Legislativa conforme relacao no oficio 150\/2023 SECOM em anexo. dispensa de licitacao em razao do valor, artigo 24, inciso 2\u00ba da lei 8.666\/93","fornecedor":"LOPES & FONSECA CIA LTDA","denom_uni_orc":"CORPO DELIBERATIVO E SECRETARIA","funcao":"Legislativa","sub_funcao":"A\u00e7\u00e3o Legislativa","programa":"A\u00c7\u00c3O LEGISLATIVA","acao":"AQUISI\u00c7\u00c3O DE M\u00d3VEIS, M\u00c1QUINAS E EQUIPAMENTOS DIVERSOS PARA O CONSELHO","ident_acao":"Atividade","cat_econ":"Despesa Corrente","natureza_despesa":"Outras Despesas Correntes","modalidade_despesa":"Aplica\u00e7\u00f5es Diretas","elemento_despesa":"Material de Consumo","sub_elem_desp":"MATERIAL DE COPA E COZINHA","fonte_recurso":"Recursos do Exerc\u00edcio Corrente \/ Outros Recursos n\u00e3o Vinculados \/ -"},{"ano_emissao_emp":"2023","n_emp":"0000328","data_emissao":"05\/09\/2023","valor":"524,19","tipo_empenho":"Ordin\u00e1rio","hist_emp":"Aquisicao de produtos de consumo para o funcionamento da copa e cozinha desta Casa Legislativa conforme relacao no oficio 150\/2023 SECOM em anexo. dispensa de licitacao em razao do valor, artigo 24, inciso 2\u00ba da lei 8.666\/93","fornecedor":"LOPES & FONSECA CIA LTDA","denom_uni_orc":"CORPO DELIBERATIVO E SECRETARIA","funcao":"Legislativa","sub_funcao":"A\u00e7\u00e3o Legislativa","programa":"A\u00c7\u00c3O LEGISLATIVA","acao":"MANUTEN\u00c7\u00c3O DAS ATIVIDADES ADMINISTRATIVAS","ident_acao":"Atividade","cat_econ":"Despesa Corrente","natureza_despesa":"Outras Despesas Correntes","modalidade_despesa":"Aplica\u00e7\u00f5es Diretas","elemento_despesa":"Material de Consumo","sub_elem_desp":"MATERIAL DE COPA E COZINHA","fonte_recurso":"Recursos do Exerc\u00edcio Corrente \/ Outros Recursos n\u00e3o Vinculados \/ -"},{"ano_emissao_emp":"2023","n_emp":"0000328","data_emissao":"05\/09\/2023","valor":"524,19","tipo_empenho":"Ordin\u00e1rio","hist_emp":"Aquisicao de produtos de consumo para o funcionamento da copa e cozinha desta Casa Legislativa conforme relacao no oficio 150\/2023 SECOM em anexo. dispensa de licitacao em razao do valor, artigo 24, inciso 2\u00ba da lei 8.666\/93","fornecedor":"LOPES & FONSECA CIA LTDA","denom_uni_orc":"CORPO DELIBERATIVO E SECRETARIA","funcao":"Legislativa","sub_funcao":"A\u00e7\u00e3o Legislativa","programa":"A\u00c7\u00c3O LEGISLATIVA","acao":"INDENIZA\u00c7\u00d5ES E RESTITUI\u00c7\u00d5ES DIVERSAS (FMS)","ident_acao":"Atividade","cat_econ":"Despesa Corrente","natureza_despesa":"Outras Despesas Correntes","modalidade_despesa":"Aplica\u00e7\u00f5es Diretas","elemento_despesa":"Material de Consumo","sub_elem_desp":"MATERIAL DE COPA E COZINHA","fonte_recurso":"Recursos do Exerc\u00edcio Corrente \/ Outros Recursos n\u00e3o Vinculados \/ -"},{"ano_emissao_emp":"2023","n_emp":"0000329","data_emissao":"05\/09\/2023","valor":"96,62","tipo_empenho":"Ordin\u00e1rio","hist_emp":"Custeio da Taxa do ART - CREA PE. Emissao de identificacao do responsavel tecnico pela elaboracao\/servico de projeto de incendio deste predio que comporta a camara de vereadores deste municipal, dispensa de licitacao em razao do valor, artigo 24, inciso 2\u00ba da lei 8.666\/93 .","fornecedor":"CONSELHO REGIONAL DE ENGENHARIA E AGRONOMIA","denom_uni_orc":"CORPO DELIBERATIVO E SECRETARIA","funcao":"Legislativa","sub_funcao":"A\u00e7\u00e3o Legislativa","programa":"A\u00c7\u00c3O LEGISLATIVA","acao":"AQUISI\u00c7\u00c3O DE M\u00d3VEIS, M\u00c1QUINAS E EQUIPAMENTOS DIVERSOS PARA O CONSELHO","ident_acao":"Atividade","cat_econ":"Despesa Corrente","natureza_despesa":"Outras Despesas Correntes","modalidade_despesa":"Aplica\u00e7\u00f5es Diretas","elemento_despesa":"Outros Servi\u00e7os de Terceiros - Pessoa Jur\u00eddica","sub_elem_desp":"SEM SUBELEMENTO","fonte_recurso":"Recursos do Exerc\u00edcio Corrente \/ Outros Recursos n\u00e3o Vinculados \/ -"},{"ano_emissao_emp":"2023","n_emp":"0000329","data_emissao":"05\/09\/2023","valor":"96,62","tipo_empenho":"Ordin\u00e1rio","hist_emp":"Custeio da Taxa do ART - CREA PE. Emissao de identificacao do responsavel tecnico pela elaboracao\/servico de projeto de incendio deste predio que comporta a camara de vereadores deste municipal, dispensa de licitacao em razao do valor, artigo 24, inciso 2\u00ba da lei 8.666\/93 .","fornecedor":"CONSELHO REGIONAL DE ENGENHARIA E AGRONOMIA","denom_uni_orc":"CORPO DELIBERATIVO E SECRETARIA","funcao":"Legislativa","sub_funcao":"A\u00e7\u00e3o Legislativa","programa":"A\u00c7\u00c3O LEGISLATIVA","acao":"MANUTEN\u00c7\u00c3O DAS ATIVIDADES ADMINISTRATIVAS","ident_acao":"Atividade","cat_econ":"Despesa Corrente","natureza_despesa":"Outras Despesas Correntes","modalidade_despesa":"Aplica\u00e7\u00f5es Diretas","elemento_despesa":"Outros Servi\u00e7os de Terceiros - Pessoa Jur\u00eddica","sub_elem_desp":"SEM SUBELEMENTO","fonte_recurso":"Recursos do Exerc\u00edcio Corrente \/ Outros Recursos n\u00e3o Vinculados \/ -"},{"ano_emissao_emp":"2023","n_emp":"0000329","data_emissao":"05\/09\/2023","valor":"96,62","tipo_empenho":"Ordin\u00e1rio","hist_emp":"Custeio da Taxa do ART - CREA PE. Emissao de identificacao do responsavel tecnico pela elaboracao\/servico de projeto de incendio deste predio que comporta a camara de vereadores deste municipal, dispensa de licitacao em razao do valor, artigo 24, inciso 2\u00ba da lei 8.666\/93 .","fornecedor":"CONSELHO REGIONAL DE ENGENHARIA E AGRONOMIA","denom_uni_orc":"CORPO DELIBERATIVO E SECRETARIA","funcao":"Legislativa","sub_funcao":"A\u00e7\u00e3o Legislativa","programa":"A\u00c7\u00c3O LEGISLATIVA","acao":"INDENIZA\u00c7\u00d5ES E RESTITUI\u00c7\u00d5ES DIVERSAS (FMS)","ident_acao":"Atividade","cat_econ":"Despesa Corrente","natureza_despesa":"Outras Despesas Correntes","modalidade_despesa":"Aplica\u00e7\u00f5es Diretas","elemento_despesa":"Outros Servi\u00e7os de Terceiros - Pessoa Jur\u00eddica","sub_elem_desp":"SEM SUBELEMENTO","fonte_recurso":"Recursos do Exerc\u00edcio Corrente \/ Outros Recursos n\u00e3o Vinculados \/ -"},{"ano_emissao_emp":"2023","n_emp":"0000330","data_emissao":"05\/09\/2023","valor":"237,48","tipo_empenho":"Ordin\u00e1rio","hist_emp":"Custeio com curso de capacitacao profissional. Forum Telecom-Analista de redes - Redes - Mikrotik- Linux conforme oficio 152\/2023  para o servidor Jose Victor da Silva Santos Aetor de TI (Tecnologia da Informacao), dispensa de licitacao em razao do valor, artigo 24, inciso 2\u00ba da lei 8.666\/93.","fornecedor":"ADYEN DO BRASIL INSTITUICAO DE PAGAMENTO LTDA.","denom_uni_orc":"CORPO DELIBERATIVO E SECRETARIA","funcao":"Legislativa","sub_funcao":"A\u00e7\u00e3o Legislativa","programa":"A\u00c7\u00c3O LEGISLATIVA","acao":"AQUISI\u00c7\u00c3O DE M\u00d3VEIS, M\u00c1QUINAS E EQUIPAMENTOS DIVERSOS PARA O CONSELHO","ident_acao":"Atividade","cat_econ":"Despesa Corrente","natureza_despesa":"Outras Despesas Correntes","modalidade_despesa":"Aplica\u00e7\u00f5es Diretas","elemento_despesa":"Outros Servi\u00e7os de Terceiros - Pessoa Jur\u00eddica","sub_elem_desp":"SEM SUBELEMENTO","fonte_recurso":"Recursos do Exerc\u00edcio Corrente \/ Outros Recursos n\u00e3o Vinculados \/ -"},{"ano_emissao_emp":"2023","n_emp":"0000330","data_emissao":"05\/09\/2023","valor":"237,48","tipo_empenho":"Ordin\u00e1rio","hist_emp":"Custeio com curso de capacitacao profissional. Forum Telecom-Analista de redes - Redes - Mikrotik- Linux conforme oficio 152\/2023  para o servidor Jose Victor da Silva Santos Aetor de TI (Tecnologia da Informacao), dispensa de licitacao em razao do valor, artigo 24, inciso 2\u00ba da lei 8.666\/93.","fornecedor":"ADYEN DO BRASIL INSTITUICAO DE PAGAMENTO LTDA.","denom_uni_orc":"CORPO DELIBERATIVO E SECRETARIA","funcao":"Legislativa","sub_funcao":"A\u00e7\u00e3o Legislativa","programa":"A\u00c7\u00c3O LEGISLATIVA","acao":"MANUTEN\u00c7\u00c3O DAS ATIVIDADES ADMINISTRATIVAS","ident_acao":"Atividade","cat_econ":"Despesa Corrente","natureza_despesa":"Outras Despesas Correntes","modalidade_despesa":"Aplica\u00e7\u00f5es Diretas","elemento_despesa":"Outros Servi\u00e7os de Terceiros - Pessoa Jur\u00eddica","sub_elem_desp":"SEM SUBELEMENTO","fonte_recurso":"Recursos do Exerc\u00edcio Corrente \/ Outros Recursos n\u00e3o Vinculados \/ -"},{"ano_emissao_emp":"2023","n_emp":"0000330","data_emissao":"05\/09\/2023","valor":"237,48","tipo_empenho":"Ordin\u00e1rio","hist_emp":"Custeio com curso de capacitacao profissional. Forum Telecom-Analista de redes - Redes - Mikrotik- Linux conforme oficio 152\/2023  para o servidor Jose Victor da Silva Santos Aetor de TI (Tecnologia da Informacao), dispensa de licitacao em razao do valor, artigo 24, inciso 2\u00ba da lei 8.666\/93.","fornecedor":"ADYEN DO BRASIL INSTITUICAO DE PAGAMENTO LTDA.","denom_uni_orc":"CORPO DELIBERATIVO E SECRETARIA","funcao":"Legislativa","sub_funcao":"A\u00e7\u00e3o Legislativa","programa":"A\u00c7\u00c3O LEGISLATIVA","acao":"INDENIZA\u00c7\u00d5ES E RESTITUI\u00c7\u00d5ES DIVERSAS (FMS)","ident_acao":"Atividade","cat_econ":"Despesa Corrente","natureza_despesa":"Outras Despesas Correntes","modalidade_despesa":"Aplica\u00e7\u00f5es Diretas","elemento_despesa":"Outros Servi\u00e7os de Terceiros - Pessoa Jur\u00eddica","sub_elem_desp":"SEM SUBELEMENTO","fonte_recurso":"Recursos do Exerc\u00edcio Corrente \/ Outros Recursos n\u00e3o Vinculados \/ -"},{"ano_emissao_emp":"2023","n_emp":"0000331","data_emissao":"05\/09\/2023","valor":"69,48","tipo_empenho":"Ordin\u00e1rio","hist_emp":"Custeio com curso de capacitacao profissional.Forum Telecom-Curso de Linux - Zabbix. Curso na modalidade virtual de aperfeicoamento no nicho de TI (Tecnologia da Informacao) conforme oficio 152\/2023  para o servidor Jose Victor da Silva Santos Aetor de TI (Tecnologia da Informacao), dispensa de licitacao em razao do valor, artigo 24, inciso 2\u00ba da lei 8.666\/93.","fornecedor":"ADYEN DO BRASIL INSTITUICAO DE PAGAMENTO LTDA.","denom_uni_orc":"CORPO DELIBERATIVO E SECRETARIA","funcao":"Legislativa","sub_funcao":"A\u00e7\u00e3o Legislativa","programa":"A\u00c7\u00c3O LEGISLATIVA","acao":"AQUISI\u00c7\u00c3O DE M\u00d3VEIS, M\u00c1QUINAS E EQUIPAMENTOS DIVERSOS PARA O CONSELHO","ident_acao":"Atividade","cat_econ":"Despesa Corrente","natureza_despesa":"Outras Despesas Correntes","modalidade_despesa":"Aplica\u00e7\u00f5es Diretas","elemento_despesa":"Outros Servi\u00e7os de Terceiros - Pessoa Jur\u00eddica","sub_elem_desp":"SEM SUBELEMENTO","fonte_recurso":"Recursos do Exerc\u00edcio Corrente \/ Outros Recursos n\u00e3o Vinculados \/ -"},{"ano_emissao_emp":"2023","n_emp":"0000331","data_emissao":"05\/09\/2023","valor":"69,48","tipo_empenho":"Ordin\u00e1rio","hist_emp":"Custeio com curso de capacitacao profissional.Forum Telecom-Curso de Linux - Zabbix. Curso na modalidade virtual de aperfeicoamento no nicho de TI (Tecnologia da Informacao) conforme oficio 152\/2023  para o servidor Jose Victor da Silva Santos Aetor de TI (Tecnologia da Informacao), dispensa de licitacao em razao do valor, artigo 24, inciso 2\u00ba da lei 8.666\/93.","fornecedor":"ADYEN DO BRASIL INSTITUICAO DE PAGAMENTO LTDA.","denom_uni_orc":"CORPO DELIBERATIVO E SECRETARIA","funcao":"Legislativa","sub_funcao":"A\u00e7\u00e3o Legislativa","programa":"A\u00c7\u00c3O LEGISLATIVA","acao":"MANUTEN\u00c7\u00c3O DAS ATIVIDADES ADMINISTRATIVAS","ident_acao":"Atividade","cat_econ":"Despesa Corrente","natureza_despesa":"Outras Despesas Correntes","modalidade_despesa":"Aplica\u00e7\u00f5es Diretas","elemento_despesa":"Outros Servi\u00e7os de Terceiros - Pessoa Jur\u00eddica","sub_elem_desp":"SEM SUBELEMENTO","fonte_recurso":"Recursos do Exerc\u00edcio Corrente \/ Outros Recursos n\u00e3o Vinculados \/ -"},{"ano_emissao_emp":"2023","n_emp":"0000331","data_emissao":"05\/09\/2023","valor":"69,48","tipo_empenho":"Ordin\u00e1rio","hist_emp":"Custeio com curso de capacitacao profissional.Forum Telecom-Curso de Linux - Zabbix. Curso na modalidade virtual de aperfeicoamento no nicho de TI (Tecnologia da Informacao) conforme oficio 152\/2023  para o servidor Jose Victor da Silva Santos Aetor de TI (Tecnologia da Informacao), dispensa de licitacao em razao do valor, artigo 24, inciso 2\u00ba da lei 8.666\/93.","fornecedor":"ADYEN DO BRASIL INSTITUICAO DE PAGAMENTO LTDA.","denom_uni_orc":"CORPO DELIBERATIVO E SECRETARIA","funcao":"Legislativa","sub_funcao":"A\u00e7\u00e3o Legislativa","programa":"A\u00c7\u00c3O LEGISLATIVA","acao":"INDENIZA\u00c7\u00d5ES E RESTITUI\u00c7\u00d5ES DIVERSAS (FMS)","ident_acao":"Atividade","cat_econ":"Despesa Corrente","natureza_despesa":"Outras Despesas Correntes","modalidade_despesa":"Aplica\u00e7\u00f5es Diretas","elemento_despesa":"Outros Servi\u00e7os de Terceiros - Pessoa Jur\u00eddica","sub_elem_desp":"SEM SUBELEMENTO","fonte_recurso":"Recursos do Exerc\u00edcio Corrente \/ Outros Recursos n\u00e3o Vinculados \/ -"},{"ano_emissao_emp":"2023","n_emp":"0000332","data_emissao":"05\/09\/2023","valor":"49,90","tipo_empenho":"Ordin\u00e1rio","hist_emp":"Custeio com curso de capacitacao profissional. Forum Telecom-Projeto Wireless na pratica conforme oficio 152\/2023  para o servidor Jose Victor da Silva Santos Aetor de TI (Tecnologia da Informacao), dispensa de licitacao em razao do valor, artigo 24, inciso 2\u00ba da lei 8.666\/93.","fornecedor":"ADYEN DO BRASIL INSTITUICAO DE PAGAMENTO LTDA.","denom_uni_orc":"CORPO DELIBERATIVO E SECRETARIA","funcao":"Legislativa","sub_funcao":"A\u00e7\u00e3o Legislativa","programa":"A\u00c7\u00c3O LEGISLATIVA","acao":"AQUISI\u00c7\u00c3O DE M\u00d3VEIS, M\u00c1QUINAS E EQUIPAMENTOS DIVERSOS PARA O CONSELHO","ident_acao":"Atividade","cat_econ":"Despesa Corrente","natureza_despesa":"Outras Despesas Correntes","modalidade_despesa":"Aplica\u00e7\u00f5es Diretas","elemento_despesa":"Outros Servi\u00e7os de Terceiros - Pessoa Jur\u00eddica","sub_elem_desp":"SEM SUBELEMENTO","fonte_recurso":"Recursos do Exerc\u00edcio Corrente \/ Outros Recursos n\u00e3o Vinculados \/ -"},{"ano_emissao_emp":"2023","n_emp":"0000332","data_emissao":"05\/09\/2023","valor":"49,90","tipo_empenho":"Ordin\u00e1rio","hist_emp":"Custeio com curso de capacitacao profissional. Forum Telecom-Projeto Wireless na pratica conforme oficio 152\/2023  para o servidor Jose Victor da Silva Santos Aetor de TI (Tecnologia da Informacao), dispensa de licitacao em razao do valor, artigo 24, inciso 2\u00ba da lei 8.666\/93.","fornecedor":"ADYEN DO BRASIL INSTITUICAO DE PAGAMENTO LTDA.","denom_uni_orc":"CORPO DELIBERATIVO E SECRETARIA","funcao":"Legislativa","sub_funcao":"A\u00e7\u00e3o Legislativa","programa":"A\u00c7\u00c3O LEGISLATIVA","acao":"MANUTEN\u00c7\u00c3O DAS ATIVIDADES ADMINISTRATIVAS","ident_acao":"Atividade","cat_econ":"Despesa Corrente","natureza_despesa":"Outras Despesas Correntes","modalidade_despesa":"Aplica\u00e7\u00f5es Diretas","elemento_despesa":"Outros Servi\u00e7os de Terceiros - Pessoa Jur\u00eddica","sub_elem_desp":"SEM SUBELEMENTO","fonte_recurso":"Recursos do Exerc\u00edcio Corrente \/ Outros Recursos n\u00e3o Vinculados \/ -"},{"ano_emissao_emp":"2023","n_emp":"0000332","data_emissao":"05\/09\/2023","valor":"49,90","tipo_empenho":"Ordin\u00e1rio","hist_emp":"Custeio com curso de capacitacao profissional. Forum Telecom-Projeto Wireless na pratica conforme oficio 152\/2023  para o servidor Jose Victor da Silva Santos Aetor de TI (Tecnologia da Informacao), dispensa de licitacao em razao do valor, artigo 24, inciso 2\u00ba da lei 8.666\/93.","fornecedor":"ADYEN DO BRASIL INSTITUICAO DE PAGAMENTO LTDA.","denom_uni_orc":"CORPO DELIBERATIVO E SECRETARIA","funcao":"Legislativa","sub_funcao":"A\u00e7\u00e3o Legislativa","programa":"A\u00c7\u00c3O LEGISLATIVA","acao":"INDENIZA\u00c7\u00d5ES E RESTITUI\u00c7\u00d5ES DIVERSAS (FMS)","ident_acao":"Atividade","cat_econ":"Despesa Corrente","natureza_despesa":"Outras Despesas Correntes","modalidade_despesa":"Aplica\u00e7\u00f5es Diretas","elemento_despesa":"Outros Servi\u00e7os de Terceiros - Pessoa Jur\u00eddica","sub_elem_desp":"SEM SUBELEMENTO","fonte_recurso":"Recursos do Exerc\u00edcio Corrente \/ Outros Recursos n\u00e3o Vinculados \/ -"},{"ano_emissao_emp":"2023","n_emp":"0000333","data_emissao":"05\/09\/2023","valor":"128,48","tipo_empenho":"Ordin\u00e1rio","hist_emp":"Custeio com curso de capacitacao profissional. Forum Telecom-Projetista FTTH conforme oficio 152\/2023  para o servidor Jose Victor da Silva Santos Aetor de TI (Tecnologia da Informacao), dispensa de licitacao em razao do valor, artigo 24, inciso 2\u00ba da lei 8.666\/93.","fornecedor":"ADYEN DO BRASIL INSTITUICAO DE PAGAMENTO LTDA.","denom_uni_orc":"CORPO DELIBERATIVO E SECRETARIA","funcao":"Legislativa","sub_funcao":"A\u00e7\u00e3o Legislativa","programa":"A\u00c7\u00c3O LEGISLATIVA","acao":"AQUISI\u00c7\u00c3O DE M\u00d3VEIS, M\u00c1QUINAS E EQUIPAMENTOS DIVERSOS PARA O CONSELHO","ident_acao":"Atividade","cat_econ":"Despesa Corrente","natureza_despesa":"Outras Despesas Correntes","modalidade_despesa":"Aplica\u00e7\u00f5es Diretas","elemento_despesa":"Outros Servi\u00e7os de Terceiros - Pessoa Jur\u00eddica","sub_elem_desp":"SEM SUBELEMENTO","fonte_recurso":"Recursos do Exerc\u00edcio Corrente \/ Outros Recursos n\u00e3o Vinculados \/ -"},{"ano_emissao_emp":"2023","n_emp":"0000333","data_emissao":"05\/09\/2023","valor":"128,48","tipo_empenho":"Ordin\u00e1rio","hist_emp":"Custeio com curso de capacitacao profissional. Forum Telecom-Projetista FTTH conforme oficio 152\/2023  para o servidor Jose Victor da Silva Santos Aetor de TI (Tecnologia da Informacao), dispensa de licitacao em razao do valor, artigo 24, inciso 2\u00ba da lei 8.666\/93.","fornecedor":"ADYEN DO BRASIL INSTITUICAO DE PAGAMENTO LTDA.","denom_uni_orc":"CORPO DELIBERATIVO E SECRETARIA","funcao":"Legislativa","sub_funcao":"A\u00e7\u00e3o Legislativa","programa":"A\u00c7\u00c3O LEGISLATIVA","acao":"MANUTEN\u00c7\u00c3O DAS ATIVIDADES ADMINISTRATIVAS","ident_acao":"Atividade","cat_econ":"Despesa Corrente","natureza_despesa":"Outras Despesas Correntes","modalidade_despesa":"Aplica\u00e7\u00f5es Diretas","elemento_despesa":"Outros Servi\u00e7os de Terceiros - Pessoa Jur\u00eddica","sub_elem_desp":"SEM SUBELEMENTO","fonte_recurso":"Recursos do Exerc\u00edcio Corrente \/ Outros Recursos n\u00e3o Vinculados \/ -"},{"ano_emissao_emp":"2023","n_emp":"0000333","data_emissao":"05\/09\/2023","valor":"128,48","tipo_empenho":"Ordin\u00e1rio","hist_emp":"Custeio com curso de capacitacao profissional. Forum Telecom-Projetista FTTH conforme oficio 152\/2023  para o servidor Jose Victor da Silva Santos Aetor de TI (Tecnologia da Informacao), dispensa de licitacao em razao do valor, artigo 24, inciso 2\u00ba da lei 8.666\/93.","fornecedor":"ADYEN DO BRASIL INSTITUICAO DE PAGAMENTO LTDA.","denom_uni_orc":"CORPO DELIBERATIVO E SECRETARIA","funcao":"Legislativa","sub_funcao":"A\u00e7\u00e3o Legislativa","programa":"A\u00c7\u00c3O LEGISLATIVA","acao":"INDENIZA\u00c7\u00d5ES E RESTITUI\u00c7\u00d5ES DIVERSAS (FMS)","ident_acao":"Atividade","cat_econ":"Despesa Corrente","natureza_despesa":"Outras Despesas Correntes","modalidade_despesa":"Aplica\u00e7\u00f5es Diretas","elemento_despesa":"Outros Servi\u00e7os de Terceiros - Pessoa Jur\u00eddica","sub_elem_desp":"SEM SUBELEMENTO","fonte_recurso":"Recursos do Exerc\u00edcio Corrente \/ Outros Recursos n\u00e3o Vinculados \/ -"},{"ano_emissao_emp":"2023","n_emp":"0000334","data_emissao":"06\/09\/2023","valor":"1.000,00","tipo_empenho":"Ordin\u00e1rio","hist_emp":"Custeio de 10 (dez) diarias sem pernoite para o servidor Flavio Aleixo da Silva, guarda legislativo desta Casa de Leis, para participacao no curso de capacitacao profissional, que sera realizado no periodo de 04 a 30 de setembro, de segunda-feira a sabado, das 08h00 as 17h00, conforme teor do Oficio 20\/2023-Sec, de 31\/08\/2023. O curso tera como instrutores os profissionais da empresa SPARTTA e ocorrera na cidade de Caruaru - PE. Dispensa de licitacao em razao do valor,  artigo 75, inciso 2\u00ba da lei 14.133\/","fornecedor":"FLAVIO ALEIXO DA SILVA","denom_uni_orc":"CORPO DELIBERATIVO E SECRETARIA","funcao":"Legislativa","sub_funcao":"A\u00e7\u00e3o Legislativa","programa":"A\u00c7\u00c3O LEGISLATIVA","acao":"AQUISI\u00c7\u00c3O DE M\u00d3VEIS, M\u00c1QUINAS E EQUIPAMENTOS DIVERSOS PARA O CONSELHO","ident_acao":"Atividade","cat_econ":"Despesa Corrente","natureza_despesa":"Outras Despesas Correntes","modalidade_despesa":"Aplica\u00e7\u00f5es Diretas","elemento_despesa":"Di\u00e1rias \u2013 Civil","sub_elem_desp":"SEM SUBELEMENTO","fonte_recurso":"Recursos do Exerc\u00edcio Corrente \/ Outros Recursos n\u00e3o Vinculados \/ -"},{"ano_emissao_emp":"2023","n_emp":"0000334","data_emissao":"06\/09\/2023","valor":"1.000,00","tipo_empenho":"Ordin\u00e1rio","hist_emp":"Custeio de 10 (dez) diarias sem pernoite para o servidor Flavio Aleixo da Silva, guarda legislativo desta Casa de Leis, para participacao no curso de capacitacao profissional, que sera realizado no periodo de 04 a 30 de setembro, de segunda-feira a sabado, das 08h00 as 17h00, conforme teor do Oficio 20\/2023-Sec, de 31\/08\/2023. O curso tera como instrutores os profissionais da empresa SPARTTA e ocorrera na cidade de Caruaru - PE. Dispensa de licitacao em razao do valor,  artigo 75, inciso 2\u00ba da lei 14.133\/","fornecedor":"FLAVIO ALEIXO DA SILVA","denom_uni_orc":"CORPO DELIBERATIVO E SECRETARIA","funcao":"Legislativa","sub_funcao":"A\u00e7\u00e3o Legislativa","programa":"A\u00c7\u00c3O LEGISLATIVA","acao":"MANUTEN\u00c7\u00c3O DAS ATIVIDADES ADMINISTRATIVAS","ident_acao":"Atividade","cat_econ":"Despesa Corrente","natureza_despesa":"Outras Despesas Correntes","modalidade_despesa":"Aplica\u00e7\u00f5es Diretas","elemento_despesa":"Di\u00e1rias \u2013 Civil","sub_elem_desp":"SEM SUBELEMENTO","fonte_recurso":"Recursos do Exerc\u00edcio Corrente \/ Outros Recursos n\u00e3o Vinculados \/ -"},{"ano_emissao_emp":"2023","n_emp":"0000334","data_emissao":"06\/09\/2023","valor":"1.000,00","tipo_empenho":"Ordin\u00e1rio","hist_emp":"Custeio de 10 (dez) diarias sem pernoite para o servidor Flavio Aleixo da Silva, guarda legislativo desta Casa de Leis, para participacao no curso de capacitacao profissional, que sera realizado no periodo de 04 a 30 de setembro, de segunda-feira a sabado, das 08h00 as 17h00, conforme teor do Oficio 20\/2023-Sec, de 31\/08\/2023. O curso tera como instrutores os profissionais da empresa SPARTTA e ocorrera na cidade de Caruaru - PE. Dispensa de licitacao em razao do valor,  artigo 75, inciso 2\u00ba da lei 14.133\/","fornecedor":"FLAVIO ALEIXO DA SILVA","denom_uni_orc":"CORPO DELIBERATIVO E SECRETARIA","funcao":"Legislativa","sub_funcao":"A\u00e7\u00e3o Legislativa","programa":"A\u00c7\u00c3O LEGISLATIVA","acao":"INDENIZA\u00c7\u00d5ES E RESTITUI\u00c7\u00d5ES DIVERSAS (FMS)","ident_acao":"Atividade","cat_econ":"Despesa Corrente","natureza_despesa":"Outras Despesas Correntes","modalidade_despesa":"Aplica\u00e7\u00f5es Diretas","elemento_despesa":"Di\u00e1rias \u2013 Civil","sub_elem_desp":"SEM SUBELEMENTO","fonte_recurso":"Recursos do Exerc\u00edcio Corrente \/ Outros Recursos n\u00e3o Vinculados \/ -"},{"ano_emissao_emp":"2023","n_emp":"0000335","data_emissao":"06\/09\/2023","valor":"1.000,00","tipo_empenho":"Ordin\u00e1rio","hist_emp":"Custeio de 10 (dez) diarias sem pernoite para o servidor Flavio Aleixo da Silva, guarda legislativo desta Casa de Leis, para participacao no curso de capacitacao profissional, que sera realizado no periodo de 04 a 30 de setembro, de segunda-feira a sabado, das 08h00 as 17h00, conforme teor do Oficio 20\/2023-Sec, de 31\/08\/2023. O curso tera como instrutores os profissionais da empresa SPARTTA e ocorrera na cidade de Caruaru - PE. Dispensa de licitacao em razao do valor,  artigo 75, inciso 2\u00ba da lei 14.133\/","fornecedor":"Daniel Welles Andrade do NascimentO","denom_uni_orc":"CORPO DELIBERATIVO E SECRETARIA","funcao":"Legislativa","sub_funcao":"A\u00e7\u00e3o Legislativa","programa":"A\u00c7\u00c3O LEGISLATIVA","acao":"AQUISI\u00c7\u00c3O DE M\u00d3VEIS, M\u00c1QUINAS E EQUIPAMENTOS DIVERSOS PARA O CONSELHO","ident_acao":"Atividade","cat_econ":"Despesa Corrente","natureza_despesa":"Outras Despesas Correntes","modalidade_despesa":"Aplica\u00e7\u00f5es Diretas","elemento_despesa":"Di\u00e1rias \u2013 Civil","sub_elem_desp":"SEM SUBELEMENTO","fonte_recurso":"Recursos do Exerc\u00edcio Corrente \/ Outros Recursos n\u00e3o Vinculados \/ -"},{"ano_emissao_emp":"2023","n_emp":"0000335","data_emissao":"06\/09\/2023","valor":"1.000,00","tipo_empenho":"Ordin\u00e1rio","hist_emp":"Custeio de 10 (dez) diarias sem pernoite para o servidor Flavio Aleixo da Silva, guarda legislativo desta Casa de Leis, para participacao no curso de capacitacao profissional, que sera realizado no periodo de 04 a 30 de setembro, de segunda-feira a sabado, das 08h00 as 17h00, conforme teor do Oficio 20\/2023-Sec, de 31\/08\/2023. O curso tera como instrutores os profissionais da empresa SPARTTA e ocorrera na cidade de Caruaru - PE. Dispensa de licitacao em razao do valor,  artigo 75, inciso 2\u00ba da lei 14.133\/","fornecedor":"Daniel Welles Andrade do NascimentO","denom_uni_orc":"CORPO DELIBERATIVO E SECRETARIA","funcao":"Legislativa","sub_funcao":"A\u00e7\u00e3o Legislativa","programa":"A\u00c7\u00c3O LEGISLATIVA","acao":"MANUTEN\u00c7\u00c3O DAS ATIVIDADES ADMINISTRATIVAS","ident_acao":"Atividade","cat_econ":"Despesa Corrente","natureza_despesa":"Outras Despesas Correntes","modalidade_despesa":"Aplica\u00e7\u00f5es Diretas","elemento_despesa":"Di\u00e1rias \u2013 Civil","sub_elem_desp":"SEM SUBELEMENTO","fonte_recurso":"Recursos do Exerc\u00edcio Corrente \/ Outros Recursos n\u00e3o Vinculados \/ -"},{"ano_emissao_emp":"2023","n_emp":"0000335","data_emissao":"06\/09\/2023","valor":"1.000,00","tipo_empenho":"Ordin\u00e1rio","hist_emp":"Custeio de 10 (dez) diarias sem pernoite para o servidor Flavio Aleixo da Silva, guarda legislativo desta Casa de Leis, para participacao no curso de capacitacao profissional, que sera realizado no periodo de 04 a 30 de setembro, de segunda-feira a sabado, das 08h00 as 17h00, conforme teor do Oficio 20\/2023-Sec, de 31\/08\/2023. O curso tera como instrutores os profissionais da empresa SPARTTA e ocorrera na cidade de Caruaru - PE. Dispensa de licitacao em razao do valor,  artigo 75, inciso 2\u00ba da lei 14.133\/","fornecedor":"Daniel Welles Andrade do NascimentO","denom_uni_orc":"CORPO DELIBERATIVO E SECRETARIA","funcao":"Legislativa","sub_funcao":"A\u00e7\u00e3o Legislativa","programa":"A\u00c7\u00c3O LEGISLATIVA","acao":"INDENIZA\u00c7\u00d5ES E RESTITUI\u00c7\u00d5ES DIVERSAS (FMS)","ident_acao":"Atividade","cat_econ":"Despesa Corrente","natureza_despesa":"Outras Despesas Correntes","modalidade_despesa":"Aplica\u00e7\u00f5es Diretas","elemento_despesa":"Di\u00e1rias \u2013 Civil","sub_elem_desp":"SEM SUBELEMENTO","fonte_recurso":"Recursos do Exerc\u00edcio Corrente \/ Outros Recursos n\u00e3o Vinculados \/ -"},{"ano_emissao_emp":"2023","n_emp":"0000336","data_emissao":"11\/09\/2023","valor":"600,00","tipo_empenho":"Ordin\u00e1rio","hist_emp":"Valor que se empenha para fazer face ao custeio de inscricao no Workshop -Novos Cenarios Novas Perspectivas- dos vereadores Jose Mnoel da Silva, Jose Vando Bruna e Jose Ailton de Oliveira Borges, que ocorrera no proximo dia 13 de Setembro de 2023, na sede da CDL Santa Cruz do Capibaribe. Empenho celebrado mediante dispensa de licitacao, com fundamento no artigo 75, inciso 2\u00ba da Lei 14.133\/21.","fornecedor":"MARCELO DIOGENES XAVIER DE LIMA - SOCIEDADE INDIVIDUAL DE ADVOCACIA","denom_uni_orc":"CORPO DELIBERATIVO E SECRETARIA","funcao":"Legislativa","sub_funcao":"A\u00e7\u00e3o Legislativa","programa":"A\u00c7\u00c3O LEGISLATIVA","acao":"AQUISI\u00c7\u00c3O DE M\u00d3VEIS, M\u00c1QUINAS E EQUIPAMENTOS DIVERSOS PARA O CONSELHO","ident_acao":"Atividade","cat_econ":"Despesa Corrente","natureza_despesa":"Outras Despesas Correntes","modalidade_despesa":"Aplica\u00e7\u00f5es Diretas","elemento_despesa":"Outros Servi\u00e7os de Terceiros - Pessoa Jur\u00eddica","sub_elem_desp":"SEM SUBELEMENTO","fonte_recurso":"Recursos do Exerc\u00edcio Corrente \/ Outros Recursos n\u00e3o Vinculados \/ -"},{"ano_emissao_emp":"2023","n_emp":"0000336","data_emissao":"11\/09\/2023","valor":"600,00","tipo_empenho":"Ordin\u00e1rio","hist_emp":"Valor que se empenha para fazer face ao custeio de inscricao no Workshop -Novos Cenarios Novas Perspectivas- dos vereadores Jose Mnoel da Silva, Jose Vando Bruna e Jose Ailton de Oliveira Borges, que ocorrera no proximo dia 13 de Setembro de 2023, na sede da CDL Santa Cruz do Capibaribe. Empenho celebrado mediante dispensa de licitacao, com fundamento no artigo 75, inciso 2\u00ba da Lei 14.133\/21.","fornecedor":"MARCELO DIOGENES XAVIER DE LIMA - SOCIEDADE INDIVIDUAL DE ADVOCACIA","denom_uni_orc":"CORPO DELIBERATIVO E SECRETARIA","funcao":"Legislativa","sub_funcao":"A\u00e7\u00e3o Legislativa","programa":"A\u00c7\u00c3O LEGISLATIVA","acao":"MANUTEN\u00c7\u00c3O DAS ATIVIDADES ADMINISTRATIVAS","ident_acao":"Atividade","cat_econ":"Despesa Corrente","natureza_despesa":"Outras Despesas Correntes","modalidade_despesa":"Aplica\u00e7\u00f5es Diretas","elemento_despesa":"Outros Servi\u00e7os de Terceiros - Pessoa Jur\u00eddica","sub_elem_desp":"SEM SUBELEMENTO","fonte_recurso":"Recursos do Exerc\u00edcio Corrente \/ Outros Recursos n\u00e3o Vinculados \/ -"},{"ano_emissao_emp":"2023","n_emp":"0000336","data_emissao":"11\/09\/2023","valor":"600,00","tipo_empenho":"Ordin\u00e1rio","hist_emp":"Valor que se empenha para fazer face ao custeio de inscricao no Workshop -Novos Cenarios Novas Perspectivas- dos vereadores Jose Mnoel da Silva, Jose Vando Bruna e Jose Ailton de Oliveira Borges, que ocorrera no proximo dia 13 de Setembro de 2023, na sede da CDL Santa Cruz do Capibaribe. Empenho celebrado mediante dispensa de licitacao, com fundamento no artigo 75, inciso 2\u00ba da Lei 14.133\/21.","fornecedor":"MARCELO DIOGENES XAVIER DE LIMA - SOCIEDADE INDIVIDUAL DE ADVOCACIA","denom_uni_orc":"CORPO DELIBERATIVO E SECRETARIA","funcao":"Legislativa","sub_funcao":"A\u00e7\u00e3o Legislativa","programa":"A\u00c7\u00c3O LEGISLATIVA","acao":"INDENIZA\u00c7\u00d5ES E RESTITUI\u00c7\u00d5ES DIVERSAS (FMS)","ident_acao":"Atividade","cat_econ":"Despesa Corrente","natureza_despesa":"Outras Despesas Correntes","modalidade_despesa":"Aplica\u00e7\u00f5es Diretas","elemento_despesa":"Outros Servi\u00e7os de Terceiros - Pessoa Jur\u00eddica","sub_elem_desp":"SEM SUBELEMENTO","fonte_recurso":"Recursos do Exerc\u00edcio Corrente \/ Outros Recursos n\u00e3o Vinculados \/ -"},{"ano_emissao_emp":"2023","n_emp":"0000337","data_emissao":"12\/09\/2023","valor":"2.242,00","tipo_empenho":"Ordin\u00e1rio","hist_emp":"Servico de confeccao de 06 (seis) placas de parede - WIFI - Tamanho- 21 cm de altura e 15 cm de largura- 25 (vinte e cinco) displays de acrilico - Tamanho- 21cm x 8 cm. Formato em V- e 01 (um) servico de instalacao do adesivo para aula de robotica, para o predio do CIDATEC, dispensa de licitacao em razao do valor, artigo 24, inciso 2\u00ba da lei 8.666\/93..","fornecedor":"SIGN COMUNICA\u00c7\u00c3O VISUAL LTDA","denom_uni_orc":"CORPO DELIBERATIVO E SECRETARIA","funcao":"Legislativa","sub_funcao":"A\u00e7\u00e3o Legislativa","programa":"A\u00c7\u00c3O LEGISLATIVA","acao":"AQUISI\u00c7\u00c3O DE M\u00d3VEIS, M\u00c1QUINAS E EQUIPAMENTOS DIVERSOS PARA O CONSELHO","ident_acao":"Atividade","cat_econ":"Despesa Corrente","natureza_despesa":"Outras Despesas Correntes","modalidade_despesa":"Aplica\u00e7\u00f5es Diretas","elemento_despesa":"Outros Servi\u00e7os de Terceiros - Pessoa Jur\u00eddica","sub_elem_desp":"SEM SUBELEMENTO","fonte_recurso":"Recursos do Exerc\u00edcio Corrente \/ Outros Recursos n\u00e3o Vinculados \/ -"},{"ano_emissao_emp":"2023","n_emp":"0000337","data_emissao":"12\/09\/2023","valor":"2.242,00","tipo_empenho":"Ordin\u00e1rio","hist_emp":"Servico de confeccao de 06 (seis) placas de parede - WIFI - Tamanho- 21 cm de altura e 15 cm de largura- 25 (vinte e cinco) displays de acrilico - Tamanho- 21cm x 8 cm. Formato em V- e 01 (um) servico de instalacao do adesivo para aula de robotica, para o predio do CIDATEC, dispensa de licitacao em razao do valor, artigo 24, inciso 2\u00ba da lei 8.666\/93..","fornecedor":"SIGN COMUNICA\u00c7\u00c3O VISUAL LTDA","denom_uni_orc":"CORPO DELIBERATIVO E SECRETARIA","funcao":"Legislativa","sub_funcao":"A\u00e7\u00e3o Legislativa","programa":"A\u00c7\u00c3O LEGISLATIVA","acao":"MANUTEN\u00c7\u00c3O DAS ATIVIDADES ADMINISTRATIVAS","ident_acao":"Atividade","cat_econ":"Despesa Corrente","natureza_despesa":"Outras Despesas Correntes","modalidade_despesa":"Aplica\u00e7\u00f5es Diretas","elemento_despesa":"Outros Servi\u00e7os de Terceiros - Pessoa Jur\u00eddica","sub_elem_desp":"SEM SUBELEMENTO","fonte_recurso":"Recursos do Exerc\u00edcio Corrente \/ Outros Recursos n\u00e3o Vinculados \/ -"},{"ano_emissao_emp":"2023","n_emp":"0000337","data_emissao":"12\/09\/2023","valor":"2.242,00","tipo_empenho":"Ordin\u00e1rio","hist_emp":"Servico de confeccao de 06 (seis) placas de parede - WIFI - Tamanho- 21 cm de altura e 15 cm de largura- 25 (vinte e cinco) displays de acrilico - Tamanho- 21cm x 8 cm. Formato em V- e 01 (um) servico de instalacao do adesivo para aula de robotica, para o predio do CIDATEC, dispensa de licitacao em razao do valor, artigo 24, inciso 2\u00ba da lei 8.666\/93..","fornecedor":"SIGN COMUNICA\u00c7\u00c3O VISUAL LTDA","denom_uni_orc":"CORPO DELIBERATIVO E SECRETARIA","funcao":"Legislativa","sub_funcao":"A\u00e7\u00e3o Legislativa","programa":"A\u00c7\u00c3O LEGISLATIVA","acao":"INDENIZA\u00c7\u00d5ES E RESTITUI\u00c7\u00d5ES DIVERSAS (FMS)","ident_acao":"Atividade","cat_econ":"Despesa Corrente","natureza_despesa":"Outras Despesas Correntes","modalidade_despesa":"Aplica\u00e7\u00f5es Diretas","elemento_despesa":"Outros Servi\u00e7os de Terceiros - Pessoa Jur\u00eddica","sub_elem_desp":"SEM SUBELEMENTO","fonte_recurso":"Recursos do Exerc\u00edcio Corrente \/ Outros Recursos n\u00e3o Vinculados \/ -"},{"ano_emissao_emp":"2023","n_emp":"0000338","data_emissao":"13\/09\/2023","valor":"360,00","tipo_empenho":"Ordin\u00e1rio","hist_emp":"Aquisicao de 08 cabos USB 2.0 femea x macho de 5 metros cada para cameras de transmissao em video, com a finalidade de transmitir videos pela internet de seus eventos internos e externos, dispensa de licitacao em razao do valor, artigo 24, inciso 2\u00ba da Lei 8.666\/93.","fornecedor":"ELETRONICA CENTRAL CARUARU LTDA","denom_uni_orc":"CORPO DELIBERATIVO E SECRETARIA","funcao":"Legislativa","sub_funcao":"A\u00e7\u00e3o Legislativa","programa":"A\u00c7\u00c3O LEGISLATIVA","acao":"AQUISI\u00c7\u00c3O DE M\u00d3VEIS, M\u00c1QUINAS E EQUIPAMENTOS DIVERSOS PARA O CONSELHO","ident_acao":"Atividade","cat_econ":"Despesa Corrente","natureza_despesa":"Outras Despesas Correntes","modalidade_despesa":"Aplica\u00e7\u00f5es Diretas","elemento_despesa":"Material de Consumo","sub_elem_desp":"SEM SUBELEMENTO","fonte_recurso":"Recursos do Exerc\u00edcio Corrente \/ Outros Recursos n\u00e3o Vinculados \/ -"},{"ano_emissao_emp":"2023","n_emp":"0000338","data_emissao":"13\/09\/2023","valor":"360,00","tipo_empenho":"Ordin\u00e1rio","hist_emp":"Aquisicao de 08 cabos USB 2.0 femea x macho de 5 metros cada para cameras de transmissao em video, com a finalidade de transmitir videos pela internet de seus eventos internos e externos, dispensa de licitacao em razao do valor, artigo 24, inciso 2\u00ba da Lei 8.666\/93.","fornecedor":"ELETRONICA CENTRAL CARUARU LTDA","denom_uni_orc":"CORPO DELIBERATIVO E SECRETARIA","funcao":"Legislativa","sub_funcao":"A\u00e7\u00e3o Legislativa","programa":"A\u00c7\u00c3O LEGISLATIVA","acao":"MANUTEN\u00c7\u00c3O DAS ATIVIDADES ADMINISTRATIVAS","ident_acao":"Atividade","cat_econ":"Despesa Corrente","natureza_despesa":"Outras Despesas Correntes","modalidade_despesa":"Aplica\u00e7\u00f5es Diretas","elemento_despesa":"Material de Consumo","sub_elem_desp":"SEM SUBELEMENTO","fonte_recurso":"Recursos do Exerc\u00edcio Corrente \/ Outros Recursos n\u00e3o Vinculados \/ -"},{"ano_emissao_emp":"2023","n_emp":"0000338","data_emissao":"13\/09\/2023","valor":"360,00","tipo_empenho":"Ordin\u00e1rio","hist_emp":"Aquisicao de 08 cabos USB 2.0 femea x macho de 5 metros cada para cameras de transmissao em video, com a finalidade de transmitir videos pela internet de seus eventos internos e externos, dispensa de licitacao em razao do valor, artigo 24, inciso 2\u00ba da Lei 8.666\/93.","fornecedor":"ELETRONICA CENTRAL CARUARU LTDA","denom_uni_orc":"CORPO DELIBERATIVO E SECRETARIA","funcao":"Legislativa","sub_funcao":"A\u00e7\u00e3o Legislativa","programa":"A\u00c7\u00c3O LEGISLATIVA","acao":"INDENIZA\u00c7\u00d5ES E RESTITUI\u00c7\u00d5ES DIVERSAS (FMS)","ident_acao":"Atividade","cat_econ":"Despesa Corrente","natureza_despesa":"Outras Despesas Correntes","modalidade_despesa":"Aplica\u00e7\u00f5es Diretas","elemento_despesa":"Material de Consumo","sub_elem_desp":"SEM SUBELEMENTO","fonte_recurso":"Recursos do Exerc\u00edcio Corrente \/ Outros Recursos n\u00e3o Vinculados \/ -"},{"ano_emissao_emp":"2023","n_emp":"0000339","data_emissao":"14\/09\/2023","valor":"490,00","tipo_empenho":"Ordin\u00e1rio","hist_emp":"Custos com aluguel de 50 cadeiras de plastico branco (Altura- 90cm, Largura- 46cm, Comprimento- 53cm)- 30 mesas quadradas de plastico (71,10cm x 70cm x 70cm)- e servico de deslocamento, entrega e recolhimento, dispensa de licitacao em razao do valor, artigo 75, inciso 2\u00ba da lei 14.133\/21.","fornecedor":"RAFAEL DE MOURA SOUZA","denom_uni_orc":"CORPO DELIBERATIVO E SECRETARIA","funcao":"Legislativa","sub_funcao":"A\u00e7\u00e3o Legislativa","programa":"A\u00c7\u00c3O LEGISLATIVA","acao":"AQUISI\u00c7\u00c3O DE M\u00d3VEIS, M\u00c1QUINAS E EQUIPAMENTOS DIVERSOS PARA O CONSELHO","ident_acao":"Atividade","cat_econ":"Despesa Corrente","natureza_despesa":"Outras Despesas Correntes","modalidade_despesa":"Aplica\u00e7\u00f5es Diretas","elemento_despesa":"Outros Servi\u00e7os de Terceiros - Pessoa F\u00edsica","sub_elem_desp":"LOCA\u00c7\u00c3O DE BENS M\u00d3VEIS E INTANG\u00cdVEIS","fonte_recurso":"Recursos do Exerc\u00edcio Corrente \/ Outros Recursos n\u00e3o Vinculados \/ -"},{"ano_emissao_emp":"2023","n_emp":"0000339","data_emissao":"14\/09\/2023","valor":"490,00","tipo_empenho":"Ordin\u00e1rio","hist_emp":"Custos com aluguel de 50 cadeiras de plastico branco (Altura- 90cm, Largura- 46cm, Comprimento- 53cm)- 30 mesas quadradas de plastico (71,10cm x 70cm x 70cm)- e servico de deslocamento, entrega e recolhimento, dispensa de licitacao em razao do valor, artigo 75, inciso 2\u00ba da lei 14.133\/21.","fornecedor":"RAFAEL DE MOURA SOUZA","denom_uni_orc":"CORPO DELIBERATIVO E SECRETARIA","funcao":"Legislativa","sub_funcao":"A\u00e7\u00e3o Legislativa","programa":"A\u00c7\u00c3O LEGISLATIVA","acao":"MANUTEN\u00c7\u00c3O DAS ATIVIDADES ADMINISTRATIVAS","ident_acao":"Atividade","cat_econ":"Despesa Corrente","natureza_despesa":"Outras Despesas Correntes","modalidade_despesa":"Aplica\u00e7\u00f5es Diretas","elemento_despesa":"Outros Servi\u00e7os de Terceiros - Pessoa F\u00edsica","sub_elem_desp":"LOCA\u00c7\u00c3O DE BENS M\u00d3VEIS E INTANG\u00cdVEIS","fonte_recurso":"Recursos do Exerc\u00edcio Corrente \/ Outros Recursos n\u00e3o Vinculados \/ -"},{"ano_emissao_emp":"2023","n_emp":"0000339","data_emissao":"14\/09\/2023","valor":"490,00","tipo_empenho":"Ordin\u00e1rio","hist_emp":"Custos com aluguel de 50 cadeiras de plastico branco (Altura- 90cm, Largura- 46cm, Comprimento- 53cm)- 30 mesas quadradas de plastico (71,10cm x 70cm x 70cm)- e servico de deslocamento, entrega e recolhimento, dispensa de licitacao em razao do valor, artigo 75, inciso 2\u00ba da lei 14.133\/21.","fornecedor":"RAFAEL DE MOURA SOUZA","denom_uni_orc":"CORPO DELIBERATIVO E SECRETARIA","funcao":"Legislativa","sub_funcao":"A\u00e7\u00e3o Legislativa","programa":"A\u00c7\u00c3O LEGISLATIVA","acao":"INDENIZA\u00c7\u00d5ES E RESTITUI\u00c7\u00d5ES DIVERSAS (FMS)","ident_acao":"Atividade","cat_econ":"Despesa Corrente","natureza_despesa":"Outras Despesas Correntes","modalidade_despesa":"Aplica\u00e7\u00f5es Diretas","elemento_despesa":"Outros Servi\u00e7os de Terceiros - Pessoa F\u00edsica","sub_elem_desp":"LOCA\u00c7\u00c3O DE BENS M\u00d3VEIS E INTANG\u00cdVEIS","fonte_recurso":"Recursos do Exerc\u00edcio Corrente \/ Outros Recursos n\u00e3o Vinculados \/ -"},{"ano_emissao_emp":"2023","n_emp":"0000340","data_emissao":"14\/09\/2023","valor":"900,00","tipo_empenho":"Ordin\u00e1rio","hist_emp":"Custeio de atracao cultural, do artista Mazinho (Adriomar Lima de Oliveira), que fara apresentacao no evento da sessao itinerante. Requisitado no Oficio 195\/2023 - Gab. Pres., Dispensa de licitacao em razao do valor, artigo 75, inciso 2\u00ba da lei 14.133\/21.","fornecedor":"ADRIOMAR LIMA DE OLIVEIRA","denom_uni_orc":"CORPO DELIBERATIVO E SECRETARIA","funcao":"Legislativa","sub_funcao":"A\u00e7\u00e3o Legislativa","programa":"A\u00c7\u00c3O LEGISLATIVA","acao":"AQUISI\u00c7\u00c3O DE M\u00d3VEIS, M\u00c1QUINAS E EQUIPAMENTOS DIVERSOS PARA O CONSELHO","ident_acao":"Atividade","cat_econ":"Despesa Corrente","natureza_despesa":"Outras Despesas Correntes","modalidade_despesa":"Aplica\u00e7\u00f5es Diretas","elemento_despesa":"Outros Servi\u00e7os de Terceiros - Pessoa F\u00edsica","sub_elem_desp":"SEM SUBELEMENTO","fonte_recurso":"Recursos do Exerc\u00edcio Corrente \/ Outros Recursos n\u00e3o Vinculados \/ -"},{"ano_emissao_emp":"2023","n_emp":"0000340","data_emissao":"14\/09\/2023","valor":"900,00","tipo_empenho":"Ordin\u00e1rio","hist_emp":"Custeio de atracao cultural, do artista Mazinho (Adriomar Lima de Oliveira), que fara apresentacao no evento da sessao itinerante. Requisitado no Oficio 195\/2023 - Gab. Pres., Dispensa de licitacao em razao do valor, artigo 75, inciso 2\u00ba da lei 14.133\/21.","fornecedor":"ADRIOMAR LIMA DE OLIVEIRA","denom_uni_orc":"CORPO DELIBERATIVO E SECRETARIA","funcao":"Legislativa","sub_funcao":"A\u00e7\u00e3o Legislativa","programa":"A\u00c7\u00c3O LEGISLATIVA","acao":"MANUTEN\u00c7\u00c3O DAS ATIVIDADES ADMINISTRATIVAS","ident_acao":"Atividade","cat_econ":"Despesa Corrente","natureza_despesa":"Outras Despesas Correntes","modalidade_despesa":"Aplica\u00e7\u00f5es Diretas","elemento_despesa":"Outros Servi\u00e7os de Terceiros - Pessoa F\u00edsica","sub_elem_desp":"SEM SUBELEMENTO","fonte_recurso":"Recursos do Exerc\u00edcio Corrente \/ Outros Recursos n\u00e3o Vinculados \/ -"},{"ano_emissao_emp":"2023","n_emp":"0000340","data_emissao":"14\/09\/2023","valor":"900,00","tipo_empenho":"Ordin\u00e1rio","hist_emp":"Custeio de atracao cultural, do artista Mazinho (Adriomar Lima de Oliveira), que fara apresentacao no evento da sessao itinerante. Requisitado no Oficio 195\/2023 - Gab. Pres., Dispensa de licitacao em razao do valor, artigo 75, inciso 2\u00ba da lei 14.133\/21.","fornecedor":"ADRIOMAR LIMA DE OLIVEIRA","denom_uni_orc":"CORPO DELIBERATIVO E SECRETARIA","funcao":"Legislativa","sub_funcao":"A\u00e7\u00e3o Legislativa","programa":"A\u00c7\u00c3O LEGISLATIVA","acao":"INDENIZA\u00c7\u00d5ES E RESTITUI\u00c7\u00d5ES DIVERSAS (FMS)","ident_acao":"Atividade","cat_econ":"Despesa Corrente","natureza_despesa":"Outras Despesas Correntes","modalidade_despesa":"Aplica\u00e7\u00f5es Diretas","elemento_despesa":"Outros Servi\u00e7os de Terceiros - Pessoa F\u00edsica","sub_elem_desp":"SEM SUBELEMENTO","fonte_recurso":"Recursos do Exerc\u00edcio Corrente \/ Outros Recursos n\u00e3o Vinculados \/ -"},{"ano_emissao_emp":"2023","n_emp":"0000341","data_emissao":"14\/09\/2023","valor":"600,00","tipo_empenho":"Ordin\u00e1rio","hist_emp":"Custeio da prestacao de servico de transporte por meio de uma van de 15 lugares com motorista, para levar colaboradores e equipamentos de comunicacao com destino a Cacimba de Baixo, zona rural desta cidade, para o evento de sessao itinerante (PLACA DO VE\u00cdCULO PEC1395). Dispensa de licitacao em razao do valor, artigo 75, inciso 2\u00ba da lei 14.133\/21.","fornecedor":"A L TRANSPORTE E SERVICOS DE PASSAGEIROS LTDA","denom_uni_orc":"CORPO DELIBERATIVO E SECRETARIA","funcao":"Legislativa","sub_funcao":"A\u00e7\u00e3o Legislativa","programa":"A\u00c7\u00c3O LEGISLATIVA","acao":"AQUISI\u00c7\u00c3O DE M\u00d3VEIS, M\u00c1QUINAS E EQUIPAMENTOS DIVERSOS PARA O CONSELHO","ident_acao":"Atividade","cat_econ":"Despesa Corrente","natureza_despesa":"Outras Despesas Correntes","modalidade_despesa":"Aplica\u00e7\u00f5es Diretas","elemento_despesa":"Outros Servi\u00e7os de Terceiros - Pessoa Jur\u00eddica","sub_elem_desp":"SEM SUBELEMENTO","fonte_recurso":"Recursos do Exerc\u00edcio Corrente \/ Outros Recursos n\u00e3o Vinculados \/ -"},{"ano_emissao_emp":"2023","n_emp":"0000341","data_emissao":"14\/09\/2023","valor":"600,00","tipo_empenho":"Ordin\u00e1rio","hist_emp":"Custeio da prestacao de servico de transporte por meio de uma van de 15 lugares com motorista, para levar colaboradores e equipamentos de comunicacao com destino a Cacimba de Baixo, zona rural desta cidade, para o evento de sessao itinerante (PLACA DO VE\u00cdCULO PEC1395). Dispensa de licitacao em razao do valor, artigo 75, inciso 2\u00ba da lei 14.133\/21.","fornecedor":"A L TRANSPORTE E SERVICOS DE PASSAGEIROS LTDA","denom_uni_orc":"CORPO DELIBERATIVO E SECRETARIA","funcao":"Legislativa","sub_funcao":"A\u00e7\u00e3o Legislativa","programa":"A\u00c7\u00c3O LEGISLATIVA","acao":"MANUTEN\u00c7\u00c3O DAS ATIVIDADES ADMINISTRATIVAS","ident_acao":"Atividade","cat_econ":"Despesa Corrente","natureza_despesa":"Outras Despesas Correntes","modalidade_despesa":"Aplica\u00e7\u00f5es Diretas","elemento_despesa":"Outros Servi\u00e7os de Terceiros - Pessoa Jur\u00eddica","sub_elem_desp":"SEM SUBELEMENTO","fonte_recurso":"Recursos do Exerc\u00edcio Corrente \/ Outros Recursos n\u00e3o Vinculados \/ -"},{"ano_emissao_emp":"2023","n_emp":"0000341","data_emissao":"14\/09\/2023","valor":"600,00","tipo_empenho":"Ordin\u00e1rio","hist_emp":"Custeio da prestacao de servico de transporte por meio de uma van de 15 lugares com motorista, para levar colaboradores e equipamentos de comunicacao com destino a Cacimba de Baixo, zona rural desta cidade, para o evento de sessao itinerante (PLACA DO VE\u00cdCULO PEC1395). Dispensa de licitacao em razao do valor, artigo 75, inciso 2\u00ba da lei 14.133\/21.","fornecedor":"A L TRANSPORTE E SERVICOS DE PASSAGEIROS LTDA","denom_uni_orc":"CORPO DELIBERATIVO E SECRETARIA","funcao":"Legislativa","sub_funcao":"A\u00e7\u00e3o Legislativa","programa":"A\u00c7\u00c3O LEGISLATIVA","acao":"INDENIZA\u00c7\u00d5ES E RESTITUI\u00c7\u00d5ES DIVERSAS (FMS)","ident_acao":"Atividade","cat_econ":"Despesa Corrente","natureza_despesa":"Outras Despesas Correntes","modalidade_despesa":"Aplica\u00e7\u00f5es Diretas","elemento_despesa":"Outros Servi\u00e7os de Terceiros - Pessoa Jur\u00eddica","sub_elem_desp":"SEM SUBELEMENTO","fonte_recurso":"Recursos do Exerc\u00edcio Corrente \/ Outros Recursos n\u00e3o Vinculados \/ -"},{"ano_emissao_emp":"2023","n_emp":"0000342","data_emissao":"14\/09\/2023","valor":"405,00","tipo_empenho":"Ordin\u00e1rio","hist_emp":"Custeio de divulgacao sonora atraves de carro volante (carro de som) da Sessao itinerante e emissao de documentos que sera realizada em Cacimba de Baixo zona rural deste municipio. Dispensa de licitacao em razao do valor, artigo 75, inciso 2\u00ba da lei 14.133\/21.","fornecedor":"Jose Jefferson Martins Olinto","denom_uni_orc":"CORPO DELIBERATIVO E SECRETARIA","funcao":"Legislativa","sub_funcao":"A\u00e7\u00e3o Legislativa","programa":"A\u00c7\u00c3O LEGISLATIVA","acao":"AQUISI\u00c7\u00c3O DE M\u00d3VEIS, M\u00c1QUINAS E EQUIPAMENTOS DIVERSOS PARA O CONSELHO","ident_acao":"Atividade","cat_econ":"Despesa Corrente","natureza_despesa":"Outras Despesas Correntes","modalidade_despesa":"Aplica\u00e7\u00f5es Diretas","elemento_despesa":"Outros Servi\u00e7os de Terceiros - Pessoa F\u00edsica","sub_elem_desp":"SEM SUBELEMENTO","fonte_recurso":"Recursos do Exerc\u00edcio Corrente \/ Outros Recursos n\u00e3o Vinculados \/ -"},{"ano_emissao_emp":"2023","n_emp":"0000342","data_emissao":"14\/09\/2023","valor":"405,00","tipo_empenho":"Ordin\u00e1rio","hist_emp":"Custeio de divulgacao sonora atraves de carro volante (carro de som) da Sessao itinerante e emissao de documentos que sera realizada em Cacimba de Baixo zona rural deste municipio. Dispensa de licitacao em razao do valor, artigo 75, inciso 2\u00ba da lei 14.133\/21.","fornecedor":"Jose Jefferson Martins Olinto","denom_uni_orc":"CORPO DELIBERATIVO E SECRETARIA","funcao":"Legislativa","sub_funcao":"A\u00e7\u00e3o Legislativa","programa":"A\u00c7\u00c3O LEGISLATIVA","acao":"MANUTEN\u00c7\u00c3O DAS ATIVIDADES ADMINISTRATIVAS","ident_acao":"Atividade","cat_econ":"Despesa Corrente","natureza_despesa":"Outras Despesas Correntes","modalidade_despesa":"Aplica\u00e7\u00f5es Diretas","elemento_despesa":"Outros Servi\u00e7os de Terceiros - Pessoa F\u00edsica","sub_elem_desp":"SEM SUBELEMENTO","fonte_recurso":"Recursos do Exerc\u00edcio Corrente \/ Outros Recursos n\u00e3o Vinculados \/ -"},{"ano_emissao_emp":"2023","n_emp":"0000342","data_emissao":"14\/09\/2023","valor":"405,00","tipo_empenho":"Ordin\u00e1rio","hist_emp":"Custeio de divulgacao sonora atraves de carro volante (carro de som) da Sessao itinerante e emissao de documentos que sera realizada em Cacimba de Baixo zona rural deste municipio. Dispensa de licitacao em razao do valor, artigo 75, inciso 2\u00ba da lei 14.133\/21.","fornecedor":"Jose Jefferson Martins Olinto","denom_uni_orc":"CORPO DELIBERATIVO E SECRETARIA","funcao":"Legislativa","sub_funcao":"A\u00e7\u00e3o Legislativa","programa":"A\u00c7\u00c3O LEGISLATIVA","acao":"INDENIZA\u00c7\u00d5ES E RESTITUI\u00c7\u00d5ES DIVERSAS (FMS)","ident_acao":"Atividade","cat_econ":"Despesa Corrente","natureza_despesa":"Outras Despesas Correntes","modalidade_despesa":"Aplica\u00e7\u00f5es Diretas","elemento_despesa":"Outros Servi\u00e7os de Terceiros - Pessoa F\u00edsica","sub_elem_desp":"SEM SUBELEMENTO","fonte_recurso":"Recursos do Exerc\u00edcio Corrente \/ Outros Recursos n\u00e3o Vinculados \/ -"},{"ano_emissao_emp":"2023","n_emp":"0000343","data_emissao":"14\/09\/2023","valor":"7.820,00","tipo_empenho":"Ordin\u00e1rio","hist_emp":"Custeio com a prestacao de servico de locacao de 16 spot para tendas, 01 painel de LED 4x2, 01 sistema de som pequeno\/medio, 02 tendas 12x12, 20 cadeiras transparentes e taxa de deslocamento para serem utilizados na sessao itinerante que sera realizada em Cacimba de Baixo, zona rural deste municipio.Dispensa de licitacao em razao do valor, artigo 75, inciso 2\u00ba da lei 14.133\/21","fornecedor":"KESSIA B BATISTA DE SOUZA","denom_uni_orc":"CORPO DELIBERATIVO E SECRETARIA","funcao":"Legislativa","sub_funcao":"A\u00e7\u00e3o Legislativa","programa":"A\u00c7\u00c3O LEGISLATIVA","acao":"AQUISI\u00c7\u00c3O DE M\u00d3VEIS, M\u00c1QUINAS E EQUIPAMENTOS DIVERSOS PARA O CONSELHO","ident_acao":"Atividade","cat_econ":"Despesa Corrente","natureza_despesa":"Outras Despesas Correntes","modalidade_despesa":"Aplica\u00e7\u00f5es Diretas","elemento_despesa":"Outros Servi\u00e7os de Terceiros - Pessoa Jur\u00eddica","sub_elem_desp":"SEM SUBELEMENTO","fonte_recurso":"Recursos do Exerc\u00edcio Corrente \/ Outros Recursos n\u00e3o Vinculados \/ -"},{"ano_emissao_emp":"2023","n_emp":"0000343","data_emissao":"14\/09\/2023","valor":"7.820,00","tipo_empenho":"Ordin\u00e1rio","hist_emp":"Custeio com a prestacao de servico de locacao de 16 spot para tendas, 01 painel de LED 4x2, 01 sistema de som pequeno\/medio, 02 tendas 12x12, 20 cadeiras transparentes e taxa de deslocamento para serem utilizados na sessao itinerante que sera realizada em Cacimba de Baixo, zona rural deste municipio.Dispensa de licitacao em razao do valor, artigo 75, inciso 2\u00ba da lei 14.133\/21","fornecedor":"KESSIA B BATISTA DE SOUZA","denom_uni_orc":"CORPO DELIBERATIVO E SECRETARIA","funcao":"Legislativa","sub_funcao":"A\u00e7\u00e3o Legislativa","programa":"A\u00c7\u00c3O LEGISLATIVA","acao":"MANUTEN\u00c7\u00c3O DAS ATIVIDADES ADMINISTRATIVAS","ident_acao":"Atividade","cat_econ":"Despesa Corrente","natureza_despesa":"Outras Despesas Correntes","modalidade_despesa":"Aplica\u00e7\u00f5es Diretas","elemento_despesa":"Outros Servi\u00e7os de Terceiros - Pessoa Jur\u00eddica","sub_elem_desp":"SEM SUBELEMENTO","fonte_recurso":"Recursos do Exerc\u00edcio Corrente \/ Outros Recursos n\u00e3o Vinculados \/ -"},{"ano_emissao_emp":"2023","n_emp":"0000343","data_emissao":"14\/09\/2023","valor":"7.820,00","tipo_empenho":"Ordin\u00e1rio","hist_emp":"Custeio com a prestacao de servico de locacao de 16 spot para tendas, 01 painel de LED 4x2, 01 sistema de som pequeno\/medio, 02 tendas 12x12, 20 cadeiras transparentes e taxa de deslocamento para serem utilizados na sessao itinerante que sera realizada em Cacimba de Baixo, zona rural deste municipio.Dispensa de licitacao em razao do valor, artigo 75, inciso 2\u00ba da lei 14.133\/21","fornecedor":"KESSIA B BATISTA DE SOUZA","denom_uni_orc":"CORPO DELIBERATIVO E SECRETARIA","funcao":"Legislativa","sub_funcao":"A\u00e7\u00e3o Legislativa","programa":"A\u00c7\u00c3O LEGISLATIVA","acao":"INDENIZA\u00c7\u00d5ES E RESTITUI\u00c7\u00d5ES DIVERSAS (FMS)","ident_acao":"Atividade","cat_econ":"Despesa Corrente","natureza_despesa":"Outras Despesas Correntes","modalidade_despesa":"Aplica\u00e7\u00f5es Diretas","elemento_despesa":"Outros Servi\u00e7os de Terceiros - Pessoa Jur\u00eddica","sub_elem_desp":"SEM SUBELEMENTO","fonte_recurso":"Recursos do Exerc\u00edcio Corrente \/ Outros Recursos n\u00e3o Vinculados \/ -"},{"ano_emissao_emp":"2023","n_emp":"0000344","data_emissao":"14\/09\/2023","valor":"800,00","tipo_empenho":"Ordin\u00e1rio","hist_emp":"Custeio do servico de coffee break a ser prestado na sessao itinerante que sera realizado em Cacimba de Baixo, zona rural deste municipio. Dispensa de licitacao em razao do valor, artigo 75, inciso 2\u00ba da lei 14.133\/21","fornecedor":"JOSENEIDE LUCENA DA SILVA","denom_uni_orc":"CORPO DELIBERATIVO E SECRETARIA","funcao":"Legislativa","sub_funcao":"A\u00e7\u00e3o Legislativa","programa":"A\u00c7\u00c3O LEGISLATIVA","acao":"AQUISI\u00c7\u00c3O DE M\u00d3VEIS, M\u00c1QUINAS E EQUIPAMENTOS DIVERSOS PARA O CONSELHO","ident_acao":"Atividade","cat_econ":"Despesa Corrente","natureza_despesa":"Outras Despesas Correntes","modalidade_despesa":"Aplica\u00e7\u00f5es Diretas","elemento_despesa":"Outros Servi\u00e7os de Terceiros - Pessoa F\u00edsica","sub_elem_desp":"SEM SUBELEMENTO","fonte_recurso":"Recursos do Exerc\u00edcio Corrente \/ Outros Recursos n\u00e3o Vinculados \/ -"},{"ano_emissao_emp":"2023","n_emp":"0000344","data_emissao":"14\/09\/2023","valor":"800,00","tipo_empenho":"Ordin\u00e1rio","hist_emp":"Custeio do servico de coffee break a ser prestado na sessao itinerante que sera realizado em Cacimba de Baixo, zona rural deste municipio. Dispensa de licitacao em razao do valor, artigo 75, inciso 2\u00ba da lei 14.133\/21","fornecedor":"JOSENEIDE LUCENA DA SILVA","denom_uni_orc":"CORPO DELIBERATIVO E SECRETARIA","funcao":"Legislativa","sub_funcao":"A\u00e7\u00e3o Legislativa","programa":"A\u00c7\u00c3O LEGISLATIVA","acao":"MANUTEN\u00c7\u00c3O DAS ATIVIDADES ADMINISTRATIVAS","ident_acao":"Atividade","cat_econ":"Despesa Corrente","natureza_despesa":"Outras Despesas Correntes","modalidade_despesa":"Aplica\u00e7\u00f5es Diretas","elemento_despesa":"Outros Servi\u00e7os de Terceiros - Pessoa F\u00edsica","sub_elem_desp":"SEM SUBELEMENTO","fonte_recurso":"Recursos do Exerc\u00edcio Corrente \/ Outros Recursos n\u00e3o Vinculados \/ -"},{"ano_emissao_emp":"2023","n_emp":"0000344","data_emissao":"14\/09\/2023","valor":"800,00","tipo_empenho":"Ordin\u00e1rio","hist_emp":"Custeio do servico de coffee break a ser prestado na sessao itinerante que sera realizado em Cacimba de Baixo, zona rural deste municipio. Dispensa de licitacao em razao do valor, artigo 75, inciso 2\u00ba da lei 14.133\/21","fornecedor":"JOSENEIDE LUCENA DA SILVA","denom_uni_orc":"CORPO DELIBERATIVO E SECRETARIA","funcao":"Legislativa","sub_funcao":"A\u00e7\u00e3o Legislativa","programa":"A\u00c7\u00c3O LEGISLATIVA","acao":"INDENIZA\u00c7\u00d5ES E RESTITUI\u00c7\u00d5ES DIVERSAS (FMS)","ident_acao":"Atividade","cat_econ":"Despesa Corrente","natureza_despesa":"Outras Despesas Correntes","modalidade_despesa":"Aplica\u00e7\u00f5es Diretas","elemento_despesa":"Outros Servi\u00e7os de Terceiros - Pessoa F\u00edsica","sub_elem_desp":"SEM SUBELEMENTO","fonte_recurso":"Recursos do Exerc\u00edcio Corrente \/ Outros Recursos n\u00e3o Vinculados \/ -"},{"ano_emissao_emp":"2023","n_emp":"0000345","data_emissao":"14\/09\/2023","valor":"400,00","tipo_empenho":"Ordin\u00e1rio","hist_emp":"Custeio do servico de instalacao da estrutura fisica de internet para garantir a transmissao do evento sessao itinerante que acontecera em Cacimba de Baixo, zona rural deste municipio, prestacao de servicos de emissao de identidades e atendimento juridico ao publico local. Dispensa de licitacao em razao do valor, artigo 75, inciso 2\u00ba da lei 14.133\/21","fornecedor":"TORRES ALVES E BRANDAO LTDA","denom_uni_orc":"CORPO DELIBERATIVO E SECRETARIA","funcao":"Legislativa","sub_funcao":"A\u00e7\u00e3o Legislativa","programa":"A\u00c7\u00c3O LEGISLATIVA","acao":"AQUISI\u00c7\u00c3O DE M\u00d3VEIS, M\u00c1QUINAS E EQUIPAMENTOS DIVERSOS PARA O CONSELHO","ident_acao":"Atividade","cat_econ":"Despesa Corrente","natureza_despesa":"Outras Despesas Correntes","modalidade_despesa":"Aplica\u00e7\u00f5es Diretas","elemento_despesa":"Outros Servi\u00e7os de Terceiros - Pessoa Jur\u00eddica","sub_elem_desp":"SEM SUBELEMENTO","fonte_recurso":"Recursos do Exerc\u00edcio Corrente \/ Outros Recursos n\u00e3o Vinculados \/ -"},{"ano_emissao_emp":"2023","n_emp":"0000345","data_emissao":"14\/09\/2023","valor":"400,00","tipo_empenho":"Ordin\u00e1rio","hist_emp":"Custeio do servico de instalacao da estrutura fisica de internet para garantir a transmissao do evento sessao itinerante que acontecera em Cacimba de Baixo, zona rural deste municipio, prestacao de servicos de emissao de identidades e atendimento juridico ao publico local. Dispensa de licitacao em razao do valor, artigo 75, inciso 2\u00ba da lei 14.133\/21","fornecedor":"TORRES ALVES E BRANDAO LTDA","denom_uni_orc":"CORPO DELIBERATIVO E SECRETARIA","funcao":"Legislativa","sub_funcao":"A\u00e7\u00e3o Legislativa","programa":"A\u00c7\u00c3O LEGISLATIVA","acao":"MANUTEN\u00c7\u00c3O DAS ATIVIDADES ADMINISTRATIVAS","ident_acao":"Atividade","cat_econ":"Despesa Corrente","natureza_despesa":"Outras Despesas Correntes","modalidade_despesa":"Aplica\u00e7\u00f5es Diretas","elemento_despesa":"Outros Servi\u00e7os de Terceiros - Pessoa Jur\u00eddica","sub_elem_desp":"SEM SUBELEMENTO","fonte_recurso":"Recursos do Exerc\u00edcio Corrente \/ Outros Recursos n\u00e3o Vinculados \/ -"},{"ano_emissao_emp":"2023","n_emp":"0000345","data_emissao":"14\/09\/2023","valor":"400,00","tipo_empenho":"Ordin\u00e1rio","hist_emp":"Custeio do servico de instalacao da estrutura fisica de internet para garantir a transmissao do evento sessao itinerante que acontecera em Cacimba de Baixo, zona rural deste municipio, prestacao de servicos de emissao de identidades e atendimento juridico ao publico local. Dispensa de licitacao em razao do valor, artigo 75, inciso 2\u00ba da lei 14.133\/21","fornecedor":"TORRES ALVES E BRANDAO LTDA","denom_uni_orc":"CORPO DELIBERATIVO E SECRETARIA","funcao":"Legislativa","sub_funcao":"A\u00e7\u00e3o Legislativa","programa":"A\u00c7\u00c3O LEGISLATIVA","acao":"INDENIZA\u00c7\u00d5ES E RESTITUI\u00c7\u00d5ES DIVERSAS (FMS)","ident_acao":"Atividade","cat_econ":"Despesa Corrente","natureza_despesa":"Outras Despesas Correntes","modalidade_despesa":"Aplica\u00e7\u00f5es Diretas","elemento_despesa":"Outros Servi\u00e7os de Terceiros - Pessoa Jur\u00eddica","sub_elem_desp":"SEM SUBELEMENTO","fonte_recurso":"Recursos do Exerc\u00edcio Corrente \/ Outros Recursos n\u00e3o Vinculados \/ -"},{"ano_emissao_emp":"2023","n_emp":"0000346","data_emissao":"14\/09\/2023","valor":"540,60","tipo_empenho":"Ordin\u00e1rio","hist_emp":"Custeio de 18 refeicoes com 06 refrigerantes de 01 litro para os colaboradores que atuarao na emissao do documento de identidade e para a equipe que realizara atendimentos juridicos no dia da sessao itinerante em Cacimba de Baixo, zona rural deste municipio. Dispensa de licitacao em razao do valor,artigo 75, inciso 2\u00ba da lei 14.133\/21.","fornecedor":"A L DE SOUSA XAVIER RESTAURANTE","denom_uni_orc":"CORPO DELIBERATIVO E SECRETARIA","funcao":"Legislativa","sub_funcao":"A\u00e7\u00e3o Legislativa","programa":"A\u00c7\u00c3O LEGISLATIVA","acao":"AQUISI\u00c7\u00c3O DE M\u00d3VEIS, M\u00c1QUINAS E EQUIPAMENTOS DIVERSOS PARA O CONSELHO","ident_acao":"Atividade","cat_econ":"Despesa Corrente","natureza_despesa":"Outras Despesas Correntes","modalidade_despesa":"Aplica\u00e7\u00f5es Diretas","elemento_despesa":"Material de Consumo","sub_elem_desp":"SEM SUBELEMENTO","fonte_recurso":"Recursos do Exerc\u00edcio Corrente \/ Outros Recursos n\u00e3o Vinculados \/ -"},{"ano_emissao_emp":"2023","n_emp":"0000346","data_emissao":"14\/09\/2023","valor":"540,60","tipo_empenho":"Ordin\u00e1rio","hist_emp":"Custeio de 18 refeicoes com 06 refrigerantes de 01 litro para os colaboradores que atuarao na emissao do documento de identidade e para a equipe que realizara atendimentos juridicos no dia da sessao itinerante em Cacimba de Baixo, zona rural deste municipio. Dispensa de licitacao em razao do valor,artigo 75, inciso 2\u00ba da lei 14.133\/21.","fornecedor":"A L DE SOUSA XAVIER RESTAURANTE","denom_uni_orc":"CORPO DELIBERATIVO E SECRETARIA","funcao":"Legislativa","sub_funcao":"A\u00e7\u00e3o Legislativa","programa":"A\u00c7\u00c3O LEGISLATIVA","acao":"MANUTEN\u00c7\u00c3O DAS ATIVIDADES ADMINISTRATIVAS","ident_acao":"Atividade","cat_econ":"Despesa Corrente","natureza_despesa":"Outras Despesas Correntes","modalidade_despesa":"Aplica\u00e7\u00f5es Diretas","elemento_despesa":"Material de Consumo","sub_elem_desp":"SEM SUBELEMENTO","fonte_recurso":"Recursos do Exerc\u00edcio Corrente \/ Outros Recursos n\u00e3o Vinculados \/ -"},{"ano_emissao_emp":"2023","n_emp":"0000346","data_emissao":"14\/09\/2023","valor":"540,60","tipo_empenho":"Ordin\u00e1rio","hist_emp":"Custeio de 18 refeicoes com 06 refrigerantes de 01 litro para os colaboradores que atuarao na emissao do documento de identidade e para a equipe que realizara atendimentos juridicos no dia da sessao itinerante em Cacimba de Baixo, zona rural deste municipio. Dispensa de licitacao em razao do valor,artigo 75, inciso 2\u00ba da lei 14.133\/21.","fornecedor":"A L DE SOUSA XAVIER RESTAURANTE","denom_uni_orc":"CORPO DELIBERATIVO E SECRETARIA","funcao":"Legislativa","sub_funcao":"A\u00e7\u00e3o Legislativa","programa":"A\u00c7\u00c3O LEGISLATIVA","acao":"INDENIZA\u00c7\u00d5ES E RESTITUI\u00c7\u00d5ES DIVERSAS (FMS)","ident_acao":"Atividade","cat_econ":"Despesa Corrente","natureza_despesa":"Outras Despesas Correntes","modalidade_despesa":"Aplica\u00e7\u00f5es Diretas","elemento_despesa":"Material de Consumo","sub_elem_desp":"SEM SUBELEMENTO","fonte_recurso":"Recursos do Exerc\u00edcio Corrente \/ Outros Recursos n\u00e3o Vinculados \/ -"},{"ano_emissao_emp":"2023","n_emp":"0000347","data_emissao":"14\/09\/2023","valor":"1.500,00","tipo_empenho":"Ordin\u00e1rio","hist_emp":"Custeio com servico de locacao de 01 (um) gerador cabinado de 100 kVA a ser utilizado na sessao itinerante que sera realizada em Cacimba de Baixo, zona rural deste municipio. Dispensa de licitacao em razao do valor, artigo 75, inciso 2\u00ba da Lei 14.133\/21","fornecedor":"KESSIA B BATISTA DE SOUZA","denom_uni_orc":"CORPO DELIBERATIVO E SECRETARIA","funcao":"Legislativa","sub_funcao":"A\u00e7\u00e3o Legislativa","programa":"A\u00c7\u00c3O LEGISLATIVA","acao":"AQUISI\u00c7\u00c3O DE M\u00d3VEIS, M\u00c1QUINAS E EQUIPAMENTOS DIVERSOS PARA O CONSELHO","ident_acao":"Atividade","cat_econ":"Despesa Corrente","natureza_despesa":"Outras Despesas Correntes","modalidade_despesa":"Aplica\u00e7\u00f5es Diretas","elemento_despesa":"Outros Servi\u00e7os de Terceiros - Pessoa Jur\u00eddica","sub_elem_desp":"SEM SUBELEMENTO","fonte_recurso":"Recursos do Exerc\u00edcio Corrente \/ Outros Recursos n\u00e3o Vinculados \/ -"},{"ano_emissao_emp":"2023","n_emp":"0000347","data_emissao":"14\/09\/2023","valor":"1.500,00","tipo_empenho":"Ordin\u00e1rio","hist_emp":"Custeio com servico de locacao de 01 (um) gerador cabinado de 100 kVA a ser utilizado na sessao itinerante que sera realizada em Cacimba de Baixo, zona rural deste municipio. Dispensa de licitacao em razao do valor, artigo 75, inciso 2\u00ba da Lei 14.133\/21","fornecedor":"KESSIA B BATISTA DE SOUZA","denom_uni_orc":"CORPO DELIBERATIVO E SECRETARIA","funcao":"Legislativa","sub_funcao":"A\u00e7\u00e3o Legislativa","programa":"A\u00c7\u00c3O LEGISLATIVA","acao":"MANUTEN\u00c7\u00c3O DAS ATIVIDADES ADMINISTRATIVAS","ident_acao":"Atividade","cat_econ":"Despesa Corrente","natureza_despesa":"Outras Despesas Correntes","modalidade_despesa":"Aplica\u00e7\u00f5es Diretas","elemento_despesa":"Outros Servi\u00e7os de Terceiros - Pessoa Jur\u00eddica","sub_elem_desp":"SEM SUBELEMENTO","fonte_recurso":"Recursos do Exerc\u00edcio Corrente \/ Outros Recursos n\u00e3o Vinculados \/ -"},{"ano_emissao_emp":"2023","n_emp":"0000347","data_emissao":"14\/09\/2023","valor":"1.500,00","tipo_empenho":"Ordin\u00e1rio","hist_emp":"Custeio com servico de locacao de 01 (um) gerador cabinado de 100 kVA a ser utilizado na sessao itinerante que sera realizada em Cacimba de Baixo, zona rural deste municipio. Dispensa de licitacao em razao do valor, artigo 75, inciso 2\u00ba da Lei 14.133\/21","fornecedor":"KESSIA B BATISTA DE SOUZA","denom_uni_orc":"CORPO DELIBERATIVO E SECRETARIA","funcao":"Legislativa","sub_funcao":"A\u00e7\u00e3o Legislativa","programa":"A\u00c7\u00c3O LEGISLATIVA","acao":"INDENIZA\u00c7\u00d5ES E RESTITUI\u00c7\u00d5ES DIVERSAS (FMS)","ident_acao":"Atividade","cat_econ":"Despesa Corrente","natureza_despesa":"Outras Despesas Correntes","modalidade_despesa":"Aplica\u00e7\u00f5es Diretas","elemento_despesa":"Outros Servi\u00e7os de Terceiros - Pessoa Jur\u00eddica","sub_elem_desp":"SEM SUBELEMENTO","fonte_recurso":"Recursos do Exerc\u00edcio Corrente \/ Outros Recursos n\u00e3o Vinculados \/ -"},{"ano_emissao_emp":"2023","n_emp":"0000348","data_emissao":"22\/09\/2023","valor":"216,00","tipo_empenho":"Ordin\u00e1rio","hist_emp":"Valor que se empenha para fazer frente ao pagamento do auxilio-transporte do mes de agosto que sera creditado no cartao corporativo do servidor desta casa legislativa, Saulo Correia de Albuquerque, cartao numero 2.208.349.662, fornecido pela empresa Logo Transportes Ltda, conforme o artigo 50, inciso II, e o artigo 51 da Lei Municipal 923\/1990, bem como o disposto na Portaria 78\/2023, celebrado mediante dispensa de licitacao, com fundamento no artigo 24, inciso 2\u00ba, da Lei 8.666\/93.","fornecedor":"LOGO TRANSPORTES LTDA","denom_uni_orc":"CORPO DELIBERATIVO E SECRETARIA","funcao":"Legislativa","sub_funcao":"A\u00e7\u00e3o Legislativa","programa":"A\u00c7\u00c3O LEGISLATIVA","acao":"AQUISI\u00c7\u00c3O DE M\u00d3VEIS, M\u00c1QUINAS E EQUIPAMENTOS DIVERSOS PARA O CONSELHO","ident_acao":"Atividade","cat_econ":"Despesa Corrente","natureza_despesa":"Outras Despesas Correntes","modalidade_despesa":"Aplica\u00e7\u00f5es Diretas","elemento_despesa":"Outros Servi\u00e7os de Terceiros - Pessoa Jur\u00eddica","sub_elem_desp":"SEM SUBELEMENTO","fonte_recurso":"Recursos do Exerc\u00edcio Corrente \/ Outros Recursos n\u00e3o Vinculados \/ -"},{"ano_emissao_emp":"2023","n_emp":"0000348","data_emissao":"22\/09\/2023","valor":"216,00","tipo_empenho":"Ordin\u00e1rio","hist_emp":"Valor que se empenha para fazer frente ao pagamento do auxilio-transporte do mes de agosto que sera creditado no cartao corporativo do servidor desta casa legislativa, Saulo Correia de Albuquerque, cartao numero 2.208.349.662, fornecido pela empresa Logo Transportes Ltda, conforme o artigo 50, inciso II, e o artigo 51 da Lei Municipal 923\/1990, bem como o disposto na Portaria 78\/2023, celebrado mediante dispensa de licitacao, com fundamento no artigo 24, inciso 2\u00ba, da Lei 8.666\/93.","fornecedor":"LOGO TRANSPORTES LTDA","denom_uni_orc":"CORPO DELIBERATIVO E SECRETARIA","funcao":"Legislativa","sub_funcao":"A\u00e7\u00e3o Legislativa","programa":"A\u00c7\u00c3O LEGISLATIVA","acao":"MANUTEN\u00c7\u00c3O DAS ATIVIDADES ADMINISTRATIVAS","ident_acao":"Atividade","cat_econ":"Despesa Corrente","natureza_despesa":"Outras Despesas Correntes","modalidade_despesa":"Aplica\u00e7\u00f5es Diretas","elemento_despesa":"Outros Servi\u00e7os de Terceiros - Pessoa Jur\u00eddica","sub_elem_desp":"SEM SUBELEMENTO","fonte_recurso":"Recursos do Exerc\u00edcio Corrente \/ Outros Recursos n\u00e3o Vinculados \/ -"},{"ano_emissao_emp":"2023","n_emp":"0000348","data_emissao":"22\/09\/2023","valor":"216,00","tipo_empenho":"Ordin\u00e1rio","hist_emp":"Valor que se empenha para fazer frente ao pagamento do auxilio-transporte do mes de agosto que sera creditado no cartao corporativo do servidor desta casa legislativa, Saulo Correia de Albuquerque, cartao numero 2.208.349.662, fornecido pela empresa Logo Transportes Ltda, conforme o artigo 50, inciso II, e o artigo 51 da Lei Municipal 923\/1990, bem como o disposto na Portaria 78\/2023, celebrado mediante dispensa de licitacao, com fundamento no artigo 24, inciso 2\u00ba, da Lei 8.666\/93.","fornecedor":"LOGO TRANSPORTES LTDA","denom_uni_orc":"CORPO DELIBERATIVO E SECRETARIA","funcao":"Legislativa","sub_funcao":"A\u00e7\u00e3o Legislativa","programa":"A\u00c7\u00c3O LEGISLATIVA","acao":"INDENIZA\u00c7\u00d5ES E RESTITUI\u00c7\u00d5ES DIVERSAS (FMS)","ident_acao":"Atividade","cat_econ":"Despesa Corrente","natureza_despesa":"Outras Despesas Correntes","modalidade_despesa":"Aplica\u00e7\u00f5es Diretas","elemento_despesa":"Outros Servi\u00e7os de Terceiros - Pessoa Jur\u00eddica","sub_elem_desp":"SEM SUBELEMENTO","fonte_recurso":"Recursos do Exerc\u00edcio Corrente \/ Outros Recursos n\u00e3o Vinculados \/ -"},{"ano_emissao_emp":"2023","n_emp":"0000349","data_emissao":"25\/09\/2023","valor":"350,00","tipo_empenho":"Ordin\u00e1rio","hist_emp":"Custeio de diaria sem pernoite para despesas com alimentacao e transporte da vereadora Jessyca Cavalcante, que, na oportunidade, ira ate a Cidade do Recife para visitar a sede do Tribunal de Contas do Estado de Pernambuco e alguns gabinetes de Deputados Pernambucanos na ALEPE (Assembleia Legislativa de Pernambuco) em busca de melhorias para esta cidade. Dispensa de licitacao em razao do valor, artigo 75, inciso 2\u00ba da Lei 14.133\/21.","fornecedor":"JESSYCA M\u00d4NICA DE LIMA CAVALCANTI","denom_uni_orc":"CORPO DELIBERATIVO E SECRETARIA","funcao":"Legislativa","sub_funcao":"A\u00e7\u00e3o Legislativa","programa":"A\u00c7\u00c3O LEGISLATIVA","acao":"AQUISI\u00c7\u00c3O DE EQUIPAMENTOS DIVERSOS PARA O PROGRAMA PRIMEIRA INF\u00c2NCIA N","ident_acao":"Atividade","cat_econ":"Despesa Corrente","natureza_despesa":"Outras Despesas Correntes","modalidade_despesa":"Aplica\u00e7\u00f5es Diretas","elemento_despesa":"Di\u00e1rias \u2013 Civil","sub_elem_desp":"SEM SUBELEMENTO","fonte_recurso":"Recursos do Exerc\u00edcio Corrente \/ Outros Recursos n\u00e3o Vinculados \/ -"},{"ano_emissao_emp":"2023","n_emp":"0000349","data_emissao":"25\/09\/2023","valor":"350,00","tipo_empenho":"Ordin\u00e1rio","hist_emp":"Custeio de diaria sem pernoite para despesas com alimentacao e transporte da vereadora Jessyca Cavalcante, que, na oportunidade, ira ate a Cidade do Recife para visitar a sede do Tribunal de Contas do Estado de Pernambuco e alguns gabinetes de Deputados Pernambucanos na ALEPE (Assembleia Legislativa de Pernambuco) em busca de melhorias para esta cidade. Dispensa de licitacao em razao do valor, artigo 75, inciso 2\u00ba da Lei 14.133\/21.","fornecedor":"JESSYCA M\u00d4NICA DE LIMA CAVALCANTI","denom_uni_orc":"CORPO DELIBERATIVO E SECRETARIA","funcao":"Legislativa","sub_funcao":"A\u00e7\u00e3o Legislativa","programa":"A\u00c7\u00c3O LEGISLATIVA","acao":"MANUTEN\u00c7\u00c3O DAS ATIVIDADES LEGISLATIVAS","ident_acao":"Atividade","cat_econ":"Despesa Corrente","natureza_despesa":"Outras Despesas Correntes","modalidade_despesa":"Aplica\u00e7\u00f5es Diretas","elemento_despesa":"Di\u00e1rias \u2013 Civil","sub_elem_desp":"SEM SUBELEMENTO","fonte_recurso":"Recursos do Exerc\u00edcio Corrente \/ Outros Recursos n\u00e3o Vinculados \/ -"},{"ano_emissao_emp":"2023","n_emp":"0000350","data_emissao":"25\/09\/2023","valor":"690,00","tipo_empenho":"Ordin\u00e1rio","hist_emp":"Custeio do servico de impressao de panfletos para a divulgacao dos servicos prestados pela CIDATEC. A medida visa informar melhor a comunidade sobre as atividades. Dispensa de licitacao em razao do valor, conforme o artigo 75, inciso 2\u00ba da Lei 14.133\/21.","fornecedor":"AERCIO DANILO CLIMERIO","denom_uni_orc":"CORPO DELIBERATIVO E SECRETARIA","funcao":"Legislativa","sub_funcao":"A\u00e7\u00e3o Legislativa","programa":"A\u00c7\u00c3O LEGISLATIVA","acao":"AQUISI\u00c7\u00c3O DE M\u00d3VEIS, M\u00c1QUINAS E EQUIPAMENTOS DIVERSOS PARA O CONSELHO","ident_acao":"Atividade","cat_econ":"Despesa Corrente","natureza_despesa":"Outras Despesas Correntes","modalidade_despesa":"Aplica\u00e7\u00f5es Diretas","elemento_despesa":"Outros Servi\u00e7os de Terceiros - Pessoa Jur\u00eddica","sub_elem_desp":"SEM SUBELEMENTO","fonte_recurso":"Recursos do Exerc\u00edcio Corrente \/ Outros Recursos n\u00e3o Vinculados \/ -"},{"ano_emissao_emp":"2023","n_emp":"0000350","data_emissao":"25\/09\/2023","valor":"690,00","tipo_empenho":"Ordin\u00e1rio","hist_emp":"Custeio do servico de impressao de panfletos para a divulgacao dos servicos prestados pela CIDATEC. A medida visa informar melhor a comunidade sobre as atividades. Dispensa de licitacao em razao do valor, conforme o artigo 75, inciso 2\u00ba da Lei 14.133\/21.","fornecedor":"AERCIO DANILO CLIMERIO","denom_uni_orc":"CORPO DELIBERATIVO E SECRETARIA","funcao":"Legislativa","sub_funcao":"A\u00e7\u00e3o Legislativa","programa":"A\u00c7\u00c3O LEGISLATIVA","acao":"MANUTEN\u00c7\u00c3O DAS ATIVIDADES ADMINISTRATIVAS","ident_acao":"Atividade","cat_econ":"Despesa Corrente","natureza_despesa":"Outras Despesas Correntes","modalidade_despesa":"Aplica\u00e7\u00f5es Diretas","elemento_despesa":"Outros Servi\u00e7os de Terceiros - Pessoa Jur\u00eddica","sub_elem_desp":"SEM SUBELEMENTO","fonte_recurso":"Recursos do Exerc\u00edcio Corrente \/ Outros Recursos n\u00e3o Vinculados \/ -"},{"ano_emissao_emp":"2023","n_emp":"0000350","data_emissao":"25\/09\/2023","valor":"690,00","tipo_empenho":"Ordin\u00e1rio","hist_emp":"Custeio do servico de impressao de panfletos para a divulgacao dos servicos prestados pela CIDATEC. A medida visa informar melhor a comunidade sobre as atividades. Dispensa de licitacao em razao do valor, conforme o artigo 75, inciso 2\u00ba da Lei 14.133\/21.","fornecedor":"AERCIO DANILO CLIMERIO","denom_uni_orc":"CORPO DELIBERATIVO E SECRETARIA","funcao":"Legislativa","sub_funcao":"A\u00e7\u00e3o Legislativa","programa":"A\u00c7\u00c3O LEGISLATIVA","acao":"INDENIZA\u00c7\u00d5ES E RESTITUI\u00c7\u00d5ES DIVERSAS (FMS)","ident_acao":"Atividade","cat_econ":"Despesa Corrente","natureza_despesa":"Outras Despesas Correntes","modalidade_despesa":"Aplica\u00e7\u00f5es Diretas","elemento_despesa":"Outros Servi\u00e7os de Terceiros - Pessoa Jur\u00eddica","sub_elem_desp":"SEM SUBELEMENTO","fonte_recurso":"Recursos do Exerc\u00edcio Corrente \/ Outros Recursos n\u00e3o Vinculados \/ -"},{"ano_emissao_emp":"2023","n_emp":"0000351","data_emissao":"26\/09\/2023","valor":"160,00","tipo_empenho":"Ordin\u00e1rio","hist_emp":"Aquisicao de um certificado digital a1 PF (01 ano) para suprir as necessidades dos trabalhos legislativo do diretor desta casa Antonio Carlos de Andrade Silva, dispensa de licitacao em razao do valor, artigo 75, inciso 2\u00ba da lei 14.133\/21.","fornecedor":"EDUARDO P BARBOSA","denom_uni_orc":"CORPO DELIBERATIVO E SECRETARIA","funcao":"Legislativa","sub_funcao":"A\u00e7\u00e3o Legislativa","programa":"A\u00c7\u00c3O LEGISLATIVA","acao":"AQUISI\u00c7\u00c3O DE M\u00d3VEIS, M\u00c1QUINAS E EQUIPAMENTOS DIVERSOS PARA O CONSELHO","ident_acao":"Atividade","cat_econ":"Despesa Corrente","natureza_despesa":"Outras Despesas Correntes","modalidade_despesa":"Aplica\u00e7\u00f5es Diretas","elemento_despesa":"Outros Servi\u00e7os de Terceiros - Pessoa Jur\u00eddica","sub_elem_desp":"SEM SUBELEMENTO","fonte_recurso":"Recursos do Exerc\u00edcio Corrente \/ Outros Recursos n\u00e3o Vinculados \/ -"},{"ano_emissao_emp":"2023","n_emp":"0000351","data_emissao":"26\/09\/2023","valor":"160,00","tipo_empenho":"Ordin\u00e1rio","hist_emp":"Aquisicao de um certificado digital a1 PF (01 ano) para suprir as necessidades dos trabalhos legislativo do diretor desta casa Antonio Carlos de Andrade Silva, dispensa de licitacao em razao do valor, artigo 75, inciso 2\u00ba da lei 14.133\/21.","fornecedor":"EDUARDO P BARBOSA","denom_uni_orc":"CORPO DELIBERATIVO E SECRETARIA","funcao":"Legislativa","sub_funcao":"A\u00e7\u00e3o Legislativa","programa":"A\u00c7\u00c3O LEGISLATIVA","acao":"MANUTEN\u00c7\u00c3O DAS ATIVIDADES ADMINISTRATIVAS","ident_acao":"Atividade","cat_econ":"Despesa Corrente","natureza_despesa":"Outras Despesas Correntes","modalidade_despesa":"Aplica\u00e7\u00f5es Diretas","elemento_despesa":"Outros Servi\u00e7os de Terceiros - Pessoa Jur\u00eddica","sub_elem_desp":"SEM SUBELEMENTO","fonte_recurso":"Recursos do Exerc\u00edcio Corrente \/ Outros Recursos n\u00e3o Vinculados \/ -"},{"ano_emissao_emp":"2023","n_emp":"0000351","data_emissao":"26\/09\/2023","valor":"160,00","tipo_empenho":"Ordin\u00e1rio","hist_emp":"Aquisicao de um certificado digital a1 PF (01 ano) para suprir as necessidades dos trabalhos legislativo do diretor desta casa Antonio Carlos de Andrade Silva, dispensa de licitacao em razao do valor, artigo 75, inciso 2\u00ba da lei 14.133\/21.","fornecedor":"EDUARDO P BARBOSA","denom_uni_orc":"CORPO DELIBERATIVO E SECRETARIA","funcao":"Legislativa","sub_funcao":"A\u00e7\u00e3o Legislativa","programa":"A\u00c7\u00c3O LEGISLATIVA","acao":"INDENIZA\u00c7\u00d5ES E RESTITUI\u00c7\u00d5ES DIVERSAS (FMS)","ident_acao":"Atividade","cat_econ":"Despesa Corrente","natureza_despesa":"Outras Despesas Correntes","modalidade_despesa":"Aplica\u00e7\u00f5es Diretas","elemento_despesa":"Outros Servi\u00e7os de Terceiros - Pessoa Jur\u00eddica","sub_elem_desp":"SEM SUBELEMENTO","fonte_recurso":"Recursos do Exerc\u00edcio Corrente \/ Outros Recursos n\u00e3o Vinculados \/ -"},{"ano_emissao_emp":"2023","n_emp":"0000352","data_emissao":"27\/09\/2023","valor":"2.012,96","tipo_empenho":"Ordin\u00e1rio","hist_emp":"Aquisicao de produtos de consumo para o funcionamento da copa e cozinha desta Casa Legislativa conforme relacao no oficio 165\/2023 SECOM dispensa de licitacao em razao do valor, artigo 75, inciso 2\u00ba da lei 14.133\/21.","fornecedor":"LOPES & FONSECA CIA LTDA","denom_uni_orc":"CORPO DELIBERATIVO E SECRETARIA","funcao":"Legislativa","sub_funcao":"A\u00e7\u00e3o Legislativa","programa":"A\u00c7\u00c3O LEGISLATIVA","acao":"AQUISI\u00c7\u00c3O DE M\u00d3VEIS, M\u00c1QUINAS E EQUIPAMENTOS DIVERSOS PARA O CONSELHO","ident_acao":"Atividade","cat_econ":"Despesa Corrente","natureza_despesa":"Outras Despesas Correntes","modalidade_despesa":"Aplica\u00e7\u00f5es Diretas","elemento_despesa":"Material de Consumo","sub_elem_desp":"MATERIAL DE COPA E COZINHA","fonte_recurso":"Recursos do Exerc\u00edcio Corrente \/ Outros Recursos n\u00e3o Vinculados \/ -"},{"ano_emissao_emp":"2023","n_emp":"0000352","data_emissao":"27\/09\/2023","valor":"2.012,96","tipo_empenho":"Ordin\u00e1rio","hist_emp":"Aquisicao de produtos de consumo para o funcionamento da copa e cozinha desta Casa Legislativa conforme relacao no oficio 165\/2023 SECOM dispensa de licitacao em razao do valor, artigo 75, inciso 2\u00ba da lei 14.133\/21.","fornecedor":"LOPES & FONSECA CIA LTDA","denom_uni_orc":"CORPO DELIBERATIVO E SECRETARIA","funcao":"Legislativa","sub_funcao":"A\u00e7\u00e3o Legislativa","programa":"A\u00c7\u00c3O LEGISLATIVA","acao":"MANUTEN\u00c7\u00c3O DAS ATIVIDADES ADMINISTRATIVAS","ident_acao":"Atividade","cat_econ":"Despesa Corrente","natureza_despesa":"Outras Despesas Correntes","modalidade_despesa":"Aplica\u00e7\u00f5es Diretas","elemento_despesa":"Material de Consumo","sub_elem_desp":"MATERIAL DE COPA E COZINHA","fonte_recurso":"Recursos do Exerc\u00edcio Corrente \/ Outros Recursos n\u00e3o Vinculados \/ -"},{"ano_emissao_emp":"2023","n_emp":"0000352","data_emissao":"27\/09\/2023","valor":"2.012,96","tipo_empenho":"Ordin\u00e1rio","hist_emp":"Aquisicao de produtos de consumo para o funcionamento da copa e cozinha desta Casa Legislativa conforme relacao no oficio 165\/2023 SECOM dispensa de licitacao em razao do valor, artigo 75, inciso 2\u00ba da lei 14.133\/21.","fornecedor":"LOPES & FONSECA CIA LTDA","denom_uni_orc":"CORPO DELIBERATIVO E SECRETARIA","funcao":"Legislativa","sub_funcao":"A\u00e7\u00e3o Legislativa","programa":"A\u00c7\u00c3O LEGISLATIVA","acao":"INDENIZA\u00c7\u00d5ES E RESTITUI\u00c7\u00d5ES DIVERSAS (FMS)","ident_acao":"Atividade","cat_econ":"Despesa Corrente","natureza_despesa":"Outras Despesas Correntes","modalidade_despesa":"Aplica\u00e7\u00f5es Diretas","elemento_despesa":"Material de Consumo","sub_elem_desp":"MATERIAL DE COPA E COZINHA","fonte_recurso":"Recursos do Exerc\u00edcio Corrente \/ Outros Recursos n\u00e3o Vinculados \/ -"},{"ano_emissao_emp":"2023","n_emp":"0000353","data_emissao":"28\/09\/2023","valor":"390,00","tipo_empenho":"Ordin\u00e1rio","hist_emp":"Valor que se empenha para fazer face ao custeio da aquisicao de 65 (sessenta e cinco) unidades de agua mineral lustral em botijao de 20 (vinte) litros, para atender a necessidade desta casa de lei, dispensa de licitacao mesiante valor, artigo 75, inciso 2\u00ba da Lei 14.133\/21.","fornecedor":"GB COMERCIO DE GAS E AGUA MINERAL LTDA","denom_uni_orc":"CORPO DELIBERATIVO E SECRETARIA","funcao":"Legislativa","sub_funcao":"A\u00e7\u00e3o Legislativa","programa":"A\u00c7\u00c3O LEGISLATIVA","acao":"AQUISI\u00c7\u00c3O DE M\u00d3VEIS, M\u00c1QUINAS E EQUIPAMENTOS DIVERSOS PARA O CONSELHO","ident_acao":"Atividade","cat_econ":"Despesa Corrente","natureza_despesa":"Outras Despesas Correntes","modalidade_despesa":"Aplica\u00e7\u00f5es Diretas","elemento_despesa":"Material de Consumo","sub_elem_desp":"MATERIAL DE COPA E COZINHA","fonte_recurso":"Recursos do Exerc\u00edcio Corrente \/ Outros Recursos n\u00e3o Vinculados \/ -"},{"ano_emissao_emp":"2023","n_emp":"0000353","data_emissao":"28\/09\/2023","valor":"390,00","tipo_empenho":"Ordin\u00e1rio","hist_emp":"Valor que se empenha para fazer face ao custeio da aquisicao de 65 (sessenta e cinco) unidades de agua mineral lustral em botijao de 20 (vinte) litros, para atender a necessidade desta casa de lei, dispensa de licitacao mesiante valor, artigo 75, inciso 2\u00ba da Lei 14.133\/21.","fornecedor":"GB COMERCIO DE GAS E AGUA MINERAL LTDA","denom_uni_orc":"CORPO DELIBERATIVO E SECRETARIA","funcao":"Legislativa","sub_funcao":"A\u00e7\u00e3o Legislativa","programa":"A\u00c7\u00c3O LEGISLATIVA","acao":"MANUTEN\u00c7\u00c3O DAS ATIVIDADES ADMINISTRATIVAS","ident_acao":"Atividade","cat_econ":"Despesa Corrente","natureza_despesa":"Outras Despesas Correntes","modalidade_despesa":"Aplica\u00e7\u00f5es Diretas","elemento_despesa":"Material de Consumo","sub_elem_desp":"MATERIAL DE COPA E COZINHA","fonte_recurso":"Recursos do Exerc\u00edcio Corrente \/ Outros Recursos n\u00e3o Vinculados \/ -"},{"ano_emissao_emp":"2023","n_emp":"0000353","data_emissao":"28\/09\/2023","valor":"390,00","tipo_empenho":"Ordin\u00e1rio","hist_emp":"Valor que se empenha para fazer face ao custeio da aquisicao de 65 (sessenta e cinco) unidades de agua mineral lustral em botijao de 20 (vinte) litros, para atender a necessidade desta casa de lei, dispensa de licitacao mesiante valor, artigo 75, inciso 2\u00ba da Lei 14.133\/21.","fornecedor":"GB COMERCIO DE GAS E AGUA MINERAL LTDA","denom_uni_orc":"CORPO DELIBERATIVO E SECRETARIA","funcao":"Legislativa","sub_funcao":"A\u00e7\u00e3o Legislativa","programa":"A\u00c7\u00c3O LEGISLATIVA","acao":"INDENIZA\u00c7\u00d5ES E RESTITUI\u00c7\u00d5ES DIVERSAS (FMS)","ident_acao":"Atividade","cat_econ":"Despesa Corrente","natureza_despesa":"Outras Despesas Correntes","modalidade_despesa":"Aplica\u00e7\u00f5es Diretas","elemento_despesa":"Material de Consumo","sub_elem_desp":"MATERIAL DE COPA E COZINHA","fonte_recurso":"Recursos do Exerc\u00edcio Corrente \/ Outros Recursos n\u00e3o Vinculados \/ -"},{"ano_emissao_emp":"2023","n_emp":"0000354","data_emissao":"02\/10\/2023","valor":"700,00","tipo_empenho":"Ordin\u00e1rio","hist_emp":"Prestacao de servico para apoio tecnico ao processo licitatorio, conforme requisicao da pregoeira Noeme Yasmin Neves Gomes, em decorrencia do volume de atividades direcionados ao pregao 04\/2023, que sera realizado no dia 02 de outubro de 2023,  dispensa de licitacao em razao do valor, artigo 75, inciso 2\u00ba da lei 14.133\/21.","fornecedor":"GEANE MARIA BEZERRA","denom_uni_orc":"CORPO DELIBERATIVO E SECRETARIA","funcao":"Legislativa","sub_funcao":"A\u00e7\u00e3o Legislativa","programa":"A\u00c7\u00c3O LEGISLATIVA","acao":"AQUISI\u00c7\u00c3O DE M\u00d3VEIS, M\u00c1QUINAS E EQUIPAMENTOS DIVERSOS PARA O CONSELHO","ident_acao":"Atividade","cat_econ":"Despesa Corrente","natureza_despesa":"Outras Despesas Correntes","modalidade_despesa":"Aplica\u00e7\u00f5es Diretas","elemento_despesa":"Outros Servi\u00e7os de Terceiros - Pessoa F\u00edsica","sub_elem_desp":"SERVI\u00c7OS T\u00c9CNICOS PROFISSIONAIS","fonte_recurso":"Recursos do Exerc\u00edcio Corrente \/ Outros Recursos n\u00e3o Vinculados \/ -"},{"ano_emissao_emp":"2023","n_emp":"0000354","data_emissao":"02\/10\/2023","valor":"700,00","tipo_empenho":"Ordin\u00e1rio","hist_emp":"Prestacao de servico para apoio tecnico ao processo licitatorio, conforme requisicao da pregoeira Noeme Yasmin Neves Gomes, em decorrencia do volume de atividades direcionados ao pregao 04\/2023, que sera realizado no dia 02 de outubro de 2023,  dispensa de licitacao em razao do valor, artigo 75, inciso 2\u00ba da lei 14.133\/21.","fornecedor":"GEANE MARIA BEZERRA","denom_uni_orc":"CORPO DELIBERATIVO E SECRETARIA","funcao":"Legislativa","sub_funcao":"A\u00e7\u00e3o Legislativa","programa":"A\u00c7\u00c3O LEGISLATIVA","acao":"MANUTEN\u00c7\u00c3O DAS ATIVIDADES ADMINISTRATIVAS","ident_acao":"Atividade","cat_econ":"Despesa Corrente","natureza_despesa":"Outras Despesas Correntes","modalidade_despesa":"Aplica\u00e7\u00f5es Diretas","elemento_despesa":"Outros Servi\u00e7os de Terceiros - Pessoa F\u00edsica","sub_elem_desp":"SERVI\u00c7OS T\u00c9CNICOS PROFISSIONAIS","fonte_recurso":"Recursos do Exerc\u00edcio Corrente \/ Outros Recursos n\u00e3o Vinculados \/ -"},{"ano_emissao_emp":"2023","n_emp":"0000354","data_emissao":"02\/10\/2023","valor":"700,00","tipo_empenho":"Ordin\u00e1rio","hist_emp":"Prestacao de servico para apoio tecnico ao processo licitatorio, conforme requisicao da pregoeira Noeme Yasmin Neves Gomes, em decorrencia do volume de atividades direcionados ao pregao 04\/2023, que sera realizado no dia 02 de outubro de 2023,  dispensa de licitacao em razao do valor, artigo 75, inciso 2\u00ba da lei 14.133\/21.","fornecedor":"GEANE MARIA BEZERRA","denom_uni_orc":"CORPO DELIBERATIVO E SECRETARIA","funcao":"Legislativa","sub_funcao":"A\u00e7\u00e3o Legislativa","programa":"A\u00c7\u00c3O LEGISLATIVA","acao":"INDENIZA\u00c7\u00d5ES E RESTITUI\u00c7\u00d5ES DIVERSAS (FMS)","ident_acao":"Atividade","cat_econ":"Despesa Corrente","natureza_despesa":"Outras Despesas Correntes","modalidade_despesa":"Aplica\u00e7\u00f5es Diretas","elemento_despesa":"Outros Servi\u00e7os de Terceiros - Pessoa F\u00edsica","sub_elem_desp":"SERVI\u00c7OS T\u00c9CNICOS PROFISSIONAIS","fonte_recurso":"Recursos do Exerc\u00edcio Corrente \/ Outros Recursos n\u00e3o Vinculados \/ -"},{"ano_emissao_emp":"2023","n_emp":"0000355","data_emissao":"02\/10\/2023","valor":"1.682,50","tipo_empenho":"Ordin\u00e1rio","hist_emp":"Valor que se empenha para fazer face ao custeio com aquisicao de material de limpeza relacionados no pre-empenho numero 36, para esta casa legislativa e seu anexo (CIDATEC), dispensa de licitacao em razao de valor, artigo 75, inciso 2\u00ba da lei 14.133\/21.","fornecedor":"IVONALDO SEVERINO DA SILVA","denom_uni_orc":"CORPO DELIBERATIVO E SECRETARIA","funcao":"Legislativa","sub_funcao":"A\u00e7\u00e3o Legislativa","programa":"A\u00c7\u00c3O LEGISLATIVA","acao":"AQUISI\u00c7\u00c3O DE M\u00d3VEIS, M\u00c1QUINAS E EQUIPAMENTOS DIVERSOS PARA O CONSELHO","ident_acao":"Atividade","cat_econ":"Despesa Corrente","natureza_despesa":"Outras Despesas Correntes","modalidade_despesa":"Aplica\u00e7\u00f5es Diretas","elemento_despesa":"Material de Consumo","sub_elem_desp":"SEM SUBELEMENTO","fonte_recurso":"Recursos do Exerc\u00edcio Corrente \/ Outros Recursos n\u00e3o Vinculados \/ -"},{"ano_emissao_emp":"2023","n_emp":"0000355","data_emissao":"02\/10\/2023","valor":"1.682,50","tipo_empenho":"Ordin\u00e1rio","hist_emp":"Valor que se empenha para fazer face ao custeio com aquisicao de material de limpeza relacionados no pre-empenho numero 36, para esta casa legislativa e seu anexo (CIDATEC), dispensa de licitacao em razao de valor, artigo 75, inciso 2\u00ba da lei 14.133\/21.","fornecedor":"IVONALDO SEVERINO DA SILVA","denom_uni_orc":"CORPO DELIBERATIVO E SECRETARIA","funcao":"Legislativa","sub_funcao":"A\u00e7\u00e3o Legislativa","programa":"A\u00c7\u00c3O LEGISLATIVA","acao":"MANUTEN\u00c7\u00c3O DAS ATIVIDADES ADMINISTRATIVAS","ident_acao":"Atividade","cat_econ":"Despesa Corrente","natureza_despesa":"Outras Despesas Correntes","modalidade_despesa":"Aplica\u00e7\u00f5es Diretas","elemento_despesa":"Material de Consumo","sub_elem_desp":"SEM SUBELEMENTO","fonte_recurso":"Recursos do Exerc\u00edcio Corrente \/ Outros Recursos n\u00e3o Vinculados \/ -"},{"ano_emissao_emp":"2023","n_emp":"0000355","data_emissao":"02\/10\/2023","valor":"1.682,50","tipo_empenho":"Ordin\u00e1rio","hist_emp":"Valor que se empenha para fazer face ao custeio com aquisicao de material de limpeza relacionados no pre-empenho numero 36, para esta casa legislativa e seu anexo (CIDATEC), dispensa de licitacao em razao de valor, artigo 75, inciso 2\u00ba da lei 14.133\/21.","fornecedor":"IVONALDO SEVERINO DA SILVA","denom_uni_orc":"CORPO DELIBERATIVO E SECRETARIA","funcao":"Legislativa","sub_funcao":"A\u00e7\u00e3o Legislativa","programa":"A\u00c7\u00c3O LEGISLATIVA","acao":"INDENIZA\u00c7\u00d5ES E RESTITUI\u00c7\u00d5ES DIVERSAS (FMS)","ident_acao":"Atividade","cat_econ":"Despesa Corrente","natureza_despesa":"Outras Despesas Correntes","modalidade_despesa":"Aplica\u00e7\u00f5es Diretas","elemento_despesa":"Material de Consumo","sub_elem_desp":"SEM SUBELEMENTO","fonte_recurso":"Recursos do Exerc\u00edcio Corrente \/ Outros Recursos n\u00e3o Vinculados \/ -"},{"ano_emissao_emp":"2023","n_emp":"0000356","data_emissao":"03\/10\/2023","valor":"102,60","tipo_empenho":"Ordin\u00e1rio","hist_emp":"Custeio com pagamento de conta OI do numero telefonico (81) 3731-3084 referente ao mes de setembro de 2023, dispensa de licitacao em razao do valor, artigo 75, inciso 2\u00ba da lei 14.133\/21.","fornecedor":"OI S.A. - EM RECUPERACAO JUDICIAL","denom_uni_orc":"CORPO DELIBERATIVO E SECRETARIA","funcao":"Legislativa","sub_funcao":"A\u00e7\u00e3o Legislativa","programa":"A\u00c7\u00c3O LEGISLATIVA","acao":"AQUISI\u00c7\u00c3O DE M\u00d3VEIS, M\u00c1QUINAS E EQUIPAMENTOS DIVERSOS PARA O CONSELHO","ident_acao":"Atividade","cat_econ":"Despesa Corrente","natureza_despesa":"Outras Despesas Correntes","modalidade_despesa":"Aplica\u00e7\u00f5es Diretas","elemento_despesa":"Outros Servi\u00e7os de Terceiros - Pessoa Jur\u00eddica","sub_elem_desp":"SEM SUBELEMENTO","fonte_recurso":"Recursos do Exerc\u00edcio Corrente \/ Outros Recursos n\u00e3o Vinculados \/ -"},{"ano_emissao_emp":"2023","n_emp":"0000356","data_emissao":"03\/10\/2023","valor":"102,60","tipo_empenho":"Ordin\u00e1rio","hist_emp":"Custeio com pagamento de conta OI do numero telefonico (81) 3731-3084 referente ao mes de setembro de 2023, dispensa de licitacao em razao do valor, artigo 75, inciso 2\u00ba da lei 14.133\/21.","fornecedor":"OI S.A. - EM RECUPERACAO JUDICIAL","denom_uni_orc":"CORPO DELIBERATIVO E SECRETARIA","funcao":"Legislativa","sub_funcao":"A\u00e7\u00e3o Legislativa","programa":"A\u00c7\u00c3O LEGISLATIVA","acao":"MANUTEN\u00c7\u00c3O DAS ATIVIDADES ADMINISTRATIVAS","ident_acao":"Atividade","cat_econ":"Despesa Corrente","natureza_despesa":"Outras Despesas Correntes","modalidade_despesa":"Aplica\u00e7\u00f5es Diretas","elemento_despesa":"Outros Servi\u00e7os de Terceiros - Pessoa Jur\u00eddica","sub_elem_desp":"SEM SUBELEMENTO","fonte_recurso":"Recursos do Exerc\u00edcio Corrente \/ Outros Recursos n\u00e3o Vinculados \/ -"},{"ano_emissao_emp":"2023","n_emp":"0000356","data_emissao":"03\/10\/2023","valor":"102,60","tipo_empenho":"Ordin\u00e1rio","hist_emp":"Custeio com pagamento de conta OI do numero telefonico (81) 3731-3084 referente ao mes de setembro de 2023, dispensa de licitacao em razao do valor, artigo 75, inciso 2\u00ba da lei 14.133\/21.","fornecedor":"OI S.A. - EM RECUPERACAO JUDICIAL","denom_uni_orc":"CORPO DELIBERATIVO E SECRETARIA","funcao":"Legislativa","sub_funcao":"A\u00e7\u00e3o Legislativa","programa":"A\u00c7\u00c3O LEGISLATIVA","acao":"INDENIZA\u00c7\u00d5ES E RESTITUI\u00c7\u00d5ES DIVERSAS (FMS)","ident_acao":"Atividade","cat_econ":"Despesa Corrente","natureza_despesa":"Outras Despesas Correntes","modalidade_despesa":"Aplica\u00e7\u00f5es Diretas","elemento_despesa":"Outros Servi\u00e7os de Terceiros - Pessoa Jur\u00eddica","sub_elem_desp":"SEM SUBELEMENTO","fonte_recurso":"Recursos do Exerc\u00edcio Corrente \/ Outros Recursos n\u00e3o Vinculados \/ -"},{"ano_emissao_emp":"2023","n_emp":"0000357","data_emissao":"03\/10\/2023","valor":"5.440,00","tipo_empenho":"Ordin\u00e1rio","hist_emp":"Servicos com material e mao de obra a cargo do prestador- instalacao de 30 (trinta) roteadores para aprimorar a rede Wi-Fi, proporcionando melhor qualidade de conexao para vereadores, servidores e a populacao em geral que frequenta esta Casa Legislativa. Essencial para garantir o bom funcionamento de sessoes e outros eventos legislativos, alem de assegurar a restauracao de algumas cameras do sistema de seguranca. Dispensa de licitacao em razao do valor, artigo 75, inciso 2\u00ba da Lei 14.133\/21.","fornecedor":"ELENILSON DE LIRA SILVA 12842926498","denom_uni_orc":"CORPO DELIBERATIVO E SECRETARIA","funcao":"Legislativa","sub_funcao":"A\u00e7\u00e3o Legislativa","programa":"A\u00c7\u00c3O LEGISLATIVA","acao":"AQUISI\u00c7\u00c3O DE M\u00d3VEIS, M\u00c1QUINAS E EQUIPAMENTOS DIVERSOS PARA O CONSELHO","ident_acao":"Atividade","cat_econ":"Despesa Corrente","natureza_despesa":"Outras Despesas Correntes","modalidade_despesa":"Aplica\u00e7\u00f5es Diretas","elemento_despesa":"Outros Servi\u00e7os de Terceiros - Pessoa Jur\u00eddica","sub_elem_desp":"SEM SUBELEMENTO","fonte_recurso":"Recursos do Exerc\u00edcio Corrente \/ Outros Recursos n\u00e3o Vinculados \/ -"},{"ano_emissao_emp":"2023","n_emp":"0000357","data_emissao":"03\/10\/2023","valor":"5.440,00","tipo_empenho":"Ordin\u00e1rio","hist_emp":"Servicos com material e mao de obra a cargo do prestador- instalacao de 30 (trinta) roteadores para aprimorar a rede Wi-Fi, proporcionando melhor qualidade de conexao para vereadores, servidores e a populacao em geral que frequenta esta Casa Legislativa. Essencial para garantir o bom funcionamento de sessoes e outros eventos legislativos, alem de assegurar a restauracao de algumas cameras do sistema de seguranca. Dispensa de licitacao em razao do valor, artigo 75, inciso 2\u00ba da Lei 14.133\/21.","fornecedor":"ELENILSON DE LIRA SILVA 12842926498","denom_uni_orc":"CORPO DELIBERATIVO E SECRETARIA","funcao":"Legislativa","sub_funcao":"A\u00e7\u00e3o Legislativa","programa":"A\u00c7\u00c3O LEGISLATIVA","acao":"MANUTEN\u00c7\u00c3O DAS ATIVIDADES ADMINISTRATIVAS","ident_acao":"Atividade","cat_econ":"Despesa Corrente","natureza_despesa":"Outras Despesas Correntes","modalidade_despesa":"Aplica\u00e7\u00f5es Diretas","elemento_despesa":"Outros Servi\u00e7os de Terceiros - Pessoa Jur\u00eddica","sub_elem_desp":"SEM SUBELEMENTO","fonte_recurso":"Recursos do Exerc\u00edcio Corrente \/ Outros Recursos n\u00e3o Vinculados \/ -"},{"ano_emissao_emp":"2023","n_emp":"0000357","data_emissao":"03\/10\/2023","valor":"5.440,00","tipo_empenho":"Ordin\u00e1rio","hist_emp":"Servicos com material e mao de obra a cargo do prestador- instalacao de 30 (trinta) roteadores para aprimorar a rede Wi-Fi, proporcionando melhor qualidade de conexao para vereadores, servidores e a populacao em geral que frequenta esta Casa Legislativa. Essencial para garantir o bom funcionamento de sessoes e outros eventos legislativos, alem de assegurar a restauracao de algumas cameras do sistema de seguranca. Dispensa de licitacao em razao do valor, artigo 75, inciso 2\u00ba da Lei 14.133\/21.","fornecedor":"ELENILSON DE LIRA SILVA 12842926498","denom_uni_orc":"CORPO DELIBERATIVO E SECRETARIA","funcao":"Legislativa","sub_funcao":"A\u00e7\u00e3o Legislativa","programa":"A\u00c7\u00c3O LEGISLATIVA","acao":"INDENIZA\u00c7\u00d5ES E RESTITUI\u00c7\u00d5ES DIVERSAS (FMS)","ident_acao":"Atividade","cat_econ":"Despesa Corrente","natureza_despesa":"Outras Despesas Correntes","modalidade_despesa":"Aplica\u00e7\u00f5es Diretas","elemento_despesa":"Outros Servi\u00e7os de Terceiros - Pessoa Jur\u00eddica","sub_elem_desp":"SEM SUBELEMENTO","fonte_recurso":"Recursos do Exerc\u00edcio Corrente \/ Outros Recursos n\u00e3o Vinculados \/ -"},{"ano_emissao_emp":"2023","n_emp":"0000358","data_emissao":"04\/10\/2023","valor":"750,00","tipo_empenho":"Ordin\u00e1rio","hist_emp":"Custeio do servico de producao de 50 (cinquenta) medalhas em acrilico para entrega no dia 05 de outubro aos homenageados no evento da Medalha Padre Zuzinha, conforme autorizado pela Lei Municipal n\u00ba 1.529\/2005. Dispensa de licitacao em razao do valor, artigo 75, inciso 2\u00ba da Lei 14.133\/21.","fornecedor":"SIGN COMUNICA\u00c7\u00c3O VISUAL LTDA","denom_uni_orc":"CORPO DELIBERATIVO E SECRETARIA","funcao":"Legislativa","sub_funcao":"A\u00e7\u00e3o Legislativa","programa":"A\u00c7\u00c3O LEGISLATIVA","acao":"AQUISI\u00c7\u00c3O DE M\u00d3VEIS, M\u00c1QUINAS E EQUIPAMENTOS DIVERSOS PARA O CONSELHO","ident_acao":"Atividade","cat_econ":"Despesa Corrente","natureza_despesa":"Outras Despesas Correntes","modalidade_despesa":"Aplica\u00e7\u00f5es Diretas","elemento_despesa":"Outros Servi\u00e7os de Terceiros - Pessoa Jur\u00eddica","sub_elem_desp":"SEM SUBELEMENTO","fonte_recurso":"Recursos do Exerc\u00edcio Corrente \/ Outros Recursos n\u00e3o Vinculados \/ -"},{"ano_emissao_emp":"2023","n_emp":"0000358","data_emissao":"04\/10\/2023","valor":"750,00","tipo_empenho":"Ordin\u00e1rio","hist_emp":"Custeio do servico de producao de 50 (cinquenta) medalhas em acrilico para entrega no dia 05 de outubro aos homenageados no evento da Medalha Padre Zuzinha, conforme autorizado pela Lei Municipal n\u00ba 1.529\/2005. Dispensa de licitacao em razao do valor, artigo 75, inciso 2\u00ba da Lei 14.133\/21.","fornecedor":"SIGN COMUNICA\u00c7\u00c3O VISUAL LTDA","denom_uni_orc":"CORPO DELIBERATIVO E SECRETARIA","funcao":"Legislativa","sub_funcao":"A\u00e7\u00e3o Legislativa","programa":"A\u00c7\u00c3O LEGISLATIVA","acao":"MANUTEN\u00c7\u00c3O DAS ATIVIDADES ADMINISTRATIVAS","ident_acao":"Atividade","cat_econ":"Despesa Corrente","natureza_despesa":"Outras Despesas Correntes","modalidade_despesa":"Aplica\u00e7\u00f5es Diretas","elemento_despesa":"Outros Servi\u00e7os de Terceiros - Pessoa Jur\u00eddica","sub_elem_desp":"SEM SUBELEMENTO","fonte_recurso":"Recursos do Exerc\u00edcio Corrente \/ Outros Recursos n\u00e3o Vinculados \/ -"},{"ano_emissao_emp":"2023","n_emp":"0000358","data_emissao":"04\/10\/2023","valor":"750,00","tipo_empenho":"Ordin\u00e1rio","hist_emp":"Custeio do servico de producao de 50 (cinquenta) medalhas em acrilico para entrega no dia 05 de outubro aos homenageados no evento da Medalha Padre Zuzinha, conforme autorizado pela Lei Municipal n\u00ba 1.529\/2005. Dispensa de licitacao em razao do valor, artigo 75, inciso 2\u00ba da Lei 14.133\/21.","fornecedor":"SIGN COMUNICA\u00c7\u00c3O VISUAL LTDA","denom_uni_orc":"CORPO DELIBERATIVO E SECRETARIA","funcao":"Legislativa","sub_funcao":"A\u00e7\u00e3o Legislativa","programa":"A\u00c7\u00c3O LEGISLATIVA","acao":"INDENIZA\u00c7\u00d5ES E RESTITUI\u00c7\u00d5ES DIVERSAS (FMS)","ident_acao":"Atividade","cat_econ":"Despesa Corrente","natureza_despesa":"Outras Despesas Correntes","modalidade_despesa":"Aplica\u00e7\u00f5es Diretas","elemento_despesa":"Outros Servi\u00e7os de Terceiros - Pessoa Jur\u00eddica","sub_elem_desp":"SEM SUBELEMENTO","fonte_recurso":"Recursos do Exerc\u00edcio Corrente \/ Outros Recursos n\u00e3o Vinculados \/ -"},{"ano_emissao_emp":"2023","n_emp":"0000359","data_emissao":"04\/10\/2023","valor":"1.131,81","tipo_empenho":"Ordin\u00e1rio","hist_emp":"Custeio do servico de confeccao de 02 (duas) lonas publicitarias, sendo uma com as dimensoes de 1,95x1,95 metros e outra com as dimensoes de 5,95x5,95 metros, com o proposito de exibir as artes em homenagem a figura de Pe. Zuzinha durante o evento legislativo -Medalha Padre Zuzinha,- conforme autorizado pela Lei Municipal n\u00ba 1.529\/2005. Dispensa de licitacao em razao do valor, artigo 75, inciso 2\u00ba da Lei 14.133\/21.","fornecedor":"SIGN COMUNICA\u00c7\u00c3O VISUAL LTDA","denom_uni_orc":"CORPO DELIBERATIVO E SECRETARIA","funcao":"Legislativa","sub_funcao":"A\u00e7\u00e3o Legislativa","programa":"A\u00c7\u00c3O LEGISLATIVA","acao":"AQUISI\u00c7\u00c3O DE M\u00d3VEIS, M\u00c1QUINAS E EQUIPAMENTOS DIVERSOS PARA O CONSELHO","ident_acao":"Atividade","cat_econ":"Despesa Corrente","natureza_despesa":"Outras Despesas Correntes","modalidade_despesa":"Aplica\u00e7\u00f5es Diretas","elemento_despesa":"Outros Servi\u00e7os de Terceiros - Pessoa Jur\u00eddica","sub_elem_desp":"SEM SUBELEMENTO","fonte_recurso":"Recursos do Exerc\u00edcio Corrente \/ Outros Recursos n\u00e3o Vinculados \/ -"},{"ano_emissao_emp":"2023","n_emp":"0000359","data_emissao":"04\/10\/2023","valor":"1.131,81","tipo_empenho":"Ordin\u00e1rio","hist_emp":"Custeio do servico de confeccao de 02 (duas) lonas publicitarias, sendo uma com as dimensoes de 1,95x1,95 metros e outra com as dimensoes de 5,95x5,95 metros, com o proposito de exibir as artes em homenagem a figura de Pe. Zuzinha durante o evento legislativo -Medalha Padre Zuzinha,- conforme autorizado pela Lei Municipal n\u00ba 1.529\/2005. Dispensa de licitacao em razao do valor, artigo 75, inciso 2\u00ba da Lei 14.133\/21.","fornecedor":"SIGN COMUNICA\u00c7\u00c3O VISUAL LTDA","denom_uni_orc":"CORPO DELIBERATIVO E SECRETARIA","funcao":"Legislativa","sub_funcao":"A\u00e7\u00e3o Legislativa","programa":"A\u00c7\u00c3O LEGISLATIVA","acao":"MANUTEN\u00c7\u00c3O DAS ATIVIDADES ADMINISTRATIVAS","ident_acao":"Atividade","cat_econ":"Despesa Corrente","natureza_despesa":"Outras Despesas Correntes","modalidade_despesa":"Aplica\u00e7\u00f5es Diretas","elemento_despesa":"Outros Servi\u00e7os de Terceiros - Pessoa Jur\u00eddica","sub_elem_desp":"SEM SUBELEMENTO","fonte_recurso":"Recursos do Exerc\u00edcio Corrente \/ Outros Recursos n\u00e3o Vinculados \/ -"},{"ano_emissao_emp":"2023","n_emp":"0000359","data_emissao":"04\/10\/2023","valor":"1.131,81","tipo_empenho":"Ordin\u00e1rio","hist_emp":"Custeio do servico de confeccao de 02 (duas) lonas publicitarias, sendo uma com as dimensoes de 1,95x1,95 metros e outra com as dimensoes de 5,95x5,95 metros, com o proposito de exibir as artes em homenagem a figura de Pe. Zuzinha durante o evento legislativo -Medalha Padre Zuzinha,- conforme autorizado pela Lei Municipal n\u00ba 1.529\/2005. Dispensa de licitacao em razao do valor, artigo 75, inciso 2\u00ba da Lei 14.133\/21.","fornecedor":"SIGN COMUNICA\u00c7\u00c3O VISUAL LTDA","denom_uni_orc":"CORPO DELIBERATIVO E SECRETARIA","funcao":"Legislativa","sub_funcao":"A\u00e7\u00e3o Legislativa","programa":"A\u00c7\u00c3O LEGISLATIVA","acao":"INDENIZA\u00c7\u00d5ES E RESTITUI\u00c7\u00d5ES DIVERSAS (FMS)","ident_acao":"Atividade","cat_econ":"Despesa Corrente","natureza_despesa":"Outras Despesas Correntes","modalidade_despesa":"Aplica\u00e7\u00f5es Diretas","elemento_despesa":"Outros Servi\u00e7os de Terceiros - Pessoa Jur\u00eddica","sub_elem_desp":"SEM SUBELEMENTO","fonte_recurso":"Recursos do Exerc\u00edcio Corrente \/ Outros Recursos n\u00e3o Vinculados \/ -"},{"ano_emissao_emp":"2023","n_emp":"0000360","data_emissao":"04\/10\/2023","valor":"1.720,00","tipo_empenho":"Ordin\u00e1rio","hist_emp":"Custeio da aquisicao de 03 (tres) placas em aco inoxidavel, com moldura em madeira forrada em preto, em formato retangular, com as seguintes dimensoes- moldura 52,3 cm (largura) x 42,1 cm (altura) e placas 39,00 cm (largura) x 29,00 cm (altura), conforme modelo elaborado pelo setor de comunicacao. Estas placas serao utilizadas para homenagear com o Titulo de Cidadao. Dispensa de licitacao em razao do valor, artigo 75, inciso 2\u00ba da Lei 14.133\/21.","fornecedor":"GERLANE FERREIRA PIMENTEL 06525788455","denom_uni_orc":"CORPO DELIBERATIVO E SECRETARIA","funcao":"Legislativa","sub_funcao":"A\u00e7\u00e3o Legislativa","programa":"A\u00c7\u00c3O LEGISLATIVA","acao":"AQUISI\u00c7\u00c3O DE M\u00d3VEIS, M\u00c1QUINAS E EQUIPAMENTOS DIVERSOS PARA O CONSELHO","ident_acao":"Atividade","cat_econ":"Despesa Corrente","natureza_despesa":"Outras Despesas Correntes","modalidade_despesa":"Aplica\u00e7\u00f5es Diretas","elemento_despesa":"Material de Consumo","sub_elem_desp":"SEM SUBELEMENTO","fonte_recurso":"Recursos do Exerc\u00edcio Corrente \/ Outros Recursos n\u00e3o Vinculados \/ -"},{"ano_emissao_emp":"2023","n_emp":"0000360","data_emissao":"04\/10\/2023","valor":"1.720,00","tipo_empenho":"Ordin\u00e1rio","hist_emp":"Custeio da aquisicao de 03 (tres) placas em aco inoxidavel, com moldura em madeira forrada em preto, em formato retangular, com as seguintes dimensoes- moldura 52,3 cm (largura) x 42,1 cm (altura) e placas 39,00 cm (largura) x 29,00 cm (altura), conforme modelo elaborado pelo setor de comunicacao. Estas placas serao utilizadas para homenagear com o Titulo de Cidadao. Dispensa de licitacao em razao do valor, artigo 75, inciso 2\u00ba da Lei 14.133\/21.","fornecedor":"GERLANE FERREIRA PIMENTEL 06525788455","denom_uni_orc":"CORPO DELIBERATIVO E SECRETARIA","funcao":"Legislativa","sub_funcao":"A\u00e7\u00e3o Legislativa","programa":"A\u00c7\u00c3O LEGISLATIVA","acao":"MANUTEN\u00c7\u00c3O DAS ATIVIDADES ADMINISTRATIVAS","ident_acao":"Atividade","cat_econ":"Despesa Corrente","natureza_despesa":"Outras Despesas Correntes","modalidade_despesa":"Aplica\u00e7\u00f5es Diretas","elemento_despesa":"Material de Consumo","sub_elem_desp":"SEM SUBELEMENTO","fonte_recurso":"Recursos do Exerc\u00edcio Corrente \/ Outros Recursos n\u00e3o Vinculados \/ -"},{"ano_emissao_emp":"2023","n_emp":"0000360","data_emissao":"04\/10\/2023","valor":"1.720,00","tipo_empenho":"Ordin\u00e1rio","hist_emp":"Custeio da aquisicao de 03 (tres) placas em aco inoxidavel, com moldura em madeira forrada em preto, em formato retangular, com as seguintes dimensoes- moldura 52,3 cm (largura) x 42,1 cm (altura) e placas 39,00 cm (largura) x 29,00 cm (altura), conforme modelo elaborado pelo setor de comunicacao. Estas placas serao utilizadas para homenagear com o Titulo de Cidadao. Dispensa de licitacao em razao do valor, artigo 75, inciso 2\u00ba da Lei 14.133\/21.","fornecedor":"GERLANE FERREIRA PIMENTEL 06525788455","denom_uni_orc":"CORPO DELIBERATIVO E SECRETARIA","funcao":"Legislativa","sub_funcao":"A\u00e7\u00e3o Legislativa","programa":"A\u00c7\u00c3O LEGISLATIVA","acao":"INDENIZA\u00c7\u00d5ES E RESTITUI\u00c7\u00d5ES DIVERSAS (FMS)","ident_acao":"Atividade","cat_econ":"Despesa Corrente","natureza_despesa":"Outras Despesas Correntes","modalidade_despesa":"Aplica\u00e7\u00f5es Diretas","elemento_despesa":"Material de Consumo","sub_elem_desp":"SEM SUBELEMENTO","fonte_recurso":"Recursos do Exerc\u00edcio Corrente \/ Outros Recursos n\u00e3o Vinculados \/ -"},{"ano_emissao_emp":"2023","n_emp":"0000361","data_emissao":"10\/10\/2023","valor":"5.970,00","tipo_empenho":"Ordin\u00e1rio","hist_emp":"Custeio dos servicos de elaboracao de projeto de geracao fotovoltaica de microgeracao a ser instalado na Camara de Vereadores deste municipio, visando promover a sustentabilidade e gerar economia monetaria. Dispensa de licitacao em razao do valor, artigo 75, inciso 2\u00ba da Lei 14.133\/21.","fornecedor":"JO\u00c3O MARTINS DA  SILVA","denom_uni_orc":"CORPO DELIBERATIVO E SECRETARIA","funcao":"Legislativa","sub_funcao":"A\u00e7\u00e3o Legislativa","programa":"A\u00c7\u00c3O LEGISLATIVA","acao":"AQUISI\u00c7\u00c3O DE M\u00d3VEIS, M\u00c1QUINAS E EQUIPAMENTOS DIVERSOS PARA O CONSELHO","ident_acao":"Atividade","cat_econ":"Despesa Corrente","natureza_despesa":"Outras Despesas Correntes","modalidade_despesa":"Aplica\u00e7\u00f5es Diretas","elemento_despesa":"Outros Servi\u00e7os de Terceiros - Pessoa F\u00edsica","sub_elem_desp":"SERVI\u00c7OS T\u00c9CNICOS PROFISSIONAIS","fonte_recurso":"Recursos do Exerc\u00edcio Corrente \/ Outros Recursos n\u00e3o Vinculados \/ -"},{"ano_emissao_emp":"2023","n_emp":"0000361","data_emissao":"10\/10\/2023","valor":"5.970,00","tipo_empenho":"Ordin\u00e1rio","hist_emp":"Custeio dos servicos de elaboracao de projeto de geracao fotovoltaica de microgeracao a ser instalado na Camara de Vereadores deste municipio, visando promover a sustentabilidade e gerar economia monetaria. Dispensa de licitacao em razao do valor, artigo 75, inciso 2\u00ba da Lei 14.133\/21.","fornecedor":"JO\u00c3O MARTINS DA  SILVA","denom_uni_orc":"CORPO DELIBERATIVO E SECRETARIA","funcao":"Legislativa","sub_funcao":"A\u00e7\u00e3o Legislativa","programa":"A\u00c7\u00c3O LEGISLATIVA","acao":"MANUTEN\u00c7\u00c3O DAS ATIVIDADES ADMINISTRATIVAS","ident_acao":"Atividade","cat_econ":"Despesa Corrente","natureza_despesa":"Outras Despesas Correntes","modalidade_despesa":"Aplica\u00e7\u00f5es Diretas","elemento_despesa":"Outros Servi\u00e7os de Terceiros - Pessoa F\u00edsica","sub_elem_desp":"SERVI\u00c7OS T\u00c9CNICOS PROFISSIONAIS","fonte_recurso":"Recursos do Exerc\u00edcio Corrente \/ Outros Recursos n\u00e3o Vinculados \/ -"},{"ano_emissao_emp":"2023","n_emp":"0000361","data_emissao":"10\/10\/2023","valor":"5.970,00","tipo_empenho":"Ordin\u00e1rio","hist_emp":"Custeio dos servicos de elaboracao de projeto de geracao fotovoltaica de microgeracao a ser instalado na Camara de Vereadores deste municipio, visando promover a sustentabilidade e gerar economia monetaria. Dispensa de licitacao em razao do valor, artigo 75, inciso 2\u00ba da Lei 14.133\/21.","fornecedor":"JO\u00c3O MARTINS DA  SILVA","denom_uni_orc":"CORPO DELIBERATIVO E SECRETARIA","funcao":"Legislativa","sub_funcao":"A\u00e7\u00e3o Legislativa","programa":"A\u00c7\u00c3O LEGISLATIVA","acao":"INDENIZA\u00c7\u00d5ES E RESTITUI\u00c7\u00d5ES DIVERSAS (FMS)","ident_acao":"Atividade","cat_econ":"Despesa Corrente","natureza_despesa":"Outras Despesas Correntes","modalidade_despesa":"Aplica\u00e7\u00f5es Diretas","elemento_despesa":"Outros Servi\u00e7os de Terceiros - Pessoa F\u00edsica","sub_elem_desp":"SERVI\u00c7OS T\u00c9CNICOS PROFISSIONAIS","fonte_recurso":"Recursos do Exerc\u00edcio Corrente \/ Outros Recursos n\u00e3o Vinculados \/ -"},{"ano_emissao_emp":"2023","n_emp":"0000362","data_emissao":"10\/10\/2023","valor":"28,90","tipo_empenho":"Ordin\u00e1rio","hist_emp":"Custeio da aquisicao de 01 (um) saco de argamassa para a confeccao de uma mesa de pecas de marmore, conforme solicitado no oficio n\u00b0 30\/2023 - Sec. Dispensa de licitacao em razao do valor, artigo 75, inciso 2\u00ba da Lei 14.133\/21.","fornecedor":"JCL LAJES E MATERIAIS PARA CONSTRU\u00c7\u00c3O LTDA","denom_uni_orc":"CORPO DELIBERATIVO E SECRETARIA","funcao":"Legislativa","sub_funcao":"A\u00e7\u00e3o Legislativa","programa":"A\u00c7\u00c3O LEGISLATIVA","acao":"AQUISI\u00c7\u00c3O DE M\u00d3VEIS, M\u00c1QUINAS E EQUIPAMENTOS DIVERSOS PARA O CONSELHO","ident_acao":"Atividade","cat_econ":"Despesa Corrente","natureza_despesa":"Outras Despesas Correntes","modalidade_despesa":"Aplica\u00e7\u00f5es Diretas","elemento_despesa":"Material de Consumo","sub_elem_desp":"SEM SUBELEMENTO","fonte_recurso":"Recursos do Exerc\u00edcio Corrente \/ Outros Recursos n\u00e3o Vinculados \/ -"},{"ano_emissao_emp":"2023","n_emp":"0000362","data_emissao":"10\/10\/2023","valor":"28,90","tipo_empenho":"Ordin\u00e1rio","hist_emp":"Custeio da aquisicao de 01 (um) saco de argamassa para a confeccao de uma mesa de pecas de marmore, conforme solicitado no oficio n\u00b0 30\/2023 - Sec. Dispensa de licitacao em razao do valor, artigo 75, inciso 2\u00ba da Lei 14.133\/21.","fornecedor":"JCL LAJES E MATERIAIS PARA CONSTRU\u00c7\u00c3O LTDA","denom_uni_orc":"CORPO DELIBERATIVO E SECRETARIA","funcao":"Legislativa","sub_funcao":"A\u00e7\u00e3o Legislativa","programa":"A\u00c7\u00c3O LEGISLATIVA","acao":"MANUTEN\u00c7\u00c3O DAS ATIVIDADES ADMINISTRATIVAS","ident_acao":"Atividade","cat_econ":"Despesa Corrente","natureza_despesa":"Outras Despesas Correntes","modalidade_despesa":"Aplica\u00e7\u00f5es Diretas","elemento_despesa":"Material de Consumo","sub_elem_desp":"SEM SUBELEMENTO","fonte_recurso":"Recursos do Exerc\u00edcio Corrente \/ Outros Recursos n\u00e3o Vinculados \/ -"},{"ano_emissao_emp":"2023","n_emp":"0000362","data_emissao":"10\/10\/2023","valor":"28,90","tipo_empenho":"Ordin\u00e1rio","hist_emp":"Custeio da aquisicao de 01 (um) saco de argamassa para a confeccao de uma mesa de pecas de marmore, conforme solicitado no oficio n\u00b0 30\/2023 - Sec. Dispensa de licitacao em razao do valor, artigo 75, inciso 2\u00ba da Lei 14.133\/21.","fornecedor":"JCL LAJES E MATERIAIS PARA CONSTRU\u00c7\u00c3O LTDA","denom_uni_orc":"CORPO DELIBERATIVO E SECRETARIA","funcao":"Legislativa","sub_funcao":"A\u00e7\u00e3o Legislativa","programa":"A\u00c7\u00c3O LEGISLATIVA","acao":"INDENIZA\u00c7\u00d5ES E RESTITUI\u00c7\u00d5ES DIVERSAS (FMS)","ident_acao":"Atividade","cat_econ":"Despesa Corrente","natureza_despesa":"Outras Despesas Correntes","modalidade_despesa":"Aplica\u00e7\u00f5es Diretas","elemento_despesa":"Material de Consumo","sub_elem_desp":"SEM SUBELEMENTO","fonte_recurso":"Recursos do Exerc\u00edcio Corrente \/ Outros Recursos n\u00e3o Vinculados \/ -"},{"ano_emissao_emp":"2023","n_emp":"0000363","data_emissao":"10\/10\/2023","valor":"480,00","tipo_empenho":"Ordin\u00e1rio","hist_emp":"Custeio referente ao pagamento do auxilio-transporte do mes de outubro, que sera creditado no cartao corporativo do servidor desta Casa Legislativa, Saulo Correia de Albuquerque, cartao numero 2.208.349.662, fornecido pela empresa Logo Transportes Ltda, conforme o artigo 50, inciso II, e o artigo 51 da Lei Municipal 923\/1990, bem como o disposto na Portaria 78\/2023. Dispensa de licitacao em razao do valor, artigo 75, inciso 2\u00ba da Lei 14.133\/21.","fornecedor":"LOGO TRANSPORTES LTDA","denom_uni_orc":"CORPO DELIBERATIVO E SECRETARIA","funcao":"Legislativa","sub_funcao":"A\u00e7\u00e3o Legislativa","programa":"A\u00c7\u00c3O LEGISLATIVA","acao":"AQUISI\u00c7\u00c3O DE M\u00d3VEIS, M\u00c1QUINAS E EQUIPAMENTOS DIVERSOS PARA O CONSELHO","ident_acao":"Atividade","cat_econ":"Despesa Corrente","natureza_despesa":"Outras Despesas Correntes","modalidade_despesa":"Aplica\u00e7\u00f5es Diretas","elemento_despesa":"Outros Servi\u00e7os de Terceiros - Pessoa Jur\u00eddica","sub_elem_desp":"SEM SUBELEMENTO","fonte_recurso":"Recursos do Exerc\u00edcio Corrente \/ Outros Recursos n\u00e3o Vinculados \/ -"},{"ano_emissao_emp":"2023","n_emp":"0000363","data_emissao":"10\/10\/2023","valor":"480,00","tipo_empenho":"Ordin\u00e1rio","hist_emp":"Custeio referente ao pagamento do auxilio-transporte do mes de outubro, que sera creditado no cartao corporativo do servidor desta Casa Legislativa, Saulo Correia de Albuquerque, cartao numero 2.208.349.662, fornecido pela empresa Logo Transportes Ltda, conforme o artigo 50, inciso II, e o artigo 51 da Lei Municipal 923\/1990, bem como o disposto na Portaria 78\/2023. Dispensa de licitacao em razao do valor, artigo 75, inciso 2\u00ba da Lei 14.133\/21.","fornecedor":"LOGO TRANSPORTES LTDA","denom_uni_orc":"CORPO DELIBERATIVO E SECRETARIA","funcao":"Legislativa","sub_funcao":"A\u00e7\u00e3o Legislativa","programa":"A\u00c7\u00c3O LEGISLATIVA","acao":"MANUTEN\u00c7\u00c3O DAS ATIVIDADES ADMINISTRATIVAS","ident_acao":"Atividade","cat_econ":"Despesa Corrente","natureza_despesa":"Outras Despesas Correntes","modalidade_despesa":"Aplica\u00e7\u00f5es Diretas","elemento_despesa":"Outros Servi\u00e7os de Terceiros - Pessoa Jur\u00eddica","sub_elem_desp":"SEM SUBELEMENTO","fonte_recurso":"Recursos do Exerc\u00edcio Corrente \/ Outros Recursos n\u00e3o Vinculados \/ -"},{"ano_emissao_emp":"2023","n_emp":"0000363","data_emissao":"10\/10\/2023","valor":"480,00","tipo_empenho":"Ordin\u00e1rio","hist_emp":"Custeio referente ao pagamento do auxilio-transporte do mes de outubro, que sera creditado no cartao corporativo do servidor desta Casa Legislativa, Saulo Correia de Albuquerque, cartao numero 2.208.349.662, fornecido pela empresa Logo Transportes Ltda, conforme o artigo 50, inciso II, e o artigo 51 da Lei Municipal 923\/1990, bem como o disposto na Portaria 78\/2023. Dispensa de licitacao em razao do valor, artigo 75, inciso 2\u00ba da Lei 14.133\/21.","fornecedor":"LOGO TRANSPORTES LTDA","denom_uni_orc":"CORPO DELIBERATIVO E SECRETARIA","funcao":"Legislativa","sub_funcao":"A\u00e7\u00e3o Legislativa","programa":"A\u00c7\u00c3O LEGISLATIVA","acao":"INDENIZA\u00c7\u00d5ES E RESTITUI\u00c7\u00d5ES DIVERSAS (FMS)","ident_acao":"Atividade","cat_econ":"Despesa Corrente","natureza_despesa":"Outras Despesas Correntes","modalidade_despesa":"Aplica\u00e7\u00f5es Diretas","elemento_despesa":"Outros Servi\u00e7os de Terceiros - Pessoa Jur\u00eddica","sub_elem_desp":"SEM SUBELEMENTO","fonte_recurso":"Recursos do Exerc\u00edcio Corrente \/ Outros Recursos n\u00e3o Vinculados \/ -"},{"ano_emissao_emp":"2023","n_emp":"0000364","data_emissao":"10\/10\/2023","valor":"350,00","tipo_empenho":"Ordin\u00e1rio","hist_emp":"Custeio de 01 (uma) diaria sem pernoite para a cidade do Recife, destinada a Vereadora Jessyca Cavalcante, que na oportunidade ira visitar a Secretaria de Recursos Hidricos. Dispensa de licitacao em razao do valor, artigo 75, inciso 2\u00ba da Lei 14.133\/21.","fornecedor":"JESSYCA M\u00d4NICA DE LIMA CAVALCANTI","denom_uni_orc":"CORPO DELIBERATIVO E SECRETARIA","funcao":"Legislativa","sub_funcao":"A\u00e7\u00e3o Legislativa","programa":"A\u00c7\u00c3O LEGISLATIVA","acao":"AQUISI\u00c7\u00c3O DE EQUIPAMENTOS DIVERSOS PARA O PROGRAMA PRIMEIRA INF\u00c2NCIA N","ident_acao":"Atividade","cat_econ":"Despesa Corrente","natureza_despesa":"Outras Despesas Correntes","modalidade_despesa":"Aplica\u00e7\u00f5es Diretas","elemento_despesa":"Di\u00e1rias \u2013 Civil","sub_elem_desp":"SEM SUBELEMENTO","fonte_recurso":"Recursos do Exerc\u00edcio Corrente \/ Outros Recursos n\u00e3o Vinculados \/ -"},{"ano_emissao_emp":"2023","n_emp":"0000364","data_emissao":"10\/10\/2023","valor":"350,00","tipo_empenho":"Ordin\u00e1rio","hist_emp":"Custeio de 01 (uma) diaria sem pernoite para a cidade do Recife, destinada a Vereadora Jessyca Cavalcante, que na oportunidade ira visitar a Secretaria de Recursos Hidricos. Dispensa de licitacao em razao do valor, artigo 75, inciso 2\u00ba da Lei 14.133\/21.","fornecedor":"JESSYCA M\u00d4NICA DE LIMA CAVALCANTI","denom_uni_orc":"CORPO DELIBERATIVO E SECRETARIA","funcao":"Legislativa","sub_funcao":"A\u00e7\u00e3o Legislativa","programa":"A\u00c7\u00c3O LEGISLATIVA","acao":"MANUTEN\u00c7\u00c3O DAS ATIVIDADES LEGISLATIVAS","ident_acao":"Atividade","cat_econ":"Despesa Corrente","natureza_despesa":"Outras Despesas Correntes","modalidade_despesa":"Aplica\u00e7\u00f5es Diretas","elemento_despesa":"Di\u00e1rias \u2013 Civil","sub_elem_desp":"SEM SUBELEMENTO","fonte_recurso":"Recursos do Exerc\u00edcio Corrente \/ Outros Recursos n\u00e3o Vinculados \/ -"},{"ano_emissao_emp":"2023","n_emp":"0000365","data_emissao":"17\/10\/2023","valor":"40,00","tipo_empenho":"Ordin\u00e1rio","hist_emp":"Valor que se empenha para fazer face ao custeio com a manutencao da hospedagem do site desta Camara de Vereadores ate dezembro do ano corrente. Dispensa de licitacao em razao do valor,  artigo 75, inciso 2\u00ba da Lei 14.133\/21.- (314 caracteres, incluindo espacos)","fornecedor":"BRS SP SUPRIMENTOS CORPORATIVOS LTDA.","denom_uni_orc":"CORPO DELIBERATIVO E SECRETARIA","funcao":"Legislativa","sub_funcao":"A\u00e7\u00e3o Legislativa","programa":"A\u00c7\u00c3O LEGISLATIVA","acao":"AQUISI\u00c7\u00c3O DE M\u00d3VEIS, M\u00c1QUINAS E EQUIPAMENTOS DIVERSOS PARA O CONSELHO","ident_acao":"Atividade","cat_econ":"Despesa Corrente","natureza_despesa":"Outras Despesas Correntes","modalidade_despesa":"Aplica\u00e7\u00f5es Diretas","elemento_despesa":"Outros Servi\u00e7os de Terceiros - Pessoa Jur\u00eddica","sub_elem_desp":"SEM SUBELEMENTO","fonte_recurso":"Recursos do Exerc\u00edcio Corrente \/ Outros Recursos n\u00e3o Vinculados \/ -"},{"ano_emissao_emp":"2023","n_emp":"0000365","data_emissao":"17\/10\/2023","valor":"40,00","tipo_empenho":"Ordin\u00e1rio","hist_emp":"Valor que se empenha para fazer face ao custeio com a manutencao da hospedagem do site desta Camara de Vereadores ate dezembro do ano corrente. Dispensa de licitacao em razao do valor,  artigo 75, inciso 2\u00ba da Lei 14.133\/21.- (314 caracteres, incluindo espacos)","fornecedor":"BRS SP SUPRIMENTOS CORPORATIVOS LTDA.","denom_uni_orc":"CORPO DELIBERATIVO E SECRETARIA","funcao":"Legislativa","sub_funcao":"A\u00e7\u00e3o Legislativa","programa":"A\u00c7\u00c3O LEGISLATIVA","acao":"MANUTEN\u00c7\u00c3O DAS ATIVIDADES ADMINISTRATIVAS","ident_acao":"Atividade","cat_econ":"Despesa Corrente","natureza_despesa":"Outras Despesas Correntes","modalidade_despesa":"Aplica\u00e7\u00f5es Diretas","elemento_despesa":"Outros Servi\u00e7os de Terceiros - Pessoa Jur\u00eddica","sub_elem_desp":"SEM SUBELEMENTO","fonte_recurso":"Recursos do Exerc\u00edcio Corrente \/ Outros Recursos n\u00e3o Vinculados \/ -"},{"ano_emissao_emp":"2023","n_emp":"0000365","data_emissao":"17\/10\/2023","valor":"40,00","tipo_empenho":"Ordin\u00e1rio","hist_emp":"Valor que se empenha para fazer face ao custeio com a manutencao da hospedagem do site desta Camara de Vereadores ate dezembro do ano corrente. Dispensa de licitacao em razao do valor,  artigo 75, inciso 2\u00ba da Lei 14.133\/21.- (314 caracteres, incluindo espacos)","fornecedor":"BRS SP SUPRIMENTOS CORPORATIVOS LTDA.","denom_uni_orc":"CORPO DELIBERATIVO E SECRETARIA","funcao":"Legislativa","sub_funcao":"A\u00e7\u00e3o Legislativa","programa":"A\u00c7\u00c3O LEGISLATIVA","acao":"INDENIZA\u00c7\u00d5ES E RESTITUI\u00c7\u00d5ES DIVERSAS (FMS)","ident_acao":"Atividade","cat_econ":"Despesa Corrente","natureza_despesa":"Outras Despesas Correntes","modalidade_despesa":"Aplica\u00e7\u00f5es Diretas","elemento_despesa":"Outros Servi\u00e7os de Terceiros - Pessoa Jur\u00eddica","sub_elem_desp":"SEM SUBELEMENTO","fonte_recurso":"Recursos do Exerc\u00edcio Corrente \/ Outros Recursos n\u00e3o Vinculados \/ -"},{"ano_emissao_emp":"2023","n_emp":"0000366","data_emissao":"19\/10\/2023","valor":"1.670,00","tipo_empenho":"Ordin\u00e1rio","hist_emp":"Custeio da prestacao de servico de reforma que compreende a sala da tesouraria e o controle interno, ampliando seu espaco ao unir-se com a sala onde funciona o setor de compras, devido a necessidade de um espaco adequado para a execucao dos servicos dos setores mencionados. Dispensa de licitacao em razao do valor, artigo 75, inciso 2\u00ba da Lei 14.133\/21.","fornecedor":"JOSE HILTON BEZERRA DE ALMEIDA","denom_uni_orc":"CORPO DELIBERATIVO E SECRETARIA","funcao":"Legislativa","sub_funcao":"A\u00e7\u00e3o Legislativa","programa":"A\u00c7\u00c3O LEGISLATIVA","acao":"AQUISI\u00c7\u00c3O DE M\u00d3VEIS, M\u00c1QUINAS E EQUIPAMENTOS DIVERSOS PARA O CONSELHO","ident_acao":"Atividade","cat_econ":"Despesa Corrente","natureza_despesa":"Outras Despesas Correntes","modalidade_despesa":"Aplica\u00e7\u00f5es Diretas","elemento_despesa":"Outros Servi\u00e7os de Terceiros - Pessoa F\u00edsica","sub_elem_desp":"MANUTEN\u00c7\u00c3O E CONSERVA\u00c7\u00c3O DE BENS IM\u00d3VEIS","fonte_recurso":"Recursos do Exerc\u00edcio Corrente \/ Outros Recursos n\u00e3o Vinculados \/ -"},{"ano_emissao_emp":"2023","n_emp":"0000366","data_emissao":"19\/10\/2023","valor":"1.670,00","tipo_empenho":"Ordin\u00e1rio","hist_emp":"Custeio da prestacao de servico de reforma que compreende a sala da tesouraria e o controle interno, ampliando seu espaco ao unir-se com a sala onde funciona o setor de compras, devido a necessidade de um espaco adequado para a execucao dos servicos dos setores mencionados. Dispensa de licitacao em razao do valor, artigo 75, inciso 2\u00ba da Lei 14.133\/21.","fornecedor":"JOSE HILTON BEZERRA DE ALMEIDA","denom_uni_orc":"CORPO DELIBERATIVO E SECRETARIA","funcao":"Legislativa","sub_funcao":"A\u00e7\u00e3o Legislativa","programa":"A\u00c7\u00c3O LEGISLATIVA","acao":"MANUTEN\u00c7\u00c3O DAS ATIVIDADES ADMINISTRATIVAS","ident_acao":"Atividade","cat_econ":"Despesa Corrente","natureza_despesa":"Outras Despesas Correntes","modalidade_despesa":"Aplica\u00e7\u00f5es Diretas","elemento_despesa":"Outros Servi\u00e7os de Terceiros - Pessoa F\u00edsica","sub_elem_desp":"MANUTEN\u00c7\u00c3O E CONSERVA\u00c7\u00c3O DE BENS IM\u00d3VEIS","fonte_recurso":"Recursos do Exerc\u00edcio Corrente \/ Outros Recursos n\u00e3o Vinculados \/ -"},{"ano_emissao_emp":"2023","n_emp":"0000366","data_emissao":"19\/10\/2023","valor":"1.670,00","tipo_empenho":"Ordin\u00e1rio","hist_emp":"Custeio da prestacao de servico de reforma que compreende a sala da tesouraria e o controle interno, ampliando seu espaco ao unir-se com a sala onde funciona o setor de compras, devido a necessidade de um espaco adequado para a execucao dos servicos dos setores mencionados. Dispensa de licitacao em razao do valor, artigo 75, inciso 2\u00ba da Lei 14.133\/21.","fornecedor":"JOSE HILTON BEZERRA DE ALMEIDA","denom_uni_orc":"CORPO DELIBERATIVO E SECRETARIA","funcao":"Legislativa","sub_funcao":"A\u00e7\u00e3o Legislativa","programa":"A\u00c7\u00c3O LEGISLATIVA","acao":"INDENIZA\u00c7\u00d5ES E RESTITUI\u00c7\u00d5ES DIVERSAS (FMS)","ident_acao":"Atividade","cat_econ":"Despesa Corrente","natureza_despesa":"Outras Despesas Correntes","modalidade_despesa":"Aplica\u00e7\u00f5es Diretas","elemento_despesa":"Outros Servi\u00e7os de Terceiros - Pessoa F\u00edsica","sub_elem_desp":"MANUTEN\u00c7\u00c3O E CONSERVA\u00c7\u00c3O DE BENS IM\u00d3VEIS","fonte_recurso":"Recursos do Exerc\u00edcio Corrente \/ Outros Recursos n\u00e3o Vinculados \/ -"},{"ano_emissao_emp":"2023","n_emp":"0000367","data_emissao":"19\/10\/2023","valor":"800.000,00","tipo_empenho":"Estimativo","hist_emp":"Valor que se empenha para fazer face ao pagamento dos vencimentos dos servidores comissionados desta Casa Legislativa, no periodo de outubro a dezembro do exercicio de 2023.","fornecedor":"FOLHA DE PAGAMENTO","denom_uni_orc":"CORPO DELIBERATIVO E SECRETARIA","funcao":"Legislativa","sub_funcao":"A\u00e7\u00e3o Legislativa","programa":"A\u00c7\u00c3O LEGISLATIVA","acao":"AQUISI\u00c7\u00c3O DE M\u00d3VEIS, M\u00c1QUINAS E EQUIPAMENTOS DIVERSOS PARA O CONSELHO","ident_acao":"Atividade","cat_econ":"Despesa Corrente","natureza_despesa":"Pessoal e Encargos Sociais","modalidade_despesa":"Aplica\u00e7\u00f5es Diretas","elemento_despesa":"Vencimentos e Vantagens Fixas - Pessoal Civil","sub_elem_desp":"SEM SUBELEMENTO","fonte_recurso":"Recursos do Exerc\u00edcio Corrente \/ Outros Recursos n\u00e3o Vinculados \/ -"},{"ano_emissao_emp":"2023","n_emp":"0000367","data_emissao":"19\/10\/2023","valor":"800.000,00","tipo_empenho":"Estimativo","hist_emp":"Valor que se empenha para fazer face ao pagamento dos vencimentos dos servidores comissionados desta Casa Legislativa, no periodo de outubro a dezembro do exercicio de 2023.","fornecedor":"FOLHA DE PAGAMENTO","denom_uni_orc":"CORPO DELIBERATIVO E SECRETARIA","funcao":"Legislativa","sub_funcao":"A\u00e7\u00e3o Legislativa","programa":"A\u00c7\u00c3O LEGISLATIVA","acao":"MANUTEN\u00c7\u00c3O DAS ATIVIDADES ADMINISTRATIVAS","ident_acao":"Atividade","cat_econ":"Despesa Corrente","natureza_despesa":"Pessoal e Encargos Sociais","modalidade_despesa":"Aplica\u00e7\u00f5es Diretas","elemento_despesa":"Vencimentos e Vantagens Fixas - Pessoal Civil","sub_elem_desp":"SEM SUBELEMENTO","fonte_recurso":"Recursos do Exerc\u00edcio Corrente \/ Outros Recursos n\u00e3o Vinculados \/ -"},{"ano_emissao_emp":"2023","n_emp":"0000367","data_emissao":"19\/10\/2023","valor":"800.000,00","tipo_empenho":"Estimativo","hist_emp":"Valor que se empenha para fazer face ao pagamento dos vencimentos dos servidores comissionados desta Casa Legislativa, no periodo de outubro a dezembro do exercicio de 2023.","fornecedor":"FOLHA DE PAGAMENTO","denom_uni_orc":"CORPO DELIBERATIVO E SECRETARIA","funcao":"Legislativa","sub_funcao":"A\u00e7\u00e3o Legislativa","programa":"A\u00c7\u00c3O LEGISLATIVA","acao":"INDENIZA\u00c7\u00d5ES E RESTITUI\u00c7\u00d5ES DIVERSAS (FMS)","ident_acao":"Atividade","cat_econ":"Despesa Corrente","natureza_despesa":"Pessoal e Encargos Sociais","modalidade_despesa":"Aplica\u00e7\u00f5es Diretas","elemento_despesa":"Vencimentos e Vantagens Fixas - Pessoal Civil","sub_elem_desp":"SEM SUBELEMENTO","fonte_recurso":"Recursos do Exerc\u00edcio Corrente \/ Outros Recursos n\u00e3o Vinculados \/ -"},{"ano_emissao_emp":"2023","n_emp":"0000368","data_emissao":"19\/10\/2023","valor":"80,00","tipo_empenho":"Ordin\u00e1rio","hist_emp":"Custeio da aquisicao de 04 (quatro) metros de moldura de aluminio AF 13 INC com acabamento em brilho, destinados a confeccao de duas molduras, conforme solicitado no Oficio 42\/2023-SEC. Dispensa de licitacao em razao do valor, artigo 75, inciso 2\u00ba da Lei 14.133\/21.","fornecedor":"SAN VIDROS COMERCIO DE VIDROSLTDA","denom_uni_orc":"CORPO DELIBERATIVO E SECRETARIA","funcao":"Legislativa","sub_funcao":"A\u00e7\u00e3o Legislativa","programa":"A\u00c7\u00c3O LEGISLATIVA","acao":"AQUISI\u00c7\u00c3O DE M\u00d3VEIS, M\u00c1QUINAS E EQUIPAMENTOS DIVERSOS PARA O CONSELHO","ident_acao":"Atividade","cat_econ":"Despesa Corrente","natureza_despesa":"Outras Despesas Correntes","modalidade_despesa":"Aplica\u00e7\u00f5es Diretas","elemento_despesa":"Material de Consumo","sub_elem_desp":"SEM SUBELEMENTO","fonte_recurso":"Recursos do Exerc\u00edcio Corrente \/ Outros Recursos n\u00e3o Vinculados \/ -"},{"ano_emissao_emp":"2023","n_emp":"0000368","data_emissao":"19\/10\/2023","valor":"80,00","tipo_empenho":"Ordin\u00e1rio","hist_emp":"Custeio da aquisicao de 04 (quatro) metros de moldura de aluminio AF 13 INC com acabamento em brilho, destinados a confeccao de duas molduras, conforme solicitado no Oficio 42\/2023-SEC. Dispensa de licitacao em razao do valor, artigo 75, inciso 2\u00ba da Lei 14.133\/21.","fornecedor":"SAN VIDROS COMERCIO DE VIDROSLTDA","denom_uni_orc":"CORPO DELIBERATIVO E SECRETARIA","funcao":"Legislativa","sub_funcao":"A\u00e7\u00e3o Legislativa","programa":"A\u00c7\u00c3O LEGISLATIVA","acao":"MANUTEN\u00c7\u00c3O DAS ATIVIDADES ADMINISTRATIVAS","ident_acao":"Atividade","cat_econ":"Despesa Corrente","natureza_despesa":"Outras Despesas Correntes","modalidade_despesa":"Aplica\u00e7\u00f5es Diretas","elemento_despesa":"Material de Consumo","sub_elem_desp":"SEM SUBELEMENTO","fonte_recurso":"Recursos do Exerc\u00edcio Corrente \/ Outros Recursos n\u00e3o Vinculados \/ -"},{"ano_emissao_emp":"2023","n_emp":"0000368","data_emissao":"19\/10\/2023","valor":"80,00","tipo_empenho":"Ordin\u00e1rio","hist_emp":"Custeio da aquisicao de 04 (quatro) metros de moldura de aluminio AF 13 INC com acabamento em brilho, destinados a confeccao de duas molduras, conforme solicitado no Oficio 42\/2023-SEC. Dispensa de licitacao em razao do valor, artigo 75, inciso 2\u00ba da Lei 14.133\/21.","fornecedor":"SAN VIDROS COMERCIO DE VIDROSLTDA","denom_uni_orc":"CORPO DELIBERATIVO E SECRETARIA","funcao":"Legislativa","sub_funcao":"A\u00e7\u00e3o Legislativa","programa":"A\u00c7\u00c3O LEGISLATIVA","acao":"INDENIZA\u00c7\u00d5ES E RESTITUI\u00c7\u00d5ES DIVERSAS (FMS)","ident_acao":"Atividade","cat_econ":"Despesa Corrente","natureza_despesa":"Outras Despesas Correntes","modalidade_despesa":"Aplica\u00e7\u00f5es Diretas","elemento_despesa":"Material de Consumo","sub_elem_desp":"SEM SUBELEMENTO","fonte_recurso":"Recursos do Exerc\u00edcio Corrente \/ Outros Recursos n\u00e3o Vinculados \/ -"},{"ano_emissao_emp":"2023","n_emp":"0000369","data_emissao":"23\/10\/2023","valor":"4.424,80","tipo_empenho":"Ordin\u00e1rio","hist_emp":"Custeio da aquisicao de equipamentos, perifericos e suprimentos de informatica para esta Casa de Leis, destinados a atender as atividades administrativas. Itens relacionados abaixo. Dispensa de licitacao em razao do valor, artigo 75, inciso 2\u00ba da Lei 14.133\/21.","fornecedor":"B&F EMPREENDIMENTOS DIGITAIS","denom_uni_orc":"CORPO DELIBERATIVO E SECRETARIA","funcao":"Legislativa","sub_funcao":"A\u00e7\u00e3o Legislativa","programa":"A\u00c7\u00c3O LEGISLATIVA","acao":"AQUISI\u00c7\u00c3O DE M\u00d3VEIS, M\u00c1QUINAS E EQUIPAMENTOS DIVERSOS PARA O CONSELHO","ident_acao":"Atividade","cat_econ":"Despesa Corrente","natureza_despesa":"Outras Despesas Correntes","modalidade_despesa":"Aplica\u00e7\u00f5es Diretas","elemento_despesa":"Material de Consumo","sub_elem_desp":"MATERIAL DE PROCESSAMENTO DE DADOS","fonte_recurso":"Recursos do Exerc\u00edcio Corrente \/ Outros Recursos n\u00e3o Vinculados \/ -"},{"ano_emissao_emp":"2023","n_emp":"0000369","data_emissao":"23\/10\/2023","valor":"4.424,80","tipo_empenho":"Ordin\u00e1rio","hist_emp":"Custeio da aquisicao de equipamentos, perifericos e suprimentos de informatica para esta Casa de Leis, destinados a atender as atividades administrativas. Itens relacionados abaixo. Dispensa de licitacao em razao do valor, artigo 75, inciso 2\u00ba da Lei 14.133\/21.","fornecedor":"B&F EMPREENDIMENTOS DIGITAIS","denom_uni_orc":"CORPO DELIBERATIVO E SECRETARIA","funcao":"Legislativa","sub_funcao":"A\u00e7\u00e3o Legislativa","programa":"A\u00c7\u00c3O LEGISLATIVA","acao":"MANUTEN\u00c7\u00c3O DAS ATIVIDADES ADMINISTRATIVAS","ident_acao":"Atividade","cat_econ":"Despesa Corrente","natureza_despesa":"Outras Despesas Correntes","modalidade_despesa":"Aplica\u00e7\u00f5es Diretas","elemento_despesa":"Material de Consumo","sub_elem_desp":"MATERIAL DE PROCESSAMENTO DE DADOS","fonte_recurso":"Recursos do Exerc\u00edcio Corrente \/ Outros Recursos n\u00e3o Vinculados \/ -"},{"ano_emissao_emp":"2023","n_emp":"0000369","data_emissao":"23\/10\/2023","valor":"4.424,80","tipo_empenho":"Ordin\u00e1rio","hist_emp":"Custeio da aquisicao de equipamentos, perifericos e suprimentos de informatica para esta Casa de Leis, destinados a atender as atividades administrativas. Itens relacionados abaixo. Dispensa de licitacao em razao do valor, artigo 75, inciso 2\u00ba da Lei 14.133\/21.","fornecedor":"B&F EMPREENDIMENTOS DIGITAIS","denom_uni_orc":"CORPO DELIBERATIVO E SECRETARIA","funcao":"Legislativa","sub_funcao":"A\u00e7\u00e3o Legislativa","programa":"A\u00c7\u00c3O LEGISLATIVA","acao":"INDENIZA\u00c7\u00d5ES E RESTITUI\u00c7\u00d5ES DIVERSAS (FMS)","ident_acao":"Atividade","cat_econ":"Despesa Corrente","natureza_despesa":"Outras Despesas Correntes","modalidade_despesa":"Aplica\u00e7\u00f5es Diretas","elemento_despesa":"Material de Consumo","sub_elem_desp":"MATERIAL DE PROCESSAMENTO DE DADOS","fonte_recurso":"Recursos do Exerc\u00edcio Corrente \/ Outros Recursos n\u00e3o Vinculados \/ -"},{"ano_emissao_emp":"2023","n_emp":"0000370","data_emissao":"23\/10\/2023","valor":"1.729,70","tipo_empenho":"Ordin\u00e1rio","hist_emp":"valor que se empenha para fazer face a aquisicao de materiais de expediente para o funcionamento dos trabalhos desta casa legislativa,  itens relacionados abaixo. dispensa de licitacao em razao do valor, artigo 75, inciso 2\u00ba da lei 14.133\/21.","fornecedor":"GALDINO & SANTOS COMERCIAL LTDA","denom_uni_orc":"CORPO DELIBERATIVO E SECRETARIA","funcao":"Legislativa","sub_funcao":"A\u00e7\u00e3o Legislativa","programa":"A\u00c7\u00c3O LEGISLATIVA","acao":"AQUISI\u00c7\u00c3O DE M\u00d3VEIS, M\u00c1QUINAS E EQUIPAMENTOS DIVERSOS PARA O CONSELHO","ident_acao":"Atividade","cat_econ":"Despesa Corrente","natureza_despesa":"Outras Despesas Correntes","modalidade_despesa":"Aplica\u00e7\u00f5es Diretas","elemento_despesa":"Material de Consumo","sub_elem_desp":"SEM SUBELEMENTO","fonte_recurso":"Recursos do Exerc\u00edcio Corrente \/ Outros Recursos n\u00e3o Vinculados \/ -"},{"ano_emissao_emp":"2023","n_emp":"0000370","data_emissao":"23\/10\/2023","valor":"1.729,70","tipo_empenho":"Ordin\u00e1rio","hist_emp":"valor que se empenha para fazer face a aquisicao de materiais de expediente para o funcionamento dos trabalhos desta casa legislativa,  itens relacionados abaixo. dispensa de licitacao em razao do valor, artigo 75, inciso 2\u00ba da lei 14.133\/21.","fornecedor":"GALDINO & SANTOS COMERCIAL LTDA","denom_uni_orc":"CORPO DELIBERATIVO E SECRETARIA","funcao":"Legislativa","sub_funcao":"A\u00e7\u00e3o Legislativa","programa":"A\u00c7\u00c3O LEGISLATIVA","acao":"MANUTEN\u00c7\u00c3O DAS ATIVIDADES ADMINISTRATIVAS","ident_acao":"Atividade","cat_econ":"Despesa Corrente","natureza_despesa":"Outras Despesas Correntes","modalidade_despesa":"Aplica\u00e7\u00f5es Diretas","elemento_despesa":"Material de Consumo","sub_elem_desp":"SEM SUBELEMENTO","fonte_recurso":"Recursos do Exerc\u00edcio Corrente \/ Outros Recursos n\u00e3o Vinculados \/ -"},{"ano_emissao_emp":"2023","n_emp":"0000370","data_emissao":"23\/10\/2023","valor":"1.729,70","tipo_empenho":"Ordin\u00e1rio","hist_emp":"valor que se empenha para fazer face a aquisicao de materiais de expediente para o funcionamento dos trabalhos desta casa legislativa,  itens relacionados abaixo. dispensa de licitacao em razao do valor, artigo 75, inciso 2\u00ba da lei 14.133\/21.","fornecedor":"GALDINO & SANTOS COMERCIAL LTDA","denom_uni_orc":"CORPO DELIBERATIVO E SECRETARIA","funcao":"Legislativa","sub_funcao":"A\u00e7\u00e3o Legislativa","programa":"A\u00c7\u00c3O LEGISLATIVA","acao":"INDENIZA\u00c7\u00d5ES E RESTITUI\u00c7\u00d5ES DIVERSAS (FMS)","ident_acao":"Atividade","cat_econ":"Despesa Corrente","natureza_despesa":"Outras Despesas Correntes","modalidade_despesa":"Aplica\u00e7\u00f5es Diretas","elemento_despesa":"Material de Consumo","sub_elem_desp":"SEM SUBELEMENTO","fonte_recurso":"Recursos do Exerc\u00edcio Corrente \/ Outros Recursos n\u00e3o Vinculados \/ -"},{"ano_emissao_emp":"2023","n_emp":"0000371","data_emissao":"24\/10\/2023","valor":"350,00","tipo_empenho":"Ordin\u00e1rio","hist_emp":"Custeio de uma diaria sem pernoite,  para o vereador Jose Climerio Neto (presidente), com ida ate a cidade do Recife para participar de reuniao na ADEPE (Agencia de Desenvolvimento Economico de Pernambuco) como representante do poder legislativo do deste municipio, dispensa de licitacao em razao do valor, artigo 75, inciso II da Lei 14.133\/21.","fornecedor":"JOS\u00c9 CLIM\u00c9RIO NETO","denom_uni_orc":"CORPO DELIBERATIVO E SECRETARIA","funcao":"Legislativa","sub_funcao":"A\u00e7\u00e3o Legislativa","programa":"A\u00c7\u00c3O LEGISLATIVA","acao":"AQUISI\u00c7\u00c3O DE EQUIPAMENTOS DIVERSOS PARA O PROGRAMA PRIMEIRA INF\u00c2NCIA N","ident_acao":"Atividade","cat_econ":"Despesa Corrente","natureza_despesa":"Outras Despesas Correntes","modalidade_despesa":"Aplica\u00e7\u00f5es Diretas","elemento_despesa":"Di\u00e1rias \u2013 Civil","sub_elem_desp":"SEM SUBELEMENTO","fonte_recurso":"Recursos do Exerc\u00edcio Corrente \/ Outros Recursos n\u00e3o Vinculados \/ -"},{"ano_emissao_emp":"2023","n_emp":"0000371","data_emissao":"24\/10\/2023","valor":"350,00","tipo_empenho":"Ordin\u00e1rio","hist_emp":"Custeio de uma diaria sem pernoite,  para o vereador Jose Climerio Neto (presidente), com ida ate a cidade do Recife para participar de reuniao na ADEPE (Agencia de Desenvolvimento Economico de Pernambuco) como representante do poder legislativo do deste municipio, dispensa de licitacao em razao do valor, artigo 75, inciso II da Lei 14.133\/21.","fornecedor":"JOS\u00c9 CLIM\u00c9RIO NETO","denom_uni_orc":"CORPO DELIBERATIVO E SECRETARIA","funcao":"Legislativa","sub_funcao":"A\u00e7\u00e3o Legislativa","programa":"A\u00c7\u00c3O LEGISLATIVA","acao":"MANUTEN\u00c7\u00c3O DAS ATIVIDADES LEGISLATIVAS","ident_acao":"Atividade","cat_econ":"Despesa Corrente","natureza_despesa":"Outras Despesas Correntes","modalidade_despesa":"Aplica\u00e7\u00f5es Diretas","elemento_despesa":"Di\u00e1rias \u2013 Civil","sub_elem_desp":"SEM SUBELEMENTO","fonte_recurso":"Recursos do Exerc\u00edcio Corrente \/ Outros Recursos n\u00e3o Vinculados \/ -"},{"ano_emissao_emp":"2023","n_emp":"0000372","data_emissao":"24\/10\/2023","valor":"350,00","tipo_empenho":"Ordin\u00e1rio","hist_emp":"Custeio de uma diaria sem pernoite para o Vereador Jose Manoel de Lima, para deslocamento a Cidade do Recife em visita a Empresa Construtora Neves Pereira Engenharia, em diligencia, sendo ele membro Relator da CPI da Reforma. Dispensa de licitacao em razao do valor, artigo 75, inciso II da Lei 14.133\/21.","fornecedor":"JOS\u00c9 MANOEL DE LIMA","denom_uni_orc":"CORPO DELIBERATIVO E SECRETARIA","funcao":"Legislativa","sub_funcao":"A\u00e7\u00e3o Legislativa","programa":"A\u00c7\u00c3O LEGISLATIVA","acao":"AQUISI\u00c7\u00c3O DE EQUIPAMENTOS DIVERSOS PARA O PROGRAMA PRIMEIRA INF\u00c2NCIA N","ident_acao":"Atividade","cat_econ":"Despesa Corrente","natureza_despesa":"Outras Despesas Correntes","modalidade_despesa":"Aplica\u00e7\u00f5es Diretas","elemento_despesa":"Di\u00e1rias \u2013 Civil","sub_elem_desp":"SEM SUBELEMENTO","fonte_recurso":"Recursos do Exerc\u00edcio Corrente \/ Outros Recursos n\u00e3o Vinculados \/ -"},{"ano_emissao_emp":"2023","n_emp":"0000372","data_emissao":"24\/10\/2023","valor":"350,00","tipo_empenho":"Ordin\u00e1rio","hist_emp":"Custeio de uma diaria sem pernoite para o Vereador Jose Manoel de Lima, para deslocamento a Cidade do Recife em visita a Empresa Construtora Neves Pereira Engenharia, em diligencia, sendo ele membro Relator da CPI da Reforma. Dispensa de licitacao em razao do valor, artigo 75, inciso II da Lei 14.133\/21.","fornecedor":"JOS\u00c9 MANOEL DE LIMA","denom_uni_orc":"CORPO DELIBERATIVO E SECRETARIA","funcao":"Legislativa","sub_funcao":"A\u00e7\u00e3o Legislativa","programa":"A\u00c7\u00c3O LEGISLATIVA","acao":"MANUTEN\u00c7\u00c3O DAS ATIVIDADES LEGISLATIVAS","ident_acao":"Atividade","cat_econ":"Despesa Corrente","natureza_despesa":"Outras Despesas Correntes","modalidade_despesa":"Aplica\u00e7\u00f5es Diretas","elemento_despesa":"Di\u00e1rias \u2013 Civil","sub_elem_desp":"SEM SUBELEMENTO","fonte_recurso":"Recursos do Exerc\u00edcio Corrente \/ Outros Recursos n\u00e3o Vinculados \/ -"},{"ano_emissao_emp":"2023","n_emp":"0000373","data_emissao":"24\/10\/2023","valor":"350,00","tipo_empenho":"Ordin\u00e1rio","hist_emp":"Custeio de uma diaria sem pernoite para a Vereadora Rozangela Maria dos Santos, a fim de participar de reuniao na sede da Agencia Pernambucana de \u00c1guas e Climas, voltada para tratar de questoes pertinentes ao Acude da Manhosa, agendada para terca-feira (24). Dispensa de licitacao em razao do valor,  artigo 75, inciso II da Lei 14.133\/21.","fornecedor":"ROZ\u00c2NGELA MARIA DOS SANTOS","denom_uni_orc":"CORPO DELIBERATIVO E SECRETARIA","funcao":"Legislativa","sub_funcao":"A\u00e7\u00e3o Legislativa","programa":"A\u00c7\u00c3O LEGISLATIVA","acao":"AQUISI\u00c7\u00c3O DE EQUIPAMENTOS DIVERSOS PARA O PROGRAMA PRIMEIRA INF\u00c2NCIA N","ident_acao":"Atividade","cat_econ":"Despesa Corrente","natureza_despesa":"Outras Despesas Correntes","modalidade_despesa":"Aplica\u00e7\u00f5es Diretas","elemento_despesa":"Di\u00e1rias \u2013 Civil","sub_elem_desp":"SEM SUBELEMENTO","fonte_recurso":"Recursos do Exerc\u00edcio Corrente \/ Outros Recursos n\u00e3o Vinculados \/ -"},{"ano_emissao_emp":"2023","n_emp":"0000373","data_emissao":"24\/10\/2023","valor":"350,00","tipo_empenho":"Ordin\u00e1rio","hist_emp":"Custeio de uma diaria sem pernoite para a Vereadora Rozangela Maria dos Santos, a fim de participar de reuniao na sede da Agencia Pernambucana de \u00c1guas e Climas, voltada para tratar de questoes pertinentes ao Acude da Manhosa, agendada para terca-feira (24). Dispensa de licitacao em razao do valor,  artigo 75, inciso II da Lei 14.133\/21.","fornecedor":"ROZ\u00c2NGELA MARIA DOS SANTOS","denom_uni_orc":"CORPO DELIBERATIVO E SECRETARIA","funcao":"Legislativa","sub_funcao":"A\u00e7\u00e3o Legislativa","programa":"A\u00c7\u00c3O LEGISLATIVA","acao":"MANUTEN\u00c7\u00c3O DAS ATIVIDADES LEGISLATIVAS","ident_acao":"Atividade","cat_econ":"Despesa Corrente","natureza_despesa":"Outras Despesas Correntes","modalidade_despesa":"Aplica\u00e7\u00f5es Diretas","elemento_despesa":"Di\u00e1rias \u2013 Civil","sub_elem_desp":"SEM SUBELEMENTO","fonte_recurso":"Recursos do Exerc\u00edcio Corrente \/ Outros Recursos n\u00e3o Vinculados \/ -"},{"ano_emissao_emp":"2023","n_emp":"0000374","data_emissao":"25\/10\/2023","valor":"616,00","tipo_empenho":"Ordin\u00e1rio","hist_emp":"Custeio da contratacao de servicos para a confeccao de lona, destinada ao anexo desta Casa (CIDATEC), com as dimensoes de 2 x 2 metros. Dispensa de licitacao em razao do valor, conforme o artigo 75, inciso 2\u00ba da Lei 14.133\/21.","fornecedor":"SIGN COMUNICA\u00c7\u00c3O VISUAL LTDA","denom_uni_orc":"CORPO DELIBERATIVO E SECRETARIA","funcao":"Legislativa","sub_funcao":"A\u00e7\u00e3o Legislativa","programa":"A\u00c7\u00c3O LEGISLATIVA","acao":"AQUISI\u00c7\u00c3O DE M\u00d3VEIS, M\u00c1QUINAS E EQUIPAMENTOS DIVERSOS PARA O CONSELHO","ident_acao":"Atividade","cat_econ":"Despesa Corrente","natureza_despesa":"Outras Despesas Correntes","modalidade_despesa":"Aplica\u00e7\u00f5es Diretas","elemento_despesa":"Outros Servi\u00e7os de Terceiros - Pessoa Jur\u00eddica","sub_elem_desp":"SEM SUBELEMENTO","fonte_recurso":"Recursos do Exerc\u00edcio Corrente \/ Outros Recursos n\u00e3o Vinculados \/ -"},{"ano_emissao_emp":"2023","n_emp":"0000374","data_emissao":"25\/10\/2023","valor":"616,00","tipo_empenho":"Ordin\u00e1rio","hist_emp":"Custeio da contratacao de servicos para a confeccao de lona, destinada ao anexo desta Casa (CIDATEC), com as dimensoes de 2 x 2 metros. Dispensa de licitacao em razao do valor, conforme o artigo 75, inciso 2\u00ba da Lei 14.133\/21.","fornecedor":"SIGN COMUNICA\u00c7\u00c3O VISUAL LTDA","denom_uni_orc":"CORPO DELIBERATIVO E SECRETARIA","funcao":"Legislativa","sub_funcao":"A\u00e7\u00e3o Legislativa","programa":"A\u00c7\u00c3O LEGISLATIVA","acao":"MANUTEN\u00c7\u00c3O DAS ATIVIDADES ADMINISTRATIVAS","ident_acao":"Atividade","cat_econ":"Despesa Corrente","natureza_despesa":"Outras Despesas Correntes","modalidade_despesa":"Aplica\u00e7\u00f5es Diretas","elemento_despesa":"Outros Servi\u00e7os de Terceiros - Pessoa Jur\u00eddica","sub_elem_desp":"SEM SUBELEMENTO","fonte_recurso":"Recursos do Exerc\u00edcio Corrente \/ Outros Recursos n\u00e3o Vinculados \/ -"},{"ano_emissao_emp":"2023","n_emp":"0000374","data_emissao":"25\/10\/2023","valor":"616,00","tipo_empenho":"Ordin\u00e1rio","hist_emp":"Custeio da contratacao de servicos para a confeccao de lona, destinada ao anexo desta Casa (CIDATEC), com as dimensoes de 2 x 2 metros. Dispensa de licitacao em razao do valor, conforme o artigo 75, inciso 2\u00ba da Lei 14.133\/21.","fornecedor":"SIGN COMUNICA\u00c7\u00c3O VISUAL LTDA","denom_uni_orc":"CORPO DELIBERATIVO E SECRETARIA","funcao":"Legislativa","sub_funcao":"A\u00e7\u00e3o Legislativa","programa":"A\u00c7\u00c3O LEGISLATIVA","acao":"INDENIZA\u00c7\u00d5ES E RESTITUI\u00c7\u00d5ES DIVERSAS (FMS)","ident_acao":"Atividade","cat_econ":"Despesa Corrente","natureza_despesa":"Outras Despesas Correntes","modalidade_despesa":"Aplica\u00e7\u00f5es Diretas","elemento_despesa":"Outros Servi\u00e7os de Terceiros - Pessoa Jur\u00eddica","sub_elem_desp":"SEM SUBELEMENTO","fonte_recurso":"Recursos do Exerc\u00edcio Corrente \/ Outros Recursos n\u00e3o Vinculados \/ -"},{"ano_emissao_emp":"2023","n_emp":"0000375","data_emissao":"25\/10\/2023","valor":"590,00","tipo_empenho":"Ordin\u00e1rio","hist_emp":"Aquisicao de 04 (quatro) certificados digitais - A1, sendo 01 (um) certificado digital PJ - A1 e 03 (tres) certificados digitais PF - A1. Ainda informo, o certificado de PJ destinado para instituicao, enquanto os outros para tres funcionarias da instituicao.","fornecedor":"EDUARDO P BARBOSA","denom_uni_orc":"CORPO DELIBERATIVO E SECRETARIA","funcao":"Legislativa","sub_funcao":"A\u00e7\u00e3o Legislativa","programa":"A\u00c7\u00c3O LEGISLATIVA","acao":"AQUISI\u00c7\u00c3O DE M\u00d3VEIS, M\u00c1QUINAS E EQUIPAMENTOS DIVERSOS PARA O CONSELHO","ident_acao":"Atividade","cat_econ":"Despesa Corrente","natureza_despesa":"Outras Despesas Correntes","modalidade_despesa":"Aplica\u00e7\u00f5es Diretas","elemento_despesa":"Outros Servi\u00e7os de Terceiros - Pessoa Jur\u00eddica","sub_elem_desp":"SEM SUBELEMENTO","fonte_recurso":"Recursos do Exerc\u00edcio Corrente \/ Outros Recursos n\u00e3o Vinculados \/ -"},{"ano_emissao_emp":"2023","n_emp":"0000375","data_emissao":"25\/10\/2023","valor":"590,00","tipo_empenho":"Ordin\u00e1rio","hist_emp":"Aquisicao de 04 (quatro) certificados digitais - A1, sendo 01 (um) certificado digital PJ - A1 e 03 (tres) certificados digitais PF - A1. Ainda informo, o certificado de PJ destinado para instituicao, enquanto os outros para tres funcionarias da instituicao.","fornecedor":"EDUARDO P BARBOSA","denom_uni_orc":"CORPO DELIBERATIVO E SECRETARIA","funcao":"Legislativa","sub_funcao":"A\u00e7\u00e3o Legislativa","programa":"A\u00c7\u00c3O LEGISLATIVA","acao":"MANUTEN\u00c7\u00c3O DAS ATIVIDADES ADMINISTRATIVAS","ident_acao":"Atividade","cat_econ":"Despesa Corrente","natureza_despesa":"Outras Despesas Correntes","modalidade_despesa":"Aplica\u00e7\u00f5es Diretas","elemento_despesa":"Outros Servi\u00e7os de Terceiros - Pessoa Jur\u00eddica","sub_elem_desp":"SEM SUBELEMENTO","fonte_recurso":"Recursos do Exerc\u00edcio Corrente \/ Outros Recursos n\u00e3o Vinculados \/ -"},{"ano_emissao_emp":"2023","n_emp":"0000375","data_emissao":"25\/10\/2023","valor":"590,00","tipo_empenho":"Ordin\u00e1rio","hist_emp":"Aquisicao de 04 (quatro) certificados digitais - A1, sendo 01 (um) certificado digital PJ - A1 e 03 (tres) certificados digitais PF - A1. Ainda informo, o certificado de PJ destinado para instituicao, enquanto os outros para tres funcionarias da instituicao.","fornecedor":"EDUARDO P BARBOSA","denom_uni_orc":"CORPO DELIBERATIVO E SECRETARIA","funcao":"Legislativa","sub_funcao":"A\u00e7\u00e3o Legislativa","programa":"A\u00c7\u00c3O LEGISLATIVA","acao":"INDENIZA\u00c7\u00d5ES E RESTITUI\u00c7\u00d5ES DIVERSAS (FMS)","ident_acao":"Atividade","cat_econ":"Despesa Corrente","natureza_despesa":"Outras Despesas Correntes","modalidade_despesa":"Aplica\u00e7\u00f5es Diretas","elemento_despesa":"Outros Servi\u00e7os de Terceiros - Pessoa Jur\u00eddica","sub_elem_desp":"SEM SUBELEMENTO","fonte_recurso":"Recursos do Exerc\u00edcio Corrente \/ Outros Recursos n\u00e3o Vinculados \/ -"},{"ano_emissao_emp":"2023","n_emp":"0000376","data_emissao":"25\/10\/2023","valor":"2.400,00","tipo_empenho":"Ordin\u00e1rio","hist_emp":"Custeio do servico de locacao de 01 (uma) estrutura metalica de GRID 2x2 para a exibicao de uma lona com arte referente ao Projeto CIDATEC nas escolas estaduais do municipio. Dispensa de licitacao em razao do valor, artigo 75, inciso 2\u00ba da Lei 14.133\/21.","fornecedor":"KESSIA B BATISTA DE SOUZA","denom_uni_orc":"CORPO DELIBERATIVO E SECRETARIA","funcao":"Legislativa","sub_funcao":"A\u00e7\u00e3o Legislativa","programa":"A\u00c7\u00c3O LEGISLATIVA","acao":"AQUISI\u00c7\u00c3O DE M\u00d3VEIS, M\u00c1QUINAS E EQUIPAMENTOS DIVERSOS PARA O CONSELHO","ident_acao":"Atividade","cat_econ":"Despesa Corrente","natureza_despesa":"Outras Despesas Correntes","modalidade_despesa":"Aplica\u00e7\u00f5es Diretas","elemento_despesa":"Outros Servi\u00e7os de Terceiros - Pessoa Jur\u00eddica","sub_elem_desp":"SEM SUBELEMENTO","fonte_recurso":"Recursos do Exerc\u00edcio Corrente \/ Outros Recursos n\u00e3o Vinculados \/ -"},{"ano_emissao_emp":"2023","n_emp":"0000376","data_emissao":"25\/10\/2023","valor":"2.400,00","tipo_empenho":"Ordin\u00e1rio","hist_emp":"Custeio do servico de locacao de 01 (uma) estrutura metalica de GRID 2x2 para a exibicao de uma lona com arte referente ao Projeto CIDATEC nas escolas estaduais do municipio. Dispensa de licitacao em razao do valor, artigo 75, inciso 2\u00ba da Lei 14.133\/21.","fornecedor":"KESSIA B BATISTA DE SOUZA","denom_uni_orc":"CORPO DELIBERATIVO E SECRETARIA","funcao":"Legislativa","sub_funcao":"A\u00e7\u00e3o Legislativa","programa":"A\u00c7\u00c3O LEGISLATIVA","acao":"MANUTEN\u00c7\u00c3O DAS ATIVIDADES ADMINISTRATIVAS","ident_acao":"Atividade","cat_econ":"Despesa Corrente","natureza_despesa":"Outras Despesas Correntes","modalidade_despesa":"Aplica\u00e7\u00f5es Diretas","elemento_despesa":"Outros Servi\u00e7os de Terceiros - Pessoa Jur\u00eddica","sub_elem_desp":"SEM SUBELEMENTO","fonte_recurso":"Recursos do Exerc\u00edcio Corrente \/ Outros Recursos n\u00e3o Vinculados \/ -"},{"ano_emissao_emp":"2023","n_emp":"0000376","data_emissao":"25\/10\/2023","valor":"2.400,00","tipo_empenho":"Ordin\u00e1rio","hist_emp":"Custeio do servico de locacao de 01 (uma) estrutura metalica de GRID 2x2 para a exibicao de uma lona com arte referente ao Projeto CIDATEC nas escolas estaduais do municipio. Dispensa de licitacao em razao do valor, artigo 75, inciso 2\u00ba da Lei 14.133\/21.","fornecedor":"KESSIA B BATISTA DE SOUZA","denom_uni_orc":"CORPO DELIBERATIVO E SECRETARIA","funcao":"Legislativa","sub_funcao":"A\u00e7\u00e3o Legislativa","programa":"A\u00c7\u00c3O LEGISLATIVA","acao":"INDENIZA\u00c7\u00d5ES E RESTITUI\u00c7\u00d5ES DIVERSAS (FMS)","ident_acao":"Atividade","cat_econ":"Despesa Corrente","natureza_despesa":"Outras Despesas Correntes","modalidade_despesa":"Aplica\u00e7\u00f5es Diretas","elemento_despesa":"Outros Servi\u00e7os de Terceiros - Pessoa Jur\u00eddica","sub_elem_desp":"SEM SUBELEMENTO","fonte_recurso":"Recursos do Exerc\u00edcio Corrente \/ Outros Recursos n\u00e3o Vinculados \/ -"},{"ano_emissao_emp":"2023","n_emp":"0000377","data_emissao":"26\/10\/2023","valor":"102,66","tipo_empenho":"Ordin\u00e1rio","hist_emp":"Custeio com pagamento de conta OI do numero telefonico (81) 3731-3084 referente ao mes de outubro de 2023, dispensa de licitacao em razao do valor, artigo 75, inciso 2\u00ba da lei 14.133\/21.","fornecedor":"OI S.A. - EM RECUPERACAO JUDICIAL","denom_uni_orc":"CORPO DELIBERATIVO E SECRETARIA","funcao":"Legislativa","sub_funcao":"A\u00e7\u00e3o Legislativa","programa":"A\u00c7\u00c3O LEGISLATIVA","acao":"AQUISI\u00c7\u00c3O DE M\u00d3VEIS, M\u00c1QUINAS E EQUIPAMENTOS DIVERSOS PARA O CONSELHO","ident_acao":"Atividade","cat_econ":"Despesa Corrente","natureza_despesa":"Outras Despesas Correntes","modalidade_despesa":"Aplica\u00e7\u00f5es Diretas","elemento_despesa":"Outros Servi\u00e7os de Terceiros - Pessoa Jur\u00eddica","sub_elem_desp":"SEM SUBELEMENTO","fonte_recurso":"Recursos do Exerc\u00edcio Corrente \/ Outros Recursos n\u00e3o Vinculados \/ -"},{"ano_emissao_emp":"2023","n_emp":"0000377","data_emissao":"26\/10\/2023","valor":"102,66","tipo_empenho":"Ordin\u00e1rio","hist_emp":"Custeio com pagamento de conta OI do numero telefonico (81) 3731-3084 referente ao mes de outubro de 2023, dispensa de licitacao em razao do valor, artigo 75, inciso 2\u00ba da lei 14.133\/21.","fornecedor":"OI S.A. - EM RECUPERACAO JUDICIAL","denom_uni_orc":"CORPO DELIBERATIVO E SECRETARIA","funcao":"Legislativa","sub_funcao":"A\u00e7\u00e3o Legislativa","programa":"A\u00c7\u00c3O LEGISLATIVA","acao":"MANUTEN\u00c7\u00c3O DAS ATIVIDADES ADMINISTRATIVAS","ident_acao":"Atividade","cat_econ":"Despesa Corrente","natureza_despesa":"Outras Despesas Correntes","modalidade_despesa":"Aplica\u00e7\u00f5es Diretas","elemento_despesa":"Outros Servi\u00e7os de Terceiros - Pessoa Jur\u00eddica","sub_elem_desp":"SEM SUBELEMENTO","fonte_recurso":"Recursos do Exerc\u00edcio Corrente \/ Outros Recursos n\u00e3o Vinculados \/ -"},{"ano_emissao_emp":"2023","n_emp":"0000377","data_emissao":"26\/10\/2023","valor":"102,66","tipo_empenho":"Ordin\u00e1rio","hist_emp":"Custeio com pagamento de conta OI do numero telefonico (81) 3731-3084 referente ao mes de outubro de 2023, dispensa de licitacao em razao do valor, artigo 75, inciso 2\u00ba da lei 14.133\/21.","fornecedor":"OI S.A. - EM RECUPERACAO JUDICIAL","denom_uni_orc":"CORPO DELIBERATIVO E SECRETARIA","funcao":"Legislativa","sub_funcao":"A\u00e7\u00e3o Legislativa","programa":"A\u00c7\u00c3O LEGISLATIVA","acao":"INDENIZA\u00c7\u00d5ES E RESTITUI\u00c7\u00d5ES DIVERSAS (FMS)","ident_acao":"Atividade","cat_econ":"Despesa Corrente","natureza_despesa":"Outras Despesas Correntes","modalidade_despesa":"Aplica\u00e7\u00f5es Diretas","elemento_despesa":"Outros Servi\u00e7os de Terceiros - Pessoa Jur\u00eddica","sub_elem_desp":"SEM SUBELEMENTO","fonte_recurso":"Recursos do Exerc\u00edcio Corrente \/ Outros Recursos n\u00e3o Vinculados \/ -"},{"ano_emissao_emp":"2023","n_emp":"0000378","data_emissao":"26\/10\/2023","valor":"350,00","tipo_empenho":"Ordin\u00e1rio","hist_emp":"Custeio com a confeccao de 20 (vinte) medalhas de acrilico, com arte elaborada pelo Setor de Comunicacao, com a finalidade de entrega-las aos homenageados durante a realizacao da Sessao Solene de Entrega do Premio Professora Maria Betania Aragao Silva, agendada para o dia 26 de Outubro de 2023, as 19 horas, no Plenario Ciriaco Ramos de Lima, conforme determina a Lei Municipal n\u00ba 2.823\/2018. Dispensa de licitacao em razao do valor, conforme o artigo 75, inciso 2\u00ba da Lei 14.133\/21.","fornecedor":"SIGN COMUNICA\u00c7\u00c3O VISUAL LTDA","denom_uni_orc":"CORPO DELIBERATIVO E SECRETARIA","funcao":"Legislativa","sub_funcao":"A\u00e7\u00e3o Legislativa","programa":"A\u00c7\u00c3O LEGISLATIVA","acao":"AQUISI\u00c7\u00c3O DE M\u00d3VEIS, M\u00c1QUINAS E EQUIPAMENTOS DIVERSOS PARA O CONSELHO","ident_acao":"Atividade","cat_econ":"Despesa Corrente","natureza_despesa":"Outras Despesas Correntes","modalidade_despesa":"Aplica\u00e7\u00f5es Diretas","elemento_despesa":"Outros Servi\u00e7os de Terceiros - Pessoa Jur\u00eddica","sub_elem_desp":"SEM SUBELEMENTO","fonte_recurso":"Recursos do Exerc\u00edcio Corrente \/ Outros Recursos n\u00e3o Vinculados \/ -"},{"ano_emissao_emp":"2023","n_emp":"0000378","data_emissao":"26\/10\/2023","valor":"350,00","tipo_empenho":"Ordin\u00e1rio","hist_emp":"Custeio com a confeccao de 20 (vinte) medalhas de acrilico, com arte elaborada pelo Setor de Comunicacao, com a finalidade de entrega-las aos homenageados durante a realizacao da Sessao Solene de Entrega do Premio Professora Maria Betania Aragao Silva, agendada para o dia 26 de Outubro de 2023, as 19 horas, no Plenario Ciriaco Ramos de Lima, conforme determina a Lei Municipal n\u00ba 2.823\/2018. Dispensa de licitacao em razao do valor, conforme o artigo 75, inciso 2\u00ba da Lei 14.133\/21.","fornecedor":"SIGN COMUNICA\u00c7\u00c3O VISUAL LTDA","denom_uni_orc":"CORPO DELIBERATIVO E SECRETARIA","funcao":"Legislativa","sub_funcao":"A\u00e7\u00e3o Legislativa","programa":"A\u00c7\u00c3O LEGISLATIVA","acao":"MANUTEN\u00c7\u00c3O DAS ATIVIDADES ADMINISTRATIVAS","ident_acao":"Atividade","cat_econ":"Despesa Corrente","natureza_despesa":"Outras Despesas Correntes","modalidade_despesa":"Aplica\u00e7\u00f5es Diretas","elemento_despesa":"Outros Servi\u00e7os de Terceiros - Pessoa Jur\u00eddica","sub_elem_desp":"SEM SUBELEMENTO","fonte_recurso":"Recursos do Exerc\u00edcio Corrente \/ Outros Recursos n\u00e3o Vinculados \/ -"},{"ano_emissao_emp":"2023","n_emp":"0000378","data_emissao":"26\/10\/2023","valor":"350,00","tipo_empenho":"Ordin\u00e1rio","hist_emp":"Custeio com a confeccao de 20 (vinte) medalhas de acrilico, com arte elaborada pelo Setor de Comunicacao, com a finalidade de entrega-las aos homenageados durante a realizacao da Sessao Solene de Entrega do Premio Professora Maria Betania Aragao Silva, agendada para o dia 26 de Outubro de 2023, as 19 horas, no Plenario Ciriaco Ramos de Lima, conforme determina a Lei Municipal n\u00ba 2.823\/2018. Dispensa de licitacao em razao do valor, conforme o artigo 75, inciso 2\u00ba da Lei 14.133\/21.","fornecedor":"SIGN COMUNICA\u00c7\u00c3O VISUAL LTDA","denom_uni_orc":"CORPO DELIBERATIVO E SECRETARIA","funcao":"Legislativa","sub_funcao":"A\u00e7\u00e3o Legislativa","programa":"A\u00c7\u00c3O LEGISLATIVA","acao":"INDENIZA\u00c7\u00d5ES E RESTITUI\u00c7\u00d5ES DIVERSAS (FMS)","ident_acao":"Atividade","cat_econ":"Despesa Corrente","natureza_despesa":"Outras Despesas Correntes","modalidade_despesa":"Aplica\u00e7\u00f5es Diretas","elemento_despesa":"Outros Servi\u00e7os de Terceiros - Pessoa Jur\u00eddica","sub_elem_desp":"SEM SUBELEMENTO","fonte_recurso":"Recursos do Exerc\u00edcio Corrente \/ Outros Recursos n\u00e3o Vinculados \/ -"},{"ano_emissao_emp":"2023","n_emp":"0000379","data_emissao":"26\/10\/2023","valor":"5.400,00","tipo_empenho":"Ordin\u00e1rio","hist_emp":"Custeio da prestacao de servico de buffet para 200 pessoas, incluindo servidores, convidados e vereadores, na Sessao Solene de Entrega do Premio Professora Maria Betania Aragao Silva, programada para o dia 26 de Outubro de 2023, as 19 horas, no Plenario Ciriaco Ramos de Lima, em conformidade com a Lei Municipal n\u00ba 2.823\/2018. Dispensa de licitacao em razao do valor, conforme o artigo 75, inciso 2\u00ba da Lei 14.133\/21.","fornecedor":"IVANISE RODRIGUES DE MELO","denom_uni_orc":"CORPO DELIBERATIVO E SECRETARIA","funcao":"Legislativa","sub_funcao":"A\u00e7\u00e3o Legislativa","programa":"A\u00c7\u00c3O LEGISLATIVA","acao":"AQUISI\u00c7\u00c3O DE M\u00d3VEIS, M\u00c1QUINAS E EQUIPAMENTOS DIVERSOS PARA O CONSELHO","ident_acao":"Atividade","cat_econ":"Despesa Corrente","natureza_despesa":"Outras Despesas Correntes","modalidade_despesa":"Aplica\u00e7\u00f5es Diretas","elemento_despesa":"Outros Servi\u00e7os de Terceiros - Pessoa Jur\u00eddica","sub_elem_desp":"SEM SUBELEMENTO","fonte_recurso":"Recursos do Exerc\u00edcio Corrente \/ Outros Recursos n\u00e3o Vinculados \/ -"},{"ano_emissao_emp":"2023","n_emp":"0000379","data_emissao":"26\/10\/2023","valor":"5.400,00","tipo_empenho":"Ordin\u00e1rio","hist_emp":"Custeio da prestacao de servico de buffet para 200 pessoas, incluindo servidores, convidados e vereadores, na Sessao Solene de Entrega do Premio Professora Maria Betania Aragao Silva, programada para o dia 26 de Outubro de 2023, as 19 horas, no Plenario Ciriaco Ramos de Lima, em conformidade com a Lei Municipal n\u00ba 2.823\/2018. Dispensa de licitacao em razao do valor, conforme o artigo 75, inciso 2\u00ba da Lei 14.133\/21.","fornecedor":"IVANISE RODRIGUES DE MELO","denom_uni_orc":"CORPO DELIBERATIVO E SECRETARIA","funcao":"Legislativa","sub_funcao":"A\u00e7\u00e3o Legislativa","programa":"A\u00c7\u00c3O LEGISLATIVA","acao":"MANUTEN\u00c7\u00c3O DAS ATIVIDADES ADMINISTRATIVAS","ident_acao":"Atividade","cat_econ":"Despesa Corrente","natureza_despesa":"Outras Despesas Correntes","modalidade_despesa":"Aplica\u00e7\u00f5es Diretas","elemento_despesa":"Outros Servi\u00e7os de Terceiros - Pessoa Jur\u00eddica","sub_elem_desp":"SEM SUBELEMENTO","fonte_recurso":"Recursos do Exerc\u00edcio Corrente \/ Outros Recursos n\u00e3o Vinculados \/ -"},{"ano_emissao_emp":"2023","n_emp":"0000379","data_emissao":"26\/10\/2023","valor":"5.400,00","tipo_empenho":"Ordin\u00e1rio","hist_emp":"Custeio da prestacao de servico de buffet para 200 pessoas, incluindo servidores, convidados e vereadores, na Sessao Solene de Entrega do Premio Professora Maria Betania Aragao Silva, programada para o dia 26 de Outubro de 2023, as 19 horas, no Plenario Ciriaco Ramos de Lima, em conformidade com a Lei Municipal n\u00ba 2.823\/2018. Dispensa de licitacao em razao do valor, conforme o artigo 75, inciso 2\u00ba da Lei 14.133\/21.","fornecedor":"IVANISE RODRIGUES DE MELO","denom_uni_orc":"CORPO DELIBERATIVO E SECRETARIA","funcao":"Legislativa","sub_funcao":"A\u00e7\u00e3o Legislativa","programa":"A\u00c7\u00c3O LEGISLATIVA","acao":"INDENIZA\u00c7\u00d5ES E RESTITUI\u00c7\u00d5ES DIVERSAS (FMS)","ident_acao":"Atividade","cat_econ":"Despesa Corrente","natureza_despesa":"Outras Despesas Correntes","modalidade_despesa":"Aplica\u00e7\u00f5es Diretas","elemento_despesa":"Outros Servi\u00e7os de Terceiros - Pessoa Jur\u00eddica","sub_elem_desp":"SEM SUBELEMENTO","fonte_recurso":"Recursos do Exerc\u00edcio Corrente \/ Outros Recursos n\u00e3o Vinculados \/ -"},{"ano_emissao_emp":"2023","n_emp":"0000380","data_emissao":"26\/10\/2023","valor":"700,00","tipo_empenho":"Ordin\u00e1rio","hist_emp":"Custeio com confeccao de 02 (duas) lonas medindo 2x2 metros com arte elaborada pela Comunicacao destinado a  na Sessao Solene de Entrega do Premio Professora Maria Betania Aragao Silva, programada para o dia 26 de Outubro de 2023, as 19 horas, no Plenario Ciriaco Ramos de Lima, em conformidade com a Lei Municipal n\u00ba 2.823\/2018. Dispensa de licitacao em razao do valor, artigo 75, inciso 2\u00ba da Lei 14.133\/21.0","fornecedor":"SIGN COMUNICA\u00c7\u00c3O VISUAL LTDA","denom_uni_orc":"CORPO DELIBERATIVO E SECRETARIA","funcao":"Legislativa","sub_funcao":"A\u00e7\u00e3o Legislativa","programa":"A\u00c7\u00c3O LEGISLATIVA","acao":"AQUISI\u00c7\u00c3O DE M\u00d3VEIS, M\u00c1QUINAS E EQUIPAMENTOS DIVERSOS PARA O CONSELHO","ident_acao":"Atividade","cat_econ":"Despesa Corrente","natureza_despesa":"Outras Despesas Correntes","modalidade_despesa":"Aplica\u00e7\u00f5es Diretas","elemento_despesa":"Outros Servi\u00e7os de Terceiros - Pessoa Jur\u00eddica","sub_elem_desp":"SEM SUBELEMENTO","fonte_recurso":"Recursos do Exerc\u00edcio Corrente \/ Outros Recursos n\u00e3o Vinculados \/ -"},{"ano_emissao_emp":"2023","n_emp":"0000380","data_emissao":"26\/10\/2023","valor":"700,00","tipo_empenho":"Ordin\u00e1rio","hist_emp":"Custeio com confeccao de 02 (duas) lonas medindo 2x2 metros com arte elaborada pela Comunicacao destinado a  na Sessao Solene de Entrega do Premio Professora Maria Betania Aragao Silva, programada para o dia 26 de Outubro de 2023, as 19 horas, no Plenario Ciriaco Ramos de Lima, em conformidade com a Lei Municipal n\u00ba 2.823\/2018. Dispensa de licitacao em razao do valor, artigo 75, inciso 2\u00ba da Lei 14.133\/21.0","fornecedor":"SIGN COMUNICA\u00c7\u00c3O VISUAL LTDA","denom_uni_orc":"CORPO DELIBERATIVO E SECRETARIA","funcao":"Legislativa","sub_funcao":"A\u00e7\u00e3o Legislativa","programa":"A\u00c7\u00c3O LEGISLATIVA","acao":"MANUTEN\u00c7\u00c3O DAS ATIVIDADES ADMINISTRATIVAS","ident_acao":"Atividade","cat_econ":"Despesa Corrente","natureza_despesa":"Outras Despesas Correntes","modalidade_despesa":"Aplica\u00e7\u00f5es Diretas","elemento_despesa":"Outros Servi\u00e7os de Terceiros - Pessoa Jur\u00eddica","sub_elem_desp":"SEM SUBELEMENTO","fonte_recurso":"Recursos do Exerc\u00edcio Corrente \/ Outros Recursos n\u00e3o Vinculados \/ -"},{"ano_emissao_emp":"2023","n_emp":"0000380","data_emissao":"26\/10\/2023","valor":"700,00","tipo_empenho":"Ordin\u00e1rio","hist_emp":"Custeio com confeccao de 02 (duas) lonas medindo 2x2 metros com arte elaborada pela Comunicacao destinado a  na Sessao Solene de Entrega do Premio Professora Maria Betania Aragao Silva, programada para o dia 26 de Outubro de 2023, as 19 horas, no Plenario Ciriaco Ramos de Lima, em conformidade com a Lei Municipal n\u00ba 2.823\/2018. Dispensa de licitacao em razao do valor, artigo 75, inciso 2\u00ba da Lei 14.133\/21.0","fornecedor":"SIGN COMUNICA\u00c7\u00c3O VISUAL LTDA","denom_uni_orc":"CORPO DELIBERATIVO E SECRETARIA","funcao":"Legislativa","sub_funcao":"A\u00e7\u00e3o Legislativa","programa":"A\u00c7\u00c3O LEGISLATIVA","acao":"INDENIZA\u00c7\u00d5ES E RESTITUI\u00c7\u00d5ES DIVERSAS (FMS)","ident_acao":"Atividade","cat_econ":"Despesa Corrente","natureza_despesa":"Outras Despesas Correntes","modalidade_despesa":"Aplica\u00e7\u00f5es Diretas","elemento_despesa":"Outros Servi\u00e7os de Terceiros - Pessoa Jur\u00eddica","sub_elem_desp":"SEM SUBELEMENTO","fonte_recurso":"Recursos do Exerc\u00edcio Corrente \/ Outros Recursos n\u00e3o Vinculados \/ -"},{"ano_emissao_emp":"2023","n_emp":"0000381","data_emissao":"26\/10\/2023","valor":"300,00","tipo_empenho":"Ordin\u00e1rio","hist_emp":"Custeio da aquisicao de 60 (sessenta) unidades de agua mineral lustral em botijao de 20 (vinte) litros, para atender a necessidade desta casa de lei e seu anexo (CIDATEC), dispensa de licitacao mediante valor, artigo 75, inciso 2\u00ba da Lei 14.133\/21.","fornecedor":"GB COMERCIO DE GAS E AGUA MINERAL LTDA","denom_uni_orc":"CORPO DELIBERATIVO E SECRETARIA","funcao":"Legislativa","sub_funcao":"A\u00e7\u00e3o Legislativa","programa":"A\u00c7\u00c3O LEGISLATIVA","acao":"AQUISI\u00c7\u00c3O DE M\u00d3VEIS, M\u00c1QUINAS E EQUIPAMENTOS DIVERSOS PARA O CONSELHO","ident_acao":"Atividade","cat_econ":"Despesa Corrente","natureza_despesa":"Outras Despesas Correntes","modalidade_despesa":"Aplica\u00e7\u00f5es Diretas","elemento_despesa":"Material de Consumo","sub_elem_desp":"MATERIAL DE COPA E COZINHA","fonte_recurso":"Recursos do Exerc\u00edcio Corrente \/ Outros Recursos n\u00e3o Vinculados \/ -"},{"ano_emissao_emp":"2023","n_emp":"0000381","data_emissao":"26\/10\/2023","valor":"300,00","tipo_empenho":"Ordin\u00e1rio","hist_emp":"Custeio da aquisicao de 60 (sessenta) unidades de agua mineral lustral em botijao de 20 (vinte) litros, para atender a necessidade desta casa de lei e seu anexo (CIDATEC), dispensa de licitacao mediante valor, artigo 75, inciso 2\u00ba da Lei 14.133\/21.","fornecedor":"GB COMERCIO DE GAS E AGUA MINERAL LTDA","denom_uni_orc":"CORPO DELIBERATIVO E SECRETARIA","funcao":"Legislativa","sub_funcao":"A\u00e7\u00e3o Legislativa","programa":"A\u00c7\u00c3O LEGISLATIVA","acao":"MANUTEN\u00c7\u00c3O DAS ATIVIDADES ADMINISTRATIVAS","ident_acao":"Atividade","cat_econ":"Despesa Corrente","natureza_despesa":"Outras Despesas Correntes","modalidade_despesa":"Aplica\u00e7\u00f5es Diretas","elemento_despesa":"Material de Consumo","sub_elem_desp":"MATERIAL DE COPA E COZINHA","fonte_recurso":"Recursos do Exerc\u00edcio Corrente \/ Outros Recursos n\u00e3o Vinculados \/ -"},{"ano_emissao_emp":"2023","n_emp":"0000381","data_emissao":"26\/10\/2023","valor":"300,00","tipo_empenho":"Ordin\u00e1rio","hist_emp":"Custeio da aquisicao de 60 (sessenta) unidades de agua mineral lustral em botijao de 20 (vinte) litros, para atender a necessidade desta casa de lei e seu anexo (CIDATEC), dispensa de licitacao mediante valor, artigo 75, inciso 2\u00ba da Lei 14.133\/21.","fornecedor":"GB COMERCIO DE GAS E AGUA MINERAL LTDA","denom_uni_orc":"CORPO DELIBERATIVO E SECRETARIA","funcao":"Legislativa","sub_funcao":"A\u00e7\u00e3o Legislativa","programa":"A\u00c7\u00c3O LEGISLATIVA","acao":"INDENIZA\u00c7\u00d5ES E RESTITUI\u00c7\u00d5ES DIVERSAS (FMS)","ident_acao":"Atividade","cat_econ":"Despesa Corrente","natureza_despesa":"Outras Despesas Correntes","modalidade_despesa":"Aplica\u00e7\u00f5es Diretas","elemento_despesa":"Material de Consumo","sub_elem_desp":"MATERIAL DE COPA E COZINHA","fonte_recurso":"Recursos do Exerc\u00edcio Corrente \/ Outros Recursos n\u00e3o Vinculados \/ -"},{"ano_emissao_emp":"2023","n_emp":"0000382","data_emissao":"27\/10\/2023","valor":"296,00","tipo_empenho":"Ordin\u00e1rio","hist_emp":"-Custeio com a aquisicao de pecas relacionadas para a manutencao do veiculo Tracker\/Spin\/Prisma\/Sonic, placa PCE 7686, pertencente a esta Casa de Leis, incluindo a substituicao da cinta do airbag do veiculo e a manopla da alavanca de cambio de seis marchas com aro grafite. Dispensa de licitacao em razao do valor, conforme o artigo 75, inciso 2\u00ba da Lei 14.133\/21.","fornecedor":"SERGIANO ALVES DE SOUZA","denom_uni_orc":"CORPO DELIBERATIVO E SECRETARIA","funcao":"Legislativa","sub_funcao":"A\u00e7\u00e3o Legislativa","programa":"A\u00c7\u00c3O LEGISLATIVA","acao":"AQUISI\u00c7\u00c3O DE M\u00d3VEIS, M\u00c1QUINAS E EQUIPAMENTOS DIVERSOS PARA O CONSELHO","ident_acao":"Atividade","cat_econ":"Despesa Corrente","natureza_despesa":"Outras Despesas Correntes","modalidade_despesa":"Aplica\u00e7\u00f5es Diretas","elemento_despesa":"Material de Consumo","sub_elem_desp":"MATERIAL PARA MANUTEN\u00c7\u00c3O DE BENS M\u00d3VEIS","fonte_recurso":"Recursos do Exerc\u00edcio Corrente \/ Outros Recursos n\u00e3o Vinculados \/ -"},{"ano_emissao_emp":"2023","n_emp":"0000382","data_emissao":"27\/10\/2023","valor":"296,00","tipo_empenho":"Ordin\u00e1rio","hist_emp":"-Custeio com a aquisicao de pecas relacionadas para a manutencao do veiculo Tracker\/Spin\/Prisma\/Sonic, placa PCE 7686, pertencente a esta Casa de Leis, incluindo a substituicao da cinta do airbag do veiculo e a manopla da alavanca de cambio de seis marchas com aro grafite. Dispensa de licitacao em razao do valor, conforme o artigo 75, inciso 2\u00ba da Lei 14.133\/21.","fornecedor":"SERGIANO ALVES DE SOUZA","denom_uni_orc":"CORPO DELIBERATIVO E SECRETARIA","funcao":"Legislativa","sub_funcao":"A\u00e7\u00e3o Legislativa","programa":"A\u00c7\u00c3O LEGISLATIVA","acao":"MANUTEN\u00c7\u00c3O DAS ATIVIDADES ADMINISTRATIVAS","ident_acao":"Atividade","cat_econ":"Despesa Corrente","natureza_despesa":"Outras Despesas Correntes","modalidade_despesa":"Aplica\u00e7\u00f5es Diretas","elemento_despesa":"Material de Consumo","sub_elem_desp":"MATERIAL PARA MANUTEN\u00c7\u00c3O DE BENS M\u00d3VEIS","fonte_recurso":"Recursos do Exerc\u00edcio Corrente \/ Outros Recursos n\u00e3o Vinculados \/ -"},{"ano_emissao_emp":"2023","n_emp":"0000382","data_emissao":"27\/10\/2023","valor":"296,00","tipo_empenho":"Ordin\u00e1rio","hist_emp":"-Custeio com a aquisicao de pecas relacionadas para a manutencao do veiculo Tracker\/Spin\/Prisma\/Sonic, placa PCE 7686, pertencente a esta Casa de Leis, incluindo a substituicao da cinta do airbag do veiculo e a manopla da alavanca de cambio de seis marchas com aro grafite. Dispensa de licitacao em razao do valor, conforme o artigo 75, inciso 2\u00ba da Lei 14.133\/21.","fornecedor":"SERGIANO ALVES DE SOUZA","denom_uni_orc":"CORPO DELIBERATIVO E SECRETARIA","funcao":"Legislativa","sub_funcao":"A\u00e7\u00e3o Legislativa","programa":"A\u00c7\u00c3O LEGISLATIVA","acao":"INDENIZA\u00c7\u00d5ES E RESTITUI\u00c7\u00d5ES DIVERSAS (FMS)","ident_acao":"Atividade","cat_econ":"Despesa Corrente","natureza_despesa":"Outras Despesas Correntes","modalidade_despesa":"Aplica\u00e7\u00f5es Diretas","elemento_despesa":"Material de Consumo","sub_elem_desp":"MATERIAL PARA MANUTEN\u00c7\u00c3O DE BENS M\u00d3VEIS","fonte_recurso":"Recursos do Exerc\u00edcio Corrente \/ Outros Recursos n\u00e3o Vinculados \/ -"},{"ano_emissao_emp":"2023","n_emp":"0000383","data_emissao":"27\/10\/2023","valor":"200,00","tipo_empenho":"Ordin\u00e1rio","hist_emp":"-Custeio com servico mecanico para a manutencao do veiculo Tracker\/Spin\/Prisma\/Sonic, placa PCE 7686, pertencente a esta Casa de Leis, devido a problemas apresentados durante a utilizacao do mesmo. Inclui a substituicao da cinta do airbag do veiculo e a manopla da alavanca de cambio de seis marchas com aro grafite. Dispensa de licitacao em razao do valor, conforme o artigo 75, inciso 2\u00ba da Lei 14.133\/21.","fornecedor":"SERGIANO ALVES DE SOUZA","denom_uni_orc":"CORPO DELIBERATIVO E SECRETARIA","funcao":"Legislativa","sub_funcao":"A\u00e7\u00e3o Legislativa","programa":"A\u00c7\u00c3O LEGISLATIVA","acao":"AQUISI\u00c7\u00c3O DE M\u00d3VEIS, M\u00c1QUINAS E EQUIPAMENTOS DIVERSOS PARA O CONSELHO","ident_acao":"Atividade","cat_econ":"Despesa Corrente","natureza_despesa":"Outras Despesas Correntes","modalidade_despesa":"Aplica\u00e7\u00f5es Diretas","elemento_despesa":"Outros Servi\u00e7os de Terceiros - Pessoa Jur\u00eddica","sub_elem_desp":"SEM SUBELEMENTO","fonte_recurso":"Recursos do Exerc\u00edcio Corrente \/ Outros Recursos n\u00e3o Vinculados \/ -"},{"ano_emissao_emp":"2023","n_emp":"0000383","data_emissao":"27\/10\/2023","valor":"200,00","tipo_empenho":"Ordin\u00e1rio","hist_emp":"-Custeio com servico mecanico para a manutencao do veiculo Tracker\/Spin\/Prisma\/Sonic, placa PCE 7686, pertencente a esta Casa de Leis, devido a problemas apresentados durante a utilizacao do mesmo. Inclui a substituicao da cinta do airbag do veiculo e a manopla da alavanca de cambio de seis marchas com aro grafite. Dispensa de licitacao em razao do valor, conforme o artigo 75, inciso 2\u00ba da Lei 14.133\/21.","fornecedor":"SERGIANO ALVES DE SOUZA","denom_uni_orc":"CORPO DELIBERATIVO E SECRETARIA","funcao":"Legislativa","sub_funcao":"A\u00e7\u00e3o Legislativa","programa":"A\u00c7\u00c3O LEGISLATIVA","acao":"MANUTEN\u00c7\u00c3O DAS ATIVIDADES ADMINISTRATIVAS","ident_acao":"Atividade","cat_econ":"Despesa Corrente","natureza_despesa":"Outras Despesas Correntes","modalidade_despesa":"Aplica\u00e7\u00f5es Diretas","elemento_despesa":"Outros Servi\u00e7os de Terceiros - Pessoa Jur\u00eddica","sub_elem_desp":"SEM SUBELEMENTO","fonte_recurso":"Recursos do Exerc\u00edcio Corrente \/ Outros Recursos n\u00e3o Vinculados \/ -"},{"ano_emissao_emp":"2023","n_emp":"0000383","data_emissao":"27\/10\/2023","valor":"200,00","tipo_empenho":"Ordin\u00e1rio","hist_emp":"-Custeio com servico mecanico para a manutencao do veiculo Tracker\/Spin\/Prisma\/Sonic, placa PCE 7686, pertencente a esta Casa de Leis, devido a problemas apresentados durante a utilizacao do mesmo. Inclui a substituicao da cinta do airbag do veiculo e a manopla da alavanca de cambio de seis marchas com aro grafite. Dispensa de licitacao em razao do valor, conforme o artigo 75, inciso 2\u00ba da Lei 14.133\/21.","fornecedor":"SERGIANO ALVES DE SOUZA","denom_uni_orc":"CORPO DELIBERATIVO E SECRETARIA","funcao":"Legislativa","sub_funcao":"A\u00e7\u00e3o Legislativa","programa":"A\u00c7\u00c3O LEGISLATIVA","acao":"INDENIZA\u00c7\u00d5ES E RESTITUI\u00c7\u00d5ES DIVERSAS (FMS)","ident_acao":"Atividade","cat_econ":"Despesa Corrente","natureza_despesa":"Outras Despesas Correntes","modalidade_despesa":"Aplica\u00e7\u00f5es Diretas","elemento_despesa":"Outros Servi\u00e7os de Terceiros - Pessoa Jur\u00eddica","sub_elem_desp":"SEM SUBELEMENTO","fonte_recurso":"Recursos do Exerc\u00edcio Corrente \/ Outros Recursos n\u00e3o Vinculados \/ -"},{"ano_emissao_emp":"2023","n_emp":"0000384","data_emissao":"27\/10\/2023","valor":"1.183,20","tipo_empenho":"Ordin\u00e1rio","hist_emp":"Custeio com a compra de tres portas de madeira, sendo duas medindo 75cm de largura por 2,10m de altura, e a outra medindo 80cm de largura por 2,10m de altura, juntamente com os demais itens necessarios para a instalacao. Essas portas serao instaladas na sala da tesouraria e na sala da secretaria. Dispensa de licitacao em razao do valor, artigo 75, inciso 2\u00ba da Lei 14.133\/21.","fornecedor":"E JOSE DA SILVA MADEREIRA - PORTAL TRINCOS","denom_uni_orc":"CORPO DELIBERATIVO E SECRETARIA","funcao":"Legislativa","sub_funcao":"A\u00e7\u00e3o Legislativa","programa":"A\u00c7\u00c3O LEGISLATIVA","acao":"AQUISI\u00c7\u00c3O DE M\u00d3VEIS, M\u00c1QUINAS E EQUIPAMENTOS DIVERSOS PARA O CONSELHO","ident_acao":"Atividade","cat_econ":"Despesa Corrente","natureza_despesa":"Outras Despesas Correntes","modalidade_despesa":"Aplica\u00e7\u00f5es Diretas","elemento_despesa":"Material de Consumo","sub_elem_desp":"SEM SUBELEMENTO","fonte_recurso":"Recursos do Exerc\u00edcio Corrente \/ Outros Recursos n\u00e3o Vinculados \/ -"},{"ano_emissao_emp":"2023","n_emp":"0000384","data_emissao":"27\/10\/2023","valor":"1.183,20","tipo_empenho":"Ordin\u00e1rio","hist_emp":"Custeio com a compra de tres portas de madeira, sendo duas medindo 75cm de largura por 2,10m de altura, e a outra medindo 80cm de largura por 2,10m de altura, juntamente com os demais itens necessarios para a instalacao. Essas portas serao instaladas na sala da tesouraria e na sala da secretaria. Dispensa de licitacao em razao do valor, artigo 75, inciso 2\u00ba da Lei 14.133\/21.","fornecedor":"E JOSE DA SILVA MADEREIRA - PORTAL TRINCOS","denom_uni_orc":"CORPO DELIBERATIVO E SECRETARIA","funcao":"Legislativa","sub_funcao":"A\u00e7\u00e3o Legislativa","programa":"A\u00c7\u00c3O LEGISLATIVA","acao":"MANUTEN\u00c7\u00c3O DAS ATIVIDADES ADMINISTRATIVAS","ident_acao":"Atividade","cat_econ":"Despesa Corrente","natureza_despesa":"Outras Despesas Correntes","modalidade_despesa":"Aplica\u00e7\u00f5es Diretas","elemento_despesa":"Material de Consumo","sub_elem_desp":"SEM SUBELEMENTO","fonte_recurso":"Recursos do Exerc\u00edcio Corrente \/ Outros Recursos n\u00e3o Vinculados \/ -"},{"ano_emissao_emp":"2023","n_emp":"0000384","data_emissao":"27\/10\/2023","valor":"1.183,20","tipo_empenho":"Ordin\u00e1rio","hist_emp":"Custeio com a compra de tres portas de madeira, sendo duas medindo 75cm de largura por 2,10m de altura, e a outra medindo 80cm de largura por 2,10m de altura, juntamente com os demais itens necessarios para a instalacao. Essas portas serao instaladas na sala da tesouraria e na sala da secretaria. Dispensa de licitacao em razao do valor, artigo 75, inciso 2\u00ba da Lei 14.133\/21.","fornecedor":"E JOSE DA SILVA MADEREIRA - PORTAL TRINCOS","denom_uni_orc":"CORPO DELIBERATIVO E SECRETARIA","funcao":"Legislativa","sub_funcao":"A\u00e7\u00e3o Legislativa","programa":"A\u00c7\u00c3O LEGISLATIVA","acao":"INDENIZA\u00c7\u00d5ES E RESTITUI\u00c7\u00d5ES DIVERSAS (FMS)","ident_acao":"Atividade","cat_econ":"Despesa Corrente","natureza_despesa":"Outras Despesas Correntes","modalidade_despesa":"Aplica\u00e7\u00f5es Diretas","elemento_despesa":"Material de Consumo","sub_elem_desp":"SEM SUBELEMENTO","fonte_recurso":"Recursos do Exerc\u00edcio Corrente \/ Outros Recursos n\u00e3o Vinculados \/ -"},{"ano_emissao_emp":"2023","n_emp":"0000385","data_emissao":"27\/10\/2023","valor":"350,00","tipo_empenho":"Ordin\u00e1rio","hist_emp":"Custeio de 01 (uma) diaria sem pernoite para o vereador Jose Manoel da Silva em visita a sede do DER, em busca de melhorias nas estradas e rodagens para nosso populacao, no dia 25 de Outubro de 2023, celebrado mediante dispensa de licitacao em razao do valor, artigo 75, inciso 2\u00ba da Lei 14.133\/21.","fornecedor":"JOSE MANOEL DA SILVA","denom_uni_orc":"CORPO DELIBERATIVO E SECRETARIA","funcao":"Legislativa","sub_funcao":"A\u00e7\u00e3o Legislativa","programa":"A\u00c7\u00c3O LEGISLATIVA","acao":"AQUISI\u00c7\u00c3O DE EQUIPAMENTOS DIVERSOS PARA O PROGRAMA PRIMEIRA INF\u00c2NCIA N","ident_acao":"Atividade","cat_econ":"Despesa Corrente","natureza_despesa":"Outras Despesas Correntes","modalidade_despesa":"Aplica\u00e7\u00f5es Diretas","elemento_despesa":"Di\u00e1rias \u2013 Civil","sub_elem_desp":"SEM SUBELEMENTO","fonte_recurso":"Recursos do Exerc\u00edcio Corrente \/ Outros Recursos n\u00e3o Vinculados \/ -"},{"ano_emissao_emp":"2023","n_emp":"0000385","data_emissao":"27\/10\/2023","valor":"350,00","tipo_empenho":"Ordin\u00e1rio","hist_emp":"Custeio de 01 (uma) diaria sem pernoite para o vereador Jose Manoel da Silva em visita a sede do DER, em busca de melhorias nas estradas e rodagens para nosso populacao, no dia 25 de Outubro de 2023, celebrado mediante dispensa de licitacao em razao do valor, artigo 75, inciso 2\u00ba da Lei 14.133\/21.","fornecedor":"JOSE MANOEL DA SILVA","denom_uni_orc":"CORPO DELIBERATIVO E SECRETARIA","funcao":"Legislativa","sub_funcao":"A\u00e7\u00e3o Legislativa","programa":"A\u00c7\u00c3O LEGISLATIVA","acao":"MANUTEN\u00c7\u00c3O DAS ATIVIDADES LEGISLATIVAS","ident_acao":"Atividade","cat_econ":"Despesa Corrente","natureza_despesa":"Outras Despesas Correntes","modalidade_despesa":"Aplica\u00e7\u00f5es Diretas","elemento_despesa":"Di\u00e1rias \u2013 Civil","sub_elem_desp":"SEM SUBELEMENTO","fonte_recurso":"Recursos do Exerc\u00edcio Corrente \/ Outros Recursos n\u00e3o Vinculados \/ -"},{"ano_emissao_emp":"2023","n_emp":"0000386","data_emissao":"27\/10\/2023","valor":"624,25","tipo_empenho":"Ordin\u00e1rio","hist_emp":"Valor empenhado para custear o seguro da moto desta Casa de Leis, placa PEC7686, marca\/modelo Honda Biz 110I, ano\/fabricacao 2018. O seguro e necessario para proteger o veiculo contra acidentes, danos materiais, danos corporais e outros incidentes. A contratacao foi realizada mediante dispensa de licitacao devido ao valor, conforme o artigo 75, inciso 2\u00ba da Lei 14.133\/21.","fornecedor":"PORTO SEGURO COMPANHIA DE SEGUROS GERAIS","denom_uni_orc":"CORPO DELIBERATIVO E SECRETARIA","funcao":"Legislativa","sub_funcao":"A\u00e7\u00e3o Legislativa","programa":"A\u00c7\u00c3O LEGISLATIVA","acao":"AQUISI\u00c7\u00c3O DE M\u00d3VEIS, M\u00c1QUINAS E EQUIPAMENTOS DIVERSOS PARA O CONSELHO","ident_acao":"Atividade","cat_econ":"Despesa Corrente","natureza_despesa":"Outras Despesas Correntes","modalidade_despesa":"Aplica\u00e7\u00f5es Diretas","elemento_despesa":"Outros Servi\u00e7os de Terceiros - Pessoa Jur\u00eddica","sub_elem_desp":"SEM SUBELEMENTO","fonte_recurso":"Recursos do Exerc\u00edcio Corrente \/ Outros Recursos n\u00e3o Vinculados \/ -"},{"ano_emissao_emp":"2023","n_emp":"0000386","data_emissao":"27\/10\/2023","valor":"624,25","tipo_empenho":"Ordin\u00e1rio","hist_emp":"Valor empenhado para custear o seguro da moto desta Casa de Leis, placa PEC7686, marca\/modelo Honda Biz 110I, ano\/fabricacao 2018. O seguro e necessario para proteger o veiculo contra acidentes, danos materiais, danos corporais e outros incidentes. A contratacao foi realizada mediante dispensa de licitacao devido ao valor, conforme o artigo 75, inciso 2\u00ba da Lei 14.133\/21.","fornecedor":"PORTO SEGURO COMPANHIA DE SEGUROS GERAIS","denom_uni_orc":"CORPO DELIBERATIVO E SECRETARIA","funcao":"Legislativa","sub_funcao":"A\u00e7\u00e3o Legislativa","programa":"A\u00c7\u00c3O LEGISLATIVA","acao":"MANUTEN\u00c7\u00c3O DAS ATIVIDADES ADMINISTRATIVAS","ident_acao":"Atividade","cat_econ":"Despesa Corrente","natureza_despesa":"Outras Despesas Correntes","modalidade_despesa":"Aplica\u00e7\u00f5es Diretas","elemento_despesa":"Outros Servi\u00e7os de Terceiros - Pessoa Jur\u00eddica","sub_elem_desp":"SEM SUBELEMENTO","fonte_recurso":"Recursos do Exerc\u00edcio Corrente \/ Outros Recursos n\u00e3o Vinculados \/ -"},{"ano_emissao_emp":"2023","n_emp":"0000386","data_emissao":"27\/10\/2023","valor":"624,25","tipo_empenho":"Ordin\u00e1rio","hist_emp":"Valor empenhado para custear o seguro da moto desta Casa de Leis, placa PEC7686, marca\/modelo Honda Biz 110I, ano\/fabricacao 2018. O seguro e necessario para proteger o veiculo contra acidentes, danos materiais, danos corporais e outros incidentes. A contratacao foi realizada mediante dispensa de licitacao devido ao valor, conforme o artigo 75, inciso 2\u00ba da Lei 14.133\/21.","fornecedor":"PORTO SEGURO COMPANHIA DE SEGUROS GERAIS","denom_uni_orc":"CORPO DELIBERATIVO E SECRETARIA","funcao":"Legislativa","sub_funcao":"A\u00e7\u00e3o Legislativa","programa":"A\u00c7\u00c3O LEGISLATIVA","acao":"INDENIZA\u00c7\u00d5ES E RESTITUI\u00c7\u00d5ES DIVERSAS (FMS)","ident_acao":"Atividade","cat_econ":"Despesa Corrente","natureza_despesa":"Outras Despesas Correntes","modalidade_despesa":"Aplica\u00e7\u00f5es Diretas","elemento_despesa":"Outros Servi\u00e7os de Terceiros - Pessoa Jur\u00eddica","sub_elem_desp":"SEM SUBELEMENTO","fonte_recurso":"Recursos do Exerc\u00edcio Corrente \/ Outros Recursos n\u00e3o Vinculados \/ -"},{"ano_emissao_emp":"2023","n_emp":"0000387","data_emissao":"27\/10\/2023","valor":"170,00","tipo_empenho":"Ordin\u00e1rio","hist_emp":"Valor que se empenha para fazer face ao custeio de 01 (uma) diaria sem pernoite para o servidor Gilberto Jose da Silva , a fim de acompanhar vereadores da bancada de oposicao para realizar a cobertura jornalistica, no DER,Secretaria de Recursos Hidricos e Assembleia Legislativa do Estado de Pernambuco em Recife. no dia 25 de outubro de 2023, celebrado mediante dispensa de licitacao em razao do valor, artigo 75, inciso 2\u00ba da Lei 14.133\/21.","fornecedor":"GILBERTO JOS\u00c9 DA SILVA","denom_uni_orc":"CORPO DELIBERATIVO E SECRETARIA","funcao":"Legislativa","sub_funcao":"A\u00e7\u00e3o Legislativa","programa":"A\u00c7\u00c3O LEGISLATIVA","acao":"AQUISI\u00c7\u00c3O DE EQUIPAMENTOS DIVERSOS PARA O PROGRAMA PRIMEIRA INF\u00c2NCIA N","ident_acao":"Atividade","cat_econ":"Despesa Corrente","natureza_despesa":"Outras Despesas Correntes","modalidade_despesa":"Aplica\u00e7\u00f5es Diretas","elemento_despesa":"Di\u00e1rias \u2013 Civil","sub_elem_desp":"SEM SUBELEMENTO","fonte_recurso":"Recursos do Exerc\u00edcio Corrente \/ Outros Recursos n\u00e3o Vinculados \/ -"},{"ano_emissao_emp":"2023","n_emp":"0000387","data_emissao":"27\/10\/2023","valor":"170,00","tipo_empenho":"Ordin\u00e1rio","hist_emp":"Valor que se empenha para fazer face ao custeio de 01 (uma) diaria sem pernoite para o servidor Gilberto Jose da Silva , a fim de acompanhar vereadores da bancada de oposicao para realizar a cobertura jornalistica, no DER,Secretaria de Recursos Hidricos e Assembleia Legislativa do Estado de Pernambuco em Recife. no dia 25 de outubro de 2023, celebrado mediante dispensa de licitacao em razao do valor, artigo 75, inciso 2\u00ba da Lei 14.133\/21.","fornecedor":"GILBERTO JOS\u00c9 DA SILVA","denom_uni_orc":"CORPO DELIBERATIVO E SECRETARIA","funcao":"Legislativa","sub_funcao":"A\u00e7\u00e3o Legislativa","programa":"A\u00c7\u00c3O LEGISLATIVA","acao":"MANUTEN\u00c7\u00c3O DAS ATIVIDADES LEGISLATIVAS","ident_acao":"Atividade","cat_econ":"Despesa Corrente","natureza_despesa":"Outras Despesas Correntes","modalidade_despesa":"Aplica\u00e7\u00f5es Diretas","elemento_despesa":"Di\u00e1rias \u2013 Civil","sub_elem_desp":"SEM SUBELEMENTO","fonte_recurso":"Recursos do Exerc\u00edcio Corrente \/ Outros Recursos n\u00e3o Vinculados \/ -"},{"ano_emissao_emp":"2023","n_emp":"0000388","data_emissao":"27\/10\/2023","valor":"350,00","tipo_empenho":"Ordin\u00e1rio","hist_emp":"Custeio de 01 (uma) diaria sem pernoite para a cidade do Recife, no dia 31\/10\/2023, destinada a Vereadora Jessyca Cavalcanti, que na oportunidade ira visitar a Secretaria de Desenvolvimento Urbano com alguns representantes da Central de feiras e mercados de Santa Cruz de Capibaribe. Dispensa de licitacao em razao do valor, artigo 75, inciso 2\u00ba da Lei 14.133\/21.","fornecedor":"JESSYCA M\u00d4NICA DE LIMA CAVALCANTI","denom_uni_orc":"CORPO DELIBERATIVO E SECRETARIA","funcao":"Legislativa","sub_funcao":"A\u00e7\u00e3o Legislativa","programa":"A\u00c7\u00c3O LEGISLATIVA","acao":"AQUISI\u00c7\u00c3O DE EQUIPAMENTOS DIVERSOS PARA O PROGRAMA PRIMEIRA INF\u00c2NCIA N","ident_acao":"Atividade","cat_econ":"Despesa Corrente","natureza_despesa":"Outras Despesas Correntes","modalidade_despesa":"Aplica\u00e7\u00f5es Diretas","elemento_despesa":"Di\u00e1rias \u2013 Civil","sub_elem_desp":"SEM SUBELEMENTO","fonte_recurso":"Recursos do Exerc\u00edcio Corrente \/ Outros Recursos n\u00e3o Vinculados \/ -"},{"ano_emissao_emp":"2023","n_emp":"0000388","data_emissao":"27\/10\/2023","valor":"350,00","tipo_empenho":"Ordin\u00e1rio","hist_emp":"Custeio de 01 (uma) diaria sem pernoite para a cidade do Recife, no dia 31\/10\/2023, destinada a Vereadora Jessyca Cavalcanti, que na oportunidade ira visitar a Secretaria de Desenvolvimento Urbano com alguns representantes da Central de feiras e mercados de Santa Cruz de Capibaribe. Dispensa de licitacao em razao do valor, artigo 75, inciso 2\u00ba da Lei 14.133\/21.","fornecedor":"JESSYCA M\u00d4NICA DE LIMA CAVALCANTI","denom_uni_orc":"CORPO DELIBERATIVO E SECRETARIA","funcao":"Legislativa","sub_funcao":"A\u00e7\u00e3o Legislativa","programa":"A\u00c7\u00c3O LEGISLATIVA","acao":"MANUTEN\u00c7\u00c3O DAS ATIVIDADES LEGISLATIVAS","ident_acao":"Atividade","cat_econ":"Despesa Corrente","natureza_despesa":"Outras Despesas Correntes","modalidade_despesa":"Aplica\u00e7\u00f5es Diretas","elemento_despesa":"Di\u00e1rias \u2013 Civil","sub_elem_desp":"SEM SUBELEMENTO","fonte_recurso":"Recursos do Exerc\u00edcio Corrente \/ Outros Recursos n\u00e3o Vinculados \/ -"},{"ano_emissao_emp":"2023","n_emp":"0000394","data_emissao":"01\/11\/2023","valor":"52.571,68","tipo_empenho":"Global","hist_emp":"Custeio com a aquisicao de equipamentos audiovisuais, conforme especificacoes, quantitativos e condicoes estabelecidas no Anexo I do Edital de Pregao n\u00ba. 004\/2023, parte integrante do contrato 11\/2023 em anexo.O presente Contrato vigorara ate o dia 31 de dezembro 2023.","fornecedor":"MALKUT & BOHN LTDA","denom_uni_orc":"CORPO DELIBERATIVO E SECRETARIA","funcao":"Legislativa","sub_funcao":"A\u00e7\u00e3o Legislativa","programa":"A\u00c7\u00c3O LEGISLATIVA","acao":"REEQUIPAMENTO DA UNIDADE","ident_acao":"Projeto","cat_econ":"Despesa de Capital","natureza_despesa":"Investimentos","modalidade_despesa":"Aplica\u00e7\u00f5es Diretas","elemento_despesa":"Equipamentos e Material Permanente","sub_elem_desp":"EQUIPAMENTOS PARA \u00c1UDIO, V\u00cdDEO E FOTO","fonte_recurso":"Recursos do Exerc\u00edcio Corrente \/ Outros Recursos n\u00e3o Vinculados \/ -"},{"ano_emissao_emp":"2023","n_emp":"0000394","data_emissao":"01\/11\/2023","valor":"52.571,68","tipo_empenho":"Global","hist_emp":"Custeio com a aquisicao de equipamentos audiovisuais, conforme especificacoes, quantitativos e condicoes estabelecidas no Anexo I do Edital de Pregao n\u00ba. 004\/2023, parte integrante do contrato 11\/2023 em anexo.O presente Contrato vigorara ate o dia 31 de dezembro 2023.","fornecedor":"MALKUT & BOHN LTDA","denom_uni_orc":"CORPO DELIBERATIVO E SECRETARIA","funcao":"Legislativa","sub_funcao":"A\u00e7\u00e3o Legislativa","programa":"A\u00c7\u00c3O LEGISLATIVA","acao":"INDENIZA\u00c7\u00d5ES E RESTITUI\u00c7\u00d5ES DO RPPS","ident_acao":"Projeto","cat_econ":"Despesa de Capital","natureza_despesa":"Investimentos","modalidade_despesa":"Aplica\u00e7\u00f5es Diretas","elemento_despesa":"Equipamentos e Material Permanente","sub_elem_desp":"EQUIPAMENTOS PARA \u00c1UDIO, V\u00cdDEO E FOTO","fonte_recurso":"Recursos do Exerc\u00edcio Corrente \/ Outros Recursos n\u00e3o Vinculados \/ -"},{"ano_emissao_emp":"2023","n_emp":"0000394","data_emissao":"01\/11\/2023","valor":"52.571,68","tipo_empenho":"Global","hist_emp":"Custeio com a aquisicao de equipamentos audiovisuais, conforme especificacoes, quantitativos e condicoes estabelecidas no Anexo I do Edital de Pregao n\u00ba. 004\/2023, parte integrante do contrato 11\/2023 em anexo.O presente Contrato vigorara ate o dia 31 de dezembro 2023.","fornecedor":"MALKUT & BOHN LTDA","denom_uni_orc":"CORPO DELIBERATIVO E SECRETARIA","funcao":"Legislativa","sub_funcao":"A\u00e7\u00e3o Legislativa","programa":"A\u00c7\u00c3O LEGISLATIVA","acao":"AMORTIZA\u00c7\u00c3O DA D\u00cdVIDA P\u00daBLICA CONSOLIDADA","ident_acao":"Projeto","cat_econ":"Despesa de Capital","natureza_despesa":"Investimentos","modalidade_despesa":"Aplica\u00e7\u00f5es Diretas","elemento_despesa":"Equipamentos e Material Permanente","sub_elem_desp":"EQUIPAMENTOS PARA \u00c1UDIO, V\u00cdDEO E FOTO","fonte_recurso":"Recursos do Exerc\u00edcio Corrente \/ Outros Recursos n\u00e3o Vinculados \/ -"},{"ano_emissao_emp":"2023","n_emp":"0000395","data_emissao":"01\/11\/2023","valor":"4.970,00","tipo_empenho":"Global","hist_emp":"Custeio com a aquisicao de equipamentos audiovisuais, conforme especificacoes, quantitativos e condicoes estabelecidas no Anexo I do Edital de Pregao n\u00ba. 004\/2023, parte integrante do Contrato numero 10\/2023. O presente Contrato vigorara ate o dia 31 de dezembro de 2023.","fornecedor":"MAIS DISTRIBUICOES PB COMERCIO E SERVICO LTDA","denom_uni_orc":"CORPO DELIBERATIVO E SECRETARIA","funcao":"Legislativa","sub_funcao":"A\u00e7\u00e3o Legislativa","programa":"A\u00c7\u00c3O LEGISLATIVA","acao":"REEQUIPAMENTO DA UNIDADE","ident_acao":"Projeto","cat_econ":"Despesa de Capital","natureza_despesa":"Investimentos","modalidade_despesa":"Aplica\u00e7\u00f5es Diretas","elemento_despesa":"Equipamentos e Material Permanente","sub_elem_desp":"EQUIPAMENTOS PARA \u00c1UDIO, V\u00cdDEO E FOTO","fonte_recurso":"Recursos do Exerc\u00edcio Corrente \/ Outros Recursos n\u00e3o Vinculados \/ -"},{"ano_emissao_emp":"2023","n_emp":"0000395","data_emissao":"01\/11\/2023","valor":"4.970,00","tipo_empenho":"Global","hist_emp":"Custeio com a aquisicao de equipamentos audiovisuais, conforme especificacoes, quantitativos e condicoes estabelecidas no Anexo I do Edital de Pregao n\u00ba. 004\/2023, parte integrante do Contrato numero 10\/2023. O presente Contrato vigorara ate o dia 31 de dezembro de 2023.","fornecedor":"MAIS DISTRIBUICOES PB COMERCIO E SERVICO LTDA","denom_uni_orc":"CORPO DELIBERATIVO E SECRETARIA","funcao":"Legislativa","sub_funcao":"A\u00e7\u00e3o Legislativa","programa":"A\u00c7\u00c3O LEGISLATIVA","acao":"INDENIZA\u00c7\u00d5ES E RESTITUI\u00c7\u00d5ES DO RPPS","ident_acao":"Projeto","cat_econ":"Despesa de Capital","natureza_despesa":"Investimentos","modalidade_despesa":"Aplica\u00e7\u00f5es Diretas","elemento_despesa":"Equipamentos e Material Permanente","sub_elem_desp":"EQUIPAMENTOS PARA \u00c1UDIO, V\u00cdDEO E FOTO","fonte_recurso":"Recursos do Exerc\u00edcio Corrente \/ Outros Recursos n\u00e3o Vinculados \/ -"},{"ano_emissao_emp":"2023","n_emp":"0000395","data_emissao":"01\/11\/2023","valor":"4.970,00","tipo_empenho":"Global","hist_emp":"Custeio com a aquisicao de equipamentos audiovisuais, conforme especificacoes, quantitativos e condicoes estabelecidas no Anexo I do Edital de Pregao n\u00ba. 004\/2023, parte integrante do Contrato numero 10\/2023. O presente Contrato vigorara ate o dia 31 de dezembro de 2023.","fornecedor":"MAIS DISTRIBUICOES PB COMERCIO E SERVICO LTDA","denom_uni_orc":"CORPO DELIBERATIVO E SECRETARIA","funcao":"Legislativa","sub_funcao":"A\u00e7\u00e3o Legislativa","programa":"A\u00c7\u00c3O LEGISLATIVA","acao":"AMORTIZA\u00c7\u00c3O DA D\u00cdVIDA P\u00daBLICA CONSOLIDADA","ident_acao":"Projeto","cat_econ":"Despesa de Capital","natureza_despesa":"Investimentos","modalidade_despesa":"Aplica\u00e7\u00f5es Diretas","elemento_despesa":"Equipamentos e Material Permanente","sub_elem_desp":"EQUIPAMENTOS PARA \u00c1UDIO, V\u00cdDEO E FOTO","fonte_recurso":"Recursos do Exerc\u00edcio Corrente \/ Outros Recursos n\u00e3o Vinculados \/ -"},{"ano_emissao_emp":"2023","n_emp":"0000396","data_emissao":"01\/11\/2023","valor":"8.985,34","tipo_empenho":"Global","hist_emp":"Custeio com a aquisicao de caixas de som, conforme especificacoes, quantitativos e condicoes estabelecidas no Anexo I do Edital de Pregao n\u00ba. 004\/2023, parte integrante do Contrato numero 06\/2023. O presente Contrato vigorara ate o dia 31 de dezembro de 2023.","fornecedor":"ALTA FREQUENCIA LTDA","denom_uni_orc":"CORPO DELIBERATIVO E SECRETARIA","funcao":"Legislativa","sub_funcao":"A\u00e7\u00e3o Legislativa","programa":"A\u00c7\u00c3O LEGISLATIVA","acao":"REEQUIPAMENTO DA UNIDADE","ident_acao":"Projeto","cat_econ":"Despesa de Capital","natureza_despesa":"Investimentos","modalidade_despesa":"Aplica\u00e7\u00f5es Diretas","elemento_despesa":"Equipamentos e Material Permanente","sub_elem_desp":"EQUIPAMENTOS PARA \u00c1UDIO, V\u00cdDEO E FOTO","fonte_recurso":"Recursos do Exerc\u00edcio Corrente \/ Outros Recursos n\u00e3o Vinculados \/ -"},{"ano_emissao_emp":"2023","n_emp":"0000396","data_emissao":"01\/11\/2023","valor":"8.985,34","tipo_empenho":"Global","hist_emp":"Custeio com a aquisicao de caixas de som, conforme especificacoes, quantitativos e condicoes estabelecidas no Anexo I do Edital de Pregao n\u00ba. 004\/2023, parte integrante do Contrato numero 06\/2023. O presente Contrato vigorara ate o dia 31 de dezembro de 2023.","fornecedor":"ALTA FREQUENCIA LTDA","denom_uni_orc":"CORPO DELIBERATIVO E SECRETARIA","funcao":"Legislativa","sub_funcao":"A\u00e7\u00e3o Legislativa","programa":"A\u00c7\u00c3O LEGISLATIVA","acao":"INDENIZA\u00c7\u00d5ES E RESTITUI\u00c7\u00d5ES DO RPPS","ident_acao":"Projeto","cat_econ":"Despesa de Capital","natureza_despesa":"Investimentos","modalidade_despesa":"Aplica\u00e7\u00f5es Diretas","elemento_despesa":"Equipamentos e Material Permanente","sub_elem_desp":"EQUIPAMENTOS PARA \u00c1UDIO, V\u00cdDEO E FOTO","fonte_recurso":"Recursos do Exerc\u00edcio Corrente \/ Outros Recursos n\u00e3o Vinculados \/ -"},{"ano_emissao_emp":"2023","n_emp":"0000396","data_emissao":"01\/11\/2023","valor":"8.985,34","tipo_empenho":"Global","hist_emp":"Custeio com a aquisicao de caixas de som, conforme especificacoes, quantitativos e condicoes estabelecidas no Anexo I do Edital de Pregao n\u00ba. 004\/2023, parte integrante do Contrato numero 06\/2023. O presente Contrato vigorara ate o dia 31 de dezembro de 2023.","fornecedor":"ALTA FREQUENCIA LTDA","denom_uni_orc":"CORPO DELIBERATIVO E SECRETARIA","funcao":"Legislativa","sub_funcao":"A\u00e7\u00e3o Legislativa","programa":"A\u00c7\u00c3O LEGISLATIVA","acao":"AMORTIZA\u00c7\u00c3O DA D\u00cdVIDA P\u00daBLICA CONSOLIDADA","ident_acao":"Projeto","cat_econ":"Despesa de Capital","natureza_despesa":"Investimentos","modalidade_despesa":"Aplica\u00e7\u00f5es Diretas","elemento_despesa":"Equipamentos e Material Permanente","sub_elem_desp":"EQUIPAMENTOS PARA \u00c1UDIO, V\u00cdDEO E FOTO","fonte_recurso":"Recursos do Exerc\u00edcio Corrente \/ Outros Recursos n\u00e3o Vinculados \/ -"},{"ano_emissao_emp":"2023","n_emp":"0000397","data_emissao":"06\/11\/2023","valor":"1.099,84","tipo_empenho":"Global","hist_emp":"Custeio com a aquisicao de cartao de memoria, conforme especificacoes, quantitativos e condicoes estabelecidas no Anexo I do Edital de Pregao n\u00ba. 004\/2023, parte integrante do Contrato 08\/2023 em anexo. O presente Contrato vigorara ate o dia 31 de dezembro de 2023.","fornecedor":"HMA COMERCIO E ATACADISTA DE PRODUTOS DE INFORMATICA E ELETROELETRONICOS LTDA","denom_uni_orc":"CORPO DELIBERATIVO E SECRETARIA","funcao":"Legislativa","sub_funcao":"A\u00e7\u00e3o Legislativa","programa":"A\u00c7\u00c3O LEGISLATIVA","acao":"REEQUIPAMENTO DA UNIDADE","ident_acao":"Projeto","cat_econ":"Despesa de Capital","natureza_despesa":"Investimentos","modalidade_despesa":"Aplica\u00e7\u00f5es Diretas","elemento_despesa":"Equipamentos e Material Permanente","sub_elem_desp":"EQUIPAMENTOS DE PROCESSAMENTO DE DADOS","fonte_recurso":"Recursos do Exerc\u00edcio Corrente \/ Outros Recursos n\u00e3o Vinculados \/ -"},{"ano_emissao_emp":"2023","n_emp":"0000397","data_emissao":"06\/11\/2023","valor":"1.099,84","tipo_empenho":"Global","hist_emp":"Custeio com a aquisicao de cartao de memoria, conforme especificacoes, quantitativos e condicoes estabelecidas no Anexo I do Edital de Pregao n\u00ba. 004\/2023, parte integrante do Contrato 08\/2023 em anexo. O presente Contrato vigorara ate o dia 31 de dezembro de 2023.","fornecedor":"HMA COMERCIO E ATACADISTA DE PRODUTOS DE INFORMATICA E ELETROELETRONICOS LTDA","denom_uni_orc":"CORPO DELIBERATIVO E SECRETARIA","funcao":"Legislativa","sub_funcao":"A\u00e7\u00e3o Legislativa","programa":"A\u00c7\u00c3O LEGISLATIVA","acao":"INDENIZA\u00c7\u00d5ES E RESTITUI\u00c7\u00d5ES DO RPPS","ident_acao":"Projeto","cat_econ":"Despesa de Capital","natureza_despesa":"Investimentos","modalidade_despesa":"Aplica\u00e7\u00f5es Diretas","elemento_despesa":"Equipamentos e Material Permanente","sub_elem_desp":"EQUIPAMENTOS DE PROCESSAMENTO DE DADOS","fonte_recurso":"Recursos do Exerc\u00edcio Corrente \/ Outros Recursos n\u00e3o Vinculados \/ -"},{"ano_emissao_emp":"2023","n_emp":"0000397","data_emissao":"06\/11\/2023","valor":"1.099,84","tipo_empenho":"Global","hist_emp":"Custeio com a aquisicao de cartao de memoria, conforme especificacoes, quantitativos e condicoes estabelecidas no Anexo I do Edital de Pregao n\u00ba. 004\/2023, parte integrante do Contrato 08\/2023 em anexo. O presente Contrato vigorara ate o dia 31 de dezembro de 2023.","fornecedor":"HMA COMERCIO E ATACADISTA DE PRODUTOS DE INFORMATICA E ELETROELETRONICOS LTDA","denom_uni_orc":"CORPO DELIBERATIVO E SECRETARIA","funcao":"Legislativa","sub_funcao":"A\u00e7\u00e3o Legislativa","programa":"A\u00c7\u00c3O LEGISLATIVA","acao":"AMORTIZA\u00c7\u00c3O DA D\u00cdVIDA P\u00daBLICA CONSOLIDADA","ident_acao":"Projeto","cat_econ":"Despesa de Capital","natureza_despesa":"Investimentos","modalidade_despesa":"Aplica\u00e7\u00f5es Diretas","elemento_despesa":"Equipamentos e Material Permanente","sub_elem_desp":"EQUIPAMENTOS DE PROCESSAMENTO DE DADOS","fonte_recurso":"Recursos do Exerc\u00edcio Corrente \/ Outros Recursos n\u00e3o Vinculados \/ -"},{"ano_emissao_emp":"2023","n_emp":"0000398","data_emissao":"06\/11\/2023","valor":"7.000,00","tipo_empenho":"Global","hist_emp":"Custeio com a prestacao de servico de consultoria e treinamento em gestao administrativa de processos para os setores de compras, licitacao e contratos desta Camara Municipal, conforme contrato numero 10\/2023 em anexo, com vigencia pelo periodo de 06 (seis) meses a partir de sua assinatura.","fornecedor":"GOVMASTERY CONSULTORIA E ASSESSORIA LTDA","denom_uni_orc":"CORPO DELIBERATIVO E SECRETARIA","funcao":"Legislativa","sub_funcao":"A\u00e7\u00e3o Legislativa","programa":"A\u00c7\u00c3O LEGISLATIVA","acao":"AQUISI\u00c7\u00c3O DE M\u00d3VEIS, M\u00c1QUINAS E EQUIPAMENTOS DIVERSOS PARA O CONSELHO","ident_acao":"Atividade","cat_econ":"Despesa Corrente","natureza_despesa":"Outras Despesas Correntes","modalidade_despesa":"Aplica\u00e7\u00f5es Diretas","elemento_despesa":"Outros Servi\u00e7os de Terceiros - Pessoa Jur\u00eddica","sub_elem_desp":"SEM SUBELEMENTO","fonte_recurso":"Recursos do Exerc\u00edcio Corrente \/ Outros Recursos n\u00e3o Vinculados \/ -"},{"ano_emissao_emp":"2023","n_emp":"0000398","data_emissao":"06\/11\/2023","valor":"7.000,00","tipo_empenho":"Global","hist_emp":"Custeio com a prestacao de servico de consultoria e treinamento em gestao administrativa de processos para os setores de compras, licitacao e contratos desta Camara Municipal, conforme contrato numero 10\/2023 em anexo, com vigencia pelo periodo de 06 (seis) meses a partir de sua assinatura.","fornecedor":"GOVMASTERY CONSULTORIA E ASSESSORIA LTDA","denom_uni_orc":"CORPO DELIBERATIVO E SECRETARIA","funcao":"Legislativa","sub_funcao":"A\u00e7\u00e3o Legislativa","programa":"A\u00c7\u00c3O LEGISLATIVA","acao":"MANUTEN\u00c7\u00c3O DAS ATIVIDADES ADMINISTRATIVAS","ident_acao":"Atividade","cat_econ":"Despesa Corrente","natureza_despesa":"Outras Despesas Correntes","modalidade_despesa":"Aplica\u00e7\u00f5es Diretas","elemento_despesa":"Outros Servi\u00e7os de Terceiros - Pessoa Jur\u00eddica","sub_elem_desp":"SEM SUBELEMENTO","fonte_recurso":"Recursos do Exerc\u00edcio Corrente \/ Outros Recursos n\u00e3o Vinculados \/ -"},{"ano_emissao_emp":"2023","n_emp":"0000398","data_emissao":"06\/11\/2023","valor":"7.000,00","tipo_empenho":"Global","hist_emp":"Custeio com a prestacao de servico de consultoria e treinamento em gestao administrativa de processos para os setores de compras, licitacao e contratos desta Camara Municipal, conforme contrato numero 10\/2023 em anexo, com vigencia pelo periodo de 06 (seis) meses a partir de sua assinatura.","fornecedor":"GOVMASTERY CONSULTORIA E ASSESSORIA LTDA","denom_uni_orc":"CORPO DELIBERATIVO E SECRETARIA","funcao":"Legislativa","sub_funcao":"A\u00e7\u00e3o Legislativa","programa":"A\u00c7\u00c3O LEGISLATIVA","acao":"INDENIZA\u00c7\u00d5ES E RESTITUI\u00c7\u00d5ES DIVERSAS (FMS)","ident_acao":"Atividade","cat_econ":"Despesa Corrente","natureza_despesa":"Outras Despesas Correntes","modalidade_despesa":"Aplica\u00e7\u00f5es Diretas","elemento_despesa":"Outros Servi\u00e7os de Terceiros - Pessoa Jur\u00eddica","sub_elem_desp":"SEM SUBELEMENTO","fonte_recurso":"Recursos do Exerc\u00edcio Corrente \/ Outros Recursos n\u00e3o Vinculados \/ -"},{"ano_emissao_emp":"2023","n_emp":"0000399","data_emissao":"07\/11\/2023","valor":"350,00","tipo_empenho":"Ordin\u00e1rio","hist_emp":"Custeio com 01 (uma) diaria sem pernoite para o vereador presidente Jose Climerio Neto para o dia 07\/11\/2023, para participar de audiencia publica na Secretaria Estadual de Saude na cidade do Recife, com participacoes das doutoras Dra. Barbara Florencio - SEGECG, Dra. Paula Lyra - SEAS e Dra. Alda - DPE\/SEVSAP.","fornecedor":"JOS\u00c9 CLIM\u00c9RIO NETO","denom_uni_orc":"CORPO DELIBERATIVO E SECRETARIA","funcao":"Legislativa","sub_funcao":"A\u00e7\u00e3o Legislativa","programa":"A\u00c7\u00c3O LEGISLATIVA","acao":"AQUISI\u00c7\u00c3O DE EQUIPAMENTOS DIVERSOS PARA O PROGRAMA PRIMEIRA INF\u00c2NCIA N","ident_acao":"Atividade","cat_econ":"Despesa Corrente","natureza_despesa":"Outras Despesas Correntes","modalidade_despesa":"Aplica\u00e7\u00f5es Diretas","elemento_despesa":"Di\u00e1rias \u2013 Civil","sub_elem_desp":"SEM SUBELEMENTO","fonte_recurso":"Recursos do Exerc\u00edcio Corrente \/ Outros Recursos n\u00e3o Vinculados \/ -"},{"ano_emissao_emp":"2023","n_emp":"0000399","data_emissao":"07\/11\/2023","valor":"350,00","tipo_empenho":"Ordin\u00e1rio","hist_emp":"Custeio com 01 (uma) diaria sem pernoite para o vereador presidente Jose Climerio Neto para o dia 07\/11\/2023, para participar de audiencia publica na Secretaria Estadual de Saude na cidade do Recife, com participacoes das doutoras Dra. Barbara Florencio - SEGECG, Dra. Paula Lyra - SEAS e Dra. Alda - DPE\/SEVSAP.","fornecedor":"JOS\u00c9 CLIM\u00c9RIO NETO","denom_uni_orc":"CORPO DELIBERATIVO E SECRETARIA","funcao":"Legislativa","sub_funcao":"A\u00e7\u00e3o Legislativa","programa":"A\u00c7\u00c3O LEGISLATIVA","acao":"MANUTEN\u00c7\u00c3O DAS ATIVIDADES LEGISLATIVAS","ident_acao":"Atividade","cat_econ":"Despesa Corrente","natureza_despesa":"Outras Despesas Correntes","modalidade_despesa":"Aplica\u00e7\u00f5es Diretas","elemento_despesa":"Di\u00e1rias \u2013 Civil","sub_elem_desp":"SEM SUBELEMENTO","fonte_recurso":"Recursos do Exerc\u00edcio Corrente \/ Outros Recursos n\u00e3o Vinculados \/ -"},{"ano_emissao_emp":"2023","n_emp":"0000400","data_emissao":"07\/11\/2023","valor":"883,00","tipo_empenho":"Ordin\u00e1rio","hist_emp":"Custeio com servico de corte de pedras de marmore e a producao da mesa da nova sala da presidencia desta Casa de Leis. As pedras utilizadas na confeccao da referida mesa foram decorrentes de reutilizacao, uma vez que as mesas integravam o antigo plenario. Dispensa de licitacao em razao do valor, conforme o artigo 75, inciso 2\u00ba da Lei 14.133\/21.","fornecedor":"Ramailton Sampaio Soares","denom_uni_orc":"CORPO DELIBERATIVO E SECRETARIA","funcao":"Legislativa","sub_funcao":"A\u00e7\u00e3o Legislativa","programa":"A\u00c7\u00c3O LEGISLATIVA","acao":"AQUISI\u00c7\u00c3O DE M\u00d3VEIS, M\u00c1QUINAS E EQUIPAMENTOS DIVERSOS PARA O CONSELHO","ident_acao":"Atividade","cat_econ":"Despesa Corrente","natureza_despesa":"Outras Despesas Correntes","modalidade_despesa":"Aplica\u00e7\u00f5es Diretas","elemento_despesa":"Outros Servi\u00e7os de Terceiros - Pessoa F\u00edsica","sub_elem_desp":"SEM SUBELEMENTO","fonte_recurso":"Recursos do Exerc\u00edcio Corrente \/ Outros Recursos n\u00e3o Vinculados \/ -"},{"ano_emissao_emp":"2023","n_emp":"0000400","data_emissao":"07\/11\/2023","valor":"883,00","tipo_empenho":"Ordin\u00e1rio","hist_emp":"Custeio com servico de corte de pedras de marmore e a producao da mesa da nova sala da presidencia desta Casa de Leis. As pedras utilizadas na confeccao da referida mesa foram decorrentes de reutilizacao, uma vez que as mesas integravam o antigo plenario. Dispensa de licitacao em razao do valor, conforme o artigo 75, inciso 2\u00ba da Lei 14.133\/21.","fornecedor":"Ramailton Sampaio Soares","denom_uni_orc":"CORPO DELIBERATIVO E SECRETARIA","funcao":"Legislativa","sub_funcao":"A\u00e7\u00e3o Legislativa","programa":"A\u00c7\u00c3O LEGISLATIVA","acao":"MANUTEN\u00c7\u00c3O DAS ATIVIDADES ADMINISTRATIVAS","ident_acao":"Atividade","cat_econ":"Despesa Corrente","natureza_despesa":"Outras Despesas Correntes","modalidade_despesa":"Aplica\u00e7\u00f5es Diretas","elemento_despesa":"Outros Servi\u00e7os de Terceiros - Pessoa F\u00edsica","sub_elem_desp":"SEM SUBELEMENTO","fonte_recurso":"Recursos do Exerc\u00edcio Corrente \/ Outros Recursos n\u00e3o Vinculados \/ -"},{"ano_emissao_emp":"2023","n_emp":"0000400","data_emissao":"07\/11\/2023","valor":"883,00","tipo_empenho":"Ordin\u00e1rio","hist_emp":"Custeio com servico de corte de pedras de marmore e a producao da mesa da nova sala da presidencia desta Casa de Leis. As pedras utilizadas na confeccao da referida mesa foram decorrentes de reutilizacao, uma vez que as mesas integravam o antigo plenario. Dispensa de licitacao em razao do valor, conforme o artigo 75, inciso 2\u00ba da Lei 14.133\/21.","fornecedor":"Ramailton Sampaio Soares","denom_uni_orc":"CORPO DELIBERATIVO E SECRETARIA","funcao":"Legislativa","sub_funcao":"A\u00e7\u00e3o Legislativa","programa":"A\u00c7\u00c3O LEGISLATIVA","acao":"INDENIZA\u00c7\u00d5ES E RESTITUI\u00c7\u00d5ES DIVERSAS (FMS)","ident_acao":"Atividade","cat_econ":"Despesa Corrente","natureza_despesa":"Outras Despesas Correntes","modalidade_despesa":"Aplica\u00e7\u00f5es Diretas","elemento_despesa":"Outros Servi\u00e7os de Terceiros - Pessoa F\u00edsica","sub_elem_desp":"SEM SUBELEMENTO","fonte_recurso":"Recursos do Exerc\u00edcio Corrente \/ Outros Recursos n\u00e3o Vinculados \/ -"},{"ano_emissao_emp":"2023","n_emp":"0000401","data_emissao":"07\/11\/2023","valor":"75.834,13","tipo_empenho":"Global","hist_emp":"Custeio com aquisicao de 29 (vinte e nove) notebooks VAIO FE15 15.6? FHD I3-1215U 8GB SSD 256GB Cinza - VJFE54F11X-B0911H, conforme as especificacoes, quantidades e condicoes estabelecidas no Anexo I do Edital do Pregao n\u00ba. 004\/2023, parte integrante do Contrato n\u00ba 12\/2023 em anexo, que foi regido pela Lei Federal n\u00ba. 8.666 de 21 de junho de 1993.","fornecedor":"MALKUT & BOHN LTDA","denom_uni_orc":"CORPO DELIBERATIVO E SECRETARIA","funcao":"Legislativa","sub_funcao":"A\u00e7\u00e3o Legislativa","programa":"A\u00c7\u00c3O LEGISLATIVA","acao":"REEQUIPAMENTO DA UNIDADE","ident_acao":"Projeto","cat_econ":"Despesa de Capital","natureza_despesa":"Investimentos","modalidade_despesa":"Aplica\u00e7\u00f5es Diretas","elemento_despesa":"Equipamentos e Material Permanente","sub_elem_desp":"EQUIPAMENTOS DE PROCESSAMENTO DE DADOS","fonte_recurso":"Recursos do Exerc\u00edcio Corrente \/ Outros Recursos n\u00e3o Vinculados \/ -"},{"ano_emissao_emp":"2023","n_emp":"0000401","data_emissao":"07\/11\/2023","valor":"75.834,13","tipo_empenho":"Global","hist_emp":"Custeio com aquisicao de 29 (vinte e nove) notebooks VAIO FE15 15.6? FHD I3-1215U 8GB SSD 256GB Cinza - VJFE54F11X-B0911H, conforme as especificacoes, quantidades e condicoes estabelecidas no Anexo I do Edital do Pregao n\u00ba. 004\/2023, parte integrante do Contrato n\u00ba 12\/2023 em anexo, que foi regido pela Lei Federal n\u00ba. 8.666 de 21 de junho de 1993.","fornecedor":"MALKUT & BOHN LTDA","denom_uni_orc":"CORPO DELIBERATIVO E SECRETARIA","funcao":"Legislativa","sub_funcao":"A\u00e7\u00e3o Legislativa","programa":"A\u00c7\u00c3O LEGISLATIVA","acao":"INDENIZA\u00c7\u00d5ES E RESTITUI\u00c7\u00d5ES DO RPPS","ident_acao":"Projeto","cat_econ":"Despesa de Capital","natureza_despesa":"Investimentos","modalidade_despesa":"Aplica\u00e7\u00f5es Diretas","elemento_despesa":"Equipamentos e Material Permanente","sub_elem_desp":"EQUIPAMENTOS DE PROCESSAMENTO DE DADOS","fonte_recurso":"Recursos do Exerc\u00edcio Corrente \/ Outros Recursos n\u00e3o Vinculados \/ -"},{"ano_emissao_emp":"2023","n_emp":"0000401","data_emissao":"07\/11\/2023","valor":"75.834,13","tipo_empenho":"Global","hist_emp":"Custeio com aquisicao de 29 (vinte e nove) notebooks VAIO FE15 15.6? FHD I3-1215U 8GB SSD 256GB Cinza - VJFE54F11X-B0911H, conforme as especificacoes, quantidades e condicoes estabelecidas no Anexo I do Edital do Pregao n\u00ba. 004\/2023, parte integrante do Contrato n\u00ba 12\/2023 em anexo, que foi regido pela Lei Federal n\u00ba. 8.666 de 21 de junho de 1993.","fornecedor":"MALKUT & BOHN LTDA","denom_uni_orc":"CORPO DELIBERATIVO E SECRETARIA","funcao":"Legislativa","sub_funcao":"A\u00e7\u00e3o Legislativa","programa":"A\u00c7\u00c3O LEGISLATIVA","acao":"AMORTIZA\u00c7\u00c3O DA D\u00cdVIDA P\u00daBLICA CONSOLIDADA","ident_acao":"Projeto","cat_econ":"Despesa de Capital","natureza_despesa":"Investimentos","modalidade_despesa":"Aplica\u00e7\u00f5es Diretas","elemento_despesa":"Equipamentos e Material Permanente","sub_elem_desp":"EQUIPAMENTOS DE PROCESSAMENTO DE DADOS","fonte_recurso":"Recursos do Exerc\u00edcio Corrente \/ Outros Recursos n\u00e3o Vinculados \/ -"},{"ano_emissao_emp":"2023","n_emp":"0000402","data_emissao":"07\/11\/2023","valor":"21.126,75","tipo_empenho":"Global","hist_emp":"Custeio com aquisicao de equipamentos audiovisuais- 01 (uma) LENTE CANON EF 70-200 MM F\/2.8 IS III USM e 01 (uma) C\u00c2MERA MIRRORLESS 24.2 Mp 4K KIT COM LENTE, conforme as especificacoes, quantidades e condicoes estabelecidas no Anexo I do Edital do Pregao n\u00ba. 004\/2023. Este contrato, de numero 09\/2023, tem vigencia ate o dia 31\/12\/2023 e e regido pela Lei Federal n\u00ba. 8.666 de 21 de junho de 1993.","fornecedor":"INSUMATEK TECNOLOGIA LTDA","denom_uni_orc":"CORPO DELIBERATIVO E SECRETARIA","funcao":"Legislativa","sub_funcao":"A\u00e7\u00e3o Legislativa","programa":"A\u00c7\u00c3O LEGISLATIVA","acao":"REEQUIPAMENTO DA UNIDADE","ident_acao":"Projeto","cat_econ":"Despesa de Capital","natureza_despesa":"Investimentos","modalidade_despesa":"Aplica\u00e7\u00f5es Diretas","elemento_despesa":"Equipamentos e Material Permanente","sub_elem_desp":"EQUIPAMENTOS PARA \u00c1UDIO, V\u00cdDEO E FOTO","fonte_recurso":"Recursos do Exerc\u00edcio Corrente \/ Outros Recursos n\u00e3o Vinculados \/ -"},{"ano_emissao_emp":"2023","n_emp":"0000402","data_emissao":"07\/11\/2023","valor":"21.126,75","tipo_empenho":"Global","hist_emp":"Custeio com aquisicao de equipamentos audiovisuais- 01 (uma) LENTE CANON EF 70-200 MM F\/2.8 IS III USM e 01 (uma) C\u00c2MERA MIRRORLESS 24.2 Mp 4K KIT COM LENTE, conforme as especificacoes, quantidades e condicoes estabelecidas no Anexo I do Edital do Pregao n\u00ba. 004\/2023. Este contrato, de numero 09\/2023, tem vigencia ate o dia 31\/12\/2023 e e regido pela Lei Federal n\u00ba. 8.666 de 21 de junho de 1993.","fornecedor":"INSUMATEK TECNOLOGIA LTDA","denom_uni_orc":"CORPO DELIBERATIVO E SECRETARIA","funcao":"Legislativa","sub_funcao":"A\u00e7\u00e3o Legislativa","programa":"A\u00c7\u00c3O LEGISLATIVA","acao":"INDENIZA\u00c7\u00d5ES E RESTITUI\u00c7\u00d5ES DO RPPS","ident_acao":"Projeto","cat_econ":"Despesa de Capital","natureza_despesa":"Investimentos","modalidade_despesa":"Aplica\u00e7\u00f5es Diretas","elemento_despesa":"Equipamentos e Material Permanente","sub_elem_desp":"EQUIPAMENTOS PARA \u00c1UDIO, V\u00cdDEO E FOTO","fonte_recurso":"Recursos do Exerc\u00edcio Corrente \/ Outros Recursos n\u00e3o Vinculados \/ -"},{"ano_emissao_emp":"2023","n_emp":"0000402","data_emissao":"07\/11\/2023","valor":"21.126,75","tipo_empenho":"Global","hist_emp":"Custeio com aquisicao de equipamentos audiovisuais- 01 (uma) LENTE CANON EF 70-200 MM F\/2.8 IS III USM e 01 (uma) C\u00c2MERA MIRRORLESS 24.2 Mp 4K KIT COM LENTE, conforme as especificacoes, quantidades e condicoes estabelecidas no Anexo I do Edital do Pregao n\u00ba. 004\/2023. Este contrato, de numero 09\/2023, tem vigencia ate o dia 31\/12\/2023 e e regido pela Lei Federal n\u00ba. 8.666 de 21 de junho de 1993.","fornecedor":"INSUMATEK TECNOLOGIA LTDA","denom_uni_orc":"CORPO DELIBERATIVO E SECRETARIA","funcao":"Legislativa","sub_funcao":"A\u00e7\u00e3o Legislativa","programa":"A\u00c7\u00c3O LEGISLATIVA","acao":"AMORTIZA\u00c7\u00c3O DA D\u00cdVIDA P\u00daBLICA CONSOLIDADA","ident_acao":"Projeto","cat_econ":"Despesa de Capital","natureza_despesa":"Investimentos","modalidade_despesa":"Aplica\u00e7\u00f5es Diretas","elemento_despesa":"Equipamentos e Material Permanente","sub_elem_desp":"EQUIPAMENTOS PARA \u00c1UDIO, V\u00cdDEO E FOTO","fonte_recurso":"Recursos do Exerc\u00edcio Corrente \/ Outros Recursos n\u00e3o Vinculados \/ -"},{"ano_emissao_emp":"2023","n_emp":"0000403","data_emissao":"08\/11\/2023","valor":"1.700,00","tipo_empenho":"Ordin\u00e1rio","hist_emp":"Custeio com instalacao de forro em gesso acartonado com estrutura de aco galvanizado na chapa 0.50, emplacamento com chapas ST (standard), massa e fita para tratamento de juntas. O material e a mao de obra serao por conta do prestador. Dispensa de licitacao em razao do valor, artigo 75, inciso 2\u00ba da Lei 14.133\/21.","fornecedor":"L B F SERVICOS E CONSTRUCOES LTDA","denom_uni_orc":"CORPO DELIBERATIVO E SECRETARIA","funcao":"Legislativa","sub_funcao":"A\u00e7\u00e3o Legislativa","programa":"A\u00c7\u00c3O LEGISLATIVA","acao":"AQUISI\u00c7\u00c3O DE M\u00d3VEIS, M\u00c1QUINAS E EQUIPAMENTOS DIVERSOS PARA O CONSELHO","ident_acao":"Atividade","cat_econ":"Despesa Corrente","natureza_despesa":"Outras Despesas Correntes","modalidade_despesa":"Aplica\u00e7\u00f5es Diretas","elemento_despesa":"Outros Servi\u00e7os de Terceiros - Pessoa Jur\u00eddica","sub_elem_desp":"SEM SUBELEMENTO","fonte_recurso":"Recursos do Exerc\u00edcio Corrente \/ Outros Recursos n\u00e3o Vinculados \/ -"},{"ano_emissao_emp":"2023","n_emp":"0000403","data_emissao":"08\/11\/2023","valor":"1.700,00","tipo_empenho":"Ordin\u00e1rio","hist_emp":"Custeio com instalacao de forro em gesso acartonado com estrutura de aco galvanizado na chapa 0.50, emplacamento com chapas ST (standard), massa e fita para tratamento de juntas. O material e a mao de obra serao por conta do prestador. Dispensa de licitacao em razao do valor, artigo 75, inciso 2\u00ba da Lei 14.133\/21.","fornecedor":"L B F SERVICOS E CONSTRUCOES LTDA","denom_uni_orc":"CORPO DELIBERATIVO E SECRETARIA","funcao":"Legislativa","sub_funcao":"A\u00e7\u00e3o Legislativa","programa":"A\u00c7\u00c3O LEGISLATIVA","acao":"MANUTEN\u00c7\u00c3O DAS ATIVIDADES ADMINISTRATIVAS","ident_acao":"Atividade","cat_econ":"Despesa Corrente","natureza_despesa":"Outras Despesas Correntes","modalidade_despesa":"Aplica\u00e7\u00f5es Diretas","elemento_despesa":"Outros Servi\u00e7os de Terceiros - Pessoa Jur\u00eddica","sub_elem_desp":"SEM SUBELEMENTO","fonte_recurso":"Recursos do Exerc\u00edcio Corrente \/ Outros Recursos n\u00e3o Vinculados \/ -"},{"ano_emissao_emp":"2023","n_emp":"0000403","data_emissao":"08\/11\/2023","valor":"1.700,00","tipo_empenho":"Ordin\u00e1rio","hist_emp":"Custeio com instalacao de forro em gesso acartonado com estrutura de aco galvanizado na chapa 0.50, emplacamento com chapas ST (standard), massa e fita para tratamento de juntas. O material e a mao de obra serao por conta do prestador. Dispensa de licitacao em razao do valor, artigo 75, inciso 2\u00ba da Lei 14.133\/21.","fornecedor":"L B F SERVICOS E CONSTRUCOES LTDA","denom_uni_orc":"CORPO DELIBERATIVO E SECRETARIA","funcao":"Legislativa","sub_funcao":"A\u00e7\u00e3o Legislativa","programa":"A\u00c7\u00c3O LEGISLATIVA","acao":"INDENIZA\u00c7\u00d5ES E RESTITUI\u00c7\u00d5ES DIVERSAS (FMS)","ident_acao":"Atividade","cat_econ":"Despesa Corrente","natureza_despesa":"Outras Despesas Correntes","modalidade_despesa":"Aplica\u00e7\u00f5es Diretas","elemento_despesa":"Outros Servi\u00e7os de Terceiros - Pessoa Jur\u00eddica","sub_elem_desp":"SEM SUBELEMENTO","fonte_recurso":"Recursos do Exerc\u00edcio Corrente \/ Outros Recursos n\u00e3o Vinculados \/ -"},{"ano_emissao_emp":"2023","n_emp":"0000404","data_emissao":"09\/11\/2023","valor":"700,00","tipo_empenho":"Ordin\u00e1rio","hist_emp":"Custeio com aquisicao de 01 (um) poste de concreto duplo T 7\/75, necessario para reorganizacao da energia eletrica do CIDATEC, anexo social e educacional desta Casa de Leis. Para solucionar oscilacoes da energia eletrica (quedas de energia) que passou a apresentar, provocando diversos problemas. Dispensa de licitacao em razao do valor, conforme o artigo 75, inciso 2\u00ba da Lei 14.133\/21.","fornecedor":"SIQUEIRA & VASCONCELOS LTDA","denom_uni_orc":"CORPO DELIBERATIVO E SECRETARIA","funcao":"Legislativa","sub_funcao":"A\u00e7\u00e3o Legislativa","programa":"A\u00c7\u00c3O LEGISLATIVA","acao":"AQUISI\u00c7\u00c3O DE M\u00d3VEIS, M\u00c1QUINAS E EQUIPAMENTOS DIVERSOS PARA O CONSELHO","ident_acao":"Atividade","cat_econ":"Despesa Corrente","natureza_despesa":"Outras Despesas Correntes","modalidade_despesa":"Aplica\u00e7\u00f5es Diretas","elemento_despesa":"Material de Consumo","sub_elem_desp":"SEM SUBELEMENTO","fonte_recurso":"Recursos do Exerc\u00edcio Corrente \/ Outros Recursos n\u00e3o Vinculados \/ -"},{"ano_emissao_emp":"2023","n_emp":"0000404","data_emissao":"09\/11\/2023","valor":"700,00","tipo_empenho":"Ordin\u00e1rio","hist_emp":"Custeio com aquisicao de 01 (um) poste de concreto duplo T 7\/75, necessario para reorganizacao da energia eletrica do CIDATEC, anexo social e educacional desta Casa de Leis. Para solucionar oscilacoes da energia eletrica (quedas de energia) que passou a apresentar, provocando diversos problemas. Dispensa de licitacao em razao do valor, conforme o artigo 75, inciso 2\u00ba da Lei 14.133\/21.","fornecedor":"SIQUEIRA & VASCONCELOS LTDA","denom_uni_orc":"CORPO DELIBERATIVO E SECRETARIA","funcao":"Legislativa","sub_funcao":"A\u00e7\u00e3o Legislativa","programa":"A\u00c7\u00c3O LEGISLATIVA","acao":"MANUTEN\u00c7\u00c3O DAS ATIVIDADES ADMINISTRATIVAS","ident_acao":"Atividade","cat_econ":"Despesa Corrente","natureza_despesa":"Outras Despesas Correntes","modalidade_despesa":"Aplica\u00e7\u00f5es Diretas","elemento_despesa":"Material de Consumo","sub_elem_desp":"SEM SUBELEMENTO","fonte_recurso":"Recursos do Exerc\u00edcio Corrente \/ Outros Recursos n\u00e3o Vinculados \/ -"},{"ano_emissao_emp":"2023","n_emp":"0000404","data_emissao":"09\/11\/2023","valor":"700,00","tipo_empenho":"Ordin\u00e1rio","hist_emp":"Custeio com aquisicao de 01 (um) poste de concreto duplo T 7\/75, necessario para reorganizacao da energia eletrica do CIDATEC, anexo social e educacional desta Casa de Leis. Para solucionar oscilacoes da energia eletrica (quedas de energia) que passou a apresentar, provocando diversos problemas. Dispensa de licitacao em razao do valor, conforme o artigo 75, inciso 2\u00ba da Lei 14.133\/21.","fornecedor":"SIQUEIRA & VASCONCELOS LTDA","denom_uni_orc":"CORPO DELIBERATIVO E SECRETARIA","funcao":"Legislativa","sub_funcao":"A\u00e7\u00e3o Legislativa","programa":"A\u00c7\u00c3O LEGISLATIVA","acao":"INDENIZA\u00c7\u00d5ES E RESTITUI\u00c7\u00d5ES DIVERSAS (FMS)","ident_acao":"Atividade","cat_econ":"Despesa Corrente","natureza_despesa":"Outras Despesas Correntes","modalidade_despesa":"Aplica\u00e7\u00f5es Diretas","elemento_despesa":"Material de Consumo","sub_elem_desp":"SEM SUBELEMENTO","fonte_recurso":"Recursos do Exerc\u00edcio Corrente \/ Outros Recursos n\u00e3o Vinculados \/ -"},{"ano_emissao_emp":"2023","n_emp":"0000405","data_emissao":"09\/11\/2023","valor":"4.500,00","tipo_empenho":"Global","hist_emp":"Custeio com primeiro termo aditivo ao contrato n\u00ba CD 007\/2023, apresentado atraves do oficio n\u00ba 26\/2023. Visa acrescer ao objeto do contrato o direito de uso temporario de mais dois modulos- modulo de gestao de compras e modulo de administracao de estoques. Permanecem inalteradas as demais clausulas e condicoes do contrato nao modificadas por este instrumento. Fundamenta-se juridicamente o presente ajuste na Lei 14.133\/2021.","fornecedor":"PUBLICA TECNOLOGIA LTDA","denom_uni_orc":"CORPO DELIBERATIVO E SECRETARIA","funcao":"Legislativa","sub_funcao":"A\u00e7\u00e3o Legislativa","programa":"A\u00c7\u00c3O LEGISLATIVA","acao":"AQUISI\u00c7\u00c3O DE M\u00d3VEIS, M\u00c1QUINAS E EQUIPAMENTOS DIVERSOS PARA O CONSELHO","ident_acao":"Atividade","cat_econ":"Despesa Corrente","natureza_despesa":"Outras Despesas Correntes","modalidade_despesa":"Aplica\u00e7\u00f5es Diretas","elemento_despesa":"Outros Servi\u00e7os de Terceiros - Pessoa Jur\u00eddica","sub_elem_desp":"SEM SUBELEMENTO","fonte_recurso":"Recursos do Exerc\u00edcio Corrente \/ Outros Recursos n\u00e3o Vinculados \/ -"},{"ano_emissao_emp":"2023","n_emp":"0000405","data_emissao":"09\/11\/2023","valor":"4.500,00","tipo_empenho":"Global","hist_emp":"Custeio com primeiro termo aditivo ao contrato n\u00ba CD 007\/2023, apresentado atraves do oficio n\u00ba 26\/2023. Visa acrescer ao objeto do contrato o direito de uso temporario de mais dois modulos- modulo de gestao de compras e modulo de administracao de estoques. Permanecem inalteradas as demais clausulas e condicoes do contrato nao modificadas por este instrumento. Fundamenta-se juridicamente o presente ajuste na Lei 14.133\/2021.","fornecedor":"PUBLICA TECNOLOGIA LTDA","denom_uni_orc":"CORPO DELIBERATIVO E SECRETARIA","funcao":"Legislativa","sub_funcao":"A\u00e7\u00e3o Legislativa","programa":"A\u00c7\u00c3O LEGISLATIVA","acao":"MANUTEN\u00c7\u00c3O DAS ATIVIDADES ADMINISTRATIVAS","ident_acao":"Atividade","cat_econ":"Despesa Corrente","natureza_despesa":"Outras Despesas Correntes","modalidade_despesa":"Aplica\u00e7\u00f5es Diretas","elemento_despesa":"Outros Servi\u00e7os de Terceiros - Pessoa Jur\u00eddica","sub_elem_desp":"SEM SUBELEMENTO","fonte_recurso":"Recursos do Exerc\u00edcio Corrente \/ Outros Recursos n\u00e3o Vinculados \/ -"},{"ano_emissao_emp":"2023","n_emp":"0000405","data_emissao":"09\/11\/2023","valor":"4.500,00","tipo_empenho":"Global","hist_emp":"Custeio com primeiro termo aditivo ao contrato n\u00ba CD 007\/2023, apresentado atraves do oficio n\u00ba 26\/2023. Visa acrescer ao objeto do contrato o direito de uso temporario de mais dois modulos- modulo de gestao de compras e modulo de administracao de estoques. Permanecem inalteradas as demais clausulas e condicoes do contrato nao modificadas por este instrumento. Fundamenta-se juridicamente o presente ajuste na Lei 14.133\/2021.","fornecedor":"PUBLICA TECNOLOGIA LTDA","denom_uni_orc":"CORPO DELIBERATIVO E SECRETARIA","funcao":"Legislativa","sub_funcao":"A\u00e7\u00e3o Legislativa","programa":"A\u00c7\u00c3O LEGISLATIVA","acao":"INDENIZA\u00c7\u00d5ES E RESTITUI\u00c7\u00d5ES DIVERSAS (FMS)","ident_acao":"Atividade","cat_econ":"Despesa Corrente","natureza_despesa":"Outras Despesas Correntes","modalidade_despesa":"Aplica\u00e7\u00f5es Diretas","elemento_despesa":"Outros Servi\u00e7os de Terceiros - Pessoa Jur\u00eddica","sub_elem_desp":"SEM SUBELEMENTO","fonte_recurso":"Recursos do Exerc\u00edcio Corrente \/ Outros Recursos n\u00e3o Vinculados \/ -"},{"ano_emissao_emp":"2023","n_emp":"0000406","data_emissao":"09\/11\/2023","valor":"51,80","tipo_empenho":"Ordin\u00e1rio","hist_emp":"Custeio com aquisicao de materiais de consumo, 02 (dois) pacotes de abracadeiras de plastico na cor preta, necessarias para organizar fios, cabos e outros equipamentos. Dispensa de licitacao em razao do valor, conforme o artigo 75, inciso 2\u00ba da Lei 14.133\/21.","fornecedor":"JCL LAJES E MATERIAIS PARA CONSTRU\u00c7\u00c3O LTDA","denom_uni_orc":"CORPO DELIBERATIVO E SECRETARIA","funcao":"Legislativa","sub_funcao":"A\u00e7\u00e3o Legislativa","programa":"A\u00c7\u00c3O LEGISLATIVA","acao":"AQUISI\u00c7\u00c3O DE M\u00d3VEIS, M\u00c1QUINAS E EQUIPAMENTOS DIVERSOS PARA O CONSELHO","ident_acao":"Atividade","cat_econ":"Despesa Corrente","natureza_despesa":"Outras Despesas Correntes","modalidade_despesa":"Aplica\u00e7\u00f5es Diretas","elemento_despesa":"Material de Consumo","sub_elem_desp":"MATERIAL PARA MANUTEN\u00c7\u00c3O DE BENS M\u00d3VEIS","fonte_recurso":"Recursos do Exerc\u00edcio Corrente \/ Outros Recursos n\u00e3o Vinculados \/ -"},{"ano_emissao_emp":"2023","n_emp":"0000406","data_emissao":"09\/11\/2023","valor":"51,80","tipo_empenho":"Ordin\u00e1rio","hist_emp":"Custeio com aquisicao de materiais de consumo, 02 (dois) pacotes de abracadeiras de plastico na cor preta, necessarias para organizar fios, cabos e outros equipamentos. Dispensa de licitacao em razao do valor, conforme o artigo 75, inciso 2\u00ba da Lei 14.133\/21.","fornecedor":"JCL LAJES E MATERIAIS PARA CONSTRU\u00c7\u00c3O LTDA","denom_uni_orc":"CORPO DELIBERATIVO E SECRETARIA","funcao":"Legislativa","sub_funcao":"A\u00e7\u00e3o Legislativa","programa":"A\u00c7\u00c3O LEGISLATIVA","acao":"MANUTEN\u00c7\u00c3O DAS ATIVIDADES ADMINISTRATIVAS","ident_acao":"Atividade","cat_econ":"Despesa Corrente","natureza_despesa":"Outras Despesas Correntes","modalidade_despesa":"Aplica\u00e7\u00f5es Diretas","elemento_despesa":"Material de Consumo","sub_elem_desp":"MATERIAL PARA MANUTEN\u00c7\u00c3O DE BENS M\u00d3VEIS","fonte_recurso":"Recursos do Exerc\u00edcio Corrente \/ Outros Recursos n\u00e3o Vinculados \/ -"},{"ano_emissao_emp":"2023","n_emp":"0000406","data_emissao":"09\/11\/2023","valor":"51,80","tipo_empenho":"Ordin\u00e1rio","hist_emp":"Custeio com aquisicao de materiais de consumo, 02 (dois) pacotes de abracadeiras de plastico na cor preta, necessarias para organizar fios, cabos e outros equipamentos. Dispensa de licitacao em razao do valor, conforme o artigo 75, inciso 2\u00ba da Lei 14.133\/21.","fornecedor":"JCL LAJES E MATERIAIS PARA CONSTRU\u00c7\u00c3O LTDA","denom_uni_orc":"CORPO DELIBERATIVO E SECRETARIA","funcao":"Legislativa","sub_funcao":"A\u00e7\u00e3o Legislativa","programa":"A\u00c7\u00c3O LEGISLATIVA","acao":"INDENIZA\u00c7\u00d5ES E RESTITUI\u00c7\u00d5ES DIVERSAS (FMS)","ident_acao":"Atividade","cat_econ":"Despesa Corrente","natureza_despesa":"Outras Despesas Correntes","modalidade_despesa":"Aplica\u00e7\u00f5es Diretas","elemento_despesa":"Material de Consumo","sub_elem_desp":"MATERIAL PARA MANUTEN\u00c7\u00c3O DE BENS M\u00d3VEIS","fonte_recurso":"Recursos do Exerc\u00edcio Corrente \/ Outros Recursos n\u00e3o Vinculados \/ -"},{"ano_emissao_emp":"2023","n_emp":"0000407","data_emissao":"09\/11\/2023","valor":"517,70","tipo_empenho":"Ordin\u00e1rio","hist_emp":"Custeio com aquisicao de materiais de consumo relacionados neste empenho, tais como cabos flexiveis 2,5mm- caixa de luz 4x2- tomada 2P+T 10A- fita isolante 19mmx20m- e eletroduto (conduite) de PVC flexivel. Destinado a reestruturacao para a nova sala de tesouraria. Dispensa de licitacao em razao do valor, conforme o artigo 75, inciso 2\u00ba da Lei 14.133\/21.","fornecedor":"JCL LAJES E MATERIAIS PARA CONSTRU\u00c7\u00c3O LTDA","denom_uni_orc":"CORPO DELIBERATIVO E SECRETARIA","funcao":"Legislativa","sub_funcao":"A\u00e7\u00e3o Legislativa","programa":"A\u00c7\u00c3O LEGISLATIVA","acao":"AQUISI\u00c7\u00c3O DE M\u00d3VEIS, M\u00c1QUINAS E EQUIPAMENTOS DIVERSOS PARA O CONSELHO","ident_acao":"Atividade","cat_econ":"Despesa Corrente","natureza_despesa":"Outras Despesas Correntes","modalidade_despesa":"Aplica\u00e7\u00f5es Diretas","elemento_despesa":"Material de Consumo","sub_elem_desp":"SEM SUBELEMENTO","fonte_recurso":"Recursos do Exerc\u00edcio Corrente \/ Outros Recursos n\u00e3o Vinculados \/ -"},{"ano_emissao_emp":"2023","n_emp":"0000407","data_emissao":"09\/11\/2023","valor":"517,70","tipo_empenho":"Ordin\u00e1rio","hist_emp":"Custeio com aquisicao de materiais de consumo relacionados neste empenho, tais como cabos flexiveis 2,5mm- caixa de luz 4x2- tomada 2P+T 10A- fita isolante 19mmx20m- e eletroduto (conduite) de PVC flexivel. Destinado a reestruturacao para a nova sala de tesouraria. Dispensa de licitacao em razao do valor, conforme o artigo 75, inciso 2\u00ba da Lei 14.133\/21.","fornecedor":"JCL LAJES E MATERIAIS PARA CONSTRU\u00c7\u00c3O LTDA","denom_uni_orc":"CORPO DELIBERATIVO E SECRETARIA","funcao":"Legislativa","sub_funcao":"A\u00e7\u00e3o Legislativa","programa":"A\u00c7\u00c3O LEGISLATIVA","acao":"MANUTEN\u00c7\u00c3O DAS ATIVIDADES ADMINISTRATIVAS","ident_acao":"Atividade","cat_econ":"Despesa Corrente","natureza_despesa":"Outras Despesas Correntes","modalidade_despesa":"Aplica\u00e7\u00f5es Diretas","elemento_despesa":"Material de Consumo","sub_elem_desp":"SEM SUBELEMENTO","fonte_recurso":"Recursos do Exerc\u00edcio Corrente \/ Outros Recursos n\u00e3o Vinculados \/ -"},{"ano_emissao_emp":"2023","n_emp":"0000407","data_emissao":"09\/11\/2023","valor":"517,70","tipo_empenho":"Ordin\u00e1rio","hist_emp":"Custeio com aquisicao de materiais de consumo relacionados neste empenho, tais como cabos flexiveis 2,5mm- caixa de luz 4x2- tomada 2P+T 10A- fita isolante 19mmx20m- e eletroduto (conduite) de PVC flexivel. Destinado a reestruturacao para a nova sala de tesouraria. Dispensa de licitacao em razao do valor, conforme o artigo 75, inciso 2\u00ba da Lei 14.133\/21.","fornecedor":"JCL LAJES E MATERIAIS PARA CONSTRU\u00c7\u00c3O LTDA","denom_uni_orc":"CORPO DELIBERATIVO E SECRETARIA","funcao":"Legislativa","sub_funcao":"A\u00e7\u00e3o Legislativa","programa":"A\u00c7\u00c3O LEGISLATIVA","acao":"INDENIZA\u00c7\u00d5ES E RESTITUI\u00c7\u00d5ES DIVERSAS (FMS)","ident_acao":"Atividade","cat_econ":"Despesa Corrente","natureza_despesa":"Outras Despesas Correntes","modalidade_despesa":"Aplica\u00e7\u00f5es Diretas","elemento_despesa":"Material de Consumo","sub_elem_desp":"SEM SUBELEMENTO","fonte_recurso":"Recursos do Exerc\u00edcio Corrente \/ Outros Recursos n\u00e3o Vinculados \/ -"},{"ano_emissao_emp":"2023","n_emp":"0000408","data_emissao":"10\/11\/2023","valor":"715,00","tipo_empenho":"Ordin\u00e1rio","hist_emp":"Custeio com a prestacao de servico de instalacao eletrica da sala que esta sendo reformada (juncao da tesouraria, contabilidade e procuradoria) desta Casa de Leis. Dispensa de licitacao em razao do valor, conforme o artigo 75, inciso 2\u00ba da Lei 14.133\/21.","fornecedor":"Jerfesson Jos\u00e9 Silva de Lima.","denom_uni_orc":"CORPO DELIBERATIVO E SECRETARIA","funcao":"Legislativa","sub_funcao":"A\u00e7\u00e3o Legislativa","programa":"A\u00c7\u00c3O LEGISLATIVA","acao":"AQUISI\u00c7\u00c3O DE M\u00d3VEIS, M\u00c1QUINAS E EQUIPAMENTOS DIVERSOS PARA O CONSELHO","ident_acao":"Atividade","cat_econ":"Despesa Corrente","natureza_despesa":"Outras Despesas Correntes","modalidade_despesa":"Aplica\u00e7\u00f5es Diretas","elemento_despesa":"Outros Servi\u00e7os de Terceiros - Pessoa F\u00edsica","sub_elem_desp":"MANUTEN\u00c7\u00c3O E CONSERVA\u00c7\u00c3O DE BENS IM\u00d3VEIS","fonte_recurso":"Recursos do Exerc\u00edcio Corrente \/ Outros Recursos n\u00e3o Vinculados \/ -"},{"ano_emissao_emp":"2023","n_emp":"0000408","data_emissao":"10\/11\/2023","valor":"715,00","tipo_empenho":"Ordin\u00e1rio","hist_emp":"Custeio com a prestacao de servico de instalacao eletrica da sala que esta sendo reformada (juncao da tesouraria, contabilidade e procuradoria) desta Casa de Leis. Dispensa de licitacao em razao do valor, conforme o artigo 75, inciso 2\u00ba da Lei 14.133\/21.","fornecedor":"Jerfesson Jos\u00e9 Silva de Lima.","denom_uni_orc":"CORPO DELIBERATIVO E SECRETARIA","funcao":"Legislativa","sub_funcao":"A\u00e7\u00e3o Legislativa","programa":"A\u00c7\u00c3O LEGISLATIVA","acao":"MANUTEN\u00c7\u00c3O DAS ATIVIDADES ADMINISTRATIVAS","ident_acao":"Atividade","cat_econ":"Despesa Corrente","natureza_despesa":"Outras Despesas Correntes","modalidade_despesa":"Aplica\u00e7\u00f5es Diretas","elemento_despesa":"Outros Servi\u00e7os de Terceiros - Pessoa F\u00edsica","sub_elem_desp":"MANUTEN\u00c7\u00c3O E CONSERVA\u00c7\u00c3O DE BENS IM\u00d3VEIS","fonte_recurso":"Recursos do Exerc\u00edcio Corrente \/ Outros Recursos n\u00e3o Vinculados \/ -"},{"ano_emissao_emp":"2023","n_emp":"0000408","data_emissao":"10\/11\/2023","valor":"715,00","tipo_empenho":"Ordin\u00e1rio","hist_emp":"Custeio com a prestacao de servico de instalacao eletrica da sala que esta sendo reformada (juncao da tesouraria, contabilidade e procuradoria) desta Casa de Leis. Dispensa de licitacao em razao do valor, conforme o artigo 75, inciso 2\u00ba da Lei 14.133\/21.","fornecedor":"Jerfesson Jos\u00e9 Silva de Lima.","denom_uni_orc":"CORPO DELIBERATIVO E SECRETARIA","funcao":"Legislativa","sub_funcao":"A\u00e7\u00e3o Legislativa","programa":"A\u00c7\u00c3O LEGISLATIVA","acao":"INDENIZA\u00c7\u00d5ES E RESTITUI\u00c7\u00d5ES DIVERSAS (FMS)","ident_acao":"Atividade","cat_econ":"Despesa Corrente","natureza_despesa":"Outras Despesas Correntes","modalidade_despesa":"Aplica\u00e7\u00f5es Diretas","elemento_despesa":"Outros Servi\u00e7os de Terceiros - Pessoa F\u00edsica","sub_elem_desp":"MANUTEN\u00c7\u00c3O E CONSERVA\u00c7\u00c3O DE BENS IM\u00d3VEIS","fonte_recurso":"Recursos do Exerc\u00edcio Corrente \/ Outros Recursos n\u00e3o Vinculados \/ -"},{"ano_emissao_emp":"2023","n_emp":"0000409","data_emissao":"10\/11\/2023","valor":"1.020,00","tipo_empenho":"Ordin\u00e1rio","hist_emp":"Custeio com 03 (tres) diarias com pernoite para o Sr. Victor Emmanuel da Silva Oliveira, assessor especial de comunicacao, para participar do Encontro Nordestino de Gestores e Legislativos Municipais em Recife - PE, nos dias 22 a 25 de novembro de 2023, conforme requisicao de diaria 82 em anexo.","fornecedor":"VICTOR EMMANUEL DA SILVA OLIVEIRA","denom_uni_orc":"CORPO DELIBERATIVO E SECRETARIA","funcao":"Legislativa","sub_funcao":"A\u00e7\u00e3o Legislativa","programa":"A\u00c7\u00c3O LEGISLATIVA","acao":"AQUISI\u00c7\u00c3O DE M\u00d3VEIS, M\u00c1QUINAS E EQUIPAMENTOS DIVERSOS PARA O CONSELHO","ident_acao":"Atividade","cat_econ":"Despesa Corrente","natureza_despesa":"Outras Despesas Correntes","modalidade_despesa":"Aplica\u00e7\u00f5es Diretas","elemento_despesa":"Di\u00e1rias \u2013 Civil","sub_elem_desp":"SEM SUBELEMENTO","fonte_recurso":"Recursos do Exerc\u00edcio Corrente \/ Outros Recursos n\u00e3o Vinculados \/ -"},{"ano_emissao_emp":"2023","n_emp":"0000409","data_emissao":"10\/11\/2023","valor":"1.020,00","tipo_empenho":"Ordin\u00e1rio","hist_emp":"Custeio com 03 (tres) diarias com pernoite para o Sr. Victor Emmanuel da Silva Oliveira, assessor especial de comunicacao, para participar do Encontro Nordestino de Gestores e Legislativos Municipais em Recife - PE, nos dias 22 a 25 de novembro de 2023, conforme requisicao de diaria 82 em anexo.","fornecedor":"VICTOR EMMANUEL DA SILVA OLIVEIRA","denom_uni_orc":"CORPO DELIBERATIVO E SECRETARIA","funcao":"Legislativa","sub_funcao":"A\u00e7\u00e3o Legislativa","programa":"A\u00c7\u00c3O LEGISLATIVA","acao":"MANUTEN\u00c7\u00c3O DAS ATIVIDADES ADMINISTRATIVAS","ident_acao":"Atividade","cat_econ":"Despesa Corrente","natureza_despesa":"Outras Despesas Correntes","modalidade_despesa":"Aplica\u00e7\u00f5es Diretas","elemento_despesa":"Di\u00e1rias \u2013 Civil","sub_elem_desp":"SEM SUBELEMENTO","fonte_recurso":"Recursos do Exerc\u00edcio Corrente \/ Outros Recursos n\u00e3o Vinculados \/ -"},{"ano_emissao_emp":"2023","n_emp":"0000409","data_emissao":"10\/11\/2023","valor":"1.020,00","tipo_empenho":"Ordin\u00e1rio","hist_emp":"Custeio com 03 (tres) diarias com pernoite para o Sr. Victor Emmanuel da Silva Oliveira, assessor especial de comunicacao, para participar do Encontro Nordestino de Gestores e Legislativos Municipais em Recife - PE, nos dias 22 a 25 de novembro de 2023, conforme requisicao de diaria 82 em anexo.","fornecedor":"VICTOR EMMANUEL DA SILVA OLIVEIRA","denom_uni_orc":"CORPO DELIBERATIVO E SECRETARIA","funcao":"Legislativa","sub_funcao":"A\u00e7\u00e3o Legislativa","programa":"A\u00c7\u00c3O LEGISLATIVA","acao":"INDENIZA\u00c7\u00d5ES E RESTITUI\u00c7\u00d5ES DIVERSAS (FMS)","ident_acao":"Atividade","cat_econ":"Despesa Corrente","natureza_despesa":"Outras Despesas Correntes","modalidade_despesa":"Aplica\u00e7\u00f5es Diretas","elemento_despesa":"Di\u00e1rias \u2013 Civil","sub_elem_desp":"SEM SUBELEMENTO","fonte_recurso":"Recursos do Exerc\u00edcio Corrente \/ Outros Recursos n\u00e3o Vinculados \/ -"},{"ano_emissao_emp":"2023","n_emp":"0000410","data_emissao":"10\/11\/2023","valor":"1.020,00","tipo_empenho":"Ordin\u00e1rio","hist_emp":"Custeio com 03 (tres) diarias com pernoite para o Sr. Gilberto Jose da Silva, assessor  de comunicacao de bancada, para participar do Encontro Nordestino de Gestores e Legislativos Municipais em Recife - PE, nos dias 22 a 25 de novembro de 2023, conforme requisicao de diaria 83 em anexo.","fornecedor":"GILBERTO JOS\u00c9 DA SILVA","denom_uni_orc":"CORPO DELIBERATIVO E SECRETARIA","funcao":"Legislativa","sub_funcao":"A\u00e7\u00e3o Legislativa","programa":"A\u00c7\u00c3O LEGISLATIVA","acao":"AQUISI\u00c7\u00c3O DE M\u00d3VEIS, M\u00c1QUINAS E EQUIPAMENTOS DIVERSOS PARA O CONSELHO","ident_acao":"Atividade","cat_econ":"Despesa Corrente","natureza_despesa":"Outras Despesas Correntes","modalidade_despesa":"Aplica\u00e7\u00f5es Diretas","elemento_despesa":"Di\u00e1rias \u2013 Civil","sub_elem_desp":"SEM SUBELEMENTO","fonte_recurso":"Recursos do Exerc\u00edcio Corrente \/ Outros Recursos n\u00e3o Vinculados \/ -"},{"ano_emissao_emp":"2023","n_emp":"0000410","data_emissao":"10\/11\/2023","valor":"1.020,00","tipo_empenho":"Ordin\u00e1rio","hist_emp":"Custeio com 03 (tres) diarias com pernoite para o Sr. Gilberto Jose da Silva, assessor  de comunicacao de bancada, para participar do Encontro Nordestino de Gestores e Legislativos Municipais em Recife - PE, nos dias 22 a 25 de novembro de 2023, conforme requisicao de diaria 83 em anexo.","fornecedor":"GILBERTO JOS\u00c9 DA SILVA","denom_uni_orc":"CORPO DELIBERATIVO E SECRETARIA","funcao":"Legislativa","sub_funcao":"A\u00e7\u00e3o Legislativa","programa":"A\u00c7\u00c3O LEGISLATIVA","acao":"MANUTEN\u00c7\u00c3O DAS ATIVIDADES ADMINISTRATIVAS","ident_acao":"Atividade","cat_econ":"Despesa Corrente","natureza_despesa":"Outras Despesas Correntes","modalidade_despesa":"Aplica\u00e7\u00f5es Diretas","elemento_despesa":"Di\u00e1rias \u2013 Civil","sub_elem_desp":"SEM SUBELEMENTO","fonte_recurso":"Recursos do Exerc\u00edcio Corrente \/ Outros Recursos n\u00e3o Vinculados \/ -"},{"ano_emissao_emp":"2023","n_emp":"0000410","data_emissao":"10\/11\/2023","valor":"1.020,00","tipo_empenho":"Ordin\u00e1rio","hist_emp":"Custeio com 03 (tres) diarias com pernoite para o Sr. Gilberto Jose da Silva, assessor  de comunicacao de bancada, para participar do Encontro Nordestino de Gestores e Legislativos Municipais em Recife - PE, nos dias 22 a 25 de novembro de 2023, conforme requisicao de diaria 83 em anexo.","fornecedor":"GILBERTO JOS\u00c9 DA SILVA","denom_uni_orc":"CORPO DELIBERATIVO E SECRETARIA","funcao":"Legislativa","sub_funcao":"A\u00e7\u00e3o Legislativa","programa":"A\u00c7\u00c3O LEGISLATIVA","acao":"INDENIZA\u00c7\u00d5ES E RESTITUI\u00c7\u00d5ES DIVERSAS (FMS)","ident_acao":"Atividade","cat_econ":"Despesa Corrente","natureza_despesa":"Outras Despesas Correntes","modalidade_despesa":"Aplica\u00e7\u00f5es Diretas","elemento_despesa":"Di\u00e1rias \u2013 Civil","sub_elem_desp":"SEM SUBELEMENTO","fonte_recurso":"Recursos do Exerc\u00edcio Corrente \/ Outros Recursos n\u00e3o Vinculados \/ -"},{"ano_emissao_emp":"2023","n_emp":"0000411","data_emissao":"10\/11\/2023","valor":"2.100,00","tipo_empenho":"Ordin\u00e1rio","hist_emp":"Custeio com 03 (tres) diarias com pernoite para o Sr. Gilson Jose Juliao, Vereador, para participar do Encontro Nordestino de Gestores e Legislativos Municipais em Recife - PE, nos dias 22 a 25 de novembro de 2023, conforme requisicao de diaria 86 em anexo.","fornecedor":"GILSON JOSE JULIAO","denom_uni_orc":"CORPO DELIBERATIVO E SECRETARIA","funcao":"Legislativa","sub_funcao":"A\u00e7\u00e3o Legislativa","programa":"A\u00c7\u00c3O LEGISLATIVA","acao":"AQUISI\u00c7\u00c3O DE EQUIPAMENTOS DIVERSOS PARA O PROGRAMA PRIMEIRA INF\u00c2NCIA N","ident_acao":"Atividade","cat_econ":"Despesa Corrente","natureza_despesa":"Outras Despesas Correntes","modalidade_despesa":"Aplica\u00e7\u00f5es Diretas","elemento_despesa":"Di\u00e1rias \u2013 Civil","sub_elem_desp":"SEM SUBELEMENTO","fonte_recurso":"Recursos do Exerc\u00edcio Corrente \/ Outros Recursos n\u00e3o Vinculados \/ -"},{"ano_emissao_emp":"2023","n_emp":"0000411","data_emissao":"10\/11\/2023","valor":"2.100,00","tipo_empenho":"Ordin\u00e1rio","hist_emp":"Custeio com 03 (tres) diarias com pernoite para o Sr. Gilson Jose Juliao, Vereador, para participar do Encontro Nordestino de Gestores e Legislativos Municipais em Recife - PE, nos dias 22 a 25 de novembro de 2023, conforme requisicao de diaria 86 em anexo.","fornecedor":"GILSON JOSE JULIAO","denom_uni_orc":"CORPO DELIBERATIVO E SECRETARIA","funcao":"Legislativa","sub_funcao":"A\u00e7\u00e3o Legislativa","programa":"A\u00c7\u00c3O LEGISLATIVA","acao":"MANUTEN\u00c7\u00c3O DAS ATIVIDADES LEGISLATIVAS","ident_acao":"Atividade","cat_econ":"Despesa Corrente","natureza_despesa":"Outras Despesas Correntes","modalidade_despesa":"Aplica\u00e7\u00f5es Diretas","elemento_despesa":"Di\u00e1rias \u2013 Civil","sub_elem_desp":"SEM SUBELEMENTO","fonte_recurso":"Recursos do Exerc\u00edcio Corrente \/ Outros Recursos n\u00e3o Vinculados \/ -"},{"ano_emissao_emp":"2023","n_emp":"0000412","data_emissao":"10\/11\/2023","valor":"2.100,00","tipo_empenho":"Ordin\u00e1rio","hist_emp":"Custeio com 03 (tres) diarias com pernoite para o Sr. Jose Augusto Maia Junior, Vereador, para participar do Encontro Nordestino de Gestores e Legislativos Municipais em Recife - PE, nos dias 22 a 25 de novembro de 2023, conforme requisicao de diaria 87 em anexo.","fornecedor":"JOSE AUGUSTO MAIA JUNIOR","denom_uni_orc":"CORPO DELIBERATIVO E SECRETARIA","funcao":"Legislativa","sub_funcao":"A\u00e7\u00e3o Legislativa","programa":"A\u00c7\u00c3O LEGISLATIVA","acao":"AQUISI\u00c7\u00c3O DE EQUIPAMENTOS DIVERSOS PARA O PROGRAMA PRIMEIRA INF\u00c2NCIA N","ident_acao":"Atividade","cat_econ":"Despesa Corrente","natureza_despesa":"Outras Despesas Correntes","modalidade_despesa":"Aplica\u00e7\u00f5es Diretas","elemento_despesa":"Di\u00e1rias \u2013 Civil","sub_elem_desp":"SEM SUBELEMENTO","fonte_recurso":"Recursos do Exerc\u00edcio Corrente \/ Outros Recursos n\u00e3o Vinculados \/ -"},{"ano_emissao_emp":"2023","n_emp":"0000412","data_emissao":"10\/11\/2023","valor":"2.100,00","tipo_empenho":"Ordin\u00e1rio","hist_emp":"Custeio com 03 (tres) diarias com pernoite para o Sr. Jose Augusto Maia Junior, Vereador, para participar do Encontro Nordestino de Gestores e Legislativos Municipais em Recife - PE, nos dias 22 a 25 de novembro de 2023, conforme requisicao de diaria 87 em anexo.","fornecedor":"JOSE AUGUSTO MAIA JUNIOR","denom_uni_orc":"CORPO DELIBERATIVO E SECRETARIA","funcao":"Legislativa","sub_funcao":"A\u00e7\u00e3o Legislativa","programa":"A\u00c7\u00c3O LEGISLATIVA","acao":"MANUTEN\u00c7\u00c3O DAS ATIVIDADES LEGISLATIVAS","ident_acao":"Atividade","cat_econ":"Despesa Corrente","natureza_despesa":"Outras Despesas Correntes","modalidade_despesa":"Aplica\u00e7\u00f5es Diretas","elemento_despesa":"Di\u00e1rias \u2013 Civil","sub_elem_desp":"SEM SUBELEMENTO","fonte_recurso":"Recursos do Exerc\u00edcio Corrente \/ Outros Recursos n\u00e3o Vinculados \/ -"},{"ano_emissao_emp":"2023","n_emp":"0000413","data_emissao":"10\/11\/2023","valor":"1.020,00","tipo_empenho":"Ordin\u00e1rio","hist_emp":"Custeio com 03 (tres) diarias com pernoite para o Sr. Anderson Alves Guerra, chefe de gabinete da presidencia, para participar do Encontro Nordestino de Gestores e Legislativos Municipais em Recife - PE, nos dias 22 a 25 de novembro de 2023, conforme requisicao de diaria 88 em anexo.","fornecedor":"ANDERSON ALVES GUERRA","denom_uni_orc":"CORPO DELIBERATIVO E SECRETARIA","funcao":"Legislativa","sub_funcao":"A\u00e7\u00e3o Legislativa","programa":"A\u00c7\u00c3O LEGISLATIVA","acao":"AQUISI\u00c7\u00c3O DE M\u00d3VEIS, M\u00c1QUINAS E EQUIPAMENTOS DIVERSOS PARA O CONSELHO","ident_acao":"Atividade","cat_econ":"Despesa Corrente","natureza_despesa":"Outras Despesas Correntes","modalidade_despesa":"Aplica\u00e7\u00f5es Diretas","elemento_despesa":"Di\u00e1rias \u2013 Civil","sub_elem_desp":"SEM SUBELEMENTO","fonte_recurso":"Recursos do Exerc\u00edcio Corrente \/ Outros Recursos n\u00e3o Vinculados \/ -"},{"ano_emissao_emp":"2023","n_emp":"0000413","data_emissao":"10\/11\/2023","valor":"1.020,00","tipo_empenho":"Ordin\u00e1rio","hist_emp":"Custeio com 03 (tres) diarias com pernoite para o Sr. Anderson Alves Guerra, chefe de gabinete da presidencia, para participar do Encontro Nordestino de Gestores e Legislativos Municipais em Recife - PE, nos dias 22 a 25 de novembro de 2023, conforme requisicao de diaria 88 em anexo.","fornecedor":"ANDERSON ALVES GUERRA","denom_uni_orc":"CORPO DELIBERATIVO E SECRETARIA","funcao":"Legislativa","sub_funcao":"A\u00e7\u00e3o Legislativa","programa":"A\u00c7\u00c3O LEGISLATIVA","acao":"MANUTEN\u00c7\u00c3O DAS ATIVIDADES ADMINISTRATIVAS","ident_acao":"Atividade","cat_econ":"Despesa Corrente","natureza_despesa":"Outras Despesas Correntes","modalidade_despesa":"Aplica\u00e7\u00f5es Diretas","elemento_despesa":"Di\u00e1rias \u2013 Civil","sub_elem_desp":"SEM SUBELEMENTO","fonte_recurso":"Recursos do Exerc\u00edcio Corrente \/ Outros Recursos n\u00e3o Vinculados \/ -"},{"ano_emissao_emp":"2023","n_emp":"0000413","data_emissao":"10\/11\/2023","valor":"1.020,00","tipo_empenho":"Ordin\u00e1rio","hist_emp":"Custeio com 03 (tres) diarias com pernoite para o Sr. Anderson Alves Guerra, chefe de gabinete da presidencia, para participar do Encontro Nordestino de Gestores e Legislativos Municipais em Recife - PE, nos dias 22 a 25 de novembro de 2023, conforme requisicao de diaria 88 em anexo.","fornecedor":"ANDERSON ALVES GUERRA","denom_uni_orc":"CORPO DELIBERATIVO E SECRETARIA","funcao":"Legislativa","sub_funcao":"A\u00e7\u00e3o Legislativa","programa":"A\u00c7\u00c3O LEGISLATIVA","acao":"INDENIZA\u00c7\u00d5ES E RESTITUI\u00c7\u00d5ES DIVERSAS (FMS)","ident_acao":"Atividade","cat_econ":"Despesa Corrente","natureza_despesa":"Outras Despesas Correntes","modalidade_despesa":"Aplica\u00e7\u00f5es Diretas","elemento_despesa":"Di\u00e1rias \u2013 Civil","sub_elem_desp":"SEM SUBELEMENTO","fonte_recurso":"Recursos do Exerc\u00edcio Corrente \/ Outros Recursos n\u00e3o Vinculados \/ -"},{"ano_emissao_emp":"2023","n_emp":"0000414","data_emissao":"10\/11\/2023","valor":"2.100,00","tipo_empenho":"Ordin\u00e1rio","hist_emp":"Custeio com 03 (tres) diarias com pernoite para o Sr. Cicero Cosmo da Silva, Vereador, para participar do Encontro Nordestino de Gestores e Legislativos Municipais em Recife - PE, nos dias 22 a 25 de novembro de 2023, conforme requisicao de diaria 89 em anexo.","fornecedor":"C\u00cdCERO COSMO DA SILVA","denom_uni_orc":"CORPO DELIBERATIVO E SECRETARIA","funcao":"Legislativa","sub_funcao":"A\u00e7\u00e3o Legislativa","programa":"A\u00c7\u00c3O LEGISLATIVA","acao":"AQUISI\u00c7\u00c3O DE EQUIPAMENTOS DIVERSOS PARA O PROGRAMA PRIMEIRA INF\u00c2NCIA N","ident_acao":"Atividade","cat_econ":"Despesa Corrente","natureza_despesa":"Outras Despesas Correntes","modalidade_despesa":"Aplica\u00e7\u00f5es Diretas","elemento_despesa":"Di\u00e1rias \u2013 Civil","sub_elem_desp":"SEM SUBELEMENTO","fonte_recurso":"Recursos do Exerc\u00edcio Corrente \/ Outros Recursos n\u00e3o Vinculados \/ -"},{"ano_emissao_emp":"2023","n_emp":"0000414","data_emissao":"10\/11\/2023","valor":"2.100,00","tipo_empenho":"Ordin\u00e1rio","hist_emp":"Custeio com 03 (tres) diarias com pernoite para o Sr. Cicero Cosmo da Silva, Vereador, para participar do Encontro Nordestino de Gestores e Legislativos Municipais em Recife - PE, nos dias 22 a 25 de novembro de 2023, conforme requisicao de diaria 89 em anexo.","fornecedor":"C\u00cdCERO COSMO DA SILVA","denom_uni_orc":"CORPO DELIBERATIVO E SECRETARIA","funcao":"Legislativa","sub_funcao":"A\u00e7\u00e3o Legislativa","programa":"A\u00c7\u00c3O LEGISLATIVA","acao":"MANUTEN\u00c7\u00c3O DAS ATIVIDADES LEGISLATIVAS","ident_acao":"Atividade","cat_econ":"Despesa Corrente","natureza_despesa":"Outras Despesas Correntes","modalidade_despesa":"Aplica\u00e7\u00f5es Diretas","elemento_despesa":"Di\u00e1rias \u2013 Civil","sub_elem_desp":"SEM SUBELEMENTO","fonte_recurso":"Recursos do Exerc\u00edcio Corrente \/ Outros Recursos n\u00e3o Vinculados \/ -"},{"ano_emissao_emp":"2023","n_emp":"0000415","data_emissao":"10\/11\/2023","valor":"2.100,00","tipo_empenho":"Ordin\u00e1rio","hist_emp":"Custeio com 03 (tres) diarias com pernoite para o Sr. Flavio Humberto Pontes da Silva, vereador, para particiipar do Encontro Nordestino de Gestores e Legislativos Municipais em Recife - PE, nos dias 22 a 25 de novembro de 2023, conforme requisicao de diaria 91 em anexo.","fornecedor":"FLAVIO HUMBERTO PONTES DA SILVA","denom_uni_orc":"CORPO DELIBERATIVO E SECRETARIA","funcao":"Legislativa","sub_funcao":"A\u00e7\u00e3o Legislativa","programa":"A\u00c7\u00c3O LEGISLATIVA","acao":"AQUISI\u00c7\u00c3O DE EQUIPAMENTOS DIVERSOS PARA O PROGRAMA PRIMEIRA INF\u00c2NCIA N","ident_acao":"Atividade","cat_econ":"Despesa Corrente","natureza_despesa":"Outras Despesas Correntes","modalidade_despesa":"Aplica\u00e7\u00f5es Diretas","elemento_despesa":"Di\u00e1rias \u2013 Civil","sub_elem_desp":"SEM SUBELEMENTO","fonte_recurso":"Recursos do Exerc\u00edcio Corrente \/ Outros Recursos n\u00e3o Vinculados \/ -"},{"ano_emissao_emp":"2023","n_emp":"0000415","data_emissao":"10\/11\/2023","valor":"2.100,00","tipo_empenho":"Ordin\u00e1rio","hist_emp":"Custeio com 03 (tres) diarias com pernoite para o Sr. Flavio Humberto Pontes da Silva, vereador, para particiipar do Encontro Nordestino de Gestores e Legislativos Municipais em Recife - PE, nos dias 22 a 25 de novembro de 2023, conforme requisicao de diaria 91 em anexo.","fornecedor":"FLAVIO HUMBERTO PONTES DA SILVA","denom_uni_orc":"CORPO DELIBERATIVO E SECRETARIA","funcao":"Legislativa","sub_funcao":"A\u00e7\u00e3o Legislativa","programa":"A\u00c7\u00c3O LEGISLATIVA","acao":"MANUTEN\u00c7\u00c3O DAS ATIVIDADES LEGISLATIVAS","ident_acao":"Atividade","cat_econ":"Despesa Corrente","natureza_despesa":"Outras Despesas Correntes","modalidade_despesa":"Aplica\u00e7\u00f5es Diretas","elemento_despesa":"Di\u00e1rias \u2013 Civil","sub_elem_desp":"SEM SUBELEMENTO","fonte_recurso":"Recursos do Exerc\u00edcio Corrente \/ Outros Recursos n\u00e3o Vinculados \/ -"},{"ano_emissao_emp":"2023","n_emp":"0000416","data_emissao":"10\/11\/2023","valor":"2.100,00","tipo_empenho":"Ordin\u00e1rio","hist_emp":"Custeio com 03 (tres) diarias com pernoite para o Sr. Jose Manoel da Silva, vereador, para participar do Encontro Nordestino de Gestores e Legislativos Municipais em Recife - PE, nos dias 22 a 25 de novembro de 2023, conforme requisicao de diaria 92 em anexo.","fornecedor":"JOSE MANOEL DA SILVA","denom_uni_orc":"CORPO DELIBERATIVO E SECRETARIA","funcao":"Legislativa","sub_funcao":"A\u00e7\u00e3o Legislativa","programa":"A\u00c7\u00c3O LEGISLATIVA","acao":"AQUISI\u00c7\u00c3O DE EQUIPAMENTOS DIVERSOS PARA O PROGRAMA PRIMEIRA INF\u00c2NCIA N","ident_acao":"Atividade","cat_econ":"Despesa Corrente","natureza_despesa":"Outras Despesas Correntes","modalidade_despesa":"Aplica\u00e7\u00f5es Diretas","elemento_despesa":"Di\u00e1rias \u2013 Civil","sub_elem_desp":"SEM SUBELEMENTO","fonte_recurso":"Recursos do Exerc\u00edcio Corrente \/ Outros Recursos n\u00e3o Vinculados \/ -"},{"ano_emissao_emp":"2023","n_emp":"0000416","data_emissao":"10\/11\/2023","valor":"2.100,00","tipo_empenho":"Ordin\u00e1rio","hist_emp":"Custeio com 03 (tres) diarias com pernoite para o Sr. Jose Manoel da Silva, vereador, para participar do Encontro Nordestino de Gestores e Legislativos Municipais em Recife - PE, nos dias 22 a 25 de novembro de 2023, conforme requisicao de diaria 92 em anexo.","fornecedor":"JOSE MANOEL DA SILVA","denom_uni_orc":"CORPO DELIBERATIVO E SECRETARIA","funcao":"Legislativa","sub_funcao":"A\u00e7\u00e3o Legislativa","programa":"A\u00c7\u00c3O LEGISLATIVA","acao":"MANUTEN\u00c7\u00c3O DAS ATIVIDADES LEGISLATIVAS","ident_acao":"Atividade","cat_econ":"Despesa Corrente","natureza_despesa":"Outras Despesas Correntes","modalidade_despesa":"Aplica\u00e7\u00f5es Diretas","elemento_despesa":"Di\u00e1rias \u2013 Civil","sub_elem_desp":"SEM SUBELEMENTO","fonte_recurso":"Recursos do Exerc\u00edcio Corrente \/ Outros Recursos n\u00e3o Vinculados \/ -"},{"ano_emissao_emp":"2023","n_emp":"0000417","data_emissao":"10\/11\/2023","valor":"2.100,00","tipo_empenho":"Ordin\u00e1rio","hist_emp":"Custeio com 03 (tres) diarias com pernoite para o Sra.Jessyca Monica de Lima Cavalcanti, vereadora, para participar do Encontro Nordestino de Gestores e Legislativos Municipais em Recife - PE, nos dias 22 a 25 de novembro de 2023, conforme requisicao de diaria 96 em anexo.","fornecedor":"JESSYCA M\u00d4NICA DE LIMA CAVALCANTI","denom_uni_orc":"CORPO DELIBERATIVO E SECRETARIA","funcao":"Legislativa","sub_funcao":"A\u00e7\u00e3o Legislativa","programa":"A\u00c7\u00c3O LEGISLATIVA","acao":"AQUISI\u00c7\u00c3O DE EQUIPAMENTOS DIVERSOS PARA O PROGRAMA PRIMEIRA INF\u00c2NCIA N","ident_acao":"Atividade","cat_econ":"Despesa Corrente","natureza_despesa":"Outras Despesas Correntes","modalidade_despesa":"Aplica\u00e7\u00f5es Diretas","elemento_despesa":"Di\u00e1rias \u2013 Civil","sub_elem_desp":"SEM SUBELEMENTO","fonte_recurso":"Recursos do Exerc\u00edcio Corrente \/ Outros Recursos n\u00e3o Vinculados \/ -"},{"ano_emissao_emp":"2023","n_emp":"0000417","data_emissao":"10\/11\/2023","valor":"2.100,00","tipo_empenho":"Ordin\u00e1rio","hist_emp":"Custeio com 03 (tres) diarias com pernoite para o Sra.Jessyca Monica de Lima Cavalcanti, vereadora, para participar do Encontro Nordestino de Gestores e Legislativos Municipais em Recife - PE, nos dias 22 a 25 de novembro de 2023, conforme requisicao de diaria 96 em anexo.","fornecedor":"JESSYCA M\u00d4NICA DE LIMA CAVALCANTI","denom_uni_orc":"CORPO DELIBERATIVO E SECRETARIA","funcao":"Legislativa","sub_funcao":"A\u00e7\u00e3o Legislativa","programa":"A\u00c7\u00c3O LEGISLATIVA","acao":"MANUTEN\u00c7\u00c3O DAS ATIVIDADES LEGISLATIVAS","ident_acao":"Atividade","cat_econ":"Despesa Corrente","natureza_despesa":"Outras Despesas Correntes","modalidade_despesa":"Aplica\u00e7\u00f5es Diretas","elemento_despesa":"Di\u00e1rias \u2013 Civil","sub_elem_desp":"SEM SUBELEMENTO","fonte_recurso":"Recursos do Exerc\u00edcio Corrente \/ Outros Recursos n\u00e3o Vinculados \/ -"},{"ano_emissao_emp":"2023","n_emp":"0000418","data_emissao":"10\/11\/2023","valor":"2.100,00","tipo_empenho":"Ordin\u00e1rio","hist_emp":"Custeio com 03 (tres) diarias com pernoite para o Sr. Jose Vando Bruna, vereador, para participar do Encontro Nordestino de Gestores e Legislativos Municipais em Recife - PE, nos dias 22 a 25 de novembro de 2023, conforme requisicao de diaria 98 em anexo.","fornecedor":"JOSE VANDO BRUNA","denom_uni_orc":"CORPO DELIBERATIVO E SECRETARIA","funcao":"Legislativa","sub_funcao":"A\u00e7\u00e3o Legislativa","programa":"A\u00c7\u00c3O LEGISLATIVA","acao":"AQUISI\u00c7\u00c3O DE EQUIPAMENTOS DIVERSOS PARA O PROGRAMA PRIMEIRA INF\u00c2NCIA N","ident_acao":"Atividade","cat_econ":"Despesa Corrente","natureza_despesa":"Outras Despesas Correntes","modalidade_despesa":"Aplica\u00e7\u00f5es Diretas","elemento_despesa":"Di\u00e1rias \u2013 Civil","sub_elem_desp":"SEM SUBELEMENTO","fonte_recurso":"Recursos do Exerc\u00edcio Corrente \/ Outros Recursos n\u00e3o Vinculados \/ -"},{"ano_emissao_emp":"2023","n_emp":"0000418","data_emissao":"10\/11\/2023","valor":"2.100,00","tipo_empenho":"Ordin\u00e1rio","hist_emp":"Custeio com 03 (tres) diarias com pernoite para o Sr. Jose Vando Bruna, vereador, para participar do Encontro Nordestino de Gestores e Legislativos Municipais em Recife - PE, nos dias 22 a 25 de novembro de 2023, conforme requisicao de diaria 98 em anexo.","fornecedor":"JOSE VANDO BRUNA","denom_uni_orc":"CORPO DELIBERATIVO E SECRETARIA","funcao":"Legislativa","sub_funcao":"A\u00e7\u00e3o Legislativa","programa":"A\u00c7\u00c3O LEGISLATIVA","acao":"MANUTEN\u00c7\u00c3O DAS ATIVIDADES LEGISLATIVAS","ident_acao":"Atividade","cat_econ":"Despesa Corrente","natureza_despesa":"Outras Despesas Correntes","modalidade_despesa":"Aplica\u00e7\u00f5es Diretas","elemento_despesa":"Di\u00e1rias \u2013 Civil","sub_elem_desp":"SEM SUBELEMENTO","fonte_recurso":"Recursos do Exerc\u00edcio Corrente \/ Outros Recursos n\u00e3o Vinculados \/ -"},{"ano_emissao_emp":"2023","n_emp":"0000419","data_emissao":"10\/11\/2023","valor":"2.100,00","tipo_empenho":"Ordin\u00e1rio","hist_emp":"Custeio com 03 (tres) diarias com pernoite para o Sr. Jose Climerio Neto, vereador presidente, para participar do Encontro Nordestino de Gestores e Legislativos Municipais em Recife - PE, nos dias 22 a 25 de novembro de 2023, conforme requisicao de diaria 90 em anexo.","fornecedor":"JOS\u00c9 CLIM\u00c9RIO NETO","denom_uni_orc":"CORPO DELIBERATIVO E SECRETARIA","funcao":"Legislativa","sub_funcao":"A\u00e7\u00e3o Legislativa","programa":"A\u00c7\u00c3O LEGISLATIVA","acao":"AQUISI\u00c7\u00c3O DE EQUIPAMENTOS DIVERSOS PARA O PROGRAMA PRIMEIRA INF\u00c2NCIA N","ident_acao":"Atividade","cat_econ":"Despesa Corrente","natureza_despesa":"Outras Despesas Correntes","modalidade_despesa":"Aplica\u00e7\u00f5es Diretas","elemento_despesa":"Di\u00e1rias \u2013 Civil","sub_elem_desp":"SEM SUBELEMENTO","fonte_recurso":"Recursos do Exerc\u00edcio Corrente \/ Outros Recursos n\u00e3o Vinculados \/ -"},{"ano_emissao_emp":"2023","n_emp":"0000419","data_emissao":"10\/11\/2023","valor":"2.100,00","tipo_empenho":"Ordin\u00e1rio","hist_emp":"Custeio com 03 (tres) diarias com pernoite para o Sr. Jose Climerio Neto, vereador presidente, para participar do Encontro Nordestino de Gestores e Legislativos Municipais em Recife - PE, nos dias 22 a 25 de novembro de 2023, conforme requisicao de diaria 90 em anexo.","fornecedor":"JOS\u00c9 CLIM\u00c9RIO NETO","denom_uni_orc":"CORPO DELIBERATIVO E SECRETARIA","funcao":"Legislativa","sub_funcao":"A\u00e7\u00e3o Legislativa","programa":"A\u00c7\u00c3O LEGISLATIVA","acao":"MANUTEN\u00c7\u00c3O DAS ATIVIDADES LEGISLATIVAS","ident_acao":"Atividade","cat_econ":"Despesa Corrente","natureza_despesa":"Outras Despesas Correntes","modalidade_despesa":"Aplica\u00e7\u00f5es Diretas","elemento_despesa":"Di\u00e1rias \u2013 Civil","sub_elem_desp":"SEM SUBELEMENTO","fonte_recurso":"Recursos do Exerc\u00edcio Corrente \/ Outros Recursos n\u00e3o Vinculados \/ -"},{"ano_emissao_emp":"2023","n_emp":"0000420","data_emissao":"10\/11\/2023","valor":"7.080,00","tipo_empenho":"Ordin\u00e1rio","hist_emp":"Custeio com Inscricao de 12 (doze) intregrantes da Camara de Vereadores de Santa Cruz do Capibaribe para Encontro Nordestino de Gestores e Legislativos Municipais promovido pela UVB\/PE, entre os dias 22 e 25 de novembro de 2023. Dentre os quais, 08 (oito) sao vereadores e 4 (quatro) sao servidores desta casa.","fornecedor":"UNIAO DOS VEREADORES, EX-VEREADORES, PRESIDENTES DE CAMARAS E CAMARAS MUNICIPAIS","denom_uni_orc":"CORPO DELIBERATIVO E SECRETARIA","funcao":"Legislativa","sub_funcao":"A\u00e7\u00e3o Legislativa","programa":"A\u00c7\u00c3O LEGISLATIVA","acao":"AQUISI\u00c7\u00c3O DE M\u00d3VEIS, M\u00c1QUINAS E EQUIPAMENTOS DIVERSOS PARA O CONSELHO","ident_acao":"Atividade","cat_econ":"Despesa Corrente","natureza_despesa":"Outras Despesas Correntes","modalidade_despesa":"Aplica\u00e7\u00f5es Diretas","elemento_despesa":"Outros Servi\u00e7os de Terceiros - Pessoa Jur\u00eddica","sub_elem_desp":"SEM SUBELEMENTO","fonte_recurso":"Recursos do Exerc\u00edcio Corrente \/ Outros Recursos n\u00e3o Vinculados \/ -"},{"ano_emissao_emp":"2023","n_emp":"0000420","data_emissao":"10\/11\/2023","valor":"7.080,00","tipo_empenho":"Ordin\u00e1rio","hist_emp":"Custeio com Inscricao de 12 (doze) intregrantes da Camara de Vereadores de Santa Cruz do Capibaribe para Encontro Nordestino de Gestores e Legislativos Municipais promovido pela UVB\/PE, entre os dias 22 e 25 de novembro de 2023. Dentre os quais, 08 (oito) sao vereadores e 4 (quatro) sao servidores desta casa.","fornecedor":"UNIAO DOS VEREADORES, EX-VEREADORES, PRESIDENTES DE CAMARAS E CAMARAS MUNICIPAIS","denom_uni_orc":"CORPO DELIBERATIVO E SECRETARIA","funcao":"Legislativa","sub_funcao":"A\u00e7\u00e3o Legislativa","programa":"A\u00c7\u00c3O LEGISLATIVA","acao":"MANUTEN\u00c7\u00c3O DAS ATIVIDADES ADMINISTRATIVAS","ident_acao":"Atividade","cat_econ":"Despesa Corrente","natureza_despesa":"Outras Despesas Correntes","modalidade_despesa":"Aplica\u00e7\u00f5es Diretas","elemento_despesa":"Outros Servi\u00e7os de Terceiros - Pessoa Jur\u00eddica","sub_elem_desp":"SEM SUBELEMENTO","fonte_recurso":"Recursos do Exerc\u00edcio Corrente \/ Outros Recursos n\u00e3o Vinculados \/ -"},{"ano_emissao_emp":"2023","n_emp":"0000420","data_emissao":"10\/11\/2023","valor":"7.080,00","tipo_empenho":"Ordin\u00e1rio","hist_emp":"Custeio com Inscricao de 12 (doze) intregrantes da Camara de Vereadores de Santa Cruz do Capibaribe para Encontro Nordestino de Gestores e Legislativos Municipais promovido pela UVB\/PE, entre os dias 22 e 25 de novembro de 2023. Dentre os quais, 08 (oito) sao vereadores e 4 (quatro) sao servidores desta casa.","fornecedor":"UNIAO DOS VEREADORES, EX-VEREADORES, PRESIDENTES DE CAMARAS E CAMARAS MUNICIPAIS","denom_uni_orc":"CORPO DELIBERATIVO E SECRETARIA","funcao":"Legislativa","sub_funcao":"A\u00e7\u00e3o Legislativa","programa":"A\u00c7\u00c3O LEGISLATIVA","acao":"INDENIZA\u00c7\u00d5ES E RESTITUI\u00c7\u00d5ES DIVERSAS (FMS)","ident_acao":"Atividade","cat_econ":"Despesa Corrente","natureza_despesa":"Outras Despesas Correntes","modalidade_despesa":"Aplica\u00e7\u00f5es Diretas","elemento_despesa":"Outros Servi\u00e7os de Terceiros - Pessoa Jur\u00eddica","sub_elem_desp":"SEM SUBELEMENTO","fonte_recurso":"Recursos do Exerc\u00edcio Corrente \/ Outros Recursos n\u00e3o Vinculados \/ -"},{"ano_emissao_emp":"2023","n_emp":"0000421","data_emissao":"13\/11\/2023","valor":"480,00","tipo_empenho":"Ordin\u00e1rio","hist_emp":"Custeio referente ao pagamento do auxilio-transporte do mes de novembro do ano corrente, que sera creditado no cartao corporativo do servidor efetivo desta Casa Legislativa, Saulo Correia de Albuquerque, cartao numero 2.208.349.662, fornecido pela empresa Logo Transportes Ltda, conforme o artigo 50, inciso II, e o artigo 51 da Lei Municipal 923\/1990, bem como o disposto na Portaria 78\/2023. Dispensa de licitacao em razao do valor, artigo 75, inciso 2\u00ba da Lei 14.133\/21.","fornecedor":"LOGO TRANSPORTES LTDA","denom_uni_orc":"CORPO DELIBERATIVO E SECRETARIA","funcao":"Legislativa","sub_funcao":"A\u00e7\u00e3o Legislativa","programa":"A\u00c7\u00c3O LEGISLATIVA","acao":"AQUISI\u00c7\u00c3O DE M\u00d3VEIS, M\u00c1QUINAS E EQUIPAMENTOS DIVERSOS PARA O CONSELHO","ident_acao":"Atividade","cat_econ":"Despesa Corrente","natureza_despesa":"Outras Despesas Correntes","modalidade_despesa":"Aplica\u00e7\u00f5es Diretas","elemento_despesa":"Outros Servi\u00e7os de Terceiros - Pessoa Jur\u00eddica","sub_elem_desp":"SEM SUBELEMENTO","fonte_recurso":"Recursos do Exerc\u00edcio Corrente \/ Outros Recursos n\u00e3o Vinculados \/ -"},{"ano_emissao_emp":"2023","n_emp":"0000421","data_emissao":"13\/11\/2023","valor":"480,00","tipo_empenho":"Ordin\u00e1rio","hist_emp":"Custeio referente ao pagamento do auxilio-transporte do mes de novembro do ano corrente, que sera creditado no cartao corporativo do servidor efetivo desta Casa Legislativa, Saulo Correia de Albuquerque, cartao numero 2.208.349.662, fornecido pela empresa Logo Transportes Ltda, conforme o artigo 50, inciso II, e o artigo 51 da Lei Municipal 923\/1990, bem como o disposto na Portaria 78\/2023. Dispensa de licitacao em razao do valor, artigo 75, inciso 2\u00ba da Lei 14.133\/21.","fornecedor":"LOGO TRANSPORTES LTDA","denom_uni_orc":"CORPO DELIBERATIVO E SECRETARIA","funcao":"Legislativa","sub_funcao":"A\u00e7\u00e3o Legislativa","programa":"A\u00c7\u00c3O LEGISLATIVA","acao":"MANUTEN\u00c7\u00c3O DAS ATIVIDADES ADMINISTRATIVAS","ident_acao":"Atividade","cat_econ":"Despesa Corrente","natureza_despesa":"Outras Despesas Correntes","modalidade_despesa":"Aplica\u00e7\u00f5es Diretas","elemento_despesa":"Outros Servi\u00e7os de Terceiros - Pessoa Jur\u00eddica","sub_elem_desp":"SEM SUBELEMENTO","fonte_recurso":"Recursos do Exerc\u00edcio Corrente \/ Outros Recursos n\u00e3o Vinculados \/ -"},{"ano_emissao_emp":"2023","n_emp":"0000421","data_emissao":"13\/11\/2023","valor":"480,00","tipo_empenho":"Ordin\u00e1rio","hist_emp":"Custeio referente ao pagamento do auxilio-transporte do mes de novembro do ano corrente, que sera creditado no cartao corporativo do servidor efetivo desta Casa Legislativa, Saulo Correia de Albuquerque, cartao numero 2.208.349.662, fornecido pela empresa Logo Transportes Ltda, conforme o artigo 50, inciso II, e o artigo 51 da Lei Municipal 923\/1990, bem como o disposto na Portaria 78\/2023. Dispensa de licitacao em razao do valor, artigo 75, inciso 2\u00ba da Lei 14.133\/21.","fornecedor":"LOGO TRANSPORTES LTDA","denom_uni_orc":"CORPO DELIBERATIVO E SECRETARIA","funcao":"Legislativa","sub_funcao":"A\u00e7\u00e3o Legislativa","programa":"A\u00c7\u00c3O LEGISLATIVA","acao":"INDENIZA\u00c7\u00d5ES E RESTITUI\u00c7\u00d5ES DIVERSAS (FMS)","ident_acao":"Atividade","cat_econ":"Despesa Corrente","natureza_despesa":"Outras Despesas Correntes","modalidade_despesa":"Aplica\u00e7\u00f5es Diretas","elemento_despesa":"Outros Servi\u00e7os de Terceiros - Pessoa Jur\u00eddica","sub_elem_desp":"SEM SUBELEMENTO","fonte_recurso":"Recursos do Exerc\u00edcio Corrente \/ Outros Recursos n\u00e3o Vinculados \/ -"},{"ano_emissao_emp":"2023","n_emp":"0000422","data_emissao":"14\/11\/2023","valor":"1.841,00","tipo_empenho":"Ordin\u00e1rio","hist_emp":"Custeio com a aquisicao de pecas relacionadas a seguir para a manutencao do veiculo Tracker\/Spin\/Prisma\/Sonic, placa PCE 7686, pertencente a esta Casa de Leis, . Dispensa de licitacao em razao do valor, conforme o artigo 75, inciso 2\u00ba da Lei 14.133\/21.","fornecedor":"SERGIANO ALVES DE SOUZA","denom_uni_orc":"CORPO DELIBERATIVO E SECRETARIA","funcao":"Legislativa","sub_funcao":"A\u00e7\u00e3o Legislativa","programa":"A\u00c7\u00c3O LEGISLATIVA","acao":"AQUISI\u00c7\u00c3O DE M\u00d3VEIS, M\u00c1QUINAS E EQUIPAMENTOS DIVERSOS PARA O CONSELHO","ident_acao":"Atividade","cat_econ":"Despesa Corrente","natureza_despesa":"Outras Despesas Correntes","modalidade_despesa":"Aplica\u00e7\u00f5es Diretas","elemento_despesa":"Material de Consumo","sub_elem_desp":"MATERIAL PARA MANUTEN\u00c7\u00c3O DE BENS M\u00d3VEIS","fonte_recurso":"Recursos do Exerc\u00edcio Corrente \/ Outros Recursos n\u00e3o Vinculados \/ -"},{"ano_emissao_emp":"2023","n_emp":"0000422","data_emissao":"14\/11\/2023","valor":"1.841,00","tipo_empenho":"Ordin\u00e1rio","hist_emp":"Custeio com a aquisicao de pecas relacionadas a seguir para a manutencao do veiculo Tracker\/Spin\/Prisma\/Sonic, placa PCE 7686, pertencente a esta Casa de Leis, . Dispensa de licitacao em razao do valor, conforme o artigo 75, inciso 2\u00ba da Lei 14.133\/21.","fornecedor":"SERGIANO ALVES DE SOUZA","denom_uni_orc":"CORPO DELIBERATIVO E SECRETARIA","funcao":"Legislativa","sub_funcao":"A\u00e7\u00e3o Legislativa","programa":"A\u00c7\u00c3O LEGISLATIVA","acao":"MANUTEN\u00c7\u00c3O DAS ATIVIDADES ADMINISTRATIVAS","ident_acao":"Atividade","cat_econ":"Despesa Corrente","natureza_despesa":"Outras Despesas Correntes","modalidade_despesa":"Aplica\u00e7\u00f5es Diretas","elemento_despesa":"Material de Consumo","sub_elem_desp":"MATERIAL PARA MANUTEN\u00c7\u00c3O DE BENS M\u00d3VEIS","fonte_recurso":"Recursos do Exerc\u00edcio Corrente \/ Outros Recursos n\u00e3o Vinculados \/ -"},{"ano_emissao_emp":"2023","n_emp":"0000422","data_emissao":"14\/11\/2023","valor":"1.841,00","tipo_empenho":"Ordin\u00e1rio","hist_emp":"Custeio com a aquisicao de pecas relacionadas a seguir para a manutencao do veiculo Tracker\/Spin\/Prisma\/Sonic, placa PCE 7686, pertencente a esta Casa de Leis, . Dispensa de licitacao em razao do valor, conforme o artigo 75, inciso 2\u00ba da Lei 14.133\/21.","fornecedor":"SERGIANO ALVES DE SOUZA","denom_uni_orc":"CORPO DELIBERATIVO E SECRETARIA","funcao":"Legislativa","sub_funcao":"A\u00e7\u00e3o Legislativa","programa":"A\u00c7\u00c3O LEGISLATIVA","acao":"INDENIZA\u00c7\u00d5ES E RESTITUI\u00c7\u00d5ES DIVERSAS (FMS)","ident_acao":"Atividade","cat_econ":"Despesa Corrente","natureza_despesa":"Outras Despesas Correntes","modalidade_despesa":"Aplica\u00e7\u00f5es Diretas","elemento_despesa":"Material de Consumo","sub_elem_desp":"MATERIAL PARA MANUTEN\u00c7\u00c3O DE BENS M\u00d3VEIS","fonte_recurso":"Recursos do Exerc\u00edcio Corrente \/ Outros Recursos n\u00e3o Vinculados \/ -"},{"ano_emissao_emp":"2023","n_emp":"0000423","data_emissao":"14\/11\/2023","valor":"240,00","tipo_empenho":"Ordin\u00e1rio","hist_emp":"Custeio com servico mecanico para a manutencao corretiva do veiculo Tracker\/Spin\/Prisma\/Sonic, placa PCE 7686, pertencente a esta Casa de Leis, devido a problemas apresentados durante a utilizacao do mesmo, sendo necessario servico e substituicao de pecas da suspensao. Dispensa de licitacao em razao do valor, conforme o artigo 75, inciso 2\u00ba da Lei 14.133\/21.","fornecedor":"SERGIANO ALVES DE SOUZA","denom_uni_orc":"CORPO DELIBERATIVO E SECRETARIA","funcao":"Legislativa","sub_funcao":"A\u00e7\u00e3o Legislativa","programa":"A\u00c7\u00c3O LEGISLATIVA","acao":"AQUISI\u00c7\u00c3O DE M\u00d3VEIS, M\u00c1QUINAS E EQUIPAMENTOS DIVERSOS PARA O CONSELHO","ident_acao":"Atividade","cat_econ":"Despesa Corrente","natureza_despesa":"Outras Despesas Correntes","modalidade_despesa":"Aplica\u00e7\u00f5es Diretas","elemento_despesa":"Outros Servi\u00e7os de Terceiros - Pessoa Jur\u00eddica","sub_elem_desp":"SEM SUBELEMENTO","fonte_recurso":"Recursos do Exerc\u00edcio Corrente \/ Outros Recursos n\u00e3o Vinculados \/ -"},{"ano_emissao_emp":"2023","n_emp":"0000423","data_emissao":"14\/11\/2023","valor":"240,00","tipo_empenho":"Ordin\u00e1rio","hist_emp":"Custeio com servico mecanico para a manutencao corretiva do veiculo Tracker\/Spin\/Prisma\/Sonic, placa PCE 7686, pertencente a esta Casa de Leis, devido a problemas apresentados durante a utilizacao do mesmo, sendo necessario servico e substituicao de pecas da suspensao. Dispensa de licitacao em razao do valor, conforme o artigo 75, inciso 2\u00ba da Lei 14.133\/21.","fornecedor":"SERGIANO ALVES DE SOUZA","denom_uni_orc":"CORPO DELIBERATIVO E SECRETARIA","funcao":"Legislativa","sub_funcao":"A\u00e7\u00e3o Legislativa","programa":"A\u00c7\u00c3O LEGISLATIVA","acao":"MANUTEN\u00c7\u00c3O DAS ATIVIDADES ADMINISTRATIVAS","ident_acao":"Atividade","cat_econ":"Despesa Corrente","natureza_despesa":"Outras Despesas Correntes","modalidade_despesa":"Aplica\u00e7\u00f5es Diretas","elemento_despesa":"Outros Servi\u00e7os de Terceiros - Pessoa Jur\u00eddica","sub_elem_desp":"SEM SUBELEMENTO","fonte_recurso":"Recursos do Exerc\u00edcio Corrente \/ Outros Recursos n\u00e3o Vinculados \/ -"},{"ano_emissao_emp":"2023","n_emp":"0000423","data_emissao":"14\/11\/2023","valor":"240,00","tipo_empenho":"Ordin\u00e1rio","hist_emp":"Custeio com servico mecanico para a manutencao corretiva do veiculo Tracker\/Spin\/Prisma\/Sonic, placa PCE 7686, pertencente a esta Casa de Leis, devido a problemas apresentados durante a utilizacao do mesmo, sendo necessario servico e substituicao de pecas da suspensao. Dispensa de licitacao em razao do valor, conforme o artigo 75, inciso 2\u00ba da Lei 14.133\/21.","fornecedor":"SERGIANO ALVES DE SOUZA","denom_uni_orc":"CORPO DELIBERATIVO E SECRETARIA","funcao":"Legislativa","sub_funcao":"A\u00e7\u00e3o Legislativa","programa":"A\u00c7\u00c3O LEGISLATIVA","acao":"INDENIZA\u00c7\u00d5ES E RESTITUI\u00c7\u00d5ES DIVERSAS (FMS)","ident_acao":"Atividade","cat_econ":"Despesa Corrente","natureza_despesa":"Outras Despesas Correntes","modalidade_despesa":"Aplica\u00e7\u00f5es Diretas","elemento_despesa":"Outros Servi\u00e7os de Terceiros - Pessoa Jur\u00eddica","sub_elem_desp":"SEM SUBELEMENTO","fonte_recurso":"Recursos do Exerc\u00edcio Corrente \/ Outros Recursos n\u00e3o Vinculados \/ -"},{"ano_emissao_emp":"2023","n_emp":"0000424","data_emissao":"14\/11\/2023","valor":"500,00","tipo_empenho":"Ordin\u00e1rio","hist_emp":"Custeio com servico prestado de instalacao de 03 (tres) portas. Para o adequado funcionamento das mesmas, foram instaladas 03 (tres) molas aereas e 01 (um) fecho eletrico. As instalacoes ocorreram nas seguintes salas- tesouraria, secretaria e presidencia desta Casa de Leis. Dispensa de licitacao em razao do valor, conforme o artigo 75, inciso 2\u00ba da Lei 14.133\/21.","fornecedor":"Carlos Henrique Menino de Melo","denom_uni_orc":"CORPO DELIBERATIVO E SECRETARIA","funcao":"Legislativa","sub_funcao":"A\u00e7\u00e3o Legislativa","programa":"A\u00c7\u00c3O LEGISLATIVA","acao":"AQUISI\u00c7\u00c3O DE M\u00d3VEIS, M\u00c1QUINAS E EQUIPAMENTOS DIVERSOS PARA O CONSELHO","ident_acao":"Atividade","cat_econ":"Despesa Corrente","natureza_despesa":"Outras Despesas Correntes","modalidade_despesa":"Aplica\u00e7\u00f5es Diretas","elemento_despesa":"Outros Servi\u00e7os de Terceiros - Pessoa F\u00edsica","sub_elem_desp":"MANUTEN\u00c7\u00c3O E CONSERVA\u00c7\u00c3O DE BENS IM\u00d3VEIS","fonte_recurso":"Recursos do Exerc\u00edcio Corrente \/ Outros Recursos n\u00e3o Vinculados \/ -"},{"ano_emissao_emp":"2023","n_emp":"0000424","data_emissao":"14\/11\/2023","valor":"500,00","tipo_empenho":"Ordin\u00e1rio","hist_emp":"Custeio com servico prestado de instalacao de 03 (tres) portas. Para o adequado funcionamento das mesmas, foram instaladas 03 (tres) molas aereas e 01 (um) fecho eletrico. As instalacoes ocorreram nas seguintes salas- tesouraria, secretaria e presidencia desta Casa de Leis. Dispensa de licitacao em razao do valor, conforme o artigo 75, inciso 2\u00ba da Lei 14.133\/21.","fornecedor":"Carlos Henrique Menino de Melo","denom_uni_orc":"CORPO DELIBERATIVO E SECRETARIA","funcao":"Legislativa","sub_funcao":"A\u00e7\u00e3o Legislativa","programa":"A\u00c7\u00c3O LEGISLATIVA","acao":"MANUTEN\u00c7\u00c3O DAS ATIVIDADES ADMINISTRATIVAS","ident_acao":"Atividade","cat_econ":"Despesa Corrente","natureza_despesa":"Outras Despesas Correntes","modalidade_despesa":"Aplica\u00e7\u00f5es Diretas","elemento_despesa":"Outros Servi\u00e7os de Terceiros - Pessoa F\u00edsica","sub_elem_desp":"MANUTEN\u00c7\u00c3O E CONSERVA\u00c7\u00c3O DE BENS IM\u00d3VEIS","fonte_recurso":"Recursos do Exerc\u00edcio Corrente \/ Outros Recursos n\u00e3o Vinculados \/ -"},{"ano_emissao_emp":"2023","n_emp":"0000424","data_emissao":"14\/11\/2023","valor":"500,00","tipo_empenho":"Ordin\u00e1rio","hist_emp":"Custeio com servico prestado de instalacao de 03 (tres) portas. Para o adequado funcionamento das mesmas, foram instaladas 03 (tres) molas aereas e 01 (um) fecho eletrico. As instalacoes ocorreram nas seguintes salas- tesouraria, secretaria e presidencia desta Casa de Leis. Dispensa de licitacao em razao do valor, conforme o artigo 75, inciso 2\u00ba da Lei 14.133\/21.","fornecedor":"Carlos Henrique Menino de Melo","denom_uni_orc":"CORPO DELIBERATIVO E SECRETARIA","funcao":"Legislativa","sub_funcao":"A\u00e7\u00e3o Legislativa","programa":"A\u00c7\u00c3O LEGISLATIVA","acao":"INDENIZA\u00c7\u00d5ES E RESTITUI\u00c7\u00d5ES DIVERSAS (FMS)","ident_acao":"Atividade","cat_econ":"Despesa Corrente","natureza_despesa":"Outras Despesas Correntes","modalidade_despesa":"Aplica\u00e7\u00f5es Diretas","elemento_despesa":"Outros Servi\u00e7os de Terceiros - Pessoa F\u00edsica","sub_elem_desp":"MANUTEN\u00c7\u00c3O E CONSERVA\u00c7\u00c3O DE BENS IM\u00d3VEIS","fonte_recurso":"Recursos do Exerc\u00edcio Corrente \/ Outros Recursos n\u00e3o Vinculados \/ -"},{"ano_emissao_emp":"2023","n_emp":"0000425","data_emissao":"16\/11\/2023","valor":"590,00","tipo_empenho":"Ordin\u00e1rio","hist_emp":"Custeio com Inscricao de 01 (um) intregrante da Camara de Vereadores de Santa Cruz do Capibaribe (Jose Climerio Neto vereador presidente) para Encontro Nordestino de Gestores e Legislativos Municipais promovido pela UVB\/PE, entre os dias 22 e 25 de novembro de 2023. Dentre os quais, 08 (oito) sao vereadores e 4 (quatro) sao servidores desta casa.","fornecedor":"UNIAO DOS VEREADORES, EX-VEREADORES, PRESIDENTES DE CAMARAS E CAMARAS MUNICIPAIS","denom_uni_orc":"CORPO DELIBERATIVO E SECRETARIA","funcao":"Legislativa","sub_funcao":"A\u00e7\u00e3o Legislativa","programa":"A\u00c7\u00c3O LEGISLATIVA","acao":"AQUISI\u00c7\u00c3O DE M\u00d3VEIS, M\u00c1QUINAS E EQUIPAMENTOS DIVERSOS PARA O CONSELHO","ident_acao":"Atividade","cat_econ":"Despesa Corrente","natureza_despesa":"Outras Despesas Correntes","modalidade_despesa":"Aplica\u00e7\u00f5es Diretas","elemento_despesa":"Outros Servi\u00e7os de Terceiros - Pessoa Jur\u00eddica","sub_elem_desp":"SEM SUBELEMENTO","fonte_recurso":"Recursos do Exerc\u00edcio Corrente \/ Outros Recursos n\u00e3o Vinculados \/ -"},{"ano_emissao_emp":"2023","n_emp":"0000425","data_emissao":"16\/11\/2023","valor":"590,00","tipo_empenho":"Ordin\u00e1rio","hist_emp":"Custeio com Inscricao de 01 (um) intregrante da Camara de Vereadores de Santa Cruz do Capibaribe (Jose Climerio Neto vereador presidente) para Encontro Nordestino de Gestores e Legislativos Municipais promovido pela UVB\/PE, entre os dias 22 e 25 de novembro de 2023. Dentre os quais, 08 (oito) sao vereadores e 4 (quatro) sao servidores desta casa.","fornecedor":"UNIAO DOS VEREADORES, EX-VEREADORES, PRESIDENTES DE CAMARAS E CAMARAS MUNICIPAIS","denom_uni_orc":"CORPO DELIBERATIVO E SECRETARIA","funcao":"Legislativa","sub_funcao":"A\u00e7\u00e3o Legislativa","programa":"A\u00c7\u00c3O LEGISLATIVA","acao":"MANUTEN\u00c7\u00c3O DAS ATIVIDADES ADMINISTRATIVAS","ident_acao":"Atividade","cat_econ":"Despesa Corrente","natureza_despesa":"Outras Despesas Correntes","modalidade_despesa":"Aplica\u00e7\u00f5es Diretas","elemento_despesa":"Outros Servi\u00e7os de Terceiros - Pessoa Jur\u00eddica","sub_elem_desp":"SEM SUBELEMENTO","fonte_recurso":"Recursos do Exerc\u00edcio Corrente \/ Outros Recursos n\u00e3o Vinculados \/ -"},{"ano_emissao_emp":"2023","n_emp":"0000425","data_emissao":"16\/11\/2023","valor":"590,00","tipo_empenho":"Ordin\u00e1rio","hist_emp":"Custeio com Inscricao de 01 (um) intregrante da Camara de Vereadores de Santa Cruz do Capibaribe (Jose Climerio Neto vereador presidente) para Encontro Nordestino de Gestores e Legislativos Municipais promovido pela UVB\/PE, entre os dias 22 e 25 de novembro de 2023. Dentre os quais, 08 (oito) sao vereadores e 4 (quatro) sao servidores desta casa.","fornecedor":"UNIAO DOS VEREADORES, EX-VEREADORES, PRESIDENTES DE CAMARAS E CAMARAS MUNICIPAIS","denom_uni_orc":"CORPO DELIBERATIVO E SECRETARIA","funcao":"Legislativa","sub_funcao":"A\u00e7\u00e3o Legislativa","programa":"A\u00c7\u00c3O LEGISLATIVA","acao":"INDENIZA\u00c7\u00d5ES E RESTITUI\u00c7\u00d5ES DIVERSAS (FMS)","ident_acao":"Atividade","cat_econ":"Despesa Corrente","natureza_despesa":"Outras Despesas Correntes","modalidade_despesa":"Aplica\u00e7\u00f5es Diretas","elemento_despesa":"Outros Servi\u00e7os de Terceiros - Pessoa Jur\u00eddica","sub_elem_desp":"SEM SUBELEMENTO","fonte_recurso":"Recursos do Exerc\u00edcio Corrente \/ Outros Recursos n\u00e3o Vinculados \/ -"},{"ano_emissao_emp":"2023","n_emp":"0000426","data_emissao":"16\/11\/2023","valor":"2.200,00","tipo_empenho":"Ordin\u00e1rio","hist_emp":"Custeio com servicos prestados de manutencao dos aparelhos de ar-condicionado da sala da Tesouraria, da nova sala da presidencia e da antiga sala da presidencia. Em decorrencia da relocacao dos servidores do Gabinete e da Tesouraria desta Casa, e imprescindivel a recolocacao dos equipamentos, bem como a manutencao preventiva do maquinario dos ambientes citados. Dispensa de licitacao em razao do valor, conforme o artigo 75, inciso 2\u00ba da Lei 14.133\/21.","fornecedor":"MARLON JARDEL DONATO BARROS 05919114428","denom_uni_orc":"CORPO DELIBERATIVO E SECRETARIA","funcao":"Legislativa","sub_funcao":"A\u00e7\u00e3o Legislativa","programa":"A\u00c7\u00c3O LEGISLATIVA","acao":"AQUISI\u00c7\u00c3O DE M\u00d3VEIS, M\u00c1QUINAS E EQUIPAMENTOS DIVERSOS PARA O CONSELHO","ident_acao":"Atividade","cat_econ":"Despesa Corrente","natureza_despesa":"Outras Despesas Correntes","modalidade_despesa":"Aplica\u00e7\u00f5es Diretas","elemento_despesa":"Outros Servi\u00e7os de Terceiros - Pessoa Jur\u00eddica","sub_elem_desp":"SEM SUBELEMENTO","fonte_recurso":"Recursos do Exerc\u00edcio Corrente \/ Outros Recursos n\u00e3o Vinculados \/ -"},{"ano_emissao_emp":"2023","n_emp":"0000426","data_emissao":"16\/11\/2023","valor":"2.200,00","tipo_empenho":"Ordin\u00e1rio","hist_emp":"Custeio com servicos prestados de manutencao dos aparelhos de ar-condicionado da sala da Tesouraria, da nova sala da presidencia e da antiga sala da presidencia. Em decorrencia da relocacao dos servidores do Gabinete e da Tesouraria desta Casa, e imprescindivel a recolocacao dos equipamentos, bem como a manutencao preventiva do maquinario dos ambientes citados. Dispensa de licitacao em razao do valor, conforme o artigo 75, inciso 2\u00ba da Lei 14.133\/21.","fornecedor":"MARLON JARDEL DONATO BARROS 05919114428","denom_uni_orc":"CORPO DELIBERATIVO E SECRETARIA","funcao":"Legislativa","sub_funcao":"A\u00e7\u00e3o Legislativa","programa":"A\u00c7\u00c3O LEGISLATIVA","acao":"MANUTEN\u00c7\u00c3O DAS ATIVIDADES ADMINISTRATIVAS","ident_acao":"Atividade","cat_econ":"Despesa Corrente","natureza_despesa":"Outras Despesas Correntes","modalidade_despesa":"Aplica\u00e7\u00f5es Diretas","elemento_despesa":"Outros Servi\u00e7os de Terceiros - Pessoa Jur\u00eddica","sub_elem_desp":"SEM SUBELEMENTO","fonte_recurso":"Recursos do Exerc\u00edcio Corrente \/ Outros Recursos n\u00e3o Vinculados \/ -"},{"ano_emissao_emp":"2023","n_emp":"0000426","data_emissao":"16\/11\/2023","valor":"2.200,00","tipo_empenho":"Ordin\u00e1rio","hist_emp":"Custeio com servicos prestados de manutencao dos aparelhos de ar-condicionado da sala da Tesouraria, da nova sala da presidencia e da antiga sala da presidencia. Em decorrencia da relocacao dos servidores do Gabinete e da Tesouraria desta Casa, e imprescindivel a recolocacao dos equipamentos, bem como a manutencao preventiva do maquinario dos ambientes citados. Dispensa de licitacao em razao do valor, conforme o artigo 75, inciso 2\u00ba da Lei 14.133\/21.","fornecedor":"MARLON JARDEL DONATO BARROS 05919114428","denom_uni_orc":"CORPO DELIBERATIVO E SECRETARIA","funcao":"Legislativa","sub_funcao":"A\u00e7\u00e3o Legislativa","programa":"A\u00c7\u00c3O LEGISLATIVA","acao":"INDENIZA\u00c7\u00d5ES E RESTITUI\u00c7\u00d5ES DIVERSAS (FMS)","ident_acao":"Atividade","cat_econ":"Despesa Corrente","natureza_despesa":"Outras Despesas Correntes","modalidade_despesa":"Aplica\u00e7\u00f5es Diretas","elemento_despesa":"Outros Servi\u00e7os de Terceiros - Pessoa Jur\u00eddica","sub_elem_desp":"SEM SUBELEMENTO","fonte_recurso":"Recursos do Exerc\u00edcio Corrente \/ Outros Recursos n\u00e3o Vinculados \/ -"},{"ano_emissao_emp":"2023","n_emp":"0000427","data_emissao":"16\/11\/2023","valor":"735,00","tipo_empenho":"Ordin\u00e1rio","hist_emp":"Custeio com servicos prestados de instalacao de 01 (um) poste de concreto com material e mao de obra por conta do prestador. Servico necessario para reorganizacao da energia eletrica do CIDATEC, anexo social e educacional desta Casa de Leis. Dispensa de licitacao em razao do valor, artigo 75, inciso 2\u00ba da Lei 14.133\/21.","fornecedor":"SIQUEIRA & VASCONCELOS LTDA","denom_uni_orc":"CORPO DELIBERATIVO E SECRETARIA","funcao":"Legislativa","sub_funcao":"A\u00e7\u00e3o Legislativa","programa":"A\u00c7\u00c3O LEGISLATIVA","acao":"AQUISI\u00c7\u00c3O DE M\u00d3VEIS, M\u00c1QUINAS E EQUIPAMENTOS DIVERSOS PARA O CONSELHO","ident_acao":"Atividade","cat_econ":"Despesa Corrente","natureza_despesa":"Outras Despesas Correntes","modalidade_despesa":"Aplica\u00e7\u00f5es Diretas","elemento_despesa":"Outros Servi\u00e7os de Terceiros - Pessoa Jur\u00eddica","sub_elem_desp":"SEM SUBELEMENTO","fonte_recurso":"Recursos do Exerc\u00edcio Corrente \/ Outros Recursos n\u00e3o Vinculados \/ -"},{"ano_emissao_emp":"2023","n_emp":"0000427","data_emissao":"16\/11\/2023","valor":"735,00","tipo_empenho":"Ordin\u00e1rio","hist_emp":"Custeio com servicos prestados de instalacao de 01 (um) poste de concreto com material e mao de obra por conta do prestador. Servico necessario para reorganizacao da energia eletrica do CIDATEC, anexo social e educacional desta Casa de Leis. Dispensa de licitacao em razao do valor, artigo 75, inciso 2\u00ba da Lei 14.133\/21.","fornecedor":"SIQUEIRA & VASCONCELOS LTDA","denom_uni_orc":"CORPO DELIBERATIVO E SECRETARIA","funcao":"Legislativa","sub_funcao":"A\u00e7\u00e3o Legislativa","programa":"A\u00c7\u00c3O LEGISLATIVA","acao":"MANUTEN\u00c7\u00c3O DAS ATIVIDADES ADMINISTRATIVAS","ident_acao":"Atividade","cat_econ":"Despesa Corrente","natureza_despesa":"Outras Despesas Correntes","modalidade_despesa":"Aplica\u00e7\u00f5es Diretas","elemento_despesa":"Outros Servi\u00e7os de Terceiros - Pessoa Jur\u00eddica","sub_elem_desp":"SEM SUBELEMENTO","fonte_recurso":"Recursos do Exerc\u00edcio Corrente \/ Outros Recursos n\u00e3o Vinculados \/ -"},{"ano_emissao_emp":"2023","n_emp":"0000427","data_emissao":"16\/11\/2023","valor":"735,00","tipo_empenho":"Ordin\u00e1rio","hist_emp":"Custeio com servicos prestados de instalacao de 01 (um) poste de concreto com material e mao de obra por conta do prestador. Servico necessario para reorganizacao da energia eletrica do CIDATEC, anexo social e educacional desta Casa de Leis. Dispensa de licitacao em razao do valor, artigo 75, inciso 2\u00ba da Lei 14.133\/21.","fornecedor":"SIQUEIRA & VASCONCELOS LTDA","denom_uni_orc":"CORPO DELIBERATIVO E SECRETARIA","funcao":"Legislativa","sub_funcao":"A\u00e7\u00e3o Legislativa","programa":"A\u00c7\u00c3O LEGISLATIVA","acao":"INDENIZA\u00c7\u00d5ES E RESTITUI\u00c7\u00d5ES DIVERSAS (FMS)","ident_acao":"Atividade","cat_econ":"Despesa Corrente","natureza_despesa":"Outras Despesas Correntes","modalidade_despesa":"Aplica\u00e7\u00f5es Diretas","elemento_despesa":"Outros Servi\u00e7os de Terceiros - Pessoa Jur\u00eddica","sub_elem_desp":"SEM SUBELEMENTO","fonte_recurso":"Recursos do Exerc\u00edcio Corrente \/ Outros Recursos n\u00e3o Vinculados \/ -"},{"ano_emissao_emp":"2023","n_emp":"0000428","data_emissao":"16\/11\/2023","valor":"1.137,00","tipo_empenho":"Ordin\u00e1rio","hist_emp":"Custeio com a aquisicao de material de limpeza relacionado abaixo, destinado a esta Casa Legislativa e seu anexo (CIDATEC). Dispensa de licitacao em razao do valor,artigo 75, inciso 2\u00ba da Lei 14.133\/21.","fornecedor":"IVONALDO SEVERINO DA SILVA","denom_uni_orc":"CORPO DELIBERATIVO E SECRETARIA","funcao":"Legislativa","sub_funcao":"A\u00e7\u00e3o Legislativa","programa":"A\u00c7\u00c3O LEGISLATIVA","acao":"AQUISI\u00c7\u00c3O DE M\u00d3VEIS, M\u00c1QUINAS E EQUIPAMENTOS DIVERSOS PARA O CONSELHO","ident_acao":"Atividade","cat_econ":"Despesa Corrente","natureza_despesa":"Outras Despesas Correntes","modalidade_despesa":"Aplica\u00e7\u00f5es Diretas","elemento_despesa":"Material de Consumo","sub_elem_desp":"SEM SUBELEMENTO","fonte_recurso":"Recursos do Exerc\u00edcio Corrente \/ Outros Recursos n\u00e3o Vinculados \/ -"},{"ano_emissao_emp":"2023","n_emp":"0000428","data_emissao":"16\/11\/2023","valor":"1.137,00","tipo_empenho":"Ordin\u00e1rio","hist_emp":"Custeio com a aquisicao de material de limpeza relacionado abaixo, destinado a esta Casa Legislativa e seu anexo (CIDATEC). Dispensa de licitacao em razao do valor,artigo 75, inciso 2\u00ba da Lei 14.133\/21.","fornecedor":"IVONALDO SEVERINO DA SILVA","denom_uni_orc":"CORPO DELIBERATIVO E SECRETARIA","funcao":"Legislativa","sub_funcao":"A\u00e7\u00e3o Legislativa","programa":"A\u00c7\u00c3O LEGISLATIVA","acao":"MANUTEN\u00c7\u00c3O DAS ATIVIDADES ADMINISTRATIVAS","ident_acao":"Atividade","cat_econ":"Despesa Corrente","natureza_despesa":"Outras Despesas Correntes","modalidade_despesa":"Aplica\u00e7\u00f5es Diretas","elemento_despesa":"Material de Consumo","sub_elem_desp":"SEM SUBELEMENTO","fonte_recurso":"Recursos do Exerc\u00edcio Corrente \/ Outros Recursos n\u00e3o Vinculados \/ -"},{"ano_emissao_emp":"2023","n_emp":"0000428","data_emissao":"16\/11\/2023","valor":"1.137,00","tipo_empenho":"Ordin\u00e1rio","hist_emp":"Custeio com a aquisicao de material de limpeza relacionado abaixo, destinado a esta Casa Legislativa e seu anexo (CIDATEC). Dispensa de licitacao em razao do valor,artigo 75, inciso 2\u00ba da Lei 14.133\/21.","fornecedor":"IVONALDO SEVERINO DA SILVA","denom_uni_orc":"CORPO DELIBERATIVO E SECRETARIA","funcao":"Legislativa","sub_funcao":"A\u00e7\u00e3o Legislativa","programa":"A\u00c7\u00c3O LEGISLATIVA","acao":"INDENIZA\u00c7\u00d5ES E RESTITUI\u00c7\u00d5ES DIVERSAS (FMS)","ident_acao":"Atividade","cat_econ":"Despesa Corrente","natureza_despesa":"Outras Despesas Correntes","modalidade_despesa":"Aplica\u00e7\u00f5es Diretas","elemento_despesa":"Material de Consumo","sub_elem_desp":"SEM SUBELEMENTO","fonte_recurso":"Recursos do Exerc\u00edcio Corrente \/ Outros Recursos n\u00e3o Vinculados \/ -"},{"ano_emissao_emp":"2023","n_emp":"0000429","data_emissao":"17\/11\/2023","valor":"590,00","tipo_empenho":"Ordin\u00e1rio","hist_emp":"Custeio com Inscricao de 01 (um) intregrante da Camara de Vereadores de Santa Cruz do Capibaribe (Claudio Higino de Lima, Assessor Legislativo) para Encontro Nordestino de Gestores e Legislativos Municipais promovido pela UVB\/PE, entre os dias 22 e 25 de novembro de 2023. Dentre os quais, 08 (oito) sao vereadores e 4 (quatro) sao servidores desta casa.","fornecedor":"UNIAO DOS VEREADORES, EX-VEREADORES, PRESIDENTES DE CAMARAS E CAMARAS MUNICIPAIS","denom_uni_orc":"CORPO DELIBERATIVO E SECRETARIA","funcao":"Legislativa","sub_funcao":"A\u00e7\u00e3o Legislativa","programa":"A\u00c7\u00c3O LEGISLATIVA","acao":"AQUISI\u00c7\u00c3O DE M\u00d3VEIS, M\u00c1QUINAS E EQUIPAMENTOS DIVERSOS PARA O CONSELHO","ident_acao":"Atividade","cat_econ":"Despesa Corrente","natureza_despesa":"Outras Despesas Correntes","modalidade_despesa":"Aplica\u00e7\u00f5es Diretas","elemento_despesa":"Outros Servi\u00e7os de Terceiros - Pessoa Jur\u00eddica","sub_elem_desp":"SEM SUBELEMENTO","fonte_recurso":"Recursos do Exerc\u00edcio Corrente \/ Outros Recursos n\u00e3o Vinculados \/ -"},{"ano_emissao_emp":"2023","n_emp":"0000429","data_emissao":"17\/11\/2023","valor":"590,00","tipo_empenho":"Ordin\u00e1rio","hist_emp":"Custeio com Inscricao de 01 (um) intregrante da Camara de Vereadores de Santa Cruz do Capibaribe (Claudio Higino de Lima, Assessor Legislativo) para Encontro Nordestino de Gestores e Legislativos Municipais promovido pela UVB\/PE, entre os dias 22 e 25 de novembro de 2023. Dentre os quais, 08 (oito) sao vereadores e 4 (quatro) sao servidores desta casa.","fornecedor":"UNIAO DOS VEREADORES, EX-VEREADORES, PRESIDENTES DE CAMARAS E CAMARAS MUNICIPAIS","denom_uni_orc":"CORPO DELIBERATIVO E SECRETARIA","funcao":"Legislativa","sub_funcao":"A\u00e7\u00e3o Legislativa","programa":"A\u00c7\u00c3O LEGISLATIVA","acao":"MANUTEN\u00c7\u00c3O DAS ATIVIDADES ADMINISTRATIVAS","ident_acao":"Atividade","cat_econ":"Despesa Corrente","natureza_despesa":"Outras Despesas Correntes","modalidade_despesa":"Aplica\u00e7\u00f5es Diretas","elemento_despesa":"Outros Servi\u00e7os de Terceiros - Pessoa Jur\u00eddica","sub_elem_desp":"SEM SUBELEMENTO","fonte_recurso":"Recursos do Exerc\u00edcio Corrente \/ Outros Recursos n\u00e3o Vinculados \/ -"},{"ano_emissao_emp":"2023","n_emp":"0000429","data_emissao":"17\/11\/2023","valor":"590,00","tipo_empenho":"Ordin\u00e1rio","hist_emp":"Custeio com Inscricao de 01 (um) intregrante da Camara de Vereadores de Santa Cruz do Capibaribe (Claudio Higino de Lima, Assessor Legislativo) para Encontro Nordestino de Gestores e Legislativos Municipais promovido pela UVB\/PE, entre os dias 22 e 25 de novembro de 2023. Dentre os quais, 08 (oito) sao vereadores e 4 (quatro) sao servidores desta casa.","fornecedor":"UNIAO DOS VEREADORES, EX-VEREADORES, PRESIDENTES DE CAMARAS E CAMARAS MUNICIPAIS","denom_uni_orc":"CORPO DELIBERATIVO E SECRETARIA","funcao":"Legislativa","sub_funcao":"A\u00e7\u00e3o Legislativa","programa":"A\u00c7\u00c3O LEGISLATIVA","acao":"INDENIZA\u00c7\u00d5ES E RESTITUI\u00c7\u00d5ES DIVERSAS (FMS)","ident_acao":"Atividade","cat_econ":"Despesa Corrente","natureza_despesa":"Outras Despesas Correntes","modalidade_despesa":"Aplica\u00e7\u00f5es Diretas","elemento_despesa":"Outros Servi\u00e7os de Terceiros - Pessoa Jur\u00eddica","sub_elem_desp":"SEM SUBELEMENTO","fonte_recurso":"Recursos do Exerc\u00edcio Corrente \/ Outros Recursos n\u00e3o Vinculados \/ -"},{"ano_emissao_emp":"2023","n_emp":"0000430","data_emissao":"17\/11\/2023","valor":"1.020,00","tipo_empenho":"Ordin\u00e1rio","hist_emp":"Custeio com 03 (tres) diarias com pernoite para o Sr. Higor Batista Nascimento, assessor juridico, para participar do Encontro Nordestino de Gestores e Legislativos Municipais em Recife - PE, nos dias 22 a 25 de novembro de 2023, conforme requisicao de diaria 88 em anexo.","fornecedor":"HIGOR BATISTA NASCIMENTO","denom_uni_orc":"CORPO DELIBERATIVO E SECRETARIA","funcao":"Legislativa","sub_funcao":"A\u00e7\u00e3o Legislativa","programa":"A\u00c7\u00c3O LEGISLATIVA","acao":"AQUISI\u00c7\u00c3O DE M\u00d3VEIS, M\u00c1QUINAS E EQUIPAMENTOS DIVERSOS PARA O CONSELHO","ident_acao":"Atividade","cat_econ":"Despesa Corrente","natureza_despesa":"Outras Despesas Correntes","modalidade_despesa":"Aplica\u00e7\u00f5es Diretas","elemento_despesa":"Di\u00e1rias \u2013 Civil","sub_elem_desp":"SEM SUBELEMENTO","fonte_recurso":"Recursos do Exerc\u00edcio Corrente \/ Outros Recursos n\u00e3o Vinculados \/ -"},{"ano_emissao_emp":"2023","n_emp":"0000430","data_emissao":"17\/11\/2023","valor":"1.020,00","tipo_empenho":"Ordin\u00e1rio","hist_emp":"Custeio com 03 (tres) diarias com pernoite para o Sr. Higor Batista Nascimento, assessor juridico, para participar do Encontro Nordestino de Gestores e Legislativos Municipais em Recife - PE, nos dias 22 a 25 de novembro de 2023, conforme requisicao de diaria 88 em anexo.","fornecedor":"HIGOR BATISTA NASCIMENTO","denom_uni_orc":"CORPO DELIBERATIVO E SECRETARIA","funcao":"Legislativa","sub_funcao":"A\u00e7\u00e3o Legislativa","programa":"A\u00c7\u00c3O LEGISLATIVA","acao":"MANUTEN\u00c7\u00c3O DAS ATIVIDADES ADMINISTRATIVAS","ident_acao":"Atividade","cat_econ":"Despesa Corrente","natureza_despesa":"Outras Despesas Correntes","modalidade_despesa":"Aplica\u00e7\u00f5es Diretas","elemento_despesa":"Di\u00e1rias \u2013 Civil","sub_elem_desp":"SEM SUBELEMENTO","fonte_recurso":"Recursos do Exerc\u00edcio Corrente \/ Outros Recursos n\u00e3o Vinculados \/ -"},{"ano_emissao_emp":"2023","n_emp":"0000430","data_emissao":"17\/11\/2023","valor":"1.020,00","tipo_empenho":"Ordin\u00e1rio","hist_emp":"Custeio com 03 (tres) diarias com pernoite para o Sr. Higor Batista Nascimento, assessor juridico, para participar do Encontro Nordestino de Gestores e Legislativos Municipais em Recife - PE, nos dias 22 a 25 de novembro de 2023, conforme requisicao de diaria 88 em anexo.","fornecedor":"HIGOR BATISTA NASCIMENTO","denom_uni_orc":"CORPO DELIBERATIVO E SECRETARIA","funcao":"Legislativa","sub_funcao":"A\u00e7\u00e3o Legislativa","programa":"A\u00c7\u00c3O LEGISLATIVA","acao":"INDENIZA\u00c7\u00d5ES E RESTITUI\u00c7\u00d5ES DIVERSAS (FMS)","ident_acao":"Atividade","cat_econ":"Despesa Corrente","natureza_despesa":"Outras Despesas Correntes","modalidade_despesa":"Aplica\u00e7\u00f5es Diretas","elemento_despesa":"Di\u00e1rias \u2013 Civil","sub_elem_desp":"SEM SUBELEMENTO","fonte_recurso":"Recursos do Exerc\u00edcio Corrente \/ Outros Recursos n\u00e3o Vinculados \/ -"},{"ano_emissao_emp":"2023","n_emp":"0000431","data_emissao":"17\/11\/2023","valor":"1.020,00","tipo_empenho":"Ordin\u00e1rio","hist_emp":"Custeio com 03 (tres) diarias com pernoite para o Sr. Claudio Higino de Lima, assessor legistativo, para participar do Encontro Nordestino de Gestores e Legislativos Municipais em Recife - PE, nos dias 22 a 25 de novembro de 2023, conforme requisicao de diaria 100 em anexo.","fornecedor":"CLAUDIO HIGINO DE LIMA","denom_uni_orc":"CORPO DELIBERATIVO E SECRETARIA","funcao":"Legislativa","sub_funcao":"A\u00e7\u00e3o Legislativa","programa":"A\u00c7\u00c3O LEGISLATIVA","acao":"AQUISI\u00c7\u00c3O DE M\u00d3VEIS, M\u00c1QUINAS E EQUIPAMENTOS DIVERSOS PARA O CONSELHO","ident_acao":"Atividade","cat_econ":"Despesa Corrente","natureza_despesa":"Outras Despesas Correntes","modalidade_despesa":"Aplica\u00e7\u00f5es Diretas","elemento_despesa":"Di\u00e1rias \u2013 Civil","sub_elem_desp":"SEM SUBELEMENTO","fonte_recurso":"Recursos do Exerc\u00edcio Corrente \/ Outros Recursos n\u00e3o Vinculados \/ -"},{"ano_emissao_emp":"2023","n_emp":"0000431","data_emissao":"17\/11\/2023","valor":"1.020,00","tipo_empenho":"Ordin\u00e1rio","hist_emp":"Custeio com 03 (tres) diarias com pernoite para o Sr. Claudio Higino de Lima, assessor legistativo, para participar do Encontro Nordestino de Gestores e Legislativos Municipais em Recife - PE, nos dias 22 a 25 de novembro de 2023, conforme requisicao de diaria 100 em anexo.","fornecedor":"CLAUDIO HIGINO DE LIMA","denom_uni_orc":"CORPO DELIBERATIVO E SECRETARIA","funcao":"Legislativa","sub_funcao":"A\u00e7\u00e3o Legislativa","programa":"A\u00c7\u00c3O LEGISLATIVA","acao":"MANUTEN\u00c7\u00c3O DAS ATIVIDADES ADMINISTRATIVAS","ident_acao":"Atividade","cat_econ":"Despesa Corrente","natureza_despesa":"Outras Despesas Correntes","modalidade_despesa":"Aplica\u00e7\u00f5es Diretas","elemento_despesa":"Di\u00e1rias \u2013 Civil","sub_elem_desp":"SEM SUBELEMENTO","fonte_recurso":"Recursos do Exerc\u00edcio Corrente \/ Outros Recursos n\u00e3o Vinculados \/ -"},{"ano_emissao_emp":"2023","n_emp":"0000431","data_emissao":"17\/11\/2023","valor":"1.020,00","tipo_empenho":"Ordin\u00e1rio","hist_emp":"Custeio com 03 (tres) diarias com pernoite para o Sr. Claudio Higino de Lima, assessor legistativo, para participar do Encontro Nordestino de Gestores e Legislativos Municipais em Recife - PE, nos dias 22 a 25 de novembro de 2023, conforme requisicao de diaria 100 em anexo.","fornecedor":"CLAUDIO HIGINO DE LIMA","denom_uni_orc":"CORPO DELIBERATIVO E SECRETARIA","funcao":"Legislativa","sub_funcao":"A\u00e7\u00e3o Legislativa","programa":"A\u00c7\u00c3O LEGISLATIVA","acao":"INDENIZA\u00c7\u00d5ES E RESTITUI\u00c7\u00d5ES DIVERSAS (FMS)","ident_acao":"Atividade","cat_econ":"Despesa Corrente","natureza_despesa":"Outras Despesas Correntes","modalidade_despesa":"Aplica\u00e7\u00f5es Diretas","elemento_despesa":"Di\u00e1rias \u2013 Civil","sub_elem_desp":"SEM SUBELEMENTO","fonte_recurso":"Recursos do Exerc\u00edcio Corrente \/ Outros Recursos n\u00e3o Vinculados \/ -"},{"ano_emissao_emp":"2023","n_emp":"0000432","data_emissao":"20\/11\/2023","valor":"816,91","tipo_empenho":"Ordin\u00e1rio","hist_emp":"Aquisicao de produtos de consumo relacionados abaixo para o funcionamento da copa e cozinha desta Casa Legislativa, conforme solicitacao no oficio 58\/2023 da Secretaria. Dispensa de licitacao em razao do valor, 75, inciso 2\u00ba da Lei 14.133\/21.","fornecedor":"LOPES & FONSECA CIA LTDA","denom_uni_orc":"CORPO DELIBERATIVO E SECRETARIA","funcao":"Legislativa","sub_funcao":"A\u00e7\u00e3o Legislativa","programa":"A\u00c7\u00c3O LEGISLATIVA","acao":"AQUISI\u00c7\u00c3O DE M\u00d3VEIS, M\u00c1QUINAS E EQUIPAMENTOS DIVERSOS PARA O CONSELHO","ident_acao":"Atividade","cat_econ":"Despesa Corrente","natureza_despesa":"Outras Despesas Correntes","modalidade_despesa":"Aplica\u00e7\u00f5es Diretas","elemento_despesa":"Material de Consumo","sub_elem_desp":"MATERIAL DE COPA E COZINHA","fonte_recurso":"Recursos do Exerc\u00edcio Corrente \/ Outros Recursos n\u00e3o Vinculados \/ -"},{"ano_emissao_emp":"2023","n_emp":"0000432","data_emissao":"20\/11\/2023","valor":"816,91","tipo_empenho":"Ordin\u00e1rio","hist_emp":"Aquisicao de produtos de consumo relacionados abaixo para o funcionamento da copa e cozinha desta Casa Legislativa, conforme solicitacao no oficio 58\/2023 da Secretaria. Dispensa de licitacao em razao do valor, 75, inciso 2\u00ba da Lei 14.133\/21.","fornecedor":"LOPES & FONSECA CIA LTDA","denom_uni_orc":"CORPO DELIBERATIVO E SECRETARIA","funcao":"Legislativa","sub_funcao":"A\u00e7\u00e3o Legislativa","programa":"A\u00c7\u00c3O LEGISLATIVA","acao":"MANUTEN\u00c7\u00c3O DAS ATIVIDADES ADMINISTRATIVAS","ident_acao":"Atividade","cat_econ":"Despesa Corrente","natureza_despesa":"Outras Despesas Correntes","modalidade_despesa":"Aplica\u00e7\u00f5es Diretas","elemento_despesa":"Material de Consumo","sub_elem_desp":"MATERIAL DE COPA E COZINHA","fonte_recurso":"Recursos do Exerc\u00edcio Corrente \/ Outros Recursos n\u00e3o Vinculados \/ -"},{"ano_emissao_emp":"2023","n_emp":"0000432","data_emissao":"20\/11\/2023","valor":"816,91","tipo_empenho":"Ordin\u00e1rio","hist_emp":"Aquisicao de produtos de consumo relacionados abaixo para o funcionamento da copa e cozinha desta Casa Legislativa, conforme solicitacao no oficio 58\/2023 da Secretaria. Dispensa de licitacao em razao do valor, 75, inciso 2\u00ba da Lei 14.133\/21.","fornecedor":"LOPES & FONSECA CIA LTDA","denom_uni_orc":"CORPO DELIBERATIVO E SECRETARIA","funcao":"Legislativa","sub_funcao":"A\u00e7\u00e3o Legislativa","programa":"A\u00c7\u00c3O LEGISLATIVA","acao":"INDENIZA\u00c7\u00d5ES E RESTITUI\u00c7\u00d5ES DIVERSAS (FMS)","ident_acao":"Atividade","cat_econ":"Despesa Corrente","natureza_despesa":"Outras Despesas Correntes","modalidade_despesa":"Aplica\u00e7\u00f5es Diretas","elemento_despesa":"Material de Consumo","sub_elem_desp":"MATERIAL DE COPA E COZINHA","fonte_recurso":"Recursos do Exerc\u00edcio Corrente \/ Outros Recursos n\u00e3o Vinculados \/ -"},{"ano_emissao_emp":"2023","n_emp":"0000433","data_emissao":"20\/11\/2023","valor":"700,00","tipo_empenho":"Ordin\u00e1rio","hist_emp":"Custeio com pagamento do DARF do INSS dos servicos prestados a esta Camara Municipal por pessoa fisica, referente ao mes de outubro de 2023.","fornecedor":"FOLHA DE PAGAMENTO","denom_uni_orc":"CORPO DELIBERATIVO E SECRETARIA","funcao":"Legislativa","sub_funcao":"A\u00e7\u00e3o Legislativa","programa":"PREVID\u00caNCIA SOCIAL A SEGURADOS","acao":"CONTRIBUI\u00c7\u00c3O PREVIDENCI\u00c1RIA E FGTS","ident_acao":"Atividade","cat_econ":"Despesa Corrente","natureza_despesa":"Pessoal e Encargos Sociais","modalidade_despesa":"Aplica\u00e7\u00f5es Diretas","elemento_despesa":"Obriga\u00e7\u00f5es Patronais","sub_elem_desp":"SEM SUBELEMENTO","fonte_recurso":"Recursos do Exerc\u00edcio Corrente \/ Outros Recursos n\u00e3o Vinculados \/ -"},{"ano_emissao_emp":"2023","n_emp":"0000433","data_emissao":"20\/11\/2023","valor":"700,00","tipo_empenho":"Ordin\u00e1rio","hist_emp":"Custeio com pagamento do DARF do INSS dos servicos prestados a esta Camara Municipal por pessoa fisica, referente ao mes de outubro de 2023.","fornecedor":"FOLHA DE PAGAMENTO","denom_uni_orc":"CORPO DELIBERATIVO E SECRETARIA","funcao":"Legislativa","sub_funcao":"A\u00e7\u00e3o Legislativa","programa":"PREVID\u00caNCIA SOCIAL A SEGURADOS","acao":"RESERVA DE CONTING\u00caNCIA ( PAGAMENTO E COBERTURA DE PASSIVOS CONTINGENT","ident_acao":"Atividade","cat_econ":"Despesa Corrente","natureza_despesa":"Pessoal e Encargos Sociais","modalidade_despesa":"Aplica\u00e7\u00f5es Diretas","elemento_despesa":"Obriga\u00e7\u00f5es Patronais","sub_elem_desp":"SEM SUBELEMENTO","fonte_recurso":"Recursos do Exerc\u00edcio Corrente \/ Outros Recursos n\u00e3o Vinculados \/ -"},{"ano_emissao_emp":"2023","n_emp":"0000434","data_emissao":"20\/11\/2023","valor":"860,00","tipo_empenho":"Ordin\u00e1rio","hist_emp":"Custeio com aquisicao de 02 (duas) placas em aco inoxidavel, com moldura em madeira forrada em preto, em formato retangular, com as seguintes dimensoes - moldura 52,3 cm (largura) x 42,1 cm (altura) e placas 39,00 cm (largura) x 29,00 cm (altura), conforme modelo elaborado pelo setor de comunicacao. Destinado ao Titulo de Cidadao. Dispensa de licitacao em razao do valor, artigo 75, inciso 2\u00ba da Lei 14.133\/21.","fornecedor":"GERLANE FERREIRA PIMENTEL 06525788455","denom_uni_orc":"CORPO DELIBERATIVO E SECRETARIA","funcao":"Legislativa","sub_funcao":"A\u00e7\u00e3o Legislativa","programa":"A\u00c7\u00c3O LEGISLATIVA","acao":"AQUISI\u00c7\u00c3O DE M\u00d3VEIS, M\u00c1QUINAS E EQUIPAMENTOS DIVERSOS PARA O CONSELHO","ident_acao":"Atividade","cat_econ":"Despesa Corrente","natureza_despesa":"Outras Despesas Correntes","modalidade_despesa":"Aplica\u00e7\u00f5es Diretas","elemento_despesa":"Material de Consumo","sub_elem_desp":"SEM SUBELEMENTO","fonte_recurso":"Recursos do Exerc\u00edcio Corrente \/ Outros Recursos n\u00e3o Vinculados \/ -"},{"ano_emissao_emp":"2023","n_emp":"0000434","data_emissao":"20\/11\/2023","valor":"860,00","tipo_empenho":"Ordin\u00e1rio","hist_emp":"Custeio com aquisicao de 02 (duas) placas em aco inoxidavel, com moldura em madeira forrada em preto, em formato retangular, com as seguintes dimensoes - moldura 52,3 cm (largura) x 42,1 cm (altura) e placas 39,00 cm (largura) x 29,00 cm (altura), conforme modelo elaborado pelo setor de comunicacao. Destinado ao Titulo de Cidadao. Dispensa de licitacao em razao do valor, artigo 75, inciso 2\u00ba da Lei 14.133\/21.","fornecedor":"GERLANE FERREIRA PIMENTEL 06525788455","denom_uni_orc":"CORPO DELIBERATIVO E SECRETARIA","funcao":"Legislativa","sub_funcao":"A\u00e7\u00e3o Legislativa","programa":"A\u00c7\u00c3O LEGISLATIVA","acao":"MANUTEN\u00c7\u00c3O DAS ATIVIDADES ADMINISTRATIVAS","ident_acao":"Atividade","cat_econ":"Despesa Corrente","natureza_despesa":"Outras Despesas Correntes","modalidade_despesa":"Aplica\u00e7\u00f5es Diretas","elemento_despesa":"Material de Consumo","sub_elem_desp":"SEM SUBELEMENTO","fonte_recurso":"Recursos do Exerc\u00edcio Corrente \/ Outros Recursos n\u00e3o Vinculados \/ -"},{"ano_emissao_emp":"2023","n_emp":"0000434","data_emissao":"20\/11\/2023","valor":"860,00","tipo_empenho":"Ordin\u00e1rio","hist_emp":"Custeio com aquisicao de 02 (duas) placas em aco inoxidavel, com moldura em madeira forrada em preto, em formato retangular, com as seguintes dimensoes - moldura 52,3 cm (largura) x 42,1 cm (altura) e placas 39,00 cm (largura) x 29,00 cm (altura), conforme modelo elaborado pelo setor de comunicacao. Destinado ao Titulo de Cidadao. Dispensa de licitacao em razao do valor, artigo 75, inciso 2\u00ba da Lei 14.133\/21.","fornecedor":"GERLANE FERREIRA PIMENTEL 06525788455","denom_uni_orc":"CORPO DELIBERATIVO E SECRETARIA","funcao":"Legislativa","sub_funcao":"A\u00e7\u00e3o Legislativa","programa":"A\u00c7\u00c3O LEGISLATIVA","acao":"INDENIZA\u00c7\u00d5ES E RESTITUI\u00c7\u00d5ES DIVERSAS (FMS)","ident_acao":"Atividade","cat_econ":"Despesa Corrente","natureza_despesa":"Outras Despesas Correntes","modalidade_despesa":"Aplica\u00e7\u00f5es Diretas","elemento_despesa":"Material de Consumo","sub_elem_desp":"SEM SUBELEMENTO","fonte_recurso":"Recursos do Exerc\u00edcio Corrente \/ Outros Recursos n\u00e3o Vinculados \/ -"},{"ano_emissao_emp":"2023","n_emp":"0000435","data_emissao":"20\/11\/2023","valor":"141,10","tipo_empenho":"Ordin\u00e1rio","hist_emp":"Custeio com aquisicao de materiais de consumo relacionados abaixo. Destinado a reestruturacao para a nova sala de tesouraria. Dispensa de licitacao em razao do valor, conforme o artigo 75, inciso 2\u00ba da Lei 14.133\/21.","fornecedor":"JCL LAJES E MATERIAIS PARA CONSTRU\u00c7\u00c3O LTDA","denom_uni_orc":"CORPO DELIBERATIVO E SECRETARIA","funcao":"Legislativa","sub_funcao":"A\u00e7\u00e3o Legislativa","programa":"A\u00c7\u00c3O LEGISLATIVA","acao":"AQUISI\u00c7\u00c3O DE M\u00d3VEIS, M\u00c1QUINAS E EQUIPAMENTOS DIVERSOS PARA O CONSELHO","ident_acao":"Atividade","cat_econ":"Despesa Corrente","natureza_despesa":"Outras Despesas Correntes","modalidade_despesa":"Aplica\u00e7\u00f5es Diretas","elemento_despesa":"Material de Consumo","sub_elem_desp":"SEM SUBELEMENTO","fonte_recurso":"Recursos do Exerc\u00edcio Corrente \/ Outros Recursos n\u00e3o Vinculados \/ -"},{"ano_emissao_emp":"2023","n_emp":"0000435","data_emissao":"20\/11\/2023","valor":"141,10","tipo_empenho":"Ordin\u00e1rio","hist_emp":"Custeio com aquisicao de materiais de consumo relacionados abaixo. Destinado a reestruturacao para a nova sala de tesouraria. Dispensa de licitacao em razao do valor, conforme o artigo 75, inciso 2\u00ba da Lei 14.133\/21.","fornecedor":"JCL LAJES E MATERIAIS PARA CONSTRU\u00c7\u00c3O LTDA","denom_uni_orc":"CORPO DELIBERATIVO E SECRETARIA","funcao":"Legislativa","sub_funcao":"A\u00e7\u00e3o Legislativa","programa":"A\u00c7\u00c3O LEGISLATIVA","acao":"MANUTEN\u00c7\u00c3O DAS ATIVIDADES ADMINISTRATIVAS","ident_acao":"Atividade","cat_econ":"Despesa Corrente","natureza_despesa":"Outras Despesas Correntes","modalidade_despesa":"Aplica\u00e7\u00f5es Diretas","elemento_despesa":"Material de Consumo","sub_elem_desp":"SEM SUBELEMENTO","fonte_recurso":"Recursos do Exerc\u00edcio Corrente \/ Outros Recursos n\u00e3o Vinculados \/ -"},{"ano_emissao_emp":"2023","n_emp":"0000435","data_emissao":"20\/11\/2023","valor":"141,10","tipo_empenho":"Ordin\u00e1rio","hist_emp":"Custeio com aquisicao de materiais de consumo relacionados abaixo. Destinado a reestruturacao para a nova sala de tesouraria. Dispensa de licitacao em razao do valor, conforme o artigo 75, inciso 2\u00ba da Lei 14.133\/21.","fornecedor":"JCL LAJES E MATERIAIS PARA CONSTRU\u00c7\u00c3O LTDA","denom_uni_orc":"CORPO DELIBERATIVO E SECRETARIA","funcao":"Legislativa","sub_funcao":"A\u00e7\u00e3o Legislativa","programa":"A\u00c7\u00c3O LEGISLATIVA","acao":"INDENIZA\u00c7\u00d5ES E RESTITUI\u00c7\u00d5ES DIVERSAS (FMS)","ident_acao":"Atividade","cat_econ":"Despesa Corrente","natureza_despesa":"Outras Despesas Correntes","modalidade_despesa":"Aplica\u00e7\u00f5es Diretas","elemento_despesa":"Material de Consumo","sub_elem_desp":"SEM SUBELEMENTO","fonte_recurso":"Recursos do Exerc\u00edcio Corrente \/ Outros Recursos n\u00e3o Vinculados \/ -"},{"ano_emissao_emp":"2023","n_emp":"0000436","data_emissao":"20\/11\/2023","valor":"189,60","tipo_empenho":"Ordin\u00e1rio","hist_emp":"Custeio com aquisicao de materiais de consumo relacionados abaixo. Destinado a reestruturacao eletrica para a nova sala de tesouraria. Dispensa de licitacao em razao do valor, conforme o artigo 75, inciso 2\u00ba da Lei 14.133\/21.","fornecedor":"JCL LAJES E MATERIAIS PARA CONSTRU\u00c7\u00c3O LTDA","denom_uni_orc":"CORPO DELIBERATIVO E SECRETARIA","funcao":"Legislativa","sub_funcao":"A\u00e7\u00e3o Legislativa","programa":"A\u00c7\u00c3O LEGISLATIVA","acao":"AQUISI\u00c7\u00c3O DE M\u00d3VEIS, M\u00c1QUINAS E EQUIPAMENTOS DIVERSOS PARA O CONSELHO","ident_acao":"Atividade","cat_econ":"Despesa Corrente","natureza_despesa":"Outras Despesas Correntes","modalidade_despesa":"Aplica\u00e7\u00f5es Diretas","elemento_despesa":"Material de Consumo","sub_elem_desp":"SEM SUBELEMENTO","fonte_recurso":"Recursos do Exerc\u00edcio Corrente \/ Outros Recursos n\u00e3o Vinculados \/ -"},{"ano_emissao_emp":"2023","n_emp":"0000436","data_emissao":"20\/11\/2023","valor":"189,60","tipo_empenho":"Ordin\u00e1rio","hist_emp":"Custeio com aquisicao de materiais de consumo relacionados abaixo. Destinado a reestruturacao eletrica para a nova sala de tesouraria. Dispensa de licitacao em razao do valor, conforme o artigo 75, inciso 2\u00ba da Lei 14.133\/21.","fornecedor":"JCL LAJES E MATERIAIS PARA CONSTRU\u00c7\u00c3O LTDA","denom_uni_orc":"CORPO DELIBERATIVO E SECRETARIA","funcao":"Legislativa","sub_funcao":"A\u00e7\u00e3o Legislativa","programa":"A\u00c7\u00c3O LEGISLATIVA","acao":"MANUTEN\u00c7\u00c3O DAS ATIVIDADES ADMINISTRATIVAS","ident_acao":"Atividade","cat_econ":"Despesa Corrente","natureza_despesa":"Outras Despesas Correntes","modalidade_despesa":"Aplica\u00e7\u00f5es Diretas","elemento_despesa":"Material de Consumo","sub_elem_desp":"SEM SUBELEMENTO","fonte_recurso":"Recursos do Exerc\u00edcio Corrente \/ Outros Recursos n\u00e3o Vinculados \/ -"},{"ano_emissao_emp":"2023","n_emp":"0000436","data_emissao":"20\/11\/2023","valor":"189,60","tipo_empenho":"Ordin\u00e1rio","hist_emp":"Custeio com aquisicao de materiais de consumo relacionados abaixo. Destinado a reestruturacao eletrica para a nova sala de tesouraria. Dispensa de licitacao em razao do valor, conforme o artigo 75, inciso 2\u00ba da Lei 14.133\/21.","fornecedor":"JCL LAJES E MATERIAIS PARA CONSTRU\u00c7\u00c3O LTDA","denom_uni_orc":"CORPO DELIBERATIVO E SECRETARIA","funcao":"Legislativa","sub_funcao":"A\u00e7\u00e3o Legislativa","programa":"A\u00c7\u00c3O LEGISLATIVA","acao":"INDENIZA\u00c7\u00d5ES E RESTITUI\u00c7\u00d5ES DIVERSAS (FMS)","ident_acao":"Atividade","cat_econ":"Despesa Corrente","natureza_despesa":"Outras Despesas Correntes","modalidade_despesa":"Aplica\u00e7\u00f5es Diretas","elemento_despesa":"Material de Consumo","sub_elem_desp":"SEM SUBELEMENTO","fonte_recurso":"Recursos do Exerc\u00edcio Corrente \/ Outros Recursos n\u00e3o Vinculados \/ -"},{"ano_emissao_emp":"2023","n_emp":"0000437","data_emissao":"20\/11\/2023","valor":"200,00","tipo_empenho":"Ordin\u00e1rio","hist_emp":"Custeio de servicos prestados de bombeiro civil no evento 1\u00aa Mostra de Robotica do Cidatec, que acontecera no dia 06\/12\/2023, contara com a participacao de cerca de 200 (duzentas) criancas, no Parque Florestal (espaco de lazer) deste municipio. Dispensa de licitacao em razao do valor, conforme o artigo 75, inciso 2\u00ba da Lei 14.133\/21.","fornecedor":"YTAMA BEZERRA DA SILVA","denom_uni_orc":"CORPO DELIBERATIVO E SECRETARIA","funcao":"Legislativa","sub_funcao":"A\u00e7\u00e3o Legislativa","programa":"A\u00c7\u00c3O LEGISLATIVA","acao":"AQUISI\u00c7\u00c3O DE M\u00d3VEIS, M\u00c1QUINAS E EQUIPAMENTOS DIVERSOS PARA O CONSELHO","ident_acao":"Atividade","cat_econ":"Despesa Corrente","natureza_despesa":"Outras Despesas Correntes","modalidade_despesa":"Aplica\u00e7\u00f5es Diretas","elemento_despesa":"Outros Servi\u00e7os de Terceiros - Pessoa F\u00edsica","sub_elem_desp":"SERVI\u00c7OS T\u00c9CNICOS PROFISSIONAIS","fonte_recurso":"Recursos do Exerc\u00edcio Corrente \/ Outros Recursos n\u00e3o Vinculados \/ -"},{"ano_emissao_emp":"2023","n_emp":"0000437","data_emissao":"20\/11\/2023","valor":"200,00","tipo_empenho":"Ordin\u00e1rio","hist_emp":"Custeio de servicos prestados de bombeiro civil no evento 1\u00aa Mostra de Robotica do Cidatec, que acontecera no dia 06\/12\/2023, contara com a participacao de cerca de 200 (duzentas) criancas, no Parque Florestal (espaco de lazer) deste municipio. Dispensa de licitacao em razao do valor, conforme o artigo 75, inciso 2\u00ba da Lei 14.133\/21.","fornecedor":"YTAMA BEZERRA DA SILVA","denom_uni_orc":"CORPO DELIBERATIVO E SECRETARIA","funcao":"Legislativa","sub_funcao":"A\u00e7\u00e3o Legislativa","programa":"A\u00c7\u00c3O LEGISLATIVA","acao":"MANUTEN\u00c7\u00c3O DAS ATIVIDADES ADMINISTRATIVAS","ident_acao":"Atividade","cat_econ":"Despesa Corrente","natureza_despesa":"Outras Despesas Correntes","modalidade_despesa":"Aplica\u00e7\u00f5es Diretas","elemento_despesa":"Outros Servi\u00e7os de Terceiros - Pessoa F\u00edsica","sub_elem_desp":"SERVI\u00c7OS T\u00c9CNICOS PROFISSIONAIS","fonte_recurso":"Recursos do Exerc\u00edcio Corrente \/ Outros Recursos n\u00e3o Vinculados \/ -"},{"ano_emissao_emp":"2023","n_emp":"0000437","data_emissao":"20\/11\/2023","valor":"200,00","tipo_empenho":"Ordin\u00e1rio","hist_emp":"Custeio de servicos prestados de bombeiro civil no evento 1\u00aa Mostra de Robotica do Cidatec, que acontecera no dia 06\/12\/2023, contara com a participacao de cerca de 200 (duzentas) criancas, no Parque Florestal (espaco de lazer) deste municipio. Dispensa de licitacao em razao do valor, conforme o artigo 75, inciso 2\u00ba da Lei 14.133\/21.","fornecedor":"YTAMA BEZERRA DA SILVA","denom_uni_orc":"CORPO DELIBERATIVO E SECRETARIA","funcao":"Legislativa","sub_funcao":"A\u00e7\u00e3o Legislativa","programa":"A\u00c7\u00c3O LEGISLATIVA","acao":"INDENIZA\u00c7\u00d5ES E RESTITUI\u00c7\u00d5ES DIVERSAS (FMS)","ident_acao":"Atividade","cat_econ":"Despesa Corrente","natureza_despesa":"Outras Despesas Correntes","modalidade_despesa":"Aplica\u00e7\u00f5es Diretas","elemento_despesa":"Outros Servi\u00e7os de Terceiros - Pessoa F\u00edsica","sub_elem_desp":"SERVI\u00c7OS T\u00c9CNICOS PROFISSIONAIS","fonte_recurso":"Recursos do Exerc\u00edcio Corrente \/ Outros Recursos n\u00e3o Vinculados \/ -"},{"ano_emissao_emp":"2023","n_emp":"0000438","data_emissao":"20\/11\/2023","valor":"200,00","tipo_empenho":"Ordin\u00e1rio","hist_emp":"Custeio de servicos prestados de bombeiro civil no evento 1\u00aa Mostra de Robotica do Cidatec, que acontecera no dia 06\/12\/2023, contara com a participacao de cerca de 200 (duzentas) criancas, no Parque Florestal (espaco de lazer) deste municipio. Dispensa de licitacao em razao do valor, conforme o artigo 75, inciso 2\u00ba da Lei 14.133\/21.","fornecedor":"EDJANILSON DA SILVA","denom_uni_orc":"CORPO DELIBERATIVO E SECRETARIA","funcao":"Legislativa","sub_funcao":"A\u00e7\u00e3o Legislativa","programa":"A\u00c7\u00c3O LEGISLATIVA","acao":"AQUISI\u00c7\u00c3O DE M\u00d3VEIS, M\u00c1QUINAS E EQUIPAMENTOS DIVERSOS PARA O CONSELHO","ident_acao":"Atividade","cat_econ":"Despesa Corrente","natureza_despesa":"Outras Despesas Correntes","modalidade_despesa":"Aplica\u00e7\u00f5es Diretas","elemento_despesa":"Outros Servi\u00e7os de Terceiros - Pessoa F\u00edsica","sub_elem_desp":"SERVI\u00c7OS T\u00c9CNICOS PROFISSIONAIS","fonte_recurso":"Recursos do Exerc\u00edcio Corrente \/ Outros Recursos n\u00e3o Vinculados \/ -"},{"ano_emissao_emp":"2023","n_emp":"0000438","data_emissao":"20\/11\/2023","valor":"200,00","tipo_empenho":"Ordin\u00e1rio","hist_emp":"Custeio de servicos prestados de bombeiro civil no evento 1\u00aa Mostra de Robotica do Cidatec, que acontecera no dia 06\/12\/2023, contara com a participacao de cerca de 200 (duzentas) criancas, no Parque Florestal (espaco de lazer) deste municipio. Dispensa de licitacao em razao do valor, conforme o artigo 75, inciso 2\u00ba da Lei 14.133\/21.","fornecedor":"EDJANILSON DA SILVA","denom_uni_orc":"CORPO DELIBERATIVO E SECRETARIA","funcao":"Legislativa","sub_funcao":"A\u00e7\u00e3o Legislativa","programa":"A\u00c7\u00c3O LEGISLATIVA","acao":"MANUTEN\u00c7\u00c3O DAS ATIVIDADES ADMINISTRATIVAS","ident_acao":"Atividade","cat_econ":"Despesa Corrente","natureza_despesa":"Outras Despesas Correntes","modalidade_despesa":"Aplica\u00e7\u00f5es Diretas","elemento_despesa":"Outros Servi\u00e7os de Terceiros - Pessoa F\u00edsica","sub_elem_desp":"SERVI\u00c7OS T\u00c9CNICOS PROFISSIONAIS","fonte_recurso":"Recursos do Exerc\u00edcio Corrente \/ Outros Recursos n\u00e3o Vinculados \/ -"},{"ano_emissao_emp":"2023","n_emp":"0000438","data_emissao":"20\/11\/2023","valor":"200,00","tipo_empenho":"Ordin\u00e1rio","hist_emp":"Custeio de servicos prestados de bombeiro civil no evento 1\u00aa Mostra de Robotica do Cidatec, que acontecera no dia 06\/12\/2023, contara com a participacao de cerca de 200 (duzentas) criancas, no Parque Florestal (espaco de lazer) deste municipio. Dispensa de licitacao em razao do valor, conforme o artigo 75, inciso 2\u00ba da Lei 14.133\/21.","fornecedor":"EDJANILSON DA SILVA","denom_uni_orc":"CORPO DELIBERATIVO E SECRETARIA","funcao":"Legislativa","sub_funcao":"A\u00e7\u00e3o Legislativa","programa":"A\u00c7\u00c3O LEGISLATIVA","acao":"INDENIZA\u00c7\u00d5ES E RESTITUI\u00c7\u00d5ES DIVERSAS (FMS)","ident_acao":"Atividade","cat_econ":"Despesa Corrente","natureza_despesa":"Outras Despesas Correntes","modalidade_despesa":"Aplica\u00e7\u00f5es Diretas","elemento_despesa":"Outros Servi\u00e7os de Terceiros - Pessoa F\u00edsica","sub_elem_desp":"SERVI\u00c7OS T\u00c9CNICOS PROFISSIONAIS","fonte_recurso":"Recursos do Exerc\u00edcio Corrente \/ Outros Recursos n\u00e3o Vinculados \/ -"},{"ano_emissao_emp":"2023","n_emp":"0000439","data_emissao":"20\/11\/2023","valor":"750,00","tipo_empenho":"Ordin\u00e1rio","hist_emp":"Custeio com a prestacao de servico de pintura da nova sala da tesouraria, servico necessario para adequar o ambiente de trabalho. Dispensa de licitacao em razao do valor, conforme o artigo 75, inciso 2\u00ba da Lei 14.133\/21.","fornecedor":"JONAS FELIPE FRAN\u00c7A ARA\u00daJO","denom_uni_orc":"CORPO DELIBERATIVO E SECRETARIA","funcao":"Legislativa","sub_funcao":"A\u00e7\u00e3o Legislativa","programa":"A\u00c7\u00c3O LEGISLATIVA","acao":"AQUISI\u00c7\u00c3O DE M\u00d3VEIS, M\u00c1QUINAS E EQUIPAMENTOS DIVERSOS PARA O CONSELHO","ident_acao":"Atividade","cat_econ":"Despesa Corrente","natureza_despesa":"Outras Despesas Correntes","modalidade_despesa":"Aplica\u00e7\u00f5es Diretas","elemento_despesa":"Outros Servi\u00e7os de Terceiros - Pessoa F\u00edsica","sub_elem_desp":"MANUTEN\u00c7\u00c3O E CONSERVA\u00c7\u00c3O DE BENS IM\u00d3VEIS","fonte_recurso":"Recursos do Exerc\u00edcio Corrente \/ Outros Recursos n\u00e3o Vinculados \/ -"},{"ano_emissao_emp":"2023","n_emp":"0000439","data_emissao":"20\/11\/2023","valor":"750,00","tipo_empenho":"Ordin\u00e1rio","hist_emp":"Custeio com a prestacao de servico de pintura da nova sala da tesouraria, servico necessario para adequar o ambiente de trabalho. Dispensa de licitacao em razao do valor, conforme o artigo 75, inciso 2\u00ba da Lei 14.133\/21.","fornecedor":"JONAS FELIPE FRAN\u00c7A ARA\u00daJO","denom_uni_orc":"CORPO DELIBERATIVO E SECRETARIA","funcao":"Legislativa","sub_funcao":"A\u00e7\u00e3o Legislativa","programa":"A\u00c7\u00c3O LEGISLATIVA","acao":"MANUTEN\u00c7\u00c3O DAS ATIVIDADES ADMINISTRATIVAS","ident_acao":"Atividade","cat_econ":"Despesa Corrente","natureza_despesa":"Outras Despesas Correntes","modalidade_despesa":"Aplica\u00e7\u00f5es Diretas","elemento_despesa":"Outros Servi\u00e7os de Terceiros - Pessoa F\u00edsica","sub_elem_desp":"MANUTEN\u00c7\u00c3O E CONSERVA\u00c7\u00c3O DE BENS IM\u00d3VEIS","fonte_recurso":"Recursos do Exerc\u00edcio Corrente \/ Outros Recursos n\u00e3o Vinculados \/ -"},{"ano_emissao_emp":"2023","n_emp":"0000439","data_emissao":"20\/11\/2023","valor":"750,00","tipo_empenho":"Ordin\u00e1rio","hist_emp":"Custeio com a prestacao de servico de pintura da nova sala da tesouraria, servico necessario para adequar o ambiente de trabalho. Dispensa de licitacao em razao do valor, conforme o artigo 75, inciso 2\u00ba da Lei 14.133\/21.","fornecedor":"JONAS FELIPE FRAN\u00c7A ARA\u00daJO","denom_uni_orc":"CORPO DELIBERATIVO E SECRETARIA","funcao":"Legislativa","sub_funcao":"A\u00e7\u00e3o Legislativa","programa":"A\u00c7\u00c3O LEGISLATIVA","acao":"INDENIZA\u00c7\u00d5ES E RESTITUI\u00c7\u00d5ES DIVERSAS (FMS)","ident_acao":"Atividade","cat_econ":"Despesa Corrente","natureza_despesa":"Outras Despesas Correntes","modalidade_despesa":"Aplica\u00e7\u00f5es Diretas","elemento_despesa":"Outros Servi\u00e7os de Terceiros - Pessoa F\u00edsica","sub_elem_desp":"MANUTEN\u00c7\u00c3O E CONSERVA\u00c7\u00c3O DE BENS IM\u00d3VEIS","fonte_recurso":"Recursos do Exerc\u00edcio Corrente \/ Outros Recursos n\u00e3o Vinculados \/ -"},{"ano_emissao_emp":"2023","n_emp":"0000440","data_emissao":"22\/11\/2023","valor":"2.100,00","tipo_empenho":"Ordin\u00e1rio","hist_emp":"Custeio com 03 (tres) diarias com pernoite para o Sr.Jose Carlos da Silva, vereador desca camara, para participar do Encontro Nordestino de Gestores e Legislativos Municipais em Recife - PE, nos dias 22 a 25 de novembro de 2023, conforme requisicao de diaria 97.","fornecedor":"JOSE CARLOS DA SILVA","denom_uni_orc":"CORPO DELIBERATIVO E SECRETARIA","funcao":"Legislativa","sub_funcao":"A\u00e7\u00e3o Legislativa","programa":"A\u00c7\u00c3O LEGISLATIVA","acao":"AQUISI\u00c7\u00c3O DE EQUIPAMENTOS DIVERSOS PARA O PROGRAMA PRIMEIRA INF\u00c2NCIA N","ident_acao":"Atividade","cat_econ":"Despesa Corrente","natureza_despesa":"Outras Despesas Correntes","modalidade_despesa":"Aplica\u00e7\u00f5es Diretas","elemento_despesa":"Di\u00e1rias \u2013 Civil","sub_elem_desp":"SEM SUBELEMENTO","fonte_recurso":"Recursos do Exerc\u00edcio Corrente \/ Outros Recursos n\u00e3o Vinculados \/ -"},{"ano_emissao_emp":"2023","n_emp":"0000440","data_emissao":"22\/11\/2023","valor":"2.100,00","tipo_empenho":"Ordin\u00e1rio","hist_emp":"Custeio com 03 (tres) diarias com pernoite para o Sr.Jose Carlos da Silva, vereador desca camara, para participar do Encontro Nordestino de Gestores e Legislativos Municipais em Recife - PE, nos dias 22 a 25 de novembro de 2023, conforme requisicao de diaria 97.","fornecedor":"JOSE CARLOS DA SILVA","denom_uni_orc":"CORPO DELIBERATIVO E SECRETARIA","funcao":"Legislativa","sub_funcao":"A\u00e7\u00e3o Legislativa","programa":"A\u00c7\u00c3O LEGISLATIVA","acao":"MANUTEN\u00c7\u00c3O DAS ATIVIDADES LEGISLATIVAS","ident_acao":"Atividade","cat_econ":"Despesa Corrente","natureza_despesa":"Outras Despesas Correntes","modalidade_despesa":"Aplica\u00e7\u00f5es Diretas","elemento_despesa":"Di\u00e1rias \u2013 Civil","sub_elem_desp":"SEM SUBELEMENTO","fonte_recurso":"Recursos do Exerc\u00edcio Corrente \/ Outros Recursos n\u00e3o Vinculados \/ -"},{"ano_emissao_emp":"2023","n_emp":"0000441","data_emissao":"22\/11\/2023","valor":"1.835,19","tipo_empenho":"Ordin\u00e1rio","hist_emp":"Custeio com aquisicao de materiais de consumo relacionados abaixo. Destinado a reestruturacao da nova sala de tesouraria. Dispensa de licitacao em razao do valor, conforme o artigo 75, inciso 2\u00ba da Lei 14.133\/21.","fornecedor":"JCL LAJES E MATERIAIS PARA CONSTRU\u00c7\u00c3O LTDA","denom_uni_orc":"CORPO DELIBERATIVO E SECRETARIA","funcao":"Legislativa","sub_funcao":"A\u00e7\u00e3o Legislativa","programa":"A\u00c7\u00c3O LEGISLATIVA","acao":"AQUISI\u00c7\u00c3O DE M\u00d3VEIS, M\u00c1QUINAS E EQUIPAMENTOS DIVERSOS PARA O CONSELHO","ident_acao":"Atividade","cat_econ":"Despesa Corrente","natureza_despesa":"Outras Despesas Correntes","modalidade_despesa":"Aplica\u00e7\u00f5es Diretas","elemento_despesa":"Material de Consumo","sub_elem_desp":"SEM SUBELEMENTO","fonte_recurso":"Recursos do Exerc\u00edcio Corrente \/ Outros Recursos n\u00e3o Vinculados \/ -"},{"ano_emissao_emp":"2023","n_emp":"0000441","data_emissao":"22\/11\/2023","valor":"1.835,19","tipo_empenho":"Ordin\u00e1rio","hist_emp":"Custeio com aquisicao de materiais de consumo relacionados abaixo. Destinado a reestruturacao da nova sala de tesouraria. Dispensa de licitacao em razao do valor, conforme o artigo 75, inciso 2\u00ba da Lei 14.133\/21.","fornecedor":"JCL LAJES E MATERIAIS PARA CONSTRU\u00c7\u00c3O LTDA","denom_uni_orc":"CORPO DELIBERATIVO E SECRETARIA","funcao":"Legislativa","sub_funcao":"A\u00e7\u00e3o Legislativa","programa":"A\u00c7\u00c3O LEGISLATIVA","acao":"MANUTEN\u00c7\u00c3O DAS ATIVIDADES ADMINISTRATIVAS","ident_acao":"Atividade","cat_econ":"Despesa Corrente","natureza_despesa":"Outras Despesas Correntes","modalidade_despesa":"Aplica\u00e7\u00f5es Diretas","elemento_despesa":"Material de Consumo","sub_elem_desp":"SEM SUBELEMENTO","fonte_recurso":"Recursos do Exerc\u00edcio Corrente \/ Outros Recursos n\u00e3o Vinculados \/ -"},{"ano_emissao_emp":"2023","n_emp":"0000441","data_emissao":"22\/11\/2023","valor":"1.835,19","tipo_empenho":"Ordin\u00e1rio","hist_emp":"Custeio com aquisicao de materiais de consumo relacionados abaixo. Destinado a reestruturacao da nova sala de tesouraria. Dispensa de licitacao em razao do valor, conforme o artigo 75, inciso 2\u00ba da Lei 14.133\/21.","fornecedor":"JCL LAJES E MATERIAIS PARA CONSTRU\u00c7\u00c3O LTDA","denom_uni_orc":"CORPO DELIBERATIVO E SECRETARIA","funcao":"Legislativa","sub_funcao":"A\u00e7\u00e3o Legislativa","programa":"A\u00c7\u00c3O LEGISLATIVA","acao":"INDENIZA\u00c7\u00d5ES E RESTITUI\u00c7\u00d5ES DIVERSAS (FMS)","ident_acao":"Atividade","cat_econ":"Despesa Corrente","natureza_despesa":"Outras Despesas Correntes","modalidade_despesa":"Aplica\u00e7\u00f5es Diretas","elemento_despesa":"Material de Consumo","sub_elem_desp":"SEM SUBELEMENTO","fonte_recurso":"Recursos do Exerc\u00edcio Corrente \/ Outros Recursos n\u00e3o Vinculados \/ -"},{"ano_emissao_emp":"2023","n_emp":"0000442","data_emissao":"22\/11\/2023","valor":"2.150,00","tipo_empenho":"Ordin\u00e1rio","hist_emp":"Custeio com aquisicao de 05 (cinco) placas em aco inoxidavel, com moldura em madeira forrada em preto, em formato retangular, com as seguintes dimensoes - moldura 52,3 cm (largura) x 42,1 cm (altura) e placas 39,00 cm (largura) x 29,00 cm (altura), conforme modelo elaborado pelo setor de comunicacao. Destinado ao Titulo de Cidadao. Dispensa de licitacao em razao do valor, artigo 75, inciso 2\u00ba da Lei 14.133\/21.","fornecedor":"GERLANE FERREIRA PIMENTEL 06525788455","denom_uni_orc":"CORPO DELIBERATIVO E SECRETARIA","funcao":"Legislativa","sub_funcao":"A\u00e7\u00e3o Legislativa","programa":"A\u00c7\u00c3O LEGISLATIVA","acao":"AQUISI\u00c7\u00c3O DE M\u00d3VEIS, M\u00c1QUINAS E EQUIPAMENTOS DIVERSOS PARA O CONSELHO","ident_acao":"Atividade","cat_econ":"Despesa Corrente","natureza_despesa":"Outras Despesas Correntes","modalidade_despesa":"Aplica\u00e7\u00f5es Diretas","elemento_despesa":"Material de Consumo","sub_elem_desp":"SEM SUBELEMENTO","fonte_recurso":"Recursos do Exerc\u00edcio Corrente \/ Outros Recursos n\u00e3o Vinculados \/ -"},{"ano_emissao_emp":"2023","n_emp":"0000442","data_emissao":"22\/11\/2023","valor":"2.150,00","tipo_empenho":"Ordin\u00e1rio","hist_emp":"Custeio com aquisicao de 05 (cinco) placas em aco inoxidavel, com moldura em madeira forrada em preto, em formato retangular, com as seguintes dimensoes - moldura 52,3 cm (largura) x 42,1 cm (altura) e placas 39,00 cm (largura) x 29,00 cm (altura), conforme modelo elaborado pelo setor de comunicacao. Destinado ao Titulo de Cidadao. Dispensa de licitacao em razao do valor, artigo 75, inciso 2\u00ba da Lei 14.133\/21.","fornecedor":"GERLANE FERREIRA PIMENTEL 06525788455","denom_uni_orc":"CORPO DELIBERATIVO E SECRETARIA","funcao":"Legislativa","sub_funcao":"A\u00e7\u00e3o Legislativa","programa":"A\u00c7\u00c3O LEGISLATIVA","acao":"MANUTEN\u00c7\u00c3O DAS ATIVIDADES ADMINISTRATIVAS","ident_acao":"Atividade","cat_econ":"Despesa Corrente","natureza_despesa":"Outras Despesas Correntes","modalidade_despesa":"Aplica\u00e7\u00f5es Diretas","elemento_despesa":"Material de Consumo","sub_elem_desp":"SEM SUBELEMENTO","fonte_recurso":"Recursos do Exerc\u00edcio Corrente \/ Outros Recursos n\u00e3o Vinculados \/ -"},{"ano_emissao_emp":"2023","n_emp":"0000442","data_emissao":"22\/11\/2023","valor":"2.150,00","tipo_empenho":"Ordin\u00e1rio","hist_emp":"Custeio com aquisicao de 05 (cinco) placas em aco inoxidavel, com moldura em madeira forrada em preto, em formato retangular, com as seguintes dimensoes - moldura 52,3 cm (largura) x 42,1 cm (altura) e placas 39,00 cm (largura) x 29,00 cm (altura), conforme modelo elaborado pelo setor de comunicacao. Destinado ao Titulo de Cidadao. Dispensa de licitacao em razao do valor, artigo 75, inciso 2\u00ba da Lei 14.133\/21.","fornecedor":"GERLANE FERREIRA PIMENTEL 06525788455","denom_uni_orc":"CORPO DELIBERATIVO E SECRETARIA","funcao":"Legislativa","sub_funcao":"A\u00e7\u00e3o Legislativa","programa":"A\u00c7\u00c3O LEGISLATIVA","acao":"INDENIZA\u00c7\u00d5ES E RESTITUI\u00c7\u00d5ES DIVERSAS (FMS)","ident_acao":"Atividade","cat_econ":"Despesa Corrente","natureza_despesa":"Outras Despesas Correntes","modalidade_despesa":"Aplica\u00e7\u00f5es Diretas","elemento_despesa":"Material de Consumo","sub_elem_desp":"SEM SUBELEMENTO","fonte_recurso":"Recursos do Exerc\u00edcio Corrente \/ Outros Recursos n\u00e3o Vinculados \/ -"},{"ano_emissao_emp":"2023","n_emp":"0000443","data_emissao":"22\/11\/2023","valor":"260,00","tipo_empenho":"Ordin\u00e1rio","hist_emp":"Custeio referente ao pagamento do auxilio-transporte do mes de novembro do ano corrente, que sera creditado no cartao corporativo da servidora comissionada Yhohhana Lima Araujo cartao 3.986.126.286, fornecido pela empresa Logo Transportes Ltda, conforme o artigo 50, inciso II, e o artigo 51 da Lei Municipal 923\/1990, bem como o disposto na Portaria 78\/2023. Dispensa de licitacao em razao do valor, artigo 75, inciso 2\u00ba da Lei 14.133\/21.","fornecedor":"LOGO TRANSPORTES LTDA","denom_uni_orc":"CORPO DELIBERATIVO E SECRETARIA","funcao":"Legislativa","sub_funcao":"A\u00e7\u00e3o Legislativa","programa":"A\u00c7\u00c3O LEGISLATIVA","acao":"AQUISI\u00c7\u00c3O DE M\u00d3VEIS, M\u00c1QUINAS E EQUIPAMENTOS DIVERSOS PARA O CONSELHO","ident_acao":"Atividade","cat_econ":"Despesa Corrente","natureza_despesa":"Outras Despesas Correntes","modalidade_despesa":"Aplica\u00e7\u00f5es Diretas","elemento_despesa":"Outros Servi\u00e7os de Terceiros - Pessoa Jur\u00eddica","sub_elem_desp":"SEM SUBELEMENTO","fonte_recurso":"Recursos do Exerc\u00edcio Corrente \/ Outros Recursos n\u00e3o Vinculados \/ -"},{"ano_emissao_emp":"2023","n_emp":"0000443","data_emissao":"22\/11\/2023","valor":"260,00","tipo_empenho":"Ordin\u00e1rio","hist_emp":"Custeio referente ao pagamento do auxilio-transporte do mes de novembro do ano corrente, que sera creditado no cartao corporativo da servidora comissionada Yhohhana Lima Araujo cartao 3.986.126.286, fornecido pela empresa Logo Transportes Ltda, conforme o artigo 50, inciso II, e o artigo 51 da Lei Municipal 923\/1990, bem como o disposto na Portaria 78\/2023. Dispensa de licitacao em razao do valor, artigo 75, inciso 2\u00ba da Lei 14.133\/21.","fornecedor":"LOGO TRANSPORTES LTDA","denom_uni_orc":"CORPO DELIBERATIVO E SECRETARIA","funcao":"Legislativa","sub_funcao":"A\u00e7\u00e3o Legislativa","programa":"A\u00c7\u00c3O LEGISLATIVA","acao":"MANUTEN\u00c7\u00c3O DAS ATIVIDADES ADMINISTRATIVAS","ident_acao":"Atividade","cat_econ":"Despesa Corrente","natureza_despesa":"Outras Despesas Correntes","modalidade_despesa":"Aplica\u00e7\u00f5es Diretas","elemento_despesa":"Outros Servi\u00e7os de Terceiros - Pessoa Jur\u00eddica","sub_elem_desp":"SEM SUBELEMENTO","fonte_recurso":"Recursos do Exerc\u00edcio Corrente \/ Outros Recursos n\u00e3o Vinculados \/ -"},{"ano_emissao_emp":"2023","n_emp":"0000443","data_emissao":"22\/11\/2023","valor":"260,00","tipo_empenho":"Ordin\u00e1rio","hist_emp":"Custeio referente ao pagamento do auxilio-transporte do mes de novembro do ano corrente, que sera creditado no cartao corporativo da servidora comissionada Yhohhana Lima Araujo cartao 3.986.126.286, fornecido pela empresa Logo Transportes Ltda, conforme o artigo 50, inciso II, e o artigo 51 da Lei Municipal 923\/1990, bem como o disposto na Portaria 78\/2023. Dispensa de licitacao em razao do valor, artigo 75, inciso 2\u00ba da Lei 14.133\/21.","fornecedor":"LOGO TRANSPORTES LTDA","denom_uni_orc":"CORPO DELIBERATIVO E SECRETARIA","funcao":"Legislativa","sub_funcao":"A\u00e7\u00e3o Legislativa","programa":"A\u00c7\u00c3O LEGISLATIVA","acao":"INDENIZA\u00c7\u00d5ES E RESTITUI\u00c7\u00d5ES DIVERSAS (FMS)","ident_acao":"Atividade","cat_econ":"Despesa Corrente","natureza_despesa":"Outras Despesas Correntes","modalidade_despesa":"Aplica\u00e7\u00f5es Diretas","elemento_despesa":"Outros Servi\u00e7os de Terceiros - Pessoa Jur\u00eddica","sub_elem_desp":"SEM SUBELEMENTO","fonte_recurso":"Recursos do Exerc\u00edcio Corrente \/ Outros Recursos n\u00e3o Vinculados \/ -"},{"ano_emissao_emp":"2023","n_emp":"0000444","data_emissao":"22\/11\/2023","valor":"405,00","tipo_empenho":"Ordin\u00e1rio","hist_emp":"Custeio referente ao pagamento do auxilio-transporte do mes de novembro do ano corrente, que sera creditado no cartao corporativo da servidora efetiva Angelica Bezerra Melo Figueiredo cartao 3.986.414.078, fornecido pela empresa Logo Transportes Ltda, conforme o artigo 50, inciso II, e o artigo 51 da Lei Municipal 923\/1990, bem como o disposto na Portaria 78\/2023. Dispensa de licitacao em razao do valor, artigo 75, inciso 2\u00ba da Lei 14.133\/21.","fornecedor":"LOGO TRANSPORTES LTDA","denom_uni_orc":"CORPO DELIBERATIVO E SECRETARIA","funcao":"Legislativa","sub_funcao":"A\u00e7\u00e3o Legislativa","programa":"A\u00c7\u00c3O LEGISLATIVA","acao":"AQUISI\u00c7\u00c3O DE M\u00d3VEIS, M\u00c1QUINAS E EQUIPAMENTOS DIVERSOS PARA O CONSELHO","ident_acao":"Atividade","cat_econ":"Despesa Corrente","natureza_despesa":"Outras Despesas Correntes","modalidade_despesa":"Aplica\u00e7\u00f5es Diretas","elemento_despesa":"Outros Servi\u00e7os de Terceiros - Pessoa Jur\u00eddica","sub_elem_desp":"SEM SUBELEMENTO","fonte_recurso":"Recursos do Exerc\u00edcio Corrente \/ Outros Recursos n\u00e3o Vinculados \/ -"},{"ano_emissao_emp":"2023","n_emp":"0000444","data_emissao":"22\/11\/2023","valor":"405,00","tipo_empenho":"Ordin\u00e1rio","hist_emp":"Custeio referente ao pagamento do auxilio-transporte do mes de novembro do ano corrente, que sera creditado no cartao corporativo da servidora efetiva Angelica Bezerra Melo Figueiredo cartao 3.986.414.078, fornecido pela empresa Logo Transportes Ltda, conforme o artigo 50, inciso II, e o artigo 51 da Lei Municipal 923\/1990, bem como o disposto na Portaria 78\/2023. Dispensa de licitacao em razao do valor, artigo 75, inciso 2\u00ba da Lei 14.133\/21.","fornecedor":"LOGO TRANSPORTES LTDA","denom_uni_orc":"CORPO DELIBERATIVO E SECRETARIA","funcao":"Legislativa","sub_funcao":"A\u00e7\u00e3o Legislativa","programa":"A\u00c7\u00c3O LEGISLATIVA","acao":"MANUTEN\u00c7\u00c3O DAS ATIVIDADES ADMINISTRATIVAS","ident_acao":"Atividade","cat_econ":"Despesa Corrente","natureza_despesa":"Outras Despesas Correntes","modalidade_despesa":"Aplica\u00e7\u00f5es Diretas","elemento_despesa":"Outros Servi\u00e7os de Terceiros - Pessoa Jur\u00eddica","sub_elem_desp":"SEM SUBELEMENTO","fonte_recurso":"Recursos do Exerc\u00edcio Corrente \/ Outros Recursos n\u00e3o Vinculados \/ -"},{"ano_emissao_emp":"2023","n_emp":"0000444","data_emissao":"22\/11\/2023","valor":"405,00","tipo_empenho":"Ordin\u00e1rio","hist_emp":"Custeio referente ao pagamento do auxilio-transporte do mes de novembro do ano corrente, que sera creditado no cartao corporativo da servidora efetiva Angelica Bezerra Melo Figueiredo cartao 3.986.414.078, fornecido pela empresa Logo Transportes Ltda, conforme o artigo 50, inciso II, e o artigo 51 da Lei Municipal 923\/1990, bem como o disposto na Portaria 78\/2023. Dispensa de licitacao em razao do valor, artigo 75, inciso 2\u00ba da Lei 14.133\/21.","fornecedor":"LOGO TRANSPORTES LTDA","denom_uni_orc":"CORPO DELIBERATIVO E SECRETARIA","funcao":"Legislativa","sub_funcao":"A\u00e7\u00e3o Legislativa","programa":"A\u00c7\u00c3O LEGISLATIVA","acao":"INDENIZA\u00c7\u00d5ES E RESTITUI\u00c7\u00d5ES DIVERSAS (FMS)","ident_acao":"Atividade","cat_econ":"Despesa Corrente","natureza_despesa":"Outras Despesas Correntes","modalidade_despesa":"Aplica\u00e7\u00f5es Diretas","elemento_despesa":"Outros Servi\u00e7os de Terceiros - Pessoa Jur\u00eddica","sub_elem_desp":"SEM SUBELEMENTO","fonte_recurso":"Recursos do Exerc\u00edcio Corrente \/ Outros Recursos n\u00e3o Vinculados \/ -"},{"ano_emissao_emp":"2023","n_emp":"0000445","data_emissao":"22\/11\/2023","valor":"4.050,00","tipo_empenho":"Ordin\u00e1rio","hist_emp":"Custeio com aquisicao de 03 (tres) cafeteiras automaticas eletricas de 6 litros para suprir as necessidades desta Casa de Leis. Dispensa de licitacao em razao do valor, artigo 75, inciso 2\u00ba da Lei 14.133\/21.","fornecedor":"A.G.S. REFRIGERACAO COMERCIAL LTDA","denom_uni_orc":"CORPO DELIBERATIVO E SECRETARIA","funcao":"Legislativa","sub_funcao":"A\u00e7\u00e3o Legislativa","programa":"A\u00c7\u00c3O LEGISLATIVA","acao":"REEQUIPAMENTO DA UNIDADE","ident_acao":"Projeto","cat_econ":"Despesa de Capital","natureza_despesa":"Investimentos","modalidade_despesa":"Aplica\u00e7\u00f5es Diretas","elemento_despesa":"Equipamentos e Material Permanente","sub_elem_desp":"SEM SUBELEMENTO","fonte_recurso":"Recursos do Exerc\u00edcio Corrente \/ Outros Recursos n\u00e3o Vinculados \/ -"},{"ano_emissao_emp":"2023","n_emp":"0000445","data_emissao":"22\/11\/2023","valor":"4.050,00","tipo_empenho":"Ordin\u00e1rio","hist_emp":"Custeio com aquisicao de 03 (tres) cafeteiras automaticas eletricas de 6 litros para suprir as necessidades desta Casa de Leis. Dispensa de licitacao em razao do valor, artigo 75, inciso 2\u00ba da Lei 14.133\/21.","fornecedor":"A.G.S. REFRIGERACAO COMERCIAL LTDA","denom_uni_orc":"CORPO DELIBERATIVO E SECRETARIA","funcao":"Legislativa","sub_funcao":"A\u00e7\u00e3o Legislativa","programa":"A\u00c7\u00c3O LEGISLATIVA","acao":"INDENIZA\u00c7\u00d5ES E RESTITUI\u00c7\u00d5ES DO RPPS","ident_acao":"Projeto","cat_econ":"Despesa de Capital","natureza_despesa":"Investimentos","modalidade_despesa":"Aplica\u00e7\u00f5es Diretas","elemento_despesa":"Equipamentos e Material Permanente","sub_elem_desp":"SEM SUBELEMENTO","fonte_recurso":"Recursos do Exerc\u00edcio Corrente \/ Outros Recursos n\u00e3o Vinculados \/ -"},{"ano_emissao_emp":"2023","n_emp":"0000445","data_emissao":"22\/11\/2023","valor":"4.050,00","tipo_empenho":"Ordin\u00e1rio","hist_emp":"Custeio com aquisicao de 03 (tres) cafeteiras automaticas eletricas de 6 litros para suprir as necessidades desta Casa de Leis. Dispensa de licitacao em razao do valor, artigo 75, inciso 2\u00ba da Lei 14.133\/21.","fornecedor":"A.G.S. REFRIGERACAO COMERCIAL LTDA","denom_uni_orc":"CORPO DELIBERATIVO E SECRETARIA","funcao":"Legislativa","sub_funcao":"A\u00e7\u00e3o Legislativa","programa":"A\u00c7\u00c3O LEGISLATIVA","acao":"AMORTIZA\u00c7\u00c3O DA D\u00cdVIDA P\u00daBLICA CONSOLIDADA","ident_acao":"Projeto","cat_econ":"Despesa de Capital","natureza_despesa":"Investimentos","modalidade_despesa":"Aplica\u00e7\u00f5es Diretas","elemento_despesa":"Equipamentos e Material Permanente","sub_elem_desp":"SEM SUBELEMENTO","fonte_recurso":"Recursos do Exerc\u00edcio Corrente \/ Outros Recursos n\u00e3o Vinculados \/ -"},{"ano_emissao_emp":"2023","n_emp":"0000446","data_emissao":"24\/11\/2023","valor":"38,70","tipo_empenho":"Ordin\u00e1rio","hist_emp":"Custeio com aquisicao de materiais de consumo relacionados abaixo. Dispensa de licitacao em razao do valor, artigo 75, inciso 2\u00ba da Lei 14.133\/21.","fornecedor":"JCL LAJES E MATERIAIS PARA CONSTRU\u00c7\u00c3O LTDA","denom_uni_orc":"CORPO DELIBERATIVO E SECRETARIA","funcao":"Legislativa","sub_funcao":"A\u00e7\u00e3o Legislativa","programa":"A\u00c7\u00c3O LEGISLATIVA","acao":"AQUISI\u00c7\u00c3O DE M\u00d3VEIS, M\u00c1QUINAS E EQUIPAMENTOS DIVERSOS PARA O CONSELHO","ident_acao":"Atividade","cat_econ":"Despesa Corrente","natureza_despesa":"Outras Despesas Correntes","modalidade_despesa":"Aplica\u00e7\u00f5es Diretas","elemento_despesa":"Material de Consumo","sub_elem_desp":"SEM SUBELEMENTO","fonte_recurso":"Recursos do Exerc\u00edcio Corrente \/ Outros Recursos n\u00e3o Vinculados \/ -"},{"ano_emissao_emp":"2023","n_emp":"0000446","data_emissao":"24\/11\/2023","valor":"38,70","tipo_empenho":"Ordin\u00e1rio","hist_emp":"Custeio com aquisicao de materiais de consumo relacionados abaixo. Dispensa de licitacao em razao do valor, artigo 75, inciso 2\u00ba da Lei 14.133\/21.","fornecedor":"JCL LAJES E MATERIAIS PARA CONSTRU\u00c7\u00c3O LTDA","denom_uni_orc":"CORPO DELIBERATIVO E SECRETARIA","funcao":"Legislativa","sub_funcao":"A\u00e7\u00e3o Legislativa","programa":"A\u00c7\u00c3O LEGISLATIVA","acao":"MANUTEN\u00c7\u00c3O DAS ATIVIDADES ADMINISTRATIVAS","ident_acao":"Atividade","cat_econ":"Despesa Corrente","natureza_despesa":"Outras Despesas Correntes","modalidade_despesa":"Aplica\u00e7\u00f5es Diretas","elemento_despesa":"Material de Consumo","sub_elem_desp":"SEM SUBELEMENTO","fonte_recurso":"Recursos do Exerc\u00edcio Corrente \/ Outros Recursos n\u00e3o Vinculados \/ -"},{"ano_emissao_emp":"2023","n_emp":"0000446","data_emissao":"24\/11\/2023","valor":"38,70","tipo_empenho":"Ordin\u00e1rio","hist_emp":"Custeio com aquisicao de materiais de consumo relacionados abaixo. Dispensa de licitacao em razao do valor, artigo 75, inciso 2\u00ba da Lei 14.133\/21.","fornecedor":"JCL LAJES E MATERIAIS PARA CONSTRU\u00c7\u00c3O LTDA","denom_uni_orc":"CORPO DELIBERATIVO E SECRETARIA","funcao":"Legislativa","sub_funcao":"A\u00e7\u00e3o Legislativa","programa":"A\u00c7\u00c3O LEGISLATIVA","acao":"INDENIZA\u00c7\u00d5ES E RESTITUI\u00c7\u00d5ES DIVERSAS (FMS)","ident_acao":"Atividade","cat_econ":"Despesa Corrente","natureza_despesa":"Outras Despesas Correntes","modalidade_despesa":"Aplica\u00e7\u00f5es Diretas","elemento_despesa":"Material de Consumo","sub_elem_desp":"SEM SUBELEMENTO","fonte_recurso":"Recursos do Exerc\u00edcio Corrente \/ Outros Recursos n\u00e3o Vinculados \/ -"},{"ano_emissao_emp":"2023","n_emp":"0000447","data_emissao":"24\/11\/2023","valor":"5.324,70","tipo_empenho":"Ordin\u00e1rio","hist_emp":"Custeio com aquisicao de materiais de consumo relacionados abaixo. Destinado a continuacao da reestruturacao eletrica para a nova sala de tesouraria. Dispensa de licitacao em razao do valor,  o artigo 75, inciso 2\u00ba da Lei 14.133\/21.","fornecedor":"JCL LAJES E MATERIAIS PARA CONSTRU\u00c7\u00c3O LTDA","denom_uni_orc":"CORPO DELIBERATIVO E SECRETARIA","funcao":"Legislativa","sub_funcao":"A\u00e7\u00e3o Legislativa","programa":"A\u00c7\u00c3O LEGISLATIVA","acao":"AQUISI\u00c7\u00c3O DE M\u00d3VEIS, M\u00c1QUINAS E EQUIPAMENTOS DIVERSOS PARA O CONSELHO","ident_acao":"Atividade","cat_econ":"Despesa Corrente","natureza_despesa":"Outras Despesas Correntes","modalidade_despesa":"Aplica\u00e7\u00f5es Diretas","elemento_despesa":"Material de Consumo","sub_elem_desp":"SEM SUBELEMENTO","fonte_recurso":"Recursos do Exerc\u00edcio Corrente \/ Outros Recursos n\u00e3o Vinculados \/ -"},{"ano_emissao_emp":"2023","n_emp":"0000447","data_emissao":"24\/11\/2023","valor":"5.324,70","tipo_empenho":"Ordin\u00e1rio","hist_emp":"Custeio com aquisicao de materiais de consumo relacionados abaixo. Destinado a continuacao da reestruturacao eletrica para a nova sala de tesouraria. Dispensa de licitacao em razao do valor,  o artigo 75, inciso 2\u00ba da Lei 14.133\/21.","fornecedor":"JCL LAJES E MATERIAIS PARA CONSTRU\u00c7\u00c3O LTDA","denom_uni_orc":"CORPO DELIBERATIVO E SECRETARIA","funcao":"Legislativa","sub_funcao":"A\u00e7\u00e3o Legislativa","programa":"A\u00c7\u00c3O LEGISLATIVA","acao":"MANUTEN\u00c7\u00c3O DAS ATIVIDADES ADMINISTRATIVAS","ident_acao":"Atividade","cat_econ":"Despesa Corrente","natureza_despesa":"Outras Despesas Correntes","modalidade_despesa":"Aplica\u00e7\u00f5es Diretas","elemento_despesa":"Material de Consumo","sub_elem_desp":"SEM SUBELEMENTO","fonte_recurso":"Recursos do Exerc\u00edcio Corrente \/ Outros Recursos n\u00e3o Vinculados \/ -"},{"ano_emissao_emp":"2023","n_emp":"0000447","data_emissao":"24\/11\/2023","valor":"5.324,70","tipo_empenho":"Ordin\u00e1rio","hist_emp":"Custeio com aquisicao de materiais de consumo relacionados abaixo. Destinado a continuacao da reestruturacao eletrica para a nova sala de tesouraria. Dispensa de licitacao em razao do valor,  o artigo 75, inciso 2\u00ba da Lei 14.133\/21.","fornecedor":"JCL LAJES E MATERIAIS PARA CONSTRU\u00c7\u00c3O LTDA","denom_uni_orc":"CORPO DELIBERATIVO E SECRETARIA","funcao":"Legislativa","sub_funcao":"A\u00e7\u00e3o Legislativa","programa":"A\u00c7\u00c3O LEGISLATIVA","acao":"INDENIZA\u00c7\u00d5ES E RESTITUI\u00c7\u00d5ES DIVERSAS (FMS)","ident_acao":"Atividade","cat_econ":"Despesa Corrente","natureza_despesa":"Outras Despesas Correntes","modalidade_despesa":"Aplica\u00e7\u00f5es Diretas","elemento_despesa":"Material de Consumo","sub_elem_desp":"SEM SUBELEMENTO","fonte_recurso":"Recursos do Exerc\u00edcio Corrente \/ Outros Recursos n\u00e3o Vinculados \/ -"},{"ano_emissao_emp":"2023","n_emp":"0000448","data_emissao":"27\/11\/2023","valor":"170,00","tipo_empenho":"Ordin\u00e1rio","hist_emp":"Apoio de transporte (IDA) para deslocamento a cidade de Joao Pessoa-PB (sentido Santa Cruz do Capibaribe\/Joao Pessoa). Solicitante- Vereadora Jessyca Cavalcanti, motorista Josue Custodio de Araujo Sobrinho, servidor efetivo desta Casa.","fornecedor":"JOSUE CUSTODIO DE ARAUJO SOBRINHO","denom_uni_orc":"CORPO DELIBERATIVO E SECRETARIA","funcao":"Legislativa","sub_funcao":"A\u00e7\u00e3o Legislativa","programa":"A\u00c7\u00c3O LEGISLATIVA","acao":"AQUISI\u00c7\u00c3O DE M\u00d3VEIS, M\u00c1QUINAS E EQUIPAMENTOS DIVERSOS PARA O CONSELHO","ident_acao":"Atividade","cat_econ":"Despesa Corrente","natureza_despesa":"Outras Despesas Correntes","modalidade_despesa":"Aplica\u00e7\u00f5es Diretas","elemento_despesa":"Di\u00e1rias \u2013 Civil","sub_elem_desp":"SEM SUBELEMENTO","fonte_recurso":"Recursos do Exerc\u00edcio Corrente \/ Outros Recursos n\u00e3o Vinculados \/ -"},{"ano_emissao_emp":"2023","n_emp":"0000448","data_emissao":"27\/11\/2023","valor":"170,00","tipo_empenho":"Ordin\u00e1rio","hist_emp":"Apoio de transporte (IDA) para deslocamento a cidade de Joao Pessoa-PB (sentido Santa Cruz do Capibaribe\/Joao Pessoa). Solicitante- Vereadora Jessyca Cavalcanti, motorista Josue Custodio de Araujo Sobrinho, servidor efetivo desta Casa.","fornecedor":"JOSUE CUSTODIO DE ARAUJO SOBRINHO","denom_uni_orc":"CORPO DELIBERATIVO E SECRETARIA","funcao":"Legislativa","sub_funcao":"A\u00e7\u00e3o Legislativa","programa":"A\u00c7\u00c3O LEGISLATIVA","acao":"MANUTEN\u00c7\u00c3O DAS ATIVIDADES ADMINISTRATIVAS","ident_acao":"Atividade","cat_econ":"Despesa Corrente","natureza_despesa":"Outras Despesas Correntes","modalidade_despesa":"Aplica\u00e7\u00f5es Diretas","elemento_despesa":"Di\u00e1rias \u2013 Civil","sub_elem_desp":"SEM SUBELEMENTO","fonte_recurso":"Recursos do Exerc\u00edcio Corrente \/ Outros Recursos n\u00e3o Vinculados \/ -"},{"ano_emissao_emp":"2023","n_emp":"0000448","data_emissao":"27\/11\/2023","valor":"170,00","tipo_empenho":"Ordin\u00e1rio","hist_emp":"Apoio de transporte (IDA) para deslocamento a cidade de Joao Pessoa-PB (sentido Santa Cruz do Capibaribe\/Joao Pessoa). Solicitante- Vereadora Jessyca Cavalcanti, motorista Josue Custodio de Araujo Sobrinho, servidor efetivo desta Casa.","fornecedor":"JOSUE CUSTODIO DE ARAUJO SOBRINHO","denom_uni_orc":"CORPO DELIBERATIVO E SECRETARIA","funcao":"Legislativa","sub_funcao":"A\u00e7\u00e3o Legislativa","programa":"A\u00c7\u00c3O LEGISLATIVA","acao":"INDENIZA\u00c7\u00d5ES E RESTITUI\u00c7\u00d5ES DIVERSAS (FMS)","ident_acao":"Atividade","cat_econ":"Despesa Corrente","natureza_despesa":"Outras Despesas Correntes","modalidade_despesa":"Aplica\u00e7\u00f5es Diretas","elemento_despesa":"Di\u00e1rias \u2013 Civil","sub_elem_desp":"SEM SUBELEMENTO","fonte_recurso":"Recursos do Exerc\u00edcio Corrente \/ Outros Recursos n\u00e3o Vinculados \/ -"},{"ano_emissao_emp":"2023","n_emp":"0000449","data_emissao":"27\/11\/2023","valor":"170,00","tipo_empenho":"Ordin\u00e1rio","hist_emp":"Apoio de transporte (VOLTA) para deslocamento a cidade de Santa Cruz do Capibaribe\/PE (sentido Joao Pessoa\/Santa Cruz do Capibaribe). Solicitante- Vereadora Jessyca Cavalcanti, motorista Josue Custodio de Araujo Sobrinho, servidor efetivo desta Casa.","fornecedor":"JOSUE CUSTODIO DE ARAUJO SOBRINHO","denom_uni_orc":"CORPO DELIBERATIVO E SECRETARIA","funcao":"Legislativa","sub_funcao":"A\u00e7\u00e3o Legislativa","programa":"A\u00c7\u00c3O LEGISLATIVA","acao":"AQUISI\u00c7\u00c3O DE M\u00d3VEIS, M\u00c1QUINAS E EQUIPAMENTOS DIVERSOS PARA O CONSELHO","ident_acao":"Atividade","cat_econ":"Despesa Corrente","natureza_despesa":"Outras Despesas Correntes","modalidade_despesa":"Aplica\u00e7\u00f5es Diretas","elemento_despesa":"Di\u00e1rias \u2013 Civil","sub_elem_desp":"SEM SUBELEMENTO","fonte_recurso":"Recursos do Exerc\u00edcio Corrente \/ Outros Recursos n\u00e3o Vinculados \/ -"},{"ano_emissao_emp":"2023","n_emp":"0000449","data_emissao":"27\/11\/2023","valor":"170,00","tipo_empenho":"Ordin\u00e1rio","hist_emp":"Apoio de transporte (VOLTA) para deslocamento a cidade de Santa Cruz do Capibaribe\/PE (sentido Joao Pessoa\/Santa Cruz do Capibaribe). Solicitante- Vereadora Jessyca Cavalcanti, motorista Josue Custodio de Araujo Sobrinho, servidor efetivo desta Casa.","fornecedor":"JOSUE CUSTODIO DE ARAUJO SOBRINHO","denom_uni_orc":"CORPO DELIBERATIVO E SECRETARIA","funcao":"Legislativa","sub_funcao":"A\u00e7\u00e3o Legislativa","programa":"A\u00c7\u00c3O LEGISLATIVA","acao":"MANUTEN\u00c7\u00c3O DAS ATIVIDADES ADMINISTRATIVAS","ident_acao":"Atividade","cat_econ":"Despesa Corrente","natureza_despesa":"Outras Despesas Correntes","modalidade_despesa":"Aplica\u00e7\u00f5es Diretas","elemento_despesa":"Di\u00e1rias \u2013 Civil","sub_elem_desp":"SEM SUBELEMENTO","fonte_recurso":"Recursos do Exerc\u00edcio Corrente \/ Outros Recursos n\u00e3o Vinculados \/ -"},{"ano_emissao_emp":"2023","n_emp":"0000449","data_emissao":"27\/11\/2023","valor":"170,00","tipo_empenho":"Ordin\u00e1rio","hist_emp":"Apoio de transporte (VOLTA) para deslocamento a cidade de Santa Cruz do Capibaribe\/PE (sentido Joao Pessoa\/Santa Cruz do Capibaribe). Solicitante- Vereadora Jessyca Cavalcanti, motorista Josue Custodio de Araujo Sobrinho, servidor efetivo desta Casa.","fornecedor":"JOSUE CUSTODIO DE ARAUJO SOBRINHO","denom_uni_orc":"CORPO DELIBERATIVO E SECRETARIA","funcao":"Legislativa","sub_funcao":"A\u00e7\u00e3o Legislativa","programa":"A\u00c7\u00c3O LEGISLATIVA","acao":"INDENIZA\u00c7\u00d5ES E RESTITUI\u00c7\u00d5ES DIVERSAS (FMS)","ident_acao":"Atividade","cat_econ":"Despesa Corrente","natureza_despesa":"Outras Despesas Correntes","modalidade_despesa":"Aplica\u00e7\u00f5es Diretas","elemento_despesa":"Di\u00e1rias \u2013 Civil","sub_elem_desp":"SEM SUBELEMENTO","fonte_recurso":"Recursos do Exerc\u00edcio Corrente \/ Outros Recursos n\u00e3o Vinculados \/ -"},{"ano_emissao_emp":"2023","n_emp":"0000450","data_emissao":"28\/11\/2023","valor":"2.086,20","tipo_empenho":"Ordin\u00e1rio","hist_emp":"Custeio com aquisicao de materiais de informatica relacionados abaixo, para esta Camara de Vereadores, celebrado mediante dispensa de licitacao, com fundamento no artigo 75, inciso 2\u00ba da Lei 14.133\/21.","fornecedor":"B&F EMPREENDIMENTOS DIGITAIS","denom_uni_orc":"CORPO DELIBERATIVO E SECRETARIA","funcao":"Legislativa","sub_funcao":"A\u00e7\u00e3o Legislativa","programa":"A\u00c7\u00c3O LEGISLATIVA","acao":"AQUISI\u00c7\u00c3O DE M\u00d3VEIS, M\u00c1QUINAS E EQUIPAMENTOS DIVERSOS PARA O CONSELHO","ident_acao":"Atividade","cat_econ":"Despesa Corrente","natureza_despesa":"Outras Despesas Correntes","modalidade_despesa":"Aplica\u00e7\u00f5es Diretas","elemento_despesa":"Material de Consumo","sub_elem_desp":"SEM SUBELEMENTO","fonte_recurso":"Recursos do Exerc\u00edcio Corrente \/ Outros Recursos n\u00e3o Vinculados \/ -"},{"ano_emissao_emp":"2023","n_emp":"0000450","data_emissao":"28\/11\/2023","valor":"2.086,20","tipo_empenho":"Ordin\u00e1rio","hist_emp":"Custeio com aquisicao de materiais de informatica relacionados abaixo, para esta Camara de Vereadores, celebrado mediante dispensa de licitacao, com fundamento no artigo 75, inciso 2\u00ba da Lei 14.133\/21.","fornecedor":"B&F EMPREENDIMENTOS DIGITAIS","denom_uni_orc":"CORPO DELIBERATIVO E SECRETARIA","funcao":"Legislativa","sub_funcao":"A\u00e7\u00e3o Legislativa","programa":"A\u00c7\u00c3O LEGISLATIVA","acao":"MANUTEN\u00c7\u00c3O DAS ATIVIDADES ADMINISTRATIVAS","ident_acao":"Atividade","cat_econ":"Despesa Corrente","natureza_despesa":"Outras Despesas Correntes","modalidade_despesa":"Aplica\u00e7\u00f5es Diretas","elemento_despesa":"Material de Consumo","sub_elem_desp":"SEM SUBELEMENTO","fonte_recurso":"Recursos do Exerc\u00edcio Corrente \/ Outros Recursos n\u00e3o Vinculados \/ -"},{"ano_emissao_emp":"2023","n_emp":"0000450","data_emissao":"28\/11\/2023","valor":"2.086,20","tipo_empenho":"Ordin\u00e1rio","hist_emp":"Custeio com aquisicao de materiais de informatica relacionados abaixo, para esta Camara de Vereadores, celebrado mediante dispensa de licitacao, com fundamento no artigo 75, inciso 2\u00ba da Lei 14.133\/21.","fornecedor":"B&F EMPREENDIMENTOS DIGITAIS","denom_uni_orc":"CORPO DELIBERATIVO E SECRETARIA","funcao":"Legislativa","sub_funcao":"A\u00e7\u00e3o Legislativa","programa":"A\u00c7\u00c3O LEGISLATIVA","acao":"INDENIZA\u00c7\u00d5ES E RESTITUI\u00c7\u00d5ES DIVERSAS (FMS)","ident_acao":"Atividade","cat_econ":"Despesa Corrente","natureza_despesa":"Outras Despesas Correntes","modalidade_despesa":"Aplica\u00e7\u00f5es Diretas","elemento_despesa":"Material de Consumo","sub_elem_desp":"SEM SUBELEMENTO","fonte_recurso":"Recursos do Exerc\u00edcio Corrente \/ Outros Recursos n\u00e3o Vinculados \/ -"},{"ano_emissao_emp":"2023","n_emp":"0000451","data_emissao":"28\/11\/2023","valor":"658,00","tipo_empenho":"Ordin\u00e1rio","hist_emp":"Custeio da aquisicao de 94 (noventa e quatro) unidades de agua mineral lustral em botijao de 20 (vinte) litros, para atender a necessidade desta casa de lei e seu anexo (CIDATEC), dispensa de licitacao mediante valor, artigo 75, inciso 2\u00ba da Lei 14.133\/21.","fornecedor":"GB COMERCIO DE GAS E AGUA MINERAL LTDA","denom_uni_orc":"CORPO DELIBERATIVO E SECRETARIA","funcao":"Legislativa","sub_funcao":"A\u00e7\u00e3o Legislativa","programa":"A\u00c7\u00c3O LEGISLATIVA","acao":"AQUISI\u00c7\u00c3O DE M\u00d3VEIS, M\u00c1QUINAS E EQUIPAMENTOS DIVERSOS PARA O CONSELHO","ident_acao":"Atividade","cat_econ":"Despesa Corrente","natureza_despesa":"Outras Despesas Correntes","modalidade_despesa":"Aplica\u00e7\u00f5es Diretas","elemento_despesa":"Material de Consumo","sub_elem_desp":"MATERIAL DE COPA E COZINHA","fonte_recurso":"Recursos do Exerc\u00edcio Corrente \/ Outros Recursos n\u00e3o Vinculados \/ -"},{"ano_emissao_emp":"2023","n_emp":"0000451","data_emissao":"28\/11\/2023","valor":"658,00","tipo_empenho":"Ordin\u00e1rio","hist_emp":"Custeio da aquisicao de 94 (noventa e quatro) unidades de agua mineral lustral em botijao de 20 (vinte) litros, para atender a necessidade desta casa de lei e seu anexo (CIDATEC), dispensa de licitacao mediante valor, artigo 75, inciso 2\u00ba da Lei 14.133\/21.","fornecedor":"GB COMERCIO DE GAS E AGUA MINERAL LTDA","denom_uni_orc":"CORPO DELIBERATIVO E SECRETARIA","funcao":"Legislativa","sub_funcao":"A\u00e7\u00e3o Legislativa","programa":"A\u00c7\u00c3O LEGISLATIVA","acao":"MANUTEN\u00c7\u00c3O DAS ATIVIDADES ADMINISTRATIVAS","ident_acao":"Atividade","cat_econ":"Despesa Corrente","natureza_despesa":"Outras Despesas Correntes","modalidade_despesa":"Aplica\u00e7\u00f5es Diretas","elemento_despesa":"Material de Consumo","sub_elem_desp":"MATERIAL DE COPA E COZINHA","fonte_recurso":"Recursos do Exerc\u00edcio Corrente \/ Outros Recursos n\u00e3o Vinculados \/ -"},{"ano_emissao_emp":"2023","n_emp":"0000451","data_emissao":"28\/11\/2023","valor":"658,00","tipo_empenho":"Ordin\u00e1rio","hist_emp":"Custeio da aquisicao de 94 (noventa e quatro) unidades de agua mineral lustral em botijao de 20 (vinte) litros, para atender a necessidade desta casa de lei e seu anexo (CIDATEC), dispensa de licitacao mediante valor, artigo 75, inciso 2\u00ba da Lei 14.133\/21.","fornecedor":"GB COMERCIO DE GAS E AGUA MINERAL LTDA","denom_uni_orc":"CORPO DELIBERATIVO E SECRETARIA","funcao":"Legislativa","sub_funcao":"A\u00e7\u00e3o Legislativa","programa":"A\u00c7\u00c3O LEGISLATIVA","acao":"INDENIZA\u00c7\u00d5ES E RESTITUI\u00c7\u00d5ES DIVERSAS (FMS)","ident_acao":"Atividade","cat_econ":"Despesa Corrente","natureza_despesa":"Outras Despesas Correntes","modalidade_despesa":"Aplica\u00e7\u00f5es Diretas","elemento_despesa":"Material de Consumo","sub_elem_desp":"MATERIAL DE COPA E COZINHA","fonte_recurso":"Recursos do Exerc\u00edcio Corrente \/ Outros Recursos n\u00e3o Vinculados \/ -"},{"ano_emissao_emp":"2023","n_emp":"0000452","data_emissao":"28\/11\/2023","valor":"2.240,00","tipo_empenho":"Ordin\u00e1rio","hist_emp":"Aquisicao de 14 (quatorze) certificados digitais - A1-PF, sendo 01 (um) para o servidor tecnico legislativo Wellygton V. Feitosa e 13 (treze) para os parlamentares Emanuel S. Ramos, Flavio H. P. da Silva, Jose A. Pereira, Jose A. O. Borges, Jose A. Maia Junior, Jose C. da Silva, Jose Climerio Neto, Jose M. da Silva, Jose M. de Lima, Jose V. Bruna, Julio C. G. de Oliveira, Nailson R. da Silva e Rozangela M. dos Santos, para mais um ano. Dispensa de licitacao em razao do valor, artigo 75, inciso 2\u00ba da Lei 1","fornecedor":"EDUARDO P BARBOSA","denom_uni_orc":"CORPO DELIBERATIVO E SECRETARIA","funcao":"Legislativa","sub_funcao":"A\u00e7\u00e3o Legislativa","programa":"A\u00c7\u00c3O LEGISLATIVA","acao":"AQUISI\u00c7\u00c3O DE M\u00d3VEIS, M\u00c1QUINAS E EQUIPAMENTOS DIVERSOS PARA O CONSELHO","ident_acao":"Atividade","cat_econ":"Despesa Corrente","natureza_despesa":"Outras Despesas Correntes","modalidade_despesa":"Aplica\u00e7\u00f5es Diretas","elemento_despesa":"Outros Servi\u00e7os de Terceiros - Pessoa Jur\u00eddica","sub_elem_desp":"SEM SUBELEMENTO","fonte_recurso":"Recursos do Exerc\u00edcio Corrente \/ Outros Recursos n\u00e3o Vinculados \/ -"},{"ano_emissao_emp":"2023","n_emp":"0000452","data_emissao":"28\/11\/2023","valor":"2.240,00","tipo_empenho":"Ordin\u00e1rio","hist_emp":"Aquisicao de 14 (quatorze) certificados digitais - A1-PF, sendo 01 (um) para o servidor tecnico legislativo Wellygton V. Feitosa e 13 (treze) para os parlamentares Emanuel S. Ramos, Flavio H. P. da Silva, Jose A. Pereira, Jose A. O. Borges, Jose A. Maia Junior, Jose C. da Silva, Jose Climerio Neto, Jose M. da Silva, Jose M. de Lima, Jose V. Bruna, Julio C. G. de Oliveira, Nailson R. da Silva e Rozangela M. dos Santos, para mais um ano. Dispensa de licitacao em razao do valor, artigo 75, inciso 2\u00ba da Lei 1","fornecedor":"EDUARDO P BARBOSA","denom_uni_orc":"CORPO DELIBERATIVO E SECRETARIA","funcao":"Legislativa","sub_funcao":"A\u00e7\u00e3o Legislativa","programa":"A\u00c7\u00c3O LEGISLATIVA","acao":"MANUTEN\u00c7\u00c3O DAS ATIVIDADES ADMINISTRATIVAS","ident_acao":"Atividade","cat_econ":"Despesa Corrente","natureza_despesa":"Outras Despesas Correntes","modalidade_despesa":"Aplica\u00e7\u00f5es Diretas","elemento_despesa":"Outros Servi\u00e7os de Terceiros - Pessoa Jur\u00eddica","sub_elem_desp":"SEM SUBELEMENTO","fonte_recurso":"Recursos do Exerc\u00edcio Corrente \/ Outros Recursos n\u00e3o Vinculados \/ -"},{"ano_emissao_emp":"2023","n_emp":"0000452","data_emissao":"28\/11\/2023","valor":"2.240,00","tipo_empenho":"Ordin\u00e1rio","hist_emp":"Aquisicao de 14 (quatorze) certificados digitais - A1-PF, sendo 01 (um) para o servidor tecnico legislativo Wellygton V. Feitosa e 13 (treze) para os parlamentares Emanuel S. Ramos, Flavio H. P. da Silva, Jose A. Pereira, Jose A. O. Borges, Jose A. Maia Junior, Jose C. da Silva, Jose Climerio Neto, Jose M. da Silva, Jose M. de Lima, Jose V. Bruna, Julio C. G. de Oliveira, Nailson R. da Silva e Rozangela M. dos Santos, para mais um ano. Dispensa de licitacao em razao do valor, artigo 75, inciso 2\u00ba da Lei 1","fornecedor":"EDUARDO P BARBOSA","denom_uni_orc":"CORPO DELIBERATIVO E SECRETARIA","funcao":"Legislativa","sub_funcao":"A\u00e7\u00e3o Legislativa","programa":"A\u00c7\u00c3O LEGISLATIVA","acao":"INDENIZA\u00c7\u00d5ES E RESTITUI\u00c7\u00d5ES DIVERSAS (FMS)","ident_acao":"Atividade","cat_econ":"Despesa Corrente","natureza_despesa":"Outras Despesas Correntes","modalidade_despesa":"Aplica\u00e7\u00f5es Diretas","elemento_despesa":"Outros Servi\u00e7os de Terceiros - Pessoa Jur\u00eddica","sub_elem_desp":"SEM SUBELEMENTO","fonte_recurso":"Recursos do Exerc\u00edcio Corrente \/ Outros Recursos n\u00e3o Vinculados \/ -"},{"ano_emissao_emp":"2023","n_emp":"0000453","data_emissao":"28\/11\/2023","valor":"840,00","tipo_empenho":"Ordin\u00e1rio","hist_emp":"Custeio com a aquisicao de 24 (vinte e quatro) cartuchos de tinta para impressoras, destinados a suprir as necessidades desta Camara de Vereadores. Dispensa de licitacao em razao do valor, artigo 75, inciso 2\u00ba da Lei 14.133\/21.","fornecedor":"ANDERSON ARAUJO CHAGAS RECARGAS E TONER","denom_uni_orc":"CORPO DELIBERATIVO E SECRETARIA","funcao":"Legislativa","sub_funcao":"A\u00e7\u00e3o Legislativa","programa":"A\u00c7\u00c3O LEGISLATIVA","acao":"AQUISI\u00c7\u00c3O DE M\u00d3VEIS, M\u00c1QUINAS E EQUIPAMENTOS DIVERSOS PARA O CONSELHO","ident_acao":"Atividade","cat_econ":"Despesa Corrente","natureza_despesa":"Outras Despesas Correntes","modalidade_despesa":"Aplica\u00e7\u00f5es Diretas","elemento_despesa":"Material de Consumo","sub_elem_desp":"SEM SUBELEMENTO","fonte_recurso":"Recursos do Exerc\u00edcio Corrente \/ Outros Recursos n\u00e3o Vinculados \/ -"},{"ano_emissao_emp":"2023","n_emp":"0000453","data_emissao":"28\/11\/2023","valor":"840,00","tipo_empenho":"Ordin\u00e1rio","hist_emp":"Custeio com a aquisicao de 24 (vinte e quatro) cartuchos de tinta para impressoras, destinados a suprir as necessidades desta Camara de Vereadores. Dispensa de licitacao em razao do valor, artigo 75, inciso 2\u00ba da Lei 14.133\/21.","fornecedor":"ANDERSON ARAUJO CHAGAS RECARGAS E TONER","denom_uni_orc":"CORPO DELIBERATIVO E SECRETARIA","funcao":"Legislativa","sub_funcao":"A\u00e7\u00e3o Legislativa","programa":"A\u00c7\u00c3O LEGISLATIVA","acao":"MANUTEN\u00c7\u00c3O DAS ATIVIDADES ADMINISTRATIVAS","ident_acao":"Atividade","cat_econ":"Despesa Corrente","natureza_despesa":"Outras Despesas Correntes","modalidade_despesa":"Aplica\u00e7\u00f5es Diretas","elemento_despesa":"Material de Consumo","sub_elem_desp":"SEM SUBELEMENTO","fonte_recurso":"Recursos do Exerc\u00edcio Corrente \/ Outros Recursos n\u00e3o Vinculados \/ -"},{"ano_emissao_emp":"2023","n_emp":"0000453","data_emissao":"28\/11\/2023","valor":"840,00","tipo_empenho":"Ordin\u00e1rio","hist_emp":"Custeio com a aquisicao de 24 (vinte e quatro) cartuchos de tinta para impressoras, destinados a suprir as necessidades desta Camara de Vereadores. Dispensa de licitacao em razao do valor, artigo 75, inciso 2\u00ba da Lei 14.133\/21.","fornecedor":"ANDERSON ARAUJO CHAGAS RECARGAS E TONER","denom_uni_orc":"CORPO DELIBERATIVO E SECRETARIA","funcao":"Legislativa","sub_funcao":"A\u00e7\u00e3o Legislativa","programa":"A\u00c7\u00c3O LEGISLATIVA","acao":"INDENIZA\u00c7\u00d5ES E RESTITUI\u00c7\u00d5ES DIVERSAS (FMS)","ident_acao":"Atividade","cat_econ":"Despesa Corrente","natureza_despesa":"Outras Despesas Correntes","modalidade_despesa":"Aplica\u00e7\u00f5es Diretas","elemento_despesa":"Material de Consumo","sub_elem_desp":"SEM SUBELEMENTO","fonte_recurso":"Recursos do Exerc\u00edcio Corrente \/ Outros Recursos n\u00e3o Vinculados \/ -"},{"ano_emissao_emp":"2023","n_emp":"0000454","data_emissao":"01\/12\/2023","valor":"1.200,00","tipo_empenho":"Ordin\u00e1rio","hist_emp":"Custeio com inscricao de 06 (seis) vereadores- Gilson Juliao, Nailson Ramos, Emanuel Rammos, Jose Ademir, Jessyca Cavalcanti e Rosangela Santos, no 3\u00ba ENCONTRO NACIONAL DE FORMA\u00c7\u00c3O CONTINUADA PARA CONSELHEIROS TUTELARES E DE DIREITO, E ATORES DO SGDCA, que ocorrera nos dias 01, 02, 03 e 04 de Dezembro de 2023, no Altas Horas Outlet, em Sta Cruz do Capibaribe-PE. Dispensa de licitacao em razao do valor, artigo 75, inciso 2\u00ba da Lei 14.133\/21.","fornecedor":"MARIA DAS DORES INACIO DA SILVA","denom_uni_orc":"CORPO DELIBERATIVO E SECRETARIA","funcao":"Legislativa","sub_funcao":"A\u00e7\u00e3o Legislativa","programa":"A\u00c7\u00c3O LEGISLATIVA","acao":"AQUISI\u00c7\u00c3O DE M\u00d3VEIS, M\u00c1QUINAS E EQUIPAMENTOS DIVERSOS PARA O CONSELHO","ident_acao":"Atividade","cat_econ":"Despesa Corrente","natureza_despesa":"Outras Despesas Correntes","modalidade_despesa":"Aplica\u00e7\u00f5es Diretas","elemento_despesa":"Outros Servi\u00e7os de Terceiros - Pessoa Jur\u00eddica","sub_elem_desp":"SEM SUBELEMENTO","fonte_recurso":"Recursos do Exerc\u00edcio Corrente \/ Outros Recursos n\u00e3o Vinculados \/ -"},{"ano_emissao_emp":"2023","n_emp":"0000454","data_emissao":"01\/12\/2023","valor":"1.200,00","tipo_empenho":"Ordin\u00e1rio","hist_emp":"Custeio com inscricao de 06 (seis) vereadores- Gilson Juliao, Nailson Ramos, Emanuel Rammos, Jose Ademir, Jessyca Cavalcanti e Rosangela Santos, no 3\u00ba ENCONTRO NACIONAL DE FORMA\u00c7\u00c3O CONTINUADA PARA CONSELHEIROS TUTELARES E DE DIREITO, E ATORES DO SGDCA, que ocorrera nos dias 01, 02, 03 e 04 de Dezembro de 2023, no Altas Horas Outlet, em Sta Cruz do Capibaribe-PE. Dispensa de licitacao em razao do valor, artigo 75, inciso 2\u00ba da Lei 14.133\/21.","fornecedor":"MARIA DAS DORES INACIO DA SILVA","denom_uni_orc":"CORPO DELIBERATIVO E SECRETARIA","funcao":"Legislativa","sub_funcao":"A\u00e7\u00e3o Legislativa","programa":"A\u00c7\u00c3O LEGISLATIVA","acao":"MANUTEN\u00c7\u00c3O DAS ATIVIDADES ADMINISTRATIVAS","ident_acao":"Atividade","cat_econ":"Despesa Corrente","natureza_despesa":"Outras Despesas Correntes","modalidade_despesa":"Aplica\u00e7\u00f5es Diretas","elemento_despesa":"Outros Servi\u00e7os de Terceiros - Pessoa Jur\u00eddica","sub_elem_desp":"SEM SUBELEMENTO","fonte_recurso":"Recursos do Exerc\u00edcio Corrente \/ Outros Recursos n\u00e3o Vinculados \/ -"},{"ano_emissao_emp":"2023","n_emp":"0000454","data_emissao":"01\/12\/2023","valor":"1.200,00","tipo_empenho":"Ordin\u00e1rio","hist_emp":"Custeio com inscricao de 06 (seis) vereadores- Gilson Juliao, Nailson Ramos, Emanuel Rammos, Jose Ademir, Jessyca Cavalcanti e Rosangela Santos, no 3\u00ba ENCONTRO NACIONAL DE FORMA\u00c7\u00c3O CONTINUADA PARA CONSELHEIROS TUTELARES E DE DIREITO, E ATORES DO SGDCA, que ocorrera nos dias 01, 02, 03 e 04 de Dezembro de 2023, no Altas Horas Outlet, em Sta Cruz do Capibaribe-PE. Dispensa de licitacao em razao do valor, artigo 75, inciso 2\u00ba da Lei 14.133\/21.","fornecedor":"MARIA DAS DORES INACIO DA SILVA","denom_uni_orc":"CORPO DELIBERATIVO E SECRETARIA","funcao":"Legislativa","sub_funcao":"A\u00e7\u00e3o Legislativa","programa":"A\u00c7\u00c3O LEGISLATIVA","acao":"INDENIZA\u00c7\u00d5ES E RESTITUI\u00c7\u00d5ES DIVERSAS (FMS)","ident_acao":"Atividade","cat_econ":"Despesa Corrente","natureza_despesa":"Outras Despesas Correntes","modalidade_despesa":"Aplica\u00e7\u00f5es Diretas","elemento_despesa":"Outros Servi\u00e7os de Terceiros - Pessoa Jur\u00eddica","sub_elem_desp":"SEM SUBELEMENTO","fonte_recurso":"Recursos do Exerc\u00edcio Corrente \/ Outros Recursos n\u00e3o Vinculados \/ -"},{"ano_emissao_emp":"2023","n_emp":"0000455","data_emissao":"01\/12\/2023","valor":"9.651,58","tipo_empenho":"Ordin\u00e1rio","hist_emp":"Custeio com aquisicao de 01 (um) ar-condicionado de 30.000 BTUs e 02 (duas) cortinas de ar. O ar-condicionado e 01 (uma) cortina de ar serao instalados na recepcao do anexo educacional desta Casa de Leis (CIDATEC). 01 (uma) cortina de ar sera instalada no plenario desta Casa de Leis. O valor total inclui o custo do transporte para a entrega dos itens. Dispensa de licitacao em razao do valor, artigo 75, inciso 2\u00ba da Lei 14.133\/21.","fornecedor":"REFRIGERACAO DUFRIO COMERCIO E IMPORTACAO S.A.","denom_uni_orc":"CORPO DELIBERATIVO E SECRETARIA","funcao":"Legislativa","sub_funcao":"A\u00e7\u00e3o Legislativa","programa":"A\u00c7\u00c3O LEGISLATIVA","acao":"REEQUIPAMENTO DA UNIDADE","ident_acao":"Projeto","cat_econ":"Despesa de Capital","natureza_despesa":"Investimentos","modalidade_despesa":"Aplica\u00e7\u00f5es Diretas","elemento_despesa":"Equipamentos e Material Permanente","sub_elem_desp":"SEM SUBELEMENTO","fonte_recurso":"Recursos do Exerc\u00edcio Corrente \/ Outros Recursos n\u00e3o Vinculados \/ -"},{"ano_emissao_emp":"2023","n_emp":"0000455","data_emissao":"01\/12\/2023","valor":"9.651,58","tipo_empenho":"Ordin\u00e1rio","hist_emp":"Custeio com aquisicao de 01 (um) ar-condicionado de 30.000 BTUs e 02 (duas) cortinas de ar. O ar-condicionado e 01 (uma) cortina de ar serao instalados na recepcao do anexo educacional desta Casa de Leis (CIDATEC). 01 (uma) cortina de ar sera instalada no plenario desta Casa de Leis. O valor total inclui o custo do transporte para a entrega dos itens. Dispensa de licitacao em razao do valor, artigo 75, inciso 2\u00ba da Lei 14.133\/21.","fornecedor":"REFRIGERACAO DUFRIO COMERCIO E IMPORTACAO S.A.","denom_uni_orc":"CORPO DELIBERATIVO E SECRETARIA","funcao":"Legislativa","sub_funcao":"A\u00e7\u00e3o Legislativa","programa":"A\u00c7\u00c3O LEGISLATIVA","acao":"INDENIZA\u00c7\u00d5ES E RESTITUI\u00c7\u00d5ES DO RPPS","ident_acao":"Projeto","cat_econ":"Despesa de Capital","natureza_despesa":"Investimentos","modalidade_despesa":"Aplica\u00e7\u00f5es Diretas","elemento_despesa":"Equipamentos e Material Permanente","sub_elem_desp":"SEM SUBELEMENTO","fonte_recurso":"Recursos do Exerc\u00edcio Corrente \/ Outros Recursos n\u00e3o Vinculados \/ -"},{"ano_emissao_emp":"2023","n_emp":"0000455","data_emissao":"01\/12\/2023","valor":"9.651,58","tipo_empenho":"Ordin\u00e1rio","hist_emp":"Custeio com aquisicao de 01 (um) ar-condicionado de 30.000 BTUs e 02 (duas) cortinas de ar. O ar-condicionado e 01 (uma) cortina de ar serao instalados na recepcao do anexo educacional desta Casa de Leis (CIDATEC). 01 (uma) cortina de ar sera instalada no plenario desta Casa de Leis. O valor total inclui o custo do transporte para a entrega dos itens. Dispensa de licitacao em razao do valor, artigo 75, inciso 2\u00ba da Lei 14.133\/21.","fornecedor":"REFRIGERACAO DUFRIO COMERCIO E IMPORTACAO S.A.","denom_uni_orc":"CORPO DELIBERATIVO E SECRETARIA","funcao":"Legislativa","sub_funcao":"A\u00e7\u00e3o Legislativa","programa":"A\u00c7\u00c3O LEGISLATIVA","acao":"AMORTIZA\u00c7\u00c3O DA D\u00cdVIDA P\u00daBLICA CONSOLIDADA","ident_acao":"Projeto","cat_econ":"Despesa de Capital","natureza_despesa":"Investimentos","modalidade_despesa":"Aplica\u00e7\u00f5es Diretas","elemento_despesa":"Equipamentos e Material Permanente","sub_elem_desp":"SEM SUBELEMENTO","fonte_recurso":"Recursos do Exerc\u00edcio Corrente \/ Outros Recursos n\u00e3o Vinculados \/ -"},{"ano_emissao_emp":"2023","n_emp":"0000456","data_emissao":"01\/12\/2023","valor":"35,20","tipo_empenho":"Ordin\u00e1rio","hist_emp":"Custeio com a manutencao da hospedagem do site desta Camara de Vereadores de janairo a marco do ano vindoro. Dispensa de licitacao em razao do valor,  artigo 75, inciso 2\u00ba da Lei 14.133\/21.","fornecedor":"BRS SP SUPRIMENTOS CORPORATIVOS LTDA.","denom_uni_orc":"CORPO DELIBERATIVO E SECRETARIA","funcao":"Legislativa","sub_funcao":"A\u00e7\u00e3o Legislativa","programa":"A\u00c7\u00c3O LEGISLATIVA","acao":"AQUISI\u00c7\u00c3O DE M\u00d3VEIS, M\u00c1QUINAS E EQUIPAMENTOS DIVERSOS PARA O CONSELHO","ident_acao":"Atividade","cat_econ":"Despesa Corrente","natureza_despesa":"Outras Despesas Correntes","modalidade_despesa":"Aplica\u00e7\u00f5es Diretas","elemento_despesa":"Outros Servi\u00e7os de Terceiros - Pessoa Jur\u00eddica","sub_elem_desp":"SEM SUBELEMENTO","fonte_recurso":"Recursos do Exerc\u00edcio Corrente \/ Outros Recursos n\u00e3o Vinculados \/ -"},{"ano_emissao_emp":"2023","n_emp":"0000456","data_emissao":"01\/12\/2023","valor":"35,20","tipo_empenho":"Ordin\u00e1rio","hist_emp":"Custeio com a manutencao da hospedagem do site desta Camara de Vereadores de janairo a marco do ano vindoro. Dispensa de licitacao em razao do valor,  artigo 75, inciso 2\u00ba da Lei 14.133\/21.","fornecedor":"BRS SP SUPRIMENTOS CORPORATIVOS LTDA.","denom_uni_orc":"CORPO DELIBERATIVO E SECRETARIA","funcao":"Legislativa","sub_funcao":"A\u00e7\u00e3o Legislativa","programa":"A\u00c7\u00c3O LEGISLATIVA","acao":"MANUTEN\u00c7\u00c3O DAS ATIVIDADES ADMINISTRATIVAS","ident_acao":"Atividade","cat_econ":"Despesa Corrente","natureza_despesa":"Outras Despesas Correntes","modalidade_despesa":"Aplica\u00e7\u00f5es Diretas","elemento_despesa":"Outros Servi\u00e7os de Terceiros - Pessoa Jur\u00eddica","sub_elem_desp":"SEM SUBELEMENTO","fonte_recurso":"Recursos do Exerc\u00edcio Corrente \/ Outros Recursos n\u00e3o Vinculados \/ -"},{"ano_emissao_emp":"2023","n_emp":"0000456","data_emissao":"01\/12\/2023","valor":"35,20","tipo_empenho":"Ordin\u00e1rio","hist_emp":"Custeio com a manutencao da hospedagem do site desta Camara de Vereadores de janairo a marco do ano vindoro. Dispensa de licitacao em razao do valor,  artigo 75, inciso 2\u00ba da Lei 14.133\/21.","fornecedor":"BRS SP SUPRIMENTOS CORPORATIVOS LTDA.","denom_uni_orc":"CORPO DELIBERATIVO E SECRETARIA","funcao":"Legislativa","sub_funcao":"A\u00e7\u00e3o Legislativa","programa":"A\u00c7\u00c3O LEGISLATIVA","acao":"INDENIZA\u00c7\u00d5ES E RESTITUI\u00c7\u00d5ES DIVERSAS (FMS)","ident_acao":"Atividade","cat_econ":"Despesa Corrente","natureza_despesa":"Outras Despesas Correntes","modalidade_despesa":"Aplica\u00e7\u00f5es Diretas","elemento_despesa":"Outros Servi\u00e7os de Terceiros - Pessoa Jur\u00eddica","sub_elem_desp":"SEM SUBELEMENTO","fonte_recurso":"Recursos do Exerc\u00edcio Corrente \/ Outros Recursos n\u00e3o Vinculados \/ -"},{"ano_emissao_emp":"2023","n_emp":"0000457","data_emissao":"04\/12\/2023","valor":"3.674,79","tipo_empenho":"Ordin\u00e1rio","hist_emp":"Custeio com confeccao de 02 adesivos 3,03X2,39 para a nova sala do presidente, arte elaborada pelo setor de comunicacao- 05 banners 8,80X1,20- 01 banner 0,30x0,70- 01 lona para evento de robotica em 06\/12\/2023- e 03 adesivos de parede para a nova sala da tesouraria, contabilidade e procuradoria, sendo 01 adesivo recorte 1,27X6,90, 01 adesivo mascara de transferencia 1,27X6,90 e 01 adesivo recorte 2,96X2,37. Dispensa de licitacao mediante valor, artigo 75, inciso 2\u00ba da Lei 14.133\/21.","fornecedor":"SIGN COMUNICA\u00c7\u00c3O VISUAL LTDA","denom_uni_orc":"CORPO DELIBERATIVO E SECRETARIA","funcao":"Legislativa","sub_funcao":"A\u00e7\u00e3o Legislativa","programa":"A\u00c7\u00c3O LEGISLATIVA","acao":"AQUISI\u00c7\u00c3O DE M\u00d3VEIS, M\u00c1QUINAS E EQUIPAMENTOS DIVERSOS PARA O CONSELHO","ident_acao":"Atividade","cat_econ":"Despesa Corrente","natureza_despesa":"Outras Despesas Correntes","modalidade_despesa":"Aplica\u00e7\u00f5es Diretas","elemento_despesa":"Outros Servi\u00e7os de Terceiros - Pessoa Jur\u00eddica","sub_elem_desp":"SEM SUBELEMENTO","fonte_recurso":"Recursos do Exerc\u00edcio Corrente \/ Outros Recursos n\u00e3o Vinculados \/ -"},{"ano_emissao_emp":"2023","n_emp":"0000457","data_emissao":"04\/12\/2023","valor":"3.674,79","tipo_empenho":"Ordin\u00e1rio","hist_emp":"Custeio com confeccao de 02 adesivos 3,03X2,39 para a nova sala do presidente, arte elaborada pelo setor de comunicacao- 05 banners 8,80X1,20- 01 banner 0,30x0,70- 01 lona para evento de robotica em 06\/12\/2023- e 03 adesivos de parede para a nova sala da tesouraria, contabilidade e procuradoria, sendo 01 adesivo recorte 1,27X6,90, 01 adesivo mascara de transferencia 1,27X6,90 e 01 adesivo recorte 2,96X2,37. Dispensa de licitacao mediante valor, artigo 75, inciso 2\u00ba da Lei 14.133\/21.","fornecedor":"SIGN COMUNICA\u00c7\u00c3O VISUAL LTDA","denom_uni_orc":"CORPO DELIBERATIVO E SECRETARIA","funcao":"Legislativa","sub_funcao":"A\u00e7\u00e3o Legislativa","programa":"A\u00c7\u00c3O LEGISLATIVA","acao":"MANUTEN\u00c7\u00c3O DAS ATIVIDADES ADMINISTRATIVAS","ident_acao":"Atividade","cat_econ":"Despesa Corrente","natureza_despesa":"Outras Despesas Correntes","modalidade_despesa":"Aplica\u00e7\u00f5es Diretas","elemento_despesa":"Outros Servi\u00e7os de Terceiros - Pessoa Jur\u00eddica","sub_elem_desp":"SEM SUBELEMENTO","fonte_recurso":"Recursos do Exerc\u00edcio Corrente \/ Outros Recursos n\u00e3o Vinculados \/ -"},{"ano_emissao_emp":"2023","n_emp":"0000457","data_emissao":"04\/12\/2023","valor":"3.674,79","tipo_empenho":"Ordin\u00e1rio","hist_emp":"Custeio com confeccao de 02 adesivos 3,03X2,39 para a nova sala do presidente, arte elaborada pelo setor de comunicacao- 05 banners 8,80X1,20- 01 banner 0,30x0,70- 01 lona para evento de robotica em 06\/12\/2023- e 03 adesivos de parede para a nova sala da tesouraria, contabilidade e procuradoria, sendo 01 adesivo recorte 1,27X6,90, 01 adesivo mascara de transferencia 1,27X6,90 e 01 adesivo recorte 2,96X2,37. Dispensa de licitacao mediante valor, artigo 75, inciso 2\u00ba da Lei 14.133\/21.","fornecedor":"SIGN COMUNICA\u00c7\u00c3O VISUAL LTDA","denom_uni_orc":"CORPO DELIBERATIVO E SECRETARIA","funcao":"Legislativa","sub_funcao":"A\u00e7\u00e3o Legislativa","programa":"A\u00c7\u00c3O LEGISLATIVA","acao":"INDENIZA\u00c7\u00d5ES E RESTITUI\u00c7\u00d5ES DIVERSAS (FMS)","ident_acao":"Atividade","cat_econ":"Despesa Corrente","natureza_despesa":"Outras Despesas Correntes","modalidade_despesa":"Aplica\u00e7\u00f5es Diretas","elemento_despesa":"Outros Servi\u00e7os de Terceiros - Pessoa Jur\u00eddica","sub_elem_desp":"SEM SUBELEMENTO","fonte_recurso":"Recursos do Exerc\u00edcio Corrente \/ Outros Recursos n\u00e3o Vinculados \/ -"},{"ano_emissao_emp":"2023","n_emp":"0000458","data_emissao":"04\/12\/2023","valor":"2.040,00","tipo_empenho":"Ordin\u00e1rio","hist_emp":"Custeio com prestacao de servico de manutencao das impressoras tipo Epson utilizadas na Secretaria e nos gabinetes dos vereadores, bem como recarga de toners desta casa. Dispensa de licitacao em razao do valor, artigo 75, inciso 2\u00ba da Lei 14.133\/21.","fornecedor":"ANDERSON ARAUJO CHAGAS RECARGAS E TONER","denom_uni_orc":"CORPO DELIBERATIVO E SECRETARIA","funcao":"Legislativa","sub_funcao":"A\u00e7\u00e3o Legislativa","programa":"A\u00c7\u00c3O LEGISLATIVA","acao":"AQUISI\u00c7\u00c3O DE M\u00d3VEIS, M\u00c1QUINAS E EQUIPAMENTOS DIVERSOS PARA O CONSELHO","ident_acao":"Atividade","cat_econ":"Despesa Corrente","natureza_despesa":"Outras Despesas Correntes","modalidade_despesa":"Aplica\u00e7\u00f5es Diretas","elemento_despesa":"Outros Servi\u00e7os de Terceiros - Pessoa Jur\u00eddica","sub_elem_desp":"SEM SUBELEMENTO","fonte_recurso":"Recursos do Exerc\u00edcio Corrente \/ Outros Recursos n\u00e3o Vinculados \/ -"},{"ano_emissao_emp":"2023","n_emp":"0000458","data_emissao":"04\/12\/2023","valor":"2.040,00","tipo_empenho":"Ordin\u00e1rio","hist_emp":"Custeio com prestacao de servico de manutencao das impressoras tipo Epson utilizadas na Secretaria e nos gabinetes dos vereadores, bem como recarga de toners desta casa. Dispensa de licitacao em razao do valor, artigo 75, inciso 2\u00ba da Lei 14.133\/21.","fornecedor":"ANDERSON ARAUJO CHAGAS RECARGAS E TONER","denom_uni_orc":"CORPO DELIBERATIVO E SECRETARIA","funcao":"Legislativa","sub_funcao":"A\u00e7\u00e3o Legislativa","programa":"A\u00c7\u00c3O LEGISLATIVA","acao":"MANUTEN\u00c7\u00c3O DAS ATIVIDADES ADMINISTRATIVAS","ident_acao":"Atividade","cat_econ":"Despesa Corrente","natureza_despesa":"Outras Despesas Correntes","modalidade_despesa":"Aplica\u00e7\u00f5es Diretas","elemento_despesa":"Outros Servi\u00e7os de Terceiros - Pessoa Jur\u00eddica","sub_elem_desp":"SEM SUBELEMENTO","fonte_recurso":"Recursos do Exerc\u00edcio Corrente \/ Outros Recursos n\u00e3o Vinculados \/ -"},{"ano_emissao_emp":"2023","n_emp":"0000458","data_emissao":"04\/12\/2023","valor":"2.040,00","tipo_empenho":"Ordin\u00e1rio","hist_emp":"Custeio com prestacao de servico de manutencao das impressoras tipo Epson utilizadas na Secretaria e nos gabinetes dos vereadores, bem como recarga de toners desta casa. Dispensa de licitacao em razao do valor, artigo 75, inciso 2\u00ba da Lei 14.133\/21.","fornecedor":"ANDERSON ARAUJO CHAGAS RECARGAS E TONER","denom_uni_orc":"CORPO DELIBERATIVO E SECRETARIA","funcao":"Legislativa","sub_funcao":"A\u00e7\u00e3o Legislativa","programa":"A\u00c7\u00c3O LEGISLATIVA","acao":"INDENIZA\u00c7\u00d5ES E RESTITUI\u00c7\u00d5ES DIVERSAS (FMS)","ident_acao":"Atividade","cat_econ":"Despesa Corrente","natureza_despesa":"Outras Despesas Correntes","modalidade_despesa":"Aplica\u00e7\u00f5es Diretas","elemento_despesa":"Outros Servi\u00e7os de Terceiros - Pessoa Jur\u00eddica","sub_elem_desp":"SEM SUBELEMENTO","fonte_recurso":"Recursos do Exerc\u00edcio Corrente \/ Outros Recursos n\u00e3o Vinculados \/ -"},{"ano_emissao_emp":"2023","n_emp":"0000459","data_emissao":"04\/12\/2023","valor":"2.760,00","tipo_empenho":"Ordin\u00e1rio","hist_emp":"Servico de locacao de 40 (quarenta) cadeiras e 30 (trinta) mesas de plastico e 04 (quatro) estruturas de grid 2x2, para o evento 1\u00aa Mostra de Robotica do Cidatec, que acontecera no dia 06 de dezembro do ano corrente, Dispensa de licitacao em razao do valor, artigo 75, inciso 2\u00ba da Lei 14.133\/21.","fornecedor":"KESSIA B BATISTA DE SOUZA","denom_uni_orc":"CORPO DELIBERATIVO E SECRETARIA","funcao":"Legislativa","sub_funcao":"A\u00e7\u00e3o Legislativa","programa":"A\u00c7\u00c3O LEGISLATIVA","acao":"AQUISI\u00c7\u00c3O DE M\u00d3VEIS, M\u00c1QUINAS E EQUIPAMENTOS DIVERSOS PARA O CONSELHO","ident_acao":"Atividade","cat_econ":"Despesa Corrente","natureza_despesa":"Outras Despesas Correntes","modalidade_despesa":"Aplica\u00e7\u00f5es Diretas","elemento_despesa":"Outros Servi\u00e7os de Terceiros - Pessoa Jur\u00eddica","sub_elem_desp":"SEM SUBELEMENTO","fonte_recurso":"Recursos do Exerc\u00edcio Corrente \/ Outros Recursos n\u00e3o Vinculados \/ -"},{"ano_emissao_emp":"2023","n_emp":"0000459","data_emissao":"04\/12\/2023","valor":"2.760,00","tipo_empenho":"Ordin\u00e1rio","hist_emp":"Servico de locacao de 40 (quarenta) cadeiras e 30 (trinta) mesas de plastico e 04 (quatro) estruturas de grid 2x2, para o evento 1\u00aa Mostra de Robotica do Cidatec, que acontecera no dia 06 de dezembro do ano corrente, Dispensa de licitacao em razao do valor, artigo 75, inciso 2\u00ba da Lei 14.133\/21.","fornecedor":"KESSIA B BATISTA DE SOUZA","denom_uni_orc":"CORPO DELIBERATIVO E SECRETARIA","funcao":"Legislativa","sub_funcao":"A\u00e7\u00e3o Legislativa","programa":"A\u00c7\u00c3O LEGISLATIVA","acao":"MANUTEN\u00c7\u00c3O DAS ATIVIDADES ADMINISTRATIVAS","ident_acao":"Atividade","cat_econ":"Despesa Corrente","natureza_despesa":"Outras Despesas Correntes","modalidade_despesa":"Aplica\u00e7\u00f5es Diretas","elemento_despesa":"Outros Servi\u00e7os de Terceiros - Pessoa Jur\u00eddica","sub_elem_desp":"SEM SUBELEMENTO","fonte_recurso":"Recursos do Exerc\u00edcio Corrente \/ Outros Recursos n\u00e3o Vinculados \/ -"},{"ano_emissao_emp":"2023","n_emp":"0000459","data_emissao":"04\/12\/2023","valor":"2.760,00","tipo_empenho":"Ordin\u00e1rio","hist_emp":"Servico de locacao de 40 (quarenta) cadeiras e 30 (trinta) mesas de plastico e 04 (quatro) estruturas de grid 2x2, para o evento 1\u00aa Mostra de Robotica do Cidatec, que acontecera no dia 06 de dezembro do ano corrente, Dispensa de licitacao em razao do valor, artigo 75, inciso 2\u00ba da Lei 14.133\/21.","fornecedor":"KESSIA B BATISTA DE SOUZA","denom_uni_orc":"CORPO DELIBERATIVO E SECRETARIA","funcao":"Legislativa","sub_funcao":"A\u00e7\u00e3o Legislativa","programa":"A\u00c7\u00c3O LEGISLATIVA","acao":"INDENIZA\u00c7\u00d5ES E RESTITUI\u00c7\u00d5ES DIVERSAS (FMS)","ident_acao":"Atividade","cat_econ":"Despesa Corrente","natureza_despesa":"Outras Despesas Correntes","modalidade_despesa":"Aplica\u00e7\u00f5es Diretas","elemento_despesa":"Outros Servi\u00e7os de Terceiros - Pessoa Jur\u00eddica","sub_elem_desp":"SEM SUBELEMENTO","fonte_recurso":"Recursos do Exerc\u00edcio Corrente \/ Outros Recursos n\u00e3o Vinculados \/ -"},{"ano_emissao_emp":"2023","n_emp":"0000460","data_emissao":"05\/12\/2023","valor":"5.325,70","tipo_empenho":"Ordin\u00e1rio","hist_emp":"Custeio com aquisicao de materiais de consumo relacionados abaixo. Destinado a reestruturacao da nova sala de tesouraria. Dispensa de licitacao em razao do valor, conforme o artigo 75, inciso 2\u00ba da Lei 14.133\/21.","fornecedor":"JCL LAJES E MATERIAIS PARA CONSTRU\u00c7\u00c3O LTDA","denom_uni_orc":"CORPO DELIBERATIVO E SECRETARIA","funcao":"Legislativa","sub_funcao":"A\u00e7\u00e3o Legislativa","programa":"A\u00c7\u00c3O LEGISLATIVA","acao":"AQUISI\u00c7\u00c3O DE M\u00d3VEIS, M\u00c1QUINAS E EQUIPAMENTOS DIVERSOS PARA O CONSELHO","ident_acao":"Atividade","cat_econ":"Despesa Corrente","natureza_despesa":"Outras Despesas Correntes","modalidade_despesa":"Aplica\u00e7\u00f5es Diretas","elemento_despesa":"Material de Consumo","sub_elem_desp":"SEM SUBELEMENTO","fonte_recurso":"Recursos do Exerc\u00edcio Corrente \/ Outros Recursos n\u00e3o Vinculados \/ -"},{"ano_emissao_emp":"2023","n_emp":"0000460","data_emissao":"05\/12\/2023","valor":"5.325,70","tipo_empenho":"Ordin\u00e1rio","hist_emp":"Custeio com aquisicao de materiais de consumo relacionados abaixo. Destinado a reestruturacao da nova sala de tesouraria. Dispensa de licitacao em razao do valor, conforme o artigo 75, inciso 2\u00ba da Lei 14.133\/21.","fornecedor":"JCL LAJES E MATERIAIS PARA CONSTRU\u00c7\u00c3O LTDA","denom_uni_orc":"CORPO DELIBERATIVO E SECRETARIA","funcao":"Legislativa","sub_funcao":"A\u00e7\u00e3o Legislativa","programa":"A\u00c7\u00c3O LEGISLATIVA","acao":"MANUTEN\u00c7\u00c3O DAS ATIVIDADES ADMINISTRATIVAS","ident_acao":"Atividade","cat_econ":"Despesa Corrente","natureza_despesa":"Outras Despesas Correntes","modalidade_despesa":"Aplica\u00e7\u00f5es Diretas","elemento_despesa":"Material de Consumo","sub_elem_desp":"SEM SUBELEMENTO","fonte_recurso":"Recursos do Exerc\u00edcio Corrente \/ Outros Recursos n\u00e3o Vinculados \/ -"},{"ano_emissao_emp":"2023","n_emp":"0000460","data_emissao":"05\/12\/2023","valor":"5.325,70","tipo_empenho":"Ordin\u00e1rio","hist_emp":"Custeio com aquisicao de materiais de consumo relacionados abaixo. Destinado a reestruturacao da nova sala de tesouraria. Dispensa de licitacao em razao do valor, conforme o artigo 75, inciso 2\u00ba da Lei 14.133\/21.","fornecedor":"JCL LAJES E MATERIAIS PARA CONSTRU\u00c7\u00c3O LTDA","denom_uni_orc":"CORPO DELIBERATIVO E SECRETARIA","funcao":"Legislativa","sub_funcao":"A\u00e7\u00e3o Legislativa","programa":"A\u00c7\u00c3O LEGISLATIVA","acao":"INDENIZA\u00c7\u00d5ES E RESTITUI\u00c7\u00d5ES DIVERSAS (FMS)","ident_acao":"Atividade","cat_econ":"Despesa Corrente","natureza_despesa":"Outras Despesas Correntes","modalidade_despesa":"Aplica\u00e7\u00f5es Diretas","elemento_despesa":"Material de Consumo","sub_elem_desp":"SEM SUBELEMENTO","fonte_recurso":"Recursos do Exerc\u00edcio Corrente \/ Outros Recursos n\u00e3o Vinculados \/ -"},{"ano_emissao_emp":"2023","n_emp":"0000461","data_emissao":"05\/12\/2023","valor":"3.669,56","tipo_empenho":"Ordin\u00e1rio","hist_emp":"Custeio com aquisicao de materiais para a reforma do piso na sala resultante da juncao da Contabilidade, Tesouraria e Procuradoria desta Casa de Leis. Dispensa de licitacao em razao do valor, conforme o artigo 75, inciso 2\u00ba da Lei 14.133\/21.","fornecedor":"REFORMA RAPIDA COMERCIO LTDA","denom_uni_orc":"CORPO DELIBERATIVO E SECRETARIA","funcao":"Legislativa","sub_funcao":"A\u00e7\u00e3o Legislativa","programa":"A\u00c7\u00c3O LEGISLATIVA","acao":"AQUISI\u00c7\u00c3O DE M\u00d3VEIS, M\u00c1QUINAS E EQUIPAMENTOS DIVERSOS PARA O CONSELHO","ident_acao":"Atividade","cat_econ":"Despesa Corrente","natureza_despesa":"Outras Despesas Correntes","modalidade_despesa":"Aplica\u00e7\u00f5es Diretas","elemento_despesa":"Material de Consumo","sub_elem_desp":"SEM SUBELEMENTO","fonte_recurso":"Recursos do Exerc\u00edcio Corrente \/ Outros Recursos n\u00e3o Vinculados \/ -"},{"ano_emissao_emp":"2023","n_emp":"0000461","data_emissao":"05\/12\/2023","valor":"3.669,56","tipo_empenho":"Ordin\u00e1rio","hist_emp":"Custeio com aquisicao de materiais para a reforma do piso na sala resultante da juncao da Contabilidade, Tesouraria e Procuradoria desta Casa de Leis. Dispensa de licitacao em razao do valor, conforme o artigo 75, inciso 2\u00ba da Lei 14.133\/21.","fornecedor":"REFORMA RAPIDA COMERCIO LTDA","denom_uni_orc":"CORPO DELIBERATIVO E SECRETARIA","funcao":"Legislativa","sub_funcao":"A\u00e7\u00e3o Legislativa","programa":"A\u00c7\u00c3O LEGISLATIVA","acao":"MANUTEN\u00c7\u00c3O DAS ATIVIDADES ADMINISTRATIVAS","ident_acao":"Atividade","cat_econ":"Despesa Corrente","natureza_despesa":"Outras Despesas Correntes","modalidade_despesa":"Aplica\u00e7\u00f5es Diretas","elemento_despesa":"Material de Consumo","sub_elem_desp":"SEM SUBELEMENTO","fonte_recurso":"Recursos do Exerc\u00edcio Corrente \/ Outros Recursos n\u00e3o Vinculados \/ -"},{"ano_emissao_emp":"2023","n_emp":"0000461","data_emissao":"05\/12\/2023","valor":"3.669,56","tipo_empenho":"Ordin\u00e1rio","hist_emp":"Custeio com aquisicao de materiais para a reforma do piso na sala resultante da juncao da Contabilidade, Tesouraria e Procuradoria desta Casa de Leis. Dispensa de licitacao em razao do valor, conforme o artigo 75, inciso 2\u00ba da Lei 14.133\/21.","fornecedor":"REFORMA RAPIDA COMERCIO LTDA","denom_uni_orc":"CORPO DELIBERATIVO E SECRETARIA","funcao":"Legislativa","sub_funcao":"A\u00e7\u00e3o Legislativa","programa":"A\u00c7\u00c3O LEGISLATIVA","acao":"INDENIZA\u00c7\u00d5ES E RESTITUI\u00c7\u00d5ES DIVERSAS (FMS)","ident_acao":"Atividade","cat_econ":"Despesa Corrente","natureza_despesa":"Outras Despesas Correntes","modalidade_despesa":"Aplica\u00e7\u00f5es Diretas","elemento_despesa":"Material de Consumo","sub_elem_desp":"SEM SUBELEMENTO","fonte_recurso":"Recursos do Exerc\u00edcio Corrente \/ Outros Recursos n\u00e3o Vinculados \/ -"},{"ano_emissao_emp":"2023","n_emp":"0000462","data_emissao":"06\/12\/2023","valor":"2.086,00","tipo_empenho":"Ordin\u00e1rio","hist_emp":"Custeio com aquisicao de materiais de informatica para esta Camara de Vereadores, relacionados abaixo. Dispensa de licitacao em razao do valor, artigo 75, inciso 2\u00ba da Lei 14.133\/21.","fornecedor":"B&F EMPREENDIMENTOS DIGITAIS","denom_uni_orc":"CORPO DELIBERATIVO E SECRETARIA","funcao":"Legislativa","sub_funcao":"A\u00e7\u00e3o Legislativa","programa":"A\u00c7\u00c3O LEGISLATIVA","acao":"AQUISI\u00c7\u00c3O DE M\u00d3VEIS, M\u00c1QUINAS E EQUIPAMENTOS DIVERSOS PARA O CONSELHO","ident_acao":"Atividade","cat_econ":"Despesa Corrente","natureza_despesa":"Outras Despesas Correntes","modalidade_despesa":"Aplica\u00e7\u00f5es Diretas","elemento_despesa":"Material de Consumo","sub_elem_desp":"MATERIAL DE PROCESSAMENTO DE DADOS","fonte_recurso":"Recursos do Exerc\u00edcio Corrente \/ Outros Recursos n\u00e3o Vinculados \/ -"},{"ano_emissao_emp":"2023","n_emp":"0000462","data_emissao":"06\/12\/2023","valor":"2.086,00","tipo_empenho":"Ordin\u00e1rio","hist_emp":"Custeio com aquisicao de materiais de informatica para esta Camara de Vereadores, relacionados abaixo. Dispensa de licitacao em razao do valor, artigo 75, inciso 2\u00ba da Lei 14.133\/21.","fornecedor":"B&F EMPREENDIMENTOS DIGITAIS","denom_uni_orc":"CORPO DELIBERATIVO E SECRETARIA","funcao":"Legislativa","sub_funcao":"A\u00e7\u00e3o Legislativa","programa":"A\u00c7\u00c3O LEGISLATIVA","acao":"MANUTEN\u00c7\u00c3O DAS ATIVIDADES ADMINISTRATIVAS","ident_acao":"Atividade","cat_econ":"Despesa Corrente","natureza_despesa":"Outras Despesas Correntes","modalidade_despesa":"Aplica\u00e7\u00f5es Diretas","elemento_despesa":"Material de Consumo","sub_elem_desp":"MATERIAL DE PROCESSAMENTO DE DADOS","fonte_recurso":"Recursos do Exerc\u00edcio Corrente \/ Outros Recursos n\u00e3o Vinculados \/ -"},{"ano_emissao_emp":"2023","n_emp":"0000462","data_emissao":"06\/12\/2023","valor":"2.086,00","tipo_empenho":"Ordin\u00e1rio","hist_emp":"Custeio com aquisicao de materiais de informatica para esta Camara de Vereadores, relacionados abaixo. Dispensa de licitacao em razao do valor, artigo 75, inciso 2\u00ba da Lei 14.133\/21.","fornecedor":"B&F EMPREENDIMENTOS DIGITAIS","denom_uni_orc":"CORPO DELIBERATIVO E SECRETARIA","funcao":"Legislativa","sub_funcao":"A\u00e7\u00e3o Legislativa","programa":"A\u00c7\u00c3O LEGISLATIVA","acao":"INDENIZA\u00c7\u00d5ES E RESTITUI\u00c7\u00d5ES DIVERSAS (FMS)","ident_acao":"Atividade","cat_econ":"Despesa Corrente","natureza_despesa":"Outras Despesas Correntes","modalidade_despesa":"Aplica\u00e7\u00f5es Diretas","elemento_despesa":"Material de Consumo","sub_elem_desp":"MATERIAL DE PROCESSAMENTO DE DADOS","fonte_recurso":"Recursos do Exerc\u00edcio Corrente \/ Outros Recursos n\u00e3o Vinculados \/ -"},{"ano_emissao_emp":"2023","n_emp":"0000463","data_emissao":"07\/12\/2023","valor":"3.988,00","tipo_empenho":"Ordin\u00e1rio","hist_emp":"Contratacao de servico com material do prestador para instalacao de fechaduras, manutencao de camaras de seguranca, instalacao de novas camaras, cabos de internet e recuperacao de senhas. Servicos realizados nesta Casa de Lei. Dispensa de licitacao por valor, artigo 75, inciso 2\u00ba da Lei 14.133\/21.","fornecedor":"ELENILSON DE LIRA SILVA 12842926498","denom_uni_orc":"CORPO DELIBERATIVO E SECRETARIA","funcao":"Legislativa","sub_funcao":"A\u00e7\u00e3o Legislativa","programa":"A\u00c7\u00c3O LEGISLATIVA","acao":"AQUISI\u00c7\u00c3O DE M\u00d3VEIS, M\u00c1QUINAS E EQUIPAMENTOS DIVERSOS PARA O CONSELHO","ident_acao":"Atividade","cat_econ":"Despesa Corrente","natureza_despesa":"Outras Despesas Correntes","modalidade_despesa":"Aplica\u00e7\u00f5es Diretas","elemento_despesa":"Outros Servi\u00e7os de Terceiros - Pessoa Jur\u00eddica","sub_elem_desp":"SEM SUBELEMENTO","fonte_recurso":"Recursos do Exerc\u00edcio Corrente \/ Outros Recursos n\u00e3o Vinculados \/ -"},{"ano_emissao_emp":"2023","n_emp":"0000463","data_emissao":"07\/12\/2023","valor":"3.988,00","tipo_empenho":"Ordin\u00e1rio","hist_emp":"Contratacao de servico com material do prestador para instalacao de fechaduras, manutencao de camaras de seguranca, instalacao de novas camaras, cabos de internet e recuperacao de senhas. Servicos realizados nesta Casa de Lei. Dispensa de licitacao por valor, artigo 75, inciso 2\u00ba da Lei 14.133\/21.","fornecedor":"ELENILSON DE LIRA SILVA 12842926498","denom_uni_orc":"CORPO DELIBERATIVO E SECRETARIA","funcao":"Legislativa","sub_funcao":"A\u00e7\u00e3o Legislativa","programa":"A\u00c7\u00c3O LEGISLATIVA","acao":"MANUTEN\u00c7\u00c3O DAS ATIVIDADES ADMINISTRATIVAS","ident_acao":"Atividade","cat_econ":"Despesa Corrente","natureza_despesa":"Outras Despesas Correntes","modalidade_despesa":"Aplica\u00e7\u00f5es Diretas","elemento_despesa":"Outros Servi\u00e7os de Terceiros - Pessoa Jur\u00eddica","sub_elem_desp":"SEM SUBELEMENTO","fonte_recurso":"Recursos do Exerc\u00edcio Corrente \/ Outros Recursos n\u00e3o Vinculados \/ -"},{"ano_emissao_emp":"2023","n_emp":"0000463","data_emissao":"07\/12\/2023","valor":"3.988,00","tipo_empenho":"Ordin\u00e1rio","hist_emp":"Contratacao de servico com material do prestador para instalacao de fechaduras, manutencao de camaras de seguranca, instalacao de novas camaras, cabos de internet e recuperacao de senhas. Servicos realizados nesta Casa de Lei. Dispensa de licitacao por valor, artigo 75, inciso 2\u00ba da Lei 14.133\/21.","fornecedor":"ELENILSON DE LIRA SILVA 12842926498","denom_uni_orc":"CORPO DELIBERATIVO E SECRETARIA","funcao":"Legislativa","sub_funcao":"A\u00e7\u00e3o Legislativa","programa":"A\u00c7\u00c3O LEGISLATIVA","acao":"INDENIZA\u00c7\u00d5ES E RESTITUI\u00c7\u00d5ES DIVERSAS (FMS)","ident_acao":"Atividade","cat_econ":"Despesa Corrente","natureza_despesa":"Outras Despesas Correntes","modalidade_despesa":"Aplica\u00e7\u00f5es Diretas","elemento_despesa":"Outros Servi\u00e7os de Terceiros - Pessoa Jur\u00eddica","sub_elem_desp":"SEM SUBELEMENTO","fonte_recurso":"Recursos do Exerc\u00edcio Corrente \/ Outros Recursos n\u00e3o Vinculados \/ -"},{"ano_emissao_emp":"2023","n_emp":"0000464","data_emissao":"07\/12\/2023","valor":"213,00","tipo_empenho":"Ordin\u00e1rio","hist_emp":"Custeio com a aquisicao do piso Gold Madeira Demolicao MD 1803 \/ 1,22 Imprimax MT para revestir a mesa localizada na sala da presidencia desta Casa de Leis. Dispensa de licitacao por valor, conforme o artigo 75, inciso 2\u00ba da Lei 14.133\/21.","fornecedor":"WM SILK SIGN COMERCIO DE PRODUTOS DE SERIGRAFIA LTDA","denom_uni_orc":"CORPO DELIBERATIVO E SECRETARIA","funcao":"Legislativa","sub_funcao":"A\u00e7\u00e3o Legislativa","programa":"A\u00c7\u00c3O LEGISLATIVA","acao":"AQUISI\u00c7\u00c3O DE M\u00d3VEIS, M\u00c1QUINAS E EQUIPAMENTOS DIVERSOS PARA O CONSELHO","ident_acao":"Atividade","cat_econ":"Despesa Corrente","natureza_despesa":"Outras Despesas Correntes","modalidade_despesa":"Aplica\u00e7\u00f5es Diretas","elemento_despesa":"Material de Consumo","sub_elem_desp":"MATERIAL PARA MANUTEN\u00c7\u00c3O DE BENS M\u00d3VEIS","fonte_recurso":"Recursos do Exerc\u00edcio Corrente \/ Outros Recursos n\u00e3o Vinculados \/ -"},{"ano_emissao_emp":"2023","n_emp":"0000464","data_emissao":"07\/12\/2023","valor":"213,00","tipo_empenho":"Ordin\u00e1rio","hist_emp":"Custeio com a aquisicao do piso Gold Madeira Demolicao MD 1803 \/ 1,22 Imprimax MT para revestir a mesa localizada na sala da presidencia desta Casa de Leis. Dispensa de licitacao por valor, conforme o artigo 75, inciso 2\u00ba da Lei 14.133\/21.","fornecedor":"WM SILK SIGN COMERCIO DE PRODUTOS DE SERIGRAFIA LTDA","denom_uni_orc":"CORPO DELIBERATIVO E SECRETARIA","funcao":"Legislativa","sub_funcao":"A\u00e7\u00e3o Legislativa","programa":"A\u00c7\u00c3O LEGISLATIVA","acao":"MANUTEN\u00c7\u00c3O DAS ATIVIDADES ADMINISTRATIVAS","ident_acao":"Atividade","cat_econ":"Despesa Corrente","natureza_despesa":"Outras Despesas Correntes","modalidade_despesa":"Aplica\u00e7\u00f5es Diretas","elemento_despesa":"Material de Consumo","sub_elem_desp":"MATERIAL PARA MANUTEN\u00c7\u00c3O DE BENS M\u00d3VEIS","fonte_recurso":"Recursos do Exerc\u00edcio Corrente \/ Outros Recursos n\u00e3o Vinculados \/ -"},{"ano_emissao_emp":"2023","n_emp":"0000464","data_emissao":"07\/12\/2023","valor":"213,00","tipo_empenho":"Ordin\u00e1rio","hist_emp":"Custeio com a aquisicao do piso Gold Madeira Demolicao MD 1803 \/ 1,22 Imprimax MT para revestir a mesa localizada na sala da presidencia desta Casa de Leis. Dispensa de licitacao por valor, conforme o artigo 75, inciso 2\u00ba da Lei 14.133\/21.","fornecedor":"WM SILK SIGN COMERCIO DE PRODUTOS DE SERIGRAFIA LTDA","denom_uni_orc":"CORPO DELIBERATIVO E SECRETARIA","funcao":"Legislativa","sub_funcao":"A\u00e7\u00e3o Legislativa","programa":"A\u00c7\u00c3O LEGISLATIVA","acao":"INDENIZA\u00c7\u00d5ES E RESTITUI\u00c7\u00d5ES DIVERSAS (FMS)","ident_acao":"Atividade","cat_econ":"Despesa Corrente","natureza_despesa":"Outras Despesas Correntes","modalidade_despesa":"Aplica\u00e7\u00f5es Diretas","elemento_despesa":"Material de Consumo","sub_elem_desp":"MATERIAL PARA MANUTEN\u00c7\u00c3O DE BENS M\u00d3VEIS","fonte_recurso":"Recursos do Exerc\u00edcio Corrente \/ Outros Recursos n\u00e3o Vinculados \/ -"},{"ano_emissao_emp":"2023","n_emp":"0000465","data_emissao":"07\/12\/2023","valor":"39,49","tipo_empenho":"Ordin\u00e1rio","hist_emp":"Custeio com pagamento da fatura OI referente ao mes de novembro do presente ano da linha telefonica 81 3731-3084. Dispensa de licitacao por valor, conforme o artigo 75, inciso 2\u00ba da Lei 14.133\/21.","fornecedor":"OI S.A. - EM RECUPERACAO JUDICIAL","denom_uni_orc":"CORPO DELIBERATIVO E SECRETARIA","funcao":"Legislativa","sub_funcao":"A\u00e7\u00e3o Legislativa","programa":"A\u00c7\u00c3O LEGISLATIVA","acao":"AQUISI\u00c7\u00c3O DE M\u00d3VEIS, M\u00c1QUINAS E EQUIPAMENTOS DIVERSOS PARA O CONSELHO","ident_acao":"Atividade","cat_econ":"Despesa Corrente","natureza_despesa":"Outras Despesas Correntes","modalidade_despesa":"Aplica\u00e7\u00f5es Diretas","elemento_despesa":"Outros Servi\u00e7os de Terceiros - Pessoa Jur\u00eddica","sub_elem_desp":"SEM SUBELEMENTO","fonte_recurso":"Recursos do Exerc\u00edcio Corrente \/ Outros Recursos n\u00e3o Vinculados \/ -"},{"ano_emissao_emp":"2023","n_emp":"0000465","data_emissao":"07\/12\/2023","valor":"39,49","tipo_empenho":"Ordin\u00e1rio","hist_emp":"Custeio com pagamento da fatura OI referente ao mes de novembro do presente ano da linha telefonica 81 3731-3084. Dispensa de licitacao por valor, conforme o artigo 75, inciso 2\u00ba da Lei 14.133\/21.","fornecedor":"OI S.A. - EM RECUPERACAO JUDICIAL","denom_uni_orc":"CORPO DELIBERATIVO E SECRETARIA","funcao":"Legislativa","sub_funcao":"A\u00e7\u00e3o Legislativa","programa":"A\u00c7\u00c3O LEGISLATIVA","acao":"MANUTEN\u00c7\u00c3O DAS ATIVIDADES ADMINISTRATIVAS","ident_acao":"Atividade","cat_econ":"Despesa Corrente","natureza_despesa":"Outras Despesas Correntes","modalidade_despesa":"Aplica\u00e7\u00f5es Diretas","elemento_despesa":"Outros Servi\u00e7os de Terceiros - Pessoa Jur\u00eddica","sub_elem_desp":"SEM SUBELEMENTO","fonte_recurso":"Recursos do Exerc\u00edcio Corrente \/ Outros Recursos n\u00e3o Vinculados \/ -"},{"ano_emissao_emp":"2023","n_emp":"0000465","data_emissao":"07\/12\/2023","valor":"39,49","tipo_empenho":"Ordin\u00e1rio","hist_emp":"Custeio com pagamento da fatura OI referente ao mes de novembro do presente ano da linha telefonica 81 3731-3084. Dispensa de licitacao por valor, conforme o artigo 75, inciso 2\u00ba da Lei 14.133\/21.","fornecedor":"OI S.A. - EM RECUPERACAO JUDICIAL","denom_uni_orc":"CORPO DELIBERATIVO E SECRETARIA","funcao":"Legislativa","sub_funcao":"A\u00e7\u00e3o Legislativa","programa":"A\u00c7\u00c3O LEGISLATIVA","acao":"INDENIZA\u00c7\u00d5ES E RESTITUI\u00c7\u00d5ES DIVERSAS (FMS)","ident_acao":"Atividade","cat_econ":"Despesa Corrente","natureza_despesa":"Outras Despesas Correntes","modalidade_despesa":"Aplica\u00e7\u00f5es Diretas","elemento_despesa":"Outros Servi\u00e7os de Terceiros - Pessoa Jur\u00eddica","sub_elem_desp":"SEM SUBELEMENTO","fonte_recurso":"Recursos do Exerc\u00edcio Corrente \/ Outros Recursos n\u00e3o Vinculados \/ -"},{"ano_emissao_emp":"2023","n_emp":"0000466","data_emissao":"11\/12\/2023","valor":"63,60","tipo_empenho":"Ordin\u00e1rio","hist_emp":"Custeio com aquisicao de materiais de consumo (quatro pacotes de abracadeiras de nylon) relacionados abaixo. Dispensa de licitacao em razao do valor, artigo 75, inciso 2\u00ba da Lei 14.133\/21.","fornecedor":"JCL LAJES E MATERIAIS PARA CONSTRU\u00c7\u00c3O LTDA","denom_uni_orc":"CORPO DELIBERATIVO E SECRETARIA","funcao":"Legislativa","sub_funcao":"A\u00e7\u00e3o Legislativa","programa":"A\u00c7\u00c3O LEGISLATIVA","acao":"AQUISI\u00c7\u00c3O DE M\u00d3VEIS, M\u00c1QUINAS E EQUIPAMENTOS DIVERSOS PARA O CONSELHO","ident_acao":"Atividade","cat_econ":"Despesa Corrente","natureza_despesa":"Outras Despesas Correntes","modalidade_despesa":"Aplica\u00e7\u00f5es Diretas","elemento_despesa":"Material de Consumo","sub_elem_desp":"MATERIAL PARA MANUTEN\u00c7\u00c3O DE BENS M\u00d3VEIS","fonte_recurso":"Recursos do Exerc\u00edcio Corrente \/ Outros Recursos n\u00e3o Vinculados \/ -"},{"ano_emissao_emp":"2023","n_emp":"0000466","data_emissao":"11\/12\/2023","valor":"63,60","tipo_empenho":"Ordin\u00e1rio","hist_emp":"Custeio com aquisicao de materiais de consumo (quatro pacotes de abracadeiras de nylon) relacionados abaixo. Dispensa de licitacao em razao do valor, artigo 75, inciso 2\u00ba da Lei 14.133\/21.","fornecedor":"JCL LAJES E MATERIAIS PARA CONSTRU\u00c7\u00c3O LTDA","denom_uni_orc":"CORPO DELIBERATIVO E SECRETARIA","funcao":"Legislativa","sub_funcao":"A\u00e7\u00e3o Legislativa","programa":"A\u00c7\u00c3O LEGISLATIVA","acao":"MANUTEN\u00c7\u00c3O DAS ATIVIDADES ADMINISTRATIVAS","ident_acao":"Atividade","cat_econ":"Despesa Corrente","natureza_despesa":"Outras Despesas Correntes","modalidade_despesa":"Aplica\u00e7\u00f5es Diretas","elemento_despesa":"Material de Consumo","sub_elem_desp":"MATERIAL PARA MANUTEN\u00c7\u00c3O DE BENS M\u00d3VEIS","fonte_recurso":"Recursos do Exerc\u00edcio Corrente \/ Outros Recursos n\u00e3o Vinculados \/ -"},{"ano_emissao_emp":"2023","n_emp":"0000466","data_emissao":"11\/12\/2023","valor":"63,60","tipo_empenho":"Ordin\u00e1rio","hist_emp":"Custeio com aquisicao de materiais de consumo (quatro pacotes de abracadeiras de nylon) relacionados abaixo. Dispensa de licitacao em razao do valor, artigo 75, inciso 2\u00ba da Lei 14.133\/21.","fornecedor":"JCL LAJES E MATERIAIS PARA CONSTRU\u00c7\u00c3O LTDA","denom_uni_orc":"CORPO DELIBERATIVO E SECRETARIA","funcao":"Legislativa","sub_funcao":"A\u00e7\u00e3o Legislativa","programa":"A\u00c7\u00c3O LEGISLATIVA","acao":"INDENIZA\u00c7\u00d5ES E RESTITUI\u00c7\u00d5ES DIVERSAS (FMS)","ident_acao":"Atividade","cat_econ":"Despesa Corrente","natureza_despesa":"Outras Despesas Correntes","modalidade_despesa":"Aplica\u00e7\u00f5es Diretas","elemento_despesa":"Material de Consumo","sub_elem_desp":"MATERIAL PARA MANUTEN\u00c7\u00c3O DE BENS M\u00d3VEIS","fonte_recurso":"Recursos do Exerc\u00edcio Corrente \/ Outros Recursos n\u00e3o Vinculados \/ -"},{"ano_emissao_emp":"2023","n_emp":"0000467","data_emissao":"11\/12\/2023","valor":"269,00","tipo_empenho":"Ordin\u00e1rio","hist_emp":"Custeio com aquisicao de materiais de consumo (adapt para plug 2P 10A) relacionados abaixo. Dispensa de licitacao em razao do valor, artigo 75, inciso 2\u00ba da Lei 14.133\/21.","fornecedor":"JCL LAJES E MATERIAIS PARA CONSTRU\u00c7\u00c3O LTDA","denom_uni_orc":"CORPO DELIBERATIVO E SECRETARIA","funcao":"Legislativa","sub_funcao":"A\u00e7\u00e3o Legislativa","programa":"A\u00c7\u00c3O LEGISLATIVA","acao":"AQUISI\u00c7\u00c3O DE M\u00d3VEIS, M\u00c1QUINAS E EQUIPAMENTOS DIVERSOS PARA O CONSELHO","ident_acao":"Atividade","cat_econ":"Despesa Corrente","natureza_despesa":"Outras Despesas Correntes","modalidade_despesa":"Aplica\u00e7\u00f5es Diretas","elemento_despesa":"Material de Consumo","sub_elem_desp":"MATERIAL PARA MANUTEN\u00c7\u00c3O DE BENS M\u00d3VEIS","fonte_recurso":"Recursos do Exerc\u00edcio Corrente \/ Outros Recursos n\u00e3o Vinculados \/ -"},{"ano_emissao_emp":"2023","n_emp":"0000467","data_emissao":"11\/12\/2023","valor":"269,00","tipo_empenho":"Ordin\u00e1rio","hist_emp":"Custeio com aquisicao de materiais de consumo (adapt para plug 2P 10A) relacionados abaixo. Dispensa de licitacao em razao do valor, artigo 75, inciso 2\u00ba da Lei 14.133\/21.","fornecedor":"JCL LAJES E MATERIAIS PARA CONSTRU\u00c7\u00c3O LTDA","denom_uni_orc":"CORPO DELIBERATIVO E SECRETARIA","funcao":"Legislativa","sub_funcao":"A\u00e7\u00e3o Legislativa","programa":"A\u00c7\u00c3O LEGISLATIVA","acao":"MANUTEN\u00c7\u00c3O DAS ATIVIDADES ADMINISTRATIVAS","ident_acao":"Atividade","cat_econ":"Despesa Corrente","natureza_despesa":"Outras Despesas Correntes","modalidade_despesa":"Aplica\u00e7\u00f5es Diretas","elemento_despesa":"Material de Consumo","sub_elem_desp":"MATERIAL PARA MANUTEN\u00c7\u00c3O DE BENS M\u00d3VEIS","fonte_recurso":"Recursos do Exerc\u00edcio Corrente \/ Outros Recursos n\u00e3o Vinculados \/ -"},{"ano_emissao_emp":"2023","n_emp":"0000467","data_emissao":"11\/12\/2023","valor":"269,00","tipo_empenho":"Ordin\u00e1rio","hist_emp":"Custeio com aquisicao de materiais de consumo (adapt para plug 2P 10A) relacionados abaixo. Dispensa de licitacao em razao do valor, artigo 75, inciso 2\u00ba da Lei 14.133\/21.","fornecedor":"JCL LAJES E MATERIAIS PARA CONSTRU\u00c7\u00c3O LTDA","denom_uni_orc":"CORPO DELIBERATIVO E SECRETARIA","funcao":"Legislativa","sub_funcao":"A\u00e7\u00e3o Legislativa","programa":"A\u00c7\u00c3O LEGISLATIVA","acao":"INDENIZA\u00c7\u00d5ES E RESTITUI\u00c7\u00d5ES DIVERSAS (FMS)","ident_acao":"Atividade","cat_econ":"Despesa Corrente","natureza_despesa":"Outras Despesas Correntes","modalidade_despesa":"Aplica\u00e7\u00f5es Diretas","elemento_despesa":"Material de Consumo","sub_elem_desp":"MATERIAL PARA MANUTEN\u00c7\u00c3O DE BENS M\u00d3VEIS","fonte_recurso":"Recursos do Exerc\u00edcio Corrente \/ Outros Recursos n\u00e3o Vinculados \/ -"},{"ano_emissao_emp":"2023","n_emp":"0000468","data_emissao":"11\/12\/2023","valor":"4.040,58","tipo_empenho":"Ordin\u00e1rio","hist_emp":"Custeio com aquisicao de materiais de consumo relacionados abaixo, destinados a pintura externa desta casa. Dispensa de licitacao por valor, artigo 75, inciso 2\u00ba da Lei 14.133\/21.","fornecedor":"JCL LAJES E MATERIAIS PARA CONSTRU\u00c7\u00c3O LTDA","denom_uni_orc":"CORPO DELIBERATIVO E SECRETARIA","funcao":"Legislativa","sub_funcao":"A\u00e7\u00e3o Legislativa","programa":"A\u00c7\u00c3O LEGISLATIVA","acao":"AQUISI\u00c7\u00c3O DE M\u00d3VEIS, M\u00c1QUINAS E EQUIPAMENTOS DIVERSOS PARA O CONSELHO","ident_acao":"Atividade","cat_econ":"Despesa Corrente","natureza_despesa":"Outras Despesas Correntes","modalidade_despesa":"Aplica\u00e7\u00f5es Diretas","elemento_despesa":"Material de Consumo","sub_elem_desp":"MATERIAL PARA MANUTEN\u00c7\u00c3O DE BENS M\u00d3VEIS","fonte_recurso":"Recursos do Exerc\u00edcio Corrente \/ Outros Recursos n\u00e3o Vinculados \/ -"},{"ano_emissao_emp":"2023","n_emp":"0000468","data_emissao":"11\/12\/2023","valor":"4.040,58","tipo_empenho":"Ordin\u00e1rio","hist_emp":"Custeio com aquisicao de materiais de consumo relacionados abaixo, destinados a pintura externa desta casa. Dispensa de licitacao por valor, artigo 75, inciso 2\u00ba da Lei 14.133\/21.","fornecedor":"JCL LAJES E MATERIAIS PARA CONSTRU\u00c7\u00c3O LTDA","denom_uni_orc":"CORPO DELIBERATIVO E SECRETARIA","funcao":"Legislativa","sub_funcao":"A\u00e7\u00e3o Legislativa","programa":"A\u00c7\u00c3O LEGISLATIVA","acao":"MANUTEN\u00c7\u00c3O DAS ATIVIDADES ADMINISTRATIVAS","ident_acao":"Atividade","cat_econ":"Despesa Corrente","natureza_despesa":"Outras Despesas Correntes","modalidade_despesa":"Aplica\u00e7\u00f5es Diretas","elemento_despesa":"Material de Consumo","sub_elem_desp":"MATERIAL PARA MANUTEN\u00c7\u00c3O DE BENS M\u00d3VEIS","fonte_recurso":"Recursos do Exerc\u00edcio Corrente \/ Outros Recursos n\u00e3o Vinculados \/ -"},{"ano_emissao_emp":"2023","n_emp":"0000468","data_emissao":"11\/12\/2023","valor":"4.040,58","tipo_empenho":"Ordin\u00e1rio","hist_emp":"Custeio com aquisicao de materiais de consumo relacionados abaixo, destinados a pintura externa desta casa. Dispensa de licitacao por valor, artigo 75, inciso 2\u00ba da Lei 14.133\/21.","fornecedor":"JCL LAJES E MATERIAIS PARA CONSTRU\u00c7\u00c3O LTDA","denom_uni_orc":"CORPO DELIBERATIVO E SECRETARIA","funcao":"Legislativa","sub_funcao":"A\u00e7\u00e3o Legislativa","programa":"A\u00c7\u00c3O LEGISLATIVA","acao":"INDENIZA\u00c7\u00d5ES E RESTITUI\u00c7\u00d5ES DIVERSAS (FMS)","ident_acao":"Atividade","cat_econ":"Despesa Corrente","natureza_despesa":"Outras Despesas Correntes","modalidade_despesa":"Aplica\u00e7\u00f5es Diretas","elemento_despesa":"Material de Consumo","sub_elem_desp":"MATERIAL PARA MANUTEN\u00c7\u00c3O DE BENS M\u00d3VEIS","fonte_recurso":"Recursos do Exerc\u00edcio Corrente \/ Outros Recursos n\u00e3o Vinculados \/ -"},{"ano_emissao_emp":"2023","n_emp":"0000469","data_emissao":"13\/12\/2023","valor":"2.095,03","tipo_empenho":"Ordin\u00e1rio","hist_emp":"Custeio com aquisicao de complemento de materiais de consumo relacionados abaixo, destinados a pintura externa desta casa. Dispensa de licitacao por valor, artigo 75, inciso 2\u00ba da Lei 14.133\/21.","fornecedor":"JCL LAJES E MATERIAIS PARA CONSTRU\u00c7\u00c3O LTDA","denom_uni_orc":"CORPO DELIBERATIVO E SECRETARIA","funcao":"Legislativa","sub_funcao":"A\u00e7\u00e3o Legislativa","programa":"A\u00c7\u00c3O LEGISLATIVA","acao":"AQUISI\u00c7\u00c3O DE M\u00d3VEIS, M\u00c1QUINAS E EQUIPAMENTOS DIVERSOS PARA O CONSELHO","ident_acao":"Atividade","cat_econ":"Despesa Corrente","natureza_despesa":"Outras Despesas Correntes","modalidade_despesa":"Aplica\u00e7\u00f5es Diretas","elemento_despesa":"Material de Consumo","sub_elem_desp":"SEM SUBELEMENTO","fonte_recurso":"Recursos do Exerc\u00edcio Corrente \/ Outros Recursos n\u00e3o Vinculados \/ -"},{"ano_emissao_emp":"2023","n_emp":"0000469","data_emissao":"13\/12\/2023","valor":"2.095,03","tipo_empenho":"Ordin\u00e1rio","hist_emp":"Custeio com aquisicao de complemento de materiais de consumo relacionados abaixo, destinados a pintura externa desta casa. Dispensa de licitacao por valor, artigo 75, inciso 2\u00ba da Lei 14.133\/21.","fornecedor":"JCL LAJES E MATERIAIS PARA CONSTRU\u00c7\u00c3O LTDA","denom_uni_orc":"CORPO DELIBERATIVO E SECRETARIA","funcao":"Legislativa","sub_funcao":"A\u00e7\u00e3o Legislativa","programa":"A\u00c7\u00c3O LEGISLATIVA","acao":"MANUTEN\u00c7\u00c3O DAS ATIVIDADES ADMINISTRATIVAS","ident_acao":"Atividade","cat_econ":"Despesa Corrente","natureza_despesa":"Outras Despesas Correntes","modalidade_despesa":"Aplica\u00e7\u00f5es Diretas","elemento_despesa":"Material de Consumo","sub_elem_desp":"SEM SUBELEMENTO","fonte_recurso":"Recursos do Exerc\u00edcio Corrente \/ Outros Recursos n\u00e3o Vinculados \/ -"},{"ano_emissao_emp":"2023","n_emp":"0000469","data_emissao":"13\/12\/2023","valor":"2.095,03","tipo_empenho":"Ordin\u00e1rio","hist_emp":"Custeio com aquisicao de complemento de materiais de consumo relacionados abaixo, destinados a pintura externa desta casa. Dispensa de licitacao por valor, artigo 75, inciso 2\u00ba da Lei 14.133\/21.","fornecedor":"JCL LAJES E MATERIAIS PARA CONSTRU\u00c7\u00c3O LTDA","denom_uni_orc":"CORPO DELIBERATIVO E SECRETARIA","funcao":"Legislativa","sub_funcao":"A\u00e7\u00e3o Legislativa","programa":"A\u00c7\u00c3O LEGISLATIVA","acao":"INDENIZA\u00c7\u00d5ES E RESTITUI\u00c7\u00d5ES DIVERSAS (FMS)","ident_acao":"Atividade","cat_econ":"Despesa Corrente","natureza_despesa":"Outras Despesas Correntes","modalidade_despesa":"Aplica\u00e7\u00f5es Diretas","elemento_despesa":"Material de Consumo","sub_elem_desp":"SEM SUBELEMENTO","fonte_recurso":"Recursos do Exerc\u00edcio Corrente \/ Outros Recursos n\u00e3o Vinculados \/ -"},{"ano_emissao_emp":"2023","n_emp":"0000470","data_emissao":"13\/12\/2023","valor":"35,90","tipo_empenho":"Ordin\u00e1rio","hist_emp":"Custeio com aquisicao de material de consumo relacionado abaixo (lampada led 24w), destinados a sala da presidencia desta casa. Dispensa de licitacao por valor, artigo 75, inciso 2\u00ba da Lei 14.133\/21.","fornecedor":"JCL LAJES E MATERIAIS PARA CONSTRU\u00c7\u00c3O LTDA","denom_uni_orc":"CORPO DELIBERATIVO E SECRETARIA","funcao":"Legislativa","sub_funcao":"A\u00e7\u00e3o Legislativa","programa":"A\u00c7\u00c3O LEGISLATIVA","acao":"AQUISI\u00c7\u00c3O DE M\u00d3VEIS, M\u00c1QUINAS E EQUIPAMENTOS DIVERSOS PARA O CONSELHO","ident_acao":"Atividade","cat_econ":"Despesa Corrente","natureza_despesa":"Outras Despesas Correntes","modalidade_despesa":"Aplica\u00e7\u00f5es Diretas","elemento_despesa":"Material de Consumo","sub_elem_desp":"SEM SUBELEMENTO","fonte_recurso":"Recursos do Exerc\u00edcio Corrente \/ Outros Recursos n\u00e3o Vinculados \/ -"},{"ano_emissao_emp":"2023","n_emp":"0000470","data_emissao":"13\/12\/2023","valor":"35,90","tipo_empenho":"Ordin\u00e1rio","hist_emp":"Custeio com aquisicao de material de consumo relacionado abaixo (lampada led 24w), destinados a sala da presidencia desta casa. Dispensa de licitacao por valor, artigo 75, inciso 2\u00ba da Lei 14.133\/21.","fornecedor":"JCL LAJES E MATERIAIS PARA CONSTRU\u00c7\u00c3O LTDA","denom_uni_orc":"CORPO DELIBERATIVO E SECRETARIA","funcao":"Legislativa","sub_funcao":"A\u00e7\u00e3o Legislativa","programa":"A\u00c7\u00c3O LEGISLATIVA","acao":"MANUTEN\u00c7\u00c3O DAS ATIVIDADES ADMINISTRATIVAS","ident_acao":"Atividade","cat_econ":"Despesa Corrente","natureza_despesa":"Outras Despesas Correntes","modalidade_despesa":"Aplica\u00e7\u00f5es Diretas","elemento_despesa":"Material de Consumo","sub_elem_desp":"SEM SUBELEMENTO","fonte_recurso":"Recursos do Exerc\u00edcio Corrente \/ Outros Recursos n\u00e3o Vinculados \/ -"},{"ano_emissao_emp":"2023","n_emp":"0000470","data_emissao":"13\/12\/2023","valor":"35,90","tipo_empenho":"Ordin\u00e1rio","hist_emp":"Custeio com aquisicao de material de consumo relacionado abaixo (lampada led 24w), destinados a sala da presidencia desta casa. Dispensa de licitacao por valor, artigo 75, inciso 2\u00ba da Lei 14.133\/21.","fornecedor":"JCL LAJES E MATERIAIS PARA CONSTRU\u00c7\u00c3O LTDA","denom_uni_orc":"CORPO DELIBERATIVO E SECRETARIA","funcao":"Legislativa","sub_funcao":"A\u00e7\u00e3o Legislativa","programa":"A\u00c7\u00c3O LEGISLATIVA","acao":"INDENIZA\u00c7\u00d5ES E RESTITUI\u00c7\u00d5ES DIVERSAS (FMS)","ident_acao":"Atividade","cat_econ":"Despesa Corrente","natureza_despesa":"Outras Despesas Correntes","modalidade_despesa":"Aplica\u00e7\u00f5es Diretas","elemento_despesa":"Material de Consumo","sub_elem_desp":"SEM SUBELEMENTO","fonte_recurso":"Recursos do Exerc\u00edcio Corrente \/ Outros Recursos n\u00e3o Vinculados \/ -"},{"ano_emissao_emp":"2023","n_emp":"0000471","data_emissao":"13\/12\/2023","valor":"1.454,80","tipo_empenho":"Ordin\u00e1rio","hist_emp":"valor que se empenha para fazer face a aquisicao de materiais de expediente para o funcionamento dos trabalhos desta casa legislativa,  itens relacionados abaixo. dispensa de licitacao em razao do valor, artigo 75, inciso 2\u00ba da lei 14.133\/21.","fornecedor":"GALDINO & SANTOS COMERCIAL LTDA","denom_uni_orc":"CORPO DELIBERATIVO E SECRETARIA","funcao":"Legislativa","sub_funcao":"A\u00e7\u00e3o Legislativa","programa":"A\u00c7\u00c3O LEGISLATIVA","acao":"AQUISI\u00c7\u00c3O DE M\u00d3VEIS, M\u00c1QUINAS E EQUIPAMENTOS DIVERSOS PARA O CONSELHO","ident_acao":"Atividade","cat_econ":"Despesa Corrente","natureza_despesa":"Outras Despesas Correntes","modalidade_despesa":"Aplica\u00e7\u00f5es Diretas","elemento_despesa":"Material de Consumo","sub_elem_desp":"SEM SUBELEMENTO","fonte_recurso":"Recursos do Exerc\u00edcio Corrente \/ Outros Recursos n\u00e3o Vinculados \/ -"},{"ano_emissao_emp":"2023","n_emp":"0000471","data_emissao":"13\/12\/2023","valor":"1.454,80","tipo_empenho":"Ordin\u00e1rio","hist_emp":"valor que se empenha para fazer face a aquisicao de materiais de expediente para o funcionamento dos trabalhos desta casa legislativa,  itens relacionados abaixo. dispensa de licitacao em razao do valor, artigo 75, inciso 2\u00ba da lei 14.133\/21.","fornecedor":"GALDINO & SANTOS COMERCIAL LTDA","denom_uni_orc":"CORPO DELIBERATIVO E SECRETARIA","funcao":"Legislativa","sub_funcao":"A\u00e7\u00e3o Legislativa","programa":"A\u00c7\u00c3O LEGISLATIVA","acao":"MANUTEN\u00c7\u00c3O DAS ATIVIDADES ADMINISTRATIVAS","ident_acao":"Atividade","cat_econ":"Despesa Corrente","natureza_despesa":"Outras Despesas Correntes","modalidade_despesa":"Aplica\u00e7\u00f5es Diretas","elemento_despesa":"Material de Consumo","sub_elem_desp":"SEM SUBELEMENTO","fonte_recurso":"Recursos do Exerc\u00edcio Corrente \/ Outros Recursos n\u00e3o Vinculados \/ -"},{"ano_emissao_emp":"2023","n_emp":"0000471","data_emissao":"13\/12\/2023","valor":"1.454,80","tipo_empenho":"Ordin\u00e1rio","hist_emp":"valor que se empenha para fazer face a aquisicao de materiais de expediente para o funcionamento dos trabalhos desta casa legislativa,  itens relacionados abaixo. dispensa de licitacao em razao do valor, artigo 75, inciso 2\u00ba da lei 14.133\/21.","fornecedor":"GALDINO & SANTOS COMERCIAL LTDA","denom_uni_orc":"CORPO DELIBERATIVO E SECRETARIA","funcao":"Legislativa","sub_funcao":"A\u00e7\u00e3o Legislativa","programa":"A\u00c7\u00c3O LEGISLATIVA","acao":"INDENIZA\u00c7\u00d5ES E RESTITUI\u00c7\u00d5ES DIVERSAS (FMS)","ident_acao":"Atividade","cat_econ":"Despesa Corrente","natureza_despesa":"Outras Despesas Correntes","modalidade_despesa":"Aplica\u00e7\u00f5es Diretas","elemento_despesa":"Material de Consumo","sub_elem_desp":"SEM SUBELEMENTO","fonte_recurso":"Recursos do Exerc\u00edcio Corrente \/ Outros Recursos n\u00e3o Vinculados \/ -"},{"ano_emissao_emp":"2023","n_emp":"0000472","data_emissao":"13\/12\/2023","valor":"5.590,00","tipo_empenho":"Ordin\u00e1rio","hist_emp":"Custeio com aquisicao de 13 (treze) placas em aco inoxidavel, com moldura em madeira forrada em preto, em formato retangular, com as seguintes dimensoes - moldura 52,3 cm (largura) x 42,1 cm (altura) e placas 39,00 cm (largura) x 29,00 cm (altura), conforme modelo elaborado pelo setor de comunicacao. Destinado ao Titulo de Cidadao. Dispensa de licitacao em razao do valor, artigo 75, inciso 2\u00ba da Lei 14.133\/21.","fornecedor":"GERLANE FERREIRA PIMENTEL 06525788455","denom_uni_orc":"CORPO DELIBERATIVO E SECRETARIA","funcao":"Legislativa","sub_funcao":"A\u00e7\u00e3o Legislativa","programa":"A\u00c7\u00c3O LEGISLATIVA","acao":"AQUISI\u00c7\u00c3O DE M\u00d3VEIS, M\u00c1QUINAS E EQUIPAMENTOS DIVERSOS PARA O CONSELHO","ident_acao":"Atividade","cat_econ":"Despesa Corrente","natureza_despesa":"Outras Despesas Correntes","modalidade_despesa":"Aplica\u00e7\u00f5es Diretas","elemento_despesa":"Material de Consumo","sub_elem_desp":"SEM SUBELEMENTO","fonte_recurso":"Recursos do Exerc\u00edcio Corrente \/ Outros Recursos n\u00e3o Vinculados \/ -"},{"ano_emissao_emp":"2023","n_emp":"0000472","data_emissao":"13\/12\/2023","valor":"5.590,00","tipo_empenho":"Ordin\u00e1rio","hist_emp":"Custeio com aquisicao de 13 (treze) placas em aco inoxidavel, com moldura em madeira forrada em preto, em formato retangular, com as seguintes dimensoes - moldura 52,3 cm (largura) x 42,1 cm (altura) e placas 39,00 cm (largura) x 29,00 cm (altura), conforme modelo elaborado pelo setor de comunicacao. Destinado ao Titulo de Cidadao. Dispensa de licitacao em razao do valor, artigo 75, inciso 2\u00ba da Lei 14.133\/21.","fornecedor":"GERLANE FERREIRA PIMENTEL 06525788455","denom_uni_orc":"CORPO DELIBERATIVO E SECRETARIA","funcao":"Legislativa","sub_funcao":"A\u00e7\u00e3o Legislativa","programa":"A\u00c7\u00c3O LEGISLATIVA","acao":"MANUTEN\u00c7\u00c3O DAS ATIVIDADES ADMINISTRATIVAS","ident_acao":"Atividade","cat_econ":"Despesa Corrente","natureza_despesa":"Outras Despesas Correntes","modalidade_despesa":"Aplica\u00e7\u00f5es Diretas","elemento_despesa":"Material de Consumo","sub_elem_desp":"SEM SUBELEMENTO","fonte_recurso":"Recursos do Exerc\u00edcio Corrente \/ Outros Recursos n\u00e3o Vinculados \/ -"},{"ano_emissao_emp":"2023","n_emp":"0000472","data_emissao":"13\/12\/2023","valor":"5.590,00","tipo_empenho":"Ordin\u00e1rio","hist_emp":"Custeio com aquisicao de 13 (treze) placas em aco inoxidavel, com moldura em madeira forrada em preto, em formato retangular, com as seguintes dimensoes - moldura 52,3 cm (largura) x 42,1 cm (altura) e placas 39,00 cm (largura) x 29,00 cm (altura), conforme modelo elaborado pelo setor de comunicacao. Destinado ao Titulo de Cidadao. Dispensa de licitacao em razao do valor, artigo 75, inciso 2\u00ba da Lei 14.133\/21.","fornecedor":"GERLANE FERREIRA PIMENTEL 06525788455","denom_uni_orc":"CORPO DELIBERATIVO E SECRETARIA","funcao":"Legislativa","sub_funcao":"A\u00e7\u00e3o Legislativa","programa":"A\u00c7\u00c3O LEGISLATIVA","acao":"INDENIZA\u00c7\u00d5ES E RESTITUI\u00c7\u00d5ES DIVERSAS (FMS)","ident_acao":"Atividade","cat_econ":"Despesa Corrente","natureza_despesa":"Outras Despesas Correntes","modalidade_despesa":"Aplica\u00e7\u00f5es Diretas","elemento_despesa":"Material de Consumo","sub_elem_desp":"SEM SUBELEMENTO","fonte_recurso":"Recursos do Exerc\u00edcio Corrente \/ Outros Recursos n\u00e3o Vinculados \/ -"},{"ano_emissao_emp":"2023","n_emp":"0000473","data_emissao":"13\/12\/2023","valor":"933,00","tipo_empenho":"Ordin\u00e1rio","hist_emp":"Custeio referente ao pagamento do auxilio-transporte do mes de dezembro do ano corrente, que sera creditado nos cartoes corporativos dos servidores efetivos desta Casa Legislativa, Saulo Correia de Albuquerque (cartao numero 2.208.349.662) e Angelica Bezerra Melo Figueiredo (cartao 3.986.414.078), fornecidos pela empresa Logo Transportes Ltda, conforme o artigo 50, inciso II, e o artigo 51 da Lei Municipal 923\/1990, bem como o disposto na Portaria 78\/2023. Dispensa de licitacao por valor, artigo 75, incis","fornecedor":"LOGO TRANSPORTES LTDA","denom_uni_orc":"CORPO DELIBERATIVO E SECRETARIA","funcao":"Legislativa","sub_funcao":"A\u00e7\u00e3o Legislativa","programa":"A\u00c7\u00c3O LEGISLATIVA","acao":"AQUISI\u00c7\u00c3O DE M\u00d3VEIS, M\u00c1QUINAS E EQUIPAMENTOS DIVERSOS PARA O CONSELHO","ident_acao":"Atividade","cat_econ":"Despesa Corrente","natureza_despesa":"Outras Despesas Correntes","modalidade_despesa":"Aplica\u00e7\u00f5es Diretas","elemento_despesa":"Outros Servi\u00e7os de Terceiros - Pessoa Jur\u00eddica","sub_elem_desp":"SEM SUBELEMENTO","fonte_recurso":"Recursos do Exerc\u00edcio Corrente \/ Outros Recursos n\u00e3o Vinculados \/ -"},{"ano_emissao_emp":"2023","n_emp":"0000473","data_emissao":"13\/12\/2023","valor":"933,00","tipo_empenho":"Ordin\u00e1rio","hist_emp":"Custeio referente ao pagamento do auxilio-transporte do mes de dezembro do ano corrente, que sera creditado nos cartoes corporativos dos servidores efetivos desta Casa Legislativa, Saulo Correia de Albuquerque (cartao numero 2.208.349.662) e Angelica Bezerra Melo Figueiredo (cartao 3.986.414.078), fornecidos pela empresa Logo Transportes Ltda, conforme o artigo 50, inciso II, e o artigo 51 da Lei Municipal 923\/1990, bem como o disposto na Portaria 78\/2023. Dispensa de licitacao por valor, artigo 75, incis","fornecedor":"LOGO TRANSPORTES LTDA","denom_uni_orc":"CORPO DELIBERATIVO E SECRETARIA","funcao":"Legislativa","sub_funcao":"A\u00e7\u00e3o Legislativa","programa":"A\u00c7\u00c3O LEGISLATIVA","acao":"MANUTEN\u00c7\u00c3O DAS ATIVIDADES ADMINISTRATIVAS","ident_acao":"Atividade","cat_econ":"Despesa Corrente","natureza_despesa":"Outras Despesas Correntes","modalidade_despesa":"Aplica\u00e7\u00f5es Diretas","elemento_despesa":"Outros Servi\u00e7os de Terceiros - Pessoa Jur\u00eddica","sub_elem_desp":"SEM SUBELEMENTO","fonte_recurso":"Recursos do Exerc\u00edcio Corrente \/ Outros Recursos n\u00e3o Vinculados \/ -"},{"ano_emissao_emp":"2023","n_emp":"0000473","data_emissao":"13\/12\/2023","valor":"933,00","tipo_empenho":"Ordin\u00e1rio","hist_emp":"Custeio referente ao pagamento do auxilio-transporte do mes de dezembro do ano corrente, que sera creditado nos cartoes corporativos dos servidores efetivos desta Casa Legislativa, Saulo Correia de Albuquerque (cartao numero 2.208.349.662) e Angelica Bezerra Melo Figueiredo (cartao 3.986.414.078), fornecidos pela empresa Logo Transportes Ltda, conforme o artigo 50, inciso II, e o artigo 51 da Lei Municipal 923\/1990, bem como o disposto na Portaria 78\/2023. Dispensa de licitacao por valor, artigo 75, incis","fornecedor":"LOGO TRANSPORTES LTDA","denom_uni_orc":"CORPO DELIBERATIVO E SECRETARIA","funcao":"Legislativa","sub_funcao":"A\u00e7\u00e3o Legislativa","programa":"A\u00c7\u00c3O LEGISLATIVA","acao":"INDENIZA\u00c7\u00d5ES E RESTITUI\u00c7\u00d5ES DIVERSAS (FMS)","ident_acao":"Atividade","cat_econ":"Despesa Corrente","natureza_despesa":"Outras Despesas Correntes","modalidade_despesa":"Aplica\u00e7\u00f5es Diretas","elemento_despesa":"Outros Servi\u00e7os de Terceiros - Pessoa Jur\u00eddica","sub_elem_desp":"SEM SUBELEMENTO","fonte_recurso":"Recursos do Exerc\u00edcio Corrente \/ Outros Recursos n\u00e3o Vinculados \/ -"},{"ano_emissao_emp":"2023","n_emp":"0000474","data_emissao":"13\/12\/2023","valor":"286,00","tipo_empenho":"Ordin\u00e1rio","hist_emp":"Custeio referente ao pagamento do auxilio-transporte do mes de dezembro do ano corrente, que sera creditado no cartao corporativo da servidora comissionada Yhohhana Lima Araujo (cartao 3.986.126.286), fornecido pela empresa Logo Transportes Ltda, conforme o artigo 50, inciso II, e o artigo 51 da Lei Municipal 923\/1990, bem como o disposto na Portaria 78\/2023. Dispensa de licitacao em razao do valor, artigo 75, inciso 2\u00ba da Lei 14.133\/21.","fornecedor":"LOGO TRANSPORTES LTDA","denom_uni_orc":"CORPO DELIBERATIVO E SECRETARIA","funcao":"Legislativa","sub_funcao":"A\u00e7\u00e3o Legislativa","programa":"A\u00c7\u00c3O LEGISLATIVA","acao":"AQUISI\u00c7\u00c3O DE M\u00d3VEIS, M\u00c1QUINAS E EQUIPAMENTOS DIVERSOS PARA O CONSELHO","ident_acao":"Atividade","cat_econ":"Despesa Corrente","natureza_despesa":"Outras Despesas Correntes","modalidade_despesa":"Aplica\u00e7\u00f5es Diretas","elemento_despesa":"Outros Servi\u00e7os de Terceiros - Pessoa Jur\u00eddica","sub_elem_desp":"SEM SUBELEMENTO","fonte_recurso":"Recursos do Exerc\u00edcio Corrente \/ Outros Recursos n\u00e3o Vinculados \/ -"},{"ano_emissao_emp":"2023","n_emp":"0000474","data_emissao":"13\/12\/2023","valor":"286,00","tipo_empenho":"Ordin\u00e1rio","hist_emp":"Custeio referente ao pagamento do auxilio-transporte do mes de dezembro do ano corrente, que sera creditado no cartao corporativo da servidora comissionada Yhohhana Lima Araujo (cartao 3.986.126.286), fornecido pela empresa Logo Transportes Ltda, conforme o artigo 50, inciso II, e o artigo 51 da Lei Municipal 923\/1990, bem como o disposto na Portaria 78\/2023. Dispensa de licitacao em razao do valor, artigo 75, inciso 2\u00ba da Lei 14.133\/21.","fornecedor":"LOGO TRANSPORTES LTDA","denom_uni_orc":"CORPO DELIBERATIVO E SECRETARIA","funcao":"Legislativa","sub_funcao":"A\u00e7\u00e3o Legislativa","programa":"A\u00c7\u00c3O LEGISLATIVA","acao":"MANUTEN\u00c7\u00c3O DAS ATIVIDADES ADMINISTRATIVAS","ident_acao":"Atividade","cat_econ":"Despesa Corrente","natureza_despesa":"Outras Despesas Correntes","modalidade_despesa":"Aplica\u00e7\u00f5es Diretas","elemento_despesa":"Outros Servi\u00e7os de Terceiros - Pessoa Jur\u00eddica","sub_elem_desp":"SEM SUBELEMENTO","fonte_recurso":"Recursos do Exerc\u00edcio Corrente \/ Outros Recursos n\u00e3o Vinculados \/ -"},{"ano_emissao_emp":"2023","n_emp":"0000474","data_emissao":"13\/12\/2023","valor":"286,00","tipo_empenho":"Ordin\u00e1rio","hist_emp":"Custeio referente ao pagamento do auxilio-transporte do mes de dezembro do ano corrente, que sera creditado no cartao corporativo da servidora comissionada Yhohhana Lima Araujo (cartao 3.986.126.286), fornecido pela empresa Logo Transportes Ltda, conforme o artigo 50, inciso II, e o artigo 51 da Lei Municipal 923\/1990, bem como o disposto na Portaria 78\/2023. Dispensa de licitacao em razao do valor, artigo 75, inciso 2\u00ba da Lei 14.133\/21.","fornecedor":"LOGO TRANSPORTES LTDA","denom_uni_orc":"CORPO DELIBERATIVO E SECRETARIA","funcao":"Legislativa","sub_funcao":"A\u00e7\u00e3o Legislativa","programa":"A\u00c7\u00c3O LEGISLATIVA","acao":"INDENIZA\u00c7\u00d5ES E RESTITUI\u00c7\u00d5ES DIVERSAS (FMS)","ident_acao":"Atividade","cat_econ":"Despesa Corrente","natureza_despesa":"Outras Despesas Correntes","modalidade_despesa":"Aplica\u00e7\u00f5es Diretas","elemento_despesa":"Outros Servi\u00e7os de Terceiros - Pessoa Jur\u00eddica","sub_elem_desp":"SEM SUBELEMENTO","fonte_recurso":"Recursos do Exerc\u00edcio Corrente \/ Outros Recursos n\u00e3o Vinculados \/ -"},{"ano_emissao_emp":"2023","n_emp":"0000475","data_emissao":"13\/12\/2023","valor":"959,60","tipo_empenho":"Ordin\u00e1rio","hist_emp":"Custeio com aquisicao de materiais eletricos (luminarias e demais itens para instalacao) destinados a nova sala da tesouraria (juncao contabilidade, tesouraria e controladoria) desta Casa de Leis. Dispensa de licitacao por valor, conforme o artigo 75, inciso 2\u00ba da Lei 14.133\/21.","fornecedor":"LUX COMERCIO DE MATERIAL ELETRICO LTDA","denom_uni_orc":"CORPO DELIBERATIVO E SECRETARIA","funcao":"Legislativa","sub_funcao":"A\u00e7\u00e3o Legislativa","programa":"A\u00c7\u00c3O LEGISLATIVA","acao":"AQUISI\u00c7\u00c3O DE M\u00d3VEIS, M\u00c1QUINAS E EQUIPAMENTOS DIVERSOS PARA O CONSELHO","ident_acao":"Atividade","cat_econ":"Despesa Corrente","natureza_despesa":"Outras Despesas Correntes","modalidade_despesa":"Aplica\u00e7\u00f5es Diretas","elemento_despesa":"Material de Consumo","sub_elem_desp":"SEM SUBELEMENTO","fonte_recurso":"Recursos do Exerc\u00edcio Corrente \/ Outros Recursos n\u00e3o Vinculados \/ -"},{"ano_emissao_emp":"2023","n_emp":"0000475","data_emissao":"13\/12\/2023","valor":"959,60","tipo_empenho":"Ordin\u00e1rio","hist_emp":"Custeio com aquisicao de materiais eletricos (luminarias e demais itens para instalacao) destinados a nova sala da tesouraria (juncao contabilidade, tesouraria e controladoria) desta Casa de Leis. Dispensa de licitacao por valor, conforme o artigo 75, inciso 2\u00ba da Lei 14.133\/21.","fornecedor":"LUX COMERCIO DE MATERIAL ELETRICO LTDA","denom_uni_orc":"CORPO DELIBERATIVO E SECRETARIA","funcao":"Legislativa","sub_funcao":"A\u00e7\u00e3o Legislativa","programa":"A\u00c7\u00c3O LEGISLATIVA","acao":"MANUTEN\u00c7\u00c3O DAS ATIVIDADES ADMINISTRATIVAS","ident_acao":"Atividade","cat_econ":"Despesa Corrente","natureza_despesa":"Outras Despesas Correntes","modalidade_despesa":"Aplica\u00e7\u00f5es Diretas","elemento_despesa":"Material de Consumo","sub_elem_desp":"SEM SUBELEMENTO","fonte_recurso":"Recursos do Exerc\u00edcio Corrente \/ Outros Recursos n\u00e3o Vinculados \/ -"},{"ano_emissao_emp":"2023","n_emp":"0000475","data_emissao":"13\/12\/2023","valor":"959,60","tipo_empenho":"Ordin\u00e1rio","hist_emp":"Custeio com aquisicao de materiais eletricos (luminarias e demais itens para instalacao) destinados a nova sala da tesouraria (juncao contabilidade, tesouraria e controladoria) desta Casa de Leis. Dispensa de licitacao por valor, conforme o artigo 75, inciso 2\u00ba da Lei 14.133\/21.","fornecedor":"LUX COMERCIO DE MATERIAL ELETRICO LTDA","denom_uni_orc":"CORPO DELIBERATIVO E SECRETARIA","funcao":"Legislativa","sub_funcao":"A\u00e7\u00e3o Legislativa","programa":"A\u00c7\u00c3O LEGISLATIVA","acao":"INDENIZA\u00c7\u00d5ES E RESTITUI\u00c7\u00d5ES DIVERSAS (FMS)","ident_acao":"Atividade","cat_econ":"Despesa Corrente","natureza_despesa":"Outras Despesas Correntes","modalidade_despesa":"Aplica\u00e7\u00f5es Diretas","elemento_despesa":"Material de Consumo","sub_elem_desp":"SEM SUBELEMENTO","fonte_recurso":"Recursos do Exerc\u00edcio Corrente \/ Outros Recursos n\u00e3o Vinculados \/ -"},{"ano_emissao_emp":"2023","n_emp":"0000476","data_emissao":"15\/12\/2023","valor":"3.441,81","tipo_empenho":"Ordin\u00e1rio","hist_emp":"Custeio com aquisicao de produtos de consumo relacionados abaixo para o funcionamento da copa e cozinha desta Casa Legislativa para o mes de dezembro 2023 e janeiro 2024, conforme solicitacao no oficio 83\/2023 da Secretaria. Dispensa de licitacao em razao do valor, 75, inciso 2\u00ba da Lei 14.133\/21","fornecedor":"LOPES & FONSECA CIA LTDA","denom_uni_orc":"CORPO DELIBERATIVO E SECRETARIA","funcao":"Legislativa","sub_funcao":"A\u00e7\u00e3o Legislativa","programa":"A\u00c7\u00c3O LEGISLATIVA","acao":"AQUISI\u00c7\u00c3O DE M\u00d3VEIS, M\u00c1QUINAS E EQUIPAMENTOS DIVERSOS PARA O CONSELHO","ident_acao":"Atividade","cat_econ":"Despesa Corrente","natureza_despesa":"Outras Despesas Correntes","modalidade_despesa":"Aplica\u00e7\u00f5es Diretas","elemento_despesa":"Material de Consumo","sub_elem_desp":"MATERIAL DE COPA E COZINHA","fonte_recurso":"Recursos do Exerc\u00edcio Corrente \/ Outros Recursos n\u00e3o Vinculados \/ -"},{"ano_emissao_emp":"2023","n_emp":"0000476","data_emissao":"15\/12\/2023","valor":"3.441,81","tipo_empenho":"Ordin\u00e1rio","hist_emp":"Custeio com aquisicao de produtos de consumo relacionados abaixo para o funcionamento da copa e cozinha desta Casa Legislativa para o mes de dezembro 2023 e janeiro 2024, conforme solicitacao no oficio 83\/2023 da Secretaria. Dispensa de licitacao em razao do valor, 75, inciso 2\u00ba da Lei 14.133\/21","fornecedor":"LOPES & FONSECA CIA LTDA","denom_uni_orc":"CORPO DELIBERATIVO E SECRETARIA","funcao":"Legislativa","sub_funcao":"A\u00e7\u00e3o Legislativa","programa":"A\u00c7\u00c3O LEGISLATIVA","acao":"MANUTEN\u00c7\u00c3O DAS ATIVIDADES ADMINISTRATIVAS","ident_acao":"Atividade","cat_econ":"Despesa Corrente","natureza_despesa":"Outras Despesas Correntes","modalidade_despesa":"Aplica\u00e7\u00f5es Diretas","elemento_despesa":"Material de Consumo","sub_elem_desp":"MATERIAL DE COPA E COZINHA","fonte_recurso":"Recursos do Exerc\u00edcio Corrente \/ Outros Recursos n\u00e3o Vinculados \/ -"},{"ano_emissao_emp":"2023","n_emp":"0000476","data_emissao":"15\/12\/2023","valor":"3.441,81","tipo_empenho":"Ordin\u00e1rio","hist_emp":"Custeio com aquisicao de produtos de consumo relacionados abaixo para o funcionamento da copa e cozinha desta Casa Legislativa para o mes de dezembro 2023 e janeiro 2024, conforme solicitacao no oficio 83\/2023 da Secretaria. Dispensa de licitacao em razao do valor, 75, inciso 2\u00ba da Lei 14.133\/21","fornecedor":"LOPES & FONSECA CIA LTDA","denom_uni_orc":"CORPO DELIBERATIVO E SECRETARIA","funcao":"Legislativa","sub_funcao":"A\u00e7\u00e3o Legislativa","programa":"A\u00c7\u00c3O LEGISLATIVA","acao":"INDENIZA\u00c7\u00d5ES E RESTITUI\u00c7\u00d5ES DIVERSAS (FMS)","ident_acao":"Atividade","cat_econ":"Despesa Corrente","natureza_despesa":"Outras Despesas Correntes","modalidade_despesa":"Aplica\u00e7\u00f5es Diretas","elemento_despesa":"Material de Consumo","sub_elem_desp":"MATERIAL DE COPA E COZINHA","fonte_recurso":"Recursos do Exerc\u00edcio Corrente \/ Outros Recursos n\u00e3o Vinculados \/ -"},{"ano_emissao_emp":"2023","n_emp":"0000477","data_emissao":"15\/12\/2023","valor":"192,00","tipo_empenho":"Ordin\u00e1rio","hist_emp":"Custeio da aquisicao de 03 (tres) quadros, tipo de vidro com moldura de aluminio, destinados a titulos de cidadaos santacruzenses, conforme solicitado no Oficio 42\/2023-SEC. Dispensa de licitacao em razao do valor, artigo 75, inciso 2\u00ba da Lei 14.133\/21.","fornecedor":"SAN VIDROS COMERCIO DE VIDROSLTDA","denom_uni_orc":"CORPO DELIBERATIVO E SECRETARIA","funcao":"Legislativa","sub_funcao":"A\u00e7\u00e3o Legislativa","programa":"A\u00c7\u00c3O LEGISLATIVA","acao":"AQUISI\u00c7\u00c3O DE M\u00d3VEIS, M\u00c1QUINAS E EQUIPAMENTOS DIVERSOS PARA O CONSELHO","ident_acao":"Atividade","cat_econ":"Despesa Corrente","natureza_despesa":"Outras Despesas Correntes","modalidade_despesa":"Aplica\u00e7\u00f5es Diretas","elemento_despesa":"Material de Consumo","sub_elem_desp":"SEM SUBELEMENTO","fonte_recurso":"Recursos do Exerc\u00edcio Corrente \/ Outros Recursos n\u00e3o Vinculados \/ -"},{"ano_emissao_emp":"2023","n_emp":"0000477","data_emissao":"15\/12\/2023","valor":"192,00","tipo_empenho":"Ordin\u00e1rio","hist_emp":"Custeio da aquisicao de 03 (tres) quadros, tipo de vidro com moldura de aluminio, destinados a titulos de cidadaos santacruzenses, conforme solicitado no Oficio 42\/2023-SEC. Dispensa de licitacao em razao do valor, artigo 75, inciso 2\u00ba da Lei 14.133\/21.","fornecedor":"SAN VIDROS COMERCIO DE VIDROSLTDA","denom_uni_orc":"CORPO DELIBERATIVO E SECRETARIA","funcao":"Legislativa","sub_funcao":"A\u00e7\u00e3o Legislativa","programa":"A\u00c7\u00c3O LEGISLATIVA","acao":"MANUTEN\u00c7\u00c3O DAS ATIVIDADES ADMINISTRATIVAS","ident_acao":"Atividade","cat_econ":"Despesa Corrente","natureza_despesa":"Outras Despesas Correntes","modalidade_despesa":"Aplica\u00e7\u00f5es Diretas","elemento_despesa":"Material de Consumo","sub_elem_desp":"SEM SUBELEMENTO","fonte_recurso":"Recursos do Exerc\u00edcio Corrente \/ Outros Recursos n\u00e3o Vinculados \/ -"},{"ano_emissao_emp":"2023","n_emp":"0000477","data_emissao":"15\/12\/2023","valor":"192,00","tipo_empenho":"Ordin\u00e1rio","hist_emp":"Custeio da aquisicao de 03 (tres) quadros, tipo de vidro com moldura de aluminio, destinados a titulos de cidadaos santacruzenses, conforme solicitado no Oficio 42\/2023-SEC. Dispensa de licitacao em razao do valor, artigo 75, inciso 2\u00ba da Lei 14.133\/21.","fornecedor":"SAN VIDROS COMERCIO DE VIDROSLTDA","denom_uni_orc":"CORPO DELIBERATIVO E SECRETARIA","funcao":"Legislativa","sub_funcao":"A\u00e7\u00e3o Legislativa","programa":"A\u00c7\u00c3O LEGISLATIVA","acao":"INDENIZA\u00c7\u00d5ES E RESTITUI\u00c7\u00d5ES DIVERSAS (FMS)","ident_acao":"Atividade","cat_econ":"Despesa Corrente","natureza_despesa":"Outras Despesas Correntes","modalidade_despesa":"Aplica\u00e7\u00f5es Diretas","elemento_despesa":"Material de Consumo","sub_elem_desp":"SEM SUBELEMENTO","fonte_recurso":"Recursos do Exerc\u00edcio Corrente \/ Outros Recursos n\u00e3o Vinculados \/ -"},{"ano_emissao_emp":"2023","n_emp":"0000478","data_emissao":"18\/12\/2023","valor":"350,00","tipo_empenho":"Ordin\u00e1rio","hist_emp":"REQUISI\u00c7\u00c3O DE DI\u00c1RIA 103 - Solicito 01 (uma) diaria sem pernoite para custeio de viagem a cidade de Recife no dia 18 de dezembro do corrente ano. A finalidade e participar da Sessao Solene em homenagem aos 70 anos de emancipacao politica de Santa Cruz do Capibaribe, na Assembleia Legislativa de Pernambuco, a convite do Deputado Estadual Diogo Moraes.","fornecedor":"GILSON JOSE JULIAO","denom_uni_orc":"CORPO DELIBERATIVO E SECRETARIA","funcao":"Legislativa","sub_funcao":"A\u00e7\u00e3o Legislativa","programa":"A\u00c7\u00c3O LEGISLATIVA","acao":"AQUISI\u00c7\u00c3O DE EQUIPAMENTOS DIVERSOS PARA O PROGRAMA PRIMEIRA INF\u00c2NCIA N","ident_acao":"Atividade","cat_econ":"Despesa Corrente","natureza_despesa":"Outras Despesas Correntes","modalidade_despesa":"Aplica\u00e7\u00f5es Diretas","elemento_despesa":"Di\u00e1rias \u2013 Civil","sub_elem_desp":"SEM SUBELEMENTO","fonte_recurso":"Recursos do Exerc\u00edcio Corrente \/ Outros Recursos n\u00e3o Vinculados \/ -"},{"ano_emissao_emp":"2023","n_emp":"0000478","data_emissao":"18\/12\/2023","valor":"350,00","tipo_empenho":"Ordin\u00e1rio","hist_emp":"REQUISI\u00c7\u00c3O DE DI\u00c1RIA 103 - Solicito 01 (uma) diaria sem pernoite para custeio de viagem a cidade de Recife no dia 18 de dezembro do corrente ano. A finalidade e participar da Sessao Solene em homenagem aos 70 anos de emancipacao politica de Santa Cruz do Capibaribe, na Assembleia Legislativa de Pernambuco, a convite do Deputado Estadual Diogo Moraes.","fornecedor":"GILSON JOSE JULIAO","denom_uni_orc":"CORPO DELIBERATIVO E SECRETARIA","funcao":"Legislativa","sub_funcao":"A\u00e7\u00e3o Legislativa","programa":"A\u00c7\u00c3O LEGISLATIVA","acao":"MANUTEN\u00c7\u00c3O DAS ATIVIDADES LEGISLATIVAS","ident_acao":"Atividade","cat_econ":"Despesa Corrente","natureza_despesa":"Outras Despesas Correntes","modalidade_despesa":"Aplica\u00e7\u00f5es Diretas","elemento_despesa":"Di\u00e1rias \u2013 Civil","sub_elem_desp":"SEM SUBELEMENTO","fonte_recurso":"Recursos do Exerc\u00edcio Corrente \/ Outros Recursos n\u00e3o Vinculados \/ -"},{"ano_emissao_emp":"2023","n_emp":"0000479","data_emissao":"18\/12\/2023","valor":"350,00","tipo_empenho":"Ordin\u00e1rio","hist_emp":"REQUISI\u00c7\u00c3O DE DI\u00c1RIA 104 - Solicito 1 diaria com pernoite para 18\/12\/2023 para atividades jornalisticas e assessoria ao vereador e presidente da Camara Jose Climerio Neto, na sessao solene na Assembleia Legislativa de Pernambuco (ALEPE), homenageando os 70 anos de emancipacao politica de Santa Cruz do Capibaribe. O valor sera utilizado para custear alimentacao e hospedagem no Recife-PE.","fornecedor":"CLAUDIO HIGINO DE LIMA","denom_uni_orc":"CORPO DELIBERATIVO E SECRETARIA","funcao":"Legislativa","sub_funcao":"A\u00e7\u00e3o Legislativa","programa":"A\u00c7\u00c3O LEGISLATIVA","acao":"AQUISI\u00c7\u00c3O DE M\u00d3VEIS, M\u00c1QUINAS E EQUIPAMENTOS DIVERSOS PARA O CONSELHO","ident_acao":"Atividade","cat_econ":"Despesa Corrente","natureza_despesa":"Outras Despesas Correntes","modalidade_despesa":"Aplica\u00e7\u00f5es Diretas","elemento_despesa":"Di\u00e1rias \u2013 Civil","sub_elem_desp":"SEM SUBELEMENTO","fonte_recurso":"Recursos do Exerc\u00edcio Corrente \/ Outros Recursos n\u00e3o Vinculados \/ -"},{"ano_emissao_emp":"2023","n_emp":"0000479","data_emissao":"18\/12\/2023","valor":"350,00","tipo_empenho":"Ordin\u00e1rio","hist_emp":"REQUISI\u00c7\u00c3O DE DI\u00c1RIA 104 - Solicito 1 diaria com pernoite para 18\/12\/2023 para atividades jornalisticas e assessoria ao vereador e presidente da Camara Jose Climerio Neto, na sessao solene na Assembleia Legislativa de Pernambuco (ALEPE), homenageando os 70 anos de emancipacao politica de Santa Cruz do Capibaribe. O valor sera utilizado para custear alimentacao e hospedagem no Recife-PE.","fornecedor":"CLAUDIO HIGINO DE LIMA","denom_uni_orc":"CORPO DELIBERATIVO E SECRETARIA","funcao":"Legislativa","sub_funcao":"A\u00e7\u00e3o Legislativa","programa":"A\u00c7\u00c3O LEGISLATIVA","acao":"MANUTEN\u00c7\u00c3O DAS ATIVIDADES ADMINISTRATIVAS","ident_acao":"Atividade","cat_econ":"Despesa Corrente","natureza_despesa":"Outras Despesas Correntes","modalidade_despesa":"Aplica\u00e7\u00f5es Diretas","elemento_despesa":"Di\u00e1rias \u2013 Civil","sub_elem_desp":"SEM SUBELEMENTO","fonte_recurso":"Recursos do Exerc\u00edcio Corrente \/ Outros Recursos n\u00e3o Vinculados \/ -"},{"ano_emissao_emp":"2023","n_emp":"0000479","data_emissao":"18\/12\/2023","valor":"350,00","tipo_empenho":"Ordin\u00e1rio","hist_emp":"REQUISI\u00c7\u00c3O DE DI\u00c1RIA 104 - Solicito 1 diaria com pernoite para 18\/12\/2023 para atividades jornalisticas e assessoria ao vereador e presidente da Camara Jose Climerio Neto, na sessao solene na Assembleia Legislativa de Pernambuco (ALEPE), homenageando os 70 anos de emancipacao politica de Santa Cruz do Capibaribe. O valor sera utilizado para custear alimentacao e hospedagem no Recife-PE.","fornecedor":"CLAUDIO HIGINO DE LIMA","denom_uni_orc":"CORPO DELIBERATIVO E SECRETARIA","funcao":"Legislativa","sub_funcao":"A\u00e7\u00e3o Legislativa","programa":"A\u00c7\u00c3O LEGISLATIVA","acao":"INDENIZA\u00c7\u00d5ES E RESTITUI\u00c7\u00d5ES DIVERSAS (FMS)","ident_acao":"Atividade","cat_econ":"Despesa Corrente","natureza_despesa":"Outras Despesas Correntes","modalidade_despesa":"Aplica\u00e7\u00f5es Diretas","elemento_despesa":"Di\u00e1rias \u2013 Civil","sub_elem_desp":"SEM SUBELEMENTO","fonte_recurso":"Recursos do Exerc\u00edcio Corrente \/ Outros Recursos n\u00e3o Vinculados \/ -"},{"ano_emissao_emp":"2023","n_emp":"0000480","data_emissao":"18\/12\/2023","valor":"700,00","tipo_empenho":"Ordin\u00e1rio","hist_emp":"REQUISI\u00c7\u00c3O DE DI\u00c1RIA 105 - Solicito 01 (uma) diaria com pernoite para o dia 18\/12\/2023, destinada a participacao em sessao solene na Assembleia Legislativa de Pernambuco (ALEPE), em homenagem aos 70 anos de emancipacao politica de Santa Cruz do Capibaribe. O valor recebido sera utilizado para custear alimentacao e hospedagem na cidade do Recife-PE.","fornecedor":"JOS\u00c9 CLIM\u00c9RIO NETO","denom_uni_orc":"CORPO DELIBERATIVO E SECRETARIA","funcao":"Legislativa","sub_funcao":"A\u00e7\u00e3o Legislativa","programa":"A\u00c7\u00c3O LEGISLATIVA","acao":"AQUISI\u00c7\u00c3O DE EQUIPAMENTOS DIVERSOS PARA O PROGRAMA PRIMEIRA INF\u00c2NCIA N","ident_acao":"Atividade","cat_econ":"Despesa Corrente","natureza_despesa":"Outras Despesas Correntes","modalidade_despesa":"Aplica\u00e7\u00f5es Diretas","elemento_despesa":"Di\u00e1rias \u2013 Civil","sub_elem_desp":"SEM SUBELEMENTO","fonte_recurso":"Recursos do Exerc\u00edcio Corrente \/ Outros Recursos n\u00e3o Vinculados \/ -"},{"ano_emissao_emp":"2023","n_emp":"0000480","data_emissao":"18\/12\/2023","valor":"700,00","tipo_empenho":"Ordin\u00e1rio","hist_emp":"REQUISI\u00c7\u00c3O DE DI\u00c1RIA 105 - Solicito 01 (uma) diaria com pernoite para o dia 18\/12\/2023, destinada a participacao em sessao solene na Assembleia Legislativa de Pernambuco (ALEPE), em homenagem aos 70 anos de emancipacao politica de Santa Cruz do Capibaribe. O valor recebido sera utilizado para custear alimentacao e hospedagem na cidade do Recife-PE.","fornecedor":"JOS\u00c9 CLIM\u00c9RIO NETO","denom_uni_orc":"CORPO DELIBERATIVO E SECRETARIA","funcao":"Legislativa","sub_funcao":"A\u00e7\u00e3o Legislativa","programa":"A\u00c7\u00c3O LEGISLATIVA","acao":"MANUTEN\u00c7\u00c3O DAS ATIVIDADES LEGISLATIVAS","ident_acao":"Atividade","cat_econ":"Despesa Corrente","natureza_despesa":"Outras Despesas Correntes","modalidade_despesa":"Aplica\u00e7\u00f5es Diretas","elemento_despesa":"Di\u00e1rias \u2013 Civil","sub_elem_desp":"SEM SUBELEMENTO","fonte_recurso":"Recursos do Exerc\u00edcio Corrente \/ Outros Recursos n\u00e3o Vinculados \/ -"},{"ano_emissao_emp":"2023","n_emp":"0000481","data_emissao":"18\/12\/2023","valor":"2.732,50","tipo_empenho":"Ordin\u00e1rio","hist_emp":"Custeio de servico de reforma e reparacao de 50 (cinquenta) cadeiras desta Casa Legislativa. Dispensa de licitacao em razao do valor, conforme o artigo 75, inciso 2\u00ba da Lei 14.133\/21.","fornecedor":"IVAN DUQUE CAVALCANT1","denom_uni_orc":"CORPO DELIBERATIVO E SECRETARIA","funcao":"Legislativa","sub_funcao":"A\u00e7\u00e3o Legislativa","programa":"A\u00c7\u00c3O LEGISLATIVA","acao":"AQUISI\u00c7\u00c3O DE M\u00d3VEIS, M\u00c1QUINAS E EQUIPAMENTOS DIVERSOS PARA O CONSELHO","ident_acao":"Atividade","cat_econ":"Despesa Corrente","natureza_despesa":"Outras Despesas Correntes","modalidade_despesa":"Aplica\u00e7\u00f5es Diretas","elemento_despesa":"Outros Servi\u00e7os de Terceiros - Pessoa F\u00edsica","sub_elem_desp":"MANUTEN\u00c7\u00c3O E CONSERVA\u00c7\u00c3O DE BENS M\u00d3VEIS DE OUTRAS NATUREZAS","fonte_recurso":"Recursos do Exerc\u00edcio Corrente \/ Outros Recursos n\u00e3o Vinculados \/ -"},{"ano_emissao_emp":"2023","n_emp":"0000481","data_emissao":"18\/12\/2023","valor":"2.732,50","tipo_empenho":"Ordin\u00e1rio","hist_emp":"Custeio de servico de reforma e reparacao de 50 (cinquenta) cadeiras desta Casa Legislativa. Dispensa de licitacao em razao do valor, conforme o artigo 75, inciso 2\u00ba da Lei 14.133\/21.","fornecedor":"IVAN DUQUE CAVALCANT1","denom_uni_orc":"CORPO DELIBERATIVO E SECRETARIA","funcao":"Legislativa","sub_funcao":"A\u00e7\u00e3o Legislativa","programa":"A\u00c7\u00c3O LEGISLATIVA","acao":"MANUTEN\u00c7\u00c3O DAS ATIVIDADES ADMINISTRATIVAS","ident_acao":"Atividade","cat_econ":"Despesa Corrente","natureza_despesa":"Outras Despesas Correntes","modalidade_despesa":"Aplica\u00e7\u00f5es Diretas","elemento_despesa":"Outros Servi\u00e7os de Terceiros - Pessoa F\u00edsica","sub_elem_desp":"MANUTEN\u00c7\u00c3O E CONSERVA\u00c7\u00c3O DE BENS M\u00d3VEIS DE OUTRAS NATUREZAS","fonte_recurso":"Recursos do Exerc\u00edcio Corrente \/ Outros Recursos n\u00e3o Vinculados \/ -"},{"ano_emissao_emp":"2023","n_emp":"0000481","data_emissao":"18\/12\/2023","valor":"2.732,50","tipo_empenho":"Ordin\u00e1rio","hist_emp":"Custeio de servico de reforma e reparacao de 50 (cinquenta) cadeiras desta Casa Legislativa. Dispensa de licitacao em razao do valor, conforme o artigo 75, inciso 2\u00ba da Lei 14.133\/21.","fornecedor":"IVAN DUQUE CAVALCANT1","denom_uni_orc":"CORPO DELIBERATIVO E SECRETARIA","funcao":"Legislativa","sub_funcao":"A\u00e7\u00e3o Legislativa","programa":"A\u00c7\u00c3O LEGISLATIVA","acao":"INDENIZA\u00c7\u00d5ES E RESTITUI\u00c7\u00d5ES DIVERSAS (FMS)","ident_acao":"Atividade","cat_econ":"Despesa Corrente","natureza_despesa":"Outras Despesas Correntes","modalidade_despesa":"Aplica\u00e7\u00f5es Diretas","elemento_despesa":"Outros Servi\u00e7os de Terceiros - Pessoa F\u00edsica","sub_elem_desp":"MANUTEN\u00c7\u00c3O E CONSERVA\u00c7\u00c3O DE BENS M\u00d3VEIS DE OUTRAS NATUREZAS","fonte_recurso":"Recursos do Exerc\u00edcio Corrente \/ Outros Recursos n\u00e3o Vinculados \/ -"},{"ano_emissao_emp":"2023","n_emp":"0000482","data_emissao":"18\/12\/2023","valor":"77.757,28","tipo_empenho":"Ordin\u00e1rio","hist_emp":"VALOR QUE SE EMPENHA PARA FAZER FACE AO PAGAMENTO DA PARTE PATRONAL DO INSS DAS FOLHAS DE PAGAMENTO DOS VEREADORES E SERVIDORES COMISSIONADOS. DARF DO 13\u00ba  DO EXERC\u00cdCIO DE 2023.","fornecedor":"FOLHA DE PAGAMENTO","denom_uni_orc":"CORPO DELIBERATIVO E SECRETARIA","funcao":"Legislativa","sub_funcao":"A\u00e7\u00e3o Legislativa","programa":"PREVID\u00caNCIA SOCIAL A SEGURADOS","acao":"CONTRIBUI\u00c7\u00c3O PREVIDENCI\u00c1RIA E FGTS","ident_acao":"Atividade","cat_econ":"Despesa Corrente","natureza_despesa":"Pessoal e Encargos Sociais","modalidade_despesa":"Aplica\u00e7\u00f5es Diretas","elemento_despesa":"Obriga\u00e7\u00f5es Patronais","sub_elem_desp":"SEM SUBELEMENTO","fonte_recurso":"Recursos do Exerc\u00edcio Corrente \/ Outros Recursos n\u00e3o Vinculados \/ -"},{"ano_emissao_emp":"2023","n_emp":"0000482","data_emissao":"18\/12\/2023","valor":"77.757,28","tipo_empenho":"Ordin\u00e1rio","hist_emp":"VALOR QUE SE EMPENHA PARA FAZER FACE AO PAGAMENTO DA PARTE PATRONAL DO INSS DAS FOLHAS DE PAGAMENTO DOS VEREADORES E SERVIDORES COMISSIONADOS. DARF DO 13\u00ba  DO EXERC\u00cdCIO DE 2023.","fornecedor":"FOLHA DE PAGAMENTO","denom_uni_orc":"CORPO DELIBERATIVO E SECRETARIA","funcao":"Legislativa","sub_funcao":"A\u00e7\u00e3o Legislativa","programa":"PREVID\u00caNCIA SOCIAL A SEGURADOS","acao":"RESERVA DE CONTING\u00caNCIA ( PAGAMENTO E COBERTURA DE PASSIVOS CONTINGENT","ident_acao":"Atividade","cat_econ":"Despesa Corrente","natureza_despesa":"Pessoal e Encargos Sociais","modalidade_despesa":"Aplica\u00e7\u00f5es Diretas","elemento_despesa":"Obriga\u00e7\u00f5es Patronais","sub_elem_desp":"SEM SUBELEMENTO","fonte_recurso":"Recursos do Exerc\u00edcio Corrente \/ Outros Recursos n\u00e3o Vinculados \/ -"},{"ano_emissao_emp":"2023","n_emp":"0000483","data_emissao":"19\/12\/2023","valor":"1.301,60","tipo_empenho":"Ordin\u00e1rio","hist_emp":"Custeio com pagamento do DARF do INSS dos servicos prestados a esta Camara Municipal por pessoa fisica, referente ao mes de novembro de 2023.","fornecedor":"FOLHA DE PAGAMENTO","denom_uni_orc":"CORPO DELIBERATIVO E SECRETARIA","funcao":"Legislativa","sub_funcao":"A\u00e7\u00e3o Legislativa","programa":"PREVID\u00caNCIA SOCIAL A SEGURADOS","acao":"CONTRIBUI\u00c7\u00c3O PREVIDENCI\u00c1RIA E FGTS","ident_acao":"Atividade","cat_econ":"Despesa Corrente","natureza_despesa":"Pessoal e Encargos Sociais","modalidade_despesa":"Aplica\u00e7\u00f5es Diretas","elemento_despesa":"Obriga\u00e7\u00f5es Patronais","sub_elem_desp":"SEM SUBELEMENTO","fonte_recurso":"Recursos do Exerc\u00edcio Corrente \/ Outros Recursos n\u00e3o Vinculados \/ -"},{"ano_emissao_emp":"2023","n_emp":"0000483","data_emissao":"19\/12\/2023","valor":"1.301,60","tipo_empenho":"Ordin\u00e1rio","hist_emp":"Custeio com pagamento do DARF do INSS dos servicos prestados a esta Camara Municipal por pessoa fisica, referente ao mes de novembro de 2023.","fornecedor":"FOLHA DE PAGAMENTO","denom_uni_orc":"CORPO DELIBERATIVO E SECRETARIA","funcao":"Legislativa","sub_funcao":"A\u00e7\u00e3o Legislativa","programa":"PREVID\u00caNCIA SOCIAL A SEGURADOS","acao":"RESERVA DE CONTING\u00caNCIA ( PAGAMENTO E COBERTURA DE PASSIVOS CONTINGENT","ident_acao":"Atividade","cat_econ":"Despesa Corrente","natureza_despesa":"Pessoal e Encargos Sociais","modalidade_despesa":"Aplica\u00e7\u00f5es Diretas","elemento_despesa":"Obriga\u00e7\u00f5es Patronais","sub_elem_desp":"SEM SUBELEMENTO","fonte_recurso":"Recursos do Exerc\u00edcio Corrente \/ Outros Recursos n\u00e3o Vinculados \/ -"},{"ano_emissao_emp":"2023","n_emp":"0000484","data_emissao":"19\/12\/2023","valor":"1.600,00","tipo_empenho":"Ordin\u00e1rio","hist_emp":"custeio com servico de apresentacao cultural comemorativa em alusao aos 70 anos da emancipacao politica de Santa Cruz do Capibaribe no ano de 2023, dia 20 de dezembro de 2023.  Dispensa de licitacao em razao do valor, conforme o artigo 75, inciso 2\u00ba da Lei 14.133\/21.","fornecedor":"CLAUDIO DOS SANTOS FERREIRA","denom_uni_orc":"CORPO DELIBERATIVO E SECRETARIA","funcao":"Legislativa","sub_funcao":"A\u00e7\u00e3o Legislativa","programa":"A\u00c7\u00c3O LEGISLATIVA","acao":"AQUISI\u00c7\u00c3O DE M\u00d3VEIS, M\u00c1QUINAS E EQUIPAMENTOS DIVERSOS PARA O CONSELHO","ident_acao":"Atividade","cat_econ":"Despesa Corrente","natureza_despesa":"Outras Despesas Correntes","modalidade_despesa":"Aplica\u00e7\u00f5es Diretas","elemento_despesa":"Outros Servi\u00e7os de Terceiros - Pessoa Jur\u00eddica","sub_elem_desp":"SEM SUBELEMENTO","fonte_recurso":"Recursos do Exerc\u00edcio Corrente \/ Outros Recursos n\u00e3o Vinculados \/ -"},{"ano_emissao_emp":"2023","n_emp":"0000484","data_emissao":"19\/12\/2023","valor":"1.600,00","tipo_empenho":"Ordin\u00e1rio","hist_emp":"custeio com servico de apresentacao cultural comemorativa em alusao aos 70 anos da emancipacao politica de Santa Cruz do Capibaribe no ano de 2023, dia 20 de dezembro de 2023.  Dispensa de licitacao em razao do valor, conforme o artigo 75, inciso 2\u00ba da Lei 14.133\/21.","fornecedor":"CLAUDIO DOS SANTOS FERREIRA","denom_uni_orc":"CORPO DELIBERATIVO E SECRETARIA","funcao":"Legislativa","sub_funcao":"A\u00e7\u00e3o Legislativa","programa":"A\u00c7\u00c3O LEGISLATIVA","acao":"MANUTEN\u00c7\u00c3O DAS ATIVIDADES ADMINISTRATIVAS","ident_acao":"Atividade","cat_econ":"Despesa Corrente","natureza_despesa":"Outras Despesas Correntes","modalidade_despesa":"Aplica\u00e7\u00f5es Diretas","elemento_despesa":"Outros Servi\u00e7os de Terceiros - Pessoa Jur\u00eddica","sub_elem_desp":"SEM SUBELEMENTO","fonte_recurso":"Recursos do Exerc\u00edcio Corrente \/ Outros Recursos n\u00e3o Vinculados \/ -"},{"ano_emissao_emp":"2023","n_emp":"0000484","data_emissao":"19\/12\/2023","valor":"1.600,00","tipo_empenho":"Ordin\u00e1rio","hist_emp":"custeio com servico de apresentacao cultural comemorativa em alusao aos 70 anos da emancipacao politica de Santa Cruz do Capibaribe no ano de 2023, dia 20 de dezembro de 2023.  Dispensa de licitacao em razao do valor, conforme o artigo 75, inciso 2\u00ba da Lei 14.133\/21.","fornecedor":"CLAUDIO DOS SANTOS FERREIRA","denom_uni_orc":"CORPO DELIBERATIVO E SECRETARIA","funcao":"Legislativa","sub_funcao":"A\u00e7\u00e3o Legislativa","programa":"A\u00c7\u00c3O LEGISLATIVA","acao":"INDENIZA\u00c7\u00d5ES E RESTITUI\u00c7\u00d5ES DIVERSAS (FMS)","ident_acao":"Atividade","cat_econ":"Despesa Corrente","natureza_despesa":"Outras Despesas Correntes","modalidade_despesa":"Aplica\u00e7\u00f5es Diretas","elemento_despesa":"Outros Servi\u00e7os de Terceiros - Pessoa Jur\u00eddica","sub_elem_desp":"SEM SUBELEMENTO","fonte_recurso":"Recursos do Exerc\u00edcio Corrente \/ Outros Recursos n\u00e3o Vinculados \/ -"},{"ano_emissao_emp":"2023","n_emp":"0000485","data_emissao":"19\/12\/2023","valor":"20.000,00","tipo_empenho":"Ordin\u00e1rio","hist_emp":"Custeio com servicos prestados em recepcao na homenagem alusiva aos 70 anos de emancipacao politica deste municipio, fortalecendo vinculos com entidades e a comunidade, reconhecendo a colaboracao mutua e celebrando as conquistas compartilhadas ao longo dos anos. Dispensa de licitacao em razao do valor, conforme o artigo 75, inciso 2\u00ba da Lei 14.133\/21.","fornecedor":"TEIKE BAR E RESTAURANTE LTDA","denom_uni_orc":"CORPO DELIBERATIVO E SECRETARIA","funcao":"Legislativa","sub_funcao":"A\u00e7\u00e3o Legislativa","programa":"A\u00c7\u00c3O LEGISLATIVA","acao":"AQUISI\u00c7\u00c3O DE M\u00d3VEIS, M\u00c1QUINAS E EQUIPAMENTOS DIVERSOS PARA O CONSELHO","ident_acao":"Atividade","cat_econ":"Despesa Corrente","natureza_despesa":"Outras Despesas Correntes","modalidade_despesa":"Aplica\u00e7\u00f5es Diretas","elemento_despesa":"Outros Servi\u00e7os de Terceiros - Pessoa Jur\u00eddica","sub_elem_desp":"SEM SUBELEMENTO","fonte_recurso":"Recursos do Exerc\u00edcio Corrente \/ Outros Recursos n\u00e3o Vinculados \/ -"},{"ano_emissao_emp":"2023","n_emp":"0000485","data_emissao":"19\/12\/2023","valor":"20.000,00","tipo_empenho":"Ordin\u00e1rio","hist_emp":"Custeio com servicos prestados em recepcao na homenagem alusiva aos 70 anos de emancipacao politica deste municipio, fortalecendo vinculos com entidades e a comunidade, reconhecendo a colaboracao mutua e celebrando as conquistas compartilhadas ao longo dos anos. Dispensa de licitacao em razao do valor, conforme o artigo 75, inciso 2\u00ba da Lei 14.133\/21.","fornecedor":"TEIKE BAR E RESTAURANTE LTDA","denom_uni_orc":"CORPO DELIBERATIVO E SECRETARIA","funcao":"Legislativa","sub_funcao":"A\u00e7\u00e3o Legislativa","programa":"A\u00c7\u00c3O LEGISLATIVA","acao":"MANUTEN\u00c7\u00c3O DAS ATIVIDADES ADMINISTRATIVAS","ident_acao":"Atividade","cat_econ":"Despesa Corrente","natureza_despesa":"Outras Despesas Correntes","modalidade_despesa":"Aplica\u00e7\u00f5es Diretas","elemento_despesa":"Outros Servi\u00e7os de Terceiros - Pessoa Jur\u00eddica","sub_elem_desp":"SEM SUBELEMENTO","fonte_recurso":"Recursos do Exerc\u00edcio Corrente \/ Outros Recursos n\u00e3o Vinculados \/ -"},{"ano_emissao_emp":"2023","n_emp":"0000485","data_emissao":"19\/12\/2023","valor":"20.000,00","tipo_empenho":"Ordin\u00e1rio","hist_emp":"Custeio com servicos prestados em recepcao na homenagem alusiva aos 70 anos de emancipacao politica deste municipio, fortalecendo vinculos com entidades e a comunidade, reconhecendo a colaboracao mutua e celebrando as conquistas compartilhadas ao longo dos anos. Dispensa de licitacao em razao do valor, conforme o artigo 75, inciso 2\u00ba da Lei 14.133\/21.","fornecedor":"TEIKE BAR E RESTAURANTE LTDA","denom_uni_orc":"CORPO DELIBERATIVO E SECRETARIA","funcao":"Legislativa","sub_funcao":"A\u00e7\u00e3o Legislativa","programa":"A\u00c7\u00c3O LEGISLATIVA","acao":"INDENIZA\u00c7\u00d5ES E RESTITUI\u00c7\u00d5ES DIVERSAS (FMS)","ident_acao":"Atividade","cat_econ":"Despesa Corrente","natureza_despesa":"Outras Despesas Correntes","modalidade_despesa":"Aplica\u00e7\u00f5es Diretas","elemento_despesa":"Outros Servi\u00e7os de Terceiros - Pessoa Jur\u00eddica","sub_elem_desp":"SEM SUBELEMENTO","fonte_recurso":"Recursos do Exerc\u00edcio Corrente \/ Outros Recursos n\u00e3o Vinculados \/ -"},{"ano_emissao_emp":"2023","n_emp":"0000486","data_emissao":"19\/12\/2023","valor":"305,00","tipo_empenho":"Ordin\u00e1rio","hist_emp":"Custeio com locacao de uma estrutura de grid 2x2, a que sera destinada as comemoracoes alusivas aos 70 anos de emancipacao politica. Dispensa de licitacao em razao do valor, conforme o artigo 75, inciso 2\u00ba da Lei 14.133\/21.","fornecedor":"KESSIA B BATISTA DE SOUZA","denom_uni_orc":"CORPO DELIBERATIVO E SECRETARIA","funcao":"Legislativa","sub_funcao":"A\u00e7\u00e3o Legislativa","programa":"A\u00c7\u00c3O LEGISLATIVA","acao":"AQUISI\u00c7\u00c3O DE M\u00d3VEIS, M\u00c1QUINAS E EQUIPAMENTOS DIVERSOS PARA O CONSELHO","ident_acao":"Atividade","cat_econ":"Despesa Corrente","natureza_despesa":"Outras Despesas Correntes","modalidade_despesa":"Aplica\u00e7\u00f5es Diretas","elemento_despesa":"Outros Servi\u00e7os de Terceiros - Pessoa Jur\u00eddica","sub_elem_desp":"SEM SUBELEMENTO","fonte_recurso":"Recursos do Exerc\u00edcio Corrente \/ Outros Recursos n\u00e3o Vinculados \/ -"},{"ano_emissao_emp":"2023","n_emp":"0000486","data_emissao":"19\/12\/2023","valor":"305,00","tipo_empenho":"Ordin\u00e1rio","hist_emp":"Custeio com locacao de uma estrutura de grid 2x2, a que sera destinada as comemoracoes alusivas aos 70 anos de emancipacao politica. Dispensa de licitacao em razao do valor, conforme o artigo 75, inciso 2\u00ba da Lei 14.133\/21.","fornecedor":"KESSIA B BATISTA DE SOUZA","denom_uni_orc":"CORPO DELIBERATIVO E SECRETARIA","funcao":"Legislativa","sub_funcao":"A\u00e7\u00e3o Legislativa","programa":"A\u00c7\u00c3O LEGISLATIVA","acao":"MANUTEN\u00c7\u00c3O DAS ATIVIDADES ADMINISTRATIVAS","ident_acao":"Atividade","cat_econ":"Despesa Corrente","natureza_despesa":"Outras Despesas Correntes","modalidade_despesa":"Aplica\u00e7\u00f5es Diretas","elemento_despesa":"Outros Servi\u00e7os de Terceiros - Pessoa Jur\u00eddica","sub_elem_desp":"SEM SUBELEMENTO","fonte_recurso":"Recursos do Exerc\u00edcio Corrente \/ Outros Recursos n\u00e3o Vinculados \/ -"},{"ano_emissao_emp":"2023","n_emp":"0000486","data_emissao":"19\/12\/2023","valor":"305,00","tipo_empenho":"Ordin\u00e1rio","hist_emp":"Custeio com locacao de uma estrutura de grid 2x2, a que sera destinada as comemoracoes alusivas aos 70 anos de emancipacao politica. Dispensa de licitacao em razao do valor, conforme o artigo 75, inciso 2\u00ba da Lei 14.133\/21.","fornecedor":"KESSIA B BATISTA DE SOUZA","denom_uni_orc":"CORPO DELIBERATIVO E SECRETARIA","funcao":"Legislativa","sub_funcao":"A\u00e7\u00e3o Legislativa","programa":"A\u00c7\u00c3O LEGISLATIVA","acao":"INDENIZA\u00c7\u00d5ES E RESTITUI\u00c7\u00d5ES DIVERSAS (FMS)","ident_acao":"Atividade","cat_econ":"Despesa Corrente","natureza_despesa":"Outras Despesas Correntes","modalidade_despesa":"Aplica\u00e7\u00f5es Diretas","elemento_despesa":"Outros Servi\u00e7os de Terceiros - Pessoa Jur\u00eddica","sub_elem_desp":"SEM SUBELEMENTO","fonte_recurso":"Recursos do Exerc\u00edcio Corrente \/ Outros Recursos n\u00e3o Vinculados \/ -"},{"ano_emissao_emp":"2023","n_emp":"0000487","data_emissao":"19\/12\/2023","valor":"278,18","tipo_empenho":"Ordin\u00e1rio","hist_emp":"Servico de confeccao de lona 1,95x1,95 com arte elaborada pelo Setor de Comunicacao desta Casa, a qual e destinada as comemoracoes alusivas aos 70 anos de emancipacao da cidade no ano de 2023. Dispensa de licitacao em razao do valor, conforme o artigo 75, inciso 2\u00ba da Lei 14.133\/21.","fornecedor":"SIGN COMUNICA\u00c7\u00c3O VISUAL LTDA","denom_uni_orc":"CORPO DELIBERATIVO E SECRETARIA","funcao":"Legislativa","sub_funcao":"A\u00e7\u00e3o Legislativa","programa":"A\u00c7\u00c3O LEGISLATIVA","acao":"AQUISI\u00c7\u00c3O DE M\u00d3VEIS, M\u00c1QUINAS E EQUIPAMENTOS DIVERSOS PARA O CONSELHO","ident_acao":"Atividade","cat_econ":"Despesa Corrente","natureza_despesa":"Outras Despesas Correntes","modalidade_despesa":"Aplica\u00e7\u00f5es Diretas","elemento_despesa":"Outros Servi\u00e7os de Terceiros - Pessoa Jur\u00eddica","sub_elem_desp":"SEM SUBELEMENTO","fonte_recurso":"Recursos do Exerc\u00edcio Corrente \/ Outros Recursos n\u00e3o Vinculados \/ -"},{"ano_emissao_emp":"2023","n_emp":"0000487","data_emissao":"19\/12\/2023","valor":"278,18","tipo_empenho":"Ordin\u00e1rio","hist_emp":"Servico de confeccao de lona 1,95x1,95 com arte elaborada pelo Setor de Comunicacao desta Casa, a qual e destinada as comemoracoes alusivas aos 70 anos de emancipacao da cidade no ano de 2023. Dispensa de licitacao em razao do valor, conforme o artigo 75, inciso 2\u00ba da Lei 14.133\/21.","fornecedor":"SIGN COMUNICA\u00c7\u00c3O VISUAL LTDA","denom_uni_orc":"CORPO DELIBERATIVO E SECRETARIA","funcao":"Legislativa","sub_funcao":"A\u00e7\u00e3o Legislativa","programa":"A\u00c7\u00c3O LEGISLATIVA","acao":"MANUTEN\u00c7\u00c3O DAS ATIVIDADES ADMINISTRATIVAS","ident_acao":"Atividade","cat_econ":"Despesa Corrente","natureza_despesa":"Outras Despesas Correntes","modalidade_despesa":"Aplica\u00e7\u00f5es Diretas","elemento_despesa":"Outros Servi\u00e7os de Terceiros - Pessoa Jur\u00eddica","sub_elem_desp":"SEM SUBELEMENTO","fonte_recurso":"Recursos do Exerc\u00edcio Corrente \/ Outros Recursos n\u00e3o Vinculados \/ -"},{"ano_emissao_emp":"2023","n_emp":"0000487","data_emissao":"19\/12\/2023","valor":"278,18","tipo_empenho":"Ordin\u00e1rio","hist_emp":"Servico de confeccao de lona 1,95x1,95 com arte elaborada pelo Setor de Comunicacao desta Casa, a qual e destinada as comemoracoes alusivas aos 70 anos de emancipacao da cidade no ano de 2023. Dispensa de licitacao em razao do valor, conforme o artigo 75, inciso 2\u00ba da Lei 14.133\/21.","fornecedor":"SIGN COMUNICA\u00c7\u00c3O VISUAL LTDA","denom_uni_orc":"CORPO DELIBERATIVO E SECRETARIA","funcao":"Legislativa","sub_funcao":"A\u00e7\u00e3o Legislativa","programa":"A\u00c7\u00c3O LEGISLATIVA","acao":"INDENIZA\u00c7\u00d5ES E RESTITUI\u00c7\u00d5ES DIVERSAS (FMS)","ident_acao":"Atividade","cat_econ":"Despesa Corrente","natureza_despesa":"Outras Despesas Correntes","modalidade_despesa":"Aplica\u00e7\u00f5es Diretas","elemento_despesa":"Outros Servi\u00e7os de Terceiros - Pessoa Jur\u00eddica","sub_elem_desp":"SEM SUBELEMENTO","fonte_recurso":"Recursos do Exerc\u00edcio Corrente \/ Outros Recursos n\u00e3o Vinculados \/ -"},{"ano_emissao_emp":"2023","n_emp":"0000488","data_emissao":"20\/12\/2023","valor":"5.331,10","tipo_empenho":"Ordin\u00e1rio","hist_emp":"Custeio com aquisicao de materiais de consumo relacionados abaixo, destinados a reestruturacao do sistema de eletricidade do anexo da casa. Dispensa de licitacao por valor, artigo 75, inciso 2\u00ba da Lei 14.133\/21.","fornecedor":"JCL LAJES E MATERIAIS PARA CONSTRU\u00c7\u00c3O LTDA","denom_uni_orc":"CORPO DELIBERATIVO E SECRETARIA","funcao":"Legislativa","sub_funcao":"A\u00e7\u00e3o Legislativa","programa":"A\u00c7\u00c3O LEGISLATIVA","acao":"(Emenda Impositiva do vereador Jose Ailton Oliveira Borges) CONSTRU\u00c7\u00c3O","ident_acao":"Atividade","cat_econ":"Despesa Corrente","natureza_despesa":"Outras Despesas Correntes","modalidade_despesa":"Aplica\u00e7\u00f5es Diretas","elemento_despesa":"Material de Consumo","sub_elem_desp":"SEM SUBELEMENTO","fonte_recurso":"Recursos do Exerc\u00edcio Corrente \/ Outros Recursos n\u00e3o Vinculados \/ -"},{"ano_emissao_emp":"2023","n_emp":"0000488","data_emissao":"20\/12\/2023","valor":"5.331,10","tipo_empenho":"Ordin\u00e1rio","hist_emp":"Custeio com aquisicao de materiais de consumo relacionados abaixo, destinados a reestruturacao do sistema de eletricidade do anexo da casa. Dispensa de licitacao por valor, artigo 75, inciso 2\u00ba da Lei 14.133\/21.","fornecedor":"JCL LAJES E MATERIAIS PARA CONSTRU\u00c7\u00c3O LTDA","denom_uni_orc":"CORPO DELIBERATIVO E SECRETARIA","funcao":"Legislativa","sub_funcao":"A\u00e7\u00e3o Legislativa","programa":"A\u00c7\u00c3O LEGISLATIVA","acao":"MANUTEN\u00c7\u00c3O PROGRAMA INCLUS\u00c3O TECNOLOGIA E CIDADANIA - CIDATEC EMANUEL","ident_acao":"Atividade","cat_econ":"Despesa Corrente","natureza_despesa":"Outras Despesas Correntes","modalidade_despesa":"Aplica\u00e7\u00f5es Diretas","elemento_despesa":"Material de Consumo","sub_elem_desp":"SEM SUBELEMENTO","fonte_recurso":"Recursos do Exerc\u00edcio Corrente \/ Outros Recursos n\u00e3o Vinculados \/ -"},{"ano_emissao_emp":"2023","n_emp":"0000489","data_emissao":"20\/12\/2023","valor":"8.000,00","tipo_empenho":"Ordin\u00e1rio","hist_emp":"Valor empenhado para pagamento de servicos tecnicos de consultoria e assessoria em areas contabil, financeira e orcamento publico, com software grafico e folha de pagamento. Conforme 2\u00ba termo aditivo ao contrato n\u00ba 002\/2021 (licitacao n\u00ba 001\/2021 - tomada de precos n\u00ba 001\/2021), vigencia prorrogada ate 13\/04\/2024. Periodo- 12\/2023.","fornecedor":"CERTAM - CENTRO REGIONAL DE TREINAMENTO EM ADMINISTRA\u00c7\u00c3O MUNICIPAL LTDA EPP","denom_uni_orc":"CORPO DELIBERATIVO E SECRETARIA","funcao":"Legislativa","sub_funcao":"A\u00e7\u00e3o Legislativa","programa":"A\u00c7\u00c3O LEGISLATIVA","acao":"AQUISI\u00c7\u00c3O DE M\u00d3VEIS, M\u00c1QUINAS E EQUIPAMENTOS DIVERSOS PARA O CONSELHO","ident_acao":"Atividade","cat_econ":"Despesa Corrente","natureza_despesa":"Outras Despesas Correntes","modalidade_despesa":"Aplica\u00e7\u00f5es Diretas","elemento_despesa":"Servi\u00e7os de Consultoria","sub_elem_desp":"SEM SUBELEMENTO","fonte_recurso":"Recursos do Exerc\u00edcio Corrente \/ Outros Recursos n\u00e3o Vinculados \/ -"},{"ano_emissao_emp":"2023","n_emp":"0000489","data_emissao":"20\/12\/2023","valor":"8.000,00","tipo_empenho":"Ordin\u00e1rio","hist_emp":"Valor empenhado para pagamento de servicos tecnicos de consultoria e assessoria em areas contabil, financeira e orcamento publico, com software grafico e folha de pagamento. Conforme 2\u00ba termo aditivo ao contrato n\u00ba 002\/2021 (licitacao n\u00ba 001\/2021 - tomada de precos n\u00ba 001\/2021), vigencia prorrogada ate 13\/04\/2024. Periodo- 12\/2023.","fornecedor":"CERTAM - CENTRO REGIONAL DE TREINAMENTO EM ADMINISTRA\u00c7\u00c3O MUNICIPAL LTDA EPP","denom_uni_orc":"CORPO DELIBERATIVO E SECRETARIA","funcao":"Legislativa","sub_funcao":"A\u00e7\u00e3o Legislativa","programa":"A\u00c7\u00c3O LEGISLATIVA","acao":"MANUTEN\u00c7\u00c3O DAS ATIVIDADES ADMINISTRATIVAS","ident_acao":"Atividade","cat_econ":"Despesa Corrente","natureza_despesa":"Outras Despesas Correntes","modalidade_despesa":"Aplica\u00e7\u00f5es Diretas","elemento_despesa":"Servi\u00e7os de Consultoria","sub_elem_desp":"SEM SUBELEMENTO","fonte_recurso":"Recursos do Exerc\u00edcio Corrente \/ Outros Recursos n\u00e3o Vinculados \/ -"},{"ano_emissao_emp":"2023","n_emp":"0000489","data_emissao":"20\/12\/2023","valor":"8.000,00","tipo_empenho":"Ordin\u00e1rio","hist_emp":"Valor empenhado para pagamento de servicos tecnicos de consultoria e assessoria em areas contabil, financeira e orcamento publico, com software grafico e folha de pagamento. Conforme 2\u00ba termo aditivo ao contrato n\u00ba 002\/2021 (licitacao n\u00ba 001\/2021 - tomada de precos n\u00ba 001\/2021), vigencia prorrogada ate 13\/04\/2024. Periodo- 12\/2023.","fornecedor":"CERTAM - CENTRO REGIONAL DE TREINAMENTO EM ADMINISTRA\u00c7\u00c3O MUNICIPAL LTDA EPP","denom_uni_orc":"CORPO DELIBERATIVO E SECRETARIA","funcao":"Legislativa","sub_funcao":"A\u00e7\u00e3o Legislativa","programa":"A\u00c7\u00c3O LEGISLATIVA","acao":"INDENIZA\u00c7\u00d5ES E RESTITUI\u00c7\u00d5ES DIVERSAS (FMS)","ident_acao":"Atividade","cat_econ":"Despesa Corrente","natureza_despesa":"Outras Despesas Correntes","modalidade_despesa":"Aplica\u00e7\u00f5es Diretas","elemento_despesa":"Servi\u00e7os de Consultoria","sub_elem_desp":"SEM SUBELEMENTO","fonte_recurso":"Recursos do Exerc\u00edcio Corrente \/ Outros Recursos n\u00e3o Vinculados \/ -"},{"ano_emissao_emp":"2023","n_emp":"0000490","data_emissao":"20\/12\/2023","valor":"2.475,00","tipo_empenho":"Ordin\u00e1rio","hist_emp":"Custeio com a aquisicao de material de limpeza relacionado abaixo, destinado a esta Casa Legislativa e seu anexo (CIDATEC) para os meses de dezembro 2022 e janeiro 2023. Dispensa de licitacao em razao do valor,artigo 75, inciso 2\u00ba da Lei 14.133\/21.","fornecedor":"IVONALDO SEVERINO DA SILVA","denom_uni_orc":"CORPO DELIBERATIVO E SECRETARIA","funcao":"Legislativa","sub_funcao":"A\u00e7\u00e3o Legislativa","programa":"A\u00c7\u00c3O LEGISLATIVA","acao":"AQUISI\u00c7\u00c3O DE M\u00d3VEIS, M\u00c1QUINAS E EQUIPAMENTOS DIVERSOS PARA O CONSELHO","ident_acao":"Atividade","cat_econ":"Despesa Corrente","natureza_despesa":"Outras Despesas Correntes","modalidade_despesa":"Aplica\u00e7\u00f5es Diretas","elemento_despesa":"Material de Consumo","sub_elem_desp":"SEM SUBELEMENTO","fonte_recurso":"Recursos do Exerc\u00edcio Corrente \/ Outros Recursos n\u00e3o Vinculados \/ -"},{"ano_emissao_emp":"2023","n_emp":"0000490","data_emissao":"20\/12\/2023","valor":"2.475,00","tipo_empenho":"Ordin\u00e1rio","hist_emp":"Custeio com a aquisicao de material de limpeza relacionado abaixo, destinado a esta Casa Legislativa e seu anexo (CIDATEC) para os meses de dezembro 2022 e janeiro 2023. Dispensa de licitacao em razao do valor,artigo 75, inciso 2\u00ba da Lei 14.133\/21.","fornecedor":"IVONALDO SEVERINO DA SILVA","denom_uni_orc":"CORPO DELIBERATIVO E SECRETARIA","funcao":"Legislativa","sub_funcao":"A\u00e7\u00e3o Legislativa","programa":"A\u00c7\u00c3O LEGISLATIVA","acao":"MANUTEN\u00c7\u00c3O DAS ATIVIDADES ADMINISTRATIVAS","ident_acao":"Atividade","cat_econ":"Despesa Corrente","natureza_despesa":"Outras Despesas Correntes","modalidade_despesa":"Aplica\u00e7\u00f5es Diretas","elemento_despesa":"Material de Consumo","sub_elem_desp":"SEM SUBELEMENTO","fonte_recurso":"Recursos do Exerc\u00edcio Corrente \/ Outros Recursos n\u00e3o Vinculados \/ -"},{"ano_emissao_emp":"2023","n_emp":"0000490","data_emissao":"20\/12\/2023","valor":"2.475,00","tipo_empenho":"Ordin\u00e1rio","hist_emp":"Custeio com a aquisicao de material de limpeza relacionado abaixo, destinado a esta Casa Legislativa e seu anexo (CIDATEC) para os meses de dezembro 2022 e janeiro 2023. Dispensa de licitacao em razao do valor,artigo 75, inciso 2\u00ba da Lei 14.133\/21.","fornecedor":"IVONALDO SEVERINO DA SILVA","denom_uni_orc":"CORPO DELIBERATIVO E SECRETARIA","funcao":"Legislativa","sub_funcao":"A\u00e7\u00e3o Legislativa","programa":"A\u00c7\u00c3O LEGISLATIVA","acao":"INDENIZA\u00c7\u00d5ES E RESTITUI\u00c7\u00d5ES DIVERSAS (FMS)","ident_acao":"Atividade","cat_econ":"Despesa Corrente","natureza_despesa":"Outras Despesas Correntes","modalidade_despesa":"Aplica\u00e7\u00f5es Diretas","elemento_despesa":"Material de Consumo","sub_elem_desp":"SEM SUBELEMENTO","fonte_recurso":"Recursos do Exerc\u00edcio Corrente \/ Outros Recursos n\u00e3o Vinculados \/ -"},{"ano_emissao_emp":"2023","n_emp":"0000491","data_emissao":"22\/12\/2023","valor":"600,00","tipo_empenho":"Ordin\u00e1rio","hist_emp":"Custeio com servicos prestados referentes a 10 (dez) fotos impressas em tamanho 30x45, em papel fosco, para exposicao nesta Casa de Leis. Dispensa de licitacao em razao do valor, conforme o artigo 75, inciso 2\u00ba da Lei 14.133\/21.","fornecedor":"J M FERREIRA FOTOS","denom_uni_orc":"CORPO DELIBERATIVO E SECRETARIA","funcao":"Legislativa","sub_funcao":"A\u00e7\u00e3o Legislativa","programa":"A\u00c7\u00c3O LEGISLATIVA","acao":"AQUISI\u00c7\u00c3O DE M\u00d3VEIS, M\u00c1QUINAS E EQUIPAMENTOS DIVERSOS PARA O CONSELHO","ident_acao":"Atividade","cat_econ":"Despesa Corrente","natureza_despesa":"Outras Despesas Correntes","modalidade_despesa":"Aplica\u00e7\u00f5es Diretas","elemento_despesa":"Outros Servi\u00e7os de Terceiros - Pessoa Jur\u00eddica","sub_elem_desp":"SEM SUBELEMENTO","fonte_recurso":"Recursos do Exerc\u00edcio Corrente \/ Outros Recursos n\u00e3o Vinculados \/ -"},{"ano_emissao_emp":"2023","n_emp":"0000491","data_emissao":"22\/12\/2023","valor":"600,00","tipo_empenho":"Ordin\u00e1rio","hist_emp":"Custeio com servicos prestados referentes a 10 (dez) fotos impressas em tamanho 30x45, em papel fosco, para exposicao nesta Casa de Leis. Dispensa de licitacao em razao do valor, conforme o artigo 75, inciso 2\u00ba da Lei 14.133\/21.","fornecedor":"J M FERREIRA FOTOS","denom_uni_orc":"CORPO DELIBERATIVO E SECRETARIA","funcao":"Legislativa","sub_funcao":"A\u00e7\u00e3o Legislativa","programa":"A\u00c7\u00c3O LEGISLATIVA","acao":"MANUTEN\u00c7\u00c3O DAS ATIVIDADES ADMINISTRATIVAS","ident_acao":"Atividade","cat_econ":"Despesa Corrente","natureza_despesa":"Outras Despesas Correntes","modalidade_despesa":"Aplica\u00e7\u00f5es Diretas","elemento_despesa":"Outros Servi\u00e7os de Terceiros - Pessoa Jur\u00eddica","sub_elem_desp":"SEM SUBELEMENTO","fonte_recurso":"Recursos do Exerc\u00edcio Corrente \/ Outros Recursos n\u00e3o Vinculados \/ -"},{"ano_emissao_emp":"2023","n_emp":"0000491","data_emissao":"22\/12\/2023","valor":"600,00","tipo_empenho":"Ordin\u00e1rio","hist_emp":"Custeio com servicos prestados referentes a 10 (dez) fotos impressas em tamanho 30x45, em papel fosco, para exposicao nesta Casa de Leis. Dispensa de licitacao em razao do valor, conforme o artigo 75, inciso 2\u00ba da Lei 14.133\/21.","fornecedor":"J M FERREIRA FOTOS","denom_uni_orc":"CORPO DELIBERATIVO E SECRETARIA","funcao":"Legislativa","sub_funcao":"A\u00e7\u00e3o Legislativa","programa":"A\u00c7\u00c3O LEGISLATIVA","acao":"INDENIZA\u00c7\u00d5ES E RESTITUI\u00c7\u00d5ES DIVERSAS (FMS)","ident_acao":"Atividade","cat_econ":"Despesa Corrente","natureza_despesa":"Outras Despesas Correntes","modalidade_despesa":"Aplica\u00e7\u00f5es Diretas","elemento_despesa":"Outros Servi\u00e7os de Terceiros - Pessoa Jur\u00eddica","sub_elem_desp":"SEM SUBELEMENTO","fonte_recurso":"Recursos do Exerc\u00edcio Corrente \/ Outros Recursos n\u00e3o Vinculados \/ -"},{"ano_emissao_emp":"2023","n_emp":"0000492","data_emissao":"26\/12\/2023","valor":"6.735,50","tipo_empenho":"Ordin\u00e1rio","hist_emp":"Custeio com servico, incluindo material e mao de obra por conta do prestador, para realizar a manutencao dos jardins (frente, laterais e interior) desta Casa de Leis. Dispensa de licitacao em razao do valor, conforme o artigo 75, inciso 2\u00ba da Lei 14.133\/21.","fornecedor":"ROBSON BEZERRA DA SILVA","denom_uni_orc":"CORPO DELIBERATIVO E SECRETARIA","funcao":"Legislativa","sub_funcao":"A\u00e7\u00e3o Legislativa","programa":"A\u00c7\u00c3O LEGISLATIVA","acao":"AQUISI\u00c7\u00c3O DE M\u00d3VEIS, M\u00c1QUINAS E EQUIPAMENTOS DIVERSOS PARA O CONSELHO","ident_acao":"Atividade","cat_econ":"Despesa Corrente","natureza_despesa":"Outras Despesas Correntes","modalidade_despesa":"Aplica\u00e7\u00f5es Diretas","elemento_despesa":"Outros Servi\u00e7os de Terceiros - Pessoa Jur\u00eddica","sub_elem_desp":"SEM SUBELEMENTO","fonte_recurso":"Recursos do Exerc\u00edcio Corrente \/ Outros Recursos n\u00e3o Vinculados \/ -"},{"ano_emissao_emp":"2023","n_emp":"0000492","data_emissao":"26\/12\/2023","valor":"6.735,50","tipo_empenho":"Ordin\u00e1rio","hist_emp":"Custeio com servico, incluindo material e mao de obra por conta do prestador, para realizar a manutencao dos jardins (frente, laterais e interior) desta Casa de Leis. Dispensa de licitacao em razao do valor, conforme o artigo 75, inciso 2\u00ba da Lei 14.133\/21.","fornecedor":"ROBSON BEZERRA DA SILVA","denom_uni_orc":"CORPO DELIBERATIVO E SECRETARIA","funcao":"Legislativa","sub_funcao":"A\u00e7\u00e3o Legislativa","programa":"A\u00c7\u00c3O LEGISLATIVA","acao":"MANUTEN\u00c7\u00c3O DAS ATIVIDADES ADMINISTRATIVAS","ident_acao":"Atividade","cat_econ":"Despesa Corrente","natureza_despesa":"Outras Despesas Correntes","modalidade_despesa":"Aplica\u00e7\u00f5es Diretas","elemento_despesa":"Outros Servi\u00e7os de Terceiros - Pessoa Jur\u00eddica","sub_elem_desp":"SEM SUBELEMENTO","fonte_recurso":"Recursos do Exerc\u00edcio Corrente \/ Outros Recursos n\u00e3o Vinculados \/ -"},{"ano_emissao_emp":"2023","n_emp":"0000492","data_emissao":"26\/12\/2023","valor":"6.735,50","tipo_empenho":"Ordin\u00e1rio","hist_emp":"Custeio com servico, incluindo material e mao de obra por conta do prestador, para realizar a manutencao dos jardins (frente, laterais e interior) desta Casa de Leis. Dispensa de licitacao em razao do valor, conforme o artigo 75, inciso 2\u00ba da Lei 14.133\/21.","fornecedor":"ROBSON BEZERRA DA SILVA","denom_uni_orc":"CORPO DELIBERATIVO E SECRETARIA","funcao":"Legislativa","sub_funcao":"A\u00e7\u00e3o Legislativa","programa":"A\u00c7\u00c3O LEGISLATIVA","acao":"INDENIZA\u00c7\u00d5ES E RESTITUI\u00c7\u00d5ES DIVERSAS (FMS)","ident_acao":"Atividade","cat_econ":"Despesa Corrente","natureza_despesa":"Outras Despesas Correntes","modalidade_despesa":"Aplica\u00e7\u00f5es Diretas","elemento_despesa":"Outros Servi\u00e7os de Terceiros - Pessoa Jur\u00eddica","sub_elem_desp":"SEM SUBELEMENTO","fonte_recurso":"Recursos do Exerc\u00edcio Corrente \/ Outros Recursos n\u00e3o Vinculados \/ -"},{"ano_emissao_emp":"2023","n_emp":"0000493","data_emissao":"27\/12\/2023","valor":"780,00","tipo_empenho":"Ordin\u00e1rio","hist_emp":"Custeio com pagamento do DARF do INSS dos servicos prestados a esta Camara Municipal por pessoa fisica, referente ao mes de dezembro de 2023.","fornecedor":"FOLHA DE PAGAMENTO","denom_uni_orc":"CORPO DELIBERATIVO E SECRETARIA","funcao":"Legislativa","sub_funcao":"A\u00e7\u00e3o Legislativa","programa":"PREVID\u00caNCIA SOCIAL A SEGURADOS","acao":"CONTRIBUI\u00c7\u00c3O PREVIDENCI\u00c1RIA E FGTS","ident_acao":"Atividade","cat_econ":"Despesa Corrente","natureza_despesa":"Pessoal e Encargos Sociais","modalidade_despesa":"Aplica\u00e7\u00f5es Diretas","elemento_despesa":"Obriga\u00e7\u00f5es Patronais","sub_elem_desp":"SEM SUBELEMENTO","fonte_recurso":"Recursos do Exerc\u00edcio Corrente \/ Outros Recursos n\u00e3o Vinculados \/ -"},{"ano_emissao_emp":"2023","n_emp":"0000493","data_emissao":"27\/12\/2023","valor":"780,00","tipo_empenho":"Ordin\u00e1rio","hist_emp":"Custeio com pagamento do DARF do INSS dos servicos prestados a esta Camara Municipal por pessoa fisica, referente ao mes de dezembro de 2023.","fornecedor":"FOLHA DE PAGAMENTO","denom_uni_orc":"CORPO DELIBERATIVO E SECRETARIA","funcao":"Legislativa","sub_funcao":"A\u00e7\u00e3o Legislativa","programa":"PREVID\u00caNCIA SOCIAL A SEGURADOS","acao":"RESERVA DE CONTING\u00caNCIA ( PAGAMENTO E COBERTURA DE PASSIVOS CONTINGENT","ident_acao":"Atividade","cat_econ":"Despesa Corrente","natureza_despesa":"Pessoal e Encargos Sociais","modalidade_despesa":"Aplica\u00e7\u00f5es Diretas","elemento_despesa":"Obriga\u00e7\u00f5es Patronais","sub_elem_desp":"SEM SUBELEMENTO","fonte_recurso":"Recursos do Exerc\u00edcio Corrente \/ Outros Recursos n\u00e3o Vinculados \/ -"},{"ano_emissao_emp":"2023","n_emp":"0000494","data_emissao":"27\/12\/2023","valor":"88.778,26","tipo_empenho":"Ordin\u00e1rio","hist_emp":"Valor que se empenha para fazer face ao pagamento da parte patronal do INSS das folhas de pagamento dos vereadores e servidores comissionados de dezembro de 2023.","fornecedor":"FOLHA DE PAGAMENTO","denom_uni_orc":"CORPO DELIBERATIVO E SECRETARIA","funcao":"Legislativa","sub_funcao":"A\u00e7\u00e3o Legislativa","programa":"PREVID\u00caNCIA SOCIAL A SEGURADOS","acao":"CONTRIBUI\u00c7\u00c3O PREVIDENCI\u00c1RIA E FGTS","ident_acao":"Atividade","cat_econ":"Despesa Corrente","natureza_despesa":"Pessoal e Encargos Sociais","modalidade_despesa":"Aplica\u00e7\u00f5es Diretas","elemento_despesa":"Obriga\u00e7\u00f5es Patronais","sub_elem_desp":"SEM SUBELEMENTO","fonte_recurso":"Recursos do Exerc\u00edcio Corrente \/ Outros Recursos n\u00e3o Vinculados \/ -"},{"ano_emissao_emp":"2023","n_emp":"0000494","data_emissao":"27\/12\/2023","valor":"88.778,26","tipo_empenho":"Ordin\u00e1rio","hist_emp":"Valor que se empenha para fazer face ao pagamento da parte patronal do INSS das folhas de pagamento dos vereadores e servidores comissionados de dezembro de 2023.","fornecedor":"FOLHA DE PAGAMENTO","denom_uni_orc":"CORPO DELIBERATIVO E SECRETARIA","funcao":"Legislativa","sub_funcao":"A\u00e7\u00e3o Legislativa","programa":"PREVID\u00caNCIA SOCIAL A SEGURADOS","acao":"RESERVA DE CONTING\u00caNCIA ( PAGAMENTO E COBERTURA DE PASSIVOS CONTINGENT","ident_acao":"Atividade","cat_econ":"Despesa Corrente","natureza_despesa":"Pessoal e Encargos Sociais","modalidade_despesa":"Aplica\u00e7\u00f5es Diretas","elemento_despesa":"Obriga\u00e7\u00f5es Patronais","sub_elem_desp":"SEM SUBELEMENTO","fonte_recurso":"Recursos do Exerc\u00edcio Corrente \/ Outros Recursos n\u00e3o Vinculados \/ -"},{"ano_emissao_emp":"2023","n_emp":"0000495","data_emissao":"27\/12\/2023","valor":"1.150,12","tipo_empenho":"Ordin\u00e1rio","hist_emp":"VALOR QUE SE EMPENHA PARA FAZER FACE AO PAGAMENTO DAS TARIFAS BANC\u00c1RIAS DESCONTADAS NO EXTRATO DA CONTA DESTA CASA LEGISLATIVA. REFERENTE AO M\u00caS DE NOVEMBRO DE 2023.","fornecedor":"BANCO DO BRASIL","denom_uni_orc":"CORPO DELIBERATIVO E SECRETARIA","funcao":"Legislativa","sub_funcao":"A\u00e7\u00e3o Legislativa","programa":"A\u00c7\u00c3O LEGISLATIVA","acao":"AQUISI\u00c7\u00c3O DE M\u00d3VEIS, M\u00c1QUINAS E EQUIPAMENTOS DIVERSOS PARA O CONSELHO","ident_acao":"Atividade","cat_econ":"Despesa Corrente","natureza_despesa":"Outras Despesas Correntes","modalidade_despesa":"Aplica\u00e7\u00f5es Diretas","elemento_despesa":"Outros Servi\u00e7os de Terceiros - Pessoa Jur\u00eddica","sub_elem_desp":"SEM SUBELEMENTO","fonte_recurso":"Recursos do Exerc\u00edcio Corrente \/ Outros Recursos n\u00e3o Vinculados \/ -"},{"ano_emissao_emp":"2023","n_emp":"0000495","data_emissao":"27\/12\/2023","valor":"1.150,12","tipo_empenho":"Ordin\u00e1rio","hist_emp":"VALOR QUE SE EMPENHA PARA FAZER FACE AO PAGAMENTO DAS TARIFAS BANC\u00c1RIAS DESCONTADAS NO EXTRATO DA CONTA DESTA CASA LEGISLATIVA. REFERENTE AO M\u00caS DE NOVEMBRO DE 2023.","fornecedor":"BANCO DO BRASIL","denom_uni_orc":"CORPO DELIBERATIVO E SECRETARIA","funcao":"Legislativa","sub_funcao":"A\u00e7\u00e3o Legislativa","programa":"A\u00c7\u00c3O LEGISLATIVA","acao":"MANUTEN\u00c7\u00c3O DAS ATIVIDADES ADMINISTRATIVAS","ident_acao":"Atividade","cat_econ":"Despesa Corrente","natureza_despesa":"Outras Despesas Correntes","modalidade_despesa":"Aplica\u00e7\u00f5es Diretas","elemento_despesa":"Outros Servi\u00e7os de Terceiros - Pessoa Jur\u00eddica","sub_elem_desp":"SEM SUBELEMENTO","fonte_recurso":"Recursos do Exerc\u00edcio Corrente \/ Outros Recursos n\u00e3o Vinculados \/ -"},{"ano_emissao_emp":"2023","n_emp":"0000495","data_emissao":"27\/12\/2023","valor":"1.150,12","tipo_empenho":"Ordin\u00e1rio","hist_emp":"VALOR QUE SE EMPENHA PARA FAZER FACE AO PAGAMENTO DAS TARIFAS BANC\u00c1RIAS DESCONTADAS NO EXTRATO DA CONTA DESTA CASA LEGISLATIVA. REFERENTE AO M\u00caS DE NOVEMBRO DE 2023.","fornecedor":"BANCO DO BRASIL","denom_uni_orc":"CORPO DELIBERATIVO E SECRETARIA","funcao":"Legislativa","sub_funcao":"A\u00e7\u00e3o Legislativa","programa":"A\u00c7\u00c3O LEGISLATIVA","acao":"INDENIZA\u00c7\u00d5ES E RESTITUI\u00c7\u00d5ES DIVERSAS (FMS)","ident_acao":"Atividade","cat_econ":"Despesa Corrente","natureza_despesa":"Outras Despesas Correntes","modalidade_despesa":"Aplica\u00e7\u00f5es Diretas","elemento_despesa":"Outros Servi\u00e7os de Terceiros - Pessoa Jur\u00eddica","sub_elem_desp":"SEM SUBELEMENTO","fonte_recurso":"Recursos do Exerc\u00edcio Corrente \/ Outros Recursos n\u00e3o Vinculados \/ -"},{"ano_emissao_emp":"2023","n_emp":"0000496","data_emissao":"27\/12\/2023","valor":"5.000,00","tipo_empenho":"Ordin\u00e1rio","hist_emp":"Custeio com contratacao de prestador de servico para realizar a pintura externa desta Casa de Leis, medindo 320m\u00b2. Dispensa de licitacao em razao do valor, conforme o artigo 75, inciso 2\u00ba da Lei 14.133\/21.","fornecedor":"JONAS FELIPE FRANCA ARAUJO","denom_uni_orc":"CORPO DELIBERATIVO E SECRETARIA","funcao":"Legislativa","sub_funcao":"A\u00e7\u00e3o Legislativa","programa":"A\u00c7\u00c3O LEGISLATIVA","acao":"AQUISI\u00c7\u00c3O DE M\u00d3VEIS, M\u00c1QUINAS E EQUIPAMENTOS DIVERSOS PARA O CONSELHO","ident_acao":"Atividade","cat_econ":"Despesa Corrente","natureza_despesa":"Outras Despesas Correntes","modalidade_despesa":"Aplica\u00e7\u00f5es Diretas","elemento_despesa":"Outros Servi\u00e7os de Terceiros - Pessoa Jur\u00eddica","sub_elem_desp":"SEM SUBELEMENTO","fonte_recurso":"Recursos do Exerc\u00edcio Corrente \/ Outros Recursos n\u00e3o Vinculados \/ -"},{"ano_emissao_emp":"2023","n_emp":"0000496","data_emissao":"27\/12\/2023","valor":"5.000,00","tipo_empenho":"Ordin\u00e1rio","hist_emp":"Custeio com contratacao de prestador de servico para realizar a pintura externa desta Casa de Leis, medindo 320m\u00b2. Dispensa de licitacao em razao do valor, conforme o artigo 75, inciso 2\u00ba da Lei 14.133\/21.","fornecedor":"JONAS FELIPE FRANCA ARAUJO","denom_uni_orc":"CORPO DELIBERATIVO E SECRETARIA","funcao":"Legislativa","sub_funcao":"A\u00e7\u00e3o Legislativa","programa":"A\u00c7\u00c3O LEGISLATIVA","acao":"MANUTEN\u00c7\u00c3O DAS ATIVIDADES ADMINISTRATIVAS","ident_acao":"Atividade","cat_econ":"Despesa Corrente","natureza_despesa":"Outras Despesas Correntes","modalidade_despesa":"Aplica\u00e7\u00f5es Diretas","elemento_despesa":"Outros Servi\u00e7os de Terceiros - Pessoa Jur\u00eddica","sub_elem_desp":"SEM SUBELEMENTO","fonte_recurso":"Recursos do Exerc\u00edcio Corrente \/ Outros Recursos n\u00e3o Vinculados \/ -"},{"ano_emissao_emp":"2023","n_emp":"0000496","data_emissao":"27\/12\/2023","valor":"5.000,00","tipo_empenho":"Ordin\u00e1rio","hist_emp":"Custeio com contratacao de prestador de servico para realizar a pintura externa desta Casa de Leis, medindo 320m\u00b2. Dispensa de licitacao em razao do valor, conforme o artigo 75, inciso 2\u00ba da Lei 14.133\/21.","fornecedor":"JONAS FELIPE FRANCA ARAUJO","denom_uni_orc":"CORPO DELIBERATIVO E SECRETARIA","funcao":"Legislativa","sub_funcao":"A\u00e7\u00e3o Legislativa","programa":"A\u00c7\u00c3O LEGISLATIVA","acao":"INDENIZA\u00c7\u00d5ES E RESTITUI\u00c7\u00d5ES DIVERSAS (FMS)","ident_acao":"Atividade","cat_econ":"Despesa Corrente","natureza_despesa":"Outras Despesas Correntes","modalidade_despesa":"Aplica\u00e7\u00f5es Diretas","elemento_despesa":"Outros Servi\u00e7os de Terceiros - Pessoa Jur\u00eddica","sub_elem_desp":"SEM SUBELEMENTO","fonte_recurso":"Recursos do Exerc\u00edcio Corrente \/ Outros Recursos n\u00e3o Vinculados \/ -"},{"ano_emissao_emp":"2023","n_emp":"0000497","data_emissao":"27\/12\/2023","valor":"10.157,60","tipo_empenho":"Ordin\u00e1rio","hist_emp":"Valor que se empenha para fazer face ao Termo Aditivo ao Contrato n\u00ba 005\/2021 - 3\u00aa Alteracao. Fica prorrogado o prazo de vigencia, passando a vigorar ate o dia 27 de julho de 2024. A partir do mes de julho de 2023, o valor do auxilio alimentacao\/refeicao sera acrescido, passando de R$ 350,00 (trezentos e cinquenta reais) para R$ 500,00 (quinhentos reais), conforme definido na Resolucao n\u00ba 015\/2023. Esse valor e destinado ao pagamento dos servicos de administracao, gerenciamento e fornecimento de cartoes d","fornecedor":"GIMAVE - MEIOS DE PAGAMENTOS E INFORMA\u00c7\u00d5ES LTDA","denom_uni_orc":"CORPO DELIBERATIVO E SECRETARIA","funcao":"Legislativa","sub_funcao":"A\u00e7\u00e3o Legislativa","programa":"A\u00c7\u00c3O LEGISLATIVA","acao":"AQUISI\u00c7\u00c3O DE M\u00d3VEIS, M\u00c1QUINAS E EQUIPAMENTOS DIVERSOS PARA O CONSELHO","ident_acao":"Atividade","cat_econ":"Despesa Corrente","natureza_despesa":"Outras Despesas Correntes","modalidade_despesa":"Aplica\u00e7\u00f5es Diretas","elemento_despesa":"Aux\u00edlio-Alimenta\u00e7\u00e3o","sub_elem_desp":"SEM SUBELEMENTO","fonte_recurso":"Recursos do Exerc\u00edcio Corrente \/ Outros Recursos n\u00e3o Vinculados \/ -"},{"ano_emissao_emp":"2023","n_emp":"0000497","data_emissao":"27\/12\/2023","valor":"10.157,60","tipo_empenho":"Ordin\u00e1rio","hist_emp":"Valor que se empenha para fazer face ao Termo Aditivo ao Contrato n\u00ba 005\/2021 - 3\u00aa Alteracao. Fica prorrogado o prazo de vigencia, passando a vigorar ate o dia 27 de julho de 2024. A partir do mes de julho de 2023, o valor do auxilio alimentacao\/refeicao sera acrescido, passando de R$ 350,00 (trezentos e cinquenta reais) para R$ 500,00 (quinhentos reais), conforme definido na Resolucao n\u00ba 015\/2023. Esse valor e destinado ao pagamento dos servicos de administracao, gerenciamento e fornecimento de cartoes d","fornecedor":"GIMAVE - MEIOS DE PAGAMENTOS E INFORMA\u00c7\u00d5ES LTDA","denom_uni_orc":"CORPO DELIBERATIVO E SECRETARIA","funcao":"Legislativa","sub_funcao":"A\u00e7\u00e3o Legislativa","programa":"A\u00c7\u00c3O LEGISLATIVA","acao":"MANUTEN\u00c7\u00c3O DAS ATIVIDADES ADMINISTRATIVAS","ident_acao":"Atividade","cat_econ":"Despesa Corrente","natureza_despesa":"Outras Despesas Correntes","modalidade_despesa":"Aplica\u00e7\u00f5es Diretas","elemento_despesa":"Aux\u00edlio-Alimenta\u00e7\u00e3o","sub_elem_desp":"SEM SUBELEMENTO","fonte_recurso":"Recursos do Exerc\u00edcio Corrente \/ Outros Recursos n\u00e3o Vinculados \/ -"},{"ano_emissao_emp":"2023","n_emp":"0000497","data_emissao":"27\/12\/2023","valor":"10.157,60","tipo_empenho":"Ordin\u00e1rio","hist_emp":"Valor que se empenha para fazer face ao Termo Aditivo ao Contrato n\u00ba 005\/2021 - 3\u00aa Alteracao. Fica prorrogado o prazo de vigencia, passando a vigorar ate o dia 27 de julho de 2024. A partir do mes de julho de 2023, o valor do auxilio alimentacao\/refeicao sera acrescido, passando de R$ 350,00 (trezentos e cinquenta reais) para R$ 500,00 (quinhentos reais), conforme definido na Resolucao n\u00ba 015\/2023. Esse valor e destinado ao pagamento dos servicos de administracao, gerenciamento e fornecimento de cartoes d","fornecedor":"GIMAVE - MEIOS DE PAGAMENTOS E INFORMA\u00c7\u00d5ES LTDA","denom_uni_orc":"CORPO DELIBERATIVO E SECRETARIA","funcao":"Legislativa","sub_funcao":"A\u00e7\u00e3o Legislativa","programa":"A\u00c7\u00c3O LEGISLATIVA","acao":"INDENIZA\u00c7\u00d5ES E RESTITUI\u00c7\u00d5ES DIVERSAS (FMS)","ident_acao":"Atividade","cat_econ":"Despesa Corrente","natureza_despesa":"Outras Despesas Correntes","modalidade_despesa":"Aplica\u00e7\u00f5es Diretas","elemento_despesa":"Aux\u00edlio-Alimenta\u00e7\u00e3o","sub_elem_desp":"SEM SUBELEMENTO","fonte_recurso":"Recursos do Exerc\u00edcio Corrente \/ Outros Recursos n\u00e3o Vinculados \/ -"},{"ano_emissao_emp":"2023","n_emp":"0000498","data_emissao":"27\/12\/2023","valor":"26.220,00","tipo_empenho":"Ordin\u00e1rio","hist_emp":"Custeio com servicos de confeccao de 138 (cento e trinta e oito) placas de titulos de homenagem, conforme arte elaborada pelo setor de comunicacao da Casa, como singelo simbolo aos populares que contribuiram para o desenvolvimento social, cultural, politico e financeiro local. Dispensa de licitacao em razao do valor, conforme o artigo 75, inciso 2\u00ba da Lei 14.133\/21.","fornecedor":"43.851.470 ALEXANDRE DE ALBUQUERQUE CORDEIRO","denom_uni_orc":"CORPO DELIBERATIVO E SECRETARIA","funcao":"Legislativa","sub_funcao":"A\u00e7\u00e3o Legislativa","programa":"A\u00c7\u00c3O LEGISLATIVA","acao":"AQUISI\u00c7\u00c3O DE M\u00d3VEIS, M\u00c1QUINAS E EQUIPAMENTOS DIVERSOS PARA O CONSELHO","ident_acao":"Atividade","cat_econ":"Despesa Corrente","natureza_despesa":"Outras Despesas Correntes","modalidade_despesa":"Aplica\u00e7\u00f5es Diretas","elemento_despesa":"Outros Servi\u00e7os de Terceiros - Pessoa Jur\u00eddica","sub_elem_desp":"SEM SUBELEMENTO","fonte_recurso":"Recursos do Exerc\u00edcio Corrente \/ Outros Recursos n\u00e3o Vinculados \/ -"},{"ano_emissao_emp":"2023","n_emp":"0000498","data_emissao":"27\/12\/2023","valor":"26.220,00","tipo_empenho":"Ordin\u00e1rio","hist_emp":"Custeio com servicos de confeccao de 138 (cento e trinta e oito) placas de titulos de homenagem, conforme arte elaborada pelo setor de comunicacao da Casa, como singelo simbolo aos populares que contribuiram para o desenvolvimento social, cultural, politico e financeiro local. Dispensa de licitacao em razao do valor, conforme o artigo 75, inciso 2\u00ba da Lei 14.133\/21.","fornecedor":"43.851.470 ALEXANDRE DE ALBUQUERQUE CORDEIRO","denom_uni_orc":"CORPO DELIBERATIVO E SECRETARIA","funcao":"Legislativa","sub_funcao":"A\u00e7\u00e3o Legislativa","programa":"A\u00c7\u00c3O LEGISLATIVA","acao":"MANUTEN\u00c7\u00c3O DAS ATIVIDADES ADMINISTRATIVAS","ident_acao":"Atividade","cat_econ":"Despesa Corrente","natureza_despesa":"Outras Despesas Correntes","modalidade_despesa":"Aplica\u00e7\u00f5es Diretas","elemento_despesa":"Outros Servi\u00e7os de Terceiros - Pessoa Jur\u00eddica","sub_elem_desp":"SEM SUBELEMENTO","fonte_recurso":"Recursos do Exerc\u00edcio Corrente \/ Outros Recursos n\u00e3o Vinculados \/ -"},{"ano_emissao_emp":"2023","n_emp":"0000498","data_emissao":"27\/12\/2023","valor":"26.220,00","tipo_empenho":"Ordin\u00e1rio","hist_emp":"Custeio com servicos de confeccao de 138 (cento e trinta e oito) placas de titulos de homenagem, conforme arte elaborada pelo setor de comunicacao da Casa, como singelo simbolo aos populares que contribuiram para o desenvolvimento social, cultural, politico e financeiro local. Dispensa de licitacao em razao do valor, conforme o artigo 75, inciso 2\u00ba da Lei 14.133\/21.","fornecedor":"43.851.470 ALEXANDRE DE ALBUQUERQUE CORDEIRO","denom_uni_orc":"CORPO DELIBERATIVO E SECRETARIA","funcao":"Legislativa","sub_funcao":"A\u00e7\u00e3o Legislativa","programa":"A\u00c7\u00c3O LEGISLATIVA","acao":"INDENIZA\u00c7\u00d5ES E RESTITUI\u00c7\u00d5ES DIVERSAS (FMS)","ident_acao":"Atividade","cat_econ":"Despesa Corrente","natureza_despesa":"Outras Despesas Correntes","modalidade_despesa":"Aplica\u00e7\u00f5es Diretas","elemento_despesa":"Outros Servi\u00e7os de Terceiros - Pessoa Jur\u00eddica","sub_elem_desp":"SEM SUBELEMENTO","fonte_recurso":"Recursos do Exerc\u00edcio Corrente \/ Outros Recursos n\u00e3o Vinculados \/ -"},{"ano_emissao_emp":"2023","n_emp":"0000499","data_emissao":"27\/12\/2023","valor":"1.750,00","tipo_empenho":"Ordin\u00e1rio","hist_emp":"Custeio com a confeccao de 02 (duas) lonas 3,97x2,97, conforme arte elaborada pelo Setor de Comunicacao. Utilizacao durante a Sessao Solene Comemorativa dos 70 anos de emancipacao politica da cidade, em conformidade ao requerimento n\u00ba 413\/2023 do dia 05 de maio do ano corrente do Excelentissimo vereador Nailson Ramos da Silva. Dispensa de licitacao em razao do valor, conforme o artigo 75, inciso 2\u00ba da Lei 14.133\/21.","fornecedor":"51.131.198 THAISA IORRANE FERREIRA DO NASCIMENTO","denom_uni_orc":"CORPO DELIBERATIVO E SECRETARIA","funcao":"Legislativa","sub_funcao":"A\u00e7\u00e3o Legislativa","programa":"A\u00c7\u00c3O LEGISLATIVA","acao":"AQUISI\u00c7\u00c3O DE M\u00d3VEIS, M\u00c1QUINAS E EQUIPAMENTOS DIVERSOS PARA O CONSELHO","ident_acao":"Atividade","cat_econ":"Despesa Corrente","natureza_despesa":"Outras Despesas Correntes","modalidade_despesa":"Aplica\u00e7\u00f5es Diretas","elemento_despesa":"Outros Servi\u00e7os de Terceiros - Pessoa Jur\u00eddica","sub_elem_desp":"SEM SUBELEMENTO","fonte_recurso":"Recursos do Exerc\u00edcio Corrente \/ Outros Recursos n\u00e3o Vinculados \/ -"},{"ano_emissao_emp":"2023","n_emp":"0000499","data_emissao":"27\/12\/2023","valor":"1.750,00","tipo_empenho":"Ordin\u00e1rio","hist_emp":"Custeio com a confeccao de 02 (duas) lonas 3,97x2,97, conforme arte elaborada pelo Setor de Comunicacao. Utilizacao durante a Sessao Solene Comemorativa dos 70 anos de emancipacao politica da cidade, em conformidade ao requerimento n\u00ba 413\/2023 do dia 05 de maio do ano corrente do Excelentissimo vereador Nailson Ramos da Silva. Dispensa de licitacao em razao do valor, conforme o artigo 75, inciso 2\u00ba da Lei 14.133\/21.","fornecedor":"51.131.198 THAISA IORRANE FERREIRA DO NASCIMENTO","denom_uni_orc":"CORPO DELIBERATIVO E SECRETARIA","funcao":"Legislativa","sub_funcao":"A\u00e7\u00e3o Legislativa","programa":"A\u00c7\u00c3O LEGISLATIVA","acao":"MANUTEN\u00c7\u00c3O DAS ATIVIDADES ADMINISTRATIVAS","ident_acao":"Atividade","cat_econ":"Despesa Corrente","natureza_despesa":"Outras Despesas Correntes","modalidade_despesa":"Aplica\u00e7\u00f5es Diretas","elemento_despesa":"Outros Servi\u00e7os de Terceiros - Pessoa Jur\u00eddica","sub_elem_desp":"SEM SUBELEMENTO","fonte_recurso":"Recursos do Exerc\u00edcio Corrente \/ Outros Recursos n\u00e3o Vinculados \/ -"},{"ano_emissao_emp":"2023","n_emp":"0000499","data_emissao":"27\/12\/2023","valor":"1.750,00","tipo_empenho":"Ordin\u00e1rio","hist_emp":"Custeio com a confeccao de 02 (duas) lonas 3,97x2,97, conforme arte elaborada pelo Setor de Comunicacao. Utilizacao durante a Sessao Solene Comemorativa dos 70 anos de emancipacao politica da cidade, em conformidade ao requerimento n\u00ba 413\/2023 do dia 05 de maio do ano corrente do Excelentissimo vereador Nailson Ramos da Silva. Dispensa de licitacao em razao do valor, conforme o artigo 75, inciso 2\u00ba da Lei 14.133\/21.","fornecedor":"51.131.198 THAISA IORRANE FERREIRA DO NASCIMENTO","denom_uni_orc":"CORPO DELIBERATIVO E SECRETARIA","funcao":"Legislativa","sub_funcao":"A\u00e7\u00e3o Legislativa","programa":"A\u00c7\u00c3O LEGISLATIVA","acao":"INDENIZA\u00c7\u00d5ES E RESTITUI\u00c7\u00d5ES DIVERSAS (FMS)","ident_acao":"Atividade","cat_econ":"Despesa Corrente","natureza_despesa":"Outras Despesas Correntes","modalidade_despesa":"Aplica\u00e7\u00f5es Diretas","elemento_despesa":"Outros Servi\u00e7os de Terceiros - Pessoa Jur\u00eddica","sub_elem_desp":"SEM SUBELEMENTO","fonte_recurso":"Recursos do Exerc\u00edcio Corrente \/ Outros Recursos n\u00e3o Vinculados \/ -"},{"ano_emissao_emp":"2023","n_emp":"0000500","data_emissao":"27\/12\/2023","valor":"600,00","tipo_empenho":"Ordin\u00e1rio","hist_emp":"Custeio com prestacao de servico de fotografo para registrar a sessao solene referente aos 70 anos de emancipacao politica do municipio, no dia 28 de dezembro de 2023, em conformidade com o requerimento n\u00ba 413\/2023, de 05 de maio do ano corrente, do Excelentissimo vereador Nailson Ramos da Silva. Dispensa de licitacao em razao do valor, conforme o artigo 75, inciso 2\u00ba da Lei 14.133\/21.","fornecedor":"RENAN TAVARES DA SILVA 09559682407","denom_uni_orc":"CORPO DELIBERATIVO E SECRETARIA","funcao":"Legislativa","sub_funcao":"A\u00e7\u00e3o Legislativa","programa":"A\u00c7\u00c3O LEGISLATIVA","acao":"AQUISI\u00c7\u00c3O DE M\u00d3VEIS, M\u00c1QUINAS E EQUIPAMENTOS DIVERSOS PARA O CONSELHO","ident_acao":"Atividade","cat_econ":"Despesa Corrente","natureza_despesa":"Outras Despesas Correntes","modalidade_despesa":"Aplica\u00e7\u00f5es Diretas","elemento_despesa":"Outros Servi\u00e7os de Terceiros - Pessoa Jur\u00eddica","sub_elem_desp":"SEM SUBELEMENTO","fonte_recurso":"Recursos do Exerc\u00edcio Corrente \/ Outros Recursos n\u00e3o Vinculados \/ -"},{"ano_emissao_emp":"2023","n_emp":"0000500","data_emissao":"27\/12\/2023","valor":"600,00","tipo_empenho":"Ordin\u00e1rio","hist_emp":"Custeio com prestacao de servico de fotografo para registrar a sessao solene referente aos 70 anos de emancipacao politica do municipio, no dia 28 de dezembro de 2023, em conformidade com o requerimento n\u00ba 413\/2023, de 05 de maio do ano corrente, do Excelentissimo vereador Nailson Ramos da Silva. Dispensa de licitacao em razao do valor, conforme o artigo 75, inciso 2\u00ba da Lei 14.133\/21.","fornecedor":"RENAN TAVARES DA SILVA 09559682407","denom_uni_orc":"CORPO DELIBERATIVO E SECRETARIA","funcao":"Legislativa","sub_funcao":"A\u00e7\u00e3o Legislativa","programa":"A\u00c7\u00c3O LEGISLATIVA","acao":"MANUTEN\u00c7\u00c3O DAS ATIVIDADES ADMINISTRATIVAS","ident_acao":"Atividade","cat_econ":"Despesa Corrente","natureza_despesa":"Outras Despesas Correntes","modalidade_despesa":"Aplica\u00e7\u00f5es Diretas","elemento_despesa":"Outros Servi\u00e7os de Terceiros - Pessoa Jur\u00eddica","sub_elem_desp":"SEM SUBELEMENTO","fonte_recurso":"Recursos do Exerc\u00edcio Corrente \/ Outros Recursos n\u00e3o Vinculados \/ -"},{"ano_emissao_emp":"2023","n_emp":"0000500","data_emissao":"27\/12\/2023","valor":"600,00","tipo_empenho":"Ordin\u00e1rio","hist_emp":"Custeio com prestacao de servico de fotografo para registrar a sessao solene referente aos 70 anos de emancipacao politica do municipio, no dia 28 de dezembro de 2023, em conformidade com o requerimento n\u00ba 413\/2023, de 05 de maio do ano corrente, do Excelentissimo vereador Nailson Ramos da Silva. Dispensa de licitacao em razao do valor, conforme o artigo 75, inciso 2\u00ba da Lei 14.133\/21.","fornecedor":"RENAN TAVARES DA SILVA 09559682407","denom_uni_orc":"CORPO DELIBERATIVO E SECRETARIA","funcao":"Legislativa","sub_funcao":"A\u00e7\u00e3o Legislativa","programa":"A\u00c7\u00c3O LEGISLATIVA","acao":"INDENIZA\u00c7\u00d5ES E RESTITUI\u00c7\u00d5ES DIVERSAS (FMS)","ident_acao":"Atividade","cat_econ":"Despesa Corrente","natureza_despesa":"Outras Despesas Correntes","modalidade_despesa":"Aplica\u00e7\u00f5es Diretas","elemento_despesa":"Outros Servi\u00e7os de Terceiros - Pessoa Jur\u00eddica","sub_elem_desp":"SEM SUBELEMENTO","fonte_recurso":"Recursos do Exerc\u00edcio Corrente \/ Outros Recursos n\u00e3o Vinculados \/ -"},{"ano_emissao_emp":"2023","n_emp":"0000501","data_emissao":"27\/12\/2023","valor":"1.040,00","tipo_empenho":"Ordin\u00e1rio","hist_emp":"Custeio com contratacao de servico para instalacao de piso vinilico na sala que reunira os departamentos de Controladoria, Tesouraria, Juridico e Licitacao desta Casa. Dispensa de licitacao em razao do valor, conforme o artigo 75, inciso 2\u00ba da Lei 14.133\/21.","fornecedor":"PREPARO DECOR E REVESTIMENTO LTDA","denom_uni_orc":"CORPO DELIBERATIVO E SECRETARIA","funcao":"Legislativa","sub_funcao":"A\u00e7\u00e3o Legislativa","programa":"A\u00c7\u00c3O LEGISLATIVA","acao":"AQUISI\u00c7\u00c3O DE M\u00d3VEIS, M\u00c1QUINAS E EQUIPAMENTOS DIVERSOS PARA O CONSELHO","ident_acao":"Atividade","cat_econ":"Despesa Corrente","natureza_despesa":"Outras Despesas Correntes","modalidade_despesa":"Aplica\u00e7\u00f5es Diretas","elemento_despesa":"Outros Servi\u00e7os de Terceiros - Pessoa Jur\u00eddica","sub_elem_desp":"SEM SUBELEMENTO","fonte_recurso":"Recursos do Exerc\u00edcio Corrente \/ Outros Recursos n\u00e3o Vinculados \/ -"},{"ano_emissao_emp":"2023","n_emp":"0000501","data_emissao":"27\/12\/2023","valor":"1.040,00","tipo_empenho":"Ordin\u00e1rio","hist_emp":"Custeio com contratacao de servico para instalacao de piso vinilico na sala que reunira os departamentos de Controladoria, Tesouraria, Juridico e Licitacao desta Casa. Dispensa de licitacao em razao do valor, conforme o artigo 75, inciso 2\u00ba da Lei 14.133\/21.","fornecedor":"PREPARO DECOR E REVESTIMENTO LTDA","denom_uni_orc":"CORPO DELIBERATIVO E SECRETARIA","funcao":"Legislativa","sub_funcao":"A\u00e7\u00e3o Legislativa","programa":"A\u00c7\u00c3O LEGISLATIVA","acao":"MANUTEN\u00c7\u00c3O DAS ATIVIDADES ADMINISTRATIVAS","ident_acao":"Atividade","cat_econ":"Despesa Corrente","natureza_despesa":"Outras Despesas Correntes","modalidade_despesa":"Aplica\u00e7\u00f5es Diretas","elemento_despesa":"Outros Servi\u00e7os de Terceiros - Pessoa Jur\u00eddica","sub_elem_desp":"SEM SUBELEMENTO","fonte_recurso":"Recursos do Exerc\u00edcio Corrente \/ Outros Recursos n\u00e3o Vinculados \/ -"},{"ano_emissao_emp":"2023","n_emp":"0000501","data_emissao":"27\/12\/2023","valor":"1.040,00","tipo_empenho":"Ordin\u00e1rio","hist_emp":"Custeio com contratacao de servico para instalacao de piso vinilico na sala que reunira os departamentos de Controladoria, Tesouraria, Juridico e Licitacao desta Casa. Dispensa de licitacao em razao do valor, conforme o artigo 75, inciso 2\u00ba da Lei 14.133\/21.","fornecedor":"PREPARO DECOR E REVESTIMENTO LTDA","denom_uni_orc":"CORPO DELIBERATIVO E SECRETARIA","funcao":"Legislativa","sub_funcao":"A\u00e7\u00e3o Legislativa","programa":"A\u00c7\u00c3O LEGISLATIVA","acao":"INDENIZA\u00c7\u00d5ES E RESTITUI\u00c7\u00d5ES DIVERSAS (FMS)","ident_acao":"Atividade","cat_econ":"Despesa Corrente","natureza_despesa":"Outras Despesas Correntes","modalidade_despesa":"Aplica\u00e7\u00f5es Diretas","elemento_despesa":"Outros Servi\u00e7os de Terceiros - Pessoa Jur\u00eddica","sub_elem_desp":"SEM SUBELEMENTO","fonte_recurso":"Recursos do Exerc\u00edcio Corrente \/ Outros Recursos n\u00e3o Vinculados \/ -"},{"ano_emissao_emp":"2023","n_emp":"0000502","data_emissao":"27\/12\/2023","valor":"681,00","tipo_empenho":"Ordin\u00e1rio","hist_emp":"Custeio com aquisicao de materiais eletrico\/eletronico relacionados abaixo para a manutencao do plenario desta Casa de Leis. Dispensa de licitacao em razao do valor, conforme o artigo 75, inciso 2\u00ba da Lei 14.133\/21.","fornecedor":"M S ELETRONICOS E INSTRUMENTOS MUSICAIS LTDA","denom_uni_orc":"CORPO DELIBERATIVO E SECRETARIA","funcao":"Legislativa","sub_funcao":"A\u00e7\u00e3o Legislativa","programa":"A\u00c7\u00c3O LEGISLATIVA","acao":"AQUISI\u00c7\u00c3O DE M\u00d3VEIS, M\u00c1QUINAS E EQUIPAMENTOS DIVERSOS PARA O CONSELHO","ident_acao":"Atividade","cat_econ":"Despesa Corrente","natureza_despesa":"Outras Despesas Correntes","modalidade_despesa":"Aplica\u00e7\u00f5es Diretas","elemento_despesa":"Material de Consumo","sub_elem_desp":"SEM SUBELEMENTO","fonte_recurso":"Recursos do Exerc\u00edcio Corrente \/ Outros Recursos n\u00e3o Vinculados \/ -"},{"ano_emissao_emp":"2023","n_emp":"0000502","data_emissao":"27\/12\/2023","valor":"681,00","tipo_empenho":"Ordin\u00e1rio","hist_emp":"Custeio com aquisicao de materiais eletrico\/eletronico relacionados abaixo para a manutencao do plenario desta Casa de Leis. Dispensa de licitacao em razao do valor, conforme o artigo 75, inciso 2\u00ba da Lei 14.133\/21.","fornecedor":"M S ELETRONICOS E INSTRUMENTOS MUSICAIS LTDA","denom_uni_orc":"CORPO DELIBERATIVO E SECRETARIA","funcao":"Legislativa","sub_funcao":"A\u00e7\u00e3o Legislativa","programa":"A\u00c7\u00c3O LEGISLATIVA","acao":"MANUTEN\u00c7\u00c3O DAS ATIVIDADES ADMINISTRATIVAS","ident_acao":"Atividade","cat_econ":"Despesa Corrente","natureza_despesa":"Outras Despesas Correntes","modalidade_despesa":"Aplica\u00e7\u00f5es Diretas","elemento_despesa":"Material de Consumo","sub_elem_desp":"SEM SUBELEMENTO","fonte_recurso":"Recursos do Exerc\u00edcio Corrente \/ Outros Recursos n\u00e3o Vinculados \/ -"},{"ano_emissao_emp":"2023","n_emp":"0000502","data_emissao":"27\/12\/2023","valor":"681,00","tipo_empenho":"Ordin\u00e1rio","hist_emp":"Custeio com aquisicao de materiais eletrico\/eletronico relacionados abaixo para a manutencao do plenario desta Casa de Leis. Dispensa de licitacao em razao do valor, conforme o artigo 75, inciso 2\u00ba da Lei 14.133\/21.","fornecedor":"M S ELETRONICOS E INSTRUMENTOS MUSICAIS LTDA","denom_uni_orc":"CORPO DELIBERATIVO E SECRETARIA","funcao":"Legislativa","sub_funcao":"A\u00e7\u00e3o Legislativa","programa":"A\u00c7\u00c3O LEGISLATIVA","acao":"INDENIZA\u00c7\u00d5ES E RESTITUI\u00c7\u00d5ES DIVERSAS (FMS)","ident_acao":"Atividade","cat_econ":"Despesa Corrente","natureza_despesa":"Outras Despesas Correntes","modalidade_despesa":"Aplica\u00e7\u00f5es Diretas","elemento_despesa":"Material de Consumo","sub_elem_desp":"SEM SUBELEMENTO","fonte_recurso":"Recursos do Exerc\u00edcio Corrente \/ Outros Recursos n\u00e3o Vinculados \/ -"},{"ano_emissao_emp":"2023","n_emp":"0000503","data_emissao":"28\/12\/2023","valor":"1.190,00","tipo_empenho":"Ordin\u00e1rio","hist_emp":"Custeio com contratacao de servico para realizar a mudanca do sistema de energia eletrica de monofasico para trifasico do CIDATEC, anexo educacional desta Casa de Leis. Dispensa de licitacao em razao do valor, conforme o artigo 75, inciso 2\u00ba da Lei 14.133\/21.","fornecedor":"GENECI DE SOUZA LIMA","denom_uni_orc":"CORPO DELIBERATIVO E SECRETARIA","funcao":"Legislativa","sub_funcao":"A\u00e7\u00e3o Legislativa","programa":"A\u00c7\u00c3O LEGISLATIVA","acao":"(Emenda Impositiva do vereador Jose Ailton Oliveira Borges) CONSTRU\u00c7\u00c3O","ident_acao":"Atividade","cat_econ":"Despesa Corrente","natureza_despesa":"Outras Despesas Correntes","modalidade_despesa":"Aplica\u00e7\u00f5es Diretas","elemento_despesa":"Outros Servi\u00e7os de Terceiros - Pessoa Jur\u00eddica","sub_elem_desp":"SEM SUBELEMENTO","fonte_recurso":"Recursos do Exerc\u00edcio Corrente \/ Outros Recursos n\u00e3o Vinculados \/ -"},{"ano_emissao_emp":"2023","n_emp":"0000503","data_emissao":"28\/12\/2023","valor":"1.190,00","tipo_empenho":"Ordin\u00e1rio","hist_emp":"Custeio com contratacao de servico para realizar a mudanca do sistema de energia eletrica de monofasico para trifasico do CIDATEC, anexo educacional desta Casa de Leis. Dispensa de licitacao em razao do valor, conforme o artigo 75, inciso 2\u00ba da Lei 14.133\/21.","fornecedor":"GENECI DE SOUZA LIMA","denom_uni_orc":"CORPO DELIBERATIVO E SECRETARIA","funcao":"Legislativa","sub_funcao":"A\u00e7\u00e3o Legislativa","programa":"A\u00c7\u00c3O LEGISLATIVA","acao":"MANUTEN\u00c7\u00c3O PROGRAMA INCLUS\u00c3O TECNOLOGIA E CIDADANIA - CIDATEC EMANUEL","ident_acao":"Atividade","cat_econ":"Despesa Corrente","natureza_despesa":"Outras Despesas Correntes","modalidade_despesa":"Aplica\u00e7\u00f5es Diretas","elemento_despesa":"Outros Servi\u00e7os de Terceiros - Pessoa Jur\u00eddica","sub_elem_desp":"SEM SUBELEMENTO","fonte_recurso":"Recursos do Exerc\u00edcio Corrente \/ Outros Recursos n\u00e3o Vinculados \/ -"},{"ano_emissao_emp":"2023","n_emp":"0000504","data_emissao":"28\/12\/2023","valor":"2.750,00","tipo_empenho":"Ordin\u00e1rio","hist_emp":"Custeio com aquisicao de materiais para pintura externa desta Casa de Leis, relacionados abaixo. Dispensa de licitacao em razao do valor, conforme o artigo 75, inciso 2\u00ba da Lei 14.133\/21.","fornecedor":"JUCIMAR BEZERRA MONTEIRO JUNIOR","denom_uni_orc":"CORPO DELIBERATIVO E SECRETARIA","funcao":"Legislativa","sub_funcao":"A\u00e7\u00e3o Legislativa","programa":"A\u00c7\u00c3O LEGISLATIVA","acao":"AQUISI\u00c7\u00c3O DE M\u00d3VEIS, M\u00c1QUINAS E EQUIPAMENTOS DIVERSOS PARA O CONSELHO","ident_acao":"Atividade","cat_econ":"Despesa Corrente","natureza_despesa":"Outras Despesas Correntes","modalidade_despesa":"Aplica\u00e7\u00f5es Diretas","elemento_despesa":"Material de Consumo","sub_elem_desp":"SEM SUBELEMENTO","fonte_recurso":"Recursos do Exerc\u00edcio Corrente \/ Outros Recursos n\u00e3o Vinculados \/ -"},{"ano_emissao_emp":"2023","n_emp":"0000504","data_emissao":"28\/12\/2023","valor":"2.750,00","tipo_empenho":"Ordin\u00e1rio","hist_emp":"Custeio com aquisicao de materiais para pintura externa desta Casa de Leis, relacionados abaixo. Dispensa de licitacao em razao do valor, conforme o artigo 75, inciso 2\u00ba da Lei 14.133\/21.","fornecedor":"JUCIMAR BEZERRA MONTEIRO JUNIOR","denom_uni_orc":"CORPO DELIBERATIVO E SECRETARIA","funcao":"Legislativa","sub_funcao":"A\u00e7\u00e3o Legislativa","programa":"A\u00c7\u00c3O LEGISLATIVA","acao":"MANUTEN\u00c7\u00c3O DAS ATIVIDADES ADMINISTRATIVAS","ident_acao":"Atividade","cat_econ":"Despesa Corrente","natureza_despesa":"Outras Despesas Correntes","modalidade_despesa":"Aplica\u00e7\u00f5es Diretas","elemento_despesa":"Material de Consumo","sub_elem_desp":"SEM SUBELEMENTO","fonte_recurso":"Recursos do Exerc\u00edcio Corrente \/ Outros Recursos n\u00e3o Vinculados \/ -"},{"ano_emissao_emp":"2023","n_emp":"0000504","data_emissao":"28\/12\/2023","valor":"2.750,00","tipo_empenho":"Ordin\u00e1rio","hist_emp":"Custeio com aquisicao de materiais para pintura externa desta Casa de Leis, relacionados abaixo. Dispensa de licitacao em razao do valor, conforme o artigo 75, inciso 2\u00ba da Lei 14.133\/21.","fornecedor":"JUCIMAR BEZERRA MONTEIRO JUNIOR","denom_uni_orc":"CORPO DELIBERATIVO E SECRETARIA","funcao":"Legislativa","sub_funcao":"A\u00e7\u00e3o Legislativa","programa":"A\u00c7\u00c3O LEGISLATIVA","acao":"INDENIZA\u00c7\u00d5ES E RESTITUI\u00c7\u00d5ES DIVERSAS (FMS)","ident_acao":"Atividade","cat_econ":"Despesa Corrente","natureza_despesa":"Outras Despesas Correntes","modalidade_despesa":"Aplica\u00e7\u00f5es Diretas","elemento_despesa":"Material de Consumo","sub_elem_desp":"SEM SUBELEMENTO","fonte_recurso":"Recursos do Exerc\u00edcio Corrente \/ Outros Recursos n\u00e3o Vinculados \/ -"},{"ano_emissao_emp":"2023","n_emp":"0000505","data_emissao":"28\/12\/2023","valor":"4.653,52","tipo_empenho":"Ordin\u00e1rio","hist_emp":"valor empenhado para o pagamento do servico de fornecimento de energia eletrica desta casa legislativa, referente ao mes de dezembro de 2023.","fornecedor":"NEOENERGIA","denom_uni_orc":"CORPO DELIBERATIVO E SECRETARIA","funcao":"Legislativa","sub_funcao":"A\u00e7\u00e3o Legislativa","programa":"A\u00c7\u00c3O LEGISLATIVA","acao":"AQUISI\u00c7\u00c3O DE M\u00d3VEIS, M\u00c1QUINAS E EQUIPAMENTOS DIVERSOS PARA O CONSELHO","ident_acao":"Atividade","cat_econ":"Despesa Corrente","natureza_despesa":"Outras Despesas Correntes","modalidade_despesa":"Aplica\u00e7\u00f5es Diretas","elemento_despesa":"Outros Servi\u00e7os de Terceiros - Pessoa Jur\u00eddica","sub_elem_desp":"SEM SUBELEMENTO","fonte_recurso":"Recursos do Exerc\u00edcio Corrente \/ Outros Recursos n\u00e3o Vinculados \/ -"},{"ano_emissao_emp":"2023","n_emp":"0000505","data_emissao":"28\/12\/2023","valor":"4.653,52","tipo_empenho":"Ordin\u00e1rio","hist_emp":"valor empenhado para o pagamento do servico de fornecimento de energia eletrica desta casa legislativa, referente ao mes de dezembro de 2023.","fornecedor":"NEOENERGIA","denom_uni_orc":"CORPO DELIBERATIVO E SECRETARIA","funcao":"Legislativa","sub_funcao":"A\u00e7\u00e3o Legislativa","programa":"A\u00c7\u00c3O LEGISLATIVA","acao":"MANUTEN\u00c7\u00c3O DAS ATIVIDADES ADMINISTRATIVAS","ident_acao":"Atividade","cat_econ":"Despesa Corrente","natureza_despesa":"Outras Despesas Correntes","modalidade_despesa":"Aplica\u00e7\u00f5es Diretas","elemento_despesa":"Outros Servi\u00e7os de Terceiros - Pessoa Jur\u00eddica","sub_elem_desp":"SEM SUBELEMENTO","fonte_recurso":"Recursos do Exerc\u00edcio Corrente \/ Outros Recursos n\u00e3o Vinculados \/ -"},{"ano_emissao_emp":"2023","n_emp":"0000505","data_emissao":"28\/12\/2023","valor":"4.653,52","tipo_empenho":"Ordin\u00e1rio","hist_emp":"valor empenhado para o pagamento do servico de fornecimento de energia eletrica desta casa legislativa, referente ao mes de dezembro de 2023.","fornecedor":"NEOENERGIA","denom_uni_orc":"CORPO DELIBERATIVO E SECRETARIA","funcao":"Legislativa","sub_funcao":"A\u00e7\u00e3o Legislativa","programa":"A\u00c7\u00c3O LEGISLATIVA","acao":"INDENIZA\u00c7\u00d5ES E RESTITUI\u00c7\u00d5ES DIVERSAS (FMS)","ident_acao":"Atividade","cat_econ":"Despesa Corrente","natureza_despesa":"Outras Despesas Correntes","modalidade_despesa":"Aplica\u00e7\u00f5es Diretas","elemento_despesa":"Outros Servi\u00e7os de Terceiros - Pessoa Jur\u00eddica","sub_elem_desp":"SEM SUBELEMENTO","fonte_recurso":"Recursos do Exerc\u00edcio Corrente \/ Outros Recursos n\u00e3o Vinculados \/ -"},{"ano_emissao_emp":"2023","n_emp":"0000506","data_emissao":"28\/12\/2023","valor":"715,00","tipo_empenho":"Ordin\u00e1rio","hist_emp":"Custeio de divulgacao sonora atraves de carro volante (carro de som) do evento comemorativo aos 70 anos de emancipacao politica da cidade, em conformidade com o requerimento n\u00ba 413\/2023, de 05 de maio do ano corrente, do Excelentissimo vereador Nailson Ramos da Silva. Dispensa de licitacao em razao do valor, artigo 75, inciso 2\u00ba da Lei 14.133\/21.","fornecedor":"Jose Jefferson Martins Olinto","denom_uni_orc":"CORPO DELIBERATIVO E SECRETARIA","funcao":"Legislativa","sub_funcao":"A\u00e7\u00e3o Legislativa","programa":"A\u00c7\u00c3O LEGISLATIVA","acao":"AQUISI\u00c7\u00c3O DE M\u00d3VEIS, M\u00c1QUINAS E EQUIPAMENTOS DIVERSOS PARA O CONSELHO","ident_acao":"Atividade","cat_econ":"Despesa Corrente","natureza_despesa":"Outras Despesas Correntes","modalidade_despesa":"Aplica\u00e7\u00f5es Diretas","elemento_despesa":"Outros Servi\u00e7os de Terceiros - Pessoa F\u00edsica","sub_elem_desp":"SEM SUBELEMENTO","fonte_recurso":"Recursos do Exerc\u00edcio Corrente \/ Outros Recursos n\u00e3o Vinculados \/ -"},{"ano_emissao_emp":"2023","n_emp":"0000506","data_emissao":"28\/12\/2023","valor":"715,00","tipo_empenho":"Ordin\u00e1rio","hist_emp":"Custeio de divulgacao sonora atraves de carro volante (carro de som) do evento comemorativo aos 70 anos de emancipacao politica da cidade, em conformidade com o requerimento n\u00ba 413\/2023, de 05 de maio do ano corrente, do Excelentissimo vereador Nailson Ramos da Silva. Dispensa de licitacao em razao do valor, artigo 75, inciso 2\u00ba da Lei 14.133\/21.","fornecedor":"Jose Jefferson Martins Olinto","denom_uni_orc":"CORPO DELIBERATIVO E SECRETARIA","funcao":"Legislativa","sub_funcao":"A\u00e7\u00e3o Legislativa","programa":"A\u00c7\u00c3O LEGISLATIVA","acao":"MANUTEN\u00c7\u00c3O DAS ATIVIDADES ADMINISTRATIVAS","ident_acao":"Atividade","cat_econ":"Despesa Corrente","natureza_despesa":"Outras Despesas Correntes","modalidade_despesa":"Aplica\u00e7\u00f5es Diretas","elemento_despesa":"Outros Servi\u00e7os de Terceiros - Pessoa F\u00edsica","sub_elem_desp":"SEM SUBELEMENTO","fonte_recurso":"Recursos do Exerc\u00edcio Corrente \/ Outros Recursos n\u00e3o Vinculados \/ -"},{"ano_emissao_emp":"2023","n_emp":"0000506","data_emissao":"28\/12\/2023","valor":"715,00","tipo_empenho":"Ordin\u00e1rio","hist_emp":"Custeio de divulgacao sonora atraves de carro volante (carro de som) do evento comemorativo aos 70 anos de emancipacao politica da cidade, em conformidade com o requerimento n\u00ba 413\/2023, de 05 de maio do ano corrente, do Excelentissimo vereador Nailson Ramos da Silva. Dispensa de licitacao em razao do valor, artigo 75, inciso 2\u00ba da Lei 14.133\/21.","fornecedor":"Jose Jefferson Martins Olinto","denom_uni_orc":"CORPO DELIBERATIVO E SECRETARIA","funcao":"Legislativa","sub_funcao":"A\u00e7\u00e3o Legislativa","programa":"A\u00c7\u00c3O LEGISLATIVA","acao":"INDENIZA\u00c7\u00d5ES E RESTITUI\u00c7\u00d5ES DIVERSAS (FMS)","ident_acao":"Atividade","cat_econ":"Despesa Corrente","natureza_despesa":"Outras Despesas Correntes","modalidade_despesa":"Aplica\u00e7\u00f5es Diretas","elemento_despesa":"Outros Servi\u00e7os de Terceiros - Pessoa F\u00edsica","sub_elem_desp":"SEM SUBELEMENTO","fonte_recurso":"Recursos do Exerc\u00edcio Corrente \/ Outros Recursos n\u00e3o Vinculados \/ -"},{"ano_emissao_emp":"2023","n_emp":"0000507","data_emissao":"28\/12\/2023","valor":"287,80","tipo_empenho":"Ordin\u00e1rio","hist_emp":"Custeio com aquisicao de materiais de expediente para o funcionamento dos trabalhos desta casa legislativa,  itens relacionados abaixo. dispensa de licitacao em razao do valor, artigo 75, inciso 2\u00ba da lei 14.133\/21.","fornecedor":"GALDINO & SANTOS COMERCIAL LTDA","denom_uni_orc":"CORPO DELIBERATIVO E SECRETARIA","funcao":"Legislativa","sub_funcao":"A\u00e7\u00e3o Legislativa","programa":"A\u00c7\u00c3O LEGISLATIVA","acao":"AQUISI\u00c7\u00c3O DE M\u00d3VEIS, M\u00c1QUINAS E EQUIPAMENTOS DIVERSOS PARA O CONSELHO","ident_acao":"Atividade","cat_econ":"Despesa Corrente","natureza_despesa":"Outras Despesas Correntes","modalidade_despesa":"Aplica\u00e7\u00f5es Diretas","elemento_despesa":"Material de Consumo","sub_elem_desp":"SEM SUBELEMENTO","fonte_recurso":"Recursos do Exerc\u00edcio Corrente \/ Outros Recursos n\u00e3o Vinculados \/ -"},{"ano_emissao_emp":"2023","n_emp":"0000507","data_emissao":"28\/12\/2023","valor":"287,80","tipo_empenho":"Ordin\u00e1rio","hist_emp":"Custeio com aquisicao de materiais de expediente para o funcionamento dos trabalhos desta casa legislativa,  itens relacionados abaixo. dispensa de licitacao em razao do valor, artigo 75, inciso 2\u00ba da lei 14.133\/21.","fornecedor":"GALDINO & SANTOS COMERCIAL LTDA","denom_uni_orc":"CORPO DELIBERATIVO E SECRETARIA","funcao":"Legislativa","sub_funcao":"A\u00e7\u00e3o Legislativa","programa":"A\u00c7\u00c3O LEGISLATIVA","acao":"MANUTEN\u00c7\u00c3O DAS ATIVIDADES ADMINISTRATIVAS","ident_acao":"Atividade","cat_econ":"Despesa Corrente","natureza_despesa":"Outras Despesas Correntes","modalidade_despesa":"Aplica\u00e7\u00f5es Diretas","elemento_despesa":"Material de Consumo","sub_elem_desp":"SEM SUBELEMENTO","fonte_recurso":"Recursos do Exerc\u00edcio Corrente \/ Outros Recursos n\u00e3o Vinculados \/ -"},{"ano_emissao_emp":"2023","n_emp":"0000507","data_emissao":"28\/12\/2023","valor":"287,80","tipo_empenho":"Ordin\u00e1rio","hist_emp":"Custeio com aquisicao de materiais de expediente para o funcionamento dos trabalhos desta casa legislativa,  itens relacionados abaixo. dispensa de licitacao em razao do valor, artigo 75, inciso 2\u00ba da lei 14.133\/21.","fornecedor":"GALDINO & SANTOS COMERCIAL LTDA","denom_uni_orc":"CORPO DELIBERATIVO E SECRETARIA","funcao":"Legislativa","sub_funcao":"A\u00e7\u00e3o Legislativa","programa":"A\u00c7\u00c3O LEGISLATIVA","acao":"INDENIZA\u00c7\u00d5ES E RESTITUI\u00c7\u00d5ES DIVERSAS (FMS)","ident_acao":"Atividade","cat_econ":"Despesa Corrente","natureza_despesa":"Outras Despesas Correntes","modalidade_despesa":"Aplica\u00e7\u00f5es Diretas","elemento_despesa":"Material de Consumo","sub_elem_desp":"SEM SUBELEMENTO","fonte_recurso":"Recursos do Exerc\u00edcio Corrente \/ Outros Recursos n\u00e3o Vinculados \/ -"},{"ano_emissao_emp":"2023","n_emp":"0000508","data_emissao":"28\/12\/2023","valor":"2.271,18","tipo_empenho":"Ordin\u00e1rio","hist_emp":"Custeio com aquisicao de complemento de materiais de consumo relacionados abaixo, destinados a pintura externa desta casa. Dispensa de licitacao por valor, artigo 75, inciso 2\u00ba da Lei 14.133\/21.","fornecedor":"JCL LAJES E MATERIAIS PARA CONSTRU\u00c7\u00c3O LTDA","denom_uni_orc":"CORPO DELIBERATIVO E SECRETARIA","funcao":"Legislativa","sub_funcao":"A\u00e7\u00e3o Legislativa","programa":"A\u00c7\u00c3O LEGISLATIVA","acao":"AQUISI\u00c7\u00c3O DE M\u00d3VEIS, M\u00c1QUINAS E EQUIPAMENTOS DIVERSOS PARA O CONSELHO","ident_acao":"Atividade","cat_econ":"Despesa Corrente","natureza_despesa":"Outras Despesas Correntes","modalidade_despesa":"Aplica\u00e7\u00f5es Diretas","elemento_despesa":"Material de Consumo","sub_elem_desp":"SEM SUBELEMENTO","fonte_recurso":"Recursos do Exerc\u00edcio Corrente \/ Outros Recursos n\u00e3o Vinculados \/ -"},{"ano_emissao_emp":"2023","n_emp":"0000508","data_emissao":"28\/12\/2023","valor":"2.271,18","tipo_empenho":"Ordin\u00e1rio","hist_emp":"Custeio com aquisicao de complemento de materiais de consumo relacionados abaixo, destinados a pintura externa desta casa. Dispensa de licitacao por valor, artigo 75, inciso 2\u00ba da Lei 14.133\/21.","fornecedor":"JCL LAJES E MATERIAIS PARA CONSTRU\u00c7\u00c3O LTDA","denom_uni_orc":"CORPO DELIBERATIVO E SECRETARIA","funcao":"Legislativa","sub_funcao":"A\u00e7\u00e3o Legislativa","programa":"A\u00c7\u00c3O LEGISLATIVA","acao":"MANUTEN\u00c7\u00c3O DAS ATIVIDADES ADMINISTRATIVAS","ident_acao":"Atividade","cat_econ":"Despesa Corrente","natureza_despesa":"Outras Despesas Correntes","modalidade_despesa":"Aplica\u00e7\u00f5es Diretas","elemento_despesa":"Material de Consumo","sub_elem_desp":"SEM SUBELEMENTO","fonte_recurso":"Recursos do Exerc\u00edcio Corrente \/ Outros Recursos n\u00e3o Vinculados \/ -"},{"ano_emissao_emp":"2023","n_emp":"0000508","data_emissao":"28\/12\/2023","valor":"2.271,18","tipo_empenho":"Ordin\u00e1rio","hist_emp":"Custeio com aquisicao de complemento de materiais de consumo relacionados abaixo, destinados a pintura externa desta casa. Dispensa de licitacao por valor, artigo 75, inciso 2\u00ba da Lei 14.133\/21.","fornecedor":"JCL LAJES E MATERIAIS PARA CONSTRU\u00c7\u00c3O LTDA","denom_uni_orc":"CORPO DELIBERATIVO E SECRETARIA","funcao":"Legislativa","sub_funcao":"A\u00e7\u00e3o Legislativa","programa":"A\u00c7\u00c3O LEGISLATIVA","acao":"INDENIZA\u00c7\u00d5ES E RESTITUI\u00c7\u00d5ES DIVERSAS (FMS)","ident_acao":"Atividade","cat_econ":"Despesa Corrente","natureza_despesa":"Outras Despesas Correntes","modalidade_despesa":"Aplica\u00e7\u00f5es Diretas","elemento_despesa":"Material de Consumo","sub_elem_desp":"SEM SUBELEMENTO","fonte_recurso":"Recursos do Exerc\u00edcio Corrente \/ Outros Recursos n\u00e3o Vinculados \/ -"},{"ano_emissao_emp":"2023","n_emp":"0000509","data_emissao":"28\/12\/2023","valor":"2.715,00","tipo_empenho":"Ordin\u00e1rio","hist_emp":"Custeio com aquisicao de 12 (doze) molduras em aluminio 48x38 com dois vidros, para votos de aplausos concedidos por esta Casa de Leis. Dispensa de licitacao em razao do valor, artigo 75, inciso 2\u00ba da Lei 14.133\/21.","fornecedor":"VIDRACARIA FARIAS LTDA","denom_uni_orc":"CORPO DELIBERATIVO E SECRETARIA","funcao":"Legislativa","sub_funcao":"A\u00e7\u00e3o Legislativa","programa":"A\u00c7\u00c3O LEGISLATIVA","acao":"AQUISI\u00c7\u00c3O DE M\u00d3VEIS, M\u00c1QUINAS E EQUIPAMENTOS DIVERSOS PARA O CONSELHO","ident_acao":"Atividade","cat_econ":"Despesa Corrente","natureza_despesa":"Outras Despesas Correntes","modalidade_despesa":"Aplica\u00e7\u00f5es Diretas","elemento_despesa":"Material de Consumo","sub_elem_desp":"SEM SUBELEMENTO","fonte_recurso":"Recursos do Exerc\u00edcio Corrente \/ Outros Recursos n\u00e3o Vinculados \/ -"},{"ano_emissao_emp":"2023","n_emp":"0000509","data_emissao":"28\/12\/2023","valor":"2.715,00","tipo_empenho":"Ordin\u00e1rio","hist_emp":"Custeio com aquisicao de 12 (doze) molduras em aluminio 48x38 com dois vidros, para votos de aplausos concedidos por esta Casa de Leis. Dispensa de licitacao em razao do valor, artigo 75, inciso 2\u00ba da Lei 14.133\/21.","fornecedor":"VIDRACARIA FARIAS LTDA","denom_uni_orc":"CORPO DELIBERATIVO E SECRETARIA","funcao":"Legislativa","sub_funcao":"A\u00e7\u00e3o Legislativa","programa":"A\u00c7\u00c3O LEGISLATIVA","acao":"MANUTEN\u00c7\u00c3O DAS ATIVIDADES ADMINISTRATIVAS","ident_acao":"Atividade","cat_econ":"Despesa Corrente","natureza_despesa":"Outras Despesas Correntes","modalidade_despesa":"Aplica\u00e7\u00f5es Diretas","elemento_despesa":"Material de Consumo","sub_elem_desp":"SEM SUBELEMENTO","fonte_recurso":"Recursos do Exerc\u00edcio Corrente \/ Outros Recursos n\u00e3o Vinculados \/ -"},{"ano_emissao_emp":"2023","n_emp":"0000509","data_emissao":"28\/12\/2023","valor":"2.715,00","tipo_empenho":"Ordin\u00e1rio","hist_emp":"Custeio com aquisicao de 12 (doze) molduras em aluminio 48x38 com dois vidros, para votos de aplausos concedidos por esta Casa de Leis. Dispensa de licitacao em razao do valor, artigo 75, inciso 2\u00ba da Lei 14.133\/21.","fornecedor":"VIDRACARIA FARIAS LTDA","denom_uni_orc":"CORPO DELIBERATIVO E SECRETARIA","funcao":"Legislativa","sub_funcao":"A\u00e7\u00e3o Legislativa","programa":"A\u00c7\u00c3O LEGISLATIVA","acao":"INDENIZA\u00c7\u00d5ES E RESTITUI\u00c7\u00d5ES DIVERSAS (FMS)","ident_acao":"Atividade","cat_econ":"Despesa Corrente","natureza_despesa":"Outras Despesas Correntes","modalidade_despesa":"Aplica\u00e7\u00f5es Diretas","elemento_despesa":"Material de Consumo","sub_elem_desp":"SEM SUBELEMENTO","fonte_recurso":"Recursos do Exerc\u00edcio Corrente \/ Outros Recursos n\u00e3o Vinculados \/ -"},{"ano_emissao_emp":"2023","n_emp":"0000510","data_emissao":"28\/12\/2023","valor":"2.000,00","tipo_empenho":"Ordin\u00e1rio","hist_emp":"Custeio com aquisicao de generos alimenticios para o anexo desta Casa de Leis nos dois primeiros meses de 2024. A antecedencia se justifica pelo tempo medio necessario para realizar procedimento licitatorio de generos alimenticios. Dispensa de licitacao em razao do valor, artigo 75, inciso 2\u00ba da Lei 14.133\/21.","fornecedor":"LOPES & FONSECA CIA LTDA","denom_uni_orc":"CORPO DELIBERATIVO E SECRETARIA","funcao":"Legislativa","sub_funcao":"A\u00e7\u00e3o Legislativa","programa":"A\u00c7\u00c3O LEGISLATIVA","acao":"(Emenda Impositiva do vereador Jose Ailton Oliveira Borges) CONSTRU\u00c7\u00c3O","ident_acao":"Atividade","cat_econ":"Despesa Corrente","natureza_despesa":"Outras Despesas Correntes","modalidade_despesa":"Aplica\u00e7\u00f5es Diretas","elemento_despesa":"Material de Consumo","sub_elem_desp":"MATERIAL DE COPA E COZINHA","fonte_recurso":"Recursos do Exerc\u00edcio Corrente \/ Outros Recursos n\u00e3o Vinculados \/ -"},{"ano_emissao_emp":"2023","n_emp":"0000510","data_emissao":"28\/12\/2023","valor":"2.000,00","tipo_empenho":"Ordin\u00e1rio","hist_emp":"Custeio com aquisicao de generos alimenticios para o anexo desta Casa de Leis nos dois primeiros meses de 2024. A antecedencia se justifica pelo tempo medio necessario para realizar procedimento licitatorio de generos alimenticios. Dispensa de licitacao em razao do valor, artigo 75, inciso 2\u00ba da Lei 14.133\/21.","fornecedor":"LOPES & FONSECA CIA LTDA","denom_uni_orc":"CORPO DELIBERATIVO E SECRETARIA","funcao":"Legislativa","sub_funcao":"A\u00e7\u00e3o Legislativa","programa":"A\u00c7\u00c3O LEGISLATIVA","acao":"MANUTEN\u00c7\u00c3O PROGRAMA INCLUS\u00c3O TECNOLOGIA E CIDADANIA - CIDATEC EMANUEL","ident_acao":"Atividade","cat_econ":"Despesa Corrente","natureza_despesa":"Outras Despesas Correntes","modalidade_despesa":"Aplica\u00e7\u00f5es Diretas","elemento_despesa":"Material de Consumo","sub_elem_desp":"MATERIAL DE COPA E COZINHA","fonte_recurso":"Recursos do Exerc\u00edcio Corrente \/ Outros Recursos n\u00e3o Vinculados \/ -"},{"ano_emissao_emp":"2023","n_emp":"0000511","data_emissao":"28\/12\/2023","valor":"448,00","tipo_empenho":"Ordin\u00e1rio","hist_emp":"Custeio da aquisicao de 64 (sessenta e quatro) unidades de agua mineral Lustral em botijao de 20 (vinte) litros, para atender as necessidades desta Casa de Lei e seu anexo (CIDATEC), dispensa de licitacao mediante valor, conforme o artigo 75, inciso 2\u00ba da Lei 14.133\/21.","fornecedor":"GB COMERCIO DE GAS E AGUA MINERAL LTDA","denom_uni_orc":"CORPO DELIBERATIVO E SECRETARIA","funcao":"Legislativa","sub_funcao":"A\u00e7\u00e3o Legislativa","programa":"A\u00c7\u00c3O LEGISLATIVA","acao":"AQUISI\u00c7\u00c3O DE M\u00d3VEIS, M\u00c1QUINAS E EQUIPAMENTOS DIVERSOS PARA O CONSELHO","ident_acao":"Atividade","cat_econ":"Despesa Corrente","natureza_despesa":"Outras Despesas Correntes","modalidade_despesa":"Aplica\u00e7\u00f5es Diretas","elemento_despesa":"Material de Consumo","sub_elem_desp":"SEM SUBELEMENTO","fonte_recurso":"Recursos do Exerc\u00edcio Corrente \/ Outros Recursos n\u00e3o Vinculados \/ -"},{"ano_emissao_emp":"2023","n_emp":"0000511","data_emissao":"28\/12\/2023","valor":"448,00","tipo_empenho":"Ordin\u00e1rio","hist_emp":"Custeio da aquisicao de 64 (sessenta e quatro) unidades de agua mineral Lustral em botijao de 20 (vinte) litros, para atender as necessidades desta Casa de Lei e seu anexo (CIDATEC), dispensa de licitacao mediante valor, conforme o artigo 75, inciso 2\u00ba da Lei 14.133\/21.","fornecedor":"GB COMERCIO DE GAS E AGUA MINERAL LTDA","denom_uni_orc":"CORPO DELIBERATIVO E SECRETARIA","funcao":"Legislativa","sub_funcao":"A\u00e7\u00e3o Legislativa","programa":"A\u00c7\u00c3O LEGISLATIVA","acao":"MANUTEN\u00c7\u00c3O DAS ATIVIDADES ADMINISTRATIVAS","ident_acao":"Atividade","cat_econ":"Despesa Corrente","natureza_despesa":"Outras Despesas Correntes","modalidade_despesa":"Aplica\u00e7\u00f5es Diretas","elemento_despesa":"Material de Consumo","sub_elem_desp":"SEM SUBELEMENTO","fonte_recurso":"Recursos do Exerc\u00edcio Corrente \/ Outros Recursos n\u00e3o Vinculados \/ -"},{"ano_emissao_emp":"2023","n_emp":"0000511","data_emissao":"28\/12\/2023","valor":"448,00","tipo_empenho":"Ordin\u00e1rio","hist_emp":"Custeio da aquisicao de 64 (sessenta e quatro) unidades de agua mineral Lustral em botijao de 20 (vinte) litros, para atender as necessidades desta Casa de Lei e seu anexo (CIDATEC), dispensa de licitacao mediante valor, conforme o artigo 75, inciso 2\u00ba da Lei 14.133\/21.","fornecedor":"GB COMERCIO DE GAS E AGUA MINERAL LTDA","denom_uni_orc":"CORPO DELIBERATIVO E SECRETARIA","funcao":"Legislativa","sub_funcao":"A\u00e7\u00e3o Legislativa","programa":"A\u00c7\u00c3O LEGISLATIVA","acao":"INDENIZA\u00c7\u00d5ES E RESTITUI\u00c7\u00d5ES DIVERSAS (FMS)","ident_acao":"Atividade","cat_econ":"Despesa Corrente","natureza_despesa":"Outras Despesas Correntes","modalidade_despesa":"Aplica\u00e7\u00f5es Diretas","elemento_despesa":"Material de Consumo","sub_elem_desp":"SEM SUBELEMENTO","fonte_recurso":"Recursos do Exerc\u00edcio Corrente \/ Outros Recursos n\u00e3o Vinculados \/ -"},{"ano_emissao_emp":"2023","n_emp":"0000512","data_emissao":"28\/12\/2023","valor":"450,00","tipo_empenho":"Ordin\u00e1rio","hist_emp":"Custeio com inscricao para a participacao do vereador desta Casa de Leis, o senhor Jose Soares Correa, na XXV Marcha a Brasilia em Defesa dos Municipios, que sera realizada entre os dias 20 e 23 de maio de 2024 em Brasilis. Dispensa de licitacao mediante valor, artigo 75, inciso 2\u00ba da Lei 14.133\/21.","fornecedor":"CONFEDERA\u00c7\u00c3O NACIONAL DE MUNICIPIOS - CNM","denom_uni_orc":"CORPO DELIBERATIVO E SECRETARIA","funcao":"Legislativa","sub_funcao":"A\u00e7\u00e3o Legislativa","programa":"A\u00c7\u00c3O LEGISLATIVA","acao":"AQUISI\u00c7\u00c3O DE M\u00d3VEIS, M\u00c1QUINAS E EQUIPAMENTOS DIVERSOS PARA O CONSELHO","ident_acao":"Atividade","cat_econ":"Despesa Corrente","natureza_despesa":"Outras Despesas Correntes","modalidade_despesa":"Aplica\u00e7\u00f5es Diretas","elemento_despesa":"Outros Servi\u00e7os de Terceiros - Pessoa Jur\u00eddica","sub_elem_desp":"SEM SUBELEMENTO","fonte_recurso":"Recursos do Exerc\u00edcio Corrente \/ Outros Recursos n\u00e3o Vinculados \/ -"},{"ano_emissao_emp":"2023","n_emp":"0000512","data_emissao":"28\/12\/2023","valor":"450,00","tipo_empenho":"Ordin\u00e1rio","hist_emp":"Custeio com inscricao para a participacao do vereador desta Casa de Leis, o senhor Jose Soares Correa, na XXV Marcha a Brasilia em Defesa dos Municipios, que sera realizada entre os dias 20 e 23 de maio de 2024 em Brasilis. Dispensa de licitacao mediante valor, artigo 75, inciso 2\u00ba da Lei 14.133\/21.","fornecedor":"CONFEDERA\u00c7\u00c3O NACIONAL DE MUNICIPIOS - CNM","denom_uni_orc":"CORPO DELIBERATIVO E SECRETARIA","funcao":"Legislativa","sub_funcao":"A\u00e7\u00e3o Legislativa","programa":"A\u00c7\u00c3O LEGISLATIVA","acao":"MANUTEN\u00c7\u00c3O DAS ATIVIDADES ADMINISTRATIVAS","ident_acao":"Atividade","cat_econ":"Despesa Corrente","natureza_despesa":"Outras Despesas Correntes","modalidade_despesa":"Aplica\u00e7\u00f5es Diretas","elemento_despesa":"Outros Servi\u00e7os de Terceiros - Pessoa Jur\u00eddica","sub_elem_desp":"SEM SUBELEMENTO","fonte_recurso":"Recursos do Exerc\u00edcio Corrente \/ Outros Recursos n\u00e3o Vinculados \/ -"},{"ano_emissao_emp":"2023","n_emp":"0000512","data_emissao":"28\/12\/2023","valor":"450,00","tipo_empenho":"Ordin\u00e1rio","hist_emp":"Custeio com inscricao para a participacao do vereador desta Casa de Leis, o senhor Jose Soares Correa, na XXV Marcha a Brasilia em Defesa dos Municipios, que sera realizada entre os dias 20 e 23 de maio de 2024 em Brasilis. Dispensa de licitacao mediante valor, artigo 75, inciso 2\u00ba da Lei 14.133\/21.","fornecedor":"CONFEDERA\u00c7\u00c3O NACIONAL DE MUNICIPIOS - CNM","denom_uni_orc":"CORPO DELIBERATIVO E SECRETARIA","funcao":"Legislativa","sub_funcao":"A\u00e7\u00e3o Legislativa","programa":"A\u00c7\u00c3O LEGISLATIVA","acao":"INDENIZA\u00c7\u00d5ES E RESTITUI\u00c7\u00d5ES DIVERSAS (FMS)","ident_acao":"Atividade","cat_econ":"Despesa Corrente","natureza_despesa":"Outras Despesas Correntes","modalidade_despesa":"Aplica\u00e7\u00f5es Diretas","elemento_despesa":"Outros Servi\u00e7os de Terceiros - Pessoa Jur\u00eddica","sub_elem_desp":"SEM SUBELEMENTO","fonte_recurso":"Recursos do Exerc\u00edcio Corrente \/ Outros Recursos n\u00e3o Vinculados \/ -"},{"ano_emissao_emp":"2023","n_emp":"0000513","data_emissao":"28\/12\/2023","valor":"450,00","tipo_empenho":"Ordin\u00e1rio","hist_emp":"Custeio com inscricao para a participacao do vereador desta Casa de Leis, o senhor  Flavio Humberto Pontes da Silva, na XXV Marcha a Brasilia em Defesa dos Municipios, que sera realizada entre os dias 20 e 23 de maio de 2024 em Brasilis. Dispensa de licitacao mediante valor, artigo 75, inciso 2\u00ba da Lei 14.133\/21.","fornecedor":"CONFEDERA\u00c7\u00c3O NACIONAL DE MUNICIPIOS - CNM","denom_uni_orc":"CORPO DELIBERATIVO E SECRETARIA","funcao":"Legislativa","sub_funcao":"A\u00e7\u00e3o Legislativa","programa":"A\u00c7\u00c3O LEGISLATIVA","acao":"AQUISI\u00c7\u00c3O DE M\u00d3VEIS, M\u00c1QUINAS E EQUIPAMENTOS DIVERSOS PARA O CONSELHO","ident_acao":"Atividade","cat_econ":"Despesa Corrente","natureza_despesa":"Outras Despesas Correntes","modalidade_despesa":"Aplica\u00e7\u00f5es Diretas","elemento_despesa":"Outros Servi\u00e7os de Terceiros - Pessoa Jur\u00eddica","sub_elem_desp":"SEM SUBELEMENTO","fonte_recurso":"Recursos do Exerc\u00edcio Corrente \/ Outros Recursos n\u00e3o Vinculados \/ -"},{"ano_emissao_emp":"2023","n_emp":"0000513","data_emissao":"28\/12\/2023","valor":"450,00","tipo_empenho":"Ordin\u00e1rio","hist_emp":"Custeio com inscricao para a participacao do vereador desta Casa de Leis, o senhor  Flavio Humberto Pontes da Silva, na XXV Marcha a Brasilia em Defesa dos Municipios, que sera realizada entre os dias 20 e 23 de maio de 2024 em Brasilis. Dispensa de licitacao mediante valor, artigo 75, inciso 2\u00ba da Lei 14.133\/21.","fornecedor":"CONFEDERA\u00c7\u00c3O NACIONAL DE MUNICIPIOS - CNM","denom_uni_orc":"CORPO DELIBERATIVO E SECRETARIA","funcao":"Legislativa","sub_funcao":"A\u00e7\u00e3o Legislativa","programa":"A\u00c7\u00c3O LEGISLATIVA","acao":"MANUTEN\u00c7\u00c3O DAS ATIVIDADES ADMINISTRATIVAS","ident_acao":"Atividade","cat_econ":"Despesa Corrente","natureza_despesa":"Outras Despesas Correntes","modalidade_despesa":"Aplica\u00e7\u00f5es Diretas","elemento_despesa":"Outros Servi\u00e7os de Terceiros - Pessoa Jur\u00eddica","sub_elem_desp":"SEM SUBELEMENTO","fonte_recurso":"Recursos do Exerc\u00edcio Corrente \/ Outros Recursos n\u00e3o Vinculados \/ -"},{"ano_emissao_emp":"2023","n_emp":"0000513","data_emissao":"28\/12\/2023","valor":"450,00","tipo_empenho":"Ordin\u00e1rio","hist_emp":"Custeio com inscricao para a participacao do vereador desta Casa de Leis, o senhor  Flavio Humberto Pontes da Silva, na XXV Marcha a Brasilia em Defesa dos Municipios, que sera realizada entre os dias 20 e 23 de maio de 2024 em Brasilis. Dispensa de licitacao mediante valor, artigo 75, inciso 2\u00ba da Lei 14.133\/21.","fornecedor":"CONFEDERA\u00c7\u00c3O NACIONAL DE MUNICIPIOS - CNM","denom_uni_orc":"CORPO DELIBERATIVO E SECRETARIA","funcao":"Legislativa","sub_funcao":"A\u00e7\u00e3o Legislativa","programa":"A\u00c7\u00c3O LEGISLATIVA","acao":"INDENIZA\u00c7\u00d5ES E RESTITUI\u00c7\u00d5ES DIVERSAS (FMS)","ident_acao":"Atividade","cat_econ":"Despesa Corrente","natureza_despesa":"Outras Despesas Correntes","modalidade_despesa":"Aplica\u00e7\u00f5es Diretas","elemento_despesa":"Outros Servi\u00e7os de Terceiros - Pessoa Jur\u00eddica","sub_elem_desp":"SEM SUBELEMENTO","fonte_recurso":"Recursos do Exerc\u00edcio Corrente \/ Outros Recursos n\u00e3o Vinculados \/ -"},{"ano_emissao_emp":"2023","n_emp":"0000514","data_emissao":"28\/12\/2023","valor":"450,00","tipo_empenho":"Ordin\u00e1rio","hist_emp":"Custeio com inscricao para a participacao do vereador desta Casa de Leis, o senhor  Jose Ademir Pereira, na XXV Marcha a Brasilia em Defesa dos Municipios, que sera realizada entre os dias 20 e 23 de maio de 2024 em Brasilis. Dispensa de licitacao mediante valor, artigo 75, inciso 2\u00ba da Lei 14.133\/21.","fornecedor":"CONFEDERA\u00c7\u00c3O NACIONAL DE MUNICIPIOS - CNM","denom_uni_orc":"CORPO DELIBERATIVO E SECRETARIA","funcao":"Legislativa","sub_funcao":"A\u00e7\u00e3o Legislativa","programa":"A\u00c7\u00c3O LEGISLATIVA","acao":"AQUISI\u00c7\u00c3O DE M\u00d3VEIS, M\u00c1QUINAS E EQUIPAMENTOS DIVERSOS PARA O CONSELHO","ident_acao":"Atividade","cat_econ":"Despesa Corrente","natureza_despesa":"Outras Despesas Correntes","modalidade_despesa":"Aplica\u00e7\u00f5es Diretas","elemento_despesa":"Outros Servi\u00e7os de Terceiros - Pessoa Jur\u00eddica","sub_elem_desp":"SEM SUBELEMENTO","fonte_recurso":"Recursos do Exerc\u00edcio Corrente \/ Outros Recursos n\u00e3o Vinculados \/ -"},{"ano_emissao_emp":"2023","n_emp":"0000514","data_emissao":"28\/12\/2023","valor":"450,00","tipo_empenho":"Ordin\u00e1rio","hist_emp":"Custeio com inscricao para a participacao do vereador desta Casa de Leis, o senhor  Jose Ademir Pereira, na XXV Marcha a Brasilia em Defesa dos Municipios, que sera realizada entre os dias 20 e 23 de maio de 2024 em Brasilis. Dispensa de licitacao mediante valor, artigo 75, inciso 2\u00ba da Lei 14.133\/21.","fornecedor":"CONFEDERA\u00c7\u00c3O NACIONAL DE MUNICIPIOS - CNM","denom_uni_orc":"CORPO DELIBERATIVO E SECRETARIA","funcao":"Legislativa","sub_funcao":"A\u00e7\u00e3o Legislativa","programa":"A\u00c7\u00c3O LEGISLATIVA","acao":"MANUTEN\u00c7\u00c3O DAS ATIVIDADES ADMINISTRATIVAS","ident_acao":"Atividade","cat_econ":"Despesa Corrente","natureza_despesa":"Outras Despesas Correntes","modalidade_despesa":"Aplica\u00e7\u00f5es Diretas","elemento_despesa":"Outros Servi\u00e7os de Terceiros - Pessoa Jur\u00eddica","sub_elem_desp":"SEM SUBELEMENTO","fonte_recurso":"Recursos do Exerc\u00edcio Corrente \/ Outros Recursos n\u00e3o Vinculados \/ -"},{"ano_emissao_emp":"2023","n_emp":"0000514","data_emissao":"28\/12\/2023","valor":"450,00","tipo_empenho":"Ordin\u00e1rio","hist_emp":"Custeio com inscricao para a participacao do vereador desta Casa de Leis, o senhor  Jose Ademir Pereira, na XXV Marcha a Brasilia em Defesa dos Municipios, que sera realizada entre os dias 20 e 23 de maio de 2024 em Brasilis. Dispensa de licitacao mediante valor, artigo 75, inciso 2\u00ba da Lei 14.133\/21.","fornecedor":"CONFEDERA\u00c7\u00c3O NACIONAL DE MUNICIPIOS - CNM","denom_uni_orc":"CORPO DELIBERATIVO E SECRETARIA","funcao":"Legislativa","sub_funcao":"A\u00e7\u00e3o Legislativa","programa":"A\u00c7\u00c3O LEGISLATIVA","acao":"INDENIZA\u00c7\u00d5ES E RESTITUI\u00c7\u00d5ES DIVERSAS (FMS)","ident_acao":"Atividade","cat_econ":"Despesa Corrente","natureza_despesa":"Outras Despesas Correntes","modalidade_despesa":"Aplica\u00e7\u00f5es Diretas","elemento_despesa":"Outros Servi\u00e7os de Terceiros - Pessoa Jur\u00eddica","sub_elem_desp":"SEM SUBELEMENTO","fonte_recurso":"Recursos do Exerc\u00edcio Corrente \/ Outros Recursos n\u00e3o Vinculados \/ -"},{"ano_emissao_emp":"2023","n_emp":"0000515","data_emissao":"28\/12\/2023","valor":"450,00","tipo_empenho":"Ordin\u00e1rio","hist_emp":"Custeio com inscricao para a participacao do vereadora desta Casa de Leis, a senhora  Rozangela Maria dos Santos, na XXV Marcha a Brasilia em Defesa dos Municipios, que sera realizada entre os dias 20 e 23 de maio de 2024 em Brasilis. Dispensa de licitacao mediante valor, artigo 75, inciso 2\u00ba da Lei 14.133\/21.","fornecedor":"CONFEDERA\u00c7\u00c3O NACIONAL DE MUNICIPIOS - CNM","denom_uni_orc":"CORPO DELIBERATIVO E SECRETARIA","funcao":"Legislativa","sub_funcao":"A\u00e7\u00e3o Legislativa","programa":"A\u00c7\u00c3O LEGISLATIVA","acao":"AQUISI\u00c7\u00c3O DE M\u00d3VEIS, M\u00c1QUINAS E EQUIPAMENTOS DIVERSOS PARA O CONSELHO","ident_acao":"Atividade","cat_econ":"Despesa Corrente","natureza_despesa":"Outras Despesas Correntes","modalidade_despesa":"Aplica\u00e7\u00f5es Diretas","elemento_despesa":"Outros Servi\u00e7os de Terceiros - Pessoa Jur\u00eddica","sub_elem_desp":"SEM SUBELEMENTO","fonte_recurso":"Recursos do Exerc\u00edcio Corrente \/ Outros Recursos n\u00e3o Vinculados \/ -"},{"ano_emissao_emp":"2023","n_emp":"0000515","data_emissao":"28\/12\/2023","valor":"450,00","tipo_empenho":"Ordin\u00e1rio","hist_emp":"Custeio com inscricao para a participacao do vereadora desta Casa de Leis, a senhora  Rozangela Maria dos Santos, na XXV Marcha a Brasilia em Defesa dos Municipios, que sera realizada entre os dias 20 e 23 de maio de 2024 em Brasilis. Dispensa de licitacao mediante valor, artigo 75, inciso 2\u00ba da Lei 14.133\/21.","fornecedor":"CONFEDERA\u00c7\u00c3O NACIONAL DE MUNICIPIOS - CNM","denom_uni_orc":"CORPO DELIBERATIVO E SECRETARIA","funcao":"Legislativa","sub_funcao":"A\u00e7\u00e3o Legislativa","programa":"A\u00c7\u00c3O LEGISLATIVA","acao":"MANUTEN\u00c7\u00c3O DAS ATIVIDADES ADMINISTRATIVAS","ident_acao":"Atividade","cat_econ":"Despesa Corrente","natureza_despesa":"Outras Despesas Correntes","modalidade_despesa":"Aplica\u00e7\u00f5es Diretas","elemento_despesa":"Outros Servi\u00e7os de Terceiros - Pessoa Jur\u00eddica","sub_elem_desp":"SEM SUBELEMENTO","fonte_recurso":"Recursos do Exerc\u00edcio Corrente \/ Outros Recursos n\u00e3o Vinculados \/ -"},{"ano_emissao_emp":"2023","n_emp":"0000515","data_emissao":"28\/12\/2023","valor":"450,00","tipo_empenho":"Ordin\u00e1rio","hist_emp":"Custeio com inscricao para a participacao do vereadora desta Casa de Leis, a senhora  Rozangela Maria dos Santos, na XXV Marcha a Brasilia em Defesa dos Municipios, que sera realizada entre os dias 20 e 23 de maio de 2024 em Brasilis. Dispensa de licitacao mediante valor, artigo 75, inciso 2\u00ba da Lei 14.133\/21.","fornecedor":"CONFEDERA\u00c7\u00c3O NACIONAL DE MUNICIPIOS - CNM","denom_uni_orc":"CORPO DELIBERATIVO E SECRETARIA","funcao":"Legislativa","sub_funcao":"A\u00e7\u00e3o Legislativa","programa":"A\u00c7\u00c3O LEGISLATIVA","acao":"INDENIZA\u00c7\u00d5ES E RESTITUI\u00c7\u00d5ES DIVERSAS (FMS)","ident_acao":"Atividade","cat_econ":"Despesa Corrente","natureza_despesa":"Outras Despesas Correntes","modalidade_despesa":"Aplica\u00e7\u00f5es Diretas","elemento_despesa":"Outros Servi\u00e7os de Terceiros - Pessoa Jur\u00eddica","sub_elem_desp":"SEM SUBELEMENTO","fonte_recurso":"Recursos do Exerc\u00edcio Corrente \/ Outros Recursos n\u00e3o Vinculados \/ -"},{"ano_emissao_emp":"2023","n_emp":"0000516","data_emissao":"28\/12\/2023","valor":"450,00","tipo_empenho":"Ordin\u00e1rio","hist_emp":"Custeio com inscricao para a participacao do vereador desta Casa de Leis, o senhor Emanuel de Souza Ramos, na XXV Marcha a Brasilia em Defesa dos Municipios, que sera realizada entre os dias 20 e 23 de maio de 2024 em Brasilis. Dispensa de licitacao mediante valor, artigo 75, inciso 2\u00ba da Lei 14.133\/21.","fornecedor":"CONFEDERA\u00c7\u00c3O NACIONAL DE MUNICIPIOS - CNM","denom_uni_orc":"CORPO DELIBERATIVO E SECRETARIA","funcao":"Legislativa","sub_funcao":"A\u00e7\u00e3o Legislativa","programa":"A\u00c7\u00c3O LEGISLATIVA","acao":"AQUISI\u00c7\u00c3O DE M\u00d3VEIS, M\u00c1QUINAS E EQUIPAMENTOS DIVERSOS PARA O CONSELHO","ident_acao":"Atividade","cat_econ":"Despesa Corrente","natureza_despesa":"Outras Despesas Correntes","modalidade_despesa":"Aplica\u00e7\u00f5es Diretas","elemento_despesa":"Outros Servi\u00e7os de Terceiros - Pessoa Jur\u00eddica","sub_elem_desp":"SEM SUBELEMENTO","fonte_recurso":"Recursos do Exerc\u00edcio Corrente \/ Outros Recursos n\u00e3o Vinculados \/ -"},{"ano_emissao_emp":"2023","n_emp":"0000516","data_emissao":"28\/12\/2023","valor":"450,00","tipo_empenho":"Ordin\u00e1rio","hist_emp":"Custeio com inscricao para a participacao do vereador desta Casa de Leis, o senhor Emanuel de Souza Ramos, na XXV Marcha a Brasilia em Defesa dos Municipios, que sera realizada entre os dias 20 e 23 de maio de 2024 em Brasilis. Dispensa de licitacao mediante valor, artigo 75, inciso 2\u00ba da Lei 14.133\/21.","fornecedor":"CONFEDERA\u00c7\u00c3O NACIONAL DE MUNICIPIOS - CNM","denom_uni_orc":"CORPO DELIBERATIVO E SECRETARIA","funcao":"Legislativa","sub_funcao":"A\u00e7\u00e3o Legislativa","programa":"A\u00c7\u00c3O LEGISLATIVA","acao":"MANUTEN\u00c7\u00c3O DAS ATIVIDADES ADMINISTRATIVAS","ident_acao":"Atividade","cat_econ":"Despesa Corrente","natureza_despesa":"Outras Despesas Correntes","modalidade_despesa":"Aplica\u00e7\u00f5es Diretas","elemento_despesa":"Outros Servi\u00e7os de Terceiros - Pessoa Jur\u00eddica","sub_elem_desp":"SEM SUBELEMENTO","fonte_recurso":"Recursos do Exerc\u00edcio Corrente \/ Outros Recursos n\u00e3o Vinculados \/ -"},{"ano_emissao_emp":"2023","n_emp":"0000516","data_emissao":"28\/12\/2023","valor":"450,00","tipo_empenho":"Ordin\u00e1rio","hist_emp":"Custeio com inscricao para a participacao do vereador desta Casa de Leis, o senhor Emanuel de Souza Ramos, na XXV Marcha a Brasilia em Defesa dos Municipios, que sera realizada entre os dias 20 e 23 de maio de 2024 em Brasilis. Dispensa de licitacao mediante valor, artigo 75, inciso 2\u00ba da Lei 14.133\/21.","fornecedor":"CONFEDERA\u00c7\u00c3O NACIONAL DE MUNICIPIOS - CNM","denom_uni_orc":"CORPO DELIBERATIVO E SECRETARIA","funcao":"Legislativa","sub_funcao":"A\u00e7\u00e3o Legislativa","programa":"A\u00c7\u00c3O LEGISLATIVA","acao":"INDENIZA\u00c7\u00d5ES E RESTITUI\u00c7\u00d5ES DIVERSAS (FMS)","ident_acao":"Atividade","cat_econ":"Despesa Corrente","natureza_despesa":"Outras Despesas Correntes","modalidade_despesa":"Aplica\u00e7\u00f5es Diretas","elemento_despesa":"Outros Servi\u00e7os de Terceiros - Pessoa Jur\u00eddica","sub_elem_desp":"SEM SUBELEMENTO","fonte_recurso":"Recursos do Exerc\u00edcio Corrente \/ Outros Recursos n\u00e3o Vinculados \/ -"},{"ano_emissao_emp":"2023","n_emp":"0000517","data_emissao":"28\/12\/2023","valor":"450,00","tipo_empenho":"Ordin\u00e1rio","hist_emp":"Custeio com inscricao para a participacao do vereador desta Casa de Leis, o senhor Gilson Jose Juliao, na XXV Marcha a Brasilia em Defesa dos Municipios, que sera realizada entre os dias 20 e 23 de maio de 2024 em Brasilis. Dispensa de licitacao mediante valor, artigo 75, inciso 2\u00ba da Lei 14.133\/21.","fornecedor":"CONFEDERA\u00c7\u00c3O NACIONAL DE MUNICIPIOS - CNM","denom_uni_orc":"CORPO DELIBERATIVO E SECRETARIA","funcao":"Legislativa","sub_funcao":"A\u00e7\u00e3o Legislativa","programa":"A\u00c7\u00c3O LEGISLATIVA","acao":"AQUISI\u00c7\u00c3O DE M\u00d3VEIS, M\u00c1QUINAS E EQUIPAMENTOS DIVERSOS PARA O CONSELHO","ident_acao":"Atividade","cat_econ":"Despesa Corrente","natureza_despesa":"Outras Despesas Correntes","modalidade_despesa":"Aplica\u00e7\u00f5es Diretas","elemento_despesa":"Outros Servi\u00e7os de Terceiros - Pessoa Jur\u00eddica","sub_elem_desp":"SEM SUBELEMENTO","fonte_recurso":"Recursos do Exerc\u00edcio Corrente \/ Outros Recursos n\u00e3o Vinculados \/ -"},{"ano_emissao_emp":"2023","n_emp":"0000517","data_emissao":"28\/12\/2023","valor":"450,00","tipo_empenho":"Ordin\u00e1rio","hist_emp":"Custeio com inscricao para a participacao do vereador desta Casa de Leis, o senhor Gilson Jose Juliao, na XXV Marcha a Brasilia em Defesa dos Municipios, que sera realizada entre os dias 20 e 23 de maio de 2024 em Brasilis. Dispensa de licitacao mediante valor, artigo 75, inciso 2\u00ba da Lei 14.133\/21.","fornecedor":"CONFEDERA\u00c7\u00c3O NACIONAL DE MUNICIPIOS - CNM","denom_uni_orc":"CORPO DELIBERATIVO E SECRETARIA","funcao":"Legislativa","sub_funcao":"A\u00e7\u00e3o Legislativa","programa":"A\u00c7\u00c3O LEGISLATIVA","acao":"MANUTEN\u00c7\u00c3O DAS ATIVIDADES ADMINISTRATIVAS","ident_acao":"Atividade","cat_econ":"Despesa Corrente","natureza_despesa":"Outras Despesas Correntes","modalidade_despesa":"Aplica\u00e7\u00f5es Diretas","elemento_despesa":"Outros Servi\u00e7os de Terceiros - Pessoa Jur\u00eddica","sub_elem_desp":"SEM SUBELEMENTO","fonte_recurso":"Recursos do Exerc\u00edcio Corrente \/ Outros Recursos n\u00e3o Vinculados \/ -"},{"ano_emissao_emp":"2023","n_emp":"0000517","data_emissao":"28\/12\/2023","valor":"450,00","tipo_empenho":"Ordin\u00e1rio","hist_emp":"Custeio com inscricao para a participacao do vereador desta Casa de Leis, o senhor Gilson Jose Juliao, na XXV Marcha a Brasilia em Defesa dos Municipios, que sera realizada entre os dias 20 e 23 de maio de 2024 em Brasilis. Dispensa de licitacao mediante valor, artigo 75, inciso 2\u00ba da Lei 14.133\/21.","fornecedor":"CONFEDERA\u00c7\u00c3O NACIONAL DE MUNICIPIOS - CNM","denom_uni_orc":"CORPO DELIBERATIVO E SECRETARIA","funcao":"Legislativa","sub_funcao":"A\u00e7\u00e3o Legislativa","programa":"A\u00c7\u00c3O LEGISLATIVA","acao":"INDENIZA\u00c7\u00d5ES E RESTITUI\u00c7\u00d5ES DIVERSAS (FMS)","ident_acao":"Atividade","cat_econ":"Despesa Corrente","natureza_despesa":"Outras Despesas Correntes","modalidade_despesa":"Aplica\u00e7\u00f5es Diretas","elemento_despesa":"Outros Servi\u00e7os de Terceiros - Pessoa Jur\u00eddica","sub_elem_desp":"SEM SUBELEMENTO","fonte_recurso":"Recursos do Exerc\u00edcio Corrente \/ Outros Recursos n\u00e3o Vinculados \/ -"},{"ano_emissao_emp":"2023","n_emp":"0000518","data_emissao":"28\/12\/2023","valor":"450,00","tipo_empenho":"Ordin\u00e1rio","hist_emp":"Custeio com inscricao para a participacao do vereadora desta Casa de Leis, o senhora Jessyca Monica de Lima Cavalcant, na XXV Marcha a Brasilia em Defesa dos Municipios, que sera realizada entre os dias 20 e 23 de maio de 2024 em Brasilis. Dispensa de licitacao mediante valor, artigo 75, inciso 2\u00ba da Lei 14.133\/21.","fornecedor":"CONFEDERA\u00c7\u00c3O NACIONAL DE MUNICIPIOS - CNM","denom_uni_orc":"CORPO DELIBERATIVO E SECRETARIA","funcao":"Legislativa","sub_funcao":"A\u00e7\u00e3o Legislativa","programa":"A\u00c7\u00c3O LEGISLATIVA","acao":"AQUISI\u00c7\u00c3O DE M\u00d3VEIS, M\u00c1QUINAS E EQUIPAMENTOS DIVERSOS PARA O CONSELHO","ident_acao":"Atividade","cat_econ":"Despesa Corrente","natureza_despesa":"Outras Despesas Correntes","modalidade_despesa":"Aplica\u00e7\u00f5es Diretas","elemento_despesa":"Outros Servi\u00e7os de Terceiros - Pessoa Jur\u00eddica","sub_elem_desp":"SEM SUBELEMENTO","fonte_recurso":"Recursos do Exerc\u00edcio Corrente \/ Outros Recursos n\u00e3o Vinculados \/ -"},{"ano_emissao_emp":"2023","n_emp":"0000518","data_emissao":"28\/12\/2023","valor":"450,00","tipo_empenho":"Ordin\u00e1rio","hist_emp":"Custeio com inscricao para a participacao do vereadora desta Casa de Leis, o senhora Jessyca Monica de Lima Cavalcant, na XXV Marcha a Brasilia em Defesa dos Municipios, que sera realizada entre os dias 20 e 23 de maio de 2024 em Brasilis. Dispensa de licitacao mediante valor, artigo 75, inciso 2\u00ba da Lei 14.133\/21.","fornecedor":"CONFEDERA\u00c7\u00c3O NACIONAL DE MUNICIPIOS - CNM","denom_uni_orc":"CORPO DELIBERATIVO E SECRETARIA","funcao":"Legislativa","sub_funcao":"A\u00e7\u00e3o Legislativa","programa":"A\u00c7\u00c3O LEGISLATIVA","acao":"MANUTEN\u00c7\u00c3O DAS ATIVIDADES ADMINISTRATIVAS","ident_acao":"Atividade","cat_econ":"Despesa Corrente","natureza_despesa":"Outras Despesas Correntes","modalidade_despesa":"Aplica\u00e7\u00f5es Diretas","elemento_despesa":"Outros Servi\u00e7os de Terceiros - Pessoa Jur\u00eddica","sub_elem_desp":"SEM SUBELEMENTO","fonte_recurso":"Recursos do Exerc\u00edcio Corrente \/ Outros Recursos n\u00e3o Vinculados \/ -"},{"ano_emissao_emp":"2023","n_emp":"0000518","data_emissao":"28\/12\/2023","valor":"450,00","tipo_empenho":"Ordin\u00e1rio","hist_emp":"Custeio com inscricao para a participacao do vereadora desta Casa de Leis, o senhora Jessyca Monica de Lima Cavalcant, na XXV Marcha a Brasilia em Defesa dos Municipios, que sera realizada entre os dias 20 e 23 de maio de 2024 em Brasilis. Dispensa de licitacao mediante valor, artigo 75, inciso 2\u00ba da Lei 14.133\/21.","fornecedor":"CONFEDERA\u00c7\u00c3O NACIONAL DE MUNICIPIOS - CNM","denom_uni_orc":"CORPO DELIBERATIVO E SECRETARIA","funcao":"Legislativa","sub_funcao":"A\u00e7\u00e3o Legislativa","programa":"A\u00c7\u00c3O LEGISLATIVA","acao":"INDENIZA\u00c7\u00d5ES E RESTITUI\u00c7\u00d5ES DIVERSAS (FMS)","ident_acao":"Atividade","cat_econ":"Despesa Corrente","natureza_despesa":"Outras Despesas Correntes","modalidade_despesa":"Aplica\u00e7\u00f5es Diretas","elemento_despesa":"Outros Servi\u00e7os de Terceiros - Pessoa Jur\u00eddica","sub_elem_desp":"SEM SUBELEMENTO","fonte_recurso":"Recursos do Exerc\u00edcio Corrente \/ Outros Recursos n\u00e3o Vinculados \/ -"},{"ano_emissao_emp":"2023","n_emp":"0000519","data_emissao":"28\/12\/2023","valor":"450,00","tipo_empenho":"Ordin\u00e1rio","hist_emp":"Custeio com inscricao para a participacao do vereador desta Casa de Leis, o senhor Cicero Cosmo da Silva, na XXV Marcha a Brasilia em Defesa dos Municipios, que sera realizada entre os dias 20 e 23 de maio de 2024 em Brasilis. Dispensa de licitacao mediante valor, artigo 75, inciso 2\u00ba da Lei 14.133\/21.","fornecedor":"CONFEDERA\u00c7\u00c3O NACIONAL DE MUNICIPIOS - CNM","denom_uni_orc":"CORPO DELIBERATIVO E SECRETARIA","funcao":"Legislativa","sub_funcao":"A\u00e7\u00e3o Legislativa","programa":"A\u00c7\u00c3O LEGISLATIVA","acao":"AQUISI\u00c7\u00c3O DE M\u00d3VEIS, M\u00c1QUINAS E EQUIPAMENTOS DIVERSOS PARA O CONSELHO","ident_acao":"Atividade","cat_econ":"Despesa Corrente","natureza_despesa":"Outras Despesas Correntes","modalidade_despesa":"Aplica\u00e7\u00f5es Diretas","elemento_despesa":"Outros Servi\u00e7os de Terceiros - Pessoa Jur\u00eddica","sub_elem_desp":"SEM SUBELEMENTO","fonte_recurso":"Recursos do Exerc\u00edcio Corrente \/ Outros Recursos n\u00e3o Vinculados \/ -"},{"ano_emissao_emp":"2023","n_emp":"0000519","data_emissao":"28\/12\/2023","valor":"450,00","tipo_empenho":"Ordin\u00e1rio","hist_emp":"Custeio com inscricao para a participacao do vereador desta Casa de Leis, o senhor Cicero Cosmo da Silva, na XXV Marcha a Brasilia em Defesa dos Municipios, que sera realizada entre os dias 20 e 23 de maio de 2024 em Brasilis. Dispensa de licitacao mediante valor, artigo 75, inciso 2\u00ba da Lei 14.133\/21.","fornecedor":"CONFEDERA\u00c7\u00c3O NACIONAL DE MUNICIPIOS - CNM","denom_uni_orc":"CORPO DELIBERATIVO E SECRETARIA","funcao":"Legislativa","sub_funcao":"A\u00e7\u00e3o Legislativa","programa":"A\u00c7\u00c3O LEGISLATIVA","acao":"MANUTEN\u00c7\u00c3O DAS ATIVIDADES ADMINISTRATIVAS","ident_acao":"Atividade","cat_econ":"Despesa Corrente","natureza_despesa":"Outras Despesas Correntes","modalidade_despesa":"Aplica\u00e7\u00f5es Diretas","elemento_despesa":"Outros Servi\u00e7os de Terceiros - Pessoa Jur\u00eddica","sub_elem_desp":"SEM SUBELEMENTO","fonte_recurso":"Recursos do Exerc\u00edcio Corrente \/ Outros Recursos n\u00e3o Vinculados \/ -"},{"ano_emissao_emp":"2023","n_emp":"0000519","data_emissao":"28\/12\/2023","valor":"450,00","tipo_empenho":"Ordin\u00e1rio","hist_emp":"Custeio com inscricao para a participacao do vereador desta Casa de Leis, o senhor Cicero Cosmo da Silva, na XXV Marcha a Brasilia em Defesa dos Municipios, que sera realizada entre os dias 20 e 23 de maio de 2024 em Brasilis. Dispensa de licitacao mediante valor, artigo 75, inciso 2\u00ba da Lei 14.133\/21.","fornecedor":"CONFEDERA\u00c7\u00c3O NACIONAL DE MUNICIPIOS - CNM","denom_uni_orc":"CORPO DELIBERATIVO E SECRETARIA","funcao":"Legislativa","sub_funcao":"A\u00e7\u00e3o Legislativa","programa":"A\u00c7\u00c3O LEGISLATIVA","acao":"INDENIZA\u00c7\u00d5ES E RESTITUI\u00c7\u00d5ES DIVERSAS (FMS)","ident_acao":"Atividade","cat_econ":"Despesa Corrente","natureza_despesa":"Outras Despesas Correntes","modalidade_despesa":"Aplica\u00e7\u00f5es Diretas","elemento_despesa":"Outros Servi\u00e7os de Terceiros - Pessoa Jur\u00eddica","sub_elem_desp":"SEM SUBELEMENTO","fonte_recurso":"Recursos do Exerc\u00edcio Corrente \/ Outros Recursos n\u00e3o Vinculados \/ -"},{"ano_emissao_emp":"2023","n_emp":"0000520","data_emissao":"28\/12\/2023","valor":"450,00","tipo_empenho":"Ordin\u00e1rio","hist_emp":"Custeio com inscricao para a participacao do vereador desta Casa de Leis, o senhor Jose Manoel da Silva, na XXV Marcha a Brasilia em Defesa dos Municipios, que sera realizada entre os dias 20 e 23 de maio de 2024 em Brasilis. Dispensa de licitacao mediante valor, artigo 75, inciso 2\u00ba da Lei 14.133\/21.","fornecedor":"CONFEDERA\u00c7\u00c3O NACIONAL DE MUNICIPIOS - CNM","denom_uni_orc":"CORPO DELIBERATIVO E SECRETARIA","funcao":"Legislativa","sub_funcao":"A\u00e7\u00e3o Legislativa","programa":"A\u00c7\u00c3O LEGISLATIVA","acao":"AQUISI\u00c7\u00c3O DE M\u00d3VEIS, M\u00c1QUINAS E EQUIPAMENTOS DIVERSOS PARA O CONSELHO","ident_acao":"Atividade","cat_econ":"Despesa Corrente","natureza_despesa":"Outras Despesas Correntes","modalidade_despesa":"Aplica\u00e7\u00f5es Diretas","elemento_despesa":"Outros Servi\u00e7os de Terceiros - Pessoa Jur\u00eddica","sub_elem_desp":"SEM SUBELEMENTO","fonte_recurso":"Recursos do Exerc\u00edcio Corrente \/ Outros Recursos n\u00e3o Vinculados \/ -"},{"ano_emissao_emp":"2023","n_emp":"0000520","data_emissao":"28\/12\/2023","valor":"450,00","tipo_empenho":"Ordin\u00e1rio","hist_emp":"Custeio com inscricao para a participacao do vereador desta Casa de Leis, o senhor Jose Manoel da Silva, na XXV Marcha a Brasilia em Defesa dos Municipios, que sera realizada entre os dias 20 e 23 de maio de 2024 em Brasilis. Dispensa de licitacao mediante valor, artigo 75, inciso 2\u00ba da Lei 14.133\/21.","fornecedor":"CONFEDERA\u00c7\u00c3O NACIONAL DE MUNICIPIOS - CNM","denom_uni_orc":"CORPO DELIBERATIVO E SECRETARIA","funcao":"Legislativa","sub_funcao":"A\u00e7\u00e3o Legislativa","programa":"A\u00c7\u00c3O LEGISLATIVA","acao":"MANUTEN\u00c7\u00c3O DAS ATIVIDADES ADMINISTRATIVAS","ident_acao":"Atividade","cat_econ":"Despesa Corrente","natureza_despesa":"Outras Despesas Correntes","modalidade_despesa":"Aplica\u00e7\u00f5es Diretas","elemento_despesa":"Outros Servi\u00e7os de Terceiros - Pessoa Jur\u00eddica","sub_elem_desp":"SEM SUBELEMENTO","fonte_recurso":"Recursos do Exerc\u00edcio Corrente \/ Outros Recursos n\u00e3o Vinculados \/ -"},{"ano_emissao_emp":"2023","n_emp":"0000520","data_emissao":"28\/12\/2023","valor":"450,00","tipo_empenho":"Ordin\u00e1rio","hist_emp":"Custeio com inscricao para a participacao do vereador desta Casa de Leis, o senhor Jose Manoel da Silva, na XXV Marcha a Brasilia em Defesa dos Municipios, que sera realizada entre os dias 20 e 23 de maio de 2024 em Brasilis. Dispensa de licitacao mediante valor, artigo 75, inciso 2\u00ba da Lei 14.133\/21.","fornecedor":"CONFEDERA\u00c7\u00c3O NACIONAL DE MUNICIPIOS - CNM","denom_uni_orc":"CORPO DELIBERATIVO E SECRETARIA","funcao":"Legislativa","sub_funcao":"A\u00e7\u00e3o Legislativa","programa":"A\u00c7\u00c3O LEGISLATIVA","acao":"INDENIZA\u00c7\u00d5ES E RESTITUI\u00c7\u00d5ES DIVERSAS (FMS)","ident_acao":"Atividade","cat_econ":"Despesa Corrente","natureza_despesa":"Outras Despesas Correntes","modalidade_despesa":"Aplica\u00e7\u00f5es Diretas","elemento_despesa":"Outros Servi\u00e7os de Terceiros - Pessoa Jur\u00eddica","sub_elem_desp":"SEM SUBELEMENTO","fonte_recurso":"Recursos do Exerc\u00edcio Corrente \/ Outros Recursos n\u00e3o Vinculados \/ -"},{"ano_emissao_emp":"2023","n_emp":"0000521","data_emissao":"28\/12\/2023","valor":"450,00","tipo_empenho":"Ordin\u00e1rio","hist_emp":"Custeio com inscricao para a participacao do vereador desta Casa de Leis, o senhor Jose Augusto Maia Junior, na XXV Marcha a Brasilia em Defesa dos Municipios, que sera realizada entre os dias 20 e 23 de maio de 2024 em Brasilis. Dispensa de licitacao mediante valor, artigo 75, inciso 2\u00ba da Lei 14.133\/21.","fornecedor":"CONFEDERA\u00c7\u00c3O NACIONAL DE MUNICIPIOS - CNM","denom_uni_orc":"CORPO DELIBERATIVO E SECRETARIA","funcao":"Legislativa","sub_funcao":"A\u00e7\u00e3o Legislativa","programa":"A\u00c7\u00c3O LEGISLATIVA","acao":"AQUISI\u00c7\u00c3O DE M\u00d3VEIS, M\u00c1QUINAS E EQUIPAMENTOS DIVERSOS PARA O CONSELHO","ident_acao":"Atividade","cat_econ":"Despesa Corrente","natureza_despesa":"Outras Despesas Correntes","modalidade_despesa":"Aplica\u00e7\u00f5es Diretas","elemento_despesa":"Outros Servi\u00e7os de Terceiros - Pessoa Jur\u00eddica","sub_elem_desp":"SEM SUBELEMENTO","fonte_recurso":"Recursos do Exerc\u00edcio Corrente \/ Outros Recursos n\u00e3o Vinculados \/ -"},{"ano_emissao_emp":"2023","n_emp":"0000521","data_emissao":"28\/12\/2023","valor":"450,00","tipo_empenho":"Ordin\u00e1rio","hist_emp":"Custeio com inscricao para a participacao do vereador desta Casa de Leis, o senhor Jose Augusto Maia Junior, na XXV Marcha a Brasilia em Defesa dos Municipios, que sera realizada entre os dias 20 e 23 de maio de 2024 em Brasilis. Dispensa de licitacao mediante valor, artigo 75, inciso 2\u00ba da Lei 14.133\/21.","fornecedor":"CONFEDERA\u00c7\u00c3O NACIONAL DE MUNICIPIOS - CNM","denom_uni_orc":"CORPO DELIBERATIVO E SECRETARIA","funcao":"Legislativa","sub_funcao":"A\u00e7\u00e3o Legislativa","programa":"A\u00c7\u00c3O LEGISLATIVA","acao":"MANUTEN\u00c7\u00c3O DAS ATIVIDADES ADMINISTRATIVAS","ident_acao":"Atividade","cat_econ":"Despesa Corrente","natureza_despesa":"Outras Despesas Correntes","modalidade_despesa":"Aplica\u00e7\u00f5es Diretas","elemento_despesa":"Outros Servi\u00e7os de Terceiros - Pessoa Jur\u00eddica","sub_elem_desp":"SEM SUBELEMENTO","fonte_recurso":"Recursos do Exerc\u00edcio Corrente \/ Outros Recursos n\u00e3o Vinculados \/ -"},{"ano_emissao_emp":"2023","n_emp":"0000521","data_emissao":"28\/12\/2023","valor":"450,00","tipo_empenho":"Ordin\u00e1rio","hist_emp":"Custeio com inscricao para a participacao do vereador desta Casa de Leis, o senhor Jose Augusto Maia Junior, na XXV Marcha a Brasilia em Defesa dos Municipios, que sera realizada entre os dias 20 e 23 de maio de 2024 em Brasilis. Dispensa de licitacao mediante valor, artigo 75, inciso 2\u00ba da Lei 14.133\/21.","fornecedor":"CONFEDERA\u00c7\u00c3O NACIONAL DE MUNICIPIOS - CNM","denom_uni_orc":"CORPO DELIBERATIVO E SECRETARIA","funcao":"Legislativa","sub_funcao":"A\u00e7\u00e3o Legislativa","programa":"A\u00c7\u00c3O LEGISLATIVA","acao":"INDENIZA\u00c7\u00d5ES E RESTITUI\u00c7\u00d5ES DIVERSAS (FMS)","ident_acao":"Atividade","cat_econ":"Despesa Corrente","natureza_despesa":"Outras Despesas Correntes","modalidade_despesa":"Aplica\u00e7\u00f5es Diretas","elemento_despesa":"Outros Servi\u00e7os de Terceiros - Pessoa Jur\u00eddica","sub_elem_desp":"SEM SUBELEMENTO","fonte_recurso":"Recursos do Exerc\u00edcio Corrente \/ Outros Recursos n\u00e3o Vinculados \/ -"},{"ano_emissao_emp":"2023","n_emp":"0000522","data_emissao":"28\/12\/2023","valor":"450,00","tipo_empenho":"Ordin\u00e1rio","hist_emp":"Custeio com inscricao para a participacao do vereador desta Casa de Leis, o senhor Jose Carlos da Silva, na XXV Marcha a Brasilia em Defesa dos Municipios, que sera realizada entre os dias 20 e 23 de maio de 2024 em Brasilis. Dispensa de licitacao mediante valor, artigo 75, inciso 2\u00ba da Lei 14.133\/21.","fornecedor":"CONFEDERA\u00c7\u00c3O NACIONAL DE MUNICIPIOS - CNM","denom_uni_orc":"CORPO DELIBERATIVO E SECRETARIA","funcao":"Legislativa","sub_funcao":"A\u00e7\u00e3o Legislativa","programa":"A\u00c7\u00c3O LEGISLATIVA","acao":"AQUISI\u00c7\u00c3O DE M\u00d3VEIS, M\u00c1QUINAS E EQUIPAMENTOS DIVERSOS PARA O CONSELHO","ident_acao":"Atividade","cat_econ":"Despesa Corrente","natureza_despesa":"Outras Despesas Correntes","modalidade_despesa":"Aplica\u00e7\u00f5es Diretas","elemento_despesa":"Outros Servi\u00e7os de Terceiros - Pessoa Jur\u00eddica","sub_elem_desp":"SEM SUBELEMENTO","fonte_recurso":"Recursos do Exerc\u00edcio Corrente \/ Outros Recursos n\u00e3o Vinculados \/ -"},{"ano_emissao_emp":"2023","n_emp":"0000522","data_emissao":"28\/12\/2023","valor":"450,00","tipo_empenho":"Ordin\u00e1rio","hist_emp":"Custeio com inscricao para a participacao do vereador desta Casa de Leis, o senhor Jose Carlos da Silva, na XXV Marcha a Brasilia em Defesa dos Municipios, que sera realizada entre os dias 20 e 23 de maio de 2024 em Brasilis. Dispensa de licitacao mediante valor, artigo 75, inciso 2\u00ba da Lei 14.133\/21.","fornecedor":"CONFEDERA\u00c7\u00c3O NACIONAL DE MUNICIPIOS - CNM","denom_uni_orc":"CORPO DELIBERATIVO E SECRETARIA","funcao":"Legislativa","sub_funcao":"A\u00e7\u00e3o Legislativa","programa":"A\u00c7\u00c3O LEGISLATIVA","acao":"MANUTEN\u00c7\u00c3O DAS ATIVIDADES ADMINISTRATIVAS","ident_acao":"Atividade","cat_econ":"Despesa Corrente","natureza_despesa":"Outras Despesas Correntes","modalidade_despesa":"Aplica\u00e7\u00f5es Diretas","elemento_despesa":"Outros Servi\u00e7os de Terceiros - Pessoa Jur\u00eddica","sub_elem_desp":"SEM SUBELEMENTO","fonte_recurso":"Recursos do Exerc\u00edcio Corrente \/ Outros Recursos n\u00e3o Vinculados \/ -"},{"ano_emissao_emp":"2023","n_emp":"0000522","data_emissao":"28\/12\/2023","valor":"450,00","tipo_empenho":"Ordin\u00e1rio","hist_emp":"Custeio com inscricao para a participacao do vereador desta Casa de Leis, o senhor Jose Carlos da Silva, na XXV Marcha a Brasilia em Defesa dos Municipios, que sera realizada entre os dias 20 e 23 de maio de 2024 em Brasilis. Dispensa de licitacao mediante valor, artigo 75, inciso 2\u00ba da Lei 14.133\/21.","fornecedor":"CONFEDERA\u00c7\u00c3O NACIONAL DE MUNICIPIOS - CNM","denom_uni_orc":"CORPO DELIBERATIVO E SECRETARIA","funcao":"Legislativa","sub_funcao":"A\u00e7\u00e3o Legislativa","programa":"A\u00c7\u00c3O LEGISLATIVA","acao":"INDENIZA\u00c7\u00d5ES E RESTITUI\u00c7\u00d5ES DIVERSAS (FMS)","ident_acao":"Atividade","cat_econ":"Despesa Corrente","natureza_despesa":"Outras Despesas Correntes","modalidade_despesa":"Aplica\u00e7\u00f5es Diretas","elemento_despesa":"Outros Servi\u00e7os de Terceiros - Pessoa Jur\u00eddica","sub_elem_desp":"SEM SUBELEMENTO","fonte_recurso":"Recursos do Exerc\u00edcio Corrente \/ Outros Recursos n\u00e3o Vinculados \/ -"},{"ano_emissao_emp":"2023","n_emp":"0000523","data_emissao":"28\/12\/2023","valor":"450,00","tipo_empenho":"Ordin\u00e1rio","hist_emp":"Custeio com inscricao para a participacao do vereador desta Casa de Leis, o senhor Jose Vando Bruna, na XXV Marcha a Brasilia em Defesa dos Municipios, que sera realizada entre os dias 20 e 23 de maio de 2024 em Brasilis. Dispensa de licitacao mediante valor, artigo 75, inciso 2\u00ba da Lei 14.133\/21.","fornecedor":"CONFEDERA\u00c7\u00c3O NACIONAL DE MUNICIPIOS - CNM","denom_uni_orc":"CORPO DELIBERATIVO E SECRETARIA","funcao":"Legislativa","sub_funcao":"A\u00e7\u00e3o Legislativa","programa":"A\u00c7\u00c3O LEGISLATIVA","acao":"AQUISI\u00c7\u00c3O DE M\u00d3VEIS, M\u00c1QUINAS E EQUIPAMENTOS DIVERSOS PARA O CONSELHO","ident_acao":"Atividade","cat_econ":"Despesa Corrente","natureza_despesa":"Outras Despesas Correntes","modalidade_despesa":"Aplica\u00e7\u00f5es Diretas","elemento_despesa":"Outros Servi\u00e7os de Terceiros - Pessoa Jur\u00eddica","sub_elem_desp":"SEM SUBELEMENTO","fonte_recurso":"Recursos do Exerc\u00edcio Corrente \/ Outros Recursos n\u00e3o Vinculados \/ -"},{"ano_emissao_emp":"2023","n_emp":"0000523","data_emissao":"28\/12\/2023","valor":"450,00","tipo_empenho":"Ordin\u00e1rio","hist_emp":"Custeio com inscricao para a participacao do vereador desta Casa de Leis, o senhor Jose Vando Bruna, na XXV Marcha a Brasilia em Defesa dos Municipios, que sera realizada entre os dias 20 e 23 de maio de 2024 em Brasilis. Dispensa de licitacao mediante valor, artigo 75, inciso 2\u00ba da Lei 14.133\/21.","fornecedor":"CONFEDERA\u00c7\u00c3O NACIONAL DE MUNICIPIOS - CNM","denom_uni_orc":"CORPO DELIBERATIVO E SECRETARIA","funcao":"Legislativa","sub_funcao":"A\u00e7\u00e3o Legislativa","programa":"A\u00c7\u00c3O LEGISLATIVA","acao":"MANUTEN\u00c7\u00c3O DAS ATIVIDADES ADMINISTRATIVAS","ident_acao":"Atividade","cat_econ":"Despesa Corrente","natureza_despesa":"Outras Despesas Correntes","modalidade_despesa":"Aplica\u00e7\u00f5es Diretas","elemento_despesa":"Outros Servi\u00e7os de Terceiros - Pessoa Jur\u00eddica","sub_elem_desp":"SEM SUBELEMENTO","fonte_recurso":"Recursos do Exerc\u00edcio Corrente \/ Outros Recursos n\u00e3o Vinculados \/ -"},{"ano_emissao_emp":"2023","n_emp":"0000523","data_emissao":"28\/12\/2023","valor":"450,00","tipo_empenho":"Ordin\u00e1rio","hist_emp":"Custeio com inscricao para a participacao do vereador desta Casa de Leis, o senhor Jose Vando Bruna, na XXV Marcha a Brasilia em Defesa dos Municipios, que sera realizada entre os dias 20 e 23 de maio de 2024 em Brasilis. Dispensa de licitacao mediante valor, artigo 75, inciso 2\u00ba da Lei 14.133\/21.","fornecedor":"CONFEDERA\u00c7\u00c3O NACIONAL DE MUNICIPIOS - CNM","denom_uni_orc":"CORPO DELIBERATIVO E SECRETARIA","funcao":"Legislativa","sub_funcao":"A\u00e7\u00e3o Legislativa","programa":"A\u00c7\u00c3O LEGISLATIVA","acao":"INDENIZA\u00c7\u00d5ES E RESTITUI\u00c7\u00d5ES DIVERSAS (FMS)","ident_acao":"Atividade","cat_econ":"Despesa Corrente","natureza_despesa":"Outras Despesas Correntes","modalidade_despesa":"Aplica\u00e7\u00f5es Diretas","elemento_despesa":"Outros Servi\u00e7os de Terceiros - Pessoa Jur\u00eddica","sub_elem_desp":"SEM SUBELEMENTO","fonte_recurso":"Recursos do Exerc\u00edcio Corrente \/ Outros Recursos n\u00e3o Vinculados \/ -"},{"ano_emissao_emp":"2023","n_emp":"0000524","data_emissao":"28\/12\/2023","valor":"4.000,00","tipo_empenho":"Ordin\u00e1rio","hist_emp":"Custeio com contratacao de servico para cobertura audiovisual da comemoracao dos 70 anos de emancipacao politica deste municipio, em conformidade com o requerimento n\u00ba 413\/2023, de 05 de maio do ano corrente, do Excelentissimo vereador Nailson Ramos da Silva. Dispensa de licitacao em razao do valor, artigo 75, inciso 2\u00ba da Lei 14.133\/21.","fornecedor":"JOSE ROBERTO FERREIRA DA SILVA 04317853418","denom_uni_orc":"CORPO DELIBERATIVO E SECRETARIA","funcao":"Legislativa","sub_funcao":"A\u00e7\u00e3o Legislativa","programa":"A\u00c7\u00c3O LEGISLATIVA","acao":"AQUISI\u00c7\u00c3O DE M\u00d3VEIS, M\u00c1QUINAS E EQUIPAMENTOS DIVERSOS PARA O CONSELHO","ident_acao":"Atividade","cat_econ":"Despesa Corrente","natureza_despesa":"Outras Despesas Correntes","modalidade_despesa":"Aplica\u00e7\u00f5es Diretas","elemento_despesa":"Outros Servi\u00e7os de Terceiros - Pessoa Jur\u00eddica","sub_elem_desp":"SEM SUBELEMENTO","fonte_recurso":"Recursos do Exerc\u00edcio Corrente \/ Outros Recursos n\u00e3o Vinculados \/ -"},{"ano_emissao_emp":"2023","n_emp":"0000524","data_emissao":"28\/12\/2023","valor":"4.000,00","tipo_empenho":"Ordin\u00e1rio","hist_emp":"Custeio com contratacao de servico para cobertura audiovisual da comemoracao dos 70 anos de emancipacao politica deste municipio, em conformidade com o requerimento n\u00ba 413\/2023, de 05 de maio do ano corrente, do Excelentissimo vereador Nailson Ramos da Silva. Dispensa de licitacao em razao do valor, artigo 75, inciso 2\u00ba da Lei 14.133\/21.","fornecedor":"JOSE ROBERTO FERREIRA DA SILVA 04317853418","denom_uni_orc":"CORPO DELIBERATIVO E SECRETARIA","funcao":"Legislativa","sub_funcao":"A\u00e7\u00e3o Legislativa","programa":"A\u00c7\u00c3O LEGISLATIVA","acao":"MANUTEN\u00c7\u00c3O DAS ATIVIDADES ADMINISTRATIVAS","ident_acao":"Atividade","cat_econ":"Despesa Corrente","natureza_despesa":"Outras Despesas Correntes","modalidade_despesa":"Aplica\u00e7\u00f5es Diretas","elemento_despesa":"Outros Servi\u00e7os de Terceiros - Pessoa Jur\u00eddica","sub_elem_desp":"SEM SUBELEMENTO","fonte_recurso":"Recursos do Exerc\u00edcio Corrente \/ Outros Recursos n\u00e3o Vinculados \/ -"},{"ano_emissao_emp":"2023","n_emp":"0000524","data_emissao":"28\/12\/2023","valor":"4.000,00","tipo_empenho":"Ordin\u00e1rio","hist_emp":"Custeio com contratacao de servico para cobertura audiovisual da comemoracao dos 70 anos de emancipacao politica deste municipio, em conformidade com o requerimento n\u00ba 413\/2023, de 05 de maio do ano corrente, do Excelentissimo vereador Nailson Ramos da Silva. Dispensa de licitacao em razao do valor, artigo 75, inciso 2\u00ba da Lei 14.133\/21.","fornecedor":"JOSE ROBERTO FERREIRA DA SILVA 04317853418","denom_uni_orc":"CORPO DELIBERATIVO E SECRETARIA","funcao":"Legislativa","sub_funcao":"A\u00e7\u00e3o Legislativa","programa":"A\u00c7\u00c3O LEGISLATIVA","acao":"INDENIZA\u00c7\u00d5ES E RESTITUI\u00c7\u00d5ES DIVERSAS (FMS)","ident_acao":"Atividade","cat_econ":"Despesa Corrente","natureza_despesa":"Outras Despesas Correntes","modalidade_despesa":"Aplica\u00e7\u00f5es Diretas","elemento_despesa":"Outros Servi\u00e7os de Terceiros - Pessoa Jur\u00eddica","sub_elem_desp":"SEM SUBELEMENTO","fonte_recurso":"Recursos do Exerc\u00edcio Corrente \/ Outros Recursos n\u00e3o Vinculados \/ -"}]